{"id":5735,"date":"2023-08-02T15:18:47","date_gmt":"2023-08-02T13:18:47","guid":{"rendered":"https:\/\/www.fcgueugnon.fr\/site\/?p=5735"},"modified":"2023-10-23T09:32:46","modified_gmt":"2023-10-23T07:32:46","slug":"sport-e-leclerc-academie-le-premier-entrainement-des-u14-u15-regionaux-en-photos-2","status":"publish","type":"post","link":"https:\/\/www.fcgueugnon.fr\/site\/sport-e-leclerc-academie-le-premier-entrainement-des-u14-u15-regionaux-en-photos-2\/5735","title":{"rendered":"[Sport E.Leclerc Acad\u00e9mie] Le premier entra\u00eenement des U14-U15 R\u00e9gionaux en photos"},"content":{"rendered":"\n<h3 class=\"wp-block-heading\"><strong>Ce mercredi 2 Ao\u00fbt, les groupes U14 R1 et U15 R1 ont particip\u00e9 \u00e0 leur premi\u00e8re s\u00e9ance d&rsquo;entra\u00eenement sous la direction de Gabriel Rousseau.<\/strong><\/h3>\n\n\n\n<div style=\"height:30px\" aria-hidden=\"true\" class=\"wp-block-spacer\"><\/div>\n\n\n\n<h3 class=\"wp-block-heading has-text-align-center\"><strong>U14 &amp; U15 R\u00e9gional 1<\/strong><\/h3>\n\n\n\n<figure class=\"wp-block-coblocks-gallery-masonry masonry-grid has-lightbox has-medium-gutter\">\n<figure class=\"wp-block-image size-large\"><a href=\"https:\/\/www.fcgueugnon.fr\/site\/wp-content\/uploads\/2023\/08\/U14-U15-22.png\"><img loading=\"lazy\" decoding=\"async\" width=\"1772\" height=\"1181\" src=\"https:\/\/www.fcgueugnon.fr\/site\/wp-content\/uploads\/2023\/08\/U14-U15-22.png\" alt=\"Image gallery image\" class=\"wp-image-5736\" srcset=\"https:\/\/www.fcgueugnon.fr\/site\/wp-content\/uploads\/2023\/08\/U14-U15-22.png 1772w, https:\/\/www.fcgueugnon.fr\/site\/wp-content\/uploads\/2023\/08\/U14-U15-22-400x267.png 400w, https:\/\/www.fcgueugnon.fr\/site\/wp-content\/uploads\/2023\/08\/U14-U15-22-1024x682.png 1024w, https:\/\/www.fcgueugnon.fr\/site\/wp-content\/uploads\/2023\/08\/U14-U15-22-768x512.png 768w, https:\/\/www.fcgueugnon.fr\/site\/wp-content\/uploads\/2023\/08\/U14-U15-22-1536x1024.png 1536w, https:\/\/www.fcgueugnon.fr\/site\/wp-content\/uploads\/2023\/08\/U14-U15-22-1320x880.png 1320w, https:\/\/www.fcgueugnon.fr\/site\/wp-content\/uploads\/2023\/08\/U14-U15-22-600x400.png 600w\" sizes=\"auto, (max-width: 1772px) 100vw, 1772px\" \/><\/a><\/figure>\n\n\n\n<figure class=\"wp-block-image size-large\"><a href=\"https:\/\/www.fcgueugnon.fr\/site\/wp-content\/uploads\/2023\/08\/U14-U15-21.png\"><img loading=\"lazy\" decoding=\"async\" width=\"1772\" height=\"1181\" src=\"https:\/\/www.fcgueugnon.fr\/site\/wp-content\/uploads\/2023\/08\/U14-U15-21.png\" alt=\"Image gallery image\" class=\"wp-image-5737\" srcset=\"https:\/\/www.fcgueugnon.fr\/site\/wp-content\/uploads\/2023\/08\/U14-U15-21.png 1772w, https:\/\/www.fcgueugnon.fr\/site\/wp-content\/uploads\/2023\/08\/U14-U15-21-400x267.png 400w, https:\/\/www.fcgueugnon.fr\/site\/wp-content\/uploads\/2023\/08\/U14-U15-21-1024x682.png 1024w, https:\/\/www.fcgueugnon.fr\/site\/wp-content\/uploads\/2023\/08\/U14-U15-21-768x512.png 768w, https:\/\/www.fcgueugnon.fr\/site\/wp-content\/uploads\/2023\/08\/U14-U15-21-1536x1024.png 1536w, https:\/\/www.fcgueugnon.fr\/site\/wp-content\/uploads\/2023\/08\/U14-U15-21-1320x880.png 1320w, https:\/\/www.fcgueugnon.fr\/site\/wp-content\/uploads\/2023\/08\/U14-U15-21-600x400.png 600w\" sizes=\"auto, (max-width: 1772px) 100vw, 1772px\" \/><\/a><\/figure>\n\n\n\n<figure class=\"wp-block-image size-large\"><a href=\"https:\/\/www.fcgueugnon.fr\/site\/wp-content\/uploads\/2023\/08\/U14-U15-20.png\"><img loading=\"lazy\" decoding=\"async\" width=\"1772\" height=\"1181\" src=\"https:\/\/www.fcgueugnon.fr\/site\/wp-content\/uploads\/2023\/08\/U14-U15-20.png\" alt=\"Image gallery image\" class=\"wp-image-5738\" srcset=\"https:\/\/www.fcgueugnon.fr\/site\/wp-content\/uploads\/2023\/08\/U14-U15-20.png 1772w, https:\/\/www.fcgueugnon.fr\/site\/wp-content\/uploads\/2023\/08\/U14-U15-20-400x267.png 400w, https:\/\/www.fcgueugnon.fr\/site\/wp-content\/uploads\/2023\/08\/U14-U15-20-1024x682.png 1024w, https:\/\/www.fcgueugnon.fr\/site\/wp-content\/uploads\/2023\/08\/U14-U15-20-768x512.png 768w, https:\/\/www.fcgueugnon.fr\/site\/wp-content\/uploads\/2023\/08\/U14-U15-20-1536x1024.png 1536w, https:\/\/www.fcgueugnon.fr\/site\/wp-content\/uploads\/2023\/08\/U14-U15-20-1320x880.png 1320w, https:\/\/www.fcgueugnon.fr\/site\/wp-content\/uploads\/2023\/08\/U14-U15-20-600x400.png 600w\" sizes=\"auto, (max-width: 1772px) 100vw, 1772px\" \/><\/a><\/figure>\n\n\n\n<figure class=\"wp-block-image size-large\"><a href=\"https:\/\/www.fcgueugnon.fr\/site\/wp-content\/uploads\/2023\/08\/U14-U15-19.png\"><img loading=\"lazy\" decoding=\"async\" width=\"1772\" height=\"1181\" src=\"https:\/\/www.fcgueugnon.fr\/site\/wp-content\/uploads\/2023\/08\/U14-U15-19.png\" alt=\"Image gallery image\" class=\"wp-image-5739\" srcset=\"https:\/\/www.fcgueugnon.fr\/site\/wp-content\/uploads\/2023\/08\/U14-U15-19.png 1772w, https:\/\/www.fcgueugnon.fr\/site\/wp-content\/uploads\/2023\/08\/U14-U15-19-400x267.png 400w, https:\/\/www.fcgueugnon.fr\/site\/wp-content\/uploads\/2023\/08\/U14-U15-19-1024x682.png 1024w, https:\/\/www.fcgueugnon.fr\/site\/wp-content\/uploads\/2023\/08\/U14-U15-19-768x512.png 768w, https:\/\/www.fcgueugnon.fr\/site\/wp-content\/uploads\/2023\/08\/U14-U15-19-1536x1024.png 1536w, https:\/\/www.fcgueugnon.fr\/site\/wp-content\/uploads\/2023\/08\/U14-U15-19-1320x880.png 1320w, https:\/\/www.fcgueugnon.fr\/site\/wp-content\/uploads\/2023\/08\/U14-U15-19-600x400.png 600w\" sizes=\"auto, (max-width: 1772px) 100vw, 1772px\" \/><\/a><\/figure>\n\n\n\n<figure class=\"wp-block-image size-large\"><a href=\"https:\/\/www.fcgueugnon.fr\/site\/wp-content\/uploads\/2023\/08\/U14-U15-18.png\"><img loading=\"lazy\" decoding=\"async\" width=\"1772\" height=\"1181\" src=\"https:\/\/www.fcgueugnon.fr\/site\/wp-content\/uploads\/2023\/08\/U14-U15-18.png\" alt=\"Image gallery image\" class=\"wp-image-5740\" srcset=\"https:\/\/www.fcgueugnon.fr\/site\/wp-content\/uploads\/2023\/08\/U14-U15-18.png 1772w, https:\/\/www.fcgueugnon.fr\/site\/wp-content\/uploads\/2023\/08\/U14-U15-18-400x267.png 400w, https:\/\/www.fcgueugnon.fr\/site\/wp-content\/uploads\/2023\/08\/U14-U15-18-1024x682.png 1024w, https:\/\/www.fcgueugnon.fr\/site\/wp-content\/uploads\/2023\/08\/U14-U15-18-768x512.png 768w, https:\/\/www.fcgueugnon.fr\/site\/wp-content\/uploads\/2023\/08\/U14-U15-18-1536x1024.png 1536w, https:\/\/www.fcgueugnon.fr\/site\/wp-content\/uploads\/2023\/08\/U14-U15-18-1320x880.png 1320w, https:\/\/www.fcgueugnon.fr\/site\/wp-content\/uploads\/2023\/08\/U14-U15-18-600x400.png 600w\" sizes=\"auto, (max-width: 1772px) 100vw, 1772px\" \/><\/a><\/figure>\n\n\n\n<figure class=\"wp-block-image size-large\"><a href=\"https:\/\/www.fcgueugnon.fr\/site\/wp-content\/uploads\/2023\/08\/U14-U15-17.png\"><img loading=\"lazy\" decoding=\"async\" width=\"1772\" height=\"1181\" src=\"https:\/\/www.fcgueugnon.fr\/site\/wp-content\/uploads\/2023\/08\/U14-U15-17.png\" alt=\"Image gallery image\" class=\"wp-image-5741\" srcset=\"https:\/\/www.fcgueugnon.fr\/site\/wp-content\/uploads\/2023\/08\/U14-U15-17.png 1772w, https:\/\/www.fcgueugnon.fr\/site\/wp-content\/uploads\/2023\/08\/U14-U15-17-400x267.png 400w, https:\/\/www.fcgueugnon.fr\/site\/wp-content\/uploads\/2023\/08\/U14-U15-17-1024x682.png 1024w, https:\/\/www.fcgueugnon.fr\/site\/wp-content\/uploads\/2023\/08\/U14-U15-17-768x512.png 768w, https:\/\/www.fcgueugnon.fr\/site\/wp-content\/uploads\/2023\/08\/U14-U15-17-1536x1024.png 1536w, https:\/\/www.fcgueugnon.fr\/site\/wp-content\/uploads\/2023\/08\/U14-U15-17-1320x880.png 1320w, https:\/\/www.fcgueugnon.fr\/site\/wp-content\/uploads\/2023\/08\/U14-U15-17-600x400.png 600w\" sizes=\"auto, (max-width: 1772px) 100vw, 1772px\" \/><\/a><\/figure>\n\n\n\n<figure class=\"wp-block-image size-large\"><a href=\"https:\/\/www.fcgueugnon.fr\/site\/wp-content\/uploads\/2023\/08\/U14-U15-16.png\"><img loading=\"lazy\" decoding=\"async\" width=\"1772\" height=\"1181\" src=\"https:\/\/www.fcgueugnon.fr\/site\/wp-content\/uploads\/2023\/08\/U14-U15-16.png\" alt=\"Image gallery image\" class=\"wp-image-5742\" srcset=\"https:\/\/www.fcgueugnon.fr\/site\/wp-content\/uploads\/2023\/08\/U14-U15-16.png 1772w, https:\/\/www.fcgueugnon.fr\/site\/wp-content\/uploads\/2023\/08\/U14-U15-16-400x267.png 400w, https:\/\/www.fcgueugnon.fr\/site\/wp-content\/uploads\/2023\/08\/U14-U15-16-1024x682.png 1024w, https:\/\/www.fcgueugnon.fr\/site\/wp-content\/uploads\/2023\/08\/U14-U15-16-768x512.png 768w, https:\/\/www.fcgueugnon.fr\/site\/wp-content\/uploads\/2023\/08\/U14-U15-16-1536x1024.png 1536w, https:\/\/www.fcgueugnon.fr\/site\/wp-content\/uploads\/2023\/08\/U14-U15-16-1320x880.png 1320w, https:\/\/www.fcgueugnon.fr\/site\/wp-content\/uploads\/2023\/08\/U14-U15-16-600x400.png 600w\" sizes=\"auto, (max-width: 1772px) 100vw, 1772px\" \/><\/a><\/figure>\n\n\n\n<figure class=\"wp-block-image size-large\"><a href=\"https:\/\/www.fcgueugnon.fr\/site\/wp-content\/uploads\/2023\/08\/U14-U15-15.png\"><img loading=\"lazy\" decoding=\"async\" width=\"1772\" height=\"1181\" src=\"https:\/\/www.fcgueugnon.fr\/site\/wp-content\/uploads\/2023\/08\/U14-U15-15.png\" alt=\"Image gallery image\" class=\"wp-image-5743\" srcset=\"https:\/\/www.fcgueugnon.fr\/site\/wp-content\/uploads\/2023\/08\/U14-U15-15.png 1772w, https:\/\/www.fcgueugnon.fr\/site\/wp-content\/uploads\/2023\/08\/U14-U15-15-400x267.png 400w, https:\/\/www.fcgueugnon.fr\/site\/wp-content\/uploads\/2023\/08\/U14-U15-15-1024x682.png 1024w, https:\/\/www.fcgueugnon.fr\/site\/wp-content\/uploads\/2023\/08\/U14-U15-15-768x512.png 768w, https:\/\/www.fcgueugnon.fr\/site\/wp-content\/uploads\/2023\/08\/U14-U15-15-1536x1024.png 1536w, https:\/\/www.fcgueugnon.fr\/site\/wp-content\/uploads\/2023\/08\/U14-U15-15-1320x880.png 1320w, https:\/\/www.fcgueugnon.fr\/site\/wp-content\/uploads\/2023\/08\/U14-U15-15-600x400.png 600w\" sizes=\"auto, (max-width: 1772px) 100vw, 1772px\" \/><\/a><\/figure>\n\n\n\n<figure class=\"wp-block-image size-large\"><a href=\"https:\/\/www.fcgueugnon.fr\/site\/wp-content\/uploads\/2023\/08\/U14-U15-14.png\"><img loading=\"lazy\" decoding=\"async\" width=\"1772\" height=\"1181\" src=\"https:\/\/www.fcgueugnon.fr\/site\/wp-content\/uploads\/2023\/08\/U14-U15-14.png\" alt=\"Image gallery image\" class=\"wp-image-5744\" srcset=\"https:\/\/www.fcgueugnon.fr\/site\/wp-content\/uploads\/2023\/08\/U14-U15-14.png 1772w, https:\/\/www.fcgueugnon.fr\/site\/wp-content\/uploads\/2023\/08\/U14-U15-14-400x267.png 400w, https:\/\/www.fcgueugnon.fr\/site\/wp-content\/uploads\/2023\/08\/U14-U15-14-1024x682.png 1024w, https:\/\/www.fcgueugnon.fr\/site\/wp-content\/uploads\/2023\/08\/U14-U15-14-768x512.png 768w, https:\/\/www.fcgueugnon.fr\/site\/wp-content\/uploads\/2023\/08\/U14-U15-14-1536x1024.png 1536w, https:\/\/www.fcgueugnon.fr\/site\/wp-content\/uploads\/2023\/08\/U14-U15-14-1320x880.png 1320w, https:\/\/www.fcgueugnon.fr\/site\/wp-content\/uploads\/2023\/08\/U14-U15-14-600x400.png 600w\" sizes=\"auto, (max-width: 1772px) 100vw, 1772px\" \/><\/a><\/figure>\n\n\n\n<figure class=\"wp-block-image size-large\"><a href=\"https:\/\/www.fcgueugnon.fr\/site\/wp-content\/uploads\/2023\/08\/U14-U15-13.png\"><img loading=\"lazy\" decoding=\"async\" width=\"1772\" height=\"1181\" src=\"https:\/\/www.fcgueugnon.fr\/site\/wp-content\/uploads\/2023\/08\/U14-U15-13.png\" alt=\"Image gallery image\" class=\"wp-image-5745\" srcset=\"https:\/\/www.fcgueugnon.fr\/site\/wp-content\/uploads\/2023\/08\/U14-U15-13.png 1772w, https:\/\/www.fcgueugnon.fr\/site\/wp-content\/uploads\/2023\/08\/U14-U15-13-400x267.png 400w, https:\/\/www.fcgueugnon.fr\/site\/wp-content\/uploads\/2023\/08\/U14-U15-13-1024x682.png 1024w, https:\/\/www.fcgueugnon.fr\/site\/wp-content\/uploads\/2023\/08\/U14-U15-13-768x512.png 768w, https:\/\/www.fcgueugnon.fr\/site\/wp-content\/uploads\/2023\/08\/U14-U15-13-1536x1024.png 1536w, https:\/\/www.fcgueugnon.fr\/site\/wp-content\/uploads\/2023\/08\/U14-U15-13-1320x880.png 1320w, https:\/\/www.fcgueugnon.fr\/site\/wp-content\/uploads\/2023\/08\/U14-U15-13-600x400.png 600w\" sizes=\"auto, (max-width: 1772px) 100vw, 1772px\" \/><\/a><\/figure>\n\n\n\n<figure class=\"wp-block-image size-large\"><a href=\"https:\/\/www.fcgueugnon.fr\/site\/wp-content\/uploads\/2023\/08\/U14-U15-12.png\"><img loading=\"lazy\" decoding=\"async\" width=\"1772\" height=\"1181\" src=\"https:\/\/www.fcgueugnon.fr\/site\/wp-content\/uploads\/2023\/08\/U14-U15-12.png\" alt=\"Image gallery image\" class=\"wp-image-5746\" srcset=\"https:\/\/www.fcgueugnon.fr\/site\/wp-content\/uploads\/2023\/08\/U14-U15-12.png 1772w, https:\/\/www.fcgueugnon.fr\/site\/wp-content\/uploads\/2023\/08\/U14-U15-12-400x267.png 400w, https:\/\/www.fcgueugnon.fr\/site\/wp-content\/uploads\/2023\/08\/U14-U15-12-1024x682.png 1024w, https:\/\/www.fcgueugnon.fr\/site\/wp-content\/uploads\/2023\/08\/U14-U15-12-768x512.png 768w, https:\/\/www.fcgueugnon.fr\/site\/wp-content\/uploads\/2023\/08\/U14-U15-12-1536x1024.png 1536w, https:\/\/www.fcgueugnon.fr\/site\/wp-content\/uploads\/2023\/08\/U14-U15-12-1320x880.png 1320w, https:\/\/www.fcgueugnon.fr\/site\/wp-content\/uploads\/2023\/08\/U14-U15-12-600x400.png 600w\" sizes=\"auto, (max-width: 1772px) 100vw, 1772px\" \/><\/a><\/figure>\n\n\n\n<figure class=\"wp-block-image size-large\"><a href=\"https:\/\/www.fcgueugnon.fr\/site\/wp-content\/uploads\/2023\/08\/U14-U15-11.png\"><img loading=\"lazy\" decoding=\"async\" width=\"1772\" height=\"1181\" src=\"https:\/\/www.fcgueugnon.fr\/site\/wp-content\/uploads\/2023\/08\/U14-U15-11.png\" alt=\"Image gallery image\" class=\"wp-image-5747\" srcset=\"https:\/\/www.fcgueugnon.fr\/site\/wp-content\/uploads\/2023\/08\/U14-U15-11.png 1772w, https:\/\/www.fcgueugnon.fr\/site\/wp-content\/uploads\/2023\/08\/U14-U15-11-400x267.png 400w, https:\/\/www.fcgueugnon.fr\/site\/wp-content\/uploads\/2023\/08\/U14-U15-11-1024x682.png 1024w, https:\/\/www.fcgueugnon.fr\/site\/wp-content\/uploads\/2023\/08\/U14-U15-11-768x512.png 768w, https:\/\/www.fcgueugnon.fr\/site\/wp-content\/uploads\/2023\/08\/U14-U15-11-1536x1024.png 1536w, https:\/\/www.fcgueugnon.fr\/site\/wp-content\/uploads\/2023\/08\/U14-U15-11-1320x880.png 1320w, https:\/\/www.fcgueugnon.fr\/site\/wp-content\/uploads\/2023\/08\/U14-U15-11-600x400.png 600w\" sizes=\"auto, (max-width: 1772px) 100vw, 1772px\" \/><\/a><\/figure>\n\n\n\n<figure class=\"wp-block-image size-large\"><a href=\"https:\/\/www.fcgueugnon.fr\/site\/wp-content\/uploads\/2023\/08\/U14-U15-10.png\"><img loading=\"lazy\" decoding=\"async\" width=\"1772\" height=\"1181\" src=\"https:\/\/www.fcgueugnon.fr\/site\/wp-content\/uploads\/2023\/08\/U14-U15-10.png\" alt=\"Image gallery image\" class=\"wp-image-5748\" srcset=\"https:\/\/www.fcgueugnon.fr\/site\/wp-content\/uploads\/2023\/08\/U14-U15-10.png 1772w, https:\/\/www.fcgueugnon.fr\/site\/wp-content\/uploads\/2023\/08\/U14-U15-10-400x267.png 400w, https:\/\/www.fcgueugnon.fr\/site\/wp-content\/uploads\/2023\/08\/U14-U15-10-1024x682.png 1024w, https:\/\/www.fcgueugnon.fr\/site\/wp-content\/uploads\/2023\/08\/U14-U15-10-768x512.png 768w, https:\/\/www.fcgueugnon.fr\/site\/wp-content\/uploads\/2023\/08\/U14-U15-10-1536x1024.png 1536w, https:\/\/www.fcgueugnon.fr\/site\/wp-content\/uploads\/2023\/08\/U14-U15-10-1320x880.png 1320w, https:\/\/www.fcgueugnon.fr\/site\/wp-content\/uploads\/2023\/08\/U14-U15-10-600x400.png 600w\" sizes=\"auto, (max-width: 1772px) 100vw, 1772px\" \/><\/a><\/figure>\n\n\n\n<figure class=\"wp-block-image size-large\"><a href=\"https:\/\/www.fcgueugnon.fr\/site\/wp-content\/uploads\/2023\/08\/U14-U15-9.png\"><img loading=\"lazy\" decoding=\"async\" width=\"1772\" height=\"1181\" src=\"https:\/\/www.fcgueugnon.fr\/site\/wp-content\/uploads\/2023\/08\/U14-U15-9.png\" alt=\"Image gallery image\" class=\"wp-image-5749\" srcset=\"https:\/\/www.fcgueugnon.fr\/site\/wp-content\/uploads\/2023\/08\/U14-U15-9.png 1772w, https:\/\/www.fcgueugnon.fr\/site\/wp-content\/uploads\/2023\/08\/U14-U15-9-400x267.png 400w, https:\/\/www.fcgueugnon.fr\/site\/wp-content\/uploads\/2023\/08\/U14-U15-9-1024x682.png 1024w, https:\/\/www.fcgueugnon.fr\/site\/wp-content\/uploads\/2023\/08\/U14-U15-9-768x512.png 768w, https:\/\/www.fcgueugnon.fr\/site\/wp-content\/uploads\/2023\/08\/U14-U15-9-1536x1024.png 1536w, https:\/\/www.fcgueugnon.fr\/site\/wp-content\/uploads\/2023\/08\/U14-U15-9-1320x880.png 1320w, https:\/\/www.fcgueugnon.fr\/site\/wp-content\/uploads\/2023\/08\/U14-U15-9-600x400.png 600w\" sizes=\"auto, (max-width: 1772px) 100vw, 1772px\" \/><\/a><\/figure>\n\n\n\n<figure class=\"wp-block-image size-large\"><a href=\"https:\/\/www.fcgueugnon.fr\/site\/wp-content\/uploads\/2023\/08\/U14-U15-8.png\"><img loading=\"lazy\" decoding=\"async\" width=\"1772\" height=\"1181\" src=\"https:\/\/www.fcgueugnon.fr\/site\/wp-content\/uploads\/2023\/08\/U14-U15-8.png\" alt=\"Image gallery image\" class=\"wp-image-5750\" srcset=\"https:\/\/www.fcgueugnon.fr\/site\/wp-content\/uploads\/2023\/08\/U14-U15-8.png 1772w, https:\/\/www.fcgueugnon.fr\/site\/wp-content\/uploads\/2023\/08\/U14-U15-8-400x267.png 400w, https:\/\/www.fcgueugnon.fr\/site\/wp-content\/uploads\/2023\/08\/U14-U15-8-1024x682.png 1024w, https:\/\/www.fcgueugnon.fr\/site\/wp-content\/uploads\/2023\/08\/U14-U15-8-768x512.png 768w, https:\/\/www.fcgueugnon.fr\/site\/wp-content\/uploads\/2023\/08\/U14-U15-8-1536x1024.png 1536w, https:\/\/www.fcgueugnon.fr\/site\/wp-content\/uploads\/2023\/08\/U14-U15-8-1320x880.png 1320w, https:\/\/www.fcgueugnon.fr\/site\/wp-content\/uploads\/2023\/08\/U14-U15-8-600x400.png 600w\" sizes=\"auto, (max-width: 1772px) 100vw, 1772px\" \/><\/a><\/figure>\n\n\n\n<figure class=\"wp-block-image size-large\"><a href=\"https:\/\/www.fcgueugnon.fr\/site\/wp-content\/uploads\/2023\/08\/U14-U15-7.png\"><img loading=\"lazy\" decoding=\"async\" width=\"1772\" height=\"1181\" src=\"https:\/\/www.fcgueugnon.fr\/site\/wp-content\/uploads\/2023\/08\/U14-U15-7.png\" alt=\"Image gallery image\" class=\"wp-image-5751\" srcset=\"https:\/\/www.fcgueugnon.fr\/site\/wp-content\/uploads\/2023\/08\/U14-U15-7.png 1772w, https:\/\/www.fcgueugnon.fr\/site\/wp-content\/uploads\/2023\/08\/U14-U15-7-400x267.png 400w, https:\/\/www.fcgueugnon.fr\/site\/wp-content\/uploads\/2023\/08\/U14-U15-7-1024x682.png 1024w, https:\/\/www.fcgueugnon.fr\/site\/wp-content\/uploads\/2023\/08\/U14-U15-7-768x512.png 768w, https:\/\/www.fcgueugnon.fr\/site\/wp-content\/uploads\/2023\/08\/U14-U15-7-1536x1024.png 1536w, https:\/\/www.fcgueugnon.fr\/site\/wp-content\/uploads\/2023\/08\/U14-U15-7-1320x880.png 1320w, https:\/\/www.fcgueugnon.fr\/site\/wp-content\/uploads\/2023\/08\/U14-U15-7-600x400.png 600w\" sizes=\"auto, (max-width: 1772px) 100vw, 1772px\" \/><\/a><\/figure>\n\n\n\n<figure class=\"wp-block-image size-large\"><a href=\"https:\/\/www.fcgueugnon.fr\/site\/wp-content\/uploads\/2023\/08\/U14-U15-6.png\"><img loading=\"lazy\" decoding=\"async\" width=\"1772\" height=\"1181\" src=\"https:\/\/www.fcgueugnon.fr\/site\/wp-content\/uploads\/2023\/08\/U14-U15-6.png\" alt=\"Image gallery image\" class=\"wp-image-5752\" srcset=\"https:\/\/www.fcgueugnon.fr\/site\/wp-content\/uploads\/2023\/08\/U14-U15-6.png 1772w, https:\/\/www.fcgueugnon.fr\/site\/wp-content\/uploads\/2023\/08\/U14-U15-6-400x267.png 400w, https:\/\/www.fcgueugnon.fr\/site\/wp-content\/uploads\/2023\/08\/U14-U15-6-1024x682.png 1024w, https:\/\/www.fcgueugnon.fr\/site\/wp-content\/uploads\/2023\/08\/U14-U15-6-768x512.png 768w, https:\/\/www.fcgueugnon.fr\/site\/wp-content\/uploads\/2023\/08\/U14-U15-6-1536x1024.png 1536w, https:\/\/www.fcgueugnon.fr\/site\/wp-content\/uploads\/2023\/08\/U14-U15-6-1320x880.png 1320w, https:\/\/www.fcgueugnon.fr\/site\/wp-content\/uploads\/2023\/08\/U14-U15-6-600x400.png 600w\" sizes=\"auto, (max-width: 1772px) 100vw, 1772px\" \/><\/a><\/figure>\n\n\n\n<figure class=\"wp-block-image size-large\"><a href=\"https:\/\/www.fcgueugnon.fr\/site\/wp-content\/uploads\/2023\/08\/U14-U15-5.png\"><img loading=\"lazy\" decoding=\"async\" width=\"1772\" height=\"1181\" src=\"https:\/\/www.fcgueugnon.fr\/site\/wp-content\/uploads\/2023\/08\/U14-U15-5.png\" alt=\"Image gallery image\" class=\"wp-image-5753\" srcset=\"https:\/\/www.fcgueugnon.fr\/site\/wp-content\/uploads\/2023\/08\/U14-U15-5.png 1772w, https:\/\/www.fcgueugnon.fr\/site\/wp-content\/uploads\/2023\/08\/U14-U15-5-400x267.png 400w, https:\/\/www.fcgueugnon.fr\/site\/wp-content\/uploads\/2023\/08\/U14-U15-5-1024x682.png 1024w, https:\/\/www.fcgueugnon.fr\/site\/wp-content\/uploads\/2023\/08\/U14-U15-5-768x512.png 768w, https:\/\/www.fcgueugnon.fr\/site\/wp-content\/uploads\/2023\/08\/U14-U15-5-1536x1024.png 1536w, https:\/\/www.fcgueugnon.fr\/site\/wp-content\/uploads\/2023\/08\/U14-U15-5-1320x880.png 1320w, https:\/\/www.fcgueugnon.fr\/site\/wp-content\/uploads\/2023\/08\/U14-U15-5-600x400.png 600w\" sizes=\"auto, (max-width: 1772px) 100vw, 1772px\" \/><\/a><\/figure>\n\n\n\n<figure class=\"wp-block-image size-large\"><a href=\"https:\/\/www.fcgueugnon.fr\/site\/wp-content\/uploads\/2023\/08\/U14-U15-4.png\"><img loading=\"lazy\" decoding=\"async\" width=\"1772\" height=\"1181\" src=\"https:\/\/www.fcgueugnon.fr\/site\/wp-content\/uploads\/2023\/08\/U14-U15-4.png\" alt=\"Image gallery image\" class=\"wp-image-5754\" srcset=\"https:\/\/www.fcgueugnon.fr\/site\/wp-content\/uploads\/2023\/08\/U14-U15-4.png 1772w, https:\/\/www.fcgueugnon.fr\/site\/wp-content\/uploads\/2023\/08\/U14-U15-4-400x267.png 400w, https:\/\/www.fcgueugnon.fr\/site\/wp-content\/uploads\/2023\/08\/U14-U15-4-1024x682.png 1024w, https:\/\/www.fcgueugnon.fr\/site\/wp-content\/uploads\/2023\/08\/U14-U15-4-768x512.png 768w, https:\/\/www.fcgueugnon.fr\/site\/wp-content\/uploads\/2023\/08\/U14-U15-4-1536x1024.png 1536w, https:\/\/www.fcgueugnon.fr\/site\/wp-content\/uploads\/2023\/08\/U14-U15-4-1320x880.png 1320w, https:\/\/www.fcgueugnon.fr\/site\/wp-content\/uploads\/2023\/08\/U14-U15-4-600x400.png 600w\" sizes=\"auto, (max-width: 1772px) 100vw, 1772px\" \/><\/a><\/figure>\n\n\n\n<figure class=\"wp-block-image size-large\"><a href=\"https:\/\/www.fcgueugnon.fr\/site\/wp-content\/uploads\/2023\/08\/U14-U15-3.png\"><img loading=\"lazy\" decoding=\"async\" width=\"1772\" height=\"1181\" src=\"https:\/\/www.fcgueugnon.fr\/site\/wp-content\/uploads\/2023\/08\/U14-U15-3.png\" alt=\"Image gallery image\" class=\"wp-image-5755\" srcset=\"https:\/\/www.fcgueugnon.fr\/site\/wp-content\/uploads\/2023\/08\/U14-U15-3.png 1772w, https:\/\/www.fcgueugnon.fr\/site\/wp-content\/uploads\/2023\/08\/U14-U15-3-400x267.png 400w, https:\/\/www.fcgueugnon.fr\/site\/wp-content\/uploads\/2023\/08\/U14-U15-3-1024x682.png 1024w, https:\/\/www.fcgueugnon.fr\/site\/wp-content\/uploads\/2023\/08\/U14-U15-3-768x512.png 768w, https:\/\/www.fcgueugnon.fr\/site\/wp-content\/uploads\/2023\/08\/U14-U15-3-1536x1024.png 1536w, https:\/\/www.fcgueugnon.fr\/site\/wp-content\/uploads\/2023\/08\/U14-U15-3-1320x880.png 1320w, https:\/\/www.fcgueugnon.fr\/site\/wp-content\/uploads\/2023\/08\/U14-U15-3-600x400.png 600w\" sizes=\"auto, (max-width: 1772px) 100vw, 1772px\" \/><\/a><\/figure>\n\n\n\n<figure class=\"wp-block-image size-large\"><a href=\"https:\/\/www.fcgueugnon.fr\/site\/wp-content\/uploads\/2023\/08\/U14-U15-2.png\"><img loading=\"lazy\" decoding=\"async\" width=\"1772\" height=\"1181\" src=\"https:\/\/www.fcgueugnon.fr\/site\/wp-content\/uploads\/2023\/08\/U14-U15-2.png\" alt=\"Image gallery image\" class=\"wp-image-5756\" srcset=\"https:\/\/www.fcgueugnon.fr\/site\/wp-content\/uploads\/2023\/08\/U14-U15-2.png 1772w, https:\/\/www.fcgueugnon.fr\/site\/wp-content\/uploads\/2023\/08\/U14-U15-2-400x267.png 400w, https:\/\/www.fcgueugnon.fr\/site\/wp-content\/uploads\/2023\/08\/U14-U15-2-1024x682.png 1024w, https:\/\/www.fcgueugnon.fr\/site\/wp-content\/uploads\/2023\/08\/U14-U15-2-768x512.png 768w, https:\/\/www.fcgueugnon.fr\/site\/wp-content\/uploads\/2023\/08\/U14-U15-2-1536x1024.png 1536w, https:\/\/www.fcgueugnon.fr\/site\/wp-content\/uploads\/2023\/08\/U14-U15-2-1320x880.png 1320w, https:\/\/www.fcgueugnon.fr\/site\/wp-content\/uploads\/2023\/08\/U14-U15-2-600x400.png 600w\" sizes=\"auto, (max-width: 1772px) 100vw, 1772px\" \/><\/a><\/figure>\n\n\n\n<figure class=\"wp-block-image size-large\"><a href=\"https:\/\/www.fcgueugnon.fr\/site\/wp-content\/uploads\/2023\/08\/U14-U15-1.png\"><img loading=\"lazy\" decoding=\"async\" width=\"1772\" height=\"1181\" src=\"https:\/\/www.fcgueugnon.fr\/site\/wp-content\/uploads\/2023\/08\/U14-U15-1.png\" alt=\"Image gallery image\" class=\"wp-image-5757\" srcset=\"https:\/\/www.fcgueugnon.fr\/site\/wp-content\/uploads\/2023\/08\/U14-U15-1.png 1772w, https:\/\/www.fcgueugnon.fr\/site\/wp-content\/uploads\/2023\/08\/U14-U15-1-400x267.png 400w, https:\/\/www.fcgueugnon.fr\/site\/wp-content\/uploads\/2023\/08\/U14-U15-1-1024x682.png 1024w, https:\/\/www.fcgueugnon.fr\/site\/wp-content\/uploads\/2023\/08\/U14-U15-1-768x512.png 768w, https:\/\/www.fcgueugnon.fr\/site\/wp-content\/uploads\/2023\/08\/U14-U15-1-1536x1024.png 1536w, https:\/\/www.fcgueugnon.fr\/site\/wp-content\/uploads\/2023\/08\/U14-U15-1-1320x880.png 1320w, https:\/\/www.fcgueugnon.fr\/site\/wp-content\/uploads\/2023\/08\/U14-U15-1-600x400.png 600w\" sizes=\"auto, (max-width: 1772px) 100vw, 1772px\" \/><\/a><\/figure>\n<\/figure>\n","protected":false},"excerpt":{"rendered":"<p>Ce mercredi 2 Ao\u00fbt, les groupes U14 R1 et U15 R1 ont particip\u00e9 \u00e0 leur premi\u00e8re s\u00e9ance d&rsquo;entra\u00eenement sous la direction de Gabriel Rousseau. U14 &amp; U15 R\u00e9gional 1<\/p>\n","protected":false},"author":3,"featured_media":5754,"comment_status":"closed","ping_status":"closed","sticky":false,"template":"","format":"standard","meta":{"footnotes":""},"categories":[4,55],"tags":[14],"class_list":["post-5735","post","type-post","status-publish","format-standard","has-post-thumbnail","hentry","category-news","category-news-2023-2024","tag-sport-e-leclerc-academie-jeunes-formation","infinite-scroll-item","generate-columns","tablet-grid-50","mobile-grid-100","grid-parent","grid-25"],"yoast_head":"<!-- This site is optimized with the Yoast SEO plugin v26.6 - https:\/\/yoast.com\/wordpress\/plugins\/seo\/ -->\n<title>[Sport E.Leclerc Acad\u00e9mie] Le premier entra\u00eenement des U14-U15 R\u00e9gionaux en photos &#8226; FOOTBALL CLUB GUEUGNON<\/title>\n<meta name=\"robots\" content=\"index, follow, max-snippet:-1, max-image-preview:large, max-video-preview:-1\" \/>\n<link rel=\"canonical\" href=\"https:\/\/www.fcgueugnon.fr\/site\/sport-e-leclerc-academie-le-premier-entrainement-des-u14-u15-regionaux-en-photos-2\/5735\" \/>\n<meta property=\"og:locale\" content=\"fr_FR\" \/>\n<meta property=\"og:type\" content=\"article\" \/>\n<meta property=\"og:title\" content=\"[Sport E.Leclerc Acad\u00e9mie] Le premier entra\u00eenement des U14-U15 R\u00e9gionaux en photos &#8226; FOOTBALL CLUB GUEUGNON\" \/>\n<meta property=\"og:description\" content=\"Ce mercredi 2 Ao\u00fbt, les groupes U14 R1 et U15 R1 ont particip\u00e9 \u00e0 leur premi\u00e8re s\u00e9ance d&rsquo;entra\u00eenement sous la direction de Gabriel Rousseau. U14 &amp; U15 R\u00e9gional 1\" \/>\n<meta property=\"og:url\" content=\"https:\/\/www.fcgueugnon.fr\/site\/sport-e-leclerc-academie-le-premier-entrainement-des-u14-u15-regionaux-en-photos-2\/5735\" \/>\n<meta property=\"og:site_name\" content=\"FOOTBALL CLUB GUEUGNON\" \/>\n<meta property=\"article:publisher\" content=\"http:\/\/facebook.com\/FCGueugnon\" \/>\n<meta property=\"article:published_time\" content=\"2023-08-02T13:18:47+00:00\" \/>\n<meta property=\"article:modified_time\" content=\"2023-10-23T07:32:46+00:00\" \/>\n<meta property=\"og:image\" content=\"https:\/\/www.fcgueugnon.fr\/site\/wp-content\/uploads\/2023\/08\/U14-U15-4-1024x682.png\" \/>\n\t<meta property=\"og:image:width\" content=\"1024\" \/>\n\t<meta property=\"og:image:height\" content=\"682\" \/>\n\t<meta property=\"og:image:type\" content=\"image\/png\" \/>\n<meta name=\"author\" content=\"FC Gueugnon\" \/>\n<meta name=\"twitter:card\" content=\"summary_large_image\" \/>\n<meta name=\"twitter:creator\" content=\"@FCGueugnon_off\" \/>\n<meta name=\"twitter:site\" content=\"@FCGueugnon_off\" \/>\n<meta name=\"twitter:label1\" content=\"\u00c9crit par\" \/>\n\t<meta name=\"twitter:data1\" content=\"FC Gueugnon\" \/>\n\t<meta name=\"twitter:label2\" content=\"Dur\u00e9e de lecture estim\u00e9e\" \/>\n\t<meta name=\"twitter:data2\" content=\"5 minutes\" \/>\n<script type=\"application\/ld+json\" class=\"yoast-schema-graph\">{\"@context\":\"https:\/\/schema.org\",\"@graph\":[{\"@type\":\"Article\",\"@id\":\"https:\/\/www.fcgueugnon.fr\/site\/sport-e-leclerc-academie-le-premier-entrainement-des-u14-u15-regionaux-en-photos-2\/5735#article\",\"isPartOf\":{\"@id\":\"https:\/\/www.fcgueugnon.fr\/site\/sport-e-leclerc-academie-le-premier-entrainement-des-u14-u15-regionaux-en-photos-2\/5735\"},\"author\":{\"name\":\"FC Gueugnon\",\"@id\":\"https:\/\/www.fcgueugnon.fr\/site\/#\/schema\/person\/829630bfb5d6f3ebe4d296b75687c01a\"},\"headline\":\"[Sport E.Leclerc Acad\u00e9mie] Le premier entra\u00eenement des U14-U15 R\u00e9gionaux en photos\",\"datePublished\":\"2023-08-02T13:18:47+00:00\",\"dateModified\":\"2023-10-23T07:32:46+00:00\",\"mainEntityOfPage\":{\"@id\":\"https:\/\/www.fcgueugnon.fr\/site\/sport-e-leclerc-academie-le-premier-entrainement-des-u14-u15-regionaux-en-photos-2\/5735\"},\"wordCount\":48,\"publisher\":{\"@id\":\"https:\/\/www.fcgueugnon.fr\/site\/#organization\"},\"image\":{\"@id\":\"https:\/\/www.fcgueugnon.fr\/site\/sport-e-leclerc-academie-le-premier-entrainement-des-u14-u15-regionaux-en-photos-2\/5735#primaryimage\"},\"thumbnailUrl\":\"https:\/\/www.fcgueugnon.fr\/site\/wp-content\/uploads\/2023\/08\/U14-U15-4.png\",\"keywords\":[\"Sport E.Leclerc Acad\u00e9mie : Jeunes \/ Formation\"],\"articleSection\":[\"News\",\"News 2023\/2024\"],\"inLanguage\":\"fr-FR\"},{\"@type\":\"WebPage\",\"@id\":\"https:\/\/www.fcgueugnon.fr\/site\/sport-e-leclerc-academie-le-premier-entrainement-des-u14-u15-regionaux-en-photos-2\/5735\",\"url\":\"https:\/\/www.fcgueugnon.fr\/site\/sport-e-leclerc-academie-le-premier-entrainement-des-u14-u15-regionaux-en-photos-2\/5735\",\"name\":\"[Sport E.Leclerc Acad\u00e9mie] Le premier entra\u00eenement des U14-U15 R\u00e9gionaux en photos &#8226; FOOTBALL CLUB GUEUGNON\",\"isPartOf\":{\"@id\":\"https:\/\/www.fcgueugnon.fr\/site\/#website\"},\"primaryImageOfPage\":{\"@id\":\"https:\/\/www.fcgueugnon.fr\/site\/sport-e-leclerc-academie-le-premier-entrainement-des-u14-u15-regionaux-en-photos-2\/5735#primaryimage\"},\"image\":{\"@id\":\"https:\/\/www.fcgueugnon.fr\/site\/sport-e-leclerc-academie-le-premier-entrainement-des-u14-u15-regionaux-en-photos-2\/5735#primaryimage\"},\"thumbnailUrl\":\"https:\/\/www.fcgueugnon.fr\/site\/wp-content\/uploads\/2023\/08\/U14-U15-4.png\",\"datePublished\":\"2023-08-02T13:18:47+00:00\",\"dateModified\":\"2023-10-23T07:32:46+00:00\",\"breadcrumb\":{\"@id\":\"https:\/\/www.fcgueugnon.fr\/site\/sport-e-leclerc-academie-le-premier-entrainement-des-u14-u15-regionaux-en-photos-2\/5735#breadcrumb\"},\"inLanguage\":\"fr-FR\",\"potentialAction\":[{\"@type\":\"ReadAction\",\"target\":[\"https:\/\/www.fcgueugnon.fr\/site\/sport-e-leclerc-academie-le-premier-entrainement-des-u14-u15-regionaux-en-photos-2\/5735\"]}]},{\"@type\":\"ImageObject\",\"inLanguage\":\"fr-FR\",\"@id\":\"https:\/\/www.fcgueugnon.fr\/site\/sport-e-leclerc-academie-le-premier-entrainement-des-u14-u15-regionaux-en-photos-2\/5735#primaryimage\",\"url\":\"https:\/\/www.fcgueugnon.fr\/site\/wp-content\/uploads\/2023\/08\/U14-U15-4.png\",\"contentUrl\":\"https:\/\/www.fcgueugnon.fr\/site\/wp-content\/uploads\/2023\/08\/U14-U15-4.png\",\"width\":1772,\"height\":1181},{\"@type\":\"BreadcrumbList\",\"@id\":\"https:\/\/www.fcgueugnon.fr\/site\/sport-e-leclerc-academie-le-premier-entrainement-des-u14-u15-regionaux-en-photos-2\/5735#breadcrumb\",\"itemListElement\":[{\"@type\":\"ListItem\",\"position\":1,\"name\":\"Accueil\",\"item\":\"https:\/\/www.fcgueugnon.fr\/site\/\"},{\"@type\":\"ListItem\",\"position\":2,\"name\":\"[Sport E.Leclerc Acad\u00e9mie] Le premier entra\u00eenement des U14-U15 R\u00e9gionaux en photos\"}]},{\"@type\":\"WebSite\",\"@id\":\"https:\/\/www.fcgueugnon.fr\/site\/#website\",\"url\":\"https:\/\/www.fcgueugnon.fr\/site\/\",\"name\":\"FOOTBALL CLUB GUEUGNON\",\"description\":\"Le Site Officiel des Forgerons\",\"publisher\":{\"@id\":\"https:\/\/www.fcgueugnon.fr\/site\/#organization\"},\"potentialAction\":[{\"@type\":\"SearchAction\",\"target\":{\"@type\":\"EntryPoint\",\"urlTemplate\":\"https:\/\/www.fcgueugnon.fr\/site\/?s={search_term_string}\"},\"query-input\":{\"@type\":\"PropertyValueSpecification\",\"valueRequired\":true,\"valueName\":\"search_term_string\"}}],\"inLanguage\":\"fr-FR\"},{\"@type\":\"Organization\",\"@id\":\"https:\/\/www.fcgueugnon.fr\/site\/#organization\",\"name\":\"FC Gueugnon\",\"url\":\"https:\/\/www.fcgueugnon.fr\/site\/\",\"logo\":{\"@type\":\"ImageObject\",\"inLanguage\":\"fr-FR\",\"@id\":\"https:\/\/www.fcgueugnon.fr\/site\/#\/schema\/logo\/image\/\",\"url\":\"https:\/\/www.fcgueugnon.fr\/site\/wp-content\/uploads\/2022\/07\/cropped-Logo-FCGUEUGNON-low-350x350-1.png\",\"contentUrl\":\"https:\/\/www.fcgueugnon.fr\/site\/wp-content\/uploads\/2022\/07\/cropped-Logo-FCGUEUGNON-low-350x350-1.png\",\"width\":350,\"height\":350,\"caption\":\"FC Gueugnon\"},\"image\":{\"@id\":\"https:\/\/www.fcgueugnon.fr\/site\/#\/schema\/logo\/image\/\"},\"sameAs\":[\"http:\/\/facebook.com\/FCGueugnon\",\"https:\/\/x.com\/FCGueugnon_off\",\"https:\/\/www.instagram.com\/fcgueugnon\/\",\"https:\/\/www.linkedin.com\/company\/football-club-de-gueugnon\/\",\"https:\/\/www.youtube.com\/user\/FCGueugnonnais\",\"https:\/\/fr.wikipedia.org\/wiki\/Football_Club_de_Gueugnon\"]},{\"@type\":\"Person\",\"@id\":\"https:\/\/www.fcgueugnon.fr\/site\/#\/schema\/person\/829630bfb5d6f3ebe4d296b75687c01a\",\"name\":\"FC Gueugnon\",\"url\":\"https:\/\/www.fcgueugnon.fr\/site\/author\/g-avin1\"}]}<\/script>\n<!-- \/ Yoast SEO plugin. -->","yoast_head_json":{"title":"[Sport E.Leclerc Acad\u00e9mie] Le premier entra\u00eenement des U14-U15 R\u00e9gionaux en photos &#8226; FOOTBALL CLUB GUEUGNON","robots":{"index":"index","follow":"follow","max-snippet":"max-snippet:-1","max-image-preview":"max-image-preview:large","max-video-preview":"max-video-preview:-1"},"canonical":"https:\/\/www.fcgueugnon.fr\/site\/sport-e-leclerc-academie-le-premier-entrainement-des-u14-u15-regionaux-en-photos-2\/5735","og_locale":"fr_FR","og_type":"article","og_title":"[Sport E.Leclerc Acad\u00e9mie] Le premier entra\u00eenement des U14-U15 R\u00e9gionaux en photos &#8226; FOOTBALL CLUB GUEUGNON","og_description":"Ce mercredi 2 Ao\u00fbt, les groupes U14 R1 et U15 R1 ont particip\u00e9 \u00e0 leur premi\u00e8re s\u00e9ance d&rsquo;entra\u00eenement sous la direction de Gabriel Rousseau. U14 &amp; U15 R\u00e9gional 1","og_url":"https:\/\/www.fcgueugnon.fr\/site\/sport-e-leclerc-academie-le-premier-entrainement-des-u14-u15-regionaux-en-photos-2\/5735","og_site_name":"FOOTBALL CLUB GUEUGNON","article_publisher":"http:\/\/facebook.com\/FCGueugnon","article_published_time":"2023-08-02T13:18:47+00:00","article_modified_time":"2023-10-23T07:32:46+00:00","og_image":[{"width":1024,"height":682,"url":"https:\/\/www.fcgueugnon.fr\/site\/wp-content\/uploads\/2023\/08\/U14-U15-4-1024x682.png","type":"image\/png"}],"author":"FC Gueugnon","twitter_card":"summary_large_image","twitter_creator":"@FCGueugnon_off","twitter_site":"@FCGueugnon_off","twitter_misc":{"\u00c9crit par":"FC Gueugnon","Dur\u00e9e de lecture estim\u00e9e":"5 minutes"},"schema":{"@context":"https:\/\/schema.org","@graph":[{"@type":"Article","@id":"https:\/\/www.fcgueugnon.fr\/site\/sport-e-leclerc-academie-le-premier-entrainement-des-u14-u15-regionaux-en-photos-2\/5735#article","isPartOf":{"@id":"https:\/\/www.fcgueugnon.fr\/site\/sport-e-leclerc-academie-le-premier-entrainement-des-u14-u15-regionaux-en-photos-2\/5735"},"author":{"name":"FC Gueugnon","@id":"https:\/\/www.fcgueugnon.fr\/site\/#\/schema\/person\/829630bfb5d6f3ebe4d296b75687c01a"},"headline":"[Sport E.Leclerc Acad\u00e9mie] Le premier entra\u00eenement des U14-U15 R\u00e9gionaux en photos","datePublished":"2023-08-02T13:18:47+00:00","dateModified":"2023-10-23T07:32:46+00:00","mainEntityOfPage":{"@id":"https:\/\/www.fcgueugnon.fr\/site\/sport-e-leclerc-academie-le-premier-entrainement-des-u14-u15-regionaux-en-photos-2\/5735"},"wordCount":48,"publisher":{"@id":"https:\/\/www.fcgueugnon.fr\/site\/#organization"},"image":{"@id":"https:\/\/www.fcgueugnon.fr\/site\/sport-e-leclerc-academie-le-premier-entrainement-des-u14-u15-regionaux-en-photos-2\/5735#primaryimage"},"thumbnailUrl":"https:\/\/www.fcgueugnon.fr\/site\/wp-content\/uploads\/2023\/08\/U14-U15-4.png","keywords":["Sport E.Leclerc Acad\u00e9mie : Jeunes \/ Formation"],"articleSection":["News","News 2023\/2024"],"inLanguage":"fr-FR"},{"@type":"WebPage","@id":"https:\/\/www.fcgueugnon.fr\/site\/sport-e-leclerc-academie-le-premier-entrainement-des-u14-u15-regionaux-en-photos-2\/5735","url":"https:\/\/www.fcgueugnon.fr\/site\/sport-e-leclerc-academie-le-premier-entrainement-des-u14-u15-regionaux-en-photos-2\/5735","name":"[Sport E.Leclerc Acad\u00e9mie] Le premier entra\u00eenement des U14-U15 R\u00e9gionaux en photos &#8226; FOOTBALL CLUB GUEUGNON","isPartOf":{"@id":"https:\/\/www.fcgueugnon.fr\/site\/#website"},"primaryImageOfPage":{"@id":"https:\/\/www.fcgueugnon.fr\/site\/sport-e-leclerc-academie-le-premier-entrainement-des-u14-u15-regionaux-en-photos-2\/5735#primaryimage"},"image":{"@id":"https:\/\/www.fcgueugnon.fr\/site\/sport-e-leclerc-academie-le-premier-entrainement-des-u14-u15-regionaux-en-photos-2\/5735#primaryimage"},"thumbnailUrl":"https:\/\/www.fcgueugnon.fr\/site\/wp-content\/uploads\/2023\/08\/U14-U15-4.png","datePublished":"2023-08-02T13:18:47+00:00","dateModified":"2023-10-23T07:32:46+00:00","breadcrumb":{"@id":"https:\/\/www.fcgueugnon.fr\/site\/sport-e-leclerc-academie-le-premier-entrainement-des-u14-u15-regionaux-en-photos-2\/5735#breadcrumb"},"inLanguage":"fr-FR","potentialAction":[{"@type":"ReadAction","target":["https:\/\/www.fcgueugnon.fr\/site\/sport-e-leclerc-academie-le-premier-entrainement-des-u14-u15-regionaux-en-photos-2\/5735"]}]},{"@type":"ImageObject","inLanguage":"fr-FR","@id":"https:\/\/www.fcgueugnon.fr\/site\/sport-e-leclerc-academie-le-premier-entrainement-des-u14-u15-regionaux-en-photos-2\/5735#primaryimage","url":"https:\/\/www.fcgueugnon.fr\/site\/wp-content\/uploads\/2023\/08\/U14-U15-4.png","contentUrl":"https:\/\/www.fcgueugnon.fr\/site\/wp-content\/uploads\/2023\/08\/U14-U15-4.png","width":1772,"height":1181},{"@type":"BreadcrumbList","@id":"https:\/\/www.fcgueugnon.fr\/site\/sport-e-leclerc-academie-le-premier-entrainement-des-u14-u15-regionaux-en-photos-2\/5735#breadcrumb","itemListElement":[{"@type":"ListItem","position":1,"name":"Accueil","item":"https:\/\/www.fcgueugnon.fr\/site\/"},{"@type":"ListItem","position":2,"name":"[Sport E.Leclerc Acad\u00e9mie] Le premier entra\u00eenement des U14-U15 R\u00e9gionaux en photos"}]},{"@type":"WebSite","@id":"https:\/\/www.fcgueugnon.fr\/site\/#website","url":"https:\/\/www.fcgueugnon.fr\/site\/","name":"FOOTBALL CLUB GUEUGNON","description":"Le Site Officiel des Forgerons","publisher":{"@id":"https:\/\/www.fcgueugnon.fr\/site\/#organization"},"potentialAction":[{"@type":"SearchAction","target":{"@type":"EntryPoint","urlTemplate":"https:\/\/www.fcgueugnon.fr\/site\/?s={search_term_string}"},"query-input":{"@type":"PropertyValueSpecification","valueRequired":true,"valueName":"search_term_string"}}],"inLanguage":"fr-FR"},{"@type":"Organization","@id":"https:\/\/www.fcgueugnon.fr\/site\/#organization","name":"FC Gueugnon","url":"https:\/\/www.fcgueugnon.fr\/site\/","logo":{"@type":"ImageObject","inLanguage":"fr-FR","@id":"https:\/\/www.fcgueugnon.fr\/site\/#\/schema\/logo\/image\/","url":"https:\/\/www.fcgueugnon.fr\/site\/wp-content\/uploads\/2022\/07\/cropped-Logo-FCGUEUGNON-low-350x350-1.png","contentUrl":"https:\/\/www.fcgueugnon.fr\/site\/wp-content\/uploads\/2022\/07\/cropped-Logo-FCGUEUGNON-low-350x350-1.png","width":350,"height":350,"caption":"FC Gueugnon"},"image":{"@id":"https:\/\/www.fcgueugnon.fr\/site\/#\/schema\/logo\/image\/"},"sameAs":["http:\/\/facebook.com\/FCGueugnon","https:\/\/x.com\/FCGueugnon_off","https:\/\/www.instagram.com\/fcgueugnon\/","https:\/\/www.linkedin.com\/company\/football-club-de-gueugnon\/","https:\/\/www.youtube.com\/user\/FCGueugnonnais","https:\/\/fr.wikipedia.org\/wiki\/Football_Club_de_Gueugnon"]},{"@type":"Person","@id":"https:\/\/www.fcgueugnon.fr\/site\/#\/schema\/person\/829630bfb5d6f3ebe4d296b75687c01a","name":"FC Gueugnon","url":"https:\/\/www.fcgueugnon.fr\/site\/author\/g-avin1"}]}},"rttpg_featured_image_url":{"full":["https:\/\/www.fcgueugnon.fr\/site\/wp-content\/uploads\/2023\/08\/U14-U15-4.png",1772,1181,false],"landscape":["https:\/\/www.fcgueugnon.fr\/site\/wp-content\/uploads\/2023\/08\/U14-U15-4.png",1772,1181,false],"portraits":["https:\/\/www.fcgueugnon.fr\/site\/wp-content\/uploads\/2023\/08\/U14-U15-4.png",1772,1181,false],"thumbnail":["https:\/\/www.fcgueugnon.fr\/site\/wp-content\/uploads\/2023\/08\/U14-U15-4-150x150.png",150,150,true],"medium":["https:\/\/www.fcgueugnon.fr\/site\/wp-content\/uploads\/2023\/08\/U14-U15-4-400x267.png",400,267,true],"large":["https:\/\/www.fcgueugnon.fr\/site\/wp-content\/uploads\/2023\/08\/U14-U15-4-1024x682.png",1024,682,true],"1536x1536":["https:\/\/www.fcgueugnon.fr\/site\/wp-content\/uploads\/2023\/08\/U14-U15-4-1536x1024.png",1536,1024,true],"2048x2048":["https:\/\/www.fcgueugnon.fr\/site\/wp-content\/uploads\/2023\/08\/U14-U15-4.png",1772,1181,false]},"rttpg_author":{"display_name":"FC Gueugnon","author_link":"https:\/\/www.fcgueugnon.fr\/site\/author\/g-avin1"},"rttpg_comment":0,"rttpg_category":"<a href=\"https:\/\/www.fcgueugnon.fr\/site\/category\/news\" rel=\"category tag\">News<\/a> <a href=\"https:\/\/www.fcgueugnon.fr\/site\/category\/news\/news-2023-2024\" rel=\"category tag\">News 2023\/2024<\/a>","rttpg_excerpt":"Ce mercredi 2 Ao\u00fbt, les groupes U14 R1 et U15 R1 ont particip\u00e9 \u00e0 leur premi\u00e8re s\u00e9ance d&rsquo;entra\u00eenement sous la direction de Gabriel Rousseau. U14 &amp; U15 R\u00e9gional 1","_links":{"self":[{"href":"https:\/\/www.fcgueugnon.fr\/site\/wp-json\/wp\/v2\/posts\/5735","targetHints":{"allow":["GET"]}}],"collection":[{"href":"https:\/\/www.fcgueugnon.fr\/site\/wp-json\/wp\/v2\/posts"}],"about":[{"href":"https:\/\/www.fcgueugnon.fr\/site\/wp-json\/wp\/v2\/types\/post"}],"author":[{"embeddable":true,"href":"https:\/\/www.fcgueugnon.fr\/site\/wp-json\/wp\/v2\/users\/3"}],"replies":[{"embeddable":true,"href":"https:\/\/www.fcgueugnon.fr\/site\/wp-json\/wp\/v2\/comments?post=5735"}],"version-history":[{"count":2,"href":"https:\/\/www.fcgueugnon.fr\/site\/wp-json\/wp\/v2\/posts\/5735\/revisions"}],"predecessor-version":[{"id":5759,"href":"https:\/\/www.fcgueugnon.fr\/site\/wp-json\/wp\/v2\/posts\/5735\/revisions\/5759"}],"wp:featuredmedia":[{"embeddable":true,"href":"https:\/\/www.fcgueugnon.fr\/site\/wp-json\/wp\/v2\/media\/5754"}],"wp:attachment":[{"href":"https:\/\/www.fcgueugnon.fr\/site\/wp-json\/wp\/v2\/media?parent=5735"}],"wp:term":[{"taxonomy":"category","embeddable":true,"href":"https:\/\/www.fcgueugnon.fr\/site\/wp-json\/wp\/v2\/categories?post=5735"},{"taxonomy":"post_tag","embeddable":true,"href":"https:\/\/www.fcgueugnon.fr\/site\/wp-json\/wp\/v2\/tags?post=5735"}],"curies":[{"name":"wp","href":"https:\/\/api.w.org\/{rel}","templated":true}]}}