{"id":5718,"date":"2023-08-01T16:26:31","date_gmt":"2023-08-01T14:26:31","guid":{"rendered":"https:\/\/www.fcgueugnon.fr\/site\/?p=5718"},"modified":"2023-10-23T09:34:36","modified_gmt":"2023-10-23T07:34:36","slug":"espoirs-le-groupe-espoirs-debute-sa-saison-2023-2024","status":"publish","type":"post","link":"https:\/\/www.fcgueugnon.fr\/site\/espoirs-le-groupe-espoirs-debute-sa-saison-2023-2024\/5718","title":{"rendered":"[Espoirs] Le groupe Espoirs d\u00e9bute sa saison 2023-2024 !"},"content":{"rendered":"\n<h3 class=\"wp-block-heading\"><strong>Ce lundi 31 Juillet, le Groupe Espoirs retrouvait le chemin de l&rsquo;entra\u00eenement. Fabrice Correia a dirig\u00e9 une s\u00e9ance bas\u00e9e sur le travail physique. L<strong>es 14 joueurs pr\u00e9sents<\/strong> ont \u00e9galement eu l&rsquo;occasion de renouer le contact avec le ballon.<\/strong><\/h3>\n\n\n\n<div style=\"height:20px\" aria-hidden=\"true\" class=\"wp-block-spacer\"><\/div>\n\n\n\n<figure class=\"wp-block-coblocks-gallery-masonry masonry-grid has-medium-gutter\">\n<figure class=\"wp-block-image size-large\"><img loading=\"lazy\" decoding=\"async\" width=\"1024\" height=\"768\" src=\"https:\/\/www.fcgueugnon.fr\/site\/wp-content\/uploads\/2023\/08\/Entrainement-espoirs-fc-gueugnon-2-1024x768.jpg\" alt=\"Image gallery image\" class=\"wp-image-5722\" srcset=\"https:\/\/www.fcgueugnon.fr\/site\/wp-content\/uploads\/2023\/08\/Entrainement-espoirs-fc-gueugnon-2-1024x768.jpg 1024w, https:\/\/www.fcgueugnon.fr\/site\/wp-content\/uploads\/2023\/08\/Entrainement-espoirs-fc-gueugnon-2-400x300.jpg 400w, https:\/\/www.fcgueugnon.fr\/site\/wp-content\/uploads\/2023\/08\/Entrainement-espoirs-fc-gueugnon-2-768x576.jpg 768w, https:\/\/www.fcgueugnon.fr\/site\/wp-content\/uploads\/2023\/08\/Entrainement-espoirs-fc-gueugnon-2-1536x1152.jpg 1536w, https:\/\/www.fcgueugnon.fr\/site\/wp-content\/uploads\/2023\/08\/Entrainement-espoirs-fc-gueugnon-2-2048x1536.jpg 2048w, https:\/\/www.fcgueugnon.fr\/site\/wp-content\/uploads\/2023\/08\/Entrainement-espoirs-fc-gueugnon-2-1320x990.jpg 1320w, https:\/\/www.fcgueugnon.fr\/site\/wp-content\/uploads\/2023\/08\/Entrainement-espoirs-fc-gueugnon-2-600x450.jpg 600w\" sizes=\"auto, (max-width: 1024px) 100vw, 1024px\" \/><\/figure>\n\n\n\n\n\n<figure class=\"wp-block-image size-large\"><img loading=\"lazy\" decoding=\"async\" width=\"1024\" height=\"669\" src=\"https:\/\/www.fcgueugnon.fr\/site\/wp-content\/uploads\/2023\/08\/Entrainement-espoirs-fc-gueugnon-4-1024x669.jpg\" alt=\"Image gallery image\" class=\"wp-image-5729\" srcset=\"https:\/\/www.fcgueugnon.fr\/site\/wp-content\/uploads\/2023\/08\/Entrainement-espoirs-fc-gueugnon-4-1024x669.jpg 1024w, https:\/\/www.fcgueugnon.fr\/site\/wp-content\/uploads\/2023\/08\/Entrainement-espoirs-fc-gueugnon-4-400x261.jpg 400w, https:\/\/www.fcgueugnon.fr\/site\/wp-content\/uploads\/2023\/08\/Entrainement-espoirs-fc-gueugnon-4-768x502.jpg 768w, https:\/\/www.fcgueugnon.fr\/site\/wp-content\/uploads\/2023\/08\/Entrainement-espoirs-fc-gueugnon-4-1536x1003.jpg 1536w, https:\/\/www.fcgueugnon.fr\/site\/wp-content\/uploads\/2023\/08\/Entrainement-espoirs-fc-gueugnon-4-2048x1337.jpg 2048w, https:\/\/www.fcgueugnon.fr\/site\/wp-content\/uploads\/2023\/08\/Entrainement-espoirs-fc-gueugnon-4-1320x862.jpg 1320w, https:\/\/www.fcgueugnon.fr\/site\/wp-content\/uploads\/2023\/08\/Entrainement-espoirs-fc-gueugnon-4-600x392.jpg 600w\" sizes=\"auto, (max-width: 1024px) 100vw, 1024px\" \/><\/figure>\n\n\n\n<figure class=\"wp-block-image size-large\"><img loading=\"lazy\" decoding=\"async\" width=\"768\" height=\"1024\" src=\"https:\/\/www.fcgueugnon.fr\/site\/wp-content\/uploads\/2023\/08\/Entrainement-espoirs-fc-gueugnon-5-768x1024.jpg\" alt=\"Image gallery image\" class=\"wp-image-5723\" srcset=\"https:\/\/www.fcgueugnon.fr\/site\/wp-content\/uploads\/2023\/08\/Entrainement-espoirs-fc-gueugnon-5-768x1024.jpg 768w, https:\/\/www.fcgueugnon.fr\/site\/wp-content\/uploads\/2023\/08\/Entrainement-espoirs-fc-gueugnon-5-300x400.jpg 300w, https:\/\/www.fcgueugnon.fr\/site\/wp-content\/uploads\/2023\/08\/Entrainement-espoirs-fc-gueugnon-5-1152x1536.jpg 1152w, https:\/\/www.fcgueugnon.fr\/site\/wp-content\/uploads\/2023\/08\/Entrainement-espoirs-fc-gueugnon-5-1536x2048.jpg 1536w, https:\/\/www.fcgueugnon.fr\/site\/wp-content\/uploads\/2023\/08\/Entrainement-espoirs-fc-gueugnon-5-1320x1760.jpg 1320w, https:\/\/www.fcgueugnon.fr\/site\/wp-content\/uploads\/2023\/08\/Entrainement-espoirs-fc-gueugnon-5-600x800.jpg 600w, https:\/\/www.fcgueugnon.fr\/site\/wp-content\/uploads\/2023\/08\/Entrainement-espoirs-fc-gueugnon-5-scaled.jpg 1920w\" sizes=\"auto, (max-width: 768px) 100vw, 768px\" \/><\/figure>\n\n\n\n<figure class=\"wp-block-image size-large\"><img loading=\"lazy\" decoding=\"async\" width=\"1024\" height=\"768\" src=\"https:\/\/www.fcgueugnon.fr\/site\/wp-content\/uploads\/2023\/08\/Entrainement-espoirs-fc-gueugnon-6-1024x768.jpg\" alt=\"Image gallery image\" class=\"wp-image-5728\" srcset=\"https:\/\/www.fcgueugnon.fr\/site\/wp-content\/uploads\/2023\/08\/Entrainement-espoirs-fc-gueugnon-6-1024x768.jpg 1024w, https:\/\/www.fcgueugnon.fr\/site\/wp-content\/uploads\/2023\/08\/Entrainement-espoirs-fc-gueugnon-6-400x300.jpg 400w, https:\/\/www.fcgueugnon.fr\/site\/wp-content\/uploads\/2023\/08\/Entrainement-espoirs-fc-gueugnon-6-768x576.jpg 768w, https:\/\/www.fcgueugnon.fr\/site\/wp-content\/uploads\/2023\/08\/Entrainement-espoirs-fc-gueugnon-6-1536x1152.jpg 1536w, https:\/\/www.fcgueugnon.fr\/site\/wp-content\/uploads\/2023\/08\/Entrainement-espoirs-fc-gueugnon-6-2048x1536.jpg 2048w, https:\/\/www.fcgueugnon.fr\/site\/wp-content\/uploads\/2023\/08\/Entrainement-espoirs-fc-gueugnon-6-1320x990.jpg 1320w, https:\/\/www.fcgueugnon.fr\/site\/wp-content\/uploads\/2023\/08\/Entrainement-espoirs-fc-gueugnon-6-600x450.jpg 600w\" sizes=\"auto, (max-width: 1024px) 100vw, 1024px\" \/><\/figure>\n\n\n\n<figure class=\"wp-block-image size-large\"><img loading=\"lazy\" decoding=\"async\" width=\"1024\" height=\"768\" src=\"https:\/\/www.fcgueugnon.fr\/site\/wp-content\/uploads\/2023\/08\/Entrainement-espoirs-fc-gueugnon-7-1024x768.jpg\" alt=\"Image gallery image\" class=\"wp-image-5726\" srcset=\"https:\/\/www.fcgueugnon.fr\/site\/wp-content\/uploads\/2023\/08\/Entrainement-espoirs-fc-gueugnon-7-1024x768.jpg 1024w, https:\/\/www.fcgueugnon.fr\/site\/wp-content\/uploads\/2023\/08\/Entrainement-espoirs-fc-gueugnon-7-400x300.jpg 400w, https:\/\/www.fcgueugnon.fr\/site\/wp-content\/uploads\/2023\/08\/Entrainement-espoirs-fc-gueugnon-7-768x576.jpg 768w, https:\/\/www.fcgueugnon.fr\/site\/wp-content\/uploads\/2023\/08\/Entrainement-espoirs-fc-gueugnon-7-1536x1152.jpg 1536w, https:\/\/www.fcgueugnon.fr\/site\/wp-content\/uploads\/2023\/08\/Entrainement-espoirs-fc-gueugnon-7-2048x1536.jpg 2048w, https:\/\/www.fcgueugnon.fr\/site\/wp-content\/uploads\/2023\/08\/Entrainement-espoirs-fc-gueugnon-7-1320x990.jpg 1320w, https:\/\/www.fcgueugnon.fr\/site\/wp-content\/uploads\/2023\/08\/Entrainement-espoirs-fc-gueugnon-7-600x450.jpg 600w\" sizes=\"auto, (max-width: 1024px) 100vw, 1024px\" \/><\/figure>\n\n\n\n<figure class=\"wp-block-image size-large\"><img loading=\"lazy\" decoding=\"async\" width=\"768\" height=\"1024\" src=\"https:\/\/www.fcgueugnon.fr\/site\/wp-content\/uploads\/2023\/08\/Entrainement-espoirs-fc-gueugnon-8-768x1024.jpg\" alt=\"Image gallery image\" class=\"wp-image-5727\" srcset=\"https:\/\/www.fcgueugnon.fr\/site\/wp-content\/uploads\/2023\/08\/Entrainement-espoirs-fc-gueugnon-8-768x1024.jpg 768w, https:\/\/www.fcgueugnon.fr\/site\/wp-content\/uploads\/2023\/08\/Entrainement-espoirs-fc-gueugnon-8-300x400.jpg 300w, https:\/\/www.fcgueugnon.fr\/site\/wp-content\/uploads\/2023\/08\/Entrainement-espoirs-fc-gueugnon-8-1152x1536.jpg 1152w, https:\/\/www.fcgueugnon.fr\/site\/wp-content\/uploads\/2023\/08\/Entrainement-espoirs-fc-gueugnon-8-1536x2048.jpg 1536w, https:\/\/www.fcgueugnon.fr\/site\/wp-content\/uploads\/2023\/08\/Entrainement-espoirs-fc-gueugnon-8-1320x1760.jpg 1320w, https:\/\/www.fcgueugnon.fr\/site\/wp-content\/uploads\/2023\/08\/Entrainement-espoirs-fc-gueugnon-8-600x800.jpg 600w, https:\/\/www.fcgueugnon.fr\/site\/wp-content\/uploads\/2023\/08\/Entrainement-espoirs-fc-gueugnon-8-scaled.jpg 1920w\" sizes=\"auto, (max-width: 768px) 100vw, 768px\" \/><\/figure>\n\n\n\n<figure class=\"wp-block-image size-large\"><img loading=\"lazy\" decoding=\"async\" width=\"768\" height=\"1024\" src=\"https:\/\/www.fcgueugnon.fr\/site\/wp-content\/uploads\/2023\/08\/Entrainement-espoirs-fc-gueugnon-9-768x1024.jpg\" alt=\"Image gallery image\" class=\"wp-image-5720\" srcset=\"https:\/\/www.fcgueugnon.fr\/site\/wp-content\/uploads\/2023\/08\/Entrainement-espoirs-fc-gueugnon-9-768x1024.jpg 768w, https:\/\/www.fcgueugnon.fr\/site\/wp-content\/uploads\/2023\/08\/Entrainement-espoirs-fc-gueugnon-9-300x400.jpg 300w, https:\/\/www.fcgueugnon.fr\/site\/wp-content\/uploads\/2023\/08\/Entrainement-espoirs-fc-gueugnon-9-1152x1536.jpg 1152w, https:\/\/www.fcgueugnon.fr\/site\/wp-content\/uploads\/2023\/08\/Entrainement-espoirs-fc-gueugnon-9-1536x2048.jpg 1536w, https:\/\/www.fcgueugnon.fr\/site\/wp-content\/uploads\/2023\/08\/Entrainement-espoirs-fc-gueugnon-9-1320x1760.jpg 1320w, https:\/\/www.fcgueugnon.fr\/site\/wp-content\/uploads\/2023\/08\/Entrainement-espoirs-fc-gueugnon-9-600x800.jpg 600w, https:\/\/www.fcgueugnon.fr\/site\/wp-content\/uploads\/2023\/08\/Entrainement-espoirs-fc-gueugnon-9-scaled.jpg 1920w\" sizes=\"auto, (max-width: 768px) 100vw, 768px\" \/><\/figure>\n\n\n\n<figure class=\"wp-block-image size-large\"><img loading=\"lazy\" decoding=\"async\" width=\"768\" height=\"1024\" src=\"https:\/\/www.fcgueugnon.fr\/site\/wp-content\/uploads\/2023\/08\/Entrainement-espoirs-fc-gueugnon-10-768x1024.jpg\" alt=\"Image gallery image\" class=\"wp-image-5725\" srcset=\"https:\/\/www.fcgueugnon.fr\/site\/wp-content\/uploads\/2023\/08\/Entrainement-espoirs-fc-gueugnon-10-768x1024.jpg 768w, https:\/\/www.fcgueugnon.fr\/site\/wp-content\/uploads\/2023\/08\/Entrainement-espoirs-fc-gueugnon-10-300x400.jpg 300w, https:\/\/www.fcgueugnon.fr\/site\/wp-content\/uploads\/2023\/08\/Entrainement-espoirs-fc-gueugnon-10-1152x1536.jpg 1152w, https:\/\/www.fcgueugnon.fr\/site\/wp-content\/uploads\/2023\/08\/Entrainement-espoirs-fc-gueugnon-10-1536x2048.jpg 1536w, https:\/\/www.fcgueugnon.fr\/site\/wp-content\/uploads\/2023\/08\/Entrainement-espoirs-fc-gueugnon-10-1320x1760.jpg 1320w, https:\/\/www.fcgueugnon.fr\/site\/wp-content\/uploads\/2023\/08\/Entrainement-espoirs-fc-gueugnon-10-600x800.jpg 600w, https:\/\/www.fcgueugnon.fr\/site\/wp-content\/uploads\/2023\/08\/Entrainement-espoirs-fc-gueugnon-10-scaled.jpg 1920w\" sizes=\"auto, (max-width: 768px) 100vw, 768px\" \/><\/figure>\n\n\n\n<figure class=\"wp-block-image size-large\"><img loading=\"lazy\" decoding=\"async\" width=\"768\" height=\"1024\" src=\"https:\/\/www.fcgueugnon.fr\/site\/wp-content\/uploads\/2023\/08\/Entrainement-espoirs-fc-gueugnon-11-768x1024.jpg\" alt=\"Image gallery image\" class=\"wp-image-5721\" srcset=\"https:\/\/www.fcgueugnon.fr\/site\/wp-content\/uploads\/2023\/08\/Entrainement-espoirs-fc-gueugnon-11-768x1024.jpg 768w, https:\/\/www.fcgueugnon.fr\/site\/wp-content\/uploads\/2023\/08\/Entrainement-espoirs-fc-gueugnon-11-300x400.jpg 300w, https:\/\/www.fcgueugnon.fr\/site\/wp-content\/uploads\/2023\/08\/Entrainement-espoirs-fc-gueugnon-11-1152x1536.jpg 1152w, https:\/\/www.fcgueugnon.fr\/site\/wp-content\/uploads\/2023\/08\/Entrainement-espoirs-fc-gueugnon-11-1536x2048.jpg 1536w, https:\/\/www.fcgueugnon.fr\/site\/wp-content\/uploads\/2023\/08\/Entrainement-espoirs-fc-gueugnon-11-1320x1760.jpg 1320w, https:\/\/www.fcgueugnon.fr\/site\/wp-content\/uploads\/2023\/08\/Entrainement-espoirs-fc-gueugnon-11-600x800.jpg 600w, https:\/\/www.fcgueugnon.fr\/site\/wp-content\/uploads\/2023\/08\/Entrainement-espoirs-fc-gueugnon-11-scaled.jpg 1920w\" sizes=\"auto, (max-width: 768px) 100vw, 768px\" \/><\/figure>\n\n\n\n<figure class=\"wp-block-image size-large\"><img loading=\"lazy\" decoding=\"async\" width=\"768\" height=\"1024\" src=\"https:\/\/www.fcgueugnon.fr\/site\/wp-content\/uploads\/2023\/08\/Entrainement-espoirs-fc-gueugnon-1-768x1024.jpg\" alt=\"Image gallery image\" class=\"wp-image-5724\" srcset=\"https:\/\/www.fcgueugnon.fr\/site\/wp-content\/uploads\/2023\/08\/Entrainement-espoirs-fc-gueugnon-1-768x1024.jpg 768w, https:\/\/www.fcgueugnon.fr\/site\/wp-content\/uploads\/2023\/08\/Entrainement-espoirs-fc-gueugnon-1-300x400.jpg 300w, https:\/\/www.fcgueugnon.fr\/site\/wp-content\/uploads\/2023\/08\/Entrainement-espoirs-fc-gueugnon-1-1152x1536.jpg 1152w, https:\/\/www.fcgueugnon.fr\/site\/wp-content\/uploads\/2023\/08\/Entrainement-espoirs-fc-gueugnon-1-1536x2048.jpg 1536w, https:\/\/www.fcgueugnon.fr\/site\/wp-content\/uploads\/2023\/08\/Entrainement-espoirs-fc-gueugnon-1-1320x1760.jpg 1320w, https:\/\/www.fcgueugnon.fr\/site\/wp-content\/uploads\/2023\/08\/Entrainement-espoirs-fc-gueugnon-1-600x800.jpg 600w, https:\/\/www.fcgueugnon.fr\/site\/wp-content\/uploads\/2023\/08\/Entrainement-espoirs-fc-gueugnon-1-scaled.jpg 1920w\" sizes=\"auto, (max-width: 768px) 100vw, 768px\" \/><\/figure>\n<\/figure>\n\n\n\n<div style=\"height:20px\" aria-hidden=\"true\" class=\"wp-block-spacer\"><\/div>\n\n\n\n<hr class=\"wp-block-separator has-alpha-channel-opacity\"\/>\n\n\n\n<div style=\"height:20px\" aria-hidden=\"true\" class=\"wp-block-spacer\"><\/div>\n\n\n<div class=\"wp-block-image\">\n<figure class=\"aligncenter size-full is-resized\"><img loading=\"lazy\" decoding=\"async\" src=\"https:\/\/www.fcgueugnon.fr\/site\/wp-content\/uploads\/2023\/08\/Programme-reprise-Espoirs-FCG.jpeg\" alt=\"\" class=\"wp-image-5719\" width=\"854\" height=\"480\" srcset=\"https:\/\/www.fcgueugnon.fr\/site\/wp-content\/uploads\/2023\/08\/Programme-reprise-Espoirs-FCG.jpeg 1138w, https:\/\/www.fcgueugnon.fr\/site\/wp-content\/uploads\/2023\/08\/Programme-reprise-Espoirs-FCG-400x225.jpeg 400w, https:\/\/www.fcgueugnon.fr\/site\/wp-content\/uploads\/2023\/08\/Programme-reprise-Espoirs-FCG-1024x576.jpeg 1024w, https:\/\/www.fcgueugnon.fr\/site\/wp-content\/uploads\/2023\/08\/Programme-reprise-Espoirs-FCG-768x432.jpeg 768w, https:\/\/www.fcgueugnon.fr\/site\/wp-content\/uploads\/2023\/08\/Programme-reprise-Espoirs-FCG-600x337.jpeg 600w\" sizes=\"auto, (max-width: 854px) 100vw, 854px\" \/><\/figure>\n<\/div>\n\n\n<div style=\"height:20px\" aria-hidden=\"true\" class=\"wp-block-spacer\"><\/div>\n\n\n\n<p>Lundi 31 Juillet \u25b6 Reprise de l&rsquo;entra\u00eenement<\/p>\n\n\n\n<p>Mercredi 9 Ao\u00fbt \u00e0 19h30 \u25b6 Match de pr\u00e9paration \ud83c\udd9a Roanne Foot 42 (\u2708)<\/p>\n\n\n\n<p>Vendredi 11 Ao\u00fbt \u00e0 19h30 \u25b6 Match de pr\u00e9paration \ud83c\udd9a UF Macon B (\u2708)<\/p>\n\n\n\n<p>Mercredi 16 Ao\u00fbt \u00e0 20h00 \u25b6 Match de pr\u00e9paration \ud83c\udd9a USC Paray (\u2708)<\/p>\n\n\n\n<p>Samedi 19 Ao\u00fbt \u00e0 17h00  \u25b6 Match de pr\u00e9paration \ud83c\udd9a RC Vichy (\u2708)<\/p>\n\n\n\n<p>Dimanche 27 Ao\u00fbt \u00e0 14h30 \u25b6 Match de pr\u00e9paration \ud83c\udd9a FC Bourg en Bresse 01 B (\u2708)<\/p>\n\n\n\n<p>Dimanche 03 septembre \u25b6 Reprise du championnat R\u00e9gional 1<\/p>\n\n\n\n<div style=\"height:20px\" aria-hidden=\"true\" class=\"wp-block-spacer\"><\/div>\n\n\n\n<p><em>*Ce programme est susceptible d&rsquo;\u00eatre modifi\u00e9.<\/em><\/p>\n","protected":false},"excerpt":{"rendered":"<p>Ce lundi 31 Juillet, le Groupe Espoirs retrouvait le chemin de l&rsquo;entra\u00eenement. Fabrice Correia a dirig\u00e9 une s\u00e9ance bas\u00e9e sur le travail physique. Les 14 joueurs pr\u00e9sents ont \u00e9galement eu l&rsquo;occasion de renouer le contact avec le ballon. Lundi 31 Juillet \u25b6 Reprise de l&rsquo;entra\u00eenement Mercredi 9 Ao\u00fbt \u00e0 19h30 \u25b6 Match de pr\u00e9paration \ud83c\udd9a &#8230; <\/p>\n<p class=\"read-more-container\"><a title=\"[Espoirs] Le groupe Espoirs d\u00e9bute sa saison 2023-2024 !\" class=\"read-more button\" href=\"https:\/\/www.fcgueugnon.fr\/site\/espoirs-le-groupe-espoirs-debute-sa-saison-2023-2024\/5718#more-5718\" aria-label=\"Plus sur [Espoirs] Le groupe Espoirs d\u00e9bute sa saison 2023-2024 !\">Lire la suite<\/a><\/p>\n","protected":false},"author":3,"featured_media":5726,"comment_status":"closed","ping_status":"closed","sticky":false,"template":"","format":"standard","meta":{"footnotes":""},"categories":[4,55],"tags":[10],"class_list":["post-5718","post","type-post","status-publish","format-standard","has-post-thumbnail","hentry","category-news","category-news-2023-2024","tag-preparation-entrainement","infinite-scroll-item","generate-columns","tablet-grid-50","mobile-grid-100","grid-parent","grid-25","resize-featured-image"],"yoast_head":"<!-- This site is optimized with the Yoast SEO plugin v26.6 - https:\/\/yoast.com\/wordpress\/plugins\/seo\/ -->\n<title>[Espoirs] Le groupe Espoirs d\u00e9bute sa saison 2023-2024 ! &#8226; FOOTBALL CLUB GUEUGNON<\/title>\n<meta name=\"robots\" content=\"index, follow, max-snippet:-1, max-image-preview:large, max-video-preview:-1\" \/>\n<link rel=\"canonical\" href=\"https:\/\/www.fcgueugnon.fr\/site\/espoirs-le-groupe-espoirs-debute-sa-saison-2023-2024\/5718\" \/>\n<meta property=\"og:locale\" content=\"fr_FR\" \/>\n<meta property=\"og:type\" content=\"article\" \/>\n<meta property=\"og:title\" content=\"[Espoirs] Le groupe Espoirs d\u00e9bute sa saison 2023-2024 ! &#8226; FOOTBALL CLUB GUEUGNON\" \/>\n<meta property=\"og:description\" content=\"Ce lundi 31 Juillet, le Groupe Espoirs retrouvait le chemin de l&rsquo;entra\u00eenement. Fabrice Correia a dirig\u00e9 une s\u00e9ance bas\u00e9e sur le travail physique. Les 14 joueurs pr\u00e9sents ont \u00e9galement eu l&rsquo;occasion de renouer le contact avec le ballon. Lundi 31 Juillet \u25b6 Reprise de l&rsquo;entra\u00eenement Mercredi 9 Ao\u00fbt \u00e0 19h30 \u25b6 Match de pr\u00e9paration \ud83c\udd9a ... Lire la suite\" \/>\n<meta property=\"og:url\" content=\"https:\/\/www.fcgueugnon.fr\/site\/espoirs-le-groupe-espoirs-debute-sa-saison-2023-2024\/5718\" \/>\n<meta property=\"og:site_name\" content=\"FOOTBALL CLUB GUEUGNON\" \/>\n<meta property=\"article:publisher\" content=\"http:\/\/facebook.com\/FCGueugnon\" \/>\n<meta property=\"article:published_time\" content=\"2023-08-01T14:26:31+00:00\" \/>\n<meta property=\"article:modified_time\" content=\"2023-10-23T07:34:36+00:00\" \/>\n<meta property=\"og:image\" content=\"https:\/\/www.fcgueugnon.fr\/site\/wp-content\/uploads\/2023\/08\/Entrainement-espoirs-fc-gueugnon-7-scaled.jpg\" \/>\n\t<meta property=\"og:image:width\" content=\"2560\" \/>\n\t<meta property=\"og:image:height\" content=\"1920\" \/>\n\t<meta property=\"og:image:type\" content=\"image\/jpeg\" \/>\n<meta name=\"author\" content=\"FC Gueugnon\" \/>\n<meta name=\"twitter:card\" content=\"summary_large_image\" \/>\n<meta name=\"twitter:creator\" content=\"@FCGueugnon_off\" \/>\n<meta name=\"twitter:site\" content=\"@FCGueugnon_off\" \/>\n<meta name=\"twitter:label1\" content=\"\u00c9crit par\" \/>\n\t<meta name=\"twitter:data1\" content=\"FC Gueugnon\" \/>\n\t<meta name=\"twitter:label2\" content=\"Dur\u00e9e de lecture estim\u00e9e\" \/>\n\t<meta name=\"twitter:data2\" content=\"4 minutes\" \/>\n<script type=\"application\/ld+json\" class=\"yoast-schema-graph\">{\"@context\":\"https:\/\/schema.org\",\"@graph\":[{\"@type\":\"Article\",\"@id\":\"https:\/\/www.fcgueugnon.fr\/site\/espoirs-le-groupe-espoirs-debute-sa-saison-2023-2024\/5718#article\",\"isPartOf\":{\"@id\":\"https:\/\/www.fcgueugnon.fr\/site\/espoirs-le-groupe-espoirs-debute-sa-saison-2023-2024\/5718\"},\"author\":{\"name\":\"FC Gueugnon\",\"@id\":\"https:\/\/www.fcgueugnon.fr\/site\/#\/schema\/person\/829630bfb5d6f3ebe4d296b75687c01a\"},\"headline\":\"[Espoirs] Le groupe Espoirs d\u00e9bute sa saison 2023-2024 !\",\"datePublished\":\"2023-08-01T14:26:31+00:00\",\"dateModified\":\"2023-10-23T07:34:36+00:00\",\"mainEntityOfPage\":{\"@id\":\"https:\/\/www.fcgueugnon.fr\/site\/espoirs-le-groupe-espoirs-debute-sa-saison-2023-2024\/5718\"},\"wordCount\":126,\"publisher\":{\"@id\":\"https:\/\/www.fcgueugnon.fr\/site\/#organization\"},\"image\":{\"@id\":\"https:\/\/www.fcgueugnon.fr\/site\/espoirs-le-groupe-espoirs-debute-sa-saison-2023-2024\/5718#primaryimage\"},\"thumbnailUrl\":\"https:\/\/www.fcgueugnon.fr\/site\/wp-content\/uploads\/2023\/08\/Entrainement-espoirs-fc-gueugnon-7-scaled.jpg\",\"keywords\":[\"Pr\u00e9paration - Entrainement\"],\"articleSection\":[\"News\",\"News 2023\/2024\"],\"inLanguage\":\"fr-FR\"},{\"@type\":\"WebPage\",\"@id\":\"https:\/\/www.fcgueugnon.fr\/site\/espoirs-le-groupe-espoirs-debute-sa-saison-2023-2024\/5718\",\"url\":\"https:\/\/www.fcgueugnon.fr\/site\/espoirs-le-groupe-espoirs-debute-sa-saison-2023-2024\/5718\",\"name\":\"[Espoirs] Le groupe Espoirs d\u00e9bute sa saison 2023-2024 ! &#8226; FOOTBALL CLUB GUEUGNON\",\"isPartOf\":{\"@id\":\"https:\/\/www.fcgueugnon.fr\/site\/#website\"},\"primaryImageOfPage\":{\"@id\":\"https:\/\/www.fcgueugnon.fr\/site\/espoirs-le-groupe-espoirs-debute-sa-saison-2023-2024\/5718#primaryimage\"},\"image\":{\"@id\":\"https:\/\/www.fcgueugnon.fr\/site\/espoirs-le-groupe-espoirs-debute-sa-saison-2023-2024\/5718#primaryimage\"},\"thumbnailUrl\":\"https:\/\/www.fcgueugnon.fr\/site\/wp-content\/uploads\/2023\/08\/Entrainement-espoirs-fc-gueugnon-7-scaled.jpg\",\"datePublished\":\"2023-08-01T14:26:31+00:00\",\"dateModified\":\"2023-10-23T07:34:36+00:00\",\"breadcrumb\":{\"@id\":\"https:\/\/www.fcgueugnon.fr\/site\/espoirs-le-groupe-espoirs-debute-sa-saison-2023-2024\/5718#breadcrumb\"},\"inLanguage\":\"fr-FR\",\"potentialAction\":[{\"@type\":\"ReadAction\",\"target\":[\"https:\/\/www.fcgueugnon.fr\/site\/espoirs-le-groupe-espoirs-debute-sa-saison-2023-2024\/5718\"]}]},{\"@type\":\"ImageObject\",\"inLanguage\":\"fr-FR\",\"@id\":\"https:\/\/www.fcgueugnon.fr\/site\/espoirs-le-groupe-espoirs-debute-sa-saison-2023-2024\/5718#primaryimage\",\"url\":\"https:\/\/www.fcgueugnon.fr\/site\/wp-content\/uploads\/2023\/08\/Entrainement-espoirs-fc-gueugnon-7-scaled.jpg\",\"contentUrl\":\"https:\/\/www.fcgueugnon.fr\/site\/wp-content\/uploads\/2023\/08\/Entrainement-espoirs-fc-gueugnon-7-scaled.jpg\",\"width\":2560,\"height\":1920},{\"@type\":\"BreadcrumbList\",\"@id\":\"https:\/\/www.fcgueugnon.fr\/site\/espoirs-le-groupe-espoirs-debute-sa-saison-2023-2024\/5718#breadcrumb\",\"itemListElement\":[{\"@type\":\"ListItem\",\"position\":1,\"name\":\"Accueil\",\"item\":\"https:\/\/www.fcgueugnon.fr\/site\/\"},{\"@type\":\"ListItem\",\"position\":2,\"name\":\"[Espoirs] Le groupe Espoirs d\u00e9bute sa saison 2023-2024 !\"}]},{\"@type\":\"WebSite\",\"@id\":\"https:\/\/www.fcgueugnon.fr\/site\/#website\",\"url\":\"https:\/\/www.fcgueugnon.fr\/site\/\",\"name\":\"FOOTBALL CLUB GUEUGNON\",\"description\":\"Le Site Officiel des Forgerons\",\"publisher\":{\"@id\":\"https:\/\/www.fcgueugnon.fr\/site\/#organization\"},\"potentialAction\":[{\"@type\":\"SearchAction\",\"target\":{\"@type\":\"EntryPoint\",\"urlTemplate\":\"https:\/\/www.fcgueugnon.fr\/site\/?s={search_term_string}\"},\"query-input\":{\"@type\":\"PropertyValueSpecification\",\"valueRequired\":true,\"valueName\":\"search_term_string\"}}],\"inLanguage\":\"fr-FR\"},{\"@type\":\"Organization\",\"@id\":\"https:\/\/www.fcgueugnon.fr\/site\/#organization\",\"name\":\"FC Gueugnon\",\"url\":\"https:\/\/www.fcgueugnon.fr\/site\/\",\"logo\":{\"@type\":\"ImageObject\",\"inLanguage\":\"fr-FR\",\"@id\":\"https:\/\/www.fcgueugnon.fr\/site\/#\/schema\/logo\/image\/\",\"url\":\"https:\/\/www.fcgueugnon.fr\/site\/wp-content\/uploads\/2022\/07\/cropped-Logo-FCGUEUGNON-low-350x350-1.png\",\"contentUrl\":\"https:\/\/www.fcgueugnon.fr\/site\/wp-content\/uploads\/2022\/07\/cropped-Logo-FCGUEUGNON-low-350x350-1.png\",\"width\":350,\"height\":350,\"caption\":\"FC Gueugnon\"},\"image\":{\"@id\":\"https:\/\/www.fcgueugnon.fr\/site\/#\/schema\/logo\/image\/\"},\"sameAs\":[\"http:\/\/facebook.com\/FCGueugnon\",\"https:\/\/x.com\/FCGueugnon_off\",\"https:\/\/www.instagram.com\/fcgueugnon\/\",\"https:\/\/www.linkedin.com\/company\/football-club-de-gueugnon\/\",\"https:\/\/www.youtube.com\/user\/FCGueugnonnais\",\"https:\/\/fr.wikipedia.org\/wiki\/Football_Club_de_Gueugnon\"]},{\"@type\":\"Person\",\"@id\":\"https:\/\/www.fcgueugnon.fr\/site\/#\/schema\/person\/829630bfb5d6f3ebe4d296b75687c01a\",\"name\":\"FC Gueugnon\",\"url\":\"https:\/\/www.fcgueugnon.fr\/site\/author\/g-avin1\"}]}<\/script>\n<!-- \/ Yoast SEO plugin. -->","yoast_head_json":{"title":"[Espoirs] Le groupe Espoirs d\u00e9bute sa saison 2023-2024 ! &#8226; FOOTBALL CLUB GUEUGNON","robots":{"index":"index","follow":"follow","max-snippet":"max-snippet:-1","max-image-preview":"max-image-preview:large","max-video-preview":"max-video-preview:-1"},"canonical":"https:\/\/www.fcgueugnon.fr\/site\/espoirs-le-groupe-espoirs-debute-sa-saison-2023-2024\/5718","og_locale":"fr_FR","og_type":"article","og_title":"[Espoirs] Le groupe Espoirs d\u00e9bute sa saison 2023-2024 ! &#8226; FOOTBALL CLUB GUEUGNON","og_description":"Ce lundi 31 Juillet, le Groupe Espoirs retrouvait le chemin de l&rsquo;entra\u00eenement. Fabrice Correia a dirig\u00e9 une s\u00e9ance bas\u00e9e sur le travail physique. Les 14 joueurs pr\u00e9sents ont \u00e9galement eu l&rsquo;occasion de renouer le contact avec le ballon. Lundi 31 Juillet \u25b6 Reprise de l&rsquo;entra\u00eenement Mercredi 9 Ao\u00fbt \u00e0 19h30 \u25b6 Match de pr\u00e9paration \ud83c\udd9a ... Lire la suite","og_url":"https:\/\/www.fcgueugnon.fr\/site\/espoirs-le-groupe-espoirs-debute-sa-saison-2023-2024\/5718","og_site_name":"FOOTBALL CLUB GUEUGNON","article_publisher":"http:\/\/facebook.com\/FCGueugnon","article_published_time":"2023-08-01T14:26:31+00:00","article_modified_time":"2023-10-23T07:34:36+00:00","og_image":[{"width":2560,"height":1920,"url":"https:\/\/www.fcgueugnon.fr\/site\/wp-content\/uploads\/2023\/08\/Entrainement-espoirs-fc-gueugnon-7-scaled.jpg","type":"image\/jpeg"}],"author":"FC Gueugnon","twitter_card":"summary_large_image","twitter_creator":"@FCGueugnon_off","twitter_site":"@FCGueugnon_off","twitter_misc":{"\u00c9crit par":"FC Gueugnon","Dur\u00e9e de lecture estim\u00e9e":"4 minutes"},"schema":{"@context":"https:\/\/schema.org","@graph":[{"@type":"Article","@id":"https:\/\/www.fcgueugnon.fr\/site\/espoirs-le-groupe-espoirs-debute-sa-saison-2023-2024\/5718#article","isPartOf":{"@id":"https:\/\/www.fcgueugnon.fr\/site\/espoirs-le-groupe-espoirs-debute-sa-saison-2023-2024\/5718"},"author":{"name":"FC Gueugnon","@id":"https:\/\/www.fcgueugnon.fr\/site\/#\/schema\/person\/829630bfb5d6f3ebe4d296b75687c01a"},"headline":"[Espoirs] Le groupe Espoirs d\u00e9bute sa saison 2023-2024 !","datePublished":"2023-08-01T14:26:31+00:00","dateModified":"2023-10-23T07:34:36+00:00","mainEntityOfPage":{"@id":"https:\/\/www.fcgueugnon.fr\/site\/espoirs-le-groupe-espoirs-debute-sa-saison-2023-2024\/5718"},"wordCount":126,"publisher":{"@id":"https:\/\/www.fcgueugnon.fr\/site\/#organization"},"image":{"@id":"https:\/\/www.fcgueugnon.fr\/site\/espoirs-le-groupe-espoirs-debute-sa-saison-2023-2024\/5718#primaryimage"},"thumbnailUrl":"https:\/\/www.fcgueugnon.fr\/site\/wp-content\/uploads\/2023\/08\/Entrainement-espoirs-fc-gueugnon-7-scaled.jpg","keywords":["Pr\u00e9paration - Entrainement"],"articleSection":["News","News 2023\/2024"],"inLanguage":"fr-FR"},{"@type":"WebPage","@id":"https:\/\/www.fcgueugnon.fr\/site\/espoirs-le-groupe-espoirs-debute-sa-saison-2023-2024\/5718","url":"https:\/\/www.fcgueugnon.fr\/site\/espoirs-le-groupe-espoirs-debute-sa-saison-2023-2024\/5718","name":"[Espoirs] Le groupe Espoirs d\u00e9bute sa saison 2023-2024 ! &#8226; FOOTBALL CLUB GUEUGNON","isPartOf":{"@id":"https:\/\/www.fcgueugnon.fr\/site\/#website"},"primaryImageOfPage":{"@id":"https:\/\/www.fcgueugnon.fr\/site\/espoirs-le-groupe-espoirs-debute-sa-saison-2023-2024\/5718#primaryimage"},"image":{"@id":"https:\/\/www.fcgueugnon.fr\/site\/espoirs-le-groupe-espoirs-debute-sa-saison-2023-2024\/5718#primaryimage"},"thumbnailUrl":"https:\/\/www.fcgueugnon.fr\/site\/wp-content\/uploads\/2023\/08\/Entrainement-espoirs-fc-gueugnon-7-scaled.jpg","datePublished":"2023-08-01T14:26:31+00:00","dateModified":"2023-10-23T07:34:36+00:00","breadcrumb":{"@id":"https:\/\/www.fcgueugnon.fr\/site\/espoirs-le-groupe-espoirs-debute-sa-saison-2023-2024\/5718#breadcrumb"},"inLanguage":"fr-FR","potentialAction":[{"@type":"ReadAction","target":["https:\/\/www.fcgueugnon.fr\/site\/espoirs-le-groupe-espoirs-debute-sa-saison-2023-2024\/5718"]}]},{"@type":"ImageObject","inLanguage":"fr-FR","@id":"https:\/\/www.fcgueugnon.fr\/site\/espoirs-le-groupe-espoirs-debute-sa-saison-2023-2024\/5718#primaryimage","url":"https:\/\/www.fcgueugnon.fr\/site\/wp-content\/uploads\/2023\/08\/Entrainement-espoirs-fc-gueugnon-7-scaled.jpg","contentUrl":"https:\/\/www.fcgueugnon.fr\/site\/wp-content\/uploads\/2023\/08\/Entrainement-espoirs-fc-gueugnon-7-scaled.jpg","width":2560,"height":1920},{"@type":"BreadcrumbList","@id":"https:\/\/www.fcgueugnon.fr\/site\/espoirs-le-groupe-espoirs-debute-sa-saison-2023-2024\/5718#breadcrumb","itemListElement":[{"@type":"ListItem","position":1,"name":"Accueil","item":"https:\/\/www.fcgueugnon.fr\/site\/"},{"@type":"ListItem","position":2,"name":"[Espoirs] Le groupe Espoirs d\u00e9bute sa saison 2023-2024 !"}]},{"@type":"WebSite","@id":"https:\/\/www.fcgueugnon.fr\/site\/#website","url":"https:\/\/www.fcgueugnon.fr\/site\/","name":"FOOTBALL CLUB GUEUGNON","description":"Le Site Officiel des Forgerons","publisher":{"@id":"https:\/\/www.fcgueugnon.fr\/site\/#organization"},"potentialAction":[{"@type":"SearchAction","target":{"@type":"EntryPoint","urlTemplate":"https:\/\/www.fcgueugnon.fr\/site\/?s={search_term_string}"},"query-input":{"@type":"PropertyValueSpecification","valueRequired":true,"valueName":"search_term_string"}}],"inLanguage":"fr-FR"},{"@type":"Organization","@id":"https:\/\/www.fcgueugnon.fr\/site\/#organization","name":"FC Gueugnon","url":"https:\/\/www.fcgueugnon.fr\/site\/","logo":{"@type":"ImageObject","inLanguage":"fr-FR","@id":"https:\/\/www.fcgueugnon.fr\/site\/#\/schema\/logo\/image\/","url":"https:\/\/www.fcgueugnon.fr\/site\/wp-content\/uploads\/2022\/07\/cropped-Logo-FCGUEUGNON-low-350x350-1.png","contentUrl":"https:\/\/www.fcgueugnon.fr\/site\/wp-content\/uploads\/2022\/07\/cropped-Logo-FCGUEUGNON-low-350x350-1.png","width":350,"height":350,"caption":"FC Gueugnon"},"image":{"@id":"https:\/\/www.fcgueugnon.fr\/site\/#\/schema\/logo\/image\/"},"sameAs":["http:\/\/facebook.com\/FCGueugnon","https:\/\/x.com\/FCGueugnon_off","https:\/\/www.instagram.com\/fcgueugnon\/","https:\/\/www.linkedin.com\/company\/football-club-de-gueugnon\/","https:\/\/www.youtube.com\/user\/FCGueugnonnais","https:\/\/fr.wikipedia.org\/wiki\/Football_Club_de_Gueugnon"]},{"@type":"Person","@id":"https:\/\/www.fcgueugnon.fr\/site\/#\/schema\/person\/829630bfb5d6f3ebe4d296b75687c01a","name":"FC Gueugnon","url":"https:\/\/www.fcgueugnon.fr\/site\/author\/g-avin1"}]}},"rttpg_featured_image_url":{"full":["https:\/\/www.fcgueugnon.fr\/site\/wp-content\/uploads\/2023\/08\/Entrainement-espoirs-fc-gueugnon-7-scaled.jpg",2560,1920,false],"landscape":["https:\/\/www.fcgueugnon.fr\/site\/wp-content\/uploads\/2023\/08\/Entrainement-espoirs-fc-gueugnon-7-scaled.jpg",2560,1920,false],"portraits":["https:\/\/www.fcgueugnon.fr\/site\/wp-content\/uploads\/2023\/08\/Entrainement-espoirs-fc-gueugnon-7-scaled.jpg",2560,1920,false],"thumbnail":["https:\/\/www.fcgueugnon.fr\/site\/wp-content\/uploads\/2023\/08\/Entrainement-espoirs-fc-gueugnon-7-150x150.jpg",150,150,true],"medium":["https:\/\/www.fcgueugnon.fr\/site\/wp-content\/uploads\/2023\/08\/Entrainement-espoirs-fc-gueugnon-7-400x300.jpg",400,300,true],"large":["https:\/\/www.fcgueugnon.fr\/site\/wp-content\/uploads\/2023\/08\/Entrainement-espoirs-fc-gueugnon-7-1024x768.jpg",1024,768,true],"1536x1536":["https:\/\/www.fcgueugnon.fr\/site\/wp-content\/uploads\/2023\/08\/Entrainement-espoirs-fc-gueugnon-7-1536x1152.jpg",1536,1152,true],"2048x2048":["https:\/\/www.fcgueugnon.fr\/site\/wp-content\/uploads\/2023\/08\/Entrainement-espoirs-fc-gueugnon-7-2048x1536.jpg",2048,1536,true]},"rttpg_author":{"display_name":"FC Gueugnon","author_link":"https:\/\/www.fcgueugnon.fr\/site\/author\/g-avin1"},"rttpg_comment":0,"rttpg_category":"<a href=\"https:\/\/www.fcgueugnon.fr\/site\/category\/news\" rel=\"category tag\">News<\/a> <a href=\"https:\/\/www.fcgueugnon.fr\/site\/category\/news\/news-2023-2024\" rel=\"category tag\">News 2023\/2024<\/a>","rttpg_excerpt":"Ce lundi 31 Juillet, le Groupe Espoirs retrouvait le chemin de l&rsquo;entra\u00eenement. Fabrice Correia a dirig\u00e9 une s\u00e9ance bas\u00e9e sur le travail physique. Les 14 joueurs pr\u00e9sents ont \u00e9galement eu l&rsquo;occasion de renouer le contact avec le ballon. Lundi 31 Juillet \u25b6 Reprise de l&rsquo;entra\u00eenement Mercredi 9 Ao\u00fbt \u00e0 19h30 \u25b6 Match de pr\u00e9paration \ud83c\udd9a\u2026","_links":{"self":[{"href":"https:\/\/www.fcgueugnon.fr\/site\/wp-json\/wp\/v2\/posts\/5718","targetHints":{"allow":["GET"]}}],"collection":[{"href":"https:\/\/www.fcgueugnon.fr\/site\/wp-json\/wp\/v2\/posts"}],"about":[{"href":"https:\/\/www.fcgueugnon.fr\/site\/wp-json\/wp\/v2\/types\/post"}],"author":[{"embeddable":true,"href":"https:\/\/www.fcgueugnon.fr\/site\/wp-json\/wp\/v2\/users\/3"}],"replies":[{"embeddable":true,"href":"https:\/\/www.fcgueugnon.fr\/site\/wp-json\/wp\/v2\/comments?post=5718"}],"version-history":[{"count":2,"href":"https:\/\/www.fcgueugnon.fr\/site\/wp-json\/wp\/v2\/posts\/5718\/revisions"}],"predecessor-version":[{"id":5731,"href":"https:\/\/www.fcgueugnon.fr\/site\/wp-json\/wp\/v2\/posts\/5718\/revisions\/5731"}],"wp:featuredmedia":[{"embeddable":true,"href":"https:\/\/www.fcgueugnon.fr\/site\/wp-json\/wp\/v2\/media\/5726"}],"wp:attachment":[{"href":"https:\/\/www.fcgueugnon.fr\/site\/wp-json\/wp\/v2\/media?parent=5718"}],"wp:term":[{"taxonomy":"category","embeddable":true,"href":"https:\/\/www.fcgueugnon.fr\/site\/wp-json\/wp\/v2\/categories?post=5718"},{"taxonomy":"post_tag","embeddable":true,"href":"https:\/\/www.fcgueugnon.fr\/site\/wp-json\/wp\/v2\/tags?post=5718"}],"curies":[{"name":"wp","href":"https:\/\/api.w.org\/{rel}","templated":true}]}}