{"id":5650,"date":"2023-08-02T11:55:00","date_gmt":"2023-08-02T09:55:00","guid":{"rendered":"https:\/\/www.fcgueugnon.fr\/site\/?p=5650"},"modified":"2023-10-23T09:34:36","modified_gmt":"2023-10-23T07:34:36","slug":"mercato-2023-2024-le-fc-gueugnon-renforce-son-secteur-offensif-avec-larrivee-damine-ramdane","status":"publish","type":"post","link":"https:\/\/www.fcgueugnon.fr\/site\/mercato-2023-2024-le-fc-gueugnon-renforce-son-secteur-offensif-avec-larrivee-damine-ramdane\/5650","title":{"rendered":"[Mercato 2023-2024] Le FC Gueugnon renforce son secteur offensif avec l&rsquo;arriv\u00e9e d&rsquo;Amine Ramdane !"},"content":{"rendered":"\n<h3 class=\"wp-block-heading has-text-align-left\"><strong>Le FC Gueugnon est heureux d&rsquo;accueillir Amine Ramdane au sein de son effectif. En provenance de Chatellerault, il sera un nouveau renfort offensif pour le groupe N3 !<\/strong><\/h3>\n\n\n\n<div style=\"height:30px\" aria-hidden=\"true\" class=\"wp-block-spacer\"><\/div>\n\n\n<div class=\"wp-block-image\">\n<figure class=\"aligncenter size-large\"><img loading=\"lazy\" decoding=\"async\" width=\"1024\" height=\"682\" src=\"https:\/\/www.fcgueugnon.fr\/site\/wp-content\/uploads\/2023\/08\/Amine-Ramdane-1024x682.png\" alt=\"\" class=\"wp-image-5732\" srcset=\"https:\/\/www.fcgueugnon.fr\/site\/wp-content\/uploads\/2023\/08\/Amine-Ramdane-1024x682.png 1024w, https:\/\/www.fcgueugnon.fr\/site\/wp-content\/uploads\/2023\/08\/Amine-Ramdane-400x267.png 400w, https:\/\/www.fcgueugnon.fr\/site\/wp-content\/uploads\/2023\/08\/Amine-Ramdane-768x512.png 768w, https:\/\/www.fcgueugnon.fr\/site\/wp-content\/uploads\/2023\/08\/Amine-Ramdane-1536x1024.png 1536w, https:\/\/www.fcgueugnon.fr\/site\/wp-content\/uploads\/2023\/08\/Amine-Ramdane-1320x880.png 1320w, https:\/\/www.fcgueugnon.fr\/site\/wp-content\/uploads\/2023\/08\/Amine-Ramdane-600x400.png 600w, https:\/\/www.fcgueugnon.fr\/site\/wp-content\/uploads\/2023\/08\/Amine-Ramdane.png 1772w\" sizes=\"auto, (max-width: 1024px) 100vw, 1024px\" \/><\/figure>\n<\/div>\n\n\n<div style=\"height:50px\" aria-hidden=\"true\" class=\"wp-block-spacer\"><\/div>\n\n\n\n<h3 class=\"wp-block-heading western\"><strong>\u00ab\u00a0L&rsquo;anguille\u00a0\u00bb de Chatellerault<\/strong><\/h3>\n\n\n\n<p class=\"mb-0 pb-0\">Originaire de la Plaine d&rsquo;Ozon, Amine Ramdane, \u00e2g\u00e9 de 23 ans, a \u00e9t\u00e9 form\u00e9 au sein du SO Chatellerault. En 2019, il rejoint l&rsquo;US Chauvigny, o\u00f9 il a \u00e9volu\u00e9 pendant trois saisons en National 3. Au cours de cette p\u00e9riode, Amine Ramdane a r\u00e9alis\u00e9 de remarquables performances menant son \u00e9quipe jusqu&rsquo;aux 16e de finale de Coupe de France et inscrivant 6 buts en championnat N3. Apr\u00e8s un passage de six mois au Stade Poitevin FC, il a finalement retrouv\u00e9 son club formateur lors de la saison 2022-2023. Surnomm\u00e9 \u00ab\u00a0l&rsquo;anguille\u00a0\u00bb par les supporters de son club formateur, il est appr\u00e9ci\u00e9 par ses qualit\u00e9s de dribbleur et son statut de \u00ab\u00a0joueur insaisissable\u00a0\u00bb.<\/p>\n\n\n\n<div style=\"height:20px\" aria-hidden=\"true\" class=\"wp-block-spacer\"><\/div>\n\n\n\n<h3 class=\"wp-block-heading western\"><strong>Un attaquant virevoletant qui sort d\u2019une saison pleine en N3 !<\/strong><\/h3>\n\n\n\n<p>La saison derni\u00e8re, Amine Ramdane a \u00e9volu\u00e9 sous les couleurs du SOC et a particip\u00e9 \u00e0 25 matchs en National 3. Avec 1 981 minutes de jeu, cet attaquant virevoltant a brillamment d\u00e9montr\u00e9 ses qualit\u00e9s de dribbleur et de finisseur en marquant 5 buts lors du championnat.<\/p>\n\n\n\n<p>L\u2019ensemble du Club te souhaite la bienvenue Amine, ainsi que le meilleur pour la saison \u00e0 venir !<\/p>\n\n\n\n<div style=\"height:30px\" aria-hidden=\"true\" class=\"wp-block-spacer\"><\/div>\n\n\n\n<h3 class=\"wp-block-heading\"><strong>Amine Ramdane en chiffres<\/strong><\/h3>\n\n\n\n<div style=\"height:30px\" aria-hidden=\"true\" class=\"wp-block-spacer\"><\/div>\n\n\n\n<div class=\"wp-block-columns is-layout-flex wp-container-core-columns-is-layout-9d6595d7 wp-block-columns-is-layout-flex\">\n<div class=\"wp-block-column is-layout-flow wp-block-column-is-layout-flow\">\n<div class=\"wp-block-getwid-counter\"><div class=\"wp-block-getwid-counter__wrapper\" style=\"text-align:center\" data-start=\"0\" data-end=\"25\" data-decimal-places=\"0\" data-duration=\"3\" data-use-easing=\"true\" data-use-grouping=\"true\" data-separator=\",\" data-decimal=\".\" data-easing-fn=\"outExpo\" data-numerals=\"default\"><span class=\"wp-block-getwid-counter__number\">0<\/span><p class=\"wp-block-getwid-counter__suffix\">matches jou\u00e9s la saison derni\u00e8re<br>en National 3<\/p><\/div><\/div>\n<\/div>\n\n\n\n<div class=\"wp-block-column is-layout-flow wp-block-column-is-layout-flow\">\n<div class=\"wp-block-getwid-counter\"><div class=\"wp-block-getwid-counter__wrapper\" style=\"text-align:center\" data-start=\"0\" data-end=\"5\" data-decimal-places=\"0\" data-duration=\"3\" data-use-easing=\"true\" data-use-grouping=\"true\" data-separator=\",\" data-decimal=\".\" data-easing-fn=\"outExpo\" data-numerals=\"default\"><span class=\"wp-block-getwid-counter__number\">0<\/span><p class=\"wp-block-getwid-counter__suffix\">buts en<br>National 3 la saison derni\u00e8re<\/p><\/div><\/div>\n<\/div>\n\n\n\n<div class=\"wp-block-column is-layout-flow wp-block-column-is-layout-flow\">\n<div class=\"wp-block-getwid-counter\"><div class=\"wp-block-getwid-counter__wrapper\" style=\"text-align:center\" data-start=\"0\" data-end=\"1981\" data-decimal-places=\"0\" data-duration=\"3\" data-use-easing=\"true\" data-use-grouping=\"true\" data-separator=\",\" data-decimal=\".\" data-easing-fn=\"outExpo\" data-numerals=\"default\"><span class=\"wp-block-getwid-counter__number\">0<\/span><p class=\"wp-block-getwid-counter__suffix\">minutes jou\u00e9es en<br>championnat la saison derni\u00e8re<\/p><\/div><\/div>\n<\/div>\n<\/div>\n\n\n\n<div style=\"height:30px\" aria-hidden=\"true\" class=\"wp-block-spacer\"><\/div>\n\n\n\n<hr class=\"wp-block-separator has-alpha-channel-opacity\"\/>\n\n\n\n<div style=\"height:30px\" aria-hidden=\"true\" class=\"wp-block-spacer\"><\/div>\n\n\n\n<h3 class=\"wp-block-heading\"><strong>R\u00e9capitulatif des transferts (saison 2023-2024) :<\/strong><\/h3>\n\n\n\n<p><strong>Arriv\u00e9es :<\/strong>&nbsp;<a href=\"https:\/\/www.fcgueugnon.fr\/site\/mercato-2023-2024-yannick-mambo-premiere-recrue-du-fc-gueugnon\/5215\">Yannick Mambo (Is-Selongey Football)<\/a> ; <a href=\"https:\/\/www.fcgueugnon.fr\/site\/mercato-2023-2024-mathis-clerval-est-la-seconde-recrue-gueugnonnaise\/5313\">Mathis Clerval (ESTAC Troyes)<\/a> ; <a href=\"https:\/\/www.fcgueugnon.fr\/site\/mercato-2023-2024-direction-gueugnon-pour-fraty-miezi-kembolo\/5367\">Fraty Miezy Kembolo (Is-Selongey Football)<\/a> ; <a href=\"https:\/\/www.fcgueugnon.fr\/site\/mercato-2023-2024-loan-hernandez-un-nouveau-gardien-debarque-a-jean-laville\/5372\">Loan Hernandez (Rodez Aveyron Football)<\/a>, <a href=\"https:\/\/www.fcgueugnon.fr\/site\/mercato-2023-2024-le-fcg-muscle-son-secteur-defensif-avec-larrivee-de-mahamadou-cisse\/5375\" target=\"_blank\" rel=\"noreferrer noopener\">Mahamadou Ciss\u00e9 (Bourges 18)<\/a> ;  Amine Ramdane (SO Chatellerault)<\/p>\n\n\n\n<p><strong>D\u00e9parts :<\/strong>&nbsp;Jean-Pierre Mendy (Dinan-L\u00e9hon) ; Hugo Ketterle (ASPTT Dijon) ; Charles Houla (FC Chalon) ; Fabrice Revuelta (Digoin FCA) ; Franck Revuelta (Digoin FCA) ; Anthony Lamonge (ASC Biesheim Football) ; Erwan Mbock (S.S. Jeanne D&rsquo;Arc &#8211; La R\u00e9union).<\/p>\n\n\n\n<div style=\"height:30px\" aria-hidden=\"true\" class=\"wp-block-spacer\"><\/div>\n\n\n\n<h3 class=\"wp-block-heading\">\u25ba <strong><em><a href=\"https:\/\/www.fcgueugnon.fr\/site\/?s=Mercato+2023-2024\">Retrouvez toute l&rsquo;actu mercato du FCG<\/a><\/em><\/strong><\/h3>\n\n\n\n<p><\/p>\n","protected":false},"excerpt":{"rendered":"<p>Le FC Gueugnon est heureux d&rsquo;accueillir Amine Ramdane au sein de son effectif. En provenance de Chatellerault, il sera un nouveau renfort offensif pour le groupe N3 ! \u00ab\u00a0L&rsquo;anguille\u00a0\u00bb de Chatellerault Originaire de la Plaine d&rsquo;Ozon, Amine Ramdane, \u00e2g\u00e9 de 23 ans, a \u00e9t\u00e9 form\u00e9 au sein du SO Chatellerault. En 2019, il rejoint l&rsquo;US &#8230; <\/p>\n<p class=\"read-more-container\"><a title=\"[Mercato 2023-2024] Le FC Gueugnon renforce son secteur offensif avec l&rsquo;arriv\u00e9e d&rsquo;Amine Ramdane !\" class=\"read-more button\" href=\"https:\/\/www.fcgueugnon.fr\/site\/mercato-2023-2024-le-fc-gueugnon-renforce-son-secteur-offensif-avec-larrivee-damine-ramdane\/5650#more-5650\" aria-label=\"Plus sur [Mercato 2023-2024] Le FC Gueugnon renforce son secteur offensif avec l&rsquo;arriv\u00e9e d&rsquo;Amine Ramdane !\">Lire la suite<\/a><\/p>\n","protected":false},"author":3,"featured_media":5732,"comment_status":"closed","ping_status":"closed","sticky":false,"template":"","format":"standard","meta":{"footnotes":""},"categories":[4,55],"tags":[8,54,10],"class_list":["post-5650","post","type-post","status-publish","format-standard","has-post-thumbnail","hentry","category-news","category-news-2023-2024","tag-effectif","tag-mercato-2023-2024","tag-preparation-entrainement","infinite-scroll-item","generate-columns","tablet-grid-50","mobile-grid-100","grid-parent","grid-25"],"yoast_head":"<!-- This site is optimized with the Yoast SEO plugin v26.6 - https:\/\/yoast.com\/wordpress\/plugins\/seo\/ -->\n<title>[Mercato 2023-2024] Le FC Gueugnon renforce son secteur offensif avec l&#039;arriv\u00e9e d&#039;Amine Ramdane ! &#8226; FOOTBALL CLUB GUEUGNON<\/title>\n<meta name=\"robots\" content=\"index, follow, max-snippet:-1, max-image-preview:large, max-video-preview:-1\" \/>\n<link rel=\"canonical\" href=\"https:\/\/www.fcgueugnon.fr\/site\/mercato-2023-2024-le-fc-gueugnon-renforce-son-secteur-offensif-avec-larrivee-damine-ramdane\/5650\" \/>\n<meta property=\"og:locale\" content=\"fr_FR\" \/>\n<meta property=\"og:type\" content=\"article\" \/>\n<meta property=\"og:title\" content=\"[Mercato 2023-2024] Le FC Gueugnon renforce son secteur offensif avec l&#039;arriv\u00e9e d&#039;Amine Ramdane ! &#8226; FOOTBALL CLUB GUEUGNON\" \/>\n<meta property=\"og:description\" content=\"Le FC Gueugnon est heureux d&rsquo;accueillir Amine Ramdane au sein de son effectif. En provenance de Chatellerault, il sera un nouveau renfort offensif pour le groupe N3 ! \u00ab\u00a0L&rsquo;anguille\u00a0\u00bb de Chatellerault Originaire de la Plaine d&rsquo;Ozon, Amine Ramdane, \u00e2g\u00e9 de 23 ans, a \u00e9t\u00e9 form\u00e9 au sein du SO Chatellerault. En 2019, il rejoint l&rsquo;US ... Lire la suite\" \/>\n<meta property=\"og:url\" content=\"https:\/\/www.fcgueugnon.fr\/site\/mercato-2023-2024-le-fc-gueugnon-renforce-son-secteur-offensif-avec-larrivee-damine-ramdane\/5650\" \/>\n<meta property=\"og:site_name\" content=\"FOOTBALL CLUB GUEUGNON\" \/>\n<meta property=\"article:publisher\" content=\"http:\/\/facebook.com\/FCGueugnon\" \/>\n<meta property=\"article:published_time\" content=\"2023-08-02T09:55:00+00:00\" \/>\n<meta property=\"article:modified_time\" content=\"2023-10-23T07:34:36+00:00\" \/>\n<meta property=\"og:image\" content=\"https:\/\/www.fcgueugnon.fr\/site\/wp-content\/uploads\/2023\/08\/Amine-Ramdane-1024x682.png\" \/>\n\t<meta property=\"og:image:width\" content=\"1024\" \/>\n\t<meta property=\"og:image:height\" content=\"682\" \/>\n\t<meta property=\"og:image:type\" content=\"image\/png\" \/>\n<meta name=\"author\" content=\"FC Gueugnon\" \/>\n<meta name=\"twitter:card\" content=\"summary_large_image\" \/>\n<meta name=\"twitter:creator\" content=\"@FCGueugnon_off\" \/>\n<meta name=\"twitter:site\" content=\"@FCGueugnon_off\" \/>\n<meta name=\"twitter:label1\" content=\"\u00c9crit par\" \/>\n\t<meta name=\"twitter:data1\" content=\"FC Gueugnon\" \/>\n\t<meta name=\"twitter:label2\" content=\"Dur\u00e9e de lecture estim\u00e9e\" \/>\n\t<meta name=\"twitter:data2\" content=\"2 minutes\" \/>\n<script type=\"application\/ld+json\" class=\"yoast-schema-graph\">{\"@context\":\"https:\/\/schema.org\",\"@graph\":[{\"@type\":\"Article\",\"@id\":\"https:\/\/www.fcgueugnon.fr\/site\/mercato-2023-2024-le-fc-gueugnon-renforce-son-secteur-offensif-avec-larrivee-damine-ramdane\/5650#article\",\"isPartOf\":{\"@id\":\"https:\/\/www.fcgueugnon.fr\/site\/mercato-2023-2024-le-fc-gueugnon-renforce-son-secteur-offensif-avec-larrivee-damine-ramdane\/5650\"},\"author\":{\"name\":\"FC Gueugnon\",\"@id\":\"https:\/\/www.fcgueugnon.fr\/site\/#\/schema\/person\/829630bfb5d6f3ebe4d296b75687c01a\"},\"headline\":\"[Mercato 2023-2024] Le FC Gueugnon renforce son secteur offensif avec l&rsquo;arriv\u00e9e d&rsquo;Amine Ramdane !\",\"datePublished\":\"2023-08-02T09:55:00+00:00\",\"dateModified\":\"2023-10-23T07:34:36+00:00\",\"mainEntityOfPage\":{\"@id\":\"https:\/\/www.fcgueugnon.fr\/site\/mercato-2023-2024-le-fc-gueugnon-renforce-son-secteur-offensif-avec-larrivee-damine-ramdane\/5650\"},\"wordCount\":341,\"publisher\":{\"@id\":\"https:\/\/www.fcgueugnon.fr\/site\/#organization\"},\"image\":{\"@id\":\"https:\/\/www.fcgueugnon.fr\/site\/mercato-2023-2024-le-fc-gueugnon-renforce-son-secteur-offensif-avec-larrivee-damine-ramdane\/5650#primaryimage\"},\"thumbnailUrl\":\"https:\/\/www.fcgueugnon.fr\/site\/wp-content\/uploads\/2023\/08\/Amine-Ramdane.png\",\"keywords\":[\"effectif\",\"Mercato 2023-2024\",\"Pr\u00e9paration - Entrainement\"],\"articleSection\":[\"News\",\"News 2023\/2024\"],\"inLanguage\":\"fr-FR\"},{\"@type\":\"WebPage\",\"@id\":\"https:\/\/www.fcgueugnon.fr\/site\/mercato-2023-2024-le-fc-gueugnon-renforce-son-secteur-offensif-avec-larrivee-damine-ramdane\/5650\",\"url\":\"https:\/\/www.fcgueugnon.fr\/site\/mercato-2023-2024-le-fc-gueugnon-renforce-son-secteur-offensif-avec-larrivee-damine-ramdane\/5650\",\"name\":\"[Mercato 2023-2024] Le FC Gueugnon renforce son secteur offensif avec l'arriv\u00e9e d'Amine Ramdane ! &#8226; FOOTBALL CLUB GUEUGNON\",\"isPartOf\":{\"@id\":\"https:\/\/www.fcgueugnon.fr\/site\/#website\"},\"primaryImageOfPage\":{\"@id\":\"https:\/\/www.fcgueugnon.fr\/site\/mercato-2023-2024-le-fc-gueugnon-renforce-son-secteur-offensif-avec-larrivee-damine-ramdane\/5650#primaryimage\"},\"image\":{\"@id\":\"https:\/\/www.fcgueugnon.fr\/site\/mercato-2023-2024-le-fc-gueugnon-renforce-son-secteur-offensif-avec-larrivee-damine-ramdane\/5650#primaryimage\"},\"thumbnailUrl\":\"https:\/\/www.fcgueugnon.fr\/site\/wp-content\/uploads\/2023\/08\/Amine-Ramdane.png\",\"datePublished\":\"2023-08-02T09:55:00+00:00\",\"dateModified\":\"2023-10-23T07:34:36+00:00\",\"breadcrumb\":{\"@id\":\"https:\/\/www.fcgueugnon.fr\/site\/mercato-2023-2024-le-fc-gueugnon-renforce-son-secteur-offensif-avec-larrivee-damine-ramdane\/5650#breadcrumb\"},\"inLanguage\":\"fr-FR\",\"potentialAction\":[{\"@type\":\"ReadAction\",\"target\":[\"https:\/\/www.fcgueugnon.fr\/site\/mercato-2023-2024-le-fc-gueugnon-renforce-son-secteur-offensif-avec-larrivee-damine-ramdane\/5650\"]}]},{\"@type\":\"ImageObject\",\"inLanguage\":\"fr-FR\",\"@id\":\"https:\/\/www.fcgueugnon.fr\/site\/mercato-2023-2024-le-fc-gueugnon-renforce-son-secteur-offensif-avec-larrivee-damine-ramdane\/5650#primaryimage\",\"url\":\"https:\/\/www.fcgueugnon.fr\/site\/wp-content\/uploads\/2023\/08\/Amine-Ramdane.png\",\"contentUrl\":\"https:\/\/www.fcgueugnon.fr\/site\/wp-content\/uploads\/2023\/08\/Amine-Ramdane.png\",\"width\":1772,\"height\":1181},{\"@type\":\"BreadcrumbList\",\"@id\":\"https:\/\/www.fcgueugnon.fr\/site\/mercato-2023-2024-le-fc-gueugnon-renforce-son-secteur-offensif-avec-larrivee-damine-ramdane\/5650#breadcrumb\",\"itemListElement\":[{\"@type\":\"ListItem\",\"position\":1,\"name\":\"Accueil\",\"item\":\"https:\/\/www.fcgueugnon.fr\/site\/\"},{\"@type\":\"ListItem\",\"position\":2,\"name\":\"[Mercato 2023-2024] Le FC Gueugnon renforce son secteur offensif avec l&#8217;arriv\u00e9e d&#8217;Amine Ramdane !\"}]},{\"@type\":\"WebSite\",\"@id\":\"https:\/\/www.fcgueugnon.fr\/site\/#website\",\"url\":\"https:\/\/www.fcgueugnon.fr\/site\/\",\"name\":\"FOOTBALL CLUB GUEUGNON\",\"description\":\"Le Site Officiel des Forgerons\",\"publisher\":{\"@id\":\"https:\/\/www.fcgueugnon.fr\/site\/#organization\"},\"potentialAction\":[{\"@type\":\"SearchAction\",\"target\":{\"@type\":\"EntryPoint\",\"urlTemplate\":\"https:\/\/www.fcgueugnon.fr\/site\/?s={search_term_string}\"},\"query-input\":{\"@type\":\"PropertyValueSpecification\",\"valueRequired\":true,\"valueName\":\"search_term_string\"}}],\"inLanguage\":\"fr-FR\"},{\"@type\":\"Organization\",\"@id\":\"https:\/\/www.fcgueugnon.fr\/site\/#organization\",\"name\":\"FC Gueugnon\",\"url\":\"https:\/\/www.fcgueugnon.fr\/site\/\",\"logo\":{\"@type\":\"ImageObject\",\"inLanguage\":\"fr-FR\",\"@id\":\"https:\/\/www.fcgueugnon.fr\/site\/#\/schema\/logo\/image\/\",\"url\":\"https:\/\/www.fcgueugnon.fr\/site\/wp-content\/uploads\/2022\/07\/cropped-Logo-FCGUEUGNON-low-350x350-1.png\",\"contentUrl\":\"https:\/\/www.fcgueugnon.fr\/site\/wp-content\/uploads\/2022\/07\/cropped-Logo-FCGUEUGNON-low-350x350-1.png\",\"width\":350,\"height\":350,\"caption\":\"FC Gueugnon\"},\"image\":{\"@id\":\"https:\/\/www.fcgueugnon.fr\/site\/#\/schema\/logo\/image\/\"},\"sameAs\":[\"http:\/\/facebook.com\/FCGueugnon\",\"https:\/\/x.com\/FCGueugnon_off\",\"https:\/\/www.instagram.com\/fcgueugnon\/\",\"https:\/\/www.linkedin.com\/company\/football-club-de-gueugnon\/\",\"https:\/\/www.youtube.com\/user\/FCGueugnonnais\",\"https:\/\/fr.wikipedia.org\/wiki\/Football_Club_de_Gueugnon\"]},{\"@type\":\"Person\",\"@id\":\"https:\/\/www.fcgueugnon.fr\/site\/#\/schema\/person\/829630bfb5d6f3ebe4d296b75687c01a\",\"name\":\"FC Gueugnon\",\"url\":\"https:\/\/www.fcgueugnon.fr\/site\/author\/g-avin1\"}]}<\/script>\n<!-- \/ Yoast SEO plugin. -->","yoast_head_json":{"title":"[Mercato 2023-2024] Le FC Gueugnon renforce son secteur offensif avec l'arriv\u00e9e d'Amine Ramdane ! &#8226; FOOTBALL CLUB GUEUGNON","robots":{"index":"index","follow":"follow","max-snippet":"max-snippet:-1","max-image-preview":"max-image-preview:large","max-video-preview":"max-video-preview:-1"},"canonical":"https:\/\/www.fcgueugnon.fr\/site\/mercato-2023-2024-le-fc-gueugnon-renforce-son-secteur-offensif-avec-larrivee-damine-ramdane\/5650","og_locale":"fr_FR","og_type":"article","og_title":"[Mercato 2023-2024] Le FC Gueugnon renforce son secteur offensif avec l'arriv\u00e9e d'Amine Ramdane ! &#8226; FOOTBALL CLUB GUEUGNON","og_description":"Le FC Gueugnon est heureux d&rsquo;accueillir Amine Ramdane au sein de son effectif. En provenance de Chatellerault, il sera un nouveau renfort offensif pour le groupe N3 ! \u00ab\u00a0L&rsquo;anguille\u00a0\u00bb de Chatellerault Originaire de la Plaine d&rsquo;Ozon, Amine Ramdane, \u00e2g\u00e9 de 23 ans, a \u00e9t\u00e9 form\u00e9 au sein du SO Chatellerault. En 2019, il rejoint l&rsquo;US ... Lire la suite","og_url":"https:\/\/www.fcgueugnon.fr\/site\/mercato-2023-2024-le-fc-gueugnon-renforce-son-secteur-offensif-avec-larrivee-damine-ramdane\/5650","og_site_name":"FOOTBALL CLUB GUEUGNON","article_publisher":"http:\/\/facebook.com\/FCGueugnon","article_published_time":"2023-08-02T09:55:00+00:00","article_modified_time":"2023-10-23T07:34:36+00:00","og_image":[{"width":1024,"height":682,"url":"https:\/\/www.fcgueugnon.fr\/site\/wp-content\/uploads\/2023\/08\/Amine-Ramdane-1024x682.png","type":"image\/png"}],"author":"FC Gueugnon","twitter_card":"summary_large_image","twitter_creator":"@FCGueugnon_off","twitter_site":"@FCGueugnon_off","twitter_misc":{"\u00c9crit par":"FC Gueugnon","Dur\u00e9e de lecture estim\u00e9e":"2 minutes"},"schema":{"@context":"https:\/\/schema.org","@graph":[{"@type":"Article","@id":"https:\/\/www.fcgueugnon.fr\/site\/mercato-2023-2024-le-fc-gueugnon-renforce-son-secteur-offensif-avec-larrivee-damine-ramdane\/5650#article","isPartOf":{"@id":"https:\/\/www.fcgueugnon.fr\/site\/mercato-2023-2024-le-fc-gueugnon-renforce-son-secteur-offensif-avec-larrivee-damine-ramdane\/5650"},"author":{"name":"FC Gueugnon","@id":"https:\/\/www.fcgueugnon.fr\/site\/#\/schema\/person\/829630bfb5d6f3ebe4d296b75687c01a"},"headline":"[Mercato 2023-2024] Le FC Gueugnon renforce son secteur offensif avec l&rsquo;arriv\u00e9e d&rsquo;Amine Ramdane !","datePublished":"2023-08-02T09:55:00+00:00","dateModified":"2023-10-23T07:34:36+00:00","mainEntityOfPage":{"@id":"https:\/\/www.fcgueugnon.fr\/site\/mercato-2023-2024-le-fc-gueugnon-renforce-son-secteur-offensif-avec-larrivee-damine-ramdane\/5650"},"wordCount":341,"publisher":{"@id":"https:\/\/www.fcgueugnon.fr\/site\/#organization"},"image":{"@id":"https:\/\/www.fcgueugnon.fr\/site\/mercato-2023-2024-le-fc-gueugnon-renforce-son-secteur-offensif-avec-larrivee-damine-ramdane\/5650#primaryimage"},"thumbnailUrl":"https:\/\/www.fcgueugnon.fr\/site\/wp-content\/uploads\/2023\/08\/Amine-Ramdane.png","keywords":["effectif","Mercato 2023-2024","Pr\u00e9paration - Entrainement"],"articleSection":["News","News 2023\/2024"],"inLanguage":"fr-FR"},{"@type":"WebPage","@id":"https:\/\/www.fcgueugnon.fr\/site\/mercato-2023-2024-le-fc-gueugnon-renforce-son-secteur-offensif-avec-larrivee-damine-ramdane\/5650","url":"https:\/\/www.fcgueugnon.fr\/site\/mercato-2023-2024-le-fc-gueugnon-renforce-son-secteur-offensif-avec-larrivee-damine-ramdane\/5650","name":"[Mercato 2023-2024] Le FC Gueugnon renforce son secteur offensif avec l'arriv\u00e9e d'Amine Ramdane ! &#8226; FOOTBALL CLUB GUEUGNON","isPartOf":{"@id":"https:\/\/www.fcgueugnon.fr\/site\/#website"},"primaryImageOfPage":{"@id":"https:\/\/www.fcgueugnon.fr\/site\/mercato-2023-2024-le-fc-gueugnon-renforce-son-secteur-offensif-avec-larrivee-damine-ramdane\/5650#primaryimage"},"image":{"@id":"https:\/\/www.fcgueugnon.fr\/site\/mercato-2023-2024-le-fc-gueugnon-renforce-son-secteur-offensif-avec-larrivee-damine-ramdane\/5650#primaryimage"},"thumbnailUrl":"https:\/\/www.fcgueugnon.fr\/site\/wp-content\/uploads\/2023\/08\/Amine-Ramdane.png","datePublished":"2023-08-02T09:55:00+00:00","dateModified":"2023-10-23T07:34:36+00:00","breadcrumb":{"@id":"https:\/\/www.fcgueugnon.fr\/site\/mercato-2023-2024-le-fc-gueugnon-renforce-son-secteur-offensif-avec-larrivee-damine-ramdane\/5650#breadcrumb"},"inLanguage":"fr-FR","potentialAction":[{"@type":"ReadAction","target":["https:\/\/www.fcgueugnon.fr\/site\/mercato-2023-2024-le-fc-gueugnon-renforce-son-secteur-offensif-avec-larrivee-damine-ramdane\/5650"]}]},{"@type":"ImageObject","inLanguage":"fr-FR","@id":"https:\/\/www.fcgueugnon.fr\/site\/mercato-2023-2024-le-fc-gueugnon-renforce-son-secteur-offensif-avec-larrivee-damine-ramdane\/5650#primaryimage","url":"https:\/\/www.fcgueugnon.fr\/site\/wp-content\/uploads\/2023\/08\/Amine-Ramdane.png","contentUrl":"https:\/\/www.fcgueugnon.fr\/site\/wp-content\/uploads\/2023\/08\/Amine-Ramdane.png","width":1772,"height":1181},{"@type":"BreadcrumbList","@id":"https:\/\/www.fcgueugnon.fr\/site\/mercato-2023-2024-le-fc-gueugnon-renforce-son-secteur-offensif-avec-larrivee-damine-ramdane\/5650#breadcrumb","itemListElement":[{"@type":"ListItem","position":1,"name":"Accueil","item":"https:\/\/www.fcgueugnon.fr\/site\/"},{"@type":"ListItem","position":2,"name":"[Mercato 2023-2024] Le FC Gueugnon renforce son secteur offensif avec l&#8217;arriv\u00e9e d&#8217;Amine Ramdane !"}]},{"@type":"WebSite","@id":"https:\/\/www.fcgueugnon.fr\/site\/#website","url":"https:\/\/www.fcgueugnon.fr\/site\/","name":"FOOTBALL CLUB GUEUGNON","description":"Le Site Officiel des Forgerons","publisher":{"@id":"https:\/\/www.fcgueugnon.fr\/site\/#organization"},"potentialAction":[{"@type":"SearchAction","target":{"@type":"EntryPoint","urlTemplate":"https:\/\/www.fcgueugnon.fr\/site\/?s={search_term_string}"},"query-input":{"@type":"PropertyValueSpecification","valueRequired":true,"valueName":"search_term_string"}}],"inLanguage":"fr-FR"},{"@type":"Organization","@id":"https:\/\/www.fcgueugnon.fr\/site\/#organization","name":"FC Gueugnon","url":"https:\/\/www.fcgueugnon.fr\/site\/","logo":{"@type":"ImageObject","inLanguage":"fr-FR","@id":"https:\/\/www.fcgueugnon.fr\/site\/#\/schema\/logo\/image\/","url":"https:\/\/www.fcgueugnon.fr\/site\/wp-content\/uploads\/2022\/07\/cropped-Logo-FCGUEUGNON-low-350x350-1.png","contentUrl":"https:\/\/www.fcgueugnon.fr\/site\/wp-content\/uploads\/2022\/07\/cropped-Logo-FCGUEUGNON-low-350x350-1.png","width":350,"height":350,"caption":"FC Gueugnon"},"image":{"@id":"https:\/\/www.fcgueugnon.fr\/site\/#\/schema\/logo\/image\/"},"sameAs":["http:\/\/facebook.com\/FCGueugnon","https:\/\/x.com\/FCGueugnon_off","https:\/\/www.instagram.com\/fcgueugnon\/","https:\/\/www.linkedin.com\/company\/football-club-de-gueugnon\/","https:\/\/www.youtube.com\/user\/FCGueugnonnais","https:\/\/fr.wikipedia.org\/wiki\/Football_Club_de_Gueugnon"]},{"@type":"Person","@id":"https:\/\/www.fcgueugnon.fr\/site\/#\/schema\/person\/829630bfb5d6f3ebe4d296b75687c01a","name":"FC Gueugnon","url":"https:\/\/www.fcgueugnon.fr\/site\/author\/g-avin1"}]}},"rttpg_featured_image_url":{"full":["https:\/\/www.fcgueugnon.fr\/site\/wp-content\/uploads\/2023\/08\/Amine-Ramdane.png",1772,1181,false],"landscape":["https:\/\/www.fcgueugnon.fr\/site\/wp-content\/uploads\/2023\/08\/Amine-Ramdane.png",1772,1181,false],"portraits":["https:\/\/www.fcgueugnon.fr\/site\/wp-content\/uploads\/2023\/08\/Amine-Ramdane.png",1772,1181,false],"thumbnail":["https:\/\/www.fcgueugnon.fr\/site\/wp-content\/uploads\/2023\/08\/Amine-Ramdane-150x150.png",150,150,true],"medium":["https:\/\/www.fcgueugnon.fr\/site\/wp-content\/uploads\/2023\/08\/Amine-Ramdane-400x267.png",400,267,true],"large":["https:\/\/www.fcgueugnon.fr\/site\/wp-content\/uploads\/2023\/08\/Amine-Ramdane-1024x682.png",1024,682,true],"1536x1536":["https:\/\/www.fcgueugnon.fr\/site\/wp-content\/uploads\/2023\/08\/Amine-Ramdane-1536x1024.png",1536,1024,true],"2048x2048":["https:\/\/www.fcgueugnon.fr\/site\/wp-content\/uploads\/2023\/08\/Amine-Ramdane.png",1772,1181,false]},"rttpg_author":{"display_name":"FC Gueugnon","author_link":"https:\/\/www.fcgueugnon.fr\/site\/author\/g-avin1"},"rttpg_comment":0,"rttpg_category":"<a href=\"https:\/\/www.fcgueugnon.fr\/site\/category\/news\" rel=\"category tag\">News<\/a> <a href=\"https:\/\/www.fcgueugnon.fr\/site\/category\/news\/news-2023-2024\" rel=\"category tag\">News 2023\/2024<\/a>","rttpg_excerpt":"Le FC Gueugnon est heureux d&rsquo;accueillir Amine Ramdane au sein de son effectif. En provenance de Chatellerault, il sera un nouveau renfort offensif pour le groupe N3 ! \u00ab\u00a0L&rsquo;anguille\u00a0\u00bb de Chatellerault Originaire de la Plaine d&rsquo;Ozon, Amine Ramdane, \u00e2g\u00e9 de 23 ans, a \u00e9t\u00e9 form\u00e9 au sein du SO Chatellerault. En 2019, il rejoint l&rsquo;US\u2026","_links":{"self":[{"href":"https:\/\/www.fcgueugnon.fr\/site\/wp-json\/wp\/v2\/posts\/5650","targetHints":{"allow":["GET"]}}],"collection":[{"href":"https:\/\/www.fcgueugnon.fr\/site\/wp-json\/wp\/v2\/posts"}],"about":[{"href":"https:\/\/www.fcgueugnon.fr\/site\/wp-json\/wp\/v2\/types\/post"}],"author":[{"embeddable":true,"href":"https:\/\/www.fcgueugnon.fr\/site\/wp-json\/wp\/v2\/users\/3"}],"replies":[{"embeddable":true,"href":"https:\/\/www.fcgueugnon.fr\/site\/wp-json\/wp\/v2\/comments?post=5650"}],"version-history":[{"count":17,"href":"https:\/\/www.fcgueugnon.fr\/site\/wp-json\/wp\/v2\/posts\/5650\/revisions"}],"predecessor-version":[{"id":5767,"href":"https:\/\/www.fcgueugnon.fr\/site\/wp-json\/wp\/v2\/posts\/5650\/revisions\/5767"}],"wp:featuredmedia":[{"embeddable":true,"href":"https:\/\/www.fcgueugnon.fr\/site\/wp-json\/wp\/v2\/media\/5732"}],"wp:attachment":[{"href":"https:\/\/www.fcgueugnon.fr\/site\/wp-json\/wp\/v2\/media?parent=5650"}],"wp:term":[{"taxonomy":"category","embeddable":true,"href":"https:\/\/www.fcgueugnon.fr\/site\/wp-json\/wp\/v2\/categories?post=5650"},{"taxonomy":"post_tag","embeddable":true,"href":"https:\/\/www.fcgueugnon.fr\/site\/wp-json\/wp\/v2\/tags?post=5650"}],"curies":[{"name":"wp","href":"https:\/\/api.w.org\/{rel}","templated":true}]}}