{"id":56439,"date":"2026-03-13T08:30:00","date_gmt":"2026-03-13T07:30:00","guid":{"rendered":"https:\/\/www.fcgueugnon.fr\/site\/?p=56439"},"modified":"2026-03-12T20:49:21","modified_gmt":"2026-03-12T19:49:21","slug":"r1-j14-fc-gueugnon-chapelle-guinchay-face-au-leader-les-forgerons-veulent-continuer-de-guincher","status":"publish","type":"post","link":"https:\/\/www.fcgueugnon.fr\/site\/r1-j14-fc-gueugnon-chapelle-guinchay-face-au-leader-les-forgerons-veulent-continuer-de-guincher\/56439","title":{"rendered":"[R1 J14 : FC Gueugnon \u2013 Chapelle-Guinchay] Face au leader, les forgerons veulent continuer de guincher !"},"content":{"rendered":"\n<h2 class=\"wp-block-heading\"><strong>Nouveau rendez-vous \u00e0 domicile pour des gueugnonnais en pleine confiance apr\u00e8s leurs derni\u00e8res performances. Mais ce samedi, Gueugnon affronte un adversaire de taille, l&rsquo;actuel leader : La Chapelle de Guinchay.<\/strong><\/h2>\n\n\n\n<div style=\"height:50px\" aria-hidden=\"true\" class=\"wp-block-spacer\"><\/div>\n\n\n<div class=\"wp-block-image\">\n<figure class=\"aligncenter size-full is-resized\"><img loading=\"lazy\" decoding=\"async\" width=\"1860\" height=\"2560\" src=\"https:\/\/www.fcgueugnon.fr\/site\/wp-content\/uploads\/2026\/03\/affiche-fc-gueugnon-chapelle-gunchay-scaled.jpg\" alt=\"\" class=\"wp-image-56440\" style=\"width:480px\" srcset=\"https:\/\/www.fcgueugnon.fr\/site\/wp-content\/uploads\/2026\/03\/affiche-fc-gueugnon-chapelle-gunchay-scaled.jpg 1860w, https:\/\/www.fcgueugnon.fr\/site\/wp-content\/uploads\/2026\/03\/affiche-fc-gueugnon-chapelle-gunchay-291x400.jpg 291w, https:\/\/www.fcgueugnon.fr\/site\/wp-content\/uploads\/2026\/03\/affiche-fc-gueugnon-chapelle-gunchay-744x1024.jpg 744w, https:\/\/www.fcgueugnon.fr\/site\/wp-content\/uploads\/2026\/03\/affiche-fc-gueugnon-chapelle-gunchay-768x1057.jpg 768w, https:\/\/www.fcgueugnon.fr\/site\/wp-content\/uploads\/2026\/03\/affiche-fc-gueugnon-chapelle-gunchay-1116x1536.jpg 1116w, https:\/\/www.fcgueugnon.fr\/site\/wp-content\/uploads\/2026\/03\/affiche-fc-gueugnon-chapelle-gunchay-1488x2048.jpg 1488w\" sizes=\"auto, (max-width: 1860px) 100vw, 1860px\" \/><\/figure>\n<\/div>\n\n\n<div style=\"height:50px\" aria-hidden=\"true\" class=\"wp-block-spacer\"><\/div>\n\n\n\n<div class=\"wp-block-columns is-layout-flex wp-container-core-columns-is-layout-9d6595d7 wp-block-columns-is-layout-flex\">\n<div class=\"wp-block-column is-layout-flow wp-block-column-is-layout-flow\">\n<h3 class=\"wp-block-heading\">\ud83c\udd9a <em><strong>L&rsquo;adversaire <\/strong><\/em>: ASC Chapelle <\/h3>\n\n\n\n<p><strong>L\u2019Association Sportive Chapelloise de Football, <\/strong>toujours entra\u00een\u00e9e <strong>par \u00c9ric Guichard, <\/strong>pointe actuellement en t\u00eate de ce championnat tr\u00e8s disput\u00e9 du groupe A de R1 Herbelin.<\/p>\n\n\n\n<p>Une place obtenue notamment gr\u00e2ce \u00e0 l\u2019encha\u00eenement de bonnes performances, comme l\u2019illustrent ses <strong>quatre derni\u00e8res victoires cons\u00e9cutives <\/strong>face \u00e0 Auxerre (C), l\u2019USC Dijon, Saint-Apollinaire et Is-Selongey.<\/p>\n\n\n\n<p>Au match aller \u00e0 domicile, les Chapellois s\u2019\u00e9taient montr\u00e9s solides en tenant en \u00e9chec le FCG malgr\u00e9 une inf\u00e9riorit\u00e9 num\u00e9rique \u00e0 neuf contre onze en fin de match (0-0). Depuis, les Sud-Bourguignons confirment leur excellente dynamique et comptent d\u00e9sormais <strong>24 points au compteur (7V \/ 3N \/ 2D), 19 buts inscrits et un match en retard.<\/strong><\/p>\n\n\n\n<p>Un concurrent s\u00e9rieux et exp\u00e9riment\u00e9 dans la course \u00e0 la mont\u00e9e.<br><\/p>\n<\/div>\n\n\n\n<div class=\"wp-block-column is-layout-flow wp-block-column-is-layout-flow\">\n<h3 class=\"wp-block-heading\">\ud83d\udfe1\ud83d\udd35 <em><strong>Le FC Gueugnon<\/strong><\/em><\/h3>\n\n\n\n<p><strong>Le FC Gueugnon a ravi ses supporters samedi dernier face \u00e0 l\u2019ASA Vauzelles <\/strong>dans un match abouti. Un avantage rapidement pris d\u00e8s la 3e minute gr\u00e2ce \u00e0 <strong>Amadou Siby<\/strong>, suivi de <strong>Jason Luanda <\/strong>\u00e0 la 30e, puis d\u2019<strong>Omar Wade<\/strong> qui a converti son penalty en fin de match (<a href=\"https:\/\/www.fcgueugnon.fr\/site\/r1-j13-fc-gueugnon-asa-vauzelles-flash-score\/56391\">relire apr\u00e8s-match<\/a>)<\/p>\n\n\n\n<p>Les 400 spectateurs ont pu appr\u00e9cier une \u00e9quipe solidaire, volontaire et talentueuse&#8230; Tout comme l\u2019entra\u00eeneur <strong>Soni Mustivar <\/strong>qui confiait : \u00ab <em>Les joueurs ont montr\u00e9 de belles choses. On se rapproche de l\u2019\u00e9quipe que l\u2019on veut \u00eatre <\/em>\u00bb.<\/p>\n\n\n\n<p><strong>6\u1d49 au classement avec 18 points, <\/strong>le FCG reste \u00e0 6 points du leader du soir, mais \u00e9galement \u00e0 3 points devant le premier rel\u00e9gable !<\/p>\n\n\n\n<p><strong>Toujours invaincus en 2026 <\/strong>et troisi\u00e8me meilleure d\u00e9fense, Gueugnon confirme sa mont\u00e9e en puissance et nul doute que les joueurs seront tr\u00e8s soutenus, \u00e0 Jean Laville, pour mesurer leur niveau actuel, apr\u00e8s un nul frustrant \u00e0 l\u2019aller.<\/p>\n<\/div>\n<\/div>\n\n\n\n<div style=\"height:60px\" aria-hidden=\"true\" class=\"wp-block-spacer\"><\/div>\n\n\n\n<div class=\"wp-block-media-text alignwide has-media-on-the-right is-stacked-on-mobile is-vertically-aligned-center is-style-default\" style=\"grid-template-columns:auto 40%\"><div class=\"wp-block-media-text__content\">\n<h3 class=\"wp-block-heading\">\ud83d\udce3 <em><strong>La d\u00e9cla&rsquo;<\/strong><\/em><\/h3>\n\n\n\n<blockquote class=\"wp-block-quote is-layout-flow wp-block-quote-is-layout-flow\">\n<p><em>\u00ab J\u2019ai dit \u00e0 nos joueurs que, vu notre situation et la physionomie du championnat, il faut prendre les rencontres les unes apr\u00e8s les autres.<\/em><\/p>\n\n\n\n<p><em>On sort d\u2019un tr\u00e8s bon match. Maintenant, on va se concentrer pour aborder cette rencontre face au leader, La Chapelle de Guinchay, comme on le fait pour chaque match. On va la pr\u00e9parer de la meilleure des fa\u00e7ons afin de pouvoir prendre encore les trois points \u00e0 domicile. \u00bb<\/em><\/p>\n<cite><strong>Sony MUSTIVAR (coach)<\/strong><\/cite><\/blockquote>\n<\/div><figure class=\"wp-block-media-text__media\"><img loading=\"lazy\" decoding=\"async\" width=\"876\" height=\"898\" src=\"https:\/\/www.fcgueugnon.fr\/site\/wp-content\/uploads\/2025\/06\/Sony_Mustivar_FCG.png\" alt=\"\" class=\"wp-image-54652 size-full\" srcset=\"https:\/\/www.fcgueugnon.fr\/site\/wp-content\/uploads\/2025\/06\/Sony_Mustivar_FCG.png 876w, https:\/\/www.fcgueugnon.fr\/site\/wp-content\/uploads\/2025\/06\/Sony_Mustivar_FCG-390x400.png 390w, https:\/\/www.fcgueugnon.fr\/site\/wp-content\/uploads\/2025\/06\/Sony_Mustivar_FCG-768x787.png 768w\" sizes=\"auto, (max-width: 876px) 100vw, 876px\" \/><\/figure><\/div>\n\n\n\n<div style=\"height:50px\" aria-hidden=\"true\" class=\"wp-block-spacer\"><\/div>\n\n\n\n<p class=\"has-text-align-center has-text-color has-background has-link-color wp-elements-beb9d0aa5010a361ec4b24e53cfb403b\" style=\"color:#f7db4a;background-color:#1b375f\"><span style=\"text-decoration: underline;\">Rendez-vous ce samedi 14 mars \u00e0 18h00 au stade Jean Laville !<\/span><\/p>\n\n\n\n<div style=\"height:10px\" aria-hidden=\"true\" class=\"wp-block-spacer\"><\/div>\n\n\n\n<hr class=\"wp-block-separator has-text-color has-css-opacity has-background is-style-default\" style=\"background-color:#f7db4a;color:#f7db4a\"\/>\n\n\n\n<div style=\"height:5px\" aria-hidden=\"true\" class=\"wp-block-spacer\"><\/div>\n\n\n\n<h3 class=\"wp-block-heading\">\ud83d\udccd <strong><em>Les infos pratiques<\/em><\/strong><\/h3>\n\n\n\n<h3 class=\"wp-block-heading\">Billetterie<\/h3>\n\n\n\n<div class=\"wp-block-media-text alignwide is-stacked-on-mobile is-vertically-aligned-center is-style-default\" style=\"grid-template-columns:49% auto\"><figure class=\"wp-block-media-text__media\"><img loading=\"lazy\" decoding=\"async\" width=\"1024\" height=\"768\" src=\"https:\/\/www.fcgueugnon.fr\/site\/wp-content\/uploads\/2022\/08\/entree-billetterie-stade-jean-laville-sous-la-tribune-ouest-1024x768.jpg\" alt=\"\" class=\"wp-image-951 size-full\" srcset=\"https:\/\/www.fcgueugnon.fr\/site\/wp-content\/uploads\/2022\/08\/entree-billetterie-stade-jean-laville-sous-la-tribune-ouest-1024x768.jpg 1024w, https:\/\/www.fcgueugnon.fr\/site\/wp-content\/uploads\/2022\/08\/entree-billetterie-stade-jean-laville-sous-la-tribune-ouest-400x300.jpg 400w, https:\/\/www.fcgueugnon.fr\/site\/wp-content\/uploads\/2022\/08\/entree-billetterie-stade-jean-laville-sous-la-tribune-ouest-768x576.jpg 768w, https:\/\/www.fcgueugnon.fr\/site\/wp-content\/uploads\/2022\/08\/entree-billetterie-stade-jean-laville-sous-la-tribune-ouest-1536x1152.jpg 1536w, https:\/\/www.fcgueugnon.fr\/site\/wp-content\/uploads\/2022\/08\/entree-billetterie-stade-jean-laville-sous-la-tribune-ouest-2048x1536.jpg 2048w, https:\/\/www.fcgueugnon.fr\/site\/wp-content\/uploads\/2022\/08\/entree-billetterie-stade-jean-laville-sous-la-tribune-ouest-1320x990.jpg 1320w\" sizes=\"auto, (max-width: 1024px) 100vw, 1024px\" \/><\/figure><div class=\"wp-block-media-text__content\">\n<p><br><em>Rendez-vous sous la <strong>tribune Ouest <\/strong>pour acc\u00e9der au guichet Billetterie puis dans l&rsquo;angle des tribunes Nord et Ouest (c\u00f4t\u00e9 piscine) pour acc\u00e9der au stade.<\/em><\/p>\n<\/div><\/div>\n\n\n\n<div class=\"wp-block-media-text alignwide has-media-on-the-right is-stacked-on-mobile is-vertically-aligned-center is-style-default\" style=\"grid-template-columns:auto 49%\"><div class=\"wp-block-media-text__content\">\n<h3 class=\"wp-block-heading\">Tarifs<\/h3>\n\n\n\n<ul class=\"wp-block-list\">\n<li><strong><span style=\"text-decoration: underline;\">GRATUIT<\/span><\/strong> : licenci\u00e9s FC Gueugnon, -16ans (sur pr\u00e9sentation d\u2019un justificatif ou carte)<\/li>\n\n\n\n<li><strong><span style=\"text-decoration: underline;\">TARIF R\u00c9DUIT<\/span> : 3\u20ac<\/strong> \u2013 \u00c9tudiants, Demandeurs d\u2019emploi (sur pr\u00e9sentation d\u2019un justificatif ou carte)<\/li>\n\n\n\n<li><strong><span style=\"text-decoration: underline;\">PLEIN TARIF<\/span> : 5\u20ac<\/strong><\/li>\n<\/ul>\n\n\n\n<div style=\"height:10px\" aria-hidden=\"true\" class=\"wp-block-spacer\"><\/div>\n<\/div><figure class=\"wp-block-media-text__media\"><img loading=\"lazy\" decoding=\"async\" width=\"1024\" height=\"768\" src=\"https:\/\/www.fcgueugnon.fr\/site\/wp-content\/uploads\/2022\/07\/billetterie-sous-la-tribune-ouest-d-FCGueugnon-a-Jean-Laville-1024x768.jpg\" alt=\"\" class=\"wp-image-63 size-full\" srcset=\"https:\/\/www.fcgueugnon.fr\/site\/wp-content\/uploads\/2022\/07\/billetterie-sous-la-tribune-ouest-d-FCGueugnon-a-Jean-Laville-1024x768.jpg 1024w, https:\/\/www.fcgueugnon.fr\/site\/wp-content\/uploads\/2022\/07\/billetterie-sous-la-tribune-ouest-d-FCGueugnon-a-Jean-Laville-400x300.jpg 400w, https:\/\/www.fcgueugnon.fr\/site\/wp-content\/uploads\/2022\/07\/billetterie-sous-la-tribune-ouest-d-FCGueugnon-a-Jean-Laville-768x576.jpg 768w, https:\/\/www.fcgueugnon.fr\/site\/wp-content\/uploads\/2022\/07\/billetterie-sous-la-tribune-ouest-d-FCGueugnon-a-Jean-Laville-1536x1152.jpg 1536w, https:\/\/www.fcgueugnon.fr\/site\/wp-content\/uploads\/2022\/07\/billetterie-sous-la-tribune-ouest-d-FCGueugnon-a-Jean-Laville-2048x1536.jpg 2048w\" sizes=\"auto, (max-width: 1024px) 100vw, 1024px\" \/><\/figure><\/div>\n\n\n\n<div style=\"height:30px\" aria-hidden=\"true\" class=\"wp-block-spacer\"><\/div>\n\n\n\n<div class=\"wp-block-buttons is-content-justification-center is-layout-flex wp-container-core-buttons-is-layout-16018d1d wp-block-buttons-is-layout-flex\">\n<div class=\"wp-block-button\"><a class=\"wp-block-button__link wp-element-button\" href=\"https:\/\/www.fcgueugnon.fr\/site\/infos-pratiques\">Acc\u00e8s au stade, buvette, PMR&#8230;. Toutes les infos pratiques en un clic !<\/a><\/div>\n<\/div>\n\n\n\n<hr class=\"wp-block-separator has-text-color has-css-opacity has-background is-style-default\" style=\"background-color:#f7db4a;color:#f7db4a\"\/>\n\n\n\n<div style=\"height:5px\" aria-hidden=\"true\" class=\"wp-block-spacer\"><\/div>\n\n\n\n<h3 class=\"wp-block-heading\"><em>\ud83e\udd1d <strong>Partenaire du match<\/strong> <\/em><\/h3>\n\n\n\n<div class=\"wp-block-getwid-image-box getwid-animation has-text-center has-mobile-layout-default has-mobile-alignment-default\" data-animation=\"pulse\"><div class=\"wp-block-getwid-image-box__image-container is-position-top\"><div class=\"wp-block-getwid-image-box__image-wrapper\"><img loading=\"lazy\" decoding=\"async\" width=\"1024\" height=\"576\" src=\"https:\/\/www.fcgueugnon.fr\/site\/wp-content\/uploads\/2026\/03\/AMICALE-ANCIENS-FCG-1024x576.jpg\" alt=\"\" class=\"wp-block-getwid-image-box__image wp-image-56435\" srcset=\"https:\/\/www.fcgueugnon.fr\/site\/wp-content\/uploads\/2026\/03\/AMICALE-ANCIENS-FCG-1024x576.jpg 1024w, https:\/\/www.fcgueugnon.fr\/site\/wp-content\/uploads\/2026\/03\/AMICALE-ANCIENS-FCG-400x225.jpg 400w, https:\/\/www.fcgueugnon.fr\/site\/wp-content\/uploads\/2026\/03\/AMICALE-ANCIENS-FCG-768x432.jpg 768w, https:\/\/www.fcgueugnon.fr\/site\/wp-content\/uploads\/2026\/03\/AMICALE-ANCIENS-FCG-1536x864.jpg 1536w, https:\/\/www.fcgueugnon.fr\/site\/wp-content\/uploads\/2026\/03\/AMICALE-ANCIENS-FCG.jpg 1920w\" sizes=\"auto, (max-width: 1024px) 100vw, 1024px\" \/><\/div><\/div><div class=\"wp-block-getwid-image-box__content\">\n<h3 class=\"wp-block-heading\"><a href=\"https:\/\/www.fcgueugnon.fr\/site\/r1-j11-fc-gueugnon-chapelle-guinchay-lamicale-des-anciens-du-fc-gueugnon-partenaire-de-la-rencontre\/56434\">L\u2019Amicale des Anciens du FC Gueugnon : partenaire de la rencontre<\/a><\/h3>\n\n\n\n<p><\/p>\n\n\n\n<p><\/p>\n<\/div><\/div>\n\n\n\n<div style=\"height:50px\" aria-hidden=\"true\" class=\"wp-block-spacer\"><\/div>\n\n\n\n<hr class=\"wp-block-separator has-text-color has-css-opacity has-background is-style-default\" style=\"background-color:#f7db4a;color:#f7db4a\"\/>\n\n\n\n<div style=\"height:5px\" aria-hidden=\"true\" class=\"wp-block-spacer\"><\/div>\n\n\n\n<h3 class=\"wp-block-heading\">\u26bd <strong><em>La fiche<\/em><\/strong><\/h3>\n\n\n\n<h4 class=\"wp-block-heading\"><strong>REGIONAL 1 HERBELIN &#8211; Poule A &#8211; Journ\u00e9e 14<\/strong><br>Samedi 14 mars 2026 &#8211; 18:00<br>FC GUEUGNON \/ ASA VAUZELLES<\/h4>\n\n\n\n<p><strong>TERRAIN<\/strong><br>STADE JEAN LAVILLE<br>RUE ROGER COUDERC<br>71130 &#8211; GUEUGNON<\/p>\n\n\n\n<p><strong>SURFACE DE JEU<\/strong><br>Pelouse Naturelle<\/p>\n\n\n\n<p><strong>OFFICIELS<\/strong><br>Arbitre centre : SEBASTIEN MOREAU<br>Arbitre assistant 1 : SEBASTIEN SANSANESE<br>Arbitre assistant 2 : BRUNO ALVES MONTEIRO<br>D\u00e9l\u00e9gu\u00e9 principal : NICOLAS SALVAYRE<br>Observateur adjoint 1 : SEBASTIEN FEVRE<\/p>\n\n\n\n<div style=\"height:50px\" aria-hidden=\"true\" class=\"wp-block-spacer\"><\/div>\n\n\n\n<h3 class=\"wp-block-heading\"><strong>Live<\/strong><\/h3>\n\n\n\n<h3 class=\"wp-block-heading has-text-align-center\"><em>Retrouvez le score du match en live en story sur nos comptes <a href=\"https:\/\/www.instagram.com\/fcgueugnon\/\">Instagram <\/a>et <a href=\"https:\/\/www.facebook.com\/FCGueugnon\">Facebook <\/a><\/em><\/h3>\n\n\n\n<div class=\"wp-block-columns is-layout-flex wp-container-core-columns-is-layout-9d6595d7 wp-block-columns-is-layout-flex\">\n<div class=\"wp-block-column is-vertically-aligned-top is-layout-flow wp-block-column-is-layout-flow\" style=\"flex-basis:50%\"><div class=\"wp-block-image\">\n<figure class=\"aligncenter\"><a href=\"https:\/\/www.instagram.com\/fcgueugnon\/\"><img loading=\"lazy\" decoding=\"async\" width=\"124\" height=\"128\" src=\"https:\/\/www.fcgueugnon.fr\/site\/wp-content\/uploads\/2022\/07\/logo-instagra-mreleif.png\" alt=\"\" class=\"wp-image-95\"\/><\/a><\/figure>\n<\/div><\/div>\n\n\n\n<div class=\"wp-block-column is-layout-flow wp-block-column-is-layout-flow\" style=\"flex-basis:50%\"><div class=\"wp-block-image has-lightbox\">\n<figure class=\"aligncenter size-full\"><a href=\"https:\/\/www.facebook.com\/FCGueugnon\"><img loading=\"lazy\" decoding=\"async\" width=\"128\" height=\"125\" src=\"https:\/\/www.fcgueugnon.fr\/site\/wp-content\/uploads\/2022\/07\/logo-facebook-relief.png\" alt=\"\" class=\"wp-image-93\"\/><\/a><\/figure>\n<\/div><\/div>\n<\/div>\n\n\n\n<div style=\"height:50px\" aria-hidden=\"true\" class=\"wp-block-spacer\"><\/div>\n\n\n\n<h3 class=\"wp-block-heading\">\ud83d\uddd3 <strong>La 13e journ\u00e9e de R1 Herberlin<\/strong><\/h3>\n\n\n\n<p><span style=\"text-decoration: underline;\">Samedi 14 Mars 2026<\/span><br><strong>18:00 : FC Gueugnon \/ Chapelle-Guinchay<\/strong><br>18:00 : ASA Vauzelles \/ Is-Selongey <br>19:30 : USC Dijon \/ FC Sens<br>20:00 : St Marcel FR \/ M\u00e2con 71 B <\/p>\n\n\n\n<p><span style=\"text-decoration: underline;\">Dimanche 15 Mars 2026<\/span><br>15:00 : AS Garchizy \/ ASC St Apollinaire  <br>15:00 : AJ Auxerre C \/ FC Montceau  <\/p>\n\n\n\n<div style=\"height:20px\" aria-hidden=\"true\" class=\"wp-block-spacer\"><\/div>\n\n\n\n<div class=\"wp-block-columns is-not-stacked-on-mobile is-layout-flex wp-container-core-columns-is-layout-9d6595d7 wp-block-columns-is-layout-flex\">\n<div class=\"wp-block-column is-layout-flow wp-block-column-is-layout-flow\">\n<div class=\"wp-block-buttons is-content-justification-right is-layout-flex wp-container-core-buttons-is-layout-765c4724 wp-block-buttons-is-layout-flex\">\n<div class=\"wp-block-button\"><a class=\"wp-block-button__link has-text-align-center wp-element-button\" href=\"https:\/\/www.fcgueugnon.fr\/site\/calendrier-seniors-a\">Calendrier<\/a><\/div>\n<\/div>\n<\/div>\n\n\n\n<div class=\"wp-block-column is-layout-flow wp-block-column-is-layout-flow\">\n<div class=\"wp-block-buttons is-content-justification-left is-layout-flex wp-container-core-buttons-is-layout-fdcfc74e wp-block-buttons-is-layout-flex\">\n<div class=\"wp-block-button\"><a class=\"wp-block-button__link has-text-align-center wp-element-button\" href=\"https:\/\/www.fcgueugnon.fr\/site\/classement-seniors-a\">Classement<\/a><\/div>\n<\/div>\n<\/div>\n<\/div>\n\n\n\n<div style=\"height:100px\" aria-hidden=\"true\" class=\"wp-block-spacer\"><\/div>\n\n\n\n<p><\/p>\n","protected":false},"excerpt":{"rendered":"<p>Nouveau rendez-vous \u00e0 domicile pour des gueugnonnais en pleine confiance apr\u00e8s leurs derni\u00e8res performances. Mais ce samedi, Gueugnon affronte un adversaire de taille, l&rsquo;actuel leader : La Chapelle de Guinchay. \ud83c\udd9a L&rsquo;adversaire : ASC Chapelle L\u2019Association Sportive Chapelloise de Football, toujours entra\u00een\u00e9e par \u00c9ric Guichard, pointe actuellement en t\u00eate de ce championnat tr\u00e8s disput\u00e9 du &#8230; <\/p>\n<p class=\"read-more-container\"><a title=\"[R1 J14 : FC Gueugnon \u2013 Chapelle-Guinchay] Face au leader, les forgerons veulent continuer de guincher !\" class=\"read-more button\" href=\"https:\/\/www.fcgueugnon.fr\/site\/r1-j14-fc-gueugnon-chapelle-guinchay-face-au-leader-les-forgerons-veulent-continuer-de-guincher\/56439#more-56439\" aria-label=\"Plus sur [R1 J14 : FC Gueugnon \u2013 Chapelle-Guinchay] Face au leader, les forgerons veulent continuer de guincher !\">Lire la suite<\/a><\/p>\n","protected":false},"author":1,"featured_media":56441,"comment_status":"closed","ping_status":"closed","sticky":false,"template":"","format":"standard","meta":{"footnotes":""},"categories":[4,118],"tags":[28],"class_list":["post-56439","post","type-post","status-publish","format-standard","has-post-thumbnail","hentry","category-news","category-news-2025-2026","tag-avant-match","infinite-scroll-item","generate-columns","tablet-grid-50","mobile-grid-100","grid-parent","grid-25","resize-featured-image"],"yoast_head":"<!-- This site is optimized with the Yoast SEO plugin v26.6 - https:\/\/yoast.com\/wordpress\/plugins\/seo\/ -->\n<title>[R1 J14 : FC Gueugnon \u2013 Chapelle-Guinchay] Face au leader, les forgerons veulent continuer de guincher ! &#8226; FOOTBALL CLUB GUEUGNON<\/title>\n<meta name=\"robots\" content=\"index, follow, max-snippet:-1, max-image-preview:large, max-video-preview:-1\" \/>\n<link rel=\"canonical\" href=\"https:\/\/www.fcgueugnon.fr\/site\/r1-j14-fc-gueugnon-chapelle-guinchay-face-au-leader-les-forgerons-veulent-continuer-de-guincher\/56439\" \/>\n<meta property=\"og:locale\" content=\"fr_FR\" \/>\n<meta property=\"og:type\" content=\"article\" \/>\n<meta property=\"og:title\" content=\"[R1 J14 : FC Gueugnon \u2013 Chapelle-Guinchay] Face au leader, les forgerons veulent continuer de guincher ! &#8226; FOOTBALL CLUB GUEUGNON\" \/>\n<meta property=\"og:description\" content=\"Nouveau rendez-vous \u00e0 domicile pour des gueugnonnais en pleine confiance apr\u00e8s leurs derni\u00e8res performances. Mais ce samedi, Gueugnon affronte un adversaire de taille, l&rsquo;actuel leader : La Chapelle de Guinchay. \ud83c\udd9a L&rsquo;adversaire : ASC Chapelle L\u2019Association Sportive Chapelloise de Football, toujours entra\u00een\u00e9e par \u00c9ric Guichard, pointe actuellement en t\u00eate de ce championnat tr\u00e8s disput\u00e9 du ... Lire la suite\" \/>\n<meta property=\"og:url\" content=\"https:\/\/www.fcgueugnon.fr\/site\/r1-j14-fc-gueugnon-chapelle-guinchay-face-au-leader-les-forgerons-veulent-continuer-de-guincher\/56439\" \/>\n<meta property=\"og:site_name\" content=\"FOOTBALL CLUB GUEUGNON\" \/>\n<meta property=\"article:publisher\" content=\"http:\/\/facebook.com\/FCGueugnon\" \/>\n<meta property=\"article:published_time\" content=\"2026-03-13T07:30:00+00:00\" \/>\n<meta property=\"og:image\" content=\"https:\/\/www.fcgueugnon.fr\/site\/wp-content\/uploads\/2026\/03\/avant-match-chapelle-fcg.jpg\" \/>\n\t<meta property=\"og:image:width\" content=\"1920\" \/>\n\t<meta property=\"og:image:height\" content=\"1080\" \/>\n\t<meta property=\"og:image:type\" content=\"image\/jpeg\" \/>\n<meta name=\"author\" content=\"FC Gueugnon\" \/>\n<meta name=\"twitter:card\" content=\"summary_large_image\" \/>\n<meta name=\"twitter:creator\" content=\"@FCGueugnon_off\" \/>\n<meta name=\"twitter:site\" content=\"@FCGueugnon_off\" \/>\n<meta name=\"twitter:label1\" content=\"\u00c9crit par\" \/>\n\t<meta name=\"twitter:data1\" content=\"FC Gueugnon\" \/>\n\t<meta name=\"twitter:label2\" content=\"Dur\u00e9e de lecture estim\u00e9e\" \/>\n\t<meta name=\"twitter:data2\" content=\"5 minutes\" \/>\n<script type=\"application\/ld+json\" class=\"yoast-schema-graph\">{\"@context\":\"https:\/\/schema.org\",\"@graph\":[{\"@type\":\"Article\",\"@id\":\"https:\/\/www.fcgueugnon.fr\/site\/r1-j14-fc-gueugnon-chapelle-guinchay-face-au-leader-les-forgerons-veulent-continuer-de-guincher\/56439#article\",\"isPartOf\":{\"@id\":\"https:\/\/www.fcgueugnon.fr\/site\/r1-j14-fc-gueugnon-chapelle-guinchay-face-au-leader-les-forgerons-veulent-continuer-de-guincher\/56439\"},\"author\":{\"name\":\"FC Gueugnon\",\"@id\":\"https:\/\/www.fcgueugnon.fr\/site\/#\/schema\/person\/f6444fbdd35fa731ee974c03508738fb\"},\"headline\":\"[R1 J14 : FC Gueugnon \u2013 Chapelle-Guinchay] Face au leader, les forgerons veulent continuer de guincher !\",\"datePublished\":\"2026-03-13T07:30:00+00:00\",\"mainEntityOfPage\":{\"@id\":\"https:\/\/www.fcgueugnon.fr\/site\/r1-j14-fc-gueugnon-chapelle-guinchay-face-au-leader-les-forgerons-veulent-continuer-de-guincher\/56439\"},\"wordCount\":620,\"publisher\":{\"@id\":\"https:\/\/www.fcgueugnon.fr\/site\/#organization\"},\"image\":{\"@id\":\"https:\/\/www.fcgueugnon.fr\/site\/r1-j14-fc-gueugnon-chapelle-guinchay-face-au-leader-les-forgerons-veulent-continuer-de-guincher\/56439#primaryimage\"},\"thumbnailUrl\":\"https:\/\/www.fcgueugnon.fr\/site\/wp-content\/uploads\/2026\/03\/avant-match-chapelle-fcg.jpg\",\"keywords\":[\"Avant-match\"],\"articleSection\":[\"News\",\"News 2025\/2026\"],\"inLanguage\":\"fr-FR\"},{\"@type\":\"WebPage\",\"@id\":\"https:\/\/www.fcgueugnon.fr\/site\/r1-j14-fc-gueugnon-chapelle-guinchay-face-au-leader-les-forgerons-veulent-continuer-de-guincher\/56439\",\"url\":\"https:\/\/www.fcgueugnon.fr\/site\/r1-j14-fc-gueugnon-chapelle-guinchay-face-au-leader-les-forgerons-veulent-continuer-de-guincher\/56439\",\"name\":\"[R1 J14 : FC Gueugnon \u2013 Chapelle-Guinchay] Face au leader, les forgerons veulent continuer de guincher ! &#8226; FOOTBALL CLUB GUEUGNON\",\"isPartOf\":{\"@id\":\"https:\/\/www.fcgueugnon.fr\/site\/#website\"},\"primaryImageOfPage\":{\"@id\":\"https:\/\/www.fcgueugnon.fr\/site\/r1-j14-fc-gueugnon-chapelle-guinchay-face-au-leader-les-forgerons-veulent-continuer-de-guincher\/56439#primaryimage\"},\"image\":{\"@id\":\"https:\/\/www.fcgueugnon.fr\/site\/r1-j14-fc-gueugnon-chapelle-guinchay-face-au-leader-les-forgerons-veulent-continuer-de-guincher\/56439#primaryimage\"},\"thumbnailUrl\":\"https:\/\/www.fcgueugnon.fr\/site\/wp-content\/uploads\/2026\/03\/avant-match-chapelle-fcg.jpg\",\"datePublished\":\"2026-03-13T07:30:00+00:00\",\"breadcrumb\":{\"@id\":\"https:\/\/www.fcgueugnon.fr\/site\/r1-j14-fc-gueugnon-chapelle-guinchay-face-au-leader-les-forgerons-veulent-continuer-de-guincher\/56439#breadcrumb\"},\"inLanguage\":\"fr-FR\",\"potentialAction\":[{\"@type\":\"ReadAction\",\"target\":[\"https:\/\/www.fcgueugnon.fr\/site\/r1-j14-fc-gueugnon-chapelle-guinchay-face-au-leader-les-forgerons-veulent-continuer-de-guincher\/56439\"]}]},{\"@type\":\"ImageObject\",\"inLanguage\":\"fr-FR\",\"@id\":\"https:\/\/www.fcgueugnon.fr\/site\/r1-j14-fc-gueugnon-chapelle-guinchay-face-au-leader-les-forgerons-veulent-continuer-de-guincher\/56439#primaryimage\",\"url\":\"https:\/\/www.fcgueugnon.fr\/site\/wp-content\/uploads\/2026\/03\/avant-match-chapelle-fcg.jpg\",\"contentUrl\":\"https:\/\/www.fcgueugnon.fr\/site\/wp-content\/uploads\/2026\/03\/avant-match-chapelle-fcg.jpg\",\"width\":1920,\"height\":1080},{\"@type\":\"BreadcrumbList\",\"@id\":\"https:\/\/www.fcgueugnon.fr\/site\/r1-j14-fc-gueugnon-chapelle-guinchay-face-au-leader-les-forgerons-veulent-continuer-de-guincher\/56439#breadcrumb\",\"itemListElement\":[{\"@type\":\"ListItem\",\"position\":1,\"name\":\"Accueil\",\"item\":\"https:\/\/www.fcgueugnon.fr\/site\/\"},{\"@type\":\"ListItem\",\"position\":2,\"name\":\"[R1 J14 : FC Gueugnon \u2013 Chapelle-Guinchay] Face au leader, les forgerons veulent continuer de guincher !\"}]},{\"@type\":\"WebSite\",\"@id\":\"https:\/\/www.fcgueugnon.fr\/site\/#website\",\"url\":\"https:\/\/www.fcgueugnon.fr\/site\/\",\"name\":\"FOOTBALL CLUB GUEUGNON\",\"description\":\"Le Site Officiel des Forgerons\",\"publisher\":{\"@id\":\"https:\/\/www.fcgueugnon.fr\/site\/#organization\"},\"potentialAction\":[{\"@type\":\"SearchAction\",\"target\":{\"@type\":\"EntryPoint\",\"urlTemplate\":\"https:\/\/www.fcgueugnon.fr\/site\/?s={search_term_string}\"},\"query-input\":{\"@type\":\"PropertyValueSpecification\",\"valueRequired\":true,\"valueName\":\"search_term_string\"}}],\"inLanguage\":\"fr-FR\"},{\"@type\":\"Organization\",\"@id\":\"https:\/\/www.fcgueugnon.fr\/site\/#organization\",\"name\":\"FC Gueugnon\",\"url\":\"https:\/\/www.fcgueugnon.fr\/site\/\",\"logo\":{\"@type\":\"ImageObject\",\"inLanguage\":\"fr-FR\",\"@id\":\"https:\/\/www.fcgueugnon.fr\/site\/#\/schema\/logo\/image\/\",\"url\":\"https:\/\/www.fcgueugnon.fr\/site\/wp-content\/uploads\/2022\/07\/cropped-Logo-FCGUEUGNON-low-350x350-1.png\",\"contentUrl\":\"https:\/\/www.fcgueugnon.fr\/site\/wp-content\/uploads\/2022\/07\/cropped-Logo-FCGUEUGNON-low-350x350-1.png\",\"width\":350,\"height\":350,\"caption\":\"FC Gueugnon\"},\"image\":{\"@id\":\"https:\/\/www.fcgueugnon.fr\/site\/#\/schema\/logo\/image\/\"},\"sameAs\":[\"http:\/\/facebook.com\/FCGueugnon\",\"https:\/\/x.com\/FCGueugnon_off\",\"https:\/\/www.instagram.com\/fcgueugnon\/\",\"https:\/\/www.linkedin.com\/company\/football-club-de-gueugnon\/\",\"https:\/\/www.youtube.com\/user\/FCGueugnonnais\",\"https:\/\/fr.wikipedia.org\/wiki\/Football_Club_de_Gueugnon\"]},{\"@type\":\"Person\",\"@id\":\"https:\/\/www.fcgueugnon.fr\/site\/#\/schema\/person\/f6444fbdd35fa731ee974c03508738fb\",\"name\":\"FC Gueugnon\",\"sameAs\":[\"https:\/\/www.fcgueugnon.fr\/site\"],\"url\":\"https:\/\/www.fcgueugnon.fr\/site\/author\/admin-antho\"}]}<\/script>\n<!-- \/ Yoast SEO plugin. -->","yoast_head_json":{"title":"[R1 J14 : FC Gueugnon \u2013 Chapelle-Guinchay] Face au leader, les forgerons veulent continuer de guincher ! &#8226; FOOTBALL CLUB GUEUGNON","robots":{"index":"index","follow":"follow","max-snippet":"max-snippet:-1","max-image-preview":"max-image-preview:large","max-video-preview":"max-video-preview:-1"},"canonical":"https:\/\/www.fcgueugnon.fr\/site\/r1-j14-fc-gueugnon-chapelle-guinchay-face-au-leader-les-forgerons-veulent-continuer-de-guincher\/56439","og_locale":"fr_FR","og_type":"article","og_title":"[R1 J14 : FC Gueugnon \u2013 Chapelle-Guinchay] Face au leader, les forgerons veulent continuer de guincher ! &#8226; FOOTBALL CLUB GUEUGNON","og_description":"Nouveau rendez-vous \u00e0 domicile pour des gueugnonnais en pleine confiance apr\u00e8s leurs derni\u00e8res performances. Mais ce samedi, Gueugnon affronte un adversaire de taille, l&rsquo;actuel leader : La Chapelle de Guinchay. \ud83c\udd9a L&rsquo;adversaire : ASC Chapelle L\u2019Association Sportive Chapelloise de Football, toujours entra\u00een\u00e9e par \u00c9ric Guichard, pointe actuellement en t\u00eate de ce championnat tr\u00e8s disput\u00e9 du ... Lire la suite","og_url":"https:\/\/www.fcgueugnon.fr\/site\/r1-j14-fc-gueugnon-chapelle-guinchay-face-au-leader-les-forgerons-veulent-continuer-de-guincher\/56439","og_site_name":"FOOTBALL CLUB GUEUGNON","article_publisher":"http:\/\/facebook.com\/FCGueugnon","article_published_time":"2026-03-13T07:30:00+00:00","og_image":[{"width":1920,"height":1080,"url":"https:\/\/www.fcgueugnon.fr\/site\/wp-content\/uploads\/2026\/03\/avant-match-chapelle-fcg.jpg","type":"image\/jpeg"}],"author":"FC Gueugnon","twitter_card":"summary_large_image","twitter_creator":"@FCGueugnon_off","twitter_site":"@FCGueugnon_off","twitter_misc":{"\u00c9crit par":"FC Gueugnon","Dur\u00e9e de lecture estim\u00e9e":"5 minutes"},"schema":{"@context":"https:\/\/schema.org","@graph":[{"@type":"Article","@id":"https:\/\/www.fcgueugnon.fr\/site\/r1-j14-fc-gueugnon-chapelle-guinchay-face-au-leader-les-forgerons-veulent-continuer-de-guincher\/56439#article","isPartOf":{"@id":"https:\/\/www.fcgueugnon.fr\/site\/r1-j14-fc-gueugnon-chapelle-guinchay-face-au-leader-les-forgerons-veulent-continuer-de-guincher\/56439"},"author":{"name":"FC Gueugnon","@id":"https:\/\/www.fcgueugnon.fr\/site\/#\/schema\/person\/f6444fbdd35fa731ee974c03508738fb"},"headline":"[R1 J14 : FC Gueugnon \u2013 Chapelle-Guinchay] Face au leader, les forgerons veulent continuer de guincher !","datePublished":"2026-03-13T07:30:00+00:00","mainEntityOfPage":{"@id":"https:\/\/www.fcgueugnon.fr\/site\/r1-j14-fc-gueugnon-chapelle-guinchay-face-au-leader-les-forgerons-veulent-continuer-de-guincher\/56439"},"wordCount":620,"publisher":{"@id":"https:\/\/www.fcgueugnon.fr\/site\/#organization"},"image":{"@id":"https:\/\/www.fcgueugnon.fr\/site\/r1-j14-fc-gueugnon-chapelle-guinchay-face-au-leader-les-forgerons-veulent-continuer-de-guincher\/56439#primaryimage"},"thumbnailUrl":"https:\/\/www.fcgueugnon.fr\/site\/wp-content\/uploads\/2026\/03\/avant-match-chapelle-fcg.jpg","keywords":["Avant-match"],"articleSection":["News","News 2025\/2026"],"inLanguage":"fr-FR"},{"@type":"WebPage","@id":"https:\/\/www.fcgueugnon.fr\/site\/r1-j14-fc-gueugnon-chapelle-guinchay-face-au-leader-les-forgerons-veulent-continuer-de-guincher\/56439","url":"https:\/\/www.fcgueugnon.fr\/site\/r1-j14-fc-gueugnon-chapelle-guinchay-face-au-leader-les-forgerons-veulent-continuer-de-guincher\/56439","name":"[R1 J14 : FC Gueugnon \u2013 Chapelle-Guinchay] Face au leader, les forgerons veulent continuer de guincher ! &#8226; FOOTBALL CLUB GUEUGNON","isPartOf":{"@id":"https:\/\/www.fcgueugnon.fr\/site\/#website"},"primaryImageOfPage":{"@id":"https:\/\/www.fcgueugnon.fr\/site\/r1-j14-fc-gueugnon-chapelle-guinchay-face-au-leader-les-forgerons-veulent-continuer-de-guincher\/56439#primaryimage"},"image":{"@id":"https:\/\/www.fcgueugnon.fr\/site\/r1-j14-fc-gueugnon-chapelle-guinchay-face-au-leader-les-forgerons-veulent-continuer-de-guincher\/56439#primaryimage"},"thumbnailUrl":"https:\/\/www.fcgueugnon.fr\/site\/wp-content\/uploads\/2026\/03\/avant-match-chapelle-fcg.jpg","datePublished":"2026-03-13T07:30:00+00:00","breadcrumb":{"@id":"https:\/\/www.fcgueugnon.fr\/site\/r1-j14-fc-gueugnon-chapelle-guinchay-face-au-leader-les-forgerons-veulent-continuer-de-guincher\/56439#breadcrumb"},"inLanguage":"fr-FR","potentialAction":[{"@type":"ReadAction","target":["https:\/\/www.fcgueugnon.fr\/site\/r1-j14-fc-gueugnon-chapelle-guinchay-face-au-leader-les-forgerons-veulent-continuer-de-guincher\/56439"]}]},{"@type":"ImageObject","inLanguage":"fr-FR","@id":"https:\/\/www.fcgueugnon.fr\/site\/r1-j14-fc-gueugnon-chapelle-guinchay-face-au-leader-les-forgerons-veulent-continuer-de-guincher\/56439#primaryimage","url":"https:\/\/www.fcgueugnon.fr\/site\/wp-content\/uploads\/2026\/03\/avant-match-chapelle-fcg.jpg","contentUrl":"https:\/\/www.fcgueugnon.fr\/site\/wp-content\/uploads\/2026\/03\/avant-match-chapelle-fcg.jpg","width":1920,"height":1080},{"@type":"BreadcrumbList","@id":"https:\/\/www.fcgueugnon.fr\/site\/r1-j14-fc-gueugnon-chapelle-guinchay-face-au-leader-les-forgerons-veulent-continuer-de-guincher\/56439#breadcrumb","itemListElement":[{"@type":"ListItem","position":1,"name":"Accueil","item":"https:\/\/www.fcgueugnon.fr\/site\/"},{"@type":"ListItem","position":2,"name":"[R1 J14 : FC Gueugnon \u2013 Chapelle-Guinchay] Face au leader, les forgerons veulent continuer de guincher !"}]},{"@type":"WebSite","@id":"https:\/\/www.fcgueugnon.fr\/site\/#website","url":"https:\/\/www.fcgueugnon.fr\/site\/","name":"FOOTBALL CLUB GUEUGNON","description":"Le Site Officiel des Forgerons","publisher":{"@id":"https:\/\/www.fcgueugnon.fr\/site\/#organization"},"potentialAction":[{"@type":"SearchAction","target":{"@type":"EntryPoint","urlTemplate":"https:\/\/www.fcgueugnon.fr\/site\/?s={search_term_string}"},"query-input":{"@type":"PropertyValueSpecification","valueRequired":true,"valueName":"search_term_string"}}],"inLanguage":"fr-FR"},{"@type":"Organization","@id":"https:\/\/www.fcgueugnon.fr\/site\/#organization","name":"FC Gueugnon","url":"https:\/\/www.fcgueugnon.fr\/site\/","logo":{"@type":"ImageObject","inLanguage":"fr-FR","@id":"https:\/\/www.fcgueugnon.fr\/site\/#\/schema\/logo\/image\/","url":"https:\/\/www.fcgueugnon.fr\/site\/wp-content\/uploads\/2022\/07\/cropped-Logo-FCGUEUGNON-low-350x350-1.png","contentUrl":"https:\/\/www.fcgueugnon.fr\/site\/wp-content\/uploads\/2022\/07\/cropped-Logo-FCGUEUGNON-low-350x350-1.png","width":350,"height":350,"caption":"FC Gueugnon"},"image":{"@id":"https:\/\/www.fcgueugnon.fr\/site\/#\/schema\/logo\/image\/"},"sameAs":["http:\/\/facebook.com\/FCGueugnon","https:\/\/x.com\/FCGueugnon_off","https:\/\/www.instagram.com\/fcgueugnon\/","https:\/\/www.linkedin.com\/company\/football-club-de-gueugnon\/","https:\/\/www.youtube.com\/user\/FCGueugnonnais","https:\/\/fr.wikipedia.org\/wiki\/Football_Club_de_Gueugnon"]},{"@type":"Person","@id":"https:\/\/www.fcgueugnon.fr\/site\/#\/schema\/person\/f6444fbdd35fa731ee974c03508738fb","name":"FC Gueugnon","sameAs":["https:\/\/www.fcgueugnon.fr\/site"],"url":"https:\/\/www.fcgueugnon.fr\/site\/author\/admin-antho"}]}},"rttpg_featured_image_url":{"full":["https:\/\/www.fcgueugnon.fr\/site\/wp-content\/uploads\/2026\/03\/avant-match-chapelle-fcg.jpg",1920,1080,false],"landscape":["https:\/\/www.fcgueugnon.fr\/site\/wp-content\/uploads\/2026\/03\/avant-match-chapelle-fcg.jpg",1920,1080,false],"portraits":["https:\/\/www.fcgueugnon.fr\/site\/wp-content\/uploads\/2026\/03\/avant-match-chapelle-fcg.jpg",1920,1080,false],"thumbnail":["https:\/\/www.fcgueugnon.fr\/site\/wp-content\/uploads\/2026\/03\/avant-match-chapelle-fcg-150x150.jpg",150,150,true],"medium":["https:\/\/www.fcgueugnon.fr\/site\/wp-content\/uploads\/2026\/03\/avant-match-chapelle-fcg-400x225.jpg",400,225,true],"large":["https:\/\/www.fcgueugnon.fr\/site\/wp-content\/uploads\/2026\/03\/avant-match-chapelle-fcg-1024x576.jpg",1024,576,true],"1536x1536":["https:\/\/www.fcgueugnon.fr\/site\/wp-content\/uploads\/2026\/03\/avant-match-chapelle-fcg-1536x864.jpg",1536,864,true],"2048x2048":["https:\/\/www.fcgueugnon.fr\/site\/wp-content\/uploads\/2026\/03\/avant-match-chapelle-fcg.jpg",1920,1080,false]},"rttpg_author":{"display_name":"FC Gueugnon","author_link":"https:\/\/www.fcgueugnon.fr\/site\/author\/admin-antho"},"rttpg_comment":0,"rttpg_category":"<a href=\"https:\/\/www.fcgueugnon.fr\/site\/category\/news\" rel=\"category tag\">News<\/a> <a href=\"https:\/\/www.fcgueugnon.fr\/site\/category\/news\/news-2025-2026\" rel=\"category tag\">News 2025\/2026<\/a>","rttpg_excerpt":"Nouveau rendez-vous \u00e0 domicile pour des gueugnonnais en pleine confiance apr\u00e8s leurs derni\u00e8res performances. Mais ce samedi, Gueugnon affronte un adversaire de taille, l&rsquo;actuel leader : La Chapelle de Guinchay. \ud83c\udd9a L&rsquo;adversaire : ASC Chapelle L\u2019Association Sportive Chapelloise de Football, toujours entra\u00een\u00e9e par \u00c9ric Guichard, pointe actuellement en t\u00eate de ce championnat tr\u00e8s disput\u00e9 du\u2026","_links":{"self":[{"href":"https:\/\/www.fcgueugnon.fr\/site\/wp-json\/wp\/v2\/posts\/56439","targetHints":{"allow":["GET"]}}],"collection":[{"href":"https:\/\/www.fcgueugnon.fr\/site\/wp-json\/wp\/v2\/posts"}],"about":[{"href":"https:\/\/www.fcgueugnon.fr\/site\/wp-json\/wp\/v2\/types\/post"}],"author":[{"embeddable":true,"href":"https:\/\/www.fcgueugnon.fr\/site\/wp-json\/wp\/v2\/users\/1"}],"replies":[{"embeddable":true,"href":"https:\/\/www.fcgueugnon.fr\/site\/wp-json\/wp\/v2\/comments?post=56439"}],"version-history":[{"count":1,"href":"https:\/\/www.fcgueugnon.fr\/site\/wp-json\/wp\/v2\/posts\/56439\/revisions"}],"predecessor-version":[{"id":56442,"href":"https:\/\/www.fcgueugnon.fr\/site\/wp-json\/wp\/v2\/posts\/56439\/revisions\/56442"}],"wp:featuredmedia":[{"embeddable":true,"href":"https:\/\/www.fcgueugnon.fr\/site\/wp-json\/wp\/v2\/media\/56441"}],"wp:attachment":[{"href":"https:\/\/www.fcgueugnon.fr\/site\/wp-json\/wp\/v2\/media?parent=56439"}],"wp:term":[{"taxonomy":"category","embeddable":true,"href":"https:\/\/www.fcgueugnon.fr\/site\/wp-json\/wp\/v2\/categories?post=56439"},{"taxonomy":"post_tag","embeddable":true,"href":"https:\/\/www.fcgueugnon.fr\/site\/wp-json\/wp\/v2\/tags?post=56439"}],"curies":[{"name":"wp","href":"https:\/\/api.w.org\/{rel}","templated":true}]}}