{"id":56434,"date":"2026-03-12T17:55:00","date_gmt":"2026-03-12T16:55:00","guid":{"rendered":"https:\/\/www.fcgueugnon.fr\/site\/?p=56434"},"modified":"2026-03-19T20:02:18","modified_gmt":"2026-03-19T19:02:18","slug":"r1-j11-fc-gueugnon-chapelle-guinchay-lamicale-des-anciens-du-fc-gueugnon-partenaire-de-la-rencontre","status":"publish","type":"post","link":"https:\/\/www.fcgueugnon.fr\/site\/r1-j11-fc-gueugnon-chapelle-guinchay-lamicale-des-anciens-du-fc-gueugnon-partenaire-de-la-rencontre\/56434","title":{"rendered":"[R1 J14 : FC Gueugnon \u2013 Chapelle-Guinchay] L\u2019Amicale des Anciens du FC Gueugnon : partenaire de la rencontre"},"content":{"rendered":"\n<h3 class=\"wp-block-heading\"><strong><strong><strong>Ce samedi, \u00e0 l\u2019occasion de la rencontre face \u00e0 La Chapelle-de-Guinchay, le stade Jean Laville accueillera de nombreux anciens joueurs du FCG. R\u00e9unis au sein de l\u2019Amicale des Anciens, ils seront une quarantaine \u00e0 r\u00e9pondre pr\u00e9sent pour partager un moment de convivialit\u00e9 et soutenir les Forgerons.<\/strong><\/strong><\/strong><\/h3>\n\n\n\n<div style=\"height:40px\" aria-hidden=\"true\" class=\"wp-block-spacer\"><\/div>\n\n\n<div class=\"wp-block-image\">\n<figure class=\"aligncenter size-full is-resized\"><img loading=\"lazy\" decoding=\"async\" width=\"1920\" height=\"1080\" src=\"https:\/\/www.fcgueugnon.fr\/site\/wp-content\/uploads\/2026\/03\/AMICALE-ANCIENS-FCG.jpg\" alt=\"\" class=\"wp-image-56435\" style=\"width:750px\" srcset=\"https:\/\/www.fcgueugnon.fr\/site\/wp-content\/uploads\/2026\/03\/AMICALE-ANCIENS-FCG.jpg 1920w, https:\/\/www.fcgueugnon.fr\/site\/wp-content\/uploads\/2026\/03\/AMICALE-ANCIENS-FCG-400x225.jpg 400w, https:\/\/www.fcgueugnon.fr\/site\/wp-content\/uploads\/2026\/03\/AMICALE-ANCIENS-FCG-1024x576.jpg 1024w, https:\/\/www.fcgueugnon.fr\/site\/wp-content\/uploads\/2026\/03\/AMICALE-ANCIENS-FCG-768x432.jpg 768w, https:\/\/www.fcgueugnon.fr\/site\/wp-content\/uploads\/2026\/03\/AMICALE-ANCIENS-FCG-1536x864.jpg 1536w\" sizes=\"auto, (max-width: 1920px) 100vw, 1920px\" \/><\/figure>\n<\/div>\n\n\n<div style=\"height:40px\" aria-hidden=\"true\" class=\"wp-block-spacer\"><\/div>\n\n\n\n<p><strong>L\u2019Amicale des Anciens : l\u2019histoire du FC Gueugnon toujours vivante<\/strong><\/p>\n\n\n\n<p>\u00c0 l\u2019occasion de la rencontre de ce samedi, le FC Gueugnon aura le plaisir de compter sur un partenaire un peu particulier : l\u2019Amicale des Anciens du club. Cette association rassemble d\u2019anciens joueurs qui ont port\u00e9 les couleurs forgeronnes \u00e0 diff\u00e9rentes \u00e9poques et qui restent profond\u00e9ment attach\u00e9s au FCG.<\/p>\n\n\n\n<p>Pr\u00e9sid\u00e9e par <strong>Michel Berthommier<\/strong>, \u00e9galement vice-pr\u00e9sident du FC Gueugnon, l\u2019Amicale entretient le lien entre les g\u00e9n\u00e9rations de joueurs et perp\u00e9tue l\u2019esprit du club. Bas\u00e9e \u00e0 Gueugnon, elle r\u00e9unit des anciens venus de diff\u00e9rentes r\u00e9gions, tous unis par leur passage au stade Jean Laville et par leur attachement aux valeurs forgeronnes.<\/p>\n\n\n\n<div style=\"height:20px\" aria-hidden=\"true\" class=\"wp-block-spacer\"><\/div>\n\n\n\n<p><strong>Un moment de convivialit\u00e9 entre anciens Forgerons<\/strong><\/p>\n\n\n\n<p>Pour la rencontre de ce samedi, pr\u00e8s d\u2019une quarantaine d\u2019anciens joueurs feront le d\u00e9placement et seront pr\u00e9sents en tribune pour encourager les Forgerons lors du match face \u00e0 l\u2019ASC Foot (La Chapelle-de-Guinchay), avant de participer au repas VIP organis\u00e9 apr\u00e8s la rencontre.<\/p>\n\n\n\n<p>Parmi eux, un invit\u00e9 sp\u00e9cial : <strong>\u00c9ric Guichard<\/strong>. L\u2019ancien joueur du club sera bien pr\u00e9sent lors du rassemblement, apr\u00e8s avoir dirig\u00e9 son \u00e9quipe de La Chapelle-de-Guinchay, actuelle leader de la poule de R\u00e9gional 1. Il a accept\u00e9 avec grand plaisir de participer \u00e0 ces retrouvailles et de partager le repas avec les anciens du club.<\/p>\n\n\n\n<div style=\"height:20px\" aria-hidden=\"true\" class=\"wp-block-spacer\"><\/div>\n\n\n\n<p>Le FC Gueugnon remercie chaleureusement l\u2019Amicale des Anciens pour sa pr\u00e9sence et son engagement \u00e0 faire vivre l\u2019histoire et l\u2019esprit du club.<\/p>\n\n\n\n<div style=\"height:40px\" aria-hidden=\"true\" class=\"wp-block-spacer\"><\/div>\n\n\n<div class=\"wp-block-image\">\n<figure class=\"aligncenter size-full is-resized\"><img loading=\"lazy\" decoding=\"async\" width=\"240\" height=\"240\" src=\"https:\/\/www.fcgueugnon.fr\/site\/wp-content\/uploads\/2022\/07\/glorieux-FCG-logo.png\" alt=\"\" class=\"wp-image-116\" style=\"width:140px;height:auto\" srcset=\"https:\/\/www.fcgueugnon.fr\/site\/wp-content\/uploads\/2022\/07\/glorieux-FCG-logo.png 240w, https:\/\/www.fcgueugnon.fr\/site\/wp-content\/uploads\/2022\/07\/glorieux-FCG-logo-150x150.png 150w\" sizes=\"auto, (max-width: 240px) 100vw, 240px\" \/><\/figure>\n<\/div>\n\n\n<div style=\"height:20px\" aria-hidden=\"true\" class=\"wp-block-spacer\"><\/div>\n\n\n\n<p class=\"has-text-align-center\"><strong>AMICALE DES ANCIENS DU FCG<\/strong><a href=\"http:\/\/www.locatrans-genelardais.com\/\"><br><\/a>Site internet : <a href=\"https:\/\/fcgueugnon.fr\/amicalefcg\/\" target=\"_blank\" rel=\"noreferrer noopener\">https:\/\/fcgueugnon.fr\/amicalefcg\/<\/a><br>Page Facebook : <a href=\"https:\/\/www.facebook.com\/GlorieuxFCG\" target=\"_blank\" rel=\"noreferrer noopener\">https:\/\/www.facebook.com\/GlorieuxFCG<\/a><\/p>\n\n\n\n<div style=\"height:20px\" aria-hidden=\"true\" class=\"wp-block-spacer\"><\/div>\n\n\n\n<p class=\"has-text-align-center\"><strong>Supporters forgerons,&nbsp;<a href=\"https:\/\/www.fcgueugnon.fr\/site\/partenaires\">r\u00e9servez vos achats et vos sorties chez nos partenaires<\/a><\/strong><\/p>\n\n\n\n<p><\/p>\n","protected":false},"excerpt":{"rendered":"<p>Ce samedi, \u00e0 l\u2019occasion de la rencontre face \u00e0 La Chapelle-de-Guinchay, le stade Jean Laville accueillera de nombreux anciens joueurs du FCG. R\u00e9unis au sein de l\u2019Amicale des Anciens, ils seront une quarantaine \u00e0 r\u00e9pondre pr\u00e9sent pour partager un moment de convivialit\u00e9 et soutenir les Forgerons. L\u2019Amicale des Anciens : l\u2019histoire du FC Gueugnon toujours &#8230; <\/p>\n<p class=\"read-more-container\"><a title=\"[R1 J14 : FC Gueugnon \u2013 Chapelle-Guinchay] L\u2019Amicale des Anciens du FC Gueugnon : partenaire de la rencontre\" class=\"read-more button\" href=\"https:\/\/www.fcgueugnon.fr\/site\/r1-j11-fc-gueugnon-chapelle-guinchay-lamicale-des-anciens-du-fc-gueugnon-partenaire-de-la-rencontre\/56434#more-56434\" aria-label=\"Plus sur [R1 J14 : FC Gueugnon \u2013 Chapelle-Guinchay] L\u2019Amicale des Anciens du FC Gueugnon : partenaire de la rencontre\">Lire la suite<\/a><\/p>\n","protected":false},"author":3,"featured_media":56435,"comment_status":"closed","ping_status":"closed","sticky":false,"template":"","format":"standard","meta":{"footnotes":""},"categories":[118],"tags":[23],"class_list":["post-56434","post","type-post","status-publish","format-standard","has-post-thumbnail","hentry","category-news-2025-2026","tag-partenaires","infinite-scroll-item","generate-columns","tablet-grid-50","mobile-grid-100","grid-parent","grid-25","resize-featured-image"],"yoast_head":"<!-- This site is optimized with the Yoast SEO plugin v26.6 - https:\/\/yoast.com\/wordpress\/plugins\/seo\/ -->\n<title>[R1 J14 : FC Gueugnon \u2013 Chapelle-Guinchay] L\u2019Amicale des Anciens du FC Gueugnon : partenaire de la rencontre &#8226; FOOTBALL CLUB GUEUGNON<\/title>\n<meta name=\"robots\" content=\"index, follow, max-snippet:-1, max-image-preview:large, max-video-preview:-1\" \/>\n<link rel=\"canonical\" href=\"https:\/\/www.fcgueugnon.fr\/site\/r1-j11-fc-gueugnon-chapelle-guinchay-lamicale-des-anciens-du-fc-gueugnon-partenaire-de-la-rencontre\/56434\" \/>\n<meta property=\"og:locale\" content=\"fr_FR\" \/>\n<meta property=\"og:type\" content=\"article\" \/>\n<meta property=\"og:title\" content=\"[R1 J14 : FC Gueugnon \u2013 Chapelle-Guinchay] L\u2019Amicale des Anciens du FC Gueugnon : partenaire de la rencontre &#8226; FOOTBALL CLUB GUEUGNON\" \/>\n<meta property=\"og:description\" content=\"Ce samedi, \u00e0 l\u2019occasion de la rencontre face \u00e0 La Chapelle-de-Guinchay, le stade Jean Laville accueillera de nombreux anciens joueurs du FCG. R\u00e9unis au sein de l\u2019Amicale des Anciens, ils seront une quarantaine \u00e0 r\u00e9pondre pr\u00e9sent pour partager un moment de convivialit\u00e9 et soutenir les Forgerons. L\u2019Amicale des Anciens : l\u2019histoire du FC Gueugnon toujours ... Lire la suite\" \/>\n<meta property=\"og:url\" content=\"https:\/\/www.fcgueugnon.fr\/site\/r1-j11-fc-gueugnon-chapelle-guinchay-lamicale-des-anciens-du-fc-gueugnon-partenaire-de-la-rencontre\/56434\" \/>\n<meta property=\"og:site_name\" content=\"FOOTBALL CLUB GUEUGNON\" \/>\n<meta property=\"article:publisher\" content=\"http:\/\/facebook.com\/FCGueugnon\" \/>\n<meta property=\"article:published_time\" content=\"2026-03-12T16:55:00+00:00\" \/>\n<meta property=\"article:modified_time\" content=\"2026-03-19T19:02:18+00:00\" \/>\n<meta property=\"og:image\" content=\"https:\/\/www.fcgueugnon.fr\/site\/wp-content\/uploads\/2026\/03\/AMICALE-ANCIENS-FCG.jpg\" \/>\n\t<meta property=\"og:image:width\" content=\"1920\" \/>\n\t<meta property=\"og:image:height\" content=\"1080\" \/>\n\t<meta property=\"og:image:type\" content=\"image\/jpeg\" \/>\n<meta name=\"author\" content=\"FC Gueugnon\" \/>\n<meta name=\"twitter:card\" content=\"summary_large_image\" \/>\n<meta name=\"twitter:creator\" content=\"@FCGueugnon_off\" \/>\n<meta name=\"twitter:site\" content=\"@FCGueugnon_off\" \/>\n<meta name=\"twitter:label1\" content=\"\u00c9crit par\" \/>\n\t<meta name=\"twitter:data1\" content=\"FC Gueugnon\" \/>\n\t<meta name=\"twitter:label2\" content=\"Dur\u00e9e de lecture estim\u00e9e\" \/>\n\t<meta name=\"twitter:data2\" content=\"3 minutes\" \/>\n<script type=\"application\/ld+json\" class=\"yoast-schema-graph\">{\"@context\":\"https:\/\/schema.org\",\"@graph\":[{\"@type\":\"Article\",\"@id\":\"https:\/\/www.fcgueugnon.fr\/site\/r1-j11-fc-gueugnon-chapelle-guinchay-lamicale-des-anciens-du-fc-gueugnon-partenaire-de-la-rencontre\/56434#article\",\"isPartOf\":{\"@id\":\"https:\/\/www.fcgueugnon.fr\/site\/r1-j11-fc-gueugnon-chapelle-guinchay-lamicale-des-anciens-du-fc-gueugnon-partenaire-de-la-rencontre\/56434\"},\"author\":{\"name\":\"FC Gueugnon\",\"@id\":\"https:\/\/www.fcgueugnon.fr\/site\/#\/schema\/person\/829630bfb5d6f3ebe4d296b75687c01a\"},\"headline\":\"[R1 J14 : FC Gueugnon \u2013 Chapelle-Guinchay] L\u2019Amicale des Anciens du FC Gueugnon : partenaire de la rencontre\",\"datePublished\":\"2026-03-12T16:55:00+00:00\",\"dateModified\":\"2026-03-19T19:02:18+00:00\",\"mainEntityOfPage\":{\"@id\":\"https:\/\/www.fcgueugnon.fr\/site\/r1-j11-fc-gueugnon-chapelle-guinchay-lamicale-des-anciens-du-fc-gueugnon-partenaire-de-la-rencontre\/56434\"},\"wordCount\":356,\"publisher\":{\"@id\":\"https:\/\/www.fcgueugnon.fr\/site\/#organization\"},\"image\":{\"@id\":\"https:\/\/www.fcgueugnon.fr\/site\/r1-j11-fc-gueugnon-chapelle-guinchay-lamicale-des-anciens-du-fc-gueugnon-partenaire-de-la-rencontre\/56434#primaryimage\"},\"thumbnailUrl\":\"https:\/\/www.fcgueugnon.fr\/site\/wp-content\/uploads\/2026\/03\/AMICALE-ANCIENS-FCG.jpg\",\"keywords\":[\"Partenaires\"],\"articleSection\":[\"News 2025\/2026\"],\"inLanguage\":\"fr-FR\"},{\"@type\":\"WebPage\",\"@id\":\"https:\/\/www.fcgueugnon.fr\/site\/r1-j11-fc-gueugnon-chapelle-guinchay-lamicale-des-anciens-du-fc-gueugnon-partenaire-de-la-rencontre\/56434\",\"url\":\"https:\/\/www.fcgueugnon.fr\/site\/r1-j11-fc-gueugnon-chapelle-guinchay-lamicale-des-anciens-du-fc-gueugnon-partenaire-de-la-rencontre\/56434\",\"name\":\"[R1 J14 : FC Gueugnon \u2013 Chapelle-Guinchay] L\u2019Amicale des Anciens du FC Gueugnon : partenaire de la rencontre &#8226; FOOTBALL CLUB GUEUGNON\",\"isPartOf\":{\"@id\":\"https:\/\/www.fcgueugnon.fr\/site\/#website\"},\"primaryImageOfPage\":{\"@id\":\"https:\/\/www.fcgueugnon.fr\/site\/r1-j11-fc-gueugnon-chapelle-guinchay-lamicale-des-anciens-du-fc-gueugnon-partenaire-de-la-rencontre\/56434#primaryimage\"},\"image\":{\"@id\":\"https:\/\/www.fcgueugnon.fr\/site\/r1-j11-fc-gueugnon-chapelle-guinchay-lamicale-des-anciens-du-fc-gueugnon-partenaire-de-la-rencontre\/56434#primaryimage\"},\"thumbnailUrl\":\"https:\/\/www.fcgueugnon.fr\/site\/wp-content\/uploads\/2026\/03\/AMICALE-ANCIENS-FCG.jpg\",\"datePublished\":\"2026-03-12T16:55:00+00:00\",\"dateModified\":\"2026-03-19T19:02:18+00:00\",\"breadcrumb\":{\"@id\":\"https:\/\/www.fcgueugnon.fr\/site\/r1-j11-fc-gueugnon-chapelle-guinchay-lamicale-des-anciens-du-fc-gueugnon-partenaire-de-la-rencontre\/56434#breadcrumb\"},\"inLanguage\":\"fr-FR\",\"potentialAction\":[{\"@type\":\"ReadAction\",\"target\":[\"https:\/\/www.fcgueugnon.fr\/site\/r1-j11-fc-gueugnon-chapelle-guinchay-lamicale-des-anciens-du-fc-gueugnon-partenaire-de-la-rencontre\/56434\"]}]},{\"@type\":\"ImageObject\",\"inLanguage\":\"fr-FR\",\"@id\":\"https:\/\/www.fcgueugnon.fr\/site\/r1-j11-fc-gueugnon-chapelle-guinchay-lamicale-des-anciens-du-fc-gueugnon-partenaire-de-la-rencontre\/56434#primaryimage\",\"url\":\"https:\/\/www.fcgueugnon.fr\/site\/wp-content\/uploads\/2026\/03\/AMICALE-ANCIENS-FCG.jpg\",\"contentUrl\":\"https:\/\/www.fcgueugnon.fr\/site\/wp-content\/uploads\/2026\/03\/AMICALE-ANCIENS-FCG.jpg\",\"width\":1920,\"height\":1080},{\"@type\":\"BreadcrumbList\",\"@id\":\"https:\/\/www.fcgueugnon.fr\/site\/r1-j11-fc-gueugnon-chapelle-guinchay-lamicale-des-anciens-du-fc-gueugnon-partenaire-de-la-rencontre\/56434#breadcrumb\",\"itemListElement\":[{\"@type\":\"ListItem\",\"position\":1,\"name\":\"Accueil\",\"item\":\"https:\/\/www.fcgueugnon.fr\/site\/\"},{\"@type\":\"ListItem\",\"position\":2,\"name\":\"[R1 J14 : FC Gueugnon \u2013 Chapelle-Guinchay] L\u2019Amicale des Anciens du FC Gueugnon : partenaire de la rencontre\"}]},{\"@type\":\"WebSite\",\"@id\":\"https:\/\/www.fcgueugnon.fr\/site\/#website\",\"url\":\"https:\/\/www.fcgueugnon.fr\/site\/\",\"name\":\"FOOTBALL CLUB GUEUGNON\",\"description\":\"Le Site Officiel des Forgerons\",\"publisher\":{\"@id\":\"https:\/\/www.fcgueugnon.fr\/site\/#organization\"},\"potentialAction\":[{\"@type\":\"SearchAction\",\"target\":{\"@type\":\"EntryPoint\",\"urlTemplate\":\"https:\/\/www.fcgueugnon.fr\/site\/?s={search_term_string}\"},\"query-input\":{\"@type\":\"PropertyValueSpecification\",\"valueRequired\":true,\"valueName\":\"search_term_string\"}}],\"inLanguage\":\"fr-FR\"},{\"@type\":\"Organization\",\"@id\":\"https:\/\/www.fcgueugnon.fr\/site\/#organization\",\"name\":\"FC Gueugnon\",\"url\":\"https:\/\/www.fcgueugnon.fr\/site\/\",\"logo\":{\"@type\":\"ImageObject\",\"inLanguage\":\"fr-FR\",\"@id\":\"https:\/\/www.fcgueugnon.fr\/site\/#\/schema\/logo\/image\/\",\"url\":\"https:\/\/www.fcgueugnon.fr\/site\/wp-content\/uploads\/2022\/07\/cropped-Logo-FCGUEUGNON-low-350x350-1.png\",\"contentUrl\":\"https:\/\/www.fcgueugnon.fr\/site\/wp-content\/uploads\/2022\/07\/cropped-Logo-FCGUEUGNON-low-350x350-1.png\",\"width\":350,\"height\":350,\"caption\":\"FC Gueugnon\"},\"image\":{\"@id\":\"https:\/\/www.fcgueugnon.fr\/site\/#\/schema\/logo\/image\/\"},\"sameAs\":[\"http:\/\/facebook.com\/FCGueugnon\",\"https:\/\/x.com\/FCGueugnon_off\",\"https:\/\/www.instagram.com\/fcgueugnon\/\",\"https:\/\/www.linkedin.com\/company\/football-club-de-gueugnon\/\",\"https:\/\/www.youtube.com\/user\/FCGueugnonnais\",\"https:\/\/fr.wikipedia.org\/wiki\/Football_Club_de_Gueugnon\"]},{\"@type\":\"Person\",\"@id\":\"https:\/\/www.fcgueugnon.fr\/site\/#\/schema\/person\/829630bfb5d6f3ebe4d296b75687c01a\",\"name\":\"FC Gueugnon\",\"url\":\"https:\/\/www.fcgueugnon.fr\/site\/author\/g-avin1\"}]}<\/script>\n<!-- \/ Yoast SEO plugin. -->","yoast_head_json":{"title":"[R1 J14 : FC Gueugnon \u2013 Chapelle-Guinchay] L\u2019Amicale des Anciens du FC Gueugnon : partenaire de la rencontre &#8226; FOOTBALL CLUB GUEUGNON","robots":{"index":"index","follow":"follow","max-snippet":"max-snippet:-1","max-image-preview":"max-image-preview:large","max-video-preview":"max-video-preview:-1"},"canonical":"https:\/\/www.fcgueugnon.fr\/site\/r1-j11-fc-gueugnon-chapelle-guinchay-lamicale-des-anciens-du-fc-gueugnon-partenaire-de-la-rencontre\/56434","og_locale":"fr_FR","og_type":"article","og_title":"[R1 J14 : FC Gueugnon \u2013 Chapelle-Guinchay] L\u2019Amicale des Anciens du FC Gueugnon : partenaire de la rencontre &#8226; FOOTBALL CLUB GUEUGNON","og_description":"Ce samedi, \u00e0 l\u2019occasion de la rencontre face \u00e0 La Chapelle-de-Guinchay, le stade Jean Laville accueillera de nombreux anciens joueurs du FCG. R\u00e9unis au sein de l\u2019Amicale des Anciens, ils seront une quarantaine \u00e0 r\u00e9pondre pr\u00e9sent pour partager un moment de convivialit\u00e9 et soutenir les Forgerons. L\u2019Amicale des Anciens : l\u2019histoire du FC Gueugnon toujours ... Lire la suite","og_url":"https:\/\/www.fcgueugnon.fr\/site\/r1-j11-fc-gueugnon-chapelle-guinchay-lamicale-des-anciens-du-fc-gueugnon-partenaire-de-la-rencontre\/56434","og_site_name":"FOOTBALL CLUB GUEUGNON","article_publisher":"http:\/\/facebook.com\/FCGueugnon","article_published_time":"2026-03-12T16:55:00+00:00","article_modified_time":"2026-03-19T19:02:18+00:00","og_image":[{"width":1920,"height":1080,"url":"https:\/\/www.fcgueugnon.fr\/site\/wp-content\/uploads\/2026\/03\/AMICALE-ANCIENS-FCG.jpg","type":"image\/jpeg"}],"author":"FC Gueugnon","twitter_card":"summary_large_image","twitter_creator":"@FCGueugnon_off","twitter_site":"@FCGueugnon_off","twitter_misc":{"\u00c9crit par":"FC Gueugnon","Dur\u00e9e de lecture estim\u00e9e":"3 minutes"},"schema":{"@context":"https:\/\/schema.org","@graph":[{"@type":"Article","@id":"https:\/\/www.fcgueugnon.fr\/site\/r1-j11-fc-gueugnon-chapelle-guinchay-lamicale-des-anciens-du-fc-gueugnon-partenaire-de-la-rencontre\/56434#article","isPartOf":{"@id":"https:\/\/www.fcgueugnon.fr\/site\/r1-j11-fc-gueugnon-chapelle-guinchay-lamicale-des-anciens-du-fc-gueugnon-partenaire-de-la-rencontre\/56434"},"author":{"name":"FC Gueugnon","@id":"https:\/\/www.fcgueugnon.fr\/site\/#\/schema\/person\/829630bfb5d6f3ebe4d296b75687c01a"},"headline":"[R1 J14 : FC Gueugnon \u2013 Chapelle-Guinchay] L\u2019Amicale des Anciens du FC Gueugnon : partenaire de la rencontre","datePublished":"2026-03-12T16:55:00+00:00","dateModified":"2026-03-19T19:02:18+00:00","mainEntityOfPage":{"@id":"https:\/\/www.fcgueugnon.fr\/site\/r1-j11-fc-gueugnon-chapelle-guinchay-lamicale-des-anciens-du-fc-gueugnon-partenaire-de-la-rencontre\/56434"},"wordCount":356,"publisher":{"@id":"https:\/\/www.fcgueugnon.fr\/site\/#organization"},"image":{"@id":"https:\/\/www.fcgueugnon.fr\/site\/r1-j11-fc-gueugnon-chapelle-guinchay-lamicale-des-anciens-du-fc-gueugnon-partenaire-de-la-rencontre\/56434#primaryimage"},"thumbnailUrl":"https:\/\/www.fcgueugnon.fr\/site\/wp-content\/uploads\/2026\/03\/AMICALE-ANCIENS-FCG.jpg","keywords":["Partenaires"],"articleSection":["News 2025\/2026"],"inLanguage":"fr-FR"},{"@type":"WebPage","@id":"https:\/\/www.fcgueugnon.fr\/site\/r1-j11-fc-gueugnon-chapelle-guinchay-lamicale-des-anciens-du-fc-gueugnon-partenaire-de-la-rencontre\/56434","url":"https:\/\/www.fcgueugnon.fr\/site\/r1-j11-fc-gueugnon-chapelle-guinchay-lamicale-des-anciens-du-fc-gueugnon-partenaire-de-la-rencontre\/56434","name":"[R1 J14 : FC Gueugnon \u2013 Chapelle-Guinchay] L\u2019Amicale des Anciens du FC Gueugnon : partenaire de la rencontre &#8226; FOOTBALL CLUB GUEUGNON","isPartOf":{"@id":"https:\/\/www.fcgueugnon.fr\/site\/#website"},"primaryImageOfPage":{"@id":"https:\/\/www.fcgueugnon.fr\/site\/r1-j11-fc-gueugnon-chapelle-guinchay-lamicale-des-anciens-du-fc-gueugnon-partenaire-de-la-rencontre\/56434#primaryimage"},"image":{"@id":"https:\/\/www.fcgueugnon.fr\/site\/r1-j11-fc-gueugnon-chapelle-guinchay-lamicale-des-anciens-du-fc-gueugnon-partenaire-de-la-rencontre\/56434#primaryimage"},"thumbnailUrl":"https:\/\/www.fcgueugnon.fr\/site\/wp-content\/uploads\/2026\/03\/AMICALE-ANCIENS-FCG.jpg","datePublished":"2026-03-12T16:55:00+00:00","dateModified":"2026-03-19T19:02:18+00:00","breadcrumb":{"@id":"https:\/\/www.fcgueugnon.fr\/site\/r1-j11-fc-gueugnon-chapelle-guinchay-lamicale-des-anciens-du-fc-gueugnon-partenaire-de-la-rencontre\/56434#breadcrumb"},"inLanguage":"fr-FR","potentialAction":[{"@type":"ReadAction","target":["https:\/\/www.fcgueugnon.fr\/site\/r1-j11-fc-gueugnon-chapelle-guinchay-lamicale-des-anciens-du-fc-gueugnon-partenaire-de-la-rencontre\/56434"]}]},{"@type":"ImageObject","inLanguage":"fr-FR","@id":"https:\/\/www.fcgueugnon.fr\/site\/r1-j11-fc-gueugnon-chapelle-guinchay-lamicale-des-anciens-du-fc-gueugnon-partenaire-de-la-rencontre\/56434#primaryimage","url":"https:\/\/www.fcgueugnon.fr\/site\/wp-content\/uploads\/2026\/03\/AMICALE-ANCIENS-FCG.jpg","contentUrl":"https:\/\/www.fcgueugnon.fr\/site\/wp-content\/uploads\/2026\/03\/AMICALE-ANCIENS-FCG.jpg","width":1920,"height":1080},{"@type":"BreadcrumbList","@id":"https:\/\/www.fcgueugnon.fr\/site\/r1-j11-fc-gueugnon-chapelle-guinchay-lamicale-des-anciens-du-fc-gueugnon-partenaire-de-la-rencontre\/56434#breadcrumb","itemListElement":[{"@type":"ListItem","position":1,"name":"Accueil","item":"https:\/\/www.fcgueugnon.fr\/site\/"},{"@type":"ListItem","position":2,"name":"[R1 J14 : FC Gueugnon \u2013 Chapelle-Guinchay] L\u2019Amicale des Anciens du FC Gueugnon : partenaire de la rencontre"}]},{"@type":"WebSite","@id":"https:\/\/www.fcgueugnon.fr\/site\/#website","url":"https:\/\/www.fcgueugnon.fr\/site\/","name":"FOOTBALL CLUB GUEUGNON","description":"Le Site Officiel des Forgerons","publisher":{"@id":"https:\/\/www.fcgueugnon.fr\/site\/#organization"},"potentialAction":[{"@type":"SearchAction","target":{"@type":"EntryPoint","urlTemplate":"https:\/\/www.fcgueugnon.fr\/site\/?s={search_term_string}"},"query-input":{"@type":"PropertyValueSpecification","valueRequired":true,"valueName":"search_term_string"}}],"inLanguage":"fr-FR"},{"@type":"Organization","@id":"https:\/\/www.fcgueugnon.fr\/site\/#organization","name":"FC Gueugnon","url":"https:\/\/www.fcgueugnon.fr\/site\/","logo":{"@type":"ImageObject","inLanguage":"fr-FR","@id":"https:\/\/www.fcgueugnon.fr\/site\/#\/schema\/logo\/image\/","url":"https:\/\/www.fcgueugnon.fr\/site\/wp-content\/uploads\/2022\/07\/cropped-Logo-FCGUEUGNON-low-350x350-1.png","contentUrl":"https:\/\/www.fcgueugnon.fr\/site\/wp-content\/uploads\/2022\/07\/cropped-Logo-FCGUEUGNON-low-350x350-1.png","width":350,"height":350,"caption":"FC Gueugnon"},"image":{"@id":"https:\/\/www.fcgueugnon.fr\/site\/#\/schema\/logo\/image\/"},"sameAs":["http:\/\/facebook.com\/FCGueugnon","https:\/\/x.com\/FCGueugnon_off","https:\/\/www.instagram.com\/fcgueugnon\/","https:\/\/www.linkedin.com\/company\/football-club-de-gueugnon\/","https:\/\/www.youtube.com\/user\/FCGueugnonnais","https:\/\/fr.wikipedia.org\/wiki\/Football_Club_de_Gueugnon"]},{"@type":"Person","@id":"https:\/\/www.fcgueugnon.fr\/site\/#\/schema\/person\/829630bfb5d6f3ebe4d296b75687c01a","name":"FC Gueugnon","url":"https:\/\/www.fcgueugnon.fr\/site\/author\/g-avin1"}]}},"rttpg_featured_image_url":{"full":["https:\/\/www.fcgueugnon.fr\/site\/wp-content\/uploads\/2026\/03\/AMICALE-ANCIENS-FCG.jpg",1920,1080,false],"landscape":["https:\/\/www.fcgueugnon.fr\/site\/wp-content\/uploads\/2026\/03\/AMICALE-ANCIENS-FCG.jpg",1920,1080,false],"portraits":["https:\/\/www.fcgueugnon.fr\/site\/wp-content\/uploads\/2026\/03\/AMICALE-ANCIENS-FCG.jpg",1920,1080,false],"thumbnail":["https:\/\/www.fcgueugnon.fr\/site\/wp-content\/uploads\/2026\/03\/AMICALE-ANCIENS-FCG-150x150.jpg",150,150,true],"medium":["https:\/\/www.fcgueugnon.fr\/site\/wp-content\/uploads\/2026\/03\/AMICALE-ANCIENS-FCG-400x225.jpg",400,225,true],"large":["https:\/\/www.fcgueugnon.fr\/site\/wp-content\/uploads\/2026\/03\/AMICALE-ANCIENS-FCG-1024x576.jpg",1024,576,true],"1536x1536":["https:\/\/www.fcgueugnon.fr\/site\/wp-content\/uploads\/2026\/03\/AMICALE-ANCIENS-FCG-1536x864.jpg",1536,864,true],"2048x2048":["https:\/\/www.fcgueugnon.fr\/site\/wp-content\/uploads\/2026\/03\/AMICALE-ANCIENS-FCG.jpg",1920,1080,false]},"rttpg_author":{"display_name":"FC Gueugnon","author_link":"https:\/\/www.fcgueugnon.fr\/site\/author\/g-avin1"},"rttpg_comment":0,"rttpg_category":"<a href=\"https:\/\/www.fcgueugnon.fr\/site\/category\/news\/news-2025-2026\" rel=\"category tag\">News 2025\/2026<\/a>","rttpg_excerpt":"Ce samedi, \u00e0 l\u2019occasion de la rencontre face \u00e0 La Chapelle-de-Guinchay, le stade Jean Laville accueillera de nombreux anciens joueurs du FCG. R\u00e9unis au sein de l\u2019Amicale des Anciens, ils seront une quarantaine \u00e0 r\u00e9pondre pr\u00e9sent pour partager un moment de convivialit\u00e9 et soutenir les Forgerons. L\u2019Amicale des Anciens : l\u2019histoire du FC Gueugnon toujours\u2026","_links":{"self":[{"href":"https:\/\/www.fcgueugnon.fr\/site\/wp-json\/wp\/v2\/posts\/56434","targetHints":{"allow":["GET"]}}],"collection":[{"href":"https:\/\/www.fcgueugnon.fr\/site\/wp-json\/wp\/v2\/posts"}],"about":[{"href":"https:\/\/www.fcgueugnon.fr\/site\/wp-json\/wp\/v2\/types\/post"}],"author":[{"embeddable":true,"href":"https:\/\/www.fcgueugnon.fr\/site\/wp-json\/wp\/v2\/users\/3"}],"replies":[{"embeddable":true,"href":"https:\/\/www.fcgueugnon.fr\/site\/wp-json\/wp\/v2\/comments?post=56434"}],"version-history":[{"count":3,"href":"https:\/\/www.fcgueugnon.fr\/site\/wp-json\/wp\/v2\/posts\/56434\/revisions"}],"predecessor-version":[{"id":56438,"href":"https:\/\/www.fcgueugnon.fr\/site\/wp-json\/wp\/v2\/posts\/56434\/revisions\/56438"}],"wp:featuredmedia":[{"embeddable":true,"href":"https:\/\/www.fcgueugnon.fr\/site\/wp-json\/wp\/v2\/media\/56435"}],"wp:attachment":[{"href":"https:\/\/www.fcgueugnon.fr\/site\/wp-json\/wp\/v2\/media?parent=56434"}],"wp:term":[{"taxonomy":"category","embeddable":true,"href":"https:\/\/www.fcgueugnon.fr\/site\/wp-json\/wp\/v2\/categories?post=56434"},{"taxonomy":"post_tag","embeddable":true,"href":"https:\/\/www.fcgueugnon.fr\/site\/wp-json\/wp\/v2\/tags?post=56434"}],"curies":[{"name":"wp","href":"https:\/\/api.w.org\/{rel}","templated":true}]}}