{"id":56381,"date":"2026-03-08T19:00:00","date_gmt":"2026-03-08T18:00:00","guid":{"rendered":"https:\/\/www.fcgueugnon.fr\/site\/?p=56381"},"modified":"2026-03-06T11:55:23","modified_gmt":"2026-03-06T10:55:23","slug":"interview-forgeron-mag-avec-enzo-germain","status":"publish","type":"post","link":"https:\/\/www.fcgueugnon.fr\/site\/interview-forgeron-mag-avec-enzo-germain\/56381","title":{"rendered":"[Interview] Forgeron Mag avec Enzo GERMAIN"},"content":{"rendered":"\n<h3 class=\"wp-block-heading\">D\u00e9couvrez en int\u00e9gralit\u00e9 l&rsquo;interview de Andrea GAMBETTA diffus\u00e9e dans le forgeron mag de la 13e journ\u00e9e face \u00e0 l&rsquo;ASA Vauzelles.<\/h3>\n\n\n\n<div style=\"height:25px\" aria-hidden=\"true\" class=\"wp-block-spacer\"><\/div>\n\n\n<div class=\"wp-block-image\">\n<figure class=\"aligncenter size-large is-resized\"><img loading=\"lazy\" decoding=\"async\" width=\"722\" height=\"1024\" src=\"https:\/\/www.fcgueugnon.fr\/site\/wp-content\/uploads\/2026\/03\/enzo-germain-fc-gueugnon-722x1024.png\" alt=\"\" class=\"wp-image-56382\" style=\"aspect-ratio:0.7050860528607972;width:250px\" srcset=\"https:\/\/www.fcgueugnon.fr\/site\/wp-content\/uploads\/2026\/03\/enzo-germain-fc-gueugnon-722x1024.png 722w, https:\/\/www.fcgueugnon.fr\/site\/wp-content\/uploads\/2026\/03\/enzo-germain-fc-gueugnon-282x400.png 282w, https:\/\/www.fcgueugnon.fr\/site\/wp-content\/uploads\/2026\/03\/enzo-germain-fc-gueugnon-768x1089.png 768w, https:\/\/www.fcgueugnon.fr\/site\/wp-content\/uploads\/2026\/03\/enzo-germain-fc-gueugnon-1083x1536.png 1083w, https:\/\/www.fcgueugnon.fr\/site\/wp-content\/uploads\/2026\/03\/enzo-germain-fc-gueugnon.png 1410w\" sizes=\"auto, (max-width: 722px) 100vw, 722px\" \/><\/figure>\n<\/div>\n\n\n<div style=\"height:25px\" aria-hidden=\"true\" class=\"wp-block-spacer\"><\/div>\n\n\n\n<p><strong>Forgeron Mag&rsquo; : <strong><strong>Peux-tu nous pr\u00e9senter \u00e0 nous ?<\/strong><\/strong><\/strong><br>Enzo GERMAIN : \u00ab Je m\u2019appelle Enzo Germain, j\u2019ai 19 ans et j\u2019ai commenc\u00e9 le foot \u00e0 Bourbon-Lancy jusqu\u2019\u00e0 mes 10 ans. J\u2019ai ensuite sign\u00e9 \u00e0 l\u2019Acad\u00e9mie Moulins jusqu\u2019\u00e0 mes 15 ans.<br>En parall\u00e8le de Moulins, j\u2019\u00e9tais au P\u00f4le Espoir de Dijon pendant 2 ann\u00e9es. J\u2019ai ensuite sign\u00e9 au Moulins-Yzeure Foot pour une ann\u00e9e en U16 et une en U18. Apr\u00e8s une bonne saison en U18, j\u2019ai pu int\u00e9grer le groupe N3. Et apr\u00e8s une saison et demie en N3, je suis revenu \u00e0 Bourbon-Lancy pour des raisons personnelles, avant d\u2019atterir \u00e0 Gueugnon en juillet dernier. \u00bb<\/p>\n\n\n\n<p><strong><strong><strong><strong><strong><strong><strong><strong><strong>Peux-tu revenir avec nous sur ton meilleur souvenir footballistique ?<\/strong><\/strong><\/strong><\/strong><\/strong><\/strong><\/strong><\/strong><\/strong><br>\u00ab Je dirais l\u2019\u00e9limination de Louhans (N3) l\u2019ann\u00e9e derni\u00e8re en Coupe de France avec Bourbon, alors que nous \u00e9tions en R3 (ndlr : score final 2-1). Et en plus, je marque les deux buts ! \u00bb<\/p>\n\n\n\n<p><strong><strong><strong><strong><strong><strong><strong>Pourquoi es-tu au FC Gueugnon et aurais-tu un mot pour les supporters ?<\/strong><\/strong><\/strong><\/strong><\/strong><\/strong><\/strong><br>\u00ab Le FC Gueugnon est un club embl\u00e9matique de la r\u00e9gion, avec un projet sportif solide et de bonnes installations &#8230; Il y a tout pour progresser et r\u00e9ussir !<\/p>\n\n\n\n<p>Merci \u00e0 tous les supporters, pr\u00e9sents \u00e0 Jean Laville ou \u00e0 l\u2019ext\u00e9rieur chaque week-end. Continuez \u00e0 nous pousser, \u00e7a paiera ! \u00bb<br><\/p>\n\n\n\n<div style=\"height:15px\" aria-hidden=\"true\" class=\"wp-block-spacer\"><\/div>\n\n\n<div class=\"wp-block-image\">\n<figure class=\"aligncenter size-large is-resized\"><img loading=\"lazy\" decoding=\"async\" width=\"1024\" height=\"807\" src=\"https:\/\/www.fcgueugnon.fr\/site\/wp-content\/uploads\/2026\/03\/j13-1024x807.png\" alt=\"\" class=\"wp-image-56383\" style=\"width:700px\" srcset=\"https:\/\/www.fcgueugnon.fr\/site\/wp-content\/uploads\/2026\/03\/j13-1024x807.png 1024w, https:\/\/www.fcgueugnon.fr\/site\/wp-content\/uploads\/2026\/03\/j13-400x315.png 400w, https:\/\/www.fcgueugnon.fr\/site\/wp-content\/uploads\/2026\/03\/j13-768x605.png 768w, https:\/\/www.fcgueugnon.fr\/site\/wp-content\/uploads\/2026\/03\/j13.png 1410w\" sizes=\"auto, (max-width: 1024px) 100vw, 1024px\" \/><\/figure>\n<\/div>\n\n\n<div style=\"height:100px\" aria-hidden=\"true\" class=\"wp-block-spacer\"><\/div>\n\n\n\n<hr class=\"wp-block-separator has-alpha-channel-opacity\"\/>\n\n\n\n<h3 class=\"wp-block-heading\">Retrouvez le Forgeron Mag en int\u00e9gralit\u00e9<\/h3>\n\n\n\n<div class=\"wp-block-pdf-viewer-block-standard\" style=\"text-align:left\"><div class=\"uploaded-pdf\"><a href=\"https:\/\/www.fcgueugnon.fr\/site\/wp-content\/uploads\/2026\/03\/Forgeron-Mag-J13-Vauzelles-Enzo-Germain.pdf\" data-width=\"\" data-height=\"\"><\/a><\/div><\/div>\n\n\n\n<div class=\"wp-block-buttons is-content-justification-center is-layout-flex wp-container-core-buttons-is-layout-16018d1d wp-block-buttons-is-layout-flex\">\n<div class=\"wp-block-button alignright is-style-circular\"><a class=\"wp-block-button__link has-text-align-center wp-element-button\" href=\"https:\/\/www.fcgueugnon.fr\/site\/wp-content\/uploads\/2026\/03\/Forgeron-Mag-J13-Vauzelles-Enzo-Germain.pdf\" target=\"_blank\" rel=\"noreferrer noopener\">T\u00e9l\u00e9charger<\/a><\/div>\n<\/div>\n\n\n\n<p><\/p>\n","protected":false},"excerpt":{"rendered":"<p>D\u00e9couvrez en int\u00e9gralit\u00e9 l&rsquo;interview de Andrea GAMBETTA diffus\u00e9e dans le forgeron mag de la 13e journ\u00e9e face \u00e0 l&rsquo;ASA Vauzelles. Forgeron Mag&rsquo; : Peux-tu nous pr\u00e9senter \u00e0 nous ?Enzo GERMAIN : \u00ab Je m\u2019appelle Enzo Germain, j\u2019ai 19 ans et j\u2019ai commenc\u00e9 le foot \u00e0 Bourbon-Lancy jusqu\u2019\u00e0 mes 10 ans. J\u2019ai ensuite sign\u00e9 \u00e0 l\u2019Acad\u00e9mie &#8230; <\/p>\n<p class=\"read-more-container\"><a title=\"[Interview] Forgeron Mag avec Enzo GERMAIN\" class=\"read-more button\" href=\"https:\/\/www.fcgueugnon.fr\/site\/interview-forgeron-mag-avec-enzo-germain\/56381#more-56381\" aria-label=\"Plus sur [Interview] Forgeron Mag avec Enzo GERMAIN\">Lire la suite<\/a><\/p>\n","protected":false},"author":1,"featured_media":56382,"comment_status":"closed","ping_status":"closed","sticky":false,"template":"","format":"standard","meta":{"footnotes":""},"categories":[4,118],"tags":[24,11],"class_list":["post-56381","post","type-post","status-publish","format-standard","has-post-thumbnail","hentry","category-news","category-news-2025-2026","tag-forgeron-mag","tag-interview","infinite-scroll-item","generate-columns","tablet-grid-50","mobile-grid-100","grid-parent","grid-25","resize-featured-image"],"yoast_head":"<!-- This site is optimized with the Yoast SEO plugin v26.6 - https:\/\/yoast.com\/wordpress\/plugins\/seo\/ -->\n<title>[Interview] Forgeron Mag avec Enzo GERMAIN &#8226; FOOTBALL CLUB GUEUGNON<\/title>\n<meta name=\"robots\" content=\"index, follow, max-snippet:-1, max-image-preview:large, max-video-preview:-1\" \/>\n<link rel=\"canonical\" href=\"https:\/\/www.fcgueugnon.fr\/site\/interview-forgeron-mag-avec-enzo-germain\/56381\" \/>\n<meta property=\"og:locale\" content=\"fr_FR\" \/>\n<meta property=\"og:type\" content=\"article\" \/>\n<meta property=\"og:title\" content=\"[Interview] Forgeron Mag avec Enzo GERMAIN &#8226; FOOTBALL CLUB GUEUGNON\" \/>\n<meta property=\"og:description\" content=\"D\u00e9couvrez en int\u00e9gralit\u00e9 l&rsquo;interview de Andrea GAMBETTA diffus\u00e9e dans le forgeron mag de la 13e journ\u00e9e face \u00e0 l&rsquo;ASA Vauzelles. Forgeron Mag&rsquo; : Peux-tu nous pr\u00e9senter \u00e0 nous ?Enzo GERMAIN : \u00ab Je m\u2019appelle Enzo Germain, j\u2019ai 19 ans et j\u2019ai commenc\u00e9 le foot \u00e0 Bourbon-Lancy jusqu\u2019\u00e0 mes 10 ans. J\u2019ai ensuite sign\u00e9 \u00e0 l\u2019Acad\u00e9mie ... Lire la suite\" \/>\n<meta property=\"og:url\" content=\"https:\/\/www.fcgueugnon.fr\/site\/interview-forgeron-mag-avec-enzo-germain\/56381\" \/>\n<meta property=\"og:site_name\" content=\"FOOTBALL CLUB GUEUGNON\" \/>\n<meta property=\"article:publisher\" content=\"http:\/\/facebook.com\/FCGueugnon\" \/>\n<meta property=\"article:published_time\" content=\"2026-03-08T18:00:00+00:00\" \/>\n<meta property=\"og:image\" content=\"https:\/\/www.fcgueugnon.fr\/site\/wp-content\/uploads\/2026\/03\/enzo-germain-fc-gueugnon-722x1024.png\" \/>\n\t<meta property=\"og:image:width\" content=\"722\" \/>\n\t<meta property=\"og:image:height\" content=\"1024\" \/>\n\t<meta property=\"og:image:type\" content=\"image\/png\" \/>\n<meta name=\"author\" content=\"FC Gueugnon\" \/>\n<meta name=\"twitter:card\" content=\"summary_large_image\" \/>\n<meta name=\"twitter:creator\" content=\"@FCGueugnon_off\" \/>\n<meta name=\"twitter:site\" content=\"@FCGueugnon_off\" \/>\n<meta name=\"twitter:label1\" content=\"\u00c9crit par\" \/>\n\t<meta name=\"twitter:data1\" content=\"FC Gueugnon\" \/>\n\t<meta name=\"twitter:label2\" content=\"Dur\u00e9e de lecture estim\u00e9e\" \/>\n\t<meta name=\"twitter:data2\" content=\"2 minutes\" \/>\n<script type=\"application\/ld+json\" class=\"yoast-schema-graph\">{\"@context\":\"https:\/\/schema.org\",\"@graph\":[{\"@type\":\"Article\",\"@id\":\"https:\/\/www.fcgueugnon.fr\/site\/interview-forgeron-mag-avec-enzo-germain\/56381#article\",\"isPartOf\":{\"@id\":\"https:\/\/www.fcgueugnon.fr\/site\/interview-forgeron-mag-avec-enzo-germain\/56381\"},\"author\":{\"name\":\"FC Gueugnon\",\"@id\":\"https:\/\/www.fcgueugnon.fr\/site\/#\/schema\/person\/f6444fbdd35fa731ee974c03508738fb\"},\"headline\":\"[Interview] Forgeron Mag avec Enzo GERMAIN\",\"datePublished\":\"2026-03-08T18:00:00+00:00\",\"mainEntityOfPage\":{\"@id\":\"https:\/\/www.fcgueugnon.fr\/site\/interview-forgeron-mag-avec-enzo-germain\/56381\"},\"wordCount\":257,\"publisher\":{\"@id\":\"https:\/\/www.fcgueugnon.fr\/site\/#organization\"},\"image\":{\"@id\":\"https:\/\/www.fcgueugnon.fr\/site\/interview-forgeron-mag-avec-enzo-germain\/56381#primaryimage\"},\"thumbnailUrl\":\"https:\/\/www.fcgueugnon.fr\/site\/wp-content\/uploads\/2026\/03\/enzo-germain-fc-gueugnon.png\",\"keywords\":[\"Forgeron Mag\",\"Interview\"],\"articleSection\":[\"News\",\"News 2025\/2026\"],\"inLanguage\":\"fr-FR\"},{\"@type\":\"WebPage\",\"@id\":\"https:\/\/www.fcgueugnon.fr\/site\/interview-forgeron-mag-avec-enzo-germain\/56381\",\"url\":\"https:\/\/www.fcgueugnon.fr\/site\/interview-forgeron-mag-avec-enzo-germain\/56381\",\"name\":\"[Interview] Forgeron Mag avec Enzo GERMAIN &#8226; FOOTBALL CLUB GUEUGNON\",\"isPartOf\":{\"@id\":\"https:\/\/www.fcgueugnon.fr\/site\/#website\"},\"primaryImageOfPage\":{\"@id\":\"https:\/\/www.fcgueugnon.fr\/site\/interview-forgeron-mag-avec-enzo-germain\/56381#primaryimage\"},\"image\":{\"@id\":\"https:\/\/www.fcgueugnon.fr\/site\/interview-forgeron-mag-avec-enzo-germain\/56381#primaryimage\"},\"thumbnailUrl\":\"https:\/\/www.fcgueugnon.fr\/site\/wp-content\/uploads\/2026\/03\/enzo-germain-fc-gueugnon.png\",\"datePublished\":\"2026-03-08T18:00:00+00:00\",\"breadcrumb\":{\"@id\":\"https:\/\/www.fcgueugnon.fr\/site\/interview-forgeron-mag-avec-enzo-germain\/56381#breadcrumb\"},\"inLanguage\":\"fr-FR\",\"potentialAction\":[{\"@type\":\"ReadAction\",\"target\":[\"https:\/\/www.fcgueugnon.fr\/site\/interview-forgeron-mag-avec-enzo-germain\/56381\"]}]},{\"@type\":\"ImageObject\",\"inLanguage\":\"fr-FR\",\"@id\":\"https:\/\/www.fcgueugnon.fr\/site\/interview-forgeron-mag-avec-enzo-germain\/56381#primaryimage\",\"url\":\"https:\/\/www.fcgueugnon.fr\/site\/wp-content\/uploads\/2026\/03\/enzo-germain-fc-gueugnon.png\",\"contentUrl\":\"https:\/\/www.fcgueugnon.fr\/site\/wp-content\/uploads\/2026\/03\/enzo-germain-fc-gueugnon.png\",\"width\":1410,\"height\":2000},{\"@type\":\"BreadcrumbList\",\"@id\":\"https:\/\/www.fcgueugnon.fr\/site\/interview-forgeron-mag-avec-enzo-germain\/56381#breadcrumb\",\"itemListElement\":[{\"@type\":\"ListItem\",\"position\":1,\"name\":\"Accueil\",\"item\":\"https:\/\/www.fcgueugnon.fr\/site\/\"},{\"@type\":\"ListItem\",\"position\":2,\"name\":\"[Interview] Forgeron Mag avec Enzo GERMAIN\"}]},{\"@type\":\"WebSite\",\"@id\":\"https:\/\/www.fcgueugnon.fr\/site\/#website\",\"url\":\"https:\/\/www.fcgueugnon.fr\/site\/\",\"name\":\"FOOTBALL CLUB GUEUGNON\",\"description\":\"Le Site Officiel des Forgerons\",\"publisher\":{\"@id\":\"https:\/\/www.fcgueugnon.fr\/site\/#organization\"},\"potentialAction\":[{\"@type\":\"SearchAction\",\"target\":{\"@type\":\"EntryPoint\",\"urlTemplate\":\"https:\/\/www.fcgueugnon.fr\/site\/?s={search_term_string}\"},\"query-input\":{\"@type\":\"PropertyValueSpecification\",\"valueRequired\":true,\"valueName\":\"search_term_string\"}}],\"inLanguage\":\"fr-FR\"},{\"@type\":\"Organization\",\"@id\":\"https:\/\/www.fcgueugnon.fr\/site\/#organization\",\"name\":\"FC Gueugnon\",\"url\":\"https:\/\/www.fcgueugnon.fr\/site\/\",\"logo\":{\"@type\":\"ImageObject\",\"inLanguage\":\"fr-FR\",\"@id\":\"https:\/\/www.fcgueugnon.fr\/site\/#\/schema\/logo\/image\/\",\"url\":\"https:\/\/www.fcgueugnon.fr\/site\/wp-content\/uploads\/2022\/07\/cropped-Logo-FCGUEUGNON-low-350x350-1.png\",\"contentUrl\":\"https:\/\/www.fcgueugnon.fr\/site\/wp-content\/uploads\/2022\/07\/cropped-Logo-FCGUEUGNON-low-350x350-1.png\",\"width\":350,\"height\":350,\"caption\":\"FC Gueugnon\"},\"image\":{\"@id\":\"https:\/\/www.fcgueugnon.fr\/site\/#\/schema\/logo\/image\/\"},\"sameAs\":[\"http:\/\/facebook.com\/FCGueugnon\",\"https:\/\/x.com\/FCGueugnon_off\",\"https:\/\/www.instagram.com\/fcgueugnon\/\",\"https:\/\/www.linkedin.com\/company\/football-club-de-gueugnon\/\",\"https:\/\/www.youtube.com\/user\/FCGueugnonnais\",\"https:\/\/fr.wikipedia.org\/wiki\/Football_Club_de_Gueugnon\"]},{\"@type\":\"Person\",\"@id\":\"https:\/\/www.fcgueugnon.fr\/site\/#\/schema\/person\/f6444fbdd35fa731ee974c03508738fb\",\"name\":\"FC Gueugnon\",\"sameAs\":[\"https:\/\/www.fcgueugnon.fr\/site\"],\"url\":\"https:\/\/www.fcgueugnon.fr\/site\/author\/admin-antho\"}]}<\/script>\n<!-- \/ Yoast SEO plugin. -->","yoast_head_json":{"title":"[Interview] Forgeron Mag avec Enzo GERMAIN &#8226; FOOTBALL CLUB GUEUGNON","robots":{"index":"index","follow":"follow","max-snippet":"max-snippet:-1","max-image-preview":"max-image-preview:large","max-video-preview":"max-video-preview:-1"},"canonical":"https:\/\/www.fcgueugnon.fr\/site\/interview-forgeron-mag-avec-enzo-germain\/56381","og_locale":"fr_FR","og_type":"article","og_title":"[Interview] Forgeron Mag avec Enzo GERMAIN &#8226; FOOTBALL CLUB GUEUGNON","og_description":"D\u00e9couvrez en int\u00e9gralit\u00e9 l&rsquo;interview de Andrea GAMBETTA diffus\u00e9e dans le forgeron mag de la 13e journ\u00e9e face \u00e0 l&rsquo;ASA Vauzelles. Forgeron Mag&rsquo; : Peux-tu nous pr\u00e9senter \u00e0 nous ?Enzo GERMAIN : \u00ab Je m\u2019appelle Enzo Germain, j\u2019ai 19 ans et j\u2019ai commenc\u00e9 le foot \u00e0 Bourbon-Lancy jusqu\u2019\u00e0 mes 10 ans. J\u2019ai ensuite sign\u00e9 \u00e0 l\u2019Acad\u00e9mie ... Lire la suite","og_url":"https:\/\/www.fcgueugnon.fr\/site\/interview-forgeron-mag-avec-enzo-germain\/56381","og_site_name":"FOOTBALL CLUB GUEUGNON","article_publisher":"http:\/\/facebook.com\/FCGueugnon","article_published_time":"2026-03-08T18:00:00+00:00","og_image":[{"width":722,"height":1024,"url":"https:\/\/www.fcgueugnon.fr\/site\/wp-content\/uploads\/2026\/03\/enzo-germain-fc-gueugnon-722x1024.png","type":"image\/png"}],"author":"FC Gueugnon","twitter_card":"summary_large_image","twitter_creator":"@FCGueugnon_off","twitter_site":"@FCGueugnon_off","twitter_misc":{"\u00c9crit par":"FC Gueugnon","Dur\u00e9e de lecture estim\u00e9e":"2 minutes"},"schema":{"@context":"https:\/\/schema.org","@graph":[{"@type":"Article","@id":"https:\/\/www.fcgueugnon.fr\/site\/interview-forgeron-mag-avec-enzo-germain\/56381#article","isPartOf":{"@id":"https:\/\/www.fcgueugnon.fr\/site\/interview-forgeron-mag-avec-enzo-germain\/56381"},"author":{"name":"FC Gueugnon","@id":"https:\/\/www.fcgueugnon.fr\/site\/#\/schema\/person\/f6444fbdd35fa731ee974c03508738fb"},"headline":"[Interview] Forgeron Mag avec Enzo GERMAIN","datePublished":"2026-03-08T18:00:00+00:00","mainEntityOfPage":{"@id":"https:\/\/www.fcgueugnon.fr\/site\/interview-forgeron-mag-avec-enzo-germain\/56381"},"wordCount":257,"publisher":{"@id":"https:\/\/www.fcgueugnon.fr\/site\/#organization"},"image":{"@id":"https:\/\/www.fcgueugnon.fr\/site\/interview-forgeron-mag-avec-enzo-germain\/56381#primaryimage"},"thumbnailUrl":"https:\/\/www.fcgueugnon.fr\/site\/wp-content\/uploads\/2026\/03\/enzo-germain-fc-gueugnon.png","keywords":["Forgeron Mag","Interview"],"articleSection":["News","News 2025\/2026"],"inLanguage":"fr-FR"},{"@type":"WebPage","@id":"https:\/\/www.fcgueugnon.fr\/site\/interview-forgeron-mag-avec-enzo-germain\/56381","url":"https:\/\/www.fcgueugnon.fr\/site\/interview-forgeron-mag-avec-enzo-germain\/56381","name":"[Interview] Forgeron Mag avec Enzo GERMAIN &#8226; FOOTBALL CLUB GUEUGNON","isPartOf":{"@id":"https:\/\/www.fcgueugnon.fr\/site\/#website"},"primaryImageOfPage":{"@id":"https:\/\/www.fcgueugnon.fr\/site\/interview-forgeron-mag-avec-enzo-germain\/56381#primaryimage"},"image":{"@id":"https:\/\/www.fcgueugnon.fr\/site\/interview-forgeron-mag-avec-enzo-germain\/56381#primaryimage"},"thumbnailUrl":"https:\/\/www.fcgueugnon.fr\/site\/wp-content\/uploads\/2026\/03\/enzo-germain-fc-gueugnon.png","datePublished":"2026-03-08T18:00:00+00:00","breadcrumb":{"@id":"https:\/\/www.fcgueugnon.fr\/site\/interview-forgeron-mag-avec-enzo-germain\/56381#breadcrumb"},"inLanguage":"fr-FR","potentialAction":[{"@type":"ReadAction","target":["https:\/\/www.fcgueugnon.fr\/site\/interview-forgeron-mag-avec-enzo-germain\/56381"]}]},{"@type":"ImageObject","inLanguage":"fr-FR","@id":"https:\/\/www.fcgueugnon.fr\/site\/interview-forgeron-mag-avec-enzo-germain\/56381#primaryimage","url":"https:\/\/www.fcgueugnon.fr\/site\/wp-content\/uploads\/2026\/03\/enzo-germain-fc-gueugnon.png","contentUrl":"https:\/\/www.fcgueugnon.fr\/site\/wp-content\/uploads\/2026\/03\/enzo-germain-fc-gueugnon.png","width":1410,"height":2000},{"@type":"BreadcrumbList","@id":"https:\/\/www.fcgueugnon.fr\/site\/interview-forgeron-mag-avec-enzo-germain\/56381#breadcrumb","itemListElement":[{"@type":"ListItem","position":1,"name":"Accueil","item":"https:\/\/www.fcgueugnon.fr\/site\/"},{"@type":"ListItem","position":2,"name":"[Interview] Forgeron Mag avec Enzo GERMAIN"}]},{"@type":"WebSite","@id":"https:\/\/www.fcgueugnon.fr\/site\/#website","url":"https:\/\/www.fcgueugnon.fr\/site\/","name":"FOOTBALL CLUB GUEUGNON","description":"Le Site Officiel des Forgerons","publisher":{"@id":"https:\/\/www.fcgueugnon.fr\/site\/#organization"},"potentialAction":[{"@type":"SearchAction","target":{"@type":"EntryPoint","urlTemplate":"https:\/\/www.fcgueugnon.fr\/site\/?s={search_term_string}"},"query-input":{"@type":"PropertyValueSpecification","valueRequired":true,"valueName":"search_term_string"}}],"inLanguage":"fr-FR"},{"@type":"Organization","@id":"https:\/\/www.fcgueugnon.fr\/site\/#organization","name":"FC Gueugnon","url":"https:\/\/www.fcgueugnon.fr\/site\/","logo":{"@type":"ImageObject","inLanguage":"fr-FR","@id":"https:\/\/www.fcgueugnon.fr\/site\/#\/schema\/logo\/image\/","url":"https:\/\/www.fcgueugnon.fr\/site\/wp-content\/uploads\/2022\/07\/cropped-Logo-FCGUEUGNON-low-350x350-1.png","contentUrl":"https:\/\/www.fcgueugnon.fr\/site\/wp-content\/uploads\/2022\/07\/cropped-Logo-FCGUEUGNON-low-350x350-1.png","width":350,"height":350,"caption":"FC Gueugnon"},"image":{"@id":"https:\/\/www.fcgueugnon.fr\/site\/#\/schema\/logo\/image\/"},"sameAs":["http:\/\/facebook.com\/FCGueugnon","https:\/\/x.com\/FCGueugnon_off","https:\/\/www.instagram.com\/fcgueugnon\/","https:\/\/www.linkedin.com\/company\/football-club-de-gueugnon\/","https:\/\/www.youtube.com\/user\/FCGueugnonnais","https:\/\/fr.wikipedia.org\/wiki\/Football_Club_de_Gueugnon"]},{"@type":"Person","@id":"https:\/\/www.fcgueugnon.fr\/site\/#\/schema\/person\/f6444fbdd35fa731ee974c03508738fb","name":"FC Gueugnon","sameAs":["https:\/\/www.fcgueugnon.fr\/site"],"url":"https:\/\/www.fcgueugnon.fr\/site\/author\/admin-antho"}]}},"rttpg_featured_image_url":{"full":["https:\/\/www.fcgueugnon.fr\/site\/wp-content\/uploads\/2026\/03\/enzo-germain-fc-gueugnon.png",1410,2000,false],"landscape":["https:\/\/www.fcgueugnon.fr\/site\/wp-content\/uploads\/2026\/03\/enzo-germain-fc-gueugnon.png",1410,2000,false],"portraits":["https:\/\/www.fcgueugnon.fr\/site\/wp-content\/uploads\/2026\/03\/enzo-germain-fc-gueugnon.png",1410,2000,false],"thumbnail":["https:\/\/www.fcgueugnon.fr\/site\/wp-content\/uploads\/2026\/03\/enzo-germain-fc-gueugnon-150x150.png",150,150,true],"medium":["https:\/\/www.fcgueugnon.fr\/site\/wp-content\/uploads\/2026\/03\/enzo-germain-fc-gueugnon-282x400.png",282,400,true],"large":["https:\/\/www.fcgueugnon.fr\/site\/wp-content\/uploads\/2026\/03\/enzo-germain-fc-gueugnon-722x1024.png",722,1024,true],"1536x1536":["https:\/\/www.fcgueugnon.fr\/site\/wp-content\/uploads\/2026\/03\/enzo-germain-fc-gueugnon-1083x1536.png",1083,1536,true],"2048x2048":["https:\/\/www.fcgueugnon.fr\/site\/wp-content\/uploads\/2026\/03\/enzo-germain-fc-gueugnon.png",1410,2000,false]},"rttpg_author":{"display_name":"FC Gueugnon","author_link":"https:\/\/www.fcgueugnon.fr\/site\/author\/admin-antho"},"rttpg_comment":0,"rttpg_category":"<a href=\"https:\/\/www.fcgueugnon.fr\/site\/category\/news\" rel=\"category tag\">News<\/a> <a href=\"https:\/\/www.fcgueugnon.fr\/site\/category\/news\/news-2025-2026\" rel=\"category tag\">News 2025\/2026<\/a>","rttpg_excerpt":"D\u00e9couvrez en int\u00e9gralit\u00e9 l&rsquo;interview de Andrea GAMBETTA diffus\u00e9e dans le forgeron mag de la 13e journ\u00e9e face \u00e0 l&rsquo;ASA Vauzelles. Forgeron Mag&rsquo; : Peux-tu nous pr\u00e9senter \u00e0 nous ?Enzo GERMAIN : \u00ab Je m\u2019appelle Enzo Germain, j\u2019ai 19 ans et j\u2019ai commenc\u00e9 le foot \u00e0 Bourbon-Lancy jusqu\u2019\u00e0 mes 10 ans. J\u2019ai ensuite sign\u00e9 \u00e0 l\u2019Acad\u00e9mie\u2026","_links":{"self":[{"href":"https:\/\/www.fcgueugnon.fr\/site\/wp-json\/wp\/v2\/posts\/56381","targetHints":{"allow":["GET"]}}],"collection":[{"href":"https:\/\/www.fcgueugnon.fr\/site\/wp-json\/wp\/v2\/posts"}],"about":[{"href":"https:\/\/www.fcgueugnon.fr\/site\/wp-json\/wp\/v2\/types\/post"}],"author":[{"embeddable":true,"href":"https:\/\/www.fcgueugnon.fr\/site\/wp-json\/wp\/v2\/users\/1"}],"replies":[{"embeddable":true,"href":"https:\/\/www.fcgueugnon.fr\/site\/wp-json\/wp\/v2\/comments?post=56381"}],"version-history":[{"count":1,"href":"https:\/\/www.fcgueugnon.fr\/site\/wp-json\/wp\/v2\/posts\/56381\/revisions"}],"predecessor-version":[{"id":56385,"href":"https:\/\/www.fcgueugnon.fr\/site\/wp-json\/wp\/v2\/posts\/56381\/revisions\/56385"}],"wp:featuredmedia":[{"embeddable":true,"href":"https:\/\/www.fcgueugnon.fr\/site\/wp-json\/wp\/v2\/media\/56382"}],"wp:attachment":[{"href":"https:\/\/www.fcgueugnon.fr\/site\/wp-json\/wp\/v2\/media?parent=56381"}],"wp:term":[{"taxonomy":"category","embeddable":true,"href":"https:\/\/www.fcgueugnon.fr\/site\/wp-json\/wp\/v2\/categories?post=56381"},{"taxonomy":"post_tag","embeddable":true,"href":"https:\/\/www.fcgueugnon.fr\/site\/wp-json\/wp\/v2\/tags?post=56381"}],"curies":[{"name":"wp","href":"https:\/\/api.w.org\/{rel}","templated":true}]}}