{"id":56371,"date":"2026-04-01T15:59:00","date_gmt":"2026-04-01T13:59:00","guid":{"rendered":"https:\/\/www.fcgueugnon.fr\/site\/?p=56371"},"modified":"2026-04-01T16:00:20","modified_gmt":"2026-04-01T14:00:20","slug":"e-leclerc-academie-seance-decouverte-foot-feminin-fc-gueugnon","status":"publish","type":"post","link":"https:\/\/www.fcgueugnon.fr\/site\/e-leclerc-academie-seance-decouverte-foot-feminin-fc-gueugnon\/56371","title":{"rendered":"[E.Leclerc Acad\u00e9mie] S\u00e9ance D\u00e9couverte &#8211; Foot F\u00e9minin &#8211; FC Gueugnon"},"content":{"rendered":"\n<h4 class=\"wp-block-heading\"><strong>Dans le cadre du d\u00e9veloppement du football f\u00e9minin et du projet de formation du club, le FC Gueugnon organise une <strong>s\u00e9ance d\u00e9couverte d\u00e9di\u00e9e aux jeunes filles n\u00e9es entre 2009 et 2012<\/strong>.<\/strong><\/h4>\n\n\n\n<div style=\"height:20px\" aria-hidden=\"true\" class=\"wp-block-spacer\"><\/div>\n\n\n\n<p>Intitul\u00e9e \u00ab Graine de Forgeronne : s\u00e9ance d\u00e9couverte avec ta copine \u00bb, cette action permettra aux jeunes joueuses de d\u00e9couvrir la pratique du football dans un cadre convivial et encadr\u00e9 par les \u00e9ducateurs du club.<\/p>\n\n\n\n<p>Cette initiative s\u2019inscrit \u00e9galement dans la dynamique de d\u00e9veloppement du football f\u00e9minin du club, avec notamment l\u2019objectif d&rsquo;une ouverture prochaine d\u2019une classe \u00e0 horaires am\u00e9nag\u00e9s \/ section f\u00e9minine, et, si les effectifs le permettent, d\u2019engager une \u00e9quipe U18F au niveau R\u00e9gional 1.<\/p>\n\n\n\n<div style=\"height:35px\" aria-hidden=\"true\" class=\"wp-block-spacer\"><\/div>\n\n\n\n<h3 class=\"wp-block-heading\">\ud83d\udccc<strong>Informations pratiques &amp; inscriptions<\/strong><\/h3>\n\n\n\n<div style=\"height:20px\" aria-hidden=\"true\" class=\"wp-block-spacer\"><\/div>\n\n\n\n<p><strong>\ud83d\udc49 Inscription obligatoire via le formulaire ci-dessous.<\/strong><br>Apr\u00e8s validation de l\u2019inscription, un SMS de convocation sera envoy\u00e9 aux familles.<\/p>\n\n\n\n<div style=\"height:20px\" aria-hidden=\"true\" class=\"wp-block-spacer\"><\/div>\n\n\n\n<p>La s\u00e9ance se d\u00e9roulera :<\/p>\n\n\n\n<p>\ud83d\udccd <strong>Centre de Football Atalian &#8211; Plaine du Vieux Fresne &#8211; Gueugnon<\/strong><br>\ud83d\uddd3 <strong>Mercredi 15 avril 2026<\/strong><br>\ud83d\udd61 <strong>De 18h30 \u00e0 20h00<\/strong><\/p>\n\n\n\n<p>Cette s\u00e9ance est ouverte \u00e0 toutes les jeunes filles n\u00e9es entre 2009 et 2012, licenci\u00e9es ou non. Les participantes peuvent venir seules ou accompagn\u00e9es d\u2019une amie souhaitant d\u00e9couvrir le football.<\/p>\n\n\n\n<div style=\"height:20px\" aria-hidden=\"true\" class=\"wp-block-spacer\"><\/div>\n\n\n\n<p>\ud83d\udc49 Pour toute question, ou si vous n\u2019\u00eates malheureusement pas disponible le 15 avril, vous pouvez contacter :<\/p>\n\n\n\n<p>Samuel ALBAYRAK<br>\u00c9ducateur FC Gueugnon<br>\ud83d\udcde 06 61 08 26 10<\/p>\n\n\n\n<div style=\"height:35px\" aria-hidden=\"true\" class=\"wp-block-spacer\"><\/div>\n\n\n\n<p class=\"has-text-align-center\">\u26bd\ufe0f <strong>\u00c0 tr\u00e8s vite sur le terrain !<\/strong><\/p>\n\n\n\n<p class=\"has-text-align-center\">*** <strong>Inscription <\/strong>***<\/p>\n\n\n\n<div class=\"wp-block-columns is-layout-flex wp-container-core-columns-is-layout-9d6595d7 wp-block-columns-is-layout-flex\">\n<div class=\"wp-block-column is-layout-flow wp-block-column-is-layout-flow\">\n<div style=\"height:100px\" aria-hidden=\"true\" class=\"wp-block-spacer\"><\/div>\n<\/div>\n\n\n\n<div class=\"wp-block-column is-vertically-aligned-center is-layout-flow wp-block-column-is-layout-flow\" style=\"flex-basis:100%\">\n<center><iframe loading=\"lazy\" src=\"https:\/\/docs.google.com\/forms\/d\/e\/1FAIpQLScO0IYYhVL4oipWAq_blFtzD0Ufb-X9WouoI0_244IouXTMpQ\/viewform?usp=publish-editor\" width=\"640\" height=\"1837\" frameborder=\"0\" marginheight=\"0\" marginwidth=\"0\">Chargement\u2026<\/iframe><\/center>\n<\/div>\n<\/div>\n\n\n\n<p><\/p>\n","protected":false},"excerpt":{"rendered":"<p>Dans le cadre du d\u00e9veloppement du football f\u00e9minin et du projet de formation du club, le FC Gueugnon organise une s\u00e9ance d\u00e9couverte d\u00e9di\u00e9e aux jeunes filles n\u00e9es entre 2009 et 2012. Intitul\u00e9e \u00ab Graine de Forgeronne : s\u00e9ance d\u00e9couverte avec ta copine \u00bb, cette action permettra aux jeunes joueuses de d\u00e9couvrir la pratique du football &#8230; <\/p>\n<p class=\"read-more-container\"><a title=\"[E.Leclerc Acad\u00e9mie] S\u00e9ance D\u00e9couverte &#8211; Foot F\u00e9minin &#8211; FC Gueugnon\" class=\"read-more button\" href=\"https:\/\/www.fcgueugnon.fr\/site\/e-leclerc-academie-seance-decouverte-foot-feminin-fc-gueugnon\/56371#more-56371\" aria-label=\"Plus sur [E.Leclerc Acad\u00e9mie] S\u00e9ance D\u00e9couverte &#8211; Foot F\u00e9minin &#8211; FC Gueugnon\">Lire la suite<\/a><\/p>\n","protected":false},"author":3,"featured_media":56639,"comment_status":"closed","ping_status":"closed","sticky":true,"template":"","format":"standard","meta":{"footnotes":""},"categories":[4,118],"tags":[14],"class_list":["post-56371","post","type-post","status-publish","format-standard","has-post-thumbnail","hentry","category-news","category-news-2025-2026","tag-sport-e-leclerc-academie-jeunes-formation","infinite-scroll-item","generate-columns","tablet-grid-50","mobile-grid-100","grid-parent","grid-25","resize-featured-image"],"yoast_head":"<!-- This site is optimized with the Yoast SEO plugin v26.6 - https:\/\/yoast.com\/wordpress\/plugins\/seo\/ -->\n<title>[E.Leclerc Acad\u00e9mie] S\u00e9ance D\u00e9couverte - Foot F\u00e9minin - FC Gueugnon &#8226; FOOTBALL CLUB GUEUGNON<\/title>\n<meta name=\"robots\" content=\"index, follow, max-snippet:-1, max-image-preview:large, max-video-preview:-1\" \/>\n<link rel=\"canonical\" href=\"https:\/\/www.fcgueugnon.fr\/site\/e-leclerc-academie-seance-decouverte-foot-feminin-fc-gueugnon\/56371\" \/>\n<meta property=\"og:locale\" content=\"fr_FR\" \/>\n<meta property=\"og:type\" content=\"article\" \/>\n<meta property=\"og:title\" content=\"[E.Leclerc Acad\u00e9mie] S\u00e9ance D\u00e9couverte - Foot F\u00e9minin - FC Gueugnon &#8226; FOOTBALL CLUB GUEUGNON\" \/>\n<meta property=\"og:description\" content=\"Dans le cadre du d\u00e9veloppement du football f\u00e9minin et du projet de formation du club, le FC Gueugnon organise une s\u00e9ance d\u00e9couverte d\u00e9di\u00e9e aux jeunes filles n\u00e9es entre 2009 et 2012. Intitul\u00e9e \u00ab Graine de Forgeronne : s\u00e9ance d\u00e9couverte avec ta copine \u00bb, cette action permettra aux jeunes joueuses de d\u00e9couvrir la pratique du football ... Lire la suite\" \/>\n<meta property=\"og:url\" content=\"https:\/\/www.fcgueugnon.fr\/site\/e-leclerc-academie-seance-decouverte-foot-feminin-fc-gueugnon\/56371\" \/>\n<meta property=\"og:site_name\" content=\"FOOTBALL CLUB GUEUGNON\" \/>\n<meta property=\"article:publisher\" content=\"http:\/\/facebook.com\/FCGueugnon\" \/>\n<meta property=\"article:published_time\" content=\"2026-04-01T13:59:00+00:00\" \/>\n<meta property=\"article:modified_time\" content=\"2026-04-01T14:00:20+00:00\" \/>\n<meta property=\"og:image\" content=\"https:\/\/www.fcgueugnon.fr\/site\/wp-content\/uploads\/2026\/03\/Portes-Ouvertes-Foot-Feminin-Mars-2026-819x1024.jpg\" \/>\n\t<meta property=\"og:image:width\" content=\"819\" \/>\n\t<meta property=\"og:image:height\" content=\"1024\" \/>\n\t<meta property=\"og:image:type\" content=\"image\/jpeg\" \/>\n<meta name=\"author\" content=\"FC Gueugnon\" \/>\n<meta name=\"twitter:card\" content=\"summary_large_image\" \/>\n<meta name=\"twitter:creator\" content=\"@FCGueugnon_off\" \/>\n<meta name=\"twitter:site\" content=\"@FCGueugnon_off\" \/>\n<meta name=\"twitter:label1\" content=\"\u00c9crit par\" \/>\n\t<meta name=\"twitter:data1\" content=\"FC Gueugnon\" \/>\n\t<meta name=\"twitter:label2\" content=\"Dur\u00e9e de lecture estim\u00e9e\" \/>\n\t<meta name=\"twitter:data2\" content=\"2 minutes\" \/>\n<script type=\"application\/ld+json\" class=\"yoast-schema-graph\">{\"@context\":\"https:\/\/schema.org\",\"@graph\":[{\"@type\":\"Article\",\"@id\":\"https:\/\/www.fcgueugnon.fr\/site\/e-leclerc-academie-seance-decouverte-foot-feminin-fc-gueugnon\/56371#article\",\"isPartOf\":{\"@id\":\"https:\/\/www.fcgueugnon.fr\/site\/e-leclerc-academie-seance-decouverte-foot-feminin-fc-gueugnon\/56371\"},\"author\":{\"name\":\"FC Gueugnon\",\"@id\":\"https:\/\/www.fcgueugnon.fr\/site\/#\/schema\/person\/829630bfb5d6f3ebe4d296b75687c01a\"},\"headline\":\"[E.Leclerc Acad\u00e9mie] S\u00e9ance D\u00e9couverte &#8211; Foot F\u00e9minin &#8211; FC Gueugnon\",\"datePublished\":\"2026-04-01T13:59:00+00:00\",\"dateModified\":\"2026-04-01T14:00:20+00:00\",\"mainEntityOfPage\":{\"@id\":\"https:\/\/www.fcgueugnon.fr\/site\/e-leclerc-academie-seance-decouverte-foot-feminin-fc-gueugnon\/56371\"},\"wordCount\":246,\"publisher\":{\"@id\":\"https:\/\/www.fcgueugnon.fr\/site\/#organization\"},\"image\":{\"@id\":\"https:\/\/www.fcgueugnon.fr\/site\/e-leclerc-academie-seance-decouverte-foot-feminin-fc-gueugnon\/56371#primaryimage\"},\"thumbnailUrl\":\"https:\/\/www.fcgueugnon.fr\/site\/wp-content\/uploads\/2026\/03\/Portes-Ouvertes-Foot-Feminin-Mars-2026.jpg\",\"keywords\":[\"Sport E.Leclerc Acad\u00e9mie : Jeunes \/ Formation\"],\"articleSection\":[\"News\",\"News 2025\/2026\"],\"inLanguage\":\"fr-FR\"},{\"@type\":\"WebPage\",\"@id\":\"https:\/\/www.fcgueugnon.fr\/site\/e-leclerc-academie-seance-decouverte-foot-feminin-fc-gueugnon\/56371\",\"url\":\"https:\/\/www.fcgueugnon.fr\/site\/e-leclerc-academie-seance-decouverte-foot-feminin-fc-gueugnon\/56371\",\"name\":\"[E.Leclerc Acad\u00e9mie] S\u00e9ance D\u00e9couverte - Foot F\u00e9minin - FC Gueugnon &#8226; FOOTBALL CLUB GUEUGNON\",\"isPartOf\":{\"@id\":\"https:\/\/www.fcgueugnon.fr\/site\/#website\"},\"primaryImageOfPage\":{\"@id\":\"https:\/\/www.fcgueugnon.fr\/site\/e-leclerc-academie-seance-decouverte-foot-feminin-fc-gueugnon\/56371#primaryimage\"},\"image\":{\"@id\":\"https:\/\/www.fcgueugnon.fr\/site\/e-leclerc-academie-seance-decouverte-foot-feminin-fc-gueugnon\/56371#primaryimage\"},\"thumbnailUrl\":\"https:\/\/www.fcgueugnon.fr\/site\/wp-content\/uploads\/2026\/03\/Portes-Ouvertes-Foot-Feminin-Mars-2026.jpg\",\"datePublished\":\"2026-04-01T13:59:00+00:00\",\"dateModified\":\"2026-04-01T14:00:20+00:00\",\"breadcrumb\":{\"@id\":\"https:\/\/www.fcgueugnon.fr\/site\/e-leclerc-academie-seance-decouverte-foot-feminin-fc-gueugnon\/56371#breadcrumb\"},\"inLanguage\":\"fr-FR\",\"potentialAction\":[{\"@type\":\"ReadAction\",\"target\":[\"https:\/\/www.fcgueugnon.fr\/site\/e-leclerc-academie-seance-decouverte-foot-feminin-fc-gueugnon\/56371\"]}]},{\"@type\":\"ImageObject\",\"inLanguage\":\"fr-FR\",\"@id\":\"https:\/\/www.fcgueugnon.fr\/site\/e-leclerc-academie-seance-decouverte-foot-feminin-fc-gueugnon\/56371#primaryimage\",\"url\":\"https:\/\/www.fcgueugnon.fr\/site\/wp-content\/uploads\/2026\/03\/Portes-Ouvertes-Foot-Feminin-Mars-2026.jpg\",\"contentUrl\":\"https:\/\/www.fcgueugnon.fr\/site\/wp-content\/uploads\/2026\/03\/Portes-Ouvertes-Foot-Feminin-Mars-2026.jpg\",\"width\":2000,\"height\":2500},{\"@type\":\"BreadcrumbList\",\"@id\":\"https:\/\/www.fcgueugnon.fr\/site\/e-leclerc-academie-seance-decouverte-foot-feminin-fc-gueugnon\/56371#breadcrumb\",\"itemListElement\":[{\"@type\":\"ListItem\",\"position\":1,\"name\":\"Accueil\",\"item\":\"https:\/\/www.fcgueugnon.fr\/site\/\"},{\"@type\":\"ListItem\",\"position\":2,\"name\":\"[E.Leclerc Acad\u00e9mie] S\u00e9ance D\u00e9couverte &#8211; Foot F\u00e9minin &#8211; FC Gueugnon\"}]},{\"@type\":\"WebSite\",\"@id\":\"https:\/\/www.fcgueugnon.fr\/site\/#website\",\"url\":\"https:\/\/www.fcgueugnon.fr\/site\/\",\"name\":\"FOOTBALL CLUB GUEUGNON\",\"description\":\"Le Site Officiel des Forgerons\",\"publisher\":{\"@id\":\"https:\/\/www.fcgueugnon.fr\/site\/#organization\"},\"potentialAction\":[{\"@type\":\"SearchAction\",\"target\":{\"@type\":\"EntryPoint\",\"urlTemplate\":\"https:\/\/www.fcgueugnon.fr\/site\/?s={search_term_string}\"},\"query-input\":{\"@type\":\"PropertyValueSpecification\",\"valueRequired\":true,\"valueName\":\"search_term_string\"}}],\"inLanguage\":\"fr-FR\"},{\"@type\":\"Organization\",\"@id\":\"https:\/\/www.fcgueugnon.fr\/site\/#organization\",\"name\":\"FC Gueugnon\",\"url\":\"https:\/\/www.fcgueugnon.fr\/site\/\",\"logo\":{\"@type\":\"ImageObject\",\"inLanguage\":\"fr-FR\",\"@id\":\"https:\/\/www.fcgueugnon.fr\/site\/#\/schema\/logo\/image\/\",\"url\":\"https:\/\/www.fcgueugnon.fr\/site\/wp-content\/uploads\/2022\/07\/cropped-Logo-FCGUEUGNON-low-350x350-1.png\",\"contentUrl\":\"https:\/\/www.fcgueugnon.fr\/site\/wp-content\/uploads\/2022\/07\/cropped-Logo-FCGUEUGNON-low-350x350-1.png\",\"width\":350,\"height\":350,\"caption\":\"FC Gueugnon\"},\"image\":{\"@id\":\"https:\/\/www.fcgueugnon.fr\/site\/#\/schema\/logo\/image\/\"},\"sameAs\":[\"http:\/\/facebook.com\/FCGueugnon\",\"https:\/\/x.com\/FCGueugnon_off\",\"https:\/\/www.instagram.com\/fcgueugnon\/\",\"https:\/\/www.linkedin.com\/company\/football-club-de-gueugnon\/\",\"https:\/\/www.youtube.com\/user\/FCGueugnonnais\",\"https:\/\/fr.wikipedia.org\/wiki\/Football_Club_de_Gueugnon\"]},{\"@type\":\"Person\",\"@id\":\"https:\/\/www.fcgueugnon.fr\/site\/#\/schema\/person\/829630bfb5d6f3ebe4d296b75687c01a\",\"name\":\"FC Gueugnon\",\"url\":\"https:\/\/www.fcgueugnon.fr\/site\/author\/g-avin1\"}]}<\/script>\n<!-- \/ Yoast SEO plugin. -->","yoast_head_json":{"title":"[E.Leclerc Acad\u00e9mie] S\u00e9ance D\u00e9couverte - Foot F\u00e9minin - FC Gueugnon &#8226; FOOTBALL CLUB GUEUGNON","robots":{"index":"index","follow":"follow","max-snippet":"max-snippet:-1","max-image-preview":"max-image-preview:large","max-video-preview":"max-video-preview:-1"},"canonical":"https:\/\/www.fcgueugnon.fr\/site\/e-leclerc-academie-seance-decouverte-foot-feminin-fc-gueugnon\/56371","og_locale":"fr_FR","og_type":"article","og_title":"[E.Leclerc Acad\u00e9mie] S\u00e9ance D\u00e9couverte - Foot F\u00e9minin - FC Gueugnon &#8226; FOOTBALL CLUB GUEUGNON","og_description":"Dans le cadre du d\u00e9veloppement du football f\u00e9minin et du projet de formation du club, le FC Gueugnon organise une s\u00e9ance d\u00e9couverte d\u00e9di\u00e9e aux jeunes filles n\u00e9es entre 2009 et 2012. Intitul\u00e9e \u00ab Graine de Forgeronne : s\u00e9ance d\u00e9couverte avec ta copine \u00bb, cette action permettra aux jeunes joueuses de d\u00e9couvrir la pratique du football ... Lire la suite","og_url":"https:\/\/www.fcgueugnon.fr\/site\/e-leclerc-academie-seance-decouverte-foot-feminin-fc-gueugnon\/56371","og_site_name":"FOOTBALL CLUB GUEUGNON","article_publisher":"http:\/\/facebook.com\/FCGueugnon","article_published_time":"2026-04-01T13:59:00+00:00","article_modified_time":"2026-04-01T14:00:20+00:00","og_image":[{"width":819,"height":1024,"url":"https:\/\/www.fcgueugnon.fr\/site\/wp-content\/uploads\/2026\/03\/Portes-Ouvertes-Foot-Feminin-Mars-2026-819x1024.jpg","type":"image\/jpeg"}],"author":"FC Gueugnon","twitter_card":"summary_large_image","twitter_creator":"@FCGueugnon_off","twitter_site":"@FCGueugnon_off","twitter_misc":{"\u00c9crit par":"FC Gueugnon","Dur\u00e9e de lecture estim\u00e9e":"2 minutes"},"schema":{"@context":"https:\/\/schema.org","@graph":[{"@type":"Article","@id":"https:\/\/www.fcgueugnon.fr\/site\/e-leclerc-academie-seance-decouverte-foot-feminin-fc-gueugnon\/56371#article","isPartOf":{"@id":"https:\/\/www.fcgueugnon.fr\/site\/e-leclerc-academie-seance-decouverte-foot-feminin-fc-gueugnon\/56371"},"author":{"name":"FC Gueugnon","@id":"https:\/\/www.fcgueugnon.fr\/site\/#\/schema\/person\/829630bfb5d6f3ebe4d296b75687c01a"},"headline":"[E.Leclerc Acad\u00e9mie] S\u00e9ance D\u00e9couverte &#8211; Foot F\u00e9minin &#8211; FC Gueugnon","datePublished":"2026-04-01T13:59:00+00:00","dateModified":"2026-04-01T14:00:20+00:00","mainEntityOfPage":{"@id":"https:\/\/www.fcgueugnon.fr\/site\/e-leclerc-academie-seance-decouverte-foot-feminin-fc-gueugnon\/56371"},"wordCount":246,"publisher":{"@id":"https:\/\/www.fcgueugnon.fr\/site\/#organization"},"image":{"@id":"https:\/\/www.fcgueugnon.fr\/site\/e-leclerc-academie-seance-decouverte-foot-feminin-fc-gueugnon\/56371#primaryimage"},"thumbnailUrl":"https:\/\/www.fcgueugnon.fr\/site\/wp-content\/uploads\/2026\/03\/Portes-Ouvertes-Foot-Feminin-Mars-2026.jpg","keywords":["Sport E.Leclerc Acad\u00e9mie : Jeunes \/ Formation"],"articleSection":["News","News 2025\/2026"],"inLanguage":"fr-FR"},{"@type":"WebPage","@id":"https:\/\/www.fcgueugnon.fr\/site\/e-leclerc-academie-seance-decouverte-foot-feminin-fc-gueugnon\/56371","url":"https:\/\/www.fcgueugnon.fr\/site\/e-leclerc-academie-seance-decouverte-foot-feminin-fc-gueugnon\/56371","name":"[E.Leclerc Acad\u00e9mie] S\u00e9ance D\u00e9couverte - Foot F\u00e9minin - FC Gueugnon &#8226; FOOTBALL CLUB GUEUGNON","isPartOf":{"@id":"https:\/\/www.fcgueugnon.fr\/site\/#website"},"primaryImageOfPage":{"@id":"https:\/\/www.fcgueugnon.fr\/site\/e-leclerc-academie-seance-decouverte-foot-feminin-fc-gueugnon\/56371#primaryimage"},"image":{"@id":"https:\/\/www.fcgueugnon.fr\/site\/e-leclerc-academie-seance-decouverte-foot-feminin-fc-gueugnon\/56371#primaryimage"},"thumbnailUrl":"https:\/\/www.fcgueugnon.fr\/site\/wp-content\/uploads\/2026\/03\/Portes-Ouvertes-Foot-Feminin-Mars-2026.jpg","datePublished":"2026-04-01T13:59:00+00:00","dateModified":"2026-04-01T14:00:20+00:00","breadcrumb":{"@id":"https:\/\/www.fcgueugnon.fr\/site\/e-leclerc-academie-seance-decouverte-foot-feminin-fc-gueugnon\/56371#breadcrumb"},"inLanguage":"fr-FR","potentialAction":[{"@type":"ReadAction","target":["https:\/\/www.fcgueugnon.fr\/site\/e-leclerc-academie-seance-decouverte-foot-feminin-fc-gueugnon\/56371"]}]},{"@type":"ImageObject","inLanguage":"fr-FR","@id":"https:\/\/www.fcgueugnon.fr\/site\/e-leclerc-academie-seance-decouverte-foot-feminin-fc-gueugnon\/56371#primaryimage","url":"https:\/\/www.fcgueugnon.fr\/site\/wp-content\/uploads\/2026\/03\/Portes-Ouvertes-Foot-Feminin-Mars-2026.jpg","contentUrl":"https:\/\/www.fcgueugnon.fr\/site\/wp-content\/uploads\/2026\/03\/Portes-Ouvertes-Foot-Feminin-Mars-2026.jpg","width":2000,"height":2500},{"@type":"BreadcrumbList","@id":"https:\/\/www.fcgueugnon.fr\/site\/e-leclerc-academie-seance-decouverte-foot-feminin-fc-gueugnon\/56371#breadcrumb","itemListElement":[{"@type":"ListItem","position":1,"name":"Accueil","item":"https:\/\/www.fcgueugnon.fr\/site\/"},{"@type":"ListItem","position":2,"name":"[E.Leclerc Acad\u00e9mie] S\u00e9ance D\u00e9couverte &#8211; Foot F\u00e9minin &#8211; FC Gueugnon"}]},{"@type":"WebSite","@id":"https:\/\/www.fcgueugnon.fr\/site\/#website","url":"https:\/\/www.fcgueugnon.fr\/site\/","name":"FOOTBALL CLUB GUEUGNON","description":"Le Site Officiel des Forgerons","publisher":{"@id":"https:\/\/www.fcgueugnon.fr\/site\/#organization"},"potentialAction":[{"@type":"SearchAction","target":{"@type":"EntryPoint","urlTemplate":"https:\/\/www.fcgueugnon.fr\/site\/?s={search_term_string}"},"query-input":{"@type":"PropertyValueSpecification","valueRequired":true,"valueName":"search_term_string"}}],"inLanguage":"fr-FR"},{"@type":"Organization","@id":"https:\/\/www.fcgueugnon.fr\/site\/#organization","name":"FC Gueugnon","url":"https:\/\/www.fcgueugnon.fr\/site\/","logo":{"@type":"ImageObject","inLanguage":"fr-FR","@id":"https:\/\/www.fcgueugnon.fr\/site\/#\/schema\/logo\/image\/","url":"https:\/\/www.fcgueugnon.fr\/site\/wp-content\/uploads\/2022\/07\/cropped-Logo-FCGUEUGNON-low-350x350-1.png","contentUrl":"https:\/\/www.fcgueugnon.fr\/site\/wp-content\/uploads\/2022\/07\/cropped-Logo-FCGUEUGNON-low-350x350-1.png","width":350,"height":350,"caption":"FC Gueugnon"},"image":{"@id":"https:\/\/www.fcgueugnon.fr\/site\/#\/schema\/logo\/image\/"},"sameAs":["http:\/\/facebook.com\/FCGueugnon","https:\/\/x.com\/FCGueugnon_off","https:\/\/www.instagram.com\/fcgueugnon\/","https:\/\/www.linkedin.com\/company\/football-club-de-gueugnon\/","https:\/\/www.youtube.com\/user\/FCGueugnonnais","https:\/\/fr.wikipedia.org\/wiki\/Football_Club_de_Gueugnon"]},{"@type":"Person","@id":"https:\/\/www.fcgueugnon.fr\/site\/#\/schema\/person\/829630bfb5d6f3ebe4d296b75687c01a","name":"FC Gueugnon","url":"https:\/\/www.fcgueugnon.fr\/site\/author\/g-avin1"}]}},"rttpg_featured_image_url":{"full":["https:\/\/www.fcgueugnon.fr\/site\/wp-content\/uploads\/2026\/03\/Portes-Ouvertes-Foot-Feminin-Mars-2026.jpg",2000,2500,false],"landscape":["https:\/\/www.fcgueugnon.fr\/site\/wp-content\/uploads\/2026\/03\/Portes-Ouvertes-Foot-Feminin-Mars-2026.jpg",2000,2500,false],"portraits":["https:\/\/www.fcgueugnon.fr\/site\/wp-content\/uploads\/2026\/03\/Portes-Ouvertes-Foot-Feminin-Mars-2026.jpg",2000,2500,false],"thumbnail":["https:\/\/www.fcgueugnon.fr\/site\/wp-content\/uploads\/2026\/03\/Portes-Ouvertes-Foot-Feminin-Mars-2026-150x150.jpg",150,150,true],"medium":["https:\/\/www.fcgueugnon.fr\/site\/wp-content\/uploads\/2026\/03\/Portes-Ouvertes-Foot-Feminin-Mars-2026-320x400.jpg",320,400,true],"large":["https:\/\/www.fcgueugnon.fr\/site\/wp-content\/uploads\/2026\/03\/Portes-Ouvertes-Foot-Feminin-Mars-2026-819x1024.jpg",819,1024,true],"1536x1536":["https:\/\/www.fcgueugnon.fr\/site\/wp-content\/uploads\/2026\/03\/Portes-Ouvertes-Foot-Feminin-Mars-2026-1229x1536.jpg",1229,1536,true],"2048x2048":["https:\/\/www.fcgueugnon.fr\/site\/wp-content\/uploads\/2026\/03\/Portes-Ouvertes-Foot-Feminin-Mars-2026-1638x2048.jpg",1638,2048,true]},"rttpg_author":{"display_name":"FC Gueugnon","author_link":"https:\/\/www.fcgueugnon.fr\/site\/author\/g-avin1"},"rttpg_comment":0,"rttpg_category":"<a href=\"https:\/\/www.fcgueugnon.fr\/site\/category\/news\" rel=\"category tag\">News<\/a> <a href=\"https:\/\/www.fcgueugnon.fr\/site\/category\/news\/news-2025-2026\" rel=\"category tag\">News 2025\/2026<\/a>","rttpg_excerpt":"Dans le cadre du d\u00e9veloppement du football f\u00e9minin et du projet de formation du club, le FC Gueugnon organise une s\u00e9ance d\u00e9couverte d\u00e9di\u00e9e aux jeunes filles n\u00e9es entre 2009 et 2012. Intitul\u00e9e \u00ab Graine de Forgeronne : s\u00e9ance d\u00e9couverte avec ta copine \u00bb, cette action permettra aux jeunes joueuses de d\u00e9couvrir la pratique du football\u2026","_links":{"self":[{"href":"https:\/\/www.fcgueugnon.fr\/site\/wp-json\/wp\/v2\/posts\/56371","targetHints":{"allow":["GET"]}}],"collection":[{"href":"https:\/\/www.fcgueugnon.fr\/site\/wp-json\/wp\/v2\/posts"}],"about":[{"href":"https:\/\/www.fcgueugnon.fr\/site\/wp-json\/wp\/v2\/types\/post"}],"author":[{"embeddable":true,"href":"https:\/\/www.fcgueugnon.fr\/site\/wp-json\/wp\/v2\/users\/3"}],"replies":[{"embeddable":true,"href":"https:\/\/www.fcgueugnon.fr\/site\/wp-json\/wp\/v2\/comments?post=56371"}],"version-history":[{"count":5,"href":"https:\/\/www.fcgueugnon.fr\/site\/wp-json\/wp\/v2\/posts\/56371\/revisions"}],"predecessor-version":[{"id":56640,"href":"https:\/\/www.fcgueugnon.fr\/site\/wp-json\/wp\/v2\/posts\/56371\/revisions\/56640"}],"wp:featuredmedia":[{"embeddable":true,"href":"https:\/\/www.fcgueugnon.fr\/site\/wp-json\/wp\/v2\/media\/56639"}],"wp:attachment":[{"href":"https:\/\/www.fcgueugnon.fr\/site\/wp-json\/wp\/v2\/media?parent=56371"}],"wp:term":[{"taxonomy":"category","embeddable":true,"href":"https:\/\/www.fcgueugnon.fr\/site\/wp-json\/wp\/v2\/categories?post=56371"},{"taxonomy":"post_tag","embeddable":true,"href":"https:\/\/www.fcgueugnon.fr\/site\/wp-json\/wp\/v2\/tags?post=56371"}],"curies":[{"name":"wp","href":"https:\/\/api.w.org\/{rel}","templated":true}]}}