{"id":5595,"date":"2023-07-26T11:47:00","date_gmt":"2023-07-26T09:47:00","guid":{"rendered":"https:\/\/www.fcgueugnon.fr\/site\/?p=5595"},"modified":"2023-10-23T09:34:38","modified_gmt":"2023-10-23T07:34:38","slug":"sport-e-leclerc-academie-ophelie-meilleroux-sera-en-charge-de-notre-equipe-u16-r1","status":"publish","type":"post","link":"https:\/\/www.fcgueugnon.fr\/site\/sport-e-leclerc-academie-ophelie-meilleroux-sera-en-charge-de-notre-equipe-u16-r1\/5595","title":{"rendered":"[Sport E.Leclerc Acad\u00e9mie] Oph\u00e9lie\u00a0Meilleroux sera en charge de notre \u00e9quipe U16 R1."},"content":{"rendered":"\n<h3 class=\"wp-block-heading has-text-align-left\"><strong>Le FC Gueugnon est heureux de vous annoncer l&rsquo;arriv\u00e9e de Oph\u00e9lie Meilleroux en tant que coach de l&rsquo;effectif U16. L&rsquo;\u00e9quipe \u00e9voluera de nouveau en R\u00e9gional 1 lors de cette nouvelle saison.<\/strong><\/h3>\n\n\n\n<div style=\"height:30px\" aria-hidden=\"true\" class=\"wp-block-spacer\"><\/div>\n\n\n<div class=\"wp-block-image\">\n<figure class=\"aligncenter size-large\"><img loading=\"lazy\" decoding=\"async\" width=\"819\" height=\"1024\" src=\"https:\/\/www.fcgueugnon.fr\/site\/wp-content\/uploads\/2023\/07\/RECRUTEMENT-EDUCATREUR-23.24-reduite-819x1024.png\" alt=\"\" class=\"wp-image-5634\" srcset=\"https:\/\/www.fcgueugnon.fr\/site\/wp-content\/uploads\/2023\/07\/RECRUTEMENT-EDUCATREUR-23.24-reduite-819x1024.png 819w, https:\/\/www.fcgueugnon.fr\/site\/wp-content\/uploads\/2023\/07\/RECRUTEMENT-EDUCATREUR-23.24-reduite-320x400.png 320w, https:\/\/www.fcgueugnon.fr\/site\/wp-content\/uploads\/2023\/07\/RECRUTEMENT-EDUCATREUR-23.24-reduite-768x960.png 768w, https:\/\/www.fcgueugnon.fr\/site\/wp-content\/uploads\/2023\/07\/RECRUTEMENT-EDUCATREUR-23.24-reduite-1229x1536.png 1229w, https:\/\/www.fcgueugnon.fr\/site\/wp-content\/uploads\/2023\/07\/RECRUTEMENT-EDUCATREUR-23.24-reduite-1638x2048.png 1638w, https:\/\/www.fcgueugnon.fr\/site\/wp-content\/uploads\/2023\/07\/RECRUTEMENT-EDUCATREUR-23.24-reduite-1320x1650.png 1320w, https:\/\/www.fcgueugnon.fr\/site\/wp-content\/uploads\/2023\/07\/RECRUTEMENT-EDUCATREUR-23.24-reduite-600x750.png 600w, https:\/\/www.fcgueugnon.fr\/site\/wp-content\/uploads\/2023\/07\/RECRUTEMENT-EDUCATREUR-23.24-reduite.png 2000w\" sizes=\"auto, (max-width: 819px) 100vw, 819px\" \/><\/figure>\n<\/div>\n\n\n<div style=\"height:50px\" aria-hidden=\"true\" class=\"wp-block-spacer\"><\/div>\n\n\n\n<h3 class=\"wp-block-heading western\"><strong>Une impressionnante carri\u00e8re footballistique<\/strong><\/h3>\n\n\n\n<p>Apr\u00e8s avoir \u00e9t\u00e9 form\u00e9e au FF Yzeure puis au Centre de Formation de Clairefontaine, Oph\u00e9lie effectue ses d\u00e9buts en professionnel \u00e0 l&rsquo;ASJ Soyaux en 2003. Apr\u00e8s cinq saisons en Charente, elle retrouve son club formateur pour deux ans puis s&rsquo;engagera pour quatre saisons avec le Montpellier H\u00e9rault SC. Championne d&rsquo;Europe U19 avec l&rsquo;\u00c9quipe de France, elle a \u00e9galement connu une demi-finale de Coupe du Monde en 2011 en Allemagne et a particip\u00e9 aux Jeux Olympiques de Londres en 2012. \u00c9voluant au poste de d\u00e9fenseur, elle comptabilise 67 s\u00e9lections entre 2003 et 2013.<\/p>\n\n\n\n<div style=\"height:20px\" aria-hidden=\"true\" class=\"wp-block-spacer\"><\/div>\n\n\n\n<h3 class=\"wp-block-heading western\"><strong>Une reconversion au poste d&rsquo;entra\u00eeneur<\/strong><\/h3>\n\n\n\n<p>Apr\u00e8s un parcours incroyable en tant que joueuse, Oph\u00e9lie a pris petit \u00e0 petit des responsabilit\u00e9s sur le banc de touche. De retour au Football F\u00e9minin d&rsquo;Yzeure, elle d\u00e9butera au poste d&rsquo;entra\u00eeneuse-adjointe en 2018. Apr\u00e8s 5 saisons \u00e0 ce poste, elle devient le coach principal et participera avec son \u00e9quipe \u00e0 une finale historique de Coupe de France F\u00e9minine. Pour la saison 2023-2024, le FC Gueugnon est fier d&rsquo;accueillir Oph\u00e9lie. Titulaire du Brevet d&rsquo;Entra\u00eeneur de Football (BEF), elle sera en charge de notre \u00e9quipe U16 R1 et aura un r\u00f4le de conseil pour le d\u00e9veloppement de notre \u00c9cole F\u00e9minine de Football.<\/p>\n\n\n\n<p>Oph\u00e9lie, nous te souhaitons la bienvenue au FC Gueugnon !<\/p>\n","protected":false},"excerpt":{"rendered":"<p>Le FC Gueugnon est heureux de vous annoncer l&rsquo;arriv\u00e9e de Oph\u00e9lie Meilleroux en tant que coach de l&rsquo;effectif U16. L&rsquo;\u00e9quipe \u00e9voluera de nouveau en R\u00e9gional 1 lors de cette nouvelle saison. Une impressionnante carri\u00e8re footballistique Apr\u00e8s avoir \u00e9t\u00e9 form\u00e9e au FF Yzeure puis au Centre de Formation de Clairefontaine, Oph\u00e9lie effectue ses d\u00e9buts en professionnel &#8230; <\/p>\n<p class=\"read-more-container\"><a title=\"[Sport E.Leclerc Acad\u00e9mie] Oph\u00e9lie\u00a0Meilleroux sera en charge de notre \u00e9quipe U16 R1.\" class=\"read-more button\" href=\"https:\/\/www.fcgueugnon.fr\/site\/sport-e-leclerc-academie-ophelie-meilleroux-sera-en-charge-de-notre-equipe-u16-r1\/5595#more-5595\" aria-label=\"Plus sur [Sport E.Leclerc Acad\u00e9mie] Oph\u00e9lie\u00a0Meilleroux sera en charge de notre \u00e9quipe U16 R1.\">Lire la suite<\/a><\/p>\n","protected":false},"author":3,"featured_media":5634,"comment_status":"closed","ping_status":"closed","sticky":false,"template":"","format":"standard","meta":{"footnotes":""},"categories":[4,55],"tags":[14],"class_list":["post-5595","post","type-post","status-publish","format-standard","has-post-thumbnail","hentry","category-news","category-news-2023-2024","tag-sport-e-leclerc-academie-jeunes-formation","infinite-scroll-item","generate-columns","tablet-grid-50","mobile-grid-100","grid-parent","grid-25","resize-featured-image"],"yoast_head":"<!-- This site is optimized with the Yoast SEO plugin v26.6 - https:\/\/yoast.com\/wordpress\/plugins\/seo\/ -->\n<title>[Sport E.Leclerc Acad\u00e9mie] Oph\u00e9lie\u00a0Meilleroux sera en charge de notre \u00e9quipe U16 R1. &#8226; FOOTBALL CLUB GUEUGNON<\/title>\n<meta name=\"robots\" content=\"index, follow, max-snippet:-1, max-image-preview:large, max-video-preview:-1\" \/>\n<link rel=\"canonical\" href=\"https:\/\/www.fcgueugnon.fr\/site\/sport-e-leclerc-academie-ophelie-meilleroux-sera-en-charge-de-notre-equipe-u16-r1\/5595\" \/>\n<meta property=\"og:locale\" content=\"fr_FR\" \/>\n<meta property=\"og:type\" content=\"article\" \/>\n<meta property=\"og:title\" content=\"[Sport E.Leclerc Acad\u00e9mie] Oph\u00e9lie\u00a0Meilleroux sera en charge de notre \u00e9quipe U16 R1. &#8226; FOOTBALL CLUB GUEUGNON\" \/>\n<meta property=\"og:description\" content=\"Le FC Gueugnon est heureux de vous annoncer l&rsquo;arriv\u00e9e de Oph\u00e9lie Meilleroux en tant que coach de l&rsquo;effectif U16. L&rsquo;\u00e9quipe \u00e9voluera de nouveau en R\u00e9gional 1 lors de cette nouvelle saison. Une impressionnante carri\u00e8re footballistique Apr\u00e8s avoir \u00e9t\u00e9 form\u00e9e au FF Yzeure puis au Centre de Formation de Clairefontaine, Oph\u00e9lie effectue ses d\u00e9buts en professionnel ... Lire la suite\" \/>\n<meta property=\"og:url\" content=\"https:\/\/www.fcgueugnon.fr\/site\/sport-e-leclerc-academie-ophelie-meilleroux-sera-en-charge-de-notre-equipe-u16-r1\/5595\" \/>\n<meta property=\"og:site_name\" content=\"FOOTBALL CLUB GUEUGNON\" \/>\n<meta property=\"article:publisher\" content=\"http:\/\/facebook.com\/FCGueugnon\" \/>\n<meta property=\"article:published_time\" content=\"2023-07-26T09:47:00+00:00\" \/>\n<meta property=\"article:modified_time\" content=\"2023-10-23T07:34:38+00:00\" \/>\n<meta property=\"og:image\" content=\"https:\/\/www.fcgueugnon.fr\/site\/wp-content\/uploads\/2023\/07\/RECRUTEMENT-EDUCATREUR-23.24-reduite-819x1024.png\" \/>\n\t<meta property=\"og:image:width\" content=\"819\" \/>\n\t<meta property=\"og:image:height\" content=\"1024\" \/>\n\t<meta property=\"og:image:type\" content=\"image\/png\" \/>\n<meta name=\"author\" content=\"FC Gueugnon\" \/>\n<meta name=\"twitter:card\" content=\"summary_large_image\" \/>\n<meta name=\"twitter:creator\" content=\"@FCGueugnon_off\" \/>\n<meta name=\"twitter:site\" content=\"@FCGueugnon_off\" \/>\n<meta name=\"twitter:label1\" content=\"\u00c9crit par\" \/>\n\t<meta name=\"twitter:data1\" content=\"FC Gueugnon\" \/>\n\t<meta name=\"twitter:label2\" content=\"Dur\u00e9e de lecture estim\u00e9e\" \/>\n\t<meta name=\"twitter:data2\" content=\"2 minutes\" \/>\n<script type=\"application\/ld+json\" class=\"yoast-schema-graph\">{\"@context\":\"https:\/\/schema.org\",\"@graph\":[{\"@type\":\"Article\",\"@id\":\"https:\/\/www.fcgueugnon.fr\/site\/sport-e-leclerc-academie-ophelie-meilleroux-sera-en-charge-de-notre-equipe-u16-r1\/5595#article\",\"isPartOf\":{\"@id\":\"https:\/\/www.fcgueugnon.fr\/site\/sport-e-leclerc-academie-ophelie-meilleroux-sera-en-charge-de-notre-equipe-u16-r1\/5595\"},\"author\":{\"name\":\"FC Gueugnon\",\"@id\":\"https:\/\/www.fcgueugnon.fr\/site\/#\/schema\/person\/829630bfb5d6f3ebe4d296b75687c01a\"},\"headline\":\"[Sport E.Leclerc Acad\u00e9mie] Oph\u00e9lie\u00a0Meilleroux sera en charge de notre \u00e9quipe U16 R1.\",\"datePublished\":\"2023-07-26T09:47:00+00:00\",\"dateModified\":\"2023-10-23T07:34:38+00:00\",\"mainEntityOfPage\":{\"@id\":\"https:\/\/www.fcgueugnon.fr\/site\/sport-e-leclerc-academie-ophelie-meilleroux-sera-en-charge-de-notre-equipe-u16-r1\/5595\"},\"wordCount\":284,\"publisher\":{\"@id\":\"https:\/\/www.fcgueugnon.fr\/site\/#organization\"},\"image\":{\"@id\":\"https:\/\/www.fcgueugnon.fr\/site\/sport-e-leclerc-academie-ophelie-meilleroux-sera-en-charge-de-notre-equipe-u16-r1\/5595#primaryimage\"},\"thumbnailUrl\":\"https:\/\/www.fcgueugnon.fr\/site\/wp-content\/uploads\/2023\/07\/RECRUTEMENT-EDUCATREUR-23.24-reduite.png\",\"keywords\":[\"Sport E.Leclerc Acad\u00e9mie : Jeunes \/ Formation\"],\"articleSection\":[\"News\",\"News 2023\/2024\"],\"inLanguage\":\"fr-FR\"},{\"@type\":\"WebPage\",\"@id\":\"https:\/\/www.fcgueugnon.fr\/site\/sport-e-leclerc-academie-ophelie-meilleroux-sera-en-charge-de-notre-equipe-u16-r1\/5595\",\"url\":\"https:\/\/www.fcgueugnon.fr\/site\/sport-e-leclerc-academie-ophelie-meilleroux-sera-en-charge-de-notre-equipe-u16-r1\/5595\",\"name\":\"[Sport E.Leclerc Acad\u00e9mie] Oph\u00e9lie\u00a0Meilleroux sera en charge de notre \u00e9quipe U16 R1. &#8226; FOOTBALL CLUB GUEUGNON\",\"isPartOf\":{\"@id\":\"https:\/\/www.fcgueugnon.fr\/site\/#website\"},\"primaryImageOfPage\":{\"@id\":\"https:\/\/www.fcgueugnon.fr\/site\/sport-e-leclerc-academie-ophelie-meilleroux-sera-en-charge-de-notre-equipe-u16-r1\/5595#primaryimage\"},\"image\":{\"@id\":\"https:\/\/www.fcgueugnon.fr\/site\/sport-e-leclerc-academie-ophelie-meilleroux-sera-en-charge-de-notre-equipe-u16-r1\/5595#primaryimage\"},\"thumbnailUrl\":\"https:\/\/www.fcgueugnon.fr\/site\/wp-content\/uploads\/2023\/07\/RECRUTEMENT-EDUCATREUR-23.24-reduite.png\",\"datePublished\":\"2023-07-26T09:47:00+00:00\",\"dateModified\":\"2023-10-23T07:34:38+00:00\",\"breadcrumb\":{\"@id\":\"https:\/\/www.fcgueugnon.fr\/site\/sport-e-leclerc-academie-ophelie-meilleroux-sera-en-charge-de-notre-equipe-u16-r1\/5595#breadcrumb\"},\"inLanguage\":\"fr-FR\",\"potentialAction\":[{\"@type\":\"ReadAction\",\"target\":[\"https:\/\/www.fcgueugnon.fr\/site\/sport-e-leclerc-academie-ophelie-meilleroux-sera-en-charge-de-notre-equipe-u16-r1\/5595\"]}]},{\"@type\":\"ImageObject\",\"inLanguage\":\"fr-FR\",\"@id\":\"https:\/\/www.fcgueugnon.fr\/site\/sport-e-leclerc-academie-ophelie-meilleroux-sera-en-charge-de-notre-equipe-u16-r1\/5595#primaryimage\",\"url\":\"https:\/\/www.fcgueugnon.fr\/site\/wp-content\/uploads\/2023\/07\/RECRUTEMENT-EDUCATREUR-23.24-reduite.png\",\"contentUrl\":\"https:\/\/www.fcgueugnon.fr\/site\/wp-content\/uploads\/2023\/07\/RECRUTEMENT-EDUCATREUR-23.24-reduite.png\",\"width\":2000,\"height\":2500},{\"@type\":\"BreadcrumbList\",\"@id\":\"https:\/\/www.fcgueugnon.fr\/site\/sport-e-leclerc-academie-ophelie-meilleroux-sera-en-charge-de-notre-equipe-u16-r1\/5595#breadcrumb\",\"itemListElement\":[{\"@type\":\"ListItem\",\"position\":1,\"name\":\"Accueil\",\"item\":\"https:\/\/www.fcgueugnon.fr\/site\/\"},{\"@type\":\"ListItem\",\"position\":2,\"name\":\"[Sport E.Leclerc Acad\u00e9mie] Oph\u00e9lie\u00a0Meilleroux sera en charge de notre \u00e9quipe U16 R1.\"}]},{\"@type\":\"WebSite\",\"@id\":\"https:\/\/www.fcgueugnon.fr\/site\/#website\",\"url\":\"https:\/\/www.fcgueugnon.fr\/site\/\",\"name\":\"FOOTBALL CLUB GUEUGNON\",\"description\":\"Le Site Officiel des Forgerons\",\"publisher\":{\"@id\":\"https:\/\/www.fcgueugnon.fr\/site\/#organization\"},\"potentialAction\":[{\"@type\":\"SearchAction\",\"target\":{\"@type\":\"EntryPoint\",\"urlTemplate\":\"https:\/\/www.fcgueugnon.fr\/site\/?s={search_term_string}\"},\"query-input\":{\"@type\":\"PropertyValueSpecification\",\"valueRequired\":true,\"valueName\":\"search_term_string\"}}],\"inLanguage\":\"fr-FR\"},{\"@type\":\"Organization\",\"@id\":\"https:\/\/www.fcgueugnon.fr\/site\/#organization\",\"name\":\"FC Gueugnon\",\"url\":\"https:\/\/www.fcgueugnon.fr\/site\/\",\"logo\":{\"@type\":\"ImageObject\",\"inLanguage\":\"fr-FR\",\"@id\":\"https:\/\/www.fcgueugnon.fr\/site\/#\/schema\/logo\/image\/\",\"url\":\"https:\/\/www.fcgueugnon.fr\/site\/wp-content\/uploads\/2022\/07\/cropped-Logo-FCGUEUGNON-low-350x350-1.png\",\"contentUrl\":\"https:\/\/www.fcgueugnon.fr\/site\/wp-content\/uploads\/2022\/07\/cropped-Logo-FCGUEUGNON-low-350x350-1.png\",\"width\":350,\"height\":350,\"caption\":\"FC Gueugnon\"},\"image\":{\"@id\":\"https:\/\/www.fcgueugnon.fr\/site\/#\/schema\/logo\/image\/\"},\"sameAs\":[\"http:\/\/facebook.com\/FCGueugnon\",\"https:\/\/x.com\/FCGueugnon_off\",\"https:\/\/www.instagram.com\/fcgueugnon\/\",\"https:\/\/www.linkedin.com\/company\/football-club-de-gueugnon\/\",\"https:\/\/www.youtube.com\/user\/FCGueugnonnais\",\"https:\/\/fr.wikipedia.org\/wiki\/Football_Club_de_Gueugnon\"]},{\"@type\":\"Person\",\"@id\":\"https:\/\/www.fcgueugnon.fr\/site\/#\/schema\/person\/829630bfb5d6f3ebe4d296b75687c01a\",\"name\":\"FC Gueugnon\",\"url\":\"https:\/\/www.fcgueugnon.fr\/site\/author\/g-avin1\"}]}<\/script>\n<!-- \/ Yoast SEO plugin. -->","yoast_head_json":{"title":"[Sport E.Leclerc Acad\u00e9mie] Oph\u00e9lie\u00a0Meilleroux sera en charge de notre \u00e9quipe U16 R1. &#8226; FOOTBALL CLUB GUEUGNON","robots":{"index":"index","follow":"follow","max-snippet":"max-snippet:-1","max-image-preview":"max-image-preview:large","max-video-preview":"max-video-preview:-1"},"canonical":"https:\/\/www.fcgueugnon.fr\/site\/sport-e-leclerc-academie-ophelie-meilleroux-sera-en-charge-de-notre-equipe-u16-r1\/5595","og_locale":"fr_FR","og_type":"article","og_title":"[Sport E.Leclerc Acad\u00e9mie] Oph\u00e9lie\u00a0Meilleroux sera en charge de notre \u00e9quipe U16 R1. &#8226; FOOTBALL CLUB GUEUGNON","og_description":"Le FC Gueugnon est heureux de vous annoncer l&rsquo;arriv\u00e9e de Oph\u00e9lie Meilleroux en tant que coach de l&rsquo;effectif U16. L&rsquo;\u00e9quipe \u00e9voluera de nouveau en R\u00e9gional 1 lors de cette nouvelle saison. Une impressionnante carri\u00e8re footballistique Apr\u00e8s avoir \u00e9t\u00e9 form\u00e9e au FF Yzeure puis au Centre de Formation de Clairefontaine, Oph\u00e9lie effectue ses d\u00e9buts en professionnel ... Lire la suite","og_url":"https:\/\/www.fcgueugnon.fr\/site\/sport-e-leclerc-academie-ophelie-meilleroux-sera-en-charge-de-notre-equipe-u16-r1\/5595","og_site_name":"FOOTBALL CLUB GUEUGNON","article_publisher":"http:\/\/facebook.com\/FCGueugnon","article_published_time":"2023-07-26T09:47:00+00:00","article_modified_time":"2023-10-23T07:34:38+00:00","og_image":[{"width":819,"height":1024,"url":"https:\/\/www.fcgueugnon.fr\/site\/wp-content\/uploads\/2023\/07\/RECRUTEMENT-EDUCATREUR-23.24-reduite-819x1024.png","type":"image\/png"}],"author":"FC Gueugnon","twitter_card":"summary_large_image","twitter_creator":"@FCGueugnon_off","twitter_site":"@FCGueugnon_off","twitter_misc":{"\u00c9crit par":"FC Gueugnon","Dur\u00e9e de lecture estim\u00e9e":"2 minutes"},"schema":{"@context":"https:\/\/schema.org","@graph":[{"@type":"Article","@id":"https:\/\/www.fcgueugnon.fr\/site\/sport-e-leclerc-academie-ophelie-meilleroux-sera-en-charge-de-notre-equipe-u16-r1\/5595#article","isPartOf":{"@id":"https:\/\/www.fcgueugnon.fr\/site\/sport-e-leclerc-academie-ophelie-meilleroux-sera-en-charge-de-notre-equipe-u16-r1\/5595"},"author":{"name":"FC Gueugnon","@id":"https:\/\/www.fcgueugnon.fr\/site\/#\/schema\/person\/829630bfb5d6f3ebe4d296b75687c01a"},"headline":"[Sport E.Leclerc Acad\u00e9mie] Oph\u00e9lie\u00a0Meilleroux sera en charge de notre \u00e9quipe U16 R1.","datePublished":"2023-07-26T09:47:00+00:00","dateModified":"2023-10-23T07:34:38+00:00","mainEntityOfPage":{"@id":"https:\/\/www.fcgueugnon.fr\/site\/sport-e-leclerc-academie-ophelie-meilleroux-sera-en-charge-de-notre-equipe-u16-r1\/5595"},"wordCount":284,"publisher":{"@id":"https:\/\/www.fcgueugnon.fr\/site\/#organization"},"image":{"@id":"https:\/\/www.fcgueugnon.fr\/site\/sport-e-leclerc-academie-ophelie-meilleroux-sera-en-charge-de-notre-equipe-u16-r1\/5595#primaryimage"},"thumbnailUrl":"https:\/\/www.fcgueugnon.fr\/site\/wp-content\/uploads\/2023\/07\/RECRUTEMENT-EDUCATREUR-23.24-reduite.png","keywords":["Sport E.Leclerc Acad\u00e9mie : Jeunes \/ Formation"],"articleSection":["News","News 2023\/2024"],"inLanguage":"fr-FR"},{"@type":"WebPage","@id":"https:\/\/www.fcgueugnon.fr\/site\/sport-e-leclerc-academie-ophelie-meilleroux-sera-en-charge-de-notre-equipe-u16-r1\/5595","url":"https:\/\/www.fcgueugnon.fr\/site\/sport-e-leclerc-academie-ophelie-meilleroux-sera-en-charge-de-notre-equipe-u16-r1\/5595","name":"[Sport E.Leclerc Acad\u00e9mie] Oph\u00e9lie\u00a0Meilleroux sera en charge de notre \u00e9quipe U16 R1. &#8226; FOOTBALL CLUB GUEUGNON","isPartOf":{"@id":"https:\/\/www.fcgueugnon.fr\/site\/#website"},"primaryImageOfPage":{"@id":"https:\/\/www.fcgueugnon.fr\/site\/sport-e-leclerc-academie-ophelie-meilleroux-sera-en-charge-de-notre-equipe-u16-r1\/5595#primaryimage"},"image":{"@id":"https:\/\/www.fcgueugnon.fr\/site\/sport-e-leclerc-academie-ophelie-meilleroux-sera-en-charge-de-notre-equipe-u16-r1\/5595#primaryimage"},"thumbnailUrl":"https:\/\/www.fcgueugnon.fr\/site\/wp-content\/uploads\/2023\/07\/RECRUTEMENT-EDUCATREUR-23.24-reduite.png","datePublished":"2023-07-26T09:47:00+00:00","dateModified":"2023-10-23T07:34:38+00:00","breadcrumb":{"@id":"https:\/\/www.fcgueugnon.fr\/site\/sport-e-leclerc-academie-ophelie-meilleroux-sera-en-charge-de-notre-equipe-u16-r1\/5595#breadcrumb"},"inLanguage":"fr-FR","potentialAction":[{"@type":"ReadAction","target":["https:\/\/www.fcgueugnon.fr\/site\/sport-e-leclerc-academie-ophelie-meilleroux-sera-en-charge-de-notre-equipe-u16-r1\/5595"]}]},{"@type":"ImageObject","inLanguage":"fr-FR","@id":"https:\/\/www.fcgueugnon.fr\/site\/sport-e-leclerc-academie-ophelie-meilleroux-sera-en-charge-de-notre-equipe-u16-r1\/5595#primaryimage","url":"https:\/\/www.fcgueugnon.fr\/site\/wp-content\/uploads\/2023\/07\/RECRUTEMENT-EDUCATREUR-23.24-reduite.png","contentUrl":"https:\/\/www.fcgueugnon.fr\/site\/wp-content\/uploads\/2023\/07\/RECRUTEMENT-EDUCATREUR-23.24-reduite.png","width":2000,"height":2500},{"@type":"BreadcrumbList","@id":"https:\/\/www.fcgueugnon.fr\/site\/sport-e-leclerc-academie-ophelie-meilleroux-sera-en-charge-de-notre-equipe-u16-r1\/5595#breadcrumb","itemListElement":[{"@type":"ListItem","position":1,"name":"Accueil","item":"https:\/\/www.fcgueugnon.fr\/site\/"},{"@type":"ListItem","position":2,"name":"[Sport E.Leclerc Acad\u00e9mie] Oph\u00e9lie\u00a0Meilleroux sera en charge de notre \u00e9quipe U16 R1."}]},{"@type":"WebSite","@id":"https:\/\/www.fcgueugnon.fr\/site\/#website","url":"https:\/\/www.fcgueugnon.fr\/site\/","name":"FOOTBALL CLUB GUEUGNON","description":"Le Site Officiel des Forgerons","publisher":{"@id":"https:\/\/www.fcgueugnon.fr\/site\/#organization"},"potentialAction":[{"@type":"SearchAction","target":{"@type":"EntryPoint","urlTemplate":"https:\/\/www.fcgueugnon.fr\/site\/?s={search_term_string}"},"query-input":{"@type":"PropertyValueSpecification","valueRequired":true,"valueName":"search_term_string"}}],"inLanguage":"fr-FR"},{"@type":"Organization","@id":"https:\/\/www.fcgueugnon.fr\/site\/#organization","name":"FC Gueugnon","url":"https:\/\/www.fcgueugnon.fr\/site\/","logo":{"@type":"ImageObject","inLanguage":"fr-FR","@id":"https:\/\/www.fcgueugnon.fr\/site\/#\/schema\/logo\/image\/","url":"https:\/\/www.fcgueugnon.fr\/site\/wp-content\/uploads\/2022\/07\/cropped-Logo-FCGUEUGNON-low-350x350-1.png","contentUrl":"https:\/\/www.fcgueugnon.fr\/site\/wp-content\/uploads\/2022\/07\/cropped-Logo-FCGUEUGNON-low-350x350-1.png","width":350,"height":350,"caption":"FC Gueugnon"},"image":{"@id":"https:\/\/www.fcgueugnon.fr\/site\/#\/schema\/logo\/image\/"},"sameAs":["http:\/\/facebook.com\/FCGueugnon","https:\/\/x.com\/FCGueugnon_off","https:\/\/www.instagram.com\/fcgueugnon\/","https:\/\/www.linkedin.com\/company\/football-club-de-gueugnon\/","https:\/\/www.youtube.com\/user\/FCGueugnonnais","https:\/\/fr.wikipedia.org\/wiki\/Football_Club_de_Gueugnon"]},{"@type":"Person","@id":"https:\/\/www.fcgueugnon.fr\/site\/#\/schema\/person\/829630bfb5d6f3ebe4d296b75687c01a","name":"FC Gueugnon","url":"https:\/\/www.fcgueugnon.fr\/site\/author\/g-avin1"}]}},"rttpg_featured_image_url":{"full":["https:\/\/www.fcgueugnon.fr\/site\/wp-content\/uploads\/2023\/07\/RECRUTEMENT-EDUCATREUR-23.24-reduite.png",2000,2500,false],"landscape":["https:\/\/www.fcgueugnon.fr\/site\/wp-content\/uploads\/2023\/07\/RECRUTEMENT-EDUCATREUR-23.24-reduite.png",2000,2500,false],"portraits":["https:\/\/www.fcgueugnon.fr\/site\/wp-content\/uploads\/2023\/07\/RECRUTEMENT-EDUCATREUR-23.24-reduite.png",2000,2500,false],"thumbnail":["https:\/\/www.fcgueugnon.fr\/site\/wp-content\/uploads\/2023\/07\/RECRUTEMENT-EDUCATREUR-23.24-reduite-150x150.png",150,150,true],"medium":["https:\/\/www.fcgueugnon.fr\/site\/wp-content\/uploads\/2023\/07\/RECRUTEMENT-EDUCATREUR-23.24-reduite-320x400.png",320,400,true],"large":["https:\/\/www.fcgueugnon.fr\/site\/wp-content\/uploads\/2023\/07\/RECRUTEMENT-EDUCATREUR-23.24-reduite-819x1024.png",819,1024,true],"1536x1536":["https:\/\/www.fcgueugnon.fr\/site\/wp-content\/uploads\/2023\/07\/RECRUTEMENT-EDUCATREUR-23.24-reduite-1229x1536.png",1229,1536,true],"2048x2048":["https:\/\/www.fcgueugnon.fr\/site\/wp-content\/uploads\/2023\/07\/RECRUTEMENT-EDUCATREUR-23.24-reduite-1638x2048.png",1638,2048,true]},"rttpg_author":{"display_name":"FC Gueugnon","author_link":"https:\/\/www.fcgueugnon.fr\/site\/author\/g-avin1"},"rttpg_comment":0,"rttpg_category":"<a href=\"https:\/\/www.fcgueugnon.fr\/site\/category\/news\" rel=\"category tag\">News<\/a> <a href=\"https:\/\/www.fcgueugnon.fr\/site\/category\/news\/news-2023-2024\" rel=\"category tag\">News 2023\/2024<\/a>","rttpg_excerpt":"Le FC Gueugnon est heureux de vous annoncer l&rsquo;arriv\u00e9e de Oph\u00e9lie Meilleroux en tant que coach de l&rsquo;effectif U16. L&rsquo;\u00e9quipe \u00e9voluera de nouveau en R\u00e9gional 1 lors de cette nouvelle saison. Une impressionnante carri\u00e8re footballistique Apr\u00e8s avoir \u00e9t\u00e9 form\u00e9e au FF Yzeure puis au Centre de Formation de Clairefontaine, Oph\u00e9lie effectue ses d\u00e9buts en professionnel\u2026","_links":{"self":[{"href":"https:\/\/www.fcgueugnon.fr\/site\/wp-json\/wp\/v2\/posts\/5595","targetHints":{"allow":["GET"]}}],"collection":[{"href":"https:\/\/www.fcgueugnon.fr\/site\/wp-json\/wp\/v2\/posts"}],"about":[{"href":"https:\/\/www.fcgueugnon.fr\/site\/wp-json\/wp\/v2\/types\/post"}],"author":[{"embeddable":true,"href":"https:\/\/www.fcgueugnon.fr\/site\/wp-json\/wp\/v2\/users\/3"}],"replies":[{"embeddable":true,"href":"https:\/\/www.fcgueugnon.fr\/site\/wp-json\/wp\/v2\/comments?post=5595"}],"version-history":[{"count":3,"href":"https:\/\/www.fcgueugnon.fr\/site\/wp-json\/wp\/v2\/posts\/5595\/revisions"}],"predecessor-version":[{"id":5635,"href":"https:\/\/www.fcgueugnon.fr\/site\/wp-json\/wp\/v2\/posts\/5595\/revisions\/5635"}],"wp:featuredmedia":[{"embeddable":true,"href":"https:\/\/www.fcgueugnon.fr\/site\/wp-json\/wp\/v2\/media\/5634"}],"wp:attachment":[{"href":"https:\/\/www.fcgueugnon.fr\/site\/wp-json\/wp\/v2\/media?parent=5595"}],"wp:term":[{"taxonomy":"category","embeddable":true,"href":"https:\/\/www.fcgueugnon.fr\/site\/wp-json\/wp\/v2\/categories?post=5595"},{"taxonomy":"post_tag","embeddable":true,"href":"https:\/\/www.fcgueugnon.fr\/site\/wp-json\/wp\/v2\/tags?post=5595"}],"curies":[{"name":"wp","href":"https:\/\/api.w.org\/{rel}","templated":true}]}}