{"id":55410,"date":"2025-10-08T18:01:00","date_gmt":"2025-10-08T16:01:00","guid":{"rendered":"https:\/\/www.fcgueugnon.fr\/site\/?p=55410"},"modified":"2025-10-07T15:42:28","modified_gmt":"2025-10-07T13:42:28","slug":"foema-2025-le-forum-de-lorientation-et-de-lemploi-a-celebre-sa-10%e1%b5%89-edition","status":"publish","type":"post","link":"https:\/\/www.fcgueugnon.fr\/site\/foema-2025-le-forum-de-lorientation-et-de-lemploi-a-celebre-sa-10%e1%b5%89-edition\/55410","title":{"rendered":"[FOEMA 2025] Le Forum de l\u2019Orientation et de l\u2019Emploi a c\u00e9l\u00e8br\u00e9 sa 10\u1d49 \u00e9dition"},"content":{"rendered":"\n<h3 class=\"wp-block-heading\"><strong><strong><strong>La 10\u1d49 \u00e9dition du Forum de l\u2019Orientation, de l\u2019Emploi, des M\u00e9tiers et de l\u2019Apprentissage s\u2019est tenue ce <strong>vendredi 3 octobre 2025<\/strong>, au <strong>stade Jean Laville \u00e0 Gueugnon<\/strong>.<\/strong><\/strong><\/strong><\/h3>\n\n\n\n<div style=\"height:20px\" aria-hidden=\"true\" class=\"wp-block-spacer\"><\/div>\n\n\n\n<p>Cette nouvelle \u00e9dition, d\u00e9sormais bien ancr\u00e9e dans le paysage local, a une fois encore rencontr\u00e9 un v\u00e9ritable succ\u00e8s, confirmant l\u2019int\u00e9r\u00eat du public et des professionnels pour ce rendez-vous devenu incontournable.<\/p>\n\n\n\n<p>Tout au long de la matin\u00e9e, de 8h30 \u00e0 12h30, 59 exposants (entreprises, centres de formation et d&rsquo;apprentissage, institutions, acteurs de l\u2019emploi &#8230;) ont accueilli plus de 700 visiteurs venus s\u2019informer, \u00e9changer et construire leurs projets d\u2019avenir. Le forum a permis de mettre en lumi\u00e8re la diversit\u00e9 des m\u00e9tiers, les opportunit\u00e9s d\u2019emploi locales et les parcours de formation accessibles \u00e0 tous.<\/p>\n\n\n\n<p>Un temps fort a marqu\u00e9 la matin\u00e9e : une visite officielle des \u00e9lus \u00e0 11h15, suivie des discours institutionnels et d\u2019un cocktail d\u00e9jeunatoire r\u00e9unissant l\u2019ensemble des exposants, dans une ambiance conviviale et propice aux \u00e9changes.<\/p>\n\n\n\n<p>L\u2019\u00e9v\u00e9nement doit son succ\u00e8s \u00e0 la mobilisation et \u00e0 la collaboration de nombreux partenaires : la Mission Locale du Charolais, France Travail Digoin, la Ville de Gueugnon, la Communaut\u00e9 de Communes Entre Arroux Loire et Somme, le Conseil R\u00e9gional de Bourgogne Franche-Comt\u00e9 et le D\u00e9partement de Sa\u00f4ne-et-Loire.<\/p>\n\n\n\n<p>Un grand merci \u00e0 tous les participants, exposants et visiteurs, pour leur engagement, leur disponibilit\u00e9 et la qualit\u00e9 des \u00e9changes qui ont rythm\u00e9 cette belle matin\u00e9e consacr\u00e9e \u00e0 l\u2019orientation, \u00e0 l\u2019emploi et \u00e0 l\u2019apprentissage.<\/p>\n\n\n\n<div style=\"height:20px\" aria-hidden=\"true\" class=\"wp-block-spacer\"><\/div>\n\n\n\n<div style=\"height:20px\" aria-hidden=\"true\" class=\"wp-block-spacer\"><\/div>\n\n\n\n<figure class=\"wp-block-gallery has-nested-images columns-default is-cropped has-lightbox wp-block-gallery-1 is-layout-flex wp-block-gallery-is-layout-flex\">\n<figure class=\"wp-block-image size-full\"><img loading=\"lazy\" decoding=\"async\" width=\"2048\" height=\"2560\" data-id=\"55414\" src=\"https:\/\/www.fcgueugnon.fr\/site\/wp-content\/uploads\/2025\/10\/FEOMA-2025-3-scaled.jpg\" alt=\"\" class=\"wp-image-55414\" srcset=\"https:\/\/www.fcgueugnon.fr\/site\/wp-content\/uploads\/2025\/10\/FEOMA-2025-3-scaled.jpg 2048w, https:\/\/www.fcgueugnon.fr\/site\/wp-content\/uploads\/2025\/10\/FEOMA-2025-3-320x400.jpg 320w, https:\/\/www.fcgueugnon.fr\/site\/wp-content\/uploads\/2025\/10\/FEOMA-2025-3-819x1024.jpg 819w, https:\/\/www.fcgueugnon.fr\/site\/wp-content\/uploads\/2025\/10\/FEOMA-2025-3-768x960.jpg 768w, https:\/\/www.fcgueugnon.fr\/site\/wp-content\/uploads\/2025\/10\/FEOMA-2025-3-1229x1536.jpg 1229w, https:\/\/www.fcgueugnon.fr\/site\/wp-content\/uploads\/2025\/10\/FEOMA-2025-3-1638x2048.jpg 1638w\" sizes=\"auto, (max-width: 2048px) 100vw, 2048px\" \/><\/figure>\n\n\n\n<figure class=\"wp-block-image size-full\"><img loading=\"lazy\" decoding=\"async\" width=\"2000\" height=\"2500\" data-id=\"55411\" src=\"https:\/\/www.fcgueugnon.fr\/site\/wp-content\/uploads\/2025\/10\/FEOMA-2025-4.jpg\" alt=\"\" class=\"wp-image-55411\" srcset=\"https:\/\/www.fcgueugnon.fr\/site\/wp-content\/uploads\/2025\/10\/FEOMA-2025-4.jpg 2000w, https:\/\/www.fcgueugnon.fr\/site\/wp-content\/uploads\/2025\/10\/FEOMA-2025-4-320x400.jpg 320w, https:\/\/www.fcgueugnon.fr\/site\/wp-content\/uploads\/2025\/10\/FEOMA-2025-4-819x1024.jpg 819w, https:\/\/www.fcgueugnon.fr\/site\/wp-content\/uploads\/2025\/10\/FEOMA-2025-4-768x960.jpg 768w, https:\/\/www.fcgueugnon.fr\/site\/wp-content\/uploads\/2025\/10\/FEOMA-2025-4-1229x1536.jpg 1229w, https:\/\/www.fcgueugnon.fr\/site\/wp-content\/uploads\/2025\/10\/FEOMA-2025-4-1638x2048.jpg 1638w\" sizes=\"auto, (max-width: 2000px) 100vw, 2000px\" \/><\/figure>\n\n\n\n<figure class=\"wp-block-image size-full\"><img loading=\"lazy\" decoding=\"async\" width=\"2000\" height=\"2500\" data-id=\"55418\" src=\"https:\/\/www.fcgueugnon.fr\/site\/wp-content\/uploads\/2025\/10\/FEOMA-2025-5.jpg\" alt=\"\" class=\"wp-image-55418\" srcset=\"https:\/\/www.fcgueugnon.fr\/site\/wp-content\/uploads\/2025\/10\/FEOMA-2025-5.jpg 2000w, https:\/\/www.fcgueugnon.fr\/site\/wp-content\/uploads\/2025\/10\/FEOMA-2025-5-320x400.jpg 320w, https:\/\/www.fcgueugnon.fr\/site\/wp-content\/uploads\/2025\/10\/FEOMA-2025-5-819x1024.jpg 819w, https:\/\/www.fcgueugnon.fr\/site\/wp-content\/uploads\/2025\/10\/FEOMA-2025-5-768x960.jpg 768w, https:\/\/www.fcgueugnon.fr\/site\/wp-content\/uploads\/2025\/10\/FEOMA-2025-5-1229x1536.jpg 1229w, https:\/\/www.fcgueugnon.fr\/site\/wp-content\/uploads\/2025\/10\/FEOMA-2025-5-1638x2048.jpg 1638w\" sizes=\"auto, (max-width: 2000px) 100vw, 2000px\" \/><\/figure>\n\n\n\n<figure class=\"wp-block-image size-full\"><img loading=\"lazy\" decoding=\"async\" width=\"2048\" height=\"2560\" data-id=\"55412\" src=\"https:\/\/www.fcgueugnon.fr\/site\/wp-content\/uploads\/2025\/10\/FEOMA-2025-6-scaled.jpg\" alt=\"\" class=\"wp-image-55412\" srcset=\"https:\/\/www.fcgueugnon.fr\/site\/wp-content\/uploads\/2025\/10\/FEOMA-2025-6-scaled.jpg 2048w, https:\/\/www.fcgueugnon.fr\/site\/wp-content\/uploads\/2025\/10\/FEOMA-2025-6-320x400.jpg 320w, https:\/\/www.fcgueugnon.fr\/site\/wp-content\/uploads\/2025\/10\/FEOMA-2025-6-819x1024.jpg 819w, https:\/\/www.fcgueugnon.fr\/site\/wp-content\/uploads\/2025\/10\/FEOMA-2025-6-768x960.jpg 768w, https:\/\/www.fcgueugnon.fr\/site\/wp-content\/uploads\/2025\/10\/FEOMA-2025-6-1229x1536.jpg 1229w, https:\/\/www.fcgueugnon.fr\/site\/wp-content\/uploads\/2025\/10\/FEOMA-2025-6-1638x2048.jpg 1638w\" sizes=\"auto, (max-width: 2048px) 100vw, 2048px\" \/><\/figure>\n\n\n\n<figure class=\"wp-block-image size-full\"><img loading=\"lazy\" decoding=\"async\" width=\"2048\" height=\"2560\" data-id=\"55416\" src=\"https:\/\/www.fcgueugnon.fr\/site\/wp-content\/uploads\/2025\/10\/FEOMA-2025-7-scaled.jpg\" alt=\"\" class=\"wp-image-55416\" srcset=\"https:\/\/www.fcgueugnon.fr\/site\/wp-content\/uploads\/2025\/10\/FEOMA-2025-7-scaled.jpg 2048w, https:\/\/www.fcgueugnon.fr\/site\/wp-content\/uploads\/2025\/10\/FEOMA-2025-7-320x400.jpg 320w, https:\/\/www.fcgueugnon.fr\/site\/wp-content\/uploads\/2025\/10\/FEOMA-2025-7-819x1024.jpg 819w, https:\/\/www.fcgueugnon.fr\/site\/wp-content\/uploads\/2025\/10\/FEOMA-2025-7-768x960.jpg 768w, https:\/\/www.fcgueugnon.fr\/site\/wp-content\/uploads\/2025\/10\/FEOMA-2025-7-1229x1536.jpg 1229w, https:\/\/www.fcgueugnon.fr\/site\/wp-content\/uploads\/2025\/10\/FEOMA-2025-7-1638x2048.jpg 1638w\" sizes=\"auto, (max-width: 2048px) 100vw, 2048px\" \/><\/figure>\n\n\n\n<figure class=\"wp-block-image size-full\"><img loading=\"lazy\" decoding=\"async\" width=\"2048\" height=\"2560\" data-id=\"55413\" src=\"https:\/\/www.fcgueugnon.fr\/site\/wp-content\/uploads\/2025\/10\/FEOMA-2025-8-scaled.jpg\" alt=\"\" class=\"wp-image-55413\" srcset=\"https:\/\/www.fcgueugnon.fr\/site\/wp-content\/uploads\/2025\/10\/FEOMA-2025-8-scaled.jpg 2048w, https:\/\/www.fcgueugnon.fr\/site\/wp-content\/uploads\/2025\/10\/FEOMA-2025-8-320x400.jpg 320w, https:\/\/www.fcgueugnon.fr\/site\/wp-content\/uploads\/2025\/10\/FEOMA-2025-8-819x1024.jpg 819w, https:\/\/www.fcgueugnon.fr\/site\/wp-content\/uploads\/2025\/10\/FEOMA-2025-8-768x960.jpg 768w, https:\/\/www.fcgueugnon.fr\/site\/wp-content\/uploads\/2025\/10\/FEOMA-2025-8-1229x1536.jpg 1229w, https:\/\/www.fcgueugnon.fr\/site\/wp-content\/uploads\/2025\/10\/FEOMA-2025-8-1638x2048.jpg 1638w\" sizes=\"auto, (max-width: 2048px) 100vw, 2048px\" \/><\/figure>\n\n\n\n<figure class=\"wp-block-image size-full\"><img loading=\"lazy\" decoding=\"async\" width=\"2048\" height=\"2560\" data-id=\"55415\" src=\"https:\/\/www.fcgueugnon.fr\/site\/wp-content\/uploads\/2025\/10\/FEOMA-2025-9-scaled.jpg\" alt=\"\" class=\"wp-image-55415\" srcset=\"https:\/\/www.fcgueugnon.fr\/site\/wp-content\/uploads\/2025\/10\/FEOMA-2025-9-scaled.jpg 2048w, https:\/\/www.fcgueugnon.fr\/site\/wp-content\/uploads\/2025\/10\/FEOMA-2025-9-320x400.jpg 320w, https:\/\/www.fcgueugnon.fr\/site\/wp-content\/uploads\/2025\/10\/FEOMA-2025-9-819x1024.jpg 819w, https:\/\/www.fcgueugnon.fr\/site\/wp-content\/uploads\/2025\/10\/FEOMA-2025-9-768x960.jpg 768w, https:\/\/www.fcgueugnon.fr\/site\/wp-content\/uploads\/2025\/10\/FEOMA-2025-9-1229x1536.jpg 1229w, https:\/\/www.fcgueugnon.fr\/site\/wp-content\/uploads\/2025\/10\/FEOMA-2025-9-1638x2048.jpg 1638w\" sizes=\"auto, (max-width: 2048px) 100vw, 2048px\" \/><\/figure>\n\n\n\n<figure class=\"wp-block-image size-full\"><img loading=\"lazy\" decoding=\"async\" width=\"2048\" height=\"2560\" data-id=\"55417\" src=\"https:\/\/www.fcgueugnon.fr\/site\/wp-content\/uploads\/2025\/10\/FEOMA-2025-10-scaled.jpg\" alt=\"\" class=\"wp-image-55417\" srcset=\"https:\/\/www.fcgueugnon.fr\/site\/wp-content\/uploads\/2025\/10\/FEOMA-2025-10-scaled.jpg 2048w, https:\/\/www.fcgueugnon.fr\/site\/wp-content\/uploads\/2025\/10\/FEOMA-2025-10-320x400.jpg 320w, https:\/\/www.fcgueugnon.fr\/site\/wp-content\/uploads\/2025\/10\/FEOMA-2025-10-819x1024.jpg 819w, https:\/\/www.fcgueugnon.fr\/site\/wp-content\/uploads\/2025\/10\/FEOMA-2025-10-768x960.jpg 768w, https:\/\/www.fcgueugnon.fr\/site\/wp-content\/uploads\/2025\/10\/FEOMA-2025-10-1229x1536.jpg 1229w, https:\/\/www.fcgueugnon.fr\/site\/wp-content\/uploads\/2025\/10\/FEOMA-2025-10-1638x2048.jpg 1638w\" sizes=\"auto, (max-width: 2048px) 100vw, 2048px\" \/><\/figure>\n\n\n\n<figure class=\"wp-block-image size-full\"><img loading=\"lazy\" decoding=\"async\" width=\"2048\" height=\"2560\" data-id=\"55420\" src=\"https:\/\/www.fcgueugnon.fr\/site\/wp-content\/uploads\/2025\/10\/FEOMA-2025-1-scaled.jpg\" alt=\"\" class=\"wp-image-55420\" srcset=\"https:\/\/www.fcgueugnon.fr\/site\/wp-content\/uploads\/2025\/10\/FEOMA-2025-1-scaled.jpg 2048w, https:\/\/www.fcgueugnon.fr\/site\/wp-content\/uploads\/2025\/10\/FEOMA-2025-1-320x400.jpg 320w, https:\/\/www.fcgueugnon.fr\/site\/wp-content\/uploads\/2025\/10\/FEOMA-2025-1-819x1024.jpg 819w, https:\/\/www.fcgueugnon.fr\/site\/wp-content\/uploads\/2025\/10\/FEOMA-2025-1-768x960.jpg 768w, https:\/\/www.fcgueugnon.fr\/site\/wp-content\/uploads\/2025\/10\/FEOMA-2025-1-1229x1536.jpg 1229w, https:\/\/www.fcgueugnon.fr\/site\/wp-content\/uploads\/2025\/10\/FEOMA-2025-1-1638x2048.jpg 1638w\" sizes=\"auto, (max-width: 2048px) 100vw, 2048px\" \/><\/figure>\n<\/figure>\n\n\n\n<p><\/p>\n","protected":false},"excerpt":{"rendered":"<p>La 10\u1d49 \u00e9dition du Forum de l\u2019Orientation, de l\u2019Emploi, des M\u00e9tiers et de l\u2019Apprentissage s\u2019est tenue ce vendredi 3 octobre 2025, au stade Jean Laville \u00e0 Gueugnon. Cette nouvelle \u00e9dition, d\u00e9sormais bien ancr\u00e9e dans le paysage local, a une fois encore rencontr\u00e9 un v\u00e9ritable succ\u00e8s, confirmant l\u2019int\u00e9r\u00eat du public et des professionnels pour ce rendez-vous &#8230; <\/p>\n<p class=\"read-more-container\"><a title=\"[FOEMA 2025] Le Forum de l\u2019Orientation et de l\u2019Emploi a c\u00e9l\u00e8br\u00e9 sa 10\u1d49 \u00e9dition\" class=\"read-more button\" href=\"https:\/\/www.fcgueugnon.fr\/site\/foema-2025-le-forum-de-lorientation-et-de-lemploi-a-celebre-sa-10%e1%b5%89-edition\/55410#more-55410\" aria-label=\"Plus sur [FOEMA 2025] Le Forum de l\u2019Orientation et de l\u2019Emploi a c\u00e9l\u00e8br\u00e9 sa 10\u1d49 \u00e9dition\">Lire la suite<\/a><\/p>\n","protected":false},"author":3,"featured_media":55419,"comment_status":"closed","ping_status":"closed","sticky":true,"template":"","format":"standard","meta":{"footnotes":""},"categories":[4,118],"tags":[34],"class_list":["post-55410","post","type-post","status-publish","format-standard","has-post-thumbnail","hentry","category-news","category-news-2025-2026","tag-extra-sportif","infinite-scroll-item","generate-columns","tablet-grid-50","mobile-grid-100","grid-parent","grid-25","resize-featured-image"],"yoast_head":"<!-- This site is optimized with the Yoast SEO plugin v26.6 - https:\/\/yoast.com\/wordpress\/plugins\/seo\/ -->\n<title>[FOEMA 2025] Le Forum de l\u2019Orientation et de l\u2019Emploi a c\u00e9l\u00e8br\u00e9 sa 10\u1d49 \u00e9dition &#8226; FOOTBALL CLUB GUEUGNON<\/title>\n<meta name=\"robots\" content=\"index, follow, max-snippet:-1, max-image-preview:large, max-video-preview:-1\" \/>\n<link rel=\"canonical\" href=\"https:\/\/www.fcgueugnon.fr\/site\/foema-2025-le-forum-de-lorientation-et-de-lemploi-a-celebre-sa-10\u1d49-edition\/55410\" \/>\n<meta property=\"og:locale\" content=\"fr_FR\" \/>\n<meta property=\"og:type\" content=\"article\" \/>\n<meta property=\"og:title\" content=\"[FOEMA 2025] Le Forum de l\u2019Orientation et de l\u2019Emploi a c\u00e9l\u00e8br\u00e9 sa 10\u1d49 \u00e9dition &#8226; FOOTBALL CLUB GUEUGNON\" \/>\n<meta property=\"og:description\" content=\"La 10\u1d49 \u00e9dition du Forum de l\u2019Orientation, de l\u2019Emploi, des M\u00e9tiers et de l\u2019Apprentissage s\u2019est tenue ce vendredi 3 octobre 2025, au stade Jean Laville \u00e0 Gueugnon. Cette nouvelle \u00e9dition, d\u00e9sormais bien ancr\u00e9e dans le paysage local, a une fois encore rencontr\u00e9 un v\u00e9ritable succ\u00e8s, confirmant l\u2019int\u00e9r\u00eat du public et des professionnels pour ce rendez-vous ... Lire la suite\" \/>\n<meta property=\"og:url\" content=\"https:\/\/www.fcgueugnon.fr\/site\/foema-2025-le-forum-de-lorientation-et-de-lemploi-a-celebre-sa-10\u1d49-edition\/55410\" \/>\n<meta property=\"og:site_name\" content=\"FOOTBALL CLUB GUEUGNON\" \/>\n<meta property=\"article:publisher\" content=\"http:\/\/facebook.com\/FCGueugnon\" \/>\n<meta property=\"article:published_time\" content=\"2025-10-08T16:01:00+00:00\" \/>\n<meta property=\"og:image\" content=\"https:\/\/www.fcgueugnon.fr\/site\/wp-content\/uploads\/2025\/10\/FEOMA-2025-11-scaled.jpg\" \/>\n\t<meta property=\"og:image:width\" content=\"2048\" \/>\n\t<meta property=\"og:image:height\" content=\"2560\" \/>\n\t<meta property=\"og:image:type\" content=\"image\/jpeg\" \/>\n<meta name=\"author\" content=\"FC Gueugnon\" \/>\n<meta name=\"twitter:card\" content=\"summary_large_image\" \/>\n<meta name=\"twitter:creator\" content=\"@FCGueugnon_off\" \/>\n<meta name=\"twitter:site\" content=\"@FCGueugnon_off\" \/>\n<meta name=\"twitter:label1\" content=\"\u00c9crit par\" \/>\n\t<meta name=\"twitter:data1\" content=\"FC Gueugnon\" \/>\n\t<meta name=\"twitter:label2\" content=\"Dur\u00e9e de lecture estim\u00e9e\" \/>\n\t<meta name=\"twitter:data2\" content=\"4 minutes\" \/>\n<script type=\"application\/ld+json\" class=\"yoast-schema-graph\">{\"@context\":\"https:\/\/schema.org\",\"@graph\":[{\"@type\":\"Article\",\"@id\":\"https:\/\/www.fcgueugnon.fr\/site\/foema-2025-le-forum-de-lorientation-et-de-lemploi-a-celebre-sa-10%e1%b5%89-edition\/55410#article\",\"isPartOf\":{\"@id\":\"https:\/\/www.fcgueugnon.fr\/site\/foema-2025-le-forum-de-lorientation-et-de-lemploi-a-celebre-sa-10%e1%b5%89-edition\/55410\"},\"author\":{\"name\":\"FC Gueugnon\",\"@id\":\"https:\/\/www.fcgueugnon.fr\/site\/#\/schema\/person\/829630bfb5d6f3ebe4d296b75687c01a\"},\"headline\":\"[FOEMA 2025] Le Forum de l\u2019Orientation et de l\u2019Emploi a c\u00e9l\u00e8br\u00e9 sa 10\u1d49 \u00e9dition\",\"datePublished\":\"2025-10-08T16:01:00+00:00\",\"mainEntityOfPage\":{\"@id\":\"https:\/\/www.fcgueugnon.fr\/site\/foema-2025-le-forum-de-lorientation-et-de-lemploi-a-celebre-sa-10%e1%b5%89-edition\/55410\"},\"wordCount\":269,\"publisher\":{\"@id\":\"https:\/\/www.fcgueugnon.fr\/site\/#organization\"},\"image\":{\"@id\":\"https:\/\/www.fcgueugnon.fr\/site\/foema-2025-le-forum-de-lorientation-et-de-lemploi-a-celebre-sa-10%e1%b5%89-edition\/55410#primaryimage\"},\"thumbnailUrl\":\"https:\/\/www.fcgueugnon.fr\/site\/wp-content\/uploads\/2025\/10\/FEOMA-2025-11-scaled.jpg\",\"keywords\":[\"extra-sportif\"],\"articleSection\":[\"News\",\"News 2025\/2026\"],\"inLanguage\":\"fr-FR\"},{\"@type\":\"WebPage\",\"@id\":\"https:\/\/www.fcgueugnon.fr\/site\/foema-2025-le-forum-de-lorientation-et-de-lemploi-a-celebre-sa-10%e1%b5%89-edition\/55410\",\"url\":\"https:\/\/www.fcgueugnon.fr\/site\/foema-2025-le-forum-de-lorientation-et-de-lemploi-a-celebre-sa-10%e1%b5%89-edition\/55410\",\"name\":\"[FOEMA 2025] Le Forum de l\u2019Orientation et de l\u2019Emploi a c\u00e9l\u00e8br\u00e9 sa 10\u1d49 \u00e9dition &#8226; FOOTBALL CLUB GUEUGNON\",\"isPartOf\":{\"@id\":\"https:\/\/www.fcgueugnon.fr\/site\/#website\"},\"primaryImageOfPage\":{\"@id\":\"https:\/\/www.fcgueugnon.fr\/site\/foema-2025-le-forum-de-lorientation-et-de-lemploi-a-celebre-sa-10%e1%b5%89-edition\/55410#primaryimage\"},\"image\":{\"@id\":\"https:\/\/www.fcgueugnon.fr\/site\/foema-2025-le-forum-de-lorientation-et-de-lemploi-a-celebre-sa-10%e1%b5%89-edition\/55410#primaryimage\"},\"thumbnailUrl\":\"https:\/\/www.fcgueugnon.fr\/site\/wp-content\/uploads\/2025\/10\/FEOMA-2025-11-scaled.jpg\",\"datePublished\":\"2025-10-08T16:01:00+00:00\",\"breadcrumb\":{\"@id\":\"https:\/\/www.fcgueugnon.fr\/site\/foema-2025-le-forum-de-lorientation-et-de-lemploi-a-celebre-sa-10%e1%b5%89-edition\/55410#breadcrumb\"},\"inLanguage\":\"fr-FR\",\"potentialAction\":[{\"@type\":\"ReadAction\",\"target\":[\"https:\/\/www.fcgueugnon.fr\/site\/foema-2025-le-forum-de-lorientation-et-de-lemploi-a-celebre-sa-10%e1%b5%89-edition\/55410\"]}]},{\"@type\":\"ImageObject\",\"inLanguage\":\"fr-FR\",\"@id\":\"https:\/\/www.fcgueugnon.fr\/site\/foema-2025-le-forum-de-lorientation-et-de-lemploi-a-celebre-sa-10%e1%b5%89-edition\/55410#primaryimage\",\"url\":\"https:\/\/www.fcgueugnon.fr\/site\/wp-content\/uploads\/2025\/10\/FEOMA-2025-11-scaled.jpg\",\"contentUrl\":\"https:\/\/www.fcgueugnon.fr\/site\/wp-content\/uploads\/2025\/10\/FEOMA-2025-11-scaled.jpg\",\"width\":2048,\"height\":2560},{\"@type\":\"BreadcrumbList\",\"@id\":\"https:\/\/www.fcgueugnon.fr\/site\/foema-2025-le-forum-de-lorientation-et-de-lemploi-a-celebre-sa-10%e1%b5%89-edition\/55410#breadcrumb\",\"itemListElement\":[{\"@type\":\"ListItem\",\"position\":1,\"name\":\"Accueil\",\"item\":\"https:\/\/www.fcgueugnon.fr\/site\/\"},{\"@type\":\"ListItem\",\"position\":2,\"name\":\"[FOEMA 2025] Le Forum de l\u2019Orientation et de l\u2019Emploi a c\u00e9l\u00e8br\u00e9 sa 10\u1d49 \u00e9dition\"}]},{\"@type\":\"WebSite\",\"@id\":\"https:\/\/www.fcgueugnon.fr\/site\/#website\",\"url\":\"https:\/\/www.fcgueugnon.fr\/site\/\",\"name\":\"FOOTBALL CLUB GUEUGNON\",\"description\":\"Le Site Officiel des Forgerons\",\"publisher\":{\"@id\":\"https:\/\/www.fcgueugnon.fr\/site\/#organization\"},\"potentialAction\":[{\"@type\":\"SearchAction\",\"target\":{\"@type\":\"EntryPoint\",\"urlTemplate\":\"https:\/\/www.fcgueugnon.fr\/site\/?s={search_term_string}\"},\"query-input\":{\"@type\":\"PropertyValueSpecification\",\"valueRequired\":true,\"valueName\":\"search_term_string\"}}],\"inLanguage\":\"fr-FR\"},{\"@type\":\"Organization\",\"@id\":\"https:\/\/www.fcgueugnon.fr\/site\/#organization\",\"name\":\"FC Gueugnon\",\"url\":\"https:\/\/www.fcgueugnon.fr\/site\/\",\"logo\":{\"@type\":\"ImageObject\",\"inLanguage\":\"fr-FR\",\"@id\":\"https:\/\/www.fcgueugnon.fr\/site\/#\/schema\/logo\/image\/\",\"url\":\"https:\/\/www.fcgueugnon.fr\/site\/wp-content\/uploads\/2022\/07\/cropped-Logo-FCGUEUGNON-low-350x350-1.png\",\"contentUrl\":\"https:\/\/www.fcgueugnon.fr\/site\/wp-content\/uploads\/2022\/07\/cropped-Logo-FCGUEUGNON-low-350x350-1.png\",\"width\":350,\"height\":350,\"caption\":\"FC Gueugnon\"},\"image\":{\"@id\":\"https:\/\/www.fcgueugnon.fr\/site\/#\/schema\/logo\/image\/\"},\"sameAs\":[\"http:\/\/facebook.com\/FCGueugnon\",\"https:\/\/x.com\/FCGueugnon_off\",\"https:\/\/www.instagram.com\/fcgueugnon\/\",\"https:\/\/www.linkedin.com\/company\/football-club-de-gueugnon\/\",\"https:\/\/www.youtube.com\/user\/FCGueugnonnais\",\"https:\/\/fr.wikipedia.org\/wiki\/Football_Club_de_Gueugnon\"]},{\"@type\":\"Person\",\"@id\":\"https:\/\/www.fcgueugnon.fr\/site\/#\/schema\/person\/829630bfb5d6f3ebe4d296b75687c01a\",\"name\":\"FC Gueugnon\",\"url\":\"https:\/\/www.fcgueugnon.fr\/site\/author\/g-avin1\"}]}<\/script>\n<!-- \/ Yoast SEO plugin. -->","yoast_head_json":{"title":"[FOEMA 2025] Le Forum de l\u2019Orientation et de l\u2019Emploi a c\u00e9l\u00e8br\u00e9 sa 10\u1d49 \u00e9dition &#8226; FOOTBALL CLUB GUEUGNON","robots":{"index":"index","follow":"follow","max-snippet":"max-snippet:-1","max-image-preview":"max-image-preview:large","max-video-preview":"max-video-preview:-1"},"canonical":"https:\/\/www.fcgueugnon.fr\/site\/foema-2025-le-forum-de-lorientation-et-de-lemploi-a-celebre-sa-10\u1d49-edition\/55410","og_locale":"fr_FR","og_type":"article","og_title":"[FOEMA 2025] Le Forum de l\u2019Orientation et de l\u2019Emploi a c\u00e9l\u00e8br\u00e9 sa 10\u1d49 \u00e9dition &#8226; FOOTBALL CLUB GUEUGNON","og_description":"La 10\u1d49 \u00e9dition du Forum de l\u2019Orientation, de l\u2019Emploi, des M\u00e9tiers et de l\u2019Apprentissage s\u2019est tenue ce vendredi 3 octobre 2025, au stade Jean Laville \u00e0 Gueugnon. Cette nouvelle \u00e9dition, d\u00e9sormais bien ancr\u00e9e dans le paysage local, a une fois encore rencontr\u00e9 un v\u00e9ritable succ\u00e8s, confirmant l\u2019int\u00e9r\u00eat du public et des professionnels pour ce rendez-vous ... Lire la suite","og_url":"https:\/\/www.fcgueugnon.fr\/site\/foema-2025-le-forum-de-lorientation-et-de-lemploi-a-celebre-sa-10\u1d49-edition\/55410","og_site_name":"FOOTBALL CLUB GUEUGNON","article_publisher":"http:\/\/facebook.com\/FCGueugnon","article_published_time":"2025-10-08T16:01:00+00:00","og_image":[{"width":2048,"height":2560,"url":"https:\/\/www.fcgueugnon.fr\/site\/wp-content\/uploads\/2025\/10\/FEOMA-2025-11-scaled.jpg","type":"image\/jpeg"}],"author":"FC Gueugnon","twitter_card":"summary_large_image","twitter_creator":"@FCGueugnon_off","twitter_site":"@FCGueugnon_off","twitter_misc":{"\u00c9crit par":"FC Gueugnon","Dur\u00e9e de lecture estim\u00e9e":"4 minutes"},"schema":{"@context":"https:\/\/schema.org","@graph":[{"@type":"Article","@id":"https:\/\/www.fcgueugnon.fr\/site\/foema-2025-le-forum-de-lorientation-et-de-lemploi-a-celebre-sa-10%e1%b5%89-edition\/55410#article","isPartOf":{"@id":"https:\/\/www.fcgueugnon.fr\/site\/foema-2025-le-forum-de-lorientation-et-de-lemploi-a-celebre-sa-10%e1%b5%89-edition\/55410"},"author":{"name":"FC Gueugnon","@id":"https:\/\/www.fcgueugnon.fr\/site\/#\/schema\/person\/829630bfb5d6f3ebe4d296b75687c01a"},"headline":"[FOEMA 2025] Le Forum de l\u2019Orientation et de l\u2019Emploi a c\u00e9l\u00e8br\u00e9 sa 10\u1d49 \u00e9dition","datePublished":"2025-10-08T16:01:00+00:00","mainEntityOfPage":{"@id":"https:\/\/www.fcgueugnon.fr\/site\/foema-2025-le-forum-de-lorientation-et-de-lemploi-a-celebre-sa-10%e1%b5%89-edition\/55410"},"wordCount":269,"publisher":{"@id":"https:\/\/www.fcgueugnon.fr\/site\/#organization"},"image":{"@id":"https:\/\/www.fcgueugnon.fr\/site\/foema-2025-le-forum-de-lorientation-et-de-lemploi-a-celebre-sa-10%e1%b5%89-edition\/55410#primaryimage"},"thumbnailUrl":"https:\/\/www.fcgueugnon.fr\/site\/wp-content\/uploads\/2025\/10\/FEOMA-2025-11-scaled.jpg","keywords":["extra-sportif"],"articleSection":["News","News 2025\/2026"],"inLanguage":"fr-FR"},{"@type":"WebPage","@id":"https:\/\/www.fcgueugnon.fr\/site\/foema-2025-le-forum-de-lorientation-et-de-lemploi-a-celebre-sa-10%e1%b5%89-edition\/55410","url":"https:\/\/www.fcgueugnon.fr\/site\/foema-2025-le-forum-de-lorientation-et-de-lemploi-a-celebre-sa-10%e1%b5%89-edition\/55410","name":"[FOEMA 2025] Le Forum de l\u2019Orientation et de l\u2019Emploi a c\u00e9l\u00e8br\u00e9 sa 10\u1d49 \u00e9dition &#8226; FOOTBALL CLUB GUEUGNON","isPartOf":{"@id":"https:\/\/www.fcgueugnon.fr\/site\/#website"},"primaryImageOfPage":{"@id":"https:\/\/www.fcgueugnon.fr\/site\/foema-2025-le-forum-de-lorientation-et-de-lemploi-a-celebre-sa-10%e1%b5%89-edition\/55410#primaryimage"},"image":{"@id":"https:\/\/www.fcgueugnon.fr\/site\/foema-2025-le-forum-de-lorientation-et-de-lemploi-a-celebre-sa-10%e1%b5%89-edition\/55410#primaryimage"},"thumbnailUrl":"https:\/\/www.fcgueugnon.fr\/site\/wp-content\/uploads\/2025\/10\/FEOMA-2025-11-scaled.jpg","datePublished":"2025-10-08T16:01:00+00:00","breadcrumb":{"@id":"https:\/\/www.fcgueugnon.fr\/site\/foema-2025-le-forum-de-lorientation-et-de-lemploi-a-celebre-sa-10%e1%b5%89-edition\/55410#breadcrumb"},"inLanguage":"fr-FR","potentialAction":[{"@type":"ReadAction","target":["https:\/\/www.fcgueugnon.fr\/site\/foema-2025-le-forum-de-lorientation-et-de-lemploi-a-celebre-sa-10%e1%b5%89-edition\/55410"]}]},{"@type":"ImageObject","inLanguage":"fr-FR","@id":"https:\/\/www.fcgueugnon.fr\/site\/foema-2025-le-forum-de-lorientation-et-de-lemploi-a-celebre-sa-10%e1%b5%89-edition\/55410#primaryimage","url":"https:\/\/www.fcgueugnon.fr\/site\/wp-content\/uploads\/2025\/10\/FEOMA-2025-11-scaled.jpg","contentUrl":"https:\/\/www.fcgueugnon.fr\/site\/wp-content\/uploads\/2025\/10\/FEOMA-2025-11-scaled.jpg","width":2048,"height":2560},{"@type":"BreadcrumbList","@id":"https:\/\/www.fcgueugnon.fr\/site\/foema-2025-le-forum-de-lorientation-et-de-lemploi-a-celebre-sa-10%e1%b5%89-edition\/55410#breadcrumb","itemListElement":[{"@type":"ListItem","position":1,"name":"Accueil","item":"https:\/\/www.fcgueugnon.fr\/site\/"},{"@type":"ListItem","position":2,"name":"[FOEMA 2025] Le Forum de l\u2019Orientation et de l\u2019Emploi a c\u00e9l\u00e8br\u00e9 sa 10\u1d49 \u00e9dition"}]},{"@type":"WebSite","@id":"https:\/\/www.fcgueugnon.fr\/site\/#website","url":"https:\/\/www.fcgueugnon.fr\/site\/","name":"FOOTBALL CLUB GUEUGNON","description":"Le Site Officiel des Forgerons","publisher":{"@id":"https:\/\/www.fcgueugnon.fr\/site\/#organization"},"potentialAction":[{"@type":"SearchAction","target":{"@type":"EntryPoint","urlTemplate":"https:\/\/www.fcgueugnon.fr\/site\/?s={search_term_string}"},"query-input":{"@type":"PropertyValueSpecification","valueRequired":true,"valueName":"search_term_string"}}],"inLanguage":"fr-FR"},{"@type":"Organization","@id":"https:\/\/www.fcgueugnon.fr\/site\/#organization","name":"FC Gueugnon","url":"https:\/\/www.fcgueugnon.fr\/site\/","logo":{"@type":"ImageObject","inLanguage":"fr-FR","@id":"https:\/\/www.fcgueugnon.fr\/site\/#\/schema\/logo\/image\/","url":"https:\/\/www.fcgueugnon.fr\/site\/wp-content\/uploads\/2022\/07\/cropped-Logo-FCGUEUGNON-low-350x350-1.png","contentUrl":"https:\/\/www.fcgueugnon.fr\/site\/wp-content\/uploads\/2022\/07\/cropped-Logo-FCGUEUGNON-low-350x350-1.png","width":350,"height":350,"caption":"FC Gueugnon"},"image":{"@id":"https:\/\/www.fcgueugnon.fr\/site\/#\/schema\/logo\/image\/"},"sameAs":["http:\/\/facebook.com\/FCGueugnon","https:\/\/x.com\/FCGueugnon_off","https:\/\/www.instagram.com\/fcgueugnon\/","https:\/\/www.linkedin.com\/company\/football-club-de-gueugnon\/","https:\/\/www.youtube.com\/user\/FCGueugnonnais","https:\/\/fr.wikipedia.org\/wiki\/Football_Club_de_Gueugnon"]},{"@type":"Person","@id":"https:\/\/www.fcgueugnon.fr\/site\/#\/schema\/person\/829630bfb5d6f3ebe4d296b75687c01a","name":"FC Gueugnon","url":"https:\/\/www.fcgueugnon.fr\/site\/author\/g-avin1"}]}},"rttpg_featured_image_url":{"full":["https:\/\/www.fcgueugnon.fr\/site\/wp-content\/uploads\/2025\/10\/FEOMA-2025-11-scaled.jpg",2048,2560,false],"landscape":["https:\/\/www.fcgueugnon.fr\/site\/wp-content\/uploads\/2025\/10\/FEOMA-2025-11-scaled.jpg",2048,2560,false],"portraits":["https:\/\/www.fcgueugnon.fr\/site\/wp-content\/uploads\/2025\/10\/FEOMA-2025-11-scaled.jpg",2048,2560,false],"thumbnail":["https:\/\/www.fcgueugnon.fr\/site\/wp-content\/uploads\/2025\/10\/FEOMA-2025-11-150x150.jpg",150,150,true],"medium":["https:\/\/www.fcgueugnon.fr\/site\/wp-content\/uploads\/2025\/10\/FEOMA-2025-11-320x400.jpg",320,400,true],"large":["https:\/\/www.fcgueugnon.fr\/site\/wp-content\/uploads\/2025\/10\/FEOMA-2025-11-819x1024.jpg",819,1024,true],"1536x1536":["https:\/\/www.fcgueugnon.fr\/site\/wp-content\/uploads\/2025\/10\/FEOMA-2025-11-1229x1536.jpg",1229,1536,true],"2048x2048":["https:\/\/www.fcgueugnon.fr\/site\/wp-content\/uploads\/2025\/10\/FEOMA-2025-11-1638x2048.jpg",1638,2048,true]},"rttpg_author":{"display_name":"FC Gueugnon","author_link":"https:\/\/www.fcgueugnon.fr\/site\/author\/g-avin1"},"rttpg_comment":0,"rttpg_category":"<a href=\"https:\/\/www.fcgueugnon.fr\/site\/category\/news\" rel=\"category tag\">News<\/a> <a href=\"https:\/\/www.fcgueugnon.fr\/site\/category\/news\/news-2025-2026\" rel=\"category tag\">News 2025\/2026<\/a>","rttpg_excerpt":"La 10\u1d49 \u00e9dition du Forum de l\u2019Orientation, de l\u2019Emploi, des M\u00e9tiers et de l\u2019Apprentissage s\u2019est tenue ce vendredi 3 octobre 2025, au stade Jean Laville \u00e0 Gueugnon. Cette nouvelle \u00e9dition, d\u00e9sormais bien ancr\u00e9e dans le paysage local, a une fois encore rencontr\u00e9 un v\u00e9ritable succ\u00e8s, confirmant l\u2019int\u00e9r\u00eat du public et des professionnels pour ce rendez-vous\u2026","_links":{"self":[{"href":"https:\/\/www.fcgueugnon.fr\/site\/wp-json\/wp\/v2\/posts\/55410","targetHints":{"allow":["GET"]}}],"collection":[{"href":"https:\/\/www.fcgueugnon.fr\/site\/wp-json\/wp\/v2\/posts"}],"about":[{"href":"https:\/\/www.fcgueugnon.fr\/site\/wp-json\/wp\/v2\/types\/post"}],"author":[{"embeddable":true,"href":"https:\/\/www.fcgueugnon.fr\/site\/wp-json\/wp\/v2\/users\/3"}],"replies":[{"embeddable":true,"href":"https:\/\/www.fcgueugnon.fr\/site\/wp-json\/wp\/v2\/comments?post=55410"}],"version-history":[{"count":1,"href":"https:\/\/www.fcgueugnon.fr\/site\/wp-json\/wp\/v2\/posts\/55410\/revisions"}],"predecessor-version":[{"id":55421,"href":"https:\/\/www.fcgueugnon.fr\/site\/wp-json\/wp\/v2\/posts\/55410\/revisions\/55421"}],"wp:featuredmedia":[{"embeddable":true,"href":"https:\/\/www.fcgueugnon.fr\/site\/wp-json\/wp\/v2\/media\/55419"}],"wp:attachment":[{"href":"https:\/\/www.fcgueugnon.fr\/site\/wp-json\/wp\/v2\/media?parent=55410"}],"wp:term":[{"taxonomy":"category","embeddable":true,"href":"https:\/\/www.fcgueugnon.fr\/site\/wp-json\/wp\/v2\/categories?post=55410"},{"taxonomy":"post_tag","embeddable":true,"href":"https:\/\/www.fcgueugnon.fr\/site\/wp-json\/wp\/v2\/tags?post=55410"}],"curies":[{"name":"wp","href":"https:\/\/api.w.org\/{rel}","templated":true}]}}