{"id":554,"date":"2022-07-28T11:00:00","date_gmt":"2022-07-28T09:00:00","guid":{"rendered":"https:\/\/www.fcgueugnon.fr\/site\/?p=554"},"modified":"2022-08-12T22:58:16","modified_gmt":"2022-08-12T20:58:16","slug":"national-3-retour-sur-le-premier-match-de-preparation-face-a-moulins-yzeure-foot","status":"publish","type":"post","link":"https:\/\/www.fcgueugnon.fr\/site\/national-3-retour-sur-le-premier-match-de-preparation-face-a-moulins-yzeure-foot\/554","title":{"rendered":"[National 3] Retour sur le premier match de pr\u00e9paration face \u00e0 Moulins Yzeure Foot"},"content":{"rendered":"\n<h3 class=\"wp-block-heading\"><strong>Face \u00e0 un adversaire de qualit\u00e9 et plus avanc\u00e9 dans sa pr\u00e9paration, les forgerons s&rsquo;inclinent lors de cette premi\u00e8re sortie.<\/strong><\/h3>\n\n\n\n<div style=\"height:20px\" aria-hidden=\"true\" class=\"wp-block-spacer\"><\/div>\n\n\n<div class=\"wp-block-image\">\n<figure class=\"aligncenter size-large is-resized\"><img loading=\"lazy\" decoding=\"async\" src=\"https:\/\/www.fcgueugnon.fr\/site\/wp-content\/uploads\/2022\/08\/PrepaFCG-MYF-Gueugnon-1024x576.jpg\" alt=\"\" class=\"wp-image-555\" width=\"768\" height=\"432\" srcset=\"https:\/\/www.fcgueugnon.fr\/site\/wp-content\/uploads\/2022\/08\/PrepaFCG-MYF-Gueugnon-1024x576.jpg 1024w, https:\/\/www.fcgueugnon.fr\/site\/wp-content\/uploads\/2022\/08\/PrepaFCG-MYF-Gueugnon-400x225.jpg 400w, https:\/\/www.fcgueugnon.fr\/site\/wp-content\/uploads\/2022\/08\/PrepaFCG-MYF-Gueugnon-768x432.jpg 768w, https:\/\/www.fcgueugnon.fr\/site\/wp-content\/uploads\/2022\/08\/PrepaFCG-MYF-Gueugnon-1536x864.jpg 1536w, https:\/\/www.fcgueugnon.fr\/site\/wp-content\/uploads\/2022\/08\/PrepaFCG-MYF-Gueugnon.jpg 2048w\" sizes=\"auto, (max-width: 768px) 100vw, 768px\" \/><\/figure>\n<\/div>\n\n\n<div style=\"height:20px\" aria-hidden=\"true\" class=\"wp-block-spacer\"><\/div>\n\n\n\n<p>Apr\u00e8s une dizaine de jours de pr\u00e9paration o\u00f9 le travail physique a \u00e9t\u00e9 important, les forgerons se sont livr\u00e9s \u00e0 une premi\u00e8re opposition face \u00e0 Moulins Yzeure Foot. La formation de National 2 s&rsquo;est impos\u00e9e gr\u00e2ce \u00e0 des r\u00e9alisations de Diot, Sissoko, Kari, Sankoutcha et Brun.<\/p>\n\n\n\n<p>Malgr\u00e9 une bonne premi\u00e8re p\u00e9riode, les forgerons se font surprendre \u00e0 deux reprises sur coups de pieds arr\u00eat\u00e9s. Apr\u00e8s une revue d&rsquo;effectif pour le groupe forgeron, les locaux, qui avaient d\u00e9j\u00e0 3 matchs de pr\u00e9paration dans les jambes, aggravent le score \u00e0 5 buts \u00e0 0. Si le r\u00e9sultat est anecdotique, cette rencontre aura permis \u00e0 l&rsquo;ensemble de l&rsquo;effectif d&rsquo;engrenger du temps de jeu et de travailler les premiers automatismes.<\/p>\n\n\n\n<div style=\"height:20px\" aria-hidden=\"true\" class=\"wp-block-spacer\"><\/div>\n\n\n\n<p><strong>\u26bd&nbsp;<strong>Score final<\/strong><\/strong><\/p>\n\n\n\n<p><strong>\u00c0 Moulins, Stade Hector Rolland<\/strong><br>Moulins Yzeure Foot 5 &#8211; 0 FC Gueugnon<br>Buteurs : Diot, Sissoko, Kari, Sankoutcha et Brun<\/p>\n\n\n\n<div style=\"height:20px\" aria-hidden=\"true\" class=\"wp-block-spacer\"><\/div>\n\n\n\n<p>\ud83d\udfe1\ud83d\udd35&nbsp;<strong>Composition d\u2019\u00e9quipe<\/strong><\/p>\n\n\n\n<p><strong>Premi\u00e8re p\u00e9riode :<\/strong> Anthony Lamonge &#8211; Ibrahim Mohamed &#8211; Basile Delclaux &#8211; Jeremy Fahrasmane &#8211; Anthony Chauvet &#8211; Charles Houla &#8211; Taylor Salibur &#8211; Soni Mustivar &#8211; Nils Bouekou &#8211; Oumerou Dram\u00e9 &#8211; Erwan Mbock.<\/p>\n\n\n\n<p><strong>Seconde p\u00e9riode :<\/strong> Anthony Njock &#8211; Yanis Figueira &#8211; Lamin Helal &#8211; Hugo Ketterl\u00e9 &#8211; Sofiane Azerarak &#8211; Mouhamed Diallo &#8211; Isidore Mabwati &#8211; Arnaud Rollin &#8211; Raoul Brossard &#8211; Jason Luanda &#8211; Rassoul Ba.<\/p>\n","protected":false},"excerpt":{"rendered":"<p>Face \u00e0 un adversaire de qualit\u00e9 et plus avanc\u00e9 dans sa pr\u00e9paration, les forgerons s&rsquo;inclinent lors de cette premi\u00e8re sortie. Apr\u00e8s une dizaine de jours de pr\u00e9paration o\u00f9 le travail physique a \u00e9t\u00e9 important, les forgerons se sont livr\u00e9s \u00e0 une premi\u00e8re opposition face \u00e0 Moulins Yzeure Foot. La formation de National 2 s&rsquo;est impos\u00e9e &#8230; <\/p>\n<p class=\"read-more-container\"><a title=\"[National 3] Retour sur le premier match de pr\u00e9paration face \u00e0 Moulins Yzeure Foot\" class=\"read-more button\" href=\"https:\/\/www.fcgueugnon.fr\/site\/national-3-retour-sur-le-premier-match-de-preparation-face-a-moulins-yzeure-foot\/554#more-554\" aria-label=\"Plus sur [National 3] Retour sur le premier match de pr\u00e9paration face \u00e0 Moulins Yzeure Foot\">Lire la suite<\/a><\/p>\n","protected":false},"author":1,"featured_media":556,"comment_status":"closed","ping_status":"closed","sticky":false,"template":"","format":"standard","meta":{"footnotes":""},"categories":[5,4],"tags":[10],"class_list":["post-554","post","type-post","status-publish","format-standard","has-post-thumbnail","hentry","category-news-2022-2023","category-news","tag-preparation-entrainement","infinite-scroll-item","generate-columns","tablet-grid-50","mobile-grid-100","grid-parent","grid-25","resize-featured-image"],"yoast_head":"<!-- This site is optimized with the Yoast SEO plugin v26.6 - https:\/\/yoast.com\/wordpress\/plugins\/seo\/ -->\n<title>[National 3] Retour sur le premier match de pr\u00e9paration face \u00e0 Moulins Yzeure Foot &#8226; FOOTBALL CLUB GUEUGNON<\/title>\n<meta name=\"robots\" content=\"index, follow, max-snippet:-1, max-image-preview:large, max-video-preview:-1\" \/>\n<link rel=\"canonical\" href=\"https:\/\/www.fcgueugnon.fr\/site\/national-3-retour-sur-le-premier-match-de-preparation-face-a-moulins-yzeure-foot\/554\" \/>\n<meta property=\"og:locale\" content=\"fr_FR\" \/>\n<meta property=\"og:type\" content=\"article\" \/>\n<meta property=\"og:title\" content=\"[National 3] Retour sur le premier match de pr\u00e9paration face \u00e0 Moulins Yzeure Foot &#8226; FOOTBALL CLUB GUEUGNON\" \/>\n<meta property=\"og:description\" content=\"Face \u00e0 un adversaire de qualit\u00e9 et plus avanc\u00e9 dans sa pr\u00e9paration, les forgerons s&rsquo;inclinent lors de cette premi\u00e8re sortie. Apr\u00e8s une dizaine de jours de pr\u00e9paration o\u00f9 le travail physique a \u00e9t\u00e9 important, les forgerons se sont livr\u00e9s \u00e0 une premi\u00e8re opposition face \u00e0 Moulins Yzeure Foot. La formation de National 2 s&rsquo;est impos\u00e9e ... Lire la suite\" \/>\n<meta property=\"og:url\" content=\"https:\/\/www.fcgueugnon.fr\/site\/national-3-retour-sur-le-premier-match-de-preparation-face-a-moulins-yzeure-foot\/554\" \/>\n<meta property=\"og:site_name\" content=\"FOOTBALL CLUB GUEUGNON\" \/>\n<meta property=\"article:publisher\" content=\"http:\/\/facebook.com\/FCGueugnon\" \/>\n<meta property=\"article:published_time\" content=\"2022-07-28T09:00:00+00:00\" \/>\n<meta property=\"article:modified_time\" content=\"2022-08-12T20:58:16+00:00\" \/>\n<meta property=\"og:image\" content=\"https:\/\/www.fcgueugnon.fr\/site\/wp-content\/uploads\/2022\/08\/Resultat-prepaFCG-MYF-FCG-1024x1024.png\" \/>\n\t<meta property=\"og:image:width\" content=\"1024\" \/>\n\t<meta property=\"og:image:height\" content=\"1024\" \/>\n\t<meta property=\"og:image:type\" content=\"image\/png\" \/>\n<meta name=\"author\" content=\"FC Gueugnon\" \/>\n<meta name=\"twitter:card\" content=\"summary_large_image\" \/>\n<meta name=\"twitter:creator\" content=\"@FCGueugnon_off\" \/>\n<meta name=\"twitter:site\" content=\"@FCGueugnon_off\" \/>\n<meta name=\"twitter:label1\" content=\"\u00c9crit par\" \/>\n\t<meta name=\"twitter:data1\" content=\"FC Gueugnon\" \/>\n\t<meta name=\"twitter:label2\" content=\"Dur\u00e9e de lecture estim\u00e9e\" \/>\n\t<meta name=\"twitter:data2\" content=\"2 minutes\" \/>\n<script type=\"application\/ld+json\" class=\"yoast-schema-graph\">{\"@context\":\"https:\/\/schema.org\",\"@graph\":[{\"@type\":\"Article\",\"@id\":\"https:\/\/www.fcgueugnon.fr\/site\/national-3-retour-sur-le-premier-match-de-preparation-face-a-moulins-yzeure-foot\/554#article\",\"isPartOf\":{\"@id\":\"https:\/\/www.fcgueugnon.fr\/site\/national-3-retour-sur-le-premier-match-de-preparation-face-a-moulins-yzeure-foot\/554\"},\"author\":{\"name\":\"FC Gueugnon\",\"@id\":\"https:\/\/www.fcgueugnon.fr\/site\/#\/schema\/person\/f6444fbdd35fa731ee974c03508738fb\"},\"headline\":\"[National 3] Retour sur le premier match de pr\u00e9paration face \u00e0 Moulins Yzeure Foot\",\"datePublished\":\"2022-07-28T09:00:00+00:00\",\"dateModified\":\"2022-08-12T20:58:16+00:00\",\"mainEntityOfPage\":{\"@id\":\"https:\/\/www.fcgueugnon.fr\/site\/national-3-retour-sur-le-premier-match-de-preparation-face-a-moulins-yzeure-foot\/554\"},\"wordCount\":254,\"publisher\":{\"@id\":\"https:\/\/www.fcgueugnon.fr\/site\/#organization\"},\"image\":{\"@id\":\"https:\/\/www.fcgueugnon.fr\/site\/national-3-retour-sur-le-premier-match-de-preparation-face-a-moulins-yzeure-foot\/554#primaryimage\"},\"thumbnailUrl\":\"https:\/\/www.fcgueugnon.fr\/site\/wp-content\/uploads\/2022\/08\/Resultat-prepaFCG-MYF-FCG.png\",\"keywords\":[\"Pr\u00e9paration - Entrainement\"],\"articleSection\":[\"Archives 2022\/2023\",\"News\"],\"inLanguage\":\"fr-FR\"},{\"@type\":\"WebPage\",\"@id\":\"https:\/\/www.fcgueugnon.fr\/site\/national-3-retour-sur-le-premier-match-de-preparation-face-a-moulins-yzeure-foot\/554\",\"url\":\"https:\/\/www.fcgueugnon.fr\/site\/national-3-retour-sur-le-premier-match-de-preparation-face-a-moulins-yzeure-foot\/554\",\"name\":\"[National 3] Retour sur le premier match de pr\u00e9paration face \u00e0 Moulins Yzeure Foot &#8226; FOOTBALL CLUB GUEUGNON\",\"isPartOf\":{\"@id\":\"https:\/\/www.fcgueugnon.fr\/site\/#website\"},\"primaryImageOfPage\":{\"@id\":\"https:\/\/www.fcgueugnon.fr\/site\/national-3-retour-sur-le-premier-match-de-preparation-face-a-moulins-yzeure-foot\/554#primaryimage\"},\"image\":{\"@id\":\"https:\/\/www.fcgueugnon.fr\/site\/national-3-retour-sur-le-premier-match-de-preparation-face-a-moulins-yzeure-foot\/554#primaryimage\"},\"thumbnailUrl\":\"https:\/\/www.fcgueugnon.fr\/site\/wp-content\/uploads\/2022\/08\/Resultat-prepaFCG-MYF-FCG.png\",\"datePublished\":\"2022-07-28T09:00:00+00:00\",\"dateModified\":\"2022-08-12T20:58:16+00:00\",\"breadcrumb\":{\"@id\":\"https:\/\/www.fcgueugnon.fr\/site\/national-3-retour-sur-le-premier-match-de-preparation-face-a-moulins-yzeure-foot\/554#breadcrumb\"},\"inLanguage\":\"fr-FR\",\"potentialAction\":[{\"@type\":\"ReadAction\",\"target\":[\"https:\/\/www.fcgueugnon.fr\/site\/national-3-retour-sur-le-premier-match-de-preparation-face-a-moulins-yzeure-foot\/554\"]}]},{\"@type\":\"ImageObject\",\"inLanguage\":\"fr-FR\",\"@id\":\"https:\/\/www.fcgueugnon.fr\/site\/national-3-retour-sur-le-premier-match-de-preparation-face-a-moulins-yzeure-foot\/554#primaryimage\",\"url\":\"https:\/\/www.fcgueugnon.fr\/site\/wp-content\/uploads\/2022\/08\/Resultat-prepaFCG-MYF-FCG.png\",\"contentUrl\":\"https:\/\/www.fcgueugnon.fr\/site\/wp-content\/uploads\/2022\/08\/Resultat-prepaFCG-MYF-FCG.png\",\"width\":2000,\"height\":2000},{\"@type\":\"BreadcrumbList\",\"@id\":\"https:\/\/www.fcgueugnon.fr\/site\/national-3-retour-sur-le-premier-match-de-preparation-face-a-moulins-yzeure-foot\/554#breadcrumb\",\"itemListElement\":[{\"@type\":\"ListItem\",\"position\":1,\"name\":\"Accueil\",\"item\":\"https:\/\/www.fcgueugnon.fr\/site\/\"},{\"@type\":\"ListItem\",\"position\":2,\"name\":\"[National 3] Retour sur le premier match de pr\u00e9paration face \u00e0 Moulins Yzeure Foot\"}]},{\"@type\":\"WebSite\",\"@id\":\"https:\/\/www.fcgueugnon.fr\/site\/#website\",\"url\":\"https:\/\/www.fcgueugnon.fr\/site\/\",\"name\":\"FOOTBALL CLUB GUEUGNON\",\"description\":\"Le Site Officiel des Forgerons\",\"publisher\":{\"@id\":\"https:\/\/www.fcgueugnon.fr\/site\/#organization\"},\"potentialAction\":[{\"@type\":\"SearchAction\",\"target\":{\"@type\":\"EntryPoint\",\"urlTemplate\":\"https:\/\/www.fcgueugnon.fr\/site\/?s={search_term_string}\"},\"query-input\":{\"@type\":\"PropertyValueSpecification\",\"valueRequired\":true,\"valueName\":\"search_term_string\"}}],\"inLanguage\":\"fr-FR\"},{\"@type\":\"Organization\",\"@id\":\"https:\/\/www.fcgueugnon.fr\/site\/#organization\",\"name\":\"FC Gueugnon\",\"url\":\"https:\/\/www.fcgueugnon.fr\/site\/\",\"logo\":{\"@type\":\"ImageObject\",\"inLanguage\":\"fr-FR\",\"@id\":\"https:\/\/www.fcgueugnon.fr\/site\/#\/schema\/logo\/image\/\",\"url\":\"https:\/\/www.fcgueugnon.fr\/site\/wp-content\/uploads\/2022\/07\/cropped-Logo-FCGUEUGNON-low-350x350-1.png\",\"contentUrl\":\"https:\/\/www.fcgueugnon.fr\/site\/wp-content\/uploads\/2022\/07\/cropped-Logo-FCGUEUGNON-low-350x350-1.png\",\"width\":350,\"height\":350,\"caption\":\"FC Gueugnon\"},\"image\":{\"@id\":\"https:\/\/www.fcgueugnon.fr\/site\/#\/schema\/logo\/image\/\"},\"sameAs\":[\"http:\/\/facebook.com\/FCGueugnon\",\"https:\/\/x.com\/FCGueugnon_off\",\"https:\/\/www.instagram.com\/fcgueugnon\/\",\"https:\/\/www.linkedin.com\/company\/football-club-de-gueugnon\/\",\"https:\/\/www.youtube.com\/user\/FCGueugnonnais\",\"https:\/\/fr.wikipedia.org\/wiki\/Football_Club_de_Gueugnon\"]},{\"@type\":\"Person\",\"@id\":\"https:\/\/www.fcgueugnon.fr\/site\/#\/schema\/person\/f6444fbdd35fa731ee974c03508738fb\",\"name\":\"FC Gueugnon\",\"sameAs\":[\"https:\/\/www.fcgueugnon.fr\/site\"],\"url\":\"https:\/\/www.fcgueugnon.fr\/site\/author\/admin-antho\"}]}<\/script>\n<!-- \/ Yoast SEO plugin. -->","yoast_head_json":{"title":"[National 3] Retour sur le premier match de pr\u00e9paration face \u00e0 Moulins Yzeure Foot &#8226; FOOTBALL CLUB GUEUGNON","robots":{"index":"index","follow":"follow","max-snippet":"max-snippet:-1","max-image-preview":"max-image-preview:large","max-video-preview":"max-video-preview:-1"},"canonical":"https:\/\/www.fcgueugnon.fr\/site\/national-3-retour-sur-le-premier-match-de-preparation-face-a-moulins-yzeure-foot\/554","og_locale":"fr_FR","og_type":"article","og_title":"[National 3] Retour sur le premier match de pr\u00e9paration face \u00e0 Moulins Yzeure Foot &#8226; FOOTBALL CLUB GUEUGNON","og_description":"Face \u00e0 un adversaire de qualit\u00e9 et plus avanc\u00e9 dans sa pr\u00e9paration, les forgerons s&rsquo;inclinent lors de cette premi\u00e8re sortie. Apr\u00e8s une dizaine de jours de pr\u00e9paration o\u00f9 le travail physique a \u00e9t\u00e9 important, les forgerons se sont livr\u00e9s \u00e0 une premi\u00e8re opposition face \u00e0 Moulins Yzeure Foot. La formation de National 2 s&rsquo;est impos\u00e9e ... Lire la suite","og_url":"https:\/\/www.fcgueugnon.fr\/site\/national-3-retour-sur-le-premier-match-de-preparation-face-a-moulins-yzeure-foot\/554","og_site_name":"FOOTBALL CLUB GUEUGNON","article_publisher":"http:\/\/facebook.com\/FCGueugnon","article_published_time":"2022-07-28T09:00:00+00:00","article_modified_time":"2022-08-12T20:58:16+00:00","og_image":[{"width":1024,"height":1024,"url":"https:\/\/www.fcgueugnon.fr\/site\/wp-content\/uploads\/2022\/08\/Resultat-prepaFCG-MYF-FCG-1024x1024.png","type":"image\/png"}],"author":"FC Gueugnon","twitter_card":"summary_large_image","twitter_creator":"@FCGueugnon_off","twitter_site":"@FCGueugnon_off","twitter_misc":{"\u00c9crit par":"FC Gueugnon","Dur\u00e9e de lecture estim\u00e9e":"2 minutes"},"schema":{"@context":"https:\/\/schema.org","@graph":[{"@type":"Article","@id":"https:\/\/www.fcgueugnon.fr\/site\/national-3-retour-sur-le-premier-match-de-preparation-face-a-moulins-yzeure-foot\/554#article","isPartOf":{"@id":"https:\/\/www.fcgueugnon.fr\/site\/national-3-retour-sur-le-premier-match-de-preparation-face-a-moulins-yzeure-foot\/554"},"author":{"name":"FC Gueugnon","@id":"https:\/\/www.fcgueugnon.fr\/site\/#\/schema\/person\/f6444fbdd35fa731ee974c03508738fb"},"headline":"[National 3] Retour sur le premier match de pr\u00e9paration face \u00e0 Moulins Yzeure Foot","datePublished":"2022-07-28T09:00:00+00:00","dateModified":"2022-08-12T20:58:16+00:00","mainEntityOfPage":{"@id":"https:\/\/www.fcgueugnon.fr\/site\/national-3-retour-sur-le-premier-match-de-preparation-face-a-moulins-yzeure-foot\/554"},"wordCount":254,"publisher":{"@id":"https:\/\/www.fcgueugnon.fr\/site\/#organization"},"image":{"@id":"https:\/\/www.fcgueugnon.fr\/site\/national-3-retour-sur-le-premier-match-de-preparation-face-a-moulins-yzeure-foot\/554#primaryimage"},"thumbnailUrl":"https:\/\/www.fcgueugnon.fr\/site\/wp-content\/uploads\/2022\/08\/Resultat-prepaFCG-MYF-FCG.png","keywords":["Pr\u00e9paration - Entrainement"],"articleSection":["Archives 2022\/2023","News"],"inLanguage":"fr-FR"},{"@type":"WebPage","@id":"https:\/\/www.fcgueugnon.fr\/site\/national-3-retour-sur-le-premier-match-de-preparation-face-a-moulins-yzeure-foot\/554","url":"https:\/\/www.fcgueugnon.fr\/site\/national-3-retour-sur-le-premier-match-de-preparation-face-a-moulins-yzeure-foot\/554","name":"[National 3] Retour sur le premier match de pr\u00e9paration face \u00e0 Moulins Yzeure Foot &#8226; FOOTBALL CLUB GUEUGNON","isPartOf":{"@id":"https:\/\/www.fcgueugnon.fr\/site\/#website"},"primaryImageOfPage":{"@id":"https:\/\/www.fcgueugnon.fr\/site\/national-3-retour-sur-le-premier-match-de-preparation-face-a-moulins-yzeure-foot\/554#primaryimage"},"image":{"@id":"https:\/\/www.fcgueugnon.fr\/site\/national-3-retour-sur-le-premier-match-de-preparation-face-a-moulins-yzeure-foot\/554#primaryimage"},"thumbnailUrl":"https:\/\/www.fcgueugnon.fr\/site\/wp-content\/uploads\/2022\/08\/Resultat-prepaFCG-MYF-FCG.png","datePublished":"2022-07-28T09:00:00+00:00","dateModified":"2022-08-12T20:58:16+00:00","breadcrumb":{"@id":"https:\/\/www.fcgueugnon.fr\/site\/national-3-retour-sur-le-premier-match-de-preparation-face-a-moulins-yzeure-foot\/554#breadcrumb"},"inLanguage":"fr-FR","potentialAction":[{"@type":"ReadAction","target":["https:\/\/www.fcgueugnon.fr\/site\/national-3-retour-sur-le-premier-match-de-preparation-face-a-moulins-yzeure-foot\/554"]}]},{"@type":"ImageObject","inLanguage":"fr-FR","@id":"https:\/\/www.fcgueugnon.fr\/site\/national-3-retour-sur-le-premier-match-de-preparation-face-a-moulins-yzeure-foot\/554#primaryimage","url":"https:\/\/www.fcgueugnon.fr\/site\/wp-content\/uploads\/2022\/08\/Resultat-prepaFCG-MYF-FCG.png","contentUrl":"https:\/\/www.fcgueugnon.fr\/site\/wp-content\/uploads\/2022\/08\/Resultat-prepaFCG-MYF-FCG.png","width":2000,"height":2000},{"@type":"BreadcrumbList","@id":"https:\/\/www.fcgueugnon.fr\/site\/national-3-retour-sur-le-premier-match-de-preparation-face-a-moulins-yzeure-foot\/554#breadcrumb","itemListElement":[{"@type":"ListItem","position":1,"name":"Accueil","item":"https:\/\/www.fcgueugnon.fr\/site\/"},{"@type":"ListItem","position":2,"name":"[National 3] Retour sur le premier match de pr\u00e9paration face \u00e0 Moulins Yzeure Foot"}]},{"@type":"WebSite","@id":"https:\/\/www.fcgueugnon.fr\/site\/#website","url":"https:\/\/www.fcgueugnon.fr\/site\/","name":"FOOTBALL CLUB GUEUGNON","description":"Le Site Officiel des Forgerons","publisher":{"@id":"https:\/\/www.fcgueugnon.fr\/site\/#organization"},"potentialAction":[{"@type":"SearchAction","target":{"@type":"EntryPoint","urlTemplate":"https:\/\/www.fcgueugnon.fr\/site\/?s={search_term_string}"},"query-input":{"@type":"PropertyValueSpecification","valueRequired":true,"valueName":"search_term_string"}}],"inLanguage":"fr-FR"},{"@type":"Organization","@id":"https:\/\/www.fcgueugnon.fr\/site\/#organization","name":"FC Gueugnon","url":"https:\/\/www.fcgueugnon.fr\/site\/","logo":{"@type":"ImageObject","inLanguage":"fr-FR","@id":"https:\/\/www.fcgueugnon.fr\/site\/#\/schema\/logo\/image\/","url":"https:\/\/www.fcgueugnon.fr\/site\/wp-content\/uploads\/2022\/07\/cropped-Logo-FCGUEUGNON-low-350x350-1.png","contentUrl":"https:\/\/www.fcgueugnon.fr\/site\/wp-content\/uploads\/2022\/07\/cropped-Logo-FCGUEUGNON-low-350x350-1.png","width":350,"height":350,"caption":"FC Gueugnon"},"image":{"@id":"https:\/\/www.fcgueugnon.fr\/site\/#\/schema\/logo\/image\/"},"sameAs":["http:\/\/facebook.com\/FCGueugnon","https:\/\/x.com\/FCGueugnon_off","https:\/\/www.instagram.com\/fcgueugnon\/","https:\/\/www.linkedin.com\/company\/football-club-de-gueugnon\/","https:\/\/www.youtube.com\/user\/FCGueugnonnais","https:\/\/fr.wikipedia.org\/wiki\/Football_Club_de_Gueugnon"]},{"@type":"Person","@id":"https:\/\/www.fcgueugnon.fr\/site\/#\/schema\/person\/f6444fbdd35fa731ee974c03508738fb","name":"FC Gueugnon","sameAs":["https:\/\/www.fcgueugnon.fr\/site"],"url":"https:\/\/www.fcgueugnon.fr\/site\/author\/admin-antho"}]}},"rttpg_featured_image_url":{"full":["https:\/\/www.fcgueugnon.fr\/site\/wp-content\/uploads\/2022\/08\/Resultat-prepaFCG-MYF-FCG.png",2000,2000,false],"landscape":["https:\/\/www.fcgueugnon.fr\/site\/wp-content\/uploads\/2022\/08\/Resultat-prepaFCG-MYF-FCG.png",2000,2000,false],"portraits":["https:\/\/www.fcgueugnon.fr\/site\/wp-content\/uploads\/2022\/08\/Resultat-prepaFCG-MYF-FCG.png",2000,2000,false],"thumbnail":["https:\/\/www.fcgueugnon.fr\/site\/wp-content\/uploads\/2022\/08\/Resultat-prepaFCG-MYF-FCG-150x150.png",150,150,true],"medium":["https:\/\/www.fcgueugnon.fr\/site\/wp-content\/uploads\/2022\/08\/Resultat-prepaFCG-MYF-FCG-400x400.png",400,400,true],"large":["https:\/\/www.fcgueugnon.fr\/site\/wp-content\/uploads\/2022\/08\/Resultat-prepaFCG-MYF-FCG-1024x1024.png",1024,1024,true],"1536x1536":["https:\/\/www.fcgueugnon.fr\/site\/wp-content\/uploads\/2022\/08\/Resultat-prepaFCG-MYF-FCG-1536x1536.png",1536,1536,true],"2048x2048":["https:\/\/www.fcgueugnon.fr\/site\/wp-content\/uploads\/2022\/08\/Resultat-prepaFCG-MYF-FCG.png",2000,2000,false]},"rttpg_author":{"display_name":"FC Gueugnon","author_link":"https:\/\/www.fcgueugnon.fr\/site\/author\/admin-antho"},"rttpg_comment":0,"rttpg_category":"<a href=\"https:\/\/www.fcgueugnon.fr\/site\/category\/news\/news-2022-2023\" rel=\"category tag\">Archives 2022\/2023<\/a> <a href=\"https:\/\/www.fcgueugnon.fr\/site\/category\/news\" rel=\"category tag\">News<\/a>","rttpg_excerpt":"Face \u00e0 un adversaire de qualit\u00e9 et plus avanc\u00e9 dans sa pr\u00e9paration, les forgerons s&rsquo;inclinent lors de cette premi\u00e8re sortie. Apr\u00e8s une dizaine de jours de pr\u00e9paration o\u00f9 le travail physique a \u00e9t\u00e9 important, les forgerons se sont livr\u00e9s \u00e0 une premi\u00e8re opposition face \u00e0 Moulins Yzeure Foot. La formation de National 2 s&rsquo;est impos\u00e9e\u2026","_links":{"self":[{"href":"https:\/\/www.fcgueugnon.fr\/site\/wp-json\/wp\/v2\/posts\/554","targetHints":{"allow":["GET"]}}],"collection":[{"href":"https:\/\/www.fcgueugnon.fr\/site\/wp-json\/wp\/v2\/posts"}],"about":[{"href":"https:\/\/www.fcgueugnon.fr\/site\/wp-json\/wp\/v2\/types\/post"}],"author":[{"embeddable":true,"href":"https:\/\/www.fcgueugnon.fr\/site\/wp-json\/wp\/v2\/users\/1"}],"replies":[{"embeddable":true,"href":"https:\/\/www.fcgueugnon.fr\/site\/wp-json\/wp\/v2\/comments?post=554"}],"version-history":[{"count":1,"href":"https:\/\/www.fcgueugnon.fr\/site\/wp-json\/wp\/v2\/posts\/554\/revisions"}],"predecessor-version":[{"id":557,"href":"https:\/\/www.fcgueugnon.fr\/site\/wp-json\/wp\/v2\/posts\/554\/revisions\/557"}],"wp:featuredmedia":[{"embeddable":true,"href":"https:\/\/www.fcgueugnon.fr\/site\/wp-json\/wp\/v2\/media\/556"}],"wp:attachment":[{"href":"https:\/\/www.fcgueugnon.fr\/site\/wp-json\/wp\/v2\/media?parent=554"}],"wp:term":[{"taxonomy":"category","embeddable":true,"href":"https:\/\/www.fcgueugnon.fr\/site\/wp-json\/wp\/v2\/categories?post=554"},{"taxonomy":"post_tag","embeddable":true,"href":"https:\/\/www.fcgueugnon.fr\/site\/wp-json\/wp\/v2\/tags?post=554"}],"curies":[{"name":"wp","href":"https:\/\/api.w.org\/{rel}","templated":true}]}}