{"id":5518,"date":"2023-07-21T12:00:00","date_gmt":"2023-07-21T10:00:00","guid":{"rendered":"https:\/\/www.fcgueugnon.fr\/site\/?p=5518"},"modified":"2024-10-07T11:19:30","modified_gmt":"2024-10-07T09:19:30","slug":"espoirs-effectif-et-adversaires-du-groupe-espoirs-pour-la-saison-2023-2024","status":"publish","type":"post","link":"https:\/\/www.fcgueugnon.fr\/site\/espoirs-effectif-et-adversaires-du-groupe-espoirs-pour-la-saison-2023-2024\/5518","title":{"rendered":"[Espoirs] Effectif et adversaires du groupe Espoirs pour la saison 2023-2024"},"content":{"rendered":"\n<h3 class=\"wp-block-heading\"><strong>D\u00e9couvrez la poule et l&rsquo;effectif de notre groupe Espoirs pour cette nouvelle saison !<br><\/strong><\/h3>\n\n\n\n<div style=\"height:38px\" aria-hidden=\"true\" class=\"wp-block-spacer\"><\/div>\n\n\n\n<h2 class=\"wp-block-heading has-text-align-center\">\ud835\udde3\ud835\udde2\ud835\udde8\ud835\udddf\ud835\uddd8 \ud835\uddda\ud835\udde5\ud835\udde2\ud835\udde8\ud835\udde3\ud835\uddd8 \ud835\uddd8\ud835\udde6\ud835\udde3\ud835\udde2\ud835\udddc\ud835\udde5\ud835\udde6 &#8211; \ud835\udde5\ud835\udfed \ud835\udddb\ud835\uddd8\ud835\udde5\ud835\uddd5\ud835\uddd8\ud835\udddf\ud835\udddc\ud835\udde1<\/h2>\n\n\n\n<div style=\"height:15px\" aria-hidden=\"true\" class=\"wp-block-spacer\"><\/div>\n\n\n<div class=\"wp-block-image\">\n<figure class=\"aligncenter size-large is-resized\"><img loading=\"lazy\" decoding=\"async\" src=\"https:\/\/www.fcgueugnon.fr\/site\/wp-content\/uploads\/2023\/07\/R1-HERBELIN-23-24-COMPO-GROUPE-2-1024x1024.png\" alt=\"\" class=\"wp-image-5519\" width=\"690\" height=\"690\" srcset=\"https:\/\/www.fcgueugnon.fr\/site\/wp-content\/uploads\/2023\/07\/R1-HERBELIN-23-24-COMPO-GROUPE-2-1024x1024.png 1024w, https:\/\/www.fcgueugnon.fr\/site\/wp-content\/uploads\/2023\/07\/R1-HERBELIN-23-24-COMPO-GROUPE-2-400x400.png 400w, https:\/\/www.fcgueugnon.fr\/site\/wp-content\/uploads\/2023\/07\/R1-HERBELIN-23-24-COMPO-GROUPE-2-150x150.png 150w, https:\/\/www.fcgueugnon.fr\/site\/wp-content\/uploads\/2023\/07\/R1-HERBELIN-23-24-COMPO-GROUPE-2-768x768.png 768w, https:\/\/www.fcgueugnon.fr\/site\/wp-content\/uploads\/2023\/07\/R1-HERBELIN-23-24-COMPO-GROUPE-2-1536x1536.png 1536w, https:\/\/www.fcgueugnon.fr\/site\/wp-content\/uploads\/2023\/07\/R1-HERBELIN-23-24-COMPO-GROUPE-2-1320x1320.png 1320w, https:\/\/www.fcgueugnon.fr\/site\/wp-content\/uploads\/2023\/07\/R1-HERBELIN-23-24-COMPO-GROUPE-2-300x300.png 300w, https:\/\/www.fcgueugnon.fr\/site\/wp-content\/uploads\/2023\/07\/R1-HERBELIN-23-24-COMPO-GROUPE-2-600x600.png 600w, https:\/\/www.fcgueugnon.fr\/site\/wp-content\/uploads\/2023\/07\/R1-HERBELIN-23-24-COMPO-GROUPE-2-100x100.png 100w, https:\/\/www.fcgueugnon.fr\/site\/wp-content\/uploads\/2023\/07\/R1-HERBELIN-23-24-COMPO-GROUPE-2.png 1800w\" sizes=\"auto, (max-width: 690px) 100vw, 690px\" \/><\/figure>\n<\/div>\n\n\n<div style=\"height:49px\" aria-hidden=\"true\" class=\"wp-block-spacer\"><\/div>\n\n\n\n<hr class=\"wp-block-separator has-alpha-channel-opacity is-style-dots\"\/>\n\n\n\n<div style=\"height:62px\" aria-hidden=\"true\" class=\"wp-block-spacer\"><\/div>\n\n\n\n<h2 class=\"wp-block-heading has-text-align-center\" style=\"font-size:29px\">\ud835\uddd8\ud835\uddd9\ud835\uddd9\ud835\uddd8\ud835\uddd6\ud835\udde7\ud835\udddc\ud835\uddd9 \ud835\uddda\ud835\udde5\ud835\udde2\ud835\udde8\ud835\udde3\ud835\uddd8 \ud835\uddd8\ud835\udde6\ud835\udde3\ud835\udde2\ud835\udddc\ud835\udde5\ud835\udde6 &#8211; \ud835\udde5\ud835\udfed \ud835\udddb\ud835\uddd8\ud835\udde5\ud835\uddd5\ud835\uddd8\ud835\udddf\ud835\udddc\ud835\udde1<\/h2>\n\n\n\n<div style=\"height:21px\" aria-hidden=\"true\" class=\"wp-block-spacer\"><\/div>\n\n\n\n<div aria-label=\"Offset Gallery\" class=\"wp-block-coblocks-gallery-offset alignwide\"><ul class=\"coblocks-gallery has-caption-style-dark has-medium-images has-small-gutter\"><li class=\"coblocks-gallery--item\"><figure class=\"wp-block-coblocks-gallery-offset__figure\"><img loading=\"lazy\" decoding=\"async\" width=\"680\" height=\"1024\" src=\"https:\/\/www.fcgueugnon.fr\/site\/wp-content\/uploads\/2023\/07\/image_6487327-14-680x1024.jpg\" alt=\"Image gallery image\" data-id=\"5528\" class=\"wp-image-5528\" srcset=\"https:\/\/www.fcgueugnon.fr\/site\/wp-content\/uploads\/2023\/07\/image_6487327-14-680x1024.jpg 680w, https:\/\/www.fcgueugnon.fr\/site\/wp-content\/uploads\/2023\/07\/image_6487327-14-266x400.jpg 266w, https:\/\/www.fcgueugnon.fr\/site\/wp-content\/uploads\/2023\/07\/image_6487327-14-768x1156.jpg 768w, https:\/\/www.fcgueugnon.fr\/site\/wp-content\/uploads\/2023\/07\/image_6487327-14-1020x1536.jpg 1020w, https:\/\/www.fcgueugnon.fr\/site\/wp-content\/uploads\/2023\/07\/image_6487327-14-1360x2048.jpg 1360w, https:\/\/www.fcgueugnon.fr\/site\/wp-content\/uploads\/2023\/07\/image_6487327-14-1320x1987.jpg 1320w, https:\/\/www.fcgueugnon.fr\/site\/wp-content\/uploads\/2023\/07\/image_6487327-14-600x903.jpg 600w, https:\/\/www.fcgueugnon.fr\/site\/wp-content\/uploads\/2023\/07\/image_6487327-14-scaled.jpg 1700w\" sizes=\"auto, (max-width: 680px) 100vw, 680px\" \/><figcaption class=\"coblocks-gallery--caption\"><mark style=\"background-color:rgba(0, 0, 0, 0)\" class=\"has-inline-color has-base-3-color\"><strong>Corentin DUCAROUGE<\/strong><\/mark><\/figcaption><\/figure><\/li><li class=\"coblocks-gallery--item\"><figure class=\"wp-block-coblocks-gallery-offset__figure\"><img loading=\"lazy\" decoding=\"async\" width=\"680\" height=\"1024\" src=\"https:\/\/www.fcgueugnon.fr\/site\/wp-content\/uploads\/2023\/07\/image_6487327-13-680x1024.jpg\" alt=\"Image gallery image\" data-id=\"5527\" class=\"wp-image-5527\" srcset=\"https:\/\/www.fcgueugnon.fr\/site\/wp-content\/uploads\/2023\/07\/image_6487327-13-680x1024.jpg 680w, https:\/\/www.fcgueugnon.fr\/site\/wp-content\/uploads\/2023\/07\/image_6487327-13-266x400.jpg 266w, https:\/\/www.fcgueugnon.fr\/site\/wp-content\/uploads\/2023\/07\/image_6487327-13-768x1156.jpg 768w, https:\/\/www.fcgueugnon.fr\/site\/wp-content\/uploads\/2023\/07\/image_6487327-13-1020x1536.jpg 1020w, https:\/\/www.fcgueugnon.fr\/site\/wp-content\/uploads\/2023\/07\/image_6487327-13-1360x2048.jpg 1360w, https:\/\/www.fcgueugnon.fr\/site\/wp-content\/uploads\/2023\/07\/image_6487327-13-1320x1987.jpg 1320w, https:\/\/www.fcgueugnon.fr\/site\/wp-content\/uploads\/2023\/07\/image_6487327-13-600x903.jpg 600w, https:\/\/www.fcgueugnon.fr\/site\/wp-content\/uploads\/2023\/07\/image_6487327-13-scaled.jpg 1700w\" sizes=\"auto, (max-width: 680px) 100vw, 680px\" \/><figcaption class=\"coblocks-gallery--caption\"><strong><mark style=\"background-color:rgba(0, 0, 0, 0)\" class=\"has-inline-color has-base-3-color\">Marwan ZAHAF\u00a0<\/mark><\/strong><\/figcaption><\/figure><\/li><li class=\"coblocks-gallery--item\"><figure class=\"wp-block-coblocks-gallery-offset__figure\"><img loading=\"lazy\" decoding=\"async\" width=\"713\" height=\"1024\" src=\"https:\/\/www.fcgueugnon.fr\/site\/wp-content\/uploads\/2023\/07\/image_6487327-12-713x1024.jpg\" alt=\"Image gallery image\" data-id=\"5526\" class=\"wp-image-5526\" srcset=\"https:\/\/www.fcgueugnon.fr\/site\/wp-content\/uploads\/2023\/07\/image_6487327-12-713x1024.jpg 713w, https:\/\/www.fcgueugnon.fr\/site\/wp-content\/uploads\/2023\/07\/image_6487327-12-278x400.jpg 278w, https:\/\/www.fcgueugnon.fr\/site\/wp-content\/uploads\/2023\/07\/image_6487327-12-768x1104.jpg 768w, https:\/\/www.fcgueugnon.fr\/site\/wp-content\/uploads\/2023\/07\/image_6487327-12-1069x1536.jpg 1069w, https:\/\/www.fcgueugnon.fr\/site\/wp-content\/uploads\/2023\/07\/image_6487327-12-1425x2048.jpg 1425w, https:\/\/www.fcgueugnon.fr\/site\/wp-content\/uploads\/2023\/07\/image_6487327-12-1320x1897.jpg 1320w, https:\/\/www.fcgueugnon.fr\/site\/wp-content\/uploads\/2023\/07\/image_6487327-12-600x862.jpg 600w, https:\/\/www.fcgueugnon.fr\/site\/wp-content\/uploads\/2023\/07\/image_6487327-12-scaled.jpg 1781w\" sizes=\"auto, (max-width: 713px) 100vw, 713px\" \/><figcaption class=\"coblocks-gallery--caption\"><strong><mark style=\"background-color:rgba(0, 0, 0, 0)\" class=\"has-inline-color has-base-3-color\">Sofiane AZERARAK\u00a0<\/mark><\/strong><\/figcaption><\/figure><\/li><li class=\"coblocks-gallery--item\"><figure class=\"wp-block-coblocks-gallery-offset__figure\"><img loading=\"lazy\" decoding=\"async\" width=\"680\" height=\"1024\" src=\"https:\/\/www.fcgueugnon.fr\/site\/wp-content\/uploads\/2023\/07\/image_6487327-11-680x1024.jpg\" alt=\"Image gallery image\" data-id=\"5524\" class=\"wp-image-5524\" srcset=\"https:\/\/www.fcgueugnon.fr\/site\/wp-content\/uploads\/2023\/07\/image_6487327-11-680x1024.jpg 680w, https:\/\/www.fcgueugnon.fr\/site\/wp-content\/uploads\/2023\/07\/image_6487327-11-266x400.jpg 266w, https:\/\/www.fcgueugnon.fr\/site\/wp-content\/uploads\/2023\/07\/image_6487327-11-768x1156.jpg 768w, https:\/\/www.fcgueugnon.fr\/site\/wp-content\/uploads\/2023\/07\/image_6487327-11-1020x1536.jpg 1020w, https:\/\/www.fcgueugnon.fr\/site\/wp-content\/uploads\/2023\/07\/image_6487327-11-1360x2048.jpg 1360w, https:\/\/www.fcgueugnon.fr\/site\/wp-content\/uploads\/2023\/07\/image_6487327-11-1320x1987.jpg 1320w, https:\/\/www.fcgueugnon.fr\/site\/wp-content\/uploads\/2023\/07\/image_6487327-11-600x903.jpg 600w, https:\/\/www.fcgueugnon.fr\/site\/wp-content\/uploads\/2023\/07\/image_6487327-11-scaled.jpg 1700w\" sizes=\"auto, (max-width: 680px) 100vw, 680px\" \/><figcaption class=\"coblocks-gallery--caption\"><strong><mark style=\"background-color:rgba(0, 0, 0, 0)\" class=\"has-inline-color has-base-3-color\">Tony FERNANDES<\/mark><\/strong><\/figcaption><\/figure><\/li><li class=\"coblocks-gallery--item\"><figure class=\"wp-block-coblocks-gallery-offset__figure\"><img loading=\"lazy\" decoding=\"async\" width=\"711\" height=\"1024\" src=\"https:\/\/www.fcgueugnon.fr\/site\/wp-content\/uploads\/2023\/07\/image_6487327-8-711x1024.jpg\" alt=\"Image gallery image\" data-id=\"5530\" class=\"wp-image-5530\" srcset=\"https:\/\/www.fcgueugnon.fr\/site\/wp-content\/uploads\/2023\/07\/image_6487327-8-711x1024.jpg 711w, https:\/\/www.fcgueugnon.fr\/site\/wp-content\/uploads\/2023\/07\/image_6487327-8-278x400.jpg 278w, https:\/\/www.fcgueugnon.fr\/site\/wp-content\/uploads\/2023\/07\/image_6487327-8-768x1106.jpg 768w, https:\/\/www.fcgueugnon.fr\/site\/wp-content\/uploads\/2023\/07\/image_6487327-8-1067x1536.jpg 1067w, https:\/\/www.fcgueugnon.fr\/site\/wp-content\/uploads\/2023\/07\/image_6487327-8-1423x2048.jpg 1423w, https:\/\/www.fcgueugnon.fr\/site\/wp-content\/uploads\/2023\/07\/image_6487327-8-1320x1900.jpg 1320w, https:\/\/www.fcgueugnon.fr\/site\/wp-content\/uploads\/2023\/07\/image_6487327-8-600x864.jpg 600w, https:\/\/www.fcgueugnon.fr\/site\/wp-content\/uploads\/2023\/07\/image_6487327-8-scaled.jpg 1778w\" sizes=\"auto, (max-width: 711px) 100vw, 711px\" \/><figcaption class=\"coblocks-gallery--caption\"><mark style=\"background-color:rgba(0, 0, 0, 0)\" class=\"has-inline-color has-base-3-color\"><strong>Thomas DORIDOT\u00a0<\/strong><\/mark><\/figcaption><\/figure><\/li><li class=\"coblocks-gallery--item\"><figure class=\"wp-block-coblocks-gallery-offset__figure\"><img loading=\"lazy\" decoding=\"async\" width=\"698\" height=\"1024\" src=\"https:\/\/www.fcgueugnon.fr\/site\/wp-content\/uploads\/2023\/07\/image_6487327-9-698x1024.jpg\" alt=\"Image gallery image\" data-id=\"5523\" class=\"wp-image-5523\" srcset=\"https:\/\/www.fcgueugnon.fr\/site\/wp-content\/uploads\/2023\/07\/image_6487327-9-698x1024.jpg 698w, https:\/\/www.fcgueugnon.fr\/site\/wp-content\/uploads\/2023\/07\/image_6487327-9-272x400.jpg 272w, https:\/\/www.fcgueugnon.fr\/site\/wp-content\/uploads\/2023\/07\/image_6487327-9-768x1127.jpg 768w, https:\/\/www.fcgueugnon.fr\/site\/wp-content\/uploads\/2023\/07\/image_6487327-9-1046x1536.jpg 1046w, https:\/\/www.fcgueugnon.fr\/site\/wp-content\/uploads\/2023\/07\/image_6487327-9-1395x2048.jpg 1395w, https:\/\/www.fcgueugnon.fr\/site\/wp-content\/uploads\/2023\/07\/image_6487327-9-1320x1938.jpg 1320w, https:\/\/www.fcgueugnon.fr\/site\/wp-content\/uploads\/2023\/07\/image_6487327-9-600x881.jpg 600w, https:\/\/www.fcgueugnon.fr\/site\/wp-content\/uploads\/2023\/07\/image_6487327-9-scaled.jpg 1744w\" sizes=\"auto, (max-width: 698px) 100vw, 698px\" \/><figcaption class=\"coblocks-gallery--caption\"><mark style=\"background-color:rgba(0, 0, 0, 0)\" class=\"has-inline-color has-base-3-color\"><strong>Ilan DOS SANTOS<\/strong><\/mark><\/figcaption><\/figure><\/li><li class=\"coblocks-gallery--item\"><figure class=\"wp-block-coblocks-gallery-offset__figure\"><img loading=\"lazy\" decoding=\"async\" width=\"710\" height=\"1024\" src=\"https:\/\/www.fcgueugnon.fr\/site\/wp-content\/uploads\/2023\/07\/image_6487327-7-710x1024.jpg\" alt=\"Image gallery image\" data-id=\"5525\" class=\"wp-image-5525\" srcset=\"https:\/\/www.fcgueugnon.fr\/site\/wp-content\/uploads\/2023\/07\/image_6487327-7-710x1024.jpg 710w, https:\/\/www.fcgueugnon.fr\/site\/wp-content\/uploads\/2023\/07\/image_6487327-7-277x400.jpg 277w, https:\/\/www.fcgueugnon.fr\/site\/wp-content\/uploads\/2023\/07\/image_6487327-7-768x1108.jpg 768w, https:\/\/www.fcgueugnon.fr\/site\/wp-content\/uploads\/2023\/07\/image_6487327-7-1065x1536.jpg 1065w, https:\/\/www.fcgueugnon.fr\/site\/wp-content\/uploads\/2023\/07\/image_6487327-7-1419x2048.jpg 1419w, https:\/\/www.fcgueugnon.fr\/site\/wp-content\/uploads\/2023\/07\/image_6487327-7-1320x1904.jpg 1320w, https:\/\/www.fcgueugnon.fr\/site\/wp-content\/uploads\/2023\/07\/image_6487327-7-600x866.jpg 600w, https:\/\/www.fcgueugnon.fr\/site\/wp-content\/uploads\/2023\/07\/image_6487327-7-scaled.jpg 1774w\" sizes=\"auto, (max-width: 710px) 100vw, 710px\" \/><figcaption class=\"coblocks-gallery--caption\"><strong><mark style=\"background-color:rgba(0, 0, 0, 0)\" class=\"has-inline-color has-base-3-color\">Ilyes ESSANDALY<\/mark><\/strong><\/figcaption><\/figure><\/li><li class=\"coblocks-gallery--item\"><figure class=\"wp-block-coblocks-gallery-offset__figure\"><img loading=\"lazy\" decoding=\"async\" width=\"680\" height=\"1024\" src=\"https:\/\/www.fcgueugnon.fr\/site\/wp-content\/uploads\/2023\/07\/image_6487327-5-680x1024.jpg\" alt=\"Image gallery image\" data-id=\"5531\" class=\"wp-image-5531\" srcset=\"https:\/\/www.fcgueugnon.fr\/site\/wp-content\/uploads\/2023\/07\/image_6487327-5-680x1024.jpg 680w, https:\/\/www.fcgueugnon.fr\/site\/wp-content\/uploads\/2023\/07\/image_6487327-5-266x400.jpg 266w, https:\/\/www.fcgueugnon.fr\/site\/wp-content\/uploads\/2023\/07\/image_6487327-5-768x1156.jpg 768w, https:\/\/www.fcgueugnon.fr\/site\/wp-content\/uploads\/2023\/07\/image_6487327-5-1020x1536.jpg 1020w, https:\/\/www.fcgueugnon.fr\/site\/wp-content\/uploads\/2023\/07\/image_6487327-5-1360x2048.jpg 1360w, https:\/\/www.fcgueugnon.fr\/site\/wp-content\/uploads\/2023\/07\/image_6487327-5-1320x1987.jpg 1320w, https:\/\/www.fcgueugnon.fr\/site\/wp-content\/uploads\/2023\/07\/image_6487327-5-600x903.jpg 600w, https:\/\/www.fcgueugnon.fr\/site\/wp-content\/uploads\/2023\/07\/image_6487327-5-scaled.jpg 1700w\" sizes=\"auto, (max-width: 680px) 100vw, 680px\" \/><figcaption class=\"coblocks-gallery--caption\"><strong><mark style=\"background-color:rgba(0, 0, 0, 0)\" class=\"has-inline-color has-base-3-color\">No\u00e9 AUBARD\u00a0<\/mark><\/strong><\/figcaption><\/figure><\/li><li class=\"coblocks-gallery--item\"><figure class=\"wp-block-coblocks-gallery-offset__figure\"><img loading=\"lazy\" decoding=\"async\" width=\"806\" height=\"1024\" src=\"https:\/\/www.fcgueugnon.fr\/site\/wp-content\/uploads\/2023\/07\/image_6487327-6-806x1024.jpg\" alt=\"Image gallery image\" data-id=\"5532\" class=\"wp-image-5532\" srcset=\"https:\/\/www.fcgueugnon.fr\/site\/wp-content\/uploads\/2023\/07\/image_6487327-6-806x1024.jpg 806w, https:\/\/www.fcgueugnon.fr\/site\/wp-content\/uploads\/2023\/07\/image_6487327-6-315x400.jpg 315w, https:\/\/www.fcgueugnon.fr\/site\/wp-content\/uploads\/2023\/07\/image_6487327-6-768x975.jpg 768w, https:\/\/www.fcgueugnon.fr\/site\/wp-content\/uploads\/2023\/07\/image_6487327-6-1209x1536.jpg 1209w, https:\/\/www.fcgueugnon.fr\/site\/wp-content\/uploads\/2023\/07\/image_6487327-6-1613x2048.jpg 1613w, https:\/\/www.fcgueugnon.fr\/site\/wp-content\/uploads\/2023\/07\/image_6487327-6-1320x1676.jpg 1320w, https:\/\/www.fcgueugnon.fr\/site\/wp-content\/uploads\/2023\/07\/image_6487327-6-600x762.jpg 600w, https:\/\/www.fcgueugnon.fr\/site\/wp-content\/uploads\/2023\/07\/image_6487327-6-scaled.jpg 2016w\" sizes=\"auto, (max-width: 806px) 100vw, 806px\" \/><figcaption class=\"coblocks-gallery--caption\"><strong><mark style=\"background-color:rgba(0, 0, 0, 0)\" class=\"has-inline-color has-base-3-color\">Morad BENAMEUR<\/mark><\/strong><\/figcaption><\/figure><\/li><li class=\"coblocks-gallery--item\"><figure class=\"wp-block-coblocks-gallery-offset__figure\"><img loading=\"lazy\" decoding=\"async\" width=\"680\" height=\"1024\" src=\"https:\/\/www.fcgueugnon.fr\/site\/wp-content\/uploads\/2023\/07\/image_6487327-3-680x1024.jpg\" alt=\"Image gallery image\" data-id=\"5533\" class=\"wp-image-5533\" srcset=\"https:\/\/www.fcgueugnon.fr\/site\/wp-content\/uploads\/2023\/07\/image_6487327-3-680x1024.jpg 680w, https:\/\/www.fcgueugnon.fr\/site\/wp-content\/uploads\/2023\/07\/image_6487327-3-266x400.jpg 266w, https:\/\/www.fcgueugnon.fr\/site\/wp-content\/uploads\/2023\/07\/image_6487327-3-768x1156.jpg 768w, https:\/\/www.fcgueugnon.fr\/site\/wp-content\/uploads\/2023\/07\/image_6487327-3-1020x1536.jpg 1020w, https:\/\/www.fcgueugnon.fr\/site\/wp-content\/uploads\/2023\/07\/image_6487327-3-1360x2048.jpg 1360w, https:\/\/www.fcgueugnon.fr\/site\/wp-content\/uploads\/2023\/07\/image_6487327-3-1320x1987.jpg 1320w, https:\/\/www.fcgueugnon.fr\/site\/wp-content\/uploads\/2023\/07\/image_6487327-3-600x903.jpg 600w, https:\/\/www.fcgueugnon.fr\/site\/wp-content\/uploads\/2023\/07\/image_6487327-3-scaled.jpg 1700w\" sizes=\"auto, (max-width: 680px) 100vw, 680px\" \/><figcaption class=\"coblocks-gallery--caption\"><strong><mark style=\"background-color:rgba(0, 0, 0, 0)\" class=\"has-inline-color has-base-3-color\">Romain ROBERT<\/mark><\/strong><\/figcaption><\/figure><\/li><li class=\"coblocks-gallery--item\"><figure class=\"wp-block-coblocks-gallery-offset__figure\"><img loading=\"lazy\" decoding=\"async\" width=\"719\" height=\"1024\" src=\"https:\/\/www.fcgueugnon.fr\/site\/wp-content\/uploads\/2023\/07\/image_6487327-2-719x1024.jpg\" alt=\"Image gallery image\" data-id=\"5535\" class=\"wp-image-5535\" srcset=\"https:\/\/www.fcgueugnon.fr\/site\/wp-content\/uploads\/2023\/07\/image_6487327-2-719x1024.jpg 719w, https:\/\/www.fcgueugnon.fr\/site\/wp-content\/uploads\/2023\/07\/image_6487327-2-281x400.jpg 281w, https:\/\/www.fcgueugnon.fr\/site\/wp-content\/uploads\/2023\/07\/image_6487327-2-768x1093.jpg 768w, https:\/\/www.fcgueugnon.fr\/site\/wp-content\/uploads\/2023\/07\/image_6487327-2-1079x1536.jpg 1079w, https:\/\/www.fcgueugnon.fr\/site\/wp-content\/uploads\/2023\/07\/image_6487327-2-1439x2048.jpg 1439w, https:\/\/www.fcgueugnon.fr\/site\/wp-content\/uploads\/2023\/07\/image_6487327-2-1320x1879.jpg 1320w, https:\/\/www.fcgueugnon.fr\/site\/wp-content\/uploads\/2023\/07\/image_6487327-2-600x854.jpg 600w, https:\/\/www.fcgueugnon.fr\/site\/wp-content\/uploads\/2023\/07\/image_6487327-2-scaled.jpg 1798w\" sizes=\"auto, (max-width: 719px) 100vw, 719px\" \/><figcaption class=\"coblocks-gallery--caption\"><strong><mark style=\"background-color:rgba(0, 0, 0, 0)\" class=\"has-inline-color has-base-3-color\">Akim LEGER\u00a0<\/mark><\/strong><\/figcaption><\/figure><\/li><li class=\"coblocks-gallery--item\"><figure class=\"wp-block-coblocks-gallery-offset__figure\"><img loading=\"lazy\" decoding=\"async\" width=\"680\" height=\"1024\" src=\"https:\/\/www.fcgueugnon.fr\/site\/wp-content\/uploads\/2023\/07\/image_6487327-680x1024.jpg\" alt=\"Image gallery image\" data-id=\"5534\" class=\"wp-image-5534\" srcset=\"https:\/\/www.fcgueugnon.fr\/site\/wp-content\/uploads\/2023\/07\/image_6487327-680x1024.jpg 680w, https:\/\/www.fcgueugnon.fr\/site\/wp-content\/uploads\/2023\/07\/image_6487327-266x400.jpg 266w, https:\/\/www.fcgueugnon.fr\/site\/wp-content\/uploads\/2023\/07\/image_6487327-768x1156.jpg 768w, https:\/\/www.fcgueugnon.fr\/site\/wp-content\/uploads\/2023\/07\/image_6487327-1020x1536.jpg 1020w, https:\/\/www.fcgueugnon.fr\/site\/wp-content\/uploads\/2023\/07\/image_6487327-1360x2048.jpg 1360w, https:\/\/www.fcgueugnon.fr\/site\/wp-content\/uploads\/2023\/07\/image_6487327-1320x1987.jpg 1320w, https:\/\/www.fcgueugnon.fr\/site\/wp-content\/uploads\/2023\/07\/image_6487327-600x903.jpg 600w, https:\/\/www.fcgueugnon.fr\/site\/wp-content\/uploads\/2023\/07\/image_6487327-scaled.jpg 1700w\" sizes=\"auto, (max-width: 680px) 100vw, 680px\" \/><figcaption class=\"coblocks-gallery--caption\"><strong><mark style=\"background-color:rgba(0, 0, 0, 0)\" class=\"has-inline-color has-base-3-color\">Hossein ASSAL<\/mark><\/strong><\/figcaption><\/figure><\/li><li class=\"coblocks-gallery--item\"><figure class=\"wp-block-coblocks-gallery-offset__figure\"><img loading=\"lazy\" decoding=\"async\" width=\"698\" height=\"1024\" src=\"https:\/\/www.fcgueugnon.fr\/site\/wp-content\/uploads\/2023\/07\/image_6487327-1-698x1024.jpg\" alt=\"Image gallery image\" data-id=\"5538\" class=\"wp-image-5538\" srcset=\"https:\/\/www.fcgueugnon.fr\/site\/wp-content\/uploads\/2023\/07\/image_6487327-1-698x1024.jpg 698w, https:\/\/www.fcgueugnon.fr\/site\/wp-content\/uploads\/2023\/07\/image_6487327-1-272x400.jpg 272w, https:\/\/www.fcgueugnon.fr\/site\/wp-content\/uploads\/2023\/07\/image_6487327-1-768x1127.jpg 768w, https:\/\/www.fcgueugnon.fr\/site\/wp-content\/uploads\/2023\/07\/image_6487327-1-1046x1536.jpg 1046w, https:\/\/www.fcgueugnon.fr\/site\/wp-content\/uploads\/2023\/07\/image_6487327-1-1395x2048.jpg 1395w, https:\/\/www.fcgueugnon.fr\/site\/wp-content\/uploads\/2023\/07\/image_6487327-1-1320x1938.jpg 1320w, https:\/\/www.fcgueugnon.fr\/site\/wp-content\/uploads\/2023\/07\/image_6487327-1-600x881.jpg 600w, https:\/\/www.fcgueugnon.fr\/site\/wp-content\/uploads\/2023\/07\/image_6487327-1-scaled.jpg 1744w\" sizes=\"auto, (max-width: 698px) 100vw, 698px\" \/><figcaption class=\"coblocks-gallery--caption\"><strong><mark style=\"background-color:rgba(0, 0, 0, 0)\" class=\"has-inline-color has-base-3-color\">\u00a0Davy RENIER<\/mark><\/strong><\/figcaption><\/figure><\/li><li class=\"coblocks-gallery--item\"><figure class=\"wp-block-coblocks-gallery-offset__figure\"><img loading=\"lazy\" decoding=\"async\" width=\"680\" height=\"1024\" src=\"https:\/\/www.fcgueugnon.fr\/site\/wp-content\/uploads\/2023\/07\/VINCENT-1-1-680x1024.jpg\" alt=\"Image gallery image\" data-id=\"5545\" class=\"wp-image-5545\" srcset=\"https:\/\/www.fcgueugnon.fr\/site\/wp-content\/uploads\/2023\/07\/VINCENT-1-1-680x1024.jpg 680w, https:\/\/www.fcgueugnon.fr\/site\/wp-content\/uploads\/2023\/07\/VINCENT-1-1-266x400.jpg 266w, https:\/\/www.fcgueugnon.fr\/site\/wp-content\/uploads\/2023\/07\/VINCENT-1-1-768x1156.jpg 768w, https:\/\/www.fcgueugnon.fr\/site\/wp-content\/uploads\/2023\/07\/VINCENT-1-1-1020x1536.jpg 1020w, https:\/\/www.fcgueugnon.fr\/site\/wp-content\/uploads\/2023\/07\/VINCENT-1-1-1360x2048.jpg 1360w, https:\/\/www.fcgueugnon.fr\/site\/wp-content\/uploads\/2023\/07\/VINCENT-1-1-1320x1987.jpg 1320w, https:\/\/www.fcgueugnon.fr\/site\/wp-content\/uploads\/2023\/07\/VINCENT-1-1-600x903.jpg 600w, https:\/\/www.fcgueugnon.fr\/site\/wp-content\/uploads\/2023\/07\/VINCENT-1-1-scaled.jpg 1700w\" sizes=\"auto, (max-width: 680px) 100vw, 680px\" \/><figcaption class=\"coblocks-gallery--caption\"><strong><mark style=\"background-color:rgba(0, 0, 0, 0)\" class=\"has-inline-color has-base-3-color\">Vincent SAULNIER\u00a0<\/mark><\/strong><\/figcaption><\/figure><\/li><li class=\"coblocks-gallery--item\"><figure class=\"wp-block-coblocks-gallery-offset__figure\"><img loading=\"lazy\" decoding=\"async\" width=\"680\" height=\"1024\" src=\"https:\/\/www.fcgueugnon.fr\/site\/wp-content\/uploads\/2023\/07\/NATHAN-1-1-680x1024.jpg\" alt=\"Image gallery image\" data-id=\"5550\" class=\"wp-image-5550\" srcset=\"https:\/\/www.fcgueugnon.fr\/site\/wp-content\/uploads\/2023\/07\/NATHAN-1-1-680x1024.jpg 680w, https:\/\/www.fcgueugnon.fr\/site\/wp-content\/uploads\/2023\/07\/NATHAN-1-1-266x400.jpg 266w, https:\/\/www.fcgueugnon.fr\/site\/wp-content\/uploads\/2023\/07\/NATHAN-1-1-768x1156.jpg 768w, https:\/\/www.fcgueugnon.fr\/site\/wp-content\/uploads\/2023\/07\/NATHAN-1-1-1020x1536.jpg 1020w, https:\/\/www.fcgueugnon.fr\/site\/wp-content\/uploads\/2023\/07\/NATHAN-1-1-1360x2048.jpg 1360w, https:\/\/www.fcgueugnon.fr\/site\/wp-content\/uploads\/2023\/07\/NATHAN-1-1-1320x1987.jpg 1320w, https:\/\/www.fcgueugnon.fr\/site\/wp-content\/uploads\/2023\/07\/NATHAN-1-1-600x903.jpg 600w, https:\/\/www.fcgueugnon.fr\/site\/wp-content\/uploads\/2023\/07\/NATHAN-1-1-scaled.jpg 1700w\" sizes=\"auto, (max-width: 680px) 100vw, 680px\" \/><figcaption class=\"coblocks-gallery--caption\"><strong><mark style=\"background-color:rgba(0, 0, 0, 0)\" class=\"has-inline-color has-base-3-color\">Nathan JACOB\u00a0<\/mark><\/strong><\/figcaption><\/figure><\/li><li class=\"coblocks-gallery--item\"><figure class=\"wp-block-coblocks-gallery-offset__figure\"><img loading=\"lazy\" decoding=\"async\" width=\"715\" height=\"1024\" src=\"https:\/\/www.fcgueugnon.fr\/site\/wp-content\/uploads\/2023\/07\/000-1438-Original-1-715x1024.jpg\" alt=\"Image gallery image\" data-id=\"5549\" class=\"wp-image-5549\" srcset=\"https:\/\/www.fcgueugnon.fr\/site\/wp-content\/uploads\/2023\/07\/000-1438-Original-1-715x1024.jpg 715w, https:\/\/www.fcgueugnon.fr\/site\/wp-content\/uploads\/2023\/07\/000-1438-Original-1-279x400.jpg 279w, https:\/\/www.fcgueugnon.fr\/site\/wp-content\/uploads\/2023\/07\/000-1438-Original-1-768x1099.jpg 768w, https:\/\/www.fcgueugnon.fr\/site\/wp-content\/uploads\/2023\/07\/000-1438-Original-1-1073x1536.jpg 1073w, https:\/\/www.fcgueugnon.fr\/site\/wp-content\/uploads\/2023\/07\/000-1438-Original-1-1431x2048.jpg 1431w, https:\/\/www.fcgueugnon.fr\/site\/wp-content\/uploads\/2023\/07\/000-1438-Original-1-1320x1890.jpg 1320w, https:\/\/www.fcgueugnon.fr\/site\/wp-content\/uploads\/2023\/07\/000-1438-Original-1-600x859.jpg 600w, https:\/\/www.fcgueugnon.fr\/site\/wp-content\/uploads\/2023\/07\/000-1438-Original-1-scaled.jpg 1788w\" sizes=\"auto, (max-width: 715px) 100vw, 715px\" \/><figcaption class=\"coblocks-gallery--caption\"><strong><mark style=\"background-color:rgba(0, 0, 0, 0)\" class=\"has-inline-color has-base-3-color\">Noah MUET<\/mark><\/strong><\/figcaption><\/figure><\/li><li class=\"coblocks-gallery--item\"><figure class=\"wp-block-coblocks-gallery-offset__figure\"><img loading=\"lazy\" decoding=\"async\" width=\"680\" height=\"1024\" src=\"https:\/\/www.fcgueugnon.fr\/site\/wp-content\/uploads\/2023\/07\/image_6487327-15-680x1024.jpg\" alt=\"Image gallery image\" data-id=\"5556\" class=\"wp-image-5556\" srcset=\"https:\/\/www.fcgueugnon.fr\/site\/wp-content\/uploads\/2023\/07\/image_6487327-15-680x1024.jpg 680w, https:\/\/www.fcgueugnon.fr\/site\/wp-content\/uploads\/2023\/07\/image_6487327-15-266x400.jpg 266w, https:\/\/www.fcgueugnon.fr\/site\/wp-content\/uploads\/2023\/07\/image_6487327-15-768x1156.jpg 768w, https:\/\/www.fcgueugnon.fr\/site\/wp-content\/uploads\/2023\/07\/image_6487327-15-1020x1536.jpg 1020w, https:\/\/www.fcgueugnon.fr\/site\/wp-content\/uploads\/2023\/07\/image_6487327-15-1360x2048.jpg 1360w, https:\/\/www.fcgueugnon.fr\/site\/wp-content\/uploads\/2023\/07\/image_6487327-15-1320x1987.jpg 1320w, https:\/\/www.fcgueugnon.fr\/site\/wp-content\/uploads\/2023\/07\/image_6487327-15-600x903.jpg 600w, https:\/\/www.fcgueugnon.fr\/site\/wp-content\/uploads\/2023\/07\/image_6487327-15-scaled.jpg 1700w\" sizes=\"auto, (max-width: 680px) 100vw, 680px\" \/><figcaption class=\"coblocks-gallery--caption\"><strong><mark style=\"background-color:rgba(0, 0, 0, 0)\" class=\"has-inline-color has-base-3-color\">Yanis TELLIER<\/mark><\/strong><\/figcaption><\/figure><\/li><li class=\"coblocks-gallery--item\"><figure class=\"wp-block-coblocks-gallery-offset__figure\"><img loading=\"lazy\" decoding=\"async\" width=\"680\" height=\"1024\" src=\"https:\/\/www.fcgueugnon.fr\/site\/wp-content\/uploads\/2023\/07\/image_6487327-2-2-680x1024.jpg\" alt=\"Image gallery image\" data-id=\"5560\" class=\"wp-image-5560\" srcset=\"https:\/\/www.fcgueugnon.fr\/site\/wp-content\/uploads\/2023\/07\/image_6487327-2-2-680x1024.jpg 680w, https:\/\/www.fcgueugnon.fr\/site\/wp-content\/uploads\/2023\/07\/image_6487327-2-2-266x400.jpg 266w, https:\/\/www.fcgueugnon.fr\/site\/wp-content\/uploads\/2023\/07\/image_6487327-2-2-768x1156.jpg 768w, https:\/\/www.fcgueugnon.fr\/site\/wp-content\/uploads\/2023\/07\/image_6487327-2-2-1020x1536.jpg 1020w, https:\/\/www.fcgueugnon.fr\/site\/wp-content\/uploads\/2023\/07\/image_6487327-2-2-1360x2048.jpg 1360w, https:\/\/www.fcgueugnon.fr\/site\/wp-content\/uploads\/2023\/07\/image_6487327-2-2-1320x1987.jpg 1320w, https:\/\/www.fcgueugnon.fr\/site\/wp-content\/uploads\/2023\/07\/image_6487327-2-2-600x903.jpg 600w, https:\/\/www.fcgueugnon.fr\/site\/wp-content\/uploads\/2023\/07\/image_6487327-2-2-scaled.jpg 1700w\" sizes=\"auto, (max-width: 680px) 100vw, 680px\" \/><figcaption class=\"coblocks-gallery--caption\"><strong><mark style=\"background-color:rgba(0, 0, 0, 0)\" class=\"has-inline-color has-base-3-color\">Samuel ALBAYRAK<\/mark><\/strong><\/figcaption><\/figure><\/li><li class=\"coblocks-gallery--item\"><figure class=\"wp-block-coblocks-gallery-offset__figure\"><img loading=\"lazy\" decoding=\"async\" width=\"714\" height=\"1024\" src=\"https:\/\/www.fcgueugnon.fr\/site\/wp-content\/uploads\/2023\/07\/image_6487327-10-714x1024.jpg\" alt=\"Image gallery image\" data-id=\"5529\" class=\"wp-image-5529\" srcset=\"https:\/\/www.fcgueugnon.fr\/site\/wp-content\/uploads\/2023\/07\/image_6487327-10-714x1024.jpg 714w, https:\/\/www.fcgueugnon.fr\/site\/wp-content\/uploads\/2023\/07\/image_6487327-10-279x400.jpg 279w, https:\/\/www.fcgueugnon.fr\/site\/wp-content\/uploads\/2023\/07\/image_6487327-10-768x1102.jpg 768w, https:\/\/www.fcgueugnon.fr\/site\/wp-content\/uploads\/2023\/07\/image_6487327-10-1070x1536.jpg 1070w, https:\/\/www.fcgueugnon.fr\/site\/wp-content\/uploads\/2023\/07\/image_6487327-10-1427x2048.jpg 1427w, https:\/\/www.fcgueugnon.fr\/site\/wp-content\/uploads\/2023\/07\/image_6487327-10-1320x1894.jpg 1320w, https:\/\/www.fcgueugnon.fr\/site\/wp-content\/uploads\/2023\/07\/image_6487327-10-600x861.jpg 600w, https:\/\/www.fcgueugnon.fr\/site\/wp-content\/uploads\/2023\/07\/image_6487327-10-scaled.jpg 1784w\" sizes=\"auto, (max-width: 714px) 100vw, 714px\" \/><figcaption class=\"coblocks-gallery--caption\"><strong><mark style=\"background-color:rgba(0, 0, 0, 0)\" class=\"has-inline-color has-base-3-color\">Mehdy SOUFI<\/mark><\/strong><\/figcaption><\/figure><\/li><li class=\"coblocks-gallery--item\"><figure class=\"wp-block-coblocks-gallery-offset__figure\"><img loading=\"lazy\" decoding=\"async\" width=\"680\" height=\"1024\" src=\"https:\/\/www.fcgueugnon.fr\/site\/wp-content\/uploads\/2023\/07\/image_6487327-1-1-680x1024.jpg\" alt=\"Image gallery image\" data-id=\"5559\" class=\"wp-image-5559\" srcset=\"https:\/\/www.fcgueugnon.fr\/site\/wp-content\/uploads\/2023\/07\/image_6487327-1-1-680x1024.jpg 680w, https:\/\/www.fcgueugnon.fr\/site\/wp-content\/uploads\/2023\/07\/image_6487327-1-1-266x400.jpg 266w, https:\/\/www.fcgueugnon.fr\/site\/wp-content\/uploads\/2023\/07\/image_6487327-1-1-768x1156.jpg 768w, https:\/\/www.fcgueugnon.fr\/site\/wp-content\/uploads\/2023\/07\/image_6487327-1-1-1020x1536.jpg 1020w, https:\/\/www.fcgueugnon.fr\/site\/wp-content\/uploads\/2023\/07\/image_6487327-1-1-1360x2048.jpg 1360w, https:\/\/www.fcgueugnon.fr\/site\/wp-content\/uploads\/2023\/07\/image_6487327-1-1-1320x1987.jpg 1320w, https:\/\/www.fcgueugnon.fr\/site\/wp-content\/uploads\/2023\/07\/image_6487327-1-1-600x903.jpg 600w, https:\/\/www.fcgueugnon.fr\/site\/wp-content\/uploads\/2023\/07\/image_6487327-1-1-scaled.jpg 1700w\" sizes=\"auto, (max-width: 680px) 100vw, 680px\" \/><figcaption class=\"coblocks-gallery--caption\"><strong><mark style=\"background-color:rgba(0, 0, 0, 0)\" class=\"has-inline-color has-base-3-color\">Florent ILLER<\/mark><\/strong><\/figcaption><\/figure><\/li><li class=\"coblocks-gallery--item\"><figure class=\"wp-block-coblocks-gallery-offset__figure\"><img loading=\"lazy\" decoding=\"async\" width=\"680\" height=\"1024\" src=\"https:\/\/www.fcgueugnon.fr\/site\/wp-content\/uploads\/2023\/07\/image_6487327-4-680x1024.jpg\" alt=\"Image gallery image\" data-id=\"5536\" class=\"wp-image-5536\" srcset=\"https:\/\/www.fcgueugnon.fr\/site\/wp-content\/uploads\/2023\/07\/image_6487327-4-680x1024.jpg 680w, https:\/\/www.fcgueugnon.fr\/site\/wp-content\/uploads\/2023\/07\/image_6487327-4-266x400.jpg 266w, https:\/\/www.fcgueugnon.fr\/site\/wp-content\/uploads\/2023\/07\/image_6487327-4-768x1156.jpg 768w, https:\/\/www.fcgueugnon.fr\/site\/wp-content\/uploads\/2023\/07\/image_6487327-4-1020x1536.jpg 1020w, https:\/\/www.fcgueugnon.fr\/site\/wp-content\/uploads\/2023\/07\/image_6487327-4-1360x2048.jpg 1360w, https:\/\/www.fcgueugnon.fr\/site\/wp-content\/uploads\/2023\/07\/image_6487327-4-1320x1987.jpg 1320w, https:\/\/www.fcgueugnon.fr\/site\/wp-content\/uploads\/2023\/07\/image_6487327-4-600x903.jpg 600w, https:\/\/www.fcgueugnon.fr\/site\/wp-content\/uploads\/2023\/07\/image_6487327-4-scaled.jpg 1700w\" sizes=\"auto, (max-width: 680px) 100vw, 680px\" \/><figcaption class=\"coblocks-gallery--caption\"><strong><mark style=\"background-color:rgba(0, 0, 0, 0)\" class=\"has-inline-color has-base-3-color\">Nicolas GARCIA<\/mark><\/strong><\/figcaption><\/figure><\/li><li class=\"coblocks-gallery--item\"><figure class=\"wp-block-coblocks-gallery-offset__figure\"><img loading=\"lazy\" decoding=\"async\" width=\"266\" height=\"400\" src=\"https:\/\/www.fcgueugnon.fr\/site\/wp-content\/uploads\/2023\/07\/000-1432-Original-1-266x400.jpg\" alt=\"Image gallery image\" data-id=\"5547\" class=\"wp-image-5547\" srcset=\"https:\/\/www.fcgueugnon.fr\/site\/wp-content\/uploads\/2023\/07\/000-1432-Original-1-266x400.jpg 266w, https:\/\/www.fcgueugnon.fr\/site\/wp-content\/uploads\/2023\/07\/000-1432-Original-1-680x1024.jpg 680w, https:\/\/www.fcgueugnon.fr\/site\/wp-content\/uploads\/2023\/07\/000-1432-Original-1-768x1156.jpg 768w, https:\/\/www.fcgueugnon.fr\/site\/wp-content\/uploads\/2023\/07\/000-1432-Original-1-1020x1536.jpg 1020w, https:\/\/www.fcgueugnon.fr\/site\/wp-content\/uploads\/2023\/07\/000-1432-Original-1-1360x2048.jpg 1360w, https:\/\/www.fcgueugnon.fr\/site\/wp-content\/uploads\/2023\/07\/000-1432-Original-1-1320x1987.jpg 1320w, https:\/\/www.fcgueugnon.fr\/site\/wp-content\/uploads\/2023\/07\/000-1432-Original-1-600x903.jpg 600w, https:\/\/www.fcgueugnon.fr\/site\/wp-content\/uploads\/2023\/07\/000-1432-Original-1-scaled.jpg 1700w\" sizes=\"auto, (max-width: 266px) 100vw, 266px\" \/><figcaption class=\"coblocks-gallery--caption\"><strong><mark style=\"background-color:rgba(0, 0, 0, 0)\" class=\"has-inline-color has-base-3-color\">Lubin GHAZARROSIAN\u00a0<\/mark><\/strong><\/figcaption><\/figure><\/li><\/ul><\/div>\n","protected":false},"excerpt":{"rendered":"<p>D\u00e9couvrez la poule et l&rsquo;effectif de notre groupe Espoirs pour cette nouvelle saison ! \ud835\udde3\ud835\udde2\ud835\udde8\ud835\udddf\ud835\uddd8 \ud835\uddda\ud835\udde5\ud835\udde2\ud835\udde8\ud835\udde3\ud835\uddd8 \ud835\uddd8\ud835\udde6\ud835\udde3\ud835\udde2\ud835\udddc\ud835\udde5\ud835\udde6 &#8211; \ud835\udde5\ud835\udfed \ud835\udddb\ud835\uddd8\ud835\udde5\ud835\uddd5\ud835\uddd8\ud835\udddf\ud835\udddc\ud835\udde1 \ud835\uddd8\ud835\uddd9\ud835\uddd9\ud835\uddd8\ud835\uddd6\ud835\udde7\ud835\udddc\ud835\uddd9 \ud835\uddda\ud835\udde5\ud835\udde2\ud835\udde8\ud835\udde3\ud835\uddd8 \ud835\uddd8\ud835\udde6\ud835\udde3\ud835\udde2\ud835\udddc\ud835\udde5\ud835\udde6 &#8211; \ud835\udde5\ud835\udfed \ud835\udddb\ud835\uddd8\ud835\udde5\ud835\uddd5\ud835\uddd8\ud835\udddf\ud835\udddc\ud835\udde1<\/p>\n","protected":false},"author":4,"featured_media":5520,"comment_status":"closed","ping_status":"closed","sticky":false,"template":"","format":"standard","meta":{"footnotes":""},"categories":[4,55],"tags":[17],"class_list":["post-5518","post","type-post","status-publish","format-standard","has-post-thumbnail","hentry","category-news","category-news-2023-2024","tag-calendrier","infinite-scroll-item","generate-columns","tablet-grid-50","mobile-grid-100","grid-parent","grid-25","resize-featured-image"],"yoast_head":"<!-- This site is optimized with the Yoast SEO plugin v26.6 - https:\/\/yoast.com\/wordpress\/plugins\/seo\/ -->\n<title>[Espoirs] Effectif et adversaires du groupe Espoirs pour la saison 2023-2024 &#8226; FOOTBALL CLUB GUEUGNON<\/title>\n<meta name=\"robots\" content=\"index, follow, max-snippet:-1, max-image-preview:large, max-video-preview:-1\" \/>\n<link rel=\"canonical\" href=\"https:\/\/www.fcgueugnon.fr\/site\/espoirs-effectif-et-adversaires-du-groupe-espoirs-pour-la-saison-2023-2024\/5518\" \/>\n<meta property=\"og:locale\" content=\"fr_FR\" \/>\n<meta property=\"og:type\" content=\"article\" \/>\n<meta property=\"og:title\" content=\"[Espoirs] Effectif et adversaires du groupe Espoirs pour la saison 2023-2024 &#8226; FOOTBALL CLUB GUEUGNON\" \/>\n<meta property=\"og:description\" content=\"D\u00e9couvrez la poule et l&rsquo;effectif de notre groupe Espoirs pour cette nouvelle saison ! \ud835\udde3\ud835\udde2\ud835\udde8\ud835\udddf\ud835\uddd8 \ud835\uddda\ud835\udde5\ud835\udde2\ud835\udde8\ud835\udde3\ud835\uddd8 \ud835\uddd8\ud835\udde6\ud835\udde3\ud835\udde2\ud835\udddc\ud835\udde5\ud835\udde6 &#8211; \ud835\udde5\ud835\udfed \ud835\udddb\ud835\uddd8\ud835\udde5\ud835\uddd5\ud835\uddd8\ud835\udddf\ud835\udddc\ud835\udde1 \ud835\uddd8\ud835\uddd9\ud835\uddd9\ud835\uddd8\ud835\uddd6\ud835\udde7\ud835\udddc\ud835\uddd9 \ud835\uddda\ud835\udde5\ud835\udde2\ud835\udde8\ud835\udde3\ud835\uddd8 \ud835\uddd8\ud835\udde6\ud835\udde3\ud835\udde2\ud835\udddc\ud835\udde5\ud835\udde6 &#8211; \ud835\udde5\ud835\udfed \ud835\udddb\ud835\uddd8\ud835\udde5\ud835\uddd5\ud835\uddd8\ud835\udddf\ud835\udddc\ud835\udde1\" \/>\n<meta property=\"og:url\" content=\"https:\/\/www.fcgueugnon.fr\/site\/espoirs-effectif-et-adversaires-du-groupe-espoirs-pour-la-saison-2023-2024\/5518\" \/>\n<meta property=\"og:site_name\" content=\"FOOTBALL CLUB GUEUGNON\" \/>\n<meta property=\"article:publisher\" content=\"http:\/\/facebook.com\/FCGueugnon\" \/>\n<meta property=\"article:published_time\" content=\"2023-07-21T10:00:00+00:00\" \/>\n<meta property=\"article:modified_time\" content=\"2024-10-07T09:19:30+00:00\" \/>\n<meta property=\"og:image\" content=\"https:\/\/www.fcgueugnon.fr\/site\/wp-content\/uploads\/2023\/07\/GROUPE-ESPOIRS-R1-HERBELIN-1024x576.png\" \/>\n\t<meta property=\"og:image:width\" content=\"1024\" \/>\n\t<meta property=\"og:image:height\" content=\"576\" \/>\n\t<meta property=\"og:image:type\" content=\"image\/png\" \/>\n<meta name=\"author\" content=\"FC Gueugnon\" \/>\n<meta name=\"twitter:card\" content=\"summary_large_image\" \/>\n<meta name=\"twitter:creator\" content=\"@FCGueugnon_off\" \/>\n<meta name=\"twitter:site\" content=\"@FCGueugnon_off\" \/>\n<meta name=\"twitter:label1\" content=\"\u00c9crit par\" \/>\n\t<meta name=\"twitter:data1\" content=\"FC Gueugnon\" \/>\n\t<meta name=\"twitter:label2\" content=\"Dur\u00e9e de lecture estim\u00e9e\" \/>\n\t<meta name=\"twitter:data2\" content=\"5 minutes\" \/>\n<script type=\"application\/ld+json\" class=\"yoast-schema-graph\">{\"@context\":\"https:\/\/schema.org\",\"@graph\":[{\"@type\":\"Article\",\"@id\":\"https:\/\/www.fcgueugnon.fr\/site\/espoirs-effectif-et-adversaires-du-groupe-espoirs-pour-la-saison-2023-2024\/5518#article\",\"isPartOf\":{\"@id\":\"https:\/\/www.fcgueugnon.fr\/site\/espoirs-effectif-et-adversaires-du-groupe-espoirs-pour-la-saison-2023-2024\/5518\"},\"author\":{\"name\":\"FC Gueugnon\",\"@id\":\"https:\/\/www.fcgueugnon.fr\/site\/#\/schema\/person\/6b88acb9354d23e86675fc81c54ed359\"},\"headline\":\"[Espoirs] Effectif et adversaires du groupe Espoirs pour la saison 2023-2024\",\"datePublished\":\"2023-07-21T10:00:00+00:00\",\"dateModified\":\"2024-10-07T09:19:30+00:00\",\"mainEntityOfPage\":{\"@id\":\"https:\/\/www.fcgueugnon.fr\/site\/espoirs-effectif-et-adversaires-du-groupe-espoirs-pour-la-saison-2023-2024\/5518\"},\"wordCount\":73,\"publisher\":{\"@id\":\"https:\/\/www.fcgueugnon.fr\/site\/#organization\"},\"image\":{\"@id\":\"https:\/\/www.fcgueugnon.fr\/site\/espoirs-effectif-et-adversaires-du-groupe-espoirs-pour-la-saison-2023-2024\/5518#primaryimage\"},\"thumbnailUrl\":\"https:\/\/www.fcgueugnon.fr\/site\/wp-content\/uploads\/2023\/07\/GROUPE-ESPOIRS-R1-HERBELIN.png\",\"keywords\":[\"Calendrier\"],\"articleSection\":[\"News\",\"News 2023\/2024\"],\"inLanguage\":\"fr-FR\"},{\"@type\":\"WebPage\",\"@id\":\"https:\/\/www.fcgueugnon.fr\/site\/espoirs-effectif-et-adversaires-du-groupe-espoirs-pour-la-saison-2023-2024\/5518\",\"url\":\"https:\/\/www.fcgueugnon.fr\/site\/espoirs-effectif-et-adversaires-du-groupe-espoirs-pour-la-saison-2023-2024\/5518\",\"name\":\"[Espoirs] Effectif et adversaires du groupe Espoirs pour la saison 2023-2024 &#8226; FOOTBALL CLUB GUEUGNON\",\"isPartOf\":{\"@id\":\"https:\/\/www.fcgueugnon.fr\/site\/#website\"},\"primaryImageOfPage\":{\"@id\":\"https:\/\/www.fcgueugnon.fr\/site\/espoirs-effectif-et-adversaires-du-groupe-espoirs-pour-la-saison-2023-2024\/5518#primaryimage\"},\"image\":{\"@id\":\"https:\/\/www.fcgueugnon.fr\/site\/espoirs-effectif-et-adversaires-du-groupe-espoirs-pour-la-saison-2023-2024\/5518#primaryimage\"},\"thumbnailUrl\":\"https:\/\/www.fcgueugnon.fr\/site\/wp-content\/uploads\/2023\/07\/GROUPE-ESPOIRS-R1-HERBELIN.png\",\"datePublished\":\"2023-07-21T10:00:00+00:00\",\"dateModified\":\"2024-10-07T09:19:30+00:00\",\"breadcrumb\":{\"@id\":\"https:\/\/www.fcgueugnon.fr\/site\/espoirs-effectif-et-adversaires-du-groupe-espoirs-pour-la-saison-2023-2024\/5518#breadcrumb\"},\"inLanguage\":\"fr-FR\",\"potentialAction\":[{\"@type\":\"ReadAction\",\"target\":[\"https:\/\/www.fcgueugnon.fr\/site\/espoirs-effectif-et-adversaires-du-groupe-espoirs-pour-la-saison-2023-2024\/5518\"]}]},{\"@type\":\"ImageObject\",\"inLanguage\":\"fr-FR\",\"@id\":\"https:\/\/www.fcgueugnon.fr\/site\/espoirs-effectif-et-adversaires-du-groupe-espoirs-pour-la-saison-2023-2024\/5518#primaryimage\",\"url\":\"https:\/\/www.fcgueugnon.fr\/site\/wp-content\/uploads\/2023\/07\/GROUPE-ESPOIRS-R1-HERBELIN.png\",\"contentUrl\":\"https:\/\/www.fcgueugnon.fr\/site\/wp-content\/uploads\/2023\/07\/GROUPE-ESPOIRS-R1-HERBELIN.png\",\"width\":1920,\"height\":1080},{\"@type\":\"BreadcrumbList\",\"@id\":\"https:\/\/www.fcgueugnon.fr\/site\/espoirs-effectif-et-adversaires-du-groupe-espoirs-pour-la-saison-2023-2024\/5518#breadcrumb\",\"itemListElement\":[{\"@type\":\"ListItem\",\"position\":1,\"name\":\"Accueil\",\"item\":\"https:\/\/www.fcgueugnon.fr\/site\/\"},{\"@type\":\"ListItem\",\"position\":2,\"name\":\"[Espoirs] Effectif et adversaires du groupe Espoirs pour la saison 2023-2024\"}]},{\"@type\":\"WebSite\",\"@id\":\"https:\/\/www.fcgueugnon.fr\/site\/#website\",\"url\":\"https:\/\/www.fcgueugnon.fr\/site\/\",\"name\":\"FOOTBALL CLUB GUEUGNON\",\"description\":\"Le Site Officiel des Forgerons\",\"publisher\":{\"@id\":\"https:\/\/www.fcgueugnon.fr\/site\/#organization\"},\"potentialAction\":[{\"@type\":\"SearchAction\",\"target\":{\"@type\":\"EntryPoint\",\"urlTemplate\":\"https:\/\/www.fcgueugnon.fr\/site\/?s={search_term_string}\"},\"query-input\":{\"@type\":\"PropertyValueSpecification\",\"valueRequired\":true,\"valueName\":\"search_term_string\"}}],\"inLanguage\":\"fr-FR\"},{\"@type\":\"Organization\",\"@id\":\"https:\/\/www.fcgueugnon.fr\/site\/#organization\",\"name\":\"FC Gueugnon\",\"url\":\"https:\/\/www.fcgueugnon.fr\/site\/\",\"logo\":{\"@type\":\"ImageObject\",\"inLanguage\":\"fr-FR\",\"@id\":\"https:\/\/www.fcgueugnon.fr\/site\/#\/schema\/logo\/image\/\",\"url\":\"https:\/\/www.fcgueugnon.fr\/site\/wp-content\/uploads\/2022\/07\/cropped-Logo-FCGUEUGNON-low-350x350-1.png\",\"contentUrl\":\"https:\/\/www.fcgueugnon.fr\/site\/wp-content\/uploads\/2022\/07\/cropped-Logo-FCGUEUGNON-low-350x350-1.png\",\"width\":350,\"height\":350,\"caption\":\"FC Gueugnon\"},\"image\":{\"@id\":\"https:\/\/www.fcgueugnon.fr\/site\/#\/schema\/logo\/image\/\"},\"sameAs\":[\"http:\/\/facebook.com\/FCGueugnon\",\"https:\/\/x.com\/FCGueugnon_off\",\"https:\/\/www.instagram.com\/fcgueugnon\/\",\"https:\/\/www.linkedin.com\/company\/football-club-de-gueugnon\/\",\"https:\/\/www.youtube.com\/user\/FCGueugnonnais\",\"https:\/\/fr.wikipedia.org\/wiki\/Football_Club_de_Gueugnon\"]},{\"@type\":\"Person\",\"@id\":\"https:\/\/www.fcgueugnon.fr\/site\/#\/schema\/person\/6b88acb9354d23e86675fc81c54ed359\",\"name\":\"FC Gueugnon\",\"url\":\"https:\/\/www.fcgueugnon.fr\/site\/author\/man-antu\"}]}<\/script>\n<!-- \/ Yoast SEO plugin. -->","yoast_head_json":{"title":"[Espoirs] Effectif et adversaires du groupe Espoirs pour la saison 2023-2024 &#8226; FOOTBALL CLUB GUEUGNON","robots":{"index":"index","follow":"follow","max-snippet":"max-snippet:-1","max-image-preview":"max-image-preview:large","max-video-preview":"max-video-preview:-1"},"canonical":"https:\/\/www.fcgueugnon.fr\/site\/espoirs-effectif-et-adversaires-du-groupe-espoirs-pour-la-saison-2023-2024\/5518","og_locale":"fr_FR","og_type":"article","og_title":"[Espoirs] Effectif et adversaires du groupe Espoirs pour la saison 2023-2024 &#8226; FOOTBALL CLUB GUEUGNON","og_description":"D\u00e9couvrez la poule et l&rsquo;effectif de notre groupe Espoirs pour cette nouvelle saison ! \ud835\udde3\ud835\udde2\ud835\udde8\ud835\udddf\ud835\uddd8 \ud835\uddda\ud835\udde5\ud835\udde2\ud835\udde8\ud835\udde3\ud835\uddd8 \ud835\uddd8\ud835\udde6\ud835\udde3\ud835\udde2\ud835\udddc\ud835\udde5\ud835\udde6 &#8211; \ud835\udde5\ud835\udfed \ud835\udddb\ud835\uddd8\ud835\udde5\ud835\uddd5\ud835\uddd8\ud835\udddf\ud835\udddc\ud835\udde1 \ud835\uddd8\ud835\uddd9\ud835\uddd9\ud835\uddd8\ud835\uddd6\ud835\udde7\ud835\udddc\ud835\uddd9 \ud835\uddda\ud835\udde5\ud835\udde2\ud835\udde8\ud835\udde3\ud835\uddd8 \ud835\uddd8\ud835\udde6\ud835\udde3\ud835\udde2\ud835\udddc\ud835\udde5\ud835\udde6 &#8211; \ud835\udde5\ud835\udfed \ud835\udddb\ud835\uddd8\ud835\udde5\ud835\uddd5\ud835\uddd8\ud835\udddf\ud835\udddc\ud835\udde1","og_url":"https:\/\/www.fcgueugnon.fr\/site\/espoirs-effectif-et-adversaires-du-groupe-espoirs-pour-la-saison-2023-2024\/5518","og_site_name":"FOOTBALL CLUB GUEUGNON","article_publisher":"http:\/\/facebook.com\/FCGueugnon","article_published_time":"2023-07-21T10:00:00+00:00","article_modified_time":"2024-10-07T09:19:30+00:00","og_image":[{"width":1024,"height":576,"url":"https:\/\/www.fcgueugnon.fr\/site\/wp-content\/uploads\/2023\/07\/GROUPE-ESPOIRS-R1-HERBELIN-1024x576.png","type":"image\/png"}],"author":"FC Gueugnon","twitter_card":"summary_large_image","twitter_creator":"@FCGueugnon_off","twitter_site":"@FCGueugnon_off","twitter_misc":{"\u00c9crit par":"FC Gueugnon","Dur\u00e9e de lecture estim\u00e9e":"5 minutes"},"schema":{"@context":"https:\/\/schema.org","@graph":[{"@type":"Article","@id":"https:\/\/www.fcgueugnon.fr\/site\/espoirs-effectif-et-adversaires-du-groupe-espoirs-pour-la-saison-2023-2024\/5518#article","isPartOf":{"@id":"https:\/\/www.fcgueugnon.fr\/site\/espoirs-effectif-et-adversaires-du-groupe-espoirs-pour-la-saison-2023-2024\/5518"},"author":{"name":"FC Gueugnon","@id":"https:\/\/www.fcgueugnon.fr\/site\/#\/schema\/person\/6b88acb9354d23e86675fc81c54ed359"},"headline":"[Espoirs] Effectif et adversaires du groupe Espoirs pour la saison 2023-2024","datePublished":"2023-07-21T10:00:00+00:00","dateModified":"2024-10-07T09:19:30+00:00","mainEntityOfPage":{"@id":"https:\/\/www.fcgueugnon.fr\/site\/espoirs-effectif-et-adversaires-du-groupe-espoirs-pour-la-saison-2023-2024\/5518"},"wordCount":73,"publisher":{"@id":"https:\/\/www.fcgueugnon.fr\/site\/#organization"},"image":{"@id":"https:\/\/www.fcgueugnon.fr\/site\/espoirs-effectif-et-adversaires-du-groupe-espoirs-pour-la-saison-2023-2024\/5518#primaryimage"},"thumbnailUrl":"https:\/\/www.fcgueugnon.fr\/site\/wp-content\/uploads\/2023\/07\/GROUPE-ESPOIRS-R1-HERBELIN.png","keywords":["Calendrier"],"articleSection":["News","News 2023\/2024"],"inLanguage":"fr-FR"},{"@type":"WebPage","@id":"https:\/\/www.fcgueugnon.fr\/site\/espoirs-effectif-et-adversaires-du-groupe-espoirs-pour-la-saison-2023-2024\/5518","url":"https:\/\/www.fcgueugnon.fr\/site\/espoirs-effectif-et-adversaires-du-groupe-espoirs-pour-la-saison-2023-2024\/5518","name":"[Espoirs] Effectif et adversaires du groupe Espoirs pour la saison 2023-2024 &#8226; FOOTBALL CLUB GUEUGNON","isPartOf":{"@id":"https:\/\/www.fcgueugnon.fr\/site\/#website"},"primaryImageOfPage":{"@id":"https:\/\/www.fcgueugnon.fr\/site\/espoirs-effectif-et-adversaires-du-groupe-espoirs-pour-la-saison-2023-2024\/5518#primaryimage"},"image":{"@id":"https:\/\/www.fcgueugnon.fr\/site\/espoirs-effectif-et-adversaires-du-groupe-espoirs-pour-la-saison-2023-2024\/5518#primaryimage"},"thumbnailUrl":"https:\/\/www.fcgueugnon.fr\/site\/wp-content\/uploads\/2023\/07\/GROUPE-ESPOIRS-R1-HERBELIN.png","datePublished":"2023-07-21T10:00:00+00:00","dateModified":"2024-10-07T09:19:30+00:00","breadcrumb":{"@id":"https:\/\/www.fcgueugnon.fr\/site\/espoirs-effectif-et-adversaires-du-groupe-espoirs-pour-la-saison-2023-2024\/5518#breadcrumb"},"inLanguage":"fr-FR","potentialAction":[{"@type":"ReadAction","target":["https:\/\/www.fcgueugnon.fr\/site\/espoirs-effectif-et-adversaires-du-groupe-espoirs-pour-la-saison-2023-2024\/5518"]}]},{"@type":"ImageObject","inLanguage":"fr-FR","@id":"https:\/\/www.fcgueugnon.fr\/site\/espoirs-effectif-et-adversaires-du-groupe-espoirs-pour-la-saison-2023-2024\/5518#primaryimage","url":"https:\/\/www.fcgueugnon.fr\/site\/wp-content\/uploads\/2023\/07\/GROUPE-ESPOIRS-R1-HERBELIN.png","contentUrl":"https:\/\/www.fcgueugnon.fr\/site\/wp-content\/uploads\/2023\/07\/GROUPE-ESPOIRS-R1-HERBELIN.png","width":1920,"height":1080},{"@type":"BreadcrumbList","@id":"https:\/\/www.fcgueugnon.fr\/site\/espoirs-effectif-et-adversaires-du-groupe-espoirs-pour-la-saison-2023-2024\/5518#breadcrumb","itemListElement":[{"@type":"ListItem","position":1,"name":"Accueil","item":"https:\/\/www.fcgueugnon.fr\/site\/"},{"@type":"ListItem","position":2,"name":"[Espoirs] Effectif et adversaires du groupe Espoirs pour la saison 2023-2024"}]},{"@type":"WebSite","@id":"https:\/\/www.fcgueugnon.fr\/site\/#website","url":"https:\/\/www.fcgueugnon.fr\/site\/","name":"FOOTBALL CLUB GUEUGNON","description":"Le Site Officiel des Forgerons","publisher":{"@id":"https:\/\/www.fcgueugnon.fr\/site\/#organization"},"potentialAction":[{"@type":"SearchAction","target":{"@type":"EntryPoint","urlTemplate":"https:\/\/www.fcgueugnon.fr\/site\/?s={search_term_string}"},"query-input":{"@type":"PropertyValueSpecification","valueRequired":true,"valueName":"search_term_string"}}],"inLanguage":"fr-FR"},{"@type":"Organization","@id":"https:\/\/www.fcgueugnon.fr\/site\/#organization","name":"FC Gueugnon","url":"https:\/\/www.fcgueugnon.fr\/site\/","logo":{"@type":"ImageObject","inLanguage":"fr-FR","@id":"https:\/\/www.fcgueugnon.fr\/site\/#\/schema\/logo\/image\/","url":"https:\/\/www.fcgueugnon.fr\/site\/wp-content\/uploads\/2022\/07\/cropped-Logo-FCGUEUGNON-low-350x350-1.png","contentUrl":"https:\/\/www.fcgueugnon.fr\/site\/wp-content\/uploads\/2022\/07\/cropped-Logo-FCGUEUGNON-low-350x350-1.png","width":350,"height":350,"caption":"FC Gueugnon"},"image":{"@id":"https:\/\/www.fcgueugnon.fr\/site\/#\/schema\/logo\/image\/"},"sameAs":["http:\/\/facebook.com\/FCGueugnon","https:\/\/x.com\/FCGueugnon_off","https:\/\/www.instagram.com\/fcgueugnon\/","https:\/\/www.linkedin.com\/company\/football-club-de-gueugnon\/","https:\/\/www.youtube.com\/user\/FCGueugnonnais","https:\/\/fr.wikipedia.org\/wiki\/Football_Club_de_Gueugnon"]},{"@type":"Person","@id":"https:\/\/www.fcgueugnon.fr\/site\/#\/schema\/person\/6b88acb9354d23e86675fc81c54ed359","name":"FC Gueugnon","url":"https:\/\/www.fcgueugnon.fr\/site\/author\/man-antu"}]}},"rttpg_featured_image_url":{"full":["https:\/\/www.fcgueugnon.fr\/site\/wp-content\/uploads\/2023\/07\/GROUPE-ESPOIRS-R1-HERBELIN.png",1920,1080,false],"landscape":["https:\/\/www.fcgueugnon.fr\/site\/wp-content\/uploads\/2023\/07\/GROUPE-ESPOIRS-R1-HERBELIN.png",1920,1080,false],"portraits":["https:\/\/www.fcgueugnon.fr\/site\/wp-content\/uploads\/2023\/07\/GROUPE-ESPOIRS-R1-HERBELIN.png",1920,1080,false],"thumbnail":["https:\/\/www.fcgueugnon.fr\/site\/wp-content\/uploads\/2023\/07\/GROUPE-ESPOIRS-R1-HERBELIN-150x150.png",150,150,true],"medium":["https:\/\/www.fcgueugnon.fr\/site\/wp-content\/uploads\/2023\/07\/GROUPE-ESPOIRS-R1-HERBELIN-400x225.png",400,225,true],"large":["https:\/\/www.fcgueugnon.fr\/site\/wp-content\/uploads\/2023\/07\/GROUPE-ESPOIRS-R1-HERBELIN-1024x576.png",1024,576,true],"1536x1536":["https:\/\/www.fcgueugnon.fr\/site\/wp-content\/uploads\/2023\/07\/GROUPE-ESPOIRS-R1-HERBELIN-1536x864.png",1536,864,true],"2048x2048":["https:\/\/www.fcgueugnon.fr\/site\/wp-content\/uploads\/2023\/07\/GROUPE-ESPOIRS-R1-HERBELIN.png",1920,1080,false]},"rttpg_author":{"display_name":"FC Gueugnon","author_link":"https:\/\/www.fcgueugnon.fr\/site\/author\/man-antu"},"rttpg_comment":0,"rttpg_category":"<a href=\"https:\/\/www.fcgueugnon.fr\/site\/category\/news\" rel=\"category tag\">News<\/a> <a href=\"https:\/\/www.fcgueugnon.fr\/site\/category\/news\/news-2023-2024\" rel=\"category tag\">News 2023\/2024<\/a>","rttpg_excerpt":"D\u00e9couvrez la poule et l&rsquo;effectif de notre groupe Espoirs pour cette nouvelle saison ! \ud835\udde3\ud835\udde2\ud835\udde8\ud835\udddf\ud835\uddd8 \ud835\uddda\ud835\udde5\ud835\udde2\ud835\udde8\ud835\udde3\ud835\uddd8 \ud835\uddd8\ud835\udde6\ud835\udde3\ud835\udde2\ud835\udddc\ud835\udde5\ud835\udde6 &#8211; \ud835\udde5\ud835\udfed \ud835\udddb\ud835\uddd8\ud835\udde5\ud835\uddd5\ud835\uddd8\ud835\udddf\ud835\udddc\ud835\udde1 \ud835\uddd8\ud835\uddd9\ud835\uddd9\ud835\uddd8\ud835\uddd6\ud835\udde7\ud835\udddc\ud835\uddd9 \ud835\uddda\ud835\udde5\ud835\udde2\ud835\udde8\ud835\udde3\ud835\uddd8 \ud835\uddd8\ud835\udde6\ud835\udde3\ud835\udde2\ud835\udddc\ud835\udde5\ud835\udde6 &#8211; \ud835\udde5\ud835\udfed \ud835\udddb\ud835\uddd8\ud835\udde5\ud835\uddd5\ud835\uddd8\ud835\udddf\ud835\udddc\ud835\udde1","_links":{"self":[{"href":"https:\/\/www.fcgueugnon.fr\/site\/wp-json\/wp\/v2\/posts\/5518","targetHints":{"allow":["GET"]}}],"collection":[{"href":"https:\/\/www.fcgueugnon.fr\/site\/wp-json\/wp\/v2\/posts"}],"about":[{"href":"https:\/\/www.fcgueugnon.fr\/site\/wp-json\/wp\/v2\/types\/post"}],"author":[{"embeddable":true,"href":"https:\/\/www.fcgueugnon.fr\/site\/wp-json\/wp\/v2\/users\/4"}],"replies":[{"embeddable":true,"href":"https:\/\/www.fcgueugnon.fr\/site\/wp-json\/wp\/v2\/comments?post=5518"}],"version-history":[{"count":9,"href":"https:\/\/www.fcgueugnon.fr\/site\/wp-json\/wp\/v2\/posts\/5518\/revisions"}],"predecessor-version":[{"id":5587,"href":"https:\/\/www.fcgueugnon.fr\/site\/wp-json\/wp\/v2\/posts\/5518\/revisions\/5587"}],"wp:featuredmedia":[{"embeddable":true,"href":"https:\/\/www.fcgueugnon.fr\/site\/wp-json\/wp\/v2\/media\/5520"}],"wp:attachment":[{"href":"https:\/\/www.fcgueugnon.fr\/site\/wp-json\/wp\/v2\/media?parent=5518"}],"wp:term":[{"taxonomy":"category","embeddable":true,"href":"https:\/\/www.fcgueugnon.fr\/site\/wp-json\/wp\/v2\/categories?post=5518"},{"taxonomy":"post_tag","embeddable":true,"href":"https:\/\/www.fcgueugnon.fr\/site\/wp-json\/wp\/v2\/tags?post=5518"}],"curies":[{"name":"wp","href":"https:\/\/api.w.org\/{rel}","templated":true}]}}