{"id":55171,"date":"2025-09-16T21:57:47","date_gmt":"2025-09-16T19:57:47","guid":{"rendered":"https:\/\/www.fcgueugnon.fr\/site\/?p=55171"},"modified":"2025-10-02T17:43:54","modified_gmt":"2025-10-02T15:43:54","slug":"calendrier-tirage-de-la-coupe-de-france-et-gambardella","status":"publish","type":"post","link":"https:\/\/www.fcgueugnon.fr\/site\/calendrier-tirage-de-la-coupe-de-france-et-gambardella\/55171","title":{"rendered":"[Calendrier] Tirage de la Coupe de France et Gambardella"},"content":{"rendered":"\n<h3 class=\"wp-block-heading\"><strong>Ce <strong>mardi 16 septembre<\/strong>, la <strong>Ligue Bourgogne\u2013Franche-Comt\u00e9 de Football<\/strong> a proc\u00e9d\u00e9 au tirage au sort du <strong>quatri\u00e8me tour de la Coupe de France<\/strong> et second trous de la coupe Gambardella.<\/strong><\/h3>\n\n\n\n<div style=\"height:25px\" aria-hidden=\"true\" class=\"wp-block-spacer\"><\/div>\n\n\n\n<p>Pour ce <strong>4e tour de la Coupe de France<\/strong>, <strong>le FC Gueugnon se d\u00e9placera chez l&rsquo;ESA le Breuil (D1) ou St Vallier (D2) ou bien RC Bresse Sud (R3).<br><\/strong>En effet, malgr\u00e9 la victoire de St Vallier lors du 2nd tour face \u00e0 Bresse-Sud, ce match et le r\u00e9sultat est en instruction aupr\u00e8s de la Ligue BFC pour des probl\u00e8mes de licence. Le Breuil, en attente de jouer face au vainqueur, patiente actuellement d&rsquo;une date pour jouer son 3e tour. <\/p>\n\n\n\n<p>La date et l&rsquo;adversaire du 4eme tour vous seront communiqu\u00e9 \u00e0 la suite de tout cela.<\/p>\n\n\n\n<div style=\"height:40px\" aria-hidden=\"true\" class=\"wp-block-spacer\"><\/div>\n\n\n\n<p>En <strong>Gambardella<\/strong>, apr\u00e8s la belle victoire \u00e0 Cerisiers, nos jeunes forgerons se d\u00e9placeront au <strong>stade Auxerre<\/strong>. <\/p>\n\n\n\n<div style=\"height:100px\" aria-hidden=\"true\" class=\"wp-block-spacer\"><\/div>\n","protected":false},"excerpt":{"rendered":"<p>Ce mardi 16 septembre, la Ligue Bourgogne\u2013Franche-Comt\u00e9 de Football a proc\u00e9d\u00e9 au tirage au sort du quatri\u00e8me tour de la Coupe de France et second trous de la coupe Gambardella. Pour ce 4e tour de la Coupe de France, le FC Gueugnon se d\u00e9placera chez l&rsquo;ESA le Breuil (D1) ou St Vallier (D2) ou bien &#8230; <\/p>\n<p class=\"read-more-container\"><a title=\"[Calendrier] Tirage de la Coupe de France et Gambardella\" class=\"read-more button\" href=\"https:\/\/www.fcgueugnon.fr\/site\/calendrier-tirage-de-la-coupe-de-france-et-gambardella\/55171#more-55171\" aria-label=\"Plus sur [Calendrier] Tirage de la Coupe de France et Gambardella\">Lire la suite<\/a><\/p>\n","protected":false},"author":1,"featured_media":55172,"comment_status":"closed","ping_status":"closed","sticky":false,"template":"","format":"standard","meta":{"footnotes":""},"categories":[4,118],"tags":[17],"class_list":["post-55171","post","type-post","status-publish","format-standard","has-post-thumbnail","hentry","category-news","category-news-2025-2026","tag-calendrier","infinite-scroll-item","generate-columns","tablet-grid-50","mobile-grid-100","grid-parent","grid-25","resize-featured-image"],"yoast_head":"<!-- This site is optimized with the Yoast SEO plugin v26.6 - https:\/\/yoast.com\/wordpress\/plugins\/seo\/ -->\n<title>[Calendrier] Tirage de la Coupe de France et Gambardella &#8226; FOOTBALL CLUB GUEUGNON<\/title>\n<meta name=\"robots\" content=\"index, follow, max-snippet:-1, max-image-preview:large, max-video-preview:-1\" \/>\n<link rel=\"canonical\" href=\"https:\/\/www.fcgueugnon.fr\/site\/calendrier-tirage-de-la-coupe-de-france-et-gambardella\/55171\" \/>\n<meta property=\"og:locale\" content=\"fr_FR\" \/>\n<meta property=\"og:type\" content=\"article\" \/>\n<meta property=\"og:title\" content=\"[Calendrier] Tirage de la Coupe de France et Gambardella &#8226; FOOTBALL CLUB GUEUGNON\" \/>\n<meta property=\"og:description\" content=\"Ce mardi 16 septembre, la Ligue Bourgogne\u2013Franche-Comt\u00e9 de Football a proc\u00e9d\u00e9 au tirage au sort du quatri\u00e8me tour de la Coupe de France et second trous de la coupe Gambardella. Pour ce 4e tour de la Coupe de France, le FC Gueugnon se d\u00e9placera chez l&rsquo;ESA le Breuil (D1) ou St Vallier (D2) ou bien ... Lire la suite\" \/>\n<meta property=\"og:url\" content=\"https:\/\/www.fcgueugnon.fr\/site\/calendrier-tirage-de-la-coupe-de-france-et-gambardella\/55171\" \/>\n<meta property=\"og:site_name\" content=\"FOOTBALL CLUB GUEUGNON\" \/>\n<meta property=\"article:publisher\" content=\"http:\/\/facebook.com\/FCGueugnon\" \/>\n<meta property=\"article:published_time\" content=\"2025-09-16T19:57:47+00:00\" \/>\n<meta property=\"article:modified_time\" content=\"2025-10-02T15:43:54+00:00\" \/>\n<meta property=\"og:image\" content=\"https:\/\/www.fcgueugnon.fr\/site\/wp-content\/uploads\/2025\/09\/TIRAGE-COUPE-DE-FRANCE-1-1024x576.png\" \/>\n\t<meta property=\"og:image:width\" content=\"1024\" \/>\n\t<meta property=\"og:image:height\" content=\"576\" \/>\n\t<meta property=\"og:image:type\" content=\"image\/png\" \/>\n<meta name=\"author\" content=\"FC Gueugnon\" \/>\n<meta name=\"twitter:card\" content=\"summary_large_image\" \/>\n<meta name=\"twitter:creator\" content=\"@FCGueugnon_off\" \/>\n<meta name=\"twitter:site\" content=\"@FCGueugnon_off\" \/>\n<meta name=\"twitter:label1\" content=\"\u00c9crit par\" \/>\n\t<meta name=\"twitter:data1\" content=\"FC Gueugnon\" \/>\n\t<meta name=\"twitter:label2\" content=\"Dur\u00e9e de lecture estim\u00e9e\" \/>\n\t<meta name=\"twitter:data2\" content=\"1 minute\" \/>\n<script type=\"application\/ld+json\" class=\"yoast-schema-graph\">{\"@context\":\"https:\/\/schema.org\",\"@graph\":[{\"@type\":\"Article\",\"@id\":\"https:\/\/www.fcgueugnon.fr\/site\/calendrier-tirage-de-la-coupe-de-france-et-gambardella\/55171#article\",\"isPartOf\":{\"@id\":\"https:\/\/www.fcgueugnon.fr\/site\/calendrier-tirage-de-la-coupe-de-france-et-gambardella\/55171\"},\"author\":{\"name\":\"FC Gueugnon\",\"@id\":\"https:\/\/www.fcgueugnon.fr\/site\/#\/schema\/person\/f6444fbdd35fa731ee974c03508738fb\"},\"headline\":\"[Calendrier] Tirage de la Coupe de France et Gambardella\",\"datePublished\":\"2025-09-16T19:57:47+00:00\",\"dateModified\":\"2025-10-02T15:43:54+00:00\",\"mainEntityOfPage\":{\"@id\":\"https:\/\/www.fcgueugnon.fr\/site\/calendrier-tirage-de-la-coupe-de-france-et-gambardella\/55171\"},\"wordCount\":159,\"publisher\":{\"@id\":\"https:\/\/www.fcgueugnon.fr\/site\/#organization\"},\"image\":{\"@id\":\"https:\/\/www.fcgueugnon.fr\/site\/calendrier-tirage-de-la-coupe-de-france-et-gambardella\/55171#primaryimage\"},\"thumbnailUrl\":\"https:\/\/www.fcgueugnon.fr\/site\/wp-content\/uploads\/2025\/09\/TIRAGE-COUPE-DE-FRANCE-1.png\",\"keywords\":[\"Calendrier\"],\"articleSection\":[\"News\",\"News 2025\/2026\"],\"inLanguage\":\"fr-FR\"},{\"@type\":\"WebPage\",\"@id\":\"https:\/\/www.fcgueugnon.fr\/site\/calendrier-tirage-de-la-coupe-de-france-et-gambardella\/55171\",\"url\":\"https:\/\/www.fcgueugnon.fr\/site\/calendrier-tirage-de-la-coupe-de-france-et-gambardella\/55171\",\"name\":\"[Calendrier] Tirage de la Coupe de France et Gambardella &#8226; FOOTBALL CLUB GUEUGNON\",\"isPartOf\":{\"@id\":\"https:\/\/www.fcgueugnon.fr\/site\/#website\"},\"primaryImageOfPage\":{\"@id\":\"https:\/\/www.fcgueugnon.fr\/site\/calendrier-tirage-de-la-coupe-de-france-et-gambardella\/55171#primaryimage\"},\"image\":{\"@id\":\"https:\/\/www.fcgueugnon.fr\/site\/calendrier-tirage-de-la-coupe-de-france-et-gambardella\/55171#primaryimage\"},\"thumbnailUrl\":\"https:\/\/www.fcgueugnon.fr\/site\/wp-content\/uploads\/2025\/09\/TIRAGE-COUPE-DE-FRANCE-1.png\",\"datePublished\":\"2025-09-16T19:57:47+00:00\",\"dateModified\":\"2025-10-02T15:43:54+00:00\",\"breadcrumb\":{\"@id\":\"https:\/\/www.fcgueugnon.fr\/site\/calendrier-tirage-de-la-coupe-de-france-et-gambardella\/55171#breadcrumb\"},\"inLanguage\":\"fr-FR\",\"potentialAction\":[{\"@type\":\"ReadAction\",\"target\":[\"https:\/\/www.fcgueugnon.fr\/site\/calendrier-tirage-de-la-coupe-de-france-et-gambardella\/55171\"]}]},{\"@type\":\"ImageObject\",\"inLanguage\":\"fr-FR\",\"@id\":\"https:\/\/www.fcgueugnon.fr\/site\/calendrier-tirage-de-la-coupe-de-france-et-gambardella\/55171#primaryimage\",\"url\":\"https:\/\/www.fcgueugnon.fr\/site\/wp-content\/uploads\/2025\/09\/TIRAGE-COUPE-DE-FRANCE-1.png\",\"contentUrl\":\"https:\/\/www.fcgueugnon.fr\/site\/wp-content\/uploads\/2025\/09\/TIRAGE-COUPE-DE-FRANCE-1.png\",\"width\":1920,\"height\":1080},{\"@type\":\"BreadcrumbList\",\"@id\":\"https:\/\/www.fcgueugnon.fr\/site\/calendrier-tirage-de-la-coupe-de-france-et-gambardella\/55171#breadcrumb\",\"itemListElement\":[{\"@type\":\"ListItem\",\"position\":1,\"name\":\"Accueil\",\"item\":\"https:\/\/www.fcgueugnon.fr\/site\/\"},{\"@type\":\"ListItem\",\"position\":2,\"name\":\"[Calendrier] Tirage de la Coupe de France et Gambardella\"}]},{\"@type\":\"WebSite\",\"@id\":\"https:\/\/www.fcgueugnon.fr\/site\/#website\",\"url\":\"https:\/\/www.fcgueugnon.fr\/site\/\",\"name\":\"FOOTBALL CLUB GUEUGNON\",\"description\":\"Le Site Officiel des Forgerons\",\"publisher\":{\"@id\":\"https:\/\/www.fcgueugnon.fr\/site\/#organization\"},\"potentialAction\":[{\"@type\":\"SearchAction\",\"target\":{\"@type\":\"EntryPoint\",\"urlTemplate\":\"https:\/\/www.fcgueugnon.fr\/site\/?s={search_term_string}\"},\"query-input\":{\"@type\":\"PropertyValueSpecification\",\"valueRequired\":true,\"valueName\":\"search_term_string\"}}],\"inLanguage\":\"fr-FR\"},{\"@type\":\"Organization\",\"@id\":\"https:\/\/www.fcgueugnon.fr\/site\/#organization\",\"name\":\"FC Gueugnon\",\"url\":\"https:\/\/www.fcgueugnon.fr\/site\/\",\"logo\":{\"@type\":\"ImageObject\",\"inLanguage\":\"fr-FR\",\"@id\":\"https:\/\/www.fcgueugnon.fr\/site\/#\/schema\/logo\/image\/\",\"url\":\"https:\/\/www.fcgueugnon.fr\/site\/wp-content\/uploads\/2022\/07\/cropped-Logo-FCGUEUGNON-low-350x350-1.png\",\"contentUrl\":\"https:\/\/www.fcgueugnon.fr\/site\/wp-content\/uploads\/2022\/07\/cropped-Logo-FCGUEUGNON-low-350x350-1.png\",\"width\":350,\"height\":350,\"caption\":\"FC Gueugnon\"},\"image\":{\"@id\":\"https:\/\/www.fcgueugnon.fr\/site\/#\/schema\/logo\/image\/\"},\"sameAs\":[\"http:\/\/facebook.com\/FCGueugnon\",\"https:\/\/x.com\/FCGueugnon_off\",\"https:\/\/www.instagram.com\/fcgueugnon\/\",\"https:\/\/www.linkedin.com\/company\/football-club-de-gueugnon\/\",\"https:\/\/www.youtube.com\/user\/FCGueugnonnais\",\"https:\/\/fr.wikipedia.org\/wiki\/Football_Club_de_Gueugnon\"]},{\"@type\":\"Person\",\"@id\":\"https:\/\/www.fcgueugnon.fr\/site\/#\/schema\/person\/f6444fbdd35fa731ee974c03508738fb\",\"name\":\"FC Gueugnon\",\"sameAs\":[\"https:\/\/www.fcgueugnon.fr\/site\"],\"url\":\"https:\/\/www.fcgueugnon.fr\/site\/author\/admin-antho\"}]}<\/script>\n<!-- \/ Yoast SEO plugin. -->","yoast_head_json":{"title":"[Calendrier] Tirage de la Coupe de France et Gambardella &#8226; FOOTBALL CLUB GUEUGNON","robots":{"index":"index","follow":"follow","max-snippet":"max-snippet:-1","max-image-preview":"max-image-preview:large","max-video-preview":"max-video-preview:-1"},"canonical":"https:\/\/www.fcgueugnon.fr\/site\/calendrier-tirage-de-la-coupe-de-france-et-gambardella\/55171","og_locale":"fr_FR","og_type":"article","og_title":"[Calendrier] Tirage de la Coupe de France et Gambardella &#8226; FOOTBALL CLUB GUEUGNON","og_description":"Ce mardi 16 septembre, la Ligue Bourgogne\u2013Franche-Comt\u00e9 de Football a proc\u00e9d\u00e9 au tirage au sort du quatri\u00e8me tour de la Coupe de France et second trous de la coupe Gambardella. Pour ce 4e tour de la Coupe de France, le FC Gueugnon se d\u00e9placera chez l&rsquo;ESA le Breuil (D1) ou St Vallier (D2) ou bien ... Lire la suite","og_url":"https:\/\/www.fcgueugnon.fr\/site\/calendrier-tirage-de-la-coupe-de-france-et-gambardella\/55171","og_site_name":"FOOTBALL CLUB GUEUGNON","article_publisher":"http:\/\/facebook.com\/FCGueugnon","article_published_time":"2025-09-16T19:57:47+00:00","article_modified_time":"2025-10-02T15:43:54+00:00","og_image":[{"width":1024,"height":576,"url":"https:\/\/www.fcgueugnon.fr\/site\/wp-content\/uploads\/2025\/09\/TIRAGE-COUPE-DE-FRANCE-1-1024x576.png","type":"image\/png"}],"author":"FC Gueugnon","twitter_card":"summary_large_image","twitter_creator":"@FCGueugnon_off","twitter_site":"@FCGueugnon_off","twitter_misc":{"\u00c9crit par":"FC Gueugnon","Dur\u00e9e de lecture estim\u00e9e":"1 minute"},"schema":{"@context":"https:\/\/schema.org","@graph":[{"@type":"Article","@id":"https:\/\/www.fcgueugnon.fr\/site\/calendrier-tirage-de-la-coupe-de-france-et-gambardella\/55171#article","isPartOf":{"@id":"https:\/\/www.fcgueugnon.fr\/site\/calendrier-tirage-de-la-coupe-de-france-et-gambardella\/55171"},"author":{"name":"FC Gueugnon","@id":"https:\/\/www.fcgueugnon.fr\/site\/#\/schema\/person\/f6444fbdd35fa731ee974c03508738fb"},"headline":"[Calendrier] Tirage de la Coupe de France et Gambardella","datePublished":"2025-09-16T19:57:47+00:00","dateModified":"2025-10-02T15:43:54+00:00","mainEntityOfPage":{"@id":"https:\/\/www.fcgueugnon.fr\/site\/calendrier-tirage-de-la-coupe-de-france-et-gambardella\/55171"},"wordCount":159,"publisher":{"@id":"https:\/\/www.fcgueugnon.fr\/site\/#organization"},"image":{"@id":"https:\/\/www.fcgueugnon.fr\/site\/calendrier-tirage-de-la-coupe-de-france-et-gambardella\/55171#primaryimage"},"thumbnailUrl":"https:\/\/www.fcgueugnon.fr\/site\/wp-content\/uploads\/2025\/09\/TIRAGE-COUPE-DE-FRANCE-1.png","keywords":["Calendrier"],"articleSection":["News","News 2025\/2026"],"inLanguage":"fr-FR"},{"@type":"WebPage","@id":"https:\/\/www.fcgueugnon.fr\/site\/calendrier-tirage-de-la-coupe-de-france-et-gambardella\/55171","url":"https:\/\/www.fcgueugnon.fr\/site\/calendrier-tirage-de-la-coupe-de-france-et-gambardella\/55171","name":"[Calendrier] Tirage de la Coupe de France et Gambardella &#8226; FOOTBALL CLUB GUEUGNON","isPartOf":{"@id":"https:\/\/www.fcgueugnon.fr\/site\/#website"},"primaryImageOfPage":{"@id":"https:\/\/www.fcgueugnon.fr\/site\/calendrier-tirage-de-la-coupe-de-france-et-gambardella\/55171#primaryimage"},"image":{"@id":"https:\/\/www.fcgueugnon.fr\/site\/calendrier-tirage-de-la-coupe-de-france-et-gambardella\/55171#primaryimage"},"thumbnailUrl":"https:\/\/www.fcgueugnon.fr\/site\/wp-content\/uploads\/2025\/09\/TIRAGE-COUPE-DE-FRANCE-1.png","datePublished":"2025-09-16T19:57:47+00:00","dateModified":"2025-10-02T15:43:54+00:00","breadcrumb":{"@id":"https:\/\/www.fcgueugnon.fr\/site\/calendrier-tirage-de-la-coupe-de-france-et-gambardella\/55171#breadcrumb"},"inLanguage":"fr-FR","potentialAction":[{"@type":"ReadAction","target":["https:\/\/www.fcgueugnon.fr\/site\/calendrier-tirage-de-la-coupe-de-france-et-gambardella\/55171"]}]},{"@type":"ImageObject","inLanguage":"fr-FR","@id":"https:\/\/www.fcgueugnon.fr\/site\/calendrier-tirage-de-la-coupe-de-france-et-gambardella\/55171#primaryimage","url":"https:\/\/www.fcgueugnon.fr\/site\/wp-content\/uploads\/2025\/09\/TIRAGE-COUPE-DE-FRANCE-1.png","contentUrl":"https:\/\/www.fcgueugnon.fr\/site\/wp-content\/uploads\/2025\/09\/TIRAGE-COUPE-DE-FRANCE-1.png","width":1920,"height":1080},{"@type":"BreadcrumbList","@id":"https:\/\/www.fcgueugnon.fr\/site\/calendrier-tirage-de-la-coupe-de-france-et-gambardella\/55171#breadcrumb","itemListElement":[{"@type":"ListItem","position":1,"name":"Accueil","item":"https:\/\/www.fcgueugnon.fr\/site\/"},{"@type":"ListItem","position":2,"name":"[Calendrier] Tirage de la Coupe de France et Gambardella"}]},{"@type":"WebSite","@id":"https:\/\/www.fcgueugnon.fr\/site\/#website","url":"https:\/\/www.fcgueugnon.fr\/site\/","name":"FOOTBALL CLUB GUEUGNON","description":"Le Site Officiel des Forgerons","publisher":{"@id":"https:\/\/www.fcgueugnon.fr\/site\/#organization"},"potentialAction":[{"@type":"SearchAction","target":{"@type":"EntryPoint","urlTemplate":"https:\/\/www.fcgueugnon.fr\/site\/?s={search_term_string}"},"query-input":{"@type":"PropertyValueSpecification","valueRequired":true,"valueName":"search_term_string"}}],"inLanguage":"fr-FR"},{"@type":"Organization","@id":"https:\/\/www.fcgueugnon.fr\/site\/#organization","name":"FC Gueugnon","url":"https:\/\/www.fcgueugnon.fr\/site\/","logo":{"@type":"ImageObject","inLanguage":"fr-FR","@id":"https:\/\/www.fcgueugnon.fr\/site\/#\/schema\/logo\/image\/","url":"https:\/\/www.fcgueugnon.fr\/site\/wp-content\/uploads\/2022\/07\/cropped-Logo-FCGUEUGNON-low-350x350-1.png","contentUrl":"https:\/\/www.fcgueugnon.fr\/site\/wp-content\/uploads\/2022\/07\/cropped-Logo-FCGUEUGNON-low-350x350-1.png","width":350,"height":350,"caption":"FC Gueugnon"},"image":{"@id":"https:\/\/www.fcgueugnon.fr\/site\/#\/schema\/logo\/image\/"},"sameAs":["http:\/\/facebook.com\/FCGueugnon","https:\/\/x.com\/FCGueugnon_off","https:\/\/www.instagram.com\/fcgueugnon\/","https:\/\/www.linkedin.com\/company\/football-club-de-gueugnon\/","https:\/\/www.youtube.com\/user\/FCGueugnonnais","https:\/\/fr.wikipedia.org\/wiki\/Football_Club_de_Gueugnon"]},{"@type":"Person","@id":"https:\/\/www.fcgueugnon.fr\/site\/#\/schema\/person\/f6444fbdd35fa731ee974c03508738fb","name":"FC Gueugnon","sameAs":["https:\/\/www.fcgueugnon.fr\/site"],"url":"https:\/\/www.fcgueugnon.fr\/site\/author\/admin-antho"}]}},"rttpg_featured_image_url":{"full":["https:\/\/www.fcgueugnon.fr\/site\/wp-content\/uploads\/2025\/09\/TIRAGE-COUPE-DE-FRANCE-1.png",1920,1080,false],"landscape":["https:\/\/www.fcgueugnon.fr\/site\/wp-content\/uploads\/2025\/09\/TIRAGE-COUPE-DE-FRANCE-1.png",1920,1080,false],"portraits":["https:\/\/www.fcgueugnon.fr\/site\/wp-content\/uploads\/2025\/09\/TIRAGE-COUPE-DE-FRANCE-1.png",1920,1080,false],"thumbnail":["https:\/\/www.fcgueugnon.fr\/site\/wp-content\/uploads\/2025\/09\/TIRAGE-COUPE-DE-FRANCE-1-150x150.png",150,150,true],"medium":["https:\/\/www.fcgueugnon.fr\/site\/wp-content\/uploads\/2025\/09\/TIRAGE-COUPE-DE-FRANCE-1-400x225.png",400,225,true],"large":["https:\/\/www.fcgueugnon.fr\/site\/wp-content\/uploads\/2025\/09\/TIRAGE-COUPE-DE-FRANCE-1-1024x576.png",1024,576,true],"1536x1536":["https:\/\/www.fcgueugnon.fr\/site\/wp-content\/uploads\/2025\/09\/TIRAGE-COUPE-DE-FRANCE-1-1536x864.png",1536,864,true],"2048x2048":["https:\/\/www.fcgueugnon.fr\/site\/wp-content\/uploads\/2025\/09\/TIRAGE-COUPE-DE-FRANCE-1.png",1920,1080,false]},"rttpg_author":{"display_name":"FC Gueugnon","author_link":"https:\/\/www.fcgueugnon.fr\/site\/author\/admin-antho"},"rttpg_comment":0,"rttpg_category":"<a href=\"https:\/\/www.fcgueugnon.fr\/site\/category\/news\" rel=\"category tag\">News<\/a> <a href=\"https:\/\/www.fcgueugnon.fr\/site\/category\/news\/news-2025-2026\" rel=\"category tag\">News 2025\/2026<\/a>","rttpg_excerpt":"Ce mardi 16 septembre, la Ligue Bourgogne\u2013Franche-Comt\u00e9 de Football a proc\u00e9d\u00e9 au tirage au sort du quatri\u00e8me tour de la Coupe de France et second trous de la coupe Gambardella. Pour ce 4e tour de la Coupe de France, le FC Gueugnon se d\u00e9placera chez l&rsquo;ESA le Breuil (D1) ou St Vallier (D2) ou bien\u2026","_links":{"self":[{"href":"https:\/\/www.fcgueugnon.fr\/site\/wp-json\/wp\/v2\/posts\/55171","targetHints":{"allow":["GET"]}}],"collection":[{"href":"https:\/\/www.fcgueugnon.fr\/site\/wp-json\/wp\/v2\/posts"}],"about":[{"href":"https:\/\/www.fcgueugnon.fr\/site\/wp-json\/wp\/v2\/types\/post"}],"author":[{"embeddable":true,"href":"https:\/\/www.fcgueugnon.fr\/site\/wp-json\/wp\/v2\/users\/1"}],"replies":[{"embeddable":true,"href":"https:\/\/www.fcgueugnon.fr\/site\/wp-json\/wp\/v2\/comments?post=55171"}],"version-history":[{"count":1,"href":"https:\/\/www.fcgueugnon.fr\/site\/wp-json\/wp\/v2\/posts\/55171\/revisions"}],"predecessor-version":[{"id":55173,"href":"https:\/\/www.fcgueugnon.fr\/site\/wp-json\/wp\/v2\/posts\/55171\/revisions\/55173"}],"wp:featuredmedia":[{"embeddable":true,"href":"https:\/\/www.fcgueugnon.fr\/site\/wp-json\/wp\/v2\/media\/55172"}],"wp:attachment":[{"href":"https:\/\/www.fcgueugnon.fr\/site\/wp-json\/wp\/v2\/media?parent=55171"}],"wp:term":[{"taxonomy":"category","embeddable":true,"href":"https:\/\/www.fcgueugnon.fr\/site\/wp-json\/wp\/v2\/categories?post=55171"},{"taxonomy":"post_tag","embeddable":true,"href":"https:\/\/www.fcgueugnon.fr\/site\/wp-json\/wp\/v2\/tags?post=55171"}],"curies":[{"name":"wp","href":"https:\/\/api.w.org\/{rel}","templated":true}]}}