{"id":54827,"date":"2025-08-07T18:00:00","date_gmt":"2025-08-07T16:00:00","guid":{"rendered":"https:\/\/www.fcgueugnon.fr\/site\/?p=54827"},"modified":"2025-08-05T11:27:43","modified_gmt":"2025-08-05T09:27:43","slug":"mercato-2025-2026-enzo-zanoni","status":"publish","type":"post","link":"https:\/\/www.fcgueugnon.fr\/site\/mercato-2025-2026-enzo-zanoni\/54827","title":{"rendered":"[Mercato 2025-2026] Enzo Zanoni s\u2019engage avec les Forgerons"},"content":{"rendered":"\n<h3 class=\"wp-block-heading has-text-align-left\"><strong>Le FC Gueugnon officialise la signature d\u2019Enzo Zanoni, joueur de couloir de 19 ans form\u00e9 entre la r\u00e9gion PACA et le Bourbonnais. Il arrive en provenance de l\u2019AS Dom\u00e9rat et rejoint l\u2019effectif pour la saison 2025-2026.<\/strong><\/h3>\n\n\n\n<div style=\"height:50px\" aria-hidden=\"true\" class=\"wp-block-spacer\"><\/div>\n\n\n<div class=\"wp-block-image\">\n<figure class=\"aligncenter size-full is-resized\"><img loading=\"lazy\" decoding=\"async\" width=\"2048\" height=\"2560\" src=\"https:\/\/www.fcgueugnon.fr\/site\/wp-content\/uploads\/2025\/08\/Enzo-Zanoni-scaled.jpg\" alt=\"\" class=\"wp-image-54828\" style=\"width:624px;height:auto\" srcset=\"https:\/\/www.fcgueugnon.fr\/site\/wp-content\/uploads\/2025\/08\/Enzo-Zanoni-scaled.jpg 2048w, https:\/\/www.fcgueugnon.fr\/site\/wp-content\/uploads\/2025\/08\/Enzo-Zanoni-320x400.jpg 320w, https:\/\/www.fcgueugnon.fr\/site\/wp-content\/uploads\/2025\/08\/Enzo-Zanoni-819x1024.jpg 819w, https:\/\/www.fcgueugnon.fr\/site\/wp-content\/uploads\/2025\/08\/Enzo-Zanoni-768x960.jpg 768w, https:\/\/www.fcgueugnon.fr\/site\/wp-content\/uploads\/2025\/08\/Enzo-Zanoni-1229x1536.jpg 1229w, https:\/\/www.fcgueugnon.fr\/site\/wp-content\/uploads\/2025\/08\/Enzo-Zanoni-1638x2048.jpg 1638w\" sizes=\"auto, (max-width: 2048px) 100vw, 2048px\" \/><\/figure>\n<\/div>\n\n\n<div style=\"height:50px\" aria-hidden=\"true\" class=\"wp-block-spacer\"><\/div>\n\n\n\n<div class=\"wp-block-getwid-advanced-heading\"><span class=\"wp-block-getwid-advanced-heading__content\" style=\"text-align:center;font-family:&quot;Montserrat&quot;;font-weight:normal;text-transform:\"><strong>Un parcours formateur entre Sud et Centre de la France<\/strong><\/span><\/div>\n\n\n\n<div style=\"height:20px\" aria-hidden=\"true\" class=\"wp-block-spacer\"><\/div>\n\n\n\n<p>N\u00e9 \u00e0 Antibes, Enzo Zanoni d\u00e9couvre le football \u00e0 la JS Juan-les-Pins, avant de poursuivre sa formation \u00e0 l\u2019AS Fontonne Antibes, puis au FC Mougins C\u00f4te d\u2019Azur. Il rejoint ensuite l\u2019Allier, o\u00f9 il int\u00e8gre les rangs du Commentry FC. Il y \u00e9volue pendant huit saisons, de la cat\u00e9gorie U11 \u00e0 ses d\u00e9buts en seniors, avec une parenth\u00e8se d\u2019un an au Montlu\u00e7on Football en U13.<\/p>\n\n\n\n<div style=\"height:40px\" aria-hidden=\"true\" class=\"wp-block-spacer\"><\/div>\n\n\n\n<div class=\"wp-block-getwid-advanced-heading\"><span class=\"wp-block-getwid-advanced-heading__content\" style=\"text-align:center;font-family:&quot;Montserrat&quot;;font-weight:normal;text-transform:\"><strong>Premi\u00e8re exp\u00e9rience en seniors \u00e0 Dom\u00e9rat<\/strong><\/span><\/div>\n\n\n\n<div style=\"height:20px\" aria-hidden=\"true\" class=\"wp-block-spacer\"><\/div>\n\n\n\n<p>En 2023, Enzo Zanoni effectue ses d\u00e9buts en seniors sous les couleurs de l\u2019AS Dom\u00e9rat, club \u00e9voluant en R\u00e9gional 1. Durant deux saisons, il engrange de l\u2019exp\u00e9rience au sein d\u2019un championnat comp\u00e9titif. Il rejoint d\u00e9sormais le FC Gueugnon pour poursuivre sa progression dans un nouvel environnement.<\/p>\n\n\n\n<div style=\"height:20px\" aria-hidden=\"true\" class=\"wp-block-spacer\"><\/div>\n\n\n\n<div class=\"wp-block-getwid-advanced-heading\"><span class=\"wp-block-getwid-advanced-heading__content\" style=\"text-align:center;font-family:&quot;Montserrat&quot;;font-weight:normal;text-transform:\"><strong>Une signature charg\u00e9e de sens<\/strong><\/span><\/div>\n\n\n\n<div style=\"height:20px\" aria-hidden=\"true\" class=\"wp-block-spacer\"><\/div>\n\n\n\n<p>En rejoignant le FCG, Enzo marche aussi dans les pas de son p\u00e8re, Yoann Zanoni, pass\u00e9 par le centre de formation du club et par l\u2019\u00e9quipe premi\u00e8re lors des saisons 2003-2004 et 2004-2005. Un clin d\u2019\u0153il familial et symbolique, qui renforce encore un peu plus le lien entre les Zanoni et le club forgeron.<br><\/p>\n\n\n\n<p>Le FC Gueugnon souhaite la bienvenue \u00e0 Enzo et lui souhaite pleine r\u00e9ussite dans cette nouvelle \u00e9tape de son jeune parcours.<\/p>\n\n\n\n<div style=\"height:50px\" aria-hidden=\"true\" class=\"wp-block-spacer\"><\/div>\n\n\n\n<hr class=\"wp-block-separator has-alpha-channel-opacity\"\/>\n\n\n\n<div style=\"height:50px\" aria-hidden=\"true\" class=\"wp-block-spacer\"><\/div>\n\n\n\n<h3 class=\"wp-block-heading\"><strong>R\u00e9capitulatif des transferts (Saison 2025-2026)<\/strong><\/h3>\n\n\n\n<p><strong>Arriv\u00e9es :<\/strong>\u00a0Omar Wade (Al Tadamon, Koweit), Maxime Lafay (USC Paray Foot), Andrea Gambetta (ASC Biesheim), Enzo Germain (Bourbon-Lancy), Kevin Dupasquier (FC Chalon), Ryan Hamitouche (Cardiff Corinthians), Kein Matukondolo (Louhans-Cuiseaux), Matteo Tomasi (FC Eccica Suarella), Enzo Zanoni (AS Dom\u00e9rat).<\/p>\n\n\n\n<p><strong>D\u00e9parts<\/strong> : Timoth\u00e9 Thevenet (FC Villefranche Beaujolais), Hugo Dos Santos (Chevigny Saint-Sauveur), Zakaria Grich (ES Cannet Rocheville), Erwin Gnahor\u00e9 (RC Grasse), Yunus Emre D\u00f6ner (FC Dieppe), Samy El Khiar (FC Canet Roussillon), Dava David Agossa (Girondins de Bordeaux), Marius Zampa (Nimes Olympique), Ibrahim Mohamed (Jura Dolois), Basile Delclaux (Onet Le Ch\u00e2teau Football), Paul Schacherer (\u00c9tats-Unis).<\/p>\n\n\n\n<div style=\"height:30px\" aria-hidden=\"true\" class=\"wp-block-spacer\"><\/div>\n\n\n\n<h3 class=\"wp-block-heading\">\u25ba <strong><em><a href=\"https:\/\/www.fcgueugnon.fr\/site\/tag\/mercato-2024\">D\u00e9parts, arriv\u00e9es, prolongation.. Retrouvez toute l&rsquo;actu mercato du FCG<\/a><\/em><\/strong><\/h3>\n\n\n\n<p><\/p>\n","protected":false},"excerpt":{"rendered":"<p>Le FC Gueugnon officialise la signature d\u2019Enzo Zanoni, joueur de couloir de 19 ans form\u00e9 entre la r\u00e9gion PACA et le Bourbonnais. Il arrive en provenance de l\u2019AS Dom\u00e9rat et rejoint l\u2019effectif pour la saison 2025-2026. N\u00e9 \u00e0 Antibes, Enzo Zanoni d\u00e9couvre le football \u00e0 la JS Juan-les-Pins, avant de poursuivre sa formation \u00e0 l\u2019AS &#8230; <\/p>\n<p class=\"read-more-container\"><a title=\"[Mercato 2025-2026] Enzo Zanoni s\u2019engage avec les Forgerons\" class=\"read-more button\" href=\"https:\/\/www.fcgueugnon.fr\/site\/mercato-2025-2026-enzo-zanoni\/54827#more-54827\" aria-label=\"Plus sur [Mercato 2025-2026] Enzo Zanoni s\u2019engage avec les Forgerons\">Lire la suite<\/a><\/p>\n","protected":false},"author":3,"featured_media":54828,"comment_status":"closed","ping_status":"closed","sticky":true,"template":"","format":"standard","meta":{"footnotes":""},"categories":[118],"tags":[8,63,10],"class_list":["post-54827","post","type-post","status-publish","format-standard","has-post-thumbnail","hentry","category-news-2025-2026","tag-effectif","tag-mercato-2024","tag-preparation-entrainement","infinite-scroll-item","generate-columns","tablet-grid-50","mobile-grid-100","grid-parent","grid-25","resize-featured-image"],"yoast_head":"<!-- This site is optimized with the Yoast SEO plugin v26.6 - https:\/\/yoast.com\/wordpress\/plugins\/seo\/ -->\n<title>[Mercato 2025-2026] Enzo Zanoni s\u2019engage avec les Forgerons &#8226; FOOTBALL CLUB GUEUGNON<\/title>\n<meta name=\"robots\" content=\"index, follow, max-snippet:-1, max-image-preview:large, max-video-preview:-1\" \/>\n<link rel=\"canonical\" href=\"https:\/\/www.fcgueugnon.fr\/site\/mercato-2025-2026-enzo-zanoni\/54827\" \/>\n<meta property=\"og:locale\" content=\"fr_FR\" \/>\n<meta property=\"og:type\" content=\"article\" \/>\n<meta property=\"og:title\" content=\"[Mercato 2025-2026] Enzo Zanoni s\u2019engage avec les Forgerons &#8226; FOOTBALL CLUB GUEUGNON\" \/>\n<meta property=\"og:description\" content=\"Le FC Gueugnon officialise la signature d\u2019Enzo Zanoni, joueur de couloir de 19 ans form\u00e9 entre la r\u00e9gion PACA et le Bourbonnais. Il arrive en provenance de l\u2019AS Dom\u00e9rat et rejoint l\u2019effectif pour la saison 2025-2026. N\u00e9 \u00e0 Antibes, Enzo Zanoni d\u00e9couvre le football \u00e0 la JS Juan-les-Pins, avant de poursuivre sa formation \u00e0 l\u2019AS ... Lire la suite\" \/>\n<meta property=\"og:url\" content=\"https:\/\/www.fcgueugnon.fr\/site\/mercato-2025-2026-enzo-zanoni\/54827\" \/>\n<meta property=\"og:site_name\" content=\"FOOTBALL CLUB GUEUGNON\" \/>\n<meta property=\"article:publisher\" content=\"http:\/\/facebook.com\/FCGueugnon\" \/>\n<meta property=\"article:published_time\" content=\"2025-08-07T16:00:00+00:00\" \/>\n<meta property=\"og:image\" content=\"https:\/\/www.fcgueugnon.fr\/site\/wp-content\/uploads\/2025\/08\/Enzo-Zanoni-scaled.jpg\" \/>\n\t<meta property=\"og:image:width\" content=\"2048\" \/>\n\t<meta property=\"og:image:height\" content=\"2560\" \/>\n\t<meta property=\"og:image:type\" content=\"image\/jpeg\" \/>\n<meta name=\"author\" content=\"FC Gueugnon\" \/>\n<meta name=\"twitter:card\" content=\"summary_large_image\" \/>\n<meta name=\"twitter:creator\" content=\"@FCGueugnon_off\" \/>\n<meta name=\"twitter:site\" content=\"@FCGueugnon_off\" \/>\n<meta name=\"twitter:label1\" content=\"\u00c9crit par\" \/>\n\t<meta name=\"twitter:data1\" content=\"FC Gueugnon\" \/>\n\t<meta name=\"twitter:label2\" content=\"Dur\u00e9e de lecture estim\u00e9e\" \/>\n\t<meta name=\"twitter:data2\" content=\"3 minutes\" \/>\n<script type=\"application\/ld+json\" class=\"yoast-schema-graph\">{\"@context\":\"https:\/\/schema.org\",\"@graph\":[{\"@type\":\"Article\",\"@id\":\"https:\/\/www.fcgueugnon.fr\/site\/mercato-2025-2026-enzo-zanoni\/54827#article\",\"isPartOf\":{\"@id\":\"https:\/\/www.fcgueugnon.fr\/site\/mercato-2025-2026-enzo-zanoni\/54827\"},\"author\":{\"name\":\"FC Gueugnon\",\"@id\":\"https:\/\/www.fcgueugnon.fr\/site\/#\/schema\/person\/829630bfb5d6f3ebe4d296b75687c01a\"},\"headline\":\"[Mercato 2025-2026] Enzo Zanoni s\u2019engage avec les Forgerons\",\"datePublished\":\"2025-08-07T16:00:00+00:00\",\"mainEntityOfPage\":{\"@id\":\"https:\/\/www.fcgueugnon.fr\/site\/mercato-2025-2026-enzo-zanoni\/54827\"},\"wordCount\":391,\"publisher\":{\"@id\":\"https:\/\/www.fcgueugnon.fr\/site\/#organization\"},\"image\":{\"@id\":\"https:\/\/www.fcgueugnon.fr\/site\/mercato-2025-2026-enzo-zanoni\/54827#primaryimage\"},\"thumbnailUrl\":\"https:\/\/www.fcgueugnon.fr\/site\/wp-content\/uploads\/2025\/08\/Enzo-Zanoni-scaled.jpg\",\"keywords\":[\"effectif\",\"Mercato 2024\",\"Pr\u00e9paration - Entrainement\"],\"articleSection\":[\"News 2025\/2026\"],\"inLanguage\":\"fr-FR\"},{\"@type\":\"WebPage\",\"@id\":\"https:\/\/www.fcgueugnon.fr\/site\/mercato-2025-2026-enzo-zanoni\/54827\",\"url\":\"https:\/\/www.fcgueugnon.fr\/site\/mercato-2025-2026-enzo-zanoni\/54827\",\"name\":\"[Mercato 2025-2026] Enzo Zanoni s\u2019engage avec les Forgerons &#8226; FOOTBALL CLUB GUEUGNON\",\"isPartOf\":{\"@id\":\"https:\/\/www.fcgueugnon.fr\/site\/#website\"},\"primaryImageOfPage\":{\"@id\":\"https:\/\/www.fcgueugnon.fr\/site\/mercato-2025-2026-enzo-zanoni\/54827#primaryimage\"},\"image\":{\"@id\":\"https:\/\/www.fcgueugnon.fr\/site\/mercato-2025-2026-enzo-zanoni\/54827#primaryimage\"},\"thumbnailUrl\":\"https:\/\/www.fcgueugnon.fr\/site\/wp-content\/uploads\/2025\/08\/Enzo-Zanoni-scaled.jpg\",\"datePublished\":\"2025-08-07T16:00:00+00:00\",\"breadcrumb\":{\"@id\":\"https:\/\/www.fcgueugnon.fr\/site\/mercato-2025-2026-enzo-zanoni\/54827#breadcrumb\"},\"inLanguage\":\"fr-FR\",\"potentialAction\":[{\"@type\":\"ReadAction\",\"target\":[\"https:\/\/www.fcgueugnon.fr\/site\/mercato-2025-2026-enzo-zanoni\/54827\"]}]},{\"@type\":\"ImageObject\",\"inLanguage\":\"fr-FR\",\"@id\":\"https:\/\/www.fcgueugnon.fr\/site\/mercato-2025-2026-enzo-zanoni\/54827#primaryimage\",\"url\":\"https:\/\/www.fcgueugnon.fr\/site\/wp-content\/uploads\/2025\/08\/Enzo-Zanoni-scaled.jpg\",\"contentUrl\":\"https:\/\/www.fcgueugnon.fr\/site\/wp-content\/uploads\/2025\/08\/Enzo-Zanoni-scaled.jpg\",\"width\":2048,\"height\":2560},{\"@type\":\"BreadcrumbList\",\"@id\":\"https:\/\/www.fcgueugnon.fr\/site\/mercato-2025-2026-enzo-zanoni\/54827#breadcrumb\",\"itemListElement\":[{\"@type\":\"ListItem\",\"position\":1,\"name\":\"Accueil\",\"item\":\"https:\/\/www.fcgueugnon.fr\/site\/\"},{\"@type\":\"ListItem\",\"position\":2,\"name\":\"[Mercato 2025-2026] Enzo Zanoni s\u2019engage avec les Forgerons\"}]},{\"@type\":\"WebSite\",\"@id\":\"https:\/\/www.fcgueugnon.fr\/site\/#website\",\"url\":\"https:\/\/www.fcgueugnon.fr\/site\/\",\"name\":\"FOOTBALL CLUB GUEUGNON\",\"description\":\"Le Site Officiel des Forgerons\",\"publisher\":{\"@id\":\"https:\/\/www.fcgueugnon.fr\/site\/#organization\"},\"potentialAction\":[{\"@type\":\"SearchAction\",\"target\":{\"@type\":\"EntryPoint\",\"urlTemplate\":\"https:\/\/www.fcgueugnon.fr\/site\/?s={search_term_string}\"},\"query-input\":{\"@type\":\"PropertyValueSpecification\",\"valueRequired\":true,\"valueName\":\"search_term_string\"}}],\"inLanguage\":\"fr-FR\"},{\"@type\":\"Organization\",\"@id\":\"https:\/\/www.fcgueugnon.fr\/site\/#organization\",\"name\":\"FC Gueugnon\",\"url\":\"https:\/\/www.fcgueugnon.fr\/site\/\",\"logo\":{\"@type\":\"ImageObject\",\"inLanguage\":\"fr-FR\",\"@id\":\"https:\/\/www.fcgueugnon.fr\/site\/#\/schema\/logo\/image\/\",\"url\":\"https:\/\/www.fcgueugnon.fr\/site\/wp-content\/uploads\/2022\/07\/cropped-Logo-FCGUEUGNON-low-350x350-1.png\",\"contentUrl\":\"https:\/\/www.fcgueugnon.fr\/site\/wp-content\/uploads\/2022\/07\/cropped-Logo-FCGUEUGNON-low-350x350-1.png\",\"width\":350,\"height\":350,\"caption\":\"FC Gueugnon\"},\"image\":{\"@id\":\"https:\/\/www.fcgueugnon.fr\/site\/#\/schema\/logo\/image\/\"},\"sameAs\":[\"http:\/\/facebook.com\/FCGueugnon\",\"https:\/\/x.com\/FCGueugnon_off\",\"https:\/\/www.instagram.com\/fcgueugnon\/\",\"https:\/\/www.linkedin.com\/company\/football-club-de-gueugnon\/\",\"https:\/\/www.youtube.com\/user\/FCGueugnonnais\",\"https:\/\/fr.wikipedia.org\/wiki\/Football_Club_de_Gueugnon\"]},{\"@type\":\"Person\",\"@id\":\"https:\/\/www.fcgueugnon.fr\/site\/#\/schema\/person\/829630bfb5d6f3ebe4d296b75687c01a\",\"name\":\"FC Gueugnon\",\"url\":\"https:\/\/www.fcgueugnon.fr\/site\/author\/g-avin1\"}]}<\/script>\n<!-- \/ Yoast SEO plugin. -->","yoast_head_json":{"title":"[Mercato 2025-2026] Enzo Zanoni s\u2019engage avec les Forgerons &#8226; FOOTBALL CLUB GUEUGNON","robots":{"index":"index","follow":"follow","max-snippet":"max-snippet:-1","max-image-preview":"max-image-preview:large","max-video-preview":"max-video-preview:-1"},"canonical":"https:\/\/www.fcgueugnon.fr\/site\/mercato-2025-2026-enzo-zanoni\/54827","og_locale":"fr_FR","og_type":"article","og_title":"[Mercato 2025-2026] Enzo Zanoni s\u2019engage avec les Forgerons &#8226; FOOTBALL CLUB GUEUGNON","og_description":"Le FC Gueugnon officialise la signature d\u2019Enzo Zanoni, joueur de couloir de 19 ans form\u00e9 entre la r\u00e9gion PACA et le Bourbonnais. Il arrive en provenance de l\u2019AS Dom\u00e9rat et rejoint l\u2019effectif pour la saison 2025-2026. N\u00e9 \u00e0 Antibes, Enzo Zanoni d\u00e9couvre le football \u00e0 la JS Juan-les-Pins, avant de poursuivre sa formation \u00e0 l\u2019AS ... Lire la suite","og_url":"https:\/\/www.fcgueugnon.fr\/site\/mercato-2025-2026-enzo-zanoni\/54827","og_site_name":"FOOTBALL CLUB GUEUGNON","article_publisher":"http:\/\/facebook.com\/FCGueugnon","article_published_time":"2025-08-07T16:00:00+00:00","og_image":[{"width":2048,"height":2560,"url":"https:\/\/www.fcgueugnon.fr\/site\/wp-content\/uploads\/2025\/08\/Enzo-Zanoni-scaled.jpg","type":"image\/jpeg"}],"author":"FC Gueugnon","twitter_card":"summary_large_image","twitter_creator":"@FCGueugnon_off","twitter_site":"@FCGueugnon_off","twitter_misc":{"\u00c9crit par":"FC Gueugnon","Dur\u00e9e de lecture estim\u00e9e":"3 minutes"},"schema":{"@context":"https:\/\/schema.org","@graph":[{"@type":"Article","@id":"https:\/\/www.fcgueugnon.fr\/site\/mercato-2025-2026-enzo-zanoni\/54827#article","isPartOf":{"@id":"https:\/\/www.fcgueugnon.fr\/site\/mercato-2025-2026-enzo-zanoni\/54827"},"author":{"name":"FC Gueugnon","@id":"https:\/\/www.fcgueugnon.fr\/site\/#\/schema\/person\/829630bfb5d6f3ebe4d296b75687c01a"},"headline":"[Mercato 2025-2026] Enzo Zanoni s\u2019engage avec les Forgerons","datePublished":"2025-08-07T16:00:00+00:00","mainEntityOfPage":{"@id":"https:\/\/www.fcgueugnon.fr\/site\/mercato-2025-2026-enzo-zanoni\/54827"},"wordCount":391,"publisher":{"@id":"https:\/\/www.fcgueugnon.fr\/site\/#organization"},"image":{"@id":"https:\/\/www.fcgueugnon.fr\/site\/mercato-2025-2026-enzo-zanoni\/54827#primaryimage"},"thumbnailUrl":"https:\/\/www.fcgueugnon.fr\/site\/wp-content\/uploads\/2025\/08\/Enzo-Zanoni-scaled.jpg","keywords":["effectif","Mercato 2024","Pr\u00e9paration - Entrainement"],"articleSection":["News 2025\/2026"],"inLanguage":"fr-FR"},{"@type":"WebPage","@id":"https:\/\/www.fcgueugnon.fr\/site\/mercato-2025-2026-enzo-zanoni\/54827","url":"https:\/\/www.fcgueugnon.fr\/site\/mercato-2025-2026-enzo-zanoni\/54827","name":"[Mercato 2025-2026] Enzo Zanoni s\u2019engage avec les Forgerons &#8226; FOOTBALL CLUB GUEUGNON","isPartOf":{"@id":"https:\/\/www.fcgueugnon.fr\/site\/#website"},"primaryImageOfPage":{"@id":"https:\/\/www.fcgueugnon.fr\/site\/mercato-2025-2026-enzo-zanoni\/54827#primaryimage"},"image":{"@id":"https:\/\/www.fcgueugnon.fr\/site\/mercato-2025-2026-enzo-zanoni\/54827#primaryimage"},"thumbnailUrl":"https:\/\/www.fcgueugnon.fr\/site\/wp-content\/uploads\/2025\/08\/Enzo-Zanoni-scaled.jpg","datePublished":"2025-08-07T16:00:00+00:00","breadcrumb":{"@id":"https:\/\/www.fcgueugnon.fr\/site\/mercato-2025-2026-enzo-zanoni\/54827#breadcrumb"},"inLanguage":"fr-FR","potentialAction":[{"@type":"ReadAction","target":["https:\/\/www.fcgueugnon.fr\/site\/mercato-2025-2026-enzo-zanoni\/54827"]}]},{"@type":"ImageObject","inLanguage":"fr-FR","@id":"https:\/\/www.fcgueugnon.fr\/site\/mercato-2025-2026-enzo-zanoni\/54827#primaryimage","url":"https:\/\/www.fcgueugnon.fr\/site\/wp-content\/uploads\/2025\/08\/Enzo-Zanoni-scaled.jpg","contentUrl":"https:\/\/www.fcgueugnon.fr\/site\/wp-content\/uploads\/2025\/08\/Enzo-Zanoni-scaled.jpg","width":2048,"height":2560},{"@type":"BreadcrumbList","@id":"https:\/\/www.fcgueugnon.fr\/site\/mercato-2025-2026-enzo-zanoni\/54827#breadcrumb","itemListElement":[{"@type":"ListItem","position":1,"name":"Accueil","item":"https:\/\/www.fcgueugnon.fr\/site\/"},{"@type":"ListItem","position":2,"name":"[Mercato 2025-2026] Enzo Zanoni s\u2019engage avec les Forgerons"}]},{"@type":"WebSite","@id":"https:\/\/www.fcgueugnon.fr\/site\/#website","url":"https:\/\/www.fcgueugnon.fr\/site\/","name":"FOOTBALL CLUB GUEUGNON","description":"Le Site Officiel des Forgerons","publisher":{"@id":"https:\/\/www.fcgueugnon.fr\/site\/#organization"},"potentialAction":[{"@type":"SearchAction","target":{"@type":"EntryPoint","urlTemplate":"https:\/\/www.fcgueugnon.fr\/site\/?s={search_term_string}"},"query-input":{"@type":"PropertyValueSpecification","valueRequired":true,"valueName":"search_term_string"}}],"inLanguage":"fr-FR"},{"@type":"Organization","@id":"https:\/\/www.fcgueugnon.fr\/site\/#organization","name":"FC Gueugnon","url":"https:\/\/www.fcgueugnon.fr\/site\/","logo":{"@type":"ImageObject","inLanguage":"fr-FR","@id":"https:\/\/www.fcgueugnon.fr\/site\/#\/schema\/logo\/image\/","url":"https:\/\/www.fcgueugnon.fr\/site\/wp-content\/uploads\/2022\/07\/cropped-Logo-FCGUEUGNON-low-350x350-1.png","contentUrl":"https:\/\/www.fcgueugnon.fr\/site\/wp-content\/uploads\/2022\/07\/cropped-Logo-FCGUEUGNON-low-350x350-1.png","width":350,"height":350,"caption":"FC Gueugnon"},"image":{"@id":"https:\/\/www.fcgueugnon.fr\/site\/#\/schema\/logo\/image\/"},"sameAs":["http:\/\/facebook.com\/FCGueugnon","https:\/\/x.com\/FCGueugnon_off","https:\/\/www.instagram.com\/fcgueugnon\/","https:\/\/www.linkedin.com\/company\/football-club-de-gueugnon\/","https:\/\/www.youtube.com\/user\/FCGueugnonnais","https:\/\/fr.wikipedia.org\/wiki\/Football_Club_de_Gueugnon"]},{"@type":"Person","@id":"https:\/\/www.fcgueugnon.fr\/site\/#\/schema\/person\/829630bfb5d6f3ebe4d296b75687c01a","name":"FC Gueugnon","url":"https:\/\/www.fcgueugnon.fr\/site\/author\/g-avin1"}]}},"rttpg_featured_image_url":{"full":["https:\/\/www.fcgueugnon.fr\/site\/wp-content\/uploads\/2025\/08\/Enzo-Zanoni-scaled.jpg",2048,2560,false],"landscape":["https:\/\/www.fcgueugnon.fr\/site\/wp-content\/uploads\/2025\/08\/Enzo-Zanoni-scaled.jpg",2048,2560,false],"portraits":["https:\/\/www.fcgueugnon.fr\/site\/wp-content\/uploads\/2025\/08\/Enzo-Zanoni-scaled.jpg",2048,2560,false],"thumbnail":["https:\/\/www.fcgueugnon.fr\/site\/wp-content\/uploads\/2025\/08\/Enzo-Zanoni-150x150.jpg",150,150,true],"medium":["https:\/\/www.fcgueugnon.fr\/site\/wp-content\/uploads\/2025\/08\/Enzo-Zanoni-320x400.jpg",320,400,true],"large":["https:\/\/www.fcgueugnon.fr\/site\/wp-content\/uploads\/2025\/08\/Enzo-Zanoni-819x1024.jpg",819,1024,true],"1536x1536":["https:\/\/www.fcgueugnon.fr\/site\/wp-content\/uploads\/2025\/08\/Enzo-Zanoni-1229x1536.jpg",1229,1536,true],"2048x2048":["https:\/\/www.fcgueugnon.fr\/site\/wp-content\/uploads\/2025\/08\/Enzo-Zanoni-1638x2048.jpg",1638,2048,true]},"rttpg_author":{"display_name":"FC Gueugnon","author_link":"https:\/\/www.fcgueugnon.fr\/site\/author\/g-avin1"},"rttpg_comment":0,"rttpg_category":"<a href=\"https:\/\/www.fcgueugnon.fr\/site\/category\/news\/news-2025-2026\" rel=\"category tag\">News 2025\/2026<\/a>","rttpg_excerpt":"Le FC Gueugnon officialise la signature d\u2019Enzo Zanoni, joueur de couloir de 19 ans form\u00e9 entre la r\u00e9gion PACA et le Bourbonnais. Il arrive en provenance de l\u2019AS Dom\u00e9rat et rejoint l\u2019effectif pour la saison 2025-2026. N\u00e9 \u00e0 Antibes, Enzo Zanoni d\u00e9couvre le football \u00e0 la JS Juan-les-Pins, avant de poursuivre sa formation \u00e0 l\u2019AS\u2026","_links":{"self":[{"href":"https:\/\/www.fcgueugnon.fr\/site\/wp-json\/wp\/v2\/posts\/54827","targetHints":{"allow":["GET"]}}],"collection":[{"href":"https:\/\/www.fcgueugnon.fr\/site\/wp-json\/wp\/v2\/posts"}],"about":[{"href":"https:\/\/www.fcgueugnon.fr\/site\/wp-json\/wp\/v2\/types\/post"}],"author":[{"embeddable":true,"href":"https:\/\/www.fcgueugnon.fr\/site\/wp-json\/wp\/v2\/users\/3"}],"replies":[{"embeddable":true,"href":"https:\/\/www.fcgueugnon.fr\/site\/wp-json\/wp\/v2\/comments?post=54827"}],"version-history":[{"count":4,"href":"https:\/\/www.fcgueugnon.fr\/site\/wp-json\/wp\/v2\/posts\/54827\/revisions"}],"predecessor-version":[{"id":54832,"href":"https:\/\/www.fcgueugnon.fr\/site\/wp-json\/wp\/v2\/posts\/54827\/revisions\/54832"}],"wp:featuredmedia":[{"embeddable":true,"href":"https:\/\/www.fcgueugnon.fr\/site\/wp-json\/wp\/v2\/media\/54828"}],"wp:attachment":[{"href":"https:\/\/www.fcgueugnon.fr\/site\/wp-json\/wp\/v2\/media?parent=54827"}],"wp:term":[{"taxonomy":"category","embeddable":true,"href":"https:\/\/www.fcgueugnon.fr\/site\/wp-json\/wp\/v2\/categories?post=54827"},{"taxonomy":"post_tag","embeddable":true,"href":"https:\/\/www.fcgueugnon.fr\/site\/wp-json\/wp\/v2\/tags?post=54827"}],"curies":[{"name":"wp","href":"https:\/\/api.w.org\/{rel}","templated":true}]}}