{"id":54778,"date":"2025-07-23T15:58:31","date_gmt":"2025-07-23T13:58:31","guid":{"rendered":"https:\/\/www.fcgueugnon.fr\/site\/?p=54778"},"modified":"2025-07-23T15:58:33","modified_gmt":"2025-07-23T13:58:33","slug":"mercato-2025-2026-ryan-hamitouche-integre-le-groupe-seniors","status":"publish","type":"post","link":"https:\/\/www.fcgueugnon.fr\/site\/mercato-2025-2026-ryan-hamitouche-integre-le-groupe-seniors\/54778","title":{"rendered":"[Mercato 2025-2026] Ryan Hamitouche int\u00e8gre le groupe seniors !"},"content":{"rendered":"\n<h3 class=\"wp-block-heading has-text-align-left\"><strong>Form\u00e9 en r\u00e9gion parisienne et fort de plusieurs exp\u00e9riences en France comme \u00e0 l\u2019\u00e9tranger, Ryan Hamitouche pose ses valises en Bourgogne avec la volont\u00e9 de mettre ses qualit\u00e9s au service de notre projet sportif.<\/strong><\/h3>\n\n\n\n<div style=\"height:50px\" aria-hidden=\"true\" class=\"wp-block-spacer\"><\/div>\n\n\n<div class=\"wp-block-image\">\n<figure class=\"aligncenter size-full is-resized\"><img loading=\"lazy\" decoding=\"async\" width=\"2048\" height=\"2560\" src=\"https:\/\/www.fcgueugnon.fr\/site\/wp-content\/uploads\/2025\/07\/Ryan-Hamitouche-scaled.jpg\" alt=\"\" class=\"wp-image-54779\" style=\"width:624px;height:auto\" srcset=\"https:\/\/www.fcgueugnon.fr\/site\/wp-content\/uploads\/2025\/07\/Ryan-Hamitouche-scaled.jpg 2048w, https:\/\/www.fcgueugnon.fr\/site\/wp-content\/uploads\/2025\/07\/Ryan-Hamitouche-320x400.jpg 320w, https:\/\/www.fcgueugnon.fr\/site\/wp-content\/uploads\/2025\/07\/Ryan-Hamitouche-819x1024.jpg 819w, https:\/\/www.fcgueugnon.fr\/site\/wp-content\/uploads\/2025\/07\/Ryan-Hamitouche-768x960.jpg 768w, https:\/\/www.fcgueugnon.fr\/site\/wp-content\/uploads\/2025\/07\/Ryan-Hamitouche-1229x1536.jpg 1229w, https:\/\/www.fcgueugnon.fr\/site\/wp-content\/uploads\/2025\/07\/Ryan-Hamitouche-1638x2048.jpg 1638w\" sizes=\"auto, (max-width: 2048px) 100vw, 2048px\" \/><\/figure>\n<\/div>\n\n\n<div style=\"height:50px\" aria-hidden=\"true\" class=\"wp-block-spacer\"><\/div>\n\n\n\n<div class=\"wp-block-getwid-advanced-heading\"><span class=\"wp-block-getwid-advanced-heading__content\" style=\"text-align:center;font-family:&quot;Montserrat&quot;;font-weight:normal;text-transform:\"><strong>Ryan Hamitouche s&rsquo;engage avec le FC Gueugnon !<\/strong><\/span><\/div>\n\n\n\n<div style=\"height:20px\" aria-hidden=\"true\" class=\"wp-block-spacer\"><\/div>\n\n\n\n<p>Le FC Gueugnon poursuit son mercato estival avec l\u2019arriv\u00e9e de Ryan Hamitouche, milieu de terrain polyvalent \u00e2g\u00e9 de 23 ans. Droitier, mesurant 1m70 pour 64 kg, Ryan se distingue par sa technique, sa cr\u00e9ativit\u00e9, sa vision du jeu et un volume de jeu important. Il rejoint les Forgerons apr\u00e8s une exp\u00e9rience enrichissante au Pays de Galles, o\u00f9 il a su s\u2019illustrer par ses performances offensives.<\/p>\n\n\n\n<p>Lors de la saison 2024-2025, il portait les couleurs du Cardiff Corinthians, en Arda League South East (3e division galloise), avec un bilan tr\u00e8s int\u00e9ressant : 22 matchs, 5 buts et 11 passes d\u00e9cisives. Une saison pleine pour ce joueur form\u00e9 en r\u00e9gion parisienne, pass\u00e9 ensuite par le Tours FC, o\u00f9 il s\u2019est entra\u00een\u00e9 avec le groupe National 3 tout en \u00e9voluant en R\u00e9gional 2. Pr\u00e9c\u00e9demment, Ryan avait tent\u00e9 une premi\u00e8re aventure outre-Manche avec les U23 de Highgate United FC (Angleterre). Il a \u00e9galement \u00e9volu\u00e9 en U20R1 et Seniors R1 avec le Montrouge FC.<\/p>\n\n\n\n<div style=\"height:40px\" aria-hidden=\"true\" class=\"wp-block-spacer\"><\/div>\n\n\n\n<div class=\"wp-block-getwid-advanced-heading\"><span class=\"wp-block-getwid-advanced-heading__content\" style=\"text-align:center;font-family:&quot;Montserrat&quot;;font-weight:normal;text-transform:\"><strong>Un milieu complet form\u00e9 en r\u00e9gion parisienne<\/strong><\/span><\/div>\n\n\n\n<div style=\"height:20px\" aria-hidden=\"true\" class=\"wp-block-spacer\"><\/div>\n\n\n\n<p>Ryan d\u00e9bute le football tr\u00e8s jeune \u00e0 l\u2019AS Voltaire, qu\u2019il int\u00e8gre d\u00e8s les U6 jusqu\u2019en U14. Il poursuit ensuite son d\u00e9veloppement \u00e0 Antony Sport entre les cat\u00e9gories U15 et U17, avant de rejoindre le Montrouge FC en U18 jusqu&rsquo;\u00e0 U20. Cette formation en \u00cele-de-France lui permet d\u2019acqu\u00e9rir des bases techniques et tactiques, qui l\u2019ont accompagn\u00e9 dans ses diff\u00e9rentes exp\u00e9riences en France comme \u00e0 l\u2019\u00e9tranger.<\/p>\n\n\n\n<div style=\"height:20px\" aria-hidden=\"true\" class=\"wp-block-spacer\"><\/div>\n\n\n\n<div class=\"wp-block-getwid-advanced-heading\"><span class=\"wp-block-getwid-advanced-heading__content\" style=\"text-align:center;font-family:&quot;Montserrat&quot;;font-weight:normal;text-transform:\"><strong>Une arriv\u00e9e prometteuse pour le collectif forgeron<\/strong><\/span><\/div>\n\n\n\n<div style=\"height:20px\" aria-hidden=\"true\" class=\"wp-block-spacer\"><\/div>\n\n\n\n<p>Avec sa capacit\u00e9 \u00e0 jouer \u00e0 diff\u00e9rents postes du milieu de terrain, son intelligence de jeu et sa capacit\u00e9 \u00e0 se projeter vers l\u2019avant, <strong>Ryan Hamitouche<\/strong> arrive au FC Gueugnon avec l\u2019ambition de franchir un cap au sein de notre groupe seniors. Le club se r\u00e9jouit de l\u2019accueillir et lui souhaite pleine r\u00e9ussite sous ses nouvelles couleurs.<\/p>\n\n\n\n<p>Bienvenue \u00e0 toi, Ryan\u202f!<\/p>\n\n\n\n<div style=\"height:50px\" aria-hidden=\"true\" class=\"wp-block-spacer\"><\/div>\n\n\n\n<hr class=\"wp-block-separator has-alpha-channel-opacity\"\/>\n\n\n\n<div style=\"height:50px\" aria-hidden=\"true\" class=\"wp-block-spacer\"><\/div>\n\n\n\n<h3 class=\"wp-block-heading\"><strong>R\u00e9capitulatif des transferts (Saison 2025-2026)<\/strong><\/h3>\n\n\n\n<p><strong>Arriv\u00e9es :<\/strong>\u00a0Omar Wade (Al Tadamon, Koweit), Maxime Lafay (USC Paray Foot), Andrea Gambetta (ASC Biesheim), Enzo Germain (Bourbon-Lancy), Kevin Dupasquier (FC Chalon), Ryan Hamitouche (Cardiff Corinthians).<\/p>\n\n\n\n<p><strong>D\u00e9parts<\/strong> : Timoth\u00e9 Thevenet (FC Villefranche Beaujolais), Hugo Dos Santos (Chevigny Saint-Sauveur), Zakaria Grich (ES Cannet Rocheville), Erwin Gnahor\u00e9 (RC Grasse), Yunus Emre D\u00f6ner (FC Dieppe), Samy El Khiar (FC Canet Roussillon), Dava David Agossa (Girondins de Bordeaux), Marius Zampa (Nimes Olympique), Ibrahim Mohamed (Jura Dolois), Basile Delclaux (Onet Le Ch\u00e2teau Football), Paul Schacherer (\u00c9tats-Unis).<\/p>\n\n\n\n<div style=\"height:30px\" aria-hidden=\"true\" class=\"wp-block-spacer\"><\/div>\n\n\n\n<h3 class=\"wp-block-heading\">\u25ba <strong><em><a href=\"https:\/\/www.fcgueugnon.fr\/site\/tag\/mercato-2024\">D\u00e9parts, arriv\u00e9es, prolongation.. Retrouvez toute l&rsquo;actu mercato du FCG<\/a><\/em><\/strong><\/h3>\n\n\n\n<p><\/p>\n","protected":false},"excerpt":{"rendered":"<p>Form\u00e9 en r\u00e9gion parisienne et fort de plusieurs exp\u00e9riences en France comme \u00e0 l\u2019\u00e9tranger, Ryan Hamitouche pose ses valises en Bourgogne avec la volont\u00e9 de mettre ses qualit\u00e9s au service de notre projet sportif. Le FC Gueugnon poursuit son mercato estival avec l\u2019arriv\u00e9e de Ryan Hamitouche, milieu de terrain polyvalent \u00e2g\u00e9 de 23 ans. Droitier, &#8230; <\/p>\n<p class=\"read-more-container\"><a title=\"[Mercato 2025-2026] Ryan Hamitouche int\u00e8gre le groupe seniors !\" class=\"read-more button\" href=\"https:\/\/www.fcgueugnon.fr\/site\/mercato-2025-2026-ryan-hamitouche-integre-le-groupe-seniors\/54778#more-54778\" aria-label=\"Plus sur [Mercato 2025-2026] Ryan Hamitouche int\u00e8gre le groupe seniors !\">Lire la suite<\/a><\/p>\n","protected":false},"author":3,"featured_media":54779,"comment_status":"closed","ping_status":"closed","sticky":true,"template":"","format":"standard","meta":{"footnotes":""},"categories":[118],"tags":[8,63,10],"class_list":["post-54778","post","type-post","status-publish","format-standard","has-post-thumbnail","hentry","category-news-2025-2026","tag-effectif","tag-mercato-2024","tag-preparation-entrainement","infinite-scroll-item","generate-columns","tablet-grid-50","mobile-grid-100","grid-parent","grid-25","resize-featured-image"],"yoast_head":"<!-- This site is optimized with the Yoast SEO plugin v26.6 - https:\/\/yoast.com\/wordpress\/plugins\/seo\/ -->\n<title>[Mercato 2025-2026] Ryan Hamitouche int\u00e8gre le groupe seniors ! &#8226; FOOTBALL CLUB GUEUGNON<\/title>\n<meta name=\"robots\" content=\"index, follow, max-snippet:-1, max-image-preview:large, max-video-preview:-1\" \/>\n<link rel=\"canonical\" href=\"https:\/\/www.fcgueugnon.fr\/site\/mercato-2025-2026-ryan-hamitouche-integre-le-groupe-seniors\/54778\" \/>\n<meta property=\"og:locale\" content=\"fr_FR\" \/>\n<meta property=\"og:type\" content=\"article\" \/>\n<meta property=\"og:title\" content=\"[Mercato 2025-2026] Ryan Hamitouche int\u00e8gre le groupe seniors ! &#8226; FOOTBALL CLUB GUEUGNON\" \/>\n<meta property=\"og:description\" content=\"Form\u00e9 en r\u00e9gion parisienne et fort de plusieurs exp\u00e9riences en France comme \u00e0 l\u2019\u00e9tranger, Ryan Hamitouche pose ses valises en Bourgogne avec la volont\u00e9 de mettre ses qualit\u00e9s au service de notre projet sportif. Le FC Gueugnon poursuit son mercato estival avec l\u2019arriv\u00e9e de Ryan Hamitouche, milieu de terrain polyvalent \u00e2g\u00e9 de 23 ans. Droitier, ... Lire la suite\" \/>\n<meta property=\"og:url\" content=\"https:\/\/www.fcgueugnon.fr\/site\/mercato-2025-2026-ryan-hamitouche-integre-le-groupe-seniors\/54778\" \/>\n<meta property=\"og:site_name\" content=\"FOOTBALL CLUB GUEUGNON\" \/>\n<meta property=\"article:publisher\" content=\"http:\/\/facebook.com\/FCGueugnon\" \/>\n<meta property=\"article:published_time\" content=\"2025-07-23T13:58:31+00:00\" \/>\n<meta property=\"article:modified_time\" content=\"2025-07-23T13:58:33+00:00\" \/>\n<meta property=\"og:image\" content=\"https:\/\/www.fcgueugnon.fr\/site\/wp-content\/uploads\/2025\/07\/Ryan-Hamitouche-scaled.jpg\" \/>\n\t<meta property=\"og:image:width\" content=\"2048\" \/>\n\t<meta property=\"og:image:height\" content=\"2560\" \/>\n\t<meta property=\"og:image:type\" content=\"image\/jpeg\" \/>\n<meta name=\"author\" content=\"FC Gueugnon\" \/>\n<meta name=\"twitter:card\" content=\"summary_large_image\" \/>\n<meta name=\"twitter:creator\" content=\"@FCGueugnon_off\" \/>\n<meta name=\"twitter:site\" content=\"@FCGueugnon_off\" \/>\n<meta name=\"twitter:label1\" content=\"\u00c9crit par\" \/>\n\t<meta name=\"twitter:data1\" content=\"FC Gueugnon\" \/>\n\t<meta name=\"twitter:label2\" content=\"Dur\u00e9e de lecture estim\u00e9e\" \/>\n\t<meta name=\"twitter:data2\" content=\"3 minutes\" \/>\n<script type=\"application\/ld+json\" class=\"yoast-schema-graph\">{\"@context\":\"https:\/\/schema.org\",\"@graph\":[{\"@type\":\"Article\",\"@id\":\"https:\/\/www.fcgueugnon.fr\/site\/mercato-2025-2026-ryan-hamitouche-integre-le-groupe-seniors\/54778#article\",\"isPartOf\":{\"@id\":\"https:\/\/www.fcgueugnon.fr\/site\/mercato-2025-2026-ryan-hamitouche-integre-le-groupe-seniors\/54778\"},\"author\":{\"name\":\"FC Gueugnon\",\"@id\":\"https:\/\/www.fcgueugnon.fr\/site\/#\/schema\/person\/829630bfb5d6f3ebe4d296b75687c01a\"},\"headline\":\"[Mercato 2025-2026] Ryan Hamitouche int\u00e8gre le groupe seniors !\",\"datePublished\":\"2025-07-23T13:58:31+00:00\",\"dateModified\":\"2025-07-23T13:58:33+00:00\",\"mainEntityOfPage\":{\"@id\":\"https:\/\/www.fcgueugnon.fr\/site\/mercato-2025-2026-ryan-hamitouche-integre-le-groupe-seniors\/54778\"},\"wordCount\":479,\"publisher\":{\"@id\":\"https:\/\/www.fcgueugnon.fr\/site\/#organization\"},\"image\":{\"@id\":\"https:\/\/www.fcgueugnon.fr\/site\/mercato-2025-2026-ryan-hamitouche-integre-le-groupe-seniors\/54778#primaryimage\"},\"thumbnailUrl\":\"https:\/\/www.fcgueugnon.fr\/site\/wp-content\/uploads\/2025\/07\/Ryan-Hamitouche-scaled.jpg\",\"keywords\":[\"effectif\",\"Mercato 2024\",\"Pr\u00e9paration - Entrainement\"],\"articleSection\":[\"News 2025\/2026\"],\"inLanguage\":\"fr-FR\"},{\"@type\":\"WebPage\",\"@id\":\"https:\/\/www.fcgueugnon.fr\/site\/mercato-2025-2026-ryan-hamitouche-integre-le-groupe-seniors\/54778\",\"url\":\"https:\/\/www.fcgueugnon.fr\/site\/mercato-2025-2026-ryan-hamitouche-integre-le-groupe-seniors\/54778\",\"name\":\"[Mercato 2025-2026] Ryan Hamitouche int\u00e8gre le groupe seniors ! &#8226; FOOTBALL CLUB GUEUGNON\",\"isPartOf\":{\"@id\":\"https:\/\/www.fcgueugnon.fr\/site\/#website\"},\"primaryImageOfPage\":{\"@id\":\"https:\/\/www.fcgueugnon.fr\/site\/mercato-2025-2026-ryan-hamitouche-integre-le-groupe-seniors\/54778#primaryimage\"},\"image\":{\"@id\":\"https:\/\/www.fcgueugnon.fr\/site\/mercato-2025-2026-ryan-hamitouche-integre-le-groupe-seniors\/54778#primaryimage\"},\"thumbnailUrl\":\"https:\/\/www.fcgueugnon.fr\/site\/wp-content\/uploads\/2025\/07\/Ryan-Hamitouche-scaled.jpg\",\"datePublished\":\"2025-07-23T13:58:31+00:00\",\"dateModified\":\"2025-07-23T13:58:33+00:00\",\"breadcrumb\":{\"@id\":\"https:\/\/www.fcgueugnon.fr\/site\/mercato-2025-2026-ryan-hamitouche-integre-le-groupe-seniors\/54778#breadcrumb\"},\"inLanguage\":\"fr-FR\",\"potentialAction\":[{\"@type\":\"ReadAction\",\"target\":[\"https:\/\/www.fcgueugnon.fr\/site\/mercato-2025-2026-ryan-hamitouche-integre-le-groupe-seniors\/54778\"]}]},{\"@type\":\"ImageObject\",\"inLanguage\":\"fr-FR\",\"@id\":\"https:\/\/www.fcgueugnon.fr\/site\/mercato-2025-2026-ryan-hamitouche-integre-le-groupe-seniors\/54778#primaryimage\",\"url\":\"https:\/\/www.fcgueugnon.fr\/site\/wp-content\/uploads\/2025\/07\/Ryan-Hamitouche-scaled.jpg\",\"contentUrl\":\"https:\/\/www.fcgueugnon.fr\/site\/wp-content\/uploads\/2025\/07\/Ryan-Hamitouche-scaled.jpg\",\"width\":2048,\"height\":2560},{\"@type\":\"BreadcrumbList\",\"@id\":\"https:\/\/www.fcgueugnon.fr\/site\/mercato-2025-2026-ryan-hamitouche-integre-le-groupe-seniors\/54778#breadcrumb\",\"itemListElement\":[{\"@type\":\"ListItem\",\"position\":1,\"name\":\"Accueil\",\"item\":\"https:\/\/www.fcgueugnon.fr\/site\/\"},{\"@type\":\"ListItem\",\"position\":2,\"name\":\"[Mercato 2025-2026] Ryan Hamitouche int\u00e8gre le groupe seniors !\"}]},{\"@type\":\"WebSite\",\"@id\":\"https:\/\/www.fcgueugnon.fr\/site\/#website\",\"url\":\"https:\/\/www.fcgueugnon.fr\/site\/\",\"name\":\"FOOTBALL CLUB GUEUGNON\",\"description\":\"Le Site Officiel des Forgerons\",\"publisher\":{\"@id\":\"https:\/\/www.fcgueugnon.fr\/site\/#organization\"},\"potentialAction\":[{\"@type\":\"SearchAction\",\"target\":{\"@type\":\"EntryPoint\",\"urlTemplate\":\"https:\/\/www.fcgueugnon.fr\/site\/?s={search_term_string}\"},\"query-input\":{\"@type\":\"PropertyValueSpecification\",\"valueRequired\":true,\"valueName\":\"search_term_string\"}}],\"inLanguage\":\"fr-FR\"},{\"@type\":\"Organization\",\"@id\":\"https:\/\/www.fcgueugnon.fr\/site\/#organization\",\"name\":\"FC Gueugnon\",\"url\":\"https:\/\/www.fcgueugnon.fr\/site\/\",\"logo\":{\"@type\":\"ImageObject\",\"inLanguage\":\"fr-FR\",\"@id\":\"https:\/\/www.fcgueugnon.fr\/site\/#\/schema\/logo\/image\/\",\"url\":\"https:\/\/www.fcgueugnon.fr\/site\/wp-content\/uploads\/2022\/07\/cropped-Logo-FCGUEUGNON-low-350x350-1.png\",\"contentUrl\":\"https:\/\/www.fcgueugnon.fr\/site\/wp-content\/uploads\/2022\/07\/cropped-Logo-FCGUEUGNON-low-350x350-1.png\",\"width\":350,\"height\":350,\"caption\":\"FC Gueugnon\"},\"image\":{\"@id\":\"https:\/\/www.fcgueugnon.fr\/site\/#\/schema\/logo\/image\/\"},\"sameAs\":[\"http:\/\/facebook.com\/FCGueugnon\",\"https:\/\/x.com\/FCGueugnon_off\",\"https:\/\/www.instagram.com\/fcgueugnon\/\",\"https:\/\/www.linkedin.com\/company\/football-club-de-gueugnon\/\",\"https:\/\/www.youtube.com\/user\/FCGueugnonnais\",\"https:\/\/fr.wikipedia.org\/wiki\/Football_Club_de_Gueugnon\"]},{\"@type\":\"Person\",\"@id\":\"https:\/\/www.fcgueugnon.fr\/site\/#\/schema\/person\/829630bfb5d6f3ebe4d296b75687c01a\",\"name\":\"FC Gueugnon\",\"url\":\"https:\/\/www.fcgueugnon.fr\/site\/author\/g-avin1\"}]}<\/script>\n<!-- \/ Yoast SEO plugin. -->","yoast_head_json":{"title":"[Mercato 2025-2026] Ryan Hamitouche int\u00e8gre le groupe seniors ! &#8226; FOOTBALL CLUB GUEUGNON","robots":{"index":"index","follow":"follow","max-snippet":"max-snippet:-1","max-image-preview":"max-image-preview:large","max-video-preview":"max-video-preview:-1"},"canonical":"https:\/\/www.fcgueugnon.fr\/site\/mercato-2025-2026-ryan-hamitouche-integre-le-groupe-seniors\/54778","og_locale":"fr_FR","og_type":"article","og_title":"[Mercato 2025-2026] Ryan Hamitouche int\u00e8gre le groupe seniors ! &#8226; FOOTBALL CLUB GUEUGNON","og_description":"Form\u00e9 en r\u00e9gion parisienne et fort de plusieurs exp\u00e9riences en France comme \u00e0 l\u2019\u00e9tranger, Ryan Hamitouche pose ses valises en Bourgogne avec la volont\u00e9 de mettre ses qualit\u00e9s au service de notre projet sportif. Le FC Gueugnon poursuit son mercato estival avec l\u2019arriv\u00e9e de Ryan Hamitouche, milieu de terrain polyvalent \u00e2g\u00e9 de 23 ans. Droitier, ... Lire la suite","og_url":"https:\/\/www.fcgueugnon.fr\/site\/mercato-2025-2026-ryan-hamitouche-integre-le-groupe-seniors\/54778","og_site_name":"FOOTBALL CLUB GUEUGNON","article_publisher":"http:\/\/facebook.com\/FCGueugnon","article_published_time":"2025-07-23T13:58:31+00:00","article_modified_time":"2025-07-23T13:58:33+00:00","og_image":[{"width":2048,"height":2560,"url":"https:\/\/www.fcgueugnon.fr\/site\/wp-content\/uploads\/2025\/07\/Ryan-Hamitouche-scaled.jpg","type":"image\/jpeg"}],"author":"FC Gueugnon","twitter_card":"summary_large_image","twitter_creator":"@FCGueugnon_off","twitter_site":"@FCGueugnon_off","twitter_misc":{"\u00c9crit par":"FC Gueugnon","Dur\u00e9e de lecture estim\u00e9e":"3 minutes"},"schema":{"@context":"https:\/\/schema.org","@graph":[{"@type":"Article","@id":"https:\/\/www.fcgueugnon.fr\/site\/mercato-2025-2026-ryan-hamitouche-integre-le-groupe-seniors\/54778#article","isPartOf":{"@id":"https:\/\/www.fcgueugnon.fr\/site\/mercato-2025-2026-ryan-hamitouche-integre-le-groupe-seniors\/54778"},"author":{"name":"FC Gueugnon","@id":"https:\/\/www.fcgueugnon.fr\/site\/#\/schema\/person\/829630bfb5d6f3ebe4d296b75687c01a"},"headline":"[Mercato 2025-2026] Ryan Hamitouche int\u00e8gre le groupe seniors !","datePublished":"2025-07-23T13:58:31+00:00","dateModified":"2025-07-23T13:58:33+00:00","mainEntityOfPage":{"@id":"https:\/\/www.fcgueugnon.fr\/site\/mercato-2025-2026-ryan-hamitouche-integre-le-groupe-seniors\/54778"},"wordCount":479,"publisher":{"@id":"https:\/\/www.fcgueugnon.fr\/site\/#organization"},"image":{"@id":"https:\/\/www.fcgueugnon.fr\/site\/mercato-2025-2026-ryan-hamitouche-integre-le-groupe-seniors\/54778#primaryimage"},"thumbnailUrl":"https:\/\/www.fcgueugnon.fr\/site\/wp-content\/uploads\/2025\/07\/Ryan-Hamitouche-scaled.jpg","keywords":["effectif","Mercato 2024","Pr\u00e9paration - Entrainement"],"articleSection":["News 2025\/2026"],"inLanguage":"fr-FR"},{"@type":"WebPage","@id":"https:\/\/www.fcgueugnon.fr\/site\/mercato-2025-2026-ryan-hamitouche-integre-le-groupe-seniors\/54778","url":"https:\/\/www.fcgueugnon.fr\/site\/mercato-2025-2026-ryan-hamitouche-integre-le-groupe-seniors\/54778","name":"[Mercato 2025-2026] Ryan Hamitouche int\u00e8gre le groupe seniors ! &#8226; FOOTBALL CLUB GUEUGNON","isPartOf":{"@id":"https:\/\/www.fcgueugnon.fr\/site\/#website"},"primaryImageOfPage":{"@id":"https:\/\/www.fcgueugnon.fr\/site\/mercato-2025-2026-ryan-hamitouche-integre-le-groupe-seniors\/54778#primaryimage"},"image":{"@id":"https:\/\/www.fcgueugnon.fr\/site\/mercato-2025-2026-ryan-hamitouche-integre-le-groupe-seniors\/54778#primaryimage"},"thumbnailUrl":"https:\/\/www.fcgueugnon.fr\/site\/wp-content\/uploads\/2025\/07\/Ryan-Hamitouche-scaled.jpg","datePublished":"2025-07-23T13:58:31+00:00","dateModified":"2025-07-23T13:58:33+00:00","breadcrumb":{"@id":"https:\/\/www.fcgueugnon.fr\/site\/mercato-2025-2026-ryan-hamitouche-integre-le-groupe-seniors\/54778#breadcrumb"},"inLanguage":"fr-FR","potentialAction":[{"@type":"ReadAction","target":["https:\/\/www.fcgueugnon.fr\/site\/mercato-2025-2026-ryan-hamitouche-integre-le-groupe-seniors\/54778"]}]},{"@type":"ImageObject","inLanguage":"fr-FR","@id":"https:\/\/www.fcgueugnon.fr\/site\/mercato-2025-2026-ryan-hamitouche-integre-le-groupe-seniors\/54778#primaryimage","url":"https:\/\/www.fcgueugnon.fr\/site\/wp-content\/uploads\/2025\/07\/Ryan-Hamitouche-scaled.jpg","contentUrl":"https:\/\/www.fcgueugnon.fr\/site\/wp-content\/uploads\/2025\/07\/Ryan-Hamitouche-scaled.jpg","width":2048,"height":2560},{"@type":"BreadcrumbList","@id":"https:\/\/www.fcgueugnon.fr\/site\/mercato-2025-2026-ryan-hamitouche-integre-le-groupe-seniors\/54778#breadcrumb","itemListElement":[{"@type":"ListItem","position":1,"name":"Accueil","item":"https:\/\/www.fcgueugnon.fr\/site\/"},{"@type":"ListItem","position":2,"name":"[Mercato 2025-2026] Ryan Hamitouche int\u00e8gre le groupe seniors !"}]},{"@type":"WebSite","@id":"https:\/\/www.fcgueugnon.fr\/site\/#website","url":"https:\/\/www.fcgueugnon.fr\/site\/","name":"FOOTBALL CLUB GUEUGNON","description":"Le Site Officiel des Forgerons","publisher":{"@id":"https:\/\/www.fcgueugnon.fr\/site\/#organization"},"potentialAction":[{"@type":"SearchAction","target":{"@type":"EntryPoint","urlTemplate":"https:\/\/www.fcgueugnon.fr\/site\/?s={search_term_string}"},"query-input":{"@type":"PropertyValueSpecification","valueRequired":true,"valueName":"search_term_string"}}],"inLanguage":"fr-FR"},{"@type":"Organization","@id":"https:\/\/www.fcgueugnon.fr\/site\/#organization","name":"FC Gueugnon","url":"https:\/\/www.fcgueugnon.fr\/site\/","logo":{"@type":"ImageObject","inLanguage":"fr-FR","@id":"https:\/\/www.fcgueugnon.fr\/site\/#\/schema\/logo\/image\/","url":"https:\/\/www.fcgueugnon.fr\/site\/wp-content\/uploads\/2022\/07\/cropped-Logo-FCGUEUGNON-low-350x350-1.png","contentUrl":"https:\/\/www.fcgueugnon.fr\/site\/wp-content\/uploads\/2022\/07\/cropped-Logo-FCGUEUGNON-low-350x350-1.png","width":350,"height":350,"caption":"FC Gueugnon"},"image":{"@id":"https:\/\/www.fcgueugnon.fr\/site\/#\/schema\/logo\/image\/"},"sameAs":["http:\/\/facebook.com\/FCGueugnon","https:\/\/x.com\/FCGueugnon_off","https:\/\/www.instagram.com\/fcgueugnon\/","https:\/\/www.linkedin.com\/company\/football-club-de-gueugnon\/","https:\/\/www.youtube.com\/user\/FCGueugnonnais","https:\/\/fr.wikipedia.org\/wiki\/Football_Club_de_Gueugnon"]},{"@type":"Person","@id":"https:\/\/www.fcgueugnon.fr\/site\/#\/schema\/person\/829630bfb5d6f3ebe4d296b75687c01a","name":"FC Gueugnon","url":"https:\/\/www.fcgueugnon.fr\/site\/author\/g-avin1"}]}},"rttpg_featured_image_url":{"full":["https:\/\/www.fcgueugnon.fr\/site\/wp-content\/uploads\/2025\/07\/Ryan-Hamitouche-scaled.jpg",2048,2560,false],"landscape":["https:\/\/www.fcgueugnon.fr\/site\/wp-content\/uploads\/2025\/07\/Ryan-Hamitouche-scaled.jpg",2048,2560,false],"portraits":["https:\/\/www.fcgueugnon.fr\/site\/wp-content\/uploads\/2025\/07\/Ryan-Hamitouche-scaled.jpg",2048,2560,false],"thumbnail":["https:\/\/www.fcgueugnon.fr\/site\/wp-content\/uploads\/2025\/07\/Ryan-Hamitouche-150x150.jpg",150,150,true],"medium":["https:\/\/www.fcgueugnon.fr\/site\/wp-content\/uploads\/2025\/07\/Ryan-Hamitouche-320x400.jpg",320,400,true],"large":["https:\/\/www.fcgueugnon.fr\/site\/wp-content\/uploads\/2025\/07\/Ryan-Hamitouche-819x1024.jpg",819,1024,true],"1536x1536":["https:\/\/www.fcgueugnon.fr\/site\/wp-content\/uploads\/2025\/07\/Ryan-Hamitouche-1229x1536.jpg",1229,1536,true],"2048x2048":["https:\/\/www.fcgueugnon.fr\/site\/wp-content\/uploads\/2025\/07\/Ryan-Hamitouche-1638x2048.jpg",1638,2048,true]},"rttpg_author":{"display_name":"FC Gueugnon","author_link":"https:\/\/www.fcgueugnon.fr\/site\/author\/g-avin1"},"rttpg_comment":0,"rttpg_category":"<a href=\"https:\/\/www.fcgueugnon.fr\/site\/category\/news\/news-2025-2026\" rel=\"category tag\">News 2025\/2026<\/a>","rttpg_excerpt":"Form\u00e9 en r\u00e9gion parisienne et fort de plusieurs exp\u00e9riences en France comme \u00e0 l\u2019\u00e9tranger, Ryan Hamitouche pose ses valises en Bourgogne avec la volont\u00e9 de mettre ses qualit\u00e9s au service de notre projet sportif. Le FC Gueugnon poursuit son mercato estival avec l\u2019arriv\u00e9e de Ryan Hamitouche, milieu de terrain polyvalent \u00e2g\u00e9 de 23 ans. Droitier,\u2026","_links":{"self":[{"href":"https:\/\/www.fcgueugnon.fr\/site\/wp-json\/wp\/v2\/posts\/54778","targetHints":{"allow":["GET"]}}],"collection":[{"href":"https:\/\/www.fcgueugnon.fr\/site\/wp-json\/wp\/v2\/posts"}],"about":[{"href":"https:\/\/www.fcgueugnon.fr\/site\/wp-json\/wp\/v2\/types\/post"}],"author":[{"embeddable":true,"href":"https:\/\/www.fcgueugnon.fr\/site\/wp-json\/wp\/v2\/users\/3"}],"replies":[{"embeddable":true,"href":"https:\/\/www.fcgueugnon.fr\/site\/wp-json\/wp\/v2\/comments?post=54778"}],"version-history":[{"count":1,"href":"https:\/\/www.fcgueugnon.fr\/site\/wp-json\/wp\/v2\/posts\/54778\/revisions"}],"predecessor-version":[{"id":54780,"href":"https:\/\/www.fcgueugnon.fr\/site\/wp-json\/wp\/v2\/posts\/54778\/revisions\/54780"}],"wp:featuredmedia":[{"embeddable":true,"href":"https:\/\/www.fcgueugnon.fr\/site\/wp-json\/wp\/v2\/media\/54779"}],"wp:attachment":[{"href":"https:\/\/www.fcgueugnon.fr\/site\/wp-json\/wp\/v2\/media?parent=54778"}],"wp:term":[{"taxonomy":"category","embeddable":true,"href":"https:\/\/www.fcgueugnon.fr\/site\/wp-json\/wp\/v2\/categories?post=54778"},{"taxonomy":"post_tag","embeddable":true,"href":"https:\/\/www.fcgueugnon.fr\/site\/wp-json\/wp\/v2\/tags?post=54778"}],"curies":[{"name":"wp","href":"https:\/\/api.w.org\/{rel}","templated":true}]}}