{"id":545,"date":"2022-07-22T17:45:00","date_gmt":"2022-07-22T15:45:00","guid":{"rendered":"https:\/\/www.fcgueugnon.fr\/site\/?p=545"},"modified":"2022-08-12T22:52:10","modified_gmt":"2022-08-12T20:52:10","slug":"mercato-soni-mustivar-derniere-recrue-jaune-et-bleue","status":"publish","type":"post","link":"https:\/\/www.fcgueugnon.fr\/site\/mercato-soni-mustivar-derniere-recrue-jaune-et-bleue\/545","title":{"rendered":"[Mercato] Soni Mustivar, derni\u00e8re recrue jaune et bleue"},"content":{"rendered":"\n<h3 class=\"has-text-align-left wp-block-heading\"><strong>Le FC Gueugnon cl\u00f4ture son mercato estival avec le recrutement d&rsquo;un milieu de terrain : Soni Mustivar.<\/strong><\/h3>\n\n\n\n<div style=\"height:30px\" aria-hidden=\"true\" class=\"wp-block-spacer\"><\/div>\n\n\n\n<div class=\"wp-block-columns is-layout-flex wp-container-core-columns-is-layout-9d6595d7 wp-block-columns-is-layout-flex\">\n<div class=\"wp-block-column is-layout-flow wp-block-column-is-layout-flow\" style=\"flex-basis:100%\"><div class=\"wp-block-image\">\n<figure class=\"aligncenter size-large\"><img decoding=\"async\" src=\"https:\/\/www.fcgueugnon.fr\/wp\/wp-content\/uploads\/2022\/07\/Soni-Mustivar-1-700x700.png\" alt=\"\" class=\"wp-image-51258\"\/><\/figure>\n<\/div><\/div>\n<\/div>\n\n\n\n<div style=\"height:30px\" aria-hidden=\"true\" class=\"wp-block-spacer\"><\/div>\n\n\n\n<h3 class=\"western wp-block-heading\"><strong>Soni Mustivar, Milieu de terrain &#8211; 32 ans<\/strong><\/h3>\n\n\n\n<p>Soni commence sa formation au Centre de Formation de Football de Paris (CFFP), avant d&rsquo;int\u00e9grer le club de sa ville natale, le CM Aubervilliers, en 2004. 3 ans plus tard, le milieu de terrain devient professionnel, apr\u00e8s avoir rejoint l&rsquo;\u00eele de beaut\u00e9 et le SC Bastia. Il participera \u00e0 22 rencontres de Ligue 2 avec le club Corse puis rejoindra l&rsquo;US Orl\u00e9ans en National.<\/p>\n\n\n\n<p>Fort de cette exp\u00e9rience, Soni va tenter une nouvelle aventure \u00e0 l&rsquo;\u00e9tranger et \u00e9voluera dans divers championnats professionnels : 5 saisons avec le FC Petrolul puis avec Hermannstadt (1\u00e8re division roumaine) o\u00f9 il remportera la coupe nationale, 4 saisons \u00e0 Kansas City en MLS o\u00f9 il soul\u00e8vera \u00e0 deux reprises l&rsquo;US Open Cup. Apr\u00e8s 3 ans en Azerba\u00efdjan et un \u00e0 Chypre, le natif d&rsquo;Aubervilliers retrouve la saison derni\u00e8re la France. Il prendra part \u00e0 11 matchs de National 2 avec l&rsquo;Entente Sannois Saint-Gratien.<\/p>\n\n\n\n<p>Sur la sc\u00e8ne internationale, Soni comptabilise 24 capes avec la s\u00e9lection ha\u00eftienne et 4 avec l&rsquo;\u00c9quipe de France des moins de 20 ans.<\/p>\n\n\n\n<p>Bienvenue au FC Gueugnon Soni !<\/p>\n\n\n\n<p>Merci \u00e0 Christophe Puhl et \u00e0 Athletics Advisors SARL pour la qualit\u00e9 des \u00e9changes entretenus.<\/p>\n\n\n\n<div style=\"height:30px\" aria-hidden=\"true\" class=\"wp-block-spacer\"><\/div>\n\n\n\n<h3 class=\"wp-block-heading\"><strong>La r\u00e9action de Richard TRIVINO, Directeur Sportif<\/strong><\/h3>\n\n\n<div class=\"wp-block-image\">\n<figure class=\"aligncenter size-large is-resized\"><img loading=\"lazy\" decoding=\"async\" src=\"https:\/\/www.fcgueugnon.fr\/site\/wp-content\/uploads\/2022\/08\/Richard-Trivino-709x1024.png\" alt=\"\" class=\"wp-image-442\" width=\"355\" height=\"512\" srcset=\"https:\/\/www.fcgueugnon.fr\/site\/wp-content\/uploads\/2022\/08\/Richard-Trivino-709x1024.png 709w, https:\/\/www.fcgueugnon.fr\/site\/wp-content\/uploads\/2022\/08\/Richard-Trivino-277x400.png 277w, https:\/\/www.fcgueugnon.fr\/site\/wp-content\/uploads\/2022\/08\/Richard-Trivino-768x1109.png 768w, https:\/\/www.fcgueugnon.fr\/site\/wp-content\/uploads\/2022\/08\/Richard-Trivino.png 1063w\" sizes=\"auto, (max-width: 355px) 100vw, 355px\" \/><\/figure>\n<\/div>\n\n\n<p><em>\u00ab Ce sera notre derni\u00e8re arriv\u00e9e pour cette nouvelle saison. Pour finir notre recrutement, nous cherchions \u00e0 \u00e9toffer notre milieu de terrain. Soni, qui a connu diff\u00e9rents championnats professionnels et notamment la Ligue 2 fran\u00e7aise, va nous apporter sa qualit\u00e9 technique, son volume de jeu et son exp\u00e9rience. \u00bb<\/em><\/p>\n\n\n\n<div style=\"height:30px\" aria-hidden=\"true\" class=\"wp-block-spacer\"><\/div>\n\n\n\n<p class=\"has-text-align-center\">&#8212;<\/p>\n\n\n\n<h3 class=\"wp-block-heading\"><strong><em>R\u00e9capitulatif des transferts (saison 2022-2023) :<\/em><\/strong><\/h3>\n\n\n\n<p><strong>Arriv\u00e9es :<\/strong>\u00a0Arnaud Rollin (FCMB),\u00a0Ibrahim Mohamed (Besan\u00e7on Football),\u00a0Hugo Ketterle (ASPTT Dijon),\u00a0J\u00e9r\u00e9my Fahrasmane (US Granville), Basile Delclaux (Rodez AF), Anthony Chauvet (Saint-Louis Neuweg), Taylor Salibur (Vannes OC), Oumerou Dram\u00e9 (Saint-Colomban Locmin\u00e9), Nils Bouekou (SO Ch\u00e2tellerault), Sidi Lamin Helal (US Colomiers), Soni Mustivar (Entente Sannois Saint-Gratien).<\/p>\n\n\n\n<p><strong>D\u00e9parts :<\/strong>&nbsp;Dylan Mamessier (Paray Foot), Mansour Demba (ESM Gonfreville), Florent Rizzolo (Stade Bordelais), Marly Rampont (Racing Besan\u00e7on), Sa\u00efdou Sam (Lyon la Duch\u00e8re), Ronaldinho Magalhaes (J3 Amilly Football), Axel Drouhin (Dijon FCO), Hamza Boudjemaa (FC Saint-L\u00f4 Manche).<\/p>\n\n\n\n<h3 class=\"wp-block-heading\">\u25ba <strong><em><a href=\"https:\/\/www.fcgueugnon.fr\/site\/tag\/mercato-2022\">Retrouvez toute l&rsquo;actu mercato du FCG sur ce lien<\/a><\/em><\/strong><\/h3>\n\n\n\n<p><\/p>\n","protected":false},"excerpt":{"rendered":"<p>Le FC Gueugnon cl\u00f4ture son mercato estival avec le recrutement d&rsquo;un milieu de terrain : Soni Mustivar. Soni Mustivar, Milieu de terrain &#8211; 32 ans Soni commence sa formation au Centre de Formation de Football de Paris (CFFP), avant d&rsquo;int\u00e9grer le club de sa ville natale, le CM Aubervilliers, en 2004. 3 ans plus tard, &#8230; <\/p>\n<p class=\"read-more-container\"><a title=\"[Mercato] Soni Mustivar, derni\u00e8re recrue jaune et bleue\" class=\"read-more button\" href=\"https:\/\/www.fcgueugnon.fr\/site\/mercato-soni-mustivar-derniere-recrue-jaune-et-bleue\/545#more-545\" aria-label=\"Plus sur [Mercato] Soni Mustivar, derni\u00e8re recrue jaune et bleue\">Lire la suite<\/a><\/p>\n","protected":false},"author":1,"featured_media":546,"comment_status":"closed","ping_status":"closed","sticky":false,"template":"","format":"standard","meta":{"footnotes":""},"categories":[5,4],"tags":[8,9,10],"class_list":["post-545","post","type-post","status-publish","format-standard","has-post-thumbnail","hentry","category-news-2022-2023","category-news","tag-effectif","tag-mercato-2022","tag-preparation-entrainement","infinite-scroll-item","generate-columns","tablet-grid-50","mobile-grid-100","grid-parent","grid-25","resize-featured-image"],"yoast_head":"<!-- This site is optimized with the Yoast SEO plugin v26.6 - https:\/\/yoast.com\/wordpress\/plugins\/seo\/ -->\n<title>[Mercato] Soni Mustivar, derni\u00e8re recrue jaune et bleue &#8226; FOOTBALL CLUB GUEUGNON<\/title>\n<meta name=\"robots\" content=\"index, follow, max-snippet:-1, max-image-preview:large, max-video-preview:-1\" \/>\n<link rel=\"canonical\" href=\"https:\/\/www.fcgueugnon.fr\/site\/mercato-soni-mustivar-derniere-recrue-jaune-et-bleue\/545\" \/>\n<meta property=\"og:locale\" content=\"fr_FR\" \/>\n<meta property=\"og:type\" content=\"article\" \/>\n<meta property=\"og:title\" content=\"[Mercato] Soni Mustivar, derni\u00e8re recrue jaune et bleue &#8226; FOOTBALL CLUB GUEUGNON\" \/>\n<meta property=\"og:description\" content=\"Le FC Gueugnon cl\u00f4ture son mercato estival avec le recrutement d&rsquo;un milieu de terrain : Soni Mustivar. Soni Mustivar, Milieu de terrain &#8211; 32 ans Soni commence sa formation au Centre de Formation de Football de Paris (CFFP), avant d&rsquo;int\u00e9grer le club de sa ville natale, le CM Aubervilliers, en 2004. 3 ans plus tard, ... Lire la suite\" \/>\n<meta property=\"og:url\" content=\"https:\/\/www.fcgueugnon.fr\/site\/mercato-soni-mustivar-derniere-recrue-jaune-et-bleue\/545\" \/>\n<meta property=\"og:site_name\" content=\"FOOTBALL CLUB GUEUGNON\" \/>\n<meta property=\"article:publisher\" content=\"http:\/\/facebook.com\/FCGueugnon\" \/>\n<meta property=\"article:published_time\" content=\"2022-07-22T15:45:00+00:00\" \/>\n<meta property=\"article:modified_time\" content=\"2022-08-12T20:52:10+00:00\" \/>\n<meta property=\"og:image\" content=\"https:\/\/www.fcgueugnon.fr\/site\/wp-content\/uploads\/2022\/08\/Soni-Mustivar-2-1024x576.png\" \/>\n\t<meta property=\"og:image:width\" content=\"1024\" \/>\n\t<meta property=\"og:image:height\" content=\"576\" \/>\n\t<meta property=\"og:image:type\" content=\"image\/png\" \/>\n<meta name=\"author\" content=\"FC Gueugnon\" \/>\n<meta name=\"twitter:card\" content=\"summary_large_image\" \/>\n<meta name=\"twitter:creator\" content=\"@FCGueugnon_off\" \/>\n<meta name=\"twitter:site\" content=\"@FCGueugnon_off\" \/>\n<meta name=\"twitter:label1\" content=\"\u00c9crit par\" \/>\n\t<meta name=\"twitter:data1\" content=\"FC Gueugnon\" \/>\n\t<meta name=\"twitter:label2\" content=\"Dur\u00e9e de lecture estim\u00e9e\" \/>\n\t<meta name=\"twitter:data2\" content=\"3 minutes\" \/>\n<script type=\"application\/ld+json\" class=\"yoast-schema-graph\">{\"@context\":\"https:\/\/schema.org\",\"@graph\":[{\"@type\":\"Article\",\"@id\":\"https:\/\/www.fcgueugnon.fr\/site\/mercato-soni-mustivar-derniere-recrue-jaune-et-bleue\/545#article\",\"isPartOf\":{\"@id\":\"https:\/\/www.fcgueugnon.fr\/site\/mercato-soni-mustivar-derniere-recrue-jaune-et-bleue\/545\"},\"author\":{\"name\":\"FC Gueugnon\",\"@id\":\"https:\/\/www.fcgueugnon.fr\/site\/#\/schema\/person\/f6444fbdd35fa731ee974c03508738fb\"},\"headline\":\"[Mercato] Soni Mustivar, derni\u00e8re recrue jaune et bleue\",\"datePublished\":\"2022-07-22T15:45:00+00:00\",\"dateModified\":\"2022-08-12T20:52:10+00:00\",\"mainEntityOfPage\":{\"@id\":\"https:\/\/www.fcgueugnon.fr\/site\/mercato-soni-mustivar-derniere-recrue-jaune-et-bleue\/545\"},\"wordCount\":390,\"publisher\":{\"@id\":\"https:\/\/www.fcgueugnon.fr\/site\/#organization\"},\"image\":{\"@id\":\"https:\/\/www.fcgueugnon.fr\/site\/mercato-soni-mustivar-derniere-recrue-jaune-et-bleue\/545#primaryimage\"},\"thumbnailUrl\":\"https:\/\/www.fcgueugnon.fr\/site\/wp-content\/uploads\/2022\/08\/Soni-Mustivar-2.png\",\"keywords\":[\"effectif\",\"Mercato 2022\",\"Pr\u00e9paration - Entrainement\"],\"articleSection\":[\"Archives 2022\/2023\",\"News\"],\"inLanguage\":\"fr-FR\"},{\"@type\":\"WebPage\",\"@id\":\"https:\/\/www.fcgueugnon.fr\/site\/mercato-soni-mustivar-derniere-recrue-jaune-et-bleue\/545\",\"url\":\"https:\/\/www.fcgueugnon.fr\/site\/mercato-soni-mustivar-derniere-recrue-jaune-et-bleue\/545\",\"name\":\"[Mercato] Soni Mustivar, derni\u00e8re recrue jaune et bleue &#8226; FOOTBALL CLUB GUEUGNON\",\"isPartOf\":{\"@id\":\"https:\/\/www.fcgueugnon.fr\/site\/#website\"},\"primaryImageOfPage\":{\"@id\":\"https:\/\/www.fcgueugnon.fr\/site\/mercato-soni-mustivar-derniere-recrue-jaune-et-bleue\/545#primaryimage\"},\"image\":{\"@id\":\"https:\/\/www.fcgueugnon.fr\/site\/mercato-soni-mustivar-derniere-recrue-jaune-et-bleue\/545#primaryimage\"},\"thumbnailUrl\":\"https:\/\/www.fcgueugnon.fr\/site\/wp-content\/uploads\/2022\/08\/Soni-Mustivar-2.png\",\"datePublished\":\"2022-07-22T15:45:00+00:00\",\"dateModified\":\"2022-08-12T20:52:10+00:00\",\"breadcrumb\":{\"@id\":\"https:\/\/www.fcgueugnon.fr\/site\/mercato-soni-mustivar-derniere-recrue-jaune-et-bleue\/545#breadcrumb\"},\"inLanguage\":\"fr-FR\",\"potentialAction\":[{\"@type\":\"ReadAction\",\"target\":[\"https:\/\/www.fcgueugnon.fr\/site\/mercato-soni-mustivar-derniere-recrue-jaune-et-bleue\/545\"]}]},{\"@type\":\"ImageObject\",\"inLanguage\":\"fr-FR\",\"@id\":\"https:\/\/www.fcgueugnon.fr\/site\/mercato-soni-mustivar-derniere-recrue-jaune-et-bleue\/545#primaryimage\",\"url\":\"https:\/\/www.fcgueugnon.fr\/site\/wp-content\/uploads\/2022\/08\/Soni-Mustivar-2.png\",\"contentUrl\":\"https:\/\/www.fcgueugnon.fr\/site\/wp-content\/uploads\/2022\/08\/Soni-Mustivar-2.png\",\"width\":1920,\"height\":1080},{\"@type\":\"BreadcrumbList\",\"@id\":\"https:\/\/www.fcgueugnon.fr\/site\/mercato-soni-mustivar-derniere-recrue-jaune-et-bleue\/545#breadcrumb\",\"itemListElement\":[{\"@type\":\"ListItem\",\"position\":1,\"name\":\"Accueil\",\"item\":\"https:\/\/www.fcgueugnon.fr\/site\/\"},{\"@type\":\"ListItem\",\"position\":2,\"name\":\"[Mercato] Soni Mustivar, derni\u00e8re recrue jaune et bleue\"}]},{\"@type\":\"WebSite\",\"@id\":\"https:\/\/www.fcgueugnon.fr\/site\/#website\",\"url\":\"https:\/\/www.fcgueugnon.fr\/site\/\",\"name\":\"FOOTBALL CLUB GUEUGNON\",\"description\":\"Le Site Officiel des Forgerons\",\"publisher\":{\"@id\":\"https:\/\/www.fcgueugnon.fr\/site\/#organization\"},\"potentialAction\":[{\"@type\":\"SearchAction\",\"target\":{\"@type\":\"EntryPoint\",\"urlTemplate\":\"https:\/\/www.fcgueugnon.fr\/site\/?s={search_term_string}\"},\"query-input\":{\"@type\":\"PropertyValueSpecification\",\"valueRequired\":true,\"valueName\":\"search_term_string\"}}],\"inLanguage\":\"fr-FR\"},{\"@type\":\"Organization\",\"@id\":\"https:\/\/www.fcgueugnon.fr\/site\/#organization\",\"name\":\"FC Gueugnon\",\"url\":\"https:\/\/www.fcgueugnon.fr\/site\/\",\"logo\":{\"@type\":\"ImageObject\",\"inLanguage\":\"fr-FR\",\"@id\":\"https:\/\/www.fcgueugnon.fr\/site\/#\/schema\/logo\/image\/\",\"url\":\"https:\/\/www.fcgueugnon.fr\/site\/wp-content\/uploads\/2022\/07\/cropped-Logo-FCGUEUGNON-low-350x350-1.png\",\"contentUrl\":\"https:\/\/www.fcgueugnon.fr\/site\/wp-content\/uploads\/2022\/07\/cropped-Logo-FCGUEUGNON-low-350x350-1.png\",\"width\":350,\"height\":350,\"caption\":\"FC Gueugnon\"},\"image\":{\"@id\":\"https:\/\/www.fcgueugnon.fr\/site\/#\/schema\/logo\/image\/\"},\"sameAs\":[\"http:\/\/facebook.com\/FCGueugnon\",\"https:\/\/x.com\/FCGueugnon_off\",\"https:\/\/www.instagram.com\/fcgueugnon\/\",\"https:\/\/www.linkedin.com\/company\/football-club-de-gueugnon\/\",\"https:\/\/www.youtube.com\/user\/FCGueugnonnais\",\"https:\/\/fr.wikipedia.org\/wiki\/Football_Club_de_Gueugnon\"]},{\"@type\":\"Person\",\"@id\":\"https:\/\/www.fcgueugnon.fr\/site\/#\/schema\/person\/f6444fbdd35fa731ee974c03508738fb\",\"name\":\"FC Gueugnon\",\"sameAs\":[\"https:\/\/www.fcgueugnon.fr\/site\"],\"url\":\"https:\/\/www.fcgueugnon.fr\/site\/author\/admin-antho\"}]}<\/script>\n<!-- \/ Yoast SEO plugin. -->","yoast_head_json":{"title":"[Mercato] Soni Mustivar, derni\u00e8re recrue jaune et bleue &#8226; FOOTBALL CLUB GUEUGNON","robots":{"index":"index","follow":"follow","max-snippet":"max-snippet:-1","max-image-preview":"max-image-preview:large","max-video-preview":"max-video-preview:-1"},"canonical":"https:\/\/www.fcgueugnon.fr\/site\/mercato-soni-mustivar-derniere-recrue-jaune-et-bleue\/545","og_locale":"fr_FR","og_type":"article","og_title":"[Mercato] Soni Mustivar, derni\u00e8re recrue jaune et bleue &#8226; FOOTBALL CLUB GUEUGNON","og_description":"Le FC Gueugnon cl\u00f4ture son mercato estival avec le recrutement d&rsquo;un milieu de terrain : Soni Mustivar. Soni Mustivar, Milieu de terrain &#8211; 32 ans Soni commence sa formation au Centre de Formation de Football de Paris (CFFP), avant d&rsquo;int\u00e9grer le club de sa ville natale, le CM Aubervilliers, en 2004. 3 ans plus tard, ... Lire la suite","og_url":"https:\/\/www.fcgueugnon.fr\/site\/mercato-soni-mustivar-derniere-recrue-jaune-et-bleue\/545","og_site_name":"FOOTBALL CLUB GUEUGNON","article_publisher":"http:\/\/facebook.com\/FCGueugnon","article_published_time":"2022-07-22T15:45:00+00:00","article_modified_time":"2022-08-12T20:52:10+00:00","og_image":[{"width":1024,"height":576,"url":"https:\/\/www.fcgueugnon.fr\/site\/wp-content\/uploads\/2022\/08\/Soni-Mustivar-2-1024x576.png","type":"image\/png"}],"author":"FC Gueugnon","twitter_card":"summary_large_image","twitter_creator":"@FCGueugnon_off","twitter_site":"@FCGueugnon_off","twitter_misc":{"\u00c9crit par":"FC Gueugnon","Dur\u00e9e de lecture estim\u00e9e":"3 minutes"},"schema":{"@context":"https:\/\/schema.org","@graph":[{"@type":"Article","@id":"https:\/\/www.fcgueugnon.fr\/site\/mercato-soni-mustivar-derniere-recrue-jaune-et-bleue\/545#article","isPartOf":{"@id":"https:\/\/www.fcgueugnon.fr\/site\/mercato-soni-mustivar-derniere-recrue-jaune-et-bleue\/545"},"author":{"name":"FC Gueugnon","@id":"https:\/\/www.fcgueugnon.fr\/site\/#\/schema\/person\/f6444fbdd35fa731ee974c03508738fb"},"headline":"[Mercato] Soni Mustivar, derni\u00e8re recrue jaune et bleue","datePublished":"2022-07-22T15:45:00+00:00","dateModified":"2022-08-12T20:52:10+00:00","mainEntityOfPage":{"@id":"https:\/\/www.fcgueugnon.fr\/site\/mercato-soni-mustivar-derniere-recrue-jaune-et-bleue\/545"},"wordCount":390,"publisher":{"@id":"https:\/\/www.fcgueugnon.fr\/site\/#organization"},"image":{"@id":"https:\/\/www.fcgueugnon.fr\/site\/mercato-soni-mustivar-derniere-recrue-jaune-et-bleue\/545#primaryimage"},"thumbnailUrl":"https:\/\/www.fcgueugnon.fr\/site\/wp-content\/uploads\/2022\/08\/Soni-Mustivar-2.png","keywords":["effectif","Mercato 2022","Pr\u00e9paration - Entrainement"],"articleSection":["Archives 2022\/2023","News"],"inLanguage":"fr-FR"},{"@type":"WebPage","@id":"https:\/\/www.fcgueugnon.fr\/site\/mercato-soni-mustivar-derniere-recrue-jaune-et-bleue\/545","url":"https:\/\/www.fcgueugnon.fr\/site\/mercato-soni-mustivar-derniere-recrue-jaune-et-bleue\/545","name":"[Mercato] Soni Mustivar, derni\u00e8re recrue jaune et bleue &#8226; FOOTBALL CLUB GUEUGNON","isPartOf":{"@id":"https:\/\/www.fcgueugnon.fr\/site\/#website"},"primaryImageOfPage":{"@id":"https:\/\/www.fcgueugnon.fr\/site\/mercato-soni-mustivar-derniere-recrue-jaune-et-bleue\/545#primaryimage"},"image":{"@id":"https:\/\/www.fcgueugnon.fr\/site\/mercato-soni-mustivar-derniere-recrue-jaune-et-bleue\/545#primaryimage"},"thumbnailUrl":"https:\/\/www.fcgueugnon.fr\/site\/wp-content\/uploads\/2022\/08\/Soni-Mustivar-2.png","datePublished":"2022-07-22T15:45:00+00:00","dateModified":"2022-08-12T20:52:10+00:00","breadcrumb":{"@id":"https:\/\/www.fcgueugnon.fr\/site\/mercato-soni-mustivar-derniere-recrue-jaune-et-bleue\/545#breadcrumb"},"inLanguage":"fr-FR","potentialAction":[{"@type":"ReadAction","target":["https:\/\/www.fcgueugnon.fr\/site\/mercato-soni-mustivar-derniere-recrue-jaune-et-bleue\/545"]}]},{"@type":"ImageObject","inLanguage":"fr-FR","@id":"https:\/\/www.fcgueugnon.fr\/site\/mercato-soni-mustivar-derniere-recrue-jaune-et-bleue\/545#primaryimage","url":"https:\/\/www.fcgueugnon.fr\/site\/wp-content\/uploads\/2022\/08\/Soni-Mustivar-2.png","contentUrl":"https:\/\/www.fcgueugnon.fr\/site\/wp-content\/uploads\/2022\/08\/Soni-Mustivar-2.png","width":1920,"height":1080},{"@type":"BreadcrumbList","@id":"https:\/\/www.fcgueugnon.fr\/site\/mercato-soni-mustivar-derniere-recrue-jaune-et-bleue\/545#breadcrumb","itemListElement":[{"@type":"ListItem","position":1,"name":"Accueil","item":"https:\/\/www.fcgueugnon.fr\/site\/"},{"@type":"ListItem","position":2,"name":"[Mercato] Soni Mustivar, derni\u00e8re recrue jaune et bleue"}]},{"@type":"WebSite","@id":"https:\/\/www.fcgueugnon.fr\/site\/#website","url":"https:\/\/www.fcgueugnon.fr\/site\/","name":"FOOTBALL CLUB GUEUGNON","description":"Le Site Officiel des Forgerons","publisher":{"@id":"https:\/\/www.fcgueugnon.fr\/site\/#organization"},"potentialAction":[{"@type":"SearchAction","target":{"@type":"EntryPoint","urlTemplate":"https:\/\/www.fcgueugnon.fr\/site\/?s={search_term_string}"},"query-input":{"@type":"PropertyValueSpecification","valueRequired":true,"valueName":"search_term_string"}}],"inLanguage":"fr-FR"},{"@type":"Organization","@id":"https:\/\/www.fcgueugnon.fr\/site\/#organization","name":"FC Gueugnon","url":"https:\/\/www.fcgueugnon.fr\/site\/","logo":{"@type":"ImageObject","inLanguage":"fr-FR","@id":"https:\/\/www.fcgueugnon.fr\/site\/#\/schema\/logo\/image\/","url":"https:\/\/www.fcgueugnon.fr\/site\/wp-content\/uploads\/2022\/07\/cropped-Logo-FCGUEUGNON-low-350x350-1.png","contentUrl":"https:\/\/www.fcgueugnon.fr\/site\/wp-content\/uploads\/2022\/07\/cropped-Logo-FCGUEUGNON-low-350x350-1.png","width":350,"height":350,"caption":"FC Gueugnon"},"image":{"@id":"https:\/\/www.fcgueugnon.fr\/site\/#\/schema\/logo\/image\/"},"sameAs":["http:\/\/facebook.com\/FCGueugnon","https:\/\/x.com\/FCGueugnon_off","https:\/\/www.instagram.com\/fcgueugnon\/","https:\/\/www.linkedin.com\/company\/football-club-de-gueugnon\/","https:\/\/www.youtube.com\/user\/FCGueugnonnais","https:\/\/fr.wikipedia.org\/wiki\/Football_Club_de_Gueugnon"]},{"@type":"Person","@id":"https:\/\/www.fcgueugnon.fr\/site\/#\/schema\/person\/f6444fbdd35fa731ee974c03508738fb","name":"FC Gueugnon","sameAs":["https:\/\/www.fcgueugnon.fr\/site"],"url":"https:\/\/www.fcgueugnon.fr\/site\/author\/admin-antho"}]}},"rttpg_featured_image_url":{"full":["https:\/\/www.fcgueugnon.fr\/site\/wp-content\/uploads\/2022\/08\/Soni-Mustivar-2.png",1920,1080,false],"landscape":["https:\/\/www.fcgueugnon.fr\/site\/wp-content\/uploads\/2022\/08\/Soni-Mustivar-2.png",1920,1080,false],"portraits":["https:\/\/www.fcgueugnon.fr\/site\/wp-content\/uploads\/2022\/08\/Soni-Mustivar-2.png",1920,1080,false],"thumbnail":["https:\/\/www.fcgueugnon.fr\/site\/wp-content\/uploads\/2022\/08\/Soni-Mustivar-2-150x150.png",150,150,true],"medium":["https:\/\/www.fcgueugnon.fr\/site\/wp-content\/uploads\/2022\/08\/Soni-Mustivar-2-400x225.png",400,225,true],"large":["https:\/\/www.fcgueugnon.fr\/site\/wp-content\/uploads\/2022\/08\/Soni-Mustivar-2-1024x576.png",1024,576,true],"1536x1536":["https:\/\/www.fcgueugnon.fr\/site\/wp-content\/uploads\/2022\/08\/Soni-Mustivar-2-1536x864.png",1536,864,true],"2048x2048":["https:\/\/www.fcgueugnon.fr\/site\/wp-content\/uploads\/2022\/08\/Soni-Mustivar-2.png",1920,1080,false]},"rttpg_author":{"display_name":"FC Gueugnon","author_link":"https:\/\/www.fcgueugnon.fr\/site\/author\/admin-antho"},"rttpg_comment":0,"rttpg_category":"<a href=\"https:\/\/www.fcgueugnon.fr\/site\/category\/news\/news-2022-2023\" rel=\"category tag\">Archives 2022\/2023<\/a> <a href=\"https:\/\/www.fcgueugnon.fr\/site\/category\/news\" rel=\"category tag\">News<\/a>","rttpg_excerpt":"Le FC Gueugnon cl\u00f4ture son mercato estival avec le recrutement d&rsquo;un milieu de terrain : Soni Mustivar. Soni Mustivar, Milieu de terrain &#8211; 32 ans Soni commence sa formation au Centre de Formation de Football de Paris (CFFP), avant d&rsquo;int\u00e9grer le club de sa ville natale, le CM Aubervilliers, en 2004. 3 ans plus tard,\u2026","_links":{"self":[{"href":"https:\/\/www.fcgueugnon.fr\/site\/wp-json\/wp\/v2\/posts\/545","targetHints":{"allow":["GET"]}}],"collection":[{"href":"https:\/\/www.fcgueugnon.fr\/site\/wp-json\/wp\/v2\/posts"}],"about":[{"href":"https:\/\/www.fcgueugnon.fr\/site\/wp-json\/wp\/v2\/types\/post"}],"author":[{"embeddable":true,"href":"https:\/\/www.fcgueugnon.fr\/site\/wp-json\/wp\/v2\/users\/1"}],"replies":[{"embeddable":true,"href":"https:\/\/www.fcgueugnon.fr\/site\/wp-json\/wp\/v2\/comments?post=545"}],"version-history":[{"count":1,"href":"https:\/\/www.fcgueugnon.fr\/site\/wp-json\/wp\/v2\/posts\/545\/revisions"}],"predecessor-version":[{"id":547,"href":"https:\/\/www.fcgueugnon.fr\/site\/wp-json\/wp\/v2\/posts\/545\/revisions\/547"}],"wp:featuredmedia":[{"embeddable":true,"href":"https:\/\/www.fcgueugnon.fr\/site\/wp-json\/wp\/v2\/media\/546"}],"wp:attachment":[{"href":"https:\/\/www.fcgueugnon.fr\/site\/wp-json\/wp\/v2\/media?parent=545"}],"wp:term":[{"taxonomy":"category","embeddable":true,"href":"https:\/\/www.fcgueugnon.fr\/site\/wp-json\/wp\/v2\/categories?post=545"},{"taxonomy":"post_tag","embeddable":true,"href":"https:\/\/www.fcgueugnon.fr\/site\/wp-json\/wp\/v2\/tags?post=545"}],"curies":[{"name":"wp","href":"https:\/\/api.w.org\/{rel}","templated":true}]}}