{"id":54429,"date":"2025-06-06T11:15:28","date_gmt":"2025-06-06T09:15:28","guid":{"rendered":"https:\/\/www.fcgueugnon.fr\/site\/?p=54429"},"modified":"2025-06-06T11:15:29","modified_gmt":"2025-06-06T09:15:29","slug":"finale-coupe-u18-ca-pontarlier-fc-gueugnon-avant-match","status":"publish","type":"post","link":"https:\/\/www.fcgueugnon.fr\/site\/finale-coupe-u18-ca-pontarlier-fc-gueugnon-avant-match\/54429","title":{"rendered":"[Finale Coupe U18 : CA Pontarlier &#8211; FC Gueugnon] Avant-match"},"content":{"rendered":"\n<h3 class=\"wp-block-heading\"><strong><strong>C\u2019est l\u2019heure de v\u00e9rit\u00e9 pour les U18 du FC Gueugnon ! Ce <strong>samedi \u00e0 17h00<\/strong> au <strong>Stade Christian Doussot de Saint-Vit<\/strong>, les jeunes Forgerons d\u2019<strong>Anthony Morele<\/strong> disputent la <strong>finale de la Coupe Bourgogne Franche-Comt\u00e9<\/strong> face au <strong>CA Pontarlier<\/strong>. Un choc attendu entre deux \u00e9quipes ambitieuses, qui se connaissent bien.<\/strong><\/strong><\/h3>\n\n\n\n<div style=\"height:50px\" aria-hidden=\"true\" class=\"wp-block-spacer\"><\/div>\n\n\n\n<div class=\"wp-block-getwid-image-box getwid-animation has-text-center has-mobile-layout-default has-mobile-alignment-center\" data-animation=\"pulse\"><div class=\"wp-block-getwid-image-box__image-container is-position-top\"><div class=\"wp-block-getwid-image-box__image-wrapper\"><img loading=\"lazy\" decoding=\"async\" width=\"768\" height=\"960\" src=\"https:\/\/www.fcgueugnon.fr\/site\/wp-content\/uploads\/2025\/06\/FINALE-COUPE-U18-768x960.jpg\" class=\"wp-block-getwid-image-box__image wp-image-54423\" srcset=\"https:\/\/www.fcgueugnon.fr\/site\/wp-content\/uploads\/2025\/06\/FINALE-COUPE-U18-768x960.jpg 768w, https:\/\/www.fcgueugnon.fr\/site\/wp-content\/uploads\/2025\/06\/FINALE-COUPE-U18-320x400.jpg 320w, https:\/\/www.fcgueugnon.fr\/site\/wp-content\/uploads\/2025\/06\/FINALE-COUPE-U18-819x1024.jpg 819w, https:\/\/www.fcgueugnon.fr\/site\/wp-content\/uploads\/2025\/06\/FINALE-COUPE-U18-1229x1536.jpg 1229w, https:\/\/www.fcgueugnon.fr\/site\/wp-content\/uploads\/2025\/06\/FINALE-COUPE-U18-1638x2048.jpg 1638w, https:\/\/www.fcgueugnon.fr\/site\/wp-content\/uploads\/2025\/06\/FINALE-COUPE-U18-1320x1650.jpg 1320w, https:\/\/www.fcgueugnon.fr\/site\/wp-content\/uploads\/2025\/06\/FINALE-COUPE-U18.jpg 2000w\" sizes=\"auto, (max-width: 768px) 100vw, 768px\" \/><\/div><\/div><div class=\"wp-block-getwid-image-box__content\">\n<h3 class=\"wp-block-heading\"><\/h3>\n\n\n\n<p><\/p>\n<\/div><\/div>\n\n\n\n<div style=\"height:50px\" aria-hidden=\"true\" class=\"wp-block-spacer\"><\/div>\n\n\n\n<h3 class=\"wp-block-heading\"><strong><strong>\ud83d\udd0d <em>Une affiche in\u00e9dite\u2026 ou presque<\/em><\/strong><\/strong><\/h3>\n\n\n\n<p>Ce sera la <strong>quatri\u00e8me confrontation cette saison<\/strong> entre les deux formations. En championnat, avantage aux Forgerons avec deux victoires (3-1 \u00e0 domicile, 1-0 \u00e0 l\u2019ext\u00e9rieur), mais Pontarlier avait pris sa revanche lors de la <strong>finale r\u00e9gionale de Coupe Gambardella<\/strong> (3-2). Autant dire que cette <strong>finale de Coupe LBFC U18<\/strong> s\u2019annonce ind\u00e9cise et pleine d\u2019intensit\u00e9.<\/p>\n\n\n\n<div style=\"height:50px\" aria-hidden=\"true\" class=\"wp-block-spacer\"><\/div>\n\n\n\n<div class=\"wp-block-columns is-layout-flex wp-container-core-columns-is-layout-9d6595d7 wp-block-columns-is-layout-flex\">\n<div class=\"wp-block-column is-layout-flow wp-block-column-is-layout-flow\">\n<h3 class=\"wp-block-heading\"><strong>\ud83c\udd9a <\/strong><em><strong>L&rsquo;adversaire : CA Pontarlier<\/strong><\/em><\/h3>\n\n\n\n<p>Le <strong>CA Pontarlier<\/strong>, formation embl\u00e9matique du Doubs, s\u2019avance en finale de la Coupe Bourgogne Franche-Comt\u00e9 U18 avec l\u2019ambition de cl\u00f4turer sa belle saison par un troph\u00e9e. Coach\u00e9e par <strong>Ga\u00ebtan Receveur<\/strong>, l\u2019\u00e9quipe a su imposer sa r\u00e9gularit\u00e9 et son esprit collectif tout au long de la saison en <strong>U18 R1<\/strong>, o\u00f9 elle a termin\u00e9 \u00e0 la 3e place du classement, seulement 4 points derri\u00e8re le <strong>FC Gueugnon.<\/strong><\/p>\n\n\n\n<p>L\u2019\u00e9quipe pontissalienne s\u2019est notamment distingu\u00e9e par une tr\u00e8s belle campagne en <strong>Coupe Gambardella<\/strong>, atteignant le <strong>1er tour f\u00e9d\u00e9ral<\/strong>. Oppos\u00e9s \u00e0 l\u2019<strong>ASM Belfort<\/strong>, les jeunes joueurs du CAP se sont inclin\u00e9s 3-1.<\/p>\n\n\n\n<p>En <strong>Coupe de Bourgogne Franche-Comt\u00e9<\/strong>, le parcours jusqu\u2019en finale t\u00e9moigne \u00e9galement de la solidit\u00e9 de cette \u00e9quipe. Les jeunes Pontissaliens ont su \u00e9liminer des adversaires r\u00e9put\u00e9s, avec une victoire convaincante contre <strong>Fontaine-l\u00e8s-Dijon (3-1)<\/strong> en quart, puis une prestation solide \u00e0 l\u2019ext\u00e9rieur face \u00e0 <strong>l\u2019ASPTT Dijon (2-4)<\/strong> en demi-finale.<\/p>\n\n\n\n<p>Avec un effectif m\u00ealant <strong>U17 et U18<\/strong>, Pontarlier affiche un collectif soud\u00e9 et redoutable, capable de rivaliser avec les meilleures \u00e9quipes r\u00e9gionales.<\/p>\n<\/div>\n\n\n\n<div class=\"wp-block-column is-layout-flow wp-block-column-is-layout-flow\">\n<h3 class=\"wp-block-heading\">\ud83d\udfe1\ud83d\udd35 <em><strong>Le FC Gueugnon<\/strong><\/em><\/h3>\n\n\n\n<p>C\u00f4t\u00e9 FCG, l\u2019\u00e9quipe dirig\u00e9e par <strong>Anthony Morele<\/strong>, \u00e9paul\u00e9e par <strong>Micha\u00ebl Kowalczyk<\/strong> et <strong>David Martins<\/strong>, a sign\u00e9 une saison remarquable, marqu\u00e9e par une constance et un engagement exemplaires. Avec une 2e place au classement final du championnat <strong>U18 R1<\/strong>, les jeunes Forgerons ont su se hisser parmi les meilleurs collectifs r\u00e9gionaux. Le bilan est r\u00e9v\u00e9lateur : <strong>23 victoires toutes comp\u00e9titions confondues<\/strong>, une dynamique positive et un groupe capable de r\u00e9pondre pr\u00e9sent dans les moments cl\u00e9s.<\/p>\n\n\n\n<p>En Coupe Bourgogne Franche-Comt\u00e9, le FCG a r\u00e9alis\u00e9 un <strong>parcours convaincant<\/strong>, en s\u2019imposant face \u00e0 <strong>l\u2019UF M\u00e2con (4-5)<\/strong>, puis en dominant <strong>le FC Sens (2-4)<\/strong> en quart de finale. La qualification pour la finale a ensuite \u00e9t\u00e9 acquise suite \u00e0 une d\u00e9cision de la commission de discipline, \u00e0 la suite du litige ayant oppos\u00e9 <strong>Besan\u00e7on Foot <\/strong>\u00e0 l\u2019<strong>AS Vauzelles<\/strong>.<\/p>\n\n\n\n<p>Pour cette rencontre d\u00e9cisive, le groupe est quasiment au complet. Seul <strong>Timoth\u00e9 Th\u00e9venet<\/strong>, r\u00e9cemment sign\u00e9 par <strong>Villefranche (National)<\/strong>, sera laiss\u00e9 au repos. \u00c0 noter \u00e9galement que plusieurs joueurs tels que <strong>Pierre Frisot<\/strong>, <strong>Illiane Semane<\/strong> et <strong>Ilan Jacquy<\/strong>, ont \u00e9t\u00e9 r\u00e9cemment sollicit\u00e9s avec le <strong>groupe Espoirs<\/strong>, preuve de la qualit\u00e9 du travail de formation r\u00e9alis\u00e9 au sein du club.<\/p>\n<\/div>\n<\/div>\n\n\n\n<div style=\"height:50px\" aria-hidden=\"true\" class=\"wp-block-spacer\"><\/div>\n\n\n\n<h3 class=\"wp-block-heading\"><strong><strong>\ud83d\udde3\ufe0f <em>Tous derri\u00e8re nos U18 !<\/em><\/strong><\/strong><\/h3>\n\n\n\n<p>Les Forgerons comptent bien ramener un troph\u00e9e au club pour conclure cette belle saison. Face \u00e0 un adversaire bien connu et comp\u00e9titif, il faudra faire preuve de solidarit\u00e9, de ma\u00eetrise et d\u2019efficacit\u00e9. Rendez-vous ce samedi 8 juin \u00e0 17h00 \u00e0 Saint-Vit, sur la pelouse naturelle du Stade Christian Doussot, pour encourager nos jeunes U18 !<\/p>\n\n\n\n<div style=\"height:50px\" aria-hidden=\"true\" class=\"wp-block-spacer\"><\/div>\n\n\n\n<div class=\"wp-block-media-text alignwide is-stacked-on-mobile is-vertically-aligned-center is-style-default\" style=\"grid-template-columns:30% auto\"><figure class=\"wp-block-media-text__media\"><img loading=\"lazy\" decoding=\"async\" width=\"722\" height=\"1024\" src=\"https:\/\/www.fcgueugnon.fr\/site\/wp-content\/uploads\/2025\/04\/Anthony-Morele-FC-Gueugnon-722x1024.png\" alt=\"\" class=\"wp-image-53989 size-full\" srcset=\"https:\/\/www.fcgueugnon.fr\/site\/wp-content\/uploads\/2025\/04\/Anthony-Morele-FC-Gueugnon-722x1024.png 722w, https:\/\/www.fcgueugnon.fr\/site\/wp-content\/uploads\/2025\/04\/Anthony-Morele-FC-Gueugnon-282x400.png 282w, https:\/\/www.fcgueugnon.fr\/site\/wp-content\/uploads\/2025\/04\/Anthony-Morele-FC-Gueugnon-768x1089.png 768w, https:\/\/www.fcgueugnon.fr\/site\/wp-content\/uploads\/2025\/04\/Anthony-Morele-FC-Gueugnon-1083x1536.png 1083w, https:\/\/www.fcgueugnon.fr\/site\/wp-content\/uploads\/2025\/04\/Anthony-Morele-FC-Gueugnon-1320x1872.png 1320w, https:\/\/www.fcgueugnon.fr\/site\/wp-content\/uploads\/2025\/04\/Anthony-Morele-FC-Gueugnon.png 1410w\" sizes=\"auto, (max-width: 722px) 100vw, 722px\" \/><\/figure><div class=\"wp-block-media-text__content\">\n<h3 class=\"wp-block-heading\">\ud83d\udce3 <em><strong>La d\u00e9cla&rsquo;<\/strong><\/em><\/h3>\n\n\n\n<blockquote class=\"wp-block-quote is-layout-flow wp-block-quote-is-layout-flow\">\n<p><\/p>\n\n\n\n<p>\u00ab Apr\u00e8s une saison riche en \u00e9motions et en partage avec les g\u00e9n\u00e9rations 2007 et 2008, ce match marque la fin de notre aventure commune, en raison du passage en seniors des 2007.<\/p>\n\n\n\n<p>Face \u00e0 un adversaire de qualit\u00e9 et que nous connaissons bien, nous esp\u00e9rons tous terminer sur une bonne note.<\/p>\n\n\n\n<p>Cette finale repr\u00e9sente aussi une belle r\u00e9compense pour Micha, David, ainsi que pour toutes les personnes qui nous ont suivis et soutenus tout au long de la saison. \u00bb<\/p>\n\n\n\n<p><\/p>\n<cite><strong>Anthony Morele (coach)<\/strong><\/cite><\/blockquote>\n<\/div><\/div>\n\n\n\n<div style=\"height:10px\" aria-hidden=\"true\" class=\"wp-block-spacer\"><\/div>\n\n\n\n<hr class=\"wp-block-separator has-text-color has-css-opacity has-background is-style-default\" style=\"background-color:#f7db4a;color:#f7db4a\"\/>\n\n\n\n<div style=\"height:5px\" aria-hidden=\"true\" class=\"wp-block-spacer\"><\/div>\n\n\n\n<h3 class=\"wp-block-heading\">\u26bd <strong><em>La fiche<\/em><\/strong><\/h3>\n\n\n\n<h4 class=\"wp-block-heading\"><strong>Coupe Bourgogne Franche-Comt\u00e9 U18 \/ Finale<\/strong><br>Samedi 07 Juin 2025 &#8211; 17H00<br>CA PONTARLIER \/ FC GUEUGNON<\/h4>\n\n\n\n<p><strong>TERRAIN<\/strong><br>STADE CHRISTIAN DOUSSOT<br>TERRAIN HONNEUR RUE JEAN CORNET<br>25410 &#8211; SAINT VIT<\/p>\n\n\n\n<p><strong>SURFACE DE JEU<\/strong><br>Naturelle<\/p>\n\n\n\n<p><strong>OFFICIELS<\/strong><br>Arbitre centre : EMILE UBINA<br>Arbitre assistant 1 : EDGAR BOUCHERON<br>Arbitre assistant 2 : KELVIN ADAM<br>Arbitre rempla\u00e7ant : KYLLIAN ENAULT<br>D\u00e9l\u00e9gu\u00e9 principal : SEBASTIEN SIMARD<\/p>\n\n\n\n<div style=\"height:50px\" aria-hidden=\"true\" class=\"wp-block-spacer\"><\/div>\n\n\n\n<h3 class=\"wp-block-heading\"><strong>Groupe<\/strong><\/h3>\n\n\n\nA suivre sur nos r\u00e9seaux sociaux apr\u00e8s le dernier entrainement\n","protected":false},"excerpt":{"rendered":"<p>C\u2019est l\u2019heure de v\u00e9rit\u00e9 pour les U18 du FC Gueugnon ! Ce samedi \u00e0 17h00 au Stade Christian Doussot de Saint-Vit, les jeunes Forgerons d\u2019Anthony Morele disputent la finale de la Coupe Bourgogne Franche-Comt\u00e9 face au CA Pontarlier. Un choc attendu entre deux \u00e9quipes ambitieuses, qui se connaissent bien. \ud83d\udd0d Une affiche in\u00e9dite\u2026 ou presque &#8230; <\/p>\n<p class=\"read-more-container\"><a title=\"[Finale Coupe U18 : CA Pontarlier &#8211; FC Gueugnon] Avant-match\" class=\"read-more button\" href=\"https:\/\/www.fcgueugnon.fr\/site\/finale-coupe-u18-ca-pontarlier-fc-gueugnon-avant-match\/54429#more-54429\" aria-label=\"Plus sur [Finale Coupe U18 : CA Pontarlier &#8211; FC Gueugnon] Avant-match\">Lire la suite<\/a><\/p>\n","protected":false},"author":3,"featured_media":54436,"comment_status":"closed","ping_status":"closed","sticky":true,"template":"","format":"standard","meta":{"footnotes":""},"categories":[4,62],"tags":[28],"class_list":["post-54429","post","type-post","status-publish","format-standard","has-post-thumbnail","hentry","category-news","category-news-2024-2025","tag-avant-match","infinite-scroll-item","generate-columns","tablet-grid-50","mobile-grid-100","grid-parent","grid-25","resize-featured-image"],"yoast_head":"<!-- This site is optimized with the Yoast SEO plugin v26.6 - https:\/\/yoast.com\/wordpress\/plugins\/seo\/ -->\n<title>[Finale Coupe U18 : CA Pontarlier - FC Gueugnon] Avant-match &#8226; FOOTBALL CLUB GUEUGNON<\/title>\n<meta name=\"robots\" content=\"index, follow, max-snippet:-1, max-image-preview:large, max-video-preview:-1\" \/>\n<link rel=\"canonical\" href=\"https:\/\/www.fcgueugnon.fr\/site\/finale-coupe-u18-ca-pontarlier-fc-gueugnon-avant-match\/54429\" \/>\n<meta property=\"og:locale\" content=\"fr_FR\" \/>\n<meta property=\"og:type\" content=\"article\" \/>\n<meta property=\"og:title\" content=\"[Finale Coupe U18 : CA Pontarlier - FC Gueugnon] Avant-match &#8226; FOOTBALL CLUB GUEUGNON\" \/>\n<meta property=\"og:description\" content=\"C\u2019est l\u2019heure de v\u00e9rit\u00e9 pour les U18 du FC Gueugnon ! Ce samedi \u00e0 17h00 au Stade Christian Doussot de Saint-Vit, les jeunes Forgerons d\u2019Anthony Morele disputent la finale de la Coupe Bourgogne Franche-Comt\u00e9 face au CA Pontarlier. Un choc attendu entre deux \u00e9quipes ambitieuses, qui se connaissent bien. \ud83d\udd0d Une affiche in\u00e9dite\u2026 ou presque ... Lire la suite\" \/>\n<meta property=\"og:url\" content=\"https:\/\/www.fcgueugnon.fr\/site\/finale-coupe-u18-ca-pontarlier-fc-gueugnon-avant-match\/54429\" \/>\n<meta property=\"og:site_name\" content=\"FOOTBALL CLUB GUEUGNON\" \/>\n<meta property=\"article:publisher\" content=\"http:\/\/facebook.com\/FCGueugnon\" \/>\n<meta property=\"article:published_time\" content=\"2025-06-06T09:15:28+00:00\" \/>\n<meta property=\"article:modified_time\" content=\"2025-06-06T09:15:29+00:00\" \/>\n<meta property=\"og:image\" content=\"https:\/\/www.fcgueugnon.fr\/site\/wp-content\/uploads\/2025\/06\/AVANT-MATCH-Finale-U18-CA-Pontarlier.jpg\" \/>\n\t<meta property=\"og:image:width\" content=\"2160\" \/>\n\t<meta property=\"og:image:height\" content=\"1350\" \/>\n\t<meta property=\"og:image:type\" content=\"image\/jpeg\" \/>\n<meta name=\"author\" content=\"FC Gueugnon\" \/>\n<meta name=\"twitter:card\" content=\"summary_large_image\" \/>\n<meta name=\"twitter:creator\" content=\"@FCGueugnon_off\" \/>\n<meta name=\"twitter:site\" content=\"@FCGueugnon_off\" \/>\n<meta name=\"twitter:label1\" content=\"\u00c9crit par\" \/>\n\t<meta name=\"twitter:data1\" content=\"FC Gueugnon\" \/>\n\t<meta name=\"twitter:label2\" content=\"Dur\u00e9e de lecture estim\u00e9e\" \/>\n\t<meta name=\"twitter:data2\" content=\"4 minutes\" \/>\n<script type=\"application\/ld+json\" class=\"yoast-schema-graph\">{\"@context\":\"https:\/\/schema.org\",\"@graph\":[{\"@type\":\"Article\",\"@id\":\"https:\/\/www.fcgueugnon.fr\/site\/finale-coupe-u18-ca-pontarlier-fc-gueugnon-avant-match\/54429#article\",\"isPartOf\":{\"@id\":\"https:\/\/www.fcgueugnon.fr\/site\/finale-coupe-u18-ca-pontarlier-fc-gueugnon-avant-match\/54429\"},\"author\":{\"name\":\"FC Gueugnon\",\"@id\":\"https:\/\/www.fcgueugnon.fr\/site\/#\/schema\/person\/829630bfb5d6f3ebe4d296b75687c01a\"},\"headline\":\"[Finale Coupe U18 : CA Pontarlier &#8211; FC Gueugnon] Avant-match\",\"datePublished\":\"2025-06-06T09:15:28+00:00\",\"dateModified\":\"2025-06-06T09:15:29+00:00\",\"mainEntityOfPage\":{\"@id\":\"https:\/\/www.fcgueugnon.fr\/site\/finale-coupe-u18-ca-pontarlier-fc-gueugnon-avant-match\/54429\"},\"wordCount\":742,\"publisher\":{\"@id\":\"https:\/\/www.fcgueugnon.fr\/site\/#organization\"},\"image\":{\"@id\":\"https:\/\/www.fcgueugnon.fr\/site\/finale-coupe-u18-ca-pontarlier-fc-gueugnon-avant-match\/54429#primaryimage\"},\"thumbnailUrl\":\"https:\/\/www.fcgueugnon.fr\/site\/wp-content\/uploads\/2025\/06\/AVANT-MATCH-Finale-U18-CA-Pontarlier.jpg\",\"keywords\":[\"Avant-match\"],\"articleSection\":[\"News\",\"News 2024\/2025\"],\"inLanguage\":\"fr-FR\"},{\"@type\":\"WebPage\",\"@id\":\"https:\/\/www.fcgueugnon.fr\/site\/finale-coupe-u18-ca-pontarlier-fc-gueugnon-avant-match\/54429\",\"url\":\"https:\/\/www.fcgueugnon.fr\/site\/finale-coupe-u18-ca-pontarlier-fc-gueugnon-avant-match\/54429\",\"name\":\"[Finale Coupe U18 : CA Pontarlier - FC Gueugnon] Avant-match &#8226; FOOTBALL CLUB GUEUGNON\",\"isPartOf\":{\"@id\":\"https:\/\/www.fcgueugnon.fr\/site\/#website\"},\"primaryImageOfPage\":{\"@id\":\"https:\/\/www.fcgueugnon.fr\/site\/finale-coupe-u18-ca-pontarlier-fc-gueugnon-avant-match\/54429#primaryimage\"},\"image\":{\"@id\":\"https:\/\/www.fcgueugnon.fr\/site\/finale-coupe-u18-ca-pontarlier-fc-gueugnon-avant-match\/54429#primaryimage\"},\"thumbnailUrl\":\"https:\/\/www.fcgueugnon.fr\/site\/wp-content\/uploads\/2025\/06\/AVANT-MATCH-Finale-U18-CA-Pontarlier.jpg\",\"datePublished\":\"2025-06-06T09:15:28+00:00\",\"dateModified\":\"2025-06-06T09:15:29+00:00\",\"breadcrumb\":{\"@id\":\"https:\/\/www.fcgueugnon.fr\/site\/finale-coupe-u18-ca-pontarlier-fc-gueugnon-avant-match\/54429#breadcrumb\"},\"inLanguage\":\"fr-FR\",\"potentialAction\":[{\"@type\":\"ReadAction\",\"target\":[\"https:\/\/www.fcgueugnon.fr\/site\/finale-coupe-u18-ca-pontarlier-fc-gueugnon-avant-match\/54429\"]}]},{\"@type\":\"ImageObject\",\"inLanguage\":\"fr-FR\",\"@id\":\"https:\/\/www.fcgueugnon.fr\/site\/finale-coupe-u18-ca-pontarlier-fc-gueugnon-avant-match\/54429#primaryimage\",\"url\":\"https:\/\/www.fcgueugnon.fr\/site\/wp-content\/uploads\/2025\/06\/AVANT-MATCH-Finale-U18-CA-Pontarlier.jpg\",\"contentUrl\":\"https:\/\/www.fcgueugnon.fr\/site\/wp-content\/uploads\/2025\/06\/AVANT-MATCH-Finale-U18-CA-Pontarlier.jpg\",\"width\":2160,\"height\":1350},{\"@type\":\"BreadcrumbList\",\"@id\":\"https:\/\/www.fcgueugnon.fr\/site\/finale-coupe-u18-ca-pontarlier-fc-gueugnon-avant-match\/54429#breadcrumb\",\"itemListElement\":[{\"@type\":\"ListItem\",\"position\":1,\"name\":\"Accueil\",\"item\":\"https:\/\/www.fcgueugnon.fr\/site\/\"},{\"@type\":\"ListItem\",\"position\":2,\"name\":\"[Finale Coupe U18 : CA Pontarlier &#8211; FC Gueugnon] Avant-match\"}]},{\"@type\":\"WebSite\",\"@id\":\"https:\/\/www.fcgueugnon.fr\/site\/#website\",\"url\":\"https:\/\/www.fcgueugnon.fr\/site\/\",\"name\":\"FOOTBALL CLUB GUEUGNON\",\"description\":\"Le Site Officiel des Forgerons\",\"publisher\":{\"@id\":\"https:\/\/www.fcgueugnon.fr\/site\/#organization\"},\"potentialAction\":[{\"@type\":\"SearchAction\",\"target\":{\"@type\":\"EntryPoint\",\"urlTemplate\":\"https:\/\/www.fcgueugnon.fr\/site\/?s={search_term_string}\"},\"query-input\":{\"@type\":\"PropertyValueSpecification\",\"valueRequired\":true,\"valueName\":\"search_term_string\"}}],\"inLanguage\":\"fr-FR\"},{\"@type\":\"Organization\",\"@id\":\"https:\/\/www.fcgueugnon.fr\/site\/#organization\",\"name\":\"FC Gueugnon\",\"url\":\"https:\/\/www.fcgueugnon.fr\/site\/\",\"logo\":{\"@type\":\"ImageObject\",\"inLanguage\":\"fr-FR\",\"@id\":\"https:\/\/www.fcgueugnon.fr\/site\/#\/schema\/logo\/image\/\",\"url\":\"https:\/\/www.fcgueugnon.fr\/site\/wp-content\/uploads\/2022\/07\/cropped-Logo-FCGUEUGNON-low-350x350-1.png\",\"contentUrl\":\"https:\/\/www.fcgueugnon.fr\/site\/wp-content\/uploads\/2022\/07\/cropped-Logo-FCGUEUGNON-low-350x350-1.png\",\"width\":350,\"height\":350,\"caption\":\"FC Gueugnon\"},\"image\":{\"@id\":\"https:\/\/www.fcgueugnon.fr\/site\/#\/schema\/logo\/image\/\"},\"sameAs\":[\"http:\/\/facebook.com\/FCGueugnon\",\"https:\/\/x.com\/FCGueugnon_off\",\"https:\/\/www.instagram.com\/fcgueugnon\/\",\"https:\/\/www.linkedin.com\/company\/football-club-de-gueugnon\/\",\"https:\/\/www.youtube.com\/user\/FCGueugnonnais\",\"https:\/\/fr.wikipedia.org\/wiki\/Football_Club_de_Gueugnon\"]},{\"@type\":\"Person\",\"@id\":\"https:\/\/www.fcgueugnon.fr\/site\/#\/schema\/person\/829630bfb5d6f3ebe4d296b75687c01a\",\"name\":\"FC Gueugnon\",\"url\":\"https:\/\/www.fcgueugnon.fr\/site\/author\/g-avin1\"}]}<\/script>\n<!-- \/ Yoast SEO plugin. -->","yoast_head_json":{"title":"[Finale Coupe U18 : CA Pontarlier - FC Gueugnon] Avant-match &#8226; FOOTBALL CLUB GUEUGNON","robots":{"index":"index","follow":"follow","max-snippet":"max-snippet:-1","max-image-preview":"max-image-preview:large","max-video-preview":"max-video-preview:-1"},"canonical":"https:\/\/www.fcgueugnon.fr\/site\/finale-coupe-u18-ca-pontarlier-fc-gueugnon-avant-match\/54429","og_locale":"fr_FR","og_type":"article","og_title":"[Finale Coupe U18 : CA Pontarlier - FC Gueugnon] Avant-match &#8226; FOOTBALL CLUB GUEUGNON","og_description":"C\u2019est l\u2019heure de v\u00e9rit\u00e9 pour les U18 du FC Gueugnon ! Ce samedi \u00e0 17h00 au Stade Christian Doussot de Saint-Vit, les jeunes Forgerons d\u2019Anthony Morele disputent la finale de la Coupe Bourgogne Franche-Comt\u00e9 face au CA Pontarlier. Un choc attendu entre deux \u00e9quipes ambitieuses, qui se connaissent bien. \ud83d\udd0d Une affiche in\u00e9dite\u2026 ou presque ... Lire la suite","og_url":"https:\/\/www.fcgueugnon.fr\/site\/finale-coupe-u18-ca-pontarlier-fc-gueugnon-avant-match\/54429","og_site_name":"FOOTBALL CLUB GUEUGNON","article_publisher":"http:\/\/facebook.com\/FCGueugnon","article_published_time":"2025-06-06T09:15:28+00:00","article_modified_time":"2025-06-06T09:15:29+00:00","og_image":[{"width":2160,"height":1350,"url":"https:\/\/www.fcgueugnon.fr\/site\/wp-content\/uploads\/2025\/06\/AVANT-MATCH-Finale-U18-CA-Pontarlier.jpg","type":"image\/jpeg"}],"author":"FC Gueugnon","twitter_card":"summary_large_image","twitter_creator":"@FCGueugnon_off","twitter_site":"@FCGueugnon_off","twitter_misc":{"\u00c9crit par":"FC Gueugnon","Dur\u00e9e de lecture estim\u00e9e":"4 minutes"},"schema":{"@context":"https:\/\/schema.org","@graph":[{"@type":"Article","@id":"https:\/\/www.fcgueugnon.fr\/site\/finale-coupe-u18-ca-pontarlier-fc-gueugnon-avant-match\/54429#article","isPartOf":{"@id":"https:\/\/www.fcgueugnon.fr\/site\/finale-coupe-u18-ca-pontarlier-fc-gueugnon-avant-match\/54429"},"author":{"name":"FC Gueugnon","@id":"https:\/\/www.fcgueugnon.fr\/site\/#\/schema\/person\/829630bfb5d6f3ebe4d296b75687c01a"},"headline":"[Finale Coupe U18 : CA Pontarlier &#8211; FC Gueugnon] Avant-match","datePublished":"2025-06-06T09:15:28+00:00","dateModified":"2025-06-06T09:15:29+00:00","mainEntityOfPage":{"@id":"https:\/\/www.fcgueugnon.fr\/site\/finale-coupe-u18-ca-pontarlier-fc-gueugnon-avant-match\/54429"},"wordCount":742,"publisher":{"@id":"https:\/\/www.fcgueugnon.fr\/site\/#organization"},"image":{"@id":"https:\/\/www.fcgueugnon.fr\/site\/finale-coupe-u18-ca-pontarlier-fc-gueugnon-avant-match\/54429#primaryimage"},"thumbnailUrl":"https:\/\/www.fcgueugnon.fr\/site\/wp-content\/uploads\/2025\/06\/AVANT-MATCH-Finale-U18-CA-Pontarlier.jpg","keywords":["Avant-match"],"articleSection":["News","News 2024\/2025"],"inLanguage":"fr-FR"},{"@type":"WebPage","@id":"https:\/\/www.fcgueugnon.fr\/site\/finale-coupe-u18-ca-pontarlier-fc-gueugnon-avant-match\/54429","url":"https:\/\/www.fcgueugnon.fr\/site\/finale-coupe-u18-ca-pontarlier-fc-gueugnon-avant-match\/54429","name":"[Finale Coupe U18 : CA Pontarlier - FC Gueugnon] Avant-match &#8226; FOOTBALL CLUB GUEUGNON","isPartOf":{"@id":"https:\/\/www.fcgueugnon.fr\/site\/#website"},"primaryImageOfPage":{"@id":"https:\/\/www.fcgueugnon.fr\/site\/finale-coupe-u18-ca-pontarlier-fc-gueugnon-avant-match\/54429#primaryimage"},"image":{"@id":"https:\/\/www.fcgueugnon.fr\/site\/finale-coupe-u18-ca-pontarlier-fc-gueugnon-avant-match\/54429#primaryimage"},"thumbnailUrl":"https:\/\/www.fcgueugnon.fr\/site\/wp-content\/uploads\/2025\/06\/AVANT-MATCH-Finale-U18-CA-Pontarlier.jpg","datePublished":"2025-06-06T09:15:28+00:00","dateModified":"2025-06-06T09:15:29+00:00","breadcrumb":{"@id":"https:\/\/www.fcgueugnon.fr\/site\/finale-coupe-u18-ca-pontarlier-fc-gueugnon-avant-match\/54429#breadcrumb"},"inLanguage":"fr-FR","potentialAction":[{"@type":"ReadAction","target":["https:\/\/www.fcgueugnon.fr\/site\/finale-coupe-u18-ca-pontarlier-fc-gueugnon-avant-match\/54429"]}]},{"@type":"ImageObject","inLanguage":"fr-FR","@id":"https:\/\/www.fcgueugnon.fr\/site\/finale-coupe-u18-ca-pontarlier-fc-gueugnon-avant-match\/54429#primaryimage","url":"https:\/\/www.fcgueugnon.fr\/site\/wp-content\/uploads\/2025\/06\/AVANT-MATCH-Finale-U18-CA-Pontarlier.jpg","contentUrl":"https:\/\/www.fcgueugnon.fr\/site\/wp-content\/uploads\/2025\/06\/AVANT-MATCH-Finale-U18-CA-Pontarlier.jpg","width":2160,"height":1350},{"@type":"BreadcrumbList","@id":"https:\/\/www.fcgueugnon.fr\/site\/finale-coupe-u18-ca-pontarlier-fc-gueugnon-avant-match\/54429#breadcrumb","itemListElement":[{"@type":"ListItem","position":1,"name":"Accueil","item":"https:\/\/www.fcgueugnon.fr\/site\/"},{"@type":"ListItem","position":2,"name":"[Finale Coupe U18 : CA Pontarlier &#8211; FC Gueugnon] Avant-match"}]},{"@type":"WebSite","@id":"https:\/\/www.fcgueugnon.fr\/site\/#website","url":"https:\/\/www.fcgueugnon.fr\/site\/","name":"FOOTBALL CLUB GUEUGNON","description":"Le Site Officiel des Forgerons","publisher":{"@id":"https:\/\/www.fcgueugnon.fr\/site\/#organization"},"potentialAction":[{"@type":"SearchAction","target":{"@type":"EntryPoint","urlTemplate":"https:\/\/www.fcgueugnon.fr\/site\/?s={search_term_string}"},"query-input":{"@type":"PropertyValueSpecification","valueRequired":true,"valueName":"search_term_string"}}],"inLanguage":"fr-FR"},{"@type":"Organization","@id":"https:\/\/www.fcgueugnon.fr\/site\/#organization","name":"FC Gueugnon","url":"https:\/\/www.fcgueugnon.fr\/site\/","logo":{"@type":"ImageObject","inLanguage":"fr-FR","@id":"https:\/\/www.fcgueugnon.fr\/site\/#\/schema\/logo\/image\/","url":"https:\/\/www.fcgueugnon.fr\/site\/wp-content\/uploads\/2022\/07\/cropped-Logo-FCGUEUGNON-low-350x350-1.png","contentUrl":"https:\/\/www.fcgueugnon.fr\/site\/wp-content\/uploads\/2022\/07\/cropped-Logo-FCGUEUGNON-low-350x350-1.png","width":350,"height":350,"caption":"FC Gueugnon"},"image":{"@id":"https:\/\/www.fcgueugnon.fr\/site\/#\/schema\/logo\/image\/"},"sameAs":["http:\/\/facebook.com\/FCGueugnon","https:\/\/x.com\/FCGueugnon_off","https:\/\/www.instagram.com\/fcgueugnon\/","https:\/\/www.linkedin.com\/company\/football-club-de-gueugnon\/","https:\/\/www.youtube.com\/user\/FCGueugnonnais","https:\/\/fr.wikipedia.org\/wiki\/Football_Club_de_Gueugnon"]},{"@type":"Person","@id":"https:\/\/www.fcgueugnon.fr\/site\/#\/schema\/person\/829630bfb5d6f3ebe4d296b75687c01a","name":"FC Gueugnon","url":"https:\/\/www.fcgueugnon.fr\/site\/author\/g-avin1"}]}},"rttpg_featured_image_url":{"full":["https:\/\/www.fcgueugnon.fr\/site\/wp-content\/uploads\/2025\/06\/AVANT-MATCH-Finale-U18-CA-Pontarlier.jpg",2160,1350,false],"landscape":["https:\/\/www.fcgueugnon.fr\/site\/wp-content\/uploads\/2025\/06\/AVANT-MATCH-Finale-U18-CA-Pontarlier.jpg",2160,1350,false],"portraits":["https:\/\/www.fcgueugnon.fr\/site\/wp-content\/uploads\/2025\/06\/AVANT-MATCH-Finale-U18-CA-Pontarlier.jpg",2160,1350,false],"thumbnail":["https:\/\/www.fcgueugnon.fr\/site\/wp-content\/uploads\/2025\/06\/AVANT-MATCH-Finale-U18-CA-Pontarlier-150x150.jpg",150,150,true],"medium":["https:\/\/www.fcgueugnon.fr\/site\/wp-content\/uploads\/2025\/06\/AVANT-MATCH-Finale-U18-CA-Pontarlier-400x250.jpg",400,250,true],"large":["https:\/\/www.fcgueugnon.fr\/site\/wp-content\/uploads\/2025\/06\/AVANT-MATCH-Finale-U18-CA-Pontarlier-1024x640.jpg",1024,640,true],"1536x1536":["https:\/\/www.fcgueugnon.fr\/site\/wp-content\/uploads\/2025\/06\/AVANT-MATCH-Finale-U18-CA-Pontarlier-1536x960.jpg",1536,960,true],"2048x2048":["https:\/\/www.fcgueugnon.fr\/site\/wp-content\/uploads\/2025\/06\/AVANT-MATCH-Finale-U18-CA-Pontarlier-2048x1280.jpg",2048,1280,true]},"rttpg_author":{"display_name":"FC Gueugnon","author_link":"https:\/\/www.fcgueugnon.fr\/site\/author\/g-avin1"},"rttpg_comment":0,"rttpg_category":"<a href=\"https:\/\/www.fcgueugnon.fr\/site\/category\/news\" rel=\"category tag\">News<\/a> <a href=\"https:\/\/www.fcgueugnon.fr\/site\/category\/news\/news-2024-2025\" rel=\"category tag\">News 2024\/2025<\/a>","rttpg_excerpt":"C\u2019est l\u2019heure de v\u00e9rit\u00e9 pour les U18 du FC Gueugnon ! Ce samedi \u00e0 17h00 au Stade Christian Doussot de Saint-Vit, les jeunes Forgerons d\u2019Anthony Morele disputent la finale de la Coupe Bourgogne Franche-Comt\u00e9 face au CA Pontarlier. Un choc attendu entre deux \u00e9quipes ambitieuses, qui se connaissent bien. \ud83d\udd0d Une affiche in\u00e9dite\u2026 ou presque\u2026","_links":{"self":[{"href":"https:\/\/www.fcgueugnon.fr\/site\/wp-json\/wp\/v2\/posts\/54429","targetHints":{"allow":["GET"]}}],"collection":[{"href":"https:\/\/www.fcgueugnon.fr\/site\/wp-json\/wp\/v2\/posts"}],"about":[{"href":"https:\/\/www.fcgueugnon.fr\/site\/wp-json\/wp\/v2\/types\/post"}],"author":[{"embeddable":true,"href":"https:\/\/www.fcgueugnon.fr\/site\/wp-json\/wp\/v2\/users\/3"}],"replies":[{"embeddable":true,"href":"https:\/\/www.fcgueugnon.fr\/site\/wp-json\/wp\/v2\/comments?post=54429"}],"version-history":[{"count":10,"href":"https:\/\/www.fcgueugnon.fr\/site\/wp-json\/wp\/v2\/posts\/54429\/revisions"}],"predecessor-version":[{"id":54440,"href":"https:\/\/www.fcgueugnon.fr\/site\/wp-json\/wp\/v2\/posts\/54429\/revisions\/54440"}],"wp:featuredmedia":[{"embeddable":true,"href":"https:\/\/www.fcgueugnon.fr\/site\/wp-json\/wp\/v2\/media\/54436"}],"wp:attachment":[{"href":"https:\/\/www.fcgueugnon.fr\/site\/wp-json\/wp\/v2\/media?parent=54429"}],"wp:term":[{"taxonomy":"category","embeddable":true,"href":"https:\/\/www.fcgueugnon.fr\/site\/wp-json\/wp\/v2\/categories?post=54429"},{"taxonomy":"post_tag","embeddable":true,"href":"https:\/\/www.fcgueugnon.fr\/site\/wp-json\/wp\/v2\/tags?post=54429"}],"curies":[{"name":"wp","href":"https:\/\/api.w.org\/{rel}","templated":true}]}}