{"id":5414,"date":"2023-07-18T19:00:00","date_gmt":"2023-07-18T17:00:00","guid":{"rendered":"https:\/\/www.fcgueugnon.fr\/site\/?p=5414"},"modified":"2023-10-23T09:34:39","modified_gmt":"2023-10-23T07:34:39","slug":"national-3-les-forgerons-ont-debute-leur-preparation-%f0%9f%93%b8","status":"publish","type":"post","link":"https:\/\/www.fcgueugnon.fr\/site\/national-3-les-forgerons-ont-debute-leur-preparation-%f0%9f%93%b8\/5414","title":{"rendered":"[National 3] Les forgerons ont d\u00e9but\u00e9 leur pr\u00e9paration \ud83d\udcf8"},"content":{"rendered":"\n<h3 class=\"wp-block-heading\"><strong>Retour aux affaires pour les forgerons ! Le groupe National 3 a retrouv\u00e9 le chemin de l&rsquo;entra\u00eenement ce lundi soir.<\/strong><\/h3>\n\n\n\n<p>Apr\u00e8s une premier \u00e9change avec l\u2019\u00e9quipe, c\u2019\u00e9tait l\u2019heure de rechausser les crampons pour participer au premier entra\u00eenement sous l\u2019\u0153il attentif du staff ! Du travail physique en d\u00e9but de s\u00e9ance avant de renouer le contact avec le ballon !<\/p>\n\n\n\n<div style=\"height:20px\" aria-hidden=\"true\" class=\"wp-block-spacer\"><\/div>\n\n\n\n<figure class=\"wp-block-coblocks-gallery-masonry masonry-grid has-medium-gutter\">\n<figure class=\"wp-block-image size-large\"><a href=\"https:\/\/www.fcgueugnon.fr\/site\/wp-content\/uploads\/2023\/07\/REPRISE-24.png\"><img loading=\"lazy\" decoding=\"async\" width=\"1024\" height=\"682\" src=\"https:\/\/www.fcgueugnon.fr\/site\/wp-content\/uploads\/2023\/07\/REPRISE-24-1024x682.png\" alt=\"Image gallery image\" class=\"wp-image-5419\" srcset=\"https:\/\/www.fcgueugnon.fr\/site\/wp-content\/uploads\/2023\/07\/REPRISE-24-1024x682.png 1024w, https:\/\/www.fcgueugnon.fr\/site\/wp-content\/uploads\/2023\/07\/REPRISE-24-400x267.png 400w, https:\/\/www.fcgueugnon.fr\/site\/wp-content\/uploads\/2023\/07\/REPRISE-24-768x512.png 768w, https:\/\/www.fcgueugnon.fr\/site\/wp-content\/uploads\/2023\/07\/REPRISE-24-1536x1024.png 1536w, https:\/\/www.fcgueugnon.fr\/site\/wp-content\/uploads\/2023\/07\/REPRISE-24-1320x880.png 1320w, https:\/\/www.fcgueugnon.fr\/site\/wp-content\/uploads\/2023\/07\/REPRISE-24-600x400.png 600w, https:\/\/www.fcgueugnon.fr\/site\/wp-content\/uploads\/2023\/07\/REPRISE-24.png 1772w\" sizes=\"auto, (max-width: 1024px) 100vw, 1024px\" \/><\/a><\/figure>\n\n\n\n<figure class=\"wp-block-image size-large\"><a href=\"https:\/\/www.fcgueugnon.fr\/site\/wp-content\/uploads\/2023\/07\/REPRISE-23.png\"><img loading=\"lazy\" decoding=\"async\" width=\"1024\" height=\"682\" src=\"https:\/\/www.fcgueugnon.fr\/site\/wp-content\/uploads\/2023\/07\/REPRISE-23-1024x682.png\" alt=\"Image gallery image\" class=\"wp-image-5431\" srcset=\"https:\/\/www.fcgueugnon.fr\/site\/wp-content\/uploads\/2023\/07\/REPRISE-23-1024x682.png 1024w, https:\/\/www.fcgueugnon.fr\/site\/wp-content\/uploads\/2023\/07\/REPRISE-23-400x267.png 400w, https:\/\/www.fcgueugnon.fr\/site\/wp-content\/uploads\/2023\/07\/REPRISE-23-768x512.png 768w, https:\/\/www.fcgueugnon.fr\/site\/wp-content\/uploads\/2023\/07\/REPRISE-23-1536x1024.png 1536w, https:\/\/www.fcgueugnon.fr\/site\/wp-content\/uploads\/2023\/07\/REPRISE-23-1320x880.png 1320w, https:\/\/www.fcgueugnon.fr\/site\/wp-content\/uploads\/2023\/07\/REPRISE-23-600x400.png 600w, https:\/\/www.fcgueugnon.fr\/site\/wp-content\/uploads\/2023\/07\/REPRISE-23.png 1772w\" sizes=\"auto, (max-width: 1024px) 100vw, 1024px\" \/><\/a><\/figure>\n\n\n\n<figure class=\"wp-block-image size-large\"><a href=\"https:\/\/www.fcgueugnon.fr\/site\/wp-content\/uploads\/2023\/07\/REPRISE-22.png\"><img loading=\"lazy\" decoding=\"async\" width=\"1024\" height=\"682\" src=\"https:\/\/www.fcgueugnon.fr\/site\/wp-content\/uploads\/2023\/07\/REPRISE-22-1024x682.png\" alt=\"Image gallery image\" class=\"wp-image-5427\" srcset=\"https:\/\/www.fcgueugnon.fr\/site\/wp-content\/uploads\/2023\/07\/REPRISE-22-1024x682.png 1024w, https:\/\/www.fcgueugnon.fr\/site\/wp-content\/uploads\/2023\/07\/REPRISE-22-400x267.png 400w, https:\/\/www.fcgueugnon.fr\/site\/wp-content\/uploads\/2023\/07\/REPRISE-22-768x512.png 768w, https:\/\/www.fcgueugnon.fr\/site\/wp-content\/uploads\/2023\/07\/REPRISE-22-1536x1024.png 1536w, https:\/\/www.fcgueugnon.fr\/site\/wp-content\/uploads\/2023\/07\/REPRISE-22-1320x880.png 1320w, https:\/\/www.fcgueugnon.fr\/site\/wp-content\/uploads\/2023\/07\/REPRISE-22-600x400.png 600w, https:\/\/www.fcgueugnon.fr\/site\/wp-content\/uploads\/2023\/07\/REPRISE-22.png 1772w\" sizes=\"auto, (max-width: 1024px) 100vw, 1024px\" \/><\/a><\/figure>\n\n\n\n<figure class=\"wp-block-image size-large\"><a href=\"https:\/\/www.fcgueugnon.fr\/site\/wp-content\/uploads\/2023\/07\/REPRISE-21.png\"><img loading=\"lazy\" decoding=\"async\" width=\"1024\" height=\"682\" src=\"https:\/\/www.fcgueugnon.fr\/site\/wp-content\/uploads\/2023\/07\/REPRISE-21-1024x682.png\" alt=\"Image gallery image\" class=\"wp-image-5432\" srcset=\"https:\/\/www.fcgueugnon.fr\/site\/wp-content\/uploads\/2023\/07\/REPRISE-21-1024x682.png 1024w, https:\/\/www.fcgueugnon.fr\/site\/wp-content\/uploads\/2023\/07\/REPRISE-21-400x267.png 400w, https:\/\/www.fcgueugnon.fr\/site\/wp-content\/uploads\/2023\/07\/REPRISE-21-768x512.png 768w, https:\/\/www.fcgueugnon.fr\/site\/wp-content\/uploads\/2023\/07\/REPRISE-21-1536x1024.png 1536w, https:\/\/www.fcgueugnon.fr\/site\/wp-content\/uploads\/2023\/07\/REPRISE-21-1320x880.png 1320w, https:\/\/www.fcgueugnon.fr\/site\/wp-content\/uploads\/2023\/07\/REPRISE-21-600x400.png 600w, https:\/\/www.fcgueugnon.fr\/site\/wp-content\/uploads\/2023\/07\/REPRISE-21.png 1772w\" sizes=\"auto, (max-width: 1024px) 100vw, 1024px\" \/><\/a><\/figure>\n\n\n\n<figure class=\"wp-block-image size-large\"><a href=\"https:\/\/www.fcgueugnon.fr\/site\/wp-content\/uploads\/2023\/07\/REPRISE-20.png\"><img loading=\"lazy\" decoding=\"async\" width=\"1024\" height=\"682\" src=\"https:\/\/www.fcgueugnon.fr\/site\/wp-content\/uploads\/2023\/07\/REPRISE-20-1024x682.png\" alt=\"Image gallery image\" class=\"wp-image-5418\" srcset=\"https:\/\/www.fcgueugnon.fr\/site\/wp-content\/uploads\/2023\/07\/REPRISE-20-1024x682.png 1024w, https:\/\/www.fcgueugnon.fr\/site\/wp-content\/uploads\/2023\/07\/REPRISE-20-400x267.png 400w, https:\/\/www.fcgueugnon.fr\/site\/wp-content\/uploads\/2023\/07\/REPRISE-20-768x512.png 768w, https:\/\/www.fcgueugnon.fr\/site\/wp-content\/uploads\/2023\/07\/REPRISE-20-1536x1024.png 1536w, https:\/\/www.fcgueugnon.fr\/site\/wp-content\/uploads\/2023\/07\/REPRISE-20-1320x880.png 1320w, https:\/\/www.fcgueugnon.fr\/site\/wp-content\/uploads\/2023\/07\/REPRISE-20-600x400.png 600w, https:\/\/www.fcgueugnon.fr\/site\/wp-content\/uploads\/2023\/07\/REPRISE-20.png 1772w\" sizes=\"auto, (max-width: 1024px) 100vw, 1024px\" \/><\/a><\/figure>\n\n\n\n<figure class=\"wp-block-image size-large\"><a href=\"https:\/\/www.fcgueugnon.fr\/site\/wp-content\/uploads\/2023\/07\/REPRISE-19.png\"><img loading=\"lazy\" decoding=\"async\" width=\"1024\" height=\"682\" src=\"https:\/\/www.fcgueugnon.fr\/site\/wp-content\/uploads\/2023\/07\/REPRISE-19-1024x682.png\" alt=\"Image gallery image\" class=\"wp-image-5415\" srcset=\"https:\/\/www.fcgueugnon.fr\/site\/wp-content\/uploads\/2023\/07\/REPRISE-19-1024x682.png 1024w, https:\/\/www.fcgueugnon.fr\/site\/wp-content\/uploads\/2023\/07\/REPRISE-19-400x267.png 400w, https:\/\/www.fcgueugnon.fr\/site\/wp-content\/uploads\/2023\/07\/REPRISE-19-768x512.png 768w, https:\/\/www.fcgueugnon.fr\/site\/wp-content\/uploads\/2023\/07\/REPRISE-19-1536x1024.png 1536w, https:\/\/www.fcgueugnon.fr\/site\/wp-content\/uploads\/2023\/07\/REPRISE-19-1320x880.png 1320w, https:\/\/www.fcgueugnon.fr\/site\/wp-content\/uploads\/2023\/07\/REPRISE-19-600x400.png 600w, https:\/\/www.fcgueugnon.fr\/site\/wp-content\/uploads\/2023\/07\/REPRISE-19.png 1772w\" sizes=\"auto, (max-width: 1024px) 100vw, 1024px\" \/><\/a><\/figure>\n\n\n\n<figure class=\"wp-block-image size-large\"><a href=\"https:\/\/www.fcgueugnon.fr\/site\/wp-content\/uploads\/2023\/07\/REPRISE-18.png\"><img loading=\"lazy\" decoding=\"async\" width=\"1024\" height=\"682\" src=\"https:\/\/www.fcgueugnon.fr\/site\/wp-content\/uploads\/2023\/07\/REPRISE-18-1024x682.png\" alt=\"Image gallery image\" class=\"wp-image-5429\" srcset=\"https:\/\/www.fcgueugnon.fr\/site\/wp-content\/uploads\/2023\/07\/REPRISE-18-1024x682.png 1024w, https:\/\/www.fcgueugnon.fr\/site\/wp-content\/uploads\/2023\/07\/REPRISE-18-400x267.png 400w, https:\/\/www.fcgueugnon.fr\/site\/wp-content\/uploads\/2023\/07\/REPRISE-18-768x512.png 768w, https:\/\/www.fcgueugnon.fr\/site\/wp-content\/uploads\/2023\/07\/REPRISE-18-1536x1024.png 1536w, https:\/\/www.fcgueugnon.fr\/site\/wp-content\/uploads\/2023\/07\/REPRISE-18-1320x880.png 1320w, https:\/\/www.fcgueugnon.fr\/site\/wp-content\/uploads\/2023\/07\/REPRISE-18-600x400.png 600w, https:\/\/www.fcgueugnon.fr\/site\/wp-content\/uploads\/2023\/07\/REPRISE-18.png 1772w\" sizes=\"auto, (max-width: 1024px) 100vw, 1024px\" \/><\/a><\/figure>\n\n\n\n<figure class=\"wp-block-image size-large\"><a href=\"https:\/\/www.fcgueugnon.fr\/site\/wp-content\/uploads\/2023\/07\/REPRISE-17.png\"><img loading=\"lazy\" decoding=\"async\" width=\"1024\" height=\"682\" src=\"https:\/\/www.fcgueugnon.fr\/site\/wp-content\/uploads\/2023\/07\/REPRISE-17-1024x682.png\" alt=\"Image gallery image\" class=\"wp-image-5425\" srcset=\"https:\/\/www.fcgueugnon.fr\/site\/wp-content\/uploads\/2023\/07\/REPRISE-17-1024x682.png 1024w, https:\/\/www.fcgueugnon.fr\/site\/wp-content\/uploads\/2023\/07\/REPRISE-17-400x267.png 400w, https:\/\/www.fcgueugnon.fr\/site\/wp-content\/uploads\/2023\/07\/REPRISE-17-768x512.png 768w, https:\/\/www.fcgueugnon.fr\/site\/wp-content\/uploads\/2023\/07\/REPRISE-17-1536x1024.png 1536w, https:\/\/www.fcgueugnon.fr\/site\/wp-content\/uploads\/2023\/07\/REPRISE-17-1320x880.png 1320w, https:\/\/www.fcgueugnon.fr\/site\/wp-content\/uploads\/2023\/07\/REPRISE-17-600x400.png 600w, https:\/\/www.fcgueugnon.fr\/site\/wp-content\/uploads\/2023\/07\/REPRISE-17.png 1772w\" sizes=\"auto, (max-width: 1024px) 100vw, 1024px\" \/><\/a><\/figure>\n\n\n\n<figure class=\"wp-block-image size-large\"><a href=\"https:\/\/www.fcgueugnon.fr\/site\/wp-content\/uploads\/2023\/07\/REPRISE-16.png\"><img loading=\"lazy\" decoding=\"async\" width=\"1024\" height=\"682\" src=\"https:\/\/www.fcgueugnon.fr\/site\/wp-content\/uploads\/2023\/07\/REPRISE-16-1024x682.png\" alt=\"Image gallery image\" class=\"wp-image-5422\" srcset=\"https:\/\/www.fcgueugnon.fr\/site\/wp-content\/uploads\/2023\/07\/REPRISE-16-1024x682.png 1024w, https:\/\/www.fcgueugnon.fr\/site\/wp-content\/uploads\/2023\/07\/REPRISE-16-400x267.png 400w, https:\/\/www.fcgueugnon.fr\/site\/wp-content\/uploads\/2023\/07\/REPRISE-16-768x512.png 768w, https:\/\/www.fcgueugnon.fr\/site\/wp-content\/uploads\/2023\/07\/REPRISE-16-1536x1024.png 1536w, https:\/\/www.fcgueugnon.fr\/site\/wp-content\/uploads\/2023\/07\/REPRISE-16-1320x880.png 1320w, https:\/\/www.fcgueugnon.fr\/site\/wp-content\/uploads\/2023\/07\/REPRISE-16-600x400.png 600w, https:\/\/www.fcgueugnon.fr\/site\/wp-content\/uploads\/2023\/07\/REPRISE-16.png 1772w\" sizes=\"auto, (max-width: 1024px) 100vw, 1024px\" \/><\/a><\/figure>\n\n\n\n<figure class=\"wp-block-image size-large\"><a href=\"https:\/\/www.fcgueugnon.fr\/site\/wp-content\/uploads\/2023\/07\/REPRISE-15.png\"><img loading=\"lazy\" decoding=\"async\" width=\"1024\" height=\"682\" src=\"https:\/\/www.fcgueugnon.fr\/site\/wp-content\/uploads\/2023\/07\/REPRISE-15-1024x682.png\" alt=\"Image gallery image\" class=\"wp-image-5416\" srcset=\"https:\/\/www.fcgueugnon.fr\/site\/wp-content\/uploads\/2023\/07\/REPRISE-15-1024x682.png 1024w, https:\/\/www.fcgueugnon.fr\/site\/wp-content\/uploads\/2023\/07\/REPRISE-15-400x267.png 400w, https:\/\/www.fcgueugnon.fr\/site\/wp-content\/uploads\/2023\/07\/REPRISE-15-768x512.png 768w, https:\/\/www.fcgueugnon.fr\/site\/wp-content\/uploads\/2023\/07\/REPRISE-15-1536x1024.png 1536w, https:\/\/www.fcgueugnon.fr\/site\/wp-content\/uploads\/2023\/07\/REPRISE-15-1320x880.png 1320w, https:\/\/www.fcgueugnon.fr\/site\/wp-content\/uploads\/2023\/07\/REPRISE-15-600x400.png 600w, https:\/\/www.fcgueugnon.fr\/site\/wp-content\/uploads\/2023\/07\/REPRISE-15.png 1772w\" sizes=\"auto, (max-width: 1024px) 100vw, 1024px\" \/><\/a><\/figure>\n\n\n\n<figure class=\"wp-block-image size-large\"><a href=\"https:\/\/www.fcgueugnon.fr\/site\/wp-content\/uploads\/2023\/07\/REPRISE-14.png\"><img loading=\"lazy\" decoding=\"async\" width=\"1024\" height=\"682\" src=\"https:\/\/www.fcgueugnon.fr\/site\/wp-content\/uploads\/2023\/07\/REPRISE-14-1024x682.png\" alt=\"Image gallery image\" class=\"wp-image-5417\" srcset=\"https:\/\/www.fcgueugnon.fr\/site\/wp-content\/uploads\/2023\/07\/REPRISE-14-1024x682.png 1024w, https:\/\/www.fcgueugnon.fr\/site\/wp-content\/uploads\/2023\/07\/REPRISE-14-400x267.png 400w, https:\/\/www.fcgueugnon.fr\/site\/wp-content\/uploads\/2023\/07\/REPRISE-14-768x512.png 768w, https:\/\/www.fcgueugnon.fr\/site\/wp-content\/uploads\/2023\/07\/REPRISE-14-1536x1024.png 1536w, https:\/\/www.fcgueugnon.fr\/site\/wp-content\/uploads\/2023\/07\/REPRISE-14-1320x880.png 1320w, https:\/\/www.fcgueugnon.fr\/site\/wp-content\/uploads\/2023\/07\/REPRISE-14-600x400.png 600w, https:\/\/www.fcgueugnon.fr\/site\/wp-content\/uploads\/2023\/07\/REPRISE-14.png 1772w\" sizes=\"auto, (max-width: 1024px) 100vw, 1024px\" \/><\/a><\/figure>\n\n\n\n<figure class=\"wp-block-image size-large\"><a href=\"https:\/\/www.fcgueugnon.fr\/site\/wp-content\/uploads\/2023\/07\/REPRISE-13.png\"><img loading=\"lazy\" decoding=\"async\" width=\"1024\" height=\"682\" src=\"https:\/\/www.fcgueugnon.fr\/site\/wp-content\/uploads\/2023\/07\/REPRISE-13-1024x682.png\" alt=\"Image gallery image\" class=\"wp-image-5420\" srcset=\"https:\/\/www.fcgueugnon.fr\/site\/wp-content\/uploads\/2023\/07\/REPRISE-13-1024x682.png 1024w, https:\/\/www.fcgueugnon.fr\/site\/wp-content\/uploads\/2023\/07\/REPRISE-13-400x267.png 400w, https:\/\/www.fcgueugnon.fr\/site\/wp-content\/uploads\/2023\/07\/REPRISE-13-768x512.png 768w, https:\/\/www.fcgueugnon.fr\/site\/wp-content\/uploads\/2023\/07\/REPRISE-13-1536x1024.png 1536w, https:\/\/www.fcgueugnon.fr\/site\/wp-content\/uploads\/2023\/07\/REPRISE-13-1320x880.png 1320w, https:\/\/www.fcgueugnon.fr\/site\/wp-content\/uploads\/2023\/07\/REPRISE-13-600x400.png 600w, https:\/\/www.fcgueugnon.fr\/site\/wp-content\/uploads\/2023\/07\/REPRISE-13.png 1772w\" sizes=\"auto, (max-width: 1024px) 100vw, 1024px\" \/><\/a><\/figure>\n\n\n\n<figure class=\"wp-block-image size-large\"><a href=\"https:\/\/www.fcgueugnon.fr\/site\/wp-content\/uploads\/2023\/07\/REPRISE-12.png\"><img loading=\"lazy\" decoding=\"async\" width=\"1024\" height=\"682\" src=\"https:\/\/www.fcgueugnon.fr\/site\/wp-content\/uploads\/2023\/07\/REPRISE-12-1024x682.png\" alt=\"Image gallery image\" class=\"wp-image-5421\" srcset=\"https:\/\/www.fcgueugnon.fr\/site\/wp-content\/uploads\/2023\/07\/REPRISE-12-1024x682.png 1024w, https:\/\/www.fcgueugnon.fr\/site\/wp-content\/uploads\/2023\/07\/REPRISE-12-400x267.png 400w, https:\/\/www.fcgueugnon.fr\/site\/wp-content\/uploads\/2023\/07\/REPRISE-12-768x512.png 768w, https:\/\/www.fcgueugnon.fr\/site\/wp-content\/uploads\/2023\/07\/REPRISE-12-1536x1024.png 1536w, https:\/\/www.fcgueugnon.fr\/site\/wp-content\/uploads\/2023\/07\/REPRISE-12-1320x880.png 1320w, https:\/\/www.fcgueugnon.fr\/site\/wp-content\/uploads\/2023\/07\/REPRISE-12-600x400.png 600w, https:\/\/www.fcgueugnon.fr\/site\/wp-content\/uploads\/2023\/07\/REPRISE-12.png 1772w\" sizes=\"auto, (max-width: 1024px) 100vw, 1024px\" \/><\/a><\/figure>\n\n\n\n<figure class=\"wp-block-image size-large\"><a href=\"https:\/\/www.fcgueugnon.fr\/site\/wp-content\/uploads\/2023\/07\/REPRISE-11.png\"><img loading=\"lazy\" decoding=\"async\" width=\"1024\" height=\"682\" src=\"https:\/\/www.fcgueugnon.fr\/site\/wp-content\/uploads\/2023\/07\/REPRISE-11-1024x682.png\" alt=\"Image gallery image\" class=\"wp-image-5423\" srcset=\"https:\/\/www.fcgueugnon.fr\/site\/wp-content\/uploads\/2023\/07\/REPRISE-11-1024x682.png 1024w, https:\/\/www.fcgueugnon.fr\/site\/wp-content\/uploads\/2023\/07\/REPRISE-11-400x267.png 400w, https:\/\/www.fcgueugnon.fr\/site\/wp-content\/uploads\/2023\/07\/REPRISE-11-768x512.png 768w, https:\/\/www.fcgueugnon.fr\/site\/wp-content\/uploads\/2023\/07\/REPRISE-11-1536x1024.png 1536w, https:\/\/www.fcgueugnon.fr\/site\/wp-content\/uploads\/2023\/07\/REPRISE-11-1320x880.png 1320w, https:\/\/www.fcgueugnon.fr\/site\/wp-content\/uploads\/2023\/07\/REPRISE-11-600x400.png 600w, https:\/\/www.fcgueugnon.fr\/site\/wp-content\/uploads\/2023\/07\/REPRISE-11.png 1772w\" sizes=\"auto, (max-width: 1024px) 100vw, 1024px\" \/><\/a><\/figure>\n\n\n\n<figure class=\"wp-block-image size-large\"><a href=\"https:\/\/www.fcgueugnon.fr\/site\/wp-content\/uploads\/2023\/07\/REPRISE-10.png\"><img loading=\"lazy\" decoding=\"async\" width=\"1024\" height=\"682\" src=\"https:\/\/www.fcgueugnon.fr\/site\/wp-content\/uploads\/2023\/07\/REPRISE-10-1024x682.png\" alt=\"Image gallery image\" class=\"wp-image-5437\" srcset=\"https:\/\/www.fcgueugnon.fr\/site\/wp-content\/uploads\/2023\/07\/REPRISE-10-1024x682.png 1024w, https:\/\/www.fcgueugnon.fr\/site\/wp-content\/uploads\/2023\/07\/REPRISE-10-400x267.png 400w, https:\/\/www.fcgueugnon.fr\/site\/wp-content\/uploads\/2023\/07\/REPRISE-10-768x512.png 768w, https:\/\/www.fcgueugnon.fr\/site\/wp-content\/uploads\/2023\/07\/REPRISE-10-1536x1024.png 1536w, https:\/\/www.fcgueugnon.fr\/site\/wp-content\/uploads\/2023\/07\/REPRISE-10-1320x880.png 1320w, https:\/\/www.fcgueugnon.fr\/site\/wp-content\/uploads\/2023\/07\/REPRISE-10-600x400.png 600w, https:\/\/www.fcgueugnon.fr\/site\/wp-content\/uploads\/2023\/07\/REPRISE-10.png 1772w\" sizes=\"auto, (max-width: 1024px) 100vw, 1024px\" \/><\/a><\/figure>\n\n\n\n<figure class=\"wp-block-image size-large\"><a href=\"https:\/\/www.fcgueugnon.fr\/site\/wp-content\/uploads\/2023\/07\/REPRISE-9.png\"><img loading=\"lazy\" decoding=\"async\" width=\"1024\" height=\"682\" src=\"https:\/\/www.fcgueugnon.fr\/site\/wp-content\/uploads\/2023\/07\/REPRISE-9-1024x682.png\" alt=\"Image gallery image\" class=\"wp-image-5435\" srcset=\"https:\/\/www.fcgueugnon.fr\/site\/wp-content\/uploads\/2023\/07\/REPRISE-9-1024x682.png 1024w, https:\/\/www.fcgueugnon.fr\/site\/wp-content\/uploads\/2023\/07\/REPRISE-9-400x267.png 400w, https:\/\/www.fcgueugnon.fr\/site\/wp-content\/uploads\/2023\/07\/REPRISE-9-768x512.png 768w, https:\/\/www.fcgueugnon.fr\/site\/wp-content\/uploads\/2023\/07\/REPRISE-9-1536x1024.png 1536w, https:\/\/www.fcgueugnon.fr\/site\/wp-content\/uploads\/2023\/07\/REPRISE-9-1320x880.png 1320w, https:\/\/www.fcgueugnon.fr\/site\/wp-content\/uploads\/2023\/07\/REPRISE-9-600x400.png 600w, https:\/\/www.fcgueugnon.fr\/site\/wp-content\/uploads\/2023\/07\/REPRISE-9.png 1772w\" sizes=\"auto, (max-width: 1024px) 100vw, 1024px\" \/><\/a><\/figure>\n\n\n\n<figure class=\"wp-block-image size-large\"><a href=\"https:\/\/www.fcgueugnon.fr\/site\/wp-content\/uploads\/2023\/07\/REPRISE-8.png\"><img loading=\"lazy\" decoding=\"async\" width=\"1024\" height=\"682\" src=\"https:\/\/www.fcgueugnon.fr\/site\/wp-content\/uploads\/2023\/07\/REPRISE-8-1024x682.png\" alt=\"Image gallery image\" class=\"wp-image-5436\" srcset=\"https:\/\/www.fcgueugnon.fr\/site\/wp-content\/uploads\/2023\/07\/REPRISE-8-1024x682.png 1024w, https:\/\/www.fcgueugnon.fr\/site\/wp-content\/uploads\/2023\/07\/REPRISE-8-400x267.png 400w, https:\/\/www.fcgueugnon.fr\/site\/wp-content\/uploads\/2023\/07\/REPRISE-8-768x512.png 768w, https:\/\/www.fcgueugnon.fr\/site\/wp-content\/uploads\/2023\/07\/REPRISE-8-1536x1024.png 1536w, https:\/\/www.fcgueugnon.fr\/site\/wp-content\/uploads\/2023\/07\/REPRISE-8-1320x880.png 1320w, https:\/\/www.fcgueugnon.fr\/site\/wp-content\/uploads\/2023\/07\/REPRISE-8-600x400.png 600w, https:\/\/www.fcgueugnon.fr\/site\/wp-content\/uploads\/2023\/07\/REPRISE-8.png 1772w\" sizes=\"auto, (max-width: 1024px) 100vw, 1024px\" \/><\/a><\/figure>\n\n\n\n<figure class=\"wp-block-image size-large\"><a href=\"https:\/\/www.fcgueugnon.fr\/site\/wp-content\/uploads\/2023\/07\/REPRISE-7.png\"><img loading=\"lazy\" decoding=\"async\" width=\"1024\" height=\"682\" src=\"https:\/\/www.fcgueugnon.fr\/site\/wp-content\/uploads\/2023\/07\/REPRISE-7-1024x682.png\" alt=\"Image gallery image\" class=\"wp-image-5430\" srcset=\"https:\/\/www.fcgueugnon.fr\/site\/wp-content\/uploads\/2023\/07\/REPRISE-7-1024x682.png 1024w, https:\/\/www.fcgueugnon.fr\/site\/wp-content\/uploads\/2023\/07\/REPRISE-7-400x267.png 400w, https:\/\/www.fcgueugnon.fr\/site\/wp-content\/uploads\/2023\/07\/REPRISE-7-768x512.png 768w, https:\/\/www.fcgueugnon.fr\/site\/wp-content\/uploads\/2023\/07\/REPRISE-7-1536x1024.png 1536w, https:\/\/www.fcgueugnon.fr\/site\/wp-content\/uploads\/2023\/07\/REPRISE-7-1320x880.png 1320w, https:\/\/www.fcgueugnon.fr\/site\/wp-content\/uploads\/2023\/07\/REPRISE-7-600x400.png 600w, https:\/\/www.fcgueugnon.fr\/site\/wp-content\/uploads\/2023\/07\/REPRISE-7.png 1772w\" sizes=\"auto, (max-width: 1024px) 100vw, 1024px\" \/><\/a><\/figure>\n\n\n\n<figure class=\"wp-block-image size-large\"><a href=\"https:\/\/www.fcgueugnon.fr\/site\/wp-content\/uploads\/2023\/07\/REPRISE-6.png\"><img loading=\"lazy\" decoding=\"async\" width=\"1024\" height=\"682\" src=\"https:\/\/www.fcgueugnon.fr\/site\/wp-content\/uploads\/2023\/07\/REPRISE-6-1024x682.png\" alt=\"Image gallery image\" class=\"wp-image-5438\" srcset=\"https:\/\/www.fcgueugnon.fr\/site\/wp-content\/uploads\/2023\/07\/REPRISE-6-1024x682.png 1024w, https:\/\/www.fcgueugnon.fr\/site\/wp-content\/uploads\/2023\/07\/REPRISE-6-400x267.png 400w, https:\/\/www.fcgueugnon.fr\/site\/wp-content\/uploads\/2023\/07\/REPRISE-6-768x512.png 768w, https:\/\/www.fcgueugnon.fr\/site\/wp-content\/uploads\/2023\/07\/REPRISE-6-1536x1024.png 1536w, https:\/\/www.fcgueugnon.fr\/site\/wp-content\/uploads\/2023\/07\/REPRISE-6-1320x880.png 1320w, https:\/\/www.fcgueugnon.fr\/site\/wp-content\/uploads\/2023\/07\/REPRISE-6-600x400.png 600w, https:\/\/www.fcgueugnon.fr\/site\/wp-content\/uploads\/2023\/07\/REPRISE-6.png 1772w\" sizes=\"auto, (max-width: 1024px) 100vw, 1024px\" \/><\/a><\/figure>\n\n\n\n<figure class=\"wp-block-image size-large\"><a href=\"https:\/\/www.fcgueugnon.fr\/site\/wp-content\/uploads\/2023\/07\/REPRISE-5.png\"><img loading=\"lazy\" decoding=\"async\" width=\"1024\" height=\"682\" src=\"https:\/\/www.fcgueugnon.fr\/site\/wp-content\/uploads\/2023\/07\/REPRISE-5-1024x682.png\" alt=\"Image gallery image\" class=\"wp-image-5426\" srcset=\"https:\/\/www.fcgueugnon.fr\/site\/wp-content\/uploads\/2023\/07\/REPRISE-5-1024x682.png 1024w, https:\/\/www.fcgueugnon.fr\/site\/wp-content\/uploads\/2023\/07\/REPRISE-5-400x267.png 400w, https:\/\/www.fcgueugnon.fr\/site\/wp-content\/uploads\/2023\/07\/REPRISE-5-768x512.png 768w, https:\/\/www.fcgueugnon.fr\/site\/wp-content\/uploads\/2023\/07\/REPRISE-5-1536x1024.png 1536w, https:\/\/www.fcgueugnon.fr\/site\/wp-content\/uploads\/2023\/07\/REPRISE-5-1320x880.png 1320w, https:\/\/www.fcgueugnon.fr\/site\/wp-content\/uploads\/2023\/07\/REPRISE-5-600x400.png 600w, https:\/\/www.fcgueugnon.fr\/site\/wp-content\/uploads\/2023\/07\/REPRISE-5.png 1772w\" sizes=\"auto, (max-width: 1024px) 100vw, 1024px\" \/><\/a><\/figure>\n\n\n\n<figure class=\"wp-block-image size-large\"><a href=\"https:\/\/www.fcgueugnon.fr\/site\/wp-content\/uploads\/2023\/07\/REPRISE-4.png\"><img loading=\"lazy\" decoding=\"async\" width=\"1024\" height=\"682\" src=\"https:\/\/www.fcgueugnon.fr\/site\/wp-content\/uploads\/2023\/07\/REPRISE-4-1024x682.png\" alt=\"Image gallery image\" class=\"wp-image-5428\" srcset=\"https:\/\/www.fcgueugnon.fr\/site\/wp-content\/uploads\/2023\/07\/REPRISE-4-1024x682.png 1024w, https:\/\/www.fcgueugnon.fr\/site\/wp-content\/uploads\/2023\/07\/REPRISE-4-400x267.png 400w, https:\/\/www.fcgueugnon.fr\/site\/wp-content\/uploads\/2023\/07\/REPRISE-4-768x512.png 768w, https:\/\/www.fcgueugnon.fr\/site\/wp-content\/uploads\/2023\/07\/REPRISE-4-1536x1024.png 1536w, https:\/\/www.fcgueugnon.fr\/site\/wp-content\/uploads\/2023\/07\/REPRISE-4-1320x880.png 1320w, https:\/\/www.fcgueugnon.fr\/site\/wp-content\/uploads\/2023\/07\/REPRISE-4-600x400.png 600w, https:\/\/www.fcgueugnon.fr\/site\/wp-content\/uploads\/2023\/07\/REPRISE-4.png 1772w\" sizes=\"auto, (max-width: 1024px) 100vw, 1024px\" \/><\/a><\/figure>\n\n\n\n<figure class=\"wp-block-image size-large\"><a href=\"https:\/\/www.fcgueugnon.fr\/site\/wp-content\/uploads\/2023\/07\/REPRISE-3.png\"><img loading=\"lazy\" decoding=\"async\" width=\"1024\" height=\"682\" src=\"https:\/\/www.fcgueugnon.fr\/site\/wp-content\/uploads\/2023\/07\/REPRISE-3-1024x682.png\" alt=\"Image gallery image\" class=\"wp-image-5424\" srcset=\"https:\/\/www.fcgueugnon.fr\/site\/wp-content\/uploads\/2023\/07\/REPRISE-3-1024x682.png 1024w, https:\/\/www.fcgueugnon.fr\/site\/wp-content\/uploads\/2023\/07\/REPRISE-3-400x267.png 400w, https:\/\/www.fcgueugnon.fr\/site\/wp-content\/uploads\/2023\/07\/REPRISE-3-768x512.png 768w, https:\/\/www.fcgueugnon.fr\/site\/wp-content\/uploads\/2023\/07\/REPRISE-3-1536x1024.png 1536w, https:\/\/www.fcgueugnon.fr\/site\/wp-content\/uploads\/2023\/07\/REPRISE-3-1320x880.png 1320w, https:\/\/www.fcgueugnon.fr\/site\/wp-content\/uploads\/2023\/07\/REPRISE-3-600x400.png 600w, https:\/\/www.fcgueugnon.fr\/site\/wp-content\/uploads\/2023\/07\/REPRISE-3.png 1772w\" sizes=\"auto, (max-width: 1024px) 100vw, 1024px\" \/><\/a><\/figure>\n\n\n\n<figure class=\"wp-block-image size-large\"><a href=\"https:\/\/www.fcgueugnon.fr\/site\/wp-content\/uploads\/2023\/07\/REPRISE-2.png\"><img loading=\"lazy\" decoding=\"async\" width=\"1024\" height=\"682\" src=\"https:\/\/www.fcgueugnon.fr\/site\/wp-content\/uploads\/2023\/07\/REPRISE-2-1024x682.png\" alt=\"Image gallery image\" class=\"wp-image-5433\" srcset=\"https:\/\/www.fcgueugnon.fr\/site\/wp-content\/uploads\/2023\/07\/REPRISE-2-1024x682.png 1024w, https:\/\/www.fcgueugnon.fr\/site\/wp-content\/uploads\/2023\/07\/REPRISE-2-400x267.png 400w, https:\/\/www.fcgueugnon.fr\/site\/wp-content\/uploads\/2023\/07\/REPRISE-2-768x512.png 768w, https:\/\/www.fcgueugnon.fr\/site\/wp-content\/uploads\/2023\/07\/REPRISE-2-1536x1024.png 1536w, https:\/\/www.fcgueugnon.fr\/site\/wp-content\/uploads\/2023\/07\/REPRISE-2-1320x880.png 1320w, https:\/\/www.fcgueugnon.fr\/site\/wp-content\/uploads\/2023\/07\/REPRISE-2-600x400.png 600w, https:\/\/www.fcgueugnon.fr\/site\/wp-content\/uploads\/2023\/07\/REPRISE-2.png 1772w\" sizes=\"auto, (max-width: 1024px) 100vw, 1024px\" \/><\/a><\/figure>\n\n\n\n<figure class=\"wp-block-image size-large\"><a href=\"https:\/\/www.fcgueugnon.fr\/site\/wp-content\/uploads\/2023\/07\/REPRISE-1.png\"><img loading=\"lazy\" decoding=\"async\" width=\"1024\" height=\"682\" src=\"https:\/\/www.fcgueugnon.fr\/site\/wp-content\/uploads\/2023\/07\/REPRISE-1-1024x682.png\" alt=\"Image gallery image\" class=\"wp-image-5434\" srcset=\"https:\/\/www.fcgueugnon.fr\/site\/wp-content\/uploads\/2023\/07\/REPRISE-1-1024x682.png 1024w, https:\/\/www.fcgueugnon.fr\/site\/wp-content\/uploads\/2023\/07\/REPRISE-1-400x267.png 400w, https:\/\/www.fcgueugnon.fr\/site\/wp-content\/uploads\/2023\/07\/REPRISE-1-768x512.png 768w, https:\/\/www.fcgueugnon.fr\/site\/wp-content\/uploads\/2023\/07\/REPRISE-1-1536x1024.png 1536w, https:\/\/www.fcgueugnon.fr\/site\/wp-content\/uploads\/2023\/07\/REPRISE-1-1320x880.png 1320w, https:\/\/www.fcgueugnon.fr\/site\/wp-content\/uploads\/2023\/07\/REPRISE-1-600x400.png 600w, https:\/\/www.fcgueugnon.fr\/site\/wp-content\/uploads\/2023\/07\/REPRISE-1.png 1772w\" sizes=\"auto, (max-width: 1024px) 100vw, 1024px\" \/><\/a><\/figure>\n<\/figure>\n\n\n\n<div style=\"height:20px\" aria-hidden=\"true\" class=\"wp-block-spacer\"><\/div>\n\n\n\n<hr class=\"wp-block-separator has-alpha-channel-opacity\"\/>\n\n\n\n<div style=\"height:20px\" aria-hidden=\"true\" class=\"wp-block-spacer\"><\/div>\n\n\n\n<h3 class=\"wp-block-heading\"><strong>D\u00e9couvrez le programme de reprise et les matchs de pr\u00e9paration pr\u00e9vus pour le Groupe National 3.<\/strong><\/h3>\n\n\n\n<div style=\"height:20px\" aria-hidden=\"true\" class=\"wp-block-spacer\"><\/div>\n\n\n\n<p>Lundi 17 Juillet \u25b6 Reprise de l&rsquo;entra\u00eenement<\/p>\n\n\n\n<p>Samedi 29 Juillet \u00e0 18h00 \u25b6 Match de pr\u00e9paration \ud83c\udd9a Marignane Gignac FC (U19 Nat) <em>\u00e0 Gueugnon<\/em><\/p>\n\n\n\n<p>Mercredi 02 Ao\u00fbt \u00e0 18h00 \u25b6 Match de pr\u00e9paration \ud83c\udd9a FC Chamali\u00e8res <em>\u00e0 Cusset<\/em> (N2) (\u2708)<\/p>\n\n\n\n<p>Samedi 05 Ao\u00fbt \u00e0 18h00 \u25b6 Match de pr\u00e9paration \ud83c\udd9a FC Montceau Bourgogne (R1) (\u2708)<\/p>\n\n\n\n<p>Mercredi 09 Ao\u00fbt \u00e0 18h00 \u25b6 Match de pr\u00e9paration \ud83c\udd9a Moulins Yzeure Foot (N3) (\u2708)<\/p>\n\n\n\n<p>Samedi 12 Ao\u00fbt \u00e0 18h00 \u25b6 Match de pr\u00e9paration \ud83c\udd9a FBBP 01 (N2) (\u2708)<\/p>\n\n\n\n<p>Samedi 19 Ao\u00fbt \u00e0 18h00 \u25b6 Match de pr\u00e9paration \ud83c\udd9a Acad\u00e9mie Moulins (R1) <em>\u00e0 Gueugnon<\/em><\/p>\n\n\n\n<p>Samedi 26 Ao\u00fbt \u25b6 Reprise du championnat National 3<\/p>\n\n\n\n<div style=\"height:20px\" aria-hidden=\"true\" class=\"wp-block-spacer\"><\/div>\n\n\n\n<p><em>*Ce programme est susceptible d&rsquo;\u00eatre modifi\u00e9.<\/em><\/p>\n","protected":false},"excerpt":{"rendered":"<p>Retour aux affaires pour les forgerons ! Le groupe National 3 a retrouv\u00e9 le chemin de l&rsquo;entra\u00eenement ce lundi soir. Apr\u00e8s une premier \u00e9change avec l\u2019\u00e9quipe, c\u2019\u00e9tait l\u2019heure de rechausser les crampons pour participer au premier entra\u00eenement sous l\u2019\u0153il attentif du staff ! Du travail physique en d\u00e9but de s\u00e9ance avant de renouer le contact &#8230; <\/p>\n<p class=\"read-more-container\"><a title=\"[National 3] Les forgerons ont d\u00e9but\u00e9 leur pr\u00e9paration \ud83d\udcf8\" class=\"read-more button\" href=\"https:\/\/www.fcgueugnon.fr\/site\/national-3-les-forgerons-ont-debute-leur-preparation-%f0%9f%93%b8\/5414#more-5414\" aria-label=\"Plus sur [National 3] Les forgerons ont d\u00e9but\u00e9 leur pr\u00e9paration \ud83d\udcf8\">Lire la suite<\/a><\/p>\n","protected":false},"author":3,"featured_media":5423,"comment_status":"closed","ping_status":"closed","sticky":false,"template":"","format":"standard","meta":{"footnotes":""},"categories":[4,55],"tags":[10],"class_list":["post-5414","post","type-post","status-publish","format-standard","has-post-thumbnail","hentry","category-news","category-news-2023-2024","tag-preparation-entrainement","infinite-scroll-item","generate-columns","tablet-grid-50","mobile-grid-100","grid-parent","grid-25"],"yoast_head":"<!-- This site is optimized with the Yoast SEO plugin v26.6 - https:\/\/yoast.com\/wordpress\/plugins\/seo\/ -->\n<title>[National 3] Les forgerons ont d\u00e9but\u00e9 leur pr\u00e9paration \ud83d\udcf8 &#8226; FOOTBALL CLUB GUEUGNON<\/title>\n<meta name=\"robots\" content=\"index, follow, max-snippet:-1, max-image-preview:large, max-video-preview:-1\" \/>\n<link rel=\"canonical\" href=\"https:\/\/www.fcgueugnon.fr\/site\/national-3-les-forgerons-ont-debute-leur-preparation-\ud83d\udcf8\/5414\" \/>\n<meta property=\"og:locale\" content=\"fr_FR\" \/>\n<meta property=\"og:type\" content=\"article\" \/>\n<meta property=\"og:title\" content=\"[National 3] Les forgerons ont d\u00e9but\u00e9 leur pr\u00e9paration \ud83d\udcf8 &#8226; FOOTBALL CLUB GUEUGNON\" \/>\n<meta property=\"og:description\" content=\"Retour aux affaires pour les forgerons ! Le groupe National 3 a retrouv\u00e9 le chemin de l&rsquo;entra\u00eenement ce lundi soir. Apr\u00e8s une premier \u00e9change avec l\u2019\u00e9quipe, c\u2019\u00e9tait l\u2019heure de rechausser les crampons pour participer au premier entra\u00eenement sous l\u2019\u0153il attentif du staff ! Du travail physique en d\u00e9but de s\u00e9ance avant de renouer le contact ... Lire la suite\" \/>\n<meta property=\"og:url\" content=\"https:\/\/www.fcgueugnon.fr\/site\/national-3-les-forgerons-ont-debute-leur-preparation-\ud83d\udcf8\/5414\" \/>\n<meta property=\"og:site_name\" content=\"FOOTBALL CLUB GUEUGNON\" \/>\n<meta property=\"article:publisher\" content=\"http:\/\/facebook.com\/FCGueugnon\" \/>\n<meta property=\"article:published_time\" content=\"2023-07-18T17:00:00+00:00\" \/>\n<meta property=\"article:modified_time\" content=\"2023-10-23T07:34:39+00:00\" \/>\n<meta property=\"og:image\" content=\"https:\/\/www.fcgueugnon.fr\/site\/wp-content\/uploads\/2023\/07\/REPRISE-11-1024x682.png\" \/>\n\t<meta property=\"og:image:width\" content=\"1024\" \/>\n\t<meta property=\"og:image:height\" content=\"682\" \/>\n\t<meta property=\"og:image:type\" content=\"image\/png\" \/>\n<meta name=\"author\" content=\"FC Gueugnon\" \/>\n<meta name=\"twitter:card\" content=\"summary_large_image\" \/>\n<meta name=\"twitter:creator\" content=\"@FCGueugnon_off\" \/>\n<meta name=\"twitter:site\" content=\"@FCGueugnon_off\" \/>\n<meta name=\"twitter:label1\" content=\"\u00c9crit par\" \/>\n\t<meta name=\"twitter:data1\" content=\"FC Gueugnon\" \/>\n\t<meta name=\"twitter:label2\" content=\"Dur\u00e9e de lecture estim\u00e9e\" \/>\n\t<meta name=\"twitter:data2\" content=\"6 minutes\" \/>\n<script type=\"application\/ld+json\" class=\"yoast-schema-graph\">{\"@context\":\"https:\/\/schema.org\",\"@graph\":[{\"@type\":\"Article\",\"@id\":\"https:\/\/www.fcgueugnon.fr\/site\/national-3-les-forgerons-ont-debute-leur-preparation-%f0%9f%93%b8\/5414#article\",\"isPartOf\":{\"@id\":\"https:\/\/www.fcgueugnon.fr\/site\/national-3-les-forgerons-ont-debute-leur-preparation-%f0%9f%93%b8\/5414\"},\"author\":{\"name\":\"FC Gueugnon\",\"@id\":\"https:\/\/www.fcgueugnon.fr\/site\/#\/schema\/person\/829630bfb5d6f3ebe4d296b75687c01a\"},\"headline\":\"[National 3] Les forgerons ont d\u00e9but\u00e9 leur pr\u00e9paration \ud83d\udcf8\",\"datePublished\":\"2023-07-18T17:00:00+00:00\",\"dateModified\":\"2023-10-23T07:34:39+00:00\",\"mainEntityOfPage\":{\"@id\":\"https:\/\/www.fcgueugnon.fr\/site\/national-3-les-forgerons-ont-debute-leur-preparation-%f0%9f%93%b8\/5414\"},\"wordCount\":186,\"publisher\":{\"@id\":\"https:\/\/www.fcgueugnon.fr\/site\/#organization\"},\"image\":{\"@id\":\"https:\/\/www.fcgueugnon.fr\/site\/national-3-les-forgerons-ont-debute-leur-preparation-%f0%9f%93%b8\/5414#primaryimage\"},\"thumbnailUrl\":\"https:\/\/www.fcgueugnon.fr\/site\/wp-content\/uploads\/2023\/07\/REPRISE-11.png\",\"keywords\":[\"Pr\u00e9paration - Entrainement\"],\"articleSection\":[\"News\",\"News 2023\/2024\"],\"inLanguage\":\"fr-FR\"},{\"@type\":\"WebPage\",\"@id\":\"https:\/\/www.fcgueugnon.fr\/site\/national-3-les-forgerons-ont-debute-leur-preparation-%f0%9f%93%b8\/5414\",\"url\":\"https:\/\/www.fcgueugnon.fr\/site\/national-3-les-forgerons-ont-debute-leur-preparation-%f0%9f%93%b8\/5414\",\"name\":\"[National 3] Les forgerons ont d\u00e9but\u00e9 leur pr\u00e9paration \ud83d\udcf8 &#8226; FOOTBALL CLUB GUEUGNON\",\"isPartOf\":{\"@id\":\"https:\/\/www.fcgueugnon.fr\/site\/#website\"},\"primaryImageOfPage\":{\"@id\":\"https:\/\/www.fcgueugnon.fr\/site\/national-3-les-forgerons-ont-debute-leur-preparation-%f0%9f%93%b8\/5414#primaryimage\"},\"image\":{\"@id\":\"https:\/\/www.fcgueugnon.fr\/site\/national-3-les-forgerons-ont-debute-leur-preparation-%f0%9f%93%b8\/5414#primaryimage\"},\"thumbnailUrl\":\"https:\/\/www.fcgueugnon.fr\/site\/wp-content\/uploads\/2023\/07\/REPRISE-11.png\",\"datePublished\":\"2023-07-18T17:00:00+00:00\",\"dateModified\":\"2023-10-23T07:34:39+00:00\",\"breadcrumb\":{\"@id\":\"https:\/\/www.fcgueugnon.fr\/site\/national-3-les-forgerons-ont-debute-leur-preparation-%f0%9f%93%b8\/5414#breadcrumb\"},\"inLanguage\":\"fr-FR\",\"potentialAction\":[{\"@type\":\"ReadAction\",\"target\":[\"https:\/\/www.fcgueugnon.fr\/site\/national-3-les-forgerons-ont-debute-leur-preparation-%f0%9f%93%b8\/5414\"]}]},{\"@type\":\"ImageObject\",\"inLanguage\":\"fr-FR\",\"@id\":\"https:\/\/www.fcgueugnon.fr\/site\/national-3-les-forgerons-ont-debute-leur-preparation-%f0%9f%93%b8\/5414#primaryimage\",\"url\":\"https:\/\/www.fcgueugnon.fr\/site\/wp-content\/uploads\/2023\/07\/REPRISE-11.png\",\"contentUrl\":\"https:\/\/www.fcgueugnon.fr\/site\/wp-content\/uploads\/2023\/07\/REPRISE-11.png\",\"width\":1772,\"height\":1181},{\"@type\":\"BreadcrumbList\",\"@id\":\"https:\/\/www.fcgueugnon.fr\/site\/national-3-les-forgerons-ont-debute-leur-preparation-%f0%9f%93%b8\/5414#breadcrumb\",\"itemListElement\":[{\"@type\":\"ListItem\",\"position\":1,\"name\":\"Accueil\",\"item\":\"https:\/\/www.fcgueugnon.fr\/site\/\"},{\"@type\":\"ListItem\",\"position\":2,\"name\":\"[National 3] Les forgerons ont d\u00e9but\u00e9 leur pr\u00e9paration \ud83d\udcf8\"}]},{\"@type\":\"WebSite\",\"@id\":\"https:\/\/www.fcgueugnon.fr\/site\/#website\",\"url\":\"https:\/\/www.fcgueugnon.fr\/site\/\",\"name\":\"FOOTBALL CLUB GUEUGNON\",\"description\":\"Le Site Officiel des Forgerons\",\"publisher\":{\"@id\":\"https:\/\/www.fcgueugnon.fr\/site\/#organization\"},\"potentialAction\":[{\"@type\":\"SearchAction\",\"target\":{\"@type\":\"EntryPoint\",\"urlTemplate\":\"https:\/\/www.fcgueugnon.fr\/site\/?s={search_term_string}\"},\"query-input\":{\"@type\":\"PropertyValueSpecification\",\"valueRequired\":true,\"valueName\":\"search_term_string\"}}],\"inLanguage\":\"fr-FR\"},{\"@type\":\"Organization\",\"@id\":\"https:\/\/www.fcgueugnon.fr\/site\/#organization\",\"name\":\"FC Gueugnon\",\"url\":\"https:\/\/www.fcgueugnon.fr\/site\/\",\"logo\":{\"@type\":\"ImageObject\",\"inLanguage\":\"fr-FR\",\"@id\":\"https:\/\/www.fcgueugnon.fr\/site\/#\/schema\/logo\/image\/\",\"url\":\"https:\/\/www.fcgueugnon.fr\/site\/wp-content\/uploads\/2022\/07\/cropped-Logo-FCGUEUGNON-low-350x350-1.png\",\"contentUrl\":\"https:\/\/www.fcgueugnon.fr\/site\/wp-content\/uploads\/2022\/07\/cropped-Logo-FCGUEUGNON-low-350x350-1.png\",\"width\":350,\"height\":350,\"caption\":\"FC Gueugnon\"},\"image\":{\"@id\":\"https:\/\/www.fcgueugnon.fr\/site\/#\/schema\/logo\/image\/\"},\"sameAs\":[\"http:\/\/facebook.com\/FCGueugnon\",\"https:\/\/x.com\/FCGueugnon_off\",\"https:\/\/www.instagram.com\/fcgueugnon\/\",\"https:\/\/www.linkedin.com\/company\/football-club-de-gueugnon\/\",\"https:\/\/www.youtube.com\/user\/FCGueugnonnais\",\"https:\/\/fr.wikipedia.org\/wiki\/Football_Club_de_Gueugnon\"]},{\"@type\":\"Person\",\"@id\":\"https:\/\/www.fcgueugnon.fr\/site\/#\/schema\/person\/829630bfb5d6f3ebe4d296b75687c01a\",\"name\":\"FC Gueugnon\",\"url\":\"https:\/\/www.fcgueugnon.fr\/site\/author\/g-avin1\"}]}<\/script>\n<!-- \/ Yoast SEO plugin. -->","yoast_head_json":{"title":"[National 3] Les forgerons ont d\u00e9but\u00e9 leur pr\u00e9paration \ud83d\udcf8 &#8226; FOOTBALL CLUB GUEUGNON","robots":{"index":"index","follow":"follow","max-snippet":"max-snippet:-1","max-image-preview":"max-image-preview:large","max-video-preview":"max-video-preview:-1"},"canonical":"https:\/\/www.fcgueugnon.fr\/site\/national-3-les-forgerons-ont-debute-leur-preparation-\ud83d\udcf8\/5414","og_locale":"fr_FR","og_type":"article","og_title":"[National 3] Les forgerons ont d\u00e9but\u00e9 leur pr\u00e9paration \ud83d\udcf8 &#8226; FOOTBALL CLUB GUEUGNON","og_description":"Retour aux affaires pour les forgerons ! Le groupe National 3 a retrouv\u00e9 le chemin de l&rsquo;entra\u00eenement ce lundi soir. Apr\u00e8s une premier \u00e9change avec l\u2019\u00e9quipe, c\u2019\u00e9tait l\u2019heure de rechausser les crampons pour participer au premier entra\u00eenement sous l\u2019\u0153il attentif du staff ! Du travail physique en d\u00e9but de s\u00e9ance avant de renouer le contact ... Lire la suite","og_url":"https:\/\/www.fcgueugnon.fr\/site\/national-3-les-forgerons-ont-debute-leur-preparation-\ud83d\udcf8\/5414","og_site_name":"FOOTBALL CLUB GUEUGNON","article_publisher":"http:\/\/facebook.com\/FCGueugnon","article_published_time":"2023-07-18T17:00:00+00:00","article_modified_time":"2023-10-23T07:34:39+00:00","og_image":[{"width":1024,"height":682,"url":"https:\/\/www.fcgueugnon.fr\/site\/wp-content\/uploads\/2023\/07\/REPRISE-11-1024x682.png","type":"image\/png"}],"author":"FC Gueugnon","twitter_card":"summary_large_image","twitter_creator":"@FCGueugnon_off","twitter_site":"@FCGueugnon_off","twitter_misc":{"\u00c9crit par":"FC Gueugnon","Dur\u00e9e de lecture estim\u00e9e":"6 minutes"},"schema":{"@context":"https:\/\/schema.org","@graph":[{"@type":"Article","@id":"https:\/\/www.fcgueugnon.fr\/site\/national-3-les-forgerons-ont-debute-leur-preparation-%f0%9f%93%b8\/5414#article","isPartOf":{"@id":"https:\/\/www.fcgueugnon.fr\/site\/national-3-les-forgerons-ont-debute-leur-preparation-%f0%9f%93%b8\/5414"},"author":{"name":"FC Gueugnon","@id":"https:\/\/www.fcgueugnon.fr\/site\/#\/schema\/person\/829630bfb5d6f3ebe4d296b75687c01a"},"headline":"[National 3] Les forgerons ont d\u00e9but\u00e9 leur pr\u00e9paration \ud83d\udcf8","datePublished":"2023-07-18T17:00:00+00:00","dateModified":"2023-10-23T07:34:39+00:00","mainEntityOfPage":{"@id":"https:\/\/www.fcgueugnon.fr\/site\/national-3-les-forgerons-ont-debute-leur-preparation-%f0%9f%93%b8\/5414"},"wordCount":186,"publisher":{"@id":"https:\/\/www.fcgueugnon.fr\/site\/#organization"},"image":{"@id":"https:\/\/www.fcgueugnon.fr\/site\/national-3-les-forgerons-ont-debute-leur-preparation-%f0%9f%93%b8\/5414#primaryimage"},"thumbnailUrl":"https:\/\/www.fcgueugnon.fr\/site\/wp-content\/uploads\/2023\/07\/REPRISE-11.png","keywords":["Pr\u00e9paration - Entrainement"],"articleSection":["News","News 2023\/2024"],"inLanguage":"fr-FR"},{"@type":"WebPage","@id":"https:\/\/www.fcgueugnon.fr\/site\/national-3-les-forgerons-ont-debute-leur-preparation-%f0%9f%93%b8\/5414","url":"https:\/\/www.fcgueugnon.fr\/site\/national-3-les-forgerons-ont-debute-leur-preparation-%f0%9f%93%b8\/5414","name":"[National 3] Les forgerons ont d\u00e9but\u00e9 leur pr\u00e9paration \ud83d\udcf8 &#8226; FOOTBALL CLUB GUEUGNON","isPartOf":{"@id":"https:\/\/www.fcgueugnon.fr\/site\/#website"},"primaryImageOfPage":{"@id":"https:\/\/www.fcgueugnon.fr\/site\/national-3-les-forgerons-ont-debute-leur-preparation-%f0%9f%93%b8\/5414#primaryimage"},"image":{"@id":"https:\/\/www.fcgueugnon.fr\/site\/national-3-les-forgerons-ont-debute-leur-preparation-%f0%9f%93%b8\/5414#primaryimage"},"thumbnailUrl":"https:\/\/www.fcgueugnon.fr\/site\/wp-content\/uploads\/2023\/07\/REPRISE-11.png","datePublished":"2023-07-18T17:00:00+00:00","dateModified":"2023-10-23T07:34:39+00:00","breadcrumb":{"@id":"https:\/\/www.fcgueugnon.fr\/site\/national-3-les-forgerons-ont-debute-leur-preparation-%f0%9f%93%b8\/5414#breadcrumb"},"inLanguage":"fr-FR","potentialAction":[{"@type":"ReadAction","target":["https:\/\/www.fcgueugnon.fr\/site\/national-3-les-forgerons-ont-debute-leur-preparation-%f0%9f%93%b8\/5414"]}]},{"@type":"ImageObject","inLanguage":"fr-FR","@id":"https:\/\/www.fcgueugnon.fr\/site\/national-3-les-forgerons-ont-debute-leur-preparation-%f0%9f%93%b8\/5414#primaryimage","url":"https:\/\/www.fcgueugnon.fr\/site\/wp-content\/uploads\/2023\/07\/REPRISE-11.png","contentUrl":"https:\/\/www.fcgueugnon.fr\/site\/wp-content\/uploads\/2023\/07\/REPRISE-11.png","width":1772,"height":1181},{"@type":"BreadcrumbList","@id":"https:\/\/www.fcgueugnon.fr\/site\/national-3-les-forgerons-ont-debute-leur-preparation-%f0%9f%93%b8\/5414#breadcrumb","itemListElement":[{"@type":"ListItem","position":1,"name":"Accueil","item":"https:\/\/www.fcgueugnon.fr\/site\/"},{"@type":"ListItem","position":2,"name":"[National 3] Les forgerons ont d\u00e9but\u00e9 leur pr\u00e9paration \ud83d\udcf8"}]},{"@type":"WebSite","@id":"https:\/\/www.fcgueugnon.fr\/site\/#website","url":"https:\/\/www.fcgueugnon.fr\/site\/","name":"FOOTBALL CLUB GUEUGNON","description":"Le Site Officiel des Forgerons","publisher":{"@id":"https:\/\/www.fcgueugnon.fr\/site\/#organization"},"potentialAction":[{"@type":"SearchAction","target":{"@type":"EntryPoint","urlTemplate":"https:\/\/www.fcgueugnon.fr\/site\/?s={search_term_string}"},"query-input":{"@type":"PropertyValueSpecification","valueRequired":true,"valueName":"search_term_string"}}],"inLanguage":"fr-FR"},{"@type":"Organization","@id":"https:\/\/www.fcgueugnon.fr\/site\/#organization","name":"FC Gueugnon","url":"https:\/\/www.fcgueugnon.fr\/site\/","logo":{"@type":"ImageObject","inLanguage":"fr-FR","@id":"https:\/\/www.fcgueugnon.fr\/site\/#\/schema\/logo\/image\/","url":"https:\/\/www.fcgueugnon.fr\/site\/wp-content\/uploads\/2022\/07\/cropped-Logo-FCGUEUGNON-low-350x350-1.png","contentUrl":"https:\/\/www.fcgueugnon.fr\/site\/wp-content\/uploads\/2022\/07\/cropped-Logo-FCGUEUGNON-low-350x350-1.png","width":350,"height":350,"caption":"FC Gueugnon"},"image":{"@id":"https:\/\/www.fcgueugnon.fr\/site\/#\/schema\/logo\/image\/"},"sameAs":["http:\/\/facebook.com\/FCGueugnon","https:\/\/x.com\/FCGueugnon_off","https:\/\/www.instagram.com\/fcgueugnon\/","https:\/\/www.linkedin.com\/company\/football-club-de-gueugnon\/","https:\/\/www.youtube.com\/user\/FCGueugnonnais","https:\/\/fr.wikipedia.org\/wiki\/Football_Club_de_Gueugnon"]},{"@type":"Person","@id":"https:\/\/www.fcgueugnon.fr\/site\/#\/schema\/person\/829630bfb5d6f3ebe4d296b75687c01a","name":"FC Gueugnon","url":"https:\/\/www.fcgueugnon.fr\/site\/author\/g-avin1"}]}},"rttpg_featured_image_url":{"full":["https:\/\/www.fcgueugnon.fr\/site\/wp-content\/uploads\/2023\/07\/REPRISE-11.png",1772,1181,false],"landscape":["https:\/\/www.fcgueugnon.fr\/site\/wp-content\/uploads\/2023\/07\/REPRISE-11.png",1772,1181,false],"portraits":["https:\/\/www.fcgueugnon.fr\/site\/wp-content\/uploads\/2023\/07\/REPRISE-11.png",1772,1181,false],"thumbnail":["https:\/\/www.fcgueugnon.fr\/site\/wp-content\/uploads\/2023\/07\/REPRISE-11-150x150.png",150,150,true],"medium":["https:\/\/www.fcgueugnon.fr\/site\/wp-content\/uploads\/2023\/07\/REPRISE-11-400x267.png",400,267,true],"large":["https:\/\/www.fcgueugnon.fr\/site\/wp-content\/uploads\/2023\/07\/REPRISE-11-1024x682.png",1024,682,true],"1536x1536":["https:\/\/www.fcgueugnon.fr\/site\/wp-content\/uploads\/2023\/07\/REPRISE-11-1536x1024.png",1536,1024,true],"2048x2048":["https:\/\/www.fcgueugnon.fr\/site\/wp-content\/uploads\/2023\/07\/REPRISE-11.png",1772,1181,false]},"rttpg_author":{"display_name":"FC Gueugnon","author_link":"https:\/\/www.fcgueugnon.fr\/site\/author\/g-avin1"},"rttpg_comment":0,"rttpg_category":"<a href=\"https:\/\/www.fcgueugnon.fr\/site\/category\/news\" rel=\"category tag\">News<\/a> <a href=\"https:\/\/www.fcgueugnon.fr\/site\/category\/news\/news-2023-2024\" rel=\"category tag\">News 2023\/2024<\/a>","rttpg_excerpt":"Retour aux affaires pour les forgerons ! Le groupe National 3 a retrouv\u00e9 le chemin de l&rsquo;entra\u00eenement ce lundi soir. Apr\u00e8s une premier \u00e9change avec l\u2019\u00e9quipe, c\u2019\u00e9tait l\u2019heure de rechausser les crampons pour participer au premier entra\u00eenement sous l\u2019\u0153il attentif du staff ! Du travail physique en d\u00e9but de s\u00e9ance avant de renouer le contact\u2026","_links":{"self":[{"href":"https:\/\/www.fcgueugnon.fr\/site\/wp-json\/wp\/v2\/posts\/5414","targetHints":{"allow":["GET"]}}],"collection":[{"href":"https:\/\/www.fcgueugnon.fr\/site\/wp-json\/wp\/v2\/posts"}],"about":[{"href":"https:\/\/www.fcgueugnon.fr\/site\/wp-json\/wp\/v2\/types\/post"}],"author":[{"embeddable":true,"href":"https:\/\/www.fcgueugnon.fr\/site\/wp-json\/wp\/v2\/users\/3"}],"replies":[{"embeddable":true,"href":"https:\/\/www.fcgueugnon.fr\/site\/wp-json\/wp\/v2\/comments?post=5414"}],"version-history":[{"count":2,"href":"https:\/\/www.fcgueugnon.fr\/site\/wp-json\/wp\/v2\/posts\/5414\/revisions"}],"predecessor-version":[{"id":5440,"href":"https:\/\/www.fcgueugnon.fr\/site\/wp-json\/wp\/v2\/posts\/5414\/revisions\/5440"}],"wp:featuredmedia":[{"embeddable":true,"href":"https:\/\/www.fcgueugnon.fr\/site\/wp-json\/wp\/v2\/media\/5423"}],"wp:attachment":[{"href":"https:\/\/www.fcgueugnon.fr\/site\/wp-json\/wp\/v2\/media?parent=5414"}],"wp:term":[{"taxonomy":"category","embeddable":true,"href":"https:\/\/www.fcgueugnon.fr\/site\/wp-json\/wp\/v2\/categories?post=5414"},{"taxonomy":"post_tag","embeddable":true,"href":"https:\/\/www.fcgueugnon.fr\/site\/wp-json\/wp\/v2\/tags?post=5414"}],"curies":[{"name":"wp","href":"https:\/\/api.w.org\/{rel}","templated":true}]}}