{"id":53762,"date":"2025-04-02T14:10:42","date_gmt":"2025-04-02T12:10:42","guid":{"rendered":"https:\/\/www.fcgueugnon.fr\/site\/?p=53762"},"modified":"2025-04-02T14:10:44","modified_gmt":"2025-04-02T12:10:44","slug":"n3-j16-fc-gueugnon-estac-b-bouiller-pere-et-fils-partenaire-de-la-rencontre","status":"publish","type":"post","link":"https:\/\/www.fcgueugnon.fr\/site\/n3-j16-fc-gueugnon-estac-b-bouiller-pere-et-fils-partenaire-de-la-rencontre\/53762","title":{"rendered":"[N3 J16 : FC Gueugnon \u2013 ESTAC B] Bouiller P\u00e8re et Fils, partenaire de la rencontre"},"content":{"rendered":"\n<h3 class=\"wp-block-heading\"><strong><strong>Dans le cadre de la 16\u00e8me journ\u00e9e de National 3, le FC Gueugnon a affront\u00e9 l&rsquo;ESTAC (B) \u00e0 domicile. Un grand merci \u00e0 notre partenaire Bouiller P\u00e8re et Fils pour son pr\u00e9cieux soutien.<\/strong><\/strong><\/h3>\n\n\n\n<div style=\"height:20px\" aria-hidden=\"true\" class=\"wp-block-spacer\"><\/div>\n\n\n\n<figure class=\"wp-block-gallery has-nested-images columns-default is-cropped wp-block-gallery-1 is-layout-flex wp-block-gallery-is-layout-flex\">\n<figure class=\"wp-block-image size-large\"><img loading=\"lazy\" decoding=\"async\" width=\"1024\" height=\"682\" data-id=\"53763\" src=\"https:\/\/www.fcgueugnon.fr\/site\/wp-content\/uploads\/2025\/04\/BOUILLER-PERE-ET-FILS-1-1024x682.jpg\" alt=\"\" class=\"wp-image-53763\" srcset=\"https:\/\/www.fcgueugnon.fr\/site\/wp-content\/uploads\/2025\/04\/BOUILLER-PERE-ET-FILS-1-1024x682.jpg 1024w, https:\/\/www.fcgueugnon.fr\/site\/wp-content\/uploads\/2025\/04\/BOUILLER-PERE-ET-FILS-1-400x267.jpg 400w, https:\/\/www.fcgueugnon.fr\/site\/wp-content\/uploads\/2025\/04\/BOUILLER-PERE-ET-FILS-1-768x512.jpg 768w, https:\/\/www.fcgueugnon.fr\/site\/wp-content\/uploads\/2025\/04\/BOUILLER-PERE-ET-FILS-1-1536x1024.jpg 1536w, https:\/\/www.fcgueugnon.fr\/site\/wp-content\/uploads\/2025\/04\/BOUILLER-PERE-ET-FILS-1-1320x880.jpg 1320w, https:\/\/www.fcgueugnon.fr\/site\/wp-content\/uploads\/2025\/04\/BOUILLER-PERE-ET-FILS-1.jpg 1772w\" sizes=\"auto, (max-width: 1024px) 100vw, 1024px\" \/><\/figure>\n\n\n\n<figure class=\"wp-block-image size-large\"><img loading=\"lazy\" decoding=\"async\" width=\"1024\" height=\"682\" data-id=\"53764\" src=\"https:\/\/www.fcgueugnon.fr\/site\/wp-content\/uploads\/2025\/04\/BOUILLER-PERE-ET-FILS-2-1024x682.jpg\" alt=\"\" class=\"wp-image-53764\" srcset=\"https:\/\/www.fcgueugnon.fr\/site\/wp-content\/uploads\/2025\/04\/BOUILLER-PERE-ET-FILS-2-1024x682.jpg 1024w, https:\/\/www.fcgueugnon.fr\/site\/wp-content\/uploads\/2025\/04\/BOUILLER-PERE-ET-FILS-2-400x267.jpg 400w, https:\/\/www.fcgueugnon.fr\/site\/wp-content\/uploads\/2025\/04\/BOUILLER-PERE-ET-FILS-2-768x512.jpg 768w, https:\/\/www.fcgueugnon.fr\/site\/wp-content\/uploads\/2025\/04\/BOUILLER-PERE-ET-FILS-2-1536x1024.jpg 1536w, https:\/\/www.fcgueugnon.fr\/site\/wp-content\/uploads\/2025\/04\/BOUILLER-PERE-ET-FILS-2-1320x880.jpg 1320w, https:\/\/www.fcgueugnon.fr\/site\/wp-content\/uploads\/2025\/04\/BOUILLER-PERE-ET-FILS-2.jpg 1772w\" sizes=\"auto, (max-width: 1024px) 100vw, 1024px\" \/><\/figure>\n\n\n\n<figure class=\"wp-block-image size-large\"><img loading=\"lazy\" decoding=\"async\" width=\"1024\" height=\"682\" data-id=\"53765\" src=\"https:\/\/www.fcgueugnon.fr\/site\/wp-content\/uploads\/2025\/04\/BOUILLER-PERE-ET-FILS-3-1024x682.jpg\" alt=\"\" class=\"wp-image-53765\" srcset=\"https:\/\/www.fcgueugnon.fr\/site\/wp-content\/uploads\/2025\/04\/BOUILLER-PERE-ET-FILS-3-1024x682.jpg 1024w, https:\/\/www.fcgueugnon.fr\/site\/wp-content\/uploads\/2025\/04\/BOUILLER-PERE-ET-FILS-3-400x267.jpg 400w, https:\/\/www.fcgueugnon.fr\/site\/wp-content\/uploads\/2025\/04\/BOUILLER-PERE-ET-FILS-3-768x512.jpg 768w, https:\/\/www.fcgueugnon.fr\/site\/wp-content\/uploads\/2025\/04\/BOUILLER-PERE-ET-FILS-3-1536x1024.jpg 1536w, https:\/\/www.fcgueugnon.fr\/site\/wp-content\/uploads\/2025\/04\/BOUILLER-PERE-ET-FILS-3-1320x880.jpg 1320w, https:\/\/www.fcgueugnon.fr\/site\/wp-content\/uploads\/2025\/04\/BOUILLER-PERE-ET-FILS-3.jpg 1772w\" sizes=\"auto, (max-width: 1024px) 100vw, 1024px\" \/><\/figure>\n<\/figure>\n\n\n\n<div style=\"height:20px\" aria-hidden=\"true\" class=\"wp-block-spacer\"><\/div>\n\n\n\n<p>Le FC Gueugnon remercie chaleureusement l\u2019entreprise <strong>Bouiller P\u00e8re et Fils<\/strong> pour son soutien et sa fid\u00e9lit\u00e9. Forte de plus de 80 ans d\u2019exp\u00e9rience, cette entreprise familiale met son savoir-faire au service des particuliers, des entreprises et des collectivit\u00e9s pour des travaux soign\u00e9s et adapt\u00e9s \u00e0 chaque projet.<\/p>\n\n\n\n<p>Sp\u00e9cialiste de la peinture int\u00e9rieure et ext\u00e9rieure, l\u2019entreprise intervient \u00e9galement en am\u00e9nagement de combles, isolation, vitrerie, rev\u00eatements de sols et murs, pl\u00e2trerie et menuiseries. Son expertise unique en d\u00e9coration (faux marbre, stuc, faux bois) fait d\u2019elle une r\u00e9f\u00e9rence locale.<\/p>\n\n\n\n<p>Certifi\u00e9e RGE et MASE, Bouiller P\u00e8re et Fils vous accompagne dans vos projets tout en vous faisant b\u00e9n\u00e9ficier d\u2019aides financi\u00e8res pour vos travaux de r\u00e9novation \u00e9nerg\u00e9tique.<\/p>\n\n\n\n<p><strong>Besoin d\u2019un devis ou d\u2019un conseil ?<\/strong> Faites appel \u00e0 Bouiller P\u00e8re et Fils, des artisans passionn\u00e9s au service de votre habitat !<\/p>\n\n\n\n<div style=\"height:20px\" aria-hidden=\"true\" class=\"wp-block-spacer\"><\/div>\n\n\n<div class=\"wp-block-image\">\n<figure class=\"aligncenter size-full is-resized\"><img loading=\"lazy\" decoding=\"async\" width=\"300\" height=\"150\" src=\"https:\/\/www.fcgueugnon.fr\/site\/wp-content\/uploads\/2025\/03\/bouiller.png\" alt=\"\" class=\"wp-image-53718\" style=\"width:206px;height:auto\"\/><\/figure>\n<\/div>\n\n\n<p class=\"has-text-align-center\"><strong>Bouiller P\u00e8re et Fils<\/strong><br>Route de Gueugnon<br>71130 Issy l&rsquo;Ev\u00eaque<br>T\u00e9l\u00e9phone :&nbsp;03 85 24 97 79<\/p>\n\n\n\n<div style=\"height:20px\" aria-hidden=\"true\" class=\"wp-block-spacer\"><\/div>\n\n\n\n<hr class=\"wp-block-separator has-alpha-channel-opacity\"\/>\n\n\n\n<div style=\"height:20px\" aria-hidden=\"true\" class=\"wp-block-spacer\"><\/div>\n\n\n\n<p class=\"has-text-align-center\"><strong>Supporters forgerons,&nbsp;<a href=\"https:\/\/www.fcgueugnon.fr\/site\/partenaires\">r\u00e9servez vos achats et vos sorties chez nos partenaires<\/a><\/strong><\/p>\n","protected":false},"excerpt":{"rendered":"<p>Dans le cadre de la 16\u00e8me journ\u00e9e de National 3, le FC Gueugnon a affront\u00e9 l&rsquo;ESTAC (B) \u00e0 domicile. Un grand merci \u00e0 notre partenaire Bouiller P\u00e8re et Fils pour son pr\u00e9cieux soutien. Le FC Gueugnon remercie chaleureusement l\u2019entreprise Bouiller P\u00e8re et Fils pour son soutien et sa fid\u00e9lit\u00e9. Forte de plus de 80 ans &#8230; <\/p>\n<p class=\"read-more-container\"><a title=\"[N3 J16 : FC Gueugnon \u2013 ESTAC B] Bouiller P\u00e8re et Fils, partenaire de la rencontre\" class=\"read-more button\" href=\"https:\/\/www.fcgueugnon.fr\/site\/n3-j16-fc-gueugnon-estac-b-bouiller-pere-et-fils-partenaire-de-la-rencontre\/53762#more-53762\" aria-label=\"Plus sur [N3 J16 : FC Gueugnon \u2013 ESTAC B] Bouiller P\u00e8re et Fils, partenaire de la rencontre\">Lire la suite<\/a><\/p>\n","protected":false},"author":3,"featured_media":53764,"comment_status":"closed","ping_status":"closed","sticky":true,"template":"","format":"standard","meta":{"footnotes":""},"categories":[4,62],"tags":[23],"class_list":["post-53762","post","type-post","status-publish","format-standard","has-post-thumbnail","hentry","category-news","category-news-2024-2025","tag-partenaires","infinite-scroll-item","generate-columns","tablet-grid-50","mobile-grid-100","grid-parent","grid-25"],"yoast_head":"<!-- This site is optimized with the Yoast SEO plugin v26.6 - https:\/\/yoast.com\/wordpress\/plugins\/seo\/ -->\n<title>[N3 J16 : FC Gueugnon \u2013 ESTAC B] Bouiller P\u00e8re et Fils, partenaire de la rencontre &#8226; FOOTBALL CLUB GUEUGNON<\/title>\n<meta name=\"robots\" content=\"index, follow, max-snippet:-1, max-image-preview:large, max-video-preview:-1\" \/>\n<link rel=\"canonical\" href=\"https:\/\/www.fcgueugnon.fr\/site\/n3-j16-fc-gueugnon-estac-b-bouiller-pere-et-fils-partenaire-de-la-rencontre\/53762\" \/>\n<meta property=\"og:locale\" content=\"fr_FR\" \/>\n<meta property=\"og:type\" content=\"article\" \/>\n<meta property=\"og:title\" content=\"[N3 J16 : FC Gueugnon \u2013 ESTAC B] Bouiller P\u00e8re et Fils, partenaire de la rencontre &#8226; FOOTBALL CLUB GUEUGNON\" \/>\n<meta property=\"og:description\" content=\"Dans le cadre de la 16\u00e8me journ\u00e9e de National 3, le FC Gueugnon a affront\u00e9 l&rsquo;ESTAC (B) \u00e0 domicile. Un grand merci \u00e0 notre partenaire Bouiller P\u00e8re et Fils pour son pr\u00e9cieux soutien. Le FC Gueugnon remercie chaleureusement l\u2019entreprise Bouiller P\u00e8re et Fils pour son soutien et sa fid\u00e9lit\u00e9. Forte de plus de 80 ans ... Lire la suite\" \/>\n<meta property=\"og:url\" content=\"https:\/\/www.fcgueugnon.fr\/site\/n3-j16-fc-gueugnon-estac-b-bouiller-pere-et-fils-partenaire-de-la-rencontre\/53762\" \/>\n<meta property=\"og:site_name\" content=\"FOOTBALL CLUB GUEUGNON\" \/>\n<meta property=\"article:publisher\" content=\"http:\/\/facebook.com\/FCGueugnon\" \/>\n<meta property=\"article:published_time\" content=\"2025-04-02T12:10:42+00:00\" \/>\n<meta property=\"article:modified_time\" content=\"2025-04-02T12:10:44+00:00\" \/>\n<meta property=\"og:image\" content=\"https:\/\/www.fcgueugnon.fr\/site\/wp-content\/uploads\/2022\/08\/Partenaire-ballon-du-match-merevis-consulting.png\" \/>\n\t<meta property=\"og:image:width\" content=\"1920\" \/>\n\t<meta property=\"og:image:height\" content=\"1080\" \/>\n\t<meta property=\"og:image:type\" content=\"image\/png\" \/>\n<meta name=\"author\" content=\"FC Gueugnon\" \/>\n<meta name=\"twitter:card\" content=\"summary_large_image\" \/>\n<meta name=\"twitter:image\" content=\"https:\/\/www.fcgueugnon.fr\/site\/wp-content\/uploads\/2022\/08\/Partenaire-ballon-du-match-merevis-consulting.png\" \/>\n<meta name=\"twitter:creator\" content=\"@FCGueugnon_off\" \/>\n<meta name=\"twitter:site\" content=\"@FCGueugnon_off\" \/>\n<meta name=\"twitter:label1\" content=\"\u00c9crit par\" \/>\n\t<meta name=\"twitter:data1\" content=\"FC Gueugnon\" \/>\n\t<meta name=\"twitter:label2\" content=\"Dur\u00e9e de lecture estim\u00e9e\" \/>\n\t<meta name=\"twitter:data2\" content=\"2 minutes\" \/>\n<script type=\"application\/ld+json\" class=\"yoast-schema-graph\">{\"@context\":\"https:\/\/schema.org\",\"@graph\":[{\"@type\":\"Article\",\"@id\":\"https:\/\/www.fcgueugnon.fr\/site\/n3-j16-fc-gueugnon-estac-b-bouiller-pere-et-fils-partenaire-de-la-rencontre\/53762#article\",\"isPartOf\":{\"@id\":\"https:\/\/www.fcgueugnon.fr\/site\/n3-j16-fc-gueugnon-estac-b-bouiller-pere-et-fils-partenaire-de-la-rencontre\/53762\"},\"author\":{\"name\":\"FC Gueugnon\",\"@id\":\"https:\/\/www.fcgueugnon.fr\/site\/#\/schema\/person\/829630bfb5d6f3ebe4d296b75687c01a\"},\"headline\":\"[N3 J16 : FC Gueugnon \u2013 ESTAC B] Bouiller P\u00e8re et Fils, partenaire de la rencontre\",\"datePublished\":\"2025-04-02T12:10:42+00:00\",\"dateModified\":\"2025-04-02T12:10:44+00:00\",\"mainEntityOfPage\":{\"@id\":\"https:\/\/www.fcgueugnon.fr\/site\/n3-j16-fc-gueugnon-estac-b-bouiller-pere-et-fils-partenaire-de-la-rencontre\/53762\"},\"wordCount\":238,\"publisher\":{\"@id\":\"https:\/\/www.fcgueugnon.fr\/site\/#organization\"},\"image\":{\"@id\":\"https:\/\/www.fcgueugnon.fr\/site\/n3-j16-fc-gueugnon-estac-b-bouiller-pere-et-fils-partenaire-de-la-rencontre\/53762#primaryimage\"},\"thumbnailUrl\":\"https:\/\/www.fcgueugnon.fr\/site\/wp-content\/uploads\/2025\/04\/BOUILLER-PERE-ET-FILS-2.jpg\",\"keywords\":[\"Partenaires\"],\"articleSection\":[\"News\",\"News 2024\/2025\"],\"inLanguage\":\"fr-FR\"},{\"@type\":\"WebPage\",\"@id\":\"https:\/\/www.fcgueugnon.fr\/site\/n3-j16-fc-gueugnon-estac-b-bouiller-pere-et-fils-partenaire-de-la-rencontre\/53762\",\"url\":\"https:\/\/www.fcgueugnon.fr\/site\/n3-j16-fc-gueugnon-estac-b-bouiller-pere-et-fils-partenaire-de-la-rencontre\/53762\",\"name\":\"[N3 J16 : FC Gueugnon \u2013 ESTAC B] Bouiller P\u00e8re et Fils, partenaire de la rencontre &#8226; FOOTBALL CLUB GUEUGNON\",\"isPartOf\":{\"@id\":\"https:\/\/www.fcgueugnon.fr\/site\/#website\"},\"primaryImageOfPage\":{\"@id\":\"https:\/\/www.fcgueugnon.fr\/site\/n3-j16-fc-gueugnon-estac-b-bouiller-pere-et-fils-partenaire-de-la-rencontre\/53762#primaryimage\"},\"image\":{\"@id\":\"https:\/\/www.fcgueugnon.fr\/site\/n3-j16-fc-gueugnon-estac-b-bouiller-pere-et-fils-partenaire-de-la-rencontre\/53762#primaryimage\"},\"thumbnailUrl\":\"https:\/\/www.fcgueugnon.fr\/site\/wp-content\/uploads\/2025\/04\/BOUILLER-PERE-ET-FILS-2.jpg\",\"datePublished\":\"2025-04-02T12:10:42+00:00\",\"dateModified\":\"2025-04-02T12:10:44+00:00\",\"breadcrumb\":{\"@id\":\"https:\/\/www.fcgueugnon.fr\/site\/n3-j16-fc-gueugnon-estac-b-bouiller-pere-et-fils-partenaire-de-la-rencontre\/53762#breadcrumb\"},\"inLanguage\":\"fr-FR\",\"potentialAction\":[{\"@type\":\"ReadAction\",\"target\":[\"https:\/\/www.fcgueugnon.fr\/site\/n3-j16-fc-gueugnon-estac-b-bouiller-pere-et-fils-partenaire-de-la-rencontre\/53762\"]}]},{\"@type\":\"ImageObject\",\"inLanguage\":\"fr-FR\",\"@id\":\"https:\/\/www.fcgueugnon.fr\/site\/n3-j16-fc-gueugnon-estac-b-bouiller-pere-et-fils-partenaire-de-la-rencontre\/53762#primaryimage\",\"url\":\"https:\/\/www.fcgueugnon.fr\/site\/wp-content\/uploads\/2025\/04\/BOUILLER-PERE-ET-FILS-2.jpg\",\"contentUrl\":\"https:\/\/www.fcgueugnon.fr\/site\/wp-content\/uploads\/2025\/04\/BOUILLER-PERE-ET-FILS-2.jpg\",\"width\":1772,\"height\":1181},{\"@type\":\"BreadcrumbList\",\"@id\":\"https:\/\/www.fcgueugnon.fr\/site\/n3-j16-fc-gueugnon-estac-b-bouiller-pere-et-fils-partenaire-de-la-rencontre\/53762#breadcrumb\",\"itemListElement\":[{\"@type\":\"ListItem\",\"position\":1,\"name\":\"Accueil\",\"item\":\"https:\/\/www.fcgueugnon.fr\/site\/\"},{\"@type\":\"ListItem\",\"position\":2,\"name\":\"[N3 J16 : FC Gueugnon \u2013 ESTAC B] Bouiller P\u00e8re et Fils, partenaire de la rencontre\"}]},{\"@type\":\"WebSite\",\"@id\":\"https:\/\/www.fcgueugnon.fr\/site\/#website\",\"url\":\"https:\/\/www.fcgueugnon.fr\/site\/\",\"name\":\"FOOTBALL CLUB GUEUGNON\",\"description\":\"Le Site Officiel des Forgerons\",\"publisher\":{\"@id\":\"https:\/\/www.fcgueugnon.fr\/site\/#organization\"},\"potentialAction\":[{\"@type\":\"SearchAction\",\"target\":{\"@type\":\"EntryPoint\",\"urlTemplate\":\"https:\/\/www.fcgueugnon.fr\/site\/?s={search_term_string}\"},\"query-input\":{\"@type\":\"PropertyValueSpecification\",\"valueRequired\":true,\"valueName\":\"search_term_string\"}}],\"inLanguage\":\"fr-FR\"},{\"@type\":\"Organization\",\"@id\":\"https:\/\/www.fcgueugnon.fr\/site\/#organization\",\"name\":\"FC Gueugnon\",\"url\":\"https:\/\/www.fcgueugnon.fr\/site\/\",\"logo\":{\"@type\":\"ImageObject\",\"inLanguage\":\"fr-FR\",\"@id\":\"https:\/\/www.fcgueugnon.fr\/site\/#\/schema\/logo\/image\/\",\"url\":\"https:\/\/www.fcgueugnon.fr\/site\/wp-content\/uploads\/2022\/07\/cropped-Logo-FCGUEUGNON-low-350x350-1.png\",\"contentUrl\":\"https:\/\/www.fcgueugnon.fr\/site\/wp-content\/uploads\/2022\/07\/cropped-Logo-FCGUEUGNON-low-350x350-1.png\",\"width\":350,\"height\":350,\"caption\":\"FC Gueugnon\"},\"image\":{\"@id\":\"https:\/\/www.fcgueugnon.fr\/site\/#\/schema\/logo\/image\/\"},\"sameAs\":[\"http:\/\/facebook.com\/FCGueugnon\",\"https:\/\/x.com\/FCGueugnon_off\",\"https:\/\/www.instagram.com\/fcgueugnon\/\",\"https:\/\/www.linkedin.com\/company\/football-club-de-gueugnon\/\",\"https:\/\/www.youtube.com\/user\/FCGueugnonnais\",\"https:\/\/fr.wikipedia.org\/wiki\/Football_Club_de_Gueugnon\"]},{\"@type\":\"Person\",\"@id\":\"https:\/\/www.fcgueugnon.fr\/site\/#\/schema\/person\/829630bfb5d6f3ebe4d296b75687c01a\",\"name\":\"FC Gueugnon\",\"url\":\"https:\/\/www.fcgueugnon.fr\/site\/author\/g-avin1\"}]}<\/script>\n<!-- \/ Yoast SEO plugin. -->","yoast_head_json":{"title":"[N3 J16 : FC Gueugnon \u2013 ESTAC B] Bouiller P\u00e8re et Fils, partenaire de la rencontre &#8226; FOOTBALL CLUB GUEUGNON","robots":{"index":"index","follow":"follow","max-snippet":"max-snippet:-1","max-image-preview":"max-image-preview:large","max-video-preview":"max-video-preview:-1"},"canonical":"https:\/\/www.fcgueugnon.fr\/site\/n3-j16-fc-gueugnon-estac-b-bouiller-pere-et-fils-partenaire-de-la-rencontre\/53762","og_locale":"fr_FR","og_type":"article","og_title":"[N3 J16 : FC Gueugnon \u2013 ESTAC B] Bouiller P\u00e8re et Fils, partenaire de la rencontre &#8226; FOOTBALL CLUB GUEUGNON","og_description":"Dans le cadre de la 16\u00e8me journ\u00e9e de National 3, le FC Gueugnon a affront\u00e9 l&rsquo;ESTAC (B) \u00e0 domicile. Un grand merci \u00e0 notre partenaire Bouiller P\u00e8re et Fils pour son pr\u00e9cieux soutien. Le FC Gueugnon remercie chaleureusement l\u2019entreprise Bouiller P\u00e8re et Fils pour son soutien et sa fid\u00e9lit\u00e9. Forte de plus de 80 ans ... Lire la suite","og_url":"https:\/\/www.fcgueugnon.fr\/site\/n3-j16-fc-gueugnon-estac-b-bouiller-pere-et-fils-partenaire-de-la-rencontre\/53762","og_site_name":"FOOTBALL CLUB GUEUGNON","article_publisher":"http:\/\/facebook.com\/FCGueugnon","article_published_time":"2025-04-02T12:10:42+00:00","article_modified_time":"2025-04-02T12:10:44+00:00","og_image":[{"width":1920,"height":1080,"url":"https:\/\/www.fcgueugnon.fr\/site\/wp-content\/uploads\/2022\/08\/Partenaire-ballon-du-match-merevis-consulting.png","type":"image\/png"}],"author":"FC Gueugnon","twitter_card":"summary_large_image","twitter_image":"https:\/\/www.fcgueugnon.fr\/site\/wp-content\/uploads\/2022\/08\/Partenaire-ballon-du-match-merevis-consulting.png","twitter_creator":"@FCGueugnon_off","twitter_site":"@FCGueugnon_off","twitter_misc":{"\u00c9crit par":"FC Gueugnon","Dur\u00e9e de lecture estim\u00e9e":"2 minutes"},"schema":{"@context":"https:\/\/schema.org","@graph":[{"@type":"Article","@id":"https:\/\/www.fcgueugnon.fr\/site\/n3-j16-fc-gueugnon-estac-b-bouiller-pere-et-fils-partenaire-de-la-rencontre\/53762#article","isPartOf":{"@id":"https:\/\/www.fcgueugnon.fr\/site\/n3-j16-fc-gueugnon-estac-b-bouiller-pere-et-fils-partenaire-de-la-rencontre\/53762"},"author":{"name":"FC Gueugnon","@id":"https:\/\/www.fcgueugnon.fr\/site\/#\/schema\/person\/829630bfb5d6f3ebe4d296b75687c01a"},"headline":"[N3 J16 : FC Gueugnon \u2013 ESTAC B] Bouiller P\u00e8re et Fils, partenaire de la rencontre","datePublished":"2025-04-02T12:10:42+00:00","dateModified":"2025-04-02T12:10:44+00:00","mainEntityOfPage":{"@id":"https:\/\/www.fcgueugnon.fr\/site\/n3-j16-fc-gueugnon-estac-b-bouiller-pere-et-fils-partenaire-de-la-rencontre\/53762"},"wordCount":238,"publisher":{"@id":"https:\/\/www.fcgueugnon.fr\/site\/#organization"},"image":{"@id":"https:\/\/www.fcgueugnon.fr\/site\/n3-j16-fc-gueugnon-estac-b-bouiller-pere-et-fils-partenaire-de-la-rencontre\/53762#primaryimage"},"thumbnailUrl":"https:\/\/www.fcgueugnon.fr\/site\/wp-content\/uploads\/2025\/04\/BOUILLER-PERE-ET-FILS-2.jpg","keywords":["Partenaires"],"articleSection":["News","News 2024\/2025"],"inLanguage":"fr-FR"},{"@type":"WebPage","@id":"https:\/\/www.fcgueugnon.fr\/site\/n3-j16-fc-gueugnon-estac-b-bouiller-pere-et-fils-partenaire-de-la-rencontre\/53762","url":"https:\/\/www.fcgueugnon.fr\/site\/n3-j16-fc-gueugnon-estac-b-bouiller-pere-et-fils-partenaire-de-la-rencontre\/53762","name":"[N3 J16 : FC Gueugnon \u2013 ESTAC B] Bouiller P\u00e8re et Fils, partenaire de la rencontre &#8226; FOOTBALL CLUB GUEUGNON","isPartOf":{"@id":"https:\/\/www.fcgueugnon.fr\/site\/#website"},"primaryImageOfPage":{"@id":"https:\/\/www.fcgueugnon.fr\/site\/n3-j16-fc-gueugnon-estac-b-bouiller-pere-et-fils-partenaire-de-la-rencontre\/53762#primaryimage"},"image":{"@id":"https:\/\/www.fcgueugnon.fr\/site\/n3-j16-fc-gueugnon-estac-b-bouiller-pere-et-fils-partenaire-de-la-rencontre\/53762#primaryimage"},"thumbnailUrl":"https:\/\/www.fcgueugnon.fr\/site\/wp-content\/uploads\/2025\/04\/BOUILLER-PERE-ET-FILS-2.jpg","datePublished":"2025-04-02T12:10:42+00:00","dateModified":"2025-04-02T12:10:44+00:00","breadcrumb":{"@id":"https:\/\/www.fcgueugnon.fr\/site\/n3-j16-fc-gueugnon-estac-b-bouiller-pere-et-fils-partenaire-de-la-rencontre\/53762#breadcrumb"},"inLanguage":"fr-FR","potentialAction":[{"@type":"ReadAction","target":["https:\/\/www.fcgueugnon.fr\/site\/n3-j16-fc-gueugnon-estac-b-bouiller-pere-et-fils-partenaire-de-la-rencontre\/53762"]}]},{"@type":"ImageObject","inLanguage":"fr-FR","@id":"https:\/\/www.fcgueugnon.fr\/site\/n3-j16-fc-gueugnon-estac-b-bouiller-pere-et-fils-partenaire-de-la-rencontre\/53762#primaryimage","url":"https:\/\/www.fcgueugnon.fr\/site\/wp-content\/uploads\/2025\/04\/BOUILLER-PERE-ET-FILS-2.jpg","contentUrl":"https:\/\/www.fcgueugnon.fr\/site\/wp-content\/uploads\/2025\/04\/BOUILLER-PERE-ET-FILS-2.jpg","width":1772,"height":1181},{"@type":"BreadcrumbList","@id":"https:\/\/www.fcgueugnon.fr\/site\/n3-j16-fc-gueugnon-estac-b-bouiller-pere-et-fils-partenaire-de-la-rencontre\/53762#breadcrumb","itemListElement":[{"@type":"ListItem","position":1,"name":"Accueil","item":"https:\/\/www.fcgueugnon.fr\/site\/"},{"@type":"ListItem","position":2,"name":"[N3 J16 : FC Gueugnon \u2013 ESTAC B] Bouiller P\u00e8re et Fils, partenaire de la rencontre"}]},{"@type":"WebSite","@id":"https:\/\/www.fcgueugnon.fr\/site\/#website","url":"https:\/\/www.fcgueugnon.fr\/site\/","name":"FOOTBALL CLUB GUEUGNON","description":"Le Site Officiel des Forgerons","publisher":{"@id":"https:\/\/www.fcgueugnon.fr\/site\/#organization"},"potentialAction":[{"@type":"SearchAction","target":{"@type":"EntryPoint","urlTemplate":"https:\/\/www.fcgueugnon.fr\/site\/?s={search_term_string}"},"query-input":{"@type":"PropertyValueSpecification","valueRequired":true,"valueName":"search_term_string"}}],"inLanguage":"fr-FR"},{"@type":"Organization","@id":"https:\/\/www.fcgueugnon.fr\/site\/#organization","name":"FC Gueugnon","url":"https:\/\/www.fcgueugnon.fr\/site\/","logo":{"@type":"ImageObject","inLanguage":"fr-FR","@id":"https:\/\/www.fcgueugnon.fr\/site\/#\/schema\/logo\/image\/","url":"https:\/\/www.fcgueugnon.fr\/site\/wp-content\/uploads\/2022\/07\/cropped-Logo-FCGUEUGNON-low-350x350-1.png","contentUrl":"https:\/\/www.fcgueugnon.fr\/site\/wp-content\/uploads\/2022\/07\/cropped-Logo-FCGUEUGNON-low-350x350-1.png","width":350,"height":350,"caption":"FC Gueugnon"},"image":{"@id":"https:\/\/www.fcgueugnon.fr\/site\/#\/schema\/logo\/image\/"},"sameAs":["http:\/\/facebook.com\/FCGueugnon","https:\/\/x.com\/FCGueugnon_off","https:\/\/www.instagram.com\/fcgueugnon\/","https:\/\/www.linkedin.com\/company\/football-club-de-gueugnon\/","https:\/\/www.youtube.com\/user\/FCGueugnonnais","https:\/\/fr.wikipedia.org\/wiki\/Football_Club_de_Gueugnon"]},{"@type":"Person","@id":"https:\/\/www.fcgueugnon.fr\/site\/#\/schema\/person\/829630bfb5d6f3ebe4d296b75687c01a","name":"FC Gueugnon","url":"https:\/\/www.fcgueugnon.fr\/site\/author\/g-avin1"}]}},"rttpg_featured_image_url":{"full":["https:\/\/www.fcgueugnon.fr\/site\/wp-content\/uploads\/2025\/04\/BOUILLER-PERE-ET-FILS-2.jpg",1772,1181,false],"landscape":["https:\/\/www.fcgueugnon.fr\/site\/wp-content\/uploads\/2025\/04\/BOUILLER-PERE-ET-FILS-2.jpg",1772,1181,false],"portraits":["https:\/\/www.fcgueugnon.fr\/site\/wp-content\/uploads\/2025\/04\/BOUILLER-PERE-ET-FILS-2.jpg",1772,1181,false],"thumbnail":["https:\/\/www.fcgueugnon.fr\/site\/wp-content\/uploads\/2025\/04\/BOUILLER-PERE-ET-FILS-2-150x150.jpg",150,150,true],"medium":["https:\/\/www.fcgueugnon.fr\/site\/wp-content\/uploads\/2025\/04\/BOUILLER-PERE-ET-FILS-2-400x267.jpg",400,267,true],"large":["https:\/\/www.fcgueugnon.fr\/site\/wp-content\/uploads\/2025\/04\/BOUILLER-PERE-ET-FILS-2-1024x682.jpg",1024,682,true],"1536x1536":["https:\/\/www.fcgueugnon.fr\/site\/wp-content\/uploads\/2025\/04\/BOUILLER-PERE-ET-FILS-2-1536x1024.jpg",1536,1024,true],"2048x2048":["https:\/\/www.fcgueugnon.fr\/site\/wp-content\/uploads\/2025\/04\/BOUILLER-PERE-ET-FILS-2.jpg",1772,1181,false]},"rttpg_author":{"display_name":"FC Gueugnon","author_link":"https:\/\/www.fcgueugnon.fr\/site\/author\/g-avin1"},"rttpg_comment":0,"rttpg_category":"<a href=\"https:\/\/www.fcgueugnon.fr\/site\/category\/news\" rel=\"category tag\">News<\/a> <a href=\"https:\/\/www.fcgueugnon.fr\/site\/category\/news\/news-2024-2025\" rel=\"category tag\">News 2024\/2025<\/a>","rttpg_excerpt":"Dans le cadre de la 16\u00e8me journ\u00e9e de National 3, le FC Gueugnon a affront\u00e9 l&rsquo;ESTAC (B) \u00e0 domicile. Un grand merci \u00e0 notre partenaire Bouiller P\u00e8re et Fils pour son pr\u00e9cieux soutien. Le FC Gueugnon remercie chaleureusement l\u2019entreprise Bouiller P\u00e8re et Fils pour son soutien et sa fid\u00e9lit\u00e9. Forte de plus de 80 ans\u2026","_links":{"self":[{"href":"https:\/\/www.fcgueugnon.fr\/site\/wp-json\/wp\/v2\/posts\/53762","targetHints":{"allow":["GET"]}}],"collection":[{"href":"https:\/\/www.fcgueugnon.fr\/site\/wp-json\/wp\/v2\/posts"}],"about":[{"href":"https:\/\/www.fcgueugnon.fr\/site\/wp-json\/wp\/v2\/types\/post"}],"author":[{"embeddable":true,"href":"https:\/\/www.fcgueugnon.fr\/site\/wp-json\/wp\/v2\/users\/3"}],"replies":[{"embeddable":true,"href":"https:\/\/www.fcgueugnon.fr\/site\/wp-json\/wp\/v2\/comments?post=53762"}],"version-history":[{"count":1,"href":"https:\/\/www.fcgueugnon.fr\/site\/wp-json\/wp\/v2\/posts\/53762\/revisions"}],"predecessor-version":[{"id":53766,"href":"https:\/\/www.fcgueugnon.fr\/site\/wp-json\/wp\/v2\/posts\/53762\/revisions\/53766"}],"wp:featuredmedia":[{"embeddable":true,"href":"https:\/\/www.fcgueugnon.fr\/site\/wp-json\/wp\/v2\/media\/53764"}],"wp:attachment":[{"href":"https:\/\/www.fcgueugnon.fr\/site\/wp-json\/wp\/v2\/media?parent=53762"}],"wp:term":[{"taxonomy":"category","embeddable":true,"href":"https:\/\/www.fcgueugnon.fr\/site\/wp-json\/wp\/v2\/categories?post=53762"},{"taxonomy":"post_tag","embeddable":true,"href":"https:\/\/www.fcgueugnon.fr\/site\/wp-json\/wp\/v2\/tags?post=53762"}],"curies":[{"name":"wp","href":"https:\/\/api.w.org\/{rel}","templated":true}]}}