{"id":53752,"date":"2025-04-03T09:44:53","date_gmt":"2025-04-03T07:44:53","guid":{"rendered":"https:\/\/www.fcgueugnon.fr\/site\/?p=53752"},"modified":"2025-04-03T09:44:55","modified_gmt":"2025-04-03T07:44:55","slug":"sport-e-leclerc-academie-le-fc-gueugnon-organise-une-detection-pour-les-generations-2011-2012-2013-et-2014","status":"publish","type":"post","link":"https:\/\/www.fcgueugnon.fr\/site\/sport-e-leclerc-academie-le-fc-gueugnon-organise-une-detection-pour-les-generations-2011-2012-2013-et-2014\/53752","title":{"rendered":"[Sport E.Leclerc Acad\u00e9mie] Le FC Gueugnon organise une d\u00e9tection pour les g\u00e9n\u00e9rations 2011-2012-2013 et 2014"},"content":{"rendered":"\n<h3 class=\"wp-block-heading\"><strong><span>L<\/span>e mercredi 23 Avril, le FC Gueugnon propose une d\u00e9tection \u00e0 destination des g\u00e9n\u00e9rations 2011-2012-2013 et 2014.<\/strong><\/h3>\n\n\n\n<div style=\"height:50px\" aria-hidden=\"true\" class=\"wp-block-spacer\"><\/div>\n\n\n<div class=\"wp-block-image\">\n<figure class=\"aligncenter size-large\"><img loading=\"lazy\" decoding=\"async\" width=\"1024\" height=\"640\" src=\"https:\/\/www.fcgueugnon.fr\/site\/wp-content\/uploads\/2025\/04\/Detection-FC-Gueugnon-2011-2012-2013-2014-1024x640.jpg\" alt=\"\" class=\"wp-image-53753\" srcset=\"https:\/\/www.fcgueugnon.fr\/site\/wp-content\/uploads\/2025\/04\/Detection-FC-Gueugnon-2011-2012-2013-2014-1024x640.jpg 1024w, https:\/\/www.fcgueugnon.fr\/site\/wp-content\/uploads\/2025\/04\/Detection-FC-Gueugnon-2011-2012-2013-2014-400x250.jpg 400w, https:\/\/www.fcgueugnon.fr\/site\/wp-content\/uploads\/2025\/04\/Detection-FC-Gueugnon-2011-2012-2013-2014-768x480.jpg 768w, https:\/\/www.fcgueugnon.fr\/site\/wp-content\/uploads\/2025\/04\/Detection-FC-Gueugnon-2011-2012-2013-2014-1536x960.jpg 1536w, https:\/\/www.fcgueugnon.fr\/site\/wp-content\/uploads\/2025\/04\/Detection-FC-Gueugnon-2011-2012-2013-2014-2048x1280.jpg 2048w, https:\/\/www.fcgueugnon.fr\/site\/wp-content\/uploads\/2025\/04\/Detection-FC-Gueugnon-2011-2012-2013-2014-1320x825.jpg 1320w\" sizes=\"auto, (max-width: 1024px) 100vw, 1024px\" \/><\/figure>\n<\/div>\n\n\n<div style=\"height:50px\" aria-hidden=\"true\" class=\"wp-block-spacer\"><\/div>\n\n\n\n<h3 class=\"wp-block-heading\"><strong>Programme de la journ\u00e9e :<\/strong><\/h3>\n\n\n\n<div class=\"wp-block-columns is-layout-flex wp-container-core-columns-is-layout-9d6595d7 wp-block-columns-is-layout-flex\">\n<div class=\"wp-block-column is-layout-flow wp-block-column-is-layout-flow\">\n<p><strong>G\u00e9n\u00e9rations 2013 et 2014<\/strong><\/p>\n\n\n\n<p><strong>9h30<\/strong> : Accueil des joueurs et de leurs parents au stade Jean Laville.<\/p>\n\n\n\n<p><strong>10h00<\/strong> : D\u00e9but de la s\u00e9ance sur le terrain.<\/p>\n\n\n\n<p><strong>11h30<\/strong> : Fin de la s\u00e9ance, suivie d&rsquo;un temps d\u2019\u00e9changes pour ceux qui le souhaitent.<\/p>\n\n\n\n<p><strong>12h00<\/strong> : Pr\u00e9sentation du projet de la Sport E.Leclerc Acad\u00e9mie et de la section sportive, en partenariat avec le Coll\u00e8ge Jorge Sempr\u00fan de Gueugnon.<\/p>\n<\/div>\n\n\n\n<div class=\"wp-block-column is-layout-flow wp-block-column-is-layout-flow\">\n<p><strong>G\u00e9n\u00e9rations 2011 et 2012<\/strong><\/p>\n\n\n\n<p><strong>11h45<\/strong> : Accueil des joueurs et de leurs parents au stade Jean Laville.<\/p>\n\n\n\n<p><strong>12h00<\/strong> : Pr\u00e9sentation du projet de la Sport E.Leclerc Acad\u00e9mie et de la section sportive, en partenariat avec le Coll\u00e8ge Jorge Sempr\u00fan de Gueugnon.<\/p>\n\n\n\n<p><strong>13h30<\/strong> : D\u00e9but de la s\u00e9ance sur le terrain.<\/p>\n\n\n\n<p><strong>15h30<\/strong> : Fin de la s\u00e9ance, suivie d&rsquo;un temps d\u2019\u00e9changes pour ceux qui le souhaitent.<\/p>\n<\/div>\n<\/div>\n\n\n\n<div style=\"height:30px\" aria-hidden=\"true\" class=\"wp-block-spacer\"><\/div>\n\n\n\n<h3 class=\"wp-block-heading\"><strong>Inscription obligatoire :<\/strong><\/h3>\n\n\n\n<p>L&rsquo;inscription pour participer \u00e0 notre s\u00e9ance de d\u00e9tection est obligatoire via le formulaire ci-dessous :<\/p>\n\n\n\n<center><iframe loading=\"lazy\" src=\"https:\/\/docs.google.com\/forms\/d\/e\/1FAIpQLSfrfwu6je1klPP3OBsohmkZxr61hNqQOLHtrQJ_8a67Z_jcyw\/viewform?embedded=true\" width=\"640\" height=\"2692\" frameborder=\"0\" marginheight=\"0\" marginwidth=\"0\">Chargement\u2026<\/iframe><\/center>\n\n\n\n<div style=\"height:30px\" aria-hidden=\"true\" class=\"wp-block-spacer\"><\/div>\n\n\n\n<h3 class=\"wp-block-heading\"><strong>Renseignements \/ Contact :<\/strong><\/h3>\n\n\n\n<p><strong>Mathis POTIER<\/strong> \/ \u00c9ducateur FC Gueugnon<br><a href=\"mailto:gueugnon.fc@lbfc-foot.fr\">gueugnon.fc@lbfc-foot.fr<\/a> \/ 06.16.90.52.91<\/p>\n","protected":false},"excerpt":{"rendered":"<p>Le mercredi 23 Avril, le FC Gueugnon propose une d\u00e9tection \u00e0 destination des g\u00e9n\u00e9rations 2011-2012-2013 et 2014. Programme de la journ\u00e9e : G\u00e9n\u00e9rations 2013 et 2014 9h30 : Accueil des joueurs et de leurs parents au stade Jean Laville. 10h00 : D\u00e9but de la s\u00e9ance sur le terrain. 11h30 : Fin de la s\u00e9ance, suivie &#8230; <\/p>\n<p class=\"read-more-container\"><a title=\"[Sport E.Leclerc Acad\u00e9mie] Le FC Gueugnon organise une d\u00e9tection pour les g\u00e9n\u00e9rations 2011-2012-2013 et 2014\" class=\"read-more button\" href=\"https:\/\/www.fcgueugnon.fr\/site\/sport-e-leclerc-academie-le-fc-gueugnon-organise-une-detection-pour-les-generations-2011-2012-2013-et-2014\/53752#more-53752\" aria-label=\"Plus sur [Sport E.Leclerc Acad\u00e9mie] Le FC Gueugnon organise une d\u00e9tection pour les g\u00e9n\u00e9rations 2011-2012-2013 et 2014\">Lire la suite<\/a><\/p>\n","protected":false},"author":3,"featured_media":53753,"comment_status":"closed","ping_status":"closed","sticky":true,"template":"","format":"standard","meta":{"footnotes":""},"categories":[4,62],"tags":[14],"class_list":["post-53752","post","type-post","status-publish","format-standard","has-post-thumbnail","hentry","category-news","category-news-2024-2025","tag-sport-e-leclerc-academie-jeunes-formation","infinite-scroll-item","generate-columns","tablet-grid-50","mobile-grid-100","grid-parent","grid-25","resize-featured-image"],"yoast_head":"<!-- This site is optimized with the Yoast SEO plugin v26.6 - https:\/\/yoast.com\/wordpress\/plugins\/seo\/ -->\n<title>[Sport E.Leclerc Acad\u00e9mie] Le FC Gueugnon organise une d\u00e9tection pour les g\u00e9n\u00e9rations 2011-2012-2013 et 2014 &#8226; FOOTBALL CLUB GUEUGNON<\/title>\n<meta name=\"robots\" content=\"index, follow, max-snippet:-1, max-image-preview:large, max-video-preview:-1\" \/>\n<link rel=\"canonical\" href=\"https:\/\/www.fcgueugnon.fr\/site\/sport-e-leclerc-academie-le-fc-gueugnon-organise-une-detection-pour-les-generations-2011-2012-2013-et-2014\/53752\" \/>\n<meta property=\"og:locale\" content=\"fr_FR\" \/>\n<meta property=\"og:type\" content=\"article\" \/>\n<meta property=\"og:title\" content=\"[Sport E.Leclerc Acad\u00e9mie] Le FC Gueugnon organise une d\u00e9tection pour les g\u00e9n\u00e9rations 2011-2012-2013 et 2014 &#8226; FOOTBALL CLUB GUEUGNON\" \/>\n<meta property=\"og:description\" content=\"Le mercredi 23 Avril, le FC Gueugnon propose une d\u00e9tection \u00e0 destination des g\u00e9n\u00e9rations 2011-2012-2013 et 2014. Programme de la journ\u00e9e : G\u00e9n\u00e9rations 2013 et 2014 9h30 : Accueil des joueurs et de leurs parents au stade Jean Laville. 10h00 : D\u00e9but de la s\u00e9ance sur le terrain. 11h30 : Fin de la s\u00e9ance, suivie ... Lire la suite\" \/>\n<meta property=\"og:url\" content=\"https:\/\/www.fcgueugnon.fr\/site\/sport-e-leclerc-academie-le-fc-gueugnon-organise-une-detection-pour-les-generations-2011-2012-2013-et-2014\/53752\" \/>\n<meta property=\"og:site_name\" content=\"FOOTBALL CLUB GUEUGNON\" \/>\n<meta property=\"article:publisher\" content=\"http:\/\/facebook.com\/FCGueugnon\" \/>\n<meta property=\"article:published_time\" content=\"2025-04-03T07:44:53+00:00\" \/>\n<meta property=\"article:modified_time\" content=\"2025-04-03T07:44:55+00:00\" \/>\n<meta property=\"og:image\" content=\"https:\/\/www.fcgueugnon.fr\/site\/wp-content\/uploads\/2025\/04\/Detection-FC-Gueugnon-2011-2012-2013-2014-1024x640.jpg\" \/>\n\t<meta property=\"og:image:width\" content=\"1024\" \/>\n\t<meta property=\"og:image:height\" content=\"640\" \/>\n\t<meta property=\"og:image:type\" content=\"image\/jpeg\" \/>\n<meta name=\"author\" content=\"FC Gueugnon\" \/>\n<meta name=\"twitter:card\" content=\"summary_large_image\" \/>\n<meta name=\"twitter:creator\" content=\"@FCGueugnon_off\" \/>\n<meta name=\"twitter:site\" content=\"@FCGueugnon_off\" \/>\n<meta name=\"twitter:label1\" content=\"\u00c9crit par\" \/>\n\t<meta name=\"twitter:data1\" content=\"FC Gueugnon\" \/>\n\t<meta name=\"twitter:label2\" content=\"Dur\u00e9e de lecture estim\u00e9e\" \/>\n\t<meta name=\"twitter:data2\" content=\"2 minutes\" \/>\n<script type=\"application\/ld+json\" class=\"yoast-schema-graph\">{\"@context\":\"https:\/\/schema.org\",\"@graph\":[{\"@type\":\"Article\",\"@id\":\"https:\/\/www.fcgueugnon.fr\/site\/sport-e-leclerc-academie-le-fc-gueugnon-organise-une-detection-pour-les-generations-2011-2012-2013-et-2014\/53752#article\",\"isPartOf\":{\"@id\":\"https:\/\/www.fcgueugnon.fr\/site\/sport-e-leclerc-academie-le-fc-gueugnon-organise-une-detection-pour-les-generations-2011-2012-2013-et-2014\/53752\"},\"author\":{\"name\":\"FC Gueugnon\",\"@id\":\"https:\/\/www.fcgueugnon.fr\/site\/#\/schema\/person\/829630bfb5d6f3ebe4d296b75687c01a\"},\"headline\":\"[Sport E.Leclerc Acad\u00e9mie] Le FC Gueugnon organise une d\u00e9tection pour les g\u00e9n\u00e9rations 2011-2012-2013 et 2014\",\"datePublished\":\"2025-04-03T07:44:53+00:00\",\"dateModified\":\"2025-04-03T07:44:55+00:00\",\"mainEntityOfPage\":{\"@id\":\"https:\/\/www.fcgueugnon.fr\/site\/sport-e-leclerc-academie-le-fc-gueugnon-organise-une-detection-pour-les-generations-2011-2012-2013-et-2014\/53752\"},\"wordCount\":215,\"publisher\":{\"@id\":\"https:\/\/www.fcgueugnon.fr\/site\/#organization\"},\"image\":{\"@id\":\"https:\/\/www.fcgueugnon.fr\/site\/sport-e-leclerc-academie-le-fc-gueugnon-organise-une-detection-pour-les-generations-2011-2012-2013-et-2014\/53752#primaryimage\"},\"thumbnailUrl\":\"https:\/\/www.fcgueugnon.fr\/site\/wp-content\/uploads\/2025\/04\/Detection-FC-Gueugnon-2011-2012-2013-2014.jpg\",\"keywords\":[\"Sport E.Leclerc Acad\u00e9mie : Jeunes \/ Formation\"],\"articleSection\":[\"News\",\"News 2024\/2025\"],\"inLanguage\":\"fr-FR\"},{\"@type\":\"WebPage\",\"@id\":\"https:\/\/www.fcgueugnon.fr\/site\/sport-e-leclerc-academie-le-fc-gueugnon-organise-une-detection-pour-les-generations-2011-2012-2013-et-2014\/53752\",\"url\":\"https:\/\/www.fcgueugnon.fr\/site\/sport-e-leclerc-academie-le-fc-gueugnon-organise-une-detection-pour-les-generations-2011-2012-2013-et-2014\/53752\",\"name\":\"[Sport E.Leclerc Acad\u00e9mie] Le FC Gueugnon organise une d\u00e9tection pour les g\u00e9n\u00e9rations 2011-2012-2013 et 2014 &#8226; FOOTBALL CLUB GUEUGNON\",\"isPartOf\":{\"@id\":\"https:\/\/www.fcgueugnon.fr\/site\/#website\"},\"primaryImageOfPage\":{\"@id\":\"https:\/\/www.fcgueugnon.fr\/site\/sport-e-leclerc-academie-le-fc-gueugnon-organise-une-detection-pour-les-generations-2011-2012-2013-et-2014\/53752#primaryimage\"},\"image\":{\"@id\":\"https:\/\/www.fcgueugnon.fr\/site\/sport-e-leclerc-academie-le-fc-gueugnon-organise-une-detection-pour-les-generations-2011-2012-2013-et-2014\/53752#primaryimage\"},\"thumbnailUrl\":\"https:\/\/www.fcgueugnon.fr\/site\/wp-content\/uploads\/2025\/04\/Detection-FC-Gueugnon-2011-2012-2013-2014.jpg\",\"datePublished\":\"2025-04-03T07:44:53+00:00\",\"dateModified\":\"2025-04-03T07:44:55+00:00\",\"breadcrumb\":{\"@id\":\"https:\/\/www.fcgueugnon.fr\/site\/sport-e-leclerc-academie-le-fc-gueugnon-organise-une-detection-pour-les-generations-2011-2012-2013-et-2014\/53752#breadcrumb\"},\"inLanguage\":\"fr-FR\",\"potentialAction\":[{\"@type\":\"ReadAction\",\"target\":[\"https:\/\/www.fcgueugnon.fr\/site\/sport-e-leclerc-academie-le-fc-gueugnon-organise-une-detection-pour-les-generations-2011-2012-2013-et-2014\/53752\"]}]},{\"@type\":\"ImageObject\",\"inLanguage\":\"fr-FR\",\"@id\":\"https:\/\/www.fcgueugnon.fr\/site\/sport-e-leclerc-academie-le-fc-gueugnon-organise-une-detection-pour-les-generations-2011-2012-2013-et-2014\/53752#primaryimage\",\"url\":\"https:\/\/www.fcgueugnon.fr\/site\/wp-content\/uploads\/2025\/04\/Detection-FC-Gueugnon-2011-2012-2013-2014.jpg\",\"contentUrl\":\"https:\/\/www.fcgueugnon.fr\/site\/wp-content\/uploads\/2025\/04\/Detection-FC-Gueugnon-2011-2012-2013-2014.jpg\",\"width\":2160,\"height\":1350},{\"@type\":\"BreadcrumbList\",\"@id\":\"https:\/\/www.fcgueugnon.fr\/site\/sport-e-leclerc-academie-le-fc-gueugnon-organise-une-detection-pour-les-generations-2011-2012-2013-et-2014\/53752#breadcrumb\",\"itemListElement\":[{\"@type\":\"ListItem\",\"position\":1,\"name\":\"Accueil\",\"item\":\"https:\/\/www.fcgueugnon.fr\/site\/\"},{\"@type\":\"ListItem\",\"position\":2,\"name\":\"[Sport E.Leclerc Acad\u00e9mie] Le FC Gueugnon organise une d\u00e9tection pour les g\u00e9n\u00e9rations 2011-2012-2013 et 2014\"}]},{\"@type\":\"WebSite\",\"@id\":\"https:\/\/www.fcgueugnon.fr\/site\/#website\",\"url\":\"https:\/\/www.fcgueugnon.fr\/site\/\",\"name\":\"FOOTBALL CLUB GUEUGNON\",\"description\":\"Le Site Officiel des Forgerons\",\"publisher\":{\"@id\":\"https:\/\/www.fcgueugnon.fr\/site\/#organization\"},\"potentialAction\":[{\"@type\":\"SearchAction\",\"target\":{\"@type\":\"EntryPoint\",\"urlTemplate\":\"https:\/\/www.fcgueugnon.fr\/site\/?s={search_term_string}\"},\"query-input\":{\"@type\":\"PropertyValueSpecification\",\"valueRequired\":true,\"valueName\":\"search_term_string\"}}],\"inLanguage\":\"fr-FR\"},{\"@type\":\"Organization\",\"@id\":\"https:\/\/www.fcgueugnon.fr\/site\/#organization\",\"name\":\"FC Gueugnon\",\"url\":\"https:\/\/www.fcgueugnon.fr\/site\/\",\"logo\":{\"@type\":\"ImageObject\",\"inLanguage\":\"fr-FR\",\"@id\":\"https:\/\/www.fcgueugnon.fr\/site\/#\/schema\/logo\/image\/\",\"url\":\"https:\/\/www.fcgueugnon.fr\/site\/wp-content\/uploads\/2022\/07\/cropped-Logo-FCGUEUGNON-low-350x350-1.png\",\"contentUrl\":\"https:\/\/www.fcgueugnon.fr\/site\/wp-content\/uploads\/2022\/07\/cropped-Logo-FCGUEUGNON-low-350x350-1.png\",\"width\":350,\"height\":350,\"caption\":\"FC Gueugnon\"},\"image\":{\"@id\":\"https:\/\/www.fcgueugnon.fr\/site\/#\/schema\/logo\/image\/\"},\"sameAs\":[\"http:\/\/facebook.com\/FCGueugnon\",\"https:\/\/x.com\/FCGueugnon_off\",\"https:\/\/www.instagram.com\/fcgueugnon\/\",\"https:\/\/www.linkedin.com\/company\/football-club-de-gueugnon\/\",\"https:\/\/www.youtube.com\/user\/FCGueugnonnais\",\"https:\/\/fr.wikipedia.org\/wiki\/Football_Club_de_Gueugnon\"]},{\"@type\":\"Person\",\"@id\":\"https:\/\/www.fcgueugnon.fr\/site\/#\/schema\/person\/829630bfb5d6f3ebe4d296b75687c01a\",\"name\":\"FC Gueugnon\",\"url\":\"https:\/\/www.fcgueugnon.fr\/site\/author\/g-avin1\"}]}<\/script>\n<!-- \/ Yoast SEO plugin. -->","yoast_head_json":{"title":"[Sport E.Leclerc Acad\u00e9mie] Le FC Gueugnon organise une d\u00e9tection pour les g\u00e9n\u00e9rations 2011-2012-2013 et 2014 &#8226; FOOTBALL CLUB GUEUGNON","robots":{"index":"index","follow":"follow","max-snippet":"max-snippet:-1","max-image-preview":"max-image-preview:large","max-video-preview":"max-video-preview:-1"},"canonical":"https:\/\/www.fcgueugnon.fr\/site\/sport-e-leclerc-academie-le-fc-gueugnon-organise-une-detection-pour-les-generations-2011-2012-2013-et-2014\/53752","og_locale":"fr_FR","og_type":"article","og_title":"[Sport E.Leclerc Acad\u00e9mie] Le FC Gueugnon organise une d\u00e9tection pour les g\u00e9n\u00e9rations 2011-2012-2013 et 2014 &#8226; FOOTBALL CLUB GUEUGNON","og_description":"Le mercredi 23 Avril, le FC Gueugnon propose une d\u00e9tection \u00e0 destination des g\u00e9n\u00e9rations 2011-2012-2013 et 2014. Programme de la journ\u00e9e : G\u00e9n\u00e9rations 2013 et 2014 9h30 : Accueil des joueurs et de leurs parents au stade Jean Laville. 10h00 : D\u00e9but de la s\u00e9ance sur le terrain. 11h30 : Fin de la s\u00e9ance, suivie ... Lire la suite","og_url":"https:\/\/www.fcgueugnon.fr\/site\/sport-e-leclerc-academie-le-fc-gueugnon-organise-une-detection-pour-les-generations-2011-2012-2013-et-2014\/53752","og_site_name":"FOOTBALL CLUB GUEUGNON","article_publisher":"http:\/\/facebook.com\/FCGueugnon","article_published_time":"2025-04-03T07:44:53+00:00","article_modified_time":"2025-04-03T07:44:55+00:00","og_image":[{"width":1024,"height":640,"url":"https:\/\/www.fcgueugnon.fr\/site\/wp-content\/uploads\/2025\/04\/Detection-FC-Gueugnon-2011-2012-2013-2014-1024x640.jpg","type":"image\/jpeg"}],"author":"FC Gueugnon","twitter_card":"summary_large_image","twitter_creator":"@FCGueugnon_off","twitter_site":"@FCGueugnon_off","twitter_misc":{"\u00c9crit par":"FC Gueugnon","Dur\u00e9e de lecture estim\u00e9e":"2 minutes"},"schema":{"@context":"https:\/\/schema.org","@graph":[{"@type":"Article","@id":"https:\/\/www.fcgueugnon.fr\/site\/sport-e-leclerc-academie-le-fc-gueugnon-organise-une-detection-pour-les-generations-2011-2012-2013-et-2014\/53752#article","isPartOf":{"@id":"https:\/\/www.fcgueugnon.fr\/site\/sport-e-leclerc-academie-le-fc-gueugnon-organise-une-detection-pour-les-generations-2011-2012-2013-et-2014\/53752"},"author":{"name":"FC Gueugnon","@id":"https:\/\/www.fcgueugnon.fr\/site\/#\/schema\/person\/829630bfb5d6f3ebe4d296b75687c01a"},"headline":"[Sport E.Leclerc Acad\u00e9mie] Le FC Gueugnon organise une d\u00e9tection pour les g\u00e9n\u00e9rations 2011-2012-2013 et 2014","datePublished":"2025-04-03T07:44:53+00:00","dateModified":"2025-04-03T07:44:55+00:00","mainEntityOfPage":{"@id":"https:\/\/www.fcgueugnon.fr\/site\/sport-e-leclerc-academie-le-fc-gueugnon-organise-une-detection-pour-les-generations-2011-2012-2013-et-2014\/53752"},"wordCount":215,"publisher":{"@id":"https:\/\/www.fcgueugnon.fr\/site\/#organization"},"image":{"@id":"https:\/\/www.fcgueugnon.fr\/site\/sport-e-leclerc-academie-le-fc-gueugnon-organise-une-detection-pour-les-generations-2011-2012-2013-et-2014\/53752#primaryimage"},"thumbnailUrl":"https:\/\/www.fcgueugnon.fr\/site\/wp-content\/uploads\/2025\/04\/Detection-FC-Gueugnon-2011-2012-2013-2014.jpg","keywords":["Sport E.Leclerc Acad\u00e9mie : Jeunes \/ Formation"],"articleSection":["News","News 2024\/2025"],"inLanguage":"fr-FR"},{"@type":"WebPage","@id":"https:\/\/www.fcgueugnon.fr\/site\/sport-e-leclerc-academie-le-fc-gueugnon-organise-une-detection-pour-les-generations-2011-2012-2013-et-2014\/53752","url":"https:\/\/www.fcgueugnon.fr\/site\/sport-e-leclerc-academie-le-fc-gueugnon-organise-une-detection-pour-les-generations-2011-2012-2013-et-2014\/53752","name":"[Sport E.Leclerc Acad\u00e9mie] Le FC Gueugnon organise une d\u00e9tection pour les g\u00e9n\u00e9rations 2011-2012-2013 et 2014 &#8226; FOOTBALL CLUB GUEUGNON","isPartOf":{"@id":"https:\/\/www.fcgueugnon.fr\/site\/#website"},"primaryImageOfPage":{"@id":"https:\/\/www.fcgueugnon.fr\/site\/sport-e-leclerc-academie-le-fc-gueugnon-organise-une-detection-pour-les-generations-2011-2012-2013-et-2014\/53752#primaryimage"},"image":{"@id":"https:\/\/www.fcgueugnon.fr\/site\/sport-e-leclerc-academie-le-fc-gueugnon-organise-une-detection-pour-les-generations-2011-2012-2013-et-2014\/53752#primaryimage"},"thumbnailUrl":"https:\/\/www.fcgueugnon.fr\/site\/wp-content\/uploads\/2025\/04\/Detection-FC-Gueugnon-2011-2012-2013-2014.jpg","datePublished":"2025-04-03T07:44:53+00:00","dateModified":"2025-04-03T07:44:55+00:00","breadcrumb":{"@id":"https:\/\/www.fcgueugnon.fr\/site\/sport-e-leclerc-academie-le-fc-gueugnon-organise-une-detection-pour-les-generations-2011-2012-2013-et-2014\/53752#breadcrumb"},"inLanguage":"fr-FR","potentialAction":[{"@type":"ReadAction","target":["https:\/\/www.fcgueugnon.fr\/site\/sport-e-leclerc-academie-le-fc-gueugnon-organise-une-detection-pour-les-generations-2011-2012-2013-et-2014\/53752"]}]},{"@type":"ImageObject","inLanguage":"fr-FR","@id":"https:\/\/www.fcgueugnon.fr\/site\/sport-e-leclerc-academie-le-fc-gueugnon-organise-une-detection-pour-les-generations-2011-2012-2013-et-2014\/53752#primaryimage","url":"https:\/\/www.fcgueugnon.fr\/site\/wp-content\/uploads\/2025\/04\/Detection-FC-Gueugnon-2011-2012-2013-2014.jpg","contentUrl":"https:\/\/www.fcgueugnon.fr\/site\/wp-content\/uploads\/2025\/04\/Detection-FC-Gueugnon-2011-2012-2013-2014.jpg","width":2160,"height":1350},{"@type":"BreadcrumbList","@id":"https:\/\/www.fcgueugnon.fr\/site\/sport-e-leclerc-academie-le-fc-gueugnon-organise-une-detection-pour-les-generations-2011-2012-2013-et-2014\/53752#breadcrumb","itemListElement":[{"@type":"ListItem","position":1,"name":"Accueil","item":"https:\/\/www.fcgueugnon.fr\/site\/"},{"@type":"ListItem","position":2,"name":"[Sport E.Leclerc Acad\u00e9mie] Le FC Gueugnon organise une d\u00e9tection pour les g\u00e9n\u00e9rations 2011-2012-2013 et 2014"}]},{"@type":"WebSite","@id":"https:\/\/www.fcgueugnon.fr\/site\/#website","url":"https:\/\/www.fcgueugnon.fr\/site\/","name":"FOOTBALL CLUB GUEUGNON","description":"Le Site Officiel des Forgerons","publisher":{"@id":"https:\/\/www.fcgueugnon.fr\/site\/#organization"},"potentialAction":[{"@type":"SearchAction","target":{"@type":"EntryPoint","urlTemplate":"https:\/\/www.fcgueugnon.fr\/site\/?s={search_term_string}"},"query-input":{"@type":"PropertyValueSpecification","valueRequired":true,"valueName":"search_term_string"}}],"inLanguage":"fr-FR"},{"@type":"Organization","@id":"https:\/\/www.fcgueugnon.fr\/site\/#organization","name":"FC Gueugnon","url":"https:\/\/www.fcgueugnon.fr\/site\/","logo":{"@type":"ImageObject","inLanguage":"fr-FR","@id":"https:\/\/www.fcgueugnon.fr\/site\/#\/schema\/logo\/image\/","url":"https:\/\/www.fcgueugnon.fr\/site\/wp-content\/uploads\/2022\/07\/cropped-Logo-FCGUEUGNON-low-350x350-1.png","contentUrl":"https:\/\/www.fcgueugnon.fr\/site\/wp-content\/uploads\/2022\/07\/cropped-Logo-FCGUEUGNON-low-350x350-1.png","width":350,"height":350,"caption":"FC Gueugnon"},"image":{"@id":"https:\/\/www.fcgueugnon.fr\/site\/#\/schema\/logo\/image\/"},"sameAs":["http:\/\/facebook.com\/FCGueugnon","https:\/\/x.com\/FCGueugnon_off","https:\/\/www.instagram.com\/fcgueugnon\/","https:\/\/www.linkedin.com\/company\/football-club-de-gueugnon\/","https:\/\/www.youtube.com\/user\/FCGueugnonnais","https:\/\/fr.wikipedia.org\/wiki\/Football_Club_de_Gueugnon"]},{"@type":"Person","@id":"https:\/\/www.fcgueugnon.fr\/site\/#\/schema\/person\/829630bfb5d6f3ebe4d296b75687c01a","name":"FC Gueugnon","url":"https:\/\/www.fcgueugnon.fr\/site\/author\/g-avin1"}]}},"rttpg_featured_image_url":{"full":["https:\/\/www.fcgueugnon.fr\/site\/wp-content\/uploads\/2025\/04\/Detection-FC-Gueugnon-2011-2012-2013-2014.jpg",2160,1350,false],"landscape":["https:\/\/www.fcgueugnon.fr\/site\/wp-content\/uploads\/2025\/04\/Detection-FC-Gueugnon-2011-2012-2013-2014.jpg",2160,1350,false],"portraits":["https:\/\/www.fcgueugnon.fr\/site\/wp-content\/uploads\/2025\/04\/Detection-FC-Gueugnon-2011-2012-2013-2014.jpg",2160,1350,false],"thumbnail":["https:\/\/www.fcgueugnon.fr\/site\/wp-content\/uploads\/2025\/04\/Detection-FC-Gueugnon-2011-2012-2013-2014-150x150.jpg",150,150,true],"medium":["https:\/\/www.fcgueugnon.fr\/site\/wp-content\/uploads\/2025\/04\/Detection-FC-Gueugnon-2011-2012-2013-2014-400x250.jpg",400,250,true],"large":["https:\/\/www.fcgueugnon.fr\/site\/wp-content\/uploads\/2025\/04\/Detection-FC-Gueugnon-2011-2012-2013-2014-1024x640.jpg",1024,640,true],"1536x1536":["https:\/\/www.fcgueugnon.fr\/site\/wp-content\/uploads\/2025\/04\/Detection-FC-Gueugnon-2011-2012-2013-2014-1536x960.jpg",1536,960,true],"2048x2048":["https:\/\/www.fcgueugnon.fr\/site\/wp-content\/uploads\/2025\/04\/Detection-FC-Gueugnon-2011-2012-2013-2014-2048x1280.jpg",2048,1280,true]},"rttpg_author":{"display_name":"FC Gueugnon","author_link":"https:\/\/www.fcgueugnon.fr\/site\/author\/g-avin1"},"rttpg_comment":0,"rttpg_category":"<a href=\"https:\/\/www.fcgueugnon.fr\/site\/category\/news\" rel=\"category tag\">News<\/a> <a href=\"https:\/\/www.fcgueugnon.fr\/site\/category\/news\/news-2024-2025\" rel=\"category tag\">News 2024\/2025<\/a>","rttpg_excerpt":"Le mercredi 23 Avril, le FC Gueugnon propose une d\u00e9tection \u00e0 destination des g\u00e9n\u00e9rations 2011-2012-2013 et 2014. Programme de la journ\u00e9e : G\u00e9n\u00e9rations 2013 et 2014 9h30 : Accueil des joueurs et de leurs parents au stade Jean Laville. 10h00 : D\u00e9but de la s\u00e9ance sur le terrain. 11h30 : Fin de la s\u00e9ance, suivie\u2026","_links":{"self":[{"href":"https:\/\/www.fcgueugnon.fr\/site\/wp-json\/wp\/v2\/posts\/53752","targetHints":{"allow":["GET"]}}],"collection":[{"href":"https:\/\/www.fcgueugnon.fr\/site\/wp-json\/wp\/v2\/posts"}],"about":[{"href":"https:\/\/www.fcgueugnon.fr\/site\/wp-json\/wp\/v2\/types\/post"}],"author":[{"embeddable":true,"href":"https:\/\/www.fcgueugnon.fr\/site\/wp-json\/wp\/v2\/users\/3"}],"replies":[{"embeddable":true,"href":"https:\/\/www.fcgueugnon.fr\/site\/wp-json\/wp\/v2\/comments?post=53752"}],"version-history":[{"count":3,"href":"https:\/\/www.fcgueugnon.fr\/site\/wp-json\/wp\/v2\/posts\/53752\/revisions"}],"predecessor-version":[{"id":53768,"href":"https:\/\/www.fcgueugnon.fr\/site\/wp-json\/wp\/v2\/posts\/53752\/revisions\/53768"}],"wp:featuredmedia":[{"embeddable":true,"href":"https:\/\/www.fcgueugnon.fr\/site\/wp-json\/wp\/v2\/media\/53753"}],"wp:attachment":[{"href":"https:\/\/www.fcgueugnon.fr\/site\/wp-json\/wp\/v2\/media?parent=53752"}],"wp:term":[{"taxonomy":"category","embeddable":true,"href":"https:\/\/www.fcgueugnon.fr\/site\/wp-json\/wp\/v2\/categories?post=53752"},{"taxonomy":"post_tag","embeddable":true,"href":"https:\/\/www.fcgueugnon.fr\/site\/wp-json\/wp\/v2\/tags?post=53752"}],"curies":[{"name":"wp","href":"https:\/\/api.w.org\/{rel}","templated":true}]}}