{"id":5372,"date":"2023-07-18T11:55:00","date_gmt":"2023-07-18T09:55:00","guid":{"rendered":"https:\/\/www.fcgueugnon.fr\/site\/?p=5372"},"modified":"2023-10-23T09:34:40","modified_gmt":"2023-10-23T07:34:40","slug":"mercato-2023-2024-loan-hernandez-un-nouveau-gardien-debarque-a-jean-laville","status":"publish","type":"post","link":"https:\/\/www.fcgueugnon.fr\/site\/mercato-2023-2024-loan-hernandez-un-nouveau-gardien-debarque-a-jean-laville\/5372","title":{"rendered":"[Mercato 2023-2024] Loan Hernandez, un nouveau gardien d\u00e9barque \u00e0 Jean Laville !"},"content":{"rendered":"\n<h3 class=\"wp-block-heading has-text-align-left\"><strong><strong>Apr\u00e8s Yannick Mambo, Mathis Clerval et <\/strong>Fraty Miezy Kembolo, le FC Gueugnon a le plaisir d\u2019enregistrer une nouvelle signature. Celle de Loan Hernandez, gardien de but de 18 ans qui \u00e9voluait la saison derni\u00e8re au club professionnel de Rodez Aveyron Football.<\/strong><\/h3>\n\n\n\n<div style=\"height:30px\" aria-hidden=\"true\" class=\"wp-block-spacer\"><\/div>\n\n\n<div class=\"wp-block-image\">\n<figure class=\"aligncenter size-full is-resized\"><img loading=\"lazy\" decoding=\"async\" src=\"https:\/\/www.fcgueugnon.fr\/site\/wp-content\/uploads\/2023\/07\/LOAN-HERNANDEZ.png\" alt=\"\" class=\"wp-image-5412\" width=\"886\" height=\"591\" srcset=\"https:\/\/www.fcgueugnon.fr\/site\/wp-content\/uploads\/2023\/07\/LOAN-HERNANDEZ.png 1772w, https:\/\/www.fcgueugnon.fr\/site\/wp-content\/uploads\/2023\/07\/LOAN-HERNANDEZ-400x267.png 400w, https:\/\/www.fcgueugnon.fr\/site\/wp-content\/uploads\/2023\/07\/LOAN-HERNANDEZ-1024x682.png 1024w, https:\/\/www.fcgueugnon.fr\/site\/wp-content\/uploads\/2023\/07\/LOAN-HERNANDEZ-768x512.png 768w, https:\/\/www.fcgueugnon.fr\/site\/wp-content\/uploads\/2023\/07\/LOAN-HERNANDEZ-1536x1024.png 1536w, https:\/\/www.fcgueugnon.fr\/site\/wp-content\/uploads\/2023\/07\/LOAN-HERNANDEZ-1320x880.png 1320w, https:\/\/www.fcgueugnon.fr\/site\/wp-content\/uploads\/2023\/07\/LOAN-HERNANDEZ-600x400.png 600w\" sizes=\"auto, (max-width: 886px) 100vw, 886px\" \/><\/figure>\n<\/div>\n\n\n<div style=\"height:50px\" aria-hidden=\"true\" class=\"wp-block-spacer\"><\/div>\n\n\n\n<h3 class=\"wp-block-heading western\"><strong>Un gardien pass\u00e9 par Castelnau, Lattes et Rodez<\/strong><\/h3>\n\n\n\n<p>\u00c0 l&rsquo;\u00e2ge de huit ans, Loan Hernandez d\u00e9bute le football au Castelnau-Le Cr\u00e8s FC dans le d\u00e9partement de l&rsquo;H\u00e9rault. Apr\u00e8s deux saisons \u00e0 l&rsquo;As Lattes FC, il revient dans son club formateur et disputera ses premiers matches au niveau National en cat\u00e9gorie U17. Contact\u00e9 par le Rodez Aveyron Football, le jeune gardien de but int\u00e8gre le club professionnel et \u00e9volue la premi\u00e8re saison en U18 R1.<\/p>\n\n\n\n<div style=\"height:20px\" aria-hidden=\"true\" class=\"wp-block-spacer\"><\/div>\n\n\n\n<h3 class=\"wp-block-heading western\"><strong>Une ascension exceptionnelle en seulement un an !<\/strong><\/h3>\n\n\n\n<p>La saison derni\u00e8re, Loan effectue ses d\u00e9buts en s\u00e9niors, tout d&rsquo;abord en R\u00e9gional 2 puis tr\u00e8s rapidement en National 3. R\u00e9gulier et performant, il int\u00e8gre le groupe professionnel de Didier Santini. Il sera convoqu\u00e9 \u00e0 deux reprises sur les bancs de Ligue 2 BKT et lors d&rsquo;un quart de finale de Coupe de France face \u00e0 Toulouse. Une ascension exceptionnelle en seulement un an ! <\/p>\n\n\n\n<p>Convaincu par le projet, Loan rejoint le FCG pour la saison \u00e0 venir. L\u2019ensemble du Club lui souhaite la bienvenue et le meilleur sous les couleurs des forgerons !<\/p>\n\n\n\n<div style=\"height:30px\" aria-hidden=\"true\" class=\"wp-block-spacer\"><\/div>\n\n\n\n<h3 class=\"wp-block-heading\"><strong>Loan Hernandez en chiffres<\/strong><\/h3>\n\n\n\n<div style=\"height:30px\" aria-hidden=\"true\" class=\"wp-block-spacer\"><\/div>\n\n\n\n<div class=\"wp-block-columns is-layout-flex wp-container-core-columns-is-layout-9d6595d7 wp-block-columns-is-layout-flex\">\n<div class=\"wp-block-column is-layout-flow wp-block-column-is-layout-flow\">\n<div class=\"wp-block-getwid-counter\"><div class=\"wp-block-getwid-counter__wrapper\" style=\"text-align:center\" data-start=\"0\" data-end=\"8\" data-decimal-places=\"0\" data-duration=\"3\" data-use-easing=\"true\" data-use-grouping=\"true\" data-separator=\",\" data-decimal=\".\" data-easing-fn=\"outExpo\" data-numerals=\"default\"><span class=\"wp-block-getwid-counter__number\">0<\/span><p class=\"wp-block-getwid-counter__suffix\">matches jou\u00e9s la saison derni\u00e8re<br>en National 3<\/p><\/div><\/div>\n<\/div>\n\n\n\n<div class=\"wp-block-column is-layout-flow wp-block-column-is-layout-flow\">\n<div class=\"wp-block-getwid-counter\"><div class=\"wp-block-getwid-counter__wrapper\" style=\"text-align:center\" data-start=\"0\" data-end=\"2\" data-decimal-places=\"0\" data-duration=\"3\" data-use-easing=\"true\" data-use-grouping=\"true\" data-separator=\",\" data-decimal=\".\" data-easing-fn=\"outExpo\" data-numerals=\"default\"><span class=\"wp-block-getwid-counter__number\">0<\/span><p class=\"wp-block-getwid-counter__suffix\">convocations en<br>Ligue 2 BKT<\/p><\/div><\/div>\n<\/div>\n\n\n\n<div class=\"wp-block-column is-layout-flow wp-block-column-is-layout-flow\">\n<div class=\"wp-block-getwid-counter\"><div class=\"wp-block-getwid-counter__wrapper\" style=\"text-align:center\" data-start=\"0\" data-end=\"1\" data-decimal-places=\"0\" data-duration=\"3\" data-use-easing=\"true\" data-use-grouping=\"true\" data-separator=\",\" data-decimal=\".\" data-easing-fn=\"outExpo\" data-numerals=\"default\"><span class=\"wp-block-getwid-counter__number\">0<\/span><p class=\"wp-block-getwid-counter__suffix\">Quart de finale de <br>Coupe de France<\/p><\/div><\/div>\n<\/div>\n<\/div>\n\n\n\n<div style=\"height:30px\" aria-hidden=\"true\" class=\"wp-block-spacer\"><\/div>\n\n\n\n<hr class=\"wp-block-separator has-alpha-channel-opacity\"\/>\n\n\n\n<div style=\"height:30px\" aria-hidden=\"true\" class=\"wp-block-spacer\"><\/div>\n\n\n\n<h3 class=\"wp-block-heading\"><strong>R\u00e9capitulatif des transferts (saison 2023-2024) :<\/strong><\/h3>\n\n\n\n<p><strong>Arriv\u00e9es :<\/strong>\u00a0<a href=\"https:\/\/www.fcgueugnon.fr\/site\/mercato-2023-2024-yannick-mambo-premiere-recrue-du-fc-gueugnon\/5215\">Yannick Mambo (Is-Selongey Football)<\/a> ; <a href=\"https:\/\/www.fcgueugnon.fr\/site\/mercato-2023-2024-mathis-clerval-est-la-seconde-recrue-gueugnonnaise\/5313\">Mathis Clerval (ESTAC Troyes)<\/a> ; <a href=\"https:\/\/www.fcgueugnon.fr\/site\/mercato-2023-2024-direction-gueugnon-pour-fraty-miezi-kembolo\/5367\">Fraty Miezy Kembolo (Is-Selongey Football)<\/a> ; Loan Hernandez (Rodez Aveyron Football)<\/p>\n\n\n\n<p><strong>D\u00e9parts :<\/strong>&nbsp;Jean-Pierre Mendy (Dinan-L\u00e9hon) ; Hugo Ketterle (ASPTT Dijon) ; Charles Houla (FC Chalon) ; Fabrice Revuelta (Digoin FCA) ; Franck Revuelta (Digoin FCA) ; Anthony Lamonge (ASC Biesheim Football) ; Erwan Mbock (S.S. Jeanne D&rsquo;Arc &#8211; La R\u00e9union).<\/p>\n\n\n\n<div style=\"height:30px\" aria-hidden=\"true\" class=\"wp-block-spacer\"><\/div>\n\n\n\n<h3 class=\"wp-block-heading\">\u25ba <strong><em><a href=\"https:\/\/www.fcgueugnon.fr\/site\/?s=Mercato+2023-2024\">Retrouvez toute l&rsquo;actu mercato du FCG<\/a><\/em><\/strong><\/h3>\n\n\n\n<p><\/p>\n","protected":false},"excerpt":{"rendered":"<p>Apr\u00e8s Yannick Mambo, Mathis Clerval et Fraty Miezy Kembolo, le FC Gueugnon a le plaisir d\u2019enregistrer une nouvelle signature. Celle de Loan Hernandez, gardien de but de 18 ans qui \u00e9voluait la saison derni\u00e8re au club professionnel de Rodez Aveyron Football. Un gardien pass\u00e9 par Castelnau, Lattes et Rodez \u00c0 l&rsquo;\u00e2ge de huit ans, Loan &#8230; <\/p>\n<p class=\"read-more-container\"><a title=\"[Mercato 2023-2024] Loan Hernandez, un nouveau gardien d\u00e9barque \u00e0 Jean Laville !\" class=\"read-more button\" href=\"https:\/\/www.fcgueugnon.fr\/site\/mercato-2023-2024-loan-hernandez-un-nouveau-gardien-debarque-a-jean-laville\/5372#more-5372\" aria-label=\"Plus sur [Mercato 2023-2024] Loan Hernandez, un nouveau gardien d\u00e9barque \u00e0 Jean Laville !\">Lire la suite<\/a><\/p>\n","protected":false},"author":3,"featured_media":5412,"comment_status":"closed","ping_status":"closed","sticky":false,"template":"","format":"standard","meta":{"footnotes":""},"categories":[4,55],"tags":[8,54,10],"class_list":["post-5372","post","type-post","status-publish","format-standard","has-post-thumbnail","hentry","category-news","category-news-2023-2024","tag-effectif","tag-mercato-2023-2024","tag-preparation-entrainement","infinite-scroll-item","generate-columns","tablet-grid-50","mobile-grid-100","grid-parent","grid-25"],"yoast_head":"<!-- This site is optimized with the Yoast SEO plugin v26.6 - https:\/\/yoast.com\/wordpress\/plugins\/seo\/ -->\n<title>[Mercato 2023-2024] Loan Hernandez, un nouveau gardien d\u00e9barque \u00e0 Jean Laville ! &#8226; FOOTBALL CLUB GUEUGNON<\/title>\n<meta name=\"robots\" content=\"index, follow, max-snippet:-1, max-image-preview:large, max-video-preview:-1\" \/>\n<link rel=\"canonical\" href=\"https:\/\/www.fcgueugnon.fr\/site\/mercato-2023-2024-loan-hernandez-un-nouveau-gardien-debarque-a-jean-laville\/5372\" \/>\n<meta property=\"og:locale\" content=\"fr_FR\" \/>\n<meta property=\"og:type\" content=\"article\" \/>\n<meta property=\"og:title\" content=\"[Mercato 2023-2024] Loan Hernandez, un nouveau gardien d\u00e9barque \u00e0 Jean Laville ! &#8226; FOOTBALL CLUB GUEUGNON\" \/>\n<meta property=\"og:description\" content=\"Apr\u00e8s Yannick Mambo, Mathis Clerval et Fraty Miezy Kembolo, le FC Gueugnon a le plaisir d\u2019enregistrer une nouvelle signature. Celle de Loan Hernandez, gardien de but de 18 ans qui \u00e9voluait la saison derni\u00e8re au club professionnel de Rodez Aveyron Football. Un gardien pass\u00e9 par Castelnau, Lattes et Rodez \u00c0 l&rsquo;\u00e2ge de huit ans, Loan ... Lire la suite\" \/>\n<meta property=\"og:url\" content=\"https:\/\/www.fcgueugnon.fr\/site\/mercato-2023-2024-loan-hernandez-un-nouveau-gardien-debarque-a-jean-laville\/5372\" \/>\n<meta property=\"og:site_name\" content=\"FOOTBALL CLUB GUEUGNON\" \/>\n<meta property=\"article:publisher\" content=\"http:\/\/facebook.com\/FCGueugnon\" \/>\n<meta property=\"article:published_time\" content=\"2023-07-18T09:55:00+00:00\" \/>\n<meta property=\"article:modified_time\" content=\"2023-10-23T07:34:40+00:00\" \/>\n<meta property=\"og:image\" content=\"https:\/\/www.fcgueugnon.fr\/site\/wp-content\/uploads\/2023\/07\/LOAN-HERNANDEZ-1024x682.png\" \/>\n\t<meta property=\"og:image:width\" content=\"1024\" \/>\n\t<meta property=\"og:image:height\" content=\"682\" \/>\n\t<meta property=\"og:image:type\" content=\"image\/png\" \/>\n<meta name=\"author\" content=\"FC Gueugnon\" \/>\n<meta name=\"twitter:card\" content=\"summary_large_image\" \/>\n<meta name=\"twitter:creator\" content=\"@FCGueugnon_off\" \/>\n<meta name=\"twitter:site\" content=\"@FCGueugnon_off\" \/>\n<meta name=\"twitter:label1\" content=\"\u00c9crit par\" \/>\n\t<meta name=\"twitter:data1\" content=\"FC Gueugnon\" \/>\n\t<meta name=\"twitter:label2\" content=\"Dur\u00e9e de lecture estim\u00e9e\" \/>\n\t<meta name=\"twitter:data2\" content=\"2 minutes\" \/>\n<script type=\"application\/ld+json\" class=\"yoast-schema-graph\">{\"@context\":\"https:\/\/schema.org\",\"@graph\":[{\"@type\":\"Article\",\"@id\":\"https:\/\/www.fcgueugnon.fr\/site\/mercato-2023-2024-loan-hernandez-un-nouveau-gardien-debarque-a-jean-laville\/5372#article\",\"isPartOf\":{\"@id\":\"https:\/\/www.fcgueugnon.fr\/site\/mercato-2023-2024-loan-hernandez-un-nouveau-gardien-debarque-a-jean-laville\/5372\"},\"author\":{\"name\":\"FC Gueugnon\",\"@id\":\"https:\/\/www.fcgueugnon.fr\/site\/#\/schema\/person\/829630bfb5d6f3ebe4d296b75687c01a\"},\"headline\":\"[Mercato 2023-2024] Loan Hernandez, un nouveau gardien d\u00e9barque \u00e0 Jean Laville !\",\"datePublished\":\"2023-07-18T09:55:00+00:00\",\"dateModified\":\"2023-10-23T07:34:40+00:00\",\"mainEntityOfPage\":{\"@id\":\"https:\/\/www.fcgueugnon.fr\/site\/mercato-2023-2024-loan-hernandez-un-nouveau-gardien-debarque-a-jean-laville\/5372\"},\"wordCount\":334,\"publisher\":{\"@id\":\"https:\/\/www.fcgueugnon.fr\/site\/#organization\"},\"image\":{\"@id\":\"https:\/\/www.fcgueugnon.fr\/site\/mercato-2023-2024-loan-hernandez-un-nouveau-gardien-debarque-a-jean-laville\/5372#primaryimage\"},\"thumbnailUrl\":\"https:\/\/www.fcgueugnon.fr\/site\/wp-content\/uploads\/2023\/07\/LOAN-HERNANDEZ.png\",\"keywords\":[\"effectif\",\"Mercato 2023-2024\",\"Pr\u00e9paration - Entrainement\"],\"articleSection\":[\"News\",\"News 2023\/2024\"],\"inLanguage\":\"fr-FR\"},{\"@type\":\"WebPage\",\"@id\":\"https:\/\/www.fcgueugnon.fr\/site\/mercato-2023-2024-loan-hernandez-un-nouveau-gardien-debarque-a-jean-laville\/5372\",\"url\":\"https:\/\/www.fcgueugnon.fr\/site\/mercato-2023-2024-loan-hernandez-un-nouveau-gardien-debarque-a-jean-laville\/5372\",\"name\":\"[Mercato 2023-2024] Loan Hernandez, un nouveau gardien d\u00e9barque \u00e0 Jean Laville ! &#8226; FOOTBALL CLUB GUEUGNON\",\"isPartOf\":{\"@id\":\"https:\/\/www.fcgueugnon.fr\/site\/#website\"},\"primaryImageOfPage\":{\"@id\":\"https:\/\/www.fcgueugnon.fr\/site\/mercato-2023-2024-loan-hernandez-un-nouveau-gardien-debarque-a-jean-laville\/5372#primaryimage\"},\"image\":{\"@id\":\"https:\/\/www.fcgueugnon.fr\/site\/mercato-2023-2024-loan-hernandez-un-nouveau-gardien-debarque-a-jean-laville\/5372#primaryimage\"},\"thumbnailUrl\":\"https:\/\/www.fcgueugnon.fr\/site\/wp-content\/uploads\/2023\/07\/LOAN-HERNANDEZ.png\",\"datePublished\":\"2023-07-18T09:55:00+00:00\",\"dateModified\":\"2023-10-23T07:34:40+00:00\",\"breadcrumb\":{\"@id\":\"https:\/\/www.fcgueugnon.fr\/site\/mercato-2023-2024-loan-hernandez-un-nouveau-gardien-debarque-a-jean-laville\/5372#breadcrumb\"},\"inLanguage\":\"fr-FR\",\"potentialAction\":[{\"@type\":\"ReadAction\",\"target\":[\"https:\/\/www.fcgueugnon.fr\/site\/mercato-2023-2024-loan-hernandez-un-nouveau-gardien-debarque-a-jean-laville\/5372\"]}]},{\"@type\":\"ImageObject\",\"inLanguage\":\"fr-FR\",\"@id\":\"https:\/\/www.fcgueugnon.fr\/site\/mercato-2023-2024-loan-hernandez-un-nouveau-gardien-debarque-a-jean-laville\/5372#primaryimage\",\"url\":\"https:\/\/www.fcgueugnon.fr\/site\/wp-content\/uploads\/2023\/07\/LOAN-HERNANDEZ.png\",\"contentUrl\":\"https:\/\/www.fcgueugnon.fr\/site\/wp-content\/uploads\/2023\/07\/LOAN-HERNANDEZ.png\",\"width\":1772,\"height\":1181},{\"@type\":\"BreadcrumbList\",\"@id\":\"https:\/\/www.fcgueugnon.fr\/site\/mercato-2023-2024-loan-hernandez-un-nouveau-gardien-debarque-a-jean-laville\/5372#breadcrumb\",\"itemListElement\":[{\"@type\":\"ListItem\",\"position\":1,\"name\":\"Accueil\",\"item\":\"https:\/\/www.fcgueugnon.fr\/site\/\"},{\"@type\":\"ListItem\",\"position\":2,\"name\":\"[Mercato 2023-2024] Loan Hernandez, un nouveau gardien d\u00e9barque \u00e0 Jean Laville !\"}]},{\"@type\":\"WebSite\",\"@id\":\"https:\/\/www.fcgueugnon.fr\/site\/#website\",\"url\":\"https:\/\/www.fcgueugnon.fr\/site\/\",\"name\":\"FOOTBALL CLUB GUEUGNON\",\"description\":\"Le Site Officiel des Forgerons\",\"publisher\":{\"@id\":\"https:\/\/www.fcgueugnon.fr\/site\/#organization\"},\"potentialAction\":[{\"@type\":\"SearchAction\",\"target\":{\"@type\":\"EntryPoint\",\"urlTemplate\":\"https:\/\/www.fcgueugnon.fr\/site\/?s={search_term_string}\"},\"query-input\":{\"@type\":\"PropertyValueSpecification\",\"valueRequired\":true,\"valueName\":\"search_term_string\"}}],\"inLanguage\":\"fr-FR\"},{\"@type\":\"Organization\",\"@id\":\"https:\/\/www.fcgueugnon.fr\/site\/#organization\",\"name\":\"FC Gueugnon\",\"url\":\"https:\/\/www.fcgueugnon.fr\/site\/\",\"logo\":{\"@type\":\"ImageObject\",\"inLanguage\":\"fr-FR\",\"@id\":\"https:\/\/www.fcgueugnon.fr\/site\/#\/schema\/logo\/image\/\",\"url\":\"https:\/\/www.fcgueugnon.fr\/site\/wp-content\/uploads\/2022\/07\/cropped-Logo-FCGUEUGNON-low-350x350-1.png\",\"contentUrl\":\"https:\/\/www.fcgueugnon.fr\/site\/wp-content\/uploads\/2022\/07\/cropped-Logo-FCGUEUGNON-low-350x350-1.png\",\"width\":350,\"height\":350,\"caption\":\"FC Gueugnon\"},\"image\":{\"@id\":\"https:\/\/www.fcgueugnon.fr\/site\/#\/schema\/logo\/image\/\"},\"sameAs\":[\"http:\/\/facebook.com\/FCGueugnon\",\"https:\/\/x.com\/FCGueugnon_off\",\"https:\/\/www.instagram.com\/fcgueugnon\/\",\"https:\/\/www.linkedin.com\/company\/football-club-de-gueugnon\/\",\"https:\/\/www.youtube.com\/user\/FCGueugnonnais\",\"https:\/\/fr.wikipedia.org\/wiki\/Football_Club_de_Gueugnon\"]},{\"@type\":\"Person\",\"@id\":\"https:\/\/www.fcgueugnon.fr\/site\/#\/schema\/person\/829630bfb5d6f3ebe4d296b75687c01a\",\"name\":\"FC Gueugnon\",\"url\":\"https:\/\/www.fcgueugnon.fr\/site\/author\/g-avin1\"}]}<\/script>\n<!-- \/ Yoast SEO plugin. -->","yoast_head_json":{"title":"[Mercato 2023-2024] Loan Hernandez, un nouveau gardien d\u00e9barque \u00e0 Jean Laville ! &#8226; FOOTBALL CLUB GUEUGNON","robots":{"index":"index","follow":"follow","max-snippet":"max-snippet:-1","max-image-preview":"max-image-preview:large","max-video-preview":"max-video-preview:-1"},"canonical":"https:\/\/www.fcgueugnon.fr\/site\/mercato-2023-2024-loan-hernandez-un-nouveau-gardien-debarque-a-jean-laville\/5372","og_locale":"fr_FR","og_type":"article","og_title":"[Mercato 2023-2024] Loan Hernandez, un nouveau gardien d\u00e9barque \u00e0 Jean Laville ! &#8226; FOOTBALL CLUB GUEUGNON","og_description":"Apr\u00e8s Yannick Mambo, Mathis Clerval et Fraty Miezy Kembolo, le FC Gueugnon a le plaisir d\u2019enregistrer une nouvelle signature. Celle de Loan Hernandez, gardien de but de 18 ans qui \u00e9voluait la saison derni\u00e8re au club professionnel de Rodez Aveyron Football. Un gardien pass\u00e9 par Castelnau, Lattes et Rodez \u00c0 l&rsquo;\u00e2ge de huit ans, Loan ... Lire la suite","og_url":"https:\/\/www.fcgueugnon.fr\/site\/mercato-2023-2024-loan-hernandez-un-nouveau-gardien-debarque-a-jean-laville\/5372","og_site_name":"FOOTBALL CLUB GUEUGNON","article_publisher":"http:\/\/facebook.com\/FCGueugnon","article_published_time":"2023-07-18T09:55:00+00:00","article_modified_time":"2023-10-23T07:34:40+00:00","og_image":[{"width":1024,"height":682,"url":"https:\/\/www.fcgueugnon.fr\/site\/wp-content\/uploads\/2023\/07\/LOAN-HERNANDEZ-1024x682.png","type":"image\/png"}],"author":"FC Gueugnon","twitter_card":"summary_large_image","twitter_creator":"@FCGueugnon_off","twitter_site":"@FCGueugnon_off","twitter_misc":{"\u00c9crit par":"FC Gueugnon","Dur\u00e9e de lecture estim\u00e9e":"2 minutes"},"schema":{"@context":"https:\/\/schema.org","@graph":[{"@type":"Article","@id":"https:\/\/www.fcgueugnon.fr\/site\/mercato-2023-2024-loan-hernandez-un-nouveau-gardien-debarque-a-jean-laville\/5372#article","isPartOf":{"@id":"https:\/\/www.fcgueugnon.fr\/site\/mercato-2023-2024-loan-hernandez-un-nouveau-gardien-debarque-a-jean-laville\/5372"},"author":{"name":"FC Gueugnon","@id":"https:\/\/www.fcgueugnon.fr\/site\/#\/schema\/person\/829630bfb5d6f3ebe4d296b75687c01a"},"headline":"[Mercato 2023-2024] Loan Hernandez, un nouveau gardien d\u00e9barque \u00e0 Jean Laville !","datePublished":"2023-07-18T09:55:00+00:00","dateModified":"2023-10-23T07:34:40+00:00","mainEntityOfPage":{"@id":"https:\/\/www.fcgueugnon.fr\/site\/mercato-2023-2024-loan-hernandez-un-nouveau-gardien-debarque-a-jean-laville\/5372"},"wordCount":334,"publisher":{"@id":"https:\/\/www.fcgueugnon.fr\/site\/#organization"},"image":{"@id":"https:\/\/www.fcgueugnon.fr\/site\/mercato-2023-2024-loan-hernandez-un-nouveau-gardien-debarque-a-jean-laville\/5372#primaryimage"},"thumbnailUrl":"https:\/\/www.fcgueugnon.fr\/site\/wp-content\/uploads\/2023\/07\/LOAN-HERNANDEZ.png","keywords":["effectif","Mercato 2023-2024","Pr\u00e9paration - Entrainement"],"articleSection":["News","News 2023\/2024"],"inLanguage":"fr-FR"},{"@type":"WebPage","@id":"https:\/\/www.fcgueugnon.fr\/site\/mercato-2023-2024-loan-hernandez-un-nouveau-gardien-debarque-a-jean-laville\/5372","url":"https:\/\/www.fcgueugnon.fr\/site\/mercato-2023-2024-loan-hernandez-un-nouveau-gardien-debarque-a-jean-laville\/5372","name":"[Mercato 2023-2024] Loan Hernandez, un nouveau gardien d\u00e9barque \u00e0 Jean Laville ! &#8226; FOOTBALL CLUB GUEUGNON","isPartOf":{"@id":"https:\/\/www.fcgueugnon.fr\/site\/#website"},"primaryImageOfPage":{"@id":"https:\/\/www.fcgueugnon.fr\/site\/mercato-2023-2024-loan-hernandez-un-nouveau-gardien-debarque-a-jean-laville\/5372#primaryimage"},"image":{"@id":"https:\/\/www.fcgueugnon.fr\/site\/mercato-2023-2024-loan-hernandez-un-nouveau-gardien-debarque-a-jean-laville\/5372#primaryimage"},"thumbnailUrl":"https:\/\/www.fcgueugnon.fr\/site\/wp-content\/uploads\/2023\/07\/LOAN-HERNANDEZ.png","datePublished":"2023-07-18T09:55:00+00:00","dateModified":"2023-10-23T07:34:40+00:00","breadcrumb":{"@id":"https:\/\/www.fcgueugnon.fr\/site\/mercato-2023-2024-loan-hernandez-un-nouveau-gardien-debarque-a-jean-laville\/5372#breadcrumb"},"inLanguage":"fr-FR","potentialAction":[{"@type":"ReadAction","target":["https:\/\/www.fcgueugnon.fr\/site\/mercato-2023-2024-loan-hernandez-un-nouveau-gardien-debarque-a-jean-laville\/5372"]}]},{"@type":"ImageObject","inLanguage":"fr-FR","@id":"https:\/\/www.fcgueugnon.fr\/site\/mercato-2023-2024-loan-hernandez-un-nouveau-gardien-debarque-a-jean-laville\/5372#primaryimage","url":"https:\/\/www.fcgueugnon.fr\/site\/wp-content\/uploads\/2023\/07\/LOAN-HERNANDEZ.png","contentUrl":"https:\/\/www.fcgueugnon.fr\/site\/wp-content\/uploads\/2023\/07\/LOAN-HERNANDEZ.png","width":1772,"height":1181},{"@type":"BreadcrumbList","@id":"https:\/\/www.fcgueugnon.fr\/site\/mercato-2023-2024-loan-hernandez-un-nouveau-gardien-debarque-a-jean-laville\/5372#breadcrumb","itemListElement":[{"@type":"ListItem","position":1,"name":"Accueil","item":"https:\/\/www.fcgueugnon.fr\/site\/"},{"@type":"ListItem","position":2,"name":"[Mercato 2023-2024] Loan Hernandez, un nouveau gardien d\u00e9barque \u00e0 Jean Laville !"}]},{"@type":"WebSite","@id":"https:\/\/www.fcgueugnon.fr\/site\/#website","url":"https:\/\/www.fcgueugnon.fr\/site\/","name":"FOOTBALL CLUB GUEUGNON","description":"Le Site Officiel des Forgerons","publisher":{"@id":"https:\/\/www.fcgueugnon.fr\/site\/#organization"},"potentialAction":[{"@type":"SearchAction","target":{"@type":"EntryPoint","urlTemplate":"https:\/\/www.fcgueugnon.fr\/site\/?s={search_term_string}"},"query-input":{"@type":"PropertyValueSpecification","valueRequired":true,"valueName":"search_term_string"}}],"inLanguage":"fr-FR"},{"@type":"Organization","@id":"https:\/\/www.fcgueugnon.fr\/site\/#organization","name":"FC Gueugnon","url":"https:\/\/www.fcgueugnon.fr\/site\/","logo":{"@type":"ImageObject","inLanguage":"fr-FR","@id":"https:\/\/www.fcgueugnon.fr\/site\/#\/schema\/logo\/image\/","url":"https:\/\/www.fcgueugnon.fr\/site\/wp-content\/uploads\/2022\/07\/cropped-Logo-FCGUEUGNON-low-350x350-1.png","contentUrl":"https:\/\/www.fcgueugnon.fr\/site\/wp-content\/uploads\/2022\/07\/cropped-Logo-FCGUEUGNON-low-350x350-1.png","width":350,"height":350,"caption":"FC Gueugnon"},"image":{"@id":"https:\/\/www.fcgueugnon.fr\/site\/#\/schema\/logo\/image\/"},"sameAs":["http:\/\/facebook.com\/FCGueugnon","https:\/\/x.com\/FCGueugnon_off","https:\/\/www.instagram.com\/fcgueugnon\/","https:\/\/www.linkedin.com\/company\/football-club-de-gueugnon\/","https:\/\/www.youtube.com\/user\/FCGueugnonnais","https:\/\/fr.wikipedia.org\/wiki\/Football_Club_de_Gueugnon"]},{"@type":"Person","@id":"https:\/\/www.fcgueugnon.fr\/site\/#\/schema\/person\/829630bfb5d6f3ebe4d296b75687c01a","name":"FC Gueugnon","url":"https:\/\/www.fcgueugnon.fr\/site\/author\/g-avin1"}]}},"rttpg_featured_image_url":{"full":["https:\/\/www.fcgueugnon.fr\/site\/wp-content\/uploads\/2023\/07\/LOAN-HERNANDEZ.png",1772,1181,false],"landscape":["https:\/\/www.fcgueugnon.fr\/site\/wp-content\/uploads\/2023\/07\/LOAN-HERNANDEZ.png",1772,1181,false],"portraits":["https:\/\/www.fcgueugnon.fr\/site\/wp-content\/uploads\/2023\/07\/LOAN-HERNANDEZ.png",1772,1181,false],"thumbnail":["https:\/\/www.fcgueugnon.fr\/site\/wp-content\/uploads\/2023\/07\/LOAN-HERNANDEZ-150x150.png",150,150,true],"medium":["https:\/\/www.fcgueugnon.fr\/site\/wp-content\/uploads\/2023\/07\/LOAN-HERNANDEZ-400x267.png",400,267,true],"large":["https:\/\/www.fcgueugnon.fr\/site\/wp-content\/uploads\/2023\/07\/LOAN-HERNANDEZ-1024x682.png",1024,682,true],"1536x1536":["https:\/\/www.fcgueugnon.fr\/site\/wp-content\/uploads\/2023\/07\/LOAN-HERNANDEZ-1536x1024.png",1536,1024,true],"2048x2048":["https:\/\/www.fcgueugnon.fr\/site\/wp-content\/uploads\/2023\/07\/LOAN-HERNANDEZ.png",1772,1181,false]},"rttpg_author":{"display_name":"FC Gueugnon","author_link":"https:\/\/www.fcgueugnon.fr\/site\/author\/g-avin1"},"rttpg_comment":0,"rttpg_category":"<a href=\"https:\/\/www.fcgueugnon.fr\/site\/category\/news\" rel=\"category tag\">News<\/a> <a href=\"https:\/\/www.fcgueugnon.fr\/site\/category\/news\/news-2023-2024\" rel=\"category tag\">News 2023\/2024<\/a>","rttpg_excerpt":"Apr\u00e8s Yannick Mambo, Mathis Clerval et Fraty Miezy Kembolo, le FC Gueugnon a le plaisir d\u2019enregistrer une nouvelle signature. Celle de Loan Hernandez, gardien de but de 18 ans qui \u00e9voluait la saison derni\u00e8re au club professionnel de Rodez Aveyron Football. Un gardien pass\u00e9 par Castelnau, Lattes et Rodez \u00c0 l&rsquo;\u00e2ge de huit ans, Loan\u2026","_links":{"self":[{"href":"https:\/\/www.fcgueugnon.fr\/site\/wp-json\/wp\/v2\/posts\/5372","targetHints":{"allow":["GET"]}}],"collection":[{"href":"https:\/\/www.fcgueugnon.fr\/site\/wp-json\/wp\/v2\/posts"}],"about":[{"href":"https:\/\/www.fcgueugnon.fr\/site\/wp-json\/wp\/v2\/types\/post"}],"author":[{"embeddable":true,"href":"https:\/\/www.fcgueugnon.fr\/site\/wp-json\/wp\/v2\/users\/3"}],"replies":[{"embeddable":true,"href":"https:\/\/www.fcgueugnon.fr\/site\/wp-json\/wp\/v2\/comments?post=5372"}],"version-history":[{"count":4,"href":"https:\/\/www.fcgueugnon.fr\/site\/wp-json\/wp\/v2\/posts\/5372\/revisions"}],"predecessor-version":[{"id":5413,"href":"https:\/\/www.fcgueugnon.fr\/site\/wp-json\/wp\/v2\/posts\/5372\/revisions\/5413"}],"wp:featuredmedia":[{"embeddable":true,"href":"https:\/\/www.fcgueugnon.fr\/site\/wp-json\/wp\/v2\/media\/5412"}],"wp:attachment":[{"href":"https:\/\/www.fcgueugnon.fr\/site\/wp-json\/wp\/v2\/media?parent=5372"}],"wp:term":[{"taxonomy":"category","embeddable":true,"href":"https:\/\/www.fcgueugnon.fr\/site\/wp-json\/wp\/v2\/categories?post=5372"},{"taxonomy":"post_tag","embeddable":true,"href":"https:\/\/www.fcgueugnon.fr\/site\/wp-json\/wp\/v2\/tags?post=5372"}],"curies":[{"name":"wp","href":"https:\/\/api.w.org\/{rel}","templated":true}]}}