{"id":5361,"date":"2023-07-16T17:30:00","date_gmt":"2023-07-16T15:30:00","guid":{"rendered":"https:\/\/www.fcgueugnon.fr\/site\/?p=5361"},"modified":"2024-10-07T11:19:31","modified_gmt":"2024-10-07T09:19:31","slug":"sport-e-leclerc-academie-les-poules-de-nos-equipes-regionales-sont-disponibles","status":"publish","type":"post","link":"https:\/\/www.fcgueugnon.fr\/site\/sport-e-leclerc-academie-les-poules-de-nos-equipes-regionales-sont-disponibles\/5361","title":{"rendered":"[Sport E.Leclerc Acad\u00e9mie] Les poules de nos \u00e9quipes r\u00e9gionales sont disponibles !"},"content":{"rendered":"\n<h3 class=\"wp-block-heading\"><strong>La Ligue Bourgogne Franche-Comt\u00e9 de Football a communiqu\u00e9 les poules des championnats jeunes r\u00e9gionaux. De belles confrontations en perspectives pour les \u00e9quipes de la Sport E.Leclerc Acad\u00e9mie !<\/strong><\/h3>\n\n\n\n<div style=\"height:54px\" aria-hidden=\"true\" class=\"wp-block-spacer\"><\/div>\n\n\n\n<h2 class=\"wp-block-heading has-text-align-center has-contrast-color has-text-color\" style=\"text-decoration:none;text-transform:uppercase\"><strong>\ud83d\udfe1 <\/strong><mark style=\"background-color:rgba(0, 0, 0, 0)\" class=\"has-inline-color has-contrast-color\"><strong>U18 R\u00e9gional <\/strong><\/mark><strong>1\ud83d\udd35 <\/strong><\/h2>\n\n\n\n<div style=\"height:9px\" aria-hidden=\"true\" class=\"wp-block-spacer\"><\/div>\n\n\n<div class=\"wp-block-image\">\n<figure class=\"aligncenter size-large is-resized\"><img loading=\"lazy\" decoding=\"async\" src=\"https:\/\/www.fcgueugnon.fr\/site\/wp-content\/uploads\/2023\/07\/photo-U18-1024x635.jpg\" alt=\"\" class=\"wp-image-5402\" width=\"771\" height=\"478\" srcset=\"https:\/\/www.fcgueugnon.fr\/site\/wp-content\/uploads\/2023\/07\/photo-U18-1024x635.jpg 1024w, https:\/\/www.fcgueugnon.fr\/site\/wp-content\/uploads\/2023\/07\/photo-U18-400x248.jpg 400w, https:\/\/www.fcgueugnon.fr\/site\/wp-content\/uploads\/2023\/07\/photo-U18-768x476.jpg 768w, https:\/\/www.fcgueugnon.fr\/site\/wp-content\/uploads\/2023\/07\/photo-U18-1536x953.jpg 1536w, https:\/\/www.fcgueugnon.fr\/site\/wp-content\/uploads\/2023\/07\/photo-U18-1320x819.jpg 1320w, https:\/\/www.fcgueugnon.fr\/site\/wp-content\/uploads\/2023\/07\/photo-U18-600x372.jpg 600w, https:\/\/www.fcgueugnon.fr\/site\/wp-content\/uploads\/2023\/07\/photo-U18.jpg 2048w\" sizes=\"auto, (max-width: 771px) 100vw, 771px\" \/><\/figure>\n<\/div>\n\n\n<div style=\"height:29px\" aria-hidden=\"true\" class=\"wp-block-spacer\"><\/div>\n\n\n\n<p>Cette saison, nos U18 se pr\u00e9parent \u00e0 relever un nouveau d\u00e9fi en affrontant les meilleures \u00e9quipes de Bourgogne-Franche-Comt\u00e9 dans leur cat\u00e9gorie.<\/p>\n\n\n\n<p><strong>\ud83d\udfe1\ud83d\udd35 Le groupe :<\/strong><br>ASPTT Dijon, Racing Besan\u00e7on, ASM Belfort, Vesoul, CA Pontarlier, FC Chalon, Jura Dolois, AJ Auxerre, Creches JS, Stade Auxerre, UF M\u00e2con, Chevigny St Sauveur, FC Gueugnon.<\/p>\n\n\n\n<div style=\"height:2px\" aria-hidden=\"true\" class=\"wp-block-spacer\"><\/div>\n\n\n\n<hr class=\"wp-block-separator has-alpha-channel-opacity is-style-dots\"\/>\n\n\n\n<h2 class=\"wp-block-heading has-text-align-center has-text-color has-custom-weight\" style=\"color:#13166a;text-decoration:none;text-transform:uppercase;font-weight:bold\"><strong>\ud83d\udfe1 <\/strong><mark style=\"background-color:rgba(0, 0, 0, 0)\" class=\"has-inline-color has-contrast-color\">U16 R\u00e9gional 1<\/mark><strong> \ud83d\udd35 <\/strong><\/h2>\n\n\n\n<div style=\"height:9px\" aria-hidden=\"true\" class=\"wp-block-spacer\"><\/div>\n\n\n<div class=\"wp-block-image\">\n<figure class=\"aligncenter size-large is-resized\"><img loading=\"lazy\" decoding=\"async\" src=\"https:\/\/www.fcgueugnon.fr\/site\/wp-content\/uploads\/2023\/07\/photo-U16-1024x635.jpg\" alt=\"\" class=\"wp-image-5403\" width=\"777\" height=\"482\" srcset=\"https:\/\/www.fcgueugnon.fr\/site\/wp-content\/uploads\/2023\/07\/photo-U16-1024x635.jpg 1024w, https:\/\/www.fcgueugnon.fr\/site\/wp-content\/uploads\/2023\/07\/photo-U16-400x248.jpg 400w, https:\/\/www.fcgueugnon.fr\/site\/wp-content\/uploads\/2023\/07\/photo-U16-768x476.jpg 768w, https:\/\/www.fcgueugnon.fr\/site\/wp-content\/uploads\/2023\/07\/photo-U16-1536x953.jpg 1536w, https:\/\/www.fcgueugnon.fr\/site\/wp-content\/uploads\/2023\/07\/photo-U16-1320x819.jpg 1320w, https:\/\/www.fcgueugnon.fr\/site\/wp-content\/uploads\/2023\/07\/photo-U16-600x372.jpg 600w, https:\/\/www.fcgueugnon.fr\/site\/wp-content\/uploads\/2023\/07\/photo-U16.jpg 2048w\" sizes=\"auto, (max-width: 777px) 100vw, 777px\" \/><\/figure>\n<\/div>\n\n\n<div style=\"height:29px\" aria-hidden=\"true\" class=\"wp-block-spacer\"><\/div>\n\n\n\n<p>Nos forgerons devront faire face \u00e0 des adversaires redoutables cette saison ! Un d\u00e9fi tr\u00e8s enrichissant pour la progression de nos jeunes joueurs !<\/p>\n\n\n\n<p><strong>\ud83d\udfe1\ud83d\udd35 Le groupe :<\/strong><br>ASM Belfort, ASPTT Dijon, AJ Auxerre, FC Chalon, Exincourt Taillecourt, Fontaine Les Dijon, FC Gueugnon, Jura Dolois, UF M\u00e2con, CA Pontarlier, Racing Besan\u00e7on, Vesoul.&nbsp;<\/p>\n\n\n\n<div style=\"height:9px\" aria-hidden=\"true\" class=\"wp-block-spacer\"><\/div>\n\n\n\n<hr class=\"wp-block-separator has-alpha-channel-opacity is-style-dots\"\/>\n\n\n\n<h2 class=\"wp-block-heading has-text-align-center has-text-color has-custom-weight\" style=\"color:#13166a;text-decoration:none;text-transform:uppercase;font-weight:bold\"><strong>\ud83d\udfe1<\/strong> <mark style=\"background-color:rgba(0, 0, 0, 0)\" class=\"has-inline-color has-contrast-color\">U15 R\u00e9gional 1<\/mark><strong> \ud83d\udd35 <\/strong><\/h2>\n\n\n\n<div style=\"height:9px\" aria-hidden=\"true\" class=\"wp-block-spacer\"><\/div>\n\n\n<div class=\"wp-block-image\">\n<figure class=\"aligncenter size-large is-resized\"><img loading=\"lazy\" decoding=\"async\" src=\"https:\/\/www.fcgueugnon.fr\/site\/wp-content\/uploads\/2023\/07\/photo-U15-1024x635.jpg\" alt=\"\" class=\"wp-image-5404\" width=\"787\" height=\"488\" srcset=\"https:\/\/www.fcgueugnon.fr\/site\/wp-content\/uploads\/2023\/07\/photo-U15-1024x635.jpg 1024w, https:\/\/www.fcgueugnon.fr\/site\/wp-content\/uploads\/2023\/07\/photo-U15-400x248.jpg 400w, https:\/\/www.fcgueugnon.fr\/site\/wp-content\/uploads\/2023\/07\/photo-U15-768x476.jpg 768w, https:\/\/www.fcgueugnon.fr\/site\/wp-content\/uploads\/2023\/07\/photo-U15-1536x953.jpg 1536w, https:\/\/www.fcgueugnon.fr\/site\/wp-content\/uploads\/2023\/07\/photo-U15-1320x819.jpg 1320w, https:\/\/www.fcgueugnon.fr\/site\/wp-content\/uploads\/2023\/07\/photo-U15-600x372.jpg 600w, https:\/\/www.fcgueugnon.fr\/site\/wp-content\/uploads\/2023\/07\/photo-U15.jpg 2048w\" sizes=\"auto, (max-width: 787px) 100vw, 787px\" \/><\/figure>\n<\/div>\n\n\n<div style=\"height:29px\" aria-hidden=\"true\" class=\"wp-block-spacer\"><\/div>\n\n\n\n<p>Dans une poule de six, nos U15 seront confront\u00e9s aux meilleures \u00e9quipes de la r\u00e9gion ! Un beau challenge \u00e0 relever pour nos jeunes forgerons cette saison.&nbsp;<\/p>\n\n\n\n<p><strong>\ud83d\udfe1\ud83d\udd35 Le groupe :<\/strong><br>AJ Auxerre, ASPTT Dijon, FC Chalon, Fontaine D\u2019ouche, Grand Besan\u00e7on, FC Gueugnon.&nbsp;<\/p>\n\n\n\n<div style=\"height:9px\" aria-hidden=\"true\" class=\"wp-block-spacer\"><\/div>\n\n\n\n<hr class=\"wp-block-separator has-alpha-channel-opacity is-style-dots\"\/>\n\n\n\n<h2 class=\"wp-block-heading has-text-align-center has-text-color has-custom-weight\" style=\"color:#13166a;text-decoration:none;text-transform:uppercase;font-weight:bold\"><strong>\ud83d\udfe1<\/strong> <mark style=\"background-color:rgba(0, 0, 0, 0)\" class=\"has-inline-color has-contrast-color\">U14 R\u00e9gional 1<strong> \ud83d\udd35 <\/strong> <\/mark><\/h2>\n\n\n\n<div style=\"height:9px\" aria-hidden=\"true\" class=\"wp-block-spacer\"><\/div>\n\n\n<div class=\"wp-block-image\">\n<figure class=\"aligncenter size-large is-resized\"><img loading=\"lazy\" decoding=\"async\" src=\"https:\/\/www.fcgueugnon.fr\/site\/wp-content\/uploads\/2023\/07\/photo-U14-1024x635.jpg\" alt=\"\" class=\"wp-image-5407\" width=\"751\" height=\"465\" srcset=\"https:\/\/www.fcgueugnon.fr\/site\/wp-content\/uploads\/2023\/07\/photo-U14-1024x635.jpg 1024w, https:\/\/www.fcgueugnon.fr\/site\/wp-content\/uploads\/2023\/07\/photo-U14-400x248.jpg 400w, https:\/\/www.fcgueugnon.fr\/site\/wp-content\/uploads\/2023\/07\/photo-U14-768x476.jpg 768w, https:\/\/www.fcgueugnon.fr\/site\/wp-content\/uploads\/2023\/07\/photo-U14-1536x953.jpg 1536w, https:\/\/www.fcgueugnon.fr\/site\/wp-content\/uploads\/2023\/07\/photo-U14-1320x819.jpg 1320w, https:\/\/www.fcgueugnon.fr\/site\/wp-content\/uploads\/2023\/07\/photo-U14-600x372.jpg 600w, https:\/\/www.fcgueugnon.fr\/site\/wp-content\/uploads\/2023\/07\/photo-U14.jpg 2048w\" sizes=\"auto, (max-width: 751px) 100vw, 751px\" \/><\/figure>\n<\/div>\n\n\n<div style=\"height:29px\" aria-hidden=\"true\" class=\"wp-block-spacer\"><\/div>\n\n\n\n<p>Cette saison nos U14 auront l&rsquo;occasion de se mesurer \u00e0 des \u00e9quipes bien \u00e9tablies de notre r\u00e9gion. Sous la direction de leur entra\u00eeneur \ud835\uddda\ud835\uddee\ud835\uddef\ud835\uddff\ud835\uddf6\ud835\uddf2\ud835\uddf9 \ud835\udde5\ud835\udde2\ud835\udde8\ud835\udde6\ud835\udde6\ud835\uddd8\ud835\uddd4\ud835\udde8, c\u2019est une belle opportunit\u00e9 pour nos talentueux forgerons de montrer leur potentiel sur le terrain.<\/p>\n\n\n\n<p><strong>\ud83d\udfe1\ud83d\udd35 Le groupe :<\/strong><br>AFGP 58, FC Chalon, FC Gueugnon, UF Macon, FC Montceau<\/p>\n\n\n\n<div style=\"height:15px\" aria-hidden=\"true\" class=\"wp-block-spacer\"><\/div>\n","protected":false},"excerpt":{"rendered":"<p>La Ligue Bourgogne Franche-Comt\u00e9 de Football a communiqu\u00e9 les poules des championnats jeunes r\u00e9gionaux. De belles confrontations en perspectives pour les \u00e9quipes de la Sport E.Leclerc Acad\u00e9mie ! \ud83d\udfe1 U18 R\u00e9gional 1\ud83d\udd35 Cette saison, nos U18 se pr\u00e9parent \u00e0 relever un nouveau d\u00e9fi en affrontant les meilleures \u00e9quipes de Bourgogne-Franche-Comt\u00e9 dans leur cat\u00e9gorie. \ud83d\udfe1\ud83d\udd35 Le &#8230; <\/p>\n<p class=\"read-more-container\"><a title=\"[Sport E.Leclerc Acad\u00e9mie] Les poules de nos \u00e9quipes r\u00e9gionales sont disponibles !\" class=\"read-more button\" href=\"https:\/\/www.fcgueugnon.fr\/site\/sport-e-leclerc-academie-les-poules-de-nos-equipes-regionales-sont-disponibles\/5361#more-5361\" aria-label=\"Plus sur [Sport E.Leclerc Acad\u00e9mie] Les poules de nos \u00e9quipes r\u00e9gionales sont disponibles !\">Lire la suite<\/a><\/p>\n","protected":false},"author":4,"featured_media":5389,"comment_status":"closed","ping_status":"closed","sticky":false,"template":"","format":"standard","meta":{"footnotes":""},"categories":[4,55],"tags":[17,14],"class_list":["post-5361","post","type-post","status-publish","format-standard","has-post-thumbnail","hentry","category-news","category-news-2023-2024","tag-calendrier","tag-sport-e-leclerc-academie-jeunes-formation","infinite-scroll-item","generate-columns","tablet-grid-50","mobile-grid-100","grid-parent","grid-25","resize-featured-image"],"yoast_head":"<!-- This site is optimized with the Yoast SEO plugin v26.6 - https:\/\/yoast.com\/wordpress\/plugins\/seo\/ -->\n<title>[Sport E.Leclerc Acad\u00e9mie] Les poules de nos \u00e9quipes r\u00e9gionales sont disponibles ! &#8226; FOOTBALL CLUB GUEUGNON<\/title>\n<meta name=\"robots\" content=\"index, follow, max-snippet:-1, max-image-preview:large, max-video-preview:-1\" \/>\n<link rel=\"canonical\" href=\"https:\/\/www.fcgueugnon.fr\/site\/sport-e-leclerc-academie-les-poules-de-nos-equipes-regionales-sont-disponibles\/5361\" \/>\n<meta property=\"og:locale\" content=\"fr_FR\" \/>\n<meta property=\"og:type\" content=\"article\" \/>\n<meta property=\"og:title\" content=\"[Sport E.Leclerc Acad\u00e9mie] Les poules de nos \u00e9quipes r\u00e9gionales sont disponibles ! &#8226; FOOTBALL CLUB GUEUGNON\" \/>\n<meta property=\"og:description\" content=\"La Ligue Bourgogne Franche-Comt\u00e9 de Football a communiqu\u00e9 les poules des championnats jeunes r\u00e9gionaux. De belles confrontations en perspectives pour les \u00e9quipes de la Sport E.Leclerc Acad\u00e9mie ! \ud83d\udfe1 U18 R\u00e9gional 1\ud83d\udd35 Cette saison, nos U18 se pr\u00e9parent \u00e0 relever un nouveau d\u00e9fi en affrontant les meilleures \u00e9quipes de Bourgogne-Franche-Comt\u00e9 dans leur cat\u00e9gorie. \ud83d\udfe1\ud83d\udd35 Le ... Lire la suite\" \/>\n<meta property=\"og:url\" content=\"https:\/\/www.fcgueugnon.fr\/site\/sport-e-leclerc-academie-les-poules-de-nos-equipes-regionales-sont-disponibles\/5361\" \/>\n<meta property=\"og:site_name\" content=\"FOOTBALL CLUB GUEUGNON\" \/>\n<meta property=\"article:publisher\" content=\"http:\/\/facebook.com\/FCGueugnon\" \/>\n<meta property=\"article:published_time\" content=\"2023-07-16T15:30:00+00:00\" \/>\n<meta property=\"article:modified_time\" content=\"2024-10-07T09:19:31+00:00\" \/>\n<meta property=\"og:image\" content=\"https:\/\/www.fcgueugnon.fr\/site\/wp-content\/uploads\/2023\/07\/Poules-equipes-regionales-jeunes-1024x576.png\" \/>\n\t<meta property=\"og:image:width\" content=\"1024\" \/>\n\t<meta property=\"og:image:height\" content=\"576\" \/>\n\t<meta property=\"og:image:type\" content=\"image\/png\" \/>\n<meta name=\"author\" content=\"FC Gueugnon\" \/>\n<meta name=\"twitter:card\" content=\"summary_large_image\" \/>\n<meta name=\"twitter:creator\" content=\"@FCGueugnon_off\" \/>\n<meta name=\"twitter:site\" content=\"@FCGueugnon_off\" \/>\n<meta name=\"twitter:label1\" content=\"\u00c9crit par\" \/>\n\t<meta name=\"twitter:data1\" content=\"FC Gueugnon\" \/>\n\t<meta name=\"twitter:label2\" content=\"Dur\u00e9e de lecture estim\u00e9e\" \/>\n\t<meta name=\"twitter:data2\" content=\"3 minutes\" \/>\n<script type=\"application\/ld+json\" class=\"yoast-schema-graph\">{\"@context\":\"https:\/\/schema.org\",\"@graph\":[{\"@type\":\"Article\",\"@id\":\"https:\/\/www.fcgueugnon.fr\/site\/sport-e-leclerc-academie-les-poules-de-nos-equipes-regionales-sont-disponibles\/5361#article\",\"isPartOf\":{\"@id\":\"https:\/\/www.fcgueugnon.fr\/site\/sport-e-leclerc-academie-les-poules-de-nos-equipes-regionales-sont-disponibles\/5361\"},\"author\":{\"name\":\"FC Gueugnon\",\"@id\":\"https:\/\/www.fcgueugnon.fr\/site\/#\/schema\/person\/6b88acb9354d23e86675fc81c54ed359\"},\"headline\":\"[Sport E.Leclerc Acad\u00e9mie] Les poules de nos \u00e9quipes r\u00e9gionales sont disponibles !\",\"datePublished\":\"2023-07-16T15:30:00+00:00\",\"dateModified\":\"2024-10-07T09:19:31+00:00\",\"mainEntityOfPage\":{\"@id\":\"https:\/\/www.fcgueugnon.fr\/site\/sport-e-leclerc-academie-les-poules-de-nos-equipes-regionales-sont-disponibles\/5361\"},\"wordCount\":258,\"publisher\":{\"@id\":\"https:\/\/www.fcgueugnon.fr\/site\/#organization\"},\"image\":{\"@id\":\"https:\/\/www.fcgueugnon.fr\/site\/sport-e-leclerc-academie-les-poules-de-nos-equipes-regionales-sont-disponibles\/5361#primaryimage\"},\"thumbnailUrl\":\"https:\/\/www.fcgueugnon.fr\/site\/wp-content\/uploads\/2023\/07\/Poules-equipes-regionales-jeunes.png\",\"keywords\":[\"Calendrier\",\"Sport E.Leclerc Acad\u00e9mie : Jeunes \/ Formation\"],\"articleSection\":[\"News\",\"News 2023\/2024\"],\"inLanguage\":\"fr-FR\"},{\"@type\":\"WebPage\",\"@id\":\"https:\/\/www.fcgueugnon.fr\/site\/sport-e-leclerc-academie-les-poules-de-nos-equipes-regionales-sont-disponibles\/5361\",\"url\":\"https:\/\/www.fcgueugnon.fr\/site\/sport-e-leclerc-academie-les-poules-de-nos-equipes-regionales-sont-disponibles\/5361\",\"name\":\"[Sport E.Leclerc Acad\u00e9mie] Les poules de nos \u00e9quipes r\u00e9gionales sont disponibles ! &#8226; FOOTBALL CLUB GUEUGNON\",\"isPartOf\":{\"@id\":\"https:\/\/www.fcgueugnon.fr\/site\/#website\"},\"primaryImageOfPage\":{\"@id\":\"https:\/\/www.fcgueugnon.fr\/site\/sport-e-leclerc-academie-les-poules-de-nos-equipes-regionales-sont-disponibles\/5361#primaryimage\"},\"image\":{\"@id\":\"https:\/\/www.fcgueugnon.fr\/site\/sport-e-leclerc-academie-les-poules-de-nos-equipes-regionales-sont-disponibles\/5361#primaryimage\"},\"thumbnailUrl\":\"https:\/\/www.fcgueugnon.fr\/site\/wp-content\/uploads\/2023\/07\/Poules-equipes-regionales-jeunes.png\",\"datePublished\":\"2023-07-16T15:30:00+00:00\",\"dateModified\":\"2024-10-07T09:19:31+00:00\",\"breadcrumb\":{\"@id\":\"https:\/\/www.fcgueugnon.fr\/site\/sport-e-leclerc-academie-les-poules-de-nos-equipes-regionales-sont-disponibles\/5361#breadcrumb\"},\"inLanguage\":\"fr-FR\",\"potentialAction\":[{\"@type\":\"ReadAction\",\"target\":[\"https:\/\/www.fcgueugnon.fr\/site\/sport-e-leclerc-academie-les-poules-de-nos-equipes-regionales-sont-disponibles\/5361\"]}]},{\"@type\":\"ImageObject\",\"inLanguage\":\"fr-FR\",\"@id\":\"https:\/\/www.fcgueugnon.fr\/site\/sport-e-leclerc-academie-les-poules-de-nos-equipes-regionales-sont-disponibles\/5361#primaryimage\",\"url\":\"https:\/\/www.fcgueugnon.fr\/site\/wp-content\/uploads\/2023\/07\/Poules-equipes-regionales-jeunes.png\",\"contentUrl\":\"https:\/\/www.fcgueugnon.fr\/site\/wp-content\/uploads\/2023\/07\/Poules-equipes-regionales-jeunes.png\",\"width\":1920,\"height\":1080},{\"@type\":\"BreadcrumbList\",\"@id\":\"https:\/\/www.fcgueugnon.fr\/site\/sport-e-leclerc-academie-les-poules-de-nos-equipes-regionales-sont-disponibles\/5361#breadcrumb\",\"itemListElement\":[{\"@type\":\"ListItem\",\"position\":1,\"name\":\"Accueil\",\"item\":\"https:\/\/www.fcgueugnon.fr\/site\/\"},{\"@type\":\"ListItem\",\"position\":2,\"name\":\"[Sport E.Leclerc Acad\u00e9mie] Les poules de nos \u00e9quipes r\u00e9gionales sont disponibles !\"}]},{\"@type\":\"WebSite\",\"@id\":\"https:\/\/www.fcgueugnon.fr\/site\/#website\",\"url\":\"https:\/\/www.fcgueugnon.fr\/site\/\",\"name\":\"FOOTBALL CLUB GUEUGNON\",\"description\":\"Le Site Officiel des Forgerons\",\"publisher\":{\"@id\":\"https:\/\/www.fcgueugnon.fr\/site\/#organization\"},\"potentialAction\":[{\"@type\":\"SearchAction\",\"target\":{\"@type\":\"EntryPoint\",\"urlTemplate\":\"https:\/\/www.fcgueugnon.fr\/site\/?s={search_term_string}\"},\"query-input\":{\"@type\":\"PropertyValueSpecification\",\"valueRequired\":true,\"valueName\":\"search_term_string\"}}],\"inLanguage\":\"fr-FR\"},{\"@type\":\"Organization\",\"@id\":\"https:\/\/www.fcgueugnon.fr\/site\/#organization\",\"name\":\"FC Gueugnon\",\"url\":\"https:\/\/www.fcgueugnon.fr\/site\/\",\"logo\":{\"@type\":\"ImageObject\",\"inLanguage\":\"fr-FR\",\"@id\":\"https:\/\/www.fcgueugnon.fr\/site\/#\/schema\/logo\/image\/\",\"url\":\"https:\/\/www.fcgueugnon.fr\/site\/wp-content\/uploads\/2022\/07\/cropped-Logo-FCGUEUGNON-low-350x350-1.png\",\"contentUrl\":\"https:\/\/www.fcgueugnon.fr\/site\/wp-content\/uploads\/2022\/07\/cropped-Logo-FCGUEUGNON-low-350x350-1.png\",\"width\":350,\"height\":350,\"caption\":\"FC Gueugnon\"},\"image\":{\"@id\":\"https:\/\/www.fcgueugnon.fr\/site\/#\/schema\/logo\/image\/\"},\"sameAs\":[\"http:\/\/facebook.com\/FCGueugnon\",\"https:\/\/x.com\/FCGueugnon_off\",\"https:\/\/www.instagram.com\/fcgueugnon\/\",\"https:\/\/www.linkedin.com\/company\/football-club-de-gueugnon\/\",\"https:\/\/www.youtube.com\/user\/FCGueugnonnais\",\"https:\/\/fr.wikipedia.org\/wiki\/Football_Club_de_Gueugnon\"]},{\"@type\":\"Person\",\"@id\":\"https:\/\/www.fcgueugnon.fr\/site\/#\/schema\/person\/6b88acb9354d23e86675fc81c54ed359\",\"name\":\"FC Gueugnon\",\"url\":\"https:\/\/www.fcgueugnon.fr\/site\/author\/man-antu\"}]}<\/script>\n<!-- \/ Yoast SEO plugin. -->","yoast_head_json":{"title":"[Sport E.Leclerc Acad\u00e9mie] Les poules de nos \u00e9quipes r\u00e9gionales sont disponibles ! &#8226; FOOTBALL CLUB GUEUGNON","robots":{"index":"index","follow":"follow","max-snippet":"max-snippet:-1","max-image-preview":"max-image-preview:large","max-video-preview":"max-video-preview:-1"},"canonical":"https:\/\/www.fcgueugnon.fr\/site\/sport-e-leclerc-academie-les-poules-de-nos-equipes-regionales-sont-disponibles\/5361","og_locale":"fr_FR","og_type":"article","og_title":"[Sport E.Leclerc Acad\u00e9mie] Les poules de nos \u00e9quipes r\u00e9gionales sont disponibles ! &#8226; FOOTBALL CLUB GUEUGNON","og_description":"La Ligue Bourgogne Franche-Comt\u00e9 de Football a communiqu\u00e9 les poules des championnats jeunes r\u00e9gionaux. De belles confrontations en perspectives pour les \u00e9quipes de la Sport E.Leclerc Acad\u00e9mie ! \ud83d\udfe1 U18 R\u00e9gional 1\ud83d\udd35 Cette saison, nos U18 se pr\u00e9parent \u00e0 relever un nouveau d\u00e9fi en affrontant les meilleures \u00e9quipes de Bourgogne-Franche-Comt\u00e9 dans leur cat\u00e9gorie. \ud83d\udfe1\ud83d\udd35 Le ... Lire la suite","og_url":"https:\/\/www.fcgueugnon.fr\/site\/sport-e-leclerc-academie-les-poules-de-nos-equipes-regionales-sont-disponibles\/5361","og_site_name":"FOOTBALL CLUB GUEUGNON","article_publisher":"http:\/\/facebook.com\/FCGueugnon","article_published_time":"2023-07-16T15:30:00+00:00","article_modified_time":"2024-10-07T09:19:31+00:00","og_image":[{"width":1024,"height":576,"url":"https:\/\/www.fcgueugnon.fr\/site\/wp-content\/uploads\/2023\/07\/Poules-equipes-regionales-jeunes-1024x576.png","type":"image\/png"}],"author":"FC Gueugnon","twitter_card":"summary_large_image","twitter_creator":"@FCGueugnon_off","twitter_site":"@FCGueugnon_off","twitter_misc":{"\u00c9crit par":"FC Gueugnon","Dur\u00e9e de lecture estim\u00e9e":"3 minutes"},"schema":{"@context":"https:\/\/schema.org","@graph":[{"@type":"Article","@id":"https:\/\/www.fcgueugnon.fr\/site\/sport-e-leclerc-academie-les-poules-de-nos-equipes-regionales-sont-disponibles\/5361#article","isPartOf":{"@id":"https:\/\/www.fcgueugnon.fr\/site\/sport-e-leclerc-academie-les-poules-de-nos-equipes-regionales-sont-disponibles\/5361"},"author":{"name":"FC Gueugnon","@id":"https:\/\/www.fcgueugnon.fr\/site\/#\/schema\/person\/6b88acb9354d23e86675fc81c54ed359"},"headline":"[Sport E.Leclerc Acad\u00e9mie] Les poules de nos \u00e9quipes r\u00e9gionales sont disponibles !","datePublished":"2023-07-16T15:30:00+00:00","dateModified":"2024-10-07T09:19:31+00:00","mainEntityOfPage":{"@id":"https:\/\/www.fcgueugnon.fr\/site\/sport-e-leclerc-academie-les-poules-de-nos-equipes-regionales-sont-disponibles\/5361"},"wordCount":258,"publisher":{"@id":"https:\/\/www.fcgueugnon.fr\/site\/#organization"},"image":{"@id":"https:\/\/www.fcgueugnon.fr\/site\/sport-e-leclerc-academie-les-poules-de-nos-equipes-regionales-sont-disponibles\/5361#primaryimage"},"thumbnailUrl":"https:\/\/www.fcgueugnon.fr\/site\/wp-content\/uploads\/2023\/07\/Poules-equipes-regionales-jeunes.png","keywords":["Calendrier","Sport E.Leclerc Acad\u00e9mie : Jeunes \/ Formation"],"articleSection":["News","News 2023\/2024"],"inLanguage":"fr-FR"},{"@type":"WebPage","@id":"https:\/\/www.fcgueugnon.fr\/site\/sport-e-leclerc-academie-les-poules-de-nos-equipes-regionales-sont-disponibles\/5361","url":"https:\/\/www.fcgueugnon.fr\/site\/sport-e-leclerc-academie-les-poules-de-nos-equipes-regionales-sont-disponibles\/5361","name":"[Sport E.Leclerc Acad\u00e9mie] Les poules de nos \u00e9quipes r\u00e9gionales sont disponibles ! &#8226; FOOTBALL CLUB GUEUGNON","isPartOf":{"@id":"https:\/\/www.fcgueugnon.fr\/site\/#website"},"primaryImageOfPage":{"@id":"https:\/\/www.fcgueugnon.fr\/site\/sport-e-leclerc-academie-les-poules-de-nos-equipes-regionales-sont-disponibles\/5361#primaryimage"},"image":{"@id":"https:\/\/www.fcgueugnon.fr\/site\/sport-e-leclerc-academie-les-poules-de-nos-equipes-regionales-sont-disponibles\/5361#primaryimage"},"thumbnailUrl":"https:\/\/www.fcgueugnon.fr\/site\/wp-content\/uploads\/2023\/07\/Poules-equipes-regionales-jeunes.png","datePublished":"2023-07-16T15:30:00+00:00","dateModified":"2024-10-07T09:19:31+00:00","breadcrumb":{"@id":"https:\/\/www.fcgueugnon.fr\/site\/sport-e-leclerc-academie-les-poules-de-nos-equipes-regionales-sont-disponibles\/5361#breadcrumb"},"inLanguage":"fr-FR","potentialAction":[{"@type":"ReadAction","target":["https:\/\/www.fcgueugnon.fr\/site\/sport-e-leclerc-academie-les-poules-de-nos-equipes-regionales-sont-disponibles\/5361"]}]},{"@type":"ImageObject","inLanguage":"fr-FR","@id":"https:\/\/www.fcgueugnon.fr\/site\/sport-e-leclerc-academie-les-poules-de-nos-equipes-regionales-sont-disponibles\/5361#primaryimage","url":"https:\/\/www.fcgueugnon.fr\/site\/wp-content\/uploads\/2023\/07\/Poules-equipes-regionales-jeunes.png","contentUrl":"https:\/\/www.fcgueugnon.fr\/site\/wp-content\/uploads\/2023\/07\/Poules-equipes-regionales-jeunes.png","width":1920,"height":1080},{"@type":"BreadcrumbList","@id":"https:\/\/www.fcgueugnon.fr\/site\/sport-e-leclerc-academie-les-poules-de-nos-equipes-regionales-sont-disponibles\/5361#breadcrumb","itemListElement":[{"@type":"ListItem","position":1,"name":"Accueil","item":"https:\/\/www.fcgueugnon.fr\/site\/"},{"@type":"ListItem","position":2,"name":"[Sport E.Leclerc Acad\u00e9mie] Les poules de nos \u00e9quipes r\u00e9gionales sont disponibles !"}]},{"@type":"WebSite","@id":"https:\/\/www.fcgueugnon.fr\/site\/#website","url":"https:\/\/www.fcgueugnon.fr\/site\/","name":"FOOTBALL CLUB GUEUGNON","description":"Le Site Officiel des Forgerons","publisher":{"@id":"https:\/\/www.fcgueugnon.fr\/site\/#organization"},"potentialAction":[{"@type":"SearchAction","target":{"@type":"EntryPoint","urlTemplate":"https:\/\/www.fcgueugnon.fr\/site\/?s={search_term_string}"},"query-input":{"@type":"PropertyValueSpecification","valueRequired":true,"valueName":"search_term_string"}}],"inLanguage":"fr-FR"},{"@type":"Organization","@id":"https:\/\/www.fcgueugnon.fr\/site\/#organization","name":"FC Gueugnon","url":"https:\/\/www.fcgueugnon.fr\/site\/","logo":{"@type":"ImageObject","inLanguage":"fr-FR","@id":"https:\/\/www.fcgueugnon.fr\/site\/#\/schema\/logo\/image\/","url":"https:\/\/www.fcgueugnon.fr\/site\/wp-content\/uploads\/2022\/07\/cropped-Logo-FCGUEUGNON-low-350x350-1.png","contentUrl":"https:\/\/www.fcgueugnon.fr\/site\/wp-content\/uploads\/2022\/07\/cropped-Logo-FCGUEUGNON-low-350x350-1.png","width":350,"height":350,"caption":"FC Gueugnon"},"image":{"@id":"https:\/\/www.fcgueugnon.fr\/site\/#\/schema\/logo\/image\/"},"sameAs":["http:\/\/facebook.com\/FCGueugnon","https:\/\/x.com\/FCGueugnon_off","https:\/\/www.instagram.com\/fcgueugnon\/","https:\/\/www.linkedin.com\/company\/football-club-de-gueugnon\/","https:\/\/www.youtube.com\/user\/FCGueugnonnais","https:\/\/fr.wikipedia.org\/wiki\/Football_Club_de_Gueugnon"]},{"@type":"Person","@id":"https:\/\/www.fcgueugnon.fr\/site\/#\/schema\/person\/6b88acb9354d23e86675fc81c54ed359","name":"FC Gueugnon","url":"https:\/\/www.fcgueugnon.fr\/site\/author\/man-antu"}]}},"rttpg_featured_image_url":{"full":["https:\/\/www.fcgueugnon.fr\/site\/wp-content\/uploads\/2023\/07\/Poules-equipes-regionales-jeunes.png",1920,1080,false],"landscape":["https:\/\/www.fcgueugnon.fr\/site\/wp-content\/uploads\/2023\/07\/Poules-equipes-regionales-jeunes.png",1920,1080,false],"portraits":["https:\/\/www.fcgueugnon.fr\/site\/wp-content\/uploads\/2023\/07\/Poules-equipes-regionales-jeunes.png",1920,1080,false],"thumbnail":["https:\/\/www.fcgueugnon.fr\/site\/wp-content\/uploads\/2023\/07\/Poules-equipes-regionales-jeunes-150x150.png",150,150,true],"medium":["https:\/\/www.fcgueugnon.fr\/site\/wp-content\/uploads\/2023\/07\/Poules-equipes-regionales-jeunes-400x225.png",400,225,true],"large":["https:\/\/www.fcgueugnon.fr\/site\/wp-content\/uploads\/2023\/07\/Poules-equipes-regionales-jeunes-1024x576.png",1024,576,true],"1536x1536":["https:\/\/www.fcgueugnon.fr\/site\/wp-content\/uploads\/2023\/07\/Poules-equipes-regionales-jeunes-1536x864.png",1536,864,true],"2048x2048":["https:\/\/www.fcgueugnon.fr\/site\/wp-content\/uploads\/2023\/07\/Poules-equipes-regionales-jeunes.png",1920,1080,false]},"rttpg_author":{"display_name":"FC Gueugnon","author_link":"https:\/\/www.fcgueugnon.fr\/site\/author\/man-antu"},"rttpg_comment":0,"rttpg_category":"<a href=\"https:\/\/www.fcgueugnon.fr\/site\/category\/news\" rel=\"category tag\">News<\/a> <a href=\"https:\/\/www.fcgueugnon.fr\/site\/category\/news\/news-2023-2024\" rel=\"category tag\">News 2023\/2024<\/a>","rttpg_excerpt":"La Ligue Bourgogne Franche-Comt\u00e9 de Football a communiqu\u00e9 les poules des championnats jeunes r\u00e9gionaux. De belles confrontations en perspectives pour les \u00e9quipes de la Sport E.Leclerc Acad\u00e9mie ! \ud83d\udfe1 U18 R\u00e9gional 1\ud83d\udd35 Cette saison, nos U18 se pr\u00e9parent \u00e0 relever un nouveau d\u00e9fi en affrontant les meilleures \u00e9quipes de Bourgogne-Franche-Comt\u00e9 dans leur cat\u00e9gorie. \ud83d\udfe1\ud83d\udd35 Le\u2026","_links":{"self":[{"href":"https:\/\/www.fcgueugnon.fr\/site\/wp-json\/wp\/v2\/posts\/5361","targetHints":{"allow":["GET"]}}],"collection":[{"href":"https:\/\/www.fcgueugnon.fr\/site\/wp-json\/wp\/v2\/posts"}],"about":[{"href":"https:\/\/www.fcgueugnon.fr\/site\/wp-json\/wp\/v2\/types\/post"}],"author":[{"embeddable":true,"href":"https:\/\/www.fcgueugnon.fr\/site\/wp-json\/wp\/v2\/users\/4"}],"replies":[{"embeddable":true,"href":"https:\/\/www.fcgueugnon.fr\/site\/wp-json\/wp\/v2\/comments?post=5361"}],"version-history":[{"count":17,"href":"https:\/\/www.fcgueugnon.fr\/site\/wp-json\/wp\/v2\/posts\/5361\/revisions"}],"predecessor-version":[{"id":5408,"href":"https:\/\/www.fcgueugnon.fr\/site\/wp-json\/wp\/v2\/posts\/5361\/revisions\/5408"}],"wp:featuredmedia":[{"embeddable":true,"href":"https:\/\/www.fcgueugnon.fr\/site\/wp-json\/wp\/v2\/media\/5389"}],"wp:attachment":[{"href":"https:\/\/www.fcgueugnon.fr\/site\/wp-json\/wp\/v2\/media?parent=5361"}],"wp:term":[{"taxonomy":"category","embeddable":true,"href":"https:\/\/www.fcgueugnon.fr\/site\/wp-json\/wp\/v2\/categories?post=5361"},{"taxonomy":"post_tag","embeddable":true,"href":"https:\/\/www.fcgueugnon.fr\/site\/wp-json\/wp\/v2\/tags?post=5361"}],"curies":[{"name":"wp","href":"https:\/\/api.w.org\/{rel}","templated":true}]}}