{"id":53531,"date":"2025-03-09T09:00:00","date_gmt":"2025-03-09T08:00:00","guid":{"rendered":"https:\/\/www.fcgueugnon.fr\/site\/?p=53531"},"modified":"2025-03-06T21:48:30","modified_gmt":"2025-03-06T20:48:30","slug":"interview-forgeron-mag-8-avec-samy-el-khiar","status":"publish","type":"post","link":"https:\/\/www.fcgueugnon.fr\/site\/interview-forgeron-mag-8-avec-samy-el-khiar\/53531","title":{"rendered":"[Interview] Forgeron Mag #8 avec Samy El Khiar"},"content":{"rendered":"\n<h3 class=\"wp-block-heading\">D\u00e9couvrez en int\u00e9gralit\u00e9 l&rsquo;interview de Samy El Khiar diffus\u00e9e dans le forgeron mag de cette 18e journ\u00e9e face \u00e0 l&rsquo;US Torcy PVM.<\/h3>\n\n\n\n<div style=\"height:75px\" aria-hidden=\"true\" class=\"wp-block-spacer\"><\/div>\n\n\n<div class=\"wp-block-image\">\n<figure class=\"aligncenter size-medium\"><img loading=\"lazy\" decoding=\"async\" width=\"282\" height=\"400\" src=\"https:\/\/www.fcgueugnon.fr\/site\/wp-content\/uploads\/2025\/03\/samy-el-khiar-282x400.png\" alt=\"\" class=\"wp-image-53532\" srcset=\"https:\/\/www.fcgueugnon.fr\/site\/wp-content\/uploads\/2025\/03\/samy-el-khiar-282x400.png 282w, https:\/\/www.fcgueugnon.fr\/site\/wp-content\/uploads\/2025\/03\/samy-el-khiar-722x1024.png 722w, https:\/\/www.fcgueugnon.fr\/site\/wp-content\/uploads\/2025\/03\/samy-el-khiar-768x1089.png 768w, https:\/\/www.fcgueugnon.fr\/site\/wp-content\/uploads\/2025\/03\/samy-el-khiar-1083x1536.png 1083w, https:\/\/www.fcgueugnon.fr\/site\/wp-content\/uploads\/2025\/03\/samy-el-khiar-1320x1872.png 1320w, https:\/\/www.fcgueugnon.fr\/site\/wp-content\/uploads\/2025\/03\/samy-el-khiar.png 1410w\" sizes=\"auto, (max-width: 282px) 100vw, 282px\" \/><\/figure>\n<\/div>\n\n\n<div style=\"height:75px\" aria-hidden=\"true\" class=\"wp-block-spacer\"><\/div>\n\n\n\n<p><strong>Forgeron Mag&rsquo; : <strong><strong>Peux-tu nous pr\u00e9senter \u00e0 nous ?<\/strong><\/strong><\/strong><br>Samy EL KHIAR : \u00ab Bonjour, je m\u2019appelle Samy El Khiar et je viens d\u2019avoir 24 ans. Je viens du FC Rouen en National 1 o\u00f9 j\u2019avais malheureusement peu de temps de jeu. \u00bb<\/p>\n\n\n\n<p><strong><strong><strong><strong><strong><strong>Comment te d\u00e9finis-tu en tant que joueur et quel est ton poste pr\u00e9f\u00e9r\u00e9 ?<\/strong><\/strong><\/strong><\/strong><\/strong><\/strong><br>\u00ab Pour me d\u00e9crire, je dirais que je suis plut\u00f4t \u00e0 l\u2019aise techniquement, avec une bonne qualit\u00e9 de passe et j&rsquo;aime bien marquer (rires). Mais j\u2019aime aussi faire jouer mes co\u00e9quipiers et faire des passes d\u00e9cisives ! Sur le terrain, je suis polyvalent et capable de jouer au poste de milieu offensif, excentr\u00e9 et m\u00eame en 8 ou relayeur &#8230; \u00bb<\/p>\n\n\n\n<p><strong><strong><strong><strong>Pourquoi as-tu rejoins le FC Gueugnon lors de cette inter-saison ?<\/strong><\/strong><\/strong><\/strong><br>\u00ab Je connaissais Imani (Barker) avec qui j&rsquo;\u00e9tais au centre de formation au HAC et j\u2019ai eu cette opportunit\u00e9 de venir ici \u00e0 Gueugnon durant le mercato&#8230; J&rsquo;ai adh\u00e9r\u00e9 au challenge d&rsquo;aider le club \u00e0 se maintenir. \u00bb<\/p>\n\n\n\n<p><strong><strong><strong><strong><strong><strong>Quels sont tes objectifs personnels pour cette fin de saison et les suivantes ?<\/strong><\/strong><\/strong><\/strong><\/strong><\/strong><br>\u00ab Personnellement, j&rsquo;ai l&rsquo;ambition de me relancer afin de viser des championnats plus haut. Mais comme je le disais, mon objectif prioritaire aujourd\u2019hui reste d&rsquo;aider le collectif. \u00bb<br><\/p>\n\n\n\n<div style=\"height:100px\" aria-hidden=\"true\" class=\"wp-block-spacer\"><\/div>\n\n\n\n<hr class=\"wp-block-separator has-alpha-channel-opacity\"\/>\n\n\n\n<h3 class=\"wp-block-heading\">Retrouvez le Forgeron Mag #8 en int\u00e9gralit\u00e9<\/h3>\n\n\n\n<div class=\"wp-block-pdf-viewer-block-standard\" style=\"text-align:left\"><div class=\"uploaded-pdf\"><a href=\"https:\/\/www.fcgueugnon.fr\/site\/wp-content\/uploads\/2025\/03\/Forgeron-Mag-J18.pdf\" data-width=\"\" data-height=\"\"><\/a><\/div><\/div>\n\n\n\n<div class=\"wp-block-buttons is-content-justification-center is-layout-flex wp-container-core-buttons-is-layout-16018d1d wp-block-buttons-is-layout-flex\">\n<div class=\"wp-block-button alignright is-style-circular\"><a class=\"wp-block-button__link has-text-align-center wp-element-button\" href=\"https:\/\/www.fcgueugnon.fr\/site\/wp-content\/uploads\/2025\/03\/Forgeron-Mag-J18.pdf\" target=\"_blank\" rel=\"noreferrer noopener\">T\u00e9l\u00e9charger<\/a><\/div>\n<\/div>\n\n\n\n<p><\/p>\n","protected":false},"excerpt":{"rendered":"<p>D\u00e9couvrez en int\u00e9gralit\u00e9 l&rsquo;interview de Samy El Khiar diffus\u00e9e dans le forgeron mag de cette 18e journ\u00e9e face \u00e0 l&rsquo;US Torcy PVM. Forgeron Mag&rsquo; : Peux-tu nous pr\u00e9senter \u00e0 nous ?Samy EL KHIAR : \u00ab Bonjour, je m\u2019appelle Samy El Khiar et je viens d\u2019avoir 24 ans. Je viens du FC Rouen en National 1 &#8230; <\/p>\n<p class=\"read-more-container\"><a title=\"[Interview] Forgeron Mag #8 avec Samy El Khiar\" class=\"read-more button\" href=\"https:\/\/www.fcgueugnon.fr\/site\/interview-forgeron-mag-8-avec-samy-el-khiar\/53531#more-53531\" aria-label=\"Plus sur [Interview] Forgeron Mag #8 avec Samy El Khiar\">Lire la suite<\/a><\/p>\n","protected":false},"author":1,"featured_media":53532,"comment_status":"closed","ping_status":"closed","sticky":false,"template":"","format":"standard","meta":{"footnotes":""},"categories":[4,62],"tags":[24,11],"class_list":["post-53531","post","type-post","status-publish","format-standard","has-post-thumbnail","hentry","category-news","category-news-2024-2025","tag-forgeron-mag","tag-interview","infinite-scroll-item","generate-columns","tablet-grid-50","mobile-grid-100","grid-parent","grid-25","resize-featured-image"],"yoast_head":"<!-- This site is optimized with the Yoast SEO plugin v26.6 - https:\/\/yoast.com\/wordpress\/plugins\/seo\/ -->\n<title>[Interview] Forgeron Mag #8 avec Samy El Khiar &#8226; FOOTBALL CLUB GUEUGNON<\/title>\n<meta name=\"robots\" content=\"index, follow, max-snippet:-1, max-image-preview:large, max-video-preview:-1\" \/>\n<link rel=\"canonical\" href=\"https:\/\/www.fcgueugnon.fr\/site\/interview-forgeron-mag-8-avec-samy-el-khiar\/53531\" \/>\n<meta property=\"og:locale\" content=\"fr_FR\" \/>\n<meta property=\"og:type\" content=\"article\" \/>\n<meta property=\"og:title\" content=\"[Interview] Forgeron Mag #8 avec Samy El Khiar &#8226; FOOTBALL CLUB GUEUGNON\" \/>\n<meta property=\"og:description\" content=\"D\u00e9couvrez en int\u00e9gralit\u00e9 l&rsquo;interview de Samy El Khiar diffus\u00e9e dans le forgeron mag de cette 18e journ\u00e9e face \u00e0 l&rsquo;US Torcy PVM. Forgeron Mag&rsquo; : Peux-tu nous pr\u00e9senter \u00e0 nous ?Samy EL KHIAR : \u00ab Bonjour, je m\u2019appelle Samy El Khiar et je viens d\u2019avoir 24 ans. Je viens du FC Rouen en National 1 ... Lire la suite\" \/>\n<meta property=\"og:url\" content=\"https:\/\/www.fcgueugnon.fr\/site\/interview-forgeron-mag-8-avec-samy-el-khiar\/53531\" \/>\n<meta property=\"og:site_name\" content=\"FOOTBALL CLUB GUEUGNON\" \/>\n<meta property=\"article:publisher\" content=\"http:\/\/facebook.com\/FCGueugnon\" \/>\n<meta property=\"article:published_time\" content=\"2025-03-09T08:00:00+00:00\" \/>\n<meta property=\"og:image\" content=\"https:\/\/www.fcgueugnon.fr\/site\/wp-content\/uploads\/2025\/03\/samy-el-khiar-722x1024.png\" \/>\n\t<meta property=\"og:image:width\" content=\"722\" \/>\n\t<meta property=\"og:image:height\" content=\"1024\" \/>\n\t<meta property=\"og:image:type\" content=\"image\/png\" \/>\n<meta name=\"author\" content=\"FC Gueugnon\" \/>\n<meta name=\"twitter:card\" content=\"summary_large_image\" \/>\n<meta name=\"twitter:creator\" content=\"@FCGueugnon_off\" \/>\n<meta name=\"twitter:site\" content=\"@FCGueugnon_off\" \/>\n<meta name=\"twitter:label1\" content=\"\u00c9crit par\" \/>\n\t<meta name=\"twitter:data1\" content=\"FC Gueugnon\" \/>\n\t<meta name=\"twitter:label2\" content=\"Dur\u00e9e de lecture estim\u00e9e\" \/>\n\t<meta name=\"twitter:data2\" content=\"2 minutes\" \/>\n<script type=\"application\/ld+json\" class=\"yoast-schema-graph\">{\"@context\":\"https:\/\/schema.org\",\"@graph\":[{\"@type\":\"Article\",\"@id\":\"https:\/\/www.fcgueugnon.fr\/site\/interview-forgeron-mag-8-avec-samy-el-khiar\/53531#article\",\"isPartOf\":{\"@id\":\"https:\/\/www.fcgueugnon.fr\/site\/interview-forgeron-mag-8-avec-samy-el-khiar\/53531\"},\"author\":{\"name\":\"FC Gueugnon\",\"@id\":\"https:\/\/www.fcgueugnon.fr\/site\/#\/schema\/person\/f6444fbdd35fa731ee974c03508738fb\"},\"headline\":\"[Interview] Forgeron Mag #8 avec Samy El Khiar\",\"datePublished\":\"2025-03-09T08:00:00+00:00\",\"mainEntityOfPage\":{\"@id\":\"https:\/\/www.fcgueugnon.fr\/site\/interview-forgeron-mag-8-avec-samy-el-khiar\/53531\"},\"wordCount\":254,\"publisher\":{\"@id\":\"https:\/\/www.fcgueugnon.fr\/site\/#organization\"},\"image\":{\"@id\":\"https:\/\/www.fcgueugnon.fr\/site\/interview-forgeron-mag-8-avec-samy-el-khiar\/53531#primaryimage\"},\"thumbnailUrl\":\"https:\/\/www.fcgueugnon.fr\/site\/wp-content\/uploads\/2025\/03\/samy-el-khiar.png\",\"keywords\":[\"Forgeron Mag\",\"Interview\"],\"articleSection\":[\"News\",\"News 2024\/2025\"],\"inLanguage\":\"fr-FR\"},{\"@type\":\"WebPage\",\"@id\":\"https:\/\/www.fcgueugnon.fr\/site\/interview-forgeron-mag-8-avec-samy-el-khiar\/53531\",\"url\":\"https:\/\/www.fcgueugnon.fr\/site\/interview-forgeron-mag-8-avec-samy-el-khiar\/53531\",\"name\":\"[Interview] Forgeron Mag #8 avec Samy El Khiar &#8226; FOOTBALL CLUB GUEUGNON\",\"isPartOf\":{\"@id\":\"https:\/\/www.fcgueugnon.fr\/site\/#website\"},\"primaryImageOfPage\":{\"@id\":\"https:\/\/www.fcgueugnon.fr\/site\/interview-forgeron-mag-8-avec-samy-el-khiar\/53531#primaryimage\"},\"image\":{\"@id\":\"https:\/\/www.fcgueugnon.fr\/site\/interview-forgeron-mag-8-avec-samy-el-khiar\/53531#primaryimage\"},\"thumbnailUrl\":\"https:\/\/www.fcgueugnon.fr\/site\/wp-content\/uploads\/2025\/03\/samy-el-khiar.png\",\"datePublished\":\"2025-03-09T08:00:00+00:00\",\"breadcrumb\":{\"@id\":\"https:\/\/www.fcgueugnon.fr\/site\/interview-forgeron-mag-8-avec-samy-el-khiar\/53531#breadcrumb\"},\"inLanguage\":\"fr-FR\",\"potentialAction\":[{\"@type\":\"ReadAction\",\"target\":[\"https:\/\/www.fcgueugnon.fr\/site\/interview-forgeron-mag-8-avec-samy-el-khiar\/53531\"]}]},{\"@type\":\"ImageObject\",\"inLanguage\":\"fr-FR\",\"@id\":\"https:\/\/www.fcgueugnon.fr\/site\/interview-forgeron-mag-8-avec-samy-el-khiar\/53531#primaryimage\",\"url\":\"https:\/\/www.fcgueugnon.fr\/site\/wp-content\/uploads\/2025\/03\/samy-el-khiar.png\",\"contentUrl\":\"https:\/\/www.fcgueugnon.fr\/site\/wp-content\/uploads\/2025\/03\/samy-el-khiar.png\",\"width\":1410,\"height\":2000},{\"@type\":\"BreadcrumbList\",\"@id\":\"https:\/\/www.fcgueugnon.fr\/site\/interview-forgeron-mag-8-avec-samy-el-khiar\/53531#breadcrumb\",\"itemListElement\":[{\"@type\":\"ListItem\",\"position\":1,\"name\":\"Accueil\",\"item\":\"https:\/\/www.fcgueugnon.fr\/site\/\"},{\"@type\":\"ListItem\",\"position\":2,\"name\":\"[Interview] Forgeron Mag #8 avec Samy El Khiar\"}]},{\"@type\":\"WebSite\",\"@id\":\"https:\/\/www.fcgueugnon.fr\/site\/#website\",\"url\":\"https:\/\/www.fcgueugnon.fr\/site\/\",\"name\":\"FOOTBALL CLUB GUEUGNON\",\"description\":\"Le Site Officiel des Forgerons\",\"publisher\":{\"@id\":\"https:\/\/www.fcgueugnon.fr\/site\/#organization\"},\"potentialAction\":[{\"@type\":\"SearchAction\",\"target\":{\"@type\":\"EntryPoint\",\"urlTemplate\":\"https:\/\/www.fcgueugnon.fr\/site\/?s={search_term_string}\"},\"query-input\":{\"@type\":\"PropertyValueSpecification\",\"valueRequired\":true,\"valueName\":\"search_term_string\"}}],\"inLanguage\":\"fr-FR\"},{\"@type\":\"Organization\",\"@id\":\"https:\/\/www.fcgueugnon.fr\/site\/#organization\",\"name\":\"FC Gueugnon\",\"url\":\"https:\/\/www.fcgueugnon.fr\/site\/\",\"logo\":{\"@type\":\"ImageObject\",\"inLanguage\":\"fr-FR\",\"@id\":\"https:\/\/www.fcgueugnon.fr\/site\/#\/schema\/logo\/image\/\",\"url\":\"https:\/\/www.fcgueugnon.fr\/site\/wp-content\/uploads\/2022\/07\/cropped-Logo-FCGUEUGNON-low-350x350-1.png\",\"contentUrl\":\"https:\/\/www.fcgueugnon.fr\/site\/wp-content\/uploads\/2022\/07\/cropped-Logo-FCGUEUGNON-low-350x350-1.png\",\"width\":350,\"height\":350,\"caption\":\"FC Gueugnon\"},\"image\":{\"@id\":\"https:\/\/www.fcgueugnon.fr\/site\/#\/schema\/logo\/image\/\"},\"sameAs\":[\"http:\/\/facebook.com\/FCGueugnon\",\"https:\/\/x.com\/FCGueugnon_off\",\"https:\/\/www.instagram.com\/fcgueugnon\/\",\"https:\/\/www.linkedin.com\/company\/football-club-de-gueugnon\/\",\"https:\/\/www.youtube.com\/user\/FCGueugnonnais\",\"https:\/\/fr.wikipedia.org\/wiki\/Football_Club_de_Gueugnon\"]},{\"@type\":\"Person\",\"@id\":\"https:\/\/www.fcgueugnon.fr\/site\/#\/schema\/person\/f6444fbdd35fa731ee974c03508738fb\",\"name\":\"FC Gueugnon\",\"sameAs\":[\"https:\/\/www.fcgueugnon.fr\/site\"],\"url\":\"https:\/\/www.fcgueugnon.fr\/site\/author\/admin-antho\"}]}<\/script>\n<!-- \/ Yoast SEO plugin. -->","yoast_head_json":{"title":"[Interview] Forgeron Mag #8 avec Samy El Khiar &#8226; FOOTBALL CLUB GUEUGNON","robots":{"index":"index","follow":"follow","max-snippet":"max-snippet:-1","max-image-preview":"max-image-preview:large","max-video-preview":"max-video-preview:-1"},"canonical":"https:\/\/www.fcgueugnon.fr\/site\/interview-forgeron-mag-8-avec-samy-el-khiar\/53531","og_locale":"fr_FR","og_type":"article","og_title":"[Interview] Forgeron Mag #8 avec Samy El Khiar &#8226; FOOTBALL CLUB GUEUGNON","og_description":"D\u00e9couvrez en int\u00e9gralit\u00e9 l&rsquo;interview de Samy El Khiar diffus\u00e9e dans le forgeron mag de cette 18e journ\u00e9e face \u00e0 l&rsquo;US Torcy PVM. Forgeron Mag&rsquo; : Peux-tu nous pr\u00e9senter \u00e0 nous ?Samy EL KHIAR : \u00ab Bonjour, je m\u2019appelle Samy El Khiar et je viens d\u2019avoir 24 ans. Je viens du FC Rouen en National 1 ... Lire la suite","og_url":"https:\/\/www.fcgueugnon.fr\/site\/interview-forgeron-mag-8-avec-samy-el-khiar\/53531","og_site_name":"FOOTBALL CLUB GUEUGNON","article_publisher":"http:\/\/facebook.com\/FCGueugnon","article_published_time":"2025-03-09T08:00:00+00:00","og_image":[{"width":722,"height":1024,"url":"https:\/\/www.fcgueugnon.fr\/site\/wp-content\/uploads\/2025\/03\/samy-el-khiar-722x1024.png","type":"image\/png"}],"author":"FC Gueugnon","twitter_card":"summary_large_image","twitter_creator":"@FCGueugnon_off","twitter_site":"@FCGueugnon_off","twitter_misc":{"\u00c9crit par":"FC Gueugnon","Dur\u00e9e de lecture estim\u00e9e":"2 minutes"},"schema":{"@context":"https:\/\/schema.org","@graph":[{"@type":"Article","@id":"https:\/\/www.fcgueugnon.fr\/site\/interview-forgeron-mag-8-avec-samy-el-khiar\/53531#article","isPartOf":{"@id":"https:\/\/www.fcgueugnon.fr\/site\/interview-forgeron-mag-8-avec-samy-el-khiar\/53531"},"author":{"name":"FC Gueugnon","@id":"https:\/\/www.fcgueugnon.fr\/site\/#\/schema\/person\/f6444fbdd35fa731ee974c03508738fb"},"headline":"[Interview] Forgeron Mag #8 avec Samy El Khiar","datePublished":"2025-03-09T08:00:00+00:00","mainEntityOfPage":{"@id":"https:\/\/www.fcgueugnon.fr\/site\/interview-forgeron-mag-8-avec-samy-el-khiar\/53531"},"wordCount":254,"publisher":{"@id":"https:\/\/www.fcgueugnon.fr\/site\/#organization"},"image":{"@id":"https:\/\/www.fcgueugnon.fr\/site\/interview-forgeron-mag-8-avec-samy-el-khiar\/53531#primaryimage"},"thumbnailUrl":"https:\/\/www.fcgueugnon.fr\/site\/wp-content\/uploads\/2025\/03\/samy-el-khiar.png","keywords":["Forgeron Mag","Interview"],"articleSection":["News","News 2024\/2025"],"inLanguage":"fr-FR"},{"@type":"WebPage","@id":"https:\/\/www.fcgueugnon.fr\/site\/interview-forgeron-mag-8-avec-samy-el-khiar\/53531","url":"https:\/\/www.fcgueugnon.fr\/site\/interview-forgeron-mag-8-avec-samy-el-khiar\/53531","name":"[Interview] Forgeron Mag #8 avec Samy El Khiar &#8226; FOOTBALL CLUB GUEUGNON","isPartOf":{"@id":"https:\/\/www.fcgueugnon.fr\/site\/#website"},"primaryImageOfPage":{"@id":"https:\/\/www.fcgueugnon.fr\/site\/interview-forgeron-mag-8-avec-samy-el-khiar\/53531#primaryimage"},"image":{"@id":"https:\/\/www.fcgueugnon.fr\/site\/interview-forgeron-mag-8-avec-samy-el-khiar\/53531#primaryimage"},"thumbnailUrl":"https:\/\/www.fcgueugnon.fr\/site\/wp-content\/uploads\/2025\/03\/samy-el-khiar.png","datePublished":"2025-03-09T08:00:00+00:00","breadcrumb":{"@id":"https:\/\/www.fcgueugnon.fr\/site\/interview-forgeron-mag-8-avec-samy-el-khiar\/53531#breadcrumb"},"inLanguage":"fr-FR","potentialAction":[{"@type":"ReadAction","target":["https:\/\/www.fcgueugnon.fr\/site\/interview-forgeron-mag-8-avec-samy-el-khiar\/53531"]}]},{"@type":"ImageObject","inLanguage":"fr-FR","@id":"https:\/\/www.fcgueugnon.fr\/site\/interview-forgeron-mag-8-avec-samy-el-khiar\/53531#primaryimage","url":"https:\/\/www.fcgueugnon.fr\/site\/wp-content\/uploads\/2025\/03\/samy-el-khiar.png","contentUrl":"https:\/\/www.fcgueugnon.fr\/site\/wp-content\/uploads\/2025\/03\/samy-el-khiar.png","width":1410,"height":2000},{"@type":"BreadcrumbList","@id":"https:\/\/www.fcgueugnon.fr\/site\/interview-forgeron-mag-8-avec-samy-el-khiar\/53531#breadcrumb","itemListElement":[{"@type":"ListItem","position":1,"name":"Accueil","item":"https:\/\/www.fcgueugnon.fr\/site\/"},{"@type":"ListItem","position":2,"name":"[Interview] Forgeron Mag #8 avec Samy El Khiar"}]},{"@type":"WebSite","@id":"https:\/\/www.fcgueugnon.fr\/site\/#website","url":"https:\/\/www.fcgueugnon.fr\/site\/","name":"FOOTBALL CLUB GUEUGNON","description":"Le Site Officiel des Forgerons","publisher":{"@id":"https:\/\/www.fcgueugnon.fr\/site\/#organization"},"potentialAction":[{"@type":"SearchAction","target":{"@type":"EntryPoint","urlTemplate":"https:\/\/www.fcgueugnon.fr\/site\/?s={search_term_string}"},"query-input":{"@type":"PropertyValueSpecification","valueRequired":true,"valueName":"search_term_string"}}],"inLanguage":"fr-FR"},{"@type":"Organization","@id":"https:\/\/www.fcgueugnon.fr\/site\/#organization","name":"FC Gueugnon","url":"https:\/\/www.fcgueugnon.fr\/site\/","logo":{"@type":"ImageObject","inLanguage":"fr-FR","@id":"https:\/\/www.fcgueugnon.fr\/site\/#\/schema\/logo\/image\/","url":"https:\/\/www.fcgueugnon.fr\/site\/wp-content\/uploads\/2022\/07\/cropped-Logo-FCGUEUGNON-low-350x350-1.png","contentUrl":"https:\/\/www.fcgueugnon.fr\/site\/wp-content\/uploads\/2022\/07\/cropped-Logo-FCGUEUGNON-low-350x350-1.png","width":350,"height":350,"caption":"FC Gueugnon"},"image":{"@id":"https:\/\/www.fcgueugnon.fr\/site\/#\/schema\/logo\/image\/"},"sameAs":["http:\/\/facebook.com\/FCGueugnon","https:\/\/x.com\/FCGueugnon_off","https:\/\/www.instagram.com\/fcgueugnon\/","https:\/\/www.linkedin.com\/company\/football-club-de-gueugnon\/","https:\/\/www.youtube.com\/user\/FCGueugnonnais","https:\/\/fr.wikipedia.org\/wiki\/Football_Club_de_Gueugnon"]},{"@type":"Person","@id":"https:\/\/www.fcgueugnon.fr\/site\/#\/schema\/person\/f6444fbdd35fa731ee974c03508738fb","name":"FC Gueugnon","sameAs":["https:\/\/www.fcgueugnon.fr\/site"],"url":"https:\/\/www.fcgueugnon.fr\/site\/author\/admin-antho"}]}},"rttpg_featured_image_url":{"full":["https:\/\/www.fcgueugnon.fr\/site\/wp-content\/uploads\/2025\/03\/samy-el-khiar.png",1410,2000,false],"landscape":["https:\/\/www.fcgueugnon.fr\/site\/wp-content\/uploads\/2025\/03\/samy-el-khiar.png",1410,2000,false],"portraits":["https:\/\/www.fcgueugnon.fr\/site\/wp-content\/uploads\/2025\/03\/samy-el-khiar.png",1410,2000,false],"thumbnail":["https:\/\/www.fcgueugnon.fr\/site\/wp-content\/uploads\/2025\/03\/samy-el-khiar-150x150.png",150,150,true],"medium":["https:\/\/www.fcgueugnon.fr\/site\/wp-content\/uploads\/2025\/03\/samy-el-khiar-282x400.png",282,400,true],"large":["https:\/\/www.fcgueugnon.fr\/site\/wp-content\/uploads\/2025\/03\/samy-el-khiar-722x1024.png",722,1024,true],"1536x1536":["https:\/\/www.fcgueugnon.fr\/site\/wp-content\/uploads\/2025\/03\/samy-el-khiar-1083x1536.png",1083,1536,true],"2048x2048":["https:\/\/www.fcgueugnon.fr\/site\/wp-content\/uploads\/2025\/03\/samy-el-khiar.png",1410,2000,false]},"rttpg_author":{"display_name":"FC Gueugnon","author_link":"https:\/\/www.fcgueugnon.fr\/site\/author\/admin-antho"},"rttpg_comment":0,"rttpg_category":"<a href=\"https:\/\/www.fcgueugnon.fr\/site\/category\/news\" rel=\"category tag\">News<\/a> <a href=\"https:\/\/www.fcgueugnon.fr\/site\/category\/news\/news-2024-2025\" rel=\"category tag\">News 2024\/2025<\/a>","rttpg_excerpt":"D\u00e9couvrez en int\u00e9gralit\u00e9 l&rsquo;interview de Samy El Khiar diffus\u00e9e dans le forgeron mag de cette 18e journ\u00e9e face \u00e0 l&rsquo;US Torcy PVM. Forgeron Mag&rsquo; : Peux-tu nous pr\u00e9senter \u00e0 nous ?Samy EL KHIAR : \u00ab Bonjour, je m\u2019appelle Samy El Khiar et je viens d\u2019avoir 24 ans. Je viens du FC Rouen en National 1\u2026","_links":{"self":[{"href":"https:\/\/www.fcgueugnon.fr\/site\/wp-json\/wp\/v2\/posts\/53531","targetHints":{"allow":["GET"]}}],"collection":[{"href":"https:\/\/www.fcgueugnon.fr\/site\/wp-json\/wp\/v2\/posts"}],"about":[{"href":"https:\/\/www.fcgueugnon.fr\/site\/wp-json\/wp\/v2\/types\/post"}],"author":[{"embeddable":true,"href":"https:\/\/www.fcgueugnon.fr\/site\/wp-json\/wp\/v2\/users\/1"}],"replies":[{"embeddable":true,"href":"https:\/\/www.fcgueugnon.fr\/site\/wp-json\/wp\/v2\/comments?post=53531"}],"version-history":[{"count":2,"href":"https:\/\/www.fcgueugnon.fr\/site\/wp-json\/wp\/v2\/posts\/53531\/revisions"}],"predecessor-version":[{"id":53535,"href":"https:\/\/www.fcgueugnon.fr\/site\/wp-json\/wp\/v2\/posts\/53531\/revisions\/53535"}],"wp:featuredmedia":[{"embeddable":true,"href":"https:\/\/www.fcgueugnon.fr\/site\/wp-json\/wp\/v2\/media\/53532"}],"wp:attachment":[{"href":"https:\/\/www.fcgueugnon.fr\/site\/wp-json\/wp\/v2\/media?parent=53531"}],"wp:term":[{"taxonomy":"category","embeddable":true,"href":"https:\/\/www.fcgueugnon.fr\/site\/wp-json\/wp\/v2\/categories?post=53531"},{"taxonomy":"post_tag","embeddable":true,"href":"https:\/\/www.fcgueugnon.fr\/site\/wp-json\/wp\/v2\/tags?post=53531"}],"curies":[{"name":"wp","href":"https:\/\/api.w.org\/{rel}","templated":true}]}}