{"id":53524,"date":"2025-03-07T09:46:34","date_gmt":"2025-03-07T08:46:34","guid":{"rendered":"https:\/\/www.fcgueugnon.fr\/site\/?p=53524"},"modified":"2025-03-07T09:46:37","modified_gmt":"2025-03-07T08:46:37","slug":"n3-j18-fc-gueugnon-us-torcy-pcm-avant-match","status":"publish","type":"post","link":"https:\/\/www.fcgueugnon.fr\/site\/n3-j18-fc-gueugnon-us-torcy-pcm-avant-match\/53524","title":{"rendered":"[N3 J18 : FC Gueugnon \u2013 US Torcy PCM] Avant-match"},"content":{"rendered":"\n<h2 class=\"wp-block-heading\"><strong><strong>C&rsquo;est un concurrent direct que re\u00e7oivent les forgerons ce samedi 8 mars au stade Jean Laville. <\/strong><\/strong><\/h2>\n\n\n\n<div class=\"wp-block-getwid-image-box getwid-animation has-text-center has-mobile-layout-default has-mobile-alignment-center\" data-animation=\"pulse\"><div class=\"wp-block-getwid-image-box__image-container is-position-top\"><div class=\"wp-block-getwid-image-box__image-wrapper\"><img loading=\"lazy\" decoding=\"async\" width=\"744\" height=\"1024\" src=\"https:\/\/www.fcgueugnon.fr\/site\/wp-content\/uploads\/2025\/03\/affiche-fc-gueugnon-us-torcy-744x1024.jpg\" alt=\"\" class=\"wp-block-getwid-image-box__image wp-image-53526\" srcset=\"https:\/\/www.fcgueugnon.fr\/site\/wp-content\/uploads\/2025\/03\/affiche-fc-gueugnon-us-torcy-744x1024.jpg 744w, https:\/\/www.fcgueugnon.fr\/site\/wp-content\/uploads\/2025\/03\/affiche-fc-gueugnon-us-torcy-291x400.jpg 291w, https:\/\/www.fcgueugnon.fr\/site\/wp-content\/uploads\/2025\/03\/affiche-fc-gueugnon-us-torcy-768x1057.jpg 768w, https:\/\/www.fcgueugnon.fr\/site\/wp-content\/uploads\/2025\/03\/affiche-fc-gueugnon-us-torcy-1116x1536.jpg 1116w, https:\/\/www.fcgueugnon.fr\/site\/wp-content\/uploads\/2025\/03\/affiche-fc-gueugnon-us-torcy-1320x1817.jpg 1320w, https:\/\/www.fcgueugnon.fr\/site\/wp-content\/uploads\/2025\/03\/affiche-fc-gueugnon-us-torcy.jpg 1488w\" sizes=\"auto, (max-width: 744px) 100vw, 744px\" \/><\/div><\/div><div class=\"wp-block-getwid-image-box__content\">\n<h3 class=\"wp-block-heading\"><\/h3>\n\n\n\n<p><\/p>\n<\/div><\/div>\n\n\n\n<div style=\"height:50px\" aria-hidden=\"true\" class=\"wp-block-spacer\"><\/div>\n\n\n\n<div class=\"wp-block-columns is-layout-flex wp-container-core-columns-is-layout-9d6595d7 wp-block-columns-is-layout-flex\">\n<div class=\"wp-block-column is-layout-flow wp-block-column-is-layout-flow\">\n<h3 class=\"wp-block-heading\">\ud83c\udd9a <em><strong>L&rsquo;adversaire <\/strong><\/em>: US Torcy PVM<\/h3>\n\n\n\n<p>Sous la direction de&nbsp;<strong>Samir Salah<\/strong>, le club de la Vall\u00e9e de la Marne a connu un d\u00e9but de saison difficile avec 4 d\u00e9faites d&rsquo;entr\u00e9e avant sa premi\u00e8re victoire contre le FC Montceau. <strong>Un d\u00e9marrage certainement handicap\u00e9 <\/strong>par les tergiversations du gendarme financier, tardant \u00e0 autoriser l\u2019acc\u00e8s au championnat National 3 pour le champion de R1 IDF&#8230;<\/p>\n\n\n\n<p>Malgr\u00e9 l\u2019encadrement de sa masse salariale, <strong>les Torc\u00e9ens bataillent dans ce championnat<\/strong>, dans lequel ils pointent d\u00e9sormais \u00e0 la 12e place avec 15 points (4V\/3N\/10D).<\/p>\n\n\n\n<p><strong>Un concurrent direct <\/strong>pour le FCG, rel\u00e9gu\u00e9 \u00e0 7 points derri\u00e8re et qui s\u2019\u00e9tait inclin\u00e9 au match aller (2-0).<\/p>\n\n\n\n<p><strong>Il est l\u2019heure de rendre la pareille \u00e0 Jean Laville !<\/strong><\/p>\n<\/div>\n\n\n\n<div class=\"wp-block-column is-layout-flow wp-block-column-is-layout-flow\">\n<h3 class=\"wp-block-heading\">\ud83d\udfe1\ud83d\udd35 <em><strong>Le FC Gueugnon<\/strong><\/em><\/h3>\n\n\n\n<p>Le FCG a subi&nbsp;<strong>une d\u00e9faite cruelle samedi dernier lors du derby <\/strong>contre Montceau. Malgr\u00e9 la belle mobilisation des supporters, les Gueugnonnais ont manqu\u00e9 de r\u00e9alisme, subissant un but refus\u00e9 de <strong>Fraty Miezi-Kembolo <\/strong>en d\u00e9but de seconde p\u00e9riode, avant d\u2019\u00eatre r\u00e9duits \u00e0 dix apr\u00e8s un carton rouge, et encaissant finalement un but dans les toutes derni\u00e8res minutes (1-0).<\/p>\n\n\n\n<p>Un coup dur pour le FCG qui <em>\u00ab a peut-\u00eatre grill\u00e9 l\u2019une de nos derni\u00e8res cartouches<\/em> \u00bb selon le pr\u00e9sident<strong> Bernard Canard.<\/strong><\/p>\n\n\n\n<p>Toujours derniers avec 8 points et <strong>un match en retard contre l\u2019ESTAC B,<\/strong> le FCG accuse 14 points de retard sur le premier non-rel\u00e9gable. Pourtant, avec 10 matchs restants, rien n\u2019est encore math\u00e9matiquement jou\u00e9.<\/p>\n\n\n\n<p>De la peine, de la frustration, mais aussi un sentiment de r\u00e9volte r\u00e9sonnaient samedi soir dans le vestiaire forgeron &#8230; Et le coach appelait \u00e0 <em>\u00ab relever la t\u00eate tout de suite, \u00e0 donner une bonne image du club et \u00e0 s\u2019accrocher jusqu\u2019au bout. \u00bb<\/em><\/p>\n<\/div>\n<\/div>\n\n\n\n<div style=\"height:50px\" aria-hidden=\"true\" class=\"wp-block-spacer\"><\/div>\n\n\n\n<div class=\"wp-block-media-text alignwide is-stacked-on-mobile is-vertically-aligned-center is-image-fill-element is-style-default\" style=\"grid-template-columns:49% auto\"><figure class=\"wp-block-media-text__media\"><img loading=\"lazy\" decoding=\"async\" width=\"722\" height=\"1024\" src=\"https:\/\/www.fcgueugnon.fr\/site\/wp-content\/uploads\/2025\/03\/jason-luanda-722x1024.png\" alt=\"\" class=\"wp-image-53525 size-full\" style=\"object-position:48% 0%\" srcset=\"https:\/\/www.fcgueugnon.fr\/site\/wp-content\/uploads\/2025\/03\/jason-luanda-722x1024.png 722w, https:\/\/www.fcgueugnon.fr\/site\/wp-content\/uploads\/2025\/03\/jason-luanda-282x400.png 282w, https:\/\/www.fcgueugnon.fr\/site\/wp-content\/uploads\/2025\/03\/jason-luanda-768x1089.png 768w, https:\/\/www.fcgueugnon.fr\/site\/wp-content\/uploads\/2025\/03\/jason-luanda-1083x1536.png 1083w, https:\/\/www.fcgueugnon.fr\/site\/wp-content\/uploads\/2025\/03\/jason-luanda-1320x1872.png 1320w, https:\/\/www.fcgueugnon.fr\/site\/wp-content\/uploads\/2025\/03\/jason-luanda.png 1410w\" sizes=\"auto, (max-width: 722px) 100vw, 722px\" \/><\/figure><div class=\"wp-block-media-text__content\">\n<h3 class=\"wp-block-heading\">\ud83d\udce3 <em><strong>La d\u00e9cla&rsquo;<\/strong><\/em><\/h3>\n\n\n\n<blockquote class=\"wp-block-quote is-layout-flow wp-block-quote-is-layout-flow\">\n<p><em>\u00ab Torcy est un concurrent direct, mais de toute fa\u00e7on, on joue des finales chaque week-end. C\u2019est une bonne \u00e9quipe. On se rappelle qu\u2019\u00e0 l\u2019aller, ils avaient su nous faire mal.<\/em><\/p>\n\n\n\n<p><em>Mais les choses ont chang\u00e9 depuis, et il va nous falloir aborder ce match avec s\u00e9rieux, calme, et surtout prendre un maximum de confiance pour pouvoir se lib\u00e9rer. \u00bb<\/em><\/p>\n<cite><strong>Jason LUANDA (capitaine)<\/strong><\/cite><\/blockquote>\n<\/div><\/div>\n\n\n\n<div style=\"height:50px\" aria-hidden=\"true\" class=\"wp-block-spacer\"><\/div>\n\n\n\n<p class=\"has-text-align-center is-style-info\"><span style=\"text-decoration: underline;\">Rendez-vous ce samedi 8 Mars \u00e0 18h00<\/span> pour soutenir les gueugnonnais \u00e0 Jean Laville<\/p>\n\n\n\n<div style=\"height:10px\" aria-hidden=\"true\" class=\"wp-block-spacer\"><\/div>\n\n\n\n<hr class=\"wp-block-separator has-text-color has-css-opacity has-background is-style-default\" style=\"background-color:#f7db4a;color:#f7db4a\"\/>\n\n\n\n<div style=\"height:5px\" aria-hidden=\"true\" class=\"wp-block-spacer\"><\/div>\n\n\n\n<h3 class=\"wp-block-heading\">\ud83d\udccd <strong><em>Les infos pratiques<\/em><\/strong><\/h3>\n\n\n\n<h3 class=\"wp-block-heading\">Billetterie<\/h3>\n\n\n\n<div class=\"wp-block-media-text alignwide is-stacked-on-mobile is-vertically-aligned-center is-style-default\" style=\"grid-template-columns:49% auto\"><figure class=\"wp-block-media-text__media\"><img loading=\"lazy\" decoding=\"async\" width=\"1024\" height=\"768\" src=\"https:\/\/www.fcgueugnon.fr\/site\/wp-content\/uploads\/2022\/08\/entree-billetterie-stade-jean-laville-sous-la-tribune-ouest-1024x768.jpg\" alt=\"\" class=\"wp-image-951 size-full\" srcset=\"https:\/\/www.fcgueugnon.fr\/site\/wp-content\/uploads\/2022\/08\/entree-billetterie-stade-jean-laville-sous-la-tribune-ouest-1024x768.jpg 1024w, https:\/\/www.fcgueugnon.fr\/site\/wp-content\/uploads\/2022\/08\/entree-billetterie-stade-jean-laville-sous-la-tribune-ouest-400x300.jpg 400w, https:\/\/www.fcgueugnon.fr\/site\/wp-content\/uploads\/2022\/08\/entree-billetterie-stade-jean-laville-sous-la-tribune-ouest-768x576.jpg 768w, https:\/\/www.fcgueugnon.fr\/site\/wp-content\/uploads\/2022\/08\/entree-billetterie-stade-jean-laville-sous-la-tribune-ouest-1536x1152.jpg 1536w, https:\/\/www.fcgueugnon.fr\/site\/wp-content\/uploads\/2022\/08\/entree-billetterie-stade-jean-laville-sous-la-tribune-ouest-2048x1536.jpg 2048w, https:\/\/www.fcgueugnon.fr\/site\/wp-content\/uploads\/2022\/08\/entree-billetterie-stade-jean-laville-sous-la-tribune-ouest-1320x990.jpg 1320w\" sizes=\"auto, (max-width: 1024px) 100vw, 1024px\" \/><\/figure><div class=\"wp-block-media-text__content\">\n<p><br><em>Rendez-vous sous la<strong> tribune Ouest <\/strong>pour acc\u00e9der au guichet Billetterie puis dans l&rsquo;angle des tribunes Nord et Ouest (c\u00f4t\u00e9 piscine) pour acc\u00e9der au stade.<\/em><\/p>\n<\/div><\/div>\n\n\n\n<div class=\"wp-block-media-text alignwide has-media-on-the-right is-stacked-on-mobile is-vertically-aligned-center is-style-default\" style=\"grid-template-columns:auto 49%\"><div class=\"wp-block-media-text__content\">\n<h3 class=\"wp-block-heading\">Tarifs<\/h3>\n\n\n\n<ul class=\"wp-block-list\">\n<li><strong><span style=\"text-decoration: underline;\">GRATUIT<\/span><\/strong> : licenci\u00e9s FC Gueugnon, -16ans (sur pr\u00e9sentation d\u2019un justificatif ou carte)<\/li>\n\n\n\n<li><strong><span style=\"text-decoration: underline;\">TARIF R\u00c9DUIT<\/span> : 4\u20ac<\/strong> \u2013 \u00c9tudiants, Demandeurs d\u2019emploi (sur pr\u00e9sentation d\u2019un justificatif ou carte)<\/li>\n\n\n\n<li><strong><span style=\"text-decoration: underline;\">PLEIN TARIF<\/span> : 7\u20ac<\/strong><\/li>\n<\/ul>\n\n\n\n<div style=\"height:10px\" aria-hidden=\"true\" class=\"wp-block-spacer\"><\/div>\n<\/div><figure class=\"wp-block-media-text__media\"><img loading=\"lazy\" decoding=\"async\" width=\"1024\" height=\"768\" src=\"https:\/\/www.fcgueugnon.fr\/site\/wp-content\/uploads\/2022\/07\/billetterie-sous-la-tribune-ouest-d-FCGueugnon-a-Jean-Laville-1024x768.jpg\" alt=\"\" class=\"wp-image-63 size-full\" srcset=\"https:\/\/www.fcgueugnon.fr\/site\/wp-content\/uploads\/2022\/07\/billetterie-sous-la-tribune-ouest-d-FCGueugnon-a-Jean-Laville-1024x768.jpg 1024w, https:\/\/www.fcgueugnon.fr\/site\/wp-content\/uploads\/2022\/07\/billetterie-sous-la-tribune-ouest-d-FCGueugnon-a-Jean-Laville-400x300.jpg 400w, https:\/\/www.fcgueugnon.fr\/site\/wp-content\/uploads\/2022\/07\/billetterie-sous-la-tribune-ouest-d-FCGueugnon-a-Jean-Laville-768x576.jpg 768w, https:\/\/www.fcgueugnon.fr\/site\/wp-content\/uploads\/2022\/07\/billetterie-sous-la-tribune-ouest-d-FCGueugnon-a-Jean-Laville-1536x1152.jpg 1536w, https:\/\/www.fcgueugnon.fr\/site\/wp-content\/uploads\/2022\/07\/billetterie-sous-la-tribune-ouest-d-FCGueugnon-a-Jean-Laville-2048x1536.jpg 2048w\" sizes=\"auto, (max-width: 1024px) 100vw, 1024px\" \/><\/figure><\/div>\n\n\n\n<div style=\"height:30px\" aria-hidden=\"true\" class=\"wp-block-spacer\"><\/div>\n\n\n\n<div class=\"wp-block-buttons is-content-justification-center is-layout-flex wp-container-core-buttons-is-layout-16018d1d wp-block-buttons-is-layout-flex\">\n<div class=\"wp-block-button\"><a class=\"wp-block-button__link wp-element-button\" href=\"https:\/\/www.fcgueugnon.fr\/site\/infos-pratiques\">Acc\u00e8s au stade, buvette, PMR&#8230;. Toutes les infos pratiques en un clic !<\/a><\/div>\n<\/div>\n\n\n\n<div style=\"height:10px\" aria-hidden=\"true\" class=\"wp-block-spacer\"><\/div>\n\n\n\n<hr class=\"wp-block-separator has-text-color has-css-opacity has-background is-style-default\" style=\"background-color:#f7db4a;color:#f7db4a\"\/>\n\n\n\n<div style=\"height:5px\" aria-hidden=\"true\" class=\"wp-block-spacer\"><\/div>\n\n\n\n<h3 class=\"wp-block-heading\">\u26bd <strong><em>La fiche<\/em><\/strong><\/h3>\n\n\n\n<h4 class=\"wp-block-heading\"><strong>NATIONAL 3 &#8211; J18<\/strong><br>Samedi 8 Mars 2025 &#8211; 18H00<br>FC GUEUGNON \/ US TORCY PVM<\/h4>\n\n\n\n<p><strong>TERRAIN<\/strong><br>STADE JEAN LAVILLE<br>RUE ROGER COUDERC<br>71130 &#8211; GUEUGNON<\/p>\n\n\n\n<p><strong>SURFACE DE JEU<\/strong><br>Pelouse naturelle<\/p>\n\n\n\n<p><strong>OFFICIELS<\/strong><br>Arbitre centre : DARIO DE QUARTI<br>Arbitre assistant 1 : YUKSEL YURDAKON<br>Arbitre assistant 2 : ROMAIN GARNIER<br>D\u00e9l\u00e9gu\u00e9 principal : THOMAS MONNET<\/p>\n\n\n\n<div style=\"height:50px\" aria-hidden=\"true\" class=\"wp-block-spacer\"><\/div>\n\n\n\n<h3 class=\"wp-block-heading\"><strong>Groupe<\/strong><\/h3>\n\n\n\nA suivre sur nos r\u00e9seaux sociaux apr\u00e8s le dernier entrainement\n\n\n\n<div style=\"height:50px\" aria-hidden=\"true\" class=\"wp-block-spacer\"><\/div>\n\n\n\n<h3 class=\"wp-block-heading\"><strong>Live<\/strong><\/h3>\n\n\n\n<h3 class=\"wp-block-heading has-text-align-center\"><em>Retrouvez le score du match en live en story sur nos comptes Instagram et Facebook <\/em><\/h3>\n\n\n\n<p><\/p>\n\n\n\n<div class=\"wp-block-columns is-layout-flex wp-container-core-columns-is-layout-9d6595d7 wp-block-columns-is-layout-flex\">\n<div class=\"wp-block-column is-vertically-aligned-top is-layout-flow wp-block-column-is-layout-flow\" style=\"flex-basis:50%\"><div class=\"wp-block-image\">\n<figure class=\"aligncenter\"><a href=\"https:\/\/www.instagram.com\/fcgueugnon\/\"><img loading=\"lazy\" decoding=\"async\" width=\"124\" height=\"128\" src=\"https:\/\/www.fcgueugnon.fr\/site\/wp-content\/uploads\/2022\/07\/logo-instagra-mreleif.png\" alt=\"\" class=\"wp-image-95\"\/><\/a><\/figure>\n<\/div><\/div>\n\n\n\n<div class=\"wp-block-column is-layout-flow wp-block-column-is-layout-flow\" style=\"flex-basis:50%\"><div class=\"wp-block-image\">\n<figure class=\"aligncenter size-full has-lightbox\"><a href=\"https:\/\/www.facebook.com\/FCGueugnon\"><img loading=\"lazy\" decoding=\"async\" width=\"128\" height=\"125\" src=\"https:\/\/www.fcgueugnon.fr\/site\/wp-content\/uploads\/2022\/07\/logo-facebook-relief.png\" alt=\"\" class=\"wp-image-93\"\/><\/a><\/figure>\n<\/div><\/div>\n<\/div>\n\n\n\n<div style=\"height:50px\" aria-hidden=\"true\" class=\"wp-block-spacer\"><\/div>\n\n\n\n<h3 class=\"wp-block-heading\">\ud83d\uddd3 <strong>La 18e journ\u00e9e de N3<\/strong><\/h3>\n\n\n\n<p>Samedi 8 mars 2025<br>18h00 : AJ Auxerre B \/ ESTAC B <br>18h00 : Dijon FCO B \/ Neuilly sur Marne<br>18h00 : St Maur Lusitanos \/ FC Montceau<br>18h00 : Louhans-Cuiseaux \/ Racing Club de France<br>18h00 : SG FC \/ Dijon ASPTT<br>18h00 : US Ivry \/ Moulins-Yzeure<br><strong>18h00 : FC Gueugnon \/ US Torcy<\/strong><\/p>\n\n\n\n<div style=\"height:20px\" aria-hidden=\"true\" class=\"wp-block-spacer\"><\/div>\n\n\n\n<div class=\"wp-block-columns is-not-stacked-on-mobile is-layout-flex wp-container-core-columns-is-layout-9d6595d7 wp-block-columns-is-layout-flex\">\n<div class=\"wp-block-column is-layout-flow wp-block-column-is-layout-flow\">\n<div class=\"wp-block-buttons is-content-justification-right is-layout-flex wp-container-core-buttons-is-layout-765c4724 wp-block-buttons-is-layout-flex\">\n<div class=\"wp-block-button\"><a class=\"wp-block-button__link has-text-align-center wp-element-button\" href=\"https:\/\/www.fcgueugnon.fr\/site\/calendrier-seniors-a-national-3-bourgogne-franche-comte\">Calendrier<\/a><\/div>\n<\/div>\n<\/div>\n\n\n\n<div class=\"wp-block-column is-layout-flow wp-block-column-is-layout-flow\">\n<div class=\"wp-block-buttons is-content-justification-left is-layout-flex wp-container-core-buttons-is-layout-fdcfc74e wp-block-buttons-is-layout-flex\">\n<div class=\"wp-block-button\"><a class=\"wp-block-button__link has-text-align-center wp-element-button\" href=\"https:\/\/www.fcgueugnon.fr\/site\/classement-national-3-bourgogne-franche-comte\">Classement<\/a><\/div>\n<\/div>\n<\/div>\n<\/div>\n\n\n\n<div style=\"height:100px\" aria-hidden=\"true\" class=\"wp-block-spacer\"><\/div>\n","protected":false},"excerpt":{"rendered":"<p>C&rsquo;est un concurrent direct que re\u00e7oivent les forgerons ce samedi 8 mars au stade Jean Laville. \ud83c\udd9a L&rsquo;adversaire : US Torcy PVM Sous la direction de&nbsp;Samir Salah, le club de la Vall\u00e9e de la Marne a connu un d\u00e9but de saison difficile avec 4 d\u00e9faites d&rsquo;entr\u00e9e avant sa premi\u00e8re victoire contre le FC Montceau. Un &#8230; <\/p>\n<p class=\"read-more-container\"><a title=\"[N3 J18 : FC Gueugnon \u2013 US Torcy PCM] Avant-match\" class=\"read-more button\" href=\"https:\/\/www.fcgueugnon.fr\/site\/n3-j18-fc-gueugnon-us-torcy-pcm-avant-match\/53524#more-53524\" aria-label=\"Plus sur [N3 J18 : FC Gueugnon \u2013 US Torcy PCM] Avant-match\">Lire la suite<\/a><\/p>\n","protected":false},"author":1,"featured_media":53537,"comment_status":"closed","ping_status":"closed","sticky":false,"template":"","format":"standard","meta":{"footnotes":""},"categories":[4,62],"tags":[28],"class_list":["post-53524","post","type-post","status-publish","format-standard","has-post-thumbnail","hentry","category-news","category-news-2024-2025","tag-avant-match","infinite-scroll-item","generate-columns","tablet-grid-50","mobile-grid-100","grid-parent","grid-25","resize-featured-image"],"yoast_head":"<!-- This site is optimized with the Yoast SEO plugin v26.6 - https:\/\/yoast.com\/wordpress\/plugins\/seo\/ -->\n<title>[N3 J18 : FC Gueugnon \u2013 US Torcy PCM] Avant-match &#8226; FOOTBALL CLUB GUEUGNON<\/title>\n<meta name=\"robots\" content=\"index, follow, max-snippet:-1, max-image-preview:large, max-video-preview:-1\" \/>\n<link rel=\"canonical\" href=\"https:\/\/www.fcgueugnon.fr\/site\/n3-j18-fc-gueugnon-us-torcy-pcm-avant-match\/53524\" \/>\n<meta property=\"og:locale\" content=\"fr_FR\" \/>\n<meta property=\"og:type\" content=\"article\" \/>\n<meta property=\"og:title\" content=\"[N3 J18 : FC Gueugnon \u2013 US Torcy PCM] Avant-match &#8226; FOOTBALL CLUB GUEUGNON\" \/>\n<meta property=\"og:description\" content=\"C&rsquo;est un concurrent direct que re\u00e7oivent les forgerons ce samedi 8 mars au stade Jean Laville. \ud83c\udd9a L&rsquo;adversaire : US Torcy PVM Sous la direction de&nbsp;Samir Salah, le club de la Vall\u00e9e de la Marne a connu un d\u00e9but de saison difficile avec 4 d\u00e9faites d&rsquo;entr\u00e9e avant sa premi\u00e8re victoire contre le FC Montceau. Un ... Lire la suite\" \/>\n<meta property=\"og:url\" content=\"https:\/\/www.fcgueugnon.fr\/site\/n3-j18-fc-gueugnon-us-torcy-pcm-avant-match\/53524\" \/>\n<meta property=\"og:site_name\" content=\"FOOTBALL CLUB GUEUGNON\" \/>\n<meta property=\"article:publisher\" content=\"http:\/\/facebook.com\/FCGueugnon\" \/>\n<meta property=\"article:published_time\" content=\"2025-03-07T08:46:34+00:00\" \/>\n<meta property=\"article:modified_time\" content=\"2025-03-07T08:46:37+00:00\" \/>\n<meta property=\"og:image\" content=\"https:\/\/www.fcgueugnon.fr\/site\/wp-content\/uploads\/2025\/03\/AVANT-MATCH-TORCY.jpg\" \/>\n\t<meta property=\"og:image:width\" content=\"800\" \/>\n\t<meta property=\"og:image:height\" content=\"500\" \/>\n\t<meta property=\"og:image:type\" content=\"image\/jpeg\" \/>\n<meta name=\"author\" content=\"FC Gueugnon\" \/>\n<meta name=\"twitter:card\" content=\"summary_large_image\" \/>\n<meta name=\"twitter:creator\" content=\"@FCGueugnon_off\" \/>\n<meta name=\"twitter:site\" content=\"@FCGueugnon_off\" \/>\n<meta name=\"twitter:label1\" content=\"\u00c9crit par\" \/>\n\t<meta name=\"twitter:data1\" content=\"FC Gueugnon\" \/>\n\t<meta name=\"twitter:label2\" content=\"Dur\u00e9e de lecture estim\u00e9e\" \/>\n\t<meta name=\"twitter:data2\" content=\"5 minutes\" \/>\n<script type=\"application\/ld+json\" class=\"yoast-schema-graph\">{\"@context\":\"https:\/\/schema.org\",\"@graph\":[{\"@type\":\"Article\",\"@id\":\"https:\/\/www.fcgueugnon.fr\/site\/n3-j18-fc-gueugnon-us-torcy-pcm-avant-match\/53524#article\",\"isPartOf\":{\"@id\":\"https:\/\/www.fcgueugnon.fr\/site\/n3-j18-fc-gueugnon-us-torcy-pcm-avant-match\/53524\"},\"author\":{\"name\":\"FC Gueugnon\",\"@id\":\"https:\/\/www.fcgueugnon.fr\/site\/#\/schema\/person\/f6444fbdd35fa731ee974c03508738fb\"},\"headline\":\"[N3 J18 : FC Gueugnon \u2013 US Torcy PCM] Avant-match\",\"datePublished\":\"2025-03-07T08:46:34+00:00\",\"dateModified\":\"2025-03-07T08:46:37+00:00\",\"mainEntityOfPage\":{\"@id\":\"https:\/\/www.fcgueugnon.fr\/site\/n3-j18-fc-gueugnon-us-torcy-pcm-avant-match\/53524\"},\"wordCount\":604,\"publisher\":{\"@id\":\"https:\/\/www.fcgueugnon.fr\/site\/#organization\"},\"image\":{\"@id\":\"https:\/\/www.fcgueugnon.fr\/site\/n3-j18-fc-gueugnon-us-torcy-pcm-avant-match\/53524#primaryimage\"},\"thumbnailUrl\":\"https:\/\/www.fcgueugnon.fr\/site\/wp-content\/uploads\/2025\/03\/AVANT-MATCH-TORCY.jpg\",\"keywords\":[\"Avant-match\"],\"articleSection\":[\"News\",\"News 2024\/2025\"],\"inLanguage\":\"fr-FR\"},{\"@type\":\"WebPage\",\"@id\":\"https:\/\/www.fcgueugnon.fr\/site\/n3-j18-fc-gueugnon-us-torcy-pcm-avant-match\/53524\",\"url\":\"https:\/\/www.fcgueugnon.fr\/site\/n3-j18-fc-gueugnon-us-torcy-pcm-avant-match\/53524\",\"name\":\"[N3 J18 : FC Gueugnon \u2013 US Torcy PCM] Avant-match &#8226; FOOTBALL CLUB GUEUGNON\",\"isPartOf\":{\"@id\":\"https:\/\/www.fcgueugnon.fr\/site\/#website\"},\"primaryImageOfPage\":{\"@id\":\"https:\/\/www.fcgueugnon.fr\/site\/n3-j18-fc-gueugnon-us-torcy-pcm-avant-match\/53524#primaryimage\"},\"image\":{\"@id\":\"https:\/\/www.fcgueugnon.fr\/site\/n3-j18-fc-gueugnon-us-torcy-pcm-avant-match\/53524#primaryimage\"},\"thumbnailUrl\":\"https:\/\/www.fcgueugnon.fr\/site\/wp-content\/uploads\/2025\/03\/AVANT-MATCH-TORCY.jpg\",\"datePublished\":\"2025-03-07T08:46:34+00:00\",\"dateModified\":\"2025-03-07T08:46:37+00:00\",\"breadcrumb\":{\"@id\":\"https:\/\/www.fcgueugnon.fr\/site\/n3-j18-fc-gueugnon-us-torcy-pcm-avant-match\/53524#breadcrumb\"},\"inLanguage\":\"fr-FR\",\"potentialAction\":[{\"@type\":\"ReadAction\",\"target\":[\"https:\/\/www.fcgueugnon.fr\/site\/n3-j18-fc-gueugnon-us-torcy-pcm-avant-match\/53524\"]}]},{\"@type\":\"ImageObject\",\"inLanguage\":\"fr-FR\",\"@id\":\"https:\/\/www.fcgueugnon.fr\/site\/n3-j18-fc-gueugnon-us-torcy-pcm-avant-match\/53524#primaryimage\",\"url\":\"https:\/\/www.fcgueugnon.fr\/site\/wp-content\/uploads\/2025\/03\/AVANT-MATCH-TORCY.jpg\",\"contentUrl\":\"https:\/\/www.fcgueugnon.fr\/site\/wp-content\/uploads\/2025\/03\/AVANT-MATCH-TORCY.jpg\",\"width\":800,\"height\":500},{\"@type\":\"BreadcrumbList\",\"@id\":\"https:\/\/www.fcgueugnon.fr\/site\/n3-j18-fc-gueugnon-us-torcy-pcm-avant-match\/53524#breadcrumb\",\"itemListElement\":[{\"@type\":\"ListItem\",\"position\":1,\"name\":\"Accueil\",\"item\":\"https:\/\/www.fcgueugnon.fr\/site\/\"},{\"@type\":\"ListItem\",\"position\":2,\"name\":\"[N3 J18 : FC Gueugnon \u2013 US Torcy PCM] Avant-match\"}]},{\"@type\":\"WebSite\",\"@id\":\"https:\/\/www.fcgueugnon.fr\/site\/#website\",\"url\":\"https:\/\/www.fcgueugnon.fr\/site\/\",\"name\":\"FOOTBALL CLUB GUEUGNON\",\"description\":\"Le Site Officiel des Forgerons\",\"publisher\":{\"@id\":\"https:\/\/www.fcgueugnon.fr\/site\/#organization\"},\"potentialAction\":[{\"@type\":\"SearchAction\",\"target\":{\"@type\":\"EntryPoint\",\"urlTemplate\":\"https:\/\/www.fcgueugnon.fr\/site\/?s={search_term_string}\"},\"query-input\":{\"@type\":\"PropertyValueSpecification\",\"valueRequired\":true,\"valueName\":\"search_term_string\"}}],\"inLanguage\":\"fr-FR\"},{\"@type\":\"Organization\",\"@id\":\"https:\/\/www.fcgueugnon.fr\/site\/#organization\",\"name\":\"FC Gueugnon\",\"url\":\"https:\/\/www.fcgueugnon.fr\/site\/\",\"logo\":{\"@type\":\"ImageObject\",\"inLanguage\":\"fr-FR\",\"@id\":\"https:\/\/www.fcgueugnon.fr\/site\/#\/schema\/logo\/image\/\",\"url\":\"https:\/\/www.fcgueugnon.fr\/site\/wp-content\/uploads\/2022\/07\/cropped-Logo-FCGUEUGNON-low-350x350-1.png\",\"contentUrl\":\"https:\/\/www.fcgueugnon.fr\/site\/wp-content\/uploads\/2022\/07\/cropped-Logo-FCGUEUGNON-low-350x350-1.png\",\"width\":350,\"height\":350,\"caption\":\"FC Gueugnon\"},\"image\":{\"@id\":\"https:\/\/www.fcgueugnon.fr\/site\/#\/schema\/logo\/image\/\"},\"sameAs\":[\"http:\/\/facebook.com\/FCGueugnon\",\"https:\/\/x.com\/FCGueugnon_off\",\"https:\/\/www.instagram.com\/fcgueugnon\/\",\"https:\/\/www.linkedin.com\/company\/football-club-de-gueugnon\/\",\"https:\/\/www.youtube.com\/user\/FCGueugnonnais\",\"https:\/\/fr.wikipedia.org\/wiki\/Football_Club_de_Gueugnon\"]},{\"@type\":\"Person\",\"@id\":\"https:\/\/www.fcgueugnon.fr\/site\/#\/schema\/person\/f6444fbdd35fa731ee974c03508738fb\",\"name\":\"FC Gueugnon\",\"sameAs\":[\"https:\/\/www.fcgueugnon.fr\/site\"],\"url\":\"https:\/\/www.fcgueugnon.fr\/site\/author\/admin-antho\"}]}<\/script>\n<!-- \/ Yoast SEO plugin. -->","yoast_head_json":{"title":"[N3 J18 : FC Gueugnon \u2013 US Torcy PCM] Avant-match &#8226; FOOTBALL CLUB GUEUGNON","robots":{"index":"index","follow":"follow","max-snippet":"max-snippet:-1","max-image-preview":"max-image-preview:large","max-video-preview":"max-video-preview:-1"},"canonical":"https:\/\/www.fcgueugnon.fr\/site\/n3-j18-fc-gueugnon-us-torcy-pcm-avant-match\/53524","og_locale":"fr_FR","og_type":"article","og_title":"[N3 J18 : FC Gueugnon \u2013 US Torcy PCM] Avant-match &#8226; FOOTBALL CLUB GUEUGNON","og_description":"C&rsquo;est un concurrent direct que re\u00e7oivent les forgerons ce samedi 8 mars au stade Jean Laville. \ud83c\udd9a L&rsquo;adversaire : US Torcy PVM Sous la direction de&nbsp;Samir Salah, le club de la Vall\u00e9e de la Marne a connu un d\u00e9but de saison difficile avec 4 d\u00e9faites d&rsquo;entr\u00e9e avant sa premi\u00e8re victoire contre le FC Montceau. Un ... Lire la suite","og_url":"https:\/\/www.fcgueugnon.fr\/site\/n3-j18-fc-gueugnon-us-torcy-pcm-avant-match\/53524","og_site_name":"FOOTBALL CLUB GUEUGNON","article_publisher":"http:\/\/facebook.com\/FCGueugnon","article_published_time":"2025-03-07T08:46:34+00:00","article_modified_time":"2025-03-07T08:46:37+00:00","og_image":[{"width":800,"height":500,"url":"https:\/\/www.fcgueugnon.fr\/site\/wp-content\/uploads\/2025\/03\/AVANT-MATCH-TORCY.jpg","type":"image\/jpeg"}],"author":"FC Gueugnon","twitter_card":"summary_large_image","twitter_creator":"@FCGueugnon_off","twitter_site":"@FCGueugnon_off","twitter_misc":{"\u00c9crit par":"FC Gueugnon","Dur\u00e9e de lecture estim\u00e9e":"5 minutes"},"schema":{"@context":"https:\/\/schema.org","@graph":[{"@type":"Article","@id":"https:\/\/www.fcgueugnon.fr\/site\/n3-j18-fc-gueugnon-us-torcy-pcm-avant-match\/53524#article","isPartOf":{"@id":"https:\/\/www.fcgueugnon.fr\/site\/n3-j18-fc-gueugnon-us-torcy-pcm-avant-match\/53524"},"author":{"name":"FC Gueugnon","@id":"https:\/\/www.fcgueugnon.fr\/site\/#\/schema\/person\/f6444fbdd35fa731ee974c03508738fb"},"headline":"[N3 J18 : FC Gueugnon \u2013 US Torcy PCM] Avant-match","datePublished":"2025-03-07T08:46:34+00:00","dateModified":"2025-03-07T08:46:37+00:00","mainEntityOfPage":{"@id":"https:\/\/www.fcgueugnon.fr\/site\/n3-j18-fc-gueugnon-us-torcy-pcm-avant-match\/53524"},"wordCount":604,"publisher":{"@id":"https:\/\/www.fcgueugnon.fr\/site\/#organization"},"image":{"@id":"https:\/\/www.fcgueugnon.fr\/site\/n3-j18-fc-gueugnon-us-torcy-pcm-avant-match\/53524#primaryimage"},"thumbnailUrl":"https:\/\/www.fcgueugnon.fr\/site\/wp-content\/uploads\/2025\/03\/AVANT-MATCH-TORCY.jpg","keywords":["Avant-match"],"articleSection":["News","News 2024\/2025"],"inLanguage":"fr-FR"},{"@type":"WebPage","@id":"https:\/\/www.fcgueugnon.fr\/site\/n3-j18-fc-gueugnon-us-torcy-pcm-avant-match\/53524","url":"https:\/\/www.fcgueugnon.fr\/site\/n3-j18-fc-gueugnon-us-torcy-pcm-avant-match\/53524","name":"[N3 J18 : FC Gueugnon \u2013 US Torcy PCM] Avant-match &#8226; FOOTBALL CLUB GUEUGNON","isPartOf":{"@id":"https:\/\/www.fcgueugnon.fr\/site\/#website"},"primaryImageOfPage":{"@id":"https:\/\/www.fcgueugnon.fr\/site\/n3-j18-fc-gueugnon-us-torcy-pcm-avant-match\/53524#primaryimage"},"image":{"@id":"https:\/\/www.fcgueugnon.fr\/site\/n3-j18-fc-gueugnon-us-torcy-pcm-avant-match\/53524#primaryimage"},"thumbnailUrl":"https:\/\/www.fcgueugnon.fr\/site\/wp-content\/uploads\/2025\/03\/AVANT-MATCH-TORCY.jpg","datePublished":"2025-03-07T08:46:34+00:00","dateModified":"2025-03-07T08:46:37+00:00","breadcrumb":{"@id":"https:\/\/www.fcgueugnon.fr\/site\/n3-j18-fc-gueugnon-us-torcy-pcm-avant-match\/53524#breadcrumb"},"inLanguage":"fr-FR","potentialAction":[{"@type":"ReadAction","target":["https:\/\/www.fcgueugnon.fr\/site\/n3-j18-fc-gueugnon-us-torcy-pcm-avant-match\/53524"]}]},{"@type":"ImageObject","inLanguage":"fr-FR","@id":"https:\/\/www.fcgueugnon.fr\/site\/n3-j18-fc-gueugnon-us-torcy-pcm-avant-match\/53524#primaryimage","url":"https:\/\/www.fcgueugnon.fr\/site\/wp-content\/uploads\/2025\/03\/AVANT-MATCH-TORCY.jpg","contentUrl":"https:\/\/www.fcgueugnon.fr\/site\/wp-content\/uploads\/2025\/03\/AVANT-MATCH-TORCY.jpg","width":800,"height":500},{"@type":"BreadcrumbList","@id":"https:\/\/www.fcgueugnon.fr\/site\/n3-j18-fc-gueugnon-us-torcy-pcm-avant-match\/53524#breadcrumb","itemListElement":[{"@type":"ListItem","position":1,"name":"Accueil","item":"https:\/\/www.fcgueugnon.fr\/site\/"},{"@type":"ListItem","position":2,"name":"[N3 J18 : FC Gueugnon \u2013 US Torcy PCM] Avant-match"}]},{"@type":"WebSite","@id":"https:\/\/www.fcgueugnon.fr\/site\/#website","url":"https:\/\/www.fcgueugnon.fr\/site\/","name":"FOOTBALL CLUB GUEUGNON","description":"Le Site Officiel des Forgerons","publisher":{"@id":"https:\/\/www.fcgueugnon.fr\/site\/#organization"},"potentialAction":[{"@type":"SearchAction","target":{"@type":"EntryPoint","urlTemplate":"https:\/\/www.fcgueugnon.fr\/site\/?s={search_term_string}"},"query-input":{"@type":"PropertyValueSpecification","valueRequired":true,"valueName":"search_term_string"}}],"inLanguage":"fr-FR"},{"@type":"Organization","@id":"https:\/\/www.fcgueugnon.fr\/site\/#organization","name":"FC Gueugnon","url":"https:\/\/www.fcgueugnon.fr\/site\/","logo":{"@type":"ImageObject","inLanguage":"fr-FR","@id":"https:\/\/www.fcgueugnon.fr\/site\/#\/schema\/logo\/image\/","url":"https:\/\/www.fcgueugnon.fr\/site\/wp-content\/uploads\/2022\/07\/cropped-Logo-FCGUEUGNON-low-350x350-1.png","contentUrl":"https:\/\/www.fcgueugnon.fr\/site\/wp-content\/uploads\/2022\/07\/cropped-Logo-FCGUEUGNON-low-350x350-1.png","width":350,"height":350,"caption":"FC Gueugnon"},"image":{"@id":"https:\/\/www.fcgueugnon.fr\/site\/#\/schema\/logo\/image\/"},"sameAs":["http:\/\/facebook.com\/FCGueugnon","https:\/\/x.com\/FCGueugnon_off","https:\/\/www.instagram.com\/fcgueugnon\/","https:\/\/www.linkedin.com\/company\/football-club-de-gueugnon\/","https:\/\/www.youtube.com\/user\/FCGueugnonnais","https:\/\/fr.wikipedia.org\/wiki\/Football_Club_de_Gueugnon"]},{"@type":"Person","@id":"https:\/\/www.fcgueugnon.fr\/site\/#\/schema\/person\/f6444fbdd35fa731ee974c03508738fb","name":"FC Gueugnon","sameAs":["https:\/\/www.fcgueugnon.fr\/site"],"url":"https:\/\/www.fcgueugnon.fr\/site\/author\/admin-antho"}]}},"rttpg_featured_image_url":{"full":["https:\/\/www.fcgueugnon.fr\/site\/wp-content\/uploads\/2025\/03\/AVANT-MATCH-TORCY.jpg",800,500,false],"landscape":["https:\/\/www.fcgueugnon.fr\/site\/wp-content\/uploads\/2025\/03\/AVANT-MATCH-TORCY.jpg",800,500,false],"portraits":["https:\/\/www.fcgueugnon.fr\/site\/wp-content\/uploads\/2025\/03\/AVANT-MATCH-TORCY.jpg",800,500,false],"thumbnail":["https:\/\/www.fcgueugnon.fr\/site\/wp-content\/uploads\/2025\/03\/AVANT-MATCH-TORCY-150x150.jpg",150,150,true],"medium":["https:\/\/www.fcgueugnon.fr\/site\/wp-content\/uploads\/2025\/03\/AVANT-MATCH-TORCY-400x250.jpg",400,250,true],"large":["https:\/\/www.fcgueugnon.fr\/site\/wp-content\/uploads\/2025\/03\/AVANT-MATCH-TORCY.jpg",800,500,false],"1536x1536":["https:\/\/www.fcgueugnon.fr\/site\/wp-content\/uploads\/2025\/03\/AVANT-MATCH-TORCY.jpg",800,500,false],"2048x2048":["https:\/\/www.fcgueugnon.fr\/site\/wp-content\/uploads\/2025\/03\/AVANT-MATCH-TORCY.jpg",800,500,false]},"rttpg_author":{"display_name":"FC Gueugnon","author_link":"https:\/\/www.fcgueugnon.fr\/site\/author\/admin-antho"},"rttpg_comment":0,"rttpg_category":"<a href=\"https:\/\/www.fcgueugnon.fr\/site\/category\/news\" rel=\"category tag\">News<\/a> <a href=\"https:\/\/www.fcgueugnon.fr\/site\/category\/news\/news-2024-2025\" rel=\"category tag\">News 2024\/2025<\/a>","rttpg_excerpt":"C&rsquo;est un concurrent direct que re\u00e7oivent les forgerons ce samedi 8 mars au stade Jean Laville. \ud83c\udd9a L&rsquo;adversaire : US Torcy PVM Sous la direction de&nbsp;Samir Salah, le club de la Vall\u00e9e de la Marne a connu un d\u00e9but de saison difficile avec 4 d\u00e9faites d&rsquo;entr\u00e9e avant sa premi\u00e8re victoire contre le FC Montceau. Un\u2026","_links":{"self":[{"href":"https:\/\/www.fcgueugnon.fr\/site\/wp-json\/wp\/v2\/posts\/53524","targetHints":{"allow":["GET"]}}],"collection":[{"href":"https:\/\/www.fcgueugnon.fr\/site\/wp-json\/wp\/v2\/posts"}],"about":[{"href":"https:\/\/www.fcgueugnon.fr\/site\/wp-json\/wp\/v2\/types\/post"}],"author":[{"embeddable":true,"href":"https:\/\/www.fcgueugnon.fr\/site\/wp-json\/wp\/v2\/users\/1"}],"replies":[{"embeddable":true,"href":"https:\/\/www.fcgueugnon.fr\/site\/wp-json\/wp\/v2\/comments?post=53524"}],"version-history":[{"count":2,"href":"https:\/\/www.fcgueugnon.fr\/site\/wp-json\/wp\/v2\/posts\/53524\/revisions"}],"predecessor-version":[{"id":53538,"href":"https:\/\/www.fcgueugnon.fr\/site\/wp-json\/wp\/v2\/posts\/53524\/revisions\/53538"}],"wp:featuredmedia":[{"embeddable":true,"href":"https:\/\/www.fcgueugnon.fr\/site\/wp-json\/wp\/v2\/media\/53537"}],"wp:attachment":[{"href":"https:\/\/www.fcgueugnon.fr\/site\/wp-json\/wp\/v2\/media?parent=53524"}],"wp:term":[{"taxonomy":"category","embeddable":true,"href":"https:\/\/www.fcgueugnon.fr\/site\/wp-json\/wp\/v2\/categories?post=53524"},{"taxonomy":"post_tag","embeddable":true,"href":"https:\/\/www.fcgueugnon.fr\/site\/wp-json\/wp\/v2\/tags?post=53524"}],"curies":[{"name":"wp","href":"https:\/\/api.w.org\/{rel}","templated":true}]}}