{"id":53465,"date":"2025-02-28T09:40:15","date_gmt":"2025-02-28T08:40:15","guid":{"rendered":"https:\/\/www.fcgueugnon.fr\/site\/?p=53465"},"modified":"2025-02-28T09:40:17","modified_gmt":"2025-02-28T08:40:17","slug":"n3-j13-fc-montceau-fc-gueugnon-duel-entre-voisins-pour-lederbydu71-2","status":"publish","type":"post","link":"https:\/\/www.fcgueugnon.fr\/site\/n3-j13-fc-montceau-fc-gueugnon-duel-entre-voisins-pour-lederbydu71-2\/53465","title":{"rendered":"[N3 J13 : FC Montceau &#8211; FC Gueugnon] Duel entre voisins pour #LeDerbyDu71 !"},"content":{"rendered":"\n<h2 class=\"wp-block-heading\">C&rsquo;est un Gueugnon, mal class\u00e9 mais d\u00e9termin\u00e9, qui a rendez-vous ce samedi chez son voisin montcellien pour <strong>#LeDerbyDu71<\/strong> !<\/h2>\n\n\n\n<div class=\"wp-block-getwid-image-box getwid-animation has-text-center has-mobile-layout-default has-mobile-alignment-center\" data-animation=\"pulse\"><div class=\"wp-block-getwid-image-box__image-container is-position-top\"><div class=\"wp-block-getwid-image-box__image-wrapper\"><img loading=\"lazy\" decoding=\"async\" width=\"1024\" height=\"683\" src=\"https:\/\/www.fcgueugnon.fr\/site\/wp-content\/uploads\/2025\/01\/04I7082-1024x683.jpg\" alt=\"\" class=\"wp-block-getwid-image-box__image wp-image-53026\" srcset=\"https:\/\/www.fcgueugnon.fr\/site\/wp-content\/uploads\/2025\/01\/04I7082-1024x683.jpg 1024w, https:\/\/www.fcgueugnon.fr\/site\/wp-content\/uploads\/2025\/01\/04I7082-400x267.jpg 400w, https:\/\/www.fcgueugnon.fr\/site\/wp-content\/uploads\/2025\/01\/04I7082-768x512.jpg 768w, https:\/\/www.fcgueugnon.fr\/site\/wp-content\/uploads\/2025\/01\/04I7082-1536x1024.jpg 1536w, https:\/\/www.fcgueugnon.fr\/site\/wp-content\/uploads\/2025\/01\/04I7082-2048x1365.jpg 2048w, https:\/\/www.fcgueugnon.fr\/site\/wp-content\/uploads\/2025\/01\/04I7082-1320x880.jpg 1320w\" sizes=\"auto, (max-width: 1024px) 100vw, 1024px\" \/><\/div><\/div><div class=\"wp-block-getwid-image-box__content\">\n<h3 class=\"wp-block-heading\"><\/h3>\n<\/div><\/div>\n\n\n\n<div style=\"height:50px\" aria-hidden=\"true\" class=\"wp-block-spacer\"><\/div>\n\n\n\n<div class=\"wp-block-columns is-layout-flex wp-container-core-columns-is-layout-9d6595d7 wp-block-columns-is-layout-flex\">\n<div class=\"wp-block-column is-layout-flow wp-block-column-is-layout-flow\">\n<h3 class=\"wp-block-heading\">\ud83c\udd9a <em><strong>L&rsquo;adversaire <\/strong><\/em>: FC Montceau<\/h3>\n\n\n\n<p>Apr\u00e8s une saison au purgatoire, le voisin montcellien a fait son retour en N3 suite \u00e0 une saison exemplaire conclue par une victoire d\u00e9cisive face au FC Chalon. Men\u00e9e par <strong>Lionel Large<\/strong>, entra\u00eeneur exp\u00e9riment\u00e9 et fid\u00e8le qui c\u00e9l\u00e8bre l\u00e0 sa 49e licence, l\u2019\u00e9quipe du promu est rest\u00e9e inchang\u00e9e, sans aucun d\u00e9part et avec l&rsquo;arriv\u00e9e de huit nouveaux joueurs.<\/p>\n\n\n\n<p>Longuement invaincu \u00e0 domicile et s&rsquo;appuyant sur des victoires probantes, Montceau reste sur 1 seul point pris lors des 4 derniers matchs. Une dynamique pla\u00e7ant d\u00e9sormais<strong> les mineurs dans la zone de turbulence <\/strong>\u00e0 la 11e position et premier rel\u00e9gable (17 points, 4V\/5N\/7D) avant ce match en retard comptant pour la 13e journ\u00e9e.<\/p>\n\n\n\n<p>N\u00e9anmoins, le club a su se montrer solide et compte bien le prouver dans ce <strong>derby historique <\/strong>avec l&rsquo;objectif de s\u00e9curiser sa place au plus vite !<\/p>\n<\/div>\n\n\n\n<div class=\"wp-block-column is-layout-flow wp-block-column-is-layout-flow\">\n<h3 class=\"wp-block-heading\">\ud83d\udfe1\ud83d\udd35 <em><strong>Le FC Gueugnon<\/strong><\/em><\/h3>\n\n\n\n<p>Toujours emp\u00eatr\u00e9s dans le fond du classement, <strong>les gueugnonnais n&rsquo;arrivent pas \u00e0 cr\u00e9er une dynamique positive <\/strong>malgr\u00e9 l&rsquo;implication et l&rsquo;\u00e9tat d&rsquo;esprit des joueurs. Le week-end dernier face \u00e0 Ivry, le FCG a continu\u00e9 de souffrir de son mal r\u00e9current : une inefficacit\u00e9 criante dans la zone de v\u00e9rit\u00e9. Un penalty transform\u00e9 contraignant l\u2019\u00e9quipe \u00e0 se d\u00e9couvrir pour une prise de risque fatale qui a scell\u00e9 une \u00ab\u00a0mauvaise op\u00e9ration\u00a0\u00bb selon l&rsquo;entra\u00eeneur<strong> Fatsah Amghar<\/strong> (d\u00e9faite 2-0). <\/p>\n\n\n\n<p><strong>Guy Clopin<\/strong>, lucide, soulignant ce probl\u00e8me majeur : \u00ab <em>On ne met pas les ballons au fond, et un penalty litigieux ou une erreur d\u00e9fensive nous co\u00fbte cher, voil\u00e0 pourquoi nous sommes derniers.<\/em> \u00bb avant de se projeter : \u00ab <em>Le derby contre Montceau est une rencontre sp\u00e9ciale. Ce sera un tournant de notre saison.<\/em> \u00bb<\/p>\n\n\n\n<p>Car si Gueugnon ne peut descendre plus bas au classement, ses 2 matchs en retard donnent l&rsquo;opportunit\u00e9 de prendre des points&#8230; Et quoi de mieux qu&rsquo;un <strong>derby <\/strong>pour honorer ses supporters et se surpasser ? <\/p>\n<\/div>\n<\/div>\n\n\n\n<div style=\"height:50px\" aria-hidden=\"true\" class=\"wp-block-spacer\"><\/div>\n\n\n\n<div class=\"wp-block-media-text alignwide has-media-on-the-right is-stacked-on-mobile is-vertically-aligned-center is-style-default\" style=\"grid-template-columns:auto 35%\"><div class=\"wp-block-media-text__content\">\n<h3 class=\"wp-block-heading\">\ud83d\udce3 <em><strong>La d\u00e9cla&rsquo;<\/strong><\/em><\/h3>\n\n\n\n<blockquote class=\"wp-block-quote is-layout-flow wp-block-quote-is-layout-flow\">\n<p>\u00ab Le derby contre Montceau est une rencontre sp\u00e9ciale. Ce sera un tournant de notre saison. \u00bb<\/p>\n<cite><strong>Guy CLOPIN (Dirigeant)<\/strong><\/cite><\/blockquote>\n\n\n\n<p class=\"has-text-align-center\"><em><a href=\"https:\/\/www.fcgueugnon.fr\/site\/podcast-guy-clopin-le-derby-contre-montceau-est-une-rencontre-speciale-ce-sera-un-tournant-de-notre-saison\/53459\">\u00e0 \u00e9couter en podcast sur ce lien<\/a><\/em><\/p>\n<\/div><figure class=\"wp-block-media-text__media\"><img loading=\"lazy\" decoding=\"async\" width=\"510\" height=\"640\" src=\"https:\/\/www.fcgueugnon.fr\/site\/wp-content\/uploads\/2025\/01\/TOTAL-FOOT-24-25-Guy-Clopin-2-1024x640-1.jpg\" alt=\"\" class=\"wp-image-52963 size-full\" srcset=\"https:\/\/www.fcgueugnon.fr\/site\/wp-content\/uploads\/2025\/01\/TOTAL-FOOT-24-25-Guy-Clopin-2-1024x640-1.jpg 510w, https:\/\/www.fcgueugnon.fr\/site\/wp-content\/uploads\/2025\/01\/TOTAL-FOOT-24-25-Guy-Clopin-2-1024x640-1-319x400.jpg 319w\" sizes=\"auto, (max-width: 510px) 100vw, 510px\" \/><\/figure><\/div>\n\n\n\n<p class=\"has-text-align-center\"><\/p>\n\n\n\n<div style=\"height:50px\" aria-hidden=\"true\" class=\"wp-block-spacer\"><\/div>\n\n\n\n<p class=\"has-text-align-center is-style-info\"><span style=\"text-decoration: underline;\">Rendez-vous ce samedi 1er Mars \u00e0 18h00<\/span> pour la premi\u00e8re manche du Derby du 71 !<br> <\/p>\n\n\n\n<div style=\"height:5px\" aria-hidden=\"true\" class=\"wp-block-spacer\"><\/div>\n\n\n\n<hr class=\"wp-block-separator has-text-color has-css-opacity has-background is-style-default\" style=\"background-color:#f7db4a;color:#f7db4a\"\/>\n\n\n\n<div style=\"height:5px\" aria-hidden=\"true\" class=\"wp-block-spacer\"><\/div>\n\n\n\n<h3 class=\"wp-block-heading\">\u26bd <strong><em>La fiche<\/em><\/strong><\/h3>\n\n\n\n<h4 class=\"wp-block-heading\"><strong>NATIONAL 3 &#8211; J13<\/strong><br>Samedi 1er Mars 2025 &#8211; 18H00<br>FC MONTCEAU \/ FC GUEUGNON<\/h4>\n\n\n\n<p><strong>TERRAIN<\/strong><br>STADE DES ALOUETTES 1<br>TERRAIN HONNEUR RUE DU STADE LA SABLIERE<br>71300 &#8211; MONTCEAU LES MINES<\/p>\n\n\n\n<p><strong>SURFACE DE JEU<\/strong><br>Pelouse Naturelle<br><\/p>\n\n\n\n<p><strong>OFFICIELS<\/strong><br>Arbitre centre : MAXIM PLAT<br>Arbitre assistant 1 : CEDRIC JUNG<br>Arbitre assistant 2 : MOURAD EL IDRISSI<br>D\u00e9l\u00e9gu\u00e9 principal : MESSAOUD BOUTEFFAS<\/p>\n\n\n\n<div style=\"height:50px\" aria-hidden=\"true\" class=\"wp-block-spacer\"><\/div>\n\n\n\n<h3 class=\"wp-block-heading\"><strong>Groupe<\/strong><\/h3>\n\n\n\nA retrouver sur nos r\u00e9seaux sociaux apr\u00e8s le dernier entra\u00eenement du vendredi\n\n\n\n<div style=\"height:50px\" aria-hidden=\"true\" class=\"wp-block-spacer\"><\/div>\n\n\n\n<h3 class=\"wp-block-heading\"><strong>Live<\/strong><\/h3>\n\n\n\n<h3 class=\"wp-block-heading has-text-align-center\"><em><mark style=\"background-color:#f7db4a\" class=\"has-inline-color\">Retrouvez le score du match en live en story sur nos comptes Instagram et Facebook <\/mark><\/em><\/h3>\n\n\n\n<p><\/p>\n\n\n\n<div class=\"wp-block-columns is-layout-flex wp-container-core-columns-is-layout-9d6595d7 wp-block-columns-is-layout-flex\">\n<div class=\"wp-block-column is-vertically-aligned-top is-layout-flow wp-block-column-is-layout-flow\" style=\"flex-basis:50%\"><div class=\"wp-block-image\">\n<figure class=\"aligncenter\"><a href=\"https:\/\/www.instagram.com\/fcgueugnon\/\"><img loading=\"lazy\" decoding=\"async\" width=\"124\" height=\"128\" src=\"https:\/\/www.fcgueugnon.fr\/site\/wp-content\/uploads\/2022\/07\/logo-instagra-mreleif.png\" alt=\"\" class=\"wp-image-95\"\/><\/a><\/figure>\n<\/div><\/div>\n\n\n\n<div class=\"wp-block-column is-layout-flow wp-block-column-is-layout-flow\" style=\"flex-basis:50%\"><div class=\"wp-block-image\">\n<figure class=\"aligncenter size-full has-lightbox\"><a href=\"https:\/\/www.facebook.com\/FCGueugnon\"><img loading=\"lazy\" decoding=\"async\" width=\"128\" height=\"125\" src=\"https:\/\/www.fcgueugnon.fr\/site\/wp-content\/uploads\/2022\/07\/logo-facebook-relief.png\" alt=\"\" class=\"wp-image-93\"\/><\/a><\/figure>\n<\/div><\/div>\n<\/div>\n\n\n\n<div style=\"height:50px\" aria-hidden=\"true\" class=\"wp-block-spacer\"><\/div>\n\n\n\n<p>\ud83d\uddd3 <strong>La journ\u00e9e en retard de N3<\/strong><\/p>\n\n\n\n<p>Samedi 18 Janvier 2025<br>18h00 : Louhans-Cuiseaux \/ SG FC<br><strong>18h00 : FC Montceau \/ FC Gueugnon<\/strong><br>18h30 : Moulins-Yzeure \/ US Torcy<\/p>\n\n\n\n<div style=\"height:10px\" aria-hidden=\"true\" class=\"wp-block-spacer\"><\/div>\n\n\n\n<div class=\"wp-block-columns is-not-stacked-on-mobile is-layout-flex wp-container-core-columns-is-layout-9d6595d7 wp-block-columns-is-layout-flex\">\n<div class=\"wp-block-column is-layout-flow wp-block-column-is-layout-flow\">\n<div class=\"wp-block-buttons is-content-justification-right is-layout-flex wp-container-core-buttons-is-layout-765c4724 wp-block-buttons-is-layout-flex\">\n<div class=\"wp-block-button\"><a class=\"wp-block-button__link has-text-align-center wp-element-button\" href=\"https:\/\/www.fcgueugnon.fr\/site\/calendrier-seniors-a-national-3-bourgogne-franche-comte\">Calendrier<\/a><\/div>\n<\/div>\n<\/div>\n\n\n\n<div class=\"wp-block-column is-layout-flow wp-block-column-is-layout-flow\">\n<div class=\"wp-block-buttons is-content-justification-left is-layout-flex wp-container-core-buttons-is-layout-fdcfc74e wp-block-buttons-is-layout-flex\">\n<div class=\"wp-block-button\"><a class=\"wp-block-button__link has-text-align-center wp-element-button\" href=\"https:\/\/www.fcgueugnon.fr\/site\/classement-national-3-bourgogne-franche-comte\">Classement<\/a><\/div>\n<\/div>\n<\/div>\n<\/div>\n\n\n\n<div style=\"height:100px\" aria-hidden=\"true\" class=\"wp-block-spacer\"><\/div>\n","protected":false},"excerpt":{"rendered":"<p>C&rsquo;est un Gueugnon, mal class\u00e9 mais d\u00e9termin\u00e9, qui a rendez-vous ce samedi chez son voisin montcellien pour #LeDerbyDu71 ! \ud83c\udd9a L&rsquo;adversaire : FC Montceau Apr\u00e8s une saison au purgatoire, le voisin montcellien a fait son retour en N3 suite \u00e0 une saison exemplaire conclue par une victoire d\u00e9cisive face au FC Chalon. Men\u00e9e par Lionel &#8230; <\/p>\n<p class=\"read-more-container\"><a title=\"[N3 J13 : FC Montceau &#8211; FC Gueugnon] Duel entre voisins pour #LeDerbyDu71 !\" class=\"read-more button\" href=\"https:\/\/www.fcgueugnon.fr\/site\/n3-j13-fc-montceau-fc-gueugnon-duel-entre-voisins-pour-lederbydu71-2\/53465#more-53465\" aria-label=\"Plus sur [N3 J13 : FC Montceau &#8211; FC Gueugnon] Duel entre voisins pour #LeDerbyDu71 !\">Lire la suite<\/a><\/p>\n","protected":false},"author":1,"featured_media":53027,"comment_status":"closed","ping_status":"closed","sticky":false,"template":"","format":"standard","meta":{"footnotes":""},"categories":[4,62],"tags":[28],"class_list":["post-53465","post","type-post","status-publish","format-standard","has-post-thumbnail","hentry","category-news","category-news-2024-2025","tag-avant-match","infinite-scroll-item","generate-columns","tablet-grid-50","mobile-grid-100","grid-parent","grid-25","resize-featured-image"],"yoast_head":"<!-- This site is optimized with the Yoast SEO plugin v26.6 - https:\/\/yoast.com\/wordpress\/plugins\/seo\/ -->\n<title>[N3 J13 : FC Montceau - FC Gueugnon] Duel entre voisins pour #LeDerbyDu71 ! &#8226; FOOTBALL CLUB GUEUGNON<\/title>\n<meta name=\"robots\" content=\"index, follow, max-snippet:-1, max-image-preview:large, max-video-preview:-1\" \/>\n<link rel=\"canonical\" href=\"https:\/\/www.fcgueugnon.fr\/site\/n3-j13-fc-montceau-fc-gueugnon-duel-entre-voisins-pour-lederbydu71-2\/53465\" \/>\n<meta property=\"og:locale\" content=\"fr_FR\" \/>\n<meta property=\"og:type\" content=\"article\" \/>\n<meta property=\"og:title\" content=\"[N3 J13 : FC Montceau - FC Gueugnon] Duel entre voisins pour #LeDerbyDu71 ! &#8226; FOOTBALL CLUB GUEUGNON\" \/>\n<meta property=\"og:description\" content=\"C&rsquo;est un Gueugnon, mal class\u00e9 mais d\u00e9termin\u00e9, qui a rendez-vous ce samedi chez son voisin montcellien pour #LeDerbyDu71 ! \ud83c\udd9a L&rsquo;adversaire : FC Montceau Apr\u00e8s une saison au purgatoire, le voisin montcellien a fait son retour en N3 suite \u00e0 une saison exemplaire conclue par une victoire d\u00e9cisive face au FC Chalon. Men\u00e9e par Lionel ... Lire la suite\" \/>\n<meta property=\"og:url\" content=\"https:\/\/www.fcgueugnon.fr\/site\/n3-j13-fc-montceau-fc-gueugnon-duel-entre-voisins-pour-lederbydu71-2\/53465\" \/>\n<meta property=\"og:site_name\" content=\"FOOTBALL CLUB GUEUGNON\" \/>\n<meta property=\"article:publisher\" content=\"http:\/\/facebook.com\/FCGueugnon\" \/>\n<meta property=\"article:published_time\" content=\"2025-02-28T08:40:15+00:00\" \/>\n<meta property=\"article:modified_time\" content=\"2025-02-28T08:40:17+00:00\" \/>\n<meta property=\"og:image\" content=\"https:\/\/www.fcgueugnon.fr\/site\/wp-content\/uploads\/2025\/01\/FCMB-7.jpg\" \/>\n\t<meta property=\"og:image:width\" content=\"800\" \/>\n\t<meta property=\"og:image:height\" content=\"500\" \/>\n\t<meta property=\"og:image:type\" content=\"image\/jpeg\" \/>\n<meta name=\"author\" content=\"FC Gueugnon\" \/>\n<meta name=\"twitter:card\" content=\"summary_large_image\" \/>\n<meta name=\"twitter:creator\" content=\"@FCGueugnon_off\" \/>\n<meta name=\"twitter:site\" content=\"@FCGueugnon_off\" \/>\n<meta name=\"twitter:label1\" content=\"\u00c9crit par\" \/>\n\t<meta name=\"twitter:data1\" content=\"FC Gueugnon\" \/>\n\t<meta name=\"twitter:label2\" content=\"Dur\u00e9e de lecture estim\u00e9e\" \/>\n\t<meta name=\"twitter:data2\" content=\"4 minutes\" \/>\n<script type=\"application\/ld+json\" class=\"yoast-schema-graph\">{\"@context\":\"https:\/\/schema.org\",\"@graph\":[{\"@type\":\"Article\",\"@id\":\"https:\/\/www.fcgueugnon.fr\/site\/n3-j13-fc-montceau-fc-gueugnon-duel-entre-voisins-pour-lederbydu71-2\/53465#article\",\"isPartOf\":{\"@id\":\"https:\/\/www.fcgueugnon.fr\/site\/n3-j13-fc-montceau-fc-gueugnon-duel-entre-voisins-pour-lederbydu71-2\/53465\"},\"author\":{\"name\":\"FC Gueugnon\",\"@id\":\"https:\/\/www.fcgueugnon.fr\/site\/#\/schema\/person\/f6444fbdd35fa731ee974c03508738fb\"},\"headline\":\"[N3 J13 : FC Montceau &#8211; FC Gueugnon] Duel entre voisins pour #LeDerbyDu71 !\",\"datePublished\":\"2025-02-28T08:40:15+00:00\",\"dateModified\":\"2025-02-28T08:40:17+00:00\",\"mainEntityOfPage\":{\"@id\":\"https:\/\/www.fcgueugnon.fr\/site\/n3-j13-fc-montceau-fc-gueugnon-duel-entre-voisins-pour-lederbydu71-2\/53465\"},\"wordCount\":517,\"publisher\":{\"@id\":\"https:\/\/www.fcgueugnon.fr\/site\/#organization\"},\"image\":{\"@id\":\"https:\/\/www.fcgueugnon.fr\/site\/n3-j13-fc-montceau-fc-gueugnon-duel-entre-voisins-pour-lederbydu71-2\/53465#primaryimage\"},\"thumbnailUrl\":\"https:\/\/www.fcgueugnon.fr\/site\/wp-content\/uploads\/2025\/01\/FCMB-7.jpg\",\"keywords\":[\"Avant-match\"],\"articleSection\":[\"News\",\"News 2024\/2025\"],\"inLanguage\":\"fr-FR\"},{\"@type\":\"WebPage\",\"@id\":\"https:\/\/www.fcgueugnon.fr\/site\/n3-j13-fc-montceau-fc-gueugnon-duel-entre-voisins-pour-lederbydu71-2\/53465\",\"url\":\"https:\/\/www.fcgueugnon.fr\/site\/n3-j13-fc-montceau-fc-gueugnon-duel-entre-voisins-pour-lederbydu71-2\/53465\",\"name\":\"[N3 J13 : FC Montceau - FC Gueugnon] Duel entre voisins pour #LeDerbyDu71 ! &#8226; FOOTBALL CLUB GUEUGNON\",\"isPartOf\":{\"@id\":\"https:\/\/www.fcgueugnon.fr\/site\/#website\"},\"primaryImageOfPage\":{\"@id\":\"https:\/\/www.fcgueugnon.fr\/site\/n3-j13-fc-montceau-fc-gueugnon-duel-entre-voisins-pour-lederbydu71-2\/53465#primaryimage\"},\"image\":{\"@id\":\"https:\/\/www.fcgueugnon.fr\/site\/n3-j13-fc-montceau-fc-gueugnon-duel-entre-voisins-pour-lederbydu71-2\/53465#primaryimage\"},\"thumbnailUrl\":\"https:\/\/www.fcgueugnon.fr\/site\/wp-content\/uploads\/2025\/01\/FCMB-7.jpg\",\"datePublished\":\"2025-02-28T08:40:15+00:00\",\"dateModified\":\"2025-02-28T08:40:17+00:00\",\"breadcrumb\":{\"@id\":\"https:\/\/www.fcgueugnon.fr\/site\/n3-j13-fc-montceau-fc-gueugnon-duel-entre-voisins-pour-lederbydu71-2\/53465#breadcrumb\"},\"inLanguage\":\"fr-FR\",\"potentialAction\":[{\"@type\":\"ReadAction\",\"target\":[\"https:\/\/www.fcgueugnon.fr\/site\/n3-j13-fc-montceau-fc-gueugnon-duel-entre-voisins-pour-lederbydu71-2\/53465\"]}]},{\"@type\":\"ImageObject\",\"inLanguage\":\"fr-FR\",\"@id\":\"https:\/\/www.fcgueugnon.fr\/site\/n3-j13-fc-montceau-fc-gueugnon-duel-entre-voisins-pour-lederbydu71-2\/53465#primaryimage\",\"url\":\"https:\/\/www.fcgueugnon.fr\/site\/wp-content\/uploads\/2025\/01\/FCMB-7.jpg\",\"contentUrl\":\"https:\/\/www.fcgueugnon.fr\/site\/wp-content\/uploads\/2025\/01\/FCMB-7.jpg\",\"width\":800,\"height\":500},{\"@type\":\"BreadcrumbList\",\"@id\":\"https:\/\/www.fcgueugnon.fr\/site\/n3-j13-fc-montceau-fc-gueugnon-duel-entre-voisins-pour-lederbydu71-2\/53465#breadcrumb\",\"itemListElement\":[{\"@type\":\"ListItem\",\"position\":1,\"name\":\"Accueil\",\"item\":\"https:\/\/www.fcgueugnon.fr\/site\/\"},{\"@type\":\"ListItem\",\"position\":2,\"name\":\"[N3 J13 : FC Montceau &#8211; FC Gueugnon] Duel entre voisins pour #LeDerbyDu71 !\"}]},{\"@type\":\"WebSite\",\"@id\":\"https:\/\/www.fcgueugnon.fr\/site\/#website\",\"url\":\"https:\/\/www.fcgueugnon.fr\/site\/\",\"name\":\"FOOTBALL CLUB GUEUGNON\",\"description\":\"Le Site Officiel des Forgerons\",\"publisher\":{\"@id\":\"https:\/\/www.fcgueugnon.fr\/site\/#organization\"},\"potentialAction\":[{\"@type\":\"SearchAction\",\"target\":{\"@type\":\"EntryPoint\",\"urlTemplate\":\"https:\/\/www.fcgueugnon.fr\/site\/?s={search_term_string}\"},\"query-input\":{\"@type\":\"PropertyValueSpecification\",\"valueRequired\":true,\"valueName\":\"search_term_string\"}}],\"inLanguage\":\"fr-FR\"},{\"@type\":\"Organization\",\"@id\":\"https:\/\/www.fcgueugnon.fr\/site\/#organization\",\"name\":\"FC Gueugnon\",\"url\":\"https:\/\/www.fcgueugnon.fr\/site\/\",\"logo\":{\"@type\":\"ImageObject\",\"inLanguage\":\"fr-FR\",\"@id\":\"https:\/\/www.fcgueugnon.fr\/site\/#\/schema\/logo\/image\/\",\"url\":\"https:\/\/www.fcgueugnon.fr\/site\/wp-content\/uploads\/2022\/07\/cropped-Logo-FCGUEUGNON-low-350x350-1.png\",\"contentUrl\":\"https:\/\/www.fcgueugnon.fr\/site\/wp-content\/uploads\/2022\/07\/cropped-Logo-FCGUEUGNON-low-350x350-1.png\",\"width\":350,\"height\":350,\"caption\":\"FC Gueugnon\"},\"image\":{\"@id\":\"https:\/\/www.fcgueugnon.fr\/site\/#\/schema\/logo\/image\/\"},\"sameAs\":[\"http:\/\/facebook.com\/FCGueugnon\",\"https:\/\/x.com\/FCGueugnon_off\",\"https:\/\/www.instagram.com\/fcgueugnon\/\",\"https:\/\/www.linkedin.com\/company\/football-club-de-gueugnon\/\",\"https:\/\/www.youtube.com\/user\/FCGueugnonnais\",\"https:\/\/fr.wikipedia.org\/wiki\/Football_Club_de_Gueugnon\"]},{\"@type\":\"Person\",\"@id\":\"https:\/\/www.fcgueugnon.fr\/site\/#\/schema\/person\/f6444fbdd35fa731ee974c03508738fb\",\"name\":\"FC Gueugnon\",\"sameAs\":[\"https:\/\/www.fcgueugnon.fr\/site\"],\"url\":\"https:\/\/www.fcgueugnon.fr\/site\/author\/admin-antho\"}]}<\/script>\n<!-- \/ Yoast SEO plugin. -->","yoast_head_json":{"title":"[N3 J13 : FC Montceau - FC Gueugnon] Duel entre voisins pour #LeDerbyDu71 ! &#8226; FOOTBALL CLUB GUEUGNON","robots":{"index":"index","follow":"follow","max-snippet":"max-snippet:-1","max-image-preview":"max-image-preview:large","max-video-preview":"max-video-preview:-1"},"canonical":"https:\/\/www.fcgueugnon.fr\/site\/n3-j13-fc-montceau-fc-gueugnon-duel-entre-voisins-pour-lederbydu71-2\/53465","og_locale":"fr_FR","og_type":"article","og_title":"[N3 J13 : FC Montceau - FC Gueugnon] Duel entre voisins pour #LeDerbyDu71 ! &#8226; FOOTBALL CLUB GUEUGNON","og_description":"C&rsquo;est un Gueugnon, mal class\u00e9 mais d\u00e9termin\u00e9, qui a rendez-vous ce samedi chez son voisin montcellien pour #LeDerbyDu71 ! \ud83c\udd9a L&rsquo;adversaire : FC Montceau Apr\u00e8s une saison au purgatoire, le voisin montcellien a fait son retour en N3 suite \u00e0 une saison exemplaire conclue par une victoire d\u00e9cisive face au FC Chalon. Men\u00e9e par Lionel ... Lire la suite","og_url":"https:\/\/www.fcgueugnon.fr\/site\/n3-j13-fc-montceau-fc-gueugnon-duel-entre-voisins-pour-lederbydu71-2\/53465","og_site_name":"FOOTBALL CLUB GUEUGNON","article_publisher":"http:\/\/facebook.com\/FCGueugnon","article_published_time":"2025-02-28T08:40:15+00:00","article_modified_time":"2025-02-28T08:40:17+00:00","og_image":[{"width":800,"height":500,"url":"https:\/\/www.fcgueugnon.fr\/site\/wp-content\/uploads\/2025\/01\/FCMB-7.jpg","type":"image\/jpeg"}],"author":"FC Gueugnon","twitter_card":"summary_large_image","twitter_creator":"@FCGueugnon_off","twitter_site":"@FCGueugnon_off","twitter_misc":{"\u00c9crit par":"FC Gueugnon","Dur\u00e9e de lecture estim\u00e9e":"4 minutes"},"schema":{"@context":"https:\/\/schema.org","@graph":[{"@type":"Article","@id":"https:\/\/www.fcgueugnon.fr\/site\/n3-j13-fc-montceau-fc-gueugnon-duel-entre-voisins-pour-lederbydu71-2\/53465#article","isPartOf":{"@id":"https:\/\/www.fcgueugnon.fr\/site\/n3-j13-fc-montceau-fc-gueugnon-duel-entre-voisins-pour-lederbydu71-2\/53465"},"author":{"name":"FC Gueugnon","@id":"https:\/\/www.fcgueugnon.fr\/site\/#\/schema\/person\/f6444fbdd35fa731ee974c03508738fb"},"headline":"[N3 J13 : FC Montceau &#8211; FC Gueugnon] Duel entre voisins pour #LeDerbyDu71 !","datePublished":"2025-02-28T08:40:15+00:00","dateModified":"2025-02-28T08:40:17+00:00","mainEntityOfPage":{"@id":"https:\/\/www.fcgueugnon.fr\/site\/n3-j13-fc-montceau-fc-gueugnon-duel-entre-voisins-pour-lederbydu71-2\/53465"},"wordCount":517,"publisher":{"@id":"https:\/\/www.fcgueugnon.fr\/site\/#organization"},"image":{"@id":"https:\/\/www.fcgueugnon.fr\/site\/n3-j13-fc-montceau-fc-gueugnon-duel-entre-voisins-pour-lederbydu71-2\/53465#primaryimage"},"thumbnailUrl":"https:\/\/www.fcgueugnon.fr\/site\/wp-content\/uploads\/2025\/01\/FCMB-7.jpg","keywords":["Avant-match"],"articleSection":["News","News 2024\/2025"],"inLanguage":"fr-FR"},{"@type":"WebPage","@id":"https:\/\/www.fcgueugnon.fr\/site\/n3-j13-fc-montceau-fc-gueugnon-duel-entre-voisins-pour-lederbydu71-2\/53465","url":"https:\/\/www.fcgueugnon.fr\/site\/n3-j13-fc-montceau-fc-gueugnon-duel-entre-voisins-pour-lederbydu71-2\/53465","name":"[N3 J13 : FC Montceau - FC Gueugnon] Duel entre voisins pour #LeDerbyDu71 ! &#8226; FOOTBALL CLUB GUEUGNON","isPartOf":{"@id":"https:\/\/www.fcgueugnon.fr\/site\/#website"},"primaryImageOfPage":{"@id":"https:\/\/www.fcgueugnon.fr\/site\/n3-j13-fc-montceau-fc-gueugnon-duel-entre-voisins-pour-lederbydu71-2\/53465#primaryimage"},"image":{"@id":"https:\/\/www.fcgueugnon.fr\/site\/n3-j13-fc-montceau-fc-gueugnon-duel-entre-voisins-pour-lederbydu71-2\/53465#primaryimage"},"thumbnailUrl":"https:\/\/www.fcgueugnon.fr\/site\/wp-content\/uploads\/2025\/01\/FCMB-7.jpg","datePublished":"2025-02-28T08:40:15+00:00","dateModified":"2025-02-28T08:40:17+00:00","breadcrumb":{"@id":"https:\/\/www.fcgueugnon.fr\/site\/n3-j13-fc-montceau-fc-gueugnon-duel-entre-voisins-pour-lederbydu71-2\/53465#breadcrumb"},"inLanguage":"fr-FR","potentialAction":[{"@type":"ReadAction","target":["https:\/\/www.fcgueugnon.fr\/site\/n3-j13-fc-montceau-fc-gueugnon-duel-entre-voisins-pour-lederbydu71-2\/53465"]}]},{"@type":"ImageObject","inLanguage":"fr-FR","@id":"https:\/\/www.fcgueugnon.fr\/site\/n3-j13-fc-montceau-fc-gueugnon-duel-entre-voisins-pour-lederbydu71-2\/53465#primaryimage","url":"https:\/\/www.fcgueugnon.fr\/site\/wp-content\/uploads\/2025\/01\/FCMB-7.jpg","contentUrl":"https:\/\/www.fcgueugnon.fr\/site\/wp-content\/uploads\/2025\/01\/FCMB-7.jpg","width":800,"height":500},{"@type":"BreadcrumbList","@id":"https:\/\/www.fcgueugnon.fr\/site\/n3-j13-fc-montceau-fc-gueugnon-duel-entre-voisins-pour-lederbydu71-2\/53465#breadcrumb","itemListElement":[{"@type":"ListItem","position":1,"name":"Accueil","item":"https:\/\/www.fcgueugnon.fr\/site\/"},{"@type":"ListItem","position":2,"name":"[N3 J13 : FC Montceau &#8211; FC Gueugnon] Duel entre voisins pour #LeDerbyDu71 !"}]},{"@type":"WebSite","@id":"https:\/\/www.fcgueugnon.fr\/site\/#website","url":"https:\/\/www.fcgueugnon.fr\/site\/","name":"FOOTBALL CLUB GUEUGNON","description":"Le Site Officiel des Forgerons","publisher":{"@id":"https:\/\/www.fcgueugnon.fr\/site\/#organization"},"potentialAction":[{"@type":"SearchAction","target":{"@type":"EntryPoint","urlTemplate":"https:\/\/www.fcgueugnon.fr\/site\/?s={search_term_string}"},"query-input":{"@type":"PropertyValueSpecification","valueRequired":true,"valueName":"search_term_string"}}],"inLanguage":"fr-FR"},{"@type":"Organization","@id":"https:\/\/www.fcgueugnon.fr\/site\/#organization","name":"FC Gueugnon","url":"https:\/\/www.fcgueugnon.fr\/site\/","logo":{"@type":"ImageObject","inLanguage":"fr-FR","@id":"https:\/\/www.fcgueugnon.fr\/site\/#\/schema\/logo\/image\/","url":"https:\/\/www.fcgueugnon.fr\/site\/wp-content\/uploads\/2022\/07\/cropped-Logo-FCGUEUGNON-low-350x350-1.png","contentUrl":"https:\/\/www.fcgueugnon.fr\/site\/wp-content\/uploads\/2022\/07\/cropped-Logo-FCGUEUGNON-low-350x350-1.png","width":350,"height":350,"caption":"FC Gueugnon"},"image":{"@id":"https:\/\/www.fcgueugnon.fr\/site\/#\/schema\/logo\/image\/"},"sameAs":["http:\/\/facebook.com\/FCGueugnon","https:\/\/x.com\/FCGueugnon_off","https:\/\/www.instagram.com\/fcgueugnon\/","https:\/\/www.linkedin.com\/company\/football-club-de-gueugnon\/","https:\/\/www.youtube.com\/user\/FCGueugnonnais","https:\/\/fr.wikipedia.org\/wiki\/Football_Club_de_Gueugnon"]},{"@type":"Person","@id":"https:\/\/www.fcgueugnon.fr\/site\/#\/schema\/person\/f6444fbdd35fa731ee974c03508738fb","name":"FC Gueugnon","sameAs":["https:\/\/www.fcgueugnon.fr\/site"],"url":"https:\/\/www.fcgueugnon.fr\/site\/author\/admin-antho"}]}},"rttpg_featured_image_url":{"full":["https:\/\/www.fcgueugnon.fr\/site\/wp-content\/uploads\/2025\/01\/FCMB-7.jpg",800,500,false],"landscape":["https:\/\/www.fcgueugnon.fr\/site\/wp-content\/uploads\/2025\/01\/FCMB-7.jpg",800,500,false],"portraits":["https:\/\/www.fcgueugnon.fr\/site\/wp-content\/uploads\/2025\/01\/FCMB-7.jpg",800,500,false],"thumbnail":["https:\/\/www.fcgueugnon.fr\/site\/wp-content\/uploads\/2025\/01\/FCMB-7-150x150.jpg",150,150,true],"medium":["https:\/\/www.fcgueugnon.fr\/site\/wp-content\/uploads\/2025\/01\/FCMB-7-400x250.jpg",400,250,true],"large":["https:\/\/www.fcgueugnon.fr\/site\/wp-content\/uploads\/2025\/01\/FCMB-7.jpg",800,500,false],"1536x1536":["https:\/\/www.fcgueugnon.fr\/site\/wp-content\/uploads\/2025\/01\/FCMB-7.jpg",800,500,false],"2048x2048":["https:\/\/www.fcgueugnon.fr\/site\/wp-content\/uploads\/2025\/01\/FCMB-7.jpg",800,500,false]},"rttpg_author":{"display_name":"FC Gueugnon","author_link":"https:\/\/www.fcgueugnon.fr\/site\/author\/admin-antho"},"rttpg_comment":0,"rttpg_category":"<a href=\"https:\/\/www.fcgueugnon.fr\/site\/category\/news\" rel=\"category tag\">News<\/a> <a href=\"https:\/\/www.fcgueugnon.fr\/site\/category\/news\/news-2024-2025\" rel=\"category tag\">News 2024\/2025<\/a>","rttpg_excerpt":"C&rsquo;est un Gueugnon, mal class\u00e9 mais d\u00e9termin\u00e9, qui a rendez-vous ce samedi chez son voisin montcellien pour #LeDerbyDu71 ! \ud83c\udd9a L&rsquo;adversaire : FC Montceau Apr\u00e8s une saison au purgatoire, le voisin montcellien a fait son retour en N3 suite \u00e0 une saison exemplaire conclue par une victoire d\u00e9cisive face au FC Chalon. Men\u00e9e par Lionel\u2026","_links":{"self":[{"href":"https:\/\/www.fcgueugnon.fr\/site\/wp-json\/wp\/v2\/posts\/53465","targetHints":{"allow":["GET"]}}],"collection":[{"href":"https:\/\/www.fcgueugnon.fr\/site\/wp-json\/wp\/v2\/posts"}],"about":[{"href":"https:\/\/www.fcgueugnon.fr\/site\/wp-json\/wp\/v2\/types\/post"}],"author":[{"embeddable":true,"href":"https:\/\/www.fcgueugnon.fr\/site\/wp-json\/wp\/v2\/users\/1"}],"replies":[{"embeddable":true,"href":"https:\/\/www.fcgueugnon.fr\/site\/wp-json\/wp\/v2\/comments?post=53465"}],"version-history":[{"count":2,"href":"https:\/\/www.fcgueugnon.fr\/site\/wp-json\/wp\/v2\/posts\/53465\/revisions"}],"predecessor-version":[{"id":53476,"href":"https:\/\/www.fcgueugnon.fr\/site\/wp-json\/wp\/v2\/posts\/53465\/revisions\/53476"}],"wp:featuredmedia":[{"embeddable":true,"href":"https:\/\/www.fcgueugnon.fr\/site\/wp-json\/wp\/v2\/media\/53027"}],"wp:attachment":[{"href":"https:\/\/www.fcgueugnon.fr\/site\/wp-json\/wp\/v2\/media?parent=53465"}],"wp:term":[{"taxonomy":"category","embeddable":true,"href":"https:\/\/www.fcgueugnon.fr\/site\/wp-json\/wp\/v2\/categories?post=53465"},{"taxonomy":"post_tag","embeddable":true,"href":"https:\/\/www.fcgueugnon.fr\/site\/wp-json\/wp\/v2\/tags?post=53465"}],"curies":[{"name":"wp","href":"https:\/\/api.w.org\/{rel}","templated":true}]}}