{"id":53311,"date":"2025-02-20T10:33:05","date_gmt":"2025-02-20T09:33:05","guid":{"rendered":"https:\/\/www.fcgueugnon.fr\/site\/?p=53311"},"modified":"2025-02-20T10:33:06","modified_gmt":"2025-02-20T09:33:06","slug":"sport-e-leclerc-academie-retour-en-images-sur-les-portes-ouvertes-de-lecole-de-foot-2","status":"publish","type":"post","link":"https:\/\/www.fcgueugnon.fr\/site\/sport-e-leclerc-academie-retour-en-images-sur-les-portes-ouvertes-de-lecole-de-foot-2\/53311","title":{"rendered":"[Sport E.Leclerc Acad\u00e9mie] Retour en images sur les portes ouvertes de l&rsquo;Ecole de Foot !"},"content":{"rendered":"\n<h4 class=\"wp-block-heading\"><strong>Ce mercredi 19 F\u00e9vrier, l&rsquo;\u00c9cole de Foot du FC Gueugnon a ouvert ses portes. Plus de 50 enfants ont r\u00e9pondu pr\u00e9sent ! Retour en images sur cette matin\u00e9e d\u00e9couverte !<\/strong><\/h4>\n\n\n\n<div style=\"height:20px\" aria-hidden=\"true\" class=\"wp-block-spacer\"><\/div>\n\n\n\n<figure class=\"wp-block-gallery has-nested-images columns-default is-cropped wp-block-gallery-1 is-layout-flex wp-block-gallery-is-layout-flex\">\n<figure class=\"wp-block-image size-full\"><img loading=\"lazy\" decoding=\"async\" width=\"1772\" height=\"1181\" data-id=\"53316\" src=\"https:\/\/www.fcgueugnon.fr\/site\/wp-content\/uploads\/2025\/02\/PORTES-OUVERTES-ECOLE-DE-FOOT-30.jpg\" alt=\"\" class=\"wp-image-53316\" srcset=\"https:\/\/www.fcgueugnon.fr\/site\/wp-content\/uploads\/2025\/02\/PORTES-OUVERTES-ECOLE-DE-FOOT-30.jpg 1772w, https:\/\/www.fcgueugnon.fr\/site\/wp-content\/uploads\/2025\/02\/PORTES-OUVERTES-ECOLE-DE-FOOT-30-400x267.jpg 400w, https:\/\/www.fcgueugnon.fr\/site\/wp-content\/uploads\/2025\/02\/PORTES-OUVERTES-ECOLE-DE-FOOT-30-1024x682.jpg 1024w, https:\/\/www.fcgueugnon.fr\/site\/wp-content\/uploads\/2025\/02\/PORTES-OUVERTES-ECOLE-DE-FOOT-30-768x512.jpg 768w, https:\/\/www.fcgueugnon.fr\/site\/wp-content\/uploads\/2025\/02\/PORTES-OUVERTES-ECOLE-DE-FOOT-30-1536x1024.jpg 1536w, https:\/\/www.fcgueugnon.fr\/site\/wp-content\/uploads\/2025\/02\/PORTES-OUVERTES-ECOLE-DE-FOOT-30-1320x880.jpg 1320w\" sizes=\"auto, (max-width: 1772px) 100vw, 1772px\" \/><\/figure>\n\n\n\n<figure class=\"wp-block-image size-full\"><img loading=\"lazy\" decoding=\"async\" width=\"1772\" height=\"1181\" data-id=\"53313\" src=\"https:\/\/www.fcgueugnon.fr\/site\/wp-content\/uploads\/2025\/02\/PORTES-OUVERTES-ECOLE-DE-FOOT-29.jpg\" alt=\"\" class=\"wp-image-53313\" srcset=\"https:\/\/www.fcgueugnon.fr\/site\/wp-content\/uploads\/2025\/02\/PORTES-OUVERTES-ECOLE-DE-FOOT-29.jpg 1772w, https:\/\/www.fcgueugnon.fr\/site\/wp-content\/uploads\/2025\/02\/PORTES-OUVERTES-ECOLE-DE-FOOT-29-400x267.jpg 400w, https:\/\/www.fcgueugnon.fr\/site\/wp-content\/uploads\/2025\/02\/PORTES-OUVERTES-ECOLE-DE-FOOT-29-1024x682.jpg 1024w, https:\/\/www.fcgueugnon.fr\/site\/wp-content\/uploads\/2025\/02\/PORTES-OUVERTES-ECOLE-DE-FOOT-29-768x512.jpg 768w, https:\/\/www.fcgueugnon.fr\/site\/wp-content\/uploads\/2025\/02\/PORTES-OUVERTES-ECOLE-DE-FOOT-29-1536x1024.jpg 1536w, https:\/\/www.fcgueugnon.fr\/site\/wp-content\/uploads\/2025\/02\/PORTES-OUVERTES-ECOLE-DE-FOOT-29-1320x880.jpg 1320w\" sizes=\"auto, (max-width: 1772px) 100vw, 1772px\" \/><\/figure>\n\n\n\n<figure class=\"wp-block-image size-full\"><img loading=\"lazy\" decoding=\"async\" width=\"1772\" height=\"1181\" data-id=\"53320\" src=\"https:\/\/www.fcgueugnon.fr\/site\/wp-content\/uploads\/2025\/02\/PORTES-OUVERTES-ECOLE-DE-FOOT-28.jpg\" alt=\"\" class=\"wp-image-53320\" srcset=\"https:\/\/www.fcgueugnon.fr\/site\/wp-content\/uploads\/2025\/02\/PORTES-OUVERTES-ECOLE-DE-FOOT-28.jpg 1772w, https:\/\/www.fcgueugnon.fr\/site\/wp-content\/uploads\/2025\/02\/PORTES-OUVERTES-ECOLE-DE-FOOT-28-400x267.jpg 400w, https:\/\/www.fcgueugnon.fr\/site\/wp-content\/uploads\/2025\/02\/PORTES-OUVERTES-ECOLE-DE-FOOT-28-1024x682.jpg 1024w, https:\/\/www.fcgueugnon.fr\/site\/wp-content\/uploads\/2025\/02\/PORTES-OUVERTES-ECOLE-DE-FOOT-28-768x512.jpg 768w, https:\/\/www.fcgueugnon.fr\/site\/wp-content\/uploads\/2025\/02\/PORTES-OUVERTES-ECOLE-DE-FOOT-28-1536x1024.jpg 1536w, https:\/\/www.fcgueugnon.fr\/site\/wp-content\/uploads\/2025\/02\/PORTES-OUVERTES-ECOLE-DE-FOOT-28-1320x880.jpg 1320w\" sizes=\"auto, (max-width: 1772px) 100vw, 1772px\" \/><\/figure>\n\n\n\n<figure class=\"wp-block-image size-full\"><img loading=\"lazy\" decoding=\"async\" width=\"1772\" height=\"1181\" data-id=\"53317\" src=\"https:\/\/www.fcgueugnon.fr\/site\/wp-content\/uploads\/2025\/02\/PORTES-OUVERTES-ECOLE-DE-FOOT-27.jpg\" alt=\"\" class=\"wp-image-53317\" srcset=\"https:\/\/www.fcgueugnon.fr\/site\/wp-content\/uploads\/2025\/02\/PORTES-OUVERTES-ECOLE-DE-FOOT-27.jpg 1772w, https:\/\/www.fcgueugnon.fr\/site\/wp-content\/uploads\/2025\/02\/PORTES-OUVERTES-ECOLE-DE-FOOT-27-400x267.jpg 400w, https:\/\/www.fcgueugnon.fr\/site\/wp-content\/uploads\/2025\/02\/PORTES-OUVERTES-ECOLE-DE-FOOT-27-1024x682.jpg 1024w, https:\/\/www.fcgueugnon.fr\/site\/wp-content\/uploads\/2025\/02\/PORTES-OUVERTES-ECOLE-DE-FOOT-27-768x512.jpg 768w, https:\/\/www.fcgueugnon.fr\/site\/wp-content\/uploads\/2025\/02\/PORTES-OUVERTES-ECOLE-DE-FOOT-27-1536x1024.jpg 1536w, https:\/\/www.fcgueugnon.fr\/site\/wp-content\/uploads\/2025\/02\/PORTES-OUVERTES-ECOLE-DE-FOOT-27-1320x880.jpg 1320w\" sizes=\"auto, (max-width: 1772px) 100vw, 1772px\" \/><\/figure>\n\n\n\n<figure class=\"wp-block-image size-full\"><img loading=\"lazy\" decoding=\"async\" width=\"1772\" height=\"1181\" data-id=\"53319\" src=\"https:\/\/www.fcgueugnon.fr\/site\/wp-content\/uploads\/2025\/02\/PORTES-OUVERTES-ECOLE-DE-FOOT-26.jpg\" alt=\"\" class=\"wp-image-53319\" srcset=\"https:\/\/www.fcgueugnon.fr\/site\/wp-content\/uploads\/2025\/02\/PORTES-OUVERTES-ECOLE-DE-FOOT-26.jpg 1772w, https:\/\/www.fcgueugnon.fr\/site\/wp-content\/uploads\/2025\/02\/PORTES-OUVERTES-ECOLE-DE-FOOT-26-400x267.jpg 400w, https:\/\/www.fcgueugnon.fr\/site\/wp-content\/uploads\/2025\/02\/PORTES-OUVERTES-ECOLE-DE-FOOT-26-1024x682.jpg 1024w, https:\/\/www.fcgueugnon.fr\/site\/wp-content\/uploads\/2025\/02\/PORTES-OUVERTES-ECOLE-DE-FOOT-26-768x512.jpg 768w, https:\/\/www.fcgueugnon.fr\/site\/wp-content\/uploads\/2025\/02\/PORTES-OUVERTES-ECOLE-DE-FOOT-26-1536x1024.jpg 1536w, https:\/\/www.fcgueugnon.fr\/site\/wp-content\/uploads\/2025\/02\/PORTES-OUVERTES-ECOLE-DE-FOOT-26-1320x880.jpg 1320w\" sizes=\"auto, (max-width: 1772px) 100vw, 1772px\" \/><\/figure>\n\n\n\n<figure class=\"wp-block-image size-full\"><img loading=\"lazy\" decoding=\"async\" width=\"1772\" height=\"1181\" data-id=\"53318\" src=\"https:\/\/www.fcgueugnon.fr\/site\/wp-content\/uploads\/2025\/02\/PORTES-OUVERTES-ECOLE-DE-FOOT-25.jpg\" alt=\"\" class=\"wp-image-53318\" srcset=\"https:\/\/www.fcgueugnon.fr\/site\/wp-content\/uploads\/2025\/02\/PORTES-OUVERTES-ECOLE-DE-FOOT-25.jpg 1772w, https:\/\/www.fcgueugnon.fr\/site\/wp-content\/uploads\/2025\/02\/PORTES-OUVERTES-ECOLE-DE-FOOT-25-400x267.jpg 400w, https:\/\/www.fcgueugnon.fr\/site\/wp-content\/uploads\/2025\/02\/PORTES-OUVERTES-ECOLE-DE-FOOT-25-1024x682.jpg 1024w, https:\/\/www.fcgueugnon.fr\/site\/wp-content\/uploads\/2025\/02\/PORTES-OUVERTES-ECOLE-DE-FOOT-25-768x512.jpg 768w, https:\/\/www.fcgueugnon.fr\/site\/wp-content\/uploads\/2025\/02\/PORTES-OUVERTES-ECOLE-DE-FOOT-25-1536x1024.jpg 1536w, https:\/\/www.fcgueugnon.fr\/site\/wp-content\/uploads\/2025\/02\/PORTES-OUVERTES-ECOLE-DE-FOOT-25-1320x880.jpg 1320w\" sizes=\"auto, (max-width: 1772px) 100vw, 1772px\" \/><\/figure>\n\n\n\n<figure class=\"wp-block-image size-full\"><img loading=\"lazy\" decoding=\"async\" width=\"1772\" height=\"1181\" data-id=\"53314\" src=\"https:\/\/www.fcgueugnon.fr\/site\/wp-content\/uploads\/2025\/02\/PORTES-OUVERTES-ECOLE-DE-FOOT-24.jpg\" alt=\"\" class=\"wp-image-53314\" srcset=\"https:\/\/www.fcgueugnon.fr\/site\/wp-content\/uploads\/2025\/02\/PORTES-OUVERTES-ECOLE-DE-FOOT-24.jpg 1772w, https:\/\/www.fcgueugnon.fr\/site\/wp-content\/uploads\/2025\/02\/PORTES-OUVERTES-ECOLE-DE-FOOT-24-400x267.jpg 400w, https:\/\/www.fcgueugnon.fr\/site\/wp-content\/uploads\/2025\/02\/PORTES-OUVERTES-ECOLE-DE-FOOT-24-1024x682.jpg 1024w, https:\/\/www.fcgueugnon.fr\/site\/wp-content\/uploads\/2025\/02\/PORTES-OUVERTES-ECOLE-DE-FOOT-24-768x512.jpg 768w, https:\/\/www.fcgueugnon.fr\/site\/wp-content\/uploads\/2025\/02\/PORTES-OUVERTES-ECOLE-DE-FOOT-24-1536x1024.jpg 1536w, https:\/\/www.fcgueugnon.fr\/site\/wp-content\/uploads\/2025\/02\/PORTES-OUVERTES-ECOLE-DE-FOOT-24-1320x880.jpg 1320w\" sizes=\"auto, (max-width: 1772px) 100vw, 1772px\" \/><\/figure>\n\n\n\n<figure class=\"wp-block-image size-full\"><img loading=\"lazy\" decoding=\"async\" width=\"1772\" height=\"1181\" data-id=\"53315\" src=\"https:\/\/www.fcgueugnon.fr\/site\/wp-content\/uploads\/2025\/02\/PORTES-OUVERTES-ECOLE-DE-FOOT-23.jpg\" alt=\"\" class=\"wp-image-53315\" srcset=\"https:\/\/www.fcgueugnon.fr\/site\/wp-content\/uploads\/2025\/02\/PORTES-OUVERTES-ECOLE-DE-FOOT-23.jpg 1772w, https:\/\/www.fcgueugnon.fr\/site\/wp-content\/uploads\/2025\/02\/PORTES-OUVERTES-ECOLE-DE-FOOT-23-400x267.jpg 400w, https:\/\/www.fcgueugnon.fr\/site\/wp-content\/uploads\/2025\/02\/PORTES-OUVERTES-ECOLE-DE-FOOT-23-1024x682.jpg 1024w, https:\/\/www.fcgueugnon.fr\/site\/wp-content\/uploads\/2025\/02\/PORTES-OUVERTES-ECOLE-DE-FOOT-23-768x512.jpg 768w, https:\/\/www.fcgueugnon.fr\/site\/wp-content\/uploads\/2025\/02\/PORTES-OUVERTES-ECOLE-DE-FOOT-23-1536x1024.jpg 1536w, https:\/\/www.fcgueugnon.fr\/site\/wp-content\/uploads\/2025\/02\/PORTES-OUVERTES-ECOLE-DE-FOOT-23-1320x880.jpg 1320w\" sizes=\"auto, (max-width: 1772px) 100vw, 1772px\" \/><\/figure>\n\n\n\n<figure class=\"wp-block-image size-full\"><img loading=\"lazy\" decoding=\"async\" width=\"1772\" height=\"1181\" data-id=\"53321\" src=\"https:\/\/www.fcgueugnon.fr\/site\/wp-content\/uploads\/2025\/02\/PORTES-OUVERTES-ECOLE-DE-FOOT-22.jpg\" alt=\"\" class=\"wp-image-53321\" srcset=\"https:\/\/www.fcgueugnon.fr\/site\/wp-content\/uploads\/2025\/02\/PORTES-OUVERTES-ECOLE-DE-FOOT-22.jpg 1772w, https:\/\/www.fcgueugnon.fr\/site\/wp-content\/uploads\/2025\/02\/PORTES-OUVERTES-ECOLE-DE-FOOT-22-400x267.jpg 400w, https:\/\/www.fcgueugnon.fr\/site\/wp-content\/uploads\/2025\/02\/PORTES-OUVERTES-ECOLE-DE-FOOT-22-1024x682.jpg 1024w, https:\/\/www.fcgueugnon.fr\/site\/wp-content\/uploads\/2025\/02\/PORTES-OUVERTES-ECOLE-DE-FOOT-22-768x512.jpg 768w, https:\/\/www.fcgueugnon.fr\/site\/wp-content\/uploads\/2025\/02\/PORTES-OUVERTES-ECOLE-DE-FOOT-22-1536x1024.jpg 1536w, https:\/\/www.fcgueugnon.fr\/site\/wp-content\/uploads\/2025\/02\/PORTES-OUVERTES-ECOLE-DE-FOOT-22-1320x880.jpg 1320w\" sizes=\"auto, (max-width: 1772px) 100vw, 1772px\" \/><\/figure>\n\n\n\n<figure class=\"wp-block-image size-full\"><img loading=\"lazy\" decoding=\"async\" width=\"1772\" height=\"1181\" data-id=\"53322\" src=\"https:\/\/www.fcgueugnon.fr\/site\/wp-content\/uploads\/2025\/02\/PORTES-OUVERTES-ECOLE-DE-FOOT-21.jpg\" alt=\"\" class=\"wp-image-53322\" srcset=\"https:\/\/www.fcgueugnon.fr\/site\/wp-content\/uploads\/2025\/02\/PORTES-OUVERTES-ECOLE-DE-FOOT-21.jpg 1772w, https:\/\/www.fcgueugnon.fr\/site\/wp-content\/uploads\/2025\/02\/PORTES-OUVERTES-ECOLE-DE-FOOT-21-400x267.jpg 400w, https:\/\/www.fcgueugnon.fr\/site\/wp-content\/uploads\/2025\/02\/PORTES-OUVERTES-ECOLE-DE-FOOT-21-1024x682.jpg 1024w, https:\/\/www.fcgueugnon.fr\/site\/wp-content\/uploads\/2025\/02\/PORTES-OUVERTES-ECOLE-DE-FOOT-21-768x512.jpg 768w, https:\/\/www.fcgueugnon.fr\/site\/wp-content\/uploads\/2025\/02\/PORTES-OUVERTES-ECOLE-DE-FOOT-21-1536x1024.jpg 1536w, https:\/\/www.fcgueugnon.fr\/site\/wp-content\/uploads\/2025\/02\/PORTES-OUVERTES-ECOLE-DE-FOOT-21-1320x880.jpg 1320w\" sizes=\"auto, (max-width: 1772px) 100vw, 1772px\" \/><\/figure>\n\n\n\n<figure class=\"wp-block-image size-full\"><img loading=\"lazy\" decoding=\"async\" width=\"1772\" height=\"1181\" data-id=\"53323\" src=\"https:\/\/www.fcgueugnon.fr\/site\/wp-content\/uploads\/2025\/02\/PORTES-OUVERTES-ECOLE-DE-FOOT-20.jpg\" alt=\"\" class=\"wp-image-53323\" srcset=\"https:\/\/www.fcgueugnon.fr\/site\/wp-content\/uploads\/2025\/02\/PORTES-OUVERTES-ECOLE-DE-FOOT-20.jpg 1772w, https:\/\/www.fcgueugnon.fr\/site\/wp-content\/uploads\/2025\/02\/PORTES-OUVERTES-ECOLE-DE-FOOT-20-400x267.jpg 400w, https:\/\/www.fcgueugnon.fr\/site\/wp-content\/uploads\/2025\/02\/PORTES-OUVERTES-ECOLE-DE-FOOT-20-1024x682.jpg 1024w, https:\/\/www.fcgueugnon.fr\/site\/wp-content\/uploads\/2025\/02\/PORTES-OUVERTES-ECOLE-DE-FOOT-20-768x512.jpg 768w, https:\/\/www.fcgueugnon.fr\/site\/wp-content\/uploads\/2025\/02\/PORTES-OUVERTES-ECOLE-DE-FOOT-20-1536x1024.jpg 1536w, https:\/\/www.fcgueugnon.fr\/site\/wp-content\/uploads\/2025\/02\/PORTES-OUVERTES-ECOLE-DE-FOOT-20-1320x880.jpg 1320w\" sizes=\"auto, (max-width: 1772px) 100vw, 1772px\" \/><\/figure>\n\n\n\n<figure class=\"wp-block-image size-full\"><img loading=\"lazy\" decoding=\"async\" width=\"1772\" height=\"1181\" data-id=\"53325\" src=\"https:\/\/www.fcgueugnon.fr\/site\/wp-content\/uploads\/2025\/02\/PORTES-OUVERTES-ECOLE-DE-FOOT-19.jpg\" alt=\"\" class=\"wp-image-53325\" srcset=\"https:\/\/www.fcgueugnon.fr\/site\/wp-content\/uploads\/2025\/02\/PORTES-OUVERTES-ECOLE-DE-FOOT-19.jpg 1772w, https:\/\/www.fcgueugnon.fr\/site\/wp-content\/uploads\/2025\/02\/PORTES-OUVERTES-ECOLE-DE-FOOT-19-400x267.jpg 400w, https:\/\/www.fcgueugnon.fr\/site\/wp-content\/uploads\/2025\/02\/PORTES-OUVERTES-ECOLE-DE-FOOT-19-1024x682.jpg 1024w, https:\/\/www.fcgueugnon.fr\/site\/wp-content\/uploads\/2025\/02\/PORTES-OUVERTES-ECOLE-DE-FOOT-19-768x512.jpg 768w, https:\/\/www.fcgueugnon.fr\/site\/wp-content\/uploads\/2025\/02\/PORTES-OUVERTES-ECOLE-DE-FOOT-19-1536x1024.jpg 1536w, https:\/\/www.fcgueugnon.fr\/site\/wp-content\/uploads\/2025\/02\/PORTES-OUVERTES-ECOLE-DE-FOOT-19-1320x880.jpg 1320w\" sizes=\"auto, (max-width: 1772px) 100vw, 1772px\" \/><\/figure>\n\n\n\n<figure class=\"wp-block-image size-full\"><img loading=\"lazy\" decoding=\"async\" width=\"1772\" height=\"1181\" data-id=\"53324\" src=\"https:\/\/www.fcgueugnon.fr\/site\/wp-content\/uploads\/2025\/02\/PORTES-OUVERTES-ECOLE-DE-FOOT-18.jpg\" alt=\"\" class=\"wp-image-53324\" srcset=\"https:\/\/www.fcgueugnon.fr\/site\/wp-content\/uploads\/2025\/02\/PORTES-OUVERTES-ECOLE-DE-FOOT-18.jpg 1772w, https:\/\/www.fcgueugnon.fr\/site\/wp-content\/uploads\/2025\/02\/PORTES-OUVERTES-ECOLE-DE-FOOT-18-400x267.jpg 400w, https:\/\/www.fcgueugnon.fr\/site\/wp-content\/uploads\/2025\/02\/PORTES-OUVERTES-ECOLE-DE-FOOT-18-1024x682.jpg 1024w, https:\/\/www.fcgueugnon.fr\/site\/wp-content\/uploads\/2025\/02\/PORTES-OUVERTES-ECOLE-DE-FOOT-18-768x512.jpg 768w, https:\/\/www.fcgueugnon.fr\/site\/wp-content\/uploads\/2025\/02\/PORTES-OUVERTES-ECOLE-DE-FOOT-18-1536x1024.jpg 1536w, https:\/\/www.fcgueugnon.fr\/site\/wp-content\/uploads\/2025\/02\/PORTES-OUVERTES-ECOLE-DE-FOOT-18-1320x880.jpg 1320w\" sizes=\"auto, (max-width: 1772px) 100vw, 1772px\" \/><\/figure>\n\n\n\n<figure class=\"wp-block-image size-full\"><img loading=\"lazy\" decoding=\"async\" width=\"1772\" height=\"1181\" data-id=\"53327\" src=\"https:\/\/www.fcgueugnon.fr\/site\/wp-content\/uploads\/2025\/02\/PORTES-OUVERTES-ECOLE-DE-FOOT-17.jpg\" alt=\"\" class=\"wp-image-53327\" srcset=\"https:\/\/www.fcgueugnon.fr\/site\/wp-content\/uploads\/2025\/02\/PORTES-OUVERTES-ECOLE-DE-FOOT-17.jpg 1772w, https:\/\/www.fcgueugnon.fr\/site\/wp-content\/uploads\/2025\/02\/PORTES-OUVERTES-ECOLE-DE-FOOT-17-400x267.jpg 400w, https:\/\/www.fcgueugnon.fr\/site\/wp-content\/uploads\/2025\/02\/PORTES-OUVERTES-ECOLE-DE-FOOT-17-1024x682.jpg 1024w, https:\/\/www.fcgueugnon.fr\/site\/wp-content\/uploads\/2025\/02\/PORTES-OUVERTES-ECOLE-DE-FOOT-17-768x512.jpg 768w, https:\/\/www.fcgueugnon.fr\/site\/wp-content\/uploads\/2025\/02\/PORTES-OUVERTES-ECOLE-DE-FOOT-17-1536x1024.jpg 1536w, https:\/\/www.fcgueugnon.fr\/site\/wp-content\/uploads\/2025\/02\/PORTES-OUVERTES-ECOLE-DE-FOOT-17-1320x880.jpg 1320w\" sizes=\"auto, (max-width: 1772px) 100vw, 1772px\" \/><\/figure>\n\n\n\n<figure class=\"wp-block-image size-full\"><img loading=\"lazy\" decoding=\"async\" width=\"1772\" height=\"1181\" data-id=\"53326\" src=\"https:\/\/www.fcgueugnon.fr\/site\/wp-content\/uploads\/2025\/02\/PORTES-OUVERTES-ECOLE-DE-FOOT-16.jpg\" alt=\"\" class=\"wp-image-53326\" srcset=\"https:\/\/www.fcgueugnon.fr\/site\/wp-content\/uploads\/2025\/02\/PORTES-OUVERTES-ECOLE-DE-FOOT-16.jpg 1772w, https:\/\/www.fcgueugnon.fr\/site\/wp-content\/uploads\/2025\/02\/PORTES-OUVERTES-ECOLE-DE-FOOT-16-400x267.jpg 400w, https:\/\/www.fcgueugnon.fr\/site\/wp-content\/uploads\/2025\/02\/PORTES-OUVERTES-ECOLE-DE-FOOT-16-1024x682.jpg 1024w, https:\/\/www.fcgueugnon.fr\/site\/wp-content\/uploads\/2025\/02\/PORTES-OUVERTES-ECOLE-DE-FOOT-16-768x512.jpg 768w, https:\/\/www.fcgueugnon.fr\/site\/wp-content\/uploads\/2025\/02\/PORTES-OUVERTES-ECOLE-DE-FOOT-16-1536x1024.jpg 1536w, https:\/\/www.fcgueugnon.fr\/site\/wp-content\/uploads\/2025\/02\/PORTES-OUVERTES-ECOLE-DE-FOOT-16-1320x880.jpg 1320w\" sizes=\"auto, (max-width: 1772px) 100vw, 1772px\" \/><\/figure>\n\n\n\n<figure class=\"wp-block-image size-full\"><img loading=\"lazy\" decoding=\"async\" width=\"1772\" height=\"1181\" data-id=\"53339\" src=\"https:\/\/www.fcgueugnon.fr\/site\/wp-content\/uploads\/2025\/02\/PORTES-OUVERTES-ECOLE-DE-FOOT-15.jpg\" alt=\"\" class=\"wp-image-53339\" srcset=\"https:\/\/www.fcgueugnon.fr\/site\/wp-content\/uploads\/2025\/02\/PORTES-OUVERTES-ECOLE-DE-FOOT-15.jpg 1772w, https:\/\/www.fcgueugnon.fr\/site\/wp-content\/uploads\/2025\/02\/PORTES-OUVERTES-ECOLE-DE-FOOT-15-400x267.jpg 400w, https:\/\/www.fcgueugnon.fr\/site\/wp-content\/uploads\/2025\/02\/PORTES-OUVERTES-ECOLE-DE-FOOT-15-1024x682.jpg 1024w, https:\/\/www.fcgueugnon.fr\/site\/wp-content\/uploads\/2025\/02\/PORTES-OUVERTES-ECOLE-DE-FOOT-15-768x512.jpg 768w, https:\/\/www.fcgueugnon.fr\/site\/wp-content\/uploads\/2025\/02\/PORTES-OUVERTES-ECOLE-DE-FOOT-15-1536x1024.jpg 1536w, https:\/\/www.fcgueugnon.fr\/site\/wp-content\/uploads\/2025\/02\/PORTES-OUVERTES-ECOLE-DE-FOOT-15-1320x880.jpg 1320w\" sizes=\"auto, (max-width: 1772px) 100vw, 1772px\" \/><\/figure>\n\n\n\n<figure class=\"wp-block-image size-full\"><img loading=\"lazy\" decoding=\"async\" width=\"1772\" height=\"1181\" data-id=\"53340\" src=\"https:\/\/www.fcgueugnon.fr\/site\/wp-content\/uploads\/2025\/02\/PORTES-OUVERTES-ECOLE-DE-FOOT-14.jpg\" alt=\"\" class=\"wp-image-53340\" srcset=\"https:\/\/www.fcgueugnon.fr\/site\/wp-content\/uploads\/2025\/02\/PORTES-OUVERTES-ECOLE-DE-FOOT-14.jpg 1772w, https:\/\/www.fcgueugnon.fr\/site\/wp-content\/uploads\/2025\/02\/PORTES-OUVERTES-ECOLE-DE-FOOT-14-400x267.jpg 400w, https:\/\/www.fcgueugnon.fr\/site\/wp-content\/uploads\/2025\/02\/PORTES-OUVERTES-ECOLE-DE-FOOT-14-1024x682.jpg 1024w, https:\/\/www.fcgueugnon.fr\/site\/wp-content\/uploads\/2025\/02\/PORTES-OUVERTES-ECOLE-DE-FOOT-14-768x512.jpg 768w, https:\/\/www.fcgueugnon.fr\/site\/wp-content\/uploads\/2025\/02\/PORTES-OUVERTES-ECOLE-DE-FOOT-14-1536x1024.jpg 1536w, https:\/\/www.fcgueugnon.fr\/site\/wp-content\/uploads\/2025\/02\/PORTES-OUVERTES-ECOLE-DE-FOOT-14-1320x880.jpg 1320w\" sizes=\"auto, (max-width: 1772px) 100vw, 1772px\" \/><\/figure>\n\n\n\n<figure class=\"wp-block-image size-full\"><img loading=\"lazy\" decoding=\"async\" width=\"1772\" height=\"1181\" data-id=\"53341\" src=\"https:\/\/www.fcgueugnon.fr\/site\/wp-content\/uploads\/2025\/02\/PORTES-OUVERTES-ECOLE-DE-FOOT-13.jpg\" alt=\"\" class=\"wp-image-53341\" srcset=\"https:\/\/www.fcgueugnon.fr\/site\/wp-content\/uploads\/2025\/02\/PORTES-OUVERTES-ECOLE-DE-FOOT-13.jpg 1772w, https:\/\/www.fcgueugnon.fr\/site\/wp-content\/uploads\/2025\/02\/PORTES-OUVERTES-ECOLE-DE-FOOT-13-400x267.jpg 400w, https:\/\/www.fcgueugnon.fr\/site\/wp-content\/uploads\/2025\/02\/PORTES-OUVERTES-ECOLE-DE-FOOT-13-1024x682.jpg 1024w, https:\/\/www.fcgueugnon.fr\/site\/wp-content\/uploads\/2025\/02\/PORTES-OUVERTES-ECOLE-DE-FOOT-13-768x512.jpg 768w, https:\/\/www.fcgueugnon.fr\/site\/wp-content\/uploads\/2025\/02\/PORTES-OUVERTES-ECOLE-DE-FOOT-13-1536x1024.jpg 1536w, https:\/\/www.fcgueugnon.fr\/site\/wp-content\/uploads\/2025\/02\/PORTES-OUVERTES-ECOLE-DE-FOOT-13-1320x880.jpg 1320w\" sizes=\"auto, (max-width: 1772px) 100vw, 1772px\" \/><\/figure>\n\n\n\n<figure class=\"wp-block-image size-full\"><img loading=\"lazy\" decoding=\"async\" width=\"1772\" height=\"1181\" data-id=\"53328\" src=\"https:\/\/www.fcgueugnon.fr\/site\/wp-content\/uploads\/2025\/02\/PORTES-OUVERTES-ECOLE-DE-FOOT-12.jpg\" alt=\"\" class=\"wp-image-53328\" srcset=\"https:\/\/www.fcgueugnon.fr\/site\/wp-content\/uploads\/2025\/02\/PORTES-OUVERTES-ECOLE-DE-FOOT-12.jpg 1772w, https:\/\/www.fcgueugnon.fr\/site\/wp-content\/uploads\/2025\/02\/PORTES-OUVERTES-ECOLE-DE-FOOT-12-400x267.jpg 400w, https:\/\/www.fcgueugnon.fr\/site\/wp-content\/uploads\/2025\/02\/PORTES-OUVERTES-ECOLE-DE-FOOT-12-1024x682.jpg 1024w, https:\/\/www.fcgueugnon.fr\/site\/wp-content\/uploads\/2025\/02\/PORTES-OUVERTES-ECOLE-DE-FOOT-12-768x512.jpg 768w, https:\/\/www.fcgueugnon.fr\/site\/wp-content\/uploads\/2025\/02\/PORTES-OUVERTES-ECOLE-DE-FOOT-12-1536x1024.jpg 1536w, https:\/\/www.fcgueugnon.fr\/site\/wp-content\/uploads\/2025\/02\/PORTES-OUVERTES-ECOLE-DE-FOOT-12-1320x880.jpg 1320w\" sizes=\"auto, (max-width: 1772px) 100vw, 1772px\" \/><\/figure>\n\n\n\n<figure class=\"wp-block-image size-full\"><img loading=\"lazy\" decoding=\"async\" width=\"1772\" height=\"1181\" data-id=\"53329\" src=\"https:\/\/www.fcgueugnon.fr\/site\/wp-content\/uploads\/2025\/02\/PORTES-OUVERTES-ECOLE-DE-FOOT-11.jpg\" alt=\"\" class=\"wp-image-53329\" srcset=\"https:\/\/www.fcgueugnon.fr\/site\/wp-content\/uploads\/2025\/02\/PORTES-OUVERTES-ECOLE-DE-FOOT-11.jpg 1772w, https:\/\/www.fcgueugnon.fr\/site\/wp-content\/uploads\/2025\/02\/PORTES-OUVERTES-ECOLE-DE-FOOT-11-400x267.jpg 400w, https:\/\/www.fcgueugnon.fr\/site\/wp-content\/uploads\/2025\/02\/PORTES-OUVERTES-ECOLE-DE-FOOT-11-1024x682.jpg 1024w, https:\/\/www.fcgueugnon.fr\/site\/wp-content\/uploads\/2025\/02\/PORTES-OUVERTES-ECOLE-DE-FOOT-11-768x512.jpg 768w, https:\/\/www.fcgueugnon.fr\/site\/wp-content\/uploads\/2025\/02\/PORTES-OUVERTES-ECOLE-DE-FOOT-11-1536x1024.jpg 1536w, https:\/\/www.fcgueugnon.fr\/site\/wp-content\/uploads\/2025\/02\/PORTES-OUVERTES-ECOLE-DE-FOOT-11-1320x880.jpg 1320w\" sizes=\"auto, (max-width: 1772px) 100vw, 1772px\" \/><\/figure>\n\n\n\n<figure class=\"wp-block-image size-full\"><img loading=\"lazy\" decoding=\"async\" width=\"1772\" height=\"1181\" data-id=\"53330\" src=\"https:\/\/www.fcgueugnon.fr\/site\/wp-content\/uploads\/2025\/02\/PORTES-OUVERTES-ECOLE-DE-FOOT-10.jpg\" alt=\"\" class=\"wp-image-53330\" srcset=\"https:\/\/www.fcgueugnon.fr\/site\/wp-content\/uploads\/2025\/02\/PORTES-OUVERTES-ECOLE-DE-FOOT-10.jpg 1772w, https:\/\/www.fcgueugnon.fr\/site\/wp-content\/uploads\/2025\/02\/PORTES-OUVERTES-ECOLE-DE-FOOT-10-400x267.jpg 400w, https:\/\/www.fcgueugnon.fr\/site\/wp-content\/uploads\/2025\/02\/PORTES-OUVERTES-ECOLE-DE-FOOT-10-1024x682.jpg 1024w, https:\/\/www.fcgueugnon.fr\/site\/wp-content\/uploads\/2025\/02\/PORTES-OUVERTES-ECOLE-DE-FOOT-10-768x512.jpg 768w, https:\/\/www.fcgueugnon.fr\/site\/wp-content\/uploads\/2025\/02\/PORTES-OUVERTES-ECOLE-DE-FOOT-10-1536x1024.jpg 1536w, https:\/\/www.fcgueugnon.fr\/site\/wp-content\/uploads\/2025\/02\/PORTES-OUVERTES-ECOLE-DE-FOOT-10-1320x880.jpg 1320w\" sizes=\"auto, (max-width: 1772px) 100vw, 1772px\" \/><\/figure>\n\n\n\n<figure class=\"wp-block-image size-full\"><img loading=\"lazy\" decoding=\"async\" width=\"1772\" height=\"1181\" data-id=\"53342\" src=\"https:\/\/www.fcgueugnon.fr\/site\/wp-content\/uploads\/2025\/02\/PORTES-OUVERTES-ECOLE-DE-FOOT-9.jpg\" alt=\"\" class=\"wp-image-53342\" srcset=\"https:\/\/www.fcgueugnon.fr\/site\/wp-content\/uploads\/2025\/02\/PORTES-OUVERTES-ECOLE-DE-FOOT-9.jpg 1772w, https:\/\/www.fcgueugnon.fr\/site\/wp-content\/uploads\/2025\/02\/PORTES-OUVERTES-ECOLE-DE-FOOT-9-400x267.jpg 400w, https:\/\/www.fcgueugnon.fr\/site\/wp-content\/uploads\/2025\/02\/PORTES-OUVERTES-ECOLE-DE-FOOT-9-1024x682.jpg 1024w, https:\/\/www.fcgueugnon.fr\/site\/wp-content\/uploads\/2025\/02\/PORTES-OUVERTES-ECOLE-DE-FOOT-9-768x512.jpg 768w, https:\/\/www.fcgueugnon.fr\/site\/wp-content\/uploads\/2025\/02\/PORTES-OUVERTES-ECOLE-DE-FOOT-9-1536x1024.jpg 1536w, https:\/\/www.fcgueugnon.fr\/site\/wp-content\/uploads\/2025\/02\/PORTES-OUVERTES-ECOLE-DE-FOOT-9-1320x880.jpg 1320w\" sizes=\"auto, (max-width: 1772px) 100vw, 1772px\" \/><\/figure>\n\n\n\n<figure class=\"wp-block-image size-full\"><img loading=\"lazy\" decoding=\"async\" width=\"1772\" height=\"1181\" data-id=\"53331\" src=\"https:\/\/www.fcgueugnon.fr\/site\/wp-content\/uploads\/2025\/02\/PORTES-OUVERTES-ECOLE-DE-FOOT-8.jpg\" alt=\"\" class=\"wp-image-53331\" srcset=\"https:\/\/www.fcgueugnon.fr\/site\/wp-content\/uploads\/2025\/02\/PORTES-OUVERTES-ECOLE-DE-FOOT-8.jpg 1772w, https:\/\/www.fcgueugnon.fr\/site\/wp-content\/uploads\/2025\/02\/PORTES-OUVERTES-ECOLE-DE-FOOT-8-400x267.jpg 400w, https:\/\/www.fcgueugnon.fr\/site\/wp-content\/uploads\/2025\/02\/PORTES-OUVERTES-ECOLE-DE-FOOT-8-1024x682.jpg 1024w, https:\/\/www.fcgueugnon.fr\/site\/wp-content\/uploads\/2025\/02\/PORTES-OUVERTES-ECOLE-DE-FOOT-8-768x512.jpg 768w, https:\/\/www.fcgueugnon.fr\/site\/wp-content\/uploads\/2025\/02\/PORTES-OUVERTES-ECOLE-DE-FOOT-8-1536x1024.jpg 1536w, https:\/\/www.fcgueugnon.fr\/site\/wp-content\/uploads\/2025\/02\/PORTES-OUVERTES-ECOLE-DE-FOOT-8-1320x880.jpg 1320w\" sizes=\"auto, (max-width: 1772px) 100vw, 1772px\" \/><\/figure>\n\n\n\n<figure class=\"wp-block-image size-full\"><img loading=\"lazy\" decoding=\"async\" width=\"1772\" height=\"1181\" data-id=\"53333\" src=\"https:\/\/www.fcgueugnon.fr\/site\/wp-content\/uploads\/2025\/02\/PORTES-OUVERTES-ECOLE-DE-FOOT-7.jpg\" alt=\"\" class=\"wp-image-53333\" srcset=\"https:\/\/www.fcgueugnon.fr\/site\/wp-content\/uploads\/2025\/02\/PORTES-OUVERTES-ECOLE-DE-FOOT-7.jpg 1772w, https:\/\/www.fcgueugnon.fr\/site\/wp-content\/uploads\/2025\/02\/PORTES-OUVERTES-ECOLE-DE-FOOT-7-400x267.jpg 400w, https:\/\/www.fcgueugnon.fr\/site\/wp-content\/uploads\/2025\/02\/PORTES-OUVERTES-ECOLE-DE-FOOT-7-1024x682.jpg 1024w, https:\/\/www.fcgueugnon.fr\/site\/wp-content\/uploads\/2025\/02\/PORTES-OUVERTES-ECOLE-DE-FOOT-7-768x512.jpg 768w, https:\/\/www.fcgueugnon.fr\/site\/wp-content\/uploads\/2025\/02\/PORTES-OUVERTES-ECOLE-DE-FOOT-7-1536x1024.jpg 1536w, https:\/\/www.fcgueugnon.fr\/site\/wp-content\/uploads\/2025\/02\/PORTES-OUVERTES-ECOLE-DE-FOOT-7-1320x880.jpg 1320w\" sizes=\"auto, (max-width: 1772px) 100vw, 1772px\" \/><\/figure>\n\n\n\n<figure class=\"wp-block-image size-full\"><img loading=\"lazy\" decoding=\"async\" width=\"1772\" height=\"1181\" data-id=\"53332\" src=\"https:\/\/www.fcgueugnon.fr\/site\/wp-content\/uploads\/2025\/02\/PORTES-OUVERTES-ECOLE-DE-FOOT-6.jpg\" alt=\"\" class=\"wp-image-53332\" srcset=\"https:\/\/www.fcgueugnon.fr\/site\/wp-content\/uploads\/2025\/02\/PORTES-OUVERTES-ECOLE-DE-FOOT-6.jpg 1772w, https:\/\/www.fcgueugnon.fr\/site\/wp-content\/uploads\/2025\/02\/PORTES-OUVERTES-ECOLE-DE-FOOT-6-400x267.jpg 400w, https:\/\/www.fcgueugnon.fr\/site\/wp-content\/uploads\/2025\/02\/PORTES-OUVERTES-ECOLE-DE-FOOT-6-1024x682.jpg 1024w, https:\/\/www.fcgueugnon.fr\/site\/wp-content\/uploads\/2025\/02\/PORTES-OUVERTES-ECOLE-DE-FOOT-6-768x512.jpg 768w, https:\/\/www.fcgueugnon.fr\/site\/wp-content\/uploads\/2025\/02\/PORTES-OUVERTES-ECOLE-DE-FOOT-6-1536x1024.jpg 1536w, https:\/\/www.fcgueugnon.fr\/site\/wp-content\/uploads\/2025\/02\/PORTES-OUVERTES-ECOLE-DE-FOOT-6-1320x880.jpg 1320w\" sizes=\"auto, (max-width: 1772px) 100vw, 1772px\" \/><\/figure>\n\n\n\n<figure class=\"wp-block-image size-full\"><img loading=\"lazy\" decoding=\"async\" width=\"1772\" height=\"1181\" data-id=\"53334\" src=\"https:\/\/www.fcgueugnon.fr\/site\/wp-content\/uploads\/2025\/02\/PORTES-OUVERTES-ECOLE-DE-FOOT-5.jpg\" alt=\"\" class=\"wp-image-53334\" srcset=\"https:\/\/www.fcgueugnon.fr\/site\/wp-content\/uploads\/2025\/02\/PORTES-OUVERTES-ECOLE-DE-FOOT-5.jpg 1772w, https:\/\/www.fcgueugnon.fr\/site\/wp-content\/uploads\/2025\/02\/PORTES-OUVERTES-ECOLE-DE-FOOT-5-400x267.jpg 400w, https:\/\/www.fcgueugnon.fr\/site\/wp-content\/uploads\/2025\/02\/PORTES-OUVERTES-ECOLE-DE-FOOT-5-1024x682.jpg 1024w, https:\/\/www.fcgueugnon.fr\/site\/wp-content\/uploads\/2025\/02\/PORTES-OUVERTES-ECOLE-DE-FOOT-5-768x512.jpg 768w, https:\/\/www.fcgueugnon.fr\/site\/wp-content\/uploads\/2025\/02\/PORTES-OUVERTES-ECOLE-DE-FOOT-5-1536x1024.jpg 1536w, https:\/\/www.fcgueugnon.fr\/site\/wp-content\/uploads\/2025\/02\/PORTES-OUVERTES-ECOLE-DE-FOOT-5-1320x880.jpg 1320w\" sizes=\"auto, (max-width: 1772px) 100vw, 1772px\" \/><\/figure>\n\n\n\n<figure class=\"wp-block-image size-full\"><img loading=\"lazy\" decoding=\"async\" width=\"1772\" height=\"1181\" data-id=\"53335\" src=\"https:\/\/www.fcgueugnon.fr\/site\/wp-content\/uploads\/2025\/02\/PORTES-OUVERTES-ECOLE-DE-FOOT-4.jpg\" alt=\"\" class=\"wp-image-53335\" srcset=\"https:\/\/www.fcgueugnon.fr\/site\/wp-content\/uploads\/2025\/02\/PORTES-OUVERTES-ECOLE-DE-FOOT-4.jpg 1772w, https:\/\/www.fcgueugnon.fr\/site\/wp-content\/uploads\/2025\/02\/PORTES-OUVERTES-ECOLE-DE-FOOT-4-400x267.jpg 400w, https:\/\/www.fcgueugnon.fr\/site\/wp-content\/uploads\/2025\/02\/PORTES-OUVERTES-ECOLE-DE-FOOT-4-1024x682.jpg 1024w, https:\/\/www.fcgueugnon.fr\/site\/wp-content\/uploads\/2025\/02\/PORTES-OUVERTES-ECOLE-DE-FOOT-4-768x512.jpg 768w, https:\/\/www.fcgueugnon.fr\/site\/wp-content\/uploads\/2025\/02\/PORTES-OUVERTES-ECOLE-DE-FOOT-4-1536x1024.jpg 1536w, https:\/\/www.fcgueugnon.fr\/site\/wp-content\/uploads\/2025\/02\/PORTES-OUVERTES-ECOLE-DE-FOOT-4-1320x880.jpg 1320w\" sizes=\"auto, (max-width: 1772px) 100vw, 1772px\" \/><\/figure>\n\n\n\n<figure class=\"wp-block-image size-full\"><img loading=\"lazy\" decoding=\"async\" width=\"1772\" height=\"1181\" data-id=\"53336\" src=\"https:\/\/www.fcgueugnon.fr\/site\/wp-content\/uploads\/2025\/02\/PORTES-OUVERTES-ECOLE-DE-FOOT-3.jpg\" alt=\"\" class=\"wp-image-53336\" srcset=\"https:\/\/www.fcgueugnon.fr\/site\/wp-content\/uploads\/2025\/02\/PORTES-OUVERTES-ECOLE-DE-FOOT-3.jpg 1772w, https:\/\/www.fcgueugnon.fr\/site\/wp-content\/uploads\/2025\/02\/PORTES-OUVERTES-ECOLE-DE-FOOT-3-400x267.jpg 400w, https:\/\/www.fcgueugnon.fr\/site\/wp-content\/uploads\/2025\/02\/PORTES-OUVERTES-ECOLE-DE-FOOT-3-1024x682.jpg 1024w, https:\/\/www.fcgueugnon.fr\/site\/wp-content\/uploads\/2025\/02\/PORTES-OUVERTES-ECOLE-DE-FOOT-3-768x512.jpg 768w, https:\/\/www.fcgueugnon.fr\/site\/wp-content\/uploads\/2025\/02\/PORTES-OUVERTES-ECOLE-DE-FOOT-3-1536x1024.jpg 1536w, https:\/\/www.fcgueugnon.fr\/site\/wp-content\/uploads\/2025\/02\/PORTES-OUVERTES-ECOLE-DE-FOOT-3-1320x880.jpg 1320w\" sizes=\"auto, (max-width: 1772px) 100vw, 1772px\" \/><\/figure>\n\n\n\n<figure class=\"wp-block-image size-full\"><img loading=\"lazy\" decoding=\"async\" width=\"1772\" height=\"1181\" data-id=\"53337\" src=\"https:\/\/www.fcgueugnon.fr\/site\/wp-content\/uploads\/2025\/02\/PORTES-OUVERTES-ECOLE-DE-FOOT-2.jpg\" alt=\"\" class=\"wp-image-53337\" srcset=\"https:\/\/www.fcgueugnon.fr\/site\/wp-content\/uploads\/2025\/02\/PORTES-OUVERTES-ECOLE-DE-FOOT-2.jpg 1772w, https:\/\/www.fcgueugnon.fr\/site\/wp-content\/uploads\/2025\/02\/PORTES-OUVERTES-ECOLE-DE-FOOT-2-400x267.jpg 400w, https:\/\/www.fcgueugnon.fr\/site\/wp-content\/uploads\/2025\/02\/PORTES-OUVERTES-ECOLE-DE-FOOT-2-1024x682.jpg 1024w, https:\/\/www.fcgueugnon.fr\/site\/wp-content\/uploads\/2025\/02\/PORTES-OUVERTES-ECOLE-DE-FOOT-2-768x512.jpg 768w, https:\/\/www.fcgueugnon.fr\/site\/wp-content\/uploads\/2025\/02\/PORTES-OUVERTES-ECOLE-DE-FOOT-2-1536x1024.jpg 1536w, https:\/\/www.fcgueugnon.fr\/site\/wp-content\/uploads\/2025\/02\/PORTES-OUVERTES-ECOLE-DE-FOOT-2-1320x880.jpg 1320w\" sizes=\"auto, (max-width: 1772px) 100vw, 1772px\" \/><\/figure>\n\n\n\n<figure class=\"wp-block-image size-full\"><img loading=\"lazy\" decoding=\"async\" width=\"1772\" height=\"1181\" data-id=\"53338\" src=\"https:\/\/www.fcgueugnon.fr\/site\/wp-content\/uploads\/2025\/02\/PORTES-OUVERTES-ECOLE-DE-FOOT-1.jpg\" alt=\"\" class=\"wp-image-53338\" srcset=\"https:\/\/www.fcgueugnon.fr\/site\/wp-content\/uploads\/2025\/02\/PORTES-OUVERTES-ECOLE-DE-FOOT-1.jpg 1772w, https:\/\/www.fcgueugnon.fr\/site\/wp-content\/uploads\/2025\/02\/PORTES-OUVERTES-ECOLE-DE-FOOT-1-400x267.jpg 400w, https:\/\/www.fcgueugnon.fr\/site\/wp-content\/uploads\/2025\/02\/PORTES-OUVERTES-ECOLE-DE-FOOT-1-1024x682.jpg 1024w, https:\/\/www.fcgueugnon.fr\/site\/wp-content\/uploads\/2025\/02\/PORTES-OUVERTES-ECOLE-DE-FOOT-1-768x512.jpg 768w, https:\/\/www.fcgueugnon.fr\/site\/wp-content\/uploads\/2025\/02\/PORTES-OUVERTES-ECOLE-DE-FOOT-1-1536x1024.jpg 1536w, https:\/\/www.fcgueugnon.fr\/site\/wp-content\/uploads\/2025\/02\/PORTES-OUVERTES-ECOLE-DE-FOOT-1-1320x880.jpg 1320w\" sizes=\"auto, (max-width: 1772px) 100vw, 1772px\" \/><\/figure>\n<\/figure>\n","protected":false},"excerpt":{"rendered":"<p>Ce mercredi 19 F\u00e9vrier, l&rsquo;\u00c9cole de Foot du FC Gueugnon a ouvert ses portes. Plus de 50 enfants ont r\u00e9pondu pr\u00e9sent ! Retour en images sur cette matin\u00e9e d\u00e9couverte !<\/p>\n","protected":false},"author":3,"featured_media":53338,"comment_status":"closed","ping_status":"closed","sticky":true,"template":"","format":"standard","meta":{"footnotes":""},"categories":[4,62],"tags":[14],"class_list":["post-53311","post","type-post","status-publish","format-standard","has-post-thumbnail","hentry","category-news","category-news-2024-2025","tag-sport-e-leclerc-academie-jeunes-formation","infinite-scroll-item","generate-columns","tablet-grid-50","mobile-grid-100","grid-parent","grid-25"],"yoast_head":"<!-- This site is optimized with the Yoast SEO plugin v26.6 - https:\/\/yoast.com\/wordpress\/plugins\/seo\/ -->\n<title>[Sport E.Leclerc Acad\u00e9mie] Retour en images sur les portes ouvertes de l&#039;Ecole de Foot ! &#8226; FOOTBALL CLUB GUEUGNON<\/title>\n<meta name=\"robots\" content=\"index, follow, max-snippet:-1, max-image-preview:large, max-video-preview:-1\" \/>\n<link rel=\"canonical\" href=\"https:\/\/www.fcgueugnon.fr\/site\/sport-e-leclerc-academie-retour-en-images-sur-les-portes-ouvertes-de-lecole-de-foot-2\/53311\" \/>\n<meta property=\"og:locale\" content=\"fr_FR\" \/>\n<meta property=\"og:type\" content=\"article\" \/>\n<meta property=\"og:title\" content=\"[Sport E.Leclerc Acad\u00e9mie] Retour en images sur les portes ouvertes de l&#039;Ecole de Foot ! &#8226; FOOTBALL CLUB GUEUGNON\" \/>\n<meta property=\"og:description\" content=\"Ce mercredi 19 F\u00e9vrier, l&rsquo;\u00c9cole de Foot du FC Gueugnon a ouvert ses portes. Plus de 50 enfants ont r\u00e9pondu pr\u00e9sent ! Retour en images sur cette matin\u00e9e d\u00e9couverte !\" \/>\n<meta property=\"og:url\" content=\"https:\/\/www.fcgueugnon.fr\/site\/sport-e-leclerc-academie-retour-en-images-sur-les-portes-ouvertes-de-lecole-de-foot-2\/53311\" \/>\n<meta property=\"og:site_name\" content=\"FOOTBALL CLUB GUEUGNON\" \/>\n<meta property=\"article:publisher\" content=\"http:\/\/facebook.com\/FCGueugnon\" \/>\n<meta property=\"article:published_time\" content=\"2025-02-20T09:33:05+00:00\" \/>\n<meta property=\"article:modified_time\" content=\"2025-02-20T09:33:06+00:00\" \/>\n<meta property=\"og:image\" content=\"https:\/\/www.fcgueugnon.fr\/site\/wp-content\/uploads\/2025\/02\/PORTES-OUVERTES-ECOLE-DE-FOOT-1.jpg\" \/>\n\t<meta property=\"og:image:width\" content=\"1772\" \/>\n\t<meta property=\"og:image:height\" content=\"1181\" \/>\n\t<meta property=\"og:image:type\" content=\"image\/jpeg\" \/>\n<meta name=\"author\" content=\"FC Gueugnon\" \/>\n<meta name=\"twitter:card\" content=\"summary_large_image\" \/>\n<meta name=\"twitter:creator\" content=\"@FCGueugnon_off\" \/>\n<meta name=\"twitter:site\" content=\"@FCGueugnon_off\" \/>\n<meta name=\"twitter:label1\" content=\"\u00c9crit par\" \/>\n\t<meta name=\"twitter:data1\" content=\"FC Gueugnon\" \/>\n\t<meta name=\"twitter:label2\" content=\"Dur\u00e9e de lecture estim\u00e9e\" \/>\n\t<meta name=\"twitter:data2\" content=\"7 minutes\" \/>\n<script type=\"application\/ld+json\" class=\"yoast-schema-graph\">{\"@context\":\"https:\/\/schema.org\",\"@graph\":[{\"@type\":\"Article\",\"@id\":\"https:\/\/www.fcgueugnon.fr\/site\/sport-e-leclerc-academie-retour-en-images-sur-les-portes-ouvertes-de-lecole-de-foot-2\/53311#article\",\"isPartOf\":{\"@id\":\"https:\/\/www.fcgueugnon.fr\/site\/sport-e-leclerc-academie-retour-en-images-sur-les-portes-ouvertes-de-lecole-de-foot-2\/53311\"},\"author\":{\"name\":\"FC Gueugnon\",\"@id\":\"https:\/\/www.fcgueugnon.fr\/site\/#\/schema\/person\/829630bfb5d6f3ebe4d296b75687c01a\"},\"headline\":\"[Sport E.Leclerc Acad\u00e9mie] Retour en images sur les portes ouvertes de l&rsquo;Ecole de Foot !\",\"datePublished\":\"2025-02-20T09:33:05+00:00\",\"dateModified\":\"2025-02-20T09:33:06+00:00\",\"mainEntityOfPage\":{\"@id\":\"https:\/\/www.fcgueugnon.fr\/site\/sport-e-leclerc-academie-retour-en-images-sur-les-portes-ouvertes-de-lecole-de-foot-2\/53311\"},\"wordCount\":49,\"publisher\":{\"@id\":\"https:\/\/www.fcgueugnon.fr\/site\/#organization\"},\"image\":{\"@id\":\"https:\/\/www.fcgueugnon.fr\/site\/sport-e-leclerc-academie-retour-en-images-sur-les-portes-ouvertes-de-lecole-de-foot-2\/53311#primaryimage\"},\"thumbnailUrl\":\"https:\/\/www.fcgueugnon.fr\/site\/wp-content\/uploads\/2025\/02\/PORTES-OUVERTES-ECOLE-DE-FOOT-1.jpg\",\"keywords\":[\"Sport E.Leclerc Acad\u00e9mie : Jeunes \/ Formation\"],\"articleSection\":[\"News\",\"News 2024\/2025\"],\"inLanguage\":\"fr-FR\"},{\"@type\":\"WebPage\",\"@id\":\"https:\/\/www.fcgueugnon.fr\/site\/sport-e-leclerc-academie-retour-en-images-sur-les-portes-ouvertes-de-lecole-de-foot-2\/53311\",\"url\":\"https:\/\/www.fcgueugnon.fr\/site\/sport-e-leclerc-academie-retour-en-images-sur-les-portes-ouvertes-de-lecole-de-foot-2\/53311\",\"name\":\"[Sport E.Leclerc Acad\u00e9mie] Retour en images sur les portes ouvertes de l'Ecole de Foot ! &#8226; FOOTBALL CLUB GUEUGNON\",\"isPartOf\":{\"@id\":\"https:\/\/www.fcgueugnon.fr\/site\/#website\"},\"primaryImageOfPage\":{\"@id\":\"https:\/\/www.fcgueugnon.fr\/site\/sport-e-leclerc-academie-retour-en-images-sur-les-portes-ouvertes-de-lecole-de-foot-2\/53311#primaryimage\"},\"image\":{\"@id\":\"https:\/\/www.fcgueugnon.fr\/site\/sport-e-leclerc-academie-retour-en-images-sur-les-portes-ouvertes-de-lecole-de-foot-2\/53311#primaryimage\"},\"thumbnailUrl\":\"https:\/\/www.fcgueugnon.fr\/site\/wp-content\/uploads\/2025\/02\/PORTES-OUVERTES-ECOLE-DE-FOOT-1.jpg\",\"datePublished\":\"2025-02-20T09:33:05+00:00\",\"dateModified\":\"2025-02-20T09:33:06+00:00\",\"breadcrumb\":{\"@id\":\"https:\/\/www.fcgueugnon.fr\/site\/sport-e-leclerc-academie-retour-en-images-sur-les-portes-ouvertes-de-lecole-de-foot-2\/53311#breadcrumb\"},\"inLanguage\":\"fr-FR\",\"potentialAction\":[{\"@type\":\"ReadAction\",\"target\":[\"https:\/\/www.fcgueugnon.fr\/site\/sport-e-leclerc-academie-retour-en-images-sur-les-portes-ouvertes-de-lecole-de-foot-2\/53311\"]}]},{\"@type\":\"ImageObject\",\"inLanguage\":\"fr-FR\",\"@id\":\"https:\/\/www.fcgueugnon.fr\/site\/sport-e-leclerc-academie-retour-en-images-sur-les-portes-ouvertes-de-lecole-de-foot-2\/53311#primaryimage\",\"url\":\"https:\/\/www.fcgueugnon.fr\/site\/wp-content\/uploads\/2025\/02\/PORTES-OUVERTES-ECOLE-DE-FOOT-1.jpg\",\"contentUrl\":\"https:\/\/www.fcgueugnon.fr\/site\/wp-content\/uploads\/2025\/02\/PORTES-OUVERTES-ECOLE-DE-FOOT-1.jpg\",\"width\":1772,\"height\":1181},{\"@type\":\"BreadcrumbList\",\"@id\":\"https:\/\/www.fcgueugnon.fr\/site\/sport-e-leclerc-academie-retour-en-images-sur-les-portes-ouvertes-de-lecole-de-foot-2\/53311#breadcrumb\",\"itemListElement\":[{\"@type\":\"ListItem\",\"position\":1,\"name\":\"Accueil\",\"item\":\"https:\/\/www.fcgueugnon.fr\/site\/\"},{\"@type\":\"ListItem\",\"position\":2,\"name\":\"[Sport E.Leclerc Acad\u00e9mie] Retour en images sur les portes ouvertes de l&rsquo;Ecole de Foot !\"}]},{\"@type\":\"WebSite\",\"@id\":\"https:\/\/www.fcgueugnon.fr\/site\/#website\",\"url\":\"https:\/\/www.fcgueugnon.fr\/site\/\",\"name\":\"FOOTBALL CLUB GUEUGNON\",\"description\":\"Le Site Officiel des Forgerons\",\"publisher\":{\"@id\":\"https:\/\/www.fcgueugnon.fr\/site\/#organization\"},\"potentialAction\":[{\"@type\":\"SearchAction\",\"target\":{\"@type\":\"EntryPoint\",\"urlTemplate\":\"https:\/\/www.fcgueugnon.fr\/site\/?s={search_term_string}\"},\"query-input\":{\"@type\":\"PropertyValueSpecification\",\"valueRequired\":true,\"valueName\":\"search_term_string\"}}],\"inLanguage\":\"fr-FR\"},{\"@type\":\"Organization\",\"@id\":\"https:\/\/www.fcgueugnon.fr\/site\/#organization\",\"name\":\"FC Gueugnon\",\"url\":\"https:\/\/www.fcgueugnon.fr\/site\/\",\"logo\":{\"@type\":\"ImageObject\",\"inLanguage\":\"fr-FR\",\"@id\":\"https:\/\/www.fcgueugnon.fr\/site\/#\/schema\/logo\/image\/\",\"url\":\"https:\/\/www.fcgueugnon.fr\/site\/wp-content\/uploads\/2022\/07\/cropped-Logo-FCGUEUGNON-low-350x350-1.png\",\"contentUrl\":\"https:\/\/www.fcgueugnon.fr\/site\/wp-content\/uploads\/2022\/07\/cropped-Logo-FCGUEUGNON-low-350x350-1.png\",\"width\":350,\"height\":350,\"caption\":\"FC Gueugnon\"},\"image\":{\"@id\":\"https:\/\/www.fcgueugnon.fr\/site\/#\/schema\/logo\/image\/\"},\"sameAs\":[\"http:\/\/facebook.com\/FCGueugnon\",\"https:\/\/x.com\/FCGueugnon_off\",\"https:\/\/www.instagram.com\/fcgueugnon\/\",\"https:\/\/www.linkedin.com\/company\/football-club-de-gueugnon\/\",\"https:\/\/www.youtube.com\/user\/FCGueugnonnais\",\"https:\/\/fr.wikipedia.org\/wiki\/Football_Club_de_Gueugnon\"]},{\"@type\":\"Person\",\"@id\":\"https:\/\/www.fcgueugnon.fr\/site\/#\/schema\/person\/829630bfb5d6f3ebe4d296b75687c01a\",\"name\":\"FC Gueugnon\",\"url\":\"https:\/\/www.fcgueugnon.fr\/site\/author\/g-avin1\"}]}<\/script>\n<!-- \/ Yoast SEO plugin. -->","yoast_head_json":{"title":"[Sport E.Leclerc Acad\u00e9mie] Retour en images sur les portes ouvertes de l'Ecole de Foot ! &#8226; FOOTBALL CLUB GUEUGNON","robots":{"index":"index","follow":"follow","max-snippet":"max-snippet:-1","max-image-preview":"max-image-preview:large","max-video-preview":"max-video-preview:-1"},"canonical":"https:\/\/www.fcgueugnon.fr\/site\/sport-e-leclerc-academie-retour-en-images-sur-les-portes-ouvertes-de-lecole-de-foot-2\/53311","og_locale":"fr_FR","og_type":"article","og_title":"[Sport E.Leclerc Acad\u00e9mie] Retour en images sur les portes ouvertes de l'Ecole de Foot ! &#8226; FOOTBALL CLUB GUEUGNON","og_description":"Ce mercredi 19 F\u00e9vrier, l&rsquo;\u00c9cole de Foot du FC Gueugnon a ouvert ses portes. Plus de 50 enfants ont r\u00e9pondu pr\u00e9sent ! Retour en images sur cette matin\u00e9e d\u00e9couverte !","og_url":"https:\/\/www.fcgueugnon.fr\/site\/sport-e-leclerc-academie-retour-en-images-sur-les-portes-ouvertes-de-lecole-de-foot-2\/53311","og_site_name":"FOOTBALL CLUB GUEUGNON","article_publisher":"http:\/\/facebook.com\/FCGueugnon","article_published_time":"2025-02-20T09:33:05+00:00","article_modified_time":"2025-02-20T09:33:06+00:00","og_image":[{"width":1772,"height":1181,"url":"https:\/\/www.fcgueugnon.fr\/site\/wp-content\/uploads\/2025\/02\/PORTES-OUVERTES-ECOLE-DE-FOOT-1.jpg","type":"image\/jpeg"}],"author":"FC Gueugnon","twitter_card":"summary_large_image","twitter_creator":"@FCGueugnon_off","twitter_site":"@FCGueugnon_off","twitter_misc":{"\u00c9crit par":"FC Gueugnon","Dur\u00e9e de lecture estim\u00e9e":"7 minutes"},"schema":{"@context":"https:\/\/schema.org","@graph":[{"@type":"Article","@id":"https:\/\/www.fcgueugnon.fr\/site\/sport-e-leclerc-academie-retour-en-images-sur-les-portes-ouvertes-de-lecole-de-foot-2\/53311#article","isPartOf":{"@id":"https:\/\/www.fcgueugnon.fr\/site\/sport-e-leclerc-academie-retour-en-images-sur-les-portes-ouvertes-de-lecole-de-foot-2\/53311"},"author":{"name":"FC Gueugnon","@id":"https:\/\/www.fcgueugnon.fr\/site\/#\/schema\/person\/829630bfb5d6f3ebe4d296b75687c01a"},"headline":"[Sport E.Leclerc Acad\u00e9mie] Retour en images sur les portes ouvertes de l&rsquo;Ecole de Foot !","datePublished":"2025-02-20T09:33:05+00:00","dateModified":"2025-02-20T09:33:06+00:00","mainEntityOfPage":{"@id":"https:\/\/www.fcgueugnon.fr\/site\/sport-e-leclerc-academie-retour-en-images-sur-les-portes-ouvertes-de-lecole-de-foot-2\/53311"},"wordCount":49,"publisher":{"@id":"https:\/\/www.fcgueugnon.fr\/site\/#organization"},"image":{"@id":"https:\/\/www.fcgueugnon.fr\/site\/sport-e-leclerc-academie-retour-en-images-sur-les-portes-ouvertes-de-lecole-de-foot-2\/53311#primaryimage"},"thumbnailUrl":"https:\/\/www.fcgueugnon.fr\/site\/wp-content\/uploads\/2025\/02\/PORTES-OUVERTES-ECOLE-DE-FOOT-1.jpg","keywords":["Sport E.Leclerc Acad\u00e9mie : Jeunes \/ Formation"],"articleSection":["News","News 2024\/2025"],"inLanguage":"fr-FR"},{"@type":"WebPage","@id":"https:\/\/www.fcgueugnon.fr\/site\/sport-e-leclerc-academie-retour-en-images-sur-les-portes-ouvertes-de-lecole-de-foot-2\/53311","url":"https:\/\/www.fcgueugnon.fr\/site\/sport-e-leclerc-academie-retour-en-images-sur-les-portes-ouvertes-de-lecole-de-foot-2\/53311","name":"[Sport E.Leclerc Acad\u00e9mie] Retour en images sur les portes ouvertes de l'Ecole de Foot ! &#8226; FOOTBALL CLUB GUEUGNON","isPartOf":{"@id":"https:\/\/www.fcgueugnon.fr\/site\/#website"},"primaryImageOfPage":{"@id":"https:\/\/www.fcgueugnon.fr\/site\/sport-e-leclerc-academie-retour-en-images-sur-les-portes-ouvertes-de-lecole-de-foot-2\/53311#primaryimage"},"image":{"@id":"https:\/\/www.fcgueugnon.fr\/site\/sport-e-leclerc-academie-retour-en-images-sur-les-portes-ouvertes-de-lecole-de-foot-2\/53311#primaryimage"},"thumbnailUrl":"https:\/\/www.fcgueugnon.fr\/site\/wp-content\/uploads\/2025\/02\/PORTES-OUVERTES-ECOLE-DE-FOOT-1.jpg","datePublished":"2025-02-20T09:33:05+00:00","dateModified":"2025-02-20T09:33:06+00:00","breadcrumb":{"@id":"https:\/\/www.fcgueugnon.fr\/site\/sport-e-leclerc-academie-retour-en-images-sur-les-portes-ouvertes-de-lecole-de-foot-2\/53311#breadcrumb"},"inLanguage":"fr-FR","potentialAction":[{"@type":"ReadAction","target":["https:\/\/www.fcgueugnon.fr\/site\/sport-e-leclerc-academie-retour-en-images-sur-les-portes-ouvertes-de-lecole-de-foot-2\/53311"]}]},{"@type":"ImageObject","inLanguage":"fr-FR","@id":"https:\/\/www.fcgueugnon.fr\/site\/sport-e-leclerc-academie-retour-en-images-sur-les-portes-ouvertes-de-lecole-de-foot-2\/53311#primaryimage","url":"https:\/\/www.fcgueugnon.fr\/site\/wp-content\/uploads\/2025\/02\/PORTES-OUVERTES-ECOLE-DE-FOOT-1.jpg","contentUrl":"https:\/\/www.fcgueugnon.fr\/site\/wp-content\/uploads\/2025\/02\/PORTES-OUVERTES-ECOLE-DE-FOOT-1.jpg","width":1772,"height":1181},{"@type":"BreadcrumbList","@id":"https:\/\/www.fcgueugnon.fr\/site\/sport-e-leclerc-academie-retour-en-images-sur-les-portes-ouvertes-de-lecole-de-foot-2\/53311#breadcrumb","itemListElement":[{"@type":"ListItem","position":1,"name":"Accueil","item":"https:\/\/www.fcgueugnon.fr\/site\/"},{"@type":"ListItem","position":2,"name":"[Sport E.Leclerc Acad\u00e9mie] Retour en images sur les portes ouvertes de l&rsquo;Ecole de Foot !"}]},{"@type":"WebSite","@id":"https:\/\/www.fcgueugnon.fr\/site\/#website","url":"https:\/\/www.fcgueugnon.fr\/site\/","name":"FOOTBALL CLUB GUEUGNON","description":"Le Site Officiel des Forgerons","publisher":{"@id":"https:\/\/www.fcgueugnon.fr\/site\/#organization"},"potentialAction":[{"@type":"SearchAction","target":{"@type":"EntryPoint","urlTemplate":"https:\/\/www.fcgueugnon.fr\/site\/?s={search_term_string}"},"query-input":{"@type":"PropertyValueSpecification","valueRequired":true,"valueName":"search_term_string"}}],"inLanguage":"fr-FR"},{"@type":"Organization","@id":"https:\/\/www.fcgueugnon.fr\/site\/#organization","name":"FC Gueugnon","url":"https:\/\/www.fcgueugnon.fr\/site\/","logo":{"@type":"ImageObject","inLanguage":"fr-FR","@id":"https:\/\/www.fcgueugnon.fr\/site\/#\/schema\/logo\/image\/","url":"https:\/\/www.fcgueugnon.fr\/site\/wp-content\/uploads\/2022\/07\/cropped-Logo-FCGUEUGNON-low-350x350-1.png","contentUrl":"https:\/\/www.fcgueugnon.fr\/site\/wp-content\/uploads\/2022\/07\/cropped-Logo-FCGUEUGNON-low-350x350-1.png","width":350,"height":350,"caption":"FC Gueugnon"},"image":{"@id":"https:\/\/www.fcgueugnon.fr\/site\/#\/schema\/logo\/image\/"},"sameAs":["http:\/\/facebook.com\/FCGueugnon","https:\/\/x.com\/FCGueugnon_off","https:\/\/www.instagram.com\/fcgueugnon\/","https:\/\/www.linkedin.com\/company\/football-club-de-gueugnon\/","https:\/\/www.youtube.com\/user\/FCGueugnonnais","https:\/\/fr.wikipedia.org\/wiki\/Football_Club_de_Gueugnon"]},{"@type":"Person","@id":"https:\/\/www.fcgueugnon.fr\/site\/#\/schema\/person\/829630bfb5d6f3ebe4d296b75687c01a","name":"FC Gueugnon","url":"https:\/\/www.fcgueugnon.fr\/site\/author\/g-avin1"}]}},"rttpg_featured_image_url":{"full":["https:\/\/www.fcgueugnon.fr\/site\/wp-content\/uploads\/2025\/02\/PORTES-OUVERTES-ECOLE-DE-FOOT-1.jpg",1772,1181,false],"landscape":["https:\/\/www.fcgueugnon.fr\/site\/wp-content\/uploads\/2025\/02\/PORTES-OUVERTES-ECOLE-DE-FOOT-1.jpg",1772,1181,false],"portraits":["https:\/\/www.fcgueugnon.fr\/site\/wp-content\/uploads\/2025\/02\/PORTES-OUVERTES-ECOLE-DE-FOOT-1.jpg",1772,1181,false],"thumbnail":["https:\/\/www.fcgueugnon.fr\/site\/wp-content\/uploads\/2025\/02\/PORTES-OUVERTES-ECOLE-DE-FOOT-1-150x150.jpg",150,150,true],"medium":["https:\/\/www.fcgueugnon.fr\/site\/wp-content\/uploads\/2025\/02\/PORTES-OUVERTES-ECOLE-DE-FOOT-1-400x267.jpg",400,267,true],"large":["https:\/\/www.fcgueugnon.fr\/site\/wp-content\/uploads\/2025\/02\/PORTES-OUVERTES-ECOLE-DE-FOOT-1-1024x682.jpg",1024,682,true],"1536x1536":["https:\/\/www.fcgueugnon.fr\/site\/wp-content\/uploads\/2025\/02\/PORTES-OUVERTES-ECOLE-DE-FOOT-1-1536x1024.jpg",1536,1024,true],"2048x2048":["https:\/\/www.fcgueugnon.fr\/site\/wp-content\/uploads\/2025\/02\/PORTES-OUVERTES-ECOLE-DE-FOOT-1.jpg",1772,1181,false]},"rttpg_author":{"display_name":"FC Gueugnon","author_link":"https:\/\/www.fcgueugnon.fr\/site\/author\/g-avin1"},"rttpg_comment":0,"rttpg_category":"<a href=\"https:\/\/www.fcgueugnon.fr\/site\/category\/news\" rel=\"category tag\">News<\/a> <a href=\"https:\/\/www.fcgueugnon.fr\/site\/category\/news\/news-2024-2025\" rel=\"category tag\">News 2024\/2025<\/a>","rttpg_excerpt":"Ce mercredi 19 F\u00e9vrier, l&rsquo;\u00c9cole de Foot du FC Gueugnon a ouvert ses portes. Plus de 50 enfants ont r\u00e9pondu pr\u00e9sent ! Retour en images sur cette matin\u00e9e d\u00e9couverte !","_links":{"self":[{"href":"https:\/\/www.fcgueugnon.fr\/site\/wp-json\/wp\/v2\/posts\/53311","targetHints":{"allow":["GET"]}}],"collection":[{"href":"https:\/\/www.fcgueugnon.fr\/site\/wp-json\/wp\/v2\/posts"}],"about":[{"href":"https:\/\/www.fcgueugnon.fr\/site\/wp-json\/wp\/v2\/types\/post"}],"author":[{"embeddable":true,"href":"https:\/\/www.fcgueugnon.fr\/site\/wp-json\/wp\/v2\/users\/3"}],"replies":[{"embeddable":true,"href":"https:\/\/www.fcgueugnon.fr\/site\/wp-json\/wp\/v2\/comments?post=53311"}],"version-history":[{"count":3,"href":"https:\/\/www.fcgueugnon.fr\/site\/wp-json\/wp\/v2\/posts\/53311\/revisions"}],"predecessor-version":[{"id":53344,"href":"https:\/\/www.fcgueugnon.fr\/site\/wp-json\/wp\/v2\/posts\/53311\/revisions\/53344"}],"wp:featuredmedia":[{"embeddable":true,"href":"https:\/\/www.fcgueugnon.fr\/site\/wp-json\/wp\/v2\/media\/53338"}],"wp:attachment":[{"href":"https:\/\/www.fcgueugnon.fr\/site\/wp-json\/wp\/v2\/media?parent=53311"}],"wp:term":[{"taxonomy":"category","embeddable":true,"href":"https:\/\/www.fcgueugnon.fr\/site\/wp-json\/wp\/v2\/categories?post=53311"},{"taxonomy":"post_tag","embeddable":true,"href":"https:\/\/www.fcgueugnon.fr\/site\/wp-json\/wp\/v2\/tags?post=53311"}],"curies":[{"name":"wp","href":"https:\/\/api.w.org\/{rel}","templated":true}]}}