{"id":53284,"date":"2025-02-19T17:25:00","date_gmt":"2025-02-19T16:25:00","guid":{"rendered":"https:\/\/www.fcgueugnon.fr\/site\/?p=53284"},"modified":"2025-02-19T14:19:49","modified_gmt":"2025-02-19T13:19:49","slug":"national-3-alexis-guillon-en-intervention-aupres-de-notre-groupe-n3-pour-promouvoir-larbitrage","status":"publish","type":"post","link":"https:\/\/www.fcgueugnon.fr\/site\/national-3-alexis-guillon-en-intervention-aupres-de-notre-groupe-n3-pour-promouvoir-larbitrage\/53284","title":{"rendered":"[National 3] Alexis Guillon en intervention aupr\u00e8s de notre groupe N3 pour promouvoir l&rsquo;arbitrage"},"content":{"rendered":"\n<h3 class=\"wp-block-heading has-contrast-color has-text-color has-link-color wp-elements-cbac05d01f0c142b1ce483ee59815966\"><strong>Alexis Guillon est venu \u00e0 la rencontre de notre \u00e9quipe National 3 afin de sensibiliser les joueurs \u00e0 l&rsquo;arbitrage et mettre en avant les liens entre joueurs et arbitres.<\/strong><\/h3>\n\n\n\n<div style=\"height:35px\" aria-hidden=\"true\" class=\"wp-block-spacer\"><\/div>\n\n\n<div class=\"wp-block-image\">\n<figure class=\"aligncenter size-large\"><img loading=\"lazy\" decoding=\"async\" width=\"1024\" height=\"682\" src=\"https:\/\/www.fcgueugnon.fr\/site\/wp-content\/uploads\/2025\/02\/CONFERENCE-ARBITRAGE-FC-GUEUGNON-10-1024x682.jpg\" alt=\"\" class=\"wp-image-53291\" srcset=\"https:\/\/www.fcgueugnon.fr\/site\/wp-content\/uploads\/2025\/02\/CONFERENCE-ARBITRAGE-FC-GUEUGNON-10-1024x682.jpg 1024w, https:\/\/www.fcgueugnon.fr\/site\/wp-content\/uploads\/2025\/02\/CONFERENCE-ARBITRAGE-FC-GUEUGNON-10-400x267.jpg 400w, https:\/\/www.fcgueugnon.fr\/site\/wp-content\/uploads\/2025\/02\/CONFERENCE-ARBITRAGE-FC-GUEUGNON-10-768x512.jpg 768w, https:\/\/www.fcgueugnon.fr\/site\/wp-content\/uploads\/2025\/02\/CONFERENCE-ARBITRAGE-FC-GUEUGNON-10-1536x1024.jpg 1536w, https:\/\/www.fcgueugnon.fr\/site\/wp-content\/uploads\/2025\/02\/CONFERENCE-ARBITRAGE-FC-GUEUGNON-10-1320x880.jpg 1320w, https:\/\/www.fcgueugnon.fr\/site\/wp-content\/uploads\/2025\/02\/CONFERENCE-ARBITRAGE-FC-GUEUGNON-10.jpg 1772w\" sizes=\"auto, (max-width: 1024px) 100vw, 1024px\" \/><\/figure>\n<\/div>\n\n\n<div style=\"height:35px\" aria-hidden=\"true\" class=\"wp-block-spacer\"><\/div>\n\n\n\n<p class=\"has-contrast-color has-text-color has-link-color wp-elements-a21892074f7e55fb326c5fa771e56a1a\">Les joueurs de l&rsquo;\u00e9quipe National 3 ont r\u00e9cemment eu l&rsquo;opportunit\u00e9 de participer \u00e0 une intervention qui a mis en lumi\u00e8re le lien crucial entre les joueurs et les arbitres sur le terrain. Cette session, anim\u00e9e par <strong>Alexis Guillon<\/strong>, arbitre officiant en National 2, accompagn\u00e9 de <strong>S\u00e9bastien Fevre<\/strong>, r\u00e9f\u00e9rent arbitre, visait \u00e0 renforcer la compr\u00e9hension et le respect des d\u00e9cisions arbitrales, tout en soulignant l&rsquo;importance du r\u00f4le des arbitres dans la bonne tenue des matchs.<\/p>\n\n\n\n<p class=\"has-contrast-color has-text-color has-link-color wp-elements-1fc32572dad6c722b01e9a098979637a\">Alexis Guillon a expos\u00e9 diverses situations d&rsquo;arbitrage, permettant aux joueurs d&rsquo;analyser des d\u00e9cisions sp\u00e9cifiques. Ils ont pu par la suite se mettre dans la peau de l&rsquo;arbitre, confront\u00e9 \u00e0 des dilemmes similaires \u00e0 ceux qu&rsquo;ils peuvent rencontrer lors de matchs. Cette approche interactive a permis de mieux appr\u00e9hender les enjeux de l&rsquo;arbitrage et de favoriser une prise de conscience sur le respect mutuel qui doit exister entre les joueurs et les arbitres.<\/p>\n\n\n\n<p class=\"has-contrast-color has-text-color has-link-color wp-elements-a0123ddf11d940211acd17f1f9b51397\">Cette initiative s&rsquo;inscrit dans la volont\u00e9 du FC Gueugnon de promouvoir les valeurs du sport, telles que le respect et la responsabilit\u00e9, aupr\u00e8s de ses joueurs. Le FC Gueugnon remercie Alexis Guillon pour son intervention.<\/p>\n\n\n\n<div style=\"height:35px\" aria-hidden=\"true\" class=\"wp-block-spacer\"><\/div>\n\n\n\n<h3 class=\"wp-block-heading has-contrast-color has-text-color has-link-color wp-elements-1fa00a50a009b338273330f2c41ac38c\"><strong>Le FC Gueugnon cherche de nouveaux arbitres, rejoignez-nous !<\/strong><\/h3>\n\n\n\n<p>Pour plus de renseignements, contactez-nous au plus vite \u00e0 l&rsquo;adresse email suivante : <a href=\"mailto:gueugnon.fc@lbfc-foot.fr\">gueugnon.fc@lbfc-foot.fr<\/a> ou par t\u00e9l\u00e9phone au 03.85.85.06.26.<\/p>\n\n\n\n<div style=\"height:35px\" aria-hidden=\"true\" class=\"wp-block-spacer\"><\/div>\n\n\n\n<p><\/p>\n\n\n\n<figure class=\"wp-block-coblocks-gallery-masonry masonry-grid has-medium-gutter\">\n<figure class=\"wp-block-image size-large masonry-brick\"><img loading=\"lazy\" decoding=\"async\" width=\"1772\" height=\"1181\" src=\"https:\/\/www.fcgueugnon.fr\/site\/wp-content\/uploads\/2025\/02\/CONFERENCE-ARBITRAGE-FC-GUEUGNON-6.jpg\" alt=\"Image gallery image\" class=\"wp-image-53295\" srcset=\"https:\/\/www.fcgueugnon.fr\/site\/wp-content\/uploads\/2025\/02\/CONFERENCE-ARBITRAGE-FC-GUEUGNON-6.jpg 1772w, https:\/\/www.fcgueugnon.fr\/site\/wp-content\/uploads\/2025\/02\/CONFERENCE-ARBITRAGE-FC-GUEUGNON-6-400x267.jpg 400w, https:\/\/www.fcgueugnon.fr\/site\/wp-content\/uploads\/2025\/02\/CONFERENCE-ARBITRAGE-FC-GUEUGNON-6-1024x682.jpg 1024w, https:\/\/www.fcgueugnon.fr\/site\/wp-content\/uploads\/2025\/02\/CONFERENCE-ARBITRAGE-FC-GUEUGNON-6-768x512.jpg 768w, https:\/\/www.fcgueugnon.fr\/site\/wp-content\/uploads\/2025\/02\/CONFERENCE-ARBITRAGE-FC-GUEUGNON-6-1536x1024.jpg 1536w, https:\/\/www.fcgueugnon.fr\/site\/wp-content\/uploads\/2025\/02\/CONFERENCE-ARBITRAGE-FC-GUEUGNON-6-1320x880.jpg 1320w\" sizes=\"auto, (max-width: 1772px) 100vw, 1772px\" \/><\/figure>\n\n\n\n<figure class=\"wp-block-image size-large masonry-brick\"><img loading=\"lazy\" decoding=\"async\" width=\"1772\" height=\"1181\" src=\"https:\/\/www.fcgueugnon.fr\/site\/wp-content\/uploads\/2025\/02\/CONFERENCE-ARBITRAGE-FC-GUEUGNON-3.jpg\" alt=\"Image gallery image\" class=\"wp-image-53298\" srcset=\"https:\/\/www.fcgueugnon.fr\/site\/wp-content\/uploads\/2025\/02\/CONFERENCE-ARBITRAGE-FC-GUEUGNON-3.jpg 1772w, https:\/\/www.fcgueugnon.fr\/site\/wp-content\/uploads\/2025\/02\/CONFERENCE-ARBITRAGE-FC-GUEUGNON-3-400x267.jpg 400w, https:\/\/www.fcgueugnon.fr\/site\/wp-content\/uploads\/2025\/02\/CONFERENCE-ARBITRAGE-FC-GUEUGNON-3-1024x682.jpg 1024w, https:\/\/www.fcgueugnon.fr\/site\/wp-content\/uploads\/2025\/02\/CONFERENCE-ARBITRAGE-FC-GUEUGNON-3-768x512.jpg 768w, https:\/\/www.fcgueugnon.fr\/site\/wp-content\/uploads\/2025\/02\/CONFERENCE-ARBITRAGE-FC-GUEUGNON-3-1536x1024.jpg 1536w, https:\/\/www.fcgueugnon.fr\/site\/wp-content\/uploads\/2025\/02\/CONFERENCE-ARBITRAGE-FC-GUEUGNON-3-1320x880.jpg 1320w\" sizes=\"auto, (max-width: 1772px) 100vw, 1772px\" \/><\/figure>\n\n\n\n<figure class=\"wp-block-image size-large masonry-brick\"><img loading=\"lazy\" decoding=\"async\" width=\"1772\" height=\"1181\" src=\"https:\/\/www.fcgueugnon.fr\/site\/wp-content\/uploads\/2025\/02\/CONFERENCE-ARBITRAGE-FC-GUEUGNON-9.jpg\" alt=\"Image gallery image\" class=\"wp-image-53292\" srcset=\"https:\/\/www.fcgueugnon.fr\/site\/wp-content\/uploads\/2025\/02\/CONFERENCE-ARBITRAGE-FC-GUEUGNON-9.jpg 1772w, https:\/\/www.fcgueugnon.fr\/site\/wp-content\/uploads\/2025\/02\/CONFERENCE-ARBITRAGE-FC-GUEUGNON-9-400x267.jpg 400w, https:\/\/www.fcgueugnon.fr\/site\/wp-content\/uploads\/2025\/02\/CONFERENCE-ARBITRAGE-FC-GUEUGNON-9-1024x682.jpg 1024w, https:\/\/www.fcgueugnon.fr\/site\/wp-content\/uploads\/2025\/02\/CONFERENCE-ARBITRAGE-FC-GUEUGNON-9-768x512.jpg 768w, https:\/\/www.fcgueugnon.fr\/site\/wp-content\/uploads\/2025\/02\/CONFERENCE-ARBITRAGE-FC-GUEUGNON-9-1536x1024.jpg 1536w, https:\/\/www.fcgueugnon.fr\/site\/wp-content\/uploads\/2025\/02\/CONFERENCE-ARBITRAGE-FC-GUEUGNON-9-1320x880.jpg 1320w\" sizes=\"auto, (max-width: 1772px) 100vw, 1772px\" \/><\/figure>\n\n\n\n<figure class=\"wp-block-image size-large masonry-brick\"><img loading=\"lazy\" decoding=\"async\" width=\"1772\" height=\"1181\" src=\"https:\/\/www.fcgueugnon.fr\/site\/wp-content\/uploads\/2025\/02\/CONFERENCE-ARBITRAGE-FC-GUEUGNON-5.jpg\" alt=\"Image gallery image\" class=\"wp-image-53296\" srcset=\"https:\/\/www.fcgueugnon.fr\/site\/wp-content\/uploads\/2025\/02\/CONFERENCE-ARBITRAGE-FC-GUEUGNON-5.jpg 1772w, https:\/\/www.fcgueugnon.fr\/site\/wp-content\/uploads\/2025\/02\/CONFERENCE-ARBITRAGE-FC-GUEUGNON-5-400x267.jpg 400w, https:\/\/www.fcgueugnon.fr\/site\/wp-content\/uploads\/2025\/02\/CONFERENCE-ARBITRAGE-FC-GUEUGNON-5-1024x682.jpg 1024w, https:\/\/www.fcgueugnon.fr\/site\/wp-content\/uploads\/2025\/02\/CONFERENCE-ARBITRAGE-FC-GUEUGNON-5-768x512.jpg 768w, https:\/\/www.fcgueugnon.fr\/site\/wp-content\/uploads\/2025\/02\/CONFERENCE-ARBITRAGE-FC-GUEUGNON-5-1536x1024.jpg 1536w, https:\/\/www.fcgueugnon.fr\/site\/wp-content\/uploads\/2025\/02\/CONFERENCE-ARBITRAGE-FC-GUEUGNON-5-1320x880.jpg 1320w\" sizes=\"auto, (max-width: 1772px) 100vw, 1772px\" \/><\/figure>\n\n\n\n<figure class=\"wp-block-image size-large masonry-brick\"><img loading=\"lazy\" decoding=\"async\" width=\"1772\" height=\"1181\" src=\"https:\/\/www.fcgueugnon.fr\/site\/wp-content\/uploads\/2025\/02\/CONFERENCE-ARBITRAGE-FC-GUEUGNON-2.jpg\" alt=\"Image gallery image\" class=\"wp-image-53299\" srcset=\"https:\/\/www.fcgueugnon.fr\/site\/wp-content\/uploads\/2025\/02\/CONFERENCE-ARBITRAGE-FC-GUEUGNON-2.jpg 1772w, https:\/\/www.fcgueugnon.fr\/site\/wp-content\/uploads\/2025\/02\/CONFERENCE-ARBITRAGE-FC-GUEUGNON-2-400x267.jpg 400w, https:\/\/www.fcgueugnon.fr\/site\/wp-content\/uploads\/2025\/02\/CONFERENCE-ARBITRAGE-FC-GUEUGNON-2-1024x682.jpg 1024w, https:\/\/www.fcgueugnon.fr\/site\/wp-content\/uploads\/2025\/02\/CONFERENCE-ARBITRAGE-FC-GUEUGNON-2-768x512.jpg 768w, https:\/\/www.fcgueugnon.fr\/site\/wp-content\/uploads\/2025\/02\/CONFERENCE-ARBITRAGE-FC-GUEUGNON-2-1536x1024.jpg 1536w, https:\/\/www.fcgueugnon.fr\/site\/wp-content\/uploads\/2025\/02\/CONFERENCE-ARBITRAGE-FC-GUEUGNON-2-1320x880.jpg 1320w\" sizes=\"auto, (max-width: 1772px) 100vw, 1772px\" \/><\/figure>\n\n\n\n<figure class=\"wp-block-image size-large masonry-brick\"><img loading=\"lazy\" decoding=\"async\" width=\"1772\" height=\"1181\" src=\"https:\/\/www.fcgueugnon.fr\/site\/wp-content\/uploads\/2025\/02\/CONFERENCE-ARBITRAGE-FC-GUEUGNON-8.jpg\" alt=\"Image gallery image\" class=\"wp-image-53293\" srcset=\"https:\/\/www.fcgueugnon.fr\/site\/wp-content\/uploads\/2025\/02\/CONFERENCE-ARBITRAGE-FC-GUEUGNON-8.jpg 1772w, https:\/\/www.fcgueugnon.fr\/site\/wp-content\/uploads\/2025\/02\/CONFERENCE-ARBITRAGE-FC-GUEUGNON-8-400x267.jpg 400w, https:\/\/www.fcgueugnon.fr\/site\/wp-content\/uploads\/2025\/02\/CONFERENCE-ARBITRAGE-FC-GUEUGNON-8-1024x682.jpg 1024w, https:\/\/www.fcgueugnon.fr\/site\/wp-content\/uploads\/2025\/02\/CONFERENCE-ARBITRAGE-FC-GUEUGNON-8-768x512.jpg 768w, https:\/\/www.fcgueugnon.fr\/site\/wp-content\/uploads\/2025\/02\/CONFERENCE-ARBITRAGE-FC-GUEUGNON-8-1536x1024.jpg 1536w, https:\/\/www.fcgueugnon.fr\/site\/wp-content\/uploads\/2025\/02\/CONFERENCE-ARBITRAGE-FC-GUEUGNON-8-1320x880.jpg 1320w\" sizes=\"auto, (max-width: 1772px) 100vw, 1772px\" \/><\/figure>\n<\/figure>\n","protected":false},"excerpt":{"rendered":"<p>Alexis Guillon est venu \u00e0 la rencontre de notre \u00e9quipe National 3 afin de sensibiliser les joueurs \u00e0 l&rsquo;arbitrage et mettre en avant les liens entre joueurs et arbitres. Les joueurs de l&rsquo;\u00e9quipe National 3 ont r\u00e9cemment eu l&rsquo;opportunit\u00e9 de participer \u00e0 une intervention qui a mis en lumi\u00e8re le lien crucial entre les joueurs &#8230; <\/p>\n<p class=\"read-more-container\"><a title=\"[National 3] Alexis Guillon en intervention aupr\u00e8s de notre groupe N3 pour promouvoir l&rsquo;arbitrage\" class=\"read-more button\" href=\"https:\/\/www.fcgueugnon.fr\/site\/national-3-alexis-guillon-en-intervention-aupres-de-notre-groupe-n3-pour-promouvoir-larbitrage\/53284#more-53284\" aria-label=\"Plus sur [National 3] Alexis Guillon en intervention aupr\u00e8s de notre groupe N3 pour promouvoir l&rsquo;arbitrage\">Lire la suite<\/a><\/p>\n","protected":false},"author":3,"featured_media":53300,"comment_status":"closed","ping_status":"closed","sticky":true,"template":"","format":"standard","meta":{"footnotes":""},"categories":[4,62],"tags":[60,14],"class_list":["post-53284","post","type-post","status-publish","format-standard","has-post-thumbnail","hentry","category-news","category-news-2024-2025","tag-pef","tag-sport-e-leclerc-academie-jeunes-formation","infinite-scroll-item","generate-columns","tablet-grid-50","mobile-grid-100","grid-parent","grid-25"],"yoast_head":"<!-- This site is optimized with the Yoast SEO plugin v26.6 - https:\/\/yoast.com\/wordpress\/plugins\/seo\/ -->\n<title>[National 3] Alexis Guillon en intervention aupr\u00e8s de notre groupe N3 pour promouvoir l&#039;arbitrage &#8226; FOOTBALL CLUB GUEUGNON<\/title>\n<meta name=\"robots\" content=\"index, follow, max-snippet:-1, max-image-preview:large, max-video-preview:-1\" \/>\n<link rel=\"canonical\" href=\"https:\/\/www.fcgueugnon.fr\/site\/national-3-alexis-guillon-en-intervention-aupres-de-notre-groupe-n3-pour-promouvoir-larbitrage\/53284\" \/>\n<meta property=\"og:locale\" content=\"fr_FR\" \/>\n<meta property=\"og:type\" content=\"article\" \/>\n<meta property=\"og:title\" content=\"[National 3] Alexis Guillon en intervention aupr\u00e8s de notre groupe N3 pour promouvoir l&#039;arbitrage &#8226; FOOTBALL CLUB GUEUGNON\" \/>\n<meta property=\"og:description\" content=\"Alexis Guillon est venu \u00e0 la rencontre de notre \u00e9quipe National 3 afin de sensibiliser les joueurs \u00e0 l&rsquo;arbitrage et mettre en avant les liens entre joueurs et arbitres. Les joueurs de l&rsquo;\u00e9quipe National 3 ont r\u00e9cemment eu l&rsquo;opportunit\u00e9 de participer \u00e0 une intervention qui a mis en lumi\u00e8re le lien crucial entre les joueurs ... Lire la suite\" \/>\n<meta property=\"og:url\" content=\"https:\/\/www.fcgueugnon.fr\/site\/national-3-alexis-guillon-en-intervention-aupres-de-notre-groupe-n3-pour-promouvoir-larbitrage\/53284\" \/>\n<meta property=\"og:site_name\" content=\"FOOTBALL CLUB GUEUGNON\" \/>\n<meta property=\"article:publisher\" content=\"http:\/\/facebook.com\/FCGueugnon\" \/>\n<meta property=\"article:published_time\" content=\"2025-02-19T16:25:00+00:00\" \/>\n<meta property=\"og:image\" content=\"https:\/\/www.fcgueugnon.fr\/site\/wp-content\/uploads\/2025\/02\/CONFERENCE-ARBITRAGE-FC-GUEUGNON-1.jpg\" \/>\n\t<meta property=\"og:image:width\" content=\"1772\" \/>\n\t<meta property=\"og:image:height\" content=\"1181\" \/>\n\t<meta property=\"og:image:type\" content=\"image\/jpeg\" \/>\n<meta name=\"author\" content=\"FC Gueugnon\" \/>\n<meta name=\"twitter:card\" content=\"summary_large_image\" \/>\n<meta name=\"twitter:creator\" content=\"@FCGueugnon_off\" \/>\n<meta name=\"twitter:site\" content=\"@FCGueugnon_off\" \/>\n<meta name=\"twitter:label1\" content=\"\u00c9crit par\" \/>\n\t<meta name=\"twitter:data1\" content=\"FC Gueugnon\" \/>\n\t<meta name=\"twitter:label2\" content=\"Dur\u00e9e de lecture estim\u00e9e\" \/>\n\t<meta name=\"twitter:data2\" content=\"3 minutes\" \/>\n<script type=\"application\/ld+json\" class=\"yoast-schema-graph\">{\"@context\":\"https:\/\/schema.org\",\"@graph\":[{\"@type\":\"Article\",\"@id\":\"https:\/\/www.fcgueugnon.fr\/site\/national-3-alexis-guillon-en-intervention-aupres-de-notre-groupe-n3-pour-promouvoir-larbitrage\/53284#article\",\"isPartOf\":{\"@id\":\"https:\/\/www.fcgueugnon.fr\/site\/national-3-alexis-guillon-en-intervention-aupres-de-notre-groupe-n3-pour-promouvoir-larbitrage\/53284\"},\"author\":{\"name\":\"FC Gueugnon\",\"@id\":\"https:\/\/www.fcgueugnon.fr\/site\/#\/schema\/person\/829630bfb5d6f3ebe4d296b75687c01a\"},\"headline\":\"[National 3] Alexis Guillon en intervention aupr\u00e8s de notre groupe N3 pour promouvoir l&rsquo;arbitrage\",\"datePublished\":\"2025-02-19T16:25:00+00:00\",\"mainEntityOfPage\":{\"@id\":\"https:\/\/www.fcgueugnon.fr\/site\/national-3-alexis-guillon-en-intervention-aupres-de-notre-groupe-n3-pour-promouvoir-larbitrage\/53284\"},\"wordCount\":269,\"publisher\":{\"@id\":\"https:\/\/www.fcgueugnon.fr\/site\/#organization\"},\"image\":{\"@id\":\"https:\/\/www.fcgueugnon.fr\/site\/national-3-alexis-guillon-en-intervention-aupres-de-notre-groupe-n3-pour-promouvoir-larbitrage\/53284#primaryimage\"},\"thumbnailUrl\":\"https:\/\/www.fcgueugnon.fr\/site\/wp-content\/uploads\/2025\/02\/CONFERENCE-ARBITRAGE-FC-GUEUGNON-1.jpg\",\"keywords\":[\"Programme Educatif F\u00e9d\u00e9ral\",\"Sport E.Leclerc Acad\u00e9mie : Jeunes \/ Formation\"],\"articleSection\":[\"News\",\"News 2024\/2025\"],\"inLanguage\":\"fr-FR\"},{\"@type\":\"WebPage\",\"@id\":\"https:\/\/www.fcgueugnon.fr\/site\/national-3-alexis-guillon-en-intervention-aupres-de-notre-groupe-n3-pour-promouvoir-larbitrage\/53284\",\"url\":\"https:\/\/www.fcgueugnon.fr\/site\/national-3-alexis-guillon-en-intervention-aupres-de-notre-groupe-n3-pour-promouvoir-larbitrage\/53284\",\"name\":\"[National 3] Alexis Guillon en intervention aupr\u00e8s de notre groupe N3 pour promouvoir l'arbitrage &#8226; FOOTBALL CLUB GUEUGNON\",\"isPartOf\":{\"@id\":\"https:\/\/www.fcgueugnon.fr\/site\/#website\"},\"primaryImageOfPage\":{\"@id\":\"https:\/\/www.fcgueugnon.fr\/site\/national-3-alexis-guillon-en-intervention-aupres-de-notre-groupe-n3-pour-promouvoir-larbitrage\/53284#primaryimage\"},\"image\":{\"@id\":\"https:\/\/www.fcgueugnon.fr\/site\/national-3-alexis-guillon-en-intervention-aupres-de-notre-groupe-n3-pour-promouvoir-larbitrage\/53284#primaryimage\"},\"thumbnailUrl\":\"https:\/\/www.fcgueugnon.fr\/site\/wp-content\/uploads\/2025\/02\/CONFERENCE-ARBITRAGE-FC-GUEUGNON-1.jpg\",\"datePublished\":\"2025-02-19T16:25:00+00:00\",\"breadcrumb\":{\"@id\":\"https:\/\/www.fcgueugnon.fr\/site\/national-3-alexis-guillon-en-intervention-aupres-de-notre-groupe-n3-pour-promouvoir-larbitrage\/53284#breadcrumb\"},\"inLanguage\":\"fr-FR\",\"potentialAction\":[{\"@type\":\"ReadAction\",\"target\":[\"https:\/\/www.fcgueugnon.fr\/site\/national-3-alexis-guillon-en-intervention-aupres-de-notre-groupe-n3-pour-promouvoir-larbitrage\/53284\"]}]},{\"@type\":\"ImageObject\",\"inLanguage\":\"fr-FR\",\"@id\":\"https:\/\/www.fcgueugnon.fr\/site\/national-3-alexis-guillon-en-intervention-aupres-de-notre-groupe-n3-pour-promouvoir-larbitrage\/53284#primaryimage\",\"url\":\"https:\/\/www.fcgueugnon.fr\/site\/wp-content\/uploads\/2025\/02\/CONFERENCE-ARBITRAGE-FC-GUEUGNON-1.jpg\",\"contentUrl\":\"https:\/\/www.fcgueugnon.fr\/site\/wp-content\/uploads\/2025\/02\/CONFERENCE-ARBITRAGE-FC-GUEUGNON-1.jpg\",\"width\":1772,\"height\":1181},{\"@type\":\"BreadcrumbList\",\"@id\":\"https:\/\/www.fcgueugnon.fr\/site\/national-3-alexis-guillon-en-intervention-aupres-de-notre-groupe-n3-pour-promouvoir-larbitrage\/53284#breadcrumb\",\"itemListElement\":[{\"@type\":\"ListItem\",\"position\":1,\"name\":\"Accueil\",\"item\":\"https:\/\/www.fcgueugnon.fr\/site\/\"},{\"@type\":\"ListItem\",\"position\":2,\"name\":\"[National 3] Alexis Guillon en intervention aupr\u00e8s de notre groupe N3 pour promouvoir l&rsquo;arbitrage\"}]},{\"@type\":\"WebSite\",\"@id\":\"https:\/\/www.fcgueugnon.fr\/site\/#website\",\"url\":\"https:\/\/www.fcgueugnon.fr\/site\/\",\"name\":\"FOOTBALL CLUB GUEUGNON\",\"description\":\"Le Site Officiel des Forgerons\",\"publisher\":{\"@id\":\"https:\/\/www.fcgueugnon.fr\/site\/#organization\"},\"potentialAction\":[{\"@type\":\"SearchAction\",\"target\":{\"@type\":\"EntryPoint\",\"urlTemplate\":\"https:\/\/www.fcgueugnon.fr\/site\/?s={search_term_string}\"},\"query-input\":{\"@type\":\"PropertyValueSpecification\",\"valueRequired\":true,\"valueName\":\"search_term_string\"}}],\"inLanguage\":\"fr-FR\"},{\"@type\":\"Organization\",\"@id\":\"https:\/\/www.fcgueugnon.fr\/site\/#organization\",\"name\":\"FC Gueugnon\",\"url\":\"https:\/\/www.fcgueugnon.fr\/site\/\",\"logo\":{\"@type\":\"ImageObject\",\"inLanguage\":\"fr-FR\",\"@id\":\"https:\/\/www.fcgueugnon.fr\/site\/#\/schema\/logo\/image\/\",\"url\":\"https:\/\/www.fcgueugnon.fr\/site\/wp-content\/uploads\/2022\/07\/cropped-Logo-FCGUEUGNON-low-350x350-1.png\",\"contentUrl\":\"https:\/\/www.fcgueugnon.fr\/site\/wp-content\/uploads\/2022\/07\/cropped-Logo-FCGUEUGNON-low-350x350-1.png\",\"width\":350,\"height\":350,\"caption\":\"FC Gueugnon\"},\"image\":{\"@id\":\"https:\/\/www.fcgueugnon.fr\/site\/#\/schema\/logo\/image\/\"},\"sameAs\":[\"http:\/\/facebook.com\/FCGueugnon\",\"https:\/\/x.com\/FCGueugnon_off\",\"https:\/\/www.instagram.com\/fcgueugnon\/\",\"https:\/\/www.linkedin.com\/company\/football-club-de-gueugnon\/\",\"https:\/\/www.youtube.com\/user\/FCGueugnonnais\",\"https:\/\/fr.wikipedia.org\/wiki\/Football_Club_de_Gueugnon\"]},{\"@type\":\"Person\",\"@id\":\"https:\/\/www.fcgueugnon.fr\/site\/#\/schema\/person\/829630bfb5d6f3ebe4d296b75687c01a\",\"name\":\"FC Gueugnon\",\"url\":\"https:\/\/www.fcgueugnon.fr\/site\/author\/g-avin1\"}]}<\/script>\n<!-- \/ Yoast SEO plugin. -->","yoast_head_json":{"title":"[National 3] Alexis Guillon en intervention aupr\u00e8s de notre groupe N3 pour promouvoir l'arbitrage &#8226; FOOTBALL CLUB GUEUGNON","robots":{"index":"index","follow":"follow","max-snippet":"max-snippet:-1","max-image-preview":"max-image-preview:large","max-video-preview":"max-video-preview:-1"},"canonical":"https:\/\/www.fcgueugnon.fr\/site\/national-3-alexis-guillon-en-intervention-aupres-de-notre-groupe-n3-pour-promouvoir-larbitrage\/53284","og_locale":"fr_FR","og_type":"article","og_title":"[National 3] Alexis Guillon en intervention aupr\u00e8s de notre groupe N3 pour promouvoir l'arbitrage &#8226; FOOTBALL CLUB GUEUGNON","og_description":"Alexis Guillon est venu \u00e0 la rencontre de notre \u00e9quipe National 3 afin de sensibiliser les joueurs \u00e0 l&rsquo;arbitrage et mettre en avant les liens entre joueurs et arbitres. Les joueurs de l&rsquo;\u00e9quipe National 3 ont r\u00e9cemment eu l&rsquo;opportunit\u00e9 de participer \u00e0 une intervention qui a mis en lumi\u00e8re le lien crucial entre les joueurs ... Lire la suite","og_url":"https:\/\/www.fcgueugnon.fr\/site\/national-3-alexis-guillon-en-intervention-aupres-de-notre-groupe-n3-pour-promouvoir-larbitrage\/53284","og_site_name":"FOOTBALL CLUB GUEUGNON","article_publisher":"http:\/\/facebook.com\/FCGueugnon","article_published_time":"2025-02-19T16:25:00+00:00","og_image":[{"width":1772,"height":1181,"url":"https:\/\/www.fcgueugnon.fr\/site\/wp-content\/uploads\/2025\/02\/CONFERENCE-ARBITRAGE-FC-GUEUGNON-1.jpg","type":"image\/jpeg"}],"author":"FC Gueugnon","twitter_card":"summary_large_image","twitter_creator":"@FCGueugnon_off","twitter_site":"@FCGueugnon_off","twitter_misc":{"\u00c9crit par":"FC Gueugnon","Dur\u00e9e de lecture estim\u00e9e":"3 minutes"},"schema":{"@context":"https:\/\/schema.org","@graph":[{"@type":"Article","@id":"https:\/\/www.fcgueugnon.fr\/site\/national-3-alexis-guillon-en-intervention-aupres-de-notre-groupe-n3-pour-promouvoir-larbitrage\/53284#article","isPartOf":{"@id":"https:\/\/www.fcgueugnon.fr\/site\/national-3-alexis-guillon-en-intervention-aupres-de-notre-groupe-n3-pour-promouvoir-larbitrage\/53284"},"author":{"name":"FC Gueugnon","@id":"https:\/\/www.fcgueugnon.fr\/site\/#\/schema\/person\/829630bfb5d6f3ebe4d296b75687c01a"},"headline":"[National 3] Alexis Guillon en intervention aupr\u00e8s de notre groupe N3 pour promouvoir l&rsquo;arbitrage","datePublished":"2025-02-19T16:25:00+00:00","mainEntityOfPage":{"@id":"https:\/\/www.fcgueugnon.fr\/site\/national-3-alexis-guillon-en-intervention-aupres-de-notre-groupe-n3-pour-promouvoir-larbitrage\/53284"},"wordCount":269,"publisher":{"@id":"https:\/\/www.fcgueugnon.fr\/site\/#organization"},"image":{"@id":"https:\/\/www.fcgueugnon.fr\/site\/national-3-alexis-guillon-en-intervention-aupres-de-notre-groupe-n3-pour-promouvoir-larbitrage\/53284#primaryimage"},"thumbnailUrl":"https:\/\/www.fcgueugnon.fr\/site\/wp-content\/uploads\/2025\/02\/CONFERENCE-ARBITRAGE-FC-GUEUGNON-1.jpg","keywords":["Programme Educatif F\u00e9d\u00e9ral","Sport E.Leclerc Acad\u00e9mie : Jeunes \/ Formation"],"articleSection":["News","News 2024\/2025"],"inLanguage":"fr-FR"},{"@type":"WebPage","@id":"https:\/\/www.fcgueugnon.fr\/site\/national-3-alexis-guillon-en-intervention-aupres-de-notre-groupe-n3-pour-promouvoir-larbitrage\/53284","url":"https:\/\/www.fcgueugnon.fr\/site\/national-3-alexis-guillon-en-intervention-aupres-de-notre-groupe-n3-pour-promouvoir-larbitrage\/53284","name":"[National 3] Alexis Guillon en intervention aupr\u00e8s de notre groupe N3 pour promouvoir l'arbitrage &#8226; FOOTBALL CLUB GUEUGNON","isPartOf":{"@id":"https:\/\/www.fcgueugnon.fr\/site\/#website"},"primaryImageOfPage":{"@id":"https:\/\/www.fcgueugnon.fr\/site\/national-3-alexis-guillon-en-intervention-aupres-de-notre-groupe-n3-pour-promouvoir-larbitrage\/53284#primaryimage"},"image":{"@id":"https:\/\/www.fcgueugnon.fr\/site\/national-3-alexis-guillon-en-intervention-aupres-de-notre-groupe-n3-pour-promouvoir-larbitrage\/53284#primaryimage"},"thumbnailUrl":"https:\/\/www.fcgueugnon.fr\/site\/wp-content\/uploads\/2025\/02\/CONFERENCE-ARBITRAGE-FC-GUEUGNON-1.jpg","datePublished":"2025-02-19T16:25:00+00:00","breadcrumb":{"@id":"https:\/\/www.fcgueugnon.fr\/site\/national-3-alexis-guillon-en-intervention-aupres-de-notre-groupe-n3-pour-promouvoir-larbitrage\/53284#breadcrumb"},"inLanguage":"fr-FR","potentialAction":[{"@type":"ReadAction","target":["https:\/\/www.fcgueugnon.fr\/site\/national-3-alexis-guillon-en-intervention-aupres-de-notre-groupe-n3-pour-promouvoir-larbitrage\/53284"]}]},{"@type":"ImageObject","inLanguage":"fr-FR","@id":"https:\/\/www.fcgueugnon.fr\/site\/national-3-alexis-guillon-en-intervention-aupres-de-notre-groupe-n3-pour-promouvoir-larbitrage\/53284#primaryimage","url":"https:\/\/www.fcgueugnon.fr\/site\/wp-content\/uploads\/2025\/02\/CONFERENCE-ARBITRAGE-FC-GUEUGNON-1.jpg","contentUrl":"https:\/\/www.fcgueugnon.fr\/site\/wp-content\/uploads\/2025\/02\/CONFERENCE-ARBITRAGE-FC-GUEUGNON-1.jpg","width":1772,"height":1181},{"@type":"BreadcrumbList","@id":"https:\/\/www.fcgueugnon.fr\/site\/national-3-alexis-guillon-en-intervention-aupres-de-notre-groupe-n3-pour-promouvoir-larbitrage\/53284#breadcrumb","itemListElement":[{"@type":"ListItem","position":1,"name":"Accueil","item":"https:\/\/www.fcgueugnon.fr\/site\/"},{"@type":"ListItem","position":2,"name":"[National 3] Alexis Guillon en intervention aupr\u00e8s de notre groupe N3 pour promouvoir l&rsquo;arbitrage"}]},{"@type":"WebSite","@id":"https:\/\/www.fcgueugnon.fr\/site\/#website","url":"https:\/\/www.fcgueugnon.fr\/site\/","name":"FOOTBALL CLUB GUEUGNON","description":"Le Site Officiel des Forgerons","publisher":{"@id":"https:\/\/www.fcgueugnon.fr\/site\/#organization"},"potentialAction":[{"@type":"SearchAction","target":{"@type":"EntryPoint","urlTemplate":"https:\/\/www.fcgueugnon.fr\/site\/?s={search_term_string}"},"query-input":{"@type":"PropertyValueSpecification","valueRequired":true,"valueName":"search_term_string"}}],"inLanguage":"fr-FR"},{"@type":"Organization","@id":"https:\/\/www.fcgueugnon.fr\/site\/#organization","name":"FC Gueugnon","url":"https:\/\/www.fcgueugnon.fr\/site\/","logo":{"@type":"ImageObject","inLanguage":"fr-FR","@id":"https:\/\/www.fcgueugnon.fr\/site\/#\/schema\/logo\/image\/","url":"https:\/\/www.fcgueugnon.fr\/site\/wp-content\/uploads\/2022\/07\/cropped-Logo-FCGUEUGNON-low-350x350-1.png","contentUrl":"https:\/\/www.fcgueugnon.fr\/site\/wp-content\/uploads\/2022\/07\/cropped-Logo-FCGUEUGNON-low-350x350-1.png","width":350,"height":350,"caption":"FC Gueugnon"},"image":{"@id":"https:\/\/www.fcgueugnon.fr\/site\/#\/schema\/logo\/image\/"},"sameAs":["http:\/\/facebook.com\/FCGueugnon","https:\/\/x.com\/FCGueugnon_off","https:\/\/www.instagram.com\/fcgueugnon\/","https:\/\/www.linkedin.com\/company\/football-club-de-gueugnon\/","https:\/\/www.youtube.com\/user\/FCGueugnonnais","https:\/\/fr.wikipedia.org\/wiki\/Football_Club_de_Gueugnon"]},{"@type":"Person","@id":"https:\/\/www.fcgueugnon.fr\/site\/#\/schema\/person\/829630bfb5d6f3ebe4d296b75687c01a","name":"FC Gueugnon","url":"https:\/\/www.fcgueugnon.fr\/site\/author\/g-avin1"}]}},"rttpg_featured_image_url":{"full":["https:\/\/www.fcgueugnon.fr\/site\/wp-content\/uploads\/2025\/02\/CONFERENCE-ARBITRAGE-FC-GUEUGNON-1.jpg",1772,1181,false],"landscape":["https:\/\/www.fcgueugnon.fr\/site\/wp-content\/uploads\/2025\/02\/CONFERENCE-ARBITRAGE-FC-GUEUGNON-1.jpg",1772,1181,false],"portraits":["https:\/\/www.fcgueugnon.fr\/site\/wp-content\/uploads\/2025\/02\/CONFERENCE-ARBITRAGE-FC-GUEUGNON-1.jpg",1772,1181,false],"thumbnail":["https:\/\/www.fcgueugnon.fr\/site\/wp-content\/uploads\/2025\/02\/CONFERENCE-ARBITRAGE-FC-GUEUGNON-1-150x150.jpg",150,150,true],"medium":["https:\/\/www.fcgueugnon.fr\/site\/wp-content\/uploads\/2025\/02\/CONFERENCE-ARBITRAGE-FC-GUEUGNON-1-400x267.jpg",400,267,true],"large":["https:\/\/www.fcgueugnon.fr\/site\/wp-content\/uploads\/2025\/02\/CONFERENCE-ARBITRAGE-FC-GUEUGNON-1-1024x682.jpg",1024,682,true],"1536x1536":["https:\/\/www.fcgueugnon.fr\/site\/wp-content\/uploads\/2025\/02\/CONFERENCE-ARBITRAGE-FC-GUEUGNON-1-1536x1024.jpg",1536,1024,true],"2048x2048":["https:\/\/www.fcgueugnon.fr\/site\/wp-content\/uploads\/2025\/02\/CONFERENCE-ARBITRAGE-FC-GUEUGNON-1.jpg",1772,1181,false]},"rttpg_author":{"display_name":"FC Gueugnon","author_link":"https:\/\/www.fcgueugnon.fr\/site\/author\/g-avin1"},"rttpg_comment":0,"rttpg_category":"<a href=\"https:\/\/www.fcgueugnon.fr\/site\/category\/news\" rel=\"category tag\">News<\/a> <a href=\"https:\/\/www.fcgueugnon.fr\/site\/category\/news\/news-2024-2025\" rel=\"category tag\">News 2024\/2025<\/a>","rttpg_excerpt":"Alexis Guillon est venu \u00e0 la rencontre de notre \u00e9quipe National 3 afin de sensibiliser les joueurs \u00e0 l&rsquo;arbitrage et mettre en avant les liens entre joueurs et arbitres. Les joueurs de l&rsquo;\u00e9quipe National 3 ont r\u00e9cemment eu l&rsquo;opportunit\u00e9 de participer \u00e0 une intervention qui a mis en lumi\u00e8re le lien crucial entre les joueurs\u2026","_links":{"self":[{"href":"https:\/\/www.fcgueugnon.fr\/site\/wp-json\/wp\/v2\/posts\/53284","targetHints":{"allow":["GET"]}}],"collection":[{"href":"https:\/\/www.fcgueugnon.fr\/site\/wp-json\/wp\/v2\/posts"}],"about":[{"href":"https:\/\/www.fcgueugnon.fr\/site\/wp-json\/wp\/v2\/types\/post"}],"author":[{"embeddable":true,"href":"https:\/\/www.fcgueugnon.fr\/site\/wp-json\/wp\/v2\/users\/3"}],"replies":[{"embeddable":true,"href":"https:\/\/www.fcgueugnon.fr\/site\/wp-json\/wp\/v2\/comments?post=53284"}],"version-history":[{"count":4,"href":"https:\/\/www.fcgueugnon.fr\/site\/wp-json\/wp\/v2\/posts\/53284\/revisions"}],"predecessor-version":[{"id":53303,"href":"https:\/\/www.fcgueugnon.fr\/site\/wp-json\/wp\/v2\/posts\/53284\/revisions\/53303"}],"wp:featuredmedia":[{"embeddable":true,"href":"https:\/\/www.fcgueugnon.fr\/site\/wp-json\/wp\/v2\/media\/53300"}],"wp:attachment":[{"href":"https:\/\/www.fcgueugnon.fr\/site\/wp-json\/wp\/v2\/media?parent=53284"}],"wp:term":[{"taxonomy":"category","embeddable":true,"href":"https:\/\/www.fcgueugnon.fr\/site\/wp-json\/wp\/v2\/categories?post=53284"},{"taxonomy":"post_tag","embeddable":true,"href":"https:\/\/www.fcgueugnon.fr\/site\/wp-json\/wp\/v2\/tags?post=53284"}],"curies":[{"name":"wp","href":"https:\/\/api.w.org\/{rel}","templated":true}]}}