{"id":53227,"date":"2025-03-28T08:00:00","date_gmt":"2025-03-28T07:00:00","guid":{"rendered":"https:\/\/www.fcgueugnon.fr\/site\/?p=53227"},"modified":"2025-03-28T10:59:25","modified_gmt":"2025-03-28T09:59:25","slug":"n3-j16-fc-gueugnon-estac-b-avant-match","status":"publish","type":"post","link":"https:\/\/www.fcgueugnon.fr\/site\/n3-j16-fc-gueugnon-estac-b-avant-match\/53227","title":{"rendered":"[N3 J16 : FC Gueugnon \u2013 ESTAC B] Avant-match"},"content":{"rendered":"\n<h2 class=\"wp-block-heading\"><strong><strong>Match en retard pour les gueugnonnais qui re\u00e7oivent la r\u00e9serve de l&rsquo;ESTAC \u00e0 Jean Laville. <\/strong><\/strong><\/h2>\n\n\n\n<div class=\"wp-block-getwid-image-box getwid-animation has-text-center has-mobile-layout-default has-mobile-alignment-center\" data-animation=\"pulse\"><div class=\"wp-block-getwid-image-box__image-container is-position-top\"><div class=\"wp-block-getwid-image-box__image-wrapper\"><img loading=\"lazy\" decoding=\"async\" width=\"744\" height=\"1024\" src=\"https:\/\/www.fcgueugnon.fr\/site\/wp-content\/uploads\/2025\/03\/fc-gueugnon-estac-troyes-744x1024.jpg\" alt=\"\" class=\"wp-block-getwid-image-box__image wp-image-53730\" srcset=\"https:\/\/www.fcgueugnon.fr\/site\/wp-content\/uploads\/2025\/03\/fc-gueugnon-estac-troyes-744x1024.jpg 744w, https:\/\/www.fcgueugnon.fr\/site\/wp-content\/uploads\/2025\/03\/fc-gueugnon-estac-troyes-291x400.jpg 291w, https:\/\/www.fcgueugnon.fr\/site\/wp-content\/uploads\/2025\/03\/fc-gueugnon-estac-troyes-768x1057.jpg 768w, https:\/\/www.fcgueugnon.fr\/site\/wp-content\/uploads\/2025\/03\/fc-gueugnon-estac-troyes-1116x1536.jpg 1116w, https:\/\/www.fcgueugnon.fr\/site\/wp-content\/uploads\/2025\/03\/fc-gueugnon-estac-troyes-1320x1817.jpg 1320w, https:\/\/www.fcgueugnon.fr\/site\/wp-content\/uploads\/2025\/03\/fc-gueugnon-estac-troyes.jpg 1488w\" sizes=\"auto, (max-width: 744px) 100vw, 744px\" \/><\/div><\/div><div class=\"wp-block-getwid-image-box__content\">\n<h3 class=\"wp-block-heading\"><\/h3>\n\n\n\n<p><\/p>\n<\/div><\/div>\n\n\n\n<div style=\"height:50px\" aria-hidden=\"true\" class=\"wp-block-spacer\"><\/div>\n\n\n\n<div class=\"wp-block-columns is-layout-flex wp-container-core-columns-is-layout-9d6595d7 wp-block-columns-is-layout-flex\">\n<div class=\"wp-block-column is-layout-flow wp-block-column-is-layout-flow\">\n<h3 class=\"wp-block-heading\">\ud83c\udd9a <em><strong>L&rsquo;adversaire <\/strong>: ESTAC B<\/em><\/h3>\n\n\n\n<p>L\u2019Esp\u00e9rance Sportive Troyes Aube Champagne (ESTAC) \u00e9volue en N3 <strong>sous la direction d\u2019Alou Diarra<\/strong>, finaliste de la Coupe du Monde 2006. Cette saison, l\u2019\u00e9quipe a \u00e9t\u00e9 rajeunie avec l\u2019int\u00e9gration de nombreux jeunes d\u00e9couvrant le niveau senior.<br><br>Le m\u00eame Diarra soulignant en d\u00e9but de saison : \u00ab <em>il y a un gap important entre le niveau jeune et le niveau senior, et plus relev\u00e9 encore que la saison derni\u00e8re. Notre but est d&rsquo;int\u00e9grer un maximum de joueurs pour pr\u00e9parer l\u2019avenir<\/em> \u00bb.<\/p>\n\n\n\n<p>Apr\u00e8s une p\u00e9riode d\u2019adaptation, <strong>l\u2019\u00e9quipe s\u2019est finalement affirm\u00e9e <\/strong>malgr\u00e9 des difficult\u00e9s \u00e0 concr\u00e9tiser ses occasions et une d\u00e9fense parfois friable. Solide \u00e0 l\u2019ext\u00e9rieur, elle est rest\u00e9e invaincue lors des sept derniers matchs hors de ses bases (3 victoires, 2 nuls). L\u2019objectif initial du maintien est d\u00e9sormais atteint.<\/p>\n\n\n\n<p>En effet, avec 29 points,<strong> les r\u00e9servistes de l&rsquo;Aube sont d\u00e9sormais 5e (<\/strong>8V\/5N\/6D) et poss\u00e8dent la 2e meilleure attaque (37 buts) et la 5e meilleure d\u00e9fense. Deux joueurs, Mathys Detourbet et David Detili, totalisent chacun 6 buts. <\/p>\n\n\n\n<p>Une \u00e9quipe qui aborde ses prochains matchs avec ambition.<\/p>\n<\/div>\n\n\n\n<div class=\"wp-block-column is-layout-flow wp-block-column-is-layout-flow\">\n<h3 class=\"wp-block-heading\">\ud83d\udfe1\ud83d\udd35 <em><strong>Le FC Gueugnon<\/strong><\/em><\/h3>\n\n\n\n<p>Apr\u00e8s la d\u00e9faite am\u00e8re contre le MYF 03 (2-1), les gueugnonnais voulaient rebondir lors de la r\u00e9ception de la r\u00e9serve de l\u2019AJ Auxerre, une \u00e9quipe du haut de tableau. Faisant preuve de combativit\u00e9 et de solidarit\u00e9, l<strong>es forgerons r\u00e9duits \u00e0 dix<\/strong> r\u00e9ussissent \u00e0 pr\u00e9server leur cage inviol\u00e9e pour un score final nul et vierge (0-0).<\/p>\n\n\n\n<p>L\u2019objectif est d\u00e9sormais de d\u00e9crocher une premi\u00e8re victoire dans cette seconde phase. Le capitaine <strong>Ibrahim Mohamed <\/strong>soulignant les progr\u00e8s : \u00ab <em>Aujourd\u2019hui, on va retenir la confirmation dans l\u2019agressivit\u00e9 et surtout dans l\u2019\u00e9tat d\u2019esprit affich\u00e9. On reste dans la continuit\u00e9 de ce qu\u2019on a fait contre  Moulins<\/em> \u00bb.<\/p>\n\n\n\n<p>Dans ce <strong>match en retard <\/strong>face \u00e0 la r\u00e9serve de Troyes, reconnue comme une tr\u00e8s belle formation selon les sp\u00e9cialistes, Gueugnon devra confirmer. L\u2019intensit\u00e9 et l\u2019agressivit\u00e9 seront les cl\u00e9s pour obtenir les trois points et poursuivre leur redressement.<\/p>\n<\/div>\n<\/div>\n\n\n\n<div style=\"height:50px\" aria-hidden=\"true\" class=\"wp-block-spacer\"><\/div>\n\n\n\n<div class=\"wp-block-media-text alignwide is-stacked-on-mobile is-vertically-aligned-center is-image-fill-element is-style-default\" style=\"grid-template-columns:49% auto\"><figure class=\"wp-block-media-text__media\"><img loading=\"lazy\" decoding=\"async\" width=\"724\" height=\"1024\" src=\"https:\/\/www.fcgueugnon.fr\/site\/wp-content\/uploads\/2025\/01\/fatsah-amghar-fcg-724x1024.png\" alt=\"\" class=\"wp-image-53019 size-full\" style=\"object-position:50% 50%\" srcset=\"https:\/\/www.fcgueugnon.fr\/site\/wp-content\/uploads\/2025\/01\/fatsah-amghar-fcg-724x1024.png 724w, https:\/\/www.fcgueugnon.fr\/site\/wp-content\/uploads\/2025\/01\/fatsah-amghar-fcg-283x400.png 283w, https:\/\/www.fcgueugnon.fr\/site\/wp-content\/uploads\/2025\/01\/fatsah-amghar-fcg-768x1086.png 768w, https:\/\/www.fcgueugnon.fr\/site\/wp-content\/uploads\/2025\/01\/fatsah-amghar-fcg-1086x1536.png 1086w, https:\/\/www.fcgueugnon.fr\/site\/wp-content\/uploads\/2025\/01\/fatsah-amghar-fcg-1320x1867.png 1320w, https:\/\/www.fcgueugnon.fr\/site\/wp-content\/uploads\/2025\/01\/fatsah-amghar-fcg.png 1414w\" sizes=\"auto, (max-width: 724px) 100vw, 724px\" \/><\/figure><div class=\"wp-block-media-text__content\">\n<h3 class=\"wp-block-heading\">\ud83d\udce3 <em><strong>La d\u00e9cla&rsquo;<\/strong><\/em><\/h3>\n\n\n\n<blockquote class=\"wp-block-quote is-layout-flow wp-block-quote-is-layout-flow\">\n<p><em>\u00ab&nbsp;L\u2019ESTAC B est une \u00e9quipe qui n\u2019arrivait pas \u00e0 concr\u00e9tiser ses occasions lors de la phase aller mais aujourd\u2019hui, elle est sur une super dynamique et est remont\u00e9e au classement ! On s\u2019attend \u00e0 un match difficile. \u00bb<\/em><\/p>\n<cite><strong>Fatsah AMGHAR (entraineur)<\/strong><\/cite><\/blockquote>\n<\/div><\/div>\n\n\n\n<div style=\"height:50px\" aria-hidden=\"true\" class=\"wp-block-spacer\"><\/div>\n\n\n\n<p class=\"has-text-align-center is-style-info\"><span style=\"text-decoration: underline;\">Rendez-vous ce samedi 29 Mars \u00e0 18h00<\/span> pour encourager les gueugnonnais !<\/p>\n\n\n\n<div style=\"height:10px\" aria-hidden=\"true\" class=\"wp-block-spacer\"><\/div>\n\n\n\n<hr class=\"wp-block-separator has-text-color has-css-opacity has-background is-style-default\" style=\"background-color:#f7db4a;color:#f7db4a\"\/>\n\n\n\n<div style=\"height:5px\" aria-hidden=\"true\" class=\"wp-block-spacer\"><\/div>\n\n\n\n<h3 class=\"wp-block-heading\">\ud83d\udccd <strong><em>Les infos pratiques<\/em><\/strong><\/h3>\n\n\n\n<h3 class=\"wp-block-heading\">Billetterie<\/h3>\n\n\n\n<div class=\"wp-block-media-text alignwide is-stacked-on-mobile is-vertically-aligned-center is-style-default\" style=\"grid-template-columns:49% auto\"><figure class=\"wp-block-media-text__media\"><img loading=\"lazy\" decoding=\"async\" width=\"1024\" height=\"768\" src=\"https:\/\/www.fcgueugnon.fr\/site\/wp-content\/uploads\/2022\/08\/entree-billetterie-stade-jean-laville-sous-la-tribune-ouest-1024x768.jpg\" alt=\"\" class=\"wp-image-951 size-full\" srcset=\"https:\/\/www.fcgueugnon.fr\/site\/wp-content\/uploads\/2022\/08\/entree-billetterie-stade-jean-laville-sous-la-tribune-ouest-1024x768.jpg 1024w, https:\/\/www.fcgueugnon.fr\/site\/wp-content\/uploads\/2022\/08\/entree-billetterie-stade-jean-laville-sous-la-tribune-ouest-400x300.jpg 400w, https:\/\/www.fcgueugnon.fr\/site\/wp-content\/uploads\/2022\/08\/entree-billetterie-stade-jean-laville-sous-la-tribune-ouest-768x576.jpg 768w, https:\/\/www.fcgueugnon.fr\/site\/wp-content\/uploads\/2022\/08\/entree-billetterie-stade-jean-laville-sous-la-tribune-ouest-1536x1152.jpg 1536w, https:\/\/www.fcgueugnon.fr\/site\/wp-content\/uploads\/2022\/08\/entree-billetterie-stade-jean-laville-sous-la-tribune-ouest-2048x1536.jpg 2048w, https:\/\/www.fcgueugnon.fr\/site\/wp-content\/uploads\/2022\/08\/entree-billetterie-stade-jean-laville-sous-la-tribune-ouest-1320x990.jpg 1320w\" sizes=\"auto, (max-width: 1024px) 100vw, 1024px\" \/><\/figure><div class=\"wp-block-media-text__content\">\n<p><br><em>Rendez-vous sous la<strong> tribune Ouest <\/strong>pour acc\u00e9der au guichet Billetterie puis dans l&rsquo;angle des tribunes Nord et Ouest (c\u00f4t\u00e9 piscine) pour acc\u00e9der au stade.<\/em><\/p>\n<\/div><\/div>\n\n\n\n<div class=\"wp-block-media-text alignwide has-media-on-the-right is-stacked-on-mobile is-vertically-aligned-center is-style-default\" style=\"grid-template-columns:auto 49%\"><div class=\"wp-block-media-text__content\">\n<h3 class=\"wp-block-heading\">Tarifs<\/h3>\n\n\n\n<ul class=\"wp-block-list\">\n<li><strong><span style=\"text-decoration: underline;\">GRATUIT<\/span><\/strong> : licenci\u00e9s FC Gueugnon, -16ans (sur pr\u00e9sentation d\u2019un justificatif ou carte)<\/li>\n\n\n\n<li><strong><span style=\"text-decoration: underline;\">TARIF R\u00c9DUIT<\/span> : 4\u20ac<\/strong> \u2013 \u00c9tudiants, Demandeurs d\u2019emploi (sur pr\u00e9sentation d\u2019un justificatif ou carte)<\/li>\n\n\n\n<li><strong><span style=\"text-decoration: underline;\">PLEIN TARIF<\/span> : 7\u20ac<\/strong><\/li>\n<\/ul>\n\n\n\n<div style=\"height:10px\" aria-hidden=\"true\" class=\"wp-block-spacer\"><\/div>\n<\/div><figure class=\"wp-block-media-text__media\"><img loading=\"lazy\" decoding=\"async\" width=\"1024\" height=\"768\" src=\"https:\/\/www.fcgueugnon.fr\/site\/wp-content\/uploads\/2022\/07\/billetterie-sous-la-tribune-ouest-d-FCGueugnon-a-Jean-Laville-1024x768.jpg\" alt=\"\" class=\"wp-image-63 size-full\" srcset=\"https:\/\/www.fcgueugnon.fr\/site\/wp-content\/uploads\/2022\/07\/billetterie-sous-la-tribune-ouest-d-FCGueugnon-a-Jean-Laville-1024x768.jpg 1024w, https:\/\/www.fcgueugnon.fr\/site\/wp-content\/uploads\/2022\/07\/billetterie-sous-la-tribune-ouest-d-FCGueugnon-a-Jean-Laville-400x300.jpg 400w, https:\/\/www.fcgueugnon.fr\/site\/wp-content\/uploads\/2022\/07\/billetterie-sous-la-tribune-ouest-d-FCGueugnon-a-Jean-Laville-768x576.jpg 768w, https:\/\/www.fcgueugnon.fr\/site\/wp-content\/uploads\/2022\/07\/billetterie-sous-la-tribune-ouest-d-FCGueugnon-a-Jean-Laville-1536x1152.jpg 1536w, https:\/\/www.fcgueugnon.fr\/site\/wp-content\/uploads\/2022\/07\/billetterie-sous-la-tribune-ouest-d-FCGueugnon-a-Jean-Laville-2048x1536.jpg 2048w\" sizes=\"auto, (max-width: 1024px) 100vw, 1024px\" \/><\/figure><\/div>\n\n\n\n<div style=\"height:30px\" aria-hidden=\"true\" class=\"wp-block-spacer\"><\/div>\n\n\n\n<div class=\"wp-block-buttons is-content-justification-center is-layout-flex wp-container-core-buttons-is-layout-16018d1d wp-block-buttons-is-layout-flex\">\n<div class=\"wp-block-button\"><a class=\"wp-block-button__link wp-element-button\" href=\"https:\/\/www.fcgueugnon.fr\/site\/infos-pratiques\">Acc\u00e8s au stade, buvette, PMR&#8230;. Toutes les infos pratiques en un clic !<\/a><\/div>\n<\/div>\n\n\n\n<div style=\"height:10px\" aria-hidden=\"true\" class=\"wp-block-spacer\"><\/div>\n\n\n\n<hr class=\"wp-block-separator has-text-color has-css-opacity has-background is-style-default\" style=\"background-color:#f7db4a;color:#f7db4a\"\/>\n\n\n\n<div style=\"height:5px\" aria-hidden=\"true\" class=\"wp-block-spacer\"><\/div>\n\n\n\n<h3 class=\"wp-block-heading\"><em>\ud83e\udd1d <strong>Partenaire du match<\/strong> <\/em><\/h3>\n\n\n\n<div class=\"wp-block-getwid-image-box getwid-animation has-text-center has-mobile-layout-default has-mobile-alignment-default\" data-animation=\"pulse\"><div class=\"wp-block-getwid-image-box__image-container is-position-top\"><a href=\"https:\/\/www.fcgueugnon.fr\/site\/n3-j20-fc-gueugnon-estac-b-bouiller-pere-et-fils-partenaire-de-la-rencontre\/53716\" class=\"wp-block-getwid-image-box__image-wrapper\"><img loading=\"lazy\" decoding=\"async\" width=\"1024\" height=\"640\" src=\"https:\/\/www.fcgueugnon.fr\/site\/wp-content\/uploads\/2025\/03\/PARTENAIRE-24-25-Bouiller-pere-et-fils-1024x640.jpg\" alt=\"\" class=\"wp-block-getwid-image-box__image wp-image-53717\" srcset=\"https:\/\/www.fcgueugnon.fr\/site\/wp-content\/uploads\/2025\/03\/PARTENAIRE-24-25-Bouiller-pere-et-fils-1024x640.jpg 1024w, https:\/\/www.fcgueugnon.fr\/site\/wp-content\/uploads\/2025\/03\/PARTENAIRE-24-25-Bouiller-pere-et-fils-400x250.jpg 400w, https:\/\/www.fcgueugnon.fr\/site\/wp-content\/uploads\/2025\/03\/PARTENAIRE-24-25-Bouiller-pere-et-fils-768x480.jpg 768w, https:\/\/www.fcgueugnon.fr\/site\/wp-content\/uploads\/2025\/03\/PARTENAIRE-24-25-Bouiller-pere-et-fils-1536x960.jpg 1536w, https:\/\/www.fcgueugnon.fr\/site\/wp-content\/uploads\/2025\/03\/PARTENAIRE-24-25-Bouiller-pere-et-fils-2048x1280.jpg 2048w, https:\/\/www.fcgueugnon.fr\/site\/wp-content\/uploads\/2025\/03\/PARTENAIRE-24-25-Bouiller-pere-et-fils-1320x825.jpg 1320w\" sizes=\"auto, (max-width: 1024px) 100vw, 1024px\" \/><\/a><\/div><div class=\"wp-block-getwid-image-box__content\">\n<h3 class=\"wp-block-heading\"><a href=\"https:\/\/www.fcgueugnon.fr\/site\/n3-j20-fc-gueugnon-estac-b-bouiller-pere-et-fils-partenaire-de-la-rencontre\/53716\">[N3 J16 : FC Gueugnon \u2013 ESTAC B] Bouiller P\u00e8re et Fils, partenaire de la rencontre<\/a><\/h3>\n\n\n\n<p><\/p>\n<\/div><\/div>\n\n\n\n<div style=\"height:50px\" aria-hidden=\"true\" class=\"wp-block-spacer\"><\/div>\n\n\n\n<hr class=\"wp-block-separator has-text-color has-css-opacity has-background is-style-default\" style=\"background-color:#f7db4a;color:#f7db4a\"\/>\n\n\n\n<div style=\"height:5px\" aria-hidden=\"true\" class=\"wp-block-spacer\"><\/div>\n\n\n\n<h3 class=\"wp-block-heading\">\u26bd <strong><em>La fiche<\/em><\/strong><\/h3>\n\n\n\n<h4 class=\"wp-block-heading\"><strong>NATIONAL 3 &#8211; J16<\/strong><br>Samedi 29 Mars 2025 &#8211; 18H00<br>FC GUEUGNON \/ ESTAC B<\/h4>\n\n\n\n<p><strong>TERRAIN<\/strong><br>STADE JEAN LAVILLE<br>RUE ROGER COUDERC<br>71130 &#8211; GUEUGNON<\/p>\n\n\n\n<p><strong>SURFACE DE JEU<\/strong><br>Pelouse naturelle<\/p>\n\n\n\n<p><strong>OFFICIELS<\/strong><br>Arbitre centre : VICTOR PEREIRA<br>Arbitre assistant 1 : MATHIAS DONAT<br>Arbitre assistant 2 : ELIAN DEMONCAY<br>D\u00e9l\u00e9gu\u00e9 principal : YASSINE SAAD<\/p>\n\n\n\n<div style=\"height:50px\" aria-hidden=\"true\" class=\"wp-block-spacer\"><\/div>\n\n\n\n<h3 class=\"wp-block-heading\"><strong>Groupe<\/strong><\/h3>\n\n\n\nA suivre sur nos r\u00e9seaux sociaux apr\u00e8s le dernier entrainement\n\n\n\n<div style=\"height:50px\" aria-hidden=\"true\" class=\"wp-block-spacer\"><\/div>\n\n\n\n<h3 class=\"wp-block-heading\"><strong>Live<\/strong><\/h3>\n\n\n\n<h3 class=\"wp-block-heading has-text-align-center\"><em>Retrouvez le score du match en live en story sur nos comptes Instagram et Facebook <\/em><\/h3>\n\n\n\n<p><\/p>\n\n\n\n<div class=\"wp-block-columns is-layout-flex wp-container-core-columns-is-layout-9d6595d7 wp-block-columns-is-layout-flex\">\n<div class=\"wp-block-column is-vertically-aligned-top is-layout-flow wp-block-column-is-layout-flow\" style=\"flex-basis:50%\"><div class=\"wp-block-image\">\n<figure class=\"aligncenter\"><a href=\"https:\/\/www.instagram.com\/fcgueugnon\/\"><img loading=\"lazy\" decoding=\"async\" width=\"124\" height=\"128\" src=\"https:\/\/www.fcgueugnon.fr\/site\/wp-content\/uploads\/2022\/07\/logo-instagra-mreleif.png\" alt=\"\" class=\"wp-image-95\"\/><\/a><\/figure>\n<\/div><\/div>\n\n\n\n<div class=\"wp-block-column is-layout-flow wp-block-column-is-layout-flow\" style=\"flex-basis:50%\"><div class=\"wp-block-image\">\n<figure class=\"aligncenter size-full has-lightbox\"><a href=\"https:\/\/www.facebook.com\/FCGueugnon\"><img loading=\"lazy\" decoding=\"async\" width=\"128\" height=\"125\" src=\"https:\/\/www.fcgueugnon.fr\/site\/wp-content\/uploads\/2022\/07\/logo-facebook-relief.png\" alt=\"\" class=\"wp-image-93\"\/><\/a><\/figure>\n<\/div><\/div>\n<\/div>\n\n\n\n<div style=\"height:50px\" aria-hidden=\"true\" class=\"wp-block-spacer\"><\/div>\n\n\n\n<h3 class=\"wp-block-heading\">\ud83d\uddd3 <strong>Les matchs du week-end <\/strong><\/h3>\n\n\n\n<p>Samedi 29 Mars 2025<br><strong>18h00 : FC Gueugnon \/ ESTAC B <\/strong><\/p>\n\n\n\n<div style=\"height:20px\" aria-hidden=\"true\" class=\"wp-block-spacer\"><\/div>\n\n\n\n<div class=\"wp-block-columns is-not-stacked-on-mobile is-layout-flex wp-container-core-columns-is-layout-9d6595d7 wp-block-columns-is-layout-flex\">\n<div class=\"wp-block-column is-layout-flow wp-block-column-is-layout-flow\">\n<div class=\"wp-block-buttons is-content-justification-right is-layout-flex wp-container-core-buttons-is-layout-765c4724 wp-block-buttons-is-layout-flex\">\n<div class=\"wp-block-button\"><a class=\"wp-block-button__link has-text-align-center wp-element-button\" href=\"https:\/\/www.fcgueugnon.fr\/site\/calendrier-seniors-a-national-3-bourgogne-franche-comte\">Calendrier<\/a><\/div>\n<\/div>\n<\/div>\n\n\n\n<div class=\"wp-block-column is-layout-flow wp-block-column-is-layout-flow\">\n<div class=\"wp-block-buttons is-content-justification-left is-layout-flex wp-container-core-buttons-is-layout-fdcfc74e wp-block-buttons-is-layout-flex\">\n<div class=\"wp-block-button\"><a class=\"wp-block-button__link has-text-align-center wp-element-button\" href=\"https:\/\/www.fcgueugnon.fr\/site\/classement-national-3-bourgogne-franche-comte\">Classement<\/a><\/div>\n<\/div>\n<\/div>\n<\/div>\n\n\n\n<div style=\"height:100px\" aria-hidden=\"true\" class=\"wp-block-spacer\"><\/div>\n","protected":false},"excerpt":{"rendered":"<p>Match en retard pour les gueugnonnais qui re\u00e7oivent la r\u00e9serve de l&rsquo;ESTAC \u00e0 Jean Laville. \ud83c\udd9a L&rsquo;adversaire : ESTAC B L\u2019Esp\u00e9rance Sportive Troyes Aube Champagne (ESTAC) \u00e9volue en N3 sous la direction d\u2019Alou Diarra, finaliste de la Coupe du Monde 2006. Cette saison, l\u2019\u00e9quipe a \u00e9t\u00e9 rajeunie avec l\u2019int\u00e9gration de nombreux jeunes d\u00e9couvrant le niveau &#8230; <\/p>\n<p class=\"read-more-container\"><a title=\"[N3 J16 : FC Gueugnon \u2013 ESTAC B] Avant-match\" class=\"read-more button\" href=\"https:\/\/www.fcgueugnon.fr\/site\/n3-j16-fc-gueugnon-estac-b-avant-match\/53227#more-53227\" aria-label=\"Plus sur [N3 J16 : FC Gueugnon \u2013 ESTAC B] Avant-match\">Lire la suite<\/a><\/p>\n","protected":false},"author":1,"featured_media":53731,"comment_status":"closed","ping_status":"closed","sticky":false,"template":"","format":"standard","meta":{"footnotes":""},"categories":[4,62],"tags":[28],"class_list":["post-53227","post","type-post","status-publish","format-standard","has-post-thumbnail","hentry","category-news","category-news-2024-2025","tag-avant-match","infinite-scroll-item","generate-columns","tablet-grid-50","mobile-grid-100","grid-parent","grid-25","resize-featured-image"],"yoast_head":"<!-- This site is optimized with the Yoast SEO plugin v26.6 - https:\/\/yoast.com\/wordpress\/plugins\/seo\/ -->\n<title>[N3 J16 : FC Gueugnon \u2013 ESTAC B] Avant-match &#8226; FOOTBALL CLUB GUEUGNON<\/title>\n<meta name=\"robots\" content=\"index, follow, max-snippet:-1, max-image-preview:large, max-video-preview:-1\" \/>\n<link rel=\"canonical\" href=\"https:\/\/www.fcgueugnon.fr\/site\/n3-j16-fc-gueugnon-estac-b-avant-match\/53227\" \/>\n<meta property=\"og:locale\" content=\"fr_FR\" \/>\n<meta property=\"og:type\" content=\"article\" \/>\n<meta property=\"og:title\" content=\"[N3 J16 : FC Gueugnon \u2013 ESTAC B] Avant-match &#8226; FOOTBALL CLUB GUEUGNON\" \/>\n<meta property=\"og:description\" content=\"Match en retard pour les gueugnonnais qui re\u00e7oivent la r\u00e9serve de l&rsquo;ESTAC \u00e0 Jean Laville. \ud83c\udd9a L&rsquo;adversaire : ESTAC B L\u2019Esp\u00e9rance Sportive Troyes Aube Champagne (ESTAC) \u00e9volue en N3 sous la direction d\u2019Alou Diarra, finaliste de la Coupe du Monde 2006. Cette saison, l\u2019\u00e9quipe a \u00e9t\u00e9 rajeunie avec l\u2019int\u00e9gration de nombreux jeunes d\u00e9couvrant le niveau ... Lire la suite\" \/>\n<meta property=\"og:url\" content=\"https:\/\/www.fcgueugnon.fr\/site\/n3-j16-fc-gueugnon-estac-b-avant-match\/53227\" \/>\n<meta property=\"og:site_name\" content=\"FOOTBALL CLUB GUEUGNON\" \/>\n<meta property=\"article:publisher\" content=\"http:\/\/facebook.com\/FCGueugnon\" \/>\n<meta property=\"article:published_time\" content=\"2025-03-28T07:00:00+00:00\" \/>\n<meta property=\"article:modified_time\" content=\"2025-03-28T09:59:25+00:00\" \/>\n<meta property=\"og:image\" content=\"https:\/\/www.fcgueugnon.fr\/site\/wp-content\/uploads\/2025\/03\/AVANT-MATCH-ESTAC-TROYES-B.jpg\" \/>\n\t<meta property=\"og:image:width\" content=\"2160\" \/>\n\t<meta property=\"og:image:height\" content=\"1350\" \/>\n\t<meta property=\"og:image:type\" content=\"image\/jpeg\" \/>\n<meta name=\"author\" content=\"FC Gueugnon\" \/>\n<meta name=\"twitter:card\" content=\"summary_large_image\" \/>\n<meta name=\"twitter:creator\" content=\"@FCGueugnon_off\" \/>\n<meta name=\"twitter:site\" content=\"@FCGueugnon_off\" \/>\n<meta name=\"twitter:label1\" content=\"\u00c9crit par\" \/>\n\t<meta name=\"twitter:data1\" content=\"FC Gueugnon\" \/>\n\t<meta name=\"twitter:label2\" content=\"Dur\u00e9e de lecture estim\u00e9e\" \/>\n\t<meta name=\"twitter:data2\" content=\"5 minutes\" \/>\n<script type=\"application\/ld+json\" class=\"yoast-schema-graph\">{\"@context\":\"https:\/\/schema.org\",\"@graph\":[{\"@type\":\"Article\",\"@id\":\"https:\/\/www.fcgueugnon.fr\/site\/n3-j16-fc-gueugnon-estac-b-avant-match\/53227#article\",\"isPartOf\":{\"@id\":\"https:\/\/www.fcgueugnon.fr\/site\/n3-j16-fc-gueugnon-estac-b-avant-match\/53227\"},\"author\":{\"name\":\"FC Gueugnon\",\"@id\":\"https:\/\/www.fcgueugnon.fr\/site\/#\/schema\/person\/f6444fbdd35fa731ee974c03508738fb\"},\"headline\":\"[N3 J16 : FC Gueugnon \u2013 ESTAC B] Avant-match\",\"datePublished\":\"2025-03-28T07:00:00+00:00\",\"dateModified\":\"2025-03-28T09:59:25+00:00\",\"mainEntityOfPage\":{\"@id\":\"https:\/\/www.fcgueugnon.fr\/site\/n3-j16-fc-gueugnon-estac-b-avant-match\/53227\"},\"wordCount\":624,\"publisher\":{\"@id\":\"https:\/\/www.fcgueugnon.fr\/site\/#organization\"},\"image\":{\"@id\":\"https:\/\/www.fcgueugnon.fr\/site\/n3-j16-fc-gueugnon-estac-b-avant-match\/53227#primaryimage\"},\"thumbnailUrl\":\"https:\/\/www.fcgueugnon.fr\/site\/wp-content\/uploads\/2025\/03\/AVANT-MATCH-ESTAC-TROYES-B.jpg\",\"keywords\":[\"Avant-match\"],\"articleSection\":[\"News\",\"News 2024\/2025\"],\"inLanguage\":\"fr-FR\"},{\"@type\":\"WebPage\",\"@id\":\"https:\/\/www.fcgueugnon.fr\/site\/n3-j16-fc-gueugnon-estac-b-avant-match\/53227\",\"url\":\"https:\/\/www.fcgueugnon.fr\/site\/n3-j16-fc-gueugnon-estac-b-avant-match\/53227\",\"name\":\"[N3 J16 : FC Gueugnon \u2013 ESTAC B] Avant-match &#8226; FOOTBALL CLUB GUEUGNON\",\"isPartOf\":{\"@id\":\"https:\/\/www.fcgueugnon.fr\/site\/#website\"},\"primaryImageOfPage\":{\"@id\":\"https:\/\/www.fcgueugnon.fr\/site\/n3-j16-fc-gueugnon-estac-b-avant-match\/53227#primaryimage\"},\"image\":{\"@id\":\"https:\/\/www.fcgueugnon.fr\/site\/n3-j16-fc-gueugnon-estac-b-avant-match\/53227#primaryimage\"},\"thumbnailUrl\":\"https:\/\/www.fcgueugnon.fr\/site\/wp-content\/uploads\/2025\/03\/AVANT-MATCH-ESTAC-TROYES-B.jpg\",\"datePublished\":\"2025-03-28T07:00:00+00:00\",\"dateModified\":\"2025-03-28T09:59:25+00:00\",\"breadcrumb\":{\"@id\":\"https:\/\/www.fcgueugnon.fr\/site\/n3-j16-fc-gueugnon-estac-b-avant-match\/53227#breadcrumb\"},\"inLanguage\":\"fr-FR\",\"potentialAction\":[{\"@type\":\"ReadAction\",\"target\":[\"https:\/\/www.fcgueugnon.fr\/site\/n3-j16-fc-gueugnon-estac-b-avant-match\/53227\"]}]},{\"@type\":\"ImageObject\",\"inLanguage\":\"fr-FR\",\"@id\":\"https:\/\/www.fcgueugnon.fr\/site\/n3-j16-fc-gueugnon-estac-b-avant-match\/53227#primaryimage\",\"url\":\"https:\/\/www.fcgueugnon.fr\/site\/wp-content\/uploads\/2025\/03\/AVANT-MATCH-ESTAC-TROYES-B.jpg\",\"contentUrl\":\"https:\/\/www.fcgueugnon.fr\/site\/wp-content\/uploads\/2025\/03\/AVANT-MATCH-ESTAC-TROYES-B.jpg\",\"width\":2160,\"height\":1350},{\"@type\":\"BreadcrumbList\",\"@id\":\"https:\/\/www.fcgueugnon.fr\/site\/n3-j16-fc-gueugnon-estac-b-avant-match\/53227#breadcrumb\",\"itemListElement\":[{\"@type\":\"ListItem\",\"position\":1,\"name\":\"Accueil\",\"item\":\"https:\/\/www.fcgueugnon.fr\/site\/\"},{\"@type\":\"ListItem\",\"position\":2,\"name\":\"[N3 J16 : FC Gueugnon \u2013 ESTAC B] Avant-match\"}]},{\"@type\":\"WebSite\",\"@id\":\"https:\/\/www.fcgueugnon.fr\/site\/#website\",\"url\":\"https:\/\/www.fcgueugnon.fr\/site\/\",\"name\":\"FOOTBALL CLUB GUEUGNON\",\"description\":\"Le Site Officiel des Forgerons\",\"publisher\":{\"@id\":\"https:\/\/www.fcgueugnon.fr\/site\/#organization\"},\"potentialAction\":[{\"@type\":\"SearchAction\",\"target\":{\"@type\":\"EntryPoint\",\"urlTemplate\":\"https:\/\/www.fcgueugnon.fr\/site\/?s={search_term_string}\"},\"query-input\":{\"@type\":\"PropertyValueSpecification\",\"valueRequired\":true,\"valueName\":\"search_term_string\"}}],\"inLanguage\":\"fr-FR\"},{\"@type\":\"Organization\",\"@id\":\"https:\/\/www.fcgueugnon.fr\/site\/#organization\",\"name\":\"FC Gueugnon\",\"url\":\"https:\/\/www.fcgueugnon.fr\/site\/\",\"logo\":{\"@type\":\"ImageObject\",\"inLanguage\":\"fr-FR\",\"@id\":\"https:\/\/www.fcgueugnon.fr\/site\/#\/schema\/logo\/image\/\",\"url\":\"https:\/\/www.fcgueugnon.fr\/site\/wp-content\/uploads\/2022\/07\/cropped-Logo-FCGUEUGNON-low-350x350-1.png\",\"contentUrl\":\"https:\/\/www.fcgueugnon.fr\/site\/wp-content\/uploads\/2022\/07\/cropped-Logo-FCGUEUGNON-low-350x350-1.png\",\"width\":350,\"height\":350,\"caption\":\"FC Gueugnon\"},\"image\":{\"@id\":\"https:\/\/www.fcgueugnon.fr\/site\/#\/schema\/logo\/image\/\"},\"sameAs\":[\"http:\/\/facebook.com\/FCGueugnon\",\"https:\/\/x.com\/FCGueugnon_off\",\"https:\/\/www.instagram.com\/fcgueugnon\/\",\"https:\/\/www.linkedin.com\/company\/football-club-de-gueugnon\/\",\"https:\/\/www.youtube.com\/user\/FCGueugnonnais\",\"https:\/\/fr.wikipedia.org\/wiki\/Football_Club_de_Gueugnon\"]},{\"@type\":\"Person\",\"@id\":\"https:\/\/www.fcgueugnon.fr\/site\/#\/schema\/person\/f6444fbdd35fa731ee974c03508738fb\",\"name\":\"FC Gueugnon\",\"sameAs\":[\"https:\/\/www.fcgueugnon.fr\/site\"],\"url\":\"https:\/\/www.fcgueugnon.fr\/site\/author\/admin-antho\"}]}<\/script>\n<!-- \/ Yoast SEO plugin. -->","yoast_head_json":{"title":"[N3 J16 : FC Gueugnon \u2013 ESTAC B] Avant-match &#8226; FOOTBALL CLUB GUEUGNON","robots":{"index":"index","follow":"follow","max-snippet":"max-snippet:-1","max-image-preview":"max-image-preview:large","max-video-preview":"max-video-preview:-1"},"canonical":"https:\/\/www.fcgueugnon.fr\/site\/n3-j16-fc-gueugnon-estac-b-avant-match\/53227","og_locale":"fr_FR","og_type":"article","og_title":"[N3 J16 : FC Gueugnon \u2013 ESTAC B] Avant-match &#8226; FOOTBALL CLUB GUEUGNON","og_description":"Match en retard pour les gueugnonnais qui re\u00e7oivent la r\u00e9serve de l&rsquo;ESTAC \u00e0 Jean Laville. \ud83c\udd9a L&rsquo;adversaire : ESTAC B L\u2019Esp\u00e9rance Sportive Troyes Aube Champagne (ESTAC) \u00e9volue en N3 sous la direction d\u2019Alou Diarra, finaliste de la Coupe du Monde 2006. Cette saison, l\u2019\u00e9quipe a \u00e9t\u00e9 rajeunie avec l\u2019int\u00e9gration de nombreux jeunes d\u00e9couvrant le niveau ... Lire la suite","og_url":"https:\/\/www.fcgueugnon.fr\/site\/n3-j16-fc-gueugnon-estac-b-avant-match\/53227","og_site_name":"FOOTBALL CLUB GUEUGNON","article_publisher":"http:\/\/facebook.com\/FCGueugnon","article_published_time":"2025-03-28T07:00:00+00:00","article_modified_time":"2025-03-28T09:59:25+00:00","og_image":[{"width":2160,"height":1350,"url":"https:\/\/www.fcgueugnon.fr\/site\/wp-content\/uploads\/2025\/03\/AVANT-MATCH-ESTAC-TROYES-B.jpg","type":"image\/jpeg"}],"author":"FC Gueugnon","twitter_card":"summary_large_image","twitter_creator":"@FCGueugnon_off","twitter_site":"@FCGueugnon_off","twitter_misc":{"\u00c9crit par":"FC Gueugnon","Dur\u00e9e de lecture estim\u00e9e":"5 minutes"},"schema":{"@context":"https:\/\/schema.org","@graph":[{"@type":"Article","@id":"https:\/\/www.fcgueugnon.fr\/site\/n3-j16-fc-gueugnon-estac-b-avant-match\/53227#article","isPartOf":{"@id":"https:\/\/www.fcgueugnon.fr\/site\/n3-j16-fc-gueugnon-estac-b-avant-match\/53227"},"author":{"name":"FC Gueugnon","@id":"https:\/\/www.fcgueugnon.fr\/site\/#\/schema\/person\/f6444fbdd35fa731ee974c03508738fb"},"headline":"[N3 J16 : FC Gueugnon \u2013 ESTAC B] Avant-match","datePublished":"2025-03-28T07:00:00+00:00","dateModified":"2025-03-28T09:59:25+00:00","mainEntityOfPage":{"@id":"https:\/\/www.fcgueugnon.fr\/site\/n3-j16-fc-gueugnon-estac-b-avant-match\/53227"},"wordCount":624,"publisher":{"@id":"https:\/\/www.fcgueugnon.fr\/site\/#organization"},"image":{"@id":"https:\/\/www.fcgueugnon.fr\/site\/n3-j16-fc-gueugnon-estac-b-avant-match\/53227#primaryimage"},"thumbnailUrl":"https:\/\/www.fcgueugnon.fr\/site\/wp-content\/uploads\/2025\/03\/AVANT-MATCH-ESTAC-TROYES-B.jpg","keywords":["Avant-match"],"articleSection":["News","News 2024\/2025"],"inLanguage":"fr-FR"},{"@type":"WebPage","@id":"https:\/\/www.fcgueugnon.fr\/site\/n3-j16-fc-gueugnon-estac-b-avant-match\/53227","url":"https:\/\/www.fcgueugnon.fr\/site\/n3-j16-fc-gueugnon-estac-b-avant-match\/53227","name":"[N3 J16 : FC Gueugnon \u2013 ESTAC B] Avant-match &#8226; FOOTBALL CLUB GUEUGNON","isPartOf":{"@id":"https:\/\/www.fcgueugnon.fr\/site\/#website"},"primaryImageOfPage":{"@id":"https:\/\/www.fcgueugnon.fr\/site\/n3-j16-fc-gueugnon-estac-b-avant-match\/53227#primaryimage"},"image":{"@id":"https:\/\/www.fcgueugnon.fr\/site\/n3-j16-fc-gueugnon-estac-b-avant-match\/53227#primaryimage"},"thumbnailUrl":"https:\/\/www.fcgueugnon.fr\/site\/wp-content\/uploads\/2025\/03\/AVANT-MATCH-ESTAC-TROYES-B.jpg","datePublished":"2025-03-28T07:00:00+00:00","dateModified":"2025-03-28T09:59:25+00:00","breadcrumb":{"@id":"https:\/\/www.fcgueugnon.fr\/site\/n3-j16-fc-gueugnon-estac-b-avant-match\/53227#breadcrumb"},"inLanguage":"fr-FR","potentialAction":[{"@type":"ReadAction","target":["https:\/\/www.fcgueugnon.fr\/site\/n3-j16-fc-gueugnon-estac-b-avant-match\/53227"]}]},{"@type":"ImageObject","inLanguage":"fr-FR","@id":"https:\/\/www.fcgueugnon.fr\/site\/n3-j16-fc-gueugnon-estac-b-avant-match\/53227#primaryimage","url":"https:\/\/www.fcgueugnon.fr\/site\/wp-content\/uploads\/2025\/03\/AVANT-MATCH-ESTAC-TROYES-B.jpg","contentUrl":"https:\/\/www.fcgueugnon.fr\/site\/wp-content\/uploads\/2025\/03\/AVANT-MATCH-ESTAC-TROYES-B.jpg","width":2160,"height":1350},{"@type":"BreadcrumbList","@id":"https:\/\/www.fcgueugnon.fr\/site\/n3-j16-fc-gueugnon-estac-b-avant-match\/53227#breadcrumb","itemListElement":[{"@type":"ListItem","position":1,"name":"Accueil","item":"https:\/\/www.fcgueugnon.fr\/site\/"},{"@type":"ListItem","position":2,"name":"[N3 J16 : FC Gueugnon \u2013 ESTAC B] Avant-match"}]},{"@type":"WebSite","@id":"https:\/\/www.fcgueugnon.fr\/site\/#website","url":"https:\/\/www.fcgueugnon.fr\/site\/","name":"FOOTBALL CLUB GUEUGNON","description":"Le Site Officiel des Forgerons","publisher":{"@id":"https:\/\/www.fcgueugnon.fr\/site\/#organization"},"potentialAction":[{"@type":"SearchAction","target":{"@type":"EntryPoint","urlTemplate":"https:\/\/www.fcgueugnon.fr\/site\/?s={search_term_string}"},"query-input":{"@type":"PropertyValueSpecification","valueRequired":true,"valueName":"search_term_string"}}],"inLanguage":"fr-FR"},{"@type":"Organization","@id":"https:\/\/www.fcgueugnon.fr\/site\/#organization","name":"FC Gueugnon","url":"https:\/\/www.fcgueugnon.fr\/site\/","logo":{"@type":"ImageObject","inLanguage":"fr-FR","@id":"https:\/\/www.fcgueugnon.fr\/site\/#\/schema\/logo\/image\/","url":"https:\/\/www.fcgueugnon.fr\/site\/wp-content\/uploads\/2022\/07\/cropped-Logo-FCGUEUGNON-low-350x350-1.png","contentUrl":"https:\/\/www.fcgueugnon.fr\/site\/wp-content\/uploads\/2022\/07\/cropped-Logo-FCGUEUGNON-low-350x350-1.png","width":350,"height":350,"caption":"FC Gueugnon"},"image":{"@id":"https:\/\/www.fcgueugnon.fr\/site\/#\/schema\/logo\/image\/"},"sameAs":["http:\/\/facebook.com\/FCGueugnon","https:\/\/x.com\/FCGueugnon_off","https:\/\/www.instagram.com\/fcgueugnon\/","https:\/\/www.linkedin.com\/company\/football-club-de-gueugnon\/","https:\/\/www.youtube.com\/user\/FCGueugnonnais","https:\/\/fr.wikipedia.org\/wiki\/Football_Club_de_Gueugnon"]},{"@type":"Person","@id":"https:\/\/www.fcgueugnon.fr\/site\/#\/schema\/person\/f6444fbdd35fa731ee974c03508738fb","name":"FC Gueugnon","sameAs":["https:\/\/www.fcgueugnon.fr\/site"],"url":"https:\/\/www.fcgueugnon.fr\/site\/author\/admin-antho"}]}},"rttpg_featured_image_url":{"full":["https:\/\/www.fcgueugnon.fr\/site\/wp-content\/uploads\/2025\/03\/AVANT-MATCH-ESTAC-TROYES-B.jpg",2160,1350,false],"landscape":["https:\/\/www.fcgueugnon.fr\/site\/wp-content\/uploads\/2025\/03\/AVANT-MATCH-ESTAC-TROYES-B.jpg",2160,1350,false],"portraits":["https:\/\/www.fcgueugnon.fr\/site\/wp-content\/uploads\/2025\/03\/AVANT-MATCH-ESTAC-TROYES-B.jpg",2160,1350,false],"thumbnail":["https:\/\/www.fcgueugnon.fr\/site\/wp-content\/uploads\/2025\/03\/AVANT-MATCH-ESTAC-TROYES-B-150x150.jpg",150,150,true],"medium":["https:\/\/www.fcgueugnon.fr\/site\/wp-content\/uploads\/2025\/03\/AVANT-MATCH-ESTAC-TROYES-B-400x250.jpg",400,250,true],"large":["https:\/\/www.fcgueugnon.fr\/site\/wp-content\/uploads\/2025\/03\/AVANT-MATCH-ESTAC-TROYES-B-1024x640.jpg",1024,640,true],"1536x1536":["https:\/\/www.fcgueugnon.fr\/site\/wp-content\/uploads\/2025\/03\/AVANT-MATCH-ESTAC-TROYES-B-1536x960.jpg",1536,960,true],"2048x2048":["https:\/\/www.fcgueugnon.fr\/site\/wp-content\/uploads\/2025\/03\/AVANT-MATCH-ESTAC-TROYES-B-2048x1280.jpg",2048,1280,true]},"rttpg_author":{"display_name":"FC Gueugnon","author_link":"https:\/\/www.fcgueugnon.fr\/site\/author\/admin-antho"},"rttpg_comment":0,"rttpg_category":"<a href=\"https:\/\/www.fcgueugnon.fr\/site\/category\/news\" rel=\"category tag\">News<\/a> <a href=\"https:\/\/www.fcgueugnon.fr\/site\/category\/news\/news-2024-2025\" rel=\"category tag\">News 2024\/2025<\/a>","rttpg_excerpt":"Match en retard pour les gueugnonnais qui re\u00e7oivent la r\u00e9serve de l&rsquo;ESTAC \u00e0 Jean Laville. \ud83c\udd9a L&rsquo;adversaire : ESTAC B L\u2019Esp\u00e9rance Sportive Troyes Aube Champagne (ESTAC) \u00e9volue en N3 sous la direction d\u2019Alou Diarra, finaliste de la Coupe du Monde 2006. Cette saison, l\u2019\u00e9quipe a \u00e9t\u00e9 rajeunie avec l\u2019int\u00e9gration de nombreux jeunes d\u00e9couvrant le niveau\u2026","_links":{"self":[{"href":"https:\/\/www.fcgueugnon.fr\/site\/wp-json\/wp\/v2\/posts\/53227","targetHints":{"allow":["GET"]}}],"collection":[{"href":"https:\/\/www.fcgueugnon.fr\/site\/wp-json\/wp\/v2\/posts"}],"about":[{"href":"https:\/\/www.fcgueugnon.fr\/site\/wp-json\/wp\/v2\/types\/post"}],"author":[{"embeddable":true,"href":"https:\/\/www.fcgueugnon.fr\/site\/wp-json\/wp\/v2\/users\/1"}],"replies":[{"embeddable":true,"href":"https:\/\/www.fcgueugnon.fr\/site\/wp-json\/wp\/v2\/comments?post=53227"}],"version-history":[{"count":4,"href":"https:\/\/www.fcgueugnon.fr\/site\/wp-json\/wp\/v2\/posts\/53227\/revisions"}],"predecessor-version":[{"id":53735,"href":"https:\/\/www.fcgueugnon.fr\/site\/wp-json\/wp\/v2\/posts\/53227\/revisions\/53735"}],"wp:featuredmedia":[{"embeddable":true,"href":"https:\/\/www.fcgueugnon.fr\/site\/wp-json\/wp\/v2\/media\/53731"}],"wp:attachment":[{"href":"https:\/\/www.fcgueugnon.fr\/site\/wp-json\/wp\/v2\/media?parent=53227"}],"wp:term":[{"taxonomy":"category","embeddable":true,"href":"https:\/\/www.fcgueugnon.fr\/site\/wp-json\/wp\/v2\/categories?post=53227"},{"taxonomy":"post_tag","embeddable":true,"href":"https:\/\/www.fcgueugnon.fr\/site\/wp-json\/wp\/v2\/tags?post=53227"}],"curies":[{"name":"wp","href":"https:\/\/api.w.org\/{rel}","templated":true}]}}