{"id":53151,"date":"2025-02-05T17:58:00","date_gmt":"2025-02-05T16:58:00","guid":{"rendered":"https:\/\/www.fcgueugnon.fr\/site\/?p=53151"},"modified":"2025-02-05T09:30:41","modified_gmt":"2025-02-05T08:30:41","slug":"mercato-2024-2025-jeunesse-et-polyvalence-yunus-emre-doner-arrive-au-fcg","status":"publish","type":"post","link":"https:\/\/www.fcgueugnon.fr\/site\/mercato-2024-2025-jeunesse-et-polyvalence-yunus-emre-doner-arrive-au-fcg\/53151","title":{"rendered":"[Mercato 2024-2025] Jeunesse et polyvalence : Yunus Emre D\u00f6ner arrive au FCG"},"content":{"rendered":"\n<h3 class=\"wp-block-heading has-text-align-left\"><strong>Le FC Gueugnon continue de renforcer son effectif en accueillant Yunus Emre D\u00f6ner. Jeune joueur polyvalent de 19 ans, il arrive en provenance de l\u2019US Foug\u00e8res (National 3), o\u00f9 il s\u2019est illustr\u00e9 par sa r\u00e9gularit\u00e9 et son engagement.<\/strong><\/h3>\n\n\n\n<div style=\"height:50px\" aria-hidden=\"true\" class=\"wp-block-spacer\"><\/div>\n\n\n<div class=\"wp-block-image\">\n<figure class=\"aligncenter size-full is-resized\"><img loading=\"lazy\" decoding=\"async\" width=\"1772\" height=\"1181\" src=\"https:\/\/www.fcgueugnon.fr\/site\/wp-content\/uploads\/2025\/01\/YUNUS-EMRE-DONER.jpg\" alt=\"\" class=\"wp-image-53193\" style=\"width:960px;height:auto\" srcset=\"https:\/\/www.fcgueugnon.fr\/site\/wp-content\/uploads\/2025\/01\/YUNUS-EMRE-DONER.jpg 1772w, https:\/\/www.fcgueugnon.fr\/site\/wp-content\/uploads\/2025\/01\/YUNUS-EMRE-DONER-400x267.jpg 400w, https:\/\/www.fcgueugnon.fr\/site\/wp-content\/uploads\/2025\/01\/YUNUS-EMRE-DONER-1024x682.jpg 1024w, https:\/\/www.fcgueugnon.fr\/site\/wp-content\/uploads\/2025\/01\/YUNUS-EMRE-DONER-768x512.jpg 768w, https:\/\/www.fcgueugnon.fr\/site\/wp-content\/uploads\/2025\/01\/YUNUS-EMRE-DONER-1536x1024.jpg 1536w, https:\/\/www.fcgueugnon.fr\/site\/wp-content\/uploads\/2025\/01\/YUNUS-EMRE-DONER-1320x880.jpg 1320w\" sizes=\"auto, (max-width: 1772px) 100vw, 1772px\" \/><\/figure>\n<\/div>\n\n\n<div style=\"height:50px\" aria-hidden=\"true\" class=\"wp-block-spacer\"><\/div>\n\n\n\n<p>Form\u00e9 dans les clubs rennais avant de poursuivre son ascension \u00e0 l\u2019<strong>US Foug\u00e8res<\/strong> en National 3, <strong>Yunus Emre D\u00f6ner<\/strong> a d\u00e9j\u00e0 connu un parcours riche en exp\u00e9riences malgr\u00e9 son jeune \u00e2ge. Ce joueur polyvalent, capable d&rsquo;\u00e9voluer aussi bien en d\u00e9fense centrale qu&rsquo;au poste de milieu d\u00e9fensif, s\u2019est impos\u00e9 comme un \u00e9l\u00e9ment essentiel de son \u00e9quipe avec 14 matchs et 986 minutes de jeu disput\u00e9es en ce d\u00e9but de saison.<\/p>\n\n\n\n<p>N\u00e9 \u00e0 Rennes en 2005, Yunus Emre D\u00f6ner a commenc\u00e9 le football dans sa ville natale avant de gravir les \u00e9chelons \u00e0 l\u2019<strong>AC Rennes<\/strong>, puis \u00e0 la <strong>TA Rennes<\/strong> et au <strong>CPB Br\u00e9quigny<\/strong> en U17 Nationaux. Son parcours atypique l\u2019a ensuite men\u00e9 \u00e0 <strong>Mulsanne<\/strong> en U18 R1 avant de rejoindre l\u2019<strong>USSA Vertou<\/strong> en U19 Nationaux. Sa progression constante et son d\u00e9sir d\u2019aller toujours plus haut lui ont permis de se faire une place au sein de l\u2019<strong>US Foug\u00e8res<\/strong>, o\u00f9 il s\u2019est affirm\u00e9 par sa rigueur et sa solidit\u00e9 d\u00e9fensive.<\/p>\n\n\n\n<p><strong>International turc U17<\/strong>, il a eu l\u2019honneur de porter une fois le maillot de la Turquie contre Malte. Dot\u00e9 d\u2019un profil athl\u00e9tique (1,90 m \u2013 76 kg), <strong>Yunus Emre<\/strong> allie puissance et adaptabilit\u00e9, offrant des solutions vari\u00e9es au sein du secteur d\u00e9fensif.<\/p>\n\n\n\n<p>\u00c0 19 ans, <strong>Yunus Emre D\u00f6ner<\/strong> rejoint les rangs du <strong>FC Gueugnon<\/strong>. Le FCG lui souhaite la bienvenue et une pleine r\u00e9ussite.<\/p>\n\n\n\n<div style=\"height:20px\" aria-hidden=\"true\" class=\"wp-block-spacer\"><\/div>\n\n\n\n<div class=\"wp-block-getwid-advanced-heading\"><span class=\"wp-block-getwid-advanced-heading__content\" style=\"text-align:center;font-family:&quot;Montserrat&quot;;font-weight:normal;text-transform:\"><strong>Bienvenue Yunus Emre ! <\/strong><\/span><\/div>\n\n\n\n<div style=\"height:70px\" aria-hidden=\"true\" class=\"wp-block-spacer\"><\/div>\n\n\n\n<blockquote class=\"wp-block-quote is-layout-flow wp-block-quote-is-layout-flow\">\n<p><em>\u00ab Cet hiver, nous avons eu l&rsquo;opportunit\u00e9 d&rsquo;accueillir un troisi\u00e8me joueur. Apr\u00e8s r\u00e9flexion avec Fatsah, nous avons choisi de renforcer notre secteur d\u00e9fensif, car nous ne disposions que de trois d\u00e9fenseurs centraux dans l&rsquo;effectif. Yunus est un joueur athl\u00e9tique de 1,90 m, capable d&rsquo;\u00e9voluer en d\u00e9fense centrale mais aussi au poste de milieu d\u00e9fensif gr\u00e2ce \u00e0 son aisance technique. Maintenant, nous allons nous battre tous ensemble pour aller chercher le maintien. \u00bb<\/em><\/p>\n<cite><strong><em>Richard TRIVINO (Directeur Sportif)<\/em><\/strong><\/cite><\/blockquote>\n\n\n\n<div style=\"height:30px\" aria-hidden=\"true\" class=\"wp-block-spacer\"><\/div>\n\n\n\n<hr class=\"wp-block-separator has-alpha-channel-opacity\"\/>\n\n\n\n<div style=\"height:30px\" aria-hidden=\"true\" class=\"wp-block-spacer\"><\/div>\n\n\n\n<h3 class=\"wp-block-heading\"><strong>R\u00e9capitulatif des transferts (intersaison 2024) :<\/strong><\/h3>\n\n\n\n<p><strong>Arriv\u00e9es :<\/strong>&nbsp;Hugo DOS SANTOS (Is-Selongey Football), Vivian GALLAND, (Is-Selongey Football), Mathis VILARO (B\u00e9ziers), Zakaria GRICH (FC Chamali\u00e8res), Paul SCHACHERER (Chamali\u00e8res), Flavio VALENTE (AS Quetigny), Imani BARKER (Le Havre Athletic Club), Raymond Diasomb\u00e9 (Is-Selongey Football), Junior BUCKMAN (Avoine OCC), Anthony LAMONGE (sans club), Mohamed Jabbari (US Brioude), Dava David Agossa (SAS \u00c9pinal), Samy El Khiar (FC Rouen), Yunus Emre D\u00f6ner (US Foug\u00e8res).<\/p>\n\n\n\n<p><strong>D\u00e9parts<\/strong> : Hamza BOUDJEMAA (FC Vesoul), Sidi Lamin HELAL (Blagnac FC), Thomas DORIDOT (US St Sernin), Soualio DIOMAND\u00c9 (Puteaux CS), Mathis CLERVAL (Racing Besan\u00e7on), Mouhamed DIALLO (Ouest Tourangeau), Oum\u00e9rou Dram\u00e9 (Chevilly-la-Rue Elan Paris), Mahamadou Ciss\u00e9 (Bergerac P\u00e9rigord FC), Yannick MAMBO (US Raon-l&rsquo;\u00c9tape), Loan HERNANDEZ (Tarbes Pyr\u00e9n\u00e9es), Anthony Chauvet (Tr\u00e9lissac P\u00e9rigord FC).<\/p>\n\n\n\n<div style=\"height:30px\" aria-hidden=\"true\" class=\"wp-block-spacer\"><\/div>\n\n\n\n<h3 class=\"wp-block-heading\">\u25ba <strong><em><a href=\"https:\/\/www.fcgueugnon.fr\/site\/tag\/mercato-2024\">D\u00e9parts, arriv\u00e9es, prolongation.. Retrouvez toute l&rsquo;actu mercato du FCG<\/a><\/em><\/strong><\/h3>\n\n\n\n<p><\/p>\n","protected":false},"excerpt":{"rendered":"<p>Le FC Gueugnon continue de renforcer son effectif en accueillant Yunus Emre D\u00f6ner. Jeune joueur polyvalent de 19 ans, il arrive en provenance de l\u2019US Foug\u00e8res (National 3), o\u00f9 il s\u2019est illustr\u00e9 par sa r\u00e9gularit\u00e9 et son engagement. Form\u00e9 dans les clubs rennais avant de poursuivre son ascension \u00e0 l\u2019US Foug\u00e8res en National 3, Yunus &#8230; <\/p>\n<p class=\"read-more-container\"><a title=\"[Mercato 2024-2025] Jeunesse et polyvalence : Yunus Emre D\u00f6ner arrive au FCG\" class=\"read-more button\" href=\"https:\/\/www.fcgueugnon.fr\/site\/mercato-2024-2025-jeunesse-et-polyvalence-yunus-emre-doner-arrive-au-fcg\/53151#more-53151\" aria-label=\"Plus sur [Mercato 2024-2025] Jeunesse et polyvalence : Yunus Emre D\u00f6ner arrive au FCG\">Lire la suite<\/a><\/p>\n","protected":false},"author":3,"featured_media":10860,"comment_status":"closed","ping_status":"closed","sticky":true,"template":"","format":"standard","meta":{"footnotes":""},"categories":[62],"tags":[8,63,10],"class_list":["post-53151","post","type-post","status-publish","format-standard","has-post-thumbnail","hentry","category-news-2024-2025","tag-effectif","tag-mercato-2024","tag-preparation-entrainement","infinite-scroll-item","generate-columns","tablet-grid-50","mobile-grid-100","grid-parent","grid-25","resize-featured-image"],"yoast_head":"<!-- This site is optimized with the Yoast SEO plugin v26.6 - https:\/\/yoast.com\/wordpress\/plugins\/seo\/ -->\n<title>[Mercato 2024-2025] Jeunesse et polyvalence : Yunus Emre D\u00f6ner arrive au FCG &#8226; FOOTBALL CLUB GUEUGNON<\/title>\n<meta name=\"robots\" content=\"index, follow, max-snippet:-1, max-image-preview:large, max-video-preview:-1\" \/>\n<link rel=\"canonical\" href=\"https:\/\/www.fcgueugnon.fr\/site\/mercato-2024-2025-jeunesse-et-polyvalence-yunus-emre-doner-arrive-au-fcg\/53151\" \/>\n<meta property=\"og:locale\" content=\"fr_FR\" \/>\n<meta property=\"og:type\" content=\"article\" \/>\n<meta property=\"og:title\" content=\"[Mercato 2024-2025] Jeunesse et polyvalence : Yunus Emre D\u00f6ner arrive au FCG &#8226; FOOTBALL CLUB GUEUGNON\" \/>\n<meta property=\"og:description\" content=\"Le FC Gueugnon continue de renforcer son effectif en accueillant Yunus Emre D\u00f6ner. Jeune joueur polyvalent de 19 ans, il arrive en provenance de l\u2019US Foug\u00e8res (National 3), o\u00f9 il s\u2019est illustr\u00e9 par sa r\u00e9gularit\u00e9 et son engagement. Form\u00e9 dans les clubs rennais avant de poursuivre son ascension \u00e0 l\u2019US Foug\u00e8res en National 3, Yunus ... Lire la suite\" \/>\n<meta property=\"og:url\" content=\"https:\/\/www.fcgueugnon.fr\/site\/mercato-2024-2025-jeunesse-et-polyvalence-yunus-emre-doner-arrive-au-fcg\/53151\" \/>\n<meta property=\"og:site_name\" content=\"FOOTBALL CLUB GUEUGNON\" \/>\n<meta property=\"article:publisher\" content=\"http:\/\/facebook.com\/FCGueugnon\" \/>\n<meta property=\"article:published_time\" content=\"2025-02-05T16:58:00+00:00\" \/>\n<meta property=\"og:image\" content=\"https:\/\/www.fcgueugnon.fr\/site\/wp-content\/uploads\/2024\/05\/mercato-fc-gueugnon.jpeg\" \/>\n\t<meta property=\"og:image:width\" content=\"1600\" \/>\n\t<meta property=\"og:image:height\" content=\"900\" \/>\n\t<meta property=\"og:image:type\" content=\"image\/jpeg\" \/>\n<meta name=\"author\" content=\"FC Gueugnon\" \/>\n<meta name=\"twitter:card\" content=\"summary_large_image\" \/>\n<meta name=\"twitter:creator\" content=\"@FCGueugnon_off\" \/>\n<meta name=\"twitter:site\" content=\"@FCGueugnon_off\" \/>\n<meta name=\"twitter:label1\" content=\"\u00c9crit par\" \/>\n\t<meta name=\"twitter:data1\" content=\"FC Gueugnon\" \/>\n\t<meta name=\"twitter:label2\" content=\"Dur\u00e9e de lecture estim\u00e9e\" \/>\n\t<meta name=\"twitter:data2\" content=\"3 minutes\" \/>\n<script type=\"application\/ld+json\" class=\"yoast-schema-graph\">{\"@context\":\"https:\/\/schema.org\",\"@graph\":[{\"@type\":\"Article\",\"@id\":\"https:\/\/www.fcgueugnon.fr\/site\/mercato-2024-2025-jeunesse-et-polyvalence-yunus-emre-doner-arrive-au-fcg\/53151#article\",\"isPartOf\":{\"@id\":\"https:\/\/www.fcgueugnon.fr\/site\/mercato-2024-2025-jeunesse-et-polyvalence-yunus-emre-doner-arrive-au-fcg\/53151\"},\"author\":{\"name\":\"FC Gueugnon\",\"@id\":\"https:\/\/www.fcgueugnon.fr\/site\/#\/schema\/person\/829630bfb5d6f3ebe4d296b75687c01a\"},\"headline\":\"[Mercato 2024-2025] Jeunesse et polyvalence : Yunus Emre D\u00f6ner arrive au FCG\",\"datePublished\":\"2025-02-05T16:58:00+00:00\",\"mainEntityOfPage\":{\"@id\":\"https:\/\/www.fcgueugnon.fr\/site\/mercato-2024-2025-jeunesse-et-polyvalence-yunus-emre-doner-arrive-au-fcg\/53151\"},\"wordCount\":524,\"publisher\":{\"@id\":\"https:\/\/www.fcgueugnon.fr\/site\/#organization\"},\"image\":{\"@id\":\"https:\/\/www.fcgueugnon.fr\/site\/mercato-2024-2025-jeunesse-et-polyvalence-yunus-emre-doner-arrive-au-fcg\/53151#primaryimage\"},\"thumbnailUrl\":\"https:\/\/www.fcgueugnon.fr\/site\/wp-content\/uploads\/2024\/05\/mercato-fc-gueugnon.jpeg\",\"keywords\":[\"effectif\",\"Mercato 2024\",\"Pr\u00e9paration - Entrainement\"],\"articleSection\":[\"News 2024\/2025\"],\"inLanguage\":\"fr-FR\"},{\"@type\":\"WebPage\",\"@id\":\"https:\/\/www.fcgueugnon.fr\/site\/mercato-2024-2025-jeunesse-et-polyvalence-yunus-emre-doner-arrive-au-fcg\/53151\",\"url\":\"https:\/\/www.fcgueugnon.fr\/site\/mercato-2024-2025-jeunesse-et-polyvalence-yunus-emre-doner-arrive-au-fcg\/53151\",\"name\":\"[Mercato 2024-2025] Jeunesse et polyvalence : Yunus Emre D\u00f6ner arrive au FCG &#8226; FOOTBALL CLUB GUEUGNON\",\"isPartOf\":{\"@id\":\"https:\/\/www.fcgueugnon.fr\/site\/#website\"},\"primaryImageOfPage\":{\"@id\":\"https:\/\/www.fcgueugnon.fr\/site\/mercato-2024-2025-jeunesse-et-polyvalence-yunus-emre-doner-arrive-au-fcg\/53151#primaryimage\"},\"image\":{\"@id\":\"https:\/\/www.fcgueugnon.fr\/site\/mercato-2024-2025-jeunesse-et-polyvalence-yunus-emre-doner-arrive-au-fcg\/53151#primaryimage\"},\"thumbnailUrl\":\"https:\/\/www.fcgueugnon.fr\/site\/wp-content\/uploads\/2024\/05\/mercato-fc-gueugnon.jpeg\",\"datePublished\":\"2025-02-05T16:58:00+00:00\",\"breadcrumb\":{\"@id\":\"https:\/\/www.fcgueugnon.fr\/site\/mercato-2024-2025-jeunesse-et-polyvalence-yunus-emre-doner-arrive-au-fcg\/53151#breadcrumb\"},\"inLanguage\":\"fr-FR\",\"potentialAction\":[{\"@type\":\"ReadAction\",\"target\":[\"https:\/\/www.fcgueugnon.fr\/site\/mercato-2024-2025-jeunesse-et-polyvalence-yunus-emre-doner-arrive-au-fcg\/53151\"]}]},{\"@type\":\"ImageObject\",\"inLanguage\":\"fr-FR\",\"@id\":\"https:\/\/www.fcgueugnon.fr\/site\/mercato-2024-2025-jeunesse-et-polyvalence-yunus-emre-doner-arrive-au-fcg\/53151#primaryimage\",\"url\":\"https:\/\/www.fcgueugnon.fr\/site\/wp-content\/uploads\/2024\/05\/mercato-fc-gueugnon.jpeg\",\"contentUrl\":\"https:\/\/www.fcgueugnon.fr\/site\/wp-content\/uploads\/2024\/05\/mercato-fc-gueugnon.jpeg\",\"width\":1600,\"height\":900},{\"@type\":\"BreadcrumbList\",\"@id\":\"https:\/\/www.fcgueugnon.fr\/site\/mercato-2024-2025-jeunesse-et-polyvalence-yunus-emre-doner-arrive-au-fcg\/53151#breadcrumb\",\"itemListElement\":[{\"@type\":\"ListItem\",\"position\":1,\"name\":\"Accueil\",\"item\":\"https:\/\/www.fcgueugnon.fr\/site\/\"},{\"@type\":\"ListItem\",\"position\":2,\"name\":\"[Mercato 2024-2025] Jeunesse et polyvalence : Yunus Emre D\u00f6ner arrive au FCG\"}]},{\"@type\":\"WebSite\",\"@id\":\"https:\/\/www.fcgueugnon.fr\/site\/#website\",\"url\":\"https:\/\/www.fcgueugnon.fr\/site\/\",\"name\":\"FOOTBALL CLUB GUEUGNON\",\"description\":\"Le Site Officiel des Forgerons\",\"publisher\":{\"@id\":\"https:\/\/www.fcgueugnon.fr\/site\/#organization\"},\"potentialAction\":[{\"@type\":\"SearchAction\",\"target\":{\"@type\":\"EntryPoint\",\"urlTemplate\":\"https:\/\/www.fcgueugnon.fr\/site\/?s={search_term_string}\"},\"query-input\":{\"@type\":\"PropertyValueSpecification\",\"valueRequired\":true,\"valueName\":\"search_term_string\"}}],\"inLanguage\":\"fr-FR\"},{\"@type\":\"Organization\",\"@id\":\"https:\/\/www.fcgueugnon.fr\/site\/#organization\",\"name\":\"FC Gueugnon\",\"url\":\"https:\/\/www.fcgueugnon.fr\/site\/\",\"logo\":{\"@type\":\"ImageObject\",\"inLanguage\":\"fr-FR\",\"@id\":\"https:\/\/www.fcgueugnon.fr\/site\/#\/schema\/logo\/image\/\",\"url\":\"https:\/\/www.fcgueugnon.fr\/site\/wp-content\/uploads\/2022\/07\/cropped-Logo-FCGUEUGNON-low-350x350-1.png\",\"contentUrl\":\"https:\/\/www.fcgueugnon.fr\/site\/wp-content\/uploads\/2022\/07\/cropped-Logo-FCGUEUGNON-low-350x350-1.png\",\"width\":350,\"height\":350,\"caption\":\"FC Gueugnon\"},\"image\":{\"@id\":\"https:\/\/www.fcgueugnon.fr\/site\/#\/schema\/logo\/image\/\"},\"sameAs\":[\"http:\/\/facebook.com\/FCGueugnon\",\"https:\/\/x.com\/FCGueugnon_off\",\"https:\/\/www.instagram.com\/fcgueugnon\/\",\"https:\/\/www.linkedin.com\/company\/football-club-de-gueugnon\/\",\"https:\/\/www.youtube.com\/user\/FCGueugnonnais\",\"https:\/\/fr.wikipedia.org\/wiki\/Football_Club_de_Gueugnon\"]},{\"@type\":\"Person\",\"@id\":\"https:\/\/www.fcgueugnon.fr\/site\/#\/schema\/person\/829630bfb5d6f3ebe4d296b75687c01a\",\"name\":\"FC Gueugnon\",\"url\":\"https:\/\/www.fcgueugnon.fr\/site\/author\/g-avin1\"}]}<\/script>\n<!-- \/ Yoast SEO plugin. -->","yoast_head_json":{"title":"[Mercato 2024-2025] Jeunesse et polyvalence : Yunus Emre D\u00f6ner arrive au FCG &#8226; FOOTBALL CLUB GUEUGNON","robots":{"index":"index","follow":"follow","max-snippet":"max-snippet:-1","max-image-preview":"max-image-preview:large","max-video-preview":"max-video-preview:-1"},"canonical":"https:\/\/www.fcgueugnon.fr\/site\/mercato-2024-2025-jeunesse-et-polyvalence-yunus-emre-doner-arrive-au-fcg\/53151","og_locale":"fr_FR","og_type":"article","og_title":"[Mercato 2024-2025] Jeunesse et polyvalence : Yunus Emre D\u00f6ner arrive au FCG &#8226; FOOTBALL CLUB GUEUGNON","og_description":"Le FC Gueugnon continue de renforcer son effectif en accueillant Yunus Emre D\u00f6ner. Jeune joueur polyvalent de 19 ans, il arrive en provenance de l\u2019US Foug\u00e8res (National 3), o\u00f9 il s\u2019est illustr\u00e9 par sa r\u00e9gularit\u00e9 et son engagement. Form\u00e9 dans les clubs rennais avant de poursuivre son ascension \u00e0 l\u2019US Foug\u00e8res en National 3, Yunus ... Lire la suite","og_url":"https:\/\/www.fcgueugnon.fr\/site\/mercato-2024-2025-jeunesse-et-polyvalence-yunus-emre-doner-arrive-au-fcg\/53151","og_site_name":"FOOTBALL CLUB GUEUGNON","article_publisher":"http:\/\/facebook.com\/FCGueugnon","article_published_time":"2025-02-05T16:58:00+00:00","og_image":[{"width":1600,"height":900,"url":"https:\/\/www.fcgueugnon.fr\/site\/wp-content\/uploads\/2024\/05\/mercato-fc-gueugnon.jpeg","type":"image\/jpeg"}],"author":"FC Gueugnon","twitter_card":"summary_large_image","twitter_creator":"@FCGueugnon_off","twitter_site":"@FCGueugnon_off","twitter_misc":{"\u00c9crit par":"FC Gueugnon","Dur\u00e9e de lecture estim\u00e9e":"3 minutes"},"schema":{"@context":"https:\/\/schema.org","@graph":[{"@type":"Article","@id":"https:\/\/www.fcgueugnon.fr\/site\/mercato-2024-2025-jeunesse-et-polyvalence-yunus-emre-doner-arrive-au-fcg\/53151#article","isPartOf":{"@id":"https:\/\/www.fcgueugnon.fr\/site\/mercato-2024-2025-jeunesse-et-polyvalence-yunus-emre-doner-arrive-au-fcg\/53151"},"author":{"name":"FC Gueugnon","@id":"https:\/\/www.fcgueugnon.fr\/site\/#\/schema\/person\/829630bfb5d6f3ebe4d296b75687c01a"},"headline":"[Mercato 2024-2025] Jeunesse et polyvalence : Yunus Emre D\u00f6ner arrive au FCG","datePublished":"2025-02-05T16:58:00+00:00","mainEntityOfPage":{"@id":"https:\/\/www.fcgueugnon.fr\/site\/mercato-2024-2025-jeunesse-et-polyvalence-yunus-emre-doner-arrive-au-fcg\/53151"},"wordCount":524,"publisher":{"@id":"https:\/\/www.fcgueugnon.fr\/site\/#organization"},"image":{"@id":"https:\/\/www.fcgueugnon.fr\/site\/mercato-2024-2025-jeunesse-et-polyvalence-yunus-emre-doner-arrive-au-fcg\/53151#primaryimage"},"thumbnailUrl":"https:\/\/www.fcgueugnon.fr\/site\/wp-content\/uploads\/2024\/05\/mercato-fc-gueugnon.jpeg","keywords":["effectif","Mercato 2024","Pr\u00e9paration - Entrainement"],"articleSection":["News 2024\/2025"],"inLanguage":"fr-FR"},{"@type":"WebPage","@id":"https:\/\/www.fcgueugnon.fr\/site\/mercato-2024-2025-jeunesse-et-polyvalence-yunus-emre-doner-arrive-au-fcg\/53151","url":"https:\/\/www.fcgueugnon.fr\/site\/mercato-2024-2025-jeunesse-et-polyvalence-yunus-emre-doner-arrive-au-fcg\/53151","name":"[Mercato 2024-2025] Jeunesse et polyvalence : Yunus Emre D\u00f6ner arrive au FCG &#8226; FOOTBALL CLUB GUEUGNON","isPartOf":{"@id":"https:\/\/www.fcgueugnon.fr\/site\/#website"},"primaryImageOfPage":{"@id":"https:\/\/www.fcgueugnon.fr\/site\/mercato-2024-2025-jeunesse-et-polyvalence-yunus-emre-doner-arrive-au-fcg\/53151#primaryimage"},"image":{"@id":"https:\/\/www.fcgueugnon.fr\/site\/mercato-2024-2025-jeunesse-et-polyvalence-yunus-emre-doner-arrive-au-fcg\/53151#primaryimage"},"thumbnailUrl":"https:\/\/www.fcgueugnon.fr\/site\/wp-content\/uploads\/2024\/05\/mercato-fc-gueugnon.jpeg","datePublished":"2025-02-05T16:58:00+00:00","breadcrumb":{"@id":"https:\/\/www.fcgueugnon.fr\/site\/mercato-2024-2025-jeunesse-et-polyvalence-yunus-emre-doner-arrive-au-fcg\/53151#breadcrumb"},"inLanguage":"fr-FR","potentialAction":[{"@type":"ReadAction","target":["https:\/\/www.fcgueugnon.fr\/site\/mercato-2024-2025-jeunesse-et-polyvalence-yunus-emre-doner-arrive-au-fcg\/53151"]}]},{"@type":"ImageObject","inLanguage":"fr-FR","@id":"https:\/\/www.fcgueugnon.fr\/site\/mercato-2024-2025-jeunesse-et-polyvalence-yunus-emre-doner-arrive-au-fcg\/53151#primaryimage","url":"https:\/\/www.fcgueugnon.fr\/site\/wp-content\/uploads\/2024\/05\/mercato-fc-gueugnon.jpeg","contentUrl":"https:\/\/www.fcgueugnon.fr\/site\/wp-content\/uploads\/2024\/05\/mercato-fc-gueugnon.jpeg","width":1600,"height":900},{"@type":"BreadcrumbList","@id":"https:\/\/www.fcgueugnon.fr\/site\/mercato-2024-2025-jeunesse-et-polyvalence-yunus-emre-doner-arrive-au-fcg\/53151#breadcrumb","itemListElement":[{"@type":"ListItem","position":1,"name":"Accueil","item":"https:\/\/www.fcgueugnon.fr\/site\/"},{"@type":"ListItem","position":2,"name":"[Mercato 2024-2025] Jeunesse et polyvalence : Yunus Emre D\u00f6ner arrive au FCG"}]},{"@type":"WebSite","@id":"https:\/\/www.fcgueugnon.fr\/site\/#website","url":"https:\/\/www.fcgueugnon.fr\/site\/","name":"FOOTBALL CLUB GUEUGNON","description":"Le Site Officiel des Forgerons","publisher":{"@id":"https:\/\/www.fcgueugnon.fr\/site\/#organization"},"potentialAction":[{"@type":"SearchAction","target":{"@type":"EntryPoint","urlTemplate":"https:\/\/www.fcgueugnon.fr\/site\/?s={search_term_string}"},"query-input":{"@type":"PropertyValueSpecification","valueRequired":true,"valueName":"search_term_string"}}],"inLanguage":"fr-FR"},{"@type":"Organization","@id":"https:\/\/www.fcgueugnon.fr\/site\/#organization","name":"FC Gueugnon","url":"https:\/\/www.fcgueugnon.fr\/site\/","logo":{"@type":"ImageObject","inLanguage":"fr-FR","@id":"https:\/\/www.fcgueugnon.fr\/site\/#\/schema\/logo\/image\/","url":"https:\/\/www.fcgueugnon.fr\/site\/wp-content\/uploads\/2022\/07\/cropped-Logo-FCGUEUGNON-low-350x350-1.png","contentUrl":"https:\/\/www.fcgueugnon.fr\/site\/wp-content\/uploads\/2022\/07\/cropped-Logo-FCGUEUGNON-low-350x350-1.png","width":350,"height":350,"caption":"FC Gueugnon"},"image":{"@id":"https:\/\/www.fcgueugnon.fr\/site\/#\/schema\/logo\/image\/"},"sameAs":["http:\/\/facebook.com\/FCGueugnon","https:\/\/x.com\/FCGueugnon_off","https:\/\/www.instagram.com\/fcgueugnon\/","https:\/\/www.linkedin.com\/company\/football-club-de-gueugnon\/","https:\/\/www.youtube.com\/user\/FCGueugnonnais","https:\/\/fr.wikipedia.org\/wiki\/Football_Club_de_Gueugnon"]},{"@type":"Person","@id":"https:\/\/www.fcgueugnon.fr\/site\/#\/schema\/person\/829630bfb5d6f3ebe4d296b75687c01a","name":"FC Gueugnon","url":"https:\/\/www.fcgueugnon.fr\/site\/author\/g-avin1"}]}},"rttpg_featured_image_url":{"full":["https:\/\/www.fcgueugnon.fr\/site\/wp-content\/uploads\/2024\/05\/mercato-fc-gueugnon.jpeg",1600,900,false],"landscape":["https:\/\/www.fcgueugnon.fr\/site\/wp-content\/uploads\/2024\/05\/mercato-fc-gueugnon.jpeg",1600,900,false],"portraits":["https:\/\/www.fcgueugnon.fr\/site\/wp-content\/uploads\/2024\/05\/mercato-fc-gueugnon.jpeg",1600,900,false],"thumbnail":["https:\/\/www.fcgueugnon.fr\/site\/wp-content\/uploads\/2024\/05\/mercato-fc-gueugnon-150x150.jpeg",150,150,true],"medium":["https:\/\/www.fcgueugnon.fr\/site\/wp-content\/uploads\/2024\/05\/mercato-fc-gueugnon-400x225.jpeg",400,225,true],"large":["https:\/\/www.fcgueugnon.fr\/site\/wp-content\/uploads\/2024\/05\/mercato-fc-gueugnon-1024x576.jpeg",1024,576,true],"1536x1536":["https:\/\/www.fcgueugnon.fr\/site\/wp-content\/uploads\/2024\/05\/mercato-fc-gueugnon-1536x864.jpeg",1536,864,true],"2048x2048":["https:\/\/www.fcgueugnon.fr\/site\/wp-content\/uploads\/2024\/05\/mercato-fc-gueugnon.jpeg",1600,900,false]},"rttpg_author":{"display_name":"FC Gueugnon","author_link":"https:\/\/www.fcgueugnon.fr\/site\/author\/g-avin1"},"rttpg_comment":0,"rttpg_category":"<a href=\"https:\/\/www.fcgueugnon.fr\/site\/category\/news\/news-2024-2025\" rel=\"category tag\">News 2024\/2025<\/a>","rttpg_excerpt":"Le FC Gueugnon continue de renforcer son effectif en accueillant Yunus Emre D\u00f6ner. Jeune joueur polyvalent de 19 ans, il arrive en provenance de l\u2019US Foug\u00e8res (National 3), o\u00f9 il s\u2019est illustr\u00e9 par sa r\u00e9gularit\u00e9 et son engagement. Form\u00e9 dans les clubs rennais avant de poursuivre son ascension \u00e0 l\u2019US Foug\u00e8res en National 3, Yunus\u2026","_links":{"self":[{"href":"https:\/\/www.fcgueugnon.fr\/site\/wp-json\/wp\/v2\/posts\/53151","targetHints":{"allow":["GET"]}}],"collection":[{"href":"https:\/\/www.fcgueugnon.fr\/site\/wp-json\/wp\/v2\/posts"}],"about":[{"href":"https:\/\/www.fcgueugnon.fr\/site\/wp-json\/wp\/v2\/types\/post"}],"author":[{"embeddable":true,"href":"https:\/\/www.fcgueugnon.fr\/site\/wp-json\/wp\/v2\/users\/3"}],"replies":[{"embeddable":true,"href":"https:\/\/www.fcgueugnon.fr\/site\/wp-json\/wp\/v2\/comments?post=53151"}],"version-history":[{"count":3,"href":"https:\/\/www.fcgueugnon.fr\/site\/wp-json\/wp\/v2\/posts\/53151\/revisions"}],"predecessor-version":[{"id":53195,"href":"https:\/\/www.fcgueugnon.fr\/site\/wp-json\/wp\/v2\/posts\/53151\/revisions\/53195"}],"wp:featuredmedia":[{"embeddable":true,"href":"https:\/\/www.fcgueugnon.fr\/site\/wp-json\/wp\/v2\/media\/10860"}],"wp:attachment":[{"href":"https:\/\/www.fcgueugnon.fr\/site\/wp-json\/wp\/v2\/media?parent=53151"}],"wp:term":[{"taxonomy":"category","embeddable":true,"href":"https:\/\/www.fcgueugnon.fr\/site\/wp-json\/wp\/v2\/categories?post=53151"},{"taxonomy":"post_tag","embeddable":true,"href":"https:\/\/www.fcgueugnon.fr\/site\/wp-json\/wp\/v2\/tags?post=53151"}],"curies":[{"name":"wp","href":"https:\/\/api.w.org\/{rel}","templated":true}]}}