{"id":53147,"date":"2025-02-05T08:37:00","date_gmt":"2025-02-05T07:37:00","guid":{"rendered":"https:\/\/www.fcgueugnon.fr\/site\/?p=53147"},"modified":"2025-02-05T09:12:36","modified_gmt":"2025-02-05T08:12:36","slug":"sport-e-leclerc-academie-portes-ouvertes-de-lecole-de-foot-rejoignez-nous-le-mercredi-19-fevrier","status":"publish","type":"post","link":"https:\/\/www.fcgueugnon.fr\/site\/sport-e-leclerc-academie-portes-ouvertes-de-lecole-de-foot-rejoignez-nous-le-mercredi-19-fevrier\/53147","title":{"rendered":"[Sport E.Leclerc Acad\u00e9mie] Portes ouvertes de l\u2019\u00c9cole de Foot : Rejoignez-nous le mercredi 19 f\u00e9vrier !"},"content":{"rendered":"\n<h4 class=\"wp-block-heading\"><strong>L&rsquo;\u00c9cole de Foot du FC Gueugnon ouvre ses portes le mercredi 19 f\u00e9vrier pour les enfants des g\u00e9n\u00e9rations 2013, 2014, 2015 et 2016 !<\/strong><\/h4>\n\n\n\n<div style=\"height:20px\" aria-hidden=\"true\" class=\"wp-block-spacer\"><\/div>\n\n\n\n<p>L\u2019\u00c9cole de Football du FC Gueugnon invite les enfants des g\u00e9n\u00e9rations 2013, 2014, 2015 et 2016 \u00e0 une matin\u00e9e <strong>portes ouvertes<\/strong> le <strong>mercredi 19 f\u00e9vrier<\/strong>, de <strong>9h \u00e0 12h30<\/strong>. Cet \u00e9v\u00e9nement est l\u2019occasion de d\u00e9couvrir le club, ses infrastructures, et de parfaire les effectifs des \u00e9quipes \u00ab Foot \u00e0 8 \u00bb pour la saison <strong>2025-2026 (U9 \u00e0 U12).<\/strong><\/p>\n\n\n\n<div style=\"height:20px\" aria-hidden=\"true\" class=\"wp-block-spacer\"><\/div>\n\n\n\n<h6 class=\"wp-block-heading\"><strong>Le programme en d\u00e9tails : <\/strong><\/h6>\n\n\n\n<p>\ud83d\udd58 09h00 &#8211; 09h30 : Accueil, pr\u00e9sentation du FC Gueugnon, de ses infrastructures et de son projet sportif.<br>\u26bd 10h00 &#8211; 12h00 : S\u00e9ance d\u2019entra\u00eenement et d\u2019observation au Centre de Football Atalian.<br>\ud83d\udebf 12h00 &#8211; 12h30 : Douche et moment de convivialit\u00e9.<\/p>\n\n\n\n<div style=\"height:20px\" aria-hidden=\"true\" class=\"wp-block-spacer\"><\/div>\n\n\n\n<h6 class=\"wp-block-heading\"><strong>Lieu de rendez-vous :<\/strong><\/h6>\n\n\n\n<ul class=\"wp-block-list\">\n<li>Stade Jean Laville (pour la pr\u00e9sentation)<\/li>\n\n\n\n<li>Puis au Centre de Football Atalian \u2013 Rue des Potiers, 71130 Gueugnon (pour la s\u00e9ance terrain)<\/li>\n<\/ul>\n\n\n\n<div style=\"height:20px\" aria-hidden=\"true\" class=\"wp-block-spacer\"><\/div>\n\n\n\n<h6 class=\"wp-block-heading\"><strong>Comment s&rsquo;inscrire ?<\/strong><\/h6>\n\n\n\n<p>\u2705 Inscription obligatoire via le formulaire ci-dessous.<br>\ud83d\udce9 Apr\u00e8s inscription, un SMS de convocation vous sera envoy\u00e9.<\/p>\n\n\n\n<p>Cet \u00e9v\u00e9nement est ouvert aux filles et aux gar\u00e7ons n\u00e9s entre 2013 et 2016. Les candidatures accept\u00e9es seront les suivantes :<\/p>\n\n\n\n<ul class=\"wp-block-list\">\n<li>Joueurs domiciliant dans le D\u00e9partement 71&nbsp;<strong><em>ou<\/em><\/strong><\/li>\n\n\n\n<li>Joueurs habitant hors du d\u00e9partement et domiciliant \u00e0 moins de 50 kilom\u00e8tres de Gueugnon.<\/li>\n<\/ul>\n\n\n\n<div style=\"height:20px\" aria-hidden=\"true\" class=\"wp-block-spacer\"><\/div>\n\n\n\n<h6 class=\"wp-block-heading\"><strong>Besoin d&rsquo;informations suppl\u00e9mentaires ?<\/strong><\/h6>\n\n\n\n<p>Pour toute question ou si vous n&rsquo;\u00eates malheureusement pas disponible le 19 F\u00e9vrier, n&rsquo;h\u00e9sitez pas \u00e0 contacter :<br>\ud83d\udcde <strong>Geoffray RICHELET<\/strong>, Responsable de l\u2019\u00c9cole de Foot du FC Gueugnon \u2013 06 08 11 03 22.<\/p>\n\n\n\n<p>\ud83d\udc49 Venez nombreux d\u00e9couvrir l\u2019univers du FC Gueugnon et vivre une matin\u00e9e 100% football !<br>\u26a0\ufe0f Les U12 (futurs U13) seront orient\u00e9s vers une autre s\u00e9ance, un mercredi apr\u00e8s-midi.<\/p>\n\n\n\n<div style=\"height:20px\" aria-hidden=\"true\" class=\"wp-block-spacer\"><\/div>\n\n\n\n<p class=\"has-text-align-center\">*** <strong>Inscription <\/strong>***<\/p>\n\n\n\n<p class=\"has-text-align-center\"><strong>Matin\u00e9e portes ouvertes | Mercredi 19 F\u00e9vrier de 09h \u00e0 12h30 :<\/strong><\/p>\n\n\n\n<div class=\"wp-block-columns is-layout-flex wp-container-core-columns-is-layout-9d6595d7 wp-block-columns-is-layout-flex\">\n<div class=\"wp-block-column is-layout-flow wp-block-column-is-layout-flow\">\n<div style=\"height:100px\" aria-hidden=\"true\" class=\"wp-block-spacer\"><\/div>\n<\/div>\n\n\n\n<div class=\"wp-block-column is-vertically-aligned-center is-layout-flow wp-block-column-is-layout-flow\" style=\"flex-basis:100%\">\n<center><iframe loading=\"lazy\" src=\"https:\/\/docs.google.com\/forms\/d\/e\/1FAIpQLSdFMPi1JQWoWxJWC36a7rIl52UbowlSkwuayQItBZDw875iug\/viewform?embedded=true\" width=\"640\" height=\"2704\" frameborder=\"0\" marginheight=\"0\" marginwidth=\"0\">Chargement\u2026<\/iframe><\/center>\n<\/div>\n<\/div>\n\n\n\n<p><\/p>\n","protected":false},"excerpt":{"rendered":"<p>L&rsquo;\u00c9cole de Foot du FC Gueugnon ouvre ses portes le mercredi 19 f\u00e9vrier pour les enfants des g\u00e9n\u00e9rations 2013, 2014, 2015 et 2016 ! L\u2019\u00c9cole de Football du FC Gueugnon invite les enfants des g\u00e9n\u00e9rations 2013, 2014, 2015 et 2016 \u00e0 une matin\u00e9e portes ouvertes le mercredi 19 f\u00e9vrier, de 9h \u00e0 12h30. Cet \u00e9v\u00e9nement &#8230; <\/p>\n<p class=\"read-more-container\"><a title=\"[Sport E.Leclerc Acad\u00e9mie] Portes ouvertes de l\u2019\u00c9cole de Foot : Rejoignez-nous le mercredi 19 f\u00e9vrier !\" class=\"read-more button\" href=\"https:\/\/www.fcgueugnon.fr\/site\/sport-e-leclerc-academie-portes-ouvertes-de-lecole-de-foot-rejoignez-nous-le-mercredi-19-fevrier\/53147#more-53147\" aria-label=\"Plus sur [Sport E.Leclerc Acad\u00e9mie] Portes ouvertes de l\u2019\u00c9cole de Foot : Rejoignez-nous le mercredi 19 f\u00e9vrier !\">Lire la suite<\/a><\/p>\n","protected":false},"author":3,"featured_media":53150,"comment_status":"closed","ping_status":"closed","sticky":true,"template":"","format":"standard","meta":{"footnotes":""},"categories":[4,62],"tags":[14],"class_list":["post-53147","post","type-post","status-publish","format-standard","has-post-thumbnail","hentry","category-news","category-news-2024-2025","tag-sport-e-leclerc-academie-jeunes-formation","infinite-scroll-item","generate-columns","tablet-grid-50","mobile-grid-100","grid-parent","grid-25","resize-featured-image"],"yoast_head":"<!-- This site is optimized with the Yoast SEO plugin v26.6 - https:\/\/yoast.com\/wordpress\/plugins\/seo\/ -->\n<title>[Sport E.Leclerc Acad\u00e9mie] Portes ouvertes de l\u2019\u00c9cole de Foot : Rejoignez-nous le mercredi 19 f\u00e9vrier ! &#8226; FOOTBALL CLUB GUEUGNON<\/title>\n<meta name=\"robots\" content=\"index, follow, max-snippet:-1, max-image-preview:large, max-video-preview:-1\" \/>\n<link rel=\"canonical\" href=\"https:\/\/www.fcgueugnon.fr\/site\/sport-e-leclerc-academie-portes-ouvertes-de-lecole-de-foot-rejoignez-nous-le-mercredi-19-fevrier\/53147\" \/>\n<meta property=\"og:locale\" content=\"fr_FR\" \/>\n<meta property=\"og:type\" content=\"article\" \/>\n<meta property=\"og:title\" content=\"[Sport E.Leclerc Acad\u00e9mie] Portes ouvertes de l\u2019\u00c9cole de Foot : Rejoignez-nous le mercredi 19 f\u00e9vrier ! &#8226; FOOTBALL CLUB GUEUGNON\" \/>\n<meta property=\"og:description\" content=\"L&rsquo;\u00c9cole de Foot du FC Gueugnon ouvre ses portes le mercredi 19 f\u00e9vrier pour les enfants des g\u00e9n\u00e9rations 2013, 2014, 2015 et 2016 ! L\u2019\u00c9cole de Football du FC Gueugnon invite les enfants des g\u00e9n\u00e9rations 2013, 2014, 2015 et 2016 \u00e0 une matin\u00e9e portes ouvertes le mercredi 19 f\u00e9vrier, de 9h \u00e0 12h30. Cet \u00e9v\u00e9nement ... Lire la suite\" \/>\n<meta property=\"og:url\" content=\"https:\/\/www.fcgueugnon.fr\/site\/sport-e-leclerc-academie-portes-ouvertes-de-lecole-de-foot-rejoignez-nous-le-mercredi-19-fevrier\/53147\" \/>\n<meta property=\"og:site_name\" content=\"FOOTBALL CLUB GUEUGNON\" \/>\n<meta property=\"article:publisher\" content=\"http:\/\/facebook.com\/FCGueugnon\" \/>\n<meta property=\"article:published_time\" content=\"2025-02-05T07:37:00+00:00\" \/>\n<meta property=\"article:modified_time\" content=\"2025-02-05T08:12:36+00:00\" \/>\n<meta property=\"og:image\" content=\"https:\/\/www.fcgueugnon.fr\/site\/wp-content\/uploads\/2025\/01\/PORTES-OUVERTES-ECOLE-DE-FOOT-24-25-1024x640.jpg\" \/>\n\t<meta property=\"og:image:width\" content=\"1024\" \/>\n\t<meta property=\"og:image:height\" content=\"640\" \/>\n\t<meta property=\"og:image:type\" content=\"image\/jpeg\" \/>\n<meta name=\"author\" content=\"FC Gueugnon\" \/>\n<meta name=\"twitter:card\" content=\"summary_large_image\" \/>\n<meta name=\"twitter:creator\" content=\"@FCGueugnon_off\" \/>\n<meta name=\"twitter:site\" content=\"@FCGueugnon_off\" \/>\n<meta name=\"twitter:label1\" content=\"\u00c9crit par\" \/>\n\t<meta name=\"twitter:data1\" content=\"FC Gueugnon\" \/>\n\t<meta name=\"twitter:label2\" content=\"Dur\u00e9e de lecture estim\u00e9e\" \/>\n\t<meta name=\"twitter:data2\" content=\"2 minutes\" \/>\n<script type=\"application\/ld+json\" class=\"yoast-schema-graph\">{\"@context\":\"https:\/\/schema.org\",\"@graph\":[{\"@type\":\"Article\",\"@id\":\"https:\/\/www.fcgueugnon.fr\/site\/sport-e-leclerc-academie-portes-ouvertes-de-lecole-de-foot-rejoignez-nous-le-mercredi-19-fevrier\/53147#article\",\"isPartOf\":{\"@id\":\"https:\/\/www.fcgueugnon.fr\/site\/sport-e-leclerc-academie-portes-ouvertes-de-lecole-de-foot-rejoignez-nous-le-mercredi-19-fevrier\/53147\"},\"author\":{\"name\":\"FC Gueugnon\",\"@id\":\"https:\/\/www.fcgueugnon.fr\/site\/#\/schema\/person\/829630bfb5d6f3ebe4d296b75687c01a\"},\"headline\":\"[Sport E.Leclerc Acad\u00e9mie] Portes ouvertes de l\u2019\u00c9cole de Foot : Rejoignez-nous le mercredi 19 f\u00e9vrier !\",\"datePublished\":\"2025-02-05T07:37:00+00:00\",\"dateModified\":\"2025-02-05T08:12:36+00:00\",\"mainEntityOfPage\":{\"@id\":\"https:\/\/www.fcgueugnon.fr\/site\/sport-e-leclerc-academie-portes-ouvertes-de-lecole-de-foot-rejoignez-nous-le-mercredi-19-fevrier\/53147\"},\"wordCount\":305,\"publisher\":{\"@id\":\"https:\/\/www.fcgueugnon.fr\/site\/#organization\"},\"image\":{\"@id\":\"https:\/\/www.fcgueugnon.fr\/site\/sport-e-leclerc-academie-portes-ouvertes-de-lecole-de-foot-rejoignez-nous-le-mercredi-19-fevrier\/53147#primaryimage\"},\"thumbnailUrl\":\"https:\/\/www.fcgueugnon.fr\/site\/wp-content\/uploads\/2025\/01\/PORTES-OUVERTES-ECOLE-DE-FOOT-24-25.jpg\",\"keywords\":[\"Sport E.Leclerc Acad\u00e9mie : Jeunes \/ Formation\"],\"articleSection\":[\"News\",\"News 2024\/2025\"],\"inLanguage\":\"fr-FR\"},{\"@type\":\"WebPage\",\"@id\":\"https:\/\/www.fcgueugnon.fr\/site\/sport-e-leclerc-academie-portes-ouvertes-de-lecole-de-foot-rejoignez-nous-le-mercredi-19-fevrier\/53147\",\"url\":\"https:\/\/www.fcgueugnon.fr\/site\/sport-e-leclerc-academie-portes-ouvertes-de-lecole-de-foot-rejoignez-nous-le-mercredi-19-fevrier\/53147\",\"name\":\"[Sport E.Leclerc Acad\u00e9mie] Portes ouvertes de l\u2019\u00c9cole de Foot : Rejoignez-nous le mercredi 19 f\u00e9vrier ! &#8226; FOOTBALL CLUB GUEUGNON\",\"isPartOf\":{\"@id\":\"https:\/\/www.fcgueugnon.fr\/site\/#website\"},\"primaryImageOfPage\":{\"@id\":\"https:\/\/www.fcgueugnon.fr\/site\/sport-e-leclerc-academie-portes-ouvertes-de-lecole-de-foot-rejoignez-nous-le-mercredi-19-fevrier\/53147#primaryimage\"},\"image\":{\"@id\":\"https:\/\/www.fcgueugnon.fr\/site\/sport-e-leclerc-academie-portes-ouvertes-de-lecole-de-foot-rejoignez-nous-le-mercredi-19-fevrier\/53147#primaryimage\"},\"thumbnailUrl\":\"https:\/\/www.fcgueugnon.fr\/site\/wp-content\/uploads\/2025\/01\/PORTES-OUVERTES-ECOLE-DE-FOOT-24-25.jpg\",\"datePublished\":\"2025-02-05T07:37:00+00:00\",\"dateModified\":\"2025-02-05T08:12:36+00:00\",\"breadcrumb\":{\"@id\":\"https:\/\/www.fcgueugnon.fr\/site\/sport-e-leclerc-academie-portes-ouvertes-de-lecole-de-foot-rejoignez-nous-le-mercredi-19-fevrier\/53147#breadcrumb\"},\"inLanguage\":\"fr-FR\",\"potentialAction\":[{\"@type\":\"ReadAction\",\"target\":[\"https:\/\/www.fcgueugnon.fr\/site\/sport-e-leclerc-academie-portes-ouvertes-de-lecole-de-foot-rejoignez-nous-le-mercredi-19-fevrier\/53147\"]}]},{\"@type\":\"ImageObject\",\"inLanguage\":\"fr-FR\",\"@id\":\"https:\/\/www.fcgueugnon.fr\/site\/sport-e-leclerc-academie-portes-ouvertes-de-lecole-de-foot-rejoignez-nous-le-mercredi-19-fevrier\/53147#primaryimage\",\"url\":\"https:\/\/www.fcgueugnon.fr\/site\/wp-content\/uploads\/2025\/01\/PORTES-OUVERTES-ECOLE-DE-FOOT-24-25.jpg\",\"contentUrl\":\"https:\/\/www.fcgueugnon.fr\/site\/wp-content\/uploads\/2025\/01\/PORTES-OUVERTES-ECOLE-DE-FOOT-24-25.jpg\",\"width\":2160,\"height\":1350},{\"@type\":\"BreadcrumbList\",\"@id\":\"https:\/\/www.fcgueugnon.fr\/site\/sport-e-leclerc-academie-portes-ouvertes-de-lecole-de-foot-rejoignez-nous-le-mercredi-19-fevrier\/53147#breadcrumb\",\"itemListElement\":[{\"@type\":\"ListItem\",\"position\":1,\"name\":\"Accueil\",\"item\":\"https:\/\/www.fcgueugnon.fr\/site\/\"},{\"@type\":\"ListItem\",\"position\":2,\"name\":\"[Sport E.Leclerc Acad\u00e9mie] Portes ouvertes de l\u2019\u00c9cole de Foot : Rejoignez-nous le mercredi 19 f\u00e9vrier !\"}]},{\"@type\":\"WebSite\",\"@id\":\"https:\/\/www.fcgueugnon.fr\/site\/#website\",\"url\":\"https:\/\/www.fcgueugnon.fr\/site\/\",\"name\":\"FOOTBALL CLUB GUEUGNON\",\"description\":\"Le Site Officiel des Forgerons\",\"publisher\":{\"@id\":\"https:\/\/www.fcgueugnon.fr\/site\/#organization\"},\"potentialAction\":[{\"@type\":\"SearchAction\",\"target\":{\"@type\":\"EntryPoint\",\"urlTemplate\":\"https:\/\/www.fcgueugnon.fr\/site\/?s={search_term_string}\"},\"query-input\":{\"@type\":\"PropertyValueSpecification\",\"valueRequired\":true,\"valueName\":\"search_term_string\"}}],\"inLanguage\":\"fr-FR\"},{\"@type\":\"Organization\",\"@id\":\"https:\/\/www.fcgueugnon.fr\/site\/#organization\",\"name\":\"FC Gueugnon\",\"url\":\"https:\/\/www.fcgueugnon.fr\/site\/\",\"logo\":{\"@type\":\"ImageObject\",\"inLanguage\":\"fr-FR\",\"@id\":\"https:\/\/www.fcgueugnon.fr\/site\/#\/schema\/logo\/image\/\",\"url\":\"https:\/\/www.fcgueugnon.fr\/site\/wp-content\/uploads\/2022\/07\/cropped-Logo-FCGUEUGNON-low-350x350-1.png\",\"contentUrl\":\"https:\/\/www.fcgueugnon.fr\/site\/wp-content\/uploads\/2022\/07\/cropped-Logo-FCGUEUGNON-low-350x350-1.png\",\"width\":350,\"height\":350,\"caption\":\"FC Gueugnon\"},\"image\":{\"@id\":\"https:\/\/www.fcgueugnon.fr\/site\/#\/schema\/logo\/image\/\"},\"sameAs\":[\"http:\/\/facebook.com\/FCGueugnon\",\"https:\/\/x.com\/FCGueugnon_off\",\"https:\/\/www.instagram.com\/fcgueugnon\/\",\"https:\/\/www.linkedin.com\/company\/football-club-de-gueugnon\/\",\"https:\/\/www.youtube.com\/user\/FCGueugnonnais\",\"https:\/\/fr.wikipedia.org\/wiki\/Football_Club_de_Gueugnon\"]},{\"@type\":\"Person\",\"@id\":\"https:\/\/www.fcgueugnon.fr\/site\/#\/schema\/person\/829630bfb5d6f3ebe4d296b75687c01a\",\"name\":\"FC Gueugnon\",\"url\":\"https:\/\/www.fcgueugnon.fr\/site\/author\/g-avin1\"}]}<\/script>\n<!-- \/ Yoast SEO plugin. -->","yoast_head_json":{"title":"[Sport E.Leclerc Acad\u00e9mie] Portes ouvertes de l\u2019\u00c9cole de Foot : Rejoignez-nous le mercredi 19 f\u00e9vrier ! &#8226; FOOTBALL CLUB GUEUGNON","robots":{"index":"index","follow":"follow","max-snippet":"max-snippet:-1","max-image-preview":"max-image-preview:large","max-video-preview":"max-video-preview:-1"},"canonical":"https:\/\/www.fcgueugnon.fr\/site\/sport-e-leclerc-academie-portes-ouvertes-de-lecole-de-foot-rejoignez-nous-le-mercredi-19-fevrier\/53147","og_locale":"fr_FR","og_type":"article","og_title":"[Sport E.Leclerc Acad\u00e9mie] Portes ouvertes de l\u2019\u00c9cole de Foot : Rejoignez-nous le mercredi 19 f\u00e9vrier ! &#8226; FOOTBALL CLUB GUEUGNON","og_description":"L&rsquo;\u00c9cole de Foot du FC Gueugnon ouvre ses portes le mercredi 19 f\u00e9vrier pour les enfants des g\u00e9n\u00e9rations 2013, 2014, 2015 et 2016 ! L\u2019\u00c9cole de Football du FC Gueugnon invite les enfants des g\u00e9n\u00e9rations 2013, 2014, 2015 et 2016 \u00e0 une matin\u00e9e portes ouvertes le mercredi 19 f\u00e9vrier, de 9h \u00e0 12h30. Cet \u00e9v\u00e9nement ... Lire la suite","og_url":"https:\/\/www.fcgueugnon.fr\/site\/sport-e-leclerc-academie-portes-ouvertes-de-lecole-de-foot-rejoignez-nous-le-mercredi-19-fevrier\/53147","og_site_name":"FOOTBALL CLUB GUEUGNON","article_publisher":"http:\/\/facebook.com\/FCGueugnon","article_published_time":"2025-02-05T07:37:00+00:00","article_modified_time":"2025-02-05T08:12:36+00:00","og_image":[{"width":1024,"height":640,"url":"https:\/\/www.fcgueugnon.fr\/site\/wp-content\/uploads\/2025\/01\/PORTES-OUVERTES-ECOLE-DE-FOOT-24-25-1024x640.jpg","type":"image\/jpeg"}],"author":"FC Gueugnon","twitter_card":"summary_large_image","twitter_creator":"@FCGueugnon_off","twitter_site":"@FCGueugnon_off","twitter_misc":{"\u00c9crit par":"FC Gueugnon","Dur\u00e9e de lecture estim\u00e9e":"2 minutes"},"schema":{"@context":"https:\/\/schema.org","@graph":[{"@type":"Article","@id":"https:\/\/www.fcgueugnon.fr\/site\/sport-e-leclerc-academie-portes-ouvertes-de-lecole-de-foot-rejoignez-nous-le-mercredi-19-fevrier\/53147#article","isPartOf":{"@id":"https:\/\/www.fcgueugnon.fr\/site\/sport-e-leclerc-academie-portes-ouvertes-de-lecole-de-foot-rejoignez-nous-le-mercredi-19-fevrier\/53147"},"author":{"name":"FC Gueugnon","@id":"https:\/\/www.fcgueugnon.fr\/site\/#\/schema\/person\/829630bfb5d6f3ebe4d296b75687c01a"},"headline":"[Sport E.Leclerc Acad\u00e9mie] Portes ouvertes de l\u2019\u00c9cole de Foot : Rejoignez-nous le mercredi 19 f\u00e9vrier !","datePublished":"2025-02-05T07:37:00+00:00","dateModified":"2025-02-05T08:12:36+00:00","mainEntityOfPage":{"@id":"https:\/\/www.fcgueugnon.fr\/site\/sport-e-leclerc-academie-portes-ouvertes-de-lecole-de-foot-rejoignez-nous-le-mercredi-19-fevrier\/53147"},"wordCount":305,"publisher":{"@id":"https:\/\/www.fcgueugnon.fr\/site\/#organization"},"image":{"@id":"https:\/\/www.fcgueugnon.fr\/site\/sport-e-leclerc-academie-portes-ouvertes-de-lecole-de-foot-rejoignez-nous-le-mercredi-19-fevrier\/53147#primaryimage"},"thumbnailUrl":"https:\/\/www.fcgueugnon.fr\/site\/wp-content\/uploads\/2025\/01\/PORTES-OUVERTES-ECOLE-DE-FOOT-24-25.jpg","keywords":["Sport E.Leclerc Acad\u00e9mie : Jeunes \/ Formation"],"articleSection":["News","News 2024\/2025"],"inLanguage":"fr-FR"},{"@type":"WebPage","@id":"https:\/\/www.fcgueugnon.fr\/site\/sport-e-leclerc-academie-portes-ouvertes-de-lecole-de-foot-rejoignez-nous-le-mercredi-19-fevrier\/53147","url":"https:\/\/www.fcgueugnon.fr\/site\/sport-e-leclerc-academie-portes-ouvertes-de-lecole-de-foot-rejoignez-nous-le-mercredi-19-fevrier\/53147","name":"[Sport E.Leclerc Acad\u00e9mie] Portes ouvertes de l\u2019\u00c9cole de Foot : Rejoignez-nous le mercredi 19 f\u00e9vrier ! &#8226; FOOTBALL CLUB GUEUGNON","isPartOf":{"@id":"https:\/\/www.fcgueugnon.fr\/site\/#website"},"primaryImageOfPage":{"@id":"https:\/\/www.fcgueugnon.fr\/site\/sport-e-leclerc-academie-portes-ouvertes-de-lecole-de-foot-rejoignez-nous-le-mercredi-19-fevrier\/53147#primaryimage"},"image":{"@id":"https:\/\/www.fcgueugnon.fr\/site\/sport-e-leclerc-academie-portes-ouvertes-de-lecole-de-foot-rejoignez-nous-le-mercredi-19-fevrier\/53147#primaryimage"},"thumbnailUrl":"https:\/\/www.fcgueugnon.fr\/site\/wp-content\/uploads\/2025\/01\/PORTES-OUVERTES-ECOLE-DE-FOOT-24-25.jpg","datePublished":"2025-02-05T07:37:00+00:00","dateModified":"2025-02-05T08:12:36+00:00","breadcrumb":{"@id":"https:\/\/www.fcgueugnon.fr\/site\/sport-e-leclerc-academie-portes-ouvertes-de-lecole-de-foot-rejoignez-nous-le-mercredi-19-fevrier\/53147#breadcrumb"},"inLanguage":"fr-FR","potentialAction":[{"@type":"ReadAction","target":["https:\/\/www.fcgueugnon.fr\/site\/sport-e-leclerc-academie-portes-ouvertes-de-lecole-de-foot-rejoignez-nous-le-mercredi-19-fevrier\/53147"]}]},{"@type":"ImageObject","inLanguage":"fr-FR","@id":"https:\/\/www.fcgueugnon.fr\/site\/sport-e-leclerc-academie-portes-ouvertes-de-lecole-de-foot-rejoignez-nous-le-mercredi-19-fevrier\/53147#primaryimage","url":"https:\/\/www.fcgueugnon.fr\/site\/wp-content\/uploads\/2025\/01\/PORTES-OUVERTES-ECOLE-DE-FOOT-24-25.jpg","contentUrl":"https:\/\/www.fcgueugnon.fr\/site\/wp-content\/uploads\/2025\/01\/PORTES-OUVERTES-ECOLE-DE-FOOT-24-25.jpg","width":2160,"height":1350},{"@type":"BreadcrumbList","@id":"https:\/\/www.fcgueugnon.fr\/site\/sport-e-leclerc-academie-portes-ouvertes-de-lecole-de-foot-rejoignez-nous-le-mercredi-19-fevrier\/53147#breadcrumb","itemListElement":[{"@type":"ListItem","position":1,"name":"Accueil","item":"https:\/\/www.fcgueugnon.fr\/site\/"},{"@type":"ListItem","position":2,"name":"[Sport E.Leclerc Acad\u00e9mie] Portes ouvertes de l\u2019\u00c9cole de Foot : Rejoignez-nous le mercredi 19 f\u00e9vrier !"}]},{"@type":"WebSite","@id":"https:\/\/www.fcgueugnon.fr\/site\/#website","url":"https:\/\/www.fcgueugnon.fr\/site\/","name":"FOOTBALL CLUB GUEUGNON","description":"Le Site Officiel des Forgerons","publisher":{"@id":"https:\/\/www.fcgueugnon.fr\/site\/#organization"},"potentialAction":[{"@type":"SearchAction","target":{"@type":"EntryPoint","urlTemplate":"https:\/\/www.fcgueugnon.fr\/site\/?s={search_term_string}"},"query-input":{"@type":"PropertyValueSpecification","valueRequired":true,"valueName":"search_term_string"}}],"inLanguage":"fr-FR"},{"@type":"Organization","@id":"https:\/\/www.fcgueugnon.fr\/site\/#organization","name":"FC Gueugnon","url":"https:\/\/www.fcgueugnon.fr\/site\/","logo":{"@type":"ImageObject","inLanguage":"fr-FR","@id":"https:\/\/www.fcgueugnon.fr\/site\/#\/schema\/logo\/image\/","url":"https:\/\/www.fcgueugnon.fr\/site\/wp-content\/uploads\/2022\/07\/cropped-Logo-FCGUEUGNON-low-350x350-1.png","contentUrl":"https:\/\/www.fcgueugnon.fr\/site\/wp-content\/uploads\/2022\/07\/cropped-Logo-FCGUEUGNON-low-350x350-1.png","width":350,"height":350,"caption":"FC Gueugnon"},"image":{"@id":"https:\/\/www.fcgueugnon.fr\/site\/#\/schema\/logo\/image\/"},"sameAs":["http:\/\/facebook.com\/FCGueugnon","https:\/\/x.com\/FCGueugnon_off","https:\/\/www.instagram.com\/fcgueugnon\/","https:\/\/www.linkedin.com\/company\/football-club-de-gueugnon\/","https:\/\/www.youtube.com\/user\/FCGueugnonnais","https:\/\/fr.wikipedia.org\/wiki\/Football_Club_de_Gueugnon"]},{"@type":"Person","@id":"https:\/\/www.fcgueugnon.fr\/site\/#\/schema\/person\/829630bfb5d6f3ebe4d296b75687c01a","name":"FC Gueugnon","url":"https:\/\/www.fcgueugnon.fr\/site\/author\/g-avin1"}]}},"rttpg_featured_image_url":{"full":["https:\/\/www.fcgueugnon.fr\/site\/wp-content\/uploads\/2025\/01\/PORTES-OUVERTES-ECOLE-DE-FOOT-24-25.jpg",2160,1350,false],"landscape":["https:\/\/www.fcgueugnon.fr\/site\/wp-content\/uploads\/2025\/01\/PORTES-OUVERTES-ECOLE-DE-FOOT-24-25.jpg",2160,1350,false],"portraits":["https:\/\/www.fcgueugnon.fr\/site\/wp-content\/uploads\/2025\/01\/PORTES-OUVERTES-ECOLE-DE-FOOT-24-25.jpg",2160,1350,false],"thumbnail":["https:\/\/www.fcgueugnon.fr\/site\/wp-content\/uploads\/2025\/01\/PORTES-OUVERTES-ECOLE-DE-FOOT-24-25-150x150.jpg",150,150,true],"medium":["https:\/\/www.fcgueugnon.fr\/site\/wp-content\/uploads\/2025\/01\/PORTES-OUVERTES-ECOLE-DE-FOOT-24-25-400x250.jpg",400,250,true],"large":["https:\/\/www.fcgueugnon.fr\/site\/wp-content\/uploads\/2025\/01\/PORTES-OUVERTES-ECOLE-DE-FOOT-24-25-1024x640.jpg",1024,640,true],"1536x1536":["https:\/\/www.fcgueugnon.fr\/site\/wp-content\/uploads\/2025\/01\/PORTES-OUVERTES-ECOLE-DE-FOOT-24-25-1536x960.jpg",1536,960,true],"2048x2048":["https:\/\/www.fcgueugnon.fr\/site\/wp-content\/uploads\/2025\/01\/PORTES-OUVERTES-ECOLE-DE-FOOT-24-25-2048x1280.jpg",2048,1280,true]},"rttpg_author":{"display_name":"FC Gueugnon","author_link":"https:\/\/www.fcgueugnon.fr\/site\/author\/g-avin1"},"rttpg_comment":0,"rttpg_category":"<a href=\"https:\/\/www.fcgueugnon.fr\/site\/category\/news\" rel=\"category tag\">News<\/a> <a href=\"https:\/\/www.fcgueugnon.fr\/site\/category\/news\/news-2024-2025\" rel=\"category tag\">News 2024\/2025<\/a>","rttpg_excerpt":"L&rsquo;\u00c9cole de Foot du FC Gueugnon ouvre ses portes le mercredi 19 f\u00e9vrier pour les enfants des g\u00e9n\u00e9rations 2013, 2014, 2015 et 2016 ! L\u2019\u00c9cole de Football du FC Gueugnon invite les enfants des g\u00e9n\u00e9rations 2013, 2014, 2015 et 2016 \u00e0 une matin\u00e9e portes ouvertes le mercredi 19 f\u00e9vrier, de 9h \u00e0 12h30. Cet \u00e9v\u00e9nement\u2026","_links":{"self":[{"href":"https:\/\/www.fcgueugnon.fr\/site\/wp-json\/wp\/v2\/posts\/53147","targetHints":{"allow":["GET"]}}],"collection":[{"href":"https:\/\/www.fcgueugnon.fr\/site\/wp-json\/wp\/v2\/posts"}],"about":[{"href":"https:\/\/www.fcgueugnon.fr\/site\/wp-json\/wp\/v2\/types\/post"}],"author":[{"embeddable":true,"href":"https:\/\/www.fcgueugnon.fr\/site\/wp-json\/wp\/v2\/users\/3"}],"replies":[{"embeddable":true,"href":"https:\/\/www.fcgueugnon.fr\/site\/wp-json\/wp\/v2\/comments?post=53147"}],"version-history":[{"count":5,"href":"https:\/\/www.fcgueugnon.fr\/site\/wp-json\/wp\/v2\/posts\/53147\/revisions"}],"predecessor-version":[{"id":53192,"href":"https:\/\/www.fcgueugnon.fr\/site\/wp-json\/wp\/v2\/posts\/53147\/revisions\/53192"}],"wp:featuredmedia":[{"embeddable":true,"href":"https:\/\/www.fcgueugnon.fr\/site\/wp-json\/wp\/v2\/media\/53150"}],"wp:attachment":[{"href":"https:\/\/www.fcgueugnon.fr\/site\/wp-json\/wp\/v2\/media?parent=53147"}],"wp:term":[{"taxonomy":"category","embeddable":true,"href":"https:\/\/www.fcgueugnon.fr\/site\/wp-json\/wp\/v2\/categories?post=53147"},{"taxonomy":"post_tag","embeddable":true,"href":"https:\/\/www.fcgueugnon.fr\/site\/wp-json\/wp\/v2\/tags?post=53147"}],"curies":[{"name":"wp","href":"https:\/\/api.w.org\/{rel}","templated":true}]}}