{"id":5313,"date":"2023-07-04T17:29:00","date_gmt":"2023-07-04T15:29:00","guid":{"rendered":"https:\/\/www.fcgueugnon.fr\/site\/?p=5313"},"modified":"2023-10-23T09:34:42","modified_gmt":"2023-10-23T07:34:42","slug":"mercato-2023-2024-mathis-clerval-est-la-seconde-recrue-gueugnonnaise","status":"publish","type":"post","link":"https:\/\/www.fcgueugnon.fr\/site\/mercato-2023-2024-mathis-clerval-est-la-seconde-recrue-gueugnonnaise\/5313","title":{"rendered":"[Mercato 2023-2024] Mathis Clerval est la seconde recrue gueugnonnaise !"},"content":{"rendered":"\n<h3 class=\"wp-block-heading has-text-align-left\"><strong>Nous souhaitons la bienvenue \u00e0 Mathis Clerval, jeune milieu de terrain de 18 ans, qui arrive en provenance du centre de formation de l&rsquo;ESTAC Troyes.<\/strong><\/h3>\n\n\n\n<div style=\"height:30px\" aria-hidden=\"true\" class=\"wp-block-spacer\"><\/div>\n\n\n\n<figure class=\"wp-block-gallery has-nested-images columns-default is-cropped wp-block-gallery-1 is-layout-flex wp-block-gallery-is-layout-flex\">\n<figure class=\"wp-block-image size-large\"><img loading=\"lazy\" decoding=\"async\" width=\"1024\" height=\"682\" data-id=\"5317\" src=\"https:\/\/www.fcgueugnon.fr\/site\/wp-content\/uploads\/2023\/07\/Mathis-Clerval-2-1024x682.png\" alt=\"\" class=\"wp-image-5317\" srcset=\"https:\/\/www.fcgueugnon.fr\/site\/wp-content\/uploads\/2023\/07\/Mathis-Clerval-2-1024x682.png 1024w, https:\/\/www.fcgueugnon.fr\/site\/wp-content\/uploads\/2023\/07\/Mathis-Clerval-2-400x267.png 400w, https:\/\/www.fcgueugnon.fr\/site\/wp-content\/uploads\/2023\/07\/Mathis-Clerval-2-768x512.png 768w, https:\/\/www.fcgueugnon.fr\/site\/wp-content\/uploads\/2023\/07\/Mathis-Clerval-2-1536x1024.png 1536w, https:\/\/www.fcgueugnon.fr\/site\/wp-content\/uploads\/2023\/07\/Mathis-Clerval-2-1320x880.png 1320w, https:\/\/www.fcgueugnon.fr\/site\/wp-content\/uploads\/2023\/07\/Mathis-Clerval-2-600x400.png 600w, https:\/\/www.fcgueugnon.fr\/site\/wp-content\/uploads\/2023\/07\/Mathis-Clerval-2.png 1772w\" sizes=\"auto, (max-width: 1024px) 100vw, 1024px\" \/><\/figure>\n\n\n\n<figure class=\"wp-block-image size-large\"><img loading=\"lazy\" decoding=\"async\" width=\"1024\" height=\"682\" data-id=\"5316\" src=\"https:\/\/www.fcgueugnon.fr\/site\/wp-content\/uploads\/2023\/07\/Mathis-Clerval-1024x682.png\" alt=\"\" class=\"wp-image-5316\" srcset=\"https:\/\/www.fcgueugnon.fr\/site\/wp-content\/uploads\/2023\/07\/Mathis-Clerval-1024x682.png 1024w, https:\/\/www.fcgueugnon.fr\/site\/wp-content\/uploads\/2023\/07\/Mathis-Clerval-400x267.png 400w, https:\/\/www.fcgueugnon.fr\/site\/wp-content\/uploads\/2023\/07\/Mathis-Clerval-768x512.png 768w, https:\/\/www.fcgueugnon.fr\/site\/wp-content\/uploads\/2023\/07\/Mathis-Clerval-1536x1024.png 1536w, https:\/\/www.fcgueugnon.fr\/site\/wp-content\/uploads\/2023\/07\/Mathis-Clerval-1320x880.png 1320w, https:\/\/www.fcgueugnon.fr\/site\/wp-content\/uploads\/2023\/07\/Mathis-Clerval-600x400.png 600w, https:\/\/www.fcgueugnon.fr\/site\/wp-content\/uploads\/2023\/07\/Mathis-Clerval.png 1772w\" sizes=\"auto, (max-width: 1024px) 100vw, 1024px\" \/><\/figure>\n<\/figure>\n\n\n\n<div style=\"height:50px\" aria-hidden=\"true\" class=\"wp-block-spacer\"><\/div>\n\n\n\n<h3 class=\"wp-block-heading western\"><strong>Form\u00e9 au club professionnel de l&rsquo;ESTAC<\/strong><\/h3>\n\n\n\n<p>Apr\u00e8s avoir \u00e9volu\u00e9 sous les couleurs du FC Noidanais (Noidans-l\u00e8s-Vesoul en Haute-Sa\u00f4ne), Mathis Clerval rejoint l&rsquo;ESTAC de Troyes \u00e0 l&rsquo;\u00e2ge de 12 ans. Il effectue sa formation dans le club de l&rsquo;Aube et gravit tous les \u00e9chelons au fil des saisons jusqu&rsquo;\u00e0 int\u00e9grer l&rsquo;\u00e9quipe r\u00e9serve en National 3 \u00e0 seulement 17 ans.<\/p>\n\n\n\n<div style=\"height:20px\" aria-hidden=\"true\" class=\"wp-block-spacer\"><\/div>\n\n\n\n<h3 class=\"wp-block-heading western\"><strong>Une saison 2022-2023<\/strong> <strong>aboutie pour le milieu de terrain<\/strong><\/h3>\n\n\n\n<p>Mathis Clerval sort d&rsquo;une saison pleine avec l&rsquo;ESTAC. Le milieu de terrain \u00e0 su tirer son \u00e9pingle du jeu dans l&rsquo;effectif U19 Nationaux entra\u00een\u00e9 par l&rsquo;international Fran\u00e7ais, Alou Diarra. Les jeunes Troyens ont r\u00e9alis\u00e9 un parcours historique en se hissant \u00e0 la seconde place du classement et en disputant les quarts de finale des playoff. Apr\u00e8s d&rsquo;excellentes performances, Mathis s&rsquo;est vu r\u00e9compens\u00e9 en int\u00e9grant le groupe PRO2 qui \u00e9volue en National 3. Il a disput\u00e9 7 rencontres avec l&rsquo;\u00e9quipe entra\u00een\u00e9e par Claude Robin.<\/p>\n\n\n\n<p>Mathis, nous te souhaitons la bienvenue au FC Gueugnon !<\/p>\n\n\n\n<div style=\"height:30px\" aria-hidden=\"true\" class=\"wp-block-spacer\"><\/div>\n\n\n\n<h3 class=\"wp-block-heading\"><strong>Mathis Clerval en chiffres<\/strong><\/h3>\n\n\n\n<div style=\"height:30px\" aria-hidden=\"true\" class=\"wp-block-spacer\"><\/div>\n\n\n\n<div class=\"wp-block-columns is-layout-flex wp-container-core-columns-is-layout-9d6595d7 wp-block-columns-is-layout-flex\">\n<div class=\"wp-block-column is-layout-flow wp-block-column-is-layout-flow\">\n<div class=\"wp-block-getwid-counter\"><div class=\"wp-block-getwid-counter__wrapper\" style=\"text-align:center\" data-start=\"0\" data-end=\"20\" data-decimal-places=\"0\" data-duration=\"3\" data-use-easing=\"true\" data-use-grouping=\"true\" data-separator=\",\" data-decimal=\".\" data-easing-fn=\"outExpo\" data-numerals=\"default\"><span class=\"wp-block-getwid-counter__number\">0<\/span><p class=\"wp-block-getwid-counter__suffix\">matches jou\u00e9s la<br>saison derni\u00e8re avec l&rsquo;ESTAC<\/p><\/div><\/div>\n<\/div>\n\n\n\n<div class=\"wp-block-column is-layout-flow wp-block-column-is-layout-flow\">\n<div class=\"wp-block-getwid-counter\"><div class=\"wp-block-getwid-counter__wrapper\" style=\"text-align:center\" data-start=\"0\" data-end=\"1324\" data-decimal-places=\"0\" data-duration=\"3\" data-use-easing=\"true\" data-use-grouping=\"true\" data-separator=\",\" data-decimal=\".\" data-easing-fn=\"outExpo\" data-numerals=\"default\"><span class=\"wp-block-getwid-counter__number\">0<\/span><p class=\"wp-block-getwid-counter__suffix\">minutes jou\u00e9es la<br>saison derni\u00e8re<\/p><\/div><\/div>\n<\/div>\n\n\n\n<div class=\"wp-block-column is-layout-flow wp-block-column-is-layout-flow\">\n<div class=\"wp-block-getwid-counter\"><div class=\"wp-block-getwid-counter__wrapper\" style=\"text-align:center\" data-start=\"0\" data-end=\"2\" data-decimal-places=\"0\" data-duration=\"3\" data-use-easing=\"true\" data-use-grouping=\"true\" data-separator=\",\" data-decimal=\".\" data-easing-fn=\"outExpo\" data-numerals=\"default\"><span class=\"wp-block-getwid-counter__number\">0<\/span><p class=\"wp-block-getwid-counter__suffix\">buts lors de la<br>saison 2022-2023<\/p><\/div><\/div>\n<\/div>\n<\/div>\n\n\n\n<div style=\"height:30px\" aria-hidden=\"true\" class=\"wp-block-spacer\"><\/div>\n\n\n\n<hr class=\"wp-block-separator has-alpha-channel-opacity\"\/>\n\n\n\n<div style=\"height:30px\" aria-hidden=\"true\" class=\"wp-block-spacer\"><\/div>\n\n\n\n<h3 class=\"wp-block-heading\"><strong>R\u00e9capitulatif des transferts (saison 2023-2024) :<\/strong><\/h3>\n\n\n\n<p><strong>Arriv\u00e9es :<\/strong>\u00a0<a href=\"https:\/\/www.fcgueugnon.fr\/site\/mercato-2023-2024-yannick-mambo-premiere-recrue-du-fc-gueugnon\/5215\">Yannick Mambo (Is-Selongey Football)<\/a> ; Mathis Clerval (ESTAC Troyes)<\/p>\n\n\n\n<p><strong>D\u00e9parts :<\/strong>&nbsp;Jean-Pierre Mendy (Dinan-L\u00e9hon) ; Hugo Ketterle (ASPTT Dijon) ; Charles Houla (FC Chalon) ; Fabrice Revuelta (Digoin FCA) ; Franck Revuelta (Digoin FCA).<\/p>\n\n\n\n<div style=\"height:30px\" aria-hidden=\"true\" class=\"wp-block-spacer\"><\/div>\n\n\n\n<h3 class=\"wp-block-heading\">\u25ba <strong><em><a href=\"https:\/\/www.fcgueugnon.fr\/site\/?s=Mercato+2023-2024\">Retrouvez toute l&rsquo;actu mercato du FCG<\/a><\/em><\/strong><\/h3>\n\n\n\n<p><\/p>\n","protected":false},"excerpt":{"rendered":"<p>Nous souhaitons la bienvenue \u00e0 Mathis Clerval, jeune milieu de terrain de 18 ans, qui arrive en provenance du centre de formation de l&rsquo;ESTAC Troyes. Form\u00e9 au club professionnel de l&rsquo;ESTAC Apr\u00e8s avoir \u00e9volu\u00e9 sous les couleurs du FC Noidanais (Noidans-l\u00e8s-Vesoul en Haute-Sa\u00f4ne), Mathis Clerval rejoint l&rsquo;ESTAC de Troyes \u00e0 l&rsquo;\u00e2ge de 12 ans. Il &#8230; <\/p>\n<p class=\"read-more-container\"><a title=\"[Mercato 2023-2024] Mathis Clerval est la seconde recrue gueugnonnaise !\" class=\"read-more button\" href=\"https:\/\/www.fcgueugnon.fr\/site\/mercato-2023-2024-mathis-clerval-est-la-seconde-recrue-gueugnonnaise\/5313#more-5313\" aria-label=\"Plus sur [Mercato 2023-2024] Mathis Clerval est la seconde recrue gueugnonnaise !\">Lire la suite<\/a><\/p>\n","protected":false},"author":3,"featured_media":5317,"comment_status":"closed","ping_status":"closed","sticky":false,"template":"","format":"standard","meta":{"footnotes":""},"categories":[4,55],"tags":[8,54,10],"class_list":["post-5313","post","type-post","status-publish","format-standard","has-post-thumbnail","hentry","category-news","category-news-2023-2024","tag-effectif","tag-mercato-2023-2024","tag-preparation-entrainement","infinite-scroll-item","generate-columns","tablet-grid-50","mobile-grid-100","grid-parent","grid-25"],"yoast_head":"<!-- This site is optimized with the Yoast SEO plugin v26.6 - https:\/\/yoast.com\/wordpress\/plugins\/seo\/ -->\n<title>[Mercato 2023-2024] Mathis Clerval est la seconde recrue gueugnonnaise ! &#8226; FOOTBALL CLUB GUEUGNON<\/title>\n<meta name=\"robots\" content=\"index, follow, max-snippet:-1, max-image-preview:large, max-video-preview:-1\" \/>\n<link rel=\"canonical\" href=\"https:\/\/www.fcgueugnon.fr\/site\/mercato-2023-2024-mathis-clerval-est-la-seconde-recrue-gueugnonnaise\/5313\" \/>\n<meta property=\"og:locale\" content=\"fr_FR\" \/>\n<meta property=\"og:type\" content=\"article\" \/>\n<meta property=\"og:title\" content=\"[Mercato 2023-2024] Mathis Clerval est la seconde recrue gueugnonnaise ! &#8226; FOOTBALL CLUB GUEUGNON\" \/>\n<meta property=\"og:description\" content=\"Nous souhaitons la bienvenue \u00e0 Mathis Clerval, jeune milieu de terrain de 18 ans, qui arrive en provenance du centre de formation de l&rsquo;ESTAC Troyes. Form\u00e9 au club professionnel de l&rsquo;ESTAC Apr\u00e8s avoir \u00e9volu\u00e9 sous les couleurs du FC Noidanais (Noidans-l\u00e8s-Vesoul en Haute-Sa\u00f4ne), Mathis Clerval rejoint l&rsquo;ESTAC de Troyes \u00e0 l&rsquo;\u00e2ge de 12 ans. Il ... Lire la suite\" \/>\n<meta property=\"og:url\" content=\"https:\/\/www.fcgueugnon.fr\/site\/mercato-2023-2024-mathis-clerval-est-la-seconde-recrue-gueugnonnaise\/5313\" \/>\n<meta property=\"og:site_name\" content=\"FOOTBALL CLUB GUEUGNON\" \/>\n<meta property=\"article:publisher\" content=\"http:\/\/facebook.com\/FCGueugnon\" \/>\n<meta property=\"article:published_time\" content=\"2023-07-04T15:29:00+00:00\" \/>\n<meta property=\"article:modified_time\" content=\"2023-10-23T07:34:42+00:00\" \/>\n<meta property=\"og:image\" content=\"https:\/\/www.fcgueugnon.fr\/site\/wp-content\/uploads\/2023\/07\/Mathis-Clerval-2-1024x682.png\" \/>\n\t<meta property=\"og:image:width\" content=\"1024\" \/>\n\t<meta property=\"og:image:height\" content=\"682\" \/>\n\t<meta property=\"og:image:type\" content=\"image\/png\" \/>\n<meta name=\"author\" content=\"FC Gueugnon\" \/>\n<meta name=\"twitter:card\" content=\"summary_large_image\" \/>\n<meta name=\"twitter:creator\" content=\"@FCGueugnon_off\" \/>\n<meta name=\"twitter:site\" content=\"@FCGueugnon_off\" \/>\n<meta name=\"twitter:label1\" content=\"\u00c9crit par\" \/>\n\t<meta name=\"twitter:data1\" content=\"FC Gueugnon\" \/>\n\t<meta name=\"twitter:label2\" content=\"Dur\u00e9e de lecture estim\u00e9e\" \/>\n\t<meta name=\"twitter:data2\" content=\"2 minutes\" \/>\n<script type=\"application\/ld+json\" class=\"yoast-schema-graph\">{\"@context\":\"https:\/\/schema.org\",\"@graph\":[{\"@type\":\"Article\",\"@id\":\"https:\/\/www.fcgueugnon.fr\/site\/mercato-2023-2024-mathis-clerval-est-la-seconde-recrue-gueugnonnaise\/5313#article\",\"isPartOf\":{\"@id\":\"https:\/\/www.fcgueugnon.fr\/site\/mercato-2023-2024-mathis-clerval-est-la-seconde-recrue-gueugnonnaise\/5313\"},\"author\":{\"name\":\"FC Gueugnon\",\"@id\":\"https:\/\/www.fcgueugnon.fr\/site\/#\/schema\/person\/829630bfb5d6f3ebe4d296b75687c01a\"},\"headline\":\"[Mercato 2023-2024] Mathis Clerval est la seconde recrue gueugnonnaise !\",\"datePublished\":\"2023-07-04T15:29:00+00:00\",\"dateModified\":\"2023-10-23T07:34:42+00:00\",\"mainEntityOfPage\":{\"@id\":\"https:\/\/www.fcgueugnon.fr\/site\/mercato-2023-2024-mathis-clerval-est-la-seconde-recrue-gueugnonnaise\/5313\"},\"wordCount\":278,\"publisher\":{\"@id\":\"https:\/\/www.fcgueugnon.fr\/site\/#organization\"},\"image\":{\"@id\":\"https:\/\/www.fcgueugnon.fr\/site\/mercato-2023-2024-mathis-clerval-est-la-seconde-recrue-gueugnonnaise\/5313#primaryimage\"},\"thumbnailUrl\":\"https:\/\/www.fcgueugnon.fr\/site\/wp-content\/uploads\/2023\/07\/Mathis-Clerval-2.png\",\"keywords\":[\"effectif\",\"Mercato 2023-2024\",\"Pr\u00e9paration - Entrainement\"],\"articleSection\":[\"News\",\"News 2023\/2024\"],\"inLanguage\":\"fr-FR\"},{\"@type\":\"WebPage\",\"@id\":\"https:\/\/www.fcgueugnon.fr\/site\/mercato-2023-2024-mathis-clerval-est-la-seconde-recrue-gueugnonnaise\/5313\",\"url\":\"https:\/\/www.fcgueugnon.fr\/site\/mercato-2023-2024-mathis-clerval-est-la-seconde-recrue-gueugnonnaise\/5313\",\"name\":\"[Mercato 2023-2024] Mathis Clerval est la seconde recrue gueugnonnaise ! &#8226; FOOTBALL CLUB GUEUGNON\",\"isPartOf\":{\"@id\":\"https:\/\/www.fcgueugnon.fr\/site\/#website\"},\"primaryImageOfPage\":{\"@id\":\"https:\/\/www.fcgueugnon.fr\/site\/mercato-2023-2024-mathis-clerval-est-la-seconde-recrue-gueugnonnaise\/5313#primaryimage\"},\"image\":{\"@id\":\"https:\/\/www.fcgueugnon.fr\/site\/mercato-2023-2024-mathis-clerval-est-la-seconde-recrue-gueugnonnaise\/5313#primaryimage\"},\"thumbnailUrl\":\"https:\/\/www.fcgueugnon.fr\/site\/wp-content\/uploads\/2023\/07\/Mathis-Clerval-2.png\",\"datePublished\":\"2023-07-04T15:29:00+00:00\",\"dateModified\":\"2023-10-23T07:34:42+00:00\",\"breadcrumb\":{\"@id\":\"https:\/\/www.fcgueugnon.fr\/site\/mercato-2023-2024-mathis-clerval-est-la-seconde-recrue-gueugnonnaise\/5313#breadcrumb\"},\"inLanguage\":\"fr-FR\",\"potentialAction\":[{\"@type\":\"ReadAction\",\"target\":[\"https:\/\/www.fcgueugnon.fr\/site\/mercato-2023-2024-mathis-clerval-est-la-seconde-recrue-gueugnonnaise\/5313\"]}]},{\"@type\":\"ImageObject\",\"inLanguage\":\"fr-FR\",\"@id\":\"https:\/\/www.fcgueugnon.fr\/site\/mercato-2023-2024-mathis-clerval-est-la-seconde-recrue-gueugnonnaise\/5313#primaryimage\",\"url\":\"https:\/\/www.fcgueugnon.fr\/site\/wp-content\/uploads\/2023\/07\/Mathis-Clerval-2.png\",\"contentUrl\":\"https:\/\/www.fcgueugnon.fr\/site\/wp-content\/uploads\/2023\/07\/Mathis-Clerval-2.png\",\"width\":1772,\"height\":1181},{\"@type\":\"BreadcrumbList\",\"@id\":\"https:\/\/www.fcgueugnon.fr\/site\/mercato-2023-2024-mathis-clerval-est-la-seconde-recrue-gueugnonnaise\/5313#breadcrumb\",\"itemListElement\":[{\"@type\":\"ListItem\",\"position\":1,\"name\":\"Accueil\",\"item\":\"https:\/\/www.fcgueugnon.fr\/site\/\"},{\"@type\":\"ListItem\",\"position\":2,\"name\":\"[Mercato 2023-2024] Mathis Clerval est la seconde recrue gueugnonnaise !\"}]},{\"@type\":\"WebSite\",\"@id\":\"https:\/\/www.fcgueugnon.fr\/site\/#website\",\"url\":\"https:\/\/www.fcgueugnon.fr\/site\/\",\"name\":\"FOOTBALL CLUB GUEUGNON\",\"description\":\"Le Site Officiel des Forgerons\",\"publisher\":{\"@id\":\"https:\/\/www.fcgueugnon.fr\/site\/#organization\"},\"potentialAction\":[{\"@type\":\"SearchAction\",\"target\":{\"@type\":\"EntryPoint\",\"urlTemplate\":\"https:\/\/www.fcgueugnon.fr\/site\/?s={search_term_string}\"},\"query-input\":{\"@type\":\"PropertyValueSpecification\",\"valueRequired\":true,\"valueName\":\"search_term_string\"}}],\"inLanguage\":\"fr-FR\"},{\"@type\":\"Organization\",\"@id\":\"https:\/\/www.fcgueugnon.fr\/site\/#organization\",\"name\":\"FC Gueugnon\",\"url\":\"https:\/\/www.fcgueugnon.fr\/site\/\",\"logo\":{\"@type\":\"ImageObject\",\"inLanguage\":\"fr-FR\",\"@id\":\"https:\/\/www.fcgueugnon.fr\/site\/#\/schema\/logo\/image\/\",\"url\":\"https:\/\/www.fcgueugnon.fr\/site\/wp-content\/uploads\/2022\/07\/cropped-Logo-FCGUEUGNON-low-350x350-1.png\",\"contentUrl\":\"https:\/\/www.fcgueugnon.fr\/site\/wp-content\/uploads\/2022\/07\/cropped-Logo-FCGUEUGNON-low-350x350-1.png\",\"width\":350,\"height\":350,\"caption\":\"FC Gueugnon\"},\"image\":{\"@id\":\"https:\/\/www.fcgueugnon.fr\/site\/#\/schema\/logo\/image\/\"},\"sameAs\":[\"http:\/\/facebook.com\/FCGueugnon\",\"https:\/\/x.com\/FCGueugnon_off\",\"https:\/\/www.instagram.com\/fcgueugnon\/\",\"https:\/\/www.linkedin.com\/company\/football-club-de-gueugnon\/\",\"https:\/\/www.youtube.com\/user\/FCGueugnonnais\",\"https:\/\/fr.wikipedia.org\/wiki\/Football_Club_de_Gueugnon\"]},{\"@type\":\"Person\",\"@id\":\"https:\/\/www.fcgueugnon.fr\/site\/#\/schema\/person\/829630bfb5d6f3ebe4d296b75687c01a\",\"name\":\"FC Gueugnon\",\"url\":\"https:\/\/www.fcgueugnon.fr\/site\/author\/g-avin1\"}]}<\/script>\n<!-- \/ Yoast SEO plugin. -->","yoast_head_json":{"title":"[Mercato 2023-2024] Mathis Clerval est la seconde recrue gueugnonnaise ! &#8226; FOOTBALL CLUB GUEUGNON","robots":{"index":"index","follow":"follow","max-snippet":"max-snippet:-1","max-image-preview":"max-image-preview:large","max-video-preview":"max-video-preview:-1"},"canonical":"https:\/\/www.fcgueugnon.fr\/site\/mercato-2023-2024-mathis-clerval-est-la-seconde-recrue-gueugnonnaise\/5313","og_locale":"fr_FR","og_type":"article","og_title":"[Mercato 2023-2024] Mathis Clerval est la seconde recrue gueugnonnaise ! &#8226; FOOTBALL CLUB GUEUGNON","og_description":"Nous souhaitons la bienvenue \u00e0 Mathis Clerval, jeune milieu de terrain de 18 ans, qui arrive en provenance du centre de formation de l&rsquo;ESTAC Troyes. Form\u00e9 au club professionnel de l&rsquo;ESTAC Apr\u00e8s avoir \u00e9volu\u00e9 sous les couleurs du FC Noidanais (Noidans-l\u00e8s-Vesoul en Haute-Sa\u00f4ne), Mathis Clerval rejoint l&rsquo;ESTAC de Troyes \u00e0 l&rsquo;\u00e2ge de 12 ans. Il ... Lire la suite","og_url":"https:\/\/www.fcgueugnon.fr\/site\/mercato-2023-2024-mathis-clerval-est-la-seconde-recrue-gueugnonnaise\/5313","og_site_name":"FOOTBALL CLUB GUEUGNON","article_publisher":"http:\/\/facebook.com\/FCGueugnon","article_published_time":"2023-07-04T15:29:00+00:00","article_modified_time":"2023-10-23T07:34:42+00:00","og_image":[{"width":1024,"height":682,"url":"https:\/\/www.fcgueugnon.fr\/site\/wp-content\/uploads\/2023\/07\/Mathis-Clerval-2-1024x682.png","type":"image\/png"}],"author":"FC Gueugnon","twitter_card":"summary_large_image","twitter_creator":"@FCGueugnon_off","twitter_site":"@FCGueugnon_off","twitter_misc":{"\u00c9crit par":"FC Gueugnon","Dur\u00e9e de lecture estim\u00e9e":"2 minutes"},"schema":{"@context":"https:\/\/schema.org","@graph":[{"@type":"Article","@id":"https:\/\/www.fcgueugnon.fr\/site\/mercato-2023-2024-mathis-clerval-est-la-seconde-recrue-gueugnonnaise\/5313#article","isPartOf":{"@id":"https:\/\/www.fcgueugnon.fr\/site\/mercato-2023-2024-mathis-clerval-est-la-seconde-recrue-gueugnonnaise\/5313"},"author":{"name":"FC Gueugnon","@id":"https:\/\/www.fcgueugnon.fr\/site\/#\/schema\/person\/829630bfb5d6f3ebe4d296b75687c01a"},"headline":"[Mercato 2023-2024] Mathis Clerval est la seconde recrue gueugnonnaise !","datePublished":"2023-07-04T15:29:00+00:00","dateModified":"2023-10-23T07:34:42+00:00","mainEntityOfPage":{"@id":"https:\/\/www.fcgueugnon.fr\/site\/mercato-2023-2024-mathis-clerval-est-la-seconde-recrue-gueugnonnaise\/5313"},"wordCount":278,"publisher":{"@id":"https:\/\/www.fcgueugnon.fr\/site\/#organization"},"image":{"@id":"https:\/\/www.fcgueugnon.fr\/site\/mercato-2023-2024-mathis-clerval-est-la-seconde-recrue-gueugnonnaise\/5313#primaryimage"},"thumbnailUrl":"https:\/\/www.fcgueugnon.fr\/site\/wp-content\/uploads\/2023\/07\/Mathis-Clerval-2.png","keywords":["effectif","Mercato 2023-2024","Pr\u00e9paration - Entrainement"],"articleSection":["News","News 2023\/2024"],"inLanguage":"fr-FR"},{"@type":"WebPage","@id":"https:\/\/www.fcgueugnon.fr\/site\/mercato-2023-2024-mathis-clerval-est-la-seconde-recrue-gueugnonnaise\/5313","url":"https:\/\/www.fcgueugnon.fr\/site\/mercato-2023-2024-mathis-clerval-est-la-seconde-recrue-gueugnonnaise\/5313","name":"[Mercato 2023-2024] Mathis Clerval est la seconde recrue gueugnonnaise ! &#8226; FOOTBALL CLUB GUEUGNON","isPartOf":{"@id":"https:\/\/www.fcgueugnon.fr\/site\/#website"},"primaryImageOfPage":{"@id":"https:\/\/www.fcgueugnon.fr\/site\/mercato-2023-2024-mathis-clerval-est-la-seconde-recrue-gueugnonnaise\/5313#primaryimage"},"image":{"@id":"https:\/\/www.fcgueugnon.fr\/site\/mercato-2023-2024-mathis-clerval-est-la-seconde-recrue-gueugnonnaise\/5313#primaryimage"},"thumbnailUrl":"https:\/\/www.fcgueugnon.fr\/site\/wp-content\/uploads\/2023\/07\/Mathis-Clerval-2.png","datePublished":"2023-07-04T15:29:00+00:00","dateModified":"2023-10-23T07:34:42+00:00","breadcrumb":{"@id":"https:\/\/www.fcgueugnon.fr\/site\/mercato-2023-2024-mathis-clerval-est-la-seconde-recrue-gueugnonnaise\/5313#breadcrumb"},"inLanguage":"fr-FR","potentialAction":[{"@type":"ReadAction","target":["https:\/\/www.fcgueugnon.fr\/site\/mercato-2023-2024-mathis-clerval-est-la-seconde-recrue-gueugnonnaise\/5313"]}]},{"@type":"ImageObject","inLanguage":"fr-FR","@id":"https:\/\/www.fcgueugnon.fr\/site\/mercato-2023-2024-mathis-clerval-est-la-seconde-recrue-gueugnonnaise\/5313#primaryimage","url":"https:\/\/www.fcgueugnon.fr\/site\/wp-content\/uploads\/2023\/07\/Mathis-Clerval-2.png","contentUrl":"https:\/\/www.fcgueugnon.fr\/site\/wp-content\/uploads\/2023\/07\/Mathis-Clerval-2.png","width":1772,"height":1181},{"@type":"BreadcrumbList","@id":"https:\/\/www.fcgueugnon.fr\/site\/mercato-2023-2024-mathis-clerval-est-la-seconde-recrue-gueugnonnaise\/5313#breadcrumb","itemListElement":[{"@type":"ListItem","position":1,"name":"Accueil","item":"https:\/\/www.fcgueugnon.fr\/site\/"},{"@type":"ListItem","position":2,"name":"[Mercato 2023-2024] Mathis Clerval est la seconde recrue gueugnonnaise !"}]},{"@type":"WebSite","@id":"https:\/\/www.fcgueugnon.fr\/site\/#website","url":"https:\/\/www.fcgueugnon.fr\/site\/","name":"FOOTBALL CLUB GUEUGNON","description":"Le Site Officiel des Forgerons","publisher":{"@id":"https:\/\/www.fcgueugnon.fr\/site\/#organization"},"potentialAction":[{"@type":"SearchAction","target":{"@type":"EntryPoint","urlTemplate":"https:\/\/www.fcgueugnon.fr\/site\/?s={search_term_string}"},"query-input":{"@type":"PropertyValueSpecification","valueRequired":true,"valueName":"search_term_string"}}],"inLanguage":"fr-FR"},{"@type":"Organization","@id":"https:\/\/www.fcgueugnon.fr\/site\/#organization","name":"FC Gueugnon","url":"https:\/\/www.fcgueugnon.fr\/site\/","logo":{"@type":"ImageObject","inLanguage":"fr-FR","@id":"https:\/\/www.fcgueugnon.fr\/site\/#\/schema\/logo\/image\/","url":"https:\/\/www.fcgueugnon.fr\/site\/wp-content\/uploads\/2022\/07\/cropped-Logo-FCGUEUGNON-low-350x350-1.png","contentUrl":"https:\/\/www.fcgueugnon.fr\/site\/wp-content\/uploads\/2022\/07\/cropped-Logo-FCGUEUGNON-low-350x350-1.png","width":350,"height":350,"caption":"FC Gueugnon"},"image":{"@id":"https:\/\/www.fcgueugnon.fr\/site\/#\/schema\/logo\/image\/"},"sameAs":["http:\/\/facebook.com\/FCGueugnon","https:\/\/x.com\/FCGueugnon_off","https:\/\/www.instagram.com\/fcgueugnon\/","https:\/\/www.linkedin.com\/company\/football-club-de-gueugnon\/","https:\/\/www.youtube.com\/user\/FCGueugnonnais","https:\/\/fr.wikipedia.org\/wiki\/Football_Club_de_Gueugnon"]},{"@type":"Person","@id":"https:\/\/www.fcgueugnon.fr\/site\/#\/schema\/person\/829630bfb5d6f3ebe4d296b75687c01a","name":"FC Gueugnon","url":"https:\/\/www.fcgueugnon.fr\/site\/author\/g-avin1"}]}},"rttpg_featured_image_url":{"full":["https:\/\/www.fcgueugnon.fr\/site\/wp-content\/uploads\/2023\/07\/Mathis-Clerval-2.png",1772,1181,false],"landscape":["https:\/\/www.fcgueugnon.fr\/site\/wp-content\/uploads\/2023\/07\/Mathis-Clerval-2.png",1772,1181,false],"portraits":["https:\/\/www.fcgueugnon.fr\/site\/wp-content\/uploads\/2023\/07\/Mathis-Clerval-2.png",1772,1181,false],"thumbnail":["https:\/\/www.fcgueugnon.fr\/site\/wp-content\/uploads\/2023\/07\/Mathis-Clerval-2-150x150.png",150,150,true],"medium":["https:\/\/www.fcgueugnon.fr\/site\/wp-content\/uploads\/2023\/07\/Mathis-Clerval-2-400x267.png",400,267,true],"large":["https:\/\/www.fcgueugnon.fr\/site\/wp-content\/uploads\/2023\/07\/Mathis-Clerval-2-1024x682.png",1024,682,true],"1536x1536":["https:\/\/www.fcgueugnon.fr\/site\/wp-content\/uploads\/2023\/07\/Mathis-Clerval-2-1536x1024.png",1536,1024,true],"2048x2048":["https:\/\/www.fcgueugnon.fr\/site\/wp-content\/uploads\/2023\/07\/Mathis-Clerval-2.png",1772,1181,false]},"rttpg_author":{"display_name":"FC Gueugnon","author_link":"https:\/\/www.fcgueugnon.fr\/site\/author\/g-avin1"},"rttpg_comment":0,"rttpg_category":"<a href=\"https:\/\/www.fcgueugnon.fr\/site\/category\/news\" rel=\"category tag\">News<\/a> <a href=\"https:\/\/www.fcgueugnon.fr\/site\/category\/news\/news-2023-2024\" rel=\"category tag\">News 2023\/2024<\/a>","rttpg_excerpt":"Nous souhaitons la bienvenue \u00e0 Mathis Clerval, jeune milieu de terrain de 18 ans, qui arrive en provenance du centre de formation de l&rsquo;ESTAC Troyes. Form\u00e9 au club professionnel de l&rsquo;ESTAC Apr\u00e8s avoir \u00e9volu\u00e9 sous les couleurs du FC Noidanais (Noidans-l\u00e8s-Vesoul en Haute-Sa\u00f4ne), Mathis Clerval rejoint l&rsquo;ESTAC de Troyes \u00e0 l&rsquo;\u00e2ge de 12 ans. Il\u2026","_links":{"self":[{"href":"https:\/\/www.fcgueugnon.fr\/site\/wp-json\/wp\/v2\/posts\/5313","targetHints":{"allow":["GET"]}}],"collection":[{"href":"https:\/\/www.fcgueugnon.fr\/site\/wp-json\/wp\/v2\/posts"}],"about":[{"href":"https:\/\/www.fcgueugnon.fr\/site\/wp-json\/wp\/v2\/types\/post"}],"author":[{"embeddable":true,"href":"https:\/\/www.fcgueugnon.fr\/site\/wp-json\/wp\/v2\/users\/3"}],"replies":[{"embeddable":true,"href":"https:\/\/www.fcgueugnon.fr\/site\/wp-json\/wp\/v2\/comments?post=5313"}],"version-history":[{"count":3,"href":"https:\/\/www.fcgueugnon.fr\/site\/wp-json\/wp\/v2\/posts\/5313\/revisions"}],"predecessor-version":[{"id":5319,"href":"https:\/\/www.fcgueugnon.fr\/site\/wp-json\/wp\/v2\/posts\/5313\/revisions\/5319"}],"wp:featuredmedia":[{"embeddable":true,"href":"https:\/\/www.fcgueugnon.fr\/site\/wp-json\/wp\/v2\/media\/5317"}],"wp:attachment":[{"href":"https:\/\/www.fcgueugnon.fr\/site\/wp-json\/wp\/v2\/media?parent=5313"}],"wp:term":[{"taxonomy":"category","embeddable":true,"href":"https:\/\/www.fcgueugnon.fr\/site\/wp-json\/wp\/v2\/categories?post=5313"},{"taxonomy":"post_tag","embeddable":true,"href":"https:\/\/www.fcgueugnon.fr\/site\/wp-json\/wp\/v2\/tags?post=5313"}],"curies":[{"name":"wp","href":"https:\/\/api.w.org\/{rel}","templated":true}]}}