{"id":52939,"date":"2025-01-08T16:59:00","date_gmt":"2025-01-08T15:59:00","guid":{"rendered":"https:\/\/www.fcgueugnon.fr\/site\/?p=52939"},"modified":"2025-01-08T14:19:06","modified_gmt":"2025-01-08T13:19:06","slug":"mercato-2024-2025-le-fc-gueugnon-renforce-son-secteur-offensif","status":"publish","type":"post","link":"https:\/\/www.fcgueugnon.fr\/site\/mercato-2024-2025-le-fc-gueugnon-renforce-son-secteur-offensif\/52939","title":{"rendered":"[Mercato 2024-2025] Le FC Gueugnon renforce son secteur offensif !"},"content":{"rendered":"\n<h3 class=\"wp-block-heading has-text-align-left\"><strong>Le FC Gueugnon est heureux d\u2019annoncer l\u2019arriv\u00e9e de Mohamed Jabbari dans ses rangs pour la seconde partie de saison. Cet attaquant de 26 ans, qui \u00e9voluait jusqu\u2019\u00e0 pr\u00e9sent \u00e0 l&rsquo;US Brioude, vient renforcer l&rsquo;effectif gueugnonnais.<\/strong><\/h3>\n\n\n\n<div style=\"height:50px\" aria-hidden=\"true\" class=\"wp-block-spacer\"><\/div>\n\n\n<div class=\"wp-block-image\">\n<figure class=\"aligncenter size-full is-resized\"><img loading=\"lazy\" decoding=\"async\" width=\"1772\" height=\"1181\" src=\"https:\/\/www.fcgueugnon.fr\/site\/wp-content\/uploads\/2025\/01\/Mohamed-Jabbari.jpg\" alt=\"\" class=\"wp-image-52949\" style=\"width:960px;height:auto\" srcset=\"https:\/\/www.fcgueugnon.fr\/site\/wp-content\/uploads\/2025\/01\/Mohamed-Jabbari.jpg 1772w, https:\/\/www.fcgueugnon.fr\/site\/wp-content\/uploads\/2025\/01\/Mohamed-Jabbari-400x267.jpg 400w, https:\/\/www.fcgueugnon.fr\/site\/wp-content\/uploads\/2025\/01\/Mohamed-Jabbari-1024x682.jpg 1024w, https:\/\/www.fcgueugnon.fr\/site\/wp-content\/uploads\/2025\/01\/Mohamed-Jabbari-768x512.jpg 768w, https:\/\/www.fcgueugnon.fr\/site\/wp-content\/uploads\/2025\/01\/Mohamed-Jabbari-1536x1024.jpg 1536w, https:\/\/www.fcgueugnon.fr\/site\/wp-content\/uploads\/2025\/01\/Mohamed-Jabbari-1320x880.jpg 1320w\" sizes=\"auto, (max-width: 1772px) 100vw, 1772px\" \/><\/figure>\n<\/div>\n\n\n<div style=\"height:50px\" aria-hidden=\"true\" class=\"wp-block-spacer\"><\/div>\n\n\n\n<p>Form\u00e9 \u00e0 l&rsquo;Olympique d&rsquo;Al\u00e8s (2009-2014) avant de rejoindre l&rsquo;Entente Sportive Pays d&rsquo;Uz\u00e8s (2014-2016) puis Castelnau-Le Cr\u00e8s FC (2016-2018), <strong>Mohamed Jabbari<\/strong> a montr\u00e9 une progression constante au fil des ann\u00e9es. Ses passages au CS Anduze et \u00e0 l&rsquo;AS Rousson, tous deux en R\u00e9gional 1, ainsi qu&rsquo;au FC Espaly, ont contribu\u00e9 \u00e0 forger son profil de joueur polyvalent et r\u00e9silient.<\/p>\n\n\n\n<p>En novembre 2021, Jabbari s&rsquo;est engag\u00e9 avec l&rsquo;US Brioude, o\u00f9 il s&rsquo;est rapidement distingu\u00e9 par son efficacit\u00e9 devant le but. Auteur de 10 r\u00e9alisations et 6 passes d\u00e9cisives toutes comp\u00e9titions confondues lors de la premi\u00e8re partie de la saison 2024\/2025, il a choisi de rejoindre l&rsquo;effectif de Fatsah Amghar apr\u00e8s un essai concluant cet hiver.<\/p>\n\n\n\n<p>Le FC Gueugnon, en qu\u00eate d&rsquo;un renfort offensif pour la phase retour, pourra compter sur les qualit\u00e9s et la pr\u00e9cision de Jabbari pour dynamiser son attaque. Son exp\u00e9rience et ses atouts seront des \u00e9l\u00e9ments suppl\u00e9mentaires \u00e0 la disposition du staff technique.<\/p>\n\n\n\n<p>Le FC Gueugnon souhaite la bienvenue \u00e0 Mohamed Jabbari et lui adresse ses encouragements pour cette nouvelle \u00e9tape de sa carri\u00e8re.<\/p>\n\n\n\n<div style=\"height:20px\" aria-hidden=\"true\" class=\"wp-block-spacer\"><\/div>\n\n\n\n<div class=\"wp-block-getwid-advanced-heading\"><span class=\"wp-block-getwid-advanced-heading__content\" style=\"text-align:center;font-family:&quot;Montserrat&quot;;font-weight:normal;text-transform:\"><strong>Bienvenue Mohamed ! <\/strong><\/span><\/div>\n\n\n\n<div style=\"height:70px\" aria-hidden=\"true\" class=\"wp-block-spacer\"><\/div>\n\n\n\n<blockquote class=\"wp-block-quote is-layout-flow wp-block-quote-is-layout-flow\">\n<p><em>\u00ab Fatsah, notre entra\u00eeneur, souhaitait renforcer le secteur offensif et avait identifi\u00e9 le profil de Mohamed comme adapt\u00e9. Son arriv\u00e9e va apporter du renouveau, de la fra\u00eecheur mentale et psychologique, ainsi que des qualit\u00e9s suppl\u00e9mentaires \u00e0 notre attaque. En qu\u00eate d&rsquo;un nouveau d\u00e9fi, il s&rsquo;agit d&rsquo;une bonne opportunit\u00e9, tant pour lui que pour le club. \u00bb<\/em><\/p>\n<cite><strong><em>Richard TRIVINO (Directeur Sportif)<\/em><\/strong><\/cite><\/blockquote>\n\n\n\n<div style=\"height:30px\" aria-hidden=\"true\" class=\"wp-block-spacer\"><\/div>\n\n\n\n<hr class=\"wp-block-separator has-alpha-channel-opacity\"\/>\n\n\n\n<div style=\"height:30px\" aria-hidden=\"true\" class=\"wp-block-spacer\"><\/div>\n\n\n\n<h3 class=\"wp-block-heading\"><strong>R\u00e9capitulatif des transferts (intersaison 2024) :<\/strong><\/h3>\n\n\n\n<p><strong>Arriv\u00e9es :<\/strong>&nbsp;Hugo DOS SANTOS (Is-Selongey Football), Vivian GALLAND, (Is-Selongey Football), Mathis VILARO (B\u00e9ziers), Zakaria GRICH (FC Chamali\u00e8res), Paul SCHACHERER (Chamali\u00e8res), Flavio VALENTE (AS Quetigny), Imani BARKER (Le Havre Athletic Club), Raymond Diasomb\u00e9 (Is-Selongey Football), Junior BUCKMAN (Avoine OCC), Anthony LAMONGE (sans club), Mohamed Jabbari (US Brioude).<\/p>\n\n\n\n<p><strong>D\u00e9parts<\/strong> : Hamza BOUDJEMAA (FC Vesoul), Sidi Lamin HELAL (Blagnac FC), Thomas DORIDOT (US St Sernin), Soualio DIOMAND\u00c9 (Puteaux CS), Mathis CLERVAL (Racing Besan\u00e7on), Mouhamed DIALLO (Ouest Tourangeau), Oum\u00e9rou Dram\u00e9 (Chevilly-la-Rue Elan Paris), Mahamadou Ciss\u00e9 (Bergerac P\u00e9rigord FC), Yannick MAMBO (US Raon-l&rsquo;\u00c9tape), Loan HERNANDEZ (Tarbes Pyr\u00e9n\u00e9es), Anthony Chauvet (Tr\u00e9lissac P\u00e9rigord FC).<\/p>\n\n\n\n<div style=\"height:30px\" aria-hidden=\"true\" class=\"wp-block-spacer\"><\/div>\n\n\n\n<h3 class=\"wp-block-heading\">\u25ba <strong><em><a href=\"https:\/\/www.fcgueugnon.fr\/site\/tag\/mercato-2024\">D\u00e9parts, arriv\u00e9es, prolongation.. Retrouvez toute l&rsquo;actu mercato du FCG<\/a><\/em><\/strong><\/h3>\n\n\n\n<p><\/p>\n","protected":false},"excerpt":{"rendered":"<p>Le FC Gueugnon est heureux d\u2019annoncer l\u2019arriv\u00e9e de Mohamed Jabbari dans ses rangs pour la seconde partie de saison. Cet attaquant de 26 ans, qui \u00e9voluait jusqu\u2019\u00e0 pr\u00e9sent \u00e0 l&rsquo;US Brioude, vient renforcer l&rsquo;effectif gueugnonnais. Form\u00e9 \u00e0 l&rsquo;Olympique d&rsquo;Al\u00e8s (2009-2014) avant de rejoindre l&rsquo;Entente Sportive Pays d&rsquo;Uz\u00e8s (2014-2016) puis Castelnau-Le Cr\u00e8s FC (2016-2018), Mohamed Jabbari &#8230; <\/p>\n<p class=\"read-more-container\"><a title=\"[Mercato 2024-2025] Le FC Gueugnon renforce son secteur offensif !\" class=\"read-more button\" href=\"https:\/\/www.fcgueugnon.fr\/site\/mercato-2024-2025-le-fc-gueugnon-renforce-son-secteur-offensif\/52939#more-52939\" aria-label=\"Plus sur [Mercato 2024-2025] Le FC Gueugnon renforce son secteur offensif !\">Lire la suite<\/a><\/p>\n","protected":false},"author":3,"featured_media":10860,"comment_status":"closed","ping_status":"closed","sticky":true,"template":"","format":"standard","meta":{"footnotes":""},"categories":[62],"tags":[8,63,10],"class_list":["post-52939","post","type-post","status-publish","format-standard","has-post-thumbnail","hentry","category-news-2024-2025","tag-effectif","tag-mercato-2024","tag-preparation-entrainement","infinite-scroll-item","generate-columns","tablet-grid-50","mobile-grid-100","grid-parent","grid-25","resize-featured-image"],"yoast_head":"<!-- This site is optimized with the Yoast SEO plugin v26.6 - https:\/\/yoast.com\/wordpress\/plugins\/seo\/ -->\n<title>[Mercato 2024-2025] Le FC Gueugnon renforce son secteur offensif ! &#8226; FOOTBALL CLUB GUEUGNON<\/title>\n<meta name=\"robots\" content=\"index, follow, max-snippet:-1, max-image-preview:large, max-video-preview:-1\" \/>\n<link rel=\"canonical\" href=\"https:\/\/www.fcgueugnon.fr\/site\/mercato-2024-2025-le-fc-gueugnon-renforce-son-secteur-offensif\/52939\" \/>\n<meta property=\"og:locale\" content=\"fr_FR\" \/>\n<meta property=\"og:type\" content=\"article\" \/>\n<meta property=\"og:title\" content=\"[Mercato 2024-2025] Le FC Gueugnon renforce son secteur offensif ! &#8226; FOOTBALL CLUB GUEUGNON\" \/>\n<meta property=\"og:description\" content=\"Le FC Gueugnon est heureux d\u2019annoncer l\u2019arriv\u00e9e de Mohamed Jabbari dans ses rangs pour la seconde partie de saison. Cet attaquant de 26 ans, qui \u00e9voluait jusqu\u2019\u00e0 pr\u00e9sent \u00e0 l&rsquo;US Brioude, vient renforcer l&rsquo;effectif gueugnonnais. Form\u00e9 \u00e0 l&rsquo;Olympique d&rsquo;Al\u00e8s (2009-2014) avant de rejoindre l&rsquo;Entente Sportive Pays d&rsquo;Uz\u00e8s (2014-2016) puis Castelnau-Le Cr\u00e8s FC (2016-2018), Mohamed Jabbari ... Lire la suite\" \/>\n<meta property=\"og:url\" content=\"https:\/\/www.fcgueugnon.fr\/site\/mercato-2024-2025-le-fc-gueugnon-renforce-son-secteur-offensif\/52939\" \/>\n<meta property=\"og:site_name\" content=\"FOOTBALL CLUB GUEUGNON\" \/>\n<meta property=\"article:publisher\" content=\"http:\/\/facebook.com\/FCGueugnon\" \/>\n<meta property=\"article:published_time\" content=\"2025-01-08T15:59:00+00:00\" \/>\n<meta property=\"og:image\" content=\"https:\/\/www.fcgueugnon.fr\/site\/wp-content\/uploads\/2024\/05\/mercato-fc-gueugnon.jpeg\" \/>\n\t<meta property=\"og:image:width\" content=\"1600\" \/>\n\t<meta property=\"og:image:height\" content=\"900\" \/>\n\t<meta property=\"og:image:type\" content=\"image\/jpeg\" \/>\n<meta name=\"author\" content=\"FC Gueugnon\" \/>\n<meta name=\"twitter:card\" content=\"summary_large_image\" \/>\n<meta name=\"twitter:creator\" content=\"@FCGueugnon_off\" \/>\n<meta name=\"twitter:site\" content=\"@FCGueugnon_off\" \/>\n<meta name=\"twitter:label1\" content=\"\u00c9crit par\" \/>\n\t<meta name=\"twitter:data1\" content=\"FC Gueugnon\" \/>\n\t<meta name=\"twitter:label2\" content=\"Dur\u00e9e de lecture estim\u00e9e\" \/>\n\t<meta name=\"twitter:data2\" content=\"3 minutes\" \/>\n<script type=\"application\/ld+json\" class=\"yoast-schema-graph\">{\"@context\":\"https:\/\/schema.org\",\"@graph\":[{\"@type\":\"Article\",\"@id\":\"https:\/\/www.fcgueugnon.fr\/site\/mercato-2024-2025-le-fc-gueugnon-renforce-son-secteur-offensif\/52939#article\",\"isPartOf\":{\"@id\":\"https:\/\/www.fcgueugnon.fr\/site\/mercato-2024-2025-le-fc-gueugnon-renforce-son-secteur-offensif\/52939\"},\"author\":{\"name\":\"FC Gueugnon\",\"@id\":\"https:\/\/www.fcgueugnon.fr\/site\/#\/schema\/person\/829630bfb5d6f3ebe4d296b75687c01a\"},\"headline\":\"[Mercato 2024-2025] Le FC Gueugnon renforce son secteur offensif !\",\"datePublished\":\"2025-01-08T15:59:00+00:00\",\"mainEntityOfPage\":{\"@id\":\"https:\/\/www.fcgueugnon.fr\/site\/mercato-2024-2025-le-fc-gueugnon-renforce-son-secteur-offensif\/52939\"},\"wordCount\":438,\"publisher\":{\"@id\":\"https:\/\/www.fcgueugnon.fr\/site\/#organization\"},\"image\":{\"@id\":\"https:\/\/www.fcgueugnon.fr\/site\/mercato-2024-2025-le-fc-gueugnon-renforce-son-secteur-offensif\/52939#primaryimage\"},\"thumbnailUrl\":\"https:\/\/www.fcgueugnon.fr\/site\/wp-content\/uploads\/2024\/05\/mercato-fc-gueugnon.jpeg\",\"keywords\":[\"effectif\",\"Mercato 2024\",\"Pr\u00e9paration - Entrainement\"],\"articleSection\":[\"News 2024\/2025\"],\"inLanguage\":\"fr-FR\"},{\"@type\":\"WebPage\",\"@id\":\"https:\/\/www.fcgueugnon.fr\/site\/mercato-2024-2025-le-fc-gueugnon-renforce-son-secteur-offensif\/52939\",\"url\":\"https:\/\/www.fcgueugnon.fr\/site\/mercato-2024-2025-le-fc-gueugnon-renforce-son-secteur-offensif\/52939\",\"name\":\"[Mercato 2024-2025] Le FC Gueugnon renforce son secteur offensif ! &#8226; FOOTBALL CLUB GUEUGNON\",\"isPartOf\":{\"@id\":\"https:\/\/www.fcgueugnon.fr\/site\/#website\"},\"primaryImageOfPage\":{\"@id\":\"https:\/\/www.fcgueugnon.fr\/site\/mercato-2024-2025-le-fc-gueugnon-renforce-son-secteur-offensif\/52939#primaryimage\"},\"image\":{\"@id\":\"https:\/\/www.fcgueugnon.fr\/site\/mercato-2024-2025-le-fc-gueugnon-renforce-son-secteur-offensif\/52939#primaryimage\"},\"thumbnailUrl\":\"https:\/\/www.fcgueugnon.fr\/site\/wp-content\/uploads\/2024\/05\/mercato-fc-gueugnon.jpeg\",\"datePublished\":\"2025-01-08T15:59:00+00:00\",\"breadcrumb\":{\"@id\":\"https:\/\/www.fcgueugnon.fr\/site\/mercato-2024-2025-le-fc-gueugnon-renforce-son-secteur-offensif\/52939#breadcrumb\"},\"inLanguage\":\"fr-FR\",\"potentialAction\":[{\"@type\":\"ReadAction\",\"target\":[\"https:\/\/www.fcgueugnon.fr\/site\/mercato-2024-2025-le-fc-gueugnon-renforce-son-secteur-offensif\/52939\"]}]},{\"@type\":\"ImageObject\",\"inLanguage\":\"fr-FR\",\"@id\":\"https:\/\/www.fcgueugnon.fr\/site\/mercato-2024-2025-le-fc-gueugnon-renforce-son-secteur-offensif\/52939#primaryimage\",\"url\":\"https:\/\/www.fcgueugnon.fr\/site\/wp-content\/uploads\/2024\/05\/mercato-fc-gueugnon.jpeg\",\"contentUrl\":\"https:\/\/www.fcgueugnon.fr\/site\/wp-content\/uploads\/2024\/05\/mercato-fc-gueugnon.jpeg\",\"width\":1600,\"height\":900},{\"@type\":\"BreadcrumbList\",\"@id\":\"https:\/\/www.fcgueugnon.fr\/site\/mercato-2024-2025-le-fc-gueugnon-renforce-son-secteur-offensif\/52939#breadcrumb\",\"itemListElement\":[{\"@type\":\"ListItem\",\"position\":1,\"name\":\"Accueil\",\"item\":\"https:\/\/www.fcgueugnon.fr\/site\/\"},{\"@type\":\"ListItem\",\"position\":2,\"name\":\"[Mercato 2024-2025] Le FC Gueugnon renforce son secteur offensif !\"}]},{\"@type\":\"WebSite\",\"@id\":\"https:\/\/www.fcgueugnon.fr\/site\/#website\",\"url\":\"https:\/\/www.fcgueugnon.fr\/site\/\",\"name\":\"FOOTBALL CLUB GUEUGNON\",\"description\":\"Le Site Officiel des Forgerons\",\"publisher\":{\"@id\":\"https:\/\/www.fcgueugnon.fr\/site\/#organization\"},\"potentialAction\":[{\"@type\":\"SearchAction\",\"target\":{\"@type\":\"EntryPoint\",\"urlTemplate\":\"https:\/\/www.fcgueugnon.fr\/site\/?s={search_term_string}\"},\"query-input\":{\"@type\":\"PropertyValueSpecification\",\"valueRequired\":true,\"valueName\":\"search_term_string\"}}],\"inLanguage\":\"fr-FR\"},{\"@type\":\"Organization\",\"@id\":\"https:\/\/www.fcgueugnon.fr\/site\/#organization\",\"name\":\"FC Gueugnon\",\"url\":\"https:\/\/www.fcgueugnon.fr\/site\/\",\"logo\":{\"@type\":\"ImageObject\",\"inLanguage\":\"fr-FR\",\"@id\":\"https:\/\/www.fcgueugnon.fr\/site\/#\/schema\/logo\/image\/\",\"url\":\"https:\/\/www.fcgueugnon.fr\/site\/wp-content\/uploads\/2022\/07\/cropped-Logo-FCGUEUGNON-low-350x350-1.png\",\"contentUrl\":\"https:\/\/www.fcgueugnon.fr\/site\/wp-content\/uploads\/2022\/07\/cropped-Logo-FCGUEUGNON-low-350x350-1.png\",\"width\":350,\"height\":350,\"caption\":\"FC Gueugnon\"},\"image\":{\"@id\":\"https:\/\/www.fcgueugnon.fr\/site\/#\/schema\/logo\/image\/\"},\"sameAs\":[\"http:\/\/facebook.com\/FCGueugnon\",\"https:\/\/x.com\/FCGueugnon_off\",\"https:\/\/www.instagram.com\/fcgueugnon\/\",\"https:\/\/www.linkedin.com\/company\/football-club-de-gueugnon\/\",\"https:\/\/www.youtube.com\/user\/FCGueugnonnais\",\"https:\/\/fr.wikipedia.org\/wiki\/Football_Club_de_Gueugnon\"]},{\"@type\":\"Person\",\"@id\":\"https:\/\/www.fcgueugnon.fr\/site\/#\/schema\/person\/829630bfb5d6f3ebe4d296b75687c01a\",\"name\":\"FC Gueugnon\",\"url\":\"https:\/\/www.fcgueugnon.fr\/site\/author\/g-avin1\"}]}<\/script>\n<!-- \/ Yoast SEO plugin. -->","yoast_head_json":{"title":"[Mercato 2024-2025] Le FC Gueugnon renforce son secteur offensif ! &#8226; FOOTBALL CLUB GUEUGNON","robots":{"index":"index","follow":"follow","max-snippet":"max-snippet:-1","max-image-preview":"max-image-preview:large","max-video-preview":"max-video-preview:-1"},"canonical":"https:\/\/www.fcgueugnon.fr\/site\/mercato-2024-2025-le-fc-gueugnon-renforce-son-secteur-offensif\/52939","og_locale":"fr_FR","og_type":"article","og_title":"[Mercato 2024-2025] Le FC Gueugnon renforce son secteur offensif ! &#8226; FOOTBALL CLUB GUEUGNON","og_description":"Le FC Gueugnon est heureux d\u2019annoncer l\u2019arriv\u00e9e de Mohamed Jabbari dans ses rangs pour la seconde partie de saison. Cet attaquant de 26 ans, qui \u00e9voluait jusqu\u2019\u00e0 pr\u00e9sent \u00e0 l&rsquo;US Brioude, vient renforcer l&rsquo;effectif gueugnonnais. Form\u00e9 \u00e0 l&rsquo;Olympique d&rsquo;Al\u00e8s (2009-2014) avant de rejoindre l&rsquo;Entente Sportive Pays d&rsquo;Uz\u00e8s (2014-2016) puis Castelnau-Le Cr\u00e8s FC (2016-2018), Mohamed Jabbari ... Lire la suite","og_url":"https:\/\/www.fcgueugnon.fr\/site\/mercato-2024-2025-le-fc-gueugnon-renforce-son-secteur-offensif\/52939","og_site_name":"FOOTBALL CLUB GUEUGNON","article_publisher":"http:\/\/facebook.com\/FCGueugnon","article_published_time":"2025-01-08T15:59:00+00:00","og_image":[{"width":1600,"height":900,"url":"https:\/\/www.fcgueugnon.fr\/site\/wp-content\/uploads\/2024\/05\/mercato-fc-gueugnon.jpeg","type":"image\/jpeg"}],"author":"FC Gueugnon","twitter_card":"summary_large_image","twitter_creator":"@FCGueugnon_off","twitter_site":"@FCGueugnon_off","twitter_misc":{"\u00c9crit par":"FC Gueugnon","Dur\u00e9e de lecture estim\u00e9e":"3 minutes"},"schema":{"@context":"https:\/\/schema.org","@graph":[{"@type":"Article","@id":"https:\/\/www.fcgueugnon.fr\/site\/mercato-2024-2025-le-fc-gueugnon-renforce-son-secteur-offensif\/52939#article","isPartOf":{"@id":"https:\/\/www.fcgueugnon.fr\/site\/mercato-2024-2025-le-fc-gueugnon-renforce-son-secteur-offensif\/52939"},"author":{"name":"FC Gueugnon","@id":"https:\/\/www.fcgueugnon.fr\/site\/#\/schema\/person\/829630bfb5d6f3ebe4d296b75687c01a"},"headline":"[Mercato 2024-2025] Le FC Gueugnon renforce son secteur offensif !","datePublished":"2025-01-08T15:59:00+00:00","mainEntityOfPage":{"@id":"https:\/\/www.fcgueugnon.fr\/site\/mercato-2024-2025-le-fc-gueugnon-renforce-son-secteur-offensif\/52939"},"wordCount":438,"publisher":{"@id":"https:\/\/www.fcgueugnon.fr\/site\/#organization"},"image":{"@id":"https:\/\/www.fcgueugnon.fr\/site\/mercato-2024-2025-le-fc-gueugnon-renforce-son-secteur-offensif\/52939#primaryimage"},"thumbnailUrl":"https:\/\/www.fcgueugnon.fr\/site\/wp-content\/uploads\/2024\/05\/mercato-fc-gueugnon.jpeg","keywords":["effectif","Mercato 2024","Pr\u00e9paration - Entrainement"],"articleSection":["News 2024\/2025"],"inLanguage":"fr-FR"},{"@type":"WebPage","@id":"https:\/\/www.fcgueugnon.fr\/site\/mercato-2024-2025-le-fc-gueugnon-renforce-son-secteur-offensif\/52939","url":"https:\/\/www.fcgueugnon.fr\/site\/mercato-2024-2025-le-fc-gueugnon-renforce-son-secteur-offensif\/52939","name":"[Mercato 2024-2025] Le FC Gueugnon renforce son secteur offensif ! &#8226; FOOTBALL CLUB GUEUGNON","isPartOf":{"@id":"https:\/\/www.fcgueugnon.fr\/site\/#website"},"primaryImageOfPage":{"@id":"https:\/\/www.fcgueugnon.fr\/site\/mercato-2024-2025-le-fc-gueugnon-renforce-son-secteur-offensif\/52939#primaryimage"},"image":{"@id":"https:\/\/www.fcgueugnon.fr\/site\/mercato-2024-2025-le-fc-gueugnon-renforce-son-secteur-offensif\/52939#primaryimage"},"thumbnailUrl":"https:\/\/www.fcgueugnon.fr\/site\/wp-content\/uploads\/2024\/05\/mercato-fc-gueugnon.jpeg","datePublished":"2025-01-08T15:59:00+00:00","breadcrumb":{"@id":"https:\/\/www.fcgueugnon.fr\/site\/mercato-2024-2025-le-fc-gueugnon-renforce-son-secteur-offensif\/52939#breadcrumb"},"inLanguage":"fr-FR","potentialAction":[{"@type":"ReadAction","target":["https:\/\/www.fcgueugnon.fr\/site\/mercato-2024-2025-le-fc-gueugnon-renforce-son-secteur-offensif\/52939"]}]},{"@type":"ImageObject","inLanguage":"fr-FR","@id":"https:\/\/www.fcgueugnon.fr\/site\/mercato-2024-2025-le-fc-gueugnon-renforce-son-secteur-offensif\/52939#primaryimage","url":"https:\/\/www.fcgueugnon.fr\/site\/wp-content\/uploads\/2024\/05\/mercato-fc-gueugnon.jpeg","contentUrl":"https:\/\/www.fcgueugnon.fr\/site\/wp-content\/uploads\/2024\/05\/mercato-fc-gueugnon.jpeg","width":1600,"height":900},{"@type":"BreadcrumbList","@id":"https:\/\/www.fcgueugnon.fr\/site\/mercato-2024-2025-le-fc-gueugnon-renforce-son-secteur-offensif\/52939#breadcrumb","itemListElement":[{"@type":"ListItem","position":1,"name":"Accueil","item":"https:\/\/www.fcgueugnon.fr\/site\/"},{"@type":"ListItem","position":2,"name":"[Mercato 2024-2025] Le FC Gueugnon renforce son secteur offensif !"}]},{"@type":"WebSite","@id":"https:\/\/www.fcgueugnon.fr\/site\/#website","url":"https:\/\/www.fcgueugnon.fr\/site\/","name":"FOOTBALL CLUB GUEUGNON","description":"Le Site Officiel des Forgerons","publisher":{"@id":"https:\/\/www.fcgueugnon.fr\/site\/#organization"},"potentialAction":[{"@type":"SearchAction","target":{"@type":"EntryPoint","urlTemplate":"https:\/\/www.fcgueugnon.fr\/site\/?s={search_term_string}"},"query-input":{"@type":"PropertyValueSpecification","valueRequired":true,"valueName":"search_term_string"}}],"inLanguage":"fr-FR"},{"@type":"Organization","@id":"https:\/\/www.fcgueugnon.fr\/site\/#organization","name":"FC Gueugnon","url":"https:\/\/www.fcgueugnon.fr\/site\/","logo":{"@type":"ImageObject","inLanguage":"fr-FR","@id":"https:\/\/www.fcgueugnon.fr\/site\/#\/schema\/logo\/image\/","url":"https:\/\/www.fcgueugnon.fr\/site\/wp-content\/uploads\/2022\/07\/cropped-Logo-FCGUEUGNON-low-350x350-1.png","contentUrl":"https:\/\/www.fcgueugnon.fr\/site\/wp-content\/uploads\/2022\/07\/cropped-Logo-FCGUEUGNON-low-350x350-1.png","width":350,"height":350,"caption":"FC Gueugnon"},"image":{"@id":"https:\/\/www.fcgueugnon.fr\/site\/#\/schema\/logo\/image\/"},"sameAs":["http:\/\/facebook.com\/FCGueugnon","https:\/\/x.com\/FCGueugnon_off","https:\/\/www.instagram.com\/fcgueugnon\/","https:\/\/www.linkedin.com\/company\/football-club-de-gueugnon\/","https:\/\/www.youtube.com\/user\/FCGueugnonnais","https:\/\/fr.wikipedia.org\/wiki\/Football_Club_de_Gueugnon"]},{"@type":"Person","@id":"https:\/\/www.fcgueugnon.fr\/site\/#\/schema\/person\/829630bfb5d6f3ebe4d296b75687c01a","name":"FC Gueugnon","url":"https:\/\/www.fcgueugnon.fr\/site\/author\/g-avin1"}]}},"rttpg_featured_image_url":{"full":["https:\/\/www.fcgueugnon.fr\/site\/wp-content\/uploads\/2024\/05\/mercato-fc-gueugnon.jpeg",1600,900,false],"landscape":["https:\/\/www.fcgueugnon.fr\/site\/wp-content\/uploads\/2024\/05\/mercato-fc-gueugnon.jpeg",1600,900,false],"portraits":["https:\/\/www.fcgueugnon.fr\/site\/wp-content\/uploads\/2024\/05\/mercato-fc-gueugnon.jpeg",1600,900,false],"thumbnail":["https:\/\/www.fcgueugnon.fr\/site\/wp-content\/uploads\/2024\/05\/mercato-fc-gueugnon-150x150.jpeg",150,150,true],"medium":["https:\/\/www.fcgueugnon.fr\/site\/wp-content\/uploads\/2024\/05\/mercato-fc-gueugnon-400x225.jpeg",400,225,true],"large":["https:\/\/www.fcgueugnon.fr\/site\/wp-content\/uploads\/2024\/05\/mercato-fc-gueugnon-1024x576.jpeg",1024,576,true],"1536x1536":["https:\/\/www.fcgueugnon.fr\/site\/wp-content\/uploads\/2024\/05\/mercato-fc-gueugnon-1536x864.jpeg",1536,864,true],"2048x2048":["https:\/\/www.fcgueugnon.fr\/site\/wp-content\/uploads\/2024\/05\/mercato-fc-gueugnon.jpeg",1600,900,false]},"rttpg_author":{"display_name":"FC Gueugnon","author_link":"https:\/\/www.fcgueugnon.fr\/site\/author\/g-avin1"},"rttpg_comment":0,"rttpg_category":"<a href=\"https:\/\/www.fcgueugnon.fr\/site\/category\/news\/news-2024-2025\" rel=\"category tag\">News 2024\/2025<\/a>","rttpg_excerpt":"Le FC Gueugnon est heureux d\u2019annoncer l\u2019arriv\u00e9e de Mohamed Jabbari dans ses rangs pour la seconde partie de saison. Cet attaquant de 26 ans, qui \u00e9voluait jusqu\u2019\u00e0 pr\u00e9sent \u00e0 l&rsquo;US Brioude, vient renforcer l&rsquo;effectif gueugnonnais. Form\u00e9 \u00e0 l&rsquo;Olympique d&rsquo;Al\u00e8s (2009-2014) avant de rejoindre l&rsquo;Entente Sportive Pays d&rsquo;Uz\u00e8s (2014-2016) puis Castelnau-Le Cr\u00e8s FC (2016-2018), Mohamed Jabbari\u2026","_links":{"self":[{"href":"https:\/\/www.fcgueugnon.fr\/site\/wp-json\/wp\/v2\/posts\/52939","targetHints":{"allow":["GET"]}}],"collection":[{"href":"https:\/\/www.fcgueugnon.fr\/site\/wp-json\/wp\/v2\/posts"}],"about":[{"href":"https:\/\/www.fcgueugnon.fr\/site\/wp-json\/wp\/v2\/types\/post"}],"author":[{"embeddable":true,"href":"https:\/\/www.fcgueugnon.fr\/site\/wp-json\/wp\/v2\/users\/3"}],"replies":[{"embeddable":true,"href":"https:\/\/www.fcgueugnon.fr\/site\/wp-json\/wp\/v2\/comments?post=52939"}],"version-history":[{"count":5,"href":"https:\/\/www.fcgueugnon.fr\/site\/wp-json\/wp\/v2\/posts\/52939\/revisions"}],"predecessor-version":[{"id":52953,"href":"https:\/\/www.fcgueugnon.fr\/site\/wp-json\/wp\/v2\/posts\/52939\/revisions\/52953"}],"wp:featuredmedia":[{"embeddable":true,"href":"https:\/\/www.fcgueugnon.fr\/site\/wp-json\/wp\/v2\/media\/10860"}],"wp:attachment":[{"href":"https:\/\/www.fcgueugnon.fr\/site\/wp-json\/wp\/v2\/media?parent=52939"}],"wp:term":[{"taxonomy":"category","embeddable":true,"href":"https:\/\/www.fcgueugnon.fr\/site\/wp-json\/wp\/v2\/categories?post=52939"},{"taxonomy":"post_tag","embeddable":true,"href":"https:\/\/www.fcgueugnon.fr\/site\/wp-json\/wp\/v2\/tags?post=52939"}],"curies":[{"name":"wp","href":"https:\/\/api.w.org\/{rel}","templated":true}]}}