{"id":52653,"date":"2024-11-25T08:35:12","date_gmt":"2024-11-25T07:35:12","guid":{"rendered":"https:\/\/www.fcgueugnon.fr\/site\/?p=52653"},"modified":"2024-11-25T08:35:14","modified_gmt":"2024-11-25T07:35:14","slug":"n3-j09-fc-gueugnon-dijon-asptt-resultat-video-et-reactions","status":"publish","type":"post","link":"https:\/\/www.fcgueugnon.fr\/site\/n3-j09-fc-gueugnon-dijon-asptt-resultat-video-et-reactions\/52653","title":{"rendered":"[N3 J09 : FC Gueugnon \u2013 Dijon ASPTT] R\u00e9sultat, vid\u00e9o et r\u00e9actions"},"content":{"rendered":"\n<h2 class=\"wp-block-heading\">Sc\u00e8ne de joie \u00e0 Jean Laville o\u00f9 les forgerons ont enfin renou\u00e9 avec la victoire \u00e0 gr\u00e2ce \u00e0 un but du capitaine Jason Luanda !<\/h2>\n\n\n\n<div style=\"height:30px\" aria-hidden=\"true\" class=\"wp-block-spacer\"><\/div>\n\n\n\n<figure class=\"wp-block-gallery has-nested-images columns-2 is-cropped has-lightbox wp-block-gallery-1 is-layout-flex wp-block-gallery-is-layout-flex\">\n<figure class=\"wp-block-image size-large\"><img loading=\"lazy\" decoding=\"async\" width=\"1024\" height=\"768\" data-id=\"52657\" src=\"https:\/\/www.fcgueugnon.fr\/site\/wp-content\/uploads\/2024\/11\/victoire-fc-gueugnon-dijon-asptt-1024x768.jpg\" alt=\"\" class=\"wp-image-52657\" srcset=\"https:\/\/www.fcgueugnon.fr\/site\/wp-content\/uploads\/2024\/11\/victoire-fc-gueugnon-dijon-asptt-1024x768.jpg 1024w, https:\/\/www.fcgueugnon.fr\/site\/wp-content\/uploads\/2024\/11\/victoire-fc-gueugnon-dijon-asptt-400x300.jpg 400w, https:\/\/www.fcgueugnon.fr\/site\/wp-content\/uploads\/2024\/11\/victoire-fc-gueugnon-dijon-asptt-768x576.jpg 768w, https:\/\/www.fcgueugnon.fr\/site\/wp-content\/uploads\/2024\/11\/victoire-fc-gueugnon-dijon-asptt-1536x1152.jpg 1536w, https:\/\/www.fcgueugnon.fr\/site\/wp-content\/uploads\/2024\/11\/victoire-fc-gueugnon-dijon-asptt-1320x990.jpg 1320w, https:\/\/www.fcgueugnon.fr\/site\/wp-content\/uploads\/2024\/11\/victoire-fc-gueugnon-dijon-asptt.jpg 2048w\" sizes=\"auto, (max-width: 1024px) 100vw, 1024px\" \/><\/figure>\n\n\n\n<figure class=\"wp-block-image size-large\"><img loading=\"lazy\" decoding=\"async\" width=\"819\" height=\"1024\" data-id=\"52649\" src=\"https:\/\/www.fcgueugnon.fr\/site\/wp-content\/uploads\/2024\/11\/FCG-1-0-ASPTT-DIJON-819x1024.jpg\" alt=\"\" class=\"wp-image-52649\" srcset=\"https:\/\/www.fcgueugnon.fr\/site\/wp-content\/uploads\/2024\/11\/FCG-1-0-ASPTT-DIJON-819x1024.jpg 819w, https:\/\/www.fcgueugnon.fr\/site\/wp-content\/uploads\/2024\/11\/FCG-1-0-ASPTT-DIJON-320x400.jpg 320w, https:\/\/www.fcgueugnon.fr\/site\/wp-content\/uploads\/2024\/11\/FCG-1-0-ASPTT-DIJON-768x960.jpg 768w, https:\/\/www.fcgueugnon.fr\/site\/wp-content\/uploads\/2024\/11\/FCG-1-0-ASPTT-DIJON.jpg 1152w\" sizes=\"auto, (max-width: 819px) 100vw, 819px\" \/><\/figure>\n<\/figure>\n\n\n\n<p class=\"has-text-align-center\"><\/p>\n\n\n\n<div style=\"height:60px\" aria-hidden=\"true\" class=\"wp-block-spacer\"><\/div>\n\n\n\n<p>Avec son nouvel entra\u00eeneur sur le banc, <a href=\"https:\/\/www.fcgueugnon.fr\/site\/interview-forgeron-mag-5-avec-fatsah-amghar\/52611\" target=\"_blank\" rel=\"noreferrer noopener\">en la personne de <strong>Fatsah Amghar<\/strong> pr\u00e9sent\u00e9 dans le Forgeron Mag<\/a>, <strong>Gueugnon retrouvait son antre de Jean Laville, que l&rsquo;on croyait maudit, <\/strong>pour la r\u00e9ception d&rsquo;un concurrent direct au maintien : l&rsquo;ASPTT Dijon<\/p>\n\n\n\n<p>En avant-match, le coup d\u2019envoi fut donn\u00e9 par des parrains de prestige : les Glorieux Forgerons, membres de l\u2019Amicale des Anciens du FCG. Inspir\u00e9s par cette belle entr\u00e9e en mati\u00e8re, les Forgerons (actuels) entamaient la rencontre de mani\u00e8re opportuniste en <strong>ouvrant le score d\u00e8s la 24\u1d49 minute gr\u00e2ce \u00e0 Jason Luanda qui trouvait le chemin des filets d\u2019un subtil bout de pied <\/strong>(24&prime;, 1-0). Malheureusement, il fut contraint de c\u00e9der sa place un quart d\u2019heure plus tard, touch\u00e9 \u00e0 la cuisse. <\/p>\n\n\n\n<p>Mais, \u00e0 l\u2019image de leurs deux derni\u00e8res prestations face \u00e0 l\u2019AJA B et \u00e0 Sochaux (<a href=\"https:\/\/www.fcgueugnon.fr\/site\/tag\/resultat\">voir r\u00e9sultat<\/a>), les Gueugnonnais ont affich\u00e9 de l&rsquo;envie, de la rigueur et une combativit\u00e9 exemplaire n\u2019\u00e9pargnant aucun effort collectif !<strong> Et le travail finit toujours par payer, <\/strong>ce fut le cas pour les Jaunes et Bleus qui se sont procur\u00e9s pas moins de dix occasions franches en seconde p\u00e9riode pour faire le break (\u00e0 revivre en vid\u00e9o ci-dessous)&#8230;<\/p>\n\n\n\n<p>Au final, <strong>un seul but aura suffi pour d\u00e9crocher les 3 points, mais \u00e9galement conjurer le mauvais sort \u00e0 domicile <\/strong>avec cette premi\u00e8re victoire de la saison et quitter la place de lanterne rouge !<\/p>\n\n\n\n<p>Bravo \u00e0 nos joueurs et rendez-vous pour la prochain journ\u00e9e de championnat dans 2 semaines, le samedi 07\/12, chez le DFCO B. Et d&rsquo;ici l\u00e0, en match de pr\u00e9paration ce vendredi 29\/11 \u00e0 19h00 chez la Duch\u00e8re.<\/p>\n\n\n\n<center><blockquote class=\"instagram-media\" data-instgrm-captioned data-instgrm-permalink=\"https:\/\/www.instagram.com\/reel\/DCufDCbCGLz\/?utm_source=ig_embed&amp;utm_campaign=loading\" data-instgrm-version=\"14\" style=\" background:#FFF; border:0; border-radius:3px; box-shadow:0 0 1px 0 rgba(0,0,0,0.5),0 1px 10px 0 rgba(0,0,0,0.15); margin: 1px; max-width:540px; min-width:326px; padding:0; width:99.375%; width:-webkit-calc(100% - 2px); width:calc(100% - 2px);\"><div style=\"padding:16px;\"> <a href=\"https:\/\/www.instagram.com\/reel\/DCufDCbCGLz\/?utm_source=ig_embed&amp;utm_campaign=loading\" style=\" background:#FFFFFF; line-height:0; padding:0 0; text-align:center; text-decoration:none; width:100%;\" target=\"_blank\"> <div style=\" display: flex; flex-direction: row; align-items: center;\"> <div style=\"background-color: #F4F4F4; border-radius: 50%; flex-grow: 0; height: 40px; margin-right: 14px; width: 40px;\"><\/div> <div style=\"display: flex; flex-direction: column; flex-grow: 1; justify-content: center;\"> <div style=\" background-color: #F4F4F4; border-radius: 4px; flex-grow: 0; height: 14px; margin-bottom: 6px; width: 100px;\"><\/div> <div style=\" background-color: #F4F4F4; border-radius: 4px; flex-grow: 0; height: 14px; width: 60px;\"><\/div><\/div><\/div><div style=\"padding: 19% 0;\"><\/div> <div style=\"display:block; height:50px; margin:0 auto 12px; width:50px;\"><svg width=\"50px\" height=\"50px\" viewBox=\"0 0 60 60\" version=\"1.1\" xmlns=\"https:\/\/www.w3.org\/2000\/svg\" xmlns:xlink=\"https:\/\/www.w3.org\/1999\/xlink\"><g stroke=\"none\" stroke-width=\"1\" fill=\"none\" fill-rule=\"evenodd\"><g transform=\"translate(-511.000000, -20.000000)\" fill=\"#000000\"><g><path d=\"M556.869,30.41 C554.814,30.41 553.148,32.076 553.148,34.131 C553.148,36.186 554.814,37.852 556.869,37.852 C558.924,37.852 560.59,36.186 560.59,34.131 C560.59,32.076 558.924,30.41 556.869,30.41 M541,60.657 C535.114,60.657 530.342,55.887 530.342,50 C530.342,44.114 535.114,39.342 541,39.342 C546.887,39.342 551.658,44.114 551.658,50 C551.658,55.887 546.887,60.657 541,60.657 M541,33.886 C532.1,33.886 524.886,41.1 524.886,50 C524.886,58.899 532.1,66.113 541,66.113 C549.9,66.113 557.115,58.899 557.115,50 C557.115,41.1 549.9,33.886 541,33.886 M565.378,62.101 C565.244,65.022 564.756,66.606 564.346,67.663 C563.803,69.06 563.154,70.057 562.106,71.106 C561.058,72.155 560.06,72.803 558.662,73.347 C557.607,73.757 556.021,74.244 553.102,74.378 C549.944,74.521 548.997,74.552 541,74.552 C533.003,74.552 532.056,74.521 528.898,74.378 C525.979,74.244 524.393,73.757 523.338,73.347 C521.94,72.803 520.942,72.155 519.894,71.106 C518.846,70.057 518.197,69.06 517.654,67.663 C517.244,66.606 516.755,65.022 516.623,62.101 C516.479,58.943 516.448,57.996 516.448,50 C516.448,42.003 516.479,41.056 516.623,37.899 C516.755,34.978 517.244,33.391 517.654,32.338 C518.197,30.938 518.846,29.942 519.894,28.894 C520.942,27.846 521.94,27.196 523.338,26.654 C524.393,26.244 525.979,25.756 528.898,25.623 C532.057,25.479 533.004,25.448 541,25.448 C548.997,25.448 549.943,25.479 553.102,25.623 C556.021,25.756 557.607,26.244 558.662,26.654 C560.06,27.196 561.058,27.846 562.106,28.894 C563.154,29.942 563.803,30.938 564.346,32.338 C564.756,33.391 565.244,34.978 565.378,37.899 C565.522,41.056 565.552,42.003 565.552,50 C565.552,57.996 565.522,58.943 565.378,62.101 M570.82,37.631 C570.674,34.438 570.167,32.258 569.425,30.349 C568.659,28.377 567.633,26.702 565.965,25.035 C564.297,23.368 562.623,22.342 560.652,21.575 C558.743,20.834 556.562,20.326 553.369,20.18 C550.169,20.033 549.148,20 541,20 C532.853,20 531.831,20.033 528.631,20.18 C525.438,20.326 523.257,20.834 521.349,21.575 C519.376,22.342 517.703,23.368 516.035,25.035 C514.368,26.702 513.342,28.377 512.574,30.349 C511.834,32.258 511.326,34.438 511.181,37.631 C511.035,40.831 511,41.851 511,50 C511,58.147 511.035,59.17 511.181,62.369 C511.326,65.562 511.834,67.743 512.574,69.651 C513.342,71.625 514.368,73.296 516.035,74.965 C517.703,76.634 519.376,77.658 521.349,78.425 C523.257,79.167 525.438,79.673 528.631,79.82 C531.831,79.965 532.853,80.001 541,80.001 C549.148,80.001 550.169,79.965 553.369,79.82 C556.562,79.673 558.743,79.167 560.652,78.425 C562.623,77.658 564.297,76.634 565.965,74.965 C567.633,73.296 568.659,71.625 569.425,69.651 C570.167,67.743 570.674,65.562 570.82,62.369 C570.966,59.17 571,58.147 571,50 C571,41.851 570.966,40.831 570.82,37.631\"><\/path><\/g><\/g><\/g><\/svg><\/div><div style=\"padding-top: 8px;\"> <div style=\" color:#3897f0; font-family:Arial,sans-serif; font-size:14px; font-style:normal; font-weight:550; line-height:18px;\">Voir cette publication sur Instagram<\/div><\/div><div style=\"padding: 12.5% 0;\"><\/div> <div style=\"display: flex; flex-direction: row; margin-bottom: 14px; align-items: center;\"><div> <div style=\"background-color: #F4F4F4; border-radius: 50%; height: 12.5px; width: 12.5px; transform: translateX(0px) translateY(7px);\"><\/div> <div style=\"background-color: #F4F4F4; height: 12.5px; transform: rotate(-45deg) translateX(3px) translateY(1px); width: 12.5px; flex-grow: 0; margin-right: 14px; margin-left: 2px;\"><\/div> <div style=\"background-color: #F4F4F4; border-radius: 50%; height: 12.5px; width: 12.5px; transform: translateX(9px) translateY(-18px);\"><\/div><\/div><div style=\"margin-left: 8px;\"> <div style=\" background-color: #F4F4F4; border-radius: 50%; flex-grow: 0; height: 20px; width: 20px;\"><\/div> <div style=\" width: 0; height: 0; border-top: 2px solid transparent; border-left: 6px solid #f4f4f4; border-bottom: 2px solid transparent; transform: translateX(16px) translateY(-4px) rotate(30deg)\"><\/div><\/div><div style=\"margin-left: auto;\"> <div style=\" width: 0px; border-top: 8px solid #F4F4F4; border-right: 8px solid transparent; transform: translateY(16px);\"><\/div> <div style=\" background-color: #F4F4F4; flex-grow: 0; height: 12px; width: 16px; transform: translateY(-4px);\"><\/div> <div style=\" width: 0; height: 0; border-top: 8px solid #F4F4F4; border-left: 8px solid transparent; transform: translateY(-4px) translateX(8px);\"><\/div><\/div><\/div> <div style=\"display: flex; flex-direction: column; flex-grow: 1; justify-content: center; margin-bottom: 24px;\"> <div style=\" background-color: #F4F4F4; border-radius: 4px; flex-grow: 0; height: 14px; margin-bottom: 6px; width: 224px;\"><\/div> <div style=\" background-color: #F4F4F4; border-radius: 4px; flex-grow: 0; height: 14px; width: 144px;\"><\/div><\/div><\/a><p style=\" color:#c9c8cd; font-family:Arial,sans-serif; font-size:14px; line-height:17px; margin-bottom:0; margin-top:8px; overflow:hidden; padding:8px 0 7px; text-align:center; text-overflow:ellipsis; white-space:nowrap;\"><a href=\"https:\/\/www.instagram.com\/reel\/DCufDCbCGLz\/?utm_source=ig_embed&amp;utm_campaign=loading\" style=\" color:#c9c8cd; font-family:Arial,sans-serif; font-size:14px; font-style:normal; font-weight:normal; line-height:17px; text-decoration:none;\" target=\"_blank\">Une publication partag\u00e9e par FC Gueugnon (@fcgueugnon)<\/a><\/p><\/div><\/blockquote>\n<script async src=\"\/\/www.instagram.com\/embed.js\"><\/script><\/center>\n\n\n\n<p><br><\/p>\n\n\n\n<div style=\"height:100px\" aria-hidden=\"true\" class=\"wp-block-spacer\"><\/div>\n\n\n\n<h2 class=\"wp-block-heading\"><strong>R\u00e9sum\u00e9 Vid\u00e9o<\/strong><\/h2>\n\n\n\n<center><iframe loading=\"lazy\" width=\"1080\" height=\"608\" src=\"https:\/\/www.youtube.com\/embed\/-lj0ndWpnOc?si=GITdqsjTMFpCb3xh\" title=\"YouTube video player\" frameborder=\"0\" allow=\"accelerometer; autoplay; clipboard-write; encrypted-media; gyroscope; picture-in-picture; web-share\" referrerpolicy=\"strict-origin-when-cross-origin\" allowfullscreen><\/iframe><\/center>\n\n\n\n<div style=\"height:100px\" aria-hidden=\"true\" class=\"wp-block-spacer\"><\/div>\n\n\n\n<h2 class=\"wp-block-heading\"><strong>R\u00e9actions<\/strong><\/h2>\n\n\n\n<div style=\"height:30px\" aria-hidden=\"true\" class=\"wp-block-spacer\"><\/div>\n\n\n\n<div class=\"wp-block-media-text is-stacked-on-mobile is-vertically-aligned-center is-image-fill-element\" style=\"grid-template-columns:38% auto\"><figure class=\"wp-block-media-text__media\"><img loading=\"lazy\" decoding=\"async\" width=\"1024\" height=\"683\" src=\"https:\/\/www.fcgueugnon.fr\/site\/wp-content\/uploads\/2024\/01\/Remise-Label-Jeunes-FFF-FC-Gueugnon-75-1024x683.jpg\" alt=\"\" class=\"wp-image-8252 size-full\" style=\"object-position:51% 53%\" srcset=\"https:\/\/www.fcgueugnon.fr\/site\/wp-content\/uploads\/2024\/01\/Remise-Label-Jeunes-FFF-FC-Gueugnon-75-1024x683.jpg 1024w, https:\/\/www.fcgueugnon.fr\/site\/wp-content\/uploads\/2024\/01\/Remise-Label-Jeunes-FFF-FC-Gueugnon-75-400x267.jpg 400w, https:\/\/www.fcgueugnon.fr\/site\/wp-content\/uploads\/2024\/01\/Remise-Label-Jeunes-FFF-FC-Gueugnon-75-768x512.jpg 768w, https:\/\/www.fcgueugnon.fr\/site\/wp-content\/uploads\/2024\/01\/Remise-Label-Jeunes-FFF-FC-Gueugnon-75-1536x1024.jpg 1536w, https:\/\/www.fcgueugnon.fr\/site\/wp-content\/uploads\/2024\/01\/Remise-Label-Jeunes-FFF-FC-Gueugnon-75-2048x1365.jpg 2048w, https:\/\/www.fcgueugnon.fr\/site\/wp-content\/uploads\/2024\/01\/Remise-Label-Jeunes-FFF-FC-Gueugnon-75-1320x880.jpg 1320w, https:\/\/www.fcgueugnon.fr\/site\/wp-content\/uploads\/2024\/01\/Remise-Label-Jeunes-FFF-FC-Gueugnon-75-600x400.jpg 600w\" sizes=\"auto, (max-width: 1024px) 100vw, 1024px\" \/><\/figure><div class=\"wp-block-media-text__content\">\n<p class=\"has-text-align-left\"><strong>Bernard CANARD, Pr\u00e9sident<\/strong><\/p>\n\n\n\n<p class=\"has-text-align-left\"><em>\u00ab<\/em> Il fallait cette victoire, aussi bien pour le club que pour les joueurs qui avaient besoin de se remettre en confiance. Il la fallait aussi pour conjurer le sort de Jean Laville \u00bb<\/p>\n\n\n\n<p><em><sub>R\u00e9actions compl\u00e8tes \u00e0 retrouver ce jeudi sur notre site officiel !<\/sub><\/em><\/p>\n<\/div><\/div>\n\n\n\n<div style=\"height:20px\" aria-hidden=\"true\" class=\"wp-block-spacer\"><\/div>\n\n\n\n<div class=\"wp-block-media-text has-media-on-the-right is-stacked-on-mobile is-vertically-aligned-center is-image-fill-element\" style=\"grid-template-columns:auto 38%\"><div class=\"wp-block-media-text__content\">\n<p class=\"has-text-align-left\"><strong>Jason LUANDA, Buteur<\/strong><\/p>\n\n\n\n<p class=\"has-text-align-left\"><em>\u00ab<\/em> C&rsquo;est peut-\u00eatre moi qui a la finition mais il y a un travail d&rsquo;\u00e9quipe et il y a un travail fait aussi en entra\u00eenement. C&rsquo;est toujours plaisant de marquer des buts mais je suis content pour l&rsquo;\u00e9quipe. \u00bb<\/p>\n\n\n\n<p><em><sub>R\u00e9actions compl\u00e8tes \u00e0 retrouver ce jeudi sur notre site officiel !<\/sub><\/em><\/p>\n<\/div><figure class=\"wp-block-media-text__media\"><img loading=\"lazy\" decoding=\"async\" width=\"1024\" height=\"683\" src=\"https:\/\/www.fcgueugnon.fr\/site\/wp-content\/uploads\/2024\/10\/jason-luanda-fc-gueugnon-kop-ultras-1024x683.jpg\" alt=\"\" class=\"wp-image-52139 size-full\" style=\"object-position:50% 50%\" srcset=\"https:\/\/www.fcgueugnon.fr\/site\/wp-content\/uploads\/2024\/10\/jason-luanda-fc-gueugnon-kop-ultras-1024x683.jpg 1024w, https:\/\/www.fcgueugnon.fr\/site\/wp-content\/uploads\/2024\/10\/jason-luanda-fc-gueugnon-kop-ultras-400x267.jpg 400w, https:\/\/www.fcgueugnon.fr\/site\/wp-content\/uploads\/2024\/10\/jason-luanda-fc-gueugnon-kop-ultras-768x512.jpg 768w, https:\/\/www.fcgueugnon.fr\/site\/wp-content\/uploads\/2024\/10\/jason-luanda-fc-gueugnon-kop-ultras-1536x1024.jpg 1536w, https:\/\/www.fcgueugnon.fr\/site\/wp-content\/uploads\/2024\/10\/jason-luanda-fc-gueugnon-kop-ultras-2048x1366.jpg 2048w, https:\/\/www.fcgueugnon.fr\/site\/wp-content\/uploads\/2024\/10\/jason-luanda-fc-gueugnon-kop-ultras-1320x880.jpg 1320w\" sizes=\"auto, (max-width: 1024px) 100vw, 1024px\" \/><\/figure><\/div>\n\n\n\n<div class=\"wp-block-media-text is-stacked-on-mobile is-vertically-aligned-center is-image-fill-element\" style=\"grid-template-columns:38% auto\"><figure class=\"wp-block-media-text__media\"><img loading=\"lazy\" decoding=\"async\" width=\"1024\" height=\"576\" src=\"https:\/\/www.fcgueugnon.fr\/site\/wp-content\/uploads\/2024\/01\/Richard-Trivino-1024x576.png\" alt=\"\" class=\"wp-image-8076 size-full\" style=\"object-position:50% 50%\" srcset=\"https:\/\/www.fcgueugnon.fr\/site\/wp-content\/uploads\/2024\/01\/Richard-Trivino-1024x576.png 1024w, https:\/\/www.fcgueugnon.fr\/site\/wp-content\/uploads\/2024\/01\/Richard-Trivino-400x225.png 400w, https:\/\/www.fcgueugnon.fr\/site\/wp-content\/uploads\/2024\/01\/Richard-Trivino-768x432.png 768w, https:\/\/www.fcgueugnon.fr\/site\/wp-content\/uploads\/2024\/01\/Richard-Trivino-1536x864.png 1536w, https:\/\/www.fcgueugnon.fr\/site\/wp-content\/uploads\/2024\/01\/Richard-Trivino-1320x743.png 1320w, https:\/\/www.fcgueugnon.fr\/site\/wp-content\/uploads\/2024\/01\/Richard-Trivino-600x338.png 600w, https:\/\/www.fcgueugnon.fr\/site\/wp-content\/uploads\/2024\/01\/Richard-Trivino.png 1920w\" sizes=\"auto, (max-width: 1024px) 100vw, 1024px\" \/><\/figure><div class=\"wp-block-media-text__content\">\n<p class=\"has-text-align-left\"><strong>Richard TRIVINO, Directeur Sportif<\/strong><\/p>\n\n\n\n<p class=\"has-text-align-left\"><em>\u00ab<\/em> S&rsquo;il faut que je vienne \u00e0 chaque fois pour gagner ? Non je ne pourrais pas (rires). <\/p>\n\n\n\n<p class=\"has-text-align-left\">Apr\u00e8s, je ne suis franchement pas surpris car ce groupe doit \u00eatre largement plus haut. Il va falloir qu&rsquo;on grappille pour recoller mais chaque chose en son temps. On a grappill\u00e9 3 points ce soir sur l&rsquo;ASPTT Dijon et il y en a d&rsquo;autres \u00e0 aller chercher.<\/p>\n\n\n\n<p class=\"has-text-align-left\">Ce n&rsquo;est qu&rsquo;une victoire et il reste beaucoup \u00e0 prendre, on ne va pas s&rsquo;enflammer. \u00bb<\/p>\n\n\n\n<p><em><sub>R\u00e9actions compl\u00e8tes \u00e0 retrouver ce jeudi sur notre site officiel !<\/sub><\/em><\/p>\n<\/div><\/div>\n\n\n\n<div style=\"height:15px\" aria-hidden=\"true\" class=\"wp-block-spacer\"><\/div>\n\n\n\n<hr class=\"wp-block-separator has-text-color has-css-opacity has-background\" style=\"background-color:#f7db4a;color:#f7db4a\"\/>\n\n\n\n<div style=\"height:15px\" aria-hidden=\"true\" class=\"wp-block-spacer\"><\/div>\n\n\n\n<h3 class=\"wp-block-heading has-text-align-left\">\u26bd <strong>Score final<\/strong><\/h3>\n\n\n\n<p>\u00c0 Gueugnon, stade Jean Laville<br><strong>FC Gueugnon 1-0 Dijon ASPTT<\/strong><br>Buts : Luanda (24&prime;)<br>Affluence : 445 spectateurs<\/p>\n\n\n\n<p class=\"has-text-align-left\"><strong>Les officiels :<\/strong><br>Arbitre centre : NICOLAS DIACRE<br>Arbitre assistant 1 : GUILLAUME LAMBERT-COUCOT<br>Arbitre assistant 2 : ROMAIN GARNIER<br>D\u00e9l\u00e9gu\u00e9 principal : CEDRIC JOZWIAK<br>Observateur adjoint 1 : JULIEN GRATIAN<\/p>\n\n\n\n<p class=\"has-text-align-left\"><strong>Composition d\u2019\u00e9quipe<\/strong><br>Njock \u2013 Mohamed, Delclaux, Schacherer, Galland (67&prime; Mahla) &#8211; Gnahor\u00e9, Figueira, Zampa, Dos Santos (67&prime; Valente) &#8211; Miezi-Kembolo (80&prime; Thevenet), Luanda (38&prime; Buckman)<br>Entra\u00eeneur : Fatsah Amghar \/ Adjoint : Bakeba Bayo<\/p>\n\n\n\n<div style=\"height:30px\" aria-hidden=\"true\" class=\"wp-block-spacer\"><\/div>\n\n\n\n<h3 class=\"wp-block-heading has-text-align-left\">\ud83d\udd0d <strong>Partenaire<\/strong><\/h3>\n\n\n\n<blockquote class=\"wp-block-quote is-layout-flow wp-block-quote-is-layout-flow\">\n<figure class=\"wp-block-embed is-type-wp-embed is-provider-football-club-gueugnon wp-block-embed-football-club-gueugnon\"><div class=\"wp-block-embed__wrapper\">\n<blockquote class=\"wp-embedded-content\" data-secret=\"VFiTbBGszO\"><a href=\"https:\/\/www.fcgueugnon.fr\/site\/n3-j09-fc-gueugnon-dijon-asptt-lamicale-des-anciens-du-fc-gueugnon-partenaire-de-la-rencontre\/52610\">[N3 J09 : FC Gueugnon \u2013 Dijon ASPTT] L\u2019Amicale des Anciens du FC Gueugnon, partenaire de la rencontre<\/a><\/blockquote><iframe loading=\"lazy\" class=\"wp-embedded-content\" sandbox=\"allow-scripts\" security=\"restricted\" style=\"position: absolute; visibility: hidden;\" title=\"\u00ab\u00a0[N3 J09 : FC Gueugnon \u2013 Dijon ASPTT] L\u2019Amicale des Anciens du FC Gueugnon, partenaire de la rencontre\u00a0\u00bb &#8212; FOOTBALL CLUB GUEUGNON\" src=\"https:\/\/www.fcgueugnon.fr\/site\/n3-j09-fc-gueugnon-dijon-asptt-lamicale-des-anciens-du-fc-gueugnon-partenaire-de-la-rencontre\/52610\/embed#?secret=FzxYHyCz5n#?secret=VFiTbBGszO\" data-secret=\"VFiTbBGszO\" width=\"600\" height=\"338\" frameborder=\"0\" marginwidth=\"0\" marginheight=\"0\" scrolling=\"no\"><\/iframe>\n<\/div><\/figure>\n<\/blockquote>\n\n\n\n<div style=\"height:10px\" aria-hidden=\"true\" class=\"wp-block-spacer\"><\/div>\n\n\n\n<h3 class=\"wp-block-heading has-text-align-left\"><strong>\ud83d\uddd3&nbsp;&nbsp;La 9e journ\u00e9e de National 3 : &nbsp;<\/strong><\/h3>\n\n\n\n<p>Samedi 23 Novembre 2024<br>18h00 : Dijon FCO B \/ AJ Auxerre B : Report\u00e9<br>18h00 : St Maur Lusitanos \/ US Torcy PVM : 1-1<br>18h00 : Louhans-Cuiseaux \/ ESTAC B : 2-2<br>18h00 : US Ivry \/ FC Montceau : Report\u00e9<br>18h00 : SG FC \/ Neuilly sur Marne : Report\u00e9<br><strong>18h00 : FC Gueugnon \/ Dijon ASPTT <\/strong>: 1-0<br>18h30 : Moulin-Yzeure \/ Racing Club de France : 1-1<\/p>\n\n\n\n<div style=\"height:20px\" aria-hidden=\"true\" class=\"wp-block-spacer\"><\/div>\n\n\n\n<div class=\"wp-block-columns is-not-stacked-on-mobile is-layout-flex wp-container-core-columns-is-layout-9d6595d7 wp-block-columns-is-layout-flex\">\n<div class=\"wp-block-column is-layout-flow wp-block-column-is-layout-flow\">\n<div class=\"wp-block-buttons is-content-justification-right is-layout-flex wp-container-core-buttons-is-layout-765c4724 wp-block-buttons-is-layout-flex\">\n<div class=\"wp-block-button\"><a class=\"wp-block-button__link has-text-align-center wp-element-button\" href=\"https:\/\/www.fcgueugnon.fr\/site\/calendrier-seniors-a-national-3-bourgogne-franche-comte\">Calendrier<\/a><\/div>\n<\/div>\n<\/div>\n\n\n\n<div class=\"wp-block-column is-layout-flow wp-block-column-is-layout-flow\">\n<div class=\"wp-block-buttons is-content-justification-left is-layout-flex wp-container-core-buttons-is-layout-fdcfc74e wp-block-buttons-is-layout-flex\">\n<div class=\"wp-block-button\"><a class=\"wp-block-button__link has-text-align-center wp-element-button\" href=\"https:\/\/www.fcgueugnon.fr\/site\/classement-national-3-bourgogne-franche-comte\">Classement<\/a><\/div>\n<\/div>\n<\/div>\n<\/div>\n","protected":false},"excerpt":{"rendered":"<p>Sc\u00e8ne de joie \u00e0 Jean Laville o\u00f9 les forgerons ont enfin renou\u00e9 avec la victoire \u00e0 gr\u00e2ce \u00e0 un but du capitaine Jason Luanda ! Avec son nouvel entra\u00eeneur sur le banc, en la personne de Fatsah Amghar pr\u00e9sent\u00e9 dans le Forgeron Mag, Gueugnon retrouvait son antre de Jean Laville, que l&rsquo;on croyait maudit, pour &#8230; <\/p>\n<p class=\"read-more-container\"><a title=\"[N3 J09 : FC Gueugnon \u2013 Dijon ASPTT] R\u00e9sultat, vid\u00e9o et r\u00e9actions\" class=\"read-more button\" href=\"https:\/\/www.fcgueugnon.fr\/site\/n3-j09-fc-gueugnon-dijon-asptt-resultat-video-et-reactions\/52653#more-52653\" aria-label=\"Plus sur [N3 J09 : FC Gueugnon \u2013 Dijon ASPTT] R\u00e9sultat, vid\u00e9o et r\u00e9actions\">Lire la suite<\/a><\/p>\n","protected":false},"author":1,"featured_media":52657,"comment_status":"closed","ping_status":"closed","sticky":false,"template":"","format":"standard","meta":{"footnotes":""},"categories":[4,62],"tags":[27,31],"class_list":["post-52653","post","type-post","status-publish","format-standard","has-post-thumbnail","hentry","category-news","category-news-2024-2025","tag-resultat","tag-video","infinite-scroll-item","generate-columns","tablet-grid-50","mobile-grid-100","grid-parent","grid-25","resize-featured-image"],"yoast_head":"<!-- This site is optimized with the Yoast SEO plugin v26.6 - https:\/\/yoast.com\/wordpress\/plugins\/seo\/ -->\n<title>[N3 J09 : FC Gueugnon \u2013 Dijon ASPTT] R\u00e9sultat, vid\u00e9o et r\u00e9actions &#8226; FOOTBALL CLUB GUEUGNON<\/title>\n<meta name=\"robots\" content=\"index, follow, max-snippet:-1, max-image-preview:large, max-video-preview:-1\" \/>\n<link rel=\"canonical\" href=\"https:\/\/www.fcgueugnon.fr\/site\/n3-j09-fc-gueugnon-dijon-asptt-resultat-video-et-reactions\/52653\" \/>\n<meta property=\"og:locale\" content=\"fr_FR\" \/>\n<meta property=\"og:type\" content=\"article\" \/>\n<meta property=\"og:title\" content=\"[N3 J09 : FC Gueugnon \u2013 Dijon ASPTT] R\u00e9sultat, vid\u00e9o et r\u00e9actions &#8226; FOOTBALL CLUB GUEUGNON\" \/>\n<meta property=\"og:description\" content=\"Sc\u00e8ne de joie \u00e0 Jean Laville o\u00f9 les forgerons ont enfin renou\u00e9 avec la victoire \u00e0 gr\u00e2ce \u00e0 un but du capitaine Jason Luanda ! Avec son nouvel entra\u00eeneur sur le banc, en la personne de Fatsah Amghar pr\u00e9sent\u00e9 dans le Forgeron Mag, Gueugnon retrouvait son antre de Jean Laville, que l&rsquo;on croyait maudit, pour ... Lire la suite\" \/>\n<meta property=\"og:url\" content=\"https:\/\/www.fcgueugnon.fr\/site\/n3-j09-fc-gueugnon-dijon-asptt-resultat-video-et-reactions\/52653\" \/>\n<meta property=\"og:site_name\" content=\"FOOTBALL CLUB GUEUGNON\" \/>\n<meta property=\"article:publisher\" content=\"http:\/\/facebook.com\/FCGueugnon\" \/>\n<meta property=\"article:published_time\" content=\"2024-11-25T07:35:12+00:00\" \/>\n<meta property=\"article:modified_time\" content=\"2024-11-25T07:35:14+00:00\" \/>\n<meta property=\"og:image\" content=\"https:\/\/www.fcgueugnon.fr\/site\/wp-content\/uploads\/2024\/11\/victoire-fc-gueugnon-dijon-asptt.jpg\" \/>\n\t<meta property=\"og:image:width\" content=\"2048\" \/>\n\t<meta property=\"og:image:height\" content=\"1536\" \/>\n\t<meta property=\"og:image:type\" content=\"image\/jpeg\" \/>\n<meta name=\"author\" content=\"FC Gueugnon\" \/>\n<meta name=\"twitter:card\" content=\"summary_large_image\" \/>\n<meta name=\"twitter:creator\" content=\"@FCGueugnon_off\" \/>\n<meta name=\"twitter:site\" content=\"@FCGueugnon_off\" \/>\n<meta name=\"twitter:label1\" content=\"\u00c9crit par\" \/>\n\t<meta name=\"twitter:data1\" content=\"FC Gueugnon\" \/>\n\t<meta name=\"twitter:label2\" content=\"Dur\u00e9e de lecture estim\u00e9e\" \/>\n\t<meta name=\"twitter:data2\" content=\"5 minutes\" \/>\n<script type=\"application\/ld+json\" class=\"yoast-schema-graph\">{\"@context\":\"https:\/\/schema.org\",\"@graph\":[{\"@type\":\"Article\",\"@id\":\"https:\/\/www.fcgueugnon.fr\/site\/n3-j09-fc-gueugnon-dijon-asptt-resultat-video-et-reactions\/52653#article\",\"isPartOf\":{\"@id\":\"https:\/\/www.fcgueugnon.fr\/site\/n3-j09-fc-gueugnon-dijon-asptt-resultat-video-et-reactions\/52653\"},\"author\":{\"name\":\"FC Gueugnon\",\"@id\":\"https:\/\/www.fcgueugnon.fr\/site\/#\/schema\/person\/f6444fbdd35fa731ee974c03508738fb\"},\"headline\":\"[N3 J09 : FC Gueugnon \u2013 Dijon ASPTT] R\u00e9sultat, vid\u00e9o et r\u00e9actions\",\"datePublished\":\"2024-11-25T07:35:12+00:00\",\"dateModified\":\"2024-11-25T07:35:14+00:00\",\"mainEntityOfPage\":{\"@id\":\"https:\/\/www.fcgueugnon.fr\/site\/n3-j09-fc-gueugnon-dijon-asptt-resultat-video-et-reactions\/52653\"},\"wordCount\":667,\"publisher\":{\"@id\":\"https:\/\/www.fcgueugnon.fr\/site\/#organization\"},\"image\":{\"@id\":\"https:\/\/www.fcgueugnon.fr\/site\/n3-j09-fc-gueugnon-dijon-asptt-resultat-video-et-reactions\/52653#primaryimage\"},\"thumbnailUrl\":\"https:\/\/www.fcgueugnon.fr\/site\/wp-content\/uploads\/2024\/11\/victoire-fc-gueugnon-dijon-asptt.jpg\",\"keywords\":[\"R\u00e9sultat\",\"Vid\u00e9o\"],\"articleSection\":[\"News\",\"News 2024\/2025\"],\"inLanguage\":\"fr-FR\"},{\"@type\":\"WebPage\",\"@id\":\"https:\/\/www.fcgueugnon.fr\/site\/n3-j09-fc-gueugnon-dijon-asptt-resultat-video-et-reactions\/52653\",\"url\":\"https:\/\/www.fcgueugnon.fr\/site\/n3-j09-fc-gueugnon-dijon-asptt-resultat-video-et-reactions\/52653\",\"name\":\"[N3 J09 : FC Gueugnon \u2013 Dijon ASPTT] R\u00e9sultat, vid\u00e9o et r\u00e9actions &#8226; FOOTBALL CLUB GUEUGNON\",\"isPartOf\":{\"@id\":\"https:\/\/www.fcgueugnon.fr\/site\/#website\"},\"primaryImageOfPage\":{\"@id\":\"https:\/\/www.fcgueugnon.fr\/site\/n3-j09-fc-gueugnon-dijon-asptt-resultat-video-et-reactions\/52653#primaryimage\"},\"image\":{\"@id\":\"https:\/\/www.fcgueugnon.fr\/site\/n3-j09-fc-gueugnon-dijon-asptt-resultat-video-et-reactions\/52653#primaryimage\"},\"thumbnailUrl\":\"https:\/\/www.fcgueugnon.fr\/site\/wp-content\/uploads\/2024\/11\/victoire-fc-gueugnon-dijon-asptt.jpg\",\"datePublished\":\"2024-11-25T07:35:12+00:00\",\"dateModified\":\"2024-11-25T07:35:14+00:00\",\"breadcrumb\":{\"@id\":\"https:\/\/www.fcgueugnon.fr\/site\/n3-j09-fc-gueugnon-dijon-asptt-resultat-video-et-reactions\/52653#breadcrumb\"},\"inLanguage\":\"fr-FR\",\"potentialAction\":[{\"@type\":\"ReadAction\",\"target\":[\"https:\/\/www.fcgueugnon.fr\/site\/n3-j09-fc-gueugnon-dijon-asptt-resultat-video-et-reactions\/52653\"]}]},{\"@type\":\"ImageObject\",\"inLanguage\":\"fr-FR\",\"@id\":\"https:\/\/www.fcgueugnon.fr\/site\/n3-j09-fc-gueugnon-dijon-asptt-resultat-video-et-reactions\/52653#primaryimage\",\"url\":\"https:\/\/www.fcgueugnon.fr\/site\/wp-content\/uploads\/2024\/11\/victoire-fc-gueugnon-dijon-asptt.jpg\",\"contentUrl\":\"https:\/\/www.fcgueugnon.fr\/site\/wp-content\/uploads\/2024\/11\/victoire-fc-gueugnon-dijon-asptt.jpg\",\"width\":2048,\"height\":1536},{\"@type\":\"BreadcrumbList\",\"@id\":\"https:\/\/www.fcgueugnon.fr\/site\/n3-j09-fc-gueugnon-dijon-asptt-resultat-video-et-reactions\/52653#breadcrumb\",\"itemListElement\":[{\"@type\":\"ListItem\",\"position\":1,\"name\":\"Accueil\",\"item\":\"https:\/\/www.fcgueugnon.fr\/site\/\"},{\"@type\":\"ListItem\",\"position\":2,\"name\":\"[N3 J09 : FC Gueugnon \u2013 Dijon ASPTT] R\u00e9sultat, vid\u00e9o et r\u00e9actions\"}]},{\"@type\":\"WebSite\",\"@id\":\"https:\/\/www.fcgueugnon.fr\/site\/#website\",\"url\":\"https:\/\/www.fcgueugnon.fr\/site\/\",\"name\":\"FOOTBALL CLUB GUEUGNON\",\"description\":\"Le Site Officiel des Forgerons\",\"publisher\":{\"@id\":\"https:\/\/www.fcgueugnon.fr\/site\/#organization\"},\"potentialAction\":[{\"@type\":\"SearchAction\",\"target\":{\"@type\":\"EntryPoint\",\"urlTemplate\":\"https:\/\/www.fcgueugnon.fr\/site\/?s={search_term_string}\"},\"query-input\":{\"@type\":\"PropertyValueSpecification\",\"valueRequired\":true,\"valueName\":\"search_term_string\"}}],\"inLanguage\":\"fr-FR\"},{\"@type\":\"Organization\",\"@id\":\"https:\/\/www.fcgueugnon.fr\/site\/#organization\",\"name\":\"FC Gueugnon\",\"url\":\"https:\/\/www.fcgueugnon.fr\/site\/\",\"logo\":{\"@type\":\"ImageObject\",\"inLanguage\":\"fr-FR\",\"@id\":\"https:\/\/www.fcgueugnon.fr\/site\/#\/schema\/logo\/image\/\",\"url\":\"https:\/\/www.fcgueugnon.fr\/site\/wp-content\/uploads\/2022\/07\/cropped-Logo-FCGUEUGNON-low-350x350-1.png\",\"contentUrl\":\"https:\/\/www.fcgueugnon.fr\/site\/wp-content\/uploads\/2022\/07\/cropped-Logo-FCGUEUGNON-low-350x350-1.png\",\"width\":350,\"height\":350,\"caption\":\"FC Gueugnon\"},\"image\":{\"@id\":\"https:\/\/www.fcgueugnon.fr\/site\/#\/schema\/logo\/image\/\"},\"sameAs\":[\"http:\/\/facebook.com\/FCGueugnon\",\"https:\/\/x.com\/FCGueugnon_off\",\"https:\/\/www.instagram.com\/fcgueugnon\/\",\"https:\/\/www.linkedin.com\/company\/football-club-de-gueugnon\/\",\"https:\/\/www.youtube.com\/user\/FCGueugnonnais\",\"https:\/\/fr.wikipedia.org\/wiki\/Football_Club_de_Gueugnon\"]},{\"@type\":\"Person\",\"@id\":\"https:\/\/www.fcgueugnon.fr\/site\/#\/schema\/person\/f6444fbdd35fa731ee974c03508738fb\",\"name\":\"FC Gueugnon\",\"sameAs\":[\"https:\/\/www.fcgueugnon.fr\/site\"],\"url\":\"https:\/\/www.fcgueugnon.fr\/site\/author\/admin-antho\"}]}<\/script>\n<!-- \/ Yoast SEO plugin. -->","yoast_head_json":{"title":"[N3 J09 : FC Gueugnon \u2013 Dijon ASPTT] R\u00e9sultat, vid\u00e9o et r\u00e9actions &#8226; FOOTBALL CLUB GUEUGNON","robots":{"index":"index","follow":"follow","max-snippet":"max-snippet:-1","max-image-preview":"max-image-preview:large","max-video-preview":"max-video-preview:-1"},"canonical":"https:\/\/www.fcgueugnon.fr\/site\/n3-j09-fc-gueugnon-dijon-asptt-resultat-video-et-reactions\/52653","og_locale":"fr_FR","og_type":"article","og_title":"[N3 J09 : FC Gueugnon \u2013 Dijon ASPTT] R\u00e9sultat, vid\u00e9o et r\u00e9actions &#8226; FOOTBALL CLUB GUEUGNON","og_description":"Sc\u00e8ne de joie \u00e0 Jean Laville o\u00f9 les forgerons ont enfin renou\u00e9 avec la victoire \u00e0 gr\u00e2ce \u00e0 un but du capitaine Jason Luanda ! Avec son nouvel entra\u00eeneur sur le banc, en la personne de Fatsah Amghar pr\u00e9sent\u00e9 dans le Forgeron Mag, Gueugnon retrouvait son antre de Jean Laville, que l&rsquo;on croyait maudit, pour ... Lire la suite","og_url":"https:\/\/www.fcgueugnon.fr\/site\/n3-j09-fc-gueugnon-dijon-asptt-resultat-video-et-reactions\/52653","og_site_name":"FOOTBALL CLUB GUEUGNON","article_publisher":"http:\/\/facebook.com\/FCGueugnon","article_published_time":"2024-11-25T07:35:12+00:00","article_modified_time":"2024-11-25T07:35:14+00:00","og_image":[{"width":2048,"height":1536,"url":"https:\/\/www.fcgueugnon.fr\/site\/wp-content\/uploads\/2024\/11\/victoire-fc-gueugnon-dijon-asptt.jpg","type":"image\/jpeg"}],"author":"FC Gueugnon","twitter_card":"summary_large_image","twitter_creator":"@FCGueugnon_off","twitter_site":"@FCGueugnon_off","twitter_misc":{"\u00c9crit par":"FC Gueugnon","Dur\u00e9e de lecture estim\u00e9e":"5 minutes"},"schema":{"@context":"https:\/\/schema.org","@graph":[{"@type":"Article","@id":"https:\/\/www.fcgueugnon.fr\/site\/n3-j09-fc-gueugnon-dijon-asptt-resultat-video-et-reactions\/52653#article","isPartOf":{"@id":"https:\/\/www.fcgueugnon.fr\/site\/n3-j09-fc-gueugnon-dijon-asptt-resultat-video-et-reactions\/52653"},"author":{"name":"FC Gueugnon","@id":"https:\/\/www.fcgueugnon.fr\/site\/#\/schema\/person\/f6444fbdd35fa731ee974c03508738fb"},"headline":"[N3 J09 : FC Gueugnon \u2013 Dijon ASPTT] R\u00e9sultat, vid\u00e9o et r\u00e9actions","datePublished":"2024-11-25T07:35:12+00:00","dateModified":"2024-11-25T07:35:14+00:00","mainEntityOfPage":{"@id":"https:\/\/www.fcgueugnon.fr\/site\/n3-j09-fc-gueugnon-dijon-asptt-resultat-video-et-reactions\/52653"},"wordCount":667,"publisher":{"@id":"https:\/\/www.fcgueugnon.fr\/site\/#organization"},"image":{"@id":"https:\/\/www.fcgueugnon.fr\/site\/n3-j09-fc-gueugnon-dijon-asptt-resultat-video-et-reactions\/52653#primaryimage"},"thumbnailUrl":"https:\/\/www.fcgueugnon.fr\/site\/wp-content\/uploads\/2024\/11\/victoire-fc-gueugnon-dijon-asptt.jpg","keywords":["R\u00e9sultat","Vid\u00e9o"],"articleSection":["News","News 2024\/2025"],"inLanguage":"fr-FR"},{"@type":"WebPage","@id":"https:\/\/www.fcgueugnon.fr\/site\/n3-j09-fc-gueugnon-dijon-asptt-resultat-video-et-reactions\/52653","url":"https:\/\/www.fcgueugnon.fr\/site\/n3-j09-fc-gueugnon-dijon-asptt-resultat-video-et-reactions\/52653","name":"[N3 J09 : FC Gueugnon \u2013 Dijon ASPTT] R\u00e9sultat, vid\u00e9o et r\u00e9actions &#8226; FOOTBALL CLUB GUEUGNON","isPartOf":{"@id":"https:\/\/www.fcgueugnon.fr\/site\/#website"},"primaryImageOfPage":{"@id":"https:\/\/www.fcgueugnon.fr\/site\/n3-j09-fc-gueugnon-dijon-asptt-resultat-video-et-reactions\/52653#primaryimage"},"image":{"@id":"https:\/\/www.fcgueugnon.fr\/site\/n3-j09-fc-gueugnon-dijon-asptt-resultat-video-et-reactions\/52653#primaryimage"},"thumbnailUrl":"https:\/\/www.fcgueugnon.fr\/site\/wp-content\/uploads\/2024\/11\/victoire-fc-gueugnon-dijon-asptt.jpg","datePublished":"2024-11-25T07:35:12+00:00","dateModified":"2024-11-25T07:35:14+00:00","breadcrumb":{"@id":"https:\/\/www.fcgueugnon.fr\/site\/n3-j09-fc-gueugnon-dijon-asptt-resultat-video-et-reactions\/52653#breadcrumb"},"inLanguage":"fr-FR","potentialAction":[{"@type":"ReadAction","target":["https:\/\/www.fcgueugnon.fr\/site\/n3-j09-fc-gueugnon-dijon-asptt-resultat-video-et-reactions\/52653"]}]},{"@type":"ImageObject","inLanguage":"fr-FR","@id":"https:\/\/www.fcgueugnon.fr\/site\/n3-j09-fc-gueugnon-dijon-asptt-resultat-video-et-reactions\/52653#primaryimage","url":"https:\/\/www.fcgueugnon.fr\/site\/wp-content\/uploads\/2024\/11\/victoire-fc-gueugnon-dijon-asptt.jpg","contentUrl":"https:\/\/www.fcgueugnon.fr\/site\/wp-content\/uploads\/2024\/11\/victoire-fc-gueugnon-dijon-asptt.jpg","width":2048,"height":1536},{"@type":"BreadcrumbList","@id":"https:\/\/www.fcgueugnon.fr\/site\/n3-j09-fc-gueugnon-dijon-asptt-resultat-video-et-reactions\/52653#breadcrumb","itemListElement":[{"@type":"ListItem","position":1,"name":"Accueil","item":"https:\/\/www.fcgueugnon.fr\/site\/"},{"@type":"ListItem","position":2,"name":"[N3 J09 : FC Gueugnon \u2013 Dijon ASPTT] R\u00e9sultat, vid\u00e9o et r\u00e9actions"}]},{"@type":"WebSite","@id":"https:\/\/www.fcgueugnon.fr\/site\/#website","url":"https:\/\/www.fcgueugnon.fr\/site\/","name":"FOOTBALL CLUB GUEUGNON","description":"Le Site Officiel des Forgerons","publisher":{"@id":"https:\/\/www.fcgueugnon.fr\/site\/#organization"},"potentialAction":[{"@type":"SearchAction","target":{"@type":"EntryPoint","urlTemplate":"https:\/\/www.fcgueugnon.fr\/site\/?s={search_term_string}"},"query-input":{"@type":"PropertyValueSpecification","valueRequired":true,"valueName":"search_term_string"}}],"inLanguage":"fr-FR"},{"@type":"Organization","@id":"https:\/\/www.fcgueugnon.fr\/site\/#organization","name":"FC Gueugnon","url":"https:\/\/www.fcgueugnon.fr\/site\/","logo":{"@type":"ImageObject","inLanguage":"fr-FR","@id":"https:\/\/www.fcgueugnon.fr\/site\/#\/schema\/logo\/image\/","url":"https:\/\/www.fcgueugnon.fr\/site\/wp-content\/uploads\/2022\/07\/cropped-Logo-FCGUEUGNON-low-350x350-1.png","contentUrl":"https:\/\/www.fcgueugnon.fr\/site\/wp-content\/uploads\/2022\/07\/cropped-Logo-FCGUEUGNON-low-350x350-1.png","width":350,"height":350,"caption":"FC Gueugnon"},"image":{"@id":"https:\/\/www.fcgueugnon.fr\/site\/#\/schema\/logo\/image\/"},"sameAs":["http:\/\/facebook.com\/FCGueugnon","https:\/\/x.com\/FCGueugnon_off","https:\/\/www.instagram.com\/fcgueugnon\/","https:\/\/www.linkedin.com\/company\/football-club-de-gueugnon\/","https:\/\/www.youtube.com\/user\/FCGueugnonnais","https:\/\/fr.wikipedia.org\/wiki\/Football_Club_de_Gueugnon"]},{"@type":"Person","@id":"https:\/\/www.fcgueugnon.fr\/site\/#\/schema\/person\/f6444fbdd35fa731ee974c03508738fb","name":"FC Gueugnon","sameAs":["https:\/\/www.fcgueugnon.fr\/site"],"url":"https:\/\/www.fcgueugnon.fr\/site\/author\/admin-antho"}]}},"rttpg_featured_image_url":{"full":["https:\/\/www.fcgueugnon.fr\/site\/wp-content\/uploads\/2024\/11\/victoire-fc-gueugnon-dijon-asptt.jpg",2048,1536,false],"landscape":["https:\/\/www.fcgueugnon.fr\/site\/wp-content\/uploads\/2024\/11\/victoire-fc-gueugnon-dijon-asptt.jpg",2048,1536,false],"portraits":["https:\/\/www.fcgueugnon.fr\/site\/wp-content\/uploads\/2024\/11\/victoire-fc-gueugnon-dijon-asptt.jpg",2048,1536,false],"thumbnail":["https:\/\/www.fcgueugnon.fr\/site\/wp-content\/uploads\/2024\/11\/victoire-fc-gueugnon-dijon-asptt-150x150.jpg",150,150,true],"medium":["https:\/\/www.fcgueugnon.fr\/site\/wp-content\/uploads\/2024\/11\/victoire-fc-gueugnon-dijon-asptt-400x300.jpg",400,300,true],"large":["https:\/\/www.fcgueugnon.fr\/site\/wp-content\/uploads\/2024\/11\/victoire-fc-gueugnon-dijon-asptt-1024x768.jpg",1024,768,true],"1536x1536":["https:\/\/www.fcgueugnon.fr\/site\/wp-content\/uploads\/2024\/11\/victoire-fc-gueugnon-dijon-asptt-1536x1152.jpg",1536,1152,true],"2048x2048":["https:\/\/www.fcgueugnon.fr\/site\/wp-content\/uploads\/2024\/11\/victoire-fc-gueugnon-dijon-asptt.jpg",2048,1536,false]},"rttpg_author":{"display_name":"FC Gueugnon","author_link":"https:\/\/www.fcgueugnon.fr\/site\/author\/admin-antho"},"rttpg_comment":0,"rttpg_category":"<a href=\"https:\/\/www.fcgueugnon.fr\/site\/category\/news\" rel=\"category tag\">News<\/a> <a href=\"https:\/\/www.fcgueugnon.fr\/site\/category\/news\/news-2024-2025\" rel=\"category tag\">News 2024\/2025<\/a>","rttpg_excerpt":"Sc\u00e8ne de joie \u00e0 Jean Laville o\u00f9 les forgerons ont enfin renou\u00e9 avec la victoire \u00e0 gr\u00e2ce \u00e0 un but du capitaine Jason Luanda ! Avec son nouvel entra\u00eeneur sur le banc, en la personne de Fatsah Amghar pr\u00e9sent\u00e9 dans le Forgeron Mag, Gueugnon retrouvait son antre de Jean Laville, que l&rsquo;on croyait maudit, pour\u2026","_links":{"self":[{"href":"https:\/\/www.fcgueugnon.fr\/site\/wp-json\/wp\/v2\/posts\/52653","targetHints":{"allow":["GET"]}}],"collection":[{"href":"https:\/\/www.fcgueugnon.fr\/site\/wp-json\/wp\/v2\/posts"}],"about":[{"href":"https:\/\/www.fcgueugnon.fr\/site\/wp-json\/wp\/v2\/types\/post"}],"author":[{"embeddable":true,"href":"https:\/\/www.fcgueugnon.fr\/site\/wp-json\/wp\/v2\/users\/1"}],"replies":[{"embeddable":true,"href":"https:\/\/www.fcgueugnon.fr\/site\/wp-json\/wp\/v2\/comments?post=52653"}],"version-history":[{"count":3,"href":"https:\/\/www.fcgueugnon.fr\/site\/wp-json\/wp\/v2\/posts\/52653\/revisions"}],"predecessor-version":[{"id":52660,"href":"https:\/\/www.fcgueugnon.fr\/site\/wp-json\/wp\/v2\/posts\/52653\/revisions\/52660"}],"wp:featuredmedia":[{"embeddable":true,"href":"https:\/\/www.fcgueugnon.fr\/site\/wp-json\/wp\/v2\/media\/52657"}],"wp:attachment":[{"href":"https:\/\/www.fcgueugnon.fr\/site\/wp-json\/wp\/v2\/media?parent=52653"}],"wp:term":[{"taxonomy":"category","embeddable":true,"href":"https:\/\/www.fcgueugnon.fr\/site\/wp-json\/wp\/v2\/categories?post=52653"},{"taxonomy":"post_tag","embeddable":true,"href":"https:\/\/www.fcgueugnon.fr\/site\/wp-json\/wp\/v2\/tags?post=52653"}],"curies":[{"name":"wp","href":"https:\/\/api.w.org\/{rel}","templated":true}]}}