{"id":52603,"date":"2024-11-20T08:00:00","date_gmt":"2024-11-20T07:00:00","guid":{"rendered":"https:\/\/www.fcgueugnon.fr\/site\/?p=52603"},"modified":"2024-11-20T00:08:33","modified_gmt":"2024-11-19T23:08:33","slug":"cdf-7e-tour-fc-gueugnon-fc-sochaux-montbeliard-retour-sur-le-coup-denvoi-donne-par-aperam","status":"publish","type":"post","link":"https:\/\/www.fcgueugnon.fr\/site\/cdf-7e-tour-fc-gueugnon-fc-sochaux-montbeliard-retour-sur-le-coup-denvoi-donne-par-aperam\/52603","title":{"rendered":"[CDF 7e Tour : FC Gueugnon &#8211; FC Sochaux-Montb\u00e9liard] Retour sur le coup d&rsquo;envoi donn\u00e9 par APERAM"},"content":{"rendered":"\n<h3 class=\"wp-block-heading\">Merci \u00e0 notre partenaire <strong>APERAM Gueugnon et son directeur Lionel Martin<\/strong>, partenaire de ce 7eme tour de Coupe de France et qui a donn\u00e9 le coup d\u2019envoi de la rencontre entre le FC Gueugnon et Sochaux-Montb\u00e9liard.<\/h3>\n\n\n\n<div style=\"height:20px\" aria-hidden=\"true\" class=\"wp-block-spacer\"><\/div>\n\n\n\n<figure class=\"wp-block-gallery has-nested-images columns-default is-cropped has-lightbox wp-block-gallery-1 is-layout-flex wp-block-gallery-is-layout-flex\">\n<figure class=\"wp-block-image size-large\"><img loading=\"lazy\" decoding=\"async\" width=\"1024\" height=\"683\" data-id=\"52605\" src=\"https:\/\/www.fcgueugnon.fr\/site\/wp-content\/uploads\/2024\/11\/coup-denvoi-aperam-gueugnon-lionel-martin-fcg-sochaux-montbeliard-1024x683.jpg\" alt=\"\" class=\"wp-image-52605\" srcset=\"https:\/\/www.fcgueugnon.fr\/site\/wp-content\/uploads\/2024\/11\/coup-denvoi-aperam-gueugnon-lionel-martin-fcg-sochaux-montbeliard-1024x683.jpg 1024w, https:\/\/www.fcgueugnon.fr\/site\/wp-content\/uploads\/2024\/11\/coup-denvoi-aperam-gueugnon-lionel-martin-fcg-sochaux-montbeliard-400x267.jpg 400w, https:\/\/www.fcgueugnon.fr\/site\/wp-content\/uploads\/2024\/11\/coup-denvoi-aperam-gueugnon-lionel-martin-fcg-sochaux-montbeliard-768x512.jpg 768w, https:\/\/www.fcgueugnon.fr\/site\/wp-content\/uploads\/2024\/11\/coup-denvoi-aperam-gueugnon-lionel-martin-fcg-sochaux-montbeliard-1536x1024.jpg 1536w, https:\/\/www.fcgueugnon.fr\/site\/wp-content\/uploads\/2024\/11\/coup-denvoi-aperam-gueugnon-lionel-martin-fcg-sochaux-montbeliard-2048x1366.jpg 2048w, https:\/\/www.fcgueugnon.fr\/site\/wp-content\/uploads\/2024\/11\/coup-denvoi-aperam-gueugnon-lionel-martin-fcg-sochaux-montbeliard-1320x880.jpg 1320w\" sizes=\"auto, (max-width: 1024px) 100vw, 1024px\" \/><\/figure>\n\n\n\n<figure class=\"wp-block-image size-large\"><img loading=\"lazy\" decoding=\"async\" width=\"1024\" height=\"640\" data-id=\"52545\" src=\"https:\/\/www.fcgueugnon.fr\/site\/wp-content\/uploads\/2024\/11\/aperam-partenaire-match-fc-gueugnon-1024x640.jpeg\" alt=\"\" class=\"wp-image-52545\" srcset=\"https:\/\/www.fcgueugnon.fr\/site\/wp-content\/uploads\/2024\/11\/aperam-partenaire-match-fc-gueugnon-1024x640.jpeg 1024w, https:\/\/www.fcgueugnon.fr\/site\/wp-content\/uploads\/2024\/11\/aperam-partenaire-match-fc-gueugnon-400x250.jpeg 400w, https:\/\/www.fcgueugnon.fr\/site\/wp-content\/uploads\/2024\/11\/aperam-partenaire-match-fc-gueugnon-768x480.jpeg 768w, https:\/\/www.fcgueugnon.fr\/site\/wp-content\/uploads\/2024\/11\/aperam-partenaire-match-fc-gueugnon-1536x960.jpeg 1536w, https:\/\/www.fcgueugnon.fr\/site\/wp-content\/uploads\/2024\/11\/aperam-partenaire-match-fc-gueugnon-1320x825.jpeg 1320w, https:\/\/www.fcgueugnon.fr\/site\/wp-content\/uploads\/2024\/11\/aperam-partenaire-match-fc-gueugnon.jpeg 1600w\" sizes=\"auto, (max-width: 1024px) 100vw, 1024px\" \/><\/figure>\n<\/figure>\n\n\n\n<p class=\"has-text-align-left\"><strong>Partenaire historique et indissociable des forgerons du FC Gueugnon, de la ville et de tout le territoire, APERAM Gueugnon et son directeur Lionel Martin <\/strong>ont choisi de parrainer cette rencontre face au FC Sochaux-Montb\u00e9liard ! Un soutien et un clin d\u2019\u0153il puisque l&rsquo;entreprise poss\u00e8de \u00e9galement un site \u00e0 Pont-de-Roide au c\u0153ur de l&rsquo;agglom\u00e9ration du Pays de Montb\u00e9liard.<\/p>\n\n\n\n<p>APERAM, UGINE, ou tout simplement les Forges de Gueugnon, c\u00e9l\u00e8brent cette ann\u00e9e son 300e anniversaire. L&rsquo;usine aura permis de faire de la ville le leader mondial de l\u2019acier inoxydable ! <\/p>\n\n\n\n<p><strong>Les Forges restent intimement li\u00e9es au club, de par leur histoire commune, et demeurent un atout majeur ainsi qu\u2019un partenaire premium du FCG.<\/strong><\/p>\n\n\n<div class=\"wp-block-image\">\n<figure class=\"aligncenter size-large\"><img loading=\"lazy\" decoding=\"async\" width=\"1024\" height=\"576\" src=\"https:\/\/www.fcgueugnon.fr\/site\/wp-content\/uploads\/2024\/11\/les-forges-de-gueugnon-ugine-aperam-1024x576.jpg\" alt=\"\" class=\"wp-image-52541\" srcset=\"https:\/\/www.fcgueugnon.fr\/site\/wp-content\/uploads\/2024\/11\/les-forges-de-gueugnon-ugine-aperam-1024x576.jpg 1024w, https:\/\/www.fcgueugnon.fr\/site\/wp-content\/uploads\/2024\/11\/les-forges-de-gueugnon-ugine-aperam-400x225.jpg 400w, https:\/\/www.fcgueugnon.fr\/site\/wp-content\/uploads\/2024\/11\/les-forges-de-gueugnon-ugine-aperam-768x432.jpg 768w, https:\/\/www.fcgueugnon.fr\/site\/wp-content\/uploads\/2024\/11\/les-forges-de-gueugnon-ugine-aperam-1536x864.jpg 1536w, https:\/\/www.fcgueugnon.fr\/site\/wp-content\/uploads\/2024\/11\/les-forges-de-gueugnon-ugine-aperam-2048x1152.jpg 2048w, https:\/\/www.fcgueugnon.fr\/site\/wp-content\/uploads\/2024\/11\/les-forges-de-gueugnon-ugine-aperam-1320x743.jpg 1320w\" sizes=\"auto, (max-width: 1024px) 100vw, 1024px\" \/><\/figure>\n<\/div>\n\n\n<div style=\"height:20px\" aria-hidden=\"true\" class=\"wp-block-spacer\"><\/div>\n\n\n\n<p><strong>Nous remercions chaleureusement APERAM pour son soutien, que ce soit pour l&rsquo;\u00e9lection du forgeron du mois mais \u00e9galement pour leur accompagnement au quotidien.  <\/strong><\/p>\n\n\n\n<div style=\"height:20px\" aria-hidden=\"true\" class=\"wp-block-spacer\"><\/div>\n\n\n<div class=\"wp-block-image\">\n<figure class=\"aligncenter size-medium is-resized\"><img loading=\"lazy\" decoding=\"async\" width=\"400\" height=\"400\" src=\"https:\/\/www.fcgueugnon.fr\/site\/wp-content\/uploads\/2023\/02\/APERAM-1-400x400.png\" alt=\"\" class=\"wp-image-3272\" style=\"width:196px;height:auto\" srcset=\"https:\/\/www.fcgueugnon.fr\/site\/wp-content\/uploads\/2023\/02\/APERAM-1-400x400.png 400w, https:\/\/www.fcgueugnon.fr\/site\/wp-content\/uploads\/2023\/02\/APERAM-1-150x150.png 150w, https:\/\/www.fcgueugnon.fr\/site\/wp-content\/uploads\/2023\/02\/APERAM-1-300x300.png 300w, https:\/\/www.fcgueugnon.fr\/site\/wp-content\/uploads\/2023\/02\/APERAM-1-100x100.png 100w, https:\/\/www.fcgueugnon.fr\/site\/wp-content\/uploads\/2023\/02\/APERAM-1.png 500w\" sizes=\"auto, (max-width: 400px) 100vw, 400px\" \/><\/figure>\n<\/div>\n\n\n<p class=\"has-text-align-center\"><strong>APERAM GUEUGNON <\/strong><br>4, Place des Forges <br>71130 \u2069<em class=\"\">\u2066<\/em>Gueugnon<\/p>\n\n\n\n<div style=\"height:20px\" aria-hidden=\"true\" class=\"wp-block-spacer\"><\/div>\n\n\n\n<p class=\"has-text-align-center\"><strong>Supporters forgerons,&nbsp;<a href=\"https:\/\/www.fcgueugnon.fr\/site\/partenaires\">r\u00e9servez vos achats et vos sorties chez nos partenaires<\/a><\/strong><\/p>\n","protected":false},"excerpt":{"rendered":"<p>Merci \u00e0 notre partenaire APERAM Gueugnon et son directeur Lionel Martin, partenaire de ce 7eme tour de Coupe de France et qui a donn\u00e9 le coup d\u2019envoi de la rencontre entre le FC Gueugnon et Sochaux-Montb\u00e9liard. Partenaire historique et indissociable des forgerons du FC Gueugnon, de la ville et de tout le territoire, APERAM Gueugnon &#8230; <\/p>\n<p class=\"read-more-container\"><a title=\"[CDF 7e Tour : FC Gueugnon &#8211; FC Sochaux-Montb\u00e9liard] Retour sur le coup d&rsquo;envoi donn\u00e9 par APERAM\" class=\"read-more button\" href=\"https:\/\/www.fcgueugnon.fr\/site\/cdf-7e-tour-fc-gueugnon-fc-sochaux-montbeliard-retour-sur-le-coup-denvoi-donne-par-aperam\/52603#more-52603\" aria-label=\"Plus sur [CDF 7e Tour : FC Gueugnon &#8211; FC Sochaux-Montb\u00e9liard] Retour sur le coup d&rsquo;envoi donn\u00e9 par APERAM\">Lire la suite<\/a><\/p>\n","protected":false},"author":1,"featured_media":52605,"comment_status":"closed","ping_status":"closed","sticky":false,"template":"","format":"standard","meta":{"footnotes":""},"categories":[4,62],"tags":[23],"class_list":["post-52603","post","type-post","status-publish","format-standard","has-post-thumbnail","hentry","category-news","category-news-2024-2025","tag-partenaires","infinite-scroll-item","generate-columns","tablet-grid-50","mobile-grid-100","grid-parent","grid-25"],"yoast_head":"<!-- This site is optimized with the Yoast SEO plugin v26.6 - https:\/\/yoast.com\/wordpress\/plugins\/seo\/ -->\n<title>[CDF 7e Tour : FC Gueugnon - FC Sochaux-Montb\u00e9liard] Retour sur le coup d&#039;envoi donn\u00e9 par APERAM &#8226; FOOTBALL CLUB GUEUGNON<\/title>\n<meta name=\"robots\" content=\"index, follow, max-snippet:-1, max-image-preview:large, max-video-preview:-1\" \/>\n<link rel=\"canonical\" href=\"https:\/\/www.fcgueugnon.fr\/site\/cdf-7e-tour-fc-gueugnon-fc-sochaux-montbeliard-retour-sur-le-coup-denvoi-donne-par-aperam\/52603\" \/>\n<meta property=\"og:locale\" content=\"fr_FR\" \/>\n<meta property=\"og:type\" content=\"article\" \/>\n<meta property=\"og:title\" content=\"[CDF 7e Tour : FC Gueugnon - FC Sochaux-Montb\u00e9liard] Retour sur le coup d&#039;envoi donn\u00e9 par APERAM &#8226; FOOTBALL CLUB GUEUGNON\" \/>\n<meta property=\"og:description\" content=\"Merci \u00e0 notre partenaire APERAM Gueugnon et son directeur Lionel Martin, partenaire de ce 7eme tour de Coupe de France et qui a donn\u00e9 le coup d\u2019envoi de la rencontre entre le FC Gueugnon et Sochaux-Montb\u00e9liard. Partenaire historique et indissociable des forgerons du FC Gueugnon, de la ville et de tout le territoire, APERAM Gueugnon ... Lire la suite\" \/>\n<meta property=\"og:url\" content=\"https:\/\/www.fcgueugnon.fr\/site\/cdf-7e-tour-fc-gueugnon-fc-sochaux-montbeliard-retour-sur-le-coup-denvoi-donne-par-aperam\/52603\" \/>\n<meta property=\"og:site_name\" content=\"FOOTBALL CLUB GUEUGNON\" \/>\n<meta property=\"article:publisher\" content=\"http:\/\/facebook.com\/FCGueugnon\" \/>\n<meta property=\"article:published_time\" content=\"2024-11-20T07:00:00+00:00\" \/>\n<meta property=\"og:image\" content=\"https:\/\/www.fcgueugnon.fr\/site\/wp-content\/uploads\/2024\/11\/coup-denvoi-aperam-gueugnon-lionel-martin-fcg-sochaux-montbeliard-scaled.jpg\" \/>\n\t<meta property=\"og:image:width\" content=\"2560\" \/>\n\t<meta property=\"og:image:height\" content=\"1707\" \/>\n\t<meta property=\"og:image:type\" content=\"image\/jpeg\" \/>\n<meta name=\"author\" content=\"FC Gueugnon\" \/>\n<meta name=\"twitter:card\" content=\"summary_large_image\" \/>\n<meta name=\"twitter:creator\" content=\"@FCGueugnon_off\" \/>\n<meta name=\"twitter:site\" content=\"@FCGueugnon_off\" \/>\n<meta name=\"twitter:label1\" content=\"\u00c9crit par\" \/>\n\t<meta name=\"twitter:data1\" content=\"FC Gueugnon\" \/>\n\t<meta name=\"twitter:label2\" content=\"Dur\u00e9e de lecture estim\u00e9e\" \/>\n\t<meta name=\"twitter:data2\" content=\"2 minutes\" \/>\n<script type=\"application\/ld+json\" class=\"yoast-schema-graph\">{\"@context\":\"https:\/\/schema.org\",\"@graph\":[{\"@type\":\"Article\",\"@id\":\"https:\/\/www.fcgueugnon.fr\/site\/cdf-7e-tour-fc-gueugnon-fc-sochaux-montbeliard-retour-sur-le-coup-denvoi-donne-par-aperam\/52603#article\",\"isPartOf\":{\"@id\":\"https:\/\/www.fcgueugnon.fr\/site\/cdf-7e-tour-fc-gueugnon-fc-sochaux-montbeliard-retour-sur-le-coup-denvoi-donne-par-aperam\/52603\"},\"author\":{\"name\":\"FC Gueugnon\",\"@id\":\"https:\/\/www.fcgueugnon.fr\/site\/#\/schema\/person\/f6444fbdd35fa731ee974c03508738fb\"},\"headline\":\"[CDF 7e Tour : FC Gueugnon &#8211; FC Sochaux-Montb\u00e9liard] Retour sur le coup d&rsquo;envoi donn\u00e9 par APERAM\",\"datePublished\":\"2024-11-20T07:00:00+00:00\",\"mainEntityOfPage\":{\"@id\":\"https:\/\/www.fcgueugnon.fr\/site\/cdf-7e-tour-fc-gueugnon-fc-sochaux-montbeliard-retour-sur-le-coup-denvoi-donne-par-aperam\/52603\"},\"wordCount\":220,\"publisher\":{\"@id\":\"https:\/\/www.fcgueugnon.fr\/site\/#organization\"},\"image\":{\"@id\":\"https:\/\/www.fcgueugnon.fr\/site\/cdf-7e-tour-fc-gueugnon-fc-sochaux-montbeliard-retour-sur-le-coup-denvoi-donne-par-aperam\/52603#primaryimage\"},\"thumbnailUrl\":\"https:\/\/www.fcgueugnon.fr\/site\/wp-content\/uploads\/2024\/11\/coup-denvoi-aperam-gueugnon-lionel-martin-fcg-sochaux-montbeliard-scaled.jpg\",\"keywords\":[\"Partenaires\"],\"articleSection\":[\"News\",\"News 2024\/2025\"],\"inLanguage\":\"fr-FR\"},{\"@type\":\"WebPage\",\"@id\":\"https:\/\/www.fcgueugnon.fr\/site\/cdf-7e-tour-fc-gueugnon-fc-sochaux-montbeliard-retour-sur-le-coup-denvoi-donne-par-aperam\/52603\",\"url\":\"https:\/\/www.fcgueugnon.fr\/site\/cdf-7e-tour-fc-gueugnon-fc-sochaux-montbeliard-retour-sur-le-coup-denvoi-donne-par-aperam\/52603\",\"name\":\"[CDF 7e Tour : FC Gueugnon - FC Sochaux-Montb\u00e9liard] Retour sur le coup d'envoi donn\u00e9 par APERAM &#8226; FOOTBALL CLUB GUEUGNON\",\"isPartOf\":{\"@id\":\"https:\/\/www.fcgueugnon.fr\/site\/#website\"},\"primaryImageOfPage\":{\"@id\":\"https:\/\/www.fcgueugnon.fr\/site\/cdf-7e-tour-fc-gueugnon-fc-sochaux-montbeliard-retour-sur-le-coup-denvoi-donne-par-aperam\/52603#primaryimage\"},\"image\":{\"@id\":\"https:\/\/www.fcgueugnon.fr\/site\/cdf-7e-tour-fc-gueugnon-fc-sochaux-montbeliard-retour-sur-le-coup-denvoi-donne-par-aperam\/52603#primaryimage\"},\"thumbnailUrl\":\"https:\/\/www.fcgueugnon.fr\/site\/wp-content\/uploads\/2024\/11\/coup-denvoi-aperam-gueugnon-lionel-martin-fcg-sochaux-montbeliard-scaled.jpg\",\"datePublished\":\"2024-11-20T07:00:00+00:00\",\"breadcrumb\":{\"@id\":\"https:\/\/www.fcgueugnon.fr\/site\/cdf-7e-tour-fc-gueugnon-fc-sochaux-montbeliard-retour-sur-le-coup-denvoi-donne-par-aperam\/52603#breadcrumb\"},\"inLanguage\":\"fr-FR\",\"potentialAction\":[{\"@type\":\"ReadAction\",\"target\":[\"https:\/\/www.fcgueugnon.fr\/site\/cdf-7e-tour-fc-gueugnon-fc-sochaux-montbeliard-retour-sur-le-coup-denvoi-donne-par-aperam\/52603\"]}]},{\"@type\":\"ImageObject\",\"inLanguage\":\"fr-FR\",\"@id\":\"https:\/\/www.fcgueugnon.fr\/site\/cdf-7e-tour-fc-gueugnon-fc-sochaux-montbeliard-retour-sur-le-coup-denvoi-donne-par-aperam\/52603#primaryimage\",\"url\":\"https:\/\/www.fcgueugnon.fr\/site\/wp-content\/uploads\/2024\/11\/coup-denvoi-aperam-gueugnon-lionel-martin-fcg-sochaux-montbeliard-scaled.jpg\",\"contentUrl\":\"https:\/\/www.fcgueugnon.fr\/site\/wp-content\/uploads\/2024\/11\/coup-denvoi-aperam-gueugnon-lionel-martin-fcg-sochaux-montbeliard-scaled.jpg\",\"width\":2560,\"height\":1707},{\"@type\":\"BreadcrumbList\",\"@id\":\"https:\/\/www.fcgueugnon.fr\/site\/cdf-7e-tour-fc-gueugnon-fc-sochaux-montbeliard-retour-sur-le-coup-denvoi-donne-par-aperam\/52603#breadcrumb\",\"itemListElement\":[{\"@type\":\"ListItem\",\"position\":1,\"name\":\"Accueil\",\"item\":\"https:\/\/www.fcgueugnon.fr\/site\/\"},{\"@type\":\"ListItem\",\"position\":2,\"name\":\"[CDF 7e Tour : FC Gueugnon &#8211; FC Sochaux-Montb\u00e9liard] Retour sur le coup d&rsquo;envoi donn\u00e9 par APERAM\"}]},{\"@type\":\"WebSite\",\"@id\":\"https:\/\/www.fcgueugnon.fr\/site\/#website\",\"url\":\"https:\/\/www.fcgueugnon.fr\/site\/\",\"name\":\"FOOTBALL CLUB GUEUGNON\",\"description\":\"Le Site Officiel des Forgerons\",\"publisher\":{\"@id\":\"https:\/\/www.fcgueugnon.fr\/site\/#organization\"},\"potentialAction\":[{\"@type\":\"SearchAction\",\"target\":{\"@type\":\"EntryPoint\",\"urlTemplate\":\"https:\/\/www.fcgueugnon.fr\/site\/?s={search_term_string}\"},\"query-input\":{\"@type\":\"PropertyValueSpecification\",\"valueRequired\":true,\"valueName\":\"search_term_string\"}}],\"inLanguage\":\"fr-FR\"},{\"@type\":\"Organization\",\"@id\":\"https:\/\/www.fcgueugnon.fr\/site\/#organization\",\"name\":\"FC Gueugnon\",\"url\":\"https:\/\/www.fcgueugnon.fr\/site\/\",\"logo\":{\"@type\":\"ImageObject\",\"inLanguage\":\"fr-FR\",\"@id\":\"https:\/\/www.fcgueugnon.fr\/site\/#\/schema\/logo\/image\/\",\"url\":\"https:\/\/www.fcgueugnon.fr\/site\/wp-content\/uploads\/2022\/07\/cropped-Logo-FCGUEUGNON-low-350x350-1.png\",\"contentUrl\":\"https:\/\/www.fcgueugnon.fr\/site\/wp-content\/uploads\/2022\/07\/cropped-Logo-FCGUEUGNON-low-350x350-1.png\",\"width\":350,\"height\":350,\"caption\":\"FC Gueugnon\"},\"image\":{\"@id\":\"https:\/\/www.fcgueugnon.fr\/site\/#\/schema\/logo\/image\/\"},\"sameAs\":[\"http:\/\/facebook.com\/FCGueugnon\",\"https:\/\/x.com\/FCGueugnon_off\",\"https:\/\/www.instagram.com\/fcgueugnon\/\",\"https:\/\/www.linkedin.com\/company\/football-club-de-gueugnon\/\",\"https:\/\/www.youtube.com\/user\/FCGueugnonnais\",\"https:\/\/fr.wikipedia.org\/wiki\/Football_Club_de_Gueugnon\"]},{\"@type\":\"Person\",\"@id\":\"https:\/\/www.fcgueugnon.fr\/site\/#\/schema\/person\/f6444fbdd35fa731ee974c03508738fb\",\"name\":\"FC Gueugnon\",\"sameAs\":[\"https:\/\/www.fcgueugnon.fr\/site\"],\"url\":\"https:\/\/www.fcgueugnon.fr\/site\/author\/admin-antho\"}]}<\/script>\n<!-- \/ Yoast SEO plugin. -->","yoast_head_json":{"title":"[CDF 7e Tour : FC Gueugnon - FC Sochaux-Montb\u00e9liard] Retour sur le coup d'envoi donn\u00e9 par APERAM &#8226; FOOTBALL CLUB GUEUGNON","robots":{"index":"index","follow":"follow","max-snippet":"max-snippet:-1","max-image-preview":"max-image-preview:large","max-video-preview":"max-video-preview:-1"},"canonical":"https:\/\/www.fcgueugnon.fr\/site\/cdf-7e-tour-fc-gueugnon-fc-sochaux-montbeliard-retour-sur-le-coup-denvoi-donne-par-aperam\/52603","og_locale":"fr_FR","og_type":"article","og_title":"[CDF 7e Tour : FC Gueugnon - FC Sochaux-Montb\u00e9liard] Retour sur le coup d'envoi donn\u00e9 par APERAM &#8226; FOOTBALL CLUB GUEUGNON","og_description":"Merci \u00e0 notre partenaire APERAM Gueugnon et son directeur Lionel Martin, partenaire de ce 7eme tour de Coupe de France et qui a donn\u00e9 le coup d\u2019envoi de la rencontre entre le FC Gueugnon et Sochaux-Montb\u00e9liard. Partenaire historique et indissociable des forgerons du FC Gueugnon, de la ville et de tout le territoire, APERAM Gueugnon ... Lire la suite","og_url":"https:\/\/www.fcgueugnon.fr\/site\/cdf-7e-tour-fc-gueugnon-fc-sochaux-montbeliard-retour-sur-le-coup-denvoi-donne-par-aperam\/52603","og_site_name":"FOOTBALL CLUB GUEUGNON","article_publisher":"http:\/\/facebook.com\/FCGueugnon","article_published_time":"2024-11-20T07:00:00+00:00","og_image":[{"width":2560,"height":1707,"url":"https:\/\/www.fcgueugnon.fr\/site\/wp-content\/uploads\/2024\/11\/coup-denvoi-aperam-gueugnon-lionel-martin-fcg-sochaux-montbeliard-scaled.jpg","type":"image\/jpeg"}],"author":"FC Gueugnon","twitter_card":"summary_large_image","twitter_creator":"@FCGueugnon_off","twitter_site":"@FCGueugnon_off","twitter_misc":{"\u00c9crit par":"FC Gueugnon","Dur\u00e9e de lecture estim\u00e9e":"2 minutes"},"schema":{"@context":"https:\/\/schema.org","@graph":[{"@type":"Article","@id":"https:\/\/www.fcgueugnon.fr\/site\/cdf-7e-tour-fc-gueugnon-fc-sochaux-montbeliard-retour-sur-le-coup-denvoi-donne-par-aperam\/52603#article","isPartOf":{"@id":"https:\/\/www.fcgueugnon.fr\/site\/cdf-7e-tour-fc-gueugnon-fc-sochaux-montbeliard-retour-sur-le-coup-denvoi-donne-par-aperam\/52603"},"author":{"name":"FC Gueugnon","@id":"https:\/\/www.fcgueugnon.fr\/site\/#\/schema\/person\/f6444fbdd35fa731ee974c03508738fb"},"headline":"[CDF 7e Tour : FC Gueugnon &#8211; FC Sochaux-Montb\u00e9liard] Retour sur le coup d&rsquo;envoi donn\u00e9 par APERAM","datePublished":"2024-11-20T07:00:00+00:00","mainEntityOfPage":{"@id":"https:\/\/www.fcgueugnon.fr\/site\/cdf-7e-tour-fc-gueugnon-fc-sochaux-montbeliard-retour-sur-le-coup-denvoi-donne-par-aperam\/52603"},"wordCount":220,"publisher":{"@id":"https:\/\/www.fcgueugnon.fr\/site\/#organization"},"image":{"@id":"https:\/\/www.fcgueugnon.fr\/site\/cdf-7e-tour-fc-gueugnon-fc-sochaux-montbeliard-retour-sur-le-coup-denvoi-donne-par-aperam\/52603#primaryimage"},"thumbnailUrl":"https:\/\/www.fcgueugnon.fr\/site\/wp-content\/uploads\/2024\/11\/coup-denvoi-aperam-gueugnon-lionel-martin-fcg-sochaux-montbeliard-scaled.jpg","keywords":["Partenaires"],"articleSection":["News","News 2024\/2025"],"inLanguage":"fr-FR"},{"@type":"WebPage","@id":"https:\/\/www.fcgueugnon.fr\/site\/cdf-7e-tour-fc-gueugnon-fc-sochaux-montbeliard-retour-sur-le-coup-denvoi-donne-par-aperam\/52603","url":"https:\/\/www.fcgueugnon.fr\/site\/cdf-7e-tour-fc-gueugnon-fc-sochaux-montbeliard-retour-sur-le-coup-denvoi-donne-par-aperam\/52603","name":"[CDF 7e Tour : FC Gueugnon - FC Sochaux-Montb\u00e9liard] Retour sur le coup d'envoi donn\u00e9 par APERAM &#8226; FOOTBALL CLUB GUEUGNON","isPartOf":{"@id":"https:\/\/www.fcgueugnon.fr\/site\/#website"},"primaryImageOfPage":{"@id":"https:\/\/www.fcgueugnon.fr\/site\/cdf-7e-tour-fc-gueugnon-fc-sochaux-montbeliard-retour-sur-le-coup-denvoi-donne-par-aperam\/52603#primaryimage"},"image":{"@id":"https:\/\/www.fcgueugnon.fr\/site\/cdf-7e-tour-fc-gueugnon-fc-sochaux-montbeliard-retour-sur-le-coup-denvoi-donne-par-aperam\/52603#primaryimage"},"thumbnailUrl":"https:\/\/www.fcgueugnon.fr\/site\/wp-content\/uploads\/2024\/11\/coup-denvoi-aperam-gueugnon-lionel-martin-fcg-sochaux-montbeliard-scaled.jpg","datePublished":"2024-11-20T07:00:00+00:00","breadcrumb":{"@id":"https:\/\/www.fcgueugnon.fr\/site\/cdf-7e-tour-fc-gueugnon-fc-sochaux-montbeliard-retour-sur-le-coup-denvoi-donne-par-aperam\/52603#breadcrumb"},"inLanguage":"fr-FR","potentialAction":[{"@type":"ReadAction","target":["https:\/\/www.fcgueugnon.fr\/site\/cdf-7e-tour-fc-gueugnon-fc-sochaux-montbeliard-retour-sur-le-coup-denvoi-donne-par-aperam\/52603"]}]},{"@type":"ImageObject","inLanguage":"fr-FR","@id":"https:\/\/www.fcgueugnon.fr\/site\/cdf-7e-tour-fc-gueugnon-fc-sochaux-montbeliard-retour-sur-le-coup-denvoi-donne-par-aperam\/52603#primaryimage","url":"https:\/\/www.fcgueugnon.fr\/site\/wp-content\/uploads\/2024\/11\/coup-denvoi-aperam-gueugnon-lionel-martin-fcg-sochaux-montbeliard-scaled.jpg","contentUrl":"https:\/\/www.fcgueugnon.fr\/site\/wp-content\/uploads\/2024\/11\/coup-denvoi-aperam-gueugnon-lionel-martin-fcg-sochaux-montbeliard-scaled.jpg","width":2560,"height":1707},{"@type":"BreadcrumbList","@id":"https:\/\/www.fcgueugnon.fr\/site\/cdf-7e-tour-fc-gueugnon-fc-sochaux-montbeliard-retour-sur-le-coup-denvoi-donne-par-aperam\/52603#breadcrumb","itemListElement":[{"@type":"ListItem","position":1,"name":"Accueil","item":"https:\/\/www.fcgueugnon.fr\/site\/"},{"@type":"ListItem","position":2,"name":"[CDF 7e Tour : FC Gueugnon &#8211; FC Sochaux-Montb\u00e9liard] Retour sur le coup d&rsquo;envoi donn\u00e9 par APERAM"}]},{"@type":"WebSite","@id":"https:\/\/www.fcgueugnon.fr\/site\/#website","url":"https:\/\/www.fcgueugnon.fr\/site\/","name":"FOOTBALL CLUB GUEUGNON","description":"Le Site Officiel des Forgerons","publisher":{"@id":"https:\/\/www.fcgueugnon.fr\/site\/#organization"},"potentialAction":[{"@type":"SearchAction","target":{"@type":"EntryPoint","urlTemplate":"https:\/\/www.fcgueugnon.fr\/site\/?s={search_term_string}"},"query-input":{"@type":"PropertyValueSpecification","valueRequired":true,"valueName":"search_term_string"}}],"inLanguage":"fr-FR"},{"@type":"Organization","@id":"https:\/\/www.fcgueugnon.fr\/site\/#organization","name":"FC Gueugnon","url":"https:\/\/www.fcgueugnon.fr\/site\/","logo":{"@type":"ImageObject","inLanguage":"fr-FR","@id":"https:\/\/www.fcgueugnon.fr\/site\/#\/schema\/logo\/image\/","url":"https:\/\/www.fcgueugnon.fr\/site\/wp-content\/uploads\/2022\/07\/cropped-Logo-FCGUEUGNON-low-350x350-1.png","contentUrl":"https:\/\/www.fcgueugnon.fr\/site\/wp-content\/uploads\/2022\/07\/cropped-Logo-FCGUEUGNON-low-350x350-1.png","width":350,"height":350,"caption":"FC Gueugnon"},"image":{"@id":"https:\/\/www.fcgueugnon.fr\/site\/#\/schema\/logo\/image\/"},"sameAs":["http:\/\/facebook.com\/FCGueugnon","https:\/\/x.com\/FCGueugnon_off","https:\/\/www.instagram.com\/fcgueugnon\/","https:\/\/www.linkedin.com\/company\/football-club-de-gueugnon\/","https:\/\/www.youtube.com\/user\/FCGueugnonnais","https:\/\/fr.wikipedia.org\/wiki\/Football_Club_de_Gueugnon"]},{"@type":"Person","@id":"https:\/\/www.fcgueugnon.fr\/site\/#\/schema\/person\/f6444fbdd35fa731ee974c03508738fb","name":"FC Gueugnon","sameAs":["https:\/\/www.fcgueugnon.fr\/site"],"url":"https:\/\/www.fcgueugnon.fr\/site\/author\/admin-antho"}]}},"rttpg_featured_image_url":{"full":["https:\/\/www.fcgueugnon.fr\/site\/wp-content\/uploads\/2024\/11\/coup-denvoi-aperam-gueugnon-lionel-martin-fcg-sochaux-montbeliard-scaled.jpg",2560,1707,false],"landscape":["https:\/\/www.fcgueugnon.fr\/site\/wp-content\/uploads\/2024\/11\/coup-denvoi-aperam-gueugnon-lionel-martin-fcg-sochaux-montbeliard-scaled.jpg",2560,1707,false],"portraits":["https:\/\/www.fcgueugnon.fr\/site\/wp-content\/uploads\/2024\/11\/coup-denvoi-aperam-gueugnon-lionel-martin-fcg-sochaux-montbeliard-scaled.jpg",2560,1707,false],"thumbnail":["https:\/\/www.fcgueugnon.fr\/site\/wp-content\/uploads\/2024\/11\/coup-denvoi-aperam-gueugnon-lionel-martin-fcg-sochaux-montbeliard-150x150.jpg",150,150,true],"medium":["https:\/\/www.fcgueugnon.fr\/site\/wp-content\/uploads\/2024\/11\/coup-denvoi-aperam-gueugnon-lionel-martin-fcg-sochaux-montbeliard-400x267.jpg",400,267,true],"large":["https:\/\/www.fcgueugnon.fr\/site\/wp-content\/uploads\/2024\/11\/coup-denvoi-aperam-gueugnon-lionel-martin-fcg-sochaux-montbeliard-1024x683.jpg",1024,683,true],"1536x1536":["https:\/\/www.fcgueugnon.fr\/site\/wp-content\/uploads\/2024\/11\/coup-denvoi-aperam-gueugnon-lionel-martin-fcg-sochaux-montbeliard-1536x1024.jpg",1536,1024,true],"2048x2048":["https:\/\/www.fcgueugnon.fr\/site\/wp-content\/uploads\/2024\/11\/coup-denvoi-aperam-gueugnon-lionel-martin-fcg-sochaux-montbeliard-2048x1366.jpg",2048,1366,true]},"rttpg_author":{"display_name":"FC Gueugnon","author_link":"https:\/\/www.fcgueugnon.fr\/site\/author\/admin-antho"},"rttpg_comment":0,"rttpg_category":"<a href=\"https:\/\/www.fcgueugnon.fr\/site\/category\/news\" rel=\"category tag\">News<\/a> <a href=\"https:\/\/www.fcgueugnon.fr\/site\/category\/news\/news-2024-2025\" rel=\"category tag\">News 2024\/2025<\/a>","rttpg_excerpt":"Merci \u00e0 notre partenaire APERAM Gueugnon et son directeur Lionel Martin, partenaire de ce 7eme tour de Coupe de France et qui a donn\u00e9 le coup d\u2019envoi de la rencontre entre le FC Gueugnon et Sochaux-Montb\u00e9liard. Partenaire historique et indissociable des forgerons du FC Gueugnon, de la ville et de tout le territoire, APERAM Gueugnon\u2026","_links":{"self":[{"href":"https:\/\/www.fcgueugnon.fr\/site\/wp-json\/wp\/v2\/posts\/52603","targetHints":{"allow":["GET"]}}],"collection":[{"href":"https:\/\/www.fcgueugnon.fr\/site\/wp-json\/wp\/v2\/posts"}],"about":[{"href":"https:\/\/www.fcgueugnon.fr\/site\/wp-json\/wp\/v2\/types\/post"}],"author":[{"embeddable":true,"href":"https:\/\/www.fcgueugnon.fr\/site\/wp-json\/wp\/v2\/users\/1"}],"replies":[{"embeddable":true,"href":"https:\/\/www.fcgueugnon.fr\/site\/wp-json\/wp\/v2\/comments?post=52603"}],"version-history":[{"count":2,"href":"https:\/\/www.fcgueugnon.fr\/site\/wp-json\/wp\/v2\/posts\/52603\/revisions"}],"predecessor-version":[{"id":52606,"href":"https:\/\/www.fcgueugnon.fr\/site\/wp-json\/wp\/v2\/posts\/52603\/revisions\/52606"}],"wp:featuredmedia":[{"embeddable":true,"href":"https:\/\/www.fcgueugnon.fr\/site\/wp-json\/wp\/v2\/media\/52605"}],"wp:attachment":[{"href":"https:\/\/www.fcgueugnon.fr\/site\/wp-json\/wp\/v2\/media?parent=52603"}],"wp:term":[{"taxonomy":"category","embeddable":true,"href":"https:\/\/www.fcgueugnon.fr\/site\/wp-json\/wp\/v2\/categories?post=52603"},{"taxonomy":"post_tag","embeddable":true,"href":"https:\/\/www.fcgueugnon.fr\/site\/wp-json\/wp\/v2\/tags?post=52603"}],"curies":[{"name":"wp","href":"https:\/\/api.w.org\/{rel}","templated":true}]}}