{"id":52558,"date":"2024-11-18T17:43:09","date_gmt":"2024-11-18T16:43:09","guid":{"rendered":"https:\/\/www.fcgueugnon.fr\/site\/?p=52558"},"modified":"2024-11-19T16:11:39","modified_gmt":"2024-11-19T15:11:39","slug":"communique-officiel-nomination-du-nouvel-entraineur","status":"publish","type":"post","link":"https:\/\/www.fcgueugnon.fr\/site\/communique-officiel-nomination-du-nouvel-entraineur\/52558","title":{"rendered":"Communiqu\u00e9 officiel : Nomination du nouvel entra\u00eeneur"},"content":{"rendered":"\n<h3 class=\"wp-block-heading\"><strong>Nomination de Fatsah Amghar au poste d&rsquo;entra\u00eeneur principal du FC Gueugnon (National 3).<\/strong><\/h3>\n\n\n\n<div style=\"height:20px\" aria-hidden=\"true\" class=\"wp-block-spacer\"><\/div>\n\n\n\n<p>Le FC Gueugnon officialise l\u2019arriv\u00e9e de <strong>Fatsah Amghar<\/strong> en tant qu\u2019entra\u00eeneur principal de l\u2019\u00e9quipe premi\u00e8re \u00e9voluant en National 3.<\/p>\n\n\n\n<p>Fatsah Amghar, 49 ans, poss\u00e8de une riche exp\u00e9rience du football amateur et semi-professionnel. Il s\u2019est illustr\u00e9 notamment \u00e0 <strong>Rumilly-Valli\u00e8res<\/strong>, o\u00f9 il est rest\u00e9 six ans et demi, menant l\u2019\u00e9quipe de <strong>R\u00e9gional 2 \u00e0 National 2<\/strong> et atteignant les <strong>demi-finales de la Coupe de France<\/strong> en 2020-2021, un exploit qui a marqu\u00e9 l\u2019histoire du club haut-savoyard.<\/p>\n\n\n\n<p>Plus r\u00e9cemment, \u00e0 l&rsquo;<strong>US Feurs<\/strong>, il a d\u00e9montr\u00e9 sa capacit\u00e9 \u00e0 relever des d\u00e9fis en remplissant avec succ\u00e8s une mission de maintien. \u00c0 son arriv\u00e9e, le club de la Loire, alors dernier en National 3, a termin\u00e9 9\u1d49 sous sa direction. Lors de la saison 2023-2024, il a de nouveau <strong>assur\u00e9 le maintien sportif<\/strong> en obtenant une 8\u1d49 place au classement et a men\u00e9 l&rsquo;\u00e9quipe jusqu&rsquo;\u00e0 un <strong>32\u1d49 de finale historique en Coupe de France<\/strong>, une premi\u00e8re pour le club.<\/p>\n\n\n\n<p>Face au d\u00e9fi crucial du maintien en National 3, le FC Gueugnon a choisi de confier les r\u00eanes de l\u2019\u00e9quipe premi\u00e8re \u00e0 Fatsah Amghar, convaincu que son expertise, son leadership et sa capacit\u00e9 \u00e0 f\u00e9d\u00e9rer seront des atouts majeurs pour atteindre cet objectif.<\/p>\n\n\n\n<p>Nous comptons sur <strong>l\u2019engagement de toutes les forces vives<\/strong> du club \u2014 joueurs, staff, partenaires, b\u00e9n\u00e9voles et supporters \u2014 pour accompagner notre nouvel entra\u00eeneur dans cette mission.<\/p>\n\n\n\n<div style=\"height:20px\" aria-hidden=\"true\" class=\"wp-block-spacer\"><\/div>\n\n\n\n<h3 class=\"wp-block-heading\"><strong>Bienvenue Fatsah. Ensemble, relevons ce d\u00e9fi !<\/strong><\/h3>\n\n\n\n<div style=\"height:140px\" aria-hidden=\"true\" class=\"wp-block-spacer\"><\/div>\n\n\n\n<h3 class=\"wp-block-heading western\">Le mot de Richard TRIVINO, Directeur Sportif<\/h3>\n\n\n\n<blockquote class=\"wp-block-quote is-layout-flow wp-block-quote-is-layout-flow\">\n<p>\u00ab <em>Nous avons re\u00e7u une trentaine de candidatures. Nous avons regard\u00e9 chaque nom et s\u00e9lectionn\u00e9 4 entraineurs. La d\u00e9cision finale a \u00e9t\u00e9 prise \u00e0 plusieurs, avec notamment Christophe Noluveau (Directeur G\u00e9n\u00e9ral) et le pr\u00e9sident Bernard Canard, car il est crucial de ne pas se tromper : c&rsquo;est un poste tr\u00e8s important.<\/em><\/p>\n\n\n\n<p><em>Fatsah a rapidement \u00e9t\u00e9 dans la pr\u00e9s\u00e9lection, c&rsquo;est quelqu&rsquo;un qui a d\u00e9j\u00e0 connu ce type de situation et qui connait le contexte du maintien. <br>On peut r\u00e9sumer son approche par le triptyque : travail travail et travail. On a la m\u00eame politique car il n&rsquo;y pas de myst\u00e8re, on a pas de r\u00e9sultats et de victoires sans travail, c&rsquo;est la base. \u00bb<\/em><\/p>\n<cite><strong><em>Richard TRIVINO (Directeur Sportif)<\/em><\/strong><\/cite><\/blockquote>\n\n\n\n<div style=\"height:30px\" aria-hidden=\"true\" class=\"wp-block-spacer\"><\/div>\n","protected":false},"excerpt":{"rendered":"<p>Nomination de Fatsah Amghar au poste d&rsquo;entra\u00eeneur principal du FC Gueugnon (National 3). Le FC Gueugnon officialise l\u2019arriv\u00e9e de Fatsah Amghar en tant qu\u2019entra\u00eeneur principal de l\u2019\u00e9quipe premi\u00e8re \u00e9voluant en National 3. Fatsah Amghar, 49 ans, poss\u00e8de une riche exp\u00e9rience du football amateur et semi-professionnel. Il s\u2019est illustr\u00e9 notamment \u00e0 Rumilly-Valli\u00e8res, o\u00f9 il est rest\u00e9 &#8230; <\/p>\n<p class=\"read-more-container\"><a title=\"Communiqu\u00e9 officiel : Nomination du nouvel entra\u00eeneur\" class=\"read-more button\" href=\"https:\/\/www.fcgueugnon.fr\/site\/communique-officiel-nomination-du-nouvel-entraineur\/52558#more-52558\" aria-label=\"Plus sur Communiqu\u00e9 officiel : Nomination du nouvel entra\u00eeneur\">Lire la suite<\/a><\/p>\n","protected":false},"author":1,"featured_media":52560,"comment_status":"closed","ping_status":"closed","sticky":true,"template":"","format":"standard","meta":{"footnotes":""},"categories":[4,62],"tags":[15],"class_list":["post-52558","post","type-post","status-publish","format-standard","has-post-thumbnail","hentry","category-news","category-news-2024-2025","tag-vie-du-club","infinite-scroll-item","generate-columns","tablet-grid-50","mobile-grid-100","grid-parent","grid-25","resize-featured-image"],"yoast_head":"<!-- This site is optimized with the Yoast SEO plugin v26.6 - https:\/\/yoast.com\/wordpress\/plugins\/seo\/ -->\n<title>Communiqu\u00e9 officiel : Nomination du nouvel entra\u00eeneur &#8226; FOOTBALL CLUB GUEUGNON<\/title>\n<meta name=\"robots\" content=\"index, follow, max-snippet:-1, max-image-preview:large, max-video-preview:-1\" \/>\n<link rel=\"canonical\" href=\"https:\/\/www.fcgueugnon.fr\/site\/communique-officiel-nomination-du-nouvel-entraineur\/52558\" \/>\n<meta property=\"og:locale\" content=\"fr_FR\" \/>\n<meta property=\"og:type\" content=\"article\" \/>\n<meta property=\"og:title\" content=\"Communiqu\u00e9 officiel : Nomination du nouvel entra\u00eeneur &#8226; FOOTBALL CLUB GUEUGNON\" \/>\n<meta property=\"og:description\" content=\"Nomination de Fatsah Amghar au poste d&rsquo;entra\u00eeneur principal du FC Gueugnon (National 3). Le FC Gueugnon officialise l\u2019arriv\u00e9e de Fatsah Amghar en tant qu\u2019entra\u00eeneur principal de l\u2019\u00e9quipe premi\u00e8re \u00e9voluant en National 3. Fatsah Amghar, 49 ans, poss\u00e8de une riche exp\u00e9rience du football amateur et semi-professionnel. Il s\u2019est illustr\u00e9 notamment \u00e0 Rumilly-Valli\u00e8res, o\u00f9 il est rest\u00e9 ... Lire la suite\" \/>\n<meta property=\"og:url\" content=\"https:\/\/www.fcgueugnon.fr\/site\/communique-officiel-nomination-du-nouvel-entraineur\/52558\" \/>\n<meta property=\"og:site_name\" content=\"FOOTBALL CLUB GUEUGNON\" \/>\n<meta property=\"article:publisher\" content=\"http:\/\/facebook.com\/FCGueugnon\" \/>\n<meta property=\"article:published_time\" content=\"2024-11-18T16:43:09+00:00\" \/>\n<meta property=\"article:modified_time\" content=\"2024-11-19T15:11:39+00:00\" \/>\n<meta property=\"og:image\" content=\"https:\/\/www.fcgueugnon.fr\/site\/wp-content\/uploads\/2024\/11\/Communique-officiel-FC-Gueugnon-24.25.jpg\" \/>\n\t<meta property=\"og:image:width\" content=\"2160\" \/>\n\t<meta property=\"og:image:height\" content=\"1350\" \/>\n\t<meta property=\"og:image:type\" content=\"image\/jpeg\" \/>\n<meta name=\"author\" content=\"FC Gueugnon\" \/>\n<meta name=\"twitter:card\" content=\"summary_large_image\" \/>\n<meta name=\"twitter:creator\" content=\"@FCGueugnon_off\" \/>\n<meta name=\"twitter:site\" content=\"@FCGueugnon_off\" \/>\n<meta name=\"twitter:label1\" content=\"\u00c9crit par\" \/>\n\t<meta name=\"twitter:data1\" content=\"FC Gueugnon\" \/>\n\t<meta name=\"twitter:label2\" content=\"Dur\u00e9e de lecture estim\u00e9e\" \/>\n\t<meta name=\"twitter:data2\" content=\"2 minutes\" \/>\n<script type=\"application\/ld+json\" class=\"yoast-schema-graph\">{\"@context\":\"https:\/\/schema.org\",\"@graph\":[{\"@type\":\"Article\",\"@id\":\"https:\/\/www.fcgueugnon.fr\/site\/communique-officiel-nomination-du-nouvel-entraineur\/52558#article\",\"isPartOf\":{\"@id\":\"https:\/\/www.fcgueugnon.fr\/site\/communique-officiel-nomination-du-nouvel-entraineur\/52558\"},\"author\":{\"name\":\"FC Gueugnon\",\"@id\":\"https:\/\/www.fcgueugnon.fr\/site\/#\/schema\/person\/f6444fbdd35fa731ee974c03508738fb\"},\"headline\":\"Communiqu\u00e9 officiel : Nomination du nouvel entra\u00eeneur\",\"datePublished\":\"2024-11-18T16:43:09+00:00\",\"dateModified\":\"2024-11-19T15:11:39+00:00\",\"mainEntityOfPage\":{\"@id\":\"https:\/\/www.fcgueugnon.fr\/site\/communique-officiel-nomination-du-nouvel-entraineur\/52558\"},\"wordCount\":402,\"publisher\":{\"@id\":\"https:\/\/www.fcgueugnon.fr\/site\/#organization\"},\"image\":{\"@id\":\"https:\/\/www.fcgueugnon.fr\/site\/communique-officiel-nomination-du-nouvel-entraineur\/52558#primaryimage\"},\"thumbnailUrl\":\"https:\/\/www.fcgueugnon.fr\/site\/wp-content\/uploads\/2024\/11\/Communique-officiel-FC-Gueugnon-24.25.jpg\",\"keywords\":[\"Vie du club\"],\"articleSection\":[\"News\",\"News 2024\/2025\"],\"inLanguage\":\"fr-FR\"},{\"@type\":\"WebPage\",\"@id\":\"https:\/\/www.fcgueugnon.fr\/site\/communique-officiel-nomination-du-nouvel-entraineur\/52558\",\"url\":\"https:\/\/www.fcgueugnon.fr\/site\/communique-officiel-nomination-du-nouvel-entraineur\/52558\",\"name\":\"Communiqu\u00e9 officiel : Nomination du nouvel entra\u00eeneur &#8226; FOOTBALL CLUB GUEUGNON\",\"isPartOf\":{\"@id\":\"https:\/\/www.fcgueugnon.fr\/site\/#website\"},\"primaryImageOfPage\":{\"@id\":\"https:\/\/www.fcgueugnon.fr\/site\/communique-officiel-nomination-du-nouvel-entraineur\/52558#primaryimage\"},\"image\":{\"@id\":\"https:\/\/www.fcgueugnon.fr\/site\/communique-officiel-nomination-du-nouvel-entraineur\/52558#primaryimage\"},\"thumbnailUrl\":\"https:\/\/www.fcgueugnon.fr\/site\/wp-content\/uploads\/2024\/11\/Communique-officiel-FC-Gueugnon-24.25.jpg\",\"datePublished\":\"2024-11-18T16:43:09+00:00\",\"dateModified\":\"2024-11-19T15:11:39+00:00\",\"breadcrumb\":{\"@id\":\"https:\/\/www.fcgueugnon.fr\/site\/communique-officiel-nomination-du-nouvel-entraineur\/52558#breadcrumb\"},\"inLanguage\":\"fr-FR\",\"potentialAction\":[{\"@type\":\"ReadAction\",\"target\":[\"https:\/\/www.fcgueugnon.fr\/site\/communique-officiel-nomination-du-nouvel-entraineur\/52558\"]}]},{\"@type\":\"ImageObject\",\"inLanguage\":\"fr-FR\",\"@id\":\"https:\/\/www.fcgueugnon.fr\/site\/communique-officiel-nomination-du-nouvel-entraineur\/52558#primaryimage\",\"url\":\"https:\/\/www.fcgueugnon.fr\/site\/wp-content\/uploads\/2024\/11\/Communique-officiel-FC-Gueugnon-24.25.jpg\",\"contentUrl\":\"https:\/\/www.fcgueugnon.fr\/site\/wp-content\/uploads\/2024\/11\/Communique-officiel-FC-Gueugnon-24.25.jpg\",\"width\":2160,\"height\":1350},{\"@type\":\"BreadcrumbList\",\"@id\":\"https:\/\/www.fcgueugnon.fr\/site\/communique-officiel-nomination-du-nouvel-entraineur\/52558#breadcrumb\",\"itemListElement\":[{\"@type\":\"ListItem\",\"position\":1,\"name\":\"Accueil\",\"item\":\"https:\/\/www.fcgueugnon.fr\/site\/\"},{\"@type\":\"ListItem\",\"position\":2,\"name\":\"Communiqu\u00e9 officiel : Nomination du nouvel entra\u00eeneur\"}]},{\"@type\":\"WebSite\",\"@id\":\"https:\/\/www.fcgueugnon.fr\/site\/#website\",\"url\":\"https:\/\/www.fcgueugnon.fr\/site\/\",\"name\":\"FOOTBALL CLUB GUEUGNON\",\"description\":\"Le Site Officiel des Forgerons\",\"publisher\":{\"@id\":\"https:\/\/www.fcgueugnon.fr\/site\/#organization\"},\"potentialAction\":[{\"@type\":\"SearchAction\",\"target\":{\"@type\":\"EntryPoint\",\"urlTemplate\":\"https:\/\/www.fcgueugnon.fr\/site\/?s={search_term_string}\"},\"query-input\":{\"@type\":\"PropertyValueSpecification\",\"valueRequired\":true,\"valueName\":\"search_term_string\"}}],\"inLanguage\":\"fr-FR\"},{\"@type\":\"Organization\",\"@id\":\"https:\/\/www.fcgueugnon.fr\/site\/#organization\",\"name\":\"FC Gueugnon\",\"url\":\"https:\/\/www.fcgueugnon.fr\/site\/\",\"logo\":{\"@type\":\"ImageObject\",\"inLanguage\":\"fr-FR\",\"@id\":\"https:\/\/www.fcgueugnon.fr\/site\/#\/schema\/logo\/image\/\",\"url\":\"https:\/\/www.fcgueugnon.fr\/site\/wp-content\/uploads\/2022\/07\/cropped-Logo-FCGUEUGNON-low-350x350-1.png\",\"contentUrl\":\"https:\/\/www.fcgueugnon.fr\/site\/wp-content\/uploads\/2022\/07\/cropped-Logo-FCGUEUGNON-low-350x350-1.png\",\"width\":350,\"height\":350,\"caption\":\"FC Gueugnon\"},\"image\":{\"@id\":\"https:\/\/www.fcgueugnon.fr\/site\/#\/schema\/logo\/image\/\"},\"sameAs\":[\"http:\/\/facebook.com\/FCGueugnon\",\"https:\/\/x.com\/FCGueugnon_off\",\"https:\/\/www.instagram.com\/fcgueugnon\/\",\"https:\/\/www.linkedin.com\/company\/football-club-de-gueugnon\/\",\"https:\/\/www.youtube.com\/user\/FCGueugnonnais\",\"https:\/\/fr.wikipedia.org\/wiki\/Football_Club_de_Gueugnon\"]},{\"@type\":\"Person\",\"@id\":\"https:\/\/www.fcgueugnon.fr\/site\/#\/schema\/person\/f6444fbdd35fa731ee974c03508738fb\",\"name\":\"FC Gueugnon\",\"sameAs\":[\"https:\/\/www.fcgueugnon.fr\/site\"],\"url\":\"https:\/\/www.fcgueugnon.fr\/site\/author\/admin-antho\"}]}<\/script>\n<!-- \/ Yoast SEO plugin. -->","yoast_head_json":{"title":"Communiqu\u00e9 officiel : Nomination du nouvel entra\u00eeneur &#8226; FOOTBALL CLUB GUEUGNON","robots":{"index":"index","follow":"follow","max-snippet":"max-snippet:-1","max-image-preview":"max-image-preview:large","max-video-preview":"max-video-preview:-1"},"canonical":"https:\/\/www.fcgueugnon.fr\/site\/communique-officiel-nomination-du-nouvel-entraineur\/52558","og_locale":"fr_FR","og_type":"article","og_title":"Communiqu\u00e9 officiel : Nomination du nouvel entra\u00eeneur &#8226; FOOTBALL CLUB GUEUGNON","og_description":"Nomination de Fatsah Amghar au poste d&rsquo;entra\u00eeneur principal du FC Gueugnon (National 3). Le FC Gueugnon officialise l\u2019arriv\u00e9e de Fatsah Amghar en tant qu\u2019entra\u00eeneur principal de l\u2019\u00e9quipe premi\u00e8re \u00e9voluant en National 3. Fatsah Amghar, 49 ans, poss\u00e8de une riche exp\u00e9rience du football amateur et semi-professionnel. Il s\u2019est illustr\u00e9 notamment \u00e0 Rumilly-Valli\u00e8res, o\u00f9 il est rest\u00e9 ... Lire la suite","og_url":"https:\/\/www.fcgueugnon.fr\/site\/communique-officiel-nomination-du-nouvel-entraineur\/52558","og_site_name":"FOOTBALL CLUB GUEUGNON","article_publisher":"http:\/\/facebook.com\/FCGueugnon","article_published_time":"2024-11-18T16:43:09+00:00","article_modified_time":"2024-11-19T15:11:39+00:00","og_image":[{"width":2160,"height":1350,"url":"https:\/\/www.fcgueugnon.fr\/site\/wp-content\/uploads\/2024\/11\/Communique-officiel-FC-Gueugnon-24.25.jpg","type":"image\/jpeg"}],"author":"FC Gueugnon","twitter_card":"summary_large_image","twitter_creator":"@FCGueugnon_off","twitter_site":"@FCGueugnon_off","twitter_misc":{"\u00c9crit par":"FC Gueugnon","Dur\u00e9e de lecture estim\u00e9e":"2 minutes"},"schema":{"@context":"https:\/\/schema.org","@graph":[{"@type":"Article","@id":"https:\/\/www.fcgueugnon.fr\/site\/communique-officiel-nomination-du-nouvel-entraineur\/52558#article","isPartOf":{"@id":"https:\/\/www.fcgueugnon.fr\/site\/communique-officiel-nomination-du-nouvel-entraineur\/52558"},"author":{"name":"FC Gueugnon","@id":"https:\/\/www.fcgueugnon.fr\/site\/#\/schema\/person\/f6444fbdd35fa731ee974c03508738fb"},"headline":"Communiqu\u00e9 officiel : Nomination du nouvel entra\u00eeneur","datePublished":"2024-11-18T16:43:09+00:00","dateModified":"2024-11-19T15:11:39+00:00","mainEntityOfPage":{"@id":"https:\/\/www.fcgueugnon.fr\/site\/communique-officiel-nomination-du-nouvel-entraineur\/52558"},"wordCount":402,"publisher":{"@id":"https:\/\/www.fcgueugnon.fr\/site\/#organization"},"image":{"@id":"https:\/\/www.fcgueugnon.fr\/site\/communique-officiel-nomination-du-nouvel-entraineur\/52558#primaryimage"},"thumbnailUrl":"https:\/\/www.fcgueugnon.fr\/site\/wp-content\/uploads\/2024\/11\/Communique-officiel-FC-Gueugnon-24.25.jpg","keywords":["Vie du club"],"articleSection":["News","News 2024\/2025"],"inLanguage":"fr-FR"},{"@type":"WebPage","@id":"https:\/\/www.fcgueugnon.fr\/site\/communique-officiel-nomination-du-nouvel-entraineur\/52558","url":"https:\/\/www.fcgueugnon.fr\/site\/communique-officiel-nomination-du-nouvel-entraineur\/52558","name":"Communiqu\u00e9 officiel : Nomination du nouvel entra\u00eeneur &#8226; FOOTBALL CLUB GUEUGNON","isPartOf":{"@id":"https:\/\/www.fcgueugnon.fr\/site\/#website"},"primaryImageOfPage":{"@id":"https:\/\/www.fcgueugnon.fr\/site\/communique-officiel-nomination-du-nouvel-entraineur\/52558#primaryimage"},"image":{"@id":"https:\/\/www.fcgueugnon.fr\/site\/communique-officiel-nomination-du-nouvel-entraineur\/52558#primaryimage"},"thumbnailUrl":"https:\/\/www.fcgueugnon.fr\/site\/wp-content\/uploads\/2024\/11\/Communique-officiel-FC-Gueugnon-24.25.jpg","datePublished":"2024-11-18T16:43:09+00:00","dateModified":"2024-11-19T15:11:39+00:00","breadcrumb":{"@id":"https:\/\/www.fcgueugnon.fr\/site\/communique-officiel-nomination-du-nouvel-entraineur\/52558#breadcrumb"},"inLanguage":"fr-FR","potentialAction":[{"@type":"ReadAction","target":["https:\/\/www.fcgueugnon.fr\/site\/communique-officiel-nomination-du-nouvel-entraineur\/52558"]}]},{"@type":"ImageObject","inLanguage":"fr-FR","@id":"https:\/\/www.fcgueugnon.fr\/site\/communique-officiel-nomination-du-nouvel-entraineur\/52558#primaryimage","url":"https:\/\/www.fcgueugnon.fr\/site\/wp-content\/uploads\/2024\/11\/Communique-officiel-FC-Gueugnon-24.25.jpg","contentUrl":"https:\/\/www.fcgueugnon.fr\/site\/wp-content\/uploads\/2024\/11\/Communique-officiel-FC-Gueugnon-24.25.jpg","width":2160,"height":1350},{"@type":"BreadcrumbList","@id":"https:\/\/www.fcgueugnon.fr\/site\/communique-officiel-nomination-du-nouvel-entraineur\/52558#breadcrumb","itemListElement":[{"@type":"ListItem","position":1,"name":"Accueil","item":"https:\/\/www.fcgueugnon.fr\/site\/"},{"@type":"ListItem","position":2,"name":"Communiqu\u00e9 officiel : Nomination du nouvel entra\u00eeneur"}]},{"@type":"WebSite","@id":"https:\/\/www.fcgueugnon.fr\/site\/#website","url":"https:\/\/www.fcgueugnon.fr\/site\/","name":"FOOTBALL CLUB GUEUGNON","description":"Le Site Officiel des Forgerons","publisher":{"@id":"https:\/\/www.fcgueugnon.fr\/site\/#organization"},"potentialAction":[{"@type":"SearchAction","target":{"@type":"EntryPoint","urlTemplate":"https:\/\/www.fcgueugnon.fr\/site\/?s={search_term_string}"},"query-input":{"@type":"PropertyValueSpecification","valueRequired":true,"valueName":"search_term_string"}}],"inLanguage":"fr-FR"},{"@type":"Organization","@id":"https:\/\/www.fcgueugnon.fr\/site\/#organization","name":"FC Gueugnon","url":"https:\/\/www.fcgueugnon.fr\/site\/","logo":{"@type":"ImageObject","inLanguage":"fr-FR","@id":"https:\/\/www.fcgueugnon.fr\/site\/#\/schema\/logo\/image\/","url":"https:\/\/www.fcgueugnon.fr\/site\/wp-content\/uploads\/2022\/07\/cropped-Logo-FCGUEUGNON-low-350x350-1.png","contentUrl":"https:\/\/www.fcgueugnon.fr\/site\/wp-content\/uploads\/2022\/07\/cropped-Logo-FCGUEUGNON-low-350x350-1.png","width":350,"height":350,"caption":"FC Gueugnon"},"image":{"@id":"https:\/\/www.fcgueugnon.fr\/site\/#\/schema\/logo\/image\/"},"sameAs":["http:\/\/facebook.com\/FCGueugnon","https:\/\/x.com\/FCGueugnon_off","https:\/\/www.instagram.com\/fcgueugnon\/","https:\/\/www.linkedin.com\/company\/football-club-de-gueugnon\/","https:\/\/www.youtube.com\/user\/FCGueugnonnais","https:\/\/fr.wikipedia.org\/wiki\/Football_Club_de_Gueugnon"]},{"@type":"Person","@id":"https:\/\/www.fcgueugnon.fr\/site\/#\/schema\/person\/f6444fbdd35fa731ee974c03508738fb","name":"FC Gueugnon","sameAs":["https:\/\/www.fcgueugnon.fr\/site"],"url":"https:\/\/www.fcgueugnon.fr\/site\/author\/admin-antho"}]}},"rttpg_featured_image_url":{"full":["https:\/\/www.fcgueugnon.fr\/site\/wp-content\/uploads\/2024\/11\/Communique-officiel-FC-Gueugnon-24.25.jpg",2160,1350,false],"landscape":["https:\/\/www.fcgueugnon.fr\/site\/wp-content\/uploads\/2024\/11\/Communique-officiel-FC-Gueugnon-24.25.jpg",2160,1350,false],"portraits":["https:\/\/www.fcgueugnon.fr\/site\/wp-content\/uploads\/2024\/11\/Communique-officiel-FC-Gueugnon-24.25.jpg",2160,1350,false],"thumbnail":["https:\/\/www.fcgueugnon.fr\/site\/wp-content\/uploads\/2024\/11\/Communique-officiel-FC-Gueugnon-24.25-150x150.jpg",150,150,true],"medium":["https:\/\/www.fcgueugnon.fr\/site\/wp-content\/uploads\/2024\/11\/Communique-officiel-FC-Gueugnon-24.25-400x250.jpg",400,250,true],"large":["https:\/\/www.fcgueugnon.fr\/site\/wp-content\/uploads\/2024\/11\/Communique-officiel-FC-Gueugnon-24.25-1024x640.jpg",1024,640,true],"1536x1536":["https:\/\/www.fcgueugnon.fr\/site\/wp-content\/uploads\/2024\/11\/Communique-officiel-FC-Gueugnon-24.25-1536x960.jpg",1536,960,true],"2048x2048":["https:\/\/www.fcgueugnon.fr\/site\/wp-content\/uploads\/2024\/11\/Communique-officiel-FC-Gueugnon-24.25-2048x1280.jpg",2048,1280,true]},"rttpg_author":{"display_name":"FC Gueugnon","author_link":"https:\/\/www.fcgueugnon.fr\/site\/author\/admin-antho"},"rttpg_comment":0,"rttpg_category":"<a href=\"https:\/\/www.fcgueugnon.fr\/site\/category\/news\" rel=\"category tag\">News<\/a> <a href=\"https:\/\/www.fcgueugnon.fr\/site\/category\/news\/news-2024-2025\" rel=\"category tag\">News 2024\/2025<\/a>","rttpg_excerpt":"Nomination de Fatsah Amghar au poste d&rsquo;entra\u00eeneur principal du FC Gueugnon (National 3). Le FC Gueugnon officialise l\u2019arriv\u00e9e de Fatsah Amghar en tant qu\u2019entra\u00eeneur principal de l\u2019\u00e9quipe premi\u00e8re \u00e9voluant en National 3. Fatsah Amghar, 49 ans, poss\u00e8de une riche exp\u00e9rience du football amateur et semi-professionnel. Il s\u2019est illustr\u00e9 notamment \u00e0 Rumilly-Valli\u00e8res, o\u00f9 il est rest\u00e9\u2026","_links":{"self":[{"href":"https:\/\/www.fcgueugnon.fr\/site\/wp-json\/wp\/v2\/posts\/52558","targetHints":{"allow":["GET"]}}],"collection":[{"href":"https:\/\/www.fcgueugnon.fr\/site\/wp-json\/wp\/v2\/posts"}],"about":[{"href":"https:\/\/www.fcgueugnon.fr\/site\/wp-json\/wp\/v2\/types\/post"}],"author":[{"embeddable":true,"href":"https:\/\/www.fcgueugnon.fr\/site\/wp-json\/wp\/v2\/users\/1"}],"replies":[{"embeddable":true,"href":"https:\/\/www.fcgueugnon.fr\/site\/wp-json\/wp\/v2\/comments?post=52558"}],"version-history":[{"count":6,"href":"https:\/\/www.fcgueugnon.fr\/site\/wp-json\/wp\/v2\/posts\/52558\/revisions"}],"predecessor-version":[{"id":52571,"href":"https:\/\/www.fcgueugnon.fr\/site\/wp-json\/wp\/v2\/posts\/52558\/revisions\/52571"}],"wp:featuredmedia":[{"embeddable":true,"href":"https:\/\/www.fcgueugnon.fr\/site\/wp-json\/wp\/v2\/media\/52560"}],"wp:attachment":[{"href":"https:\/\/www.fcgueugnon.fr\/site\/wp-json\/wp\/v2\/media?parent=52558"}],"wp:term":[{"taxonomy":"category","embeddable":true,"href":"https:\/\/www.fcgueugnon.fr\/site\/wp-json\/wp\/v2\/categories?post=52558"},{"taxonomy":"post_tag","embeddable":true,"href":"https:\/\/www.fcgueugnon.fr\/site\/wp-json\/wp\/v2\/tags?post=52558"}],"curies":[{"name":"wp","href":"https:\/\/api.w.org\/{rel}","templated":true}]}}