{"id":52554,"date":"2024-11-15T09:31:29","date_gmt":"2024-11-15T08:31:29","guid":{"rendered":"https:\/\/www.fcgueugnon.fr\/site\/?p=52554"},"modified":"2024-11-17T22:16:37","modified_gmt":"2024-11-17T21:16:37","slug":"cdf-7e-tour-fc-gueugnon-fc-sochaux-montbeliard-duel-de-jaune-et-bleu-a-laffiche-de-ce-7eme-tour-de-coupe-de-france","status":"publish","type":"post","link":"https:\/\/www.fcgueugnon.fr\/site\/cdf-7e-tour-fc-gueugnon-fc-sochaux-montbeliard-duel-de-jaune-et-bleu-a-laffiche-de-ce-7eme-tour-de-coupe-de-france\/52554","title":{"rendered":"[CDF 7e Tour : FC Gueugnon &#8211; FC Sochaux-Montb\u00e9liard] Duel de jaune et bleu \u00e0 l\u2019affiche de ce 7\u00e8me tour de Coupe de France !"},"content":{"rendered":"\n<h2 class=\"wp-block-heading\"><strong>C&rsquo;est un v\u00e9ritable match de gala qui aura lieu au stade Jean Laville o\u00f9 les forgerons recevront, cette fois-ci, l&rsquo;\u00e9quipe premi\u00e8re du FC Sochaux-Montb\u00e9liard dans la coupe de tous les possibles ! <\/strong><\/h2>\n\n\n\n<div class=\"wp-block-getwid-image-box getwid-animation has-text-center has-mobile-layout-default has-mobile-alignment-center\" data-animation=\"pulse\"><div class=\"wp-block-getwid-image-box__image-container is-position-top\"><div class=\"wp-block-getwid-image-box__image-wrapper\"><img loading=\"lazy\" decoding=\"async\" width=\"730\" height=\"1024\" src=\"https:\/\/www.fcgueugnon.fr\/site\/wp-content\/uploads\/2024\/11\/AFFICHE-CDF-T7-SOCHAUX-1-730x1024.jpg\" alt=\"\" class=\"wp-block-getwid-image-box__image wp-image-52555\" srcset=\"https:\/\/www.fcgueugnon.fr\/site\/wp-content\/uploads\/2024\/11\/AFFICHE-CDF-T7-SOCHAUX-1-730x1024.jpg 730w, https:\/\/www.fcgueugnon.fr\/site\/wp-content\/uploads\/2024\/11\/AFFICHE-CDF-T7-SOCHAUX-1-285x400.jpg 285w, https:\/\/www.fcgueugnon.fr\/site\/wp-content\/uploads\/2024\/11\/AFFICHE-CDF-T7-SOCHAUX-1-768x1077.jpg 768w, https:\/\/www.fcgueugnon.fr\/site\/wp-content\/uploads\/2024\/11\/AFFICHE-CDF-T7-SOCHAUX-1-1095x1536.jpg 1095w, https:\/\/www.fcgueugnon.fr\/site\/wp-content\/uploads\/2024\/11\/AFFICHE-CDF-T7-SOCHAUX-1-1460x2048.jpg 1460w, https:\/\/www.fcgueugnon.fr\/site\/wp-content\/uploads\/2024\/11\/AFFICHE-CDF-T7-SOCHAUX-1-1320x1852.jpg 1320w, https:\/\/www.fcgueugnon.fr\/site\/wp-content\/uploads\/2024\/11\/AFFICHE-CDF-T7-SOCHAUX-1-scaled.jpg 1825w\" sizes=\"auto, (max-width: 730px) 100vw, 730px\" \/><\/div><\/div><div class=\"wp-block-getwid-image-box__content\">\n<h3 class=\"wp-block-heading\"><\/h3>\n\n\n\n<p><\/p>\n<\/div><\/div>\n\n\n\n<div style=\"height:50px\" aria-hidden=\"true\" class=\"wp-block-spacer\"><\/div>\n\n\n\n<div class=\"wp-block-columns is-layout-flex wp-container-core-columns-is-layout-9d6595d7 wp-block-columns-is-layout-flex\">\n<div class=\"wp-block-column is-layout-flow wp-block-column-is-layout-flow\">\n<h3 class=\"wp-block-heading\">\ud83c\udd9a <em><strong>L&rsquo;adversaire <\/strong><\/em>: FC Sochaux Montb\u00e9liard<\/h3>\n\n\n\n<p>Doit-on pr\u00e9senter le <strong>FC Sochaux-Montb\u00e9liard ? Club majeur du foot fran\u00e7ais au palmar\u00e8s probant<\/strong> : Champion de France (1935, 1938), Champion de D2\/L2 (1947, 2001), Vainqueur de la Coupe de France (1937, 2007), Vainqueur de la Coupe de la Ligue (2004), 66 saisons en D1\/L1, 19 saisons en D2\/L2. <\/p>\n\n\n\n<p>Puis, apr\u00e8s la vente du club en 2015 par Peugeot, c&rsquo;est <strong>un FCSM au bord du d\u00e9p\u00f4t de bilan<\/strong> qui quitte finalement les deux premi\u00e8res divisions pour la premi\u00e8re fois de son histoire, et se retrouve r\u00e9int\u00e9gr\u00e9 en 2023-2024 dans le championnat National apr\u00e8s <strong>l&rsquo;op\u00e9ration de sauvetage, <\/strong>men\u00e9e par son ancien pr\u00e9sident Jean-Claude Plessis autour du projet FCSM 2028.<\/p>\n\n\n\n<p>Le renouveau du FC Sochaux pouvait alors d\u00e9marrer comme l&rsquo;\u00e9voque <strong>le nouveau pr\u00e9sident Cl\u00e9ment Calvez<\/strong> : \u00ab <em>(on doit)&nbsp;faire en sorte que le FCSM redevienne le porte-drapeau de notre territoire local, et la mont\u00e9e en ligue 2, extr\u00eamement importante \u00e0 court ou moyen terme&nbsp;\u00bb.<\/em> <\/p>\n\n\n\n<p>Pour l\u2019heure, le FCSM est 6<sup>e<\/sup> \u00e0 4 points du leader (4V\/5N\/2D). En coupe, <strong>les hommes coach\u00e9s par Karim Mokeddem <\/strong>se sont qualifi\u00e9s en battant successivement l&rsquo;AS Besan\u00e7on (0-6) puis Avallon FCO (1-3).<br>Actuellement invaincu \u00e0 l\u2019ext\u00e9rieur, toutes comp\u00e9titions confondues, c&rsquo;est un coriace adversaire qui d\u00e9barque \u00e0 Jean Laville.<\/p>\n<\/div>\n\n\n\n<div class=\"wp-block-column is-layout-flow wp-block-column-is-layout-flow\">\n<h3 class=\"wp-block-heading\">\ud83d\udfe1\ud83d\udd35 <em><strong>Le FC Gueugnon<\/strong><\/em><\/h3>\n\n\n\n<p><strong>Gueugnon est dans une mauvaise passe en ce moment <\/strong>avec une position actuelle de lanterne rouge et la r\u00e9cente mise \u00e0 l&rsquo;\u00e9cart de Philippe Correia. Jean Laville n&rsquo;est pas encore redevenu un fief imprenable et le dernier d\u00e9placement s&rsquo;est sold\u00e9 par une nouvelle d\u00e9faite. <\/p>\n\n\n\n<p>Face \u00e0 la r\u00e9serve de l\u2019AJA, <strong>les gueugnonnais r\u00e9duits \u00e0 10 d\u00e8s la 44e minute<\/strong>, apr\u00e8s une sortie pr\u00e9cipit\u00e9e du gardien Anthony Lamonge, ont pourtant montr\u00e9 des signes encourageants ! Malgr\u00e9 cette d\u00e9termination, le FCG a \u00e9t\u00e9 puni sur un exploit individuel et une frappe d\u00e9vi\u00e9e (0-1, <a href=\"https:\/\/www.fcgueugnon.fr\/site\/n3-j08-aj-auxerre-b-fc-gueugnon-resultat-et-reaction\/52510\">relire l&rsquo;apr\u00e8s-match<\/a>). Le nul aurait pu \u00eatre \u00e9quitable sur des faits de jeu ou des ultimes occasions mais la d\u00e9faite est bien l\u00e0. Toutefois,<strong> Bake Bayo, entra\u00eeneur par int\u00e9rim<\/strong> tenait \u00e0 souligner : \u00ab <em>Sur le contenu, c\u2019\u00e9tait bon. <\/em>\u00bb <\/p>\n\n\n\n<p>Une base solide semble ainsi \u00eatre pos\u00e9e pour repartir de l&rsquo;avant et la Coupe de France appara\u00eet comme <strong>une opportunit\u00e9 int\u00e9ressante pour retrouver cet \u00e9tat d\u2019esprit <\/strong>qui pourrait faire recette. Pour ce match, Anthony Njock revient dans les cages apr\u00e8s l\u2019expulsion d\u2019Antony Lamonge, tandis que Fraty Miezi, Paul Schacherer et Maxence Fournel sont \u00e0 nouveau disponibles. <\/p>\n\n\n\n<p>Les joueurs, conscients de l\u2019importance de la situation, devront puiser dans leurs ressources pour se r\u00e9g\u00e9n\u00e9rer, se r\u00e9inventer et<strong> viser l&rsquo;exploit<\/strong> face \u00e0 ce gros morceau de lion qu&rsquo;est Sochaux.<\/p>\n<\/div>\n<\/div>\n\n\n\n<div style=\"height:50px\" aria-hidden=\"true\" class=\"wp-block-spacer\"><\/div>\n\n\n\n<div class=\"wp-block-media-text alignwide has-media-on-the-right is-stacked-on-mobile is-vertically-aligned-center is-style-default\" style=\"grid-template-columns:auto 49%\"><div class=\"wp-block-media-text__content\">\n<h3 class=\"wp-block-heading\">\ud83d\udce3 <em><strong>La d\u00e9cla&rsquo;<\/strong><\/em><\/h3>\n\n\n\n<blockquote class=\"wp-block-quote is-layout-flow wp-block-quote-is-layout-flow\">\n<p><em><em>\u00ab Je ne doute pas de la motivation des jouers \u00e0 jouer contre une \u00e9quipe sup\u00e9rieure de deux divisions, ni des efforts qui seront d\u00e9ploy\u00e9s pour tenter de la battre&#8230; \u00bb<\/em><\/em><\/p>\n<cite><strong>Guy CLOPIN (Dirigeant)<\/strong><\/cite><\/blockquote>\n<\/div><figure class=\"wp-block-media-text__media\"><img loading=\"lazy\" decoding=\"async\" width=\"819\" height=\"1024\" src=\"https:\/\/www.fcgueugnon.fr\/site\/wp-content\/uploads\/2024\/10\/Guy-Clopin-FC-Gueugnon-819x1024.png\" alt=\"\" class=\"wp-image-52425 size-full\" srcset=\"https:\/\/www.fcgueugnon.fr\/site\/wp-content\/uploads\/2024\/10\/Guy-Clopin-FC-Gueugnon-819x1024.png 819w, https:\/\/www.fcgueugnon.fr\/site\/wp-content\/uploads\/2024\/10\/Guy-Clopin-FC-Gueugnon-320x400.png 320w, https:\/\/www.fcgueugnon.fr\/site\/wp-content\/uploads\/2024\/10\/Guy-Clopin-FC-Gueugnon-768x960.png 768w, https:\/\/www.fcgueugnon.fr\/site\/wp-content\/uploads\/2024\/10\/Guy-Clopin-FC-Gueugnon-1229x1536.png 1229w, https:\/\/www.fcgueugnon.fr\/site\/wp-content\/uploads\/2024\/10\/Guy-Clopin-FC-Gueugnon-1638x2048.png 1638w, https:\/\/www.fcgueugnon.fr\/site\/wp-content\/uploads\/2024\/10\/Guy-Clopin-FC-Gueugnon-1320x1650.png 1320w, https:\/\/www.fcgueugnon.fr\/site\/wp-content\/uploads\/2024\/10\/Guy-Clopin-FC-Gueugnon.png 2000w\" sizes=\"auto, (max-width: 819px) 100vw, 819px\" \/><\/figure><\/div>\n\n\n\n<div style=\"height:50px\" aria-hidden=\"true\" class=\"wp-block-spacer\"><\/div>\n\n\n\n<p class=\"has-text-align-center is-style-info\"><span style=\"text-decoration: underline;\">Rendez-vous ce samedi 16 Novembre \u00e0 18h00<\/span> pour un match de coupe \u00e0 ne pas manquer !<\/p>\n\n\n\n<div style=\"height:10px\" aria-hidden=\"true\" class=\"wp-block-spacer\"><\/div>\n\n\n\n<hr class=\"wp-block-separator has-text-color has-css-opacity has-background is-style-default\" style=\"background-color:#f7db4a;color:#f7db4a\"\/>\n\n\n\n<div style=\"height:5px\" aria-hidden=\"true\" class=\"wp-block-spacer\"><\/div>\n\n\n\n<h3 class=\"wp-block-heading\">\ud83d\udccd <strong><em>Les infos pratiques<\/em><\/strong><\/h3>\n\n\n\n<h3 class=\"wp-block-heading\">Billetterie<\/h3>\n\n\n\n<div class=\"wp-block-media-text alignwide is-stacked-on-mobile is-vertically-aligned-center is-style-default\" style=\"grid-template-columns:49% auto\"><figure class=\"wp-block-media-text__media\"><img loading=\"lazy\" decoding=\"async\" width=\"1024\" height=\"768\" src=\"https:\/\/www.fcgueugnon.fr\/site\/wp-content\/uploads\/2022\/08\/entree-billetterie-stade-jean-laville-sous-la-tribune-ouest-1024x768.jpg\" alt=\"\" class=\"wp-image-951 size-full\" srcset=\"https:\/\/www.fcgueugnon.fr\/site\/wp-content\/uploads\/2022\/08\/entree-billetterie-stade-jean-laville-sous-la-tribune-ouest-1024x768.jpg 1024w, https:\/\/www.fcgueugnon.fr\/site\/wp-content\/uploads\/2022\/08\/entree-billetterie-stade-jean-laville-sous-la-tribune-ouest-400x300.jpg 400w, https:\/\/www.fcgueugnon.fr\/site\/wp-content\/uploads\/2022\/08\/entree-billetterie-stade-jean-laville-sous-la-tribune-ouest-768x576.jpg 768w, https:\/\/www.fcgueugnon.fr\/site\/wp-content\/uploads\/2022\/08\/entree-billetterie-stade-jean-laville-sous-la-tribune-ouest-1536x1152.jpg 1536w, https:\/\/www.fcgueugnon.fr\/site\/wp-content\/uploads\/2022\/08\/entree-billetterie-stade-jean-laville-sous-la-tribune-ouest-2048x1536.jpg 2048w, https:\/\/www.fcgueugnon.fr\/site\/wp-content\/uploads\/2022\/08\/entree-billetterie-stade-jean-laville-sous-la-tribune-ouest-1320x990.jpg 1320w\" sizes=\"auto, (max-width: 1024px) 100vw, 1024px\" \/><\/figure><div class=\"wp-block-media-text__content\">\n<p><br><em>Rendez-vous sous la<strong> tribune Ouest <\/strong>pour acc\u00e9der au guichet Billetterie puis dans l&rsquo;angle des tribunes Nord et Ouest (c\u00f4t\u00e9 piscine) pour acc\u00e9der au stade.<\/em><\/p>\n<\/div><\/div>\n\n\n\n<div class=\"wp-block-media-text alignwide has-media-on-the-right is-stacked-on-mobile is-vertically-aligned-center is-style-default\" style=\"grid-template-columns:auto 49%\"><div class=\"wp-block-media-text__content\">\n<h3 class=\"wp-block-heading\">Tarifs Coupe de France (FFF)<\/h3>\n\n\n\n<ul class=\"wp-block-list\">\n<li><strong><span style=\"text-decoration: underline;\">PLEIN TARIF<\/span> : 8\u20ac<\/strong><\/li>\n\n\n\n<li><strong><span style=\"text-decoration: underline;\">TARIF R\u00c9DUIT<\/span> : 5\u20ac<\/strong> \u2013 Abonn\u00e9s, Licenci\u00e9s FC Gueugnon, -10 ans<\/li>\n\n\n\n<li><strong><span style=\"text-decoration: underline;\">Parcage visiteurs<\/span><\/strong> : Renseignements aupr\u00e8s du FC Sochaux-Montb\u00e9liard<\/li>\n<\/ul>\n\n\n\n<div style=\"height:10px\" aria-hidden=\"true\" class=\"wp-block-spacer\"><\/div>\n<\/div><figure class=\"wp-block-media-text__media\"><img loading=\"lazy\" decoding=\"async\" width=\"1024\" height=\"768\" src=\"https:\/\/www.fcgueugnon.fr\/site\/wp-content\/uploads\/2022\/07\/billetterie-sous-la-tribune-ouest-d-FCGueugnon-a-Jean-Laville-1024x768.jpg\" alt=\"\" class=\"wp-image-63 size-full\" srcset=\"https:\/\/www.fcgueugnon.fr\/site\/wp-content\/uploads\/2022\/07\/billetterie-sous-la-tribune-ouest-d-FCGueugnon-a-Jean-Laville-1024x768.jpg 1024w, https:\/\/www.fcgueugnon.fr\/site\/wp-content\/uploads\/2022\/07\/billetterie-sous-la-tribune-ouest-d-FCGueugnon-a-Jean-Laville-400x300.jpg 400w, https:\/\/www.fcgueugnon.fr\/site\/wp-content\/uploads\/2022\/07\/billetterie-sous-la-tribune-ouest-d-FCGueugnon-a-Jean-Laville-768x576.jpg 768w, https:\/\/www.fcgueugnon.fr\/site\/wp-content\/uploads\/2022\/07\/billetterie-sous-la-tribune-ouest-d-FCGueugnon-a-Jean-Laville-1536x1152.jpg 1536w, https:\/\/www.fcgueugnon.fr\/site\/wp-content\/uploads\/2022\/07\/billetterie-sous-la-tribune-ouest-d-FCGueugnon-a-Jean-Laville-2048x1536.jpg 2048w\" sizes=\"auto, (max-width: 1024px) 100vw, 1024px\" \/><\/figure><\/div>\n\n\n\n<div style=\"height:30px\" aria-hidden=\"true\" class=\"wp-block-spacer\"><\/div>\n\n\n\n<div class=\"wp-block-buttons is-content-justification-center is-layout-flex wp-container-core-buttons-is-layout-16018d1d wp-block-buttons-is-layout-flex\">\n<div class=\"wp-block-button\"><a class=\"wp-block-button__link wp-element-button\" href=\"https:\/\/www.fcgueugnon.fr\/site\/infos-pratiques\">Acc\u00e8s au stade, buvette, PMR&#8230;. Toutes les infos pratiques en un clic !<\/a><\/div>\n<\/div>\n\n\n\n<div style=\"height:10px\" aria-hidden=\"true\" class=\"wp-block-spacer\"><\/div>\n\n\n\n<hr class=\"wp-block-separator has-text-color has-css-opacity has-background is-style-default\" style=\"background-color:#f7db4a;color:#f7db4a\"\/>\n\n\n\n<div style=\"height:5px\" aria-hidden=\"true\" class=\"wp-block-spacer\"><\/div>\n\n\n\n<h3 class=\"wp-block-heading\"><em>\ud83e\udd1d <strong>Partenaire du match<\/strong> <\/em><\/h3>\n\n\n\n<div class=\"wp-block-getwid-image-box getwid-animation has-text-center has-mobile-layout-default has-mobile-alignment-default\" data-animation=\"pulse\"><div class=\"wp-block-getwid-image-box__image-container is-position-top\"><a href=\"https:\/\/www.fcgueugnon.fr\/site\/cdf-7e-tour-fc-gueugnon-fc-sochaux-montbeliard-aperam-partenaire-de-la-rencontre\/52537\" class=\"wp-block-getwid-image-box__image-wrapper\"><img loading=\"lazy\" decoding=\"async\" width=\"1024\" height=\"640\" src=\"https:\/\/www.fcgueugnon.fr\/site\/wp-content\/uploads\/2024\/11\/aperam-partenaire-match-fc-gueugnon-1024x640.jpeg\" alt=\"\" class=\"wp-block-getwid-image-box__image wp-image-52545\" srcset=\"https:\/\/www.fcgueugnon.fr\/site\/wp-content\/uploads\/2024\/11\/aperam-partenaire-match-fc-gueugnon-1024x640.jpeg 1024w, https:\/\/www.fcgueugnon.fr\/site\/wp-content\/uploads\/2024\/11\/aperam-partenaire-match-fc-gueugnon-400x250.jpeg 400w, https:\/\/www.fcgueugnon.fr\/site\/wp-content\/uploads\/2024\/11\/aperam-partenaire-match-fc-gueugnon-768x480.jpeg 768w, https:\/\/www.fcgueugnon.fr\/site\/wp-content\/uploads\/2024\/11\/aperam-partenaire-match-fc-gueugnon-1536x960.jpeg 1536w, https:\/\/www.fcgueugnon.fr\/site\/wp-content\/uploads\/2024\/11\/aperam-partenaire-match-fc-gueugnon-1320x825.jpeg 1320w, https:\/\/www.fcgueugnon.fr\/site\/wp-content\/uploads\/2024\/11\/aperam-partenaire-match-fc-gueugnon.jpeg 1600w\" sizes=\"auto, (max-width: 1024px) 100vw, 1024px\" \/><\/a><\/div><div class=\"wp-block-getwid-image-box__content\">\n<h3 class=\"wp-block-heading\"><a href=\"https:\/\/www.fcgueugnon.fr\/site\/cdf-7e-tour-fc-gueugnon-fc-sochaux-montbeliard-aperam-partenaire-de-la-rencontre\/52537\" target=\"_blank\" rel=\"noreferrer noopener\">[CDF 7e Tour : FC Gueugnon \u2013 FC Sochaux-Montb\u00e9liard] APERAM : Partenaire de la rencontre<\/a><\/h3>\n\n\n\n<p><\/p>\n<\/div><\/div>\n\n\n\n<div style=\"height:50px\" aria-hidden=\"true\" class=\"wp-block-spacer\"><\/div>\n\n\n\n<hr class=\"wp-block-separator has-text-color has-css-opacity has-background is-style-default\" style=\"background-color:#f7db4a;color:#f7db4a\"\/>\n\n\n\n<div style=\"height:5px\" aria-hidden=\"true\" class=\"wp-block-spacer\"><\/div>\n\n\n\n<h3 class=\"wp-block-heading\">\u26bd <strong><em>La fiche<\/em><\/strong><\/h3>\n\n\n\n<h4 class=\"wp-block-heading\"><strong>COUPE DE FRANCE \u2013 7\u00e8me TOUR<\/strong><br>Samedi 16 Novembre 2024 \u2013 18H00<br>FC GUEUGNON \/ FC SOCHAUX-MONTBELIARD<\/h4>\n\n\n\n<p><strong>TERRAIN<\/strong><br>STADE JEAN LAVILLE<br>RUE ROGER COUDERC<br>71130 &#8211; GUEUGNON<\/p>\n\n\n\n<p><strong>SURFACE DE JEU<\/strong><br>Pelouse naturelle<\/p>\n\n\n\n<p><strong>OFFICIELS<\/strong><br>Arbitre centre : EDDY ROSIER<br>Arbitre assistant 1 : REGIS GAILLARD<br>Arbitre assistant 2 : WILLIAM LAPLAGNE<br>D\u00e9l\u00e9gu\u00e9 principal : YACINE BEKRAR<br>D\u00e9l\u00e9gu\u00e9 adjoint 1 : ALAIN MATHIEU<\/p>\n\n\n\n<div style=\"height:50px\" aria-hidden=\"true\" class=\"wp-block-spacer\"><\/div>\n\n\n\n<h3 class=\"wp-block-heading\"><strong>Groupe<\/strong><\/h3>\n\n\n\nA suivre sur nos r\u00e9seaux sociaux apr\u00e8s le dernier entrainement\n\n\n\n<div style=\"height:50px\" aria-hidden=\"true\" class=\"wp-block-spacer\"><\/div>\n\n\n\n<h3 class=\"wp-block-heading\">\ud83d\uddd3 <strong>Les 92 matchs du 7eme tour de Coupe de France <\/strong><\/h3>\n\n\n\n<p><a href=\"https:\/\/www.fff.fr\/competition\/engagement\/420183-coupe-de-france\/phase\/2\/resultats-et-calendrier.html?gp_no=1\" target=\"_blank\" rel=\"noreferrer noopener\">\u25ba Retrouvez le tirage complet sur le site FFF<\/a><\/p>\n\n\n\n<div style=\"height:20px\" aria-hidden=\"true\" class=\"wp-block-spacer\"><\/div>\n\n\n\n<div class=\"wp-block-columns is-not-stacked-on-mobile is-layout-flex wp-container-core-columns-is-layout-9d6595d7 wp-block-columns-is-layout-flex\">\n<div class=\"wp-block-column is-layout-flow wp-block-column-is-layout-flow\">\n<div class=\"wp-block-buttons is-content-justification-right is-layout-flex wp-container-core-buttons-is-layout-765c4724 wp-block-buttons-is-layout-flex\">\n<div class=\"wp-block-button\"><a class=\"wp-block-button__link has-text-align-center wp-element-button\" href=\"https:\/\/www.fcgueugnon.fr\/site\/calendrier-seniors-a-national-3-bourgogne-franche-comte\">Calendrier<\/a><\/div>\n<\/div>\n<\/div>\n\n\n\n<div class=\"wp-block-column is-layout-flow wp-block-column-is-layout-flow\">\n<div class=\"wp-block-buttons is-content-justification-left is-layout-flex wp-container-core-buttons-is-layout-fdcfc74e wp-block-buttons-is-layout-flex\">\n<div class=\"wp-block-button\"><a class=\"wp-block-button__link has-text-align-center wp-element-button\" href=\"https:\/\/www.fcgueugnon.fr\/site\/classement-national-3-bourgogne-franche-comte\">Classement<\/a><\/div>\n<\/div>\n<\/div>\n<\/div>\n\n\n\n<div style=\"height:100px\" aria-hidden=\"true\" class=\"wp-block-spacer\"><\/div>\n","protected":false},"excerpt":{"rendered":"<p>C&rsquo;est un v\u00e9ritable match de gala qui aura lieu au stade Jean Laville o\u00f9 les forgerons recevront, cette fois-ci, l&rsquo;\u00e9quipe premi\u00e8re du FC Sochaux-Montb\u00e9liard dans la coupe de tous les possibles ! \ud83c\udd9a L&rsquo;adversaire : FC Sochaux Montb\u00e9liard Doit-on pr\u00e9senter le FC Sochaux-Montb\u00e9liard ? Club majeur du foot fran\u00e7ais au palmar\u00e8s probant : Champion de &#8230; <\/p>\n<p class=\"read-more-container\"><a title=\"[CDF 7e Tour : FC Gueugnon &#8211; FC Sochaux-Montb\u00e9liard] Duel de jaune et bleu \u00e0 l\u2019affiche de ce 7\u00e8me tour de Coupe de France !\" class=\"read-more button\" href=\"https:\/\/www.fcgueugnon.fr\/site\/cdf-7e-tour-fc-gueugnon-fc-sochaux-montbeliard-duel-de-jaune-et-bleu-a-laffiche-de-ce-7eme-tour-de-coupe-de-france\/52554#more-52554\" aria-label=\"Plus sur [CDF 7e Tour : FC Gueugnon &#8211; FC Sochaux-Montb\u00e9liard] Duel de jaune et bleu \u00e0 l\u2019affiche de ce 7\u00e8me tour de Coupe de France !\">Lire la suite<\/a><\/p>\n","protected":false},"author":1,"featured_media":52556,"comment_status":"closed","ping_status":"closed","sticky":false,"template":"","format":"standard","meta":{"footnotes":""},"categories":[4,62],"tags":[28],"class_list":["post-52554","post","type-post","status-publish","format-standard","has-post-thumbnail","hentry","category-news","category-news-2024-2025","tag-avant-match","infinite-scroll-item","generate-columns","tablet-grid-50","mobile-grid-100","grid-parent","grid-25","resize-featured-image"],"yoast_head":"<!-- This site is optimized with the Yoast SEO plugin v26.6 - https:\/\/yoast.com\/wordpress\/plugins\/seo\/ -->\n<title>[CDF 7e Tour : FC Gueugnon - FC Sochaux-Montb\u00e9liard] Duel de jaune et bleu \u00e0 l\u2019affiche de ce 7\u00e8me tour de Coupe de France ! &#8226; FOOTBALL CLUB GUEUGNON<\/title>\n<meta name=\"robots\" content=\"index, follow, max-snippet:-1, max-image-preview:large, max-video-preview:-1\" \/>\n<link rel=\"canonical\" href=\"https:\/\/www.fcgueugnon.fr\/site\/cdf-7e-tour-fc-gueugnon-fc-sochaux-montbeliard-duel-de-jaune-et-bleu-a-laffiche-de-ce-7eme-tour-de-coupe-de-france\/52554\" \/>\n<meta property=\"og:locale\" content=\"fr_FR\" \/>\n<meta property=\"og:type\" content=\"article\" \/>\n<meta property=\"og:title\" content=\"[CDF 7e Tour : FC Gueugnon - FC Sochaux-Montb\u00e9liard] Duel de jaune et bleu \u00e0 l\u2019affiche de ce 7\u00e8me tour de Coupe de France ! &#8226; FOOTBALL CLUB GUEUGNON\" \/>\n<meta property=\"og:description\" content=\"C&rsquo;est un v\u00e9ritable match de gala qui aura lieu au stade Jean Laville o\u00f9 les forgerons recevront, cette fois-ci, l&rsquo;\u00e9quipe premi\u00e8re du FC Sochaux-Montb\u00e9liard dans la coupe de tous les possibles ! \ud83c\udd9a L&rsquo;adversaire : FC Sochaux Montb\u00e9liard Doit-on pr\u00e9senter le FC Sochaux-Montb\u00e9liard ? Club majeur du foot fran\u00e7ais au palmar\u00e8s probant : Champion de ... Lire la suite\" \/>\n<meta property=\"og:url\" content=\"https:\/\/www.fcgueugnon.fr\/site\/cdf-7e-tour-fc-gueugnon-fc-sochaux-montbeliard-duel-de-jaune-et-bleu-a-laffiche-de-ce-7eme-tour-de-coupe-de-france\/52554\" \/>\n<meta property=\"og:site_name\" content=\"FOOTBALL CLUB GUEUGNON\" \/>\n<meta property=\"article:publisher\" content=\"http:\/\/facebook.com\/FCGueugnon\" \/>\n<meta property=\"article:published_time\" content=\"2024-11-15T08:31:29+00:00\" \/>\n<meta property=\"article:modified_time\" content=\"2024-11-17T21:16:37+00:00\" \/>\n<meta property=\"og:image\" content=\"https:\/\/www.fcgueugnon.fr\/site\/wp-content\/uploads\/2024\/11\/AVANT-MATCH-24-25.jpg\" \/>\n\t<meta property=\"og:image:width\" content=\"2160\" \/>\n\t<meta property=\"og:image:height\" content=\"1350\" \/>\n\t<meta property=\"og:image:type\" content=\"image\/jpeg\" \/>\n<meta name=\"author\" content=\"FC Gueugnon\" \/>\n<meta name=\"twitter:card\" content=\"summary_large_image\" \/>\n<meta name=\"twitter:creator\" content=\"@FCGueugnon_off\" \/>\n<meta name=\"twitter:site\" content=\"@FCGueugnon_off\" \/>\n<meta name=\"twitter:label1\" content=\"\u00c9crit par\" \/>\n\t<meta name=\"twitter:data1\" content=\"FC Gueugnon\" \/>\n\t<meta name=\"twitter:label2\" content=\"Dur\u00e9e de lecture estim\u00e9e\" \/>\n\t<meta name=\"twitter:data2\" content=\"5 minutes\" \/>\n<script type=\"application\/ld+json\" class=\"yoast-schema-graph\">{\"@context\":\"https:\/\/schema.org\",\"@graph\":[{\"@type\":\"Article\",\"@id\":\"https:\/\/www.fcgueugnon.fr\/site\/cdf-7e-tour-fc-gueugnon-fc-sochaux-montbeliard-duel-de-jaune-et-bleu-a-laffiche-de-ce-7eme-tour-de-coupe-de-france\/52554#article\",\"isPartOf\":{\"@id\":\"https:\/\/www.fcgueugnon.fr\/site\/cdf-7e-tour-fc-gueugnon-fc-sochaux-montbeliard-duel-de-jaune-et-bleu-a-laffiche-de-ce-7eme-tour-de-coupe-de-france\/52554\"},\"author\":{\"name\":\"FC Gueugnon\",\"@id\":\"https:\/\/www.fcgueugnon.fr\/site\/#\/schema\/person\/f6444fbdd35fa731ee974c03508738fb\"},\"headline\":\"[CDF 7e Tour : FC Gueugnon &#8211; FC Sochaux-Montb\u00e9liard] Duel de jaune et bleu \u00e0 l\u2019affiche de ce 7\u00e8me tour de Coupe de France !\",\"datePublished\":\"2024-11-15T08:31:29+00:00\",\"dateModified\":\"2024-11-17T21:16:37+00:00\",\"mainEntityOfPage\":{\"@id\":\"https:\/\/www.fcgueugnon.fr\/site\/cdf-7e-tour-fc-gueugnon-fc-sochaux-montbeliard-duel-de-jaune-et-bleu-a-laffiche-de-ce-7eme-tour-de-coupe-de-france\/52554\"},\"wordCount\":751,\"publisher\":{\"@id\":\"https:\/\/www.fcgueugnon.fr\/site\/#organization\"},\"image\":{\"@id\":\"https:\/\/www.fcgueugnon.fr\/site\/cdf-7e-tour-fc-gueugnon-fc-sochaux-montbeliard-duel-de-jaune-et-bleu-a-laffiche-de-ce-7eme-tour-de-coupe-de-france\/52554#primaryimage\"},\"thumbnailUrl\":\"https:\/\/www.fcgueugnon.fr\/site\/wp-content\/uploads\/2024\/11\/AVANT-MATCH-24-25.jpg\",\"keywords\":[\"Avant-match\"],\"articleSection\":[\"News\",\"News 2024\/2025\"],\"inLanguage\":\"fr-FR\"},{\"@type\":\"WebPage\",\"@id\":\"https:\/\/www.fcgueugnon.fr\/site\/cdf-7e-tour-fc-gueugnon-fc-sochaux-montbeliard-duel-de-jaune-et-bleu-a-laffiche-de-ce-7eme-tour-de-coupe-de-france\/52554\",\"url\":\"https:\/\/www.fcgueugnon.fr\/site\/cdf-7e-tour-fc-gueugnon-fc-sochaux-montbeliard-duel-de-jaune-et-bleu-a-laffiche-de-ce-7eme-tour-de-coupe-de-france\/52554\",\"name\":\"[CDF 7e Tour : FC Gueugnon - FC Sochaux-Montb\u00e9liard] Duel de jaune et bleu \u00e0 l\u2019affiche de ce 7\u00e8me tour de Coupe de France ! &#8226; FOOTBALL CLUB GUEUGNON\",\"isPartOf\":{\"@id\":\"https:\/\/www.fcgueugnon.fr\/site\/#website\"},\"primaryImageOfPage\":{\"@id\":\"https:\/\/www.fcgueugnon.fr\/site\/cdf-7e-tour-fc-gueugnon-fc-sochaux-montbeliard-duel-de-jaune-et-bleu-a-laffiche-de-ce-7eme-tour-de-coupe-de-france\/52554#primaryimage\"},\"image\":{\"@id\":\"https:\/\/www.fcgueugnon.fr\/site\/cdf-7e-tour-fc-gueugnon-fc-sochaux-montbeliard-duel-de-jaune-et-bleu-a-laffiche-de-ce-7eme-tour-de-coupe-de-france\/52554#primaryimage\"},\"thumbnailUrl\":\"https:\/\/www.fcgueugnon.fr\/site\/wp-content\/uploads\/2024\/11\/AVANT-MATCH-24-25.jpg\",\"datePublished\":\"2024-11-15T08:31:29+00:00\",\"dateModified\":\"2024-11-17T21:16:37+00:00\",\"breadcrumb\":{\"@id\":\"https:\/\/www.fcgueugnon.fr\/site\/cdf-7e-tour-fc-gueugnon-fc-sochaux-montbeliard-duel-de-jaune-et-bleu-a-laffiche-de-ce-7eme-tour-de-coupe-de-france\/52554#breadcrumb\"},\"inLanguage\":\"fr-FR\",\"potentialAction\":[{\"@type\":\"ReadAction\",\"target\":[\"https:\/\/www.fcgueugnon.fr\/site\/cdf-7e-tour-fc-gueugnon-fc-sochaux-montbeliard-duel-de-jaune-et-bleu-a-laffiche-de-ce-7eme-tour-de-coupe-de-france\/52554\"]}]},{\"@type\":\"ImageObject\",\"inLanguage\":\"fr-FR\",\"@id\":\"https:\/\/www.fcgueugnon.fr\/site\/cdf-7e-tour-fc-gueugnon-fc-sochaux-montbeliard-duel-de-jaune-et-bleu-a-laffiche-de-ce-7eme-tour-de-coupe-de-france\/52554#primaryimage\",\"url\":\"https:\/\/www.fcgueugnon.fr\/site\/wp-content\/uploads\/2024\/11\/AVANT-MATCH-24-25.jpg\",\"contentUrl\":\"https:\/\/www.fcgueugnon.fr\/site\/wp-content\/uploads\/2024\/11\/AVANT-MATCH-24-25.jpg\",\"width\":2160,\"height\":1350},{\"@type\":\"BreadcrumbList\",\"@id\":\"https:\/\/www.fcgueugnon.fr\/site\/cdf-7e-tour-fc-gueugnon-fc-sochaux-montbeliard-duel-de-jaune-et-bleu-a-laffiche-de-ce-7eme-tour-de-coupe-de-france\/52554#breadcrumb\",\"itemListElement\":[{\"@type\":\"ListItem\",\"position\":1,\"name\":\"Accueil\",\"item\":\"https:\/\/www.fcgueugnon.fr\/site\/\"},{\"@type\":\"ListItem\",\"position\":2,\"name\":\"[CDF 7e Tour : FC Gueugnon &#8211; FC Sochaux-Montb\u00e9liard] Duel de jaune et bleu \u00e0 l\u2019affiche de ce 7\u00e8me tour de Coupe de France !\"}]},{\"@type\":\"WebSite\",\"@id\":\"https:\/\/www.fcgueugnon.fr\/site\/#website\",\"url\":\"https:\/\/www.fcgueugnon.fr\/site\/\",\"name\":\"FOOTBALL CLUB GUEUGNON\",\"description\":\"Le Site Officiel des Forgerons\",\"publisher\":{\"@id\":\"https:\/\/www.fcgueugnon.fr\/site\/#organization\"},\"potentialAction\":[{\"@type\":\"SearchAction\",\"target\":{\"@type\":\"EntryPoint\",\"urlTemplate\":\"https:\/\/www.fcgueugnon.fr\/site\/?s={search_term_string}\"},\"query-input\":{\"@type\":\"PropertyValueSpecification\",\"valueRequired\":true,\"valueName\":\"search_term_string\"}}],\"inLanguage\":\"fr-FR\"},{\"@type\":\"Organization\",\"@id\":\"https:\/\/www.fcgueugnon.fr\/site\/#organization\",\"name\":\"FC Gueugnon\",\"url\":\"https:\/\/www.fcgueugnon.fr\/site\/\",\"logo\":{\"@type\":\"ImageObject\",\"inLanguage\":\"fr-FR\",\"@id\":\"https:\/\/www.fcgueugnon.fr\/site\/#\/schema\/logo\/image\/\",\"url\":\"https:\/\/www.fcgueugnon.fr\/site\/wp-content\/uploads\/2022\/07\/cropped-Logo-FCGUEUGNON-low-350x350-1.png\",\"contentUrl\":\"https:\/\/www.fcgueugnon.fr\/site\/wp-content\/uploads\/2022\/07\/cropped-Logo-FCGUEUGNON-low-350x350-1.png\",\"width\":350,\"height\":350,\"caption\":\"FC Gueugnon\"},\"image\":{\"@id\":\"https:\/\/www.fcgueugnon.fr\/site\/#\/schema\/logo\/image\/\"},\"sameAs\":[\"http:\/\/facebook.com\/FCGueugnon\",\"https:\/\/x.com\/FCGueugnon_off\",\"https:\/\/www.instagram.com\/fcgueugnon\/\",\"https:\/\/www.linkedin.com\/company\/football-club-de-gueugnon\/\",\"https:\/\/www.youtube.com\/user\/FCGueugnonnais\",\"https:\/\/fr.wikipedia.org\/wiki\/Football_Club_de_Gueugnon\"]},{\"@type\":\"Person\",\"@id\":\"https:\/\/www.fcgueugnon.fr\/site\/#\/schema\/person\/f6444fbdd35fa731ee974c03508738fb\",\"name\":\"FC Gueugnon\",\"sameAs\":[\"https:\/\/www.fcgueugnon.fr\/site\"],\"url\":\"https:\/\/www.fcgueugnon.fr\/site\/author\/admin-antho\"}]}<\/script>\n<!-- \/ Yoast SEO plugin. -->","yoast_head_json":{"title":"[CDF 7e Tour : FC Gueugnon - FC Sochaux-Montb\u00e9liard] Duel de jaune et bleu \u00e0 l\u2019affiche de ce 7\u00e8me tour de Coupe de France ! &#8226; FOOTBALL CLUB GUEUGNON","robots":{"index":"index","follow":"follow","max-snippet":"max-snippet:-1","max-image-preview":"max-image-preview:large","max-video-preview":"max-video-preview:-1"},"canonical":"https:\/\/www.fcgueugnon.fr\/site\/cdf-7e-tour-fc-gueugnon-fc-sochaux-montbeliard-duel-de-jaune-et-bleu-a-laffiche-de-ce-7eme-tour-de-coupe-de-france\/52554","og_locale":"fr_FR","og_type":"article","og_title":"[CDF 7e Tour : FC Gueugnon - FC Sochaux-Montb\u00e9liard] Duel de jaune et bleu \u00e0 l\u2019affiche de ce 7\u00e8me tour de Coupe de France ! &#8226; FOOTBALL CLUB GUEUGNON","og_description":"C&rsquo;est un v\u00e9ritable match de gala qui aura lieu au stade Jean Laville o\u00f9 les forgerons recevront, cette fois-ci, l&rsquo;\u00e9quipe premi\u00e8re du FC Sochaux-Montb\u00e9liard dans la coupe de tous les possibles ! \ud83c\udd9a L&rsquo;adversaire : FC Sochaux Montb\u00e9liard Doit-on pr\u00e9senter le FC Sochaux-Montb\u00e9liard ? Club majeur du foot fran\u00e7ais au palmar\u00e8s probant : Champion de ... Lire la suite","og_url":"https:\/\/www.fcgueugnon.fr\/site\/cdf-7e-tour-fc-gueugnon-fc-sochaux-montbeliard-duel-de-jaune-et-bleu-a-laffiche-de-ce-7eme-tour-de-coupe-de-france\/52554","og_site_name":"FOOTBALL CLUB GUEUGNON","article_publisher":"http:\/\/facebook.com\/FCGueugnon","article_published_time":"2024-11-15T08:31:29+00:00","article_modified_time":"2024-11-17T21:16:37+00:00","og_image":[{"width":2160,"height":1350,"url":"https:\/\/www.fcgueugnon.fr\/site\/wp-content\/uploads\/2024\/11\/AVANT-MATCH-24-25.jpg","type":"image\/jpeg"}],"author":"FC Gueugnon","twitter_card":"summary_large_image","twitter_creator":"@FCGueugnon_off","twitter_site":"@FCGueugnon_off","twitter_misc":{"\u00c9crit par":"FC Gueugnon","Dur\u00e9e de lecture estim\u00e9e":"5 minutes"},"schema":{"@context":"https:\/\/schema.org","@graph":[{"@type":"Article","@id":"https:\/\/www.fcgueugnon.fr\/site\/cdf-7e-tour-fc-gueugnon-fc-sochaux-montbeliard-duel-de-jaune-et-bleu-a-laffiche-de-ce-7eme-tour-de-coupe-de-france\/52554#article","isPartOf":{"@id":"https:\/\/www.fcgueugnon.fr\/site\/cdf-7e-tour-fc-gueugnon-fc-sochaux-montbeliard-duel-de-jaune-et-bleu-a-laffiche-de-ce-7eme-tour-de-coupe-de-france\/52554"},"author":{"name":"FC Gueugnon","@id":"https:\/\/www.fcgueugnon.fr\/site\/#\/schema\/person\/f6444fbdd35fa731ee974c03508738fb"},"headline":"[CDF 7e Tour : FC Gueugnon &#8211; FC Sochaux-Montb\u00e9liard] Duel de jaune et bleu \u00e0 l\u2019affiche de ce 7\u00e8me tour de Coupe de France !","datePublished":"2024-11-15T08:31:29+00:00","dateModified":"2024-11-17T21:16:37+00:00","mainEntityOfPage":{"@id":"https:\/\/www.fcgueugnon.fr\/site\/cdf-7e-tour-fc-gueugnon-fc-sochaux-montbeliard-duel-de-jaune-et-bleu-a-laffiche-de-ce-7eme-tour-de-coupe-de-france\/52554"},"wordCount":751,"publisher":{"@id":"https:\/\/www.fcgueugnon.fr\/site\/#organization"},"image":{"@id":"https:\/\/www.fcgueugnon.fr\/site\/cdf-7e-tour-fc-gueugnon-fc-sochaux-montbeliard-duel-de-jaune-et-bleu-a-laffiche-de-ce-7eme-tour-de-coupe-de-france\/52554#primaryimage"},"thumbnailUrl":"https:\/\/www.fcgueugnon.fr\/site\/wp-content\/uploads\/2024\/11\/AVANT-MATCH-24-25.jpg","keywords":["Avant-match"],"articleSection":["News","News 2024\/2025"],"inLanguage":"fr-FR"},{"@type":"WebPage","@id":"https:\/\/www.fcgueugnon.fr\/site\/cdf-7e-tour-fc-gueugnon-fc-sochaux-montbeliard-duel-de-jaune-et-bleu-a-laffiche-de-ce-7eme-tour-de-coupe-de-france\/52554","url":"https:\/\/www.fcgueugnon.fr\/site\/cdf-7e-tour-fc-gueugnon-fc-sochaux-montbeliard-duel-de-jaune-et-bleu-a-laffiche-de-ce-7eme-tour-de-coupe-de-france\/52554","name":"[CDF 7e Tour : FC Gueugnon - FC Sochaux-Montb\u00e9liard] Duel de jaune et bleu \u00e0 l\u2019affiche de ce 7\u00e8me tour de Coupe de France ! &#8226; FOOTBALL CLUB GUEUGNON","isPartOf":{"@id":"https:\/\/www.fcgueugnon.fr\/site\/#website"},"primaryImageOfPage":{"@id":"https:\/\/www.fcgueugnon.fr\/site\/cdf-7e-tour-fc-gueugnon-fc-sochaux-montbeliard-duel-de-jaune-et-bleu-a-laffiche-de-ce-7eme-tour-de-coupe-de-france\/52554#primaryimage"},"image":{"@id":"https:\/\/www.fcgueugnon.fr\/site\/cdf-7e-tour-fc-gueugnon-fc-sochaux-montbeliard-duel-de-jaune-et-bleu-a-laffiche-de-ce-7eme-tour-de-coupe-de-france\/52554#primaryimage"},"thumbnailUrl":"https:\/\/www.fcgueugnon.fr\/site\/wp-content\/uploads\/2024\/11\/AVANT-MATCH-24-25.jpg","datePublished":"2024-11-15T08:31:29+00:00","dateModified":"2024-11-17T21:16:37+00:00","breadcrumb":{"@id":"https:\/\/www.fcgueugnon.fr\/site\/cdf-7e-tour-fc-gueugnon-fc-sochaux-montbeliard-duel-de-jaune-et-bleu-a-laffiche-de-ce-7eme-tour-de-coupe-de-france\/52554#breadcrumb"},"inLanguage":"fr-FR","potentialAction":[{"@type":"ReadAction","target":["https:\/\/www.fcgueugnon.fr\/site\/cdf-7e-tour-fc-gueugnon-fc-sochaux-montbeliard-duel-de-jaune-et-bleu-a-laffiche-de-ce-7eme-tour-de-coupe-de-france\/52554"]}]},{"@type":"ImageObject","inLanguage":"fr-FR","@id":"https:\/\/www.fcgueugnon.fr\/site\/cdf-7e-tour-fc-gueugnon-fc-sochaux-montbeliard-duel-de-jaune-et-bleu-a-laffiche-de-ce-7eme-tour-de-coupe-de-france\/52554#primaryimage","url":"https:\/\/www.fcgueugnon.fr\/site\/wp-content\/uploads\/2024\/11\/AVANT-MATCH-24-25.jpg","contentUrl":"https:\/\/www.fcgueugnon.fr\/site\/wp-content\/uploads\/2024\/11\/AVANT-MATCH-24-25.jpg","width":2160,"height":1350},{"@type":"BreadcrumbList","@id":"https:\/\/www.fcgueugnon.fr\/site\/cdf-7e-tour-fc-gueugnon-fc-sochaux-montbeliard-duel-de-jaune-et-bleu-a-laffiche-de-ce-7eme-tour-de-coupe-de-france\/52554#breadcrumb","itemListElement":[{"@type":"ListItem","position":1,"name":"Accueil","item":"https:\/\/www.fcgueugnon.fr\/site\/"},{"@type":"ListItem","position":2,"name":"[CDF 7e Tour : FC Gueugnon &#8211; FC Sochaux-Montb\u00e9liard] Duel de jaune et bleu \u00e0 l\u2019affiche de ce 7\u00e8me tour de Coupe de France !"}]},{"@type":"WebSite","@id":"https:\/\/www.fcgueugnon.fr\/site\/#website","url":"https:\/\/www.fcgueugnon.fr\/site\/","name":"FOOTBALL CLUB GUEUGNON","description":"Le Site Officiel des Forgerons","publisher":{"@id":"https:\/\/www.fcgueugnon.fr\/site\/#organization"},"potentialAction":[{"@type":"SearchAction","target":{"@type":"EntryPoint","urlTemplate":"https:\/\/www.fcgueugnon.fr\/site\/?s={search_term_string}"},"query-input":{"@type":"PropertyValueSpecification","valueRequired":true,"valueName":"search_term_string"}}],"inLanguage":"fr-FR"},{"@type":"Organization","@id":"https:\/\/www.fcgueugnon.fr\/site\/#organization","name":"FC Gueugnon","url":"https:\/\/www.fcgueugnon.fr\/site\/","logo":{"@type":"ImageObject","inLanguage":"fr-FR","@id":"https:\/\/www.fcgueugnon.fr\/site\/#\/schema\/logo\/image\/","url":"https:\/\/www.fcgueugnon.fr\/site\/wp-content\/uploads\/2022\/07\/cropped-Logo-FCGUEUGNON-low-350x350-1.png","contentUrl":"https:\/\/www.fcgueugnon.fr\/site\/wp-content\/uploads\/2022\/07\/cropped-Logo-FCGUEUGNON-low-350x350-1.png","width":350,"height":350,"caption":"FC Gueugnon"},"image":{"@id":"https:\/\/www.fcgueugnon.fr\/site\/#\/schema\/logo\/image\/"},"sameAs":["http:\/\/facebook.com\/FCGueugnon","https:\/\/x.com\/FCGueugnon_off","https:\/\/www.instagram.com\/fcgueugnon\/","https:\/\/www.linkedin.com\/company\/football-club-de-gueugnon\/","https:\/\/www.youtube.com\/user\/FCGueugnonnais","https:\/\/fr.wikipedia.org\/wiki\/Football_Club_de_Gueugnon"]},{"@type":"Person","@id":"https:\/\/www.fcgueugnon.fr\/site\/#\/schema\/person\/f6444fbdd35fa731ee974c03508738fb","name":"FC Gueugnon","sameAs":["https:\/\/www.fcgueugnon.fr\/site"],"url":"https:\/\/www.fcgueugnon.fr\/site\/author\/admin-antho"}]}},"rttpg_featured_image_url":{"full":["https:\/\/www.fcgueugnon.fr\/site\/wp-content\/uploads\/2024\/11\/AVANT-MATCH-24-25.jpg",2160,1350,false],"landscape":["https:\/\/www.fcgueugnon.fr\/site\/wp-content\/uploads\/2024\/11\/AVANT-MATCH-24-25.jpg",2160,1350,false],"portraits":["https:\/\/www.fcgueugnon.fr\/site\/wp-content\/uploads\/2024\/11\/AVANT-MATCH-24-25.jpg",2160,1350,false],"thumbnail":["https:\/\/www.fcgueugnon.fr\/site\/wp-content\/uploads\/2024\/11\/AVANT-MATCH-24-25-150x150.jpg",150,150,true],"medium":["https:\/\/www.fcgueugnon.fr\/site\/wp-content\/uploads\/2024\/11\/AVANT-MATCH-24-25-400x250.jpg",400,250,true],"large":["https:\/\/www.fcgueugnon.fr\/site\/wp-content\/uploads\/2024\/11\/AVANT-MATCH-24-25-1024x640.jpg",1024,640,true],"1536x1536":["https:\/\/www.fcgueugnon.fr\/site\/wp-content\/uploads\/2024\/11\/AVANT-MATCH-24-25-1536x960.jpg",1536,960,true],"2048x2048":["https:\/\/www.fcgueugnon.fr\/site\/wp-content\/uploads\/2024\/11\/AVANT-MATCH-24-25-2048x1280.jpg",2048,1280,true]},"rttpg_author":{"display_name":"FC Gueugnon","author_link":"https:\/\/www.fcgueugnon.fr\/site\/author\/admin-antho"},"rttpg_comment":0,"rttpg_category":"<a href=\"https:\/\/www.fcgueugnon.fr\/site\/category\/news\" rel=\"category tag\">News<\/a> <a href=\"https:\/\/www.fcgueugnon.fr\/site\/category\/news\/news-2024-2025\" rel=\"category tag\">News 2024\/2025<\/a>","rttpg_excerpt":"C&rsquo;est un v\u00e9ritable match de gala qui aura lieu au stade Jean Laville o\u00f9 les forgerons recevront, cette fois-ci, l&rsquo;\u00e9quipe premi\u00e8re du FC Sochaux-Montb\u00e9liard dans la coupe de tous les possibles ! \ud83c\udd9a L&rsquo;adversaire : FC Sochaux Montb\u00e9liard Doit-on pr\u00e9senter le FC Sochaux-Montb\u00e9liard ? Club majeur du foot fran\u00e7ais au palmar\u00e8s probant : Champion de\u2026","_links":{"self":[{"href":"https:\/\/www.fcgueugnon.fr\/site\/wp-json\/wp\/v2\/posts\/52554","targetHints":{"allow":["GET"]}}],"collection":[{"href":"https:\/\/www.fcgueugnon.fr\/site\/wp-json\/wp\/v2\/posts"}],"about":[{"href":"https:\/\/www.fcgueugnon.fr\/site\/wp-json\/wp\/v2\/types\/post"}],"author":[{"embeddable":true,"href":"https:\/\/www.fcgueugnon.fr\/site\/wp-json\/wp\/v2\/users\/1"}],"replies":[{"embeddable":true,"href":"https:\/\/www.fcgueugnon.fr\/site\/wp-json\/wp\/v2\/comments?post=52554"}],"version-history":[{"count":2,"href":"https:\/\/www.fcgueugnon.fr\/site\/wp-json\/wp\/v2\/posts\/52554\/revisions"}],"predecessor-version":[{"id":52573,"href":"https:\/\/www.fcgueugnon.fr\/site\/wp-json\/wp\/v2\/posts\/52554\/revisions\/52573"}],"wp:featuredmedia":[{"embeddable":true,"href":"https:\/\/www.fcgueugnon.fr\/site\/wp-json\/wp\/v2\/media\/52556"}],"wp:attachment":[{"href":"https:\/\/www.fcgueugnon.fr\/site\/wp-json\/wp\/v2\/media?parent=52554"}],"wp:term":[{"taxonomy":"category","embeddable":true,"href":"https:\/\/www.fcgueugnon.fr\/site\/wp-json\/wp\/v2\/categories?post=52554"},{"taxonomy":"post_tag","embeddable":true,"href":"https:\/\/www.fcgueugnon.fr\/site\/wp-json\/wp\/v2\/tags?post=52554"}],"curies":[{"name":"wp","href":"https:\/\/api.w.org\/{rel}","templated":true}]}}