{"id":52481,"date":"2024-11-08T09:00:00","date_gmt":"2024-11-08T08:00:00","guid":{"rendered":"https:\/\/www.fcgueugnon.fr\/site\/?p=52481"},"modified":"2024-11-07T22:08:42","modified_gmt":"2024-11-07T21:08:42","slug":"n3-j08-aj-auxerre-b-fc-gueugnon-pour-repartir-de-lavant","status":"publish","type":"post","link":"https:\/\/www.fcgueugnon.fr\/site\/n3-j08-aj-auxerre-b-fc-gueugnon-pour-repartir-de-lavant\/52481","title":{"rendered":"[N3 J08 : AJ Auxerre B &#8211; FC Gueugnon] Pour repartir de l&rsquo;avant&#8230;"},"content":{"rendered":"\n<h2 class=\"wp-block-heading\">Ce sont des gueugnonnais en position de lanterne rouge qui ont rendez-vous \u00e0 Auxerre pour essayer de rebondir&#8230;<\/h2>\n\n\n\n<div class=\"wp-block-getwid-image-box getwid-animation has-text-center has-mobile-layout-default has-mobile-alignment-center\" data-animation=\"pulse\"><div class=\"wp-block-getwid-image-box__image-container is-position-top\"><div class=\"wp-block-getwid-image-box__image-wrapper\"><img loading=\"lazy\" decoding=\"async\" width=\"1024\" height=\"683\" src=\"https:\/\/www.fcgueugnon.fr\/site\/wp-content\/uploads\/2024\/11\/0U8A3049-1024x683.jpg\" alt=\"\" class=\"wp-block-getwid-image-box__image wp-image-52501\" srcset=\"https:\/\/www.fcgueugnon.fr\/site\/wp-content\/uploads\/2024\/11\/0U8A3049-1024x683.jpg 1024w, https:\/\/www.fcgueugnon.fr\/site\/wp-content\/uploads\/2024\/11\/0U8A3049-400x267.jpg 400w, https:\/\/www.fcgueugnon.fr\/site\/wp-content\/uploads\/2024\/11\/0U8A3049-768x512.jpg 768w, https:\/\/www.fcgueugnon.fr\/site\/wp-content\/uploads\/2024\/11\/0U8A3049-1536x1024.jpg 1536w, https:\/\/www.fcgueugnon.fr\/site\/wp-content\/uploads\/2024\/11\/0U8A3049-2048x1365.jpg 2048w, https:\/\/www.fcgueugnon.fr\/site\/wp-content\/uploads\/2024\/11\/0U8A3049-1320x880.jpg 1320w\" sizes=\"auto, (max-width: 1024px) 100vw, 1024px\" \/><\/div><\/div><div class=\"wp-block-getwid-image-box__content\">\n<h3 class=\"wp-block-heading\"><\/h3>\n<\/div><\/div>\n\n\n\n<div style=\"height:50px\" aria-hidden=\"true\" class=\"wp-block-spacer\"><\/div>\n\n\n\n<div class=\"wp-block-columns is-layout-flex wp-container-core-columns-is-layout-8f761849 wp-block-columns-is-layout-flex\">\n<div class=\"wp-block-column is-layout-flow wp-block-column-is-layout-flow\">\n<h3 class=\"wp-block-heading\">\ud83c\udd9a <em><strong>L&rsquo;adversaire <\/strong><\/em>: AJ Auxerre B<\/h3>\n\n\n\n<p class=\"wp-block-paragraph\">Promus en 2019-2020 lors d&rsquo;une saison intense et d&rsquo;un duel remport\u00e9 devant le FCG, <strong>les r\u00e9servistes de l&rsquo;AJA furent finalement rel\u00e9gu\u00e9s en N3 la saison derni\u00e8re<\/strong>, \u00e0 l&rsquo;instar de toutes les r\u00e9serves pro d\u00e9sormais, comme un contrecoup de la r\u00e9forme des championnats Nationaux&#8230; Ils n&rsquo;auront h\u00e9las pas su surfer sur la performance de l&rsquo;\u00e9quipe premi\u00e8re ayant fait l&rsquo;ascenseur vers la L1 en une seule saison. <\/p>\n\n\n\n<p class=\"wp-block-paragraph\">Nouvelle division et nouvel entra\u00eeneur en la personne de <strong>l&rsquo;ex pro (466 matchs et 42 buts) S\u00e9bastien Puygrenier<\/strong>&#8230; <\/p>\n\n\n\n<p class=\"wp-block-paragraph\">Un d\u00e9but de saison mitig\u00e9 sur le plan comptable avec 1 nul et 3 d\u00e9faites cons\u00e9cutives d\u00e9sormais contrebalanc\u00e9e par <strong>3 victoires cons\u00e9cutives <\/strong>(Neuilly, ESTAC B, Torcy). L&rsquo;\u00e9quipe semble avoir enfin lanc\u00e9 son championnat comme le soulignait <strong>le coach dans l&rsquo;Yonne R\u00e9publicaine <\/strong>: \u00ab\u00a0<em>Sur le plan du jeu, \u00e7a a toujours \u00e9t\u00e9 correct, mais il manquait quelque chose au niveau de l\u2019\u00e9tat d\u2019esprit. Ce match devait nous permettre de voir s\u2019ils avaient pass\u00e9 un cap. C\u2019est le cas<\/em>\u00a0\u00bb. <\/p>\n<\/div>\n\n\n\n<div class=\"wp-block-column is-layout-flow wp-block-column-is-layout-flow\">\n<h3 class=\"wp-block-heading\">\ud83d\udfe1\ud83d\udd35 <em><strong>Le FC Gueugnon<\/strong><\/em><\/h3>\n\n\n\n<p class=\"wp-block-paragraph\">Un changement d&rsquo;entra\u00eeneur, il en est question aussi au sein du FCG. En effet, l<strong>e pr\u00e9sident Bernard Canard  a d\u00e9cid\u00e9 ce jeudi de retirer la responsabilit\u00e9 de l\u2019\u00e9quipe premi\u00e8re \u00e0 Philippe Correia<\/strong> (<a href=\"https:\/\/www.fcgueugnon.fr\/site\/communique-officiel-du-president-bernard-canard\/52492\">voir cet article<\/a>).<\/p>\n\n\n\n<p class=\"wp-block-paragraph\">C&rsquo;est donc <strong>une p\u00e9riode de transition, <\/strong>assur\u00e9e par Bake Bayo et Soni Mustivar, qui d\u00e9marre avec ce d\u00e9placement en terres icaunaises.<\/p>\n\n\n\n<p class=\"wp-block-paragraph\">Car avec <strong>cette position de lanterne rouge <\/strong>et 4 d\u00e9faites en quatre matchs \u00e0 domicile, les gueugnonnais sont d\u00e9sormais dos au mur et auront fort \u00e0 faire afin de remonter au classement&#8230; <\/p>\n\n\n\n<p class=\"wp-block-paragraph\">Nos forgerons pourront-ils surfer sur <strong>leurs performances en Coupe de France et en championnat \u00e0 l\u2019ext\u00e9rieur <\/strong>pour repartir de l&rsquo;avant ? R\u00e9ponse ce samedi \u00e0 partir de 16h00.<\/p>\n<\/div>\n<\/div>\n\n\n\n<div style=\"height:50px\" aria-hidden=\"true\" class=\"wp-block-spacer\"><\/div>\n\n\n\n<div class=\"wp-block-media-text alignwide has-media-on-the-right is-stacked-on-mobile is-vertically-aligned-center is-style-default\" style=\"grid-template-columns:auto 49%\"><div class=\"wp-block-media-text__content\">\n<h3 class=\"wp-block-heading\">\ud83d\udce3 <em><strong>La d\u00e9cla&rsquo;<\/strong><\/em><\/h3>\n\n\n\n<blockquote class=\"wp-block-quote is-layout-flow wp-block-quote-is-layout-flow\">\n<p class=\"wp-block-paragraph\">\u00ab C\u2019est le bilan sportif qui m\u2019a conduit \u00e0 prendre cette d\u00e9cision [&#8230;]\u00a0C\u2019est la d\u00e9cision la plus difficile que j\u2019ai eu \u00e0 prendre depuis que je suis pr\u00e9sident, mais elle est r\u00e9fl\u00e9chie et elle a \u00e9t\u00e9 accept\u00e9e par tout le monde, tout en reconnaissant le travail effectu\u00e9 par Philippe durant ces 12 ann\u00e9es. \u00bb<\/p>\n<cite><strong>Bernard CANARD (pr\u00e9sident)<\/strong><\/cite><\/blockquote>\n<\/div><figure class=\"wp-block-media-text__media\"><img loading=\"lazy\" decoding=\"async\" width=\"1024\" height=\"683\" src=\"https:\/\/www.fcgueugnon.fr\/site\/wp-content\/uploads\/2024\/06\/Bernard-CANARD-FC-Gueugnon-1-1024x683.jpg\" alt=\"\" class=\"wp-image-10976 size-full\" srcset=\"https:\/\/www.fcgueugnon.fr\/site\/wp-content\/uploads\/2024\/06\/Bernard-CANARD-FC-Gueugnon-1-1024x683.jpg 1024w, https:\/\/www.fcgueugnon.fr\/site\/wp-content\/uploads\/2024\/06\/Bernard-CANARD-FC-Gueugnon-1-400x267.jpg 400w, https:\/\/www.fcgueugnon.fr\/site\/wp-content\/uploads\/2024\/06\/Bernard-CANARD-FC-Gueugnon-1-768x512.jpg 768w, https:\/\/www.fcgueugnon.fr\/site\/wp-content\/uploads\/2024\/06\/Bernard-CANARD-FC-Gueugnon-1-1536x1024.jpg 1536w, https:\/\/www.fcgueugnon.fr\/site\/wp-content\/uploads\/2024\/06\/Bernard-CANARD-FC-Gueugnon-1-2048x1365.jpg 2048w, https:\/\/www.fcgueugnon.fr\/site\/wp-content\/uploads\/2024\/06\/Bernard-CANARD-FC-Gueugnon-1-1320x880.jpg 1320w, https:\/\/www.fcgueugnon.fr\/site\/wp-content\/uploads\/2024\/06\/Bernard-CANARD-FC-Gueugnon-1-600x400.jpg 600w\" sizes=\"auto, (max-width: 1024px) 100vw, 1024px\" \/><\/figure><\/div>\n\n\n\n<div style=\"height:50px\" aria-hidden=\"true\" class=\"wp-block-spacer\"><\/div>\n\n\n\n<p class=\"has-text-align-center is-style-info wp-block-paragraph\"><span style=\"text-decoration: underline;\">Rendez-vous ce samedi 09 Novembre \u00e0 16h00<\/span> pour ce d\u00e9placement chez l&rsquo;AJA B !<\/p>\n\n\n\n<div style=\"height:5px\" aria-hidden=\"true\" class=\"wp-block-spacer\"><\/div>\n\n\n\n<hr class=\"wp-block-separator has-text-color has-css-opacity has-background is-style-default\" style=\"background-color:#f7db4a;color:#f7db4a\"\/>\n\n\n\n<div style=\"height:5px\" aria-hidden=\"true\" class=\"wp-block-spacer\"><\/div>\n\n\n\n<h3 class=\"wp-block-heading\">\u26bd <strong><em>La fiche<\/em><\/strong><\/h3>\n\n\n\n<h4 class=\"wp-block-heading\"><strong>NATIONAL 3 &#8211; J08<\/strong><br>Samedi 09 Novembre 2024 &#8211; 18H00<br>AJ AUXERRE B \/ FC GUEUGNON<\/h4>\n\n\n\n<p class=\"wp-block-paragraph\"><strong>TERRAIN<\/strong><br>STADE ABB\u00c9 DESCHAMPS A3<br>ROUTE DE VAUX<br>89000 AUXERRE<\/p>\n\n\n\n<p class=\"wp-block-paragraph\"><strong>SURFACE DE JEU<\/strong><br>Pelouse Naturelle<\/p>\n\n\n\n<p class=\"wp-block-paragraph\"><strong>OFFICIELS<\/strong><br>Arbitre centre : CORENTIN PAYA<br>Arbitre assistant 1 : ADIL MALDOU<br>Arbitre assistant 2 : CELINE JEANNOT<br>D\u00e9l\u00e9gu\u00e9 principal : ALCIDES BARROS DA SILVA<\/p>\n\n\n\n<div style=\"height:50px\" aria-hidden=\"true\" class=\"wp-block-spacer\"><\/div>\n\n\n\n<h3 class=\"wp-block-heading\"><strong>Groupe<\/strong><\/h3>\n\n\n\nA retrouver sur nos r\u00e9seaux sociaux apr\u00e8s le dernier entra\u00eenement du vendredi\n\n\n\n<div style=\"height:50px\" aria-hidden=\"true\" class=\"wp-block-spacer\"><\/div>\n\n\n\n<h3 class=\"wp-block-heading\">\ud83d\uddd3 <strong>La 8e journ\u00e9e de N3<\/strong><\/h3>\n\n\n\n<p class=\"wp-block-paragraph\">Samedi 09 Novembre 2024<br>14h30 : Neuilly-sur-Marne \/ Louhans-Cuiseaux<br><strong>16h00 : AJ Auxerre B \/ FC Gueugnon<\/strong><br>18h00 : Dijon ASPTT \/ Moulins-Yzeure<br>18h00 : Racing Club de France \/ US Ivry<br>18h00 : FC Montceau \/ SG FC<br>18h00 : ESTAC B \/ St Maur-Lusitanos<br>18h00 : US Torcy \/ Dijon FCO B<\/p>\n\n\n\n<div style=\"height:10px\" aria-hidden=\"true\" class=\"wp-block-spacer\"><\/div>\n\n\n\n<div class=\"wp-block-columns is-not-stacked-on-mobile is-layout-flex wp-container-core-columns-is-layout-8f761849 wp-block-columns-is-layout-flex\">\n<div class=\"wp-block-column is-layout-flow wp-block-column-is-layout-flow\">\n<div class=\"wp-block-buttons is-content-justification-right is-layout-flex wp-container-core-buttons-is-layout-89b4c9e9 wp-block-buttons-is-layout-flex\">\n<div class=\"wp-block-button\"><a class=\"wp-block-button__link has-text-align-center wp-element-button\" href=\"https:\/\/www.fcgueugnon.fr\/site\/calendrier-seniors-a-national-3-bourgogne-franche-comte\">Calendrier<\/a><\/div>\n<\/div>\n<\/div>\n\n\n\n<div class=\"wp-block-column is-layout-flow wp-block-column-is-layout-flow\">\n<div class=\"wp-block-buttons is-content-justification-left is-layout-flex wp-container-core-buttons-is-layout-63375db1 wp-block-buttons-is-layout-flex\">\n<div class=\"wp-block-button\"><a class=\"wp-block-button__link has-text-align-center wp-element-button\" href=\"https:\/\/www.fcgueugnon.fr\/site\/classement-national-3-bourgogne-franche-comte\">Classement<\/a><\/div>\n<\/div>\n<\/div>\n<\/div>\n\n\n\n<div style=\"height:100px\" aria-hidden=\"true\" class=\"wp-block-spacer\"><\/div>\n","protected":false},"excerpt":{"rendered":"<p>Ce sont des gueugnonnais en position de lanterne rouge qui ont rendez-vous \u00e0 Auxerre pour essayer de rebondir&#8230; \ud83c\udd9a L&rsquo;adversaire : AJ Auxerre B Promus en 2019-2020 lors d&rsquo;une saison intense et d&rsquo;un duel remport\u00e9 devant le FCG, les r\u00e9servistes de l&rsquo;AJA furent finalement rel\u00e9gu\u00e9s en N3 la saison derni\u00e8re, \u00e0 l&rsquo;instar de toutes les &#8230; <\/p>\n<p class=\"read-more-container\"><a title=\"[N3 J08 : AJ Auxerre B &#8211; FC Gueugnon] Pour repartir de l&rsquo;avant&#8230;\" class=\"read-more button\" href=\"https:\/\/www.fcgueugnon.fr\/site\/n3-j08-aj-auxerre-b-fc-gueugnon-pour-repartir-de-lavant\/52481#more-52481\" aria-label=\"Plus sur [N3 J08 : AJ Auxerre B &#8211; FC Gueugnon] Pour repartir de l&rsquo;avant&#8230;\">Lire la suite<\/a><\/p>\n","protected":false},"author":1,"featured_media":52502,"comment_status":"closed","ping_status":"closed","sticky":false,"template":"","format":"standard","meta":{"footnotes":""},"categories":[4,62],"tags":[28],"class_list":["post-52481","post","type-post","status-publish","format-standard","has-post-thumbnail","hentry","category-news","category-news-2024-2025","tag-avant-match","infinite-scroll-item","generate-columns","tablet-grid-50","mobile-grid-100","grid-parent","grid-25","resize-featured-image"],"yoast_head":"<!-- This site is optimized with the Yoast SEO plugin v28.3 - https:\/\/yoast.com\/product\/yoast-seo-wordpress\/ -->\n<title>[N3 J08 : AJ Auxerre B - FC Gueugnon] Pour repartir de l&#039;avant... &#8226; FOOTBALL CLUB GUEUGNON<\/title>\n<meta name=\"robots\" content=\"index, follow, max-snippet:-1, max-image-preview:large, max-video-preview:-1\" \/>\n<link rel=\"canonical\" href=\"https:\/\/www.fcgueugnon.fr\/site\/n3-j08-aj-auxerre-b-fc-gueugnon-pour-repartir-de-lavant\/52481\" \/>\n<meta property=\"og:locale\" content=\"fr_FR\" \/>\n<meta property=\"og:type\" content=\"article\" \/>\n<meta property=\"og:title\" content=\"[N3 J08 : AJ Auxerre B - FC Gueugnon] Pour repartir de l&#039;avant... &#8226; FOOTBALL CLUB GUEUGNON\" \/>\n<meta property=\"og:description\" content=\"Ce sont des gueugnonnais en position de lanterne rouge qui ont rendez-vous \u00e0 Auxerre pour essayer de rebondir&#8230; \ud83c\udd9a L&rsquo;adversaire : AJ Auxerre B Promus en 2019-2020 lors d&rsquo;une saison intense et d&rsquo;un duel remport\u00e9 devant le FCG, les r\u00e9servistes de l&rsquo;AJA furent finalement rel\u00e9gu\u00e9s en N3 la saison derni\u00e8re, \u00e0 l&rsquo;instar de toutes les ... Lire la suite\" \/>\n<meta property=\"og:url\" content=\"https:\/\/www.fcgueugnon.fr\/site\/n3-j08-aj-auxerre-b-fc-gueugnon-pour-repartir-de-lavant\/52481\" \/>\n<meta property=\"og:site_name\" content=\"FOOTBALL CLUB GUEUGNON\" \/>\n<meta property=\"article:publisher\" content=\"http:\/\/facebook.com\/FCGueugnon\" \/>\n<meta property=\"article:published_time\" content=\"2024-11-08T08:00:00+00:00\" \/>\n<meta property=\"og:image\" content=\"https:\/\/www.fcgueugnon.fr\/site\/wp-content\/uploads\/2024\/11\/avant-match-1.png\" \/>\n\t<meta property=\"og:image:width\" content=\"2048\" \/>\n\t<meta property=\"og:image:height\" content=\"1280\" \/>\n\t<meta property=\"og:image:type\" content=\"image\/png\" \/>\n<meta name=\"author\" content=\"FC Gueugnon\" \/>\n<meta name=\"twitter:card\" content=\"summary_large_image\" \/>\n<meta name=\"twitter:creator\" content=\"@FCGueugnon_off\" \/>\n<meta name=\"twitter:site\" content=\"@FCGueugnon_off\" \/>\n<meta name=\"twitter:label1\" content=\"\u00c9crit par\" \/>\n\t<meta name=\"twitter:data1\" content=\"FC Gueugnon\" \/>\n\t<meta name=\"twitter:label2\" content=\"Dur\u00e9e de lecture estim\u00e9e\" \/>\n\t<meta name=\"twitter:data2\" content=\"3 minutes\" \/>\n<script type=\"application\/ld+json\" class=\"yoast-schema-graph\">{\"@context\":\"https:\\\/\\\/schema.org\",\"@graph\":[{\"@type\":\"Article\",\"@id\":\"https:\\\/\\\/www.fcgueugnon.fr\\\/site\\\/n3-j08-aj-auxerre-b-fc-gueugnon-pour-repartir-de-lavant\\\/52481#article\",\"isPartOf\":{\"@id\":\"https:\\\/\\\/www.fcgueugnon.fr\\\/site\\\/n3-j08-aj-auxerre-b-fc-gueugnon-pour-repartir-de-lavant\\\/52481\"},\"author\":{\"name\":\"FC Gueugnon\",\"@id\":\"https:\\\/\\\/www.fcgueugnon.fr\\\/site\\\/#\\\/schema\\\/person\\\/f6444fbdd35fa731ee974c03508738fb\"},\"headline\":\"[N3 J08 : AJ Auxerre B &#8211; FC Gueugnon] Pour repartir de l&rsquo;avant&#8230;\",\"datePublished\":\"2024-11-08T08:00:00+00:00\",\"mainEntityOfPage\":{\"@id\":\"https:\\\/\\\/www.fcgueugnon.fr\\\/site\\\/n3-j08-aj-auxerre-b-fc-gueugnon-pour-repartir-de-lavant\\\/52481\"},\"wordCount\":537,\"publisher\":{\"@id\":\"https:\\\/\\\/www.fcgueugnon.fr\\\/site\\\/#organization\"},\"image\":{\"@id\":\"https:\\\/\\\/www.fcgueugnon.fr\\\/site\\\/n3-j08-aj-auxerre-b-fc-gueugnon-pour-repartir-de-lavant\\\/52481#primaryimage\"},\"thumbnailUrl\":\"https:\\\/\\\/www.fcgueugnon.fr\\\/site\\\/wp-content\\\/uploads\\\/2024\\\/11\\\/avant-match-1.png\",\"keywords\":[\"Avant-match\"],\"articleSection\":[\"News\",\"News 2024\\\/2025\"],\"inLanguage\":\"fr-FR\"},{\"@type\":\"WebPage\",\"@id\":\"https:\\\/\\\/www.fcgueugnon.fr\\\/site\\\/n3-j08-aj-auxerre-b-fc-gueugnon-pour-repartir-de-lavant\\\/52481\",\"url\":\"https:\\\/\\\/www.fcgueugnon.fr\\\/site\\\/n3-j08-aj-auxerre-b-fc-gueugnon-pour-repartir-de-lavant\\\/52481\",\"name\":\"[N3 J08 : AJ Auxerre B - FC Gueugnon] Pour repartir de l'avant... &#8226; FOOTBALL CLUB GUEUGNON\",\"isPartOf\":{\"@id\":\"https:\\\/\\\/www.fcgueugnon.fr\\\/site\\\/#website\"},\"primaryImageOfPage\":{\"@id\":\"https:\\\/\\\/www.fcgueugnon.fr\\\/site\\\/n3-j08-aj-auxerre-b-fc-gueugnon-pour-repartir-de-lavant\\\/52481#primaryimage\"},\"image\":{\"@id\":\"https:\\\/\\\/www.fcgueugnon.fr\\\/site\\\/n3-j08-aj-auxerre-b-fc-gueugnon-pour-repartir-de-lavant\\\/52481#primaryimage\"},\"thumbnailUrl\":\"https:\\\/\\\/www.fcgueugnon.fr\\\/site\\\/wp-content\\\/uploads\\\/2024\\\/11\\\/avant-match-1.png\",\"datePublished\":\"2024-11-08T08:00:00+00:00\",\"breadcrumb\":{\"@id\":\"https:\\\/\\\/www.fcgueugnon.fr\\\/site\\\/n3-j08-aj-auxerre-b-fc-gueugnon-pour-repartir-de-lavant\\\/52481#breadcrumb\"},\"inLanguage\":\"fr-FR\",\"potentialAction\":[{\"@type\":\"ReadAction\",\"target\":[\"https:\\\/\\\/www.fcgueugnon.fr\\\/site\\\/n3-j08-aj-auxerre-b-fc-gueugnon-pour-repartir-de-lavant\\\/52481\"]}]},{\"@type\":\"ImageObject\",\"inLanguage\":\"fr-FR\",\"@id\":\"https:\\\/\\\/www.fcgueugnon.fr\\\/site\\\/n3-j08-aj-auxerre-b-fc-gueugnon-pour-repartir-de-lavant\\\/52481#primaryimage\",\"url\":\"https:\\\/\\\/www.fcgueugnon.fr\\\/site\\\/wp-content\\\/uploads\\\/2024\\\/11\\\/avant-match-1.png\",\"contentUrl\":\"https:\\\/\\\/www.fcgueugnon.fr\\\/site\\\/wp-content\\\/uploads\\\/2024\\\/11\\\/avant-match-1.png\",\"width\":2048,\"height\":1280},{\"@type\":\"BreadcrumbList\",\"@id\":\"https:\\\/\\\/www.fcgueugnon.fr\\\/site\\\/n3-j08-aj-auxerre-b-fc-gueugnon-pour-repartir-de-lavant\\\/52481#breadcrumb\",\"itemListElement\":[{\"@type\":\"ListItem\",\"position\":1,\"name\":\"Accueil\",\"item\":\"https:\\\/\\\/www.fcgueugnon.fr\\\/site\\\/\"},{\"@type\":\"ListItem\",\"position\":2,\"name\":\"[N3 J08 : AJ Auxerre B &#8211; FC Gueugnon] Pour repartir de l&rsquo;avant&#8230;\"}]},{\"@type\":\"WebSite\",\"@id\":\"https:\\\/\\\/www.fcgueugnon.fr\\\/site\\\/#website\",\"url\":\"https:\\\/\\\/www.fcgueugnon.fr\\\/site\\\/\",\"name\":\"FOOTBALL CLUB GUEUGNON\",\"description\":\"Le Site Officiel des Forgerons\",\"publisher\":{\"@id\":\"https:\\\/\\\/www.fcgueugnon.fr\\\/site\\\/#organization\"},\"potentialAction\":[{\"@type\":\"SearchAction\",\"target\":{\"@type\":\"EntryPoint\",\"urlTemplate\":\"https:\\\/\\\/www.fcgueugnon.fr\\\/site\\\/?s={search_term_string}\"},\"query-input\":{\"@type\":\"PropertyValueSpecification\",\"valueRequired\":true,\"valueName\":\"search_term_string\"}}],\"inLanguage\":\"fr-FR\"},{\"@type\":\"Organization\",\"@id\":\"https:\\\/\\\/www.fcgueugnon.fr\\\/site\\\/#organization\",\"name\":\"FC Gueugnon\",\"url\":\"https:\\\/\\\/www.fcgueugnon.fr\\\/site\\\/\",\"logo\":{\"@type\":\"ImageObject\",\"inLanguage\":\"fr-FR\",\"@id\":\"https:\\\/\\\/www.fcgueugnon.fr\\\/site\\\/#\\\/schema\\\/logo\\\/image\\\/\",\"url\":\"https:\\\/\\\/www.fcgueugnon.fr\\\/site\\\/wp-content\\\/uploads\\\/2022\\\/07\\\/cropped-Logo-FCGUEUGNON-low-350x350-1.png\",\"contentUrl\":\"https:\\\/\\\/www.fcgueugnon.fr\\\/site\\\/wp-content\\\/uploads\\\/2022\\\/07\\\/cropped-Logo-FCGUEUGNON-low-350x350-1.png\",\"width\":350,\"height\":350,\"caption\":\"FC Gueugnon\"},\"image\":{\"@id\":\"https:\\\/\\\/www.fcgueugnon.fr\\\/site\\\/#\\\/schema\\\/logo\\\/image\\\/\"},\"sameAs\":[\"http:\\\/\\\/facebook.com\\\/FCGueugnon\",\"https:\\\/\\\/x.com\\\/FCGueugnon_off\",\"https:\\\/\\\/www.instagram.com\\\/fcgueugnon\\\/\",\"https:\\\/\\\/www.linkedin.com\\\/company\\\/football-club-de-gueugnon\\\/\",\"https:\\\/\\\/www.youtube.com\\\/user\\\/FCGueugnonnais\",\"https:\\\/\\\/fr.wikipedia.org\\\/wiki\\\/Football_Club_de_Gueugnon\"]},{\"@type\":\"Person\",\"@id\":\"https:\\\/\\\/www.fcgueugnon.fr\\\/site\\\/#\\\/schema\\\/person\\\/f6444fbdd35fa731ee974c03508738fb\",\"name\":\"FC Gueugnon\",\"sameAs\":[\"https:\\\/\\\/www.fcgueugnon.fr\\\/site\"],\"url\":\"https:\\\/\\\/www.fcgueugnon.fr\\\/site\\\/author\\\/admin-antho\"}]}<\/script>\n<!-- \/ Yoast SEO plugin. -->","yoast_head_json":{"title":"[N3 J08 : AJ Auxerre B - FC Gueugnon] Pour repartir de l'avant... &#8226; FOOTBALL CLUB GUEUGNON","robots":{"index":"index","follow":"follow","max-snippet":"max-snippet:-1","max-image-preview":"max-image-preview:large","max-video-preview":"max-video-preview:-1"},"canonical":"https:\/\/www.fcgueugnon.fr\/site\/n3-j08-aj-auxerre-b-fc-gueugnon-pour-repartir-de-lavant\/52481","og_locale":"fr_FR","og_type":"article","og_title":"[N3 J08 : AJ Auxerre B - FC Gueugnon] Pour repartir de l'avant... &#8226; FOOTBALL CLUB GUEUGNON","og_description":"Ce sont des gueugnonnais en position de lanterne rouge qui ont rendez-vous \u00e0 Auxerre pour essayer de rebondir&#8230; \ud83c\udd9a L&rsquo;adversaire : AJ Auxerre B Promus en 2019-2020 lors d&rsquo;une saison intense et d&rsquo;un duel remport\u00e9 devant le FCG, les r\u00e9servistes de l&rsquo;AJA furent finalement rel\u00e9gu\u00e9s en N3 la saison derni\u00e8re, \u00e0 l&rsquo;instar de toutes les ... Lire la suite","og_url":"https:\/\/www.fcgueugnon.fr\/site\/n3-j08-aj-auxerre-b-fc-gueugnon-pour-repartir-de-lavant\/52481","og_site_name":"FOOTBALL CLUB GUEUGNON","article_publisher":"http:\/\/facebook.com\/FCGueugnon","article_published_time":"2024-11-08T08:00:00+00:00","og_image":[{"width":2048,"height":1280,"url":"https:\/\/www.fcgueugnon.fr\/site\/wp-content\/uploads\/2024\/11\/avant-match-1.png","type":"image\/png"}],"author":"FC Gueugnon","twitter_card":"summary_large_image","twitter_creator":"@FCGueugnon_off","twitter_site":"@FCGueugnon_off","twitter_misc":{"\u00c9crit par":"FC Gueugnon","Dur\u00e9e de lecture estim\u00e9e":"3 minutes"},"schema":{"@context":"https:\/\/schema.org","@graph":[{"@type":"Article","@id":"https:\/\/www.fcgueugnon.fr\/site\/n3-j08-aj-auxerre-b-fc-gueugnon-pour-repartir-de-lavant\/52481#article","isPartOf":{"@id":"https:\/\/www.fcgueugnon.fr\/site\/n3-j08-aj-auxerre-b-fc-gueugnon-pour-repartir-de-lavant\/52481"},"author":{"name":"FC Gueugnon","@id":"https:\/\/www.fcgueugnon.fr\/site\/#\/schema\/person\/f6444fbdd35fa731ee974c03508738fb"},"headline":"[N3 J08 : AJ Auxerre B &#8211; FC Gueugnon] Pour repartir de l&rsquo;avant&#8230;","datePublished":"2024-11-08T08:00:00+00:00","mainEntityOfPage":{"@id":"https:\/\/www.fcgueugnon.fr\/site\/n3-j08-aj-auxerre-b-fc-gueugnon-pour-repartir-de-lavant\/52481"},"wordCount":537,"publisher":{"@id":"https:\/\/www.fcgueugnon.fr\/site\/#organization"},"image":{"@id":"https:\/\/www.fcgueugnon.fr\/site\/n3-j08-aj-auxerre-b-fc-gueugnon-pour-repartir-de-lavant\/52481#primaryimage"},"thumbnailUrl":"https:\/\/www.fcgueugnon.fr\/site\/wp-content\/uploads\/2024\/11\/avant-match-1.png","keywords":["Avant-match"],"articleSection":["News","News 2024\/2025"],"inLanguage":"fr-FR"},{"@type":"WebPage","@id":"https:\/\/www.fcgueugnon.fr\/site\/n3-j08-aj-auxerre-b-fc-gueugnon-pour-repartir-de-lavant\/52481","url":"https:\/\/www.fcgueugnon.fr\/site\/n3-j08-aj-auxerre-b-fc-gueugnon-pour-repartir-de-lavant\/52481","name":"[N3 J08 : AJ Auxerre B - FC Gueugnon] Pour repartir de l'avant... &#8226; FOOTBALL CLUB GUEUGNON","isPartOf":{"@id":"https:\/\/www.fcgueugnon.fr\/site\/#website"},"primaryImageOfPage":{"@id":"https:\/\/www.fcgueugnon.fr\/site\/n3-j08-aj-auxerre-b-fc-gueugnon-pour-repartir-de-lavant\/52481#primaryimage"},"image":{"@id":"https:\/\/www.fcgueugnon.fr\/site\/n3-j08-aj-auxerre-b-fc-gueugnon-pour-repartir-de-lavant\/52481#primaryimage"},"thumbnailUrl":"https:\/\/www.fcgueugnon.fr\/site\/wp-content\/uploads\/2024\/11\/avant-match-1.png","datePublished":"2024-11-08T08:00:00+00:00","breadcrumb":{"@id":"https:\/\/www.fcgueugnon.fr\/site\/n3-j08-aj-auxerre-b-fc-gueugnon-pour-repartir-de-lavant\/52481#breadcrumb"},"inLanguage":"fr-FR","potentialAction":[{"@type":"ReadAction","target":["https:\/\/www.fcgueugnon.fr\/site\/n3-j08-aj-auxerre-b-fc-gueugnon-pour-repartir-de-lavant\/52481"]}]},{"@type":"ImageObject","inLanguage":"fr-FR","@id":"https:\/\/www.fcgueugnon.fr\/site\/n3-j08-aj-auxerre-b-fc-gueugnon-pour-repartir-de-lavant\/52481#primaryimage","url":"https:\/\/www.fcgueugnon.fr\/site\/wp-content\/uploads\/2024\/11\/avant-match-1.png","contentUrl":"https:\/\/www.fcgueugnon.fr\/site\/wp-content\/uploads\/2024\/11\/avant-match-1.png","width":2048,"height":1280},{"@type":"BreadcrumbList","@id":"https:\/\/www.fcgueugnon.fr\/site\/n3-j08-aj-auxerre-b-fc-gueugnon-pour-repartir-de-lavant\/52481#breadcrumb","itemListElement":[{"@type":"ListItem","position":1,"name":"Accueil","item":"https:\/\/www.fcgueugnon.fr\/site\/"},{"@type":"ListItem","position":2,"name":"[N3 J08 : AJ Auxerre B &#8211; FC Gueugnon] Pour repartir de l&rsquo;avant&#8230;"}]},{"@type":"WebSite","@id":"https:\/\/www.fcgueugnon.fr\/site\/#website","url":"https:\/\/www.fcgueugnon.fr\/site\/","name":"FOOTBALL CLUB GUEUGNON","description":"Le Site Officiel des Forgerons","publisher":{"@id":"https:\/\/www.fcgueugnon.fr\/site\/#organization"},"potentialAction":[{"@type":"SearchAction","target":{"@type":"EntryPoint","urlTemplate":"https:\/\/www.fcgueugnon.fr\/site\/?s={search_term_string}"},"query-input":{"@type":"PropertyValueSpecification","valueRequired":true,"valueName":"search_term_string"}}],"inLanguage":"fr-FR"},{"@type":"Organization","@id":"https:\/\/www.fcgueugnon.fr\/site\/#organization","name":"FC Gueugnon","url":"https:\/\/www.fcgueugnon.fr\/site\/","logo":{"@type":"ImageObject","inLanguage":"fr-FR","@id":"https:\/\/www.fcgueugnon.fr\/site\/#\/schema\/logo\/image\/","url":"https:\/\/www.fcgueugnon.fr\/site\/wp-content\/uploads\/2022\/07\/cropped-Logo-FCGUEUGNON-low-350x350-1.png","contentUrl":"https:\/\/www.fcgueugnon.fr\/site\/wp-content\/uploads\/2022\/07\/cropped-Logo-FCGUEUGNON-low-350x350-1.png","width":350,"height":350,"caption":"FC Gueugnon"},"image":{"@id":"https:\/\/www.fcgueugnon.fr\/site\/#\/schema\/logo\/image\/"},"sameAs":["http:\/\/facebook.com\/FCGueugnon","https:\/\/x.com\/FCGueugnon_off","https:\/\/www.instagram.com\/fcgueugnon\/","https:\/\/www.linkedin.com\/company\/football-club-de-gueugnon\/","https:\/\/www.youtube.com\/user\/FCGueugnonnais","https:\/\/fr.wikipedia.org\/wiki\/Football_Club_de_Gueugnon"]},{"@type":"Person","@id":"https:\/\/www.fcgueugnon.fr\/site\/#\/schema\/person\/f6444fbdd35fa731ee974c03508738fb","name":"FC Gueugnon","sameAs":["https:\/\/www.fcgueugnon.fr\/site"],"url":"https:\/\/www.fcgueugnon.fr\/site\/author\/admin-antho"}]}},"rttpg_featured_image_url":{"full":["https:\/\/www.fcgueugnon.fr\/site\/wp-content\/uploads\/2024\/11\/avant-match-1.png",2048,1280,false],"landscape":["https:\/\/www.fcgueugnon.fr\/site\/wp-content\/uploads\/2024\/11\/avant-match-1.png",2048,1280,false],"portraits":["https:\/\/www.fcgueugnon.fr\/site\/wp-content\/uploads\/2024\/11\/avant-match-1.png",2048,1280,false],"thumbnail":["https:\/\/www.fcgueugnon.fr\/site\/wp-content\/uploads\/2024\/11\/avant-match-1-150x150.png",150,150,true],"medium":["https:\/\/www.fcgueugnon.fr\/site\/wp-content\/uploads\/2024\/11\/avant-match-1-400x250.png",400,250,true],"large":["https:\/\/www.fcgueugnon.fr\/site\/wp-content\/uploads\/2024\/11\/avant-match-1-1024x640.png",1024,640,true],"1536x1536":["https:\/\/www.fcgueugnon.fr\/site\/wp-content\/uploads\/2024\/11\/avant-match-1-1536x960.png",1536,960,true],"2048x2048":["https:\/\/www.fcgueugnon.fr\/site\/wp-content\/uploads\/2024\/11\/avant-match-1.png",2048,1280,false]},"rttpg_author":{"display_name":"FC Gueugnon","author_link":"https:\/\/www.fcgueugnon.fr\/site\/author\/admin-antho"},"rttpg_comment":0,"rttpg_category":"<a href=\"https:\/\/www.fcgueugnon.fr\/site\/category\/news\" rel=\"category tag\">News<\/a> <a href=\"https:\/\/www.fcgueugnon.fr\/site\/category\/news\/news-2024-2025\" rel=\"category tag\">News 2024\/2025<\/a>","rttpg_excerpt":"Ce sont des gueugnonnais en position de lanterne rouge qui ont rendez-vous \u00e0 Auxerre pour essayer de rebondir&#8230; \ud83c\udd9a L&rsquo;adversaire : AJ Auxerre B Promus en 2019-2020 lors d&rsquo;une saison intense et d&rsquo;un duel remport\u00e9 devant le FCG, les r\u00e9servistes de l&rsquo;AJA furent finalement rel\u00e9gu\u00e9s en N3 la saison derni\u00e8re, \u00e0 l&rsquo;instar de toutes les\u2026","_links":{"self":[{"href":"https:\/\/www.fcgueugnon.fr\/site\/wp-json\/wp\/v2\/posts\/52481","targetHints":{"allow":["GET"]}}],"collection":[{"href":"https:\/\/www.fcgueugnon.fr\/site\/wp-json\/wp\/v2\/posts"}],"about":[{"href":"https:\/\/www.fcgueugnon.fr\/site\/wp-json\/wp\/v2\/types\/post"}],"author":[{"embeddable":true,"href":"https:\/\/www.fcgueugnon.fr\/site\/wp-json\/wp\/v2\/users\/1"}],"replies":[{"embeddable":true,"href":"https:\/\/www.fcgueugnon.fr\/site\/wp-json\/wp\/v2\/comments?post=52481"}],"version-history":[{"count":2,"href":"https:\/\/www.fcgueugnon.fr\/site\/wp-json\/wp\/v2\/posts\/52481\/revisions"}],"predecessor-version":[{"id":52503,"href":"https:\/\/www.fcgueugnon.fr\/site\/wp-json\/wp\/v2\/posts\/52481\/revisions\/52503"}],"wp:featuredmedia":[{"embeddable":true,"href":"https:\/\/www.fcgueugnon.fr\/site\/wp-json\/wp\/v2\/media\/52502"}],"wp:attachment":[{"href":"https:\/\/www.fcgueugnon.fr\/site\/wp-json\/wp\/v2\/media?parent=52481"}],"wp:term":[{"taxonomy":"category","embeddable":true,"href":"https:\/\/www.fcgueugnon.fr\/site\/wp-json\/wp\/v2\/categories?post=52481"},{"taxonomy":"post_tag","embeddable":true,"href":"https:\/\/www.fcgueugnon.fr\/site\/wp-json\/wp\/v2\/tags?post=52481"}],"curies":[{"name":"wp","href":"https:\/\/api.w.org\/{rel}","templated":true}]}}