{"id":5241,"date":"2023-07-03T09:00:00","date_gmt":"2023-07-03T07:00:00","guid":{"rendered":"https:\/\/www.fcgueugnon.fr\/site\/?p=5241"},"modified":"2023-10-23T09:34:43","modified_gmt":"2023-10-23T07:34:43","slug":"jean-laville-laj-auxerre-affronte-le-fc-villefranche-beaujolais-a-gueugnon","status":"publish","type":"post","link":"https:\/\/www.fcgueugnon.fr\/site\/jean-laville-laj-auxerre-affronte-le-fc-villefranche-beaujolais-a-gueugnon\/5241","title":{"rendered":"[Jean Laville] L&rsquo;AJ Auxerre affronte le FC Villefranche Beaujolais \u00e0 Gueugnon !"},"content":{"rendered":"\n<h3 class=\"wp-block-heading\"><strong>Le FC Gueugnon est fier de vous annoncer qu&rsquo;un match de pr\u00e9paration entre l&rsquo;AJ Auxerre (L2) et le FC Villefranche Beaujolais (National) aura lieu au stade Jean Laville de Gueugnon.<\/strong><\/h3>\n\n\n\n<p>La rencontre est pr\u00e9vue le mardi 11 Juillet \u00e0 18h00 au stade Jean Laville de Gueugnon.<\/p>\n\n\n\n<div style=\"height:30px\" aria-hidden=\"true\" class=\"wp-block-spacer\"><\/div>\n\n\n\n<p><strong>Ouverture de la billetterie :<\/strong> Mardi 11 Juillet \u00e0 partir de 17h00.<\/p>\n\n\n\n<p><strong>Tarifs : <\/strong><\/p>\n\n\n\n<ul class=\"wp-block-list\">\n<li>-7 ans : Gratuit<\/li>\n\n\n\n<li>-18 ans, licenci\u00e9s FCG, abonn\u00e9s FCG, \u00e9tudiants, PMR, demandeurs d&#8217;emploi : 5\u20ac<\/li>\n\n\n\n<li>+18 ans : 10\u20ac<\/li>\n<\/ul>\n\n\n\n<div style=\"height:30px\" aria-hidden=\"true\" class=\"wp-block-spacer\"><\/div>\n\n\n<div class=\"wp-block-image\">\n<figure class=\"aligncenter size-large\"><img loading=\"lazy\" decoding=\"async\" width=\"724\" height=\"1024\" src=\"https:\/\/www.fcgueugnon.fr\/site\/wp-content\/uploads\/2023\/06\/affiche-AJA-FCVB-724x1024.jpg\" alt=\"\" class=\"wp-image-5242\" srcset=\"https:\/\/www.fcgueugnon.fr\/site\/wp-content\/uploads\/2023\/06\/affiche-AJA-FCVB-724x1024.jpg 724w, https:\/\/www.fcgueugnon.fr\/site\/wp-content\/uploads\/2023\/06\/affiche-AJA-FCVB-283x400.jpg 283w, https:\/\/www.fcgueugnon.fr\/site\/wp-content\/uploads\/2023\/06\/affiche-AJA-FCVB-768x1086.jpg 768w, https:\/\/www.fcgueugnon.fr\/site\/wp-content\/uploads\/2023\/06\/affiche-AJA-FCVB-1086x1536.jpg 1086w, https:\/\/www.fcgueugnon.fr\/site\/wp-content\/uploads\/2023\/06\/affiche-AJA-FCVB-1448x2048.jpg 1448w, https:\/\/www.fcgueugnon.fr\/site\/wp-content\/uploads\/2023\/06\/affiche-AJA-FCVB-1320x1867.jpg 1320w, https:\/\/www.fcgueugnon.fr\/site\/wp-content\/uploads\/2023\/06\/affiche-AJA-FCVB-600x849.jpg 600w, https:\/\/www.fcgueugnon.fr\/site\/wp-content\/uploads\/2023\/06\/affiche-AJA-FCVB-scaled.jpg 1810w\" sizes=\"auto, (max-width: 724px) 100vw, 724px\" \/><\/figure>\n<\/div>","protected":false},"excerpt":{"rendered":"<p>Le FC Gueugnon est fier de vous annoncer qu&rsquo;un match de pr\u00e9paration entre l&rsquo;AJ Auxerre (L2) et le FC Villefranche Beaujolais (National) aura lieu au stade Jean Laville de Gueugnon. La rencontre est pr\u00e9vue le mardi 11 Juillet \u00e0 18h00 au stade Jean Laville de Gueugnon. Ouverture de la billetterie : Mardi 11 Juillet \u00e0 &#8230; <\/p>\n<p class=\"read-more-container\"><a title=\"[Jean Laville] L&rsquo;AJ Auxerre affronte le FC Villefranche Beaujolais \u00e0 Gueugnon !\" class=\"read-more button\" href=\"https:\/\/www.fcgueugnon.fr\/site\/jean-laville-laj-auxerre-affronte-le-fc-villefranche-beaujolais-a-gueugnon\/5241#more-5241\" aria-label=\"Plus sur [Jean Laville] L&rsquo;AJ Auxerre affronte le FC Villefranche Beaujolais \u00e0 Gueugnon !\">Lire la suite<\/a><\/p>\n","protected":false},"author":3,"featured_media":5242,"comment_status":"closed","ping_status":"closed","sticky":false,"template":"","format":"standard","meta":{"footnotes":""},"categories":[4,55],"tags":[19],"class_list":["post-5241","post","type-post","status-publish","format-standard","has-post-thumbnail","hentry","category-news","category-news-2023-2024","tag-stade-jean-laville","infinite-scroll-item","generate-columns","tablet-grid-50","mobile-grid-100","grid-parent","grid-25","resize-featured-image"],"yoast_head":"<!-- This site is optimized with the Yoast SEO plugin v26.6 - https:\/\/yoast.com\/wordpress\/plugins\/seo\/ -->\n<title>[Jean Laville] L&#039;AJ Auxerre affronte le FC Villefranche Beaujolais \u00e0 Gueugnon ! &#8226; FOOTBALL CLUB GUEUGNON<\/title>\n<meta name=\"robots\" content=\"index, follow, max-snippet:-1, max-image-preview:large, max-video-preview:-1\" \/>\n<link rel=\"canonical\" href=\"https:\/\/www.fcgueugnon.fr\/site\/jean-laville-laj-auxerre-affronte-le-fc-villefranche-beaujolais-a-gueugnon\/5241\" \/>\n<meta property=\"og:locale\" content=\"fr_FR\" \/>\n<meta property=\"og:type\" content=\"article\" \/>\n<meta property=\"og:title\" content=\"[Jean Laville] L&#039;AJ Auxerre affronte le FC Villefranche Beaujolais \u00e0 Gueugnon ! &#8226; FOOTBALL CLUB GUEUGNON\" \/>\n<meta property=\"og:description\" content=\"Le FC Gueugnon est fier de vous annoncer qu&rsquo;un match de pr\u00e9paration entre l&rsquo;AJ Auxerre (L2) et le FC Villefranche Beaujolais (National) aura lieu au stade Jean Laville de Gueugnon. La rencontre est pr\u00e9vue le mardi 11 Juillet \u00e0 18h00 au stade Jean Laville de Gueugnon. Ouverture de la billetterie : Mardi 11 Juillet \u00e0 ... Lire la suite\" \/>\n<meta property=\"og:url\" content=\"https:\/\/www.fcgueugnon.fr\/site\/jean-laville-laj-auxerre-affronte-le-fc-villefranche-beaujolais-a-gueugnon\/5241\" \/>\n<meta property=\"og:site_name\" content=\"FOOTBALL CLUB GUEUGNON\" \/>\n<meta property=\"article:publisher\" content=\"http:\/\/facebook.com\/FCGueugnon\" \/>\n<meta property=\"article:published_time\" content=\"2023-07-03T07:00:00+00:00\" \/>\n<meta property=\"article:modified_time\" content=\"2023-10-23T07:34:43+00:00\" \/>\n<meta property=\"og:image\" content=\"https:\/\/www.fcgueugnon.fr\/site\/wp-content\/uploads\/2023\/06\/affiche-AJA-FCVB-scaled.jpg\" \/>\n\t<meta property=\"og:image:width\" content=\"1810\" \/>\n\t<meta property=\"og:image:height\" content=\"2560\" \/>\n\t<meta property=\"og:image:type\" content=\"image\/jpeg\" \/>\n<meta name=\"author\" content=\"FC Gueugnon\" \/>\n<meta name=\"twitter:card\" content=\"summary_large_image\" \/>\n<meta name=\"twitter:creator\" content=\"@FCGueugnon_off\" \/>\n<meta name=\"twitter:site\" content=\"@FCGueugnon_off\" \/>\n<meta name=\"twitter:label1\" content=\"\u00c9crit par\" \/>\n\t<meta name=\"twitter:data1\" content=\"FC Gueugnon\" \/>\n\t<meta name=\"twitter:label2\" content=\"Dur\u00e9e de lecture estim\u00e9e\" \/>\n\t<meta name=\"twitter:data2\" content=\"1 minute\" \/>\n<script type=\"application\/ld+json\" class=\"yoast-schema-graph\">{\"@context\":\"https:\/\/schema.org\",\"@graph\":[{\"@type\":\"Article\",\"@id\":\"https:\/\/www.fcgueugnon.fr\/site\/jean-laville-laj-auxerre-affronte-le-fc-villefranche-beaujolais-a-gueugnon\/5241#article\",\"isPartOf\":{\"@id\":\"https:\/\/www.fcgueugnon.fr\/site\/jean-laville-laj-auxerre-affronte-le-fc-villefranche-beaujolais-a-gueugnon\/5241\"},\"author\":{\"name\":\"FC Gueugnon\",\"@id\":\"https:\/\/www.fcgueugnon.fr\/site\/#\/schema\/person\/829630bfb5d6f3ebe4d296b75687c01a\"},\"headline\":\"[Jean Laville] L&rsquo;AJ Auxerre affronte le FC Villefranche Beaujolais \u00e0 Gueugnon !\",\"datePublished\":\"2023-07-03T07:00:00+00:00\",\"dateModified\":\"2023-10-23T07:34:43+00:00\",\"mainEntityOfPage\":{\"@id\":\"https:\/\/www.fcgueugnon.fr\/site\/jean-laville-laj-auxerre-affronte-le-fc-villefranche-beaujolais-a-gueugnon\/5241\"},\"wordCount\":86,\"publisher\":{\"@id\":\"https:\/\/www.fcgueugnon.fr\/site\/#organization\"},\"image\":{\"@id\":\"https:\/\/www.fcgueugnon.fr\/site\/jean-laville-laj-auxerre-affronte-le-fc-villefranche-beaujolais-a-gueugnon\/5241#primaryimage\"},\"thumbnailUrl\":\"https:\/\/www.fcgueugnon.fr\/site\/wp-content\/uploads\/2023\/06\/affiche-AJA-FCVB-scaled.jpg\",\"keywords\":[\"stade Jean Laville\"],\"articleSection\":[\"News\",\"News 2023\/2024\"],\"inLanguage\":\"fr-FR\"},{\"@type\":\"WebPage\",\"@id\":\"https:\/\/www.fcgueugnon.fr\/site\/jean-laville-laj-auxerre-affronte-le-fc-villefranche-beaujolais-a-gueugnon\/5241\",\"url\":\"https:\/\/www.fcgueugnon.fr\/site\/jean-laville-laj-auxerre-affronte-le-fc-villefranche-beaujolais-a-gueugnon\/5241\",\"name\":\"[Jean Laville] L'AJ Auxerre affronte le FC Villefranche Beaujolais \u00e0 Gueugnon ! &#8226; FOOTBALL CLUB GUEUGNON\",\"isPartOf\":{\"@id\":\"https:\/\/www.fcgueugnon.fr\/site\/#website\"},\"primaryImageOfPage\":{\"@id\":\"https:\/\/www.fcgueugnon.fr\/site\/jean-laville-laj-auxerre-affronte-le-fc-villefranche-beaujolais-a-gueugnon\/5241#primaryimage\"},\"image\":{\"@id\":\"https:\/\/www.fcgueugnon.fr\/site\/jean-laville-laj-auxerre-affronte-le-fc-villefranche-beaujolais-a-gueugnon\/5241#primaryimage\"},\"thumbnailUrl\":\"https:\/\/www.fcgueugnon.fr\/site\/wp-content\/uploads\/2023\/06\/affiche-AJA-FCVB-scaled.jpg\",\"datePublished\":\"2023-07-03T07:00:00+00:00\",\"dateModified\":\"2023-10-23T07:34:43+00:00\",\"breadcrumb\":{\"@id\":\"https:\/\/www.fcgueugnon.fr\/site\/jean-laville-laj-auxerre-affronte-le-fc-villefranche-beaujolais-a-gueugnon\/5241#breadcrumb\"},\"inLanguage\":\"fr-FR\",\"potentialAction\":[{\"@type\":\"ReadAction\",\"target\":[\"https:\/\/www.fcgueugnon.fr\/site\/jean-laville-laj-auxerre-affronte-le-fc-villefranche-beaujolais-a-gueugnon\/5241\"]}]},{\"@type\":\"ImageObject\",\"inLanguage\":\"fr-FR\",\"@id\":\"https:\/\/www.fcgueugnon.fr\/site\/jean-laville-laj-auxerre-affronte-le-fc-villefranche-beaujolais-a-gueugnon\/5241#primaryimage\",\"url\":\"https:\/\/www.fcgueugnon.fr\/site\/wp-content\/uploads\/2023\/06\/affiche-AJA-FCVB-scaled.jpg\",\"contentUrl\":\"https:\/\/www.fcgueugnon.fr\/site\/wp-content\/uploads\/2023\/06\/affiche-AJA-FCVB-scaled.jpg\",\"width\":1810,\"height\":2560},{\"@type\":\"BreadcrumbList\",\"@id\":\"https:\/\/www.fcgueugnon.fr\/site\/jean-laville-laj-auxerre-affronte-le-fc-villefranche-beaujolais-a-gueugnon\/5241#breadcrumb\",\"itemListElement\":[{\"@type\":\"ListItem\",\"position\":1,\"name\":\"Accueil\",\"item\":\"https:\/\/www.fcgueugnon.fr\/site\/\"},{\"@type\":\"ListItem\",\"position\":2,\"name\":\"[Jean Laville] L&#8217;AJ Auxerre affronte le FC Villefranche Beaujolais \u00e0 Gueugnon !\"}]},{\"@type\":\"WebSite\",\"@id\":\"https:\/\/www.fcgueugnon.fr\/site\/#website\",\"url\":\"https:\/\/www.fcgueugnon.fr\/site\/\",\"name\":\"FOOTBALL CLUB GUEUGNON\",\"description\":\"Le Site Officiel des Forgerons\",\"publisher\":{\"@id\":\"https:\/\/www.fcgueugnon.fr\/site\/#organization\"},\"potentialAction\":[{\"@type\":\"SearchAction\",\"target\":{\"@type\":\"EntryPoint\",\"urlTemplate\":\"https:\/\/www.fcgueugnon.fr\/site\/?s={search_term_string}\"},\"query-input\":{\"@type\":\"PropertyValueSpecification\",\"valueRequired\":true,\"valueName\":\"search_term_string\"}}],\"inLanguage\":\"fr-FR\"},{\"@type\":\"Organization\",\"@id\":\"https:\/\/www.fcgueugnon.fr\/site\/#organization\",\"name\":\"FC Gueugnon\",\"url\":\"https:\/\/www.fcgueugnon.fr\/site\/\",\"logo\":{\"@type\":\"ImageObject\",\"inLanguage\":\"fr-FR\",\"@id\":\"https:\/\/www.fcgueugnon.fr\/site\/#\/schema\/logo\/image\/\",\"url\":\"https:\/\/www.fcgueugnon.fr\/site\/wp-content\/uploads\/2022\/07\/cropped-Logo-FCGUEUGNON-low-350x350-1.png\",\"contentUrl\":\"https:\/\/www.fcgueugnon.fr\/site\/wp-content\/uploads\/2022\/07\/cropped-Logo-FCGUEUGNON-low-350x350-1.png\",\"width\":350,\"height\":350,\"caption\":\"FC Gueugnon\"},\"image\":{\"@id\":\"https:\/\/www.fcgueugnon.fr\/site\/#\/schema\/logo\/image\/\"},\"sameAs\":[\"http:\/\/facebook.com\/FCGueugnon\",\"https:\/\/x.com\/FCGueugnon_off\",\"https:\/\/www.instagram.com\/fcgueugnon\/\",\"https:\/\/www.linkedin.com\/company\/football-club-de-gueugnon\/\",\"https:\/\/www.youtube.com\/user\/FCGueugnonnais\",\"https:\/\/fr.wikipedia.org\/wiki\/Football_Club_de_Gueugnon\"]},{\"@type\":\"Person\",\"@id\":\"https:\/\/www.fcgueugnon.fr\/site\/#\/schema\/person\/829630bfb5d6f3ebe4d296b75687c01a\",\"name\":\"FC Gueugnon\",\"url\":\"https:\/\/www.fcgueugnon.fr\/site\/author\/g-avin1\"}]}<\/script>\n<!-- \/ Yoast SEO plugin. -->","yoast_head_json":{"title":"[Jean Laville] L'AJ Auxerre affronte le FC Villefranche Beaujolais \u00e0 Gueugnon ! &#8226; FOOTBALL CLUB GUEUGNON","robots":{"index":"index","follow":"follow","max-snippet":"max-snippet:-1","max-image-preview":"max-image-preview:large","max-video-preview":"max-video-preview:-1"},"canonical":"https:\/\/www.fcgueugnon.fr\/site\/jean-laville-laj-auxerre-affronte-le-fc-villefranche-beaujolais-a-gueugnon\/5241","og_locale":"fr_FR","og_type":"article","og_title":"[Jean Laville] L'AJ Auxerre affronte le FC Villefranche Beaujolais \u00e0 Gueugnon ! &#8226; FOOTBALL CLUB GUEUGNON","og_description":"Le FC Gueugnon est fier de vous annoncer qu&rsquo;un match de pr\u00e9paration entre l&rsquo;AJ Auxerre (L2) et le FC Villefranche Beaujolais (National) aura lieu au stade Jean Laville de Gueugnon. La rencontre est pr\u00e9vue le mardi 11 Juillet \u00e0 18h00 au stade Jean Laville de Gueugnon. Ouverture de la billetterie : Mardi 11 Juillet \u00e0 ... Lire la suite","og_url":"https:\/\/www.fcgueugnon.fr\/site\/jean-laville-laj-auxerre-affronte-le-fc-villefranche-beaujolais-a-gueugnon\/5241","og_site_name":"FOOTBALL CLUB GUEUGNON","article_publisher":"http:\/\/facebook.com\/FCGueugnon","article_published_time":"2023-07-03T07:00:00+00:00","article_modified_time":"2023-10-23T07:34:43+00:00","og_image":[{"width":1810,"height":2560,"url":"https:\/\/www.fcgueugnon.fr\/site\/wp-content\/uploads\/2023\/06\/affiche-AJA-FCVB-scaled.jpg","type":"image\/jpeg"}],"author":"FC Gueugnon","twitter_card":"summary_large_image","twitter_creator":"@FCGueugnon_off","twitter_site":"@FCGueugnon_off","twitter_misc":{"\u00c9crit par":"FC Gueugnon","Dur\u00e9e de lecture estim\u00e9e":"1 minute"},"schema":{"@context":"https:\/\/schema.org","@graph":[{"@type":"Article","@id":"https:\/\/www.fcgueugnon.fr\/site\/jean-laville-laj-auxerre-affronte-le-fc-villefranche-beaujolais-a-gueugnon\/5241#article","isPartOf":{"@id":"https:\/\/www.fcgueugnon.fr\/site\/jean-laville-laj-auxerre-affronte-le-fc-villefranche-beaujolais-a-gueugnon\/5241"},"author":{"name":"FC Gueugnon","@id":"https:\/\/www.fcgueugnon.fr\/site\/#\/schema\/person\/829630bfb5d6f3ebe4d296b75687c01a"},"headline":"[Jean Laville] L&rsquo;AJ Auxerre affronte le FC Villefranche Beaujolais \u00e0 Gueugnon !","datePublished":"2023-07-03T07:00:00+00:00","dateModified":"2023-10-23T07:34:43+00:00","mainEntityOfPage":{"@id":"https:\/\/www.fcgueugnon.fr\/site\/jean-laville-laj-auxerre-affronte-le-fc-villefranche-beaujolais-a-gueugnon\/5241"},"wordCount":86,"publisher":{"@id":"https:\/\/www.fcgueugnon.fr\/site\/#organization"},"image":{"@id":"https:\/\/www.fcgueugnon.fr\/site\/jean-laville-laj-auxerre-affronte-le-fc-villefranche-beaujolais-a-gueugnon\/5241#primaryimage"},"thumbnailUrl":"https:\/\/www.fcgueugnon.fr\/site\/wp-content\/uploads\/2023\/06\/affiche-AJA-FCVB-scaled.jpg","keywords":["stade Jean Laville"],"articleSection":["News","News 2023\/2024"],"inLanguage":"fr-FR"},{"@type":"WebPage","@id":"https:\/\/www.fcgueugnon.fr\/site\/jean-laville-laj-auxerre-affronte-le-fc-villefranche-beaujolais-a-gueugnon\/5241","url":"https:\/\/www.fcgueugnon.fr\/site\/jean-laville-laj-auxerre-affronte-le-fc-villefranche-beaujolais-a-gueugnon\/5241","name":"[Jean Laville] L'AJ Auxerre affronte le FC Villefranche Beaujolais \u00e0 Gueugnon ! &#8226; FOOTBALL CLUB GUEUGNON","isPartOf":{"@id":"https:\/\/www.fcgueugnon.fr\/site\/#website"},"primaryImageOfPage":{"@id":"https:\/\/www.fcgueugnon.fr\/site\/jean-laville-laj-auxerre-affronte-le-fc-villefranche-beaujolais-a-gueugnon\/5241#primaryimage"},"image":{"@id":"https:\/\/www.fcgueugnon.fr\/site\/jean-laville-laj-auxerre-affronte-le-fc-villefranche-beaujolais-a-gueugnon\/5241#primaryimage"},"thumbnailUrl":"https:\/\/www.fcgueugnon.fr\/site\/wp-content\/uploads\/2023\/06\/affiche-AJA-FCVB-scaled.jpg","datePublished":"2023-07-03T07:00:00+00:00","dateModified":"2023-10-23T07:34:43+00:00","breadcrumb":{"@id":"https:\/\/www.fcgueugnon.fr\/site\/jean-laville-laj-auxerre-affronte-le-fc-villefranche-beaujolais-a-gueugnon\/5241#breadcrumb"},"inLanguage":"fr-FR","potentialAction":[{"@type":"ReadAction","target":["https:\/\/www.fcgueugnon.fr\/site\/jean-laville-laj-auxerre-affronte-le-fc-villefranche-beaujolais-a-gueugnon\/5241"]}]},{"@type":"ImageObject","inLanguage":"fr-FR","@id":"https:\/\/www.fcgueugnon.fr\/site\/jean-laville-laj-auxerre-affronte-le-fc-villefranche-beaujolais-a-gueugnon\/5241#primaryimage","url":"https:\/\/www.fcgueugnon.fr\/site\/wp-content\/uploads\/2023\/06\/affiche-AJA-FCVB-scaled.jpg","contentUrl":"https:\/\/www.fcgueugnon.fr\/site\/wp-content\/uploads\/2023\/06\/affiche-AJA-FCVB-scaled.jpg","width":1810,"height":2560},{"@type":"BreadcrumbList","@id":"https:\/\/www.fcgueugnon.fr\/site\/jean-laville-laj-auxerre-affronte-le-fc-villefranche-beaujolais-a-gueugnon\/5241#breadcrumb","itemListElement":[{"@type":"ListItem","position":1,"name":"Accueil","item":"https:\/\/www.fcgueugnon.fr\/site\/"},{"@type":"ListItem","position":2,"name":"[Jean Laville] L&#8217;AJ Auxerre affronte le FC Villefranche Beaujolais \u00e0 Gueugnon !"}]},{"@type":"WebSite","@id":"https:\/\/www.fcgueugnon.fr\/site\/#website","url":"https:\/\/www.fcgueugnon.fr\/site\/","name":"FOOTBALL CLUB GUEUGNON","description":"Le Site Officiel des Forgerons","publisher":{"@id":"https:\/\/www.fcgueugnon.fr\/site\/#organization"},"potentialAction":[{"@type":"SearchAction","target":{"@type":"EntryPoint","urlTemplate":"https:\/\/www.fcgueugnon.fr\/site\/?s={search_term_string}"},"query-input":{"@type":"PropertyValueSpecification","valueRequired":true,"valueName":"search_term_string"}}],"inLanguage":"fr-FR"},{"@type":"Organization","@id":"https:\/\/www.fcgueugnon.fr\/site\/#organization","name":"FC Gueugnon","url":"https:\/\/www.fcgueugnon.fr\/site\/","logo":{"@type":"ImageObject","inLanguage":"fr-FR","@id":"https:\/\/www.fcgueugnon.fr\/site\/#\/schema\/logo\/image\/","url":"https:\/\/www.fcgueugnon.fr\/site\/wp-content\/uploads\/2022\/07\/cropped-Logo-FCGUEUGNON-low-350x350-1.png","contentUrl":"https:\/\/www.fcgueugnon.fr\/site\/wp-content\/uploads\/2022\/07\/cropped-Logo-FCGUEUGNON-low-350x350-1.png","width":350,"height":350,"caption":"FC Gueugnon"},"image":{"@id":"https:\/\/www.fcgueugnon.fr\/site\/#\/schema\/logo\/image\/"},"sameAs":["http:\/\/facebook.com\/FCGueugnon","https:\/\/x.com\/FCGueugnon_off","https:\/\/www.instagram.com\/fcgueugnon\/","https:\/\/www.linkedin.com\/company\/football-club-de-gueugnon\/","https:\/\/www.youtube.com\/user\/FCGueugnonnais","https:\/\/fr.wikipedia.org\/wiki\/Football_Club_de_Gueugnon"]},{"@type":"Person","@id":"https:\/\/www.fcgueugnon.fr\/site\/#\/schema\/person\/829630bfb5d6f3ebe4d296b75687c01a","name":"FC Gueugnon","url":"https:\/\/www.fcgueugnon.fr\/site\/author\/g-avin1"}]}},"rttpg_featured_image_url":{"full":["https:\/\/www.fcgueugnon.fr\/site\/wp-content\/uploads\/2023\/06\/affiche-AJA-FCVB-scaled.jpg",1810,2560,false],"landscape":["https:\/\/www.fcgueugnon.fr\/site\/wp-content\/uploads\/2023\/06\/affiche-AJA-FCVB-scaled.jpg",1810,2560,false],"portraits":["https:\/\/www.fcgueugnon.fr\/site\/wp-content\/uploads\/2023\/06\/affiche-AJA-FCVB-scaled.jpg",1810,2560,false],"thumbnail":["https:\/\/www.fcgueugnon.fr\/site\/wp-content\/uploads\/2023\/06\/affiche-AJA-FCVB-150x150.jpg",150,150,true],"medium":["https:\/\/www.fcgueugnon.fr\/site\/wp-content\/uploads\/2023\/06\/affiche-AJA-FCVB-283x400.jpg",283,400,true],"large":["https:\/\/www.fcgueugnon.fr\/site\/wp-content\/uploads\/2023\/06\/affiche-AJA-FCVB-724x1024.jpg",724,1024,true],"1536x1536":["https:\/\/www.fcgueugnon.fr\/site\/wp-content\/uploads\/2023\/06\/affiche-AJA-FCVB-1086x1536.jpg",1086,1536,true],"2048x2048":["https:\/\/www.fcgueugnon.fr\/site\/wp-content\/uploads\/2023\/06\/affiche-AJA-FCVB-1448x2048.jpg",1448,2048,true]},"rttpg_author":{"display_name":"FC Gueugnon","author_link":"https:\/\/www.fcgueugnon.fr\/site\/author\/g-avin1"},"rttpg_comment":0,"rttpg_category":"<a href=\"https:\/\/www.fcgueugnon.fr\/site\/category\/news\" rel=\"category tag\">News<\/a> <a href=\"https:\/\/www.fcgueugnon.fr\/site\/category\/news\/news-2023-2024\" rel=\"category tag\">News 2023\/2024<\/a>","rttpg_excerpt":"Le FC Gueugnon est fier de vous annoncer qu&rsquo;un match de pr\u00e9paration entre l&rsquo;AJ Auxerre (L2) et le FC Villefranche Beaujolais (National) aura lieu au stade Jean Laville de Gueugnon. La rencontre est pr\u00e9vue le mardi 11 Juillet \u00e0 18h00 au stade Jean Laville de Gueugnon. Ouverture de la billetterie : Mardi 11 Juillet \u00e0\u2026","_links":{"self":[{"href":"https:\/\/www.fcgueugnon.fr\/site\/wp-json\/wp\/v2\/posts\/5241","targetHints":{"allow":["GET"]}}],"collection":[{"href":"https:\/\/www.fcgueugnon.fr\/site\/wp-json\/wp\/v2\/posts"}],"about":[{"href":"https:\/\/www.fcgueugnon.fr\/site\/wp-json\/wp\/v2\/types\/post"}],"author":[{"embeddable":true,"href":"https:\/\/www.fcgueugnon.fr\/site\/wp-json\/wp\/v2\/users\/3"}],"replies":[{"embeddable":true,"href":"https:\/\/www.fcgueugnon.fr\/site\/wp-json\/wp\/v2\/comments?post=5241"}],"version-history":[{"count":4,"href":"https:\/\/www.fcgueugnon.fr\/site\/wp-json\/wp\/v2\/posts\/5241\/revisions"}],"predecessor-version":[{"id":5306,"href":"https:\/\/www.fcgueugnon.fr\/site\/wp-json\/wp\/v2\/posts\/5241\/revisions\/5306"}],"wp:featuredmedia":[{"embeddable":true,"href":"https:\/\/www.fcgueugnon.fr\/site\/wp-json\/wp\/v2\/media\/5242"}],"wp:attachment":[{"href":"https:\/\/www.fcgueugnon.fr\/site\/wp-json\/wp\/v2\/media?parent=5241"}],"wp:term":[{"taxonomy":"category","embeddable":true,"href":"https:\/\/www.fcgueugnon.fr\/site\/wp-json\/wp\/v2\/categories?post=5241"},{"taxonomy":"post_tag","embeddable":true,"href":"https:\/\/www.fcgueugnon.fr\/site\/wp-json\/wp\/v2\/tags?post=5241"}],"curies":[{"name":"wp","href":"https:\/\/api.w.org\/{rel}","templated":true}]}}