{"id":52402,"date":"2024-10-30T18:55:00","date_gmt":"2024-10-30T17:55:00","guid":{"rendered":"https:\/\/www.fcgueugnon.fr\/site\/?p=52402"},"modified":"2024-10-30T11:35:57","modified_gmt":"2024-10-30T10:35:57","slug":"mercato-2024-welcome-back-antho","status":"publish","type":"post","link":"https:\/\/www.fcgueugnon.fr\/site\/mercato-2024-welcome-back-antho\/52402","title":{"rendered":"[Mercato 2024] Welcome back Antho !"},"content":{"rendered":"\n<h2 class=\"wp-block-heading has-text-align-left\">C&rsquo;est un renfort de choix qu&rsquo;enregistre le FCG avec ce retour d&rsquo;Anthony Lamonge au sein des forgerons.<\/h2>\n\n\n\n<div style=\"height:50px\" aria-hidden=\"true\" class=\"wp-block-spacer\"><\/div>\n\n\n\n<figure class=\"wp-block-image size-large\"><img loading=\"lazy\" decoding=\"async\" width=\"1024\" height=\"683\" src=\"https:\/\/www.fcgueugnon.fr\/site\/wp-content\/uploads\/2024\/10\/Anthony-LAMONGE-1024x683.jpg\" alt=\"\" class=\"wp-image-52404\" srcset=\"https:\/\/www.fcgueugnon.fr\/site\/wp-content\/uploads\/2024\/10\/Anthony-LAMONGE-1024x683.jpg 1024w, https:\/\/www.fcgueugnon.fr\/site\/wp-content\/uploads\/2024\/10\/Anthony-LAMONGE-400x267.jpg 400w, https:\/\/www.fcgueugnon.fr\/site\/wp-content\/uploads\/2024\/10\/Anthony-LAMONGE-768x512.jpg 768w, https:\/\/www.fcgueugnon.fr\/site\/wp-content\/uploads\/2024\/10\/Anthony-LAMONGE-1536x1024.jpg 1536w, https:\/\/www.fcgueugnon.fr\/site\/wp-content\/uploads\/2024\/10\/Anthony-LAMONGE-1320x880.jpg 1320w, https:\/\/www.fcgueugnon.fr\/site\/wp-content\/uploads\/2024\/10\/Anthony-LAMONGE.jpg 1567w\" sizes=\"auto, (max-width: 1024px) 100vw, 1024px\" \/><\/figure>\n\n\n\n<div style=\"height:50px\" aria-hidden=\"true\" class=\"wp-block-spacer\"><\/div>\n\n\n\n<p>Il avait rejoint le FCG en 2021 avec une solide exp\u00e9rience (<a href=\"https:\/\/www.fcgueugnon.fr\/wp\/mercato-anthony-lamonge-dernier-rempart-du-fcg\/45601\">relire l&rsquo;article de l&rsquo;\u00e9poque<\/a>) et avait d\u00e9montr\u00e9 tous ses talents au sein du groupe forgeron ! Actuellement sans club, <strong>ce retour d&rsquo;Anthony Lamonge <\/strong>va permettre d&rsquo;apporter de l\u2019exp\u00e9rience et une concurrence saine au poste de gardien<\/p>\n\n\n\n<div style=\"height:20px\" aria-hidden=\"true\" class=\"wp-block-spacer\"><\/div>\n\n\n\n<div class=\"wp-block-getwid-advanced-heading\"><span class=\"wp-block-getwid-advanced-heading__content\" style=\"text-align:center;font-family:&quot;Montserrat&quot;;font-weight:normal;text-transform:\"><strong>Welcome Back Antho ! <\/strong><\/span><\/div>\n\n\n\n<div style=\"height:70px\" aria-hidden=\"true\" class=\"wp-block-spacer\"><\/div>\n\n\n\n<h3 class=\"wp-block-heading western\">La r\u00e9action d&rsquo;Anthony LAMONGE<\/h3>\n\n\n\n<blockquote class=\"wp-block-quote is-layout-flow wp-block-quote-is-layout-flow\">\n<p>\u00ab Je suis tr\u00e8s heureux de r\u00e9int\u00e9grer FC Gueugnon ! J\u2019ai h\u00e2te de rejoindre l\u2019\u00e9quipe et de retrouver le stade et les supporters. Le staff est le coach m\u2019ont fait confiance et je vais faire de mon mieux pour aider l\u2019\u00e9quipe \u00e0 faire une belle saison. \u00bb<\/p>\n<cite><strong><em>Anthony LAMONGE (Gardien)<\/em><\/strong><\/cite><\/blockquote>\n\n\n\n<div style=\"height:20px\" aria-hidden=\"true\" class=\"wp-block-spacer\"><\/div>\n\n\n\n<h3 class=\"wp-block-heading western\">Le mot de Richard TRIVINO, Directeur Sportif<\/h3>\n\n\n\n<blockquote class=\"wp-block-quote is-layout-flow wp-block-quote-is-layout-flow\">\n<p>\u00ab C&rsquo;est une bonne nouvelle qui va nous renforcer au niveau des gardiens. Il faut de la concurrence \u00e0 ce poste et que \u00e7a se tire la bourre ! On verra le choix du terrain que les coachs feront mais Antho revient, il conna\u00eet bien le club et va finir la saison avec nous. \u00bb<\/p>\n<cite><strong><em>Richard TRIVINO (Directeur Sportif)<\/em><\/strong><\/cite><\/blockquote>\n\n\n\n<div style=\"height:30px\" aria-hidden=\"true\" class=\"wp-block-spacer\"><\/div>\n\n\n\n<hr class=\"wp-block-separator has-alpha-channel-opacity\"\/>\n\n\n\n<div style=\"height:30px\" aria-hidden=\"true\" class=\"wp-block-spacer\"><\/div>\n\n\n\n<h3 class=\"wp-block-heading\"><strong>R\u00e9capitulatif des transferts (intersaison 2024) :<\/strong><\/h3>\n\n\n\n<p><strong>Arriv\u00e9es :<\/strong>\u00a0Hugo DOS SANTOS (Is-Selongey Football), Vivian GALLAND, (Is-Selongey Football), Mathis VILARO (B\u00e9ziers), Zakaria GRICH (FC Chamali\u00e8res), Paul SCHACHERER (Chamali\u00e8res), Flavio VALENTE (AS Quetigny), Maxence FOURNEL (Le Puy Foot), Imani BARKER (Le Havre Athletic Club), Raymond Diasomb\u00e9 (Is-Selongey Football), Junior BUCKMAN (Avoine OCC), Anthony LAMONGE (sans club).<\/p>\n\n\n\n<p><strong>D\u00e9parts<\/strong> : Hamza BOUDJEMAA (FC Vesoul), Sidi Lamin HELAL (Blagnac FC), Thomas DORIDOT (US St Sernin), Soualio DIOMAND\u00c9 (Puteaux CS), Mathis CLERVAL (Racing Besan\u00e7on), Mouhamed DIALLO (Ouest Tourangeau), Oum\u00e9rou Dram\u00e9 (Chevilly-la-Rue Elan Paris), Mahamadou Ciss\u00e9 (Bergerac P\u00e9rigord FC), Yannick MAMBO (US Raon-l&rsquo;\u00c9tape), Loan HERNANDEZ (Tarbes Pyr\u00e9n\u00e9es), Anthony Chauvet (Tr\u00e9lissac P\u00e9rigord FC).<\/p>\n\n\n\n<div style=\"height:30px\" aria-hidden=\"true\" class=\"wp-block-spacer\"><\/div>\n\n\n\n<h3 class=\"wp-block-heading\">\u25ba <strong><em><a href=\"https:\/\/www.fcgueugnon.fr\/site\/tag\/mercato-2024\">D\u00e9parts, arriv\u00e9es, prolongation.. Retrouvez toute l&rsquo;actu mercato du FCG<\/a><\/em><\/strong><\/h3>\n\n\n\n<p><\/p>\n","protected":false},"excerpt":{"rendered":"<p>C&rsquo;est un renfort de choix qu&rsquo;enregistre le FCG avec ce retour d&rsquo;Anthony Lamonge au sein des forgerons. Il avait rejoint le FCG en 2021 avec une solide exp\u00e9rience (relire l&rsquo;article de l&rsquo;\u00e9poque) et avait d\u00e9montr\u00e9 tous ses talents au sein du groupe forgeron ! Actuellement sans club, ce retour d&rsquo;Anthony Lamonge va permettre d&rsquo;apporter de &#8230; <\/p>\n<p class=\"read-more-container\"><a title=\"[Mercato 2024] Welcome back Antho !\" class=\"read-more button\" href=\"https:\/\/www.fcgueugnon.fr\/site\/mercato-2024-welcome-back-antho\/52402#more-52402\" aria-label=\"Plus sur [Mercato 2024] Welcome back Antho !\">Lire la suite<\/a><\/p>\n","protected":false},"author":1,"featured_media":10860,"comment_status":"closed","ping_status":"closed","sticky":false,"template":"","format":"standard","meta":{"footnotes":""},"categories":[62],"tags":[8,63,10],"class_list":["post-52402","post","type-post","status-publish","format-standard","has-post-thumbnail","hentry","category-news-2024-2025","tag-effectif","tag-mercato-2024","tag-preparation-entrainement","infinite-scroll-item","generate-columns","tablet-grid-50","mobile-grid-100","grid-parent","grid-25","resize-featured-image"],"yoast_head":"<!-- This site is optimized with the Yoast SEO plugin v26.6 - https:\/\/yoast.com\/wordpress\/plugins\/seo\/ -->\n<title>[Mercato 2024] Welcome back Antho ! &#8226; FOOTBALL CLUB GUEUGNON<\/title>\n<meta name=\"robots\" content=\"index, follow, max-snippet:-1, max-image-preview:large, max-video-preview:-1\" \/>\n<link rel=\"canonical\" href=\"https:\/\/www.fcgueugnon.fr\/site\/mercato-2024-welcome-back-antho\/52402\" \/>\n<meta property=\"og:locale\" content=\"fr_FR\" \/>\n<meta property=\"og:type\" content=\"article\" \/>\n<meta property=\"og:title\" content=\"[Mercato 2024] Welcome back Antho ! &#8226; FOOTBALL CLUB GUEUGNON\" \/>\n<meta property=\"og:description\" content=\"C&rsquo;est un renfort de choix qu&rsquo;enregistre le FCG avec ce retour d&rsquo;Anthony Lamonge au sein des forgerons. Il avait rejoint le FCG en 2021 avec une solide exp\u00e9rience (relire l&rsquo;article de l&rsquo;\u00e9poque) et avait d\u00e9montr\u00e9 tous ses talents au sein du groupe forgeron ! Actuellement sans club, ce retour d&rsquo;Anthony Lamonge va permettre d&rsquo;apporter de ... Lire la suite\" \/>\n<meta property=\"og:url\" content=\"https:\/\/www.fcgueugnon.fr\/site\/mercato-2024-welcome-back-antho\/52402\" \/>\n<meta property=\"og:site_name\" content=\"FOOTBALL CLUB GUEUGNON\" \/>\n<meta property=\"article:publisher\" content=\"http:\/\/facebook.com\/FCGueugnon\" \/>\n<meta property=\"article:published_time\" content=\"2024-10-30T17:55:00+00:00\" \/>\n<meta property=\"og:image\" content=\"https:\/\/www.fcgueugnon.fr\/site\/wp-content\/uploads\/2024\/05\/mercato-fc-gueugnon.jpeg\" \/>\n\t<meta property=\"og:image:width\" content=\"1600\" \/>\n\t<meta property=\"og:image:height\" content=\"900\" \/>\n\t<meta property=\"og:image:type\" content=\"image\/jpeg\" \/>\n<meta name=\"author\" content=\"FC Gueugnon\" \/>\n<meta name=\"twitter:card\" content=\"summary_large_image\" \/>\n<meta name=\"twitter:creator\" content=\"@FCGueugnon_off\" \/>\n<meta name=\"twitter:site\" content=\"@FCGueugnon_off\" \/>\n<meta name=\"twitter:label1\" content=\"\u00c9crit par\" \/>\n\t<meta name=\"twitter:data1\" content=\"FC Gueugnon\" \/>\n\t<meta name=\"twitter:label2\" content=\"Dur\u00e9e de lecture estim\u00e9e\" \/>\n\t<meta name=\"twitter:data2\" content=\"2 minutes\" \/>\n<script type=\"application\/ld+json\" class=\"yoast-schema-graph\">{\"@context\":\"https:\/\/schema.org\",\"@graph\":[{\"@type\":\"Article\",\"@id\":\"https:\/\/www.fcgueugnon.fr\/site\/mercato-2024-welcome-back-antho\/52402#article\",\"isPartOf\":{\"@id\":\"https:\/\/www.fcgueugnon.fr\/site\/mercato-2024-welcome-back-antho\/52402\"},\"author\":{\"name\":\"FC Gueugnon\",\"@id\":\"https:\/\/www.fcgueugnon.fr\/site\/#\/schema\/person\/f6444fbdd35fa731ee974c03508738fb\"},\"headline\":\"[Mercato 2024] Welcome back Antho !\",\"datePublished\":\"2024-10-30T17:55:00+00:00\",\"mainEntityOfPage\":{\"@id\":\"https:\/\/www.fcgueugnon.fr\/site\/mercato-2024-welcome-back-antho\/52402\"},\"wordCount\":331,\"publisher\":{\"@id\":\"https:\/\/www.fcgueugnon.fr\/site\/#organization\"},\"image\":{\"@id\":\"https:\/\/www.fcgueugnon.fr\/site\/mercato-2024-welcome-back-antho\/52402#primaryimage\"},\"thumbnailUrl\":\"https:\/\/www.fcgueugnon.fr\/site\/wp-content\/uploads\/2024\/05\/mercato-fc-gueugnon.jpeg\",\"keywords\":[\"effectif\",\"Mercato 2024\",\"Pr\u00e9paration - Entrainement\"],\"articleSection\":[\"News 2024\/2025\"],\"inLanguage\":\"fr-FR\"},{\"@type\":\"WebPage\",\"@id\":\"https:\/\/www.fcgueugnon.fr\/site\/mercato-2024-welcome-back-antho\/52402\",\"url\":\"https:\/\/www.fcgueugnon.fr\/site\/mercato-2024-welcome-back-antho\/52402\",\"name\":\"[Mercato 2024] Welcome back Antho ! &#8226; FOOTBALL CLUB GUEUGNON\",\"isPartOf\":{\"@id\":\"https:\/\/www.fcgueugnon.fr\/site\/#website\"},\"primaryImageOfPage\":{\"@id\":\"https:\/\/www.fcgueugnon.fr\/site\/mercato-2024-welcome-back-antho\/52402#primaryimage\"},\"image\":{\"@id\":\"https:\/\/www.fcgueugnon.fr\/site\/mercato-2024-welcome-back-antho\/52402#primaryimage\"},\"thumbnailUrl\":\"https:\/\/www.fcgueugnon.fr\/site\/wp-content\/uploads\/2024\/05\/mercato-fc-gueugnon.jpeg\",\"datePublished\":\"2024-10-30T17:55:00+00:00\",\"breadcrumb\":{\"@id\":\"https:\/\/www.fcgueugnon.fr\/site\/mercato-2024-welcome-back-antho\/52402#breadcrumb\"},\"inLanguage\":\"fr-FR\",\"potentialAction\":[{\"@type\":\"ReadAction\",\"target\":[\"https:\/\/www.fcgueugnon.fr\/site\/mercato-2024-welcome-back-antho\/52402\"]}]},{\"@type\":\"ImageObject\",\"inLanguage\":\"fr-FR\",\"@id\":\"https:\/\/www.fcgueugnon.fr\/site\/mercato-2024-welcome-back-antho\/52402#primaryimage\",\"url\":\"https:\/\/www.fcgueugnon.fr\/site\/wp-content\/uploads\/2024\/05\/mercato-fc-gueugnon.jpeg\",\"contentUrl\":\"https:\/\/www.fcgueugnon.fr\/site\/wp-content\/uploads\/2024\/05\/mercato-fc-gueugnon.jpeg\",\"width\":1600,\"height\":900},{\"@type\":\"BreadcrumbList\",\"@id\":\"https:\/\/www.fcgueugnon.fr\/site\/mercato-2024-welcome-back-antho\/52402#breadcrumb\",\"itemListElement\":[{\"@type\":\"ListItem\",\"position\":1,\"name\":\"Accueil\",\"item\":\"https:\/\/www.fcgueugnon.fr\/site\/\"},{\"@type\":\"ListItem\",\"position\":2,\"name\":\"[Mercato 2024] Welcome back Antho !\"}]},{\"@type\":\"WebSite\",\"@id\":\"https:\/\/www.fcgueugnon.fr\/site\/#website\",\"url\":\"https:\/\/www.fcgueugnon.fr\/site\/\",\"name\":\"FOOTBALL CLUB GUEUGNON\",\"description\":\"Le Site Officiel des Forgerons\",\"publisher\":{\"@id\":\"https:\/\/www.fcgueugnon.fr\/site\/#organization\"},\"potentialAction\":[{\"@type\":\"SearchAction\",\"target\":{\"@type\":\"EntryPoint\",\"urlTemplate\":\"https:\/\/www.fcgueugnon.fr\/site\/?s={search_term_string}\"},\"query-input\":{\"@type\":\"PropertyValueSpecification\",\"valueRequired\":true,\"valueName\":\"search_term_string\"}}],\"inLanguage\":\"fr-FR\"},{\"@type\":\"Organization\",\"@id\":\"https:\/\/www.fcgueugnon.fr\/site\/#organization\",\"name\":\"FC Gueugnon\",\"url\":\"https:\/\/www.fcgueugnon.fr\/site\/\",\"logo\":{\"@type\":\"ImageObject\",\"inLanguage\":\"fr-FR\",\"@id\":\"https:\/\/www.fcgueugnon.fr\/site\/#\/schema\/logo\/image\/\",\"url\":\"https:\/\/www.fcgueugnon.fr\/site\/wp-content\/uploads\/2022\/07\/cropped-Logo-FCGUEUGNON-low-350x350-1.png\",\"contentUrl\":\"https:\/\/www.fcgueugnon.fr\/site\/wp-content\/uploads\/2022\/07\/cropped-Logo-FCGUEUGNON-low-350x350-1.png\",\"width\":350,\"height\":350,\"caption\":\"FC Gueugnon\"},\"image\":{\"@id\":\"https:\/\/www.fcgueugnon.fr\/site\/#\/schema\/logo\/image\/\"},\"sameAs\":[\"http:\/\/facebook.com\/FCGueugnon\",\"https:\/\/x.com\/FCGueugnon_off\",\"https:\/\/www.instagram.com\/fcgueugnon\/\",\"https:\/\/www.linkedin.com\/company\/football-club-de-gueugnon\/\",\"https:\/\/www.youtube.com\/user\/FCGueugnonnais\",\"https:\/\/fr.wikipedia.org\/wiki\/Football_Club_de_Gueugnon\"]},{\"@type\":\"Person\",\"@id\":\"https:\/\/www.fcgueugnon.fr\/site\/#\/schema\/person\/f6444fbdd35fa731ee974c03508738fb\",\"name\":\"FC Gueugnon\",\"sameAs\":[\"https:\/\/www.fcgueugnon.fr\/site\"],\"url\":\"https:\/\/www.fcgueugnon.fr\/site\/author\/admin-antho\"}]}<\/script>\n<!-- \/ Yoast SEO plugin. -->","yoast_head_json":{"title":"[Mercato 2024] Welcome back Antho ! &#8226; FOOTBALL CLUB GUEUGNON","robots":{"index":"index","follow":"follow","max-snippet":"max-snippet:-1","max-image-preview":"max-image-preview:large","max-video-preview":"max-video-preview:-1"},"canonical":"https:\/\/www.fcgueugnon.fr\/site\/mercato-2024-welcome-back-antho\/52402","og_locale":"fr_FR","og_type":"article","og_title":"[Mercato 2024] Welcome back Antho ! &#8226; FOOTBALL CLUB GUEUGNON","og_description":"C&rsquo;est un renfort de choix qu&rsquo;enregistre le FCG avec ce retour d&rsquo;Anthony Lamonge au sein des forgerons. Il avait rejoint le FCG en 2021 avec une solide exp\u00e9rience (relire l&rsquo;article de l&rsquo;\u00e9poque) et avait d\u00e9montr\u00e9 tous ses talents au sein du groupe forgeron ! Actuellement sans club, ce retour d&rsquo;Anthony Lamonge va permettre d&rsquo;apporter de ... Lire la suite","og_url":"https:\/\/www.fcgueugnon.fr\/site\/mercato-2024-welcome-back-antho\/52402","og_site_name":"FOOTBALL CLUB GUEUGNON","article_publisher":"http:\/\/facebook.com\/FCGueugnon","article_published_time":"2024-10-30T17:55:00+00:00","og_image":[{"width":1600,"height":900,"url":"https:\/\/www.fcgueugnon.fr\/site\/wp-content\/uploads\/2024\/05\/mercato-fc-gueugnon.jpeg","type":"image\/jpeg"}],"author":"FC Gueugnon","twitter_card":"summary_large_image","twitter_creator":"@FCGueugnon_off","twitter_site":"@FCGueugnon_off","twitter_misc":{"\u00c9crit par":"FC Gueugnon","Dur\u00e9e de lecture estim\u00e9e":"2 minutes"},"schema":{"@context":"https:\/\/schema.org","@graph":[{"@type":"Article","@id":"https:\/\/www.fcgueugnon.fr\/site\/mercato-2024-welcome-back-antho\/52402#article","isPartOf":{"@id":"https:\/\/www.fcgueugnon.fr\/site\/mercato-2024-welcome-back-antho\/52402"},"author":{"name":"FC Gueugnon","@id":"https:\/\/www.fcgueugnon.fr\/site\/#\/schema\/person\/f6444fbdd35fa731ee974c03508738fb"},"headline":"[Mercato 2024] Welcome back Antho !","datePublished":"2024-10-30T17:55:00+00:00","mainEntityOfPage":{"@id":"https:\/\/www.fcgueugnon.fr\/site\/mercato-2024-welcome-back-antho\/52402"},"wordCount":331,"publisher":{"@id":"https:\/\/www.fcgueugnon.fr\/site\/#organization"},"image":{"@id":"https:\/\/www.fcgueugnon.fr\/site\/mercato-2024-welcome-back-antho\/52402#primaryimage"},"thumbnailUrl":"https:\/\/www.fcgueugnon.fr\/site\/wp-content\/uploads\/2024\/05\/mercato-fc-gueugnon.jpeg","keywords":["effectif","Mercato 2024","Pr\u00e9paration - Entrainement"],"articleSection":["News 2024\/2025"],"inLanguage":"fr-FR"},{"@type":"WebPage","@id":"https:\/\/www.fcgueugnon.fr\/site\/mercato-2024-welcome-back-antho\/52402","url":"https:\/\/www.fcgueugnon.fr\/site\/mercato-2024-welcome-back-antho\/52402","name":"[Mercato 2024] Welcome back Antho ! &#8226; FOOTBALL CLUB GUEUGNON","isPartOf":{"@id":"https:\/\/www.fcgueugnon.fr\/site\/#website"},"primaryImageOfPage":{"@id":"https:\/\/www.fcgueugnon.fr\/site\/mercato-2024-welcome-back-antho\/52402#primaryimage"},"image":{"@id":"https:\/\/www.fcgueugnon.fr\/site\/mercato-2024-welcome-back-antho\/52402#primaryimage"},"thumbnailUrl":"https:\/\/www.fcgueugnon.fr\/site\/wp-content\/uploads\/2024\/05\/mercato-fc-gueugnon.jpeg","datePublished":"2024-10-30T17:55:00+00:00","breadcrumb":{"@id":"https:\/\/www.fcgueugnon.fr\/site\/mercato-2024-welcome-back-antho\/52402#breadcrumb"},"inLanguage":"fr-FR","potentialAction":[{"@type":"ReadAction","target":["https:\/\/www.fcgueugnon.fr\/site\/mercato-2024-welcome-back-antho\/52402"]}]},{"@type":"ImageObject","inLanguage":"fr-FR","@id":"https:\/\/www.fcgueugnon.fr\/site\/mercato-2024-welcome-back-antho\/52402#primaryimage","url":"https:\/\/www.fcgueugnon.fr\/site\/wp-content\/uploads\/2024\/05\/mercato-fc-gueugnon.jpeg","contentUrl":"https:\/\/www.fcgueugnon.fr\/site\/wp-content\/uploads\/2024\/05\/mercato-fc-gueugnon.jpeg","width":1600,"height":900},{"@type":"BreadcrumbList","@id":"https:\/\/www.fcgueugnon.fr\/site\/mercato-2024-welcome-back-antho\/52402#breadcrumb","itemListElement":[{"@type":"ListItem","position":1,"name":"Accueil","item":"https:\/\/www.fcgueugnon.fr\/site\/"},{"@type":"ListItem","position":2,"name":"[Mercato 2024] Welcome back Antho !"}]},{"@type":"WebSite","@id":"https:\/\/www.fcgueugnon.fr\/site\/#website","url":"https:\/\/www.fcgueugnon.fr\/site\/","name":"FOOTBALL CLUB GUEUGNON","description":"Le Site Officiel des Forgerons","publisher":{"@id":"https:\/\/www.fcgueugnon.fr\/site\/#organization"},"potentialAction":[{"@type":"SearchAction","target":{"@type":"EntryPoint","urlTemplate":"https:\/\/www.fcgueugnon.fr\/site\/?s={search_term_string}"},"query-input":{"@type":"PropertyValueSpecification","valueRequired":true,"valueName":"search_term_string"}}],"inLanguage":"fr-FR"},{"@type":"Organization","@id":"https:\/\/www.fcgueugnon.fr\/site\/#organization","name":"FC Gueugnon","url":"https:\/\/www.fcgueugnon.fr\/site\/","logo":{"@type":"ImageObject","inLanguage":"fr-FR","@id":"https:\/\/www.fcgueugnon.fr\/site\/#\/schema\/logo\/image\/","url":"https:\/\/www.fcgueugnon.fr\/site\/wp-content\/uploads\/2022\/07\/cropped-Logo-FCGUEUGNON-low-350x350-1.png","contentUrl":"https:\/\/www.fcgueugnon.fr\/site\/wp-content\/uploads\/2022\/07\/cropped-Logo-FCGUEUGNON-low-350x350-1.png","width":350,"height":350,"caption":"FC Gueugnon"},"image":{"@id":"https:\/\/www.fcgueugnon.fr\/site\/#\/schema\/logo\/image\/"},"sameAs":["http:\/\/facebook.com\/FCGueugnon","https:\/\/x.com\/FCGueugnon_off","https:\/\/www.instagram.com\/fcgueugnon\/","https:\/\/www.linkedin.com\/company\/football-club-de-gueugnon\/","https:\/\/www.youtube.com\/user\/FCGueugnonnais","https:\/\/fr.wikipedia.org\/wiki\/Football_Club_de_Gueugnon"]},{"@type":"Person","@id":"https:\/\/www.fcgueugnon.fr\/site\/#\/schema\/person\/f6444fbdd35fa731ee974c03508738fb","name":"FC Gueugnon","sameAs":["https:\/\/www.fcgueugnon.fr\/site"],"url":"https:\/\/www.fcgueugnon.fr\/site\/author\/admin-antho"}]}},"rttpg_featured_image_url":{"full":["https:\/\/www.fcgueugnon.fr\/site\/wp-content\/uploads\/2024\/05\/mercato-fc-gueugnon.jpeg",1600,900,false],"landscape":["https:\/\/www.fcgueugnon.fr\/site\/wp-content\/uploads\/2024\/05\/mercato-fc-gueugnon.jpeg",1600,900,false],"portraits":["https:\/\/www.fcgueugnon.fr\/site\/wp-content\/uploads\/2024\/05\/mercato-fc-gueugnon.jpeg",1600,900,false],"thumbnail":["https:\/\/www.fcgueugnon.fr\/site\/wp-content\/uploads\/2024\/05\/mercato-fc-gueugnon-150x150.jpeg",150,150,true],"medium":["https:\/\/www.fcgueugnon.fr\/site\/wp-content\/uploads\/2024\/05\/mercato-fc-gueugnon-400x225.jpeg",400,225,true],"large":["https:\/\/www.fcgueugnon.fr\/site\/wp-content\/uploads\/2024\/05\/mercato-fc-gueugnon-1024x576.jpeg",1024,576,true],"1536x1536":["https:\/\/www.fcgueugnon.fr\/site\/wp-content\/uploads\/2024\/05\/mercato-fc-gueugnon-1536x864.jpeg",1536,864,true],"2048x2048":["https:\/\/www.fcgueugnon.fr\/site\/wp-content\/uploads\/2024\/05\/mercato-fc-gueugnon.jpeg",1600,900,false]},"rttpg_author":{"display_name":"FC Gueugnon","author_link":"https:\/\/www.fcgueugnon.fr\/site\/author\/admin-antho"},"rttpg_comment":0,"rttpg_category":"<a href=\"https:\/\/www.fcgueugnon.fr\/site\/category\/news\/news-2024-2025\" rel=\"category tag\">News 2024\/2025<\/a>","rttpg_excerpt":"C&rsquo;est un renfort de choix qu&rsquo;enregistre le FCG avec ce retour d&rsquo;Anthony Lamonge au sein des forgerons. Il avait rejoint le FCG en 2021 avec une solide exp\u00e9rience (relire l&rsquo;article de l&rsquo;\u00e9poque) et avait d\u00e9montr\u00e9 tous ses talents au sein du groupe forgeron ! Actuellement sans club, ce retour d&rsquo;Anthony Lamonge va permettre d&rsquo;apporter de\u2026","_links":{"self":[{"href":"https:\/\/www.fcgueugnon.fr\/site\/wp-json\/wp\/v2\/posts\/52402","targetHints":{"allow":["GET"]}}],"collection":[{"href":"https:\/\/www.fcgueugnon.fr\/site\/wp-json\/wp\/v2\/posts"}],"about":[{"href":"https:\/\/www.fcgueugnon.fr\/site\/wp-json\/wp\/v2\/types\/post"}],"author":[{"embeddable":true,"href":"https:\/\/www.fcgueugnon.fr\/site\/wp-json\/wp\/v2\/users\/1"}],"replies":[{"embeddable":true,"href":"https:\/\/www.fcgueugnon.fr\/site\/wp-json\/wp\/v2\/comments?post=52402"}],"version-history":[{"count":2,"href":"https:\/\/www.fcgueugnon.fr\/site\/wp-json\/wp\/v2\/posts\/52402\/revisions"}],"predecessor-version":[{"id":52406,"href":"https:\/\/www.fcgueugnon.fr\/site\/wp-json\/wp\/v2\/posts\/52402\/revisions\/52406"}],"wp:featuredmedia":[{"embeddable":true,"href":"https:\/\/www.fcgueugnon.fr\/site\/wp-json\/wp\/v2\/media\/10860"}],"wp:attachment":[{"href":"https:\/\/www.fcgueugnon.fr\/site\/wp-json\/wp\/v2\/media?parent=52402"}],"wp:term":[{"taxonomy":"category","embeddable":true,"href":"https:\/\/www.fcgueugnon.fr\/site\/wp-json\/wp\/v2\/categories?post=52402"},{"taxonomy":"post_tag","embeddable":true,"href":"https:\/\/www.fcgueugnon.fr\/site\/wp-json\/wp\/v2\/tags?post=52402"}],"curies":[{"name":"wp","href":"https:\/\/api.w.org\/{rel}","templated":true}]}}