{"id":52392,"date":"2024-11-01T08:55:00","date_gmt":"2024-11-01T07:55:00","guid":{"rendered":"https:\/\/www.fcgueugnon.fr\/site\/?p=52392"},"modified":"2024-11-01T09:54:10","modified_gmt":"2024-11-01T08:54:10","slug":"n3-j07-fc-gueugnon-moulins-yzeure-foot-a-la-recherche-du-temps-perdu","status":"publish","type":"post","link":"https:\/\/www.fcgueugnon.fr\/site\/n3-j07-fc-gueugnon-moulins-yzeure-foot-a-la-recherche-du-temps-perdu\/52392","title":{"rendered":"[N3 J07 : FC Gueugnon \u2013 Moulins-Yzeure Foot] \u00c0 la recherche du temps perdu&#8230;"},"content":{"rendered":"\n<h2 class=\"wp-block-heading\"><strong>Face aux voisins bourbonnais, Gueugnon veut convertir sa dynamique Coupe de France pour enfin ouvrir le compteur \u00e0 domicile&#8230;<\/strong><\/h2>\n\n\n\n<div class=\"wp-block-getwid-image-box getwid-animation has-text-center has-mobile-layout-default has-mobile-alignment-center\" data-animation=\"pulse\"><div class=\"wp-block-getwid-image-box__image-container is-position-top\"><div class=\"wp-block-getwid-image-box__image-wrapper\"><img loading=\"lazy\" decoding=\"async\" width=\"730\" height=\"1024\" src=\"https:\/\/www.fcgueugnon.fr\/site\/wp-content\/uploads\/2024\/10\/AFFICHE-J7-MOULINS-730x1024.jpg\" alt=\"\" class=\"wp-block-getwid-image-box__image wp-image-52399\" srcset=\"https:\/\/www.fcgueugnon.fr\/site\/wp-content\/uploads\/2024\/10\/AFFICHE-J7-MOULINS-730x1024.jpg 730w, https:\/\/www.fcgueugnon.fr\/site\/wp-content\/uploads\/2024\/10\/AFFICHE-J7-MOULINS-285x400.jpg 285w, https:\/\/www.fcgueugnon.fr\/site\/wp-content\/uploads\/2024\/10\/AFFICHE-J7-MOULINS-768x1077.jpg 768w, https:\/\/www.fcgueugnon.fr\/site\/wp-content\/uploads\/2024\/10\/AFFICHE-J7-MOULINS-1095x1536.jpg 1095w, https:\/\/www.fcgueugnon.fr\/site\/wp-content\/uploads\/2024\/10\/AFFICHE-J7-MOULINS-1460x2048.jpg 1460w, https:\/\/www.fcgueugnon.fr\/site\/wp-content\/uploads\/2024\/10\/AFFICHE-J7-MOULINS-1320x1852.jpg 1320w, https:\/\/www.fcgueugnon.fr\/site\/wp-content\/uploads\/2024\/10\/AFFICHE-J7-MOULINS-scaled.jpg 1825w\" sizes=\"auto, (max-width: 730px) 100vw, 730px\" \/><\/div><\/div><div class=\"wp-block-getwid-image-box__content\">\n<h3 class=\"wp-block-heading\"><\/h3>\n\n\n\n<p><\/p>\n<\/div><\/div>\n\n\n\n<div style=\"height:50px\" aria-hidden=\"true\" class=\"wp-block-spacer\"><\/div>\n\n\n\n<div class=\"wp-block-columns is-layout-flex wp-container-core-columns-is-layout-9d6595d7 wp-block-columns-is-layout-flex\">\n<div class=\"wp-block-column is-layout-flow wp-block-column-is-layout-flow\">\n<h3 class=\"wp-block-heading\">\ud83c\udd9a <em><strong>L&rsquo;adversaire <\/strong><\/em>: Moulins-Yzeure Foot 03<\/h3>\n\n\n\n<p>Apr\u00e8s une rel\u00e9gation dig\u00e9r\u00e9e au cours de l\u2019\u00e9t\u00e9 2023 et le grand chamboulement,<strong> l&rsquo;intersaison 2024 a \u00e9t\u00e9 plus calme<\/strong> du c\u00f4t\u00e9 du voisin bourbonnais. Peu de changements au sein du groupe et des d\u00e9parts compens\u00e9s par des recrues majoritairement originaires de la r\u00e9gion. <\/p>\n\n\n\n<p>Toujours sous la houlette du <strong>coach Patrice Degironde<\/strong>, le MYF a aussi d\u00e9marr\u00e9 difficilement son championnat et restait sur une <strong>\u00e9limination au 5eme tour <\/strong>de la Coupe de France chez le FC Espaly (N3) avant de reprendre pied de la meilleure des fa\u00e7ons ! Une <strong>victoire 2-0 \u00e0 domicile contre l&rsquo;US Ivry<\/strong> dont une r\u00e9alisation du nouveau renfort, Benjamin Besic arriv\u00e9 d\u00e9but octobre en attaque ! <\/p>\n\n\n\n<p>Gr\u00e2ce \u00e0 cette seconde victoire, le MYF pointe d\u00e9sormais \u00e0 la 9e place avec 7 points (2V \/ 1N \/ 3D) avant ce court d\u00e9placement o\u00f9 ils voudront encha\u00eener ! <\/p>\n<\/div>\n\n\n\n<div class=\"wp-block-column is-layout-flow wp-block-column-is-layout-flow\">\n<h3 class=\"wp-block-heading\">\ud83d\udfe1\ud83d\udd35 <em><strong>Le FC Gueugnon<\/strong><\/em><\/h3>\n\n\n\n<p><strong>Encha\u00eener et surtout, ouvrir le compteur \u00e0 domicile <\/strong>! Tel est l&rsquo;ambition de nos forgerons&#8230;<\/p>\n\n\n\n<p>Car si les jaunes et bleus peuvent se targuer d&rsquo;une bonne dynamique en Coupe de France, \u00e0 l&rsquo;image de cette <strong>qualification acquise du c\u00f4t\u00e9 de Is-Selongey (R1) <\/strong>dans un sc\u00e9nario fou : menant d\u00e8s la 9e minute sur un penalty, les gueugnonnais r\u00e9duits \u00e0 10 \u00e0 l&rsquo;heure de jeu verront leur gardien Anthony Njock stopper un penalty ! Mais finirent pas \u00eatre rejoint en toute fin de rencontre (88&prime; 1-1)&#8230; et s&rsquo;imposeront finalement aux tirs aux buts (3-5 &#8211; <a href=\"https:\/\/www.fcgueugnon.fr\/site\/cdf-6e-tour-is-selongey-fc-gueugnon-resultat-resume-video-et-reaction\/52380\">Match \u00e0 revivre en vid\u00e9o<\/a>).<\/p>\n\n\n\n<p>Cette dynamique n&rsquo;est h\u00e9las pas la m\u00eame <strong>en championnat o\u00f9 Gueugnon court apr\u00e8s les points&#8230; <\/strong>Mais le capital confiance engrang\u00e9 en Coupe prouve, s&rsquo;il le fallait, que la qualit\u00e9 de l&rsquo;\u00e9quipe est bien pr\u00e9sente ! Place d\u00e9sormais \u00e0 la v\u00e9rit\u00e9 du terrain.<\/p>\n<\/div>\n<\/div>\n\n\n\n<div style=\"height:50px\" aria-hidden=\"true\" class=\"wp-block-spacer\"><\/div>\n\n\n\n<div class=\"wp-block-media-text alignwide has-media-on-the-right is-stacked-on-mobile is-vertically-aligned-center is-style-default\" style=\"grid-template-columns:auto 49%\"><div class=\"wp-block-media-text__content\">\n<h3 class=\"wp-block-heading\">\ud83d\udce3 <em><strong>La d\u00e9cla&rsquo;<\/strong><\/em><\/h3>\n\n\n\n<blockquote class=\"wp-block-quote is-layout-flow wp-block-quote-is-layout-flow\">\n<p><em>\u00ab Avec la pr\u00e9paration, on en est \u00e0 5 matchs perdus \u00e0 domicile ! Et une \u00e9quipe qui perd \u00e0 domicile se met en danger \u00e7a c\u2019est clair. Il nous manque de l\u2019efficacit\u00e9 offensive et d\u00e9fensive malgr\u00e9 le contenu qui est bon dans l&rsquo;ensemble&#8230; <\/em><\/p>\n\n\n\n<p><em>Avant ce match, on reste sur une bonne dynamique\u00a0avec la coupe apporte de la confiance&#8230; <em>\u00bb<\/em><\/em><\/p>\n<cite><strong>Guy CLOPIN (Dirigeant)<\/strong><\/cite><\/blockquote>\n<\/div><figure class=\"wp-block-media-text__media\"><img loading=\"lazy\" decoding=\"async\" width=\"819\" height=\"1024\" src=\"https:\/\/www.fcgueugnon.fr\/site\/wp-content\/uploads\/2024\/10\/Guy-Clopin-FC-Gueugnon-819x1024.png\" alt=\"\" class=\"wp-image-52425 size-full\" srcset=\"https:\/\/www.fcgueugnon.fr\/site\/wp-content\/uploads\/2024\/10\/Guy-Clopin-FC-Gueugnon-819x1024.png 819w, https:\/\/www.fcgueugnon.fr\/site\/wp-content\/uploads\/2024\/10\/Guy-Clopin-FC-Gueugnon-320x400.png 320w, https:\/\/www.fcgueugnon.fr\/site\/wp-content\/uploads\/2024\/10\/Guy-Clopin-FC-Gueugnon-768x960.png 768w, https:\/\/www.fcgueugnon.fr\/site\/wp-content\/uploads\/2024\/10\/Guy-Clopin-FC-Gueugnon-1229x1536.png 1229w, https:\/\/www.fcgueugnon.fr\/site\/wp-content\/uploads\/2024\/10\/Guy-Clopin-FC-Gueugnon-1638x2048.png 1638w, https:\/\/www.fcgueugnon.fr\/site\/wp-content\/uploads\/2024\/10\/Guy-Clopin-FC-Gueugnon-1320x1650.png 1320w, https:\/\/www.fcgueugnon.fr\/site\/wp-content\/uploads\/2024\/10\/Guy-Clopin-FC-Gueugnon.png 2000w\" sizes=\"auto, (max-width: 819px) 100vw, 819px\" \/><\/figure><\/div>\n\n\n\n<div style=\"height:50px\" aria-hidden=\"true\" class=\"wp-block-spacer\"><\/div>\n\n\n\n<p class=\"has-text-align-center is-style-info\"><span style=\"text-decoration: underline;\">Rendez-vous ce samedi 02 Novembre \u00e0 18h00<\/span> pour cette nouvelle journ\u00e9e du championnat !<\/p>\n\n\n\n<div style=\"height:10px\" aria-hidden=\"true\" class=\"wp-block-spacer\"><\/div>\n\n\n\n<hr class=\"wp-block-separator has-text-color has-css-opacity has-background is-style-default\" style=\"background-color:#f7db4a;color:#f7db4a\"\/>\n\n\n\n<div style=\"height:5px\" aria-hidden=\"true\" class=\"wp-block-spacer\"><\/div>\n\n\n\n<h3 class=\"wp-block-heading\">\ud83d\udccd <strong><em>Les infos pratiques<\/em><\/strong><\/h3>\n\n\n\n<h3 class=\"wp-block-heading\">Billetterie<\/h3>\n\n\n\n<div class=\"wp-block-media-text alignwide is-stacked-on-mobile is-vertically-aligned-center is-style-default\" style=\"grid-template-columns:49% auto\"><figure class=\"wp-block-media-text__media\"><img loading=\"lazy\" decoding=\"async\" width=\"1024\" height=\"768\" src=\"https:\/\/www.fcgueugnon.fr\/site\/wp-content\/uploads\/2022\/08\/entree-billetterie-stade-jean-laville-sous-la-tribune-ouest-1024x768.jpg\" alt=\"\" class=\"wp-image-951 size-full\" srcset=\"https:\/\/www.fcgueugnon.fr\/site\/wp-content\/uploads\/2022\/08\/entree-billetterie-stade-jean-laville-sous-la-tribune-ouest-1024x768.jpg 1024w, https:\/\/www.fcgueugnon.fr\/site\/wp-content\/uploads\/2022\/08\/entree-billetterie-stade-jean-laville-sous-la-tribune-ouest-400x300.jpg 400w, https:\/\/www.fcgueugnon.fr\/site\/wp-content\/uploads\/2022\/08\/entree-billetterie-stade-jean-laville-sous-la-tribune-ouest-768x576.jpg 768w, https:\/\/www.fcgueugnon.fr\/site\/wp-content\/uploads\/2022\/08\/entree-billetterie-stade-jean-laville-sous-la-tribune-ouest-1536x1152.jpg 1536w, https:\/\/www.fcgueugnon.fr\/site\/wp-content\/uploads\/2022\/08\/entree-billetterie-stade-jean-laville-sous-la-tribune-ouest-2048x1536.jpg 2048w, https:\/\/www.fcgueugnon.fr\/site\/wp-content\/uploads\/2022\/08\/entree-billetterie-stade-jean-laville-sous-la-tribune-ouest-1320x990.jpg 1320w\" sizes=\"auto, (max-width: 1024px) 100vw, 1024px\" \/><\/figure><div class=\"wp-block-media-text__content\">\n<p><br><em>Rendez-vous sous la<strong> tribune Ouest <\/strong>pour acc\u00e9der au guichet Billetterie puis dans l&rsquo;angle des tribunes Nord et Ouest (c\u00f4t\u00e9 piscine) pour acc\u00e9der au stade.<\/em><\/p>\n<\/div><\/div>\n\n\n\n<div class=\"wp-block-media-text alignwide has-media-on-the-right is-stacked-on-mobile is-vertically-aligned-center is-style-default\" style=\"grid-template-columns:auto 49%\"><div class=\"wp-block-media-text__content\">\n<h3 class=\"wp-block-heading\">Tarifs<\/h3>\n\n\n\n<ul class=\"wp-block-list\">\n<li><strong><span style=\"text-decoration: underline;\">GRATUIT<\/span><\/strong> : licenci\u00e9s FC Gueugnon, -16ans (sur pr\u00e9sentation d\u2019un justificatif ou carte)<\/li>\n\n\n\n<li><strong><span style=\"text-decoration: underline;\">TARIF R\u00c9DUIT<\/span> : 4\u20ac<\/strong> \u2013 \u00c9tudiants, Demandeurs d\u2019emploi (sur pr\u00e9sentation d\u2019un justificatif ou carte)<\/li>\n\n\n\n<li><strong><span style=\"text-decoration: underline;\">PLEIN TARIF<\/span> : 7\u20ac<\/strong><\/li>\n<\/ul>\n\n\n\n<div style=\"height:10px\" aria-hidden=\"true\" class=\"wp-block-spacer\"><\/div>\n<\/div><figure class=\"wp-block-media-text__media\"><img loading=\"lazy\" decoding=\"async\" width=\"1024\" height=\"768\" src=\"https:\/\/www.fcgueugnon.fr\/site\/wp-content\/uploads\/2022\/07\/billetterie-sous-la-tribune-ouest-d-FCGueugnon-a-Jean-Laville-1024x768.jpg\" alt=\"\" class=\"wp-image-63 size-full\" srcset=\"https:\/\/www.fcgueugnon.fr\/site\/wp-content\/uploads\/2022\/07\/billetterie-sous-la-tribune-ouest-d-FCGueugnon-a-Jean-Laville-1024x768.jpg 1024w, https:\/\/www.fcgueugnon.fr\/site\/wp-content\/uploads\/2022\/07\/billetterie-sous-la-tribune-ouest-d-FCGueugnon-a-Jean-Laville-400x300.jpg 400w, https:\/\/www.fcgueugnon.fr\/site\/wp-content\/uploads\/2022\/07\/billetterie-sous-la-tribune-ouest-d-FCGueugnon-a-Jean-Laville-768x576.jpg 768w, https:\/\/www.fcgueugnon.fr\/site\/wp-content\/uploads\/2022\/07\/billetterie-sous-la-tribune-ouest-d-FCGueugnon-a-Jean-Laville-1536x1152.jpg 1536w, https:\/\/www.fcgueugnon.fr\/site\/wp-content\/uploads\/2022\/07\/billetterie-sous-la-tribune-ouest-d-FCGueugnon-a-Jean-Laville-2048x1536.jpg 2048w\" sizes=\"auto, (max-width: 1024px) 100vw, 1024px\" \/><\/figure><\/div>\n\n\n\n<div style=\"height:30px\" aria-hidden=\"true\" class=\"wp-block-spacer\"><\/div>\n\n\n\n<div class=\"wp-block-buttons is-content-justification-center is-layout-flex wp-container-core-buttons-is-layout-16018d1d wp-block-buttons-is-layout-flex\">\n<div class=\"wp-block-button\"><a class=\"wp-block-button__link wp-element-button\" href=\"https:\/\/www.fcgueugnon.fr\/site\/infos-pratiques\">Acc\u00e8s au stade, buvette, PMR&#8230;. Toutes les infos pratiques en un clic !<\/a><\/div>\n<\/div>\n\n\n\n<div style=\"height:10px\" aria-hidden=\"true\" class=\"wp-block-spacer\"><\/div>\n\n\n\n<hr class=\"wp-block-separator has-text-color has-css-opacity has-background is-style-default\" style=\"background-color:#f7db4a;color:#f7db4a\"\/>\n\n\n\n<div style=\"height:5px\" aria-hidden=\"true\" class=\"wp-block-spacer\"><\/div>\n\n\n\n<h3 class=\"wp-block-heading\"><em>\ud83e\udd1d <strong>Partenaire du match<\/strong> <\/em><\/h3>\n\n\n\n<div class=\"wp-block-getwid-image-box getwid-animation has-text-center has-mobile-layout-default has-mobile-alignment-default\" data-animation=\"pulse\"><div class=\"wp-block-getwid-image-box__image-container is-position-top\"><a href=\"https:\/\/www.fcgueugnon.fr\/site\/n3-j07-fc-gueugnon-moulins-yzeure-foot-sas-alexandre-bonnot-partenaire-de-la-rencontre\/52393\" class=\"wp-block-getwid-image-box__image-wrapper\"><img loading=\"lazy\" decoding=\"async\" width=\"1024\" height=\"640\" src=\"https:\/\/www.fcgueugnon.fr\/site\/wp-content\/uploads\/2024\/10\/WhatsApp-Image-2024-10-30-at-23.00.02-1024x640.jpeg\" alt=\"\" class=\"wp-block-getwid-image-box__image wp-image-52422\" srcset=\"https:\/\/www.fcgueugnon.fr\/site\/wp-content\/uploads\/2024\/10\/WhatsApp-Image-2024-10-30-at-23.00.02-1024x640.jpeg 1024w, https:\/\/www.fcgueugnon.fr\/site\/wp-content\/uploads\/2024\/10\/WhatsApp-Image-2024-10-30-at-23.00.02-400x250.jpeg 400w, https:\/\/www.fcgueugnon.fr\/site\/wp-content\/uploads\/2024\/10\/WhatsApp-Image-2024-10-30-at-23.00.02-768x480.jpeg 768w, https:\/\/www.fcgueugnon.fr\/site\/wp-content\/uploads\/2024\/10\/WhatsApp-Image-2024-10-30-at-23.00.02-1536x960.jpeg 1536w, https:\/\/www.fcgueugnon.fr\/site\/wp-content\/uploads\/2024\/10\/WhatsApp-Image-2024-10-30-at-23.00.02-1320x825.jpeg 1320w, https:\/\/www.fcgueugnon.fr\/site\/wp-content\/uploads\/2024\/10\/WhatsApp-Image-2024-10-30-at-23.00.02.jpeg 1600w\" sizes=\"auto, (max-width: 1024px) 100vw, 1024px\" \/><\/a><\/div><div class=\"wp-block-getwid-image-box__content\">\n<h3 class=\"wp-block-heading\"><a href=\"https:\/\/www.fcgueugnon.fr\/site\/n3-j07-fc-gueugnon-moulins-yzeure-foot-sas-alexandre-bonnot-partenaire-de-la-rencontre\/52393\">[N3 J07 : FC Gueugnon \u2013 Moulins-Yzeure Foot] SAS Alexandre Bonnot : partenaire de la rencontre<\/a><\/h3>\n\n\n\n<p><\/p>\n<\/div><\/div>\n\n\n\n<div style=\"height:50px\" aria-hidden=\"true\" class=\"wp-block-spacer\"><\/div>\n\n\n\n<hr class=\"wp-block-separator has-text-color has-css-opacity has-background is-style-default\" style=\"background-color:#f7db4a;color:#f7db4a\"\/>\n\n\n\n<div style=\"height:5px\" aria-hidden=\"true\" class=\"wp-block-spacer\"><\/div>\n\n\n\n<h3 class=\"wp-block-heading\">\u26bd <strong><em>La fiche<\/em><\/strong><\/h3>\n\n\n\n<h4 class=\"wp-block-heading\"><strong>NATIONAL 3 &#8211; J07<\/strong><br>Samedi 02 novembre 2024 &#8211; 18H00<br>FC GUEUGNON \/ MOULINS YZEURE FOOT 03<\/h4>\n\n\n\n<p><strong>TERRAIN<\/strong><br>STADE JEAN LAVILLE<br>RUE ROGER COUDERC<br>71130 &#8211; GUEUGNON<\/p>\n\n\n\n<p><strong>SURFACE DE JEU<\/strong><br>Pelouse naturelle<\/p>\n\n\n\n<p><strong>OFFICIELS<\/strong><br>Arbitre centre : YASSIN AMCHACHTI<br>Arbitre assistant 1 : FLORIAN MATHIEU<br>Arbitre assistant 2 : JEREMY LEBLANC<br>D\u00e9l\u00e9gu\u00e9 principal : DAVID BERQUIER<\/p>\n\n\n\n<div style=\"height:50px\" aria-hidden=\"true\" class=\"wp-block-spacer\"><\/div>\n\n\n\n<h3 class=\"wp-block-heading\"><strong>Groupe<\/strong><\/h3>\n\n\n\nA suivre sur nos r\u00e9seaux sociaux apr\u00e8s le dernier entrainement\n\n\n\n<div style=\"height:50px\" aria-hidden=\"true\" class=\"wp-block-spacer\"><\/div>\n\n\n\n<h3 class=\"wp-block-heading\">\ud83d\uddd3 <strong>La 7e journ\u00e9e de N3<\/strong><\/h3>\n\n\n\n<p>Samedi 02 Novembre 2024<br>18h00 : US Ivry \/ Dijon ASPTT<br>18h00 : SG FC \/ Racing Club de France<br>18h00 : Louhans-Cuiseaux \/ FC Montceau<br>18h00 : St Maur Lusitanos \/ Neuilly sur Marne<br><strong>18h00 : FC Gueugnon \/ Moulins-Yzeure Foot <\/strong><br>18h00 : Dijon FCO B \/ ESTAC B<br>18h00 : AJ Auxerre B \/ US Torcy PVM<\/p>\n\n\n\n<div style=\"height:20px\" aria-hidden=\"true\" class=\"wp-block-spacer\"><\/div>\n\n\n\n<div class=\"wp-block-columns is-not-stacked-on-mobile is-layout-flex wp-container-core-columns-is-layout-9d6595d7 wp-block-columns-is-layout-flex\">\n<div class=\"wp-block-column is-layout-flow wp-block-column-is-layout-flow\">\n<div class=\"wp-block-buttons is-content-justification-right is-layout-flex wp-container-core-buttons-is-layout-765c4724 wp-block-buttons-is-layout-flex\">\n<div class=\"wp-block-button\"><a class=\"wp-block-button__link has-text-align-center wp-element-button\" href=\"https:\/\/www.fcgueugnon.fr\/site\/calendrier-seniors-a-national-3-bourgogne-franche-comte\">Calendrier<\/a><\/div>\n<\/div>\n<\/div>\n\n\n\n<div class=\"wp-block-column is-layout-flow wp-block-column-is-layout-flow\">\n<div class=\"wp-block-buttons is-content-justification-left is-layout-flex wp-container-core-buttons-is-layout-fdcfc74e wp-block-buttons-is-layout-flex\">\n<div class=\"wp-block-button\"><a class=\"wp-block-button__link has-text-align-center wp-element-button\" href=\"https:\/\/www.fcgueugnon.fr\/site\/classement-national-3-bourgogne-franche-comte\">Classement<\/a><\/div>\n<\/div>\n<\/div>\n<\/div>\n\n\n\n<div style=\"height:100px\" aria-hidden=\"true\" class=\"wp-block-spacer\"><\/div>\n","protected":false},"excerpt":{"rendered":"<p>Face aux voisins bourbonnais, Gueugnon veut convertir sa dynamique Coupe de France pour enfin ouvrir le compteur \u00e0 domicile&#8230; \ud83c\udd9a L&rsquo;adversaire : Moulins-Yzeure Foot 03 Apr\u00e8s une rel\u00e9gation dig\u00e9r\u00e9e au cours de l\u2019\u00e9t\u00e9 2023 et le grand chamboulement, l&rsquo;intersaison 2024 a \u00e9t\u00e9 plus calme du c\u00f4t\u00e9 du voisin bourbonnais. Peu de changements au sein du &#8230; <\/p>\n<p class=\"read-more-container\"><a title=\"[N3 J07 : FC Gueugnon \u2013 Moulins-Yzeure Foot] \u00c0 la recherche du temps perdu&#8230;\" class=\"read-more button\" href=\"https:\/\/www.fcgueugnon.fr\/site\/n3-j07-fc-gueugnon-moulins-yzeure-foot-a-la-recherche-du-temps-perdu\/52392#more-52392\" aria-label=\"Plus sur [N3 J07 : FC Gueugnon \u2013 Moulins-Yzeure Foot] \u00c0 la recherche du temps perdu&#8230;\">Lire la suite<\/a><\/p>\n","protected":false},"author":1,"featured_media":52429,"comment_status":"closed","ping_status":"closed","sticky":false,"template":"","format":"standard","meta":{"footnotes":""},"categories":[4,62],"tags":[28],"class_list":["post-52392","post","type-post","status-publish","format-standard","has-post-thumbnail","hentry","category-news","category-news-2024-2025","tag-avant-match","infinite-scroll-item","generate-columns","tablet-grid-50","mobile-grid-100","grid-parent","grid-25","resize-featured-image"],"yoast_head":"<!-- This site is optimized with the Yoast SEO plugin v26.6 - https:\/\/yoast.com\/wordpress\/plugins\/seo\/ -->\n<title>[N3 J07 : FC Gueugnon \u2013 Moulins-Yzeure Foot] \u00c0 la recherche du temps perdu... &#8226; FOOTBALL CLUB GUEUGNON<\/title>\n<meta name=\"robots\" content=\"index, follow, max-snippet:-1, max-image-preview:large, max-video-preview:-1\" \/>\n<link rel=\"canonical\" href=\"https:\/\/www.fcgueugnon.fr\/site\/n3-j07-fc-gueugnon-moulins-yzeure-foot-a-la-recherche-du-temps-perdu\/52392\" \/>\n<meta property=\"og:locale\" content=\"fr_FR\" \/>\n<meta property=\"og:type\" content=\"article\" \/>\n<meta property=\"og:title\" content=\"[N3 J07 : FC Gueugnon \u2013 Moulins-Yzeure Foot] \u00c0 la recherche du temps perdu... &#8226; FOOTBALL CLUB GUEUGNON\" \/>\n<meta property=\"og:description\" content=\"Face aux voisins bourbonnais, Gueugnon veut convertir sa dynamique Coupe de France pour enfin ouvrir le compteur \u00e0 domicile&#8230; \ud83c\udd9a L&rsquo;adversaire : Moulins-Yzeure Foot 03 Apr\u00e8s une rel\u00e9gation dig\u00e9r\u00e9e au cours de l\u2019\u00e9t\u00e9 2023 et le grand chamboulement, l&rsquo;intersaison 2024 a \u00e9t\u00e9 plus calme du c\u00f4t\u00e9 du voisin bourbonnais. Peu de changements au sein du ... Lire la suite\" \/>\n<meta property=\"og:url\" content=\"https:\/\/www.fcgueugnon.fr\/site\/n3-j07-fc-gueugnon-moulins-yzeure-foot-a-la-recherche-du-temps-perdu\/52392\" \/>\n<meta property=\"og:site_name\" content=\"FOOTBALL CLUB GUEUGNON\" \/>\n<meta property=\"article:publisher\" content=\"http:\/\/facebook.com\/FCGueugnon\" \/>\n<meta property=\"article:published_time\" content=\"2024-11-01T07:55:00+00:00\" \/>\n<meta property=\"article:modified_time\" content=\"2024-11-01T08:54:10+00:00\" \/>\n<meta property=\"og:image\" content=\"https:\/\/www.fcgueugnon.fr\/site\/wp-content\/uploads\/2024\/10\/j07-avant-match.png\" \/>\n\t<meta property=\"og:image:width\" content=\"2048\" \/>\n\t<meta property=\"og:image:height\" content=\"1280\" \/>\n\t<meta property=\"og:image:type\" content=\"image\/png\" \/>\n<meta name=\"author\" content=\"FC Gueugnon\" \/>\n<meta name=\"twitter:card\" content=\"summary_large_image\" \/>\n<meta name=\"twitter:creator\" content=\"@FCGueugnon_off\" \/>\n<meta name=\"twitter:site\" content=\"@FCGueugnon_off\" \/>\n<meta name=\"twitter:label1\" content=\"\u00c9crit par\" \/>\n\t<meta name=\"twitter:data1\" content=\"FC Gueugnon\" \/>\n\t<meta name=\"twitter:label2\" content=\"Dur\u00e9e de lecture estim\u00e9e\" \/>\n\t<meta name=\"twitter:data2\" content=\"4 minutes\" \/>\n<script type=\"application\/ld+json\" class=\"yoast-schema-graph\">{\"@context\":\"https:\/\/schema.org\",\"@graph\":[{\"@type\":\"Article\",\"@id\":\"https:\/\/www.fcgueugnon.fr\/site\/n3-j07-fc-gueugnon-moulins-yzeure-foot-a-la-recherche-du-temps-perdu\/52392#article\",\"isPartOf\":{\"@id\":\"https:\/\/www.fcgueugnon.fr\/site\/n3-j07-fc-gueugnon-moulins-yzeure-foot-a-la-recherche-du-temps-perdu\/52392\"},\"author\":{\"name\":\"FC Gueugnon\",\"@id\":\"https:\/\/www.fcgueugnon.fr\/site\/#\/schema\/person\/f6444fbdd35fa731ee974c03508738fb\"},\"headline\":\"[N3 J07 : FC Gueugnon \u2013 Moulins-Yzeure Foot] \u00c0 la recherche du temps perdu&#8230;\",\"datePublished\":\"2024-11-01T07:55:00+00:00\",\"dateModified\":\"2024-11-01T08:54:10+00:00\",\"mainEntityOfPage\":{\"@id\":\"https:\/\/www.fcgueugnon.fr\/site\/n3-j07-fc-gueugnon-moulins-yzeure-foot-a-la-recherche-du-temps-perdu\/52392\"},\"wordCount\":610,\"publisher\":{\"@id\":\"https:\/\/www.fcgueugnon.fr\/site\/#organization\"},\"image\":{\"@id\":\"https:\/\/www.fcgueugnon.fr\/site\/n3-j07-fc-gueugnon-moulins-yzeure-foot-a-la-recherche-du-temps-perdu\/52392#primaryimage\"},\"thumbnailUrl\":\"https:\/\/www.fcgueugnon.fr\/site\/wp-content\/uploads\/2024\/10\/j07-avant-match.png\",\"keywords\":[\"Avant-match\"],\"articleSection\":[\"News\",\"News 2024\/2025\"],\"inLanguage\":\"fr-FR\"},{\"@type\":\"WebPage\",\"@id\":\"https:\/\/www.fcgueugnon.fr\/site\/n3-j07-fc-gueugnon-moulins-yzeure-foot-a-la-recherche-du-temps-perdu\/52392\",\"url\":\"https:\/\/www.fcgueugnon.fr\/site\/n3-j07-fc-gueugnon-moulins-yzeure-foot-a-la-recherche-du-temps-perdu\/52392\",\"name\":\"[N3 J07 : FC Gueugnon \u2013 Moulins-Yzeure Foot] \u00c0 la recherche du temps perdu... &#8226; FOOTBALL CLUB GUEUGNON\",\"isPartOf\":{\"@id\":\"https:\/\/www.fcgueugnon.fr\/site\/#website\"},\"primaryImageOfPage\":{\"@id\":\"https:\/\/www.fcgueugnon.fr\/site\/n3-j07-fc-gueugnon-moulins-yzeure-foot-a-la-recherche-du-temps-perdu\/52392#primaryimage\"},\"image\":{\"@id\":\"https:\/\/www.fcgueugnon.fr\/site\/n3-j07-fc-gueugnon-moulins-yzeure-foot-a-la-recherche-du-temps-perdu\/52392#primaryimage\"},\"thumbnailUrl\":\"https:\/\/www.fcgueugnon.fr\/site\/wp-content\/uploads\/2024\/10\/j07-avant-match.png\",\"datePublished\":\"2024-11-01T07:55:00+00:00\",\"dateModified\":\"2024-11-01T08:54:10+00:00\",\"breadcrumb\":{\"@id\":\"https:\/\/www.fcgueugnon.fr\/site\/n3-j07-fc-gueugnon-moulins-yzeure-foot-a-la-recherche-du-temps-perdu\/52392#breadcrumb\"},\"inLanguage\":\"fr-FR\",\"potentialAction\":[{\"@type\":\"ReadAction\",\"target\":[\"https:\/\/www.fcgueugnon.fr\/site\/n3-j07-fc-gueugnon-moulins-yzeure-foot-a-la-recherche-du-temps-perdu\/52392\"]}]},{\"@type\":\"ImageObject\",\"inLanguage\":\"fr-FR\",\"@id\":\"https:\/\/www.fcgueugnon.fr\/site\/n3-j07-fc-gueugnon-moulins-yzeure-foot-a-la-recherche-du-temps-perdu\/52392#primaryimage\",\"url\":\"https:\/\/www.fcgueugnon.fr\/site\/wp-content\/uploads\/2024\/10\/j07-avant-match.png\",\"contentUrl\":\"https:\/\/www.fcgueugnon.fr\/site\/wp-content\/uploads\/2024\/10\/j07-avant-match.png\",\"width\":2048,\"height\":1280},{\"@type\":\"BreadcrumbList\",\"@id\":\"https:\/\/www.fcgueugnon.fr\/site\/n3-j07-fc-gueugnon-moulins-yzeure-foot-a-la-recherche-du-temps-perdu\/52392#breadcrumb\",\"itemListElement\":[{\"@type\":\"ListItem\",\"position\":1,\"name\":\"Accueil\",\"item\":\"https:\/\/www.fcgueugnon.fr\/site\/\"},{\"@type\":\"ListItem\",\"position\":2,\"name\":\"[N3 J07 : FC Gueugnon \u2013 Moulins-Yzeure Foot] \u00c0 la recherche du temps perdu&#8230;\"}]},{\"@type\":\"WebSite\",\"@id\":\"https:\/\/www.fcgueugnon.fr\/site\/#website\",\"url\":\"https:\/\/www.fcgueugnon.fr\/site\/\",\"name\":\"FOOTBALL CLUB GUEUGNON\",\"description\":\"Le Site Officiel des Forgerons\",\"publisher\":{\"@id\":\"https:\/\/www.fcgueugnon.fr\/site\/#organization\"},\"potentialAction\":[{\"@type\":\"SearchAction\",\"target\":{\"@type\":\"EntryPoint\",\"urlTemplate\":\"https:\/\/www.fcgueugnon.fr\/site\/?s={search_term_string}\"},\"query-input\":{\"@type\":\"PropertyValueSpecification\",\"valueRequired\":true,\"valueName\":\"search_term_string\"}}],\"inLanguage\":\"fr-FR\"},{\"@type\":\"Organization\",\"@id\":\"https:\/\/www.fcgueugnon.fr\/site\/#organization\",\"name\":\"FC Gueugnon\",\"url\":\"https:\/\/www.fcgueugnon.fr\/site\/\",\"logo\":{\"@type\":\"ImageObject\",\"inLanguage\":\"fr-FR\",\"@id\":\"https:\/\/www.fcgueugnon.fr\/site\/#\/schema\/logo\/image\/\",\"url\":\"https:\/\/www.fcgueugnon.fr\/site\/wp-content\/uploads\/2022\/07\/cropped-Logo-FCGUEUGNON-low-350x350-1.png\",\"contentUrl\":\"https:\/\/www.fcgueugnon.fr\/site\/wp-content\/uploads\/2022\/07\/cropped-Logo-FCGUEUGNON-low-350x350-1.png\",\"width\":350,\"height\":350,\"caption\":\"FC Gueugnon\"},\"image\":{\"@id\":\"https:\/\/www.fcgueugnon.fr\/site\/#\/schema\/logo\/image\/\"},\"sameAs\":[\"http:\/\/facebook.com\/FCGueugnon\",\"https:\/\/x.com\/FCGueugnon_off\",\"https:\/\/www.instagram.com\/fcgueugnon\/\",\"https:\/\/www.linkedin.com\/company\/football-club-de-gueugnon\/\",\"https:\/\/www.youtube.com\/user\/FCGueugnonnais\",\"https:\/\/fr.wikipedia.org\/wiki\/Football_Club_de_Gueugnon\"]},{\"@type\":\"Person\",\"@id\":\"https:\/\/www.fcgueugnon.fr\/site\/#\/schema\/person\/f6444fbdd35fa731ee974c03508738fb\",\"name\":\"FC Gueugnon\",\"sameAs\":[\"https:\/\/www.fcgueugnon.fr\/site\"],\"url\":\"https:\/\/www.fcgueugnon.fr\/site\/author\/admin-antho\"}]}<\/script>\n<!-- \/ Yoast SEO plugin. -->","yoast_head_json":{"title":"[N3 J07 : FC Gueugnon \u2013 Moulins-Yzeure Foot] \u00c0 la recherche du temps perdu... &#8226; FOOTBALL CLUB GUEUGNON","robots":{"index":"index","follow":"follow","max-snippet":"max-snippet:-1","max-image-preview":"max-image-preview:large","max-video-preview":"max-video-preview:-1"},"canonical":"https:\/\/www.fcgueugnon.fr\/site\/n3-j07-fc-gueugnon-moulins-yzeure-foot-a-la-recherche-du-temps-perdu\/52392","og_locale":"fr_FR","og_type":"article","og_title":"[N3 J07 : FC Gueugnon \u2013 Moulins-Yzeure Foot] \u00c0 la recherche du temps perdu... &#8226; FOOTBALL CLUB GUEUGNON","og_description":"Face aux voisins bourbonnais, Gueugnon veut convertir sa dynamique Coupe de France pour enfin ouvrir le compteur \u00e0 domicile&#8230; \ud83c\udd9a L&rsquo;adversaire : Moulins-Yzeure Foot 03 Apr\u00e8s une rel\u00e9gation dig\u00e9r\u00e9e au cours de l\u2019\u00e9t\u00e9 2023 et le grand chamboulement, l&rsquo;intersaison 2024 a \u00e9t\u00e9 plus calme du c\u00f4t\u00e9 du voisin bourbonnais. Peu de changements au sein du ... Lire la suite","og_url":"https:\/\/www.fcgueugnon.fr\/site\/n3-j07-fc-gueugnon-moulins-yzeure-foot-a-la-recherche-du-temps-perdu\/52392","og_site_name":"FOOTBALL CLUB GUEUGNON","article_publisher":"http:\/\/facebook.com\/FCGueugnon","article_published_time":"2024-11-01T07:55:00+00:00","article_modified_time":"2024-11-01T08:54:10+00:00","og_image":[{"width":2048,"height":1280,"url":"https:\/\/www.fcgueugnon.fr\/site\/wp-content\/uploads\/2024\/10\/j07-avant-match.png","type":"image\/png"}],"author":"FC Gueugnon","twitter_card":"summary_large_image","twitter_creator":"@FCGueugnon_off","twitter_site":"@FCGueugnon_off","twitter_misc":{"\u00c9crit par":"FC Gueugnon","Dur\u00e9e de lecture estim\u00e9e":"4 minutes"},"schema":{"@context":"https:\/\/schema.org","@graph":[{"@type":"Article","@id":"https:\/\/www.fcgueugnon.fr\/site\/n3-j07-fc-gueugnon-moulins-yzeure-foot-a-la-recherche-du-temps-perdu\/52392#article","isPartOf":{"@id":"https:\/\/www.fcgueugnon.fr\/site\/n3-j07-fc-gueugnon-moulins-yzeure-foot-a-la-recherche-du-temps-perdu\/52392"},"author":{"name":"FC Gueugnon","@id":"https:\/\/www.fcgueugnon.fr\/site\/#\/schema\/person\/f6444fbdd35fa731ee974c03508738fb"},"headline":"[N3 J07 : FC Gueugnon \u2013 Moulins-Yzeure Foot] \u00c0 la recherche du temps perdu&#8230;","datePublished":"2024-11-01T07:55:00+00:00","dateModified":"2024-11-01T08:54:10+00:00","mainEntityOfPage":{"@id":"https:\/\/www.fcgueugnon.fr\/site\/n3-j07-fc-gueugnon-moulins-yzeure-foot-a-la-recherche-du-temps-perdu\/52392"},"wordCount":610,"publisher":{"@id":"https:\/\/www.fcgueugnon.fr\/site\/#organization"},"image":{"@id":"https:\/\/www.fcgueugnon.fr\/site\/n3-j07-fc-gueugnon-moulins-yzeure-foot-a-la-recherche-du-temps-perdu\/52392#primaryimage"},"thumbnailUrl":"https:\/\/www.fcgueugnon.fr\/site\/wp-content\/uploads\/2024\/10\/j07-avant-match.png","keywords":["Avant-match"],"articleSection":["News","News 2024\/2025"],"inLanguage":"fr-FR"},{"@type":"WebPage","@id":"https:\/\/www.fcgueugnon.fr\/site\/n3-j07-fc-gueugnon-moulins-yzeure-foot-a-la-recherche-du-temps-perdu\/52392","url":"https:\/\/www.fcgueugnon.fr\/site\/n3-j07-fc-gueugnon-moulins-yzeure-foot-a-la-recherche-du-temps-perdu\/52392","name":"[N3 J07 : FC Gueugnon \u2013 Moulins-Yzeure Foot] \u00c0 la recherche du temps perdu... &#8226; FOOTBALL CLUB GUEUGNON","isPartOf":{"@id":"https:\/\/www.fcgueugnon.fr\/site\/#website"},"primaryImageOfPage":{"@id":"https:\/\/www.fcgueugnon.fr\/site\/n3-j07-fc-gueugnon-moulins-yzeure-foot-a-la-recherche-du-temps-perdu\/52392#primaryimage"},"image":{"@id":"https:\/\/www.fcgueugnon.fr\/site\/n3-j07-fc-gueugnon-moulins-yzeure-foot-a-la-recherche-du-temps-perdu\/52392#primaryimage"},"thumbnailUrl":"https:\/\/www.fcgueugnon.fr\/site\/wp-content\/uploads\/2024\/10\/j07-avant-match.png","datePublished":"2024-11-01T07:55:00+00:00","dateModified":"2024-11-01T08:54:10+00:00","breadcrumb":{"@id":"https:\/\/www.fcgueugnon.fr\/site\/n3-j07-fc-gueugnon-moulins-yzeure-foot-a-la-recherche-du-temps-perdu\/52392#breadcrumb"},"inLanguage":"fr-FR","potentialAction":[{"@type":"ReadAction","target":["https:\/\/www.fcgueugnon.fr\/site\/n3-j07-fc-gueugnon-moulins-yzeure-foot-a-la-recherche-du-temps-perdu\/52392"]}]},{"@type":"ImageObject","inLanguage":"fr-FR","@id":"https:\/\/www.fcgueugnon.fr\/site\/n3-j07-fc-gueugnon-moulins-yzeure-foot-a-la-recherche-du-temps-perdu\/52392#primaryimage","url":"https:\/\/www.fcgueugnon.fr\/site\/wp-content\/uploads\/2024\/10\/j07-avant-match.png","contentUrl":"https:\/\/www.fcgueugnon.fr\/site\/wp-content\/uploads\/2024\/10\/j07-avant-match.png","width":2048,"height":1280},{"@type":"BreadcrumbList","@id":"https:\/\/www.fcgueugnon.fr\/site\/n3-j07-fc-gueugnon-moulins-yzeure-foot-a-la-recherche-du-temps-perdu\/52392#breadcrumb","itemListElement":[{"@type":"ListItem","position":1,"name":"Accueil","item":"https:\/\/www.fcgueugnon.fr\/site\/"},{"@type":"ListItem","position":2,"name":"[N3 J07 : FC Gueugnon \u2013 Moulins-Yzeure Foot] \u00c0 la recherche du temps perdu&#8230;"}]},{"@type":"WebSite","@id":"https:\/\/www.fcgueugnon.fr\/site\/#website","url":"https:\/\/www.fcgueugnon.fr\/site\/","name":"FOOTBALL CLUB GUEUGNON","description":"Le Site Officiel des Forgerons","publisher":{"@id":"https:\/\/www.fcgueugnon.fr\/site\/#organization"},"potentialAction":[{"@type":"SearchAction","target":{"@type":"EntryPoint","urlTemplate":"https:\/\/www.fcgueugnon.fr\/site\/?s={search_term_string}"},"query-input":{"@type":"PropertyValueSpecification","valueRequired":true,"valueName":"search_term_string"}}],"inLanguage":"fr-FR"},{"@type":"Organization","@id":"https:\/\/www.fcgueugnon.fr\/site\/#organization","name":"FC Gueugnon","url":"https:\/\/www.fcgueugnon.fr\/site\/","logo":{"@type":"ImageObject","inLanguage":"fr-FR","@id":"https:\/\/www.fcgueugnon.fr\/site\/#\/schema\/logo\/image\/","url":"https:\/\/www.fcgueugnon.fr\/site\/wp-content\/uploads\/2022\/07\/cropped-Logo-FCGUEUGNON-low-350x350-1.png","contentUrl":"https:\/\/www.fcgueugnon.fr\/site\/wp-content\/uploads\/2022\/07\/cropped-Logo-FCGUEUGNON-low-350x350-1.png","width":350,"height":350,"caption":"FC Gueugnon"},"image":{"@id":"https:\/\/www.fcgueugnon.fr\/site\/#\/schema\/logo\/image\/"},"sameAs":["http:\/\/facebook.com\/FCGueugnon","https:\/\/x.com\/FCGueugnon_off","https:\/\/www.instagram.com\/fcgueugnon\/","https:\/\/www.linkedin.com\/company\/football-club-de-gueugnon\/","https:\/\/www.youtube.com\/user\/FCGueugnonnais","https:\/\/fr.wikipedia.org\/wiki\/Football_Club_de_Gueugnon"]},{"@type":"Person","@id":"https:\/\/www.fcgueugnon.fr\/site\/#\/schema\/person\/f6444fbdd35fa731ee974c03508738fb","name":"FC Gueugnon","sameAs":["https:\/\/www.fcgueugnon.fr\/site"],"url":"https:\/\/www.fcgueugnon.fr\/site\/author\/admin-antho"}]}},"rttpg_featured_image_url":{"full":["https:\/\/www.fcgueugnon.fr\/site\/wp-content\/uploads\/2024\/10\/j07-avant-match.png",2048,1280,false],"landscape":["https:\/\/www.fcgueugnon.fr\/site\/wp-content\/uploads\/2024\/10\/j07-avant-match.png",2048,1280,false],"portraits":["https:\/\/www.fcgueugnon.fr\/site\/wp-content\/uploads\/2024\/10\/j07-avant-match.png",2048,1280,false],"thumbnail":["https:\/\/www.fcgueugnon.fr\/site\/wp-content\/uploads\/2024\/10\/j07-avant-match-150x150.png",150,150,true],"medium":["https:\/\/www.fcgueugnon.fr\/site\/wp-content\/uploads\/2024\/10\/j07-avant-match-400x250.png",400,250,true],"large":["https:\/\/www.fcgueugnon.fr\/site\/wp-content\/uploads\/2024\/10\/j07-avant-match-1024x640.png",1024,640,true],"1536x1536":["https:\/\/www.fcgueugnon.fr\/site\/wp-content\/uploads\/2024\/10\/j07-avant-match-1536x960.png",1536,960,true],"2048x2048":["https:\/\/www.fcgueugnon.fr\/site\/wp-content\/uploads\/2024\/10\/j07-avant-match.png",2048,1280,false]},"rttpg_author":{"display_name":"FC Gueugnon","author_link":"https:\/\/www.fcgueugnon.fr\/site\/author\/admin-antho"},"rttpg_comment":0,"rttpg_category":"<a href=\"https:\/\/www.fcgueugnon.fr\/site\/category\/news\" rel=\"category tag\">News<\/a> <a href=\"https:\/\/www.fcgueugnon.fr\/site\/category\/news\/news-2024-2025\" rel=\"category tag\">News 2024\/2025<\/a>","rttpg_excerpt":"Face aux voisins bourbonnais, Gueugnon veut convertir sa dynamique Coupe de France pour enfin ouvrir le compteur \u00e0 domicile&#8230; \ud83c\udd9a L&rsquo;adversaire : Moulins-Yzeure Foot 03 Apr\u00e8s une rel\u00e9gation dig\u00e9r\u00e9e au cours de l\u2019\u00e9t\u00e9 2023 et le grand chamboulement, l&rsquo;intersaison 2024 a \u00e9t\u00e9 plus calme du c\u00f4t\u00e9 du voisin bourbonnais. Peu de changements au sein du\u2026","_links":{"self":[{"href":"https:\/\/www.fcgueugnon.fr\/site\/wp-json\/wp\/v2\/posts\/52392","targetHints":{"allow":["GET"]}}],"collection":[{"href":"https:\/\/www.fcgueugnon.fr\/site\/wp-json\/wp\/v2\/posts"}],"about":[{"href":"https:\/\/www.fcgueugnon.fr\/site\/wp-json\/wp\/v2\/types\/post"}],"author":[{"embeddable":true,"href":"https:\/\/www.fcgueugnon.fr\/site\/wp-json\/wp\/v2\/users\/1"}],"replies":[{"embeddable":true,"href":"https:\/\/www.fcgueugnon.fr\/site\/wp-json\/wp\/v2\/comments?post=52392"}],"version-history":[{"count":4,"href":"https:\/\/www.fcgueugnon.fr\/site\/wp-json\/wp\/v2\/posts\/52392\/revisions"}],"predecessor-version":[{"id":52442,"href":"https:\/\/www.fcgueugnon.fr\/site\/wp-json\/wp\/v2\/posts\/52392\/revisions\/52442"}],"wp:featuredmedia":[{"embeddable":true,"href":"https:\/\/www.fcgueugnon.fr\/site\/wp-json\/wp\/v2\/media\/52429"}],"wp:attachment":[{"href":"https:\/\/www.fcgueugnon.fr\/site\/wp-json\/wp\/v2\/media?parent=52392"}],"wp:term":[{"taxonomy":"category","embeddable":true,"href":"https:\/\/www.fcgueugnon.fr\/site\/wp-json\/wp\/v2\/categories?post=52392"},{"taxonomy":"post_tag","embeddable":true,"href":"https:\/\/www.fcgueugnon.fr\/site\/wp-json\/wp\/v2\/tags?post=52392"}],"curies":[{"name":"wp","href":"https:\/\/api.w.org\/{rel}","templated":true}]}}