{"id":52391,"date":"2024-11-02T18:00:00","date_gmt":"2024-11-02T17:00:00","guid":{"rendered":"https:\/\/www.fcgueugnon.fr\/site\/?p=52391"},"modified":"2024-10-30T23:51:55","modified_gmt":"2024-10-30T22:51:55","slug":"interview-forgeron-mag-4-avec-hugo-dos-santos","status":"publish","type":"post","link":"https:\/\/www.fcgueugnon.fr\/site\/interview-forgeron-mag-4-avec-hugo-dos-santos\/52391","title":{"rendered":"[Interview] Forgeron Mag #4 avec Hugo DOS SANTOS"},"content":{"rendered":"\n<h3 class=\"wp-block-heading\">D\u00e9couvrez en int\u00e9gralit\u00e9 l&rsquo;interview de Hugo DOS SANTOS diffus\u00e9e dans le forgeron mag de cette quatri\u00e8me journ\u00e9e face \u00e0 Moulins-Yzeure<\/h3>\n\n\n\n<div style=\"height:75px\" aria-hidden=\"true\" class=\"wp-block-spacer\"><\/div>\n\n\n\n<figure class=\"wp-block-gallery aligncenter has-nested-images columns-default is-cropped wp-block-gallery-1 is-layout-flex wp-block-gallery-is-layout-flex\">\n<figure class=\"wp-block-image size-full\"><img loading=\"lazy\" decoding=\"async\" width=\"1600\" height=\"1066\" data-id=\"52437\" src=\"https:\/\/www.fcgueugnon.fr\/site\/wp-content\/uploads\/2024\/10\/WhatsApp-Image-2024-10-30-at-23.49.57.jpeg\" alt=\"\" class=\"wp-image-52437\" srcset=\"https:\/\/www.fcgueugnon.fr\/site\/wp-content\/uploads\/2024\/10\/WhatsApp-Image-2024-10-30-at-23.49.57.jpeg 1600w, https:\/\/www.fcgueugnon.fr\/site\/wp-content\/uploads\/2024\/10\/WhatsApp-Image-2024-10-30-at-23.49.57-400x267.jpeg 400w, https:\/\/www.fcgueugnon.fr\/site\/wp-content\/uploads\/2024\/10\/WhatsApp-Image-2024-10-30-at-23.49.57-1024x682.jpeg 1024w, https:\/\/www.fcgueugnon.fr\/site\/wp-content\/uploads\/2024\/10\/WhatsApp-Image-2024-10-30-at-23.49.57-768x512.jpeg 768w, https:\/\/www.fcgueugnon.fr\/site\/wp-content\/uploads\/2024\/10\/WhatsApp-Image-2024-10-30-at-23.49.57-1536x1023.jpeg 1536w, https:\/\/www.fcgueugnon.fr\/site\/wp-content\/uploads\/2024\/10\/WhatsApp-Image-2024-10-30-at-23.49.57-1320x879.jpeg 1320w\" sizes=\"auto, (max-width: 1600px) 100vw, 1600px\" \/><\/figure>\n<\/figure>\n\n\n\n<div style=\"height:75px\" aria-hidden=\"true\" class=\"wp-block-spacer\"><\/div>\n\n\n\n<p><strong>Forgeron Mag&rsquo; : Peux-tu te pr\u00e9senter \u00e0 nous ?<\/strong><br>Hugo DOS SANTOS : <strong>\u00ab <\/strong>Bonjour, je m\u2019appelle Hugo DOS SANTOS ROCHA, j\u2019ai 23 ans et je viens de C\u00f4te d\u2019Or et plus pr\u00e9cis\u00e9ment de Dijon. J\u2019ai baign\u00e9 dans le foot depuis tout petit car la plupart de ma famille y a jou\u00e9 : de mon grand p\u00e8re \u00e0 mon grand fr\u00e8re&#8230; Je suis naturellement tomb\u00e9 amoureux de ce sport.<br>J\u2019ai commenc\u00e9 \u00e0 5 ans dans le club de mon village \u00e0 Sennecey-les-Dijons puis, \u00e0 10 ans je suis all\u00e9 \u00e0 l\u2019ASPTT Dijon o\u00f9 j\u2019y ai pass\u00e9 9 saisons jusqu\u2019au U19 Nationaux. Durant cette p\u00e9riode, j\u2019ai pu c\u00f4toyer les plus hauts niveaux r\u00e9gionaux et nationaux (U17 et U19 Nat).<br>Enfin, pour ma premi\u00e8re ann\u00e9e en s\u00e9nior, j\u2019ai pris la direction de Is-Selongey en National 3 o\u00f9 j\u2019y ai pass\u00e9 5 saisons. J\u2019ai notamment \u00e9t\u00e9 le capitaine de Selongey lors de mes deux derni\u00e8res saisons et j\u2019ai eu la chance de terminer meilleur buteur l&rsquo;ann\u00e9e derni\u00e8re malgr\u00e9 notre rel\u00e9gation.<br>D\u00e9sormais, me voici au FC Gueugnon. \u00bb<\/p>\n\n\n\n<p><strong><strong>Quels sont tes meilleurs souvenirs de footballeur ?<\/strong><\/strong><br>\u00ab La saison en U19 Nat avec l\u2019ASPTT Dijon o\u00f9 l\u2019on a termin\u00e9 4eme et meilleur club amateur de France alors que nous \u00e9tions entour\u00e9s de nombreux clubs professionnels ! On avait vraiment une super \u00e9quipe, que ce en terme de qualit\u00e9 mais aussi comme bande de potes&#8230; On a vraiment pass\u00e9 une saison de r\u00eave.<br>Il y a 2 ans aussi avec Selongey : nous avions termin\u00e9 4eme avec un groupe incroyable, de supers joueurs mais aussi et de supers mecs.\u202f \u00bb<\/p>\n\n\n\n<figure class=\"wp-block-pullquote\"><blockquote><p>\u00ab Quand tu joues au stade Jean Laville, tu sens le pass\u00e9 et l\u2019histoire de ce club&#8230; \u00bb<\/p><\/blockquote><\/figure>\n\n\n\n<p><strong><strong>Quel est ton poste pr\u00e9f\u00e9r\u00e9 ?<\/strong><\/strong><br>\u00ab Mon poste pr\u00e9f\u00e9r\u00e9 est num\u00e9ro 10 milieu offensif mais je suis capable d\u2019\u00e9voluer excentr\u00e9 gauche, ou relayeur.\u202f\u00bb<\/p>\n\n\n\n<p><strong><strong>Et ton style de jeu ?<\/strong><\/strong><br>\u00ab Je pense \u00eatre un joueur avec une bonne qualit\u00e9 technique, qui aime bien faire jouer ses partenaires et combiner. \u00bb<\/p>\n\n\n\n<p><strong><strong>Qu&rsquo;est ce qui t&rsquo;a amen\u00e9 \u00e0 rejoindre le FCG ?<\/strong><\/strong><br>\u00ab J\u2019\u00e9tais en contact depuis quelques saisons avec le FCG&#8230; A la fin de la saison quand Richard (ndlr: TRIVINO) m\u2019a contact\u00e9, cela \u00e9tait \u00e9vident.<br>Le feeling est bien pass\u00e9, que ce soit avec Richard ou l\u2019ensemble du staff.<br>De plus, le FCG est un club historique ! <br>\u00c7a faisait quelques ann\u00e9es que je l\u2019affrontais avec Selongey mais quand tu joues au stade Jean Laville, tu sens le pass\u00e9 et l\u2019histoire de ce club&#8230; \u00bb<\/p>\n\n\n\n<figure class=\"wp-block-pullquote\"><blockquote><p>\u00ab Le groupe m\u2019a super bien accueilli et je les en remercie.\u202f \u00bb<\/p><\/blockquote><\/figure>\n\n\n\n<p><strong><strong>Comment se passe ton int\u00e9gration ?<\/strong><\/strong><br>\u00ab J\u2019avais d\u00e9j\u00e0 jou\u00e9 avec quelques joueurs comme Vivian, Erwin Fraty ou encore Raymond. Et puis, les diverses confrontations avec le FCG ont fait que je commen\u00e7ais \u00e0 bien conna\u00eetre les joueurs. Le groupe m\u2019a super bien accueilli et je les en remercie.\u202f<br>Quand \u00e0 la vie locale, la premi\u00e8re semaine \u00e9tait un peu compliqu\u00e9e car c\u2019\u00e9tait la premi\u00e8re fois que je quittais Dijon ! Mais je m\u2019y suis fait et tout se passe tr\u00e8s bien. \u00bb<\/p>\n\n\n\n<p><strong><strong><strong>Un dernier mot \u00e0 rajouter ?<\/strong><\/strong><\/strong><br>\u00ab Merci aux supporters ! Je sais que vous \u00eates l\u00e0 pour nous encourager et nous accompagner et on fera tout pour vous rendre ce vous nous donnez&#8230;<br>Allez Gueugnon !\u202f \u00bb<\/p>\n\n\n\n<div style=\"height:100px\" aria-hidden=\"true\" class=\"wp-block-spacer\"><\/div>\n\n\n\n<hr class=\"wp-block-separator has-alpha-channel-opacity\"\/>\n\n\n\n<h3 class=\"wp-block-heading\">Retrouvez le Forgeron Mag #4 en int\u00e9gralit\u00e9<\/h3>\n\n\n\n<div class=\"wp-block-pdf-viewer-block-standard\" style=\"text-align:left\"><div class=\"uploaded-pdf\"><a href=\"https:\/\/www.fcgueugnon.fr\/site\/wp-content\/uploads\/2024\/10\/Forgeron-Mag-J07.pdf\" data-width=\"\" data-height=\"\"><\/a><\/div><\/div>\n\n\n\n<div class=\"wp-block-buttons is-content-justification-center is-layout-flex wp-container-core-buttons-is-layout-16018d1d wp-block-buttons-is-layout-flex\">\n<div class=\"wp-block-button alignright is-style-circular\"><a class=\"wp-block-button__link has-text-align-center wp-element-button\" href=\"https:\/\/www.fcgueugnon.fr\/site\/wp-content\/uploads\/2024\/10\/Forgeron-Mag-J07.pdf\" target=\"_blank\" rel=\"noreferrer noopener\">T\u00e9l\u00e9charger<\/a><\/div>\n<\/div>\n\n\n\n<p><\/p>\n","protected":false},"excerpt":{"rendered":"<p>D\u00e9couvrez en int\u00e9gralit\u00e9 l&rsquo;interview de Hugo DOS SANTOS diffus\u00e9e dans le forgeron mag de cette quatri\u00e8me journ\u00e9e face \u00e0 Moulins-Yzeure Forgeron Mag&rsquo; : Peux-tu te pr\u00e9senter \u00e0 nous ?Hugo DOS SANTOS : \u00ab Bonjour, je m\u2019appelle Hugo DOS SANTOS ROCHA, j\u2019ai 23 ans et je viens de C\u00f4te d\u2019Or et plus pr\u00e9cis\u00e9ment de Dijon. J\u2019ai &#8230; <\/p>\n<p class=\"read-more-container\"><a title=\"[Interview] Forgeron Mag #4 avec Hugo DOS SANTOS\" class=\"read-more button\" href=\"https:\/\/www.fcgueugnon.fr\/site\/interview-forgeron-mag-4-avec-hugo-dos-santos\/52391#more-52391\" aria-label=\"Plus sur [Interview] Forgeron Mag #4 avec Hugo DOS SANTOS\">Lire la suite<\/a><\/p>\n","protected":false},"author":1,"featured_media":52437,"comment_status":"closed","ping_status":"closed","sticky":false,"template":"","format":"standard","meta":{"footnotes":""},"categories":[4,62],"tags":[24,11],"class_list":["post-52391","post","type-post","status-publish","format-standard","has-post-thumbnail","hentry","category-news","category-news-2024-2025","tag-forgeron-mag","tag-interview","infinite-scroll-item","generate-columns","tablet-grid-50","mobile-grid-100","grid-parent","grid-25"],"yoast_head":"<!-- This site is optimized with the Yoast SEO plugin v26.6 - https:\/\/yoast.com\/wordpress\/plugins\/seo\/ -->\n<title>[Interview] Forgeron Mag #4 avec Hugo DOS SANTOS &#8226; FOOTBALL CLUB GUEUGNON<\/title>\n<meta name=\"robots\" content=\"index, follow, max-snippet:-1, max-image-preview:large, max-video-preview:-1\" \/>\n<link rel=\"canonical\" href=\"https:\/\/www.fcgueugnon.fr\/site\/interview-forgeron-mag-4-avec-hugo-dos-santos\/52391\" \/>\n<meta property=\"og:locale\" content=\"fr_FR\" \/>\n<meta property=\"og:type\" content=\"article\" \/>\n<meta property=\"og:title\" content=\"[Interview] Forgeron Mag #4 avec Hugo DOS SANTOS &#8226; FOOTBALL CLUB GUEUGNON\" \/>\n<meta property=\"og:description\" content=\"D\u00e9couvrez en int\u00e9gralit\u00e9 l&rsquo;interview de Hugo DOS SANTOS diffus\u00e9e dans le forgeron mag de cette quatri\u00e8me journ\u00e9e face \u00e0 Moulins-Yzeure Forgeron Mag&rsquo; : Peux-tu te pr\u00e9senter \u00e0 nous ?Hugo DOS SANTOS : \u00ab Bonjour, je m\u2019appelle Hugo DOS SANTOS ROCHA, j\u2019ai 23 ans et je viens de C\u00f4te d\u2019Or et plus pr\u00e9cis\u00e9ment de Dijon. J\u2019ai ... Lire la suite\" \/>\n<meta property=\"og:url\" content=\"https:\/\/www.fcgueugnon.fr\/site\/interview-forgeron-mag-4-avec-hugo-dos-santos\/52391\" \/>\n<meta property=\"og:site_name\" content=\"FOOTBALL CLUB GUEUGNON\" \/>\n<meta property=\"article:publisher\" content=\"http:\/\/facebook.com\/FCGueugnon\" \/>\n<meta property=\"article:published_time\" content=\"2024-11-02T17:00:00+00:00\" \/>\n<meta property=\"og:image\" content=\"https:\/\/www.fcgueugnon.fr\/site\/wp-content\/uploads\/2024\/10\/WhatsApp-Image-2024-10-30-at-23.49.57.jpeg\" \/>\n\t<meta property=\"og:image:width\" content=\"1600\" \/>\n\t<meta property=\"og:image:height\" content=\"1066\" \/>\n\t<meta property=\"og:image:type\" content=\"image\/jpeg\" \/>\n<meta name=\"author\" content=\"FC Gueugnon\" \/>\n<meta name=\"twitter:card\" content=\"summary_large_image\" \/>\n<meta name=\"twitter:creator\" content=\"@FCGueugnon_off\" \/>\n<meta name=\"twitter:site\" content=\"@FCGueugnon_off\" \/>\n<meta name=\"twitter:label1\" content=\"\u00c9crit par\" \/>\n\t<meta name=\"twitter:data1\" content=\"FC Gueugnon\" \/>\n\t<meta name=\"twitter:label2\" content=\"Dur\u00e9e de lecture estim\u00e9e\" \/>\n\t<meta name=\"twitter:data2\" content=\"4 minutes\" \/>\n<script type=\"application\/ld+json\" class=\"yoast-schema-graph\">{\"@context\":\"https:\/\/schema.org\",\"@graph\":[{\"@type\":\"Article\",\"@id\":\"https:\/\/www.fcgueugnon.fr\/site\/interview-forgeron-mag-4-avec-hugo-dos-santos\/52391#article\",\"isPartOf\":{\"@id\":\"https:\/\/www.fcgueugnon.fr\/site\/interview-forgeron-mag-4-avec-hugo-dos-santos\/52391\"},\"author\":{\"name\":\"FC Gueugnon\",\"@id\":\"https:\/\/www.fcgueugnon.fr\/site\/#\/schema\/person\/f6444fbdd35fa731ee974c03508738fb\"},\"headline\":\"[Interview] Forgeron Mag #4 avec Hugo DOS SANTOS\",\"datePublished\":\"2024-11-02T17:00:00+00:00\",\"mainEntityOfPage\":{\"@id\":\"https:\/\/www.fcgueugnon.fr\/site\/interview-forgeron-mag-4-avec-hugo-dos-santos\/52391\"},\"wordCount\":607,\"publisher\":{\"@id\":\"https:\/\/www.fcgueugnon.fr\/site\/#organization\"},\"image\":{\"@id\":\"https:\/\/www.fcgueugnon.fr\/site\/interview-forgeron-mag-4-avec-hugo-dos-santos\/52391#primaryimage\"},\"thumbnailUrl\":\"https:\/\/www.fcgueugnon.fr\/site\/wp-content\/uploads\/2024\/10\/WhatsApp-Image-2024-10-30-at-23.49.57.jpeg\",\"keywords\":[\"Forgeron Mag\",\"Interview\"],\"articleSection\":[\"News\",\"News 2024\/2025\"],\"inLanguage\":\"fr-FR\"},{\"@type\":\"WebPage\",\"@id\":\"https:\/\/www.fcgueugnon.fr\/site\/interview-forgeron-mag-4-avec-hugo-dos-santos\/52391\",\"url\":\"https:\/\/www.fcgueugnon.fr\/site\/interview-forgeron-mag-4-avec-hugo-dos-santos\/52391\",\"name\":\"[Interview] Forgeron Mag #4 avec Hugo DOS SANTOS &#8226; FOOTBALL CLUB GUEUGNON\",\"isPartOf\":{\"@id\":\"https:\/\/www.fcgueugnon.fr\/site\/#website\"},\"primaryImageOfPage\":{\"@id\":\"https:\/\/www.fcgueugnon.fr\/site\/interview-forgeron-mag-4-avec-hugo-dos-santos\/52391#primaryimage\"},\"image\":{\"@id\":\"https:\/\/www.fcgueugnon.fr\/site\/interview-forgeron-mag-4-avec-hugo-dos-santos\/52391#primaryimage\"},\"thumbnailUrl\":\"https:\/\/www.fcgueugnon.fr\/site\/wp-content\/uploads\/2024\/10\/WhatsApp-Image-2024-10-30-at-23.49.57.jpeg\",\"datePublished\":\"2024-11-02T17:00:00+00:00\",\"breadcrumb\":{\"@id\":\"https:\/\/www.fcgueugnon.fr\/site\/interview-forgeron-mag-4-avec-hugo-dos-santos\/52391#breadcrumb\"},\"inLanguage\":\"fr-FR\",\"potentialAction\":[{\"@type\":\"ReadAction\",\"target\":[\"https:\/\/www.fcgueugnon.fr\/site\/interview-forgeron-mag-4-avec-hugo-dos-santos\/52391\"]}]},{\"@type\":\"ImageObject\",\"inLanguage\":\"fr-FR\",\"@id\":\"https:\/\/www.fcgueugnon.fr\/site\/interview-forgeron-mag-4-avec-hugo-dos-santos\/52391#primaryimage\",\"url\":\"https:\/\/www.fcgueugnon.fr\/site\/wp-content\/uploads\/2024\/10\/WhatsApp-Image-2024-10-30-at-23.49.57.jpeg\",\"contentUrl\":\"https:\/\/www.fcgueugnon.fr\/site\/wp-content\/uploads\/2024\/10\/WhatsApp-Image-2024-10-30-at-23.49.57.jpeg\",\"width\":1600,\"height\":1066},{\"@type\":\"BreadcrumbList\",\"@id\":\"https:\/\/www.fcgueugnon.fr\/site\/interview-forgeron-mag-4-avec-hugo-dos-santos\/52391#breadcrumb\",\"itemListElement\":[{\"@type\":\"ListItem\",\"position\":1,\"name\":\"Accueil\",\"item\":\"https:\/\/www.fcgueugnon.fr\/site\/\"},{\"@type\":\"ListItem\",\"position\":2,\"name\":\"[Interview] Forgeron Mag #4 avec Hugo DOS SANTOS\"}]},{\"@type\":\"WebSite\",\"@id\":\"https:\/\/www.fcgueugnon.fr\/site\/#website\",\"url\":\"https:\/\/www.fcgueugnon.fr\/site\/\",\"name\":\"FOOTBALL CLUB GUEUGNON\",\"description\":\"Le Site Officiel des Forgerons\",\"publisher\":{\"@id\":\"https:\/\/www.fcgueugnon.fr\/site\/#organization\"},\"potentialAction\":[{\"@type\":\"SearchAction\",\"target\":{\"@type\":\"EntryPoint\",\"urlTemplate\":\"https:\/\/www.fcgueugnon.fr\/site\/?s={search_term_string}\"},\"query-input\":{\"@type\":\"PropertyValueSpecification\",\"valueRequired\":true,\"valueName\":\"search_term_string\"}}],\"inLanguage\":\"fr-FR\"},{\"@type\":\"Organization\",\"@id\":\"https:\/\/www.fcgueugnon.fr\/site\/#organization\",\"name\":\"FC Gueugnon\",\"url\":\"https:\/\/www.fcgueugnon.fr\/site\/\",\"logo\":{\"@type\":\"ImageObject\",\"inLanguage\":\"fr-FR\",\"@id\":\"https:\/\/www.fcgueugnon.fr\/site\/#\/schema\/logo\/image\/\",\"url\":\"https:\/\/www.fcgueugnon.fr\/site\/wp-content\/uploads\/2022\/07\/cropped-Logo-FCGUEUGNON-low-350x350-1.png\",\"contentUrl\":\"https:\/\/www.fcgueugnon.fr\/site\/wp-content\/uploads\/2022\/07\/cropped-Logo-FCGUEUGNON-low-350x350-1.png\",\"width\":350,\"height\":350,\"caption\":\"FC Gueugnon\"},\"image\":{\"@id\":\"https:\/\/www.fcgueugnon.fr\/site\/#\/schema\/logo\/image\/\"},\"sameAs\":[\"http:\/\/facebook.com\/FCGueugnon\",\"https:\/\/x.com\/FCGueugnon_off\",\"https:\/\/www.instagram.com\/fcgueugnon\/\",\"https:\/\/www.linkedin.com\/company\/football-club-de-gueugnon\/\",\"https:\/\/www.youtube.com\/user\/FCGueugnonnais\",\"https:\/\/fr.wikipedia.org\/wiki\/Football_Club_de_Gueugnon\"]},{\"@type\":\"Person\",\"@id\":\"https:\/\/www.fcgueugnon.fr\/site\/#\/schema\/person\/f6444fbdd35fa731ee974c03508738fb\",\"name\":\"FC Gueugnon\",\"sameAs\":[\"https:\/\/www.fcgueugnon.fr\/site\"],\"url\":\"https:\/\/www.fcgueugnon.fr\/site\/author\/admin-antho\"}]}<\/script>\n<!-- \/ Yoast SEO plugin. -->","yoast_head_json":{"title":"[Interview] Forgeron Mag #4 avec Hugo DOS SANTOS &#8226; FOOTBALL CLUB GUEUGNON","robots":{"index":"index","follow":"follow","max-snippet":"max-snippet:-1","max-image-preview":"max-image-preview:large","max-video-preview":"max-video-preview:-1"},"canonical":"https:\/\/www.fcgueugnon.fr\/site\/interview-forgeron-mag-4-avec-hugo-dos-santos\/52391","og_locale":"fr_FR","og_type":"article","og_title":"[Interview] Forgeron Mag #4 avec Hugo DOS SANTOS &#8226; FOOTBALL CLUB GUEUGNON","og_description":"D\u00e9couvrez en int\u00e9gralit\u00e9 l&rsquo;interview de Hugo DOS SANTOS diffus\u00e9e dans le forgeron mag de cette quatri\u00e8me journ\u00e9e face \u00e0 Moulins-Yzeure Forgeron Mag&rsquo; : Peux-tu te pr\u00e9senter \u00e0 nous ?Hugo DOS SANTOS : \u00ab Bonjour, je m\u2019appelle Hugo DOS SANTOS ROCHA, j\u2019ai 23 ans et je viens de C\u00f4te d\u2019Or et plus pr\u00e9cis\u00e9ment de Dijon. J\u2019ai ... Lire la suite","og_url":"https:\/\/www.fcgueugnon.fr\/site\/interview-forgeron-mag-4-avec-hugo-dos-santos\/52391","og_site_name":"FOOTBALL CLUB GUEUGNON","article_publisher":"http:\/\/facebook.com\/FCGueugnon","article_published_time":"2024-11-02T17:00:00+00:00","og_image":[{"width":1600,"height":1066,"url":"https:\/\/www.fcgueugnon.fr\/site\/wp-content\/uploads\/2024\/10\/WhatsApp-Image-2024-10-30-at-23.49.57.jpeg","type":"image\/jpeg"}],"author":"FC Gueugnon","twitter_card":"summary_large_image","twitter_creator":"@FCGueugnon_off","twitter_site":"@FCGueugnon_off","twitter_misc":{"\u00c9crit par":"FC Gueugnon","Dur\u00e9e de lecture estim\u00e9e":"4 minutes"},"schema":{"@context":"https:\/\/schema.org","@graph":[{"@type":"Article","@id":"https:\/\/www.fcgueugnon.fr\/site\/interview-forgeron-mag-4-avec-hugo-dos-santos\/52391#article","isPartOf":{"@id":"https:\/\/www.fcgueugnon.fr\/site\/interview-forgeron-mag-4-avec-hugo-dos-santos\/52391"},"author":{"name":"FC Gueugnon","@id":"https:\/\/www.fcgueugnon.fr\/site\/#\/schema\/person\/f6444fbdd35fa731ee974c03508738fb"},"headline":"[Interview] Forgeron Mag #4 avec Hugo DOS SANTOS","datePublished":"2024-11-02T17:00:00+00:00","mainEntityOfPage":{"@id":"https:\/\/www.fcgueugnon.fr\/site\/interview-forgeron-mag-4-avec-hugo-dos-santos\/52391"},"wordCount":607,"publisher":{"@id":"https:\/\/www.fcgueugnon.fr\/site\/#organization"},"image":{"@id":"https:\/\/www.fcgueugnon.fr\/site\/interview-forgeron-mag-4-avec-hugo-dos-santos\/52391#primaryimage"},"thumbnailUrl":"https:\/\/www.fcgueugnon.fr\/site\/wp-content\/uploads\/2024\/10\/WhatsApp-Image-2024-10-30-at-23.49.57.jpeg","keywords":["Forgeron Mag","Interview"],"articleSection":["News","News 2024\/2025"],"inLanguage":"fr-FR"},{"@type":"WebPage","@id":"https:\/\/www.fcgueugnon.fr\/site\/interview-forgeron-mag-4-avec-hugo-dos-santos\/52391","url":"https:\/\/www.fcgueugnon.fr\/site\/interview-forgeron-mag-4-avec-hugo-dos-santos\/52391","name":"[Interview] Forgeron Mag #4 avec Hugo DOS SANTOS &#8226; FOOTBALL CLUB GUEUGNON","isPartOf":{"@id":"https:\/\/www.fcgueugnon.fr\/site\/#website"},"primaryImageOfPage":{"@id":"https:\/\/www.fcgueugnon.fr\/site\/interview-forgeron-mag-4-avec-hugo-dos-santos\/52391#primaryimage"},"image":{"@id":"https:\/\/www.fcgueugnon.fr\/site\/interview-forgeron-mag-4-avec-hugo-dos-santos\/52391#primaryimage"},"thumbnailUrl":"https:\/\/www.fcgueugnon.fr\/site\/wp-content\/uploads\/2024\/10\/WhatsApp-Image-2024-10-30-at-23.49.57.jpeg","datePublished":"2024-11-02T17:00:00+00:00","breadcrumb":{"@id":"https:\/\/www.fcgueugnon.fr\/site\/interview-forgeron-mag-4-avec-hugo-dos-santos\/52391#breadcrumb"},"inLanguage":"fr-FR","potentialAction":[{"@type":"ReadAction","target":["https:\/\/www.fcgueugnon.fr\/site\/interview-forgeron-mag-4-avec-hugo-dos-santos\/52391"]}]},{"@type":"ImageObject","inLanguage":"fr-FR","@id":"https:\/\/www.fcgueugnon.fr\/site\/interview-forgeron-mag-4-avec-hugo-dos-santos\/52391#primaryimage","url":"https:\/\/www.fcgueugnon.fr\/site\/wp-content\/uploads\/2024\/10\/WhatsApp-Image-2024-10-30-at-23.49.57.jpeg","contentUrl":"https:\/\/www.fcgueugnon.fr\/site\/wp-content\/uploads\/2024\/10\/WhatsApp-Image-2024-10-30-at-23.49.57.jpeg","width":1600,"height":1066},{"@type":"BreadcrumbList","@id":"https:\/\/www.fcgueugnon.fr\/site\/interview-forgeron-mag-4-avec-hugo-dos-santos\/52391#breadcrumb","itemListElement":[{"@type":"ListItem","position":1,"name":"Accueil","item":"https:\/\/www.fcgueugnon.fr\/site\/"},{"@type":"ListItem","position":2,"name":"[Interview] Forgeron Mag #4 avec Hugo DOS SANTOS"}]},{"@type":"WebSite","@id":"https:\/\/www.fcgueugnon.fr\/site\/#website","url":"https:\/\/www.fcgueugnon.fr\/site\/","name":"FOOTBALL CLUB GUEUGNON","description":"Le Site Officiel des Forgerons","publisher":{"@id":"https:\/\/www.fcgueugnon.fr\/site\/#organization"},"potentialAction":[{"@type":"SearchAction","target":{"@type":"EntryPoint","urlTemplate":"https:\/\/www.fcgueugnon.fr\/site\/?s={search_term_string}"},"query-input":{"@type":"PropertyValueSpecification","valueRequired":true,"valueName":"search_term_string"}}],"inLanguage":"fr-FR"},{"@type":"Organization","@id":"https:\/\/www.fcgueugnon.fr\/site\/#organization","name":"FC Gueugnon","url":"https:\/\/www.fcgueugnon.fr\/site\/","logo":{"@type":"ImageObject","inLanguage":"fr-FR","@id":"https:\/\/www.fcgueugnon.fr\/site\/#\/schema\/logo\/image\/","url":"https:\/\/www.fcgueugnon.fr\/site\/wp-content\/uploads\/2022\/07\/cropped-Logo-FCGUEUGNON-low-350x350-1.png","contentUrl":"https:\/\/www.fcgueugnon.fr\/site\/wp-content\/uploads\/2022\/07\/cropped-Logo-FCGUEUGNON-low-350x350-1.png","width":350,"height":350,"caption":"FC Gueugnon"},"image":{"@id":"https:\/\/www.fcgueugnon.fr\/site\/#\/schema\/logo\/image\/"},"sameAs":["http:\/\/facebook.com\/FCGueugnon","https:\/\/x.com\/FCGueugnon_off","https:\/\/www.instagram.com\/fcgueugnon\/","https:\/\/www.linkedin.com\/company\/football-club-de-gueugnon\/","https:\/\/www.youtube.com\/user\/FCGueugnonnais","https:\/\/fr.wikipedia.org\/wiki\/Football_Club_de_Gueugnon"]},{"@type":"Person","@id":"https:\/\/www.fcgueugnon.fr\/site\/#\/schema\/person\/f6444fbdd35fa731ee974c03508738fb","name":"FC Gueugnon","sameAs":["https:\/\/www.fcgueugnon.fr\/site"],"url":"https:\/\/www.fcgueugnon.fr\/site\/author\/admin-antho"}]}},"rttpg_featured_image_url":{"full":["https:\/\/www.fcgueugnon.fr\/site\/wp-content\/uploads\/2024\/10\/WhatsApp-Image-2024-10-30-at-23.49.57.jpeg",1600,1066,false],"landscape":["https:\/\/www.fcgueugnon.fr\/site\/wp-content\/uploads\/2024\/10\/WhatsApp-Image-2024-10-30-at-23.49.57.jpeg",1600,1066,false],"portraits":["https:\/\/www.fcgueugnon.fr\/site\/wp-content\/uploads\/2024\/10\/WhatsApp-Image-2024-10-30-at-23.49.57.jpeg",1600,1066,false],"thumbnail":["https:\/\/www.fcgueugnon.fr\/site\/wp-content\/uploads\/2024\/10\/WhatsApp-Image-2024-10-30-at-23.49.57-150x150.jpeg",150,150,true],"medium":["https:\/\/www.fcgueugnon.fr\/site\/wp-content\/uploads\/2024\/10\/WhatsApp-Image-2024-10-30-at-23.49.57-400x267.jpeg",400,267,true],"large":["https:\/\/www.fcgueugnon.fr\/site\/wp-content\/uploads\/2024\/10\/WhatsApp-Image-2024-10-30-at-23.49.57-1024x682.jpeg",1024,682,true],"1536x1536":["https:\/\/www.fcgueugnon.fr\/site\/wp-content\/uploads\/2024\/10\/WhatsApp-Image-2024-10-30-at-23.49.57-1536x1023.jpeg",1536,1023,true],"2048x2048":["https:\/\/www.fcgueugnon.fr\/site\/wp-content\/uploads\/2024\/10\/WhatsApp-Image-2024-10-30-at-23.49.57.jpeg",1600,1066,false]},"rttpg_author":{"display_name":"FC Gueugnon","author_link":"https:\/\/www.fcgueugnon.fr\/site\/author\/admin-antho"},"rttpg_comment":0,"rttpg_category":"<a href=\"https:\/\/www.fcgueugnon.fr\/site\/category\/news\" rel=\"category tag\">News<\/a> <a href=\"https:\/\/www.fcgueugnon.fr\/site\/category\/news\/news-2024-2025\" rel=\"category tag\">News 2024\/2025<\/a>","rttpg_excerpt":"D\u00e9couvrez en int\u00e9gralit\u00e9 l&rsquo;interview de Hugo DOS SANTOS diffus\u00e9e dans le forgeron mag de cette quatri\u00e8me journ\u00e9e face \u00e0 Moulins-Yzeure Forgeron Mag&rsquo; : Peux-tu te pr\u00e9senter \u00e0 nous ?Hugo DOS SANTOS : \u00ab Bonjour, je m\u2019appelle Hugo DOS SANTOS ROCHA, j\u2019ai 23 ans et je viens de C\u00f4te d\u2019Or et plus pr\u00e9cis\u00e9ment de Dijon. J\u2019ai\u2026","_links":{"self":[{"href":"https:\/\/www.fcgueugnon.fr\/site\/wp-json\/wp\/v2\/posts\/52391","targetHints":{"allow":["GET"]}}],"collection":[{"href":"https:\/\/www.fcgueugnon.fr\/site\/wp-json\/wp\/v2\/posts"}],"about":[{"href":"https:\/\/www.fcgueugnon.fr\/site\/wp-json\/wp\/v2\/types\/post"}],"author":[{"embeddable":true,"href":"https:\/\/www.fcgueugnon.fr\/site\/wp-json\/wp\/v2\/users\/1"}],"replies":[{"embeddable":true,"href":"https:\/\/www.fcgueugnon.fr\/site\/wp-json\/wp\/v2\/comments?post=52391"}],"version-history":[{"count":3,"href":"https:\/\/www.fcgueugnon.fr\/site\/wp-json\/wp\/v2\/posts\/52391\/revisions"}],"predecessor-version":[{"id":52438,"href":"https:\/\/www.fcgueugnon.fr\/site\/wp-json\/wp\/v2\/posts\/52391\/revisions\/52438"}],"wp:featuredmedia":[{"embeddable":true,"href":"https:\/\/www.fcgueugnon.fr\/site\/wp-json\/wp\/v2\/media\/52437"}],"wp:attachment":[{"href":"https:\/\/www.fcgueugnon.fr\/site\/wp-json\/wp\/v2\/media?parent=52391"}],"wp:term":[{"taxonomy":"category","embeddable":true,"href":"https:\/\/www.fcgueugnon.fr\/site\/wp-json\/wp\/v2\/categories?post=52391"},{"taxonomy":"post_tag","embeddable":true,"href":"https:\/\/www.fcgueugnon.fr\/site\/wp-json\/wp\/v2\/tags?post=52391"}],"curies":[{"name":"wp","href":"https:\/\/api.w.org\/{rel}","templated":true}]}}