{"id":52380,"date":"2024-10-28T12:57:28","date_gmt":"2024-10-28T11:57:28","guid":{"rendered":"https:\/\/www.fcgueugnon.fr\/site\/?p=52380"},"modified":"2024-10-28T22:39:26","modified_gmt":"2024-10-28T21:39:26","slug":"cdf-6e-tour-is-selongey-fc-gueugnon-resultat-resume-video-et-reaction","status":"publish","type":"post","link":"https:\/\/www.fcgueugnon.fr\/site\/cdf-6e-tour-is-selongey-fc-gueugnon-resultat-resume-video-et-reaction\/52380","title":{"rendered":"[CDF 6e Tour : Is Selongey \u2013 FC Gueugnon] R\u00e9sultat, r\u00e9sum\u00e9 vid\u00e9o, et r\u00e9action"},"content":{"rendered":"\n<h2 class=\"wp-block-heading\">Qualifications des forgerons aux Courvelles dans une longue histoire de gardiens et de coups de pieds arr\u00eat\u00e9s&#8230;.<\/h2>\n\n\n\n<div style=\"height:30px\" aria-hidden=\"true\" class=\"wp-block-spacer\"><\/div>\n\n\n\n<figure class=\"wp-block-gallery has-nested-images columns-3 has-lightbox wp-block-gallery-1 is-layout-flex wp-block-gallery-is-layout-flex\">\n<figure class=\"wp-block-image size-large\"><img loading=\"lazy\" decoding=\"async\" width=\"1024\" height=\"768\" data-id=\"52383\" src=\"https:\/\/www.fcgueugnon.fr\/site\/wp-content\/uploads\/2024\/10\/r7wVP5Ad-1024x768.jpg\" alt=\"\" class=\"wp-image-52383\" srcset=\"https:\/\/www.fcgueugnon.fr\/site\/wp-content\/uploads\/2024\/10\/r7wVP5Ad-1024x768.jpg 1024w, https:\/\/www.fcgueugnon.fr\/site\/wp-content\/uploads\/2024\/10\/r7wVP5Ad-400x300.jpg 400w, https:\/\/www.fcgueugnon.fr\/site\/wp-content\/uploads\/2024\/10\/r7wVP5Ad-768x576.jpg 768w, https:\/\/www.fcgueugnon.fr\/site\/wp-content\/uploads\/2024\/10\/r7wVP5Ad-1536x1152.jpg 1536w, https:\/\/www.fcgueugnon.fr\/site\/wp-content\/uploads\/2024\/10\/r7wVP5Ad-1320x990.jpg 1320w, https:\/\/www.fcgueugnon.fr\/site\/wp-content\/uploads\/2024\/10\/r7wVP5Ad.jpg 2048w\" sizes=\"auto, (max-width: 1024px) 100vw, 1024px\" \/><\/figure>\n\n\n\n<figure class=\"wp-block-image size-large\"><img loading=\"lazy\" decoding=\"async\" width=\"1024\" height=\"768\" data-id=\"52382\" src=\"https:\/\/www.fcgueugnon.fr\/site\/wp-content\/uploads\/2024\/10\/QbI8bjuC-1024x768.jpg\" alt=\"\" class=\"wp-image-52382\" srcset=\"https:\/\/www.fcgueugnon.fr\/site\/wp-content\/uploads\/2024\/10\/QbI8bjuC-1024x768.jpg 1024w, https:\/\/www.fcgueugnon.fr\/site\/wp-content\/uploads\/2024\/10\/QbI8bjuC-400x300.jpg 400w, https:\/\/www.fcgueugnon.fr\/site\/wp-content\/uploads\/2024\/10\/QbI8bjuC-768x576.jpg 768w, https:\/\/www.fcgueugnon.fr\/site\/wp-content\/uploads\/2024\/10\/QbI8bjuC-1536x1152.jpg 1536w, https:\/\/www.fcgueugnon.fr\/site\/wp-content\/uploads\/2024\/10\/QbI8bjuC-1320x990.jpg 1320w, https:\/\/www.fcgueugnon.fr\/site\/wp-content\/uploads\/2024\/10\/QbI8bjuC.jpg 2048w\" sizes=\"auto, (max-width: 1024px) 100vw, 1024px\" \/><\/figure>\n\n\n\n<figure class=\"wp-block-image size-large\"><img loading=\"lazy\" decoding=\"async\" width=\"1024\" height=\"768\" data-id=\"52385\" src=\"https:\/\/www.fcgueugnon.fr\/site\/wp-content\/uploads\/2024\/10\/yxSGH4Jb-1024x768.jpg\" alt=\"\" class=\"wp-image-52385\" srcset=\"https:\/\/www.fcgueugnon.fr\/site\/wp-content\/uploads\/2024\/10\/yxSGH4Jb-1024x768.jpg 1024w, https:\/\/www.fcgueugnon.fr\/site\/wp-content\/uploads\/2024\/10\/yxSGH4Jb-400x300.jpg 400w, https:\/\/www.fcgueugnon.fr\/site\/wp-content\/uploads\/2024\/10\/yxSGH4Jb-768x576.jpg 768w, https:\/\/www.fcgueugnon.fr\/site\/wp-content\/uploads\/2024\/10\/yxSGH4Jb-1536x1152.jpg 1536w, https:\/\/www.fcgueugnon.fr\/site\/wp-content\/uploads\/2024\/10\/yxSGH4Jb-1320x990.jpg 1320w, https:\/\/www.fcgueugnon.fr\/site\/wp-content\/uploads\/2024\/10\/yxSGH4Jb.jpg 2048w\" sizes=\"auto, (max-width: 1024px) 100vw, 1024px\" \/><\/figure>\n\n\n\n<figure class=\"wp-block-image size-large\"><img loading=\"lazy\" decoding=\"async\" width=\"1024\" height=\"768\" data-id=\"52384\" src=\"https:\/\/www.fcgueugnon.fr\/site\/wp-content\/uploads\/2024\/10\/44HRpWY-1024x768.jpg\" alt=\"\" class=\"wp-image-52384\" srcset=\"https:\/\/www.fcgueugnon.fr\/site\/wp-content\/uploads\/2024\/10\/44HRpWY-1024x768.jpg 1024w, https:\/\/www.fcgueugnon.fr\/site\/wp-content\/uploads\/2024\/10\/44HRpWY-400x300.jpg 400w, https:\/\/www.fcgueugnon.fr\/site\/wp-content\/uploads\/2024\/10\/44HRpWY-768x576.jpg 768w, https:\/\/www.fcgueugnon.fr\/site\/wp-content\/uploads\/2024\/10\/44HRpWY-1536x1152.jpg 1536w, https:\/\/www.fcgueugnon.fr\/site\/wp-content\/uploads\/2024\/10\/44HRpWY-1320x990.jpg 1320w, https:\/\/www.fcgueugnon.fr\/site\/wp-content\/uploads\/2024\/10\/44HRpWY.jpg 2048w\" sizes=\"auto, (max-width: 1024px) 100vw, 1024px\" \/><\/figure>\n\n\n\n<figure class=\"wp-block-image size-large\"><img loading=\"lazy\" decoding=\"async\" width=\"1024\" height=\"768\" data-id=\"52386\" src=\"https:\/\/www.fcgueugnon.fr\/site\/wp-content\/uploads\/2024\/10\/kxJuWvD--1024x768.jpg\" alt=\"\" class=\"wp-image-52386\" srcset=\"https:\/\/www.fcgueugnon.fr\/site\/wp-content\/uploads\/2024\/10\/kxJuWvD--1024x768.jpg 1024w, https:\/\/www.fcgueugnon.fr\/site\/wp-content\/uploads\/2024\/10\/kxJuWvD--400x300.jpg 400w, https:\/\/www.fcgueugnon.fr\/site\/wp-content\/uploads\/2024\/10\/kxJuWvD--768x576.jpg 768w, https:\/\/www.fcgueugnon.fr\/site\/wp-content\/uploads\/2024\/10\/kxJuWvD--1536x1152.jpg 1536w, https:\/\/www.fcgueugnon.fr\/site\/wp-content\/uploads\/2024\/10\/kxJuWvD--1320x990.jpg 1320w, https:\/\/www.fcgueugnon.fr\/site\/wp-content\/uploads\/2024\/10\/kxJuWvD-.jpg 2048w\" sizes=\"auto, (max-width: 1024px) 100vw, 1024px\" \/><\/figure>\n<\/figure>\n\n\n\n<div style=\"height:10px\" aria-hidden=\"true\" class=\"wp-block-spacer\"><\/div>\n\n\n<div class=\"wp-block-image\">\n<figure class=\"aligncenter size-medium\"><img loading=\"lazy\" decoding=\"async\" width=\"320\" height=\"400\" src=\"https:\/\/www.fcgueugnon.fr\/site\/wp-content\/uploads\/2024\/10\/Score-Final-90-5-320x400.png\" alt=\"\" class=\"wp-image-52363\" srcset=\"https:\/\/www.fcgueugnon.fr\/site\/wp-content\/uploads\/2024\/10\/Score-Final-90-5-320x400.png 320w, https:\/\/www.fcgueugnon.fr\/site\/wp-content\/uploads\/2024\/10\/Score-Final-90-5-819x1024.png 819w, https:\/\/www.fcgueugnon.fr\/site\/wp-content\/uploads\/2024\/10\/Score-Final-90-5-768x960.png 768w, https:\/\/www.fcgueugnon.fr\/site\/wp-content\/uploads\/2024\/10\/Score-Final-90-5-1229x1536.png 1229w, https:\/\/www.fcgueugnon.fr\/site\/wp-content\/uploads\/2024\/10\/Score-Final-90-5-1638x2048.png 1638w, https:\/\/www.fcgueugnon.fr\/site\/wp-content\/uploads\/2024\/10\/Score-Final-90-5-1320x1650.png 1320w, https:\/\/www.fcgueugnon.fr\/site\/wp-content\/uploads\/2024\/10\/Score-Final-90-5.png 2000w\" sizes=\"auto, (max-width: 320px) 100vw, 320px\" \/><\/figure>\n<\/div>\n\n\n<div style=\"height:60px\" aria-hidden=\"true\" class=\"wp-block-spacer\"><\/div>\n\n\n\n<p>Ce 6eme tour nous avait offert un retour aux Courvelles pour <strong>un \u00ab classico \u00bb de Bourgogne entre Is-Selongey et le FC Gueugnon&#8230; <\/strong>2 \u00e9quipes qui se sont affront\u00e9s \u00e0 de nombreuses reprises ces derni\u00e8res ann\u00e9es, que ce soit en championnat ou en coupes, et la promesse d&rsquo;un duel all\u00e9chant ! <\/p>\n\n\n\n<p>Et d\u00e8s les premiers instants, c&rsquo;est bien Gueugnon qui prend l\u2019avantage au tableau d&rsquo;affichage gr\u00e2ce \u00e0 <strong>un penalty provoqu\u00e9 par Fraty Miezi-Kembolo<\/strong>&#8230; Converti par ses soins, ce but permet d&rsquo;ouvrir la marque pour les visiteurs (9&prime; 0-1). Fort de cette avance, le FCG domine le jeu mais n&rsquo;arrive pas \u00e0 prendre le large gr\u00e2ce \u00e0 la qualit\u00e9 du portier local qui performe comme sur cet arr\u00eat r\u00e9flexe sur une frappe \u00e0 bout portant de Miezi-Kembolo (21&prime;) ou sur cette frappe de Grich d\u00e9tourn\u00e9e (55&prime;). <\/p>\n\n\n\n<p>De l&rsquo;engagement et des cartons ! Les gueugnonnais sont avertis pas moins de 4 fois en premi\u00e8re p\u00e9riode&#8230; Et l\u2019intensit\u00e9 grandissante de ce match aura pour cons\u00e9quence <strong>l&rsquo;expulsion de Marius Zampa <\/strong>contraint de laisser ses co\u00e9quipiers apr\u00e8s un second carton jaune (65&prime;)&#8230; A 11 contre 10, Selongey monte d&rsquo;un cran et pousse alors les forgerons dans leurs retranchements. <\/p>\n\n\n\n<p>Gueugnon subit, joue en contre et peut s&rsquo;appuyer sur un <strong>Anthony Njock tr\u00e8s inspir\u00e9 <\/strong>afin de maintenir son \u00e9quipe devant&#8230; Comme sur cet arr\u00eat r\u00e9flexe (59&prime;) ou ce duel gagn\u00e9 pour le gardien forgeron (80&prime;). Mais le fait notable est ce penalty pour Selongey siffl\u00e9e sur une faute anodine (77&prime;)&#8230; <strong>Un penalty magnifiquement d\u00e9tourn\u00e9 par Njock <\/strong>et \u00e0 revoir en vid\u00e9o ci-dessous. <\/p>\n\n\n\n<p>Et alors que les minutes s&rsquo;\u00e9grainent, <strong>Selongey arrive finalement \u00e0 \u00e9galiser sur un coup-franc <\/strong>lointain tir\u00e9 dans le pack et repris de la t\u00eate ! (87&prime; 1-1). Les \u00e9quipes se dirigent alors vers une s\u00e9ance de tirs au but pour se d\u00e9partager. Et \u00e0 nouveau, c&rsquo;est <strong>Anthony Njock qui se d\u00e9marque en r\u00e9alisant un arr\u00eat crucial <\/strong>d\u00e8s le premier tir de Selongey pendant que les tireurs gueugnonnais transformaient toute leurs tentatives et qualifiaient finalement l&rsquo;\u00e9quipe pour le prochain tour ! (TAB : 3-5).<\/p>\n\n\n\n<p>Un 7eme tour dont le tirage aura lieu ce mercredi avant la r\u00e9ception samedi prochain de Moulins-Yzeure. En attendant ces prochaines \u00e9ch\u00e9ances, souhaitons une tr\u00e8s bonne saison \u00e0 Is-Selongey.<\/p>\n\n\n\n<div style=\"height:100px\" aria-hidden=\"true\" class=\"wp-block-spacer\"><\/div>\n\n\n\n<h2 class=\"wp-block-heading\"><strong>R\u00e9sum\u00e9 Vid\u00e9o<\/strong><\/h2>\n\n\n\n<center><iframe loading=\"lazy\" width=\"1080\" height=\"608\" src=\"https:\/\/www.youtube.com\/embed\/eUrouDoBBzo?si=M8kcwzxPktF7R0D8\" title=\"YouTube video player\" frameborder=\"0\" allow=\"accelerometer; autoplay; clipboard-write; encrypted-media; gyroscope; picture-in-picture; web-share\" referrerpolicy=\"strict-origin-when-cross-origin\" allowfullscreen><\/iframe><\/center>\n\n\n\n<div style=\"height:100px\" aria-hidden=\"true\" class=\"wp-block-spacer\"><\/div>\n\n\n\n<h2 class=\"wp-block-heading\"><strong>R\u00e9action<\/strong><\/h2>\n\n\n\n<div style=\"height:30px\" aria-hidden=\"true\" class=\"wp-block-spacer\"><\/div>\n\n\n\n<div class=\"wp-block-media-text has-media-on-the-right is-stacked-on-mobile is-vertically-aligned-center is-image-fill\" style=\"grid-template-columns:auto 39%\"><div class=\"wp-block-media-text__content\">\n<p class=\"has-text-align-left\"><strong>Guy Clopin, Dirigeant : <\/strong><\/p>\n\n\n\n<p class=\"has-text-align-left\"><em>\u00ab<\/em> On s&rsquo;est qualifi\u00e9 et c&rsquo;\u00e9tait l&rsquo;objectif principal, quelque soit la mani\u00e8re, face \u00e0 cette \u00e9quipe de Selongey tr\u00e8s comp\u00e9titive. \u00bb<\/p>\n\n\n\n<p><em><sub>R\u00e9actions compl\u00e8tes \u00e0 retrouver ce jeudi sur notre site officiel !<\/sub><\/em><\/p>\n<\/div><figure class=\"wp-block-media-text__media\" style=\"background-image:url(https:\/\/www.fcgueugnon.fr\/site\/wp-content\/uploads\/2022\/10\/Guy-Clopin-1024x683.png);background-position:50% 50%\"><img loading=\"lazy\" decoding=\"async\" width=\"1024\" height=\"683\" src=\"https:\/\/www.fcgueugnon.fr\/site\/wp-content\/uploads\/2022\/10\/Guy-Clopin-1024x683.png\" alt=\"\" class=\"wp-image-1733 size-full\" srcset=\"https:\/\/www.fcgueugnon.fr\/site\/wp-content\/uploads\/2022\/10\/Guy-Clopin-1024x683.png 1024w, https:\/\/www.fcgueugnon.fr\/site\/wp-content\/uploads\/2022\/10\/Guy-Clopin-400x267.png 400w, https:\/\/www.fcgueugnon.fr\/site\/wp-content\/uploads\/2022\/10\/Guy-Clopin-768x512.png 768w, https:\/\/www.fcgueugnon.fr\/site\/wp-content\/uploads\/2022\/10\/Guy-Clopin-1536x1024.png 1536w, https:\/\/www.fcgueugnon.fr\/site\/wp-content\/uploads\/2022\/10\/Guy-Clopin-1320x880.png 1320w, https:\/\/www.fcgueugnon.fr\/site\/wp-content\/uploads\/2022\/10\/Guy-Clopin.png 1600w\" sizes=\"auto, (max-width: 1024px) 100vw, 1024px\" \/><\/figure><\/div>\n\n\n\n<div style=\"height:15px\" aria-hidden=\"true\" class=\"wp-block-spacer\"><\/div>\n\n\n\n<hr class=\"wp-block-separator has-text-color has-css-opacity has-background\" style=\"background-color:#f7db4a;color:#f7db4a\"\/>\n\n\n\n<div style=\"height:15px\" aria-hidden=\"true\" class=\"wp-block-spacer\"><\/div>\n\n\n\n<h3 class=\"wp-block-heading has-text-align-left\">\u26bd <strong>Score final<\/strong><\/h3>\n\n\n\n<p>\u00c0 Selongey, Stade des Courvelles<br>Is-Selongey 1 \u2013 1 FC Gueugnon (3-5)<br>Buts : Gueye (87e) \u2013 Miezi-Kembolo (9\u2032 s.p.)<br>Expulsion : Zampa (65&prime;)<\/p>\n\n\n\n<p><strong>Les officiels :<\/strong><br>Arbitre centre : AURELIEN PLAT<br>Arbitre assistant 1 : CEDRIC JUNG<br>Arbitre assistant 2 : ELIAN DEMONCAY<br>D\u00e9l\u00e9gu\u00e9 principal : GILLES RONDEAU<br>D\u00e9l\u00e9gu\u00e9 accompagnateur : MICHEL NAGEOTTE<\/p>\n\n\n\n<p><strong>Composition d\u2019\u00e9quipe<\/strong><br>Njock \u2013 Mohamed, Barker, Schacherer, Galland &#8211; Dos Santos (63&prime; Fournel), Zampa, Gnahor\u00e9 &#8211; Buckman (67&prime; Thevenet), Miezi-Kembolo (78&prime; Delclaux), Grich<br>Entra\u00eeneur : Philippe Correia \/ Adjoint : Bakeba Bayo<\/p>\n\n\n\n<div style=\"height:10px\" aria-hidden=\"true\" class=\"wp-block-spacer\"><\/div>\n\n\n\n<h3 class=\"wp-block-heading has-text-align-left\"><strong>\ud83d\uddd3 <strong>Le 6e tour en Bourgogne Franche-Comt\u00e9<\/strong><\/strong><\/h3>\n\n\n\n<p><a href=\"https:\/\/lbfc.fff.fr\/competitions?id=420183&amp;poule=5&amp;phase=1&amp;type=cp&amp;tab=resultat\">\u25ba Retrouvez les r\u00e9sultats sur le site de la Ligue BFC<\/a><\/p>\n\n\n\n<div style=\"height:20px\" aria-hidden=\"true\" class=\"wp-block-spacer\"><\/div>\n\n\n\n<div class=\"wp-block-columns is-not-stacked-on-mobile is-layout-flex wp-container-core-columns-is-layout-9d6595d7 wp-block-columns-is-layout-flex\">\n<div class=\"wp-block-column is-layout-flow wp-block-column-is-layout-flow\">\n<div class=\"wp-block-buttons is-content-justification-right is-layout-flex wp-container-core-buttons-is-layout-765c4724 wp-block-buttons-is-layout-flex\">\n<div class=\"wp-block-button\"><a class=\"wp-block-button__link has-text-align-center wp-element-button\" href=\"https:\/\/www.fcgueugnon.fr\/site\/calendrier-seniors-a-national-3-bourgogne-franche-comte\">Calendrier<\/a><\/div>\n<\/div>\n<\/div>\n\n\n\n<div class=\"wp-block-column is-layout-flow wp-block-column-is-layout-flow\">\n<div class=\"wp-block-buttons is-content-justification-left is-layout-flex wp-container-core-buttons-is-layout-fdcfc74e wp-block-buttons-is-layout-flex\">\n<div class=\"wp-block-button\"><a class=\"wp-block-button__link has-text-align-center wp-element-button\" href=\"https:\/\/www.fcgueugnon.fr\/site\/classement-national-3-bourgogne-franche-comte\">Classement<\/a><\/div>\n<\/div>\n<\/div>\n<\/div>\n","protected":false},"excerpt":{"rendered":"<p>Qualifications des forgerons aux Courvelles dans une longue histoire de gardiens et de coups de pieds arr\u00eat\u00e9s&#8230;. Ce 6eme tour nous avait offert un retour aux Courvelles pour un \u00ab classico \u00bb de Bourgogne entre Is-Selongey et le FC Gueugnon&#8230; 2 \u00e9quipes qui se sont affront\u00e9s \u00e0 de nombreuses reprises ces derni\u00e8res ann\u00e9es, que ce &#8230; <\/p>\n<p class=\"read-more-container\"><a title=\"[CDF 6e Tour : Is Selongey \u2013 FC Gueugnon] R\u00e9sultat, r\u00e9sum\u00e9 vid\u00e9o, et r\u00e9action\" class=\"read-more button\" href=\"https:\/\/www.fcgueugnon.fr\/site\/cdf-6e-tour-is-selongey-fc-gueugnon-resultat-resume-video-et-reaction\/52380#more-52380\" aria-label=\"Plus sur [CDF 6e Tour : Is Selongey \u2013 FC Gueugnon] R\u00e9sultat, r\u00e9sum\u00e9 vid\u00e9o, et r\u00e9action\">Lire la suite<\/a><\/p>\n","protected":false},"author":1,"featured_media":52387,"comment_status":"closed","ping_status":"closed","sticky":true,"template":"","format":"standard","meta":{"footnotes":""},"categories":[4,62],"tags":[27,31],"class_list":["post-52380","post","type-post","status-publish","format-standard","has-post-thumbnail","hentry","category-news","category-news-2024-2025","tag-resultat","tag-video","infinite-scroll-item","generate-columns","tablet-grid-50","mobile-grid-100","grid-parent","grid-25","resize-featured-image"],"yoast_head":"<!-- This site is optimized with the Yoast SEO plugin v26.6 - https:\/\/yoast.com\/wordpress\/plugins\/seo\/ -->\n<title>[CDF 6e Tour : Is Selongey \u2013 FC Gueugnon] R\u00e9sultat, r\u00e9sum\u00e9 vid\u00e9o, et r\u00e9action &#8226; FOOTBALL CLUB GUEUGNON<\/title>\n<meta name=\"robots\" content=\"index, follow, max-snippet:-1, max-image-preview:large, max-video-preview:-1\" \/>\n<link rel=\"canonical\" href=\"https:\/\/www.fcgueugnon.fr\/site\/cdf-6e-tour-is-selongey-fc-gueugnon-resultat-resume-video-et-reaction\/52380\" \/>\n<meta property=\"og:locale\" content=\"fr_FR\" \/>\n<meta property=\"og:type\" content=\"article\" \/>\n<meta property=\"og:title\" content=\"[CDF 6e Tour : Is Selongey \u2013 FC Gueugnon] R\u00e9sultat, r\u00e9sum\u00e9 vid\u00e9o, et r\u00e9action &#8226; FOOTBALL CLUB GUEUGNON\" \/>\n<meta property=\"og:description\" content=\"Qualifications des forgerons aux Courvelles dans une longue histoire de gardiens et de coups de pieds arr\u00eat\u00e9s&#8230;. Ce 6eme tour nous avait offert un retour aux Courvelles pour un \u00ab classico \u00bb de Bourgogne entre Is-Selongey et le FC Gueugnon&#8230; 2 \u00e9quipes qui se sont affront\u00e9s \u00e0 de nombreuses reprises ces derni\u00e8res ann\u00e9es, que ce ... Lire la suite\" \/>\n<meta property=\"og:url\" content=\"https:\/\/www.fcgueugnon.fr\/site\/cdf-6e-tour-is-selongey-fc-gueugnon-resultat-resume-video-et-reaction\/52380\" \/>\n<meta property=\"og:site_name\" content=\"FOOTBALL CLUB GUEUGNON\" \/>\n<meta property=\"article:publisher\" content=\"http:\/\/facebook.com\/FCGueugnon\" \/>\n<meta property=\"article:published_time\" content=\"2024-10-28T11:57:28+00:00\" \/>\n<meta property=\"article:modified_time\" content=\"2024-10-28T21:39:26+00:00\" \/>\n<meta property=\"og:image\" content=\"https:\/\/www.fcgueugnon.fr\/site\/wp-content\/uploads\/2024\/10\/WhatsApp-Image-2024-10-26-at-19.55.06.jpeg\" \/>\n\t<meta property=\"og:image:width\" content=\"719\" \/>\n\t<meta property=\"og:image:height\" content=\"1600\" \/>\n\t<meta property=\"og:image:type\" content=\"image\/jpeg\" \/>\n<meta name=\"author\" content=\"FC Gueugnon\" \/>\n<meta name=\"twitter:card\" content=\"summary_large_image\" \/>\n<meta name=\"twitter:creator\" content=\"@FCGueugnon_off\" \/>\n<meta name=\"twitter:site\" content=\"@FCGueugnon_off\" \/>\n<meta name=\"twitter:label1\" content=\"\u00c9crit par\" \/>\n\t<meta name=\"twitter:data1\" content=\"FC Gueugnon\" \/>\n\t<meta name=\"twitter:label2\" content=\"Dur\u00e9e de lecture estim\u00e9e\" \/>\n\t<meta name=\"twitter:data2\" content=\"5 minutes\" \/>\n<script type=\"application\/ld+json\" class=\"yoast-schema-graph\">{\"@context\":\"https:\/\/schema.org\",\"@graph\":[{\"@type\":\"Article\",\"@id\":\"https:\/\/www.fcgueugnon.fr\/site\/cdf-6e-tour-is-selongey-fc-gueugnon-resultat-resume-video-et-reaction\/52380#article\",\"isPartOf\":{\"@id\":\"https:\/\/www.fcgueugnon.fr\/site\/cdf-6e-tour-is-selongey-fc-gueugnon-resultat-resume-video-et-reaction\/52380\"},\"author\":{\"name\":\"FC Gueugnon\",\"@id\":\"https:\/\/www.fcgueugnon.fr\/site\/#\/schema\/person\/f6444fbdd35fa731ee974c03508738fb\"},\"headline\":\"[CDF 6e Tour : Is Selongey \u2013 FC Gueugnon] R\u00e9sultat, r\u00e9sum\u00e9 vid\u00e9o, et r\u00e9action\",\"datePublished\":\"2024-10-28T11:57:28+00:00\",\"dateModified\":\"2024-10-28T21:39:26+00:00\",\"mainEntityOfPage\":{\"@id\":\"https:\/\/www.fcgueugnon.fr\/site\/cdf-6e-tour-is-selongey-fc-gueugnon-resultat-resume-video-et-reaction\/52380\"},\"wordCount\":548,\"publisher\":{\"@id\":\"https:\/\/www.fcgueugnon.fr\/site\/#organization\"},\"image\":{\"@id\":\"https:\/\/www.fcgueugnon.fr\/site\/cdf-6e-tour-is-selongey-fc-gueugnon-resultat-resume-video-et-reaction\/52380#primaryimage\"},\"thumbnailUrl\":\"https:\/\/www.fcgueugnon.fr\/site\/wp-content\/uploads\/2024\/10\/WhatsApp-Image-2024-10-26-at-19.55.06.jpeg\",\"keywords\":[\"R\u00e9sultat\",\"Vid\u00e9o\"],\"articleSection\":[\"News\",\"News 2024\/2025\"],\"inLanguage\":\"fr-FR\"},{\"@type\":\"WebPage\",\"@id\":\"https:\/\/www.fcgueugnon.fr\/site\/cdf-6e-tour-is-selongey-fc-gueugnon-resultat-resume-video-et-reaction\/52380\",\"url\":\"https:\/\/www.fcgueugnon.fr\/site\/cdf-6e-tour-is-selongey-fc-gueugnon-resultat-resume-video-et-reaction\/52380\",\"name\":\"[CDF 6e Tour : Is Selongey \u2013 FC Gueugnon] R\u00e9sultat, r\u00e9sum\u00e9 vid\u00e9o, et r\u00e9action &#8226; FOOTBALL CLUB GUEUGNON\",\"isPartOf\":{\"@id\":\"https:\/\/www.fcgueugnon.fr\/site\/#website\"},\"primaryImageOfPage\":{\"@id\":\"https:\/\/www.fcgueugnon.fr\/site\/cdf-6e-tour-is-selongey-fc-gueugnon-resultat-resume-video-et-reaction\/52380#primaryimage\"},\"image\":{\"@id\":\"https:\/\/www.fcgueugnon.fr\/site\/cdf-6e-tour-is-selongey-fc-gueugnon-resultat-resume-video-et-reaction\/52380#primaryimage\"},\"thumbnailUrl\":\"https:\/\/www.fcgueugnon.fr\/site\/wp-content\/uploads\/2024\/10\/WhatsApp-Image-2024-10-26-at-19.55.06.jpeg\",\"datePublished\":\"2024-10-28T11:57:28+00:00\",\"dateModified\":\"2024-10-28T21:39:26+00:00\",\"breadcrumb\":{\"@id\":\"https:\/\/www.fcgueugnon.fr\/site\/cdf-6e-tour-is-selongey-fc-gueugnon-resultat-resume-video-et-reaction\/52380#breadcrumb\"},\"inLanguage\":\"fr-FR\",\"potentialAction\":[{\"@type\":\"ReadAction\",\"target\":[\"https:\/\/www.fcgueugnon.fr\/site\/cdf-6e-tour-is-selongey-fc-gueugnon-resultat-resume-video-et-reaction\/52380\"]}]},{\"@type\":\"ImageObject\",\"inLanguage\":\"fr-FR\",\"@id\":\"https:\/\/www.fcgueugnon.fr\/site\/cdf-6e-tour-is-selongey-fc-gueugnon-resultat-resume-video-et-reaction\/52380#primaryimage\",\"url\":\"https:\/\/www.fcgueugnon.fr\/site\/wp-content\/uploads\/2024\/10\/WhatsApp-Image-2024-10-26-at-19.55.06.jpeg\",\"contentUrl\":\"https:\/\/www.fcgueugnon.fr\/site\/wp-content\/uploads\/2024\/10\/WhatsApp-Image-2024-10-26-at-19.55.06.jpeg\",\"width\":719,\"height\":1600},{\"@type\":\"BreadcrumbList\",\"@id\":\"https:\/\/www.fcgueugnon.fr\/site\/cdf-6e-tour-is-selongey-fc-gueugnon-resultat-resume-video-et-reaction\/52380#breadcrumb\",\"itemListElement\":[{\"@type\":\"ListItem\",\"position\":1,\"name\":\"Accueil\",\"item\":\"https:\/\/www.fcgueugnon.fr\/site\/\"},{\"@type\":\"ListItem\",\"position\":2,\"name\":\"[CDF 6e Tour : Is Selongey \u2013 FC Gueugnon] R\u00e9sultat, r\u00e9sum\u00e9 vid\u00e9o, et r\u00e9action\"}]},{\"@type\":\"WebSite\",\"@id\":\"https:\/\/www.fcgueugnon.fr\/site\/#website\",\"url\":\"https:\/\/www.fcgueugnon.fr\/site\/\",\"name\":\"FOOTBALL CLUB GUEUGNON\",\"description\":\"Le Site Officiel des Forgerons\",\"publisher\":{\"@id\":\"https:\/\/www.fcgueugnon.fr\/site\/#organization\"},\"potentialAction\":[{\"@type\":\"SearchAction\",\"target\":{\"@type\":\"EntryPoint\",\"urlTemplate\":\"https:\/\/www.fcgueugnon.fr\/site\/?s={search_term_string}\"},\"query-input\":{\"@type\":\"PropertyValueSpecification\",\"valueRequired\":true,\"valueName\":\"search_term_string\"}}],\"inLanguage\":\"fr-FR\"},{\"@type\":\"Organization\",\"@id\":\"https:\/\/www.fcgueugnon.fr\/site\/#organization\",\"name\":\"FC Gueugnon\",\"url\":\"https:\/\/www.fcgueugnon.fr\/site\/\",\"logo\":{\"@type\":\"ImageObject\",\"inLanguage\":\"fr-FR\",\"@id\":\"https:\/\/www.fcgueugnon.fr\/site\/#\/schema\/logo\/image\/\",\"url\":\"https:\/\/www.fcgueugnon.fr\/site\/wp-content\/uploads\/2022\/07\/cropped-Logo-FCGUEUGNON-low-350x350-1.png\",\"contentUrl\":\"https:\/\/www.fcgueugnon.fr\/site\/wp-content\/uploads\/2022\/07\/cropped-Logo-FCGUEUGNON-low-350x350-1.png\",\"width\":350,\"height\":350,\"caption\":\"FC Gueugnon\"},\"image\":{\"@id\":\"https:\/\/www.fcgueugnon.fr\/site\/#\/schema\/logo\/image\/\"},\"sameAs\":[\"http:\/\/facebook.com\/FCGueugnon\",\"https:\/\/x.com\/FCGueugnon_off\",\"https:\/\/www.instagram.com\/fcgueugnon\/\",\"https:\/\/www.linkedin.com\/company\/football-club-de-gueugnon\/\",\"https:\/\/www.youtube.com\/user\/FCGueugnonnais\",\"https:\/\/fr.wikipedia.org\/wiki\/Football_Club_de_Gueugnon\"]},{\"@type\":\"Person\",\"@id\":\"https:\/\/www.fcgueugnon.fr\/site\/#\/schema\/person\/f6444fbdd35fa731ee974c03508738fb\",\"name\":\"FC Gueugnon\",\"sameAs\":[\"https:\/\/www.fcgueugnon.fr\/site\"],\"url\":\"https:\/\/www.fcgueugnon.fr\/site\/author\/admin-antho\"}]}<\/script>\n<!-- \/ Yoast SEO plugin. -->","yoast_head_json":{"title":"[CDF 6e Tour : Is Selongey \u2013 FC Gueugnon] R\u00e9sultat, r\u00e9sum\u00e9 vid\u00e9o, et r\u00e9action &#8226; FOOTBALL CLUB GUEUGNON","robots":{"index":"index","follow":"follow","max-snippet":"max-snippet:-1","max-image-preview":"max-image-preview:large","max-video-preview":"max-video-preview:-1"},"canonical":"https:\/\/www.fcgueugnon.fr\/site\/cdf-6e-tour-is-selongey-fc-gueugnon-resultat-resume-video-et-reaction\/52380","og_locale":"fr_FR","og_type":"article","og_title":"[CDF 6e Tour : Is Selongey \u2013 FC Gueugnon] R\u00e9sultat, r\u00e9sum\u00e9 vid\u00e9o, et r\u00e9action &#8226; FOOTBALL CLUB GUEUGNON","og_description":"Qualifications des forgerons aux Courvelles dans une longue histoire de gardiens et de coups de pieds arr\u00eat\u00e9s&#8230;. Ce 6eme tour nous avait offert un retour aux Courvelles pour un \u00ab classico \u00bb de Bourgogne entre Is-Selongey et le FC Gueugnon&#8230; 2 \u00e9quipes qui se sont affront\u00e9s \u00e0 de nombreuses reprises ces derni\u00e8res ann\u00e9es, que ce ... Lire la suite","og_url":"https:\/\/www.fcgueugnon.fr\/site\/cdf-6e-tour-is-selongey-fc-gueugnon-resultat-resume-video-et-reaction\/52380","og_site_name":"FOOTBALL CLUB GUEUGNON","article_publisher":"http:\/\/facebook.com\/FCGueugnon","article_published_time":"2024-10-28T11:57:28+00:00","article_modified_time":"2024-10-28T21:39:26+00:00","og_image":[{"width":719,"height":1600,"url":"https:\/\/www.fcgueugnon.fr\/site\/wp-content\/uploads\/2024\/10\/WhatsApp-Image-2024-10-26-at-19.55.06.jpeg","type":"image\/jpeg"}],"author":"FC Gueugnon","twitter_card":"summary_large_image","twitter_creator":"@FCGueugnon_off","twitter_site":"@FCGueugnon_off","twitter_misc":{"\u00c9crit par":"FC Gueugnon","Dur\u00e9e de lecture estim\u00e9e":"5 minutes"},"schema":{"@context":"https:\/\/schema.org","@graph":[{"@type":"Article","@id":"https:\/\/www.fcgueugnon.fr\/site\/cdf-6e-tour-is-selongey-fc-gueugnon-resultat-resume-video-et-reaction\/52380#article","isPartOf":{"@id":"https:\/\/www.fcgueugnon.fr\/site\/cdf-6e-tour-is-selongey-fc-gueugnon-resultat-resume-video-et-reaction\/52380"},"author":{"name":"FC Gueugnon","@id":"https:\/\/www.fcgueugnon.fr\/site\/#\/schema\/person\/f6444fbdd35fa731ee974c03508738fb"},"headline":"[CDF 6e Tour : Is Selongey \u2013 FC Gueugnon] R\u00e9sultat, r\u00e9sum\u00e9 vid\u00e9o, et r\u00e9action","datePublished":"2024-10-28T11:57:28+00:00","dateModified":"2024-10-28T21:39:26+00:00","mainEntityOfPage":{"@id":"https:\/\/www.fcgueugnon.fr\/site\/cdf-6e-tour-is-selongey-fc-gueugnon-resultat-resume-video-et-reaction\/52380"},"wordCount":548,"publisher":{"@id":"https:\/\/www.fcgueugnon.fr\/site\/#organization"},"image":{"@id":"https:\/\/www.fcgueugnon.fr\/site\/cdf-6e-tour-is-selongey-fc-gueugnon-resultat-resume-video-et-reaction\/52380#primaryimage"},"thumbnailUrl":"https:\/\/www.fcgueugnon.fr\/site\/wp-content\/uploads\/2024\/10\/WhatsApp-Image-2024-10-26-at-19.55.06.jpeg","keywords":["R\u00e9sultat","Vid\u00e9o"],"articleSection":["News","News 2024\/2025"],"inLanguage":"fr-FR"},{"@type":"WebPage","@id":"https:\/\/www.fcgueugnon.fr\/site\/cdf-6e-tour-is-selongey-fc-gueugnon-resultat-resume-video-et-reaction\/52380","url":"https:\/\/www.fcgueugnon.fr\/site\/cdf-6e-tour-is-selongey-fc-gueugnon-resultat-resume-video-et-reaction\/52380","name":"[CDF 6e Tour : Is Selongey \u2013 FC Gueugnon] R\u00e9sultat, r\u00e9sum\u00e9 vid\u00e9o, et r\u00e9action &#8226; FOOTBALL CLUB GUEUGNON","isPartOf":{"@id":"https:\/\/www.fcgueugnon.fr\/site\/#website"},"primaryImageOfPage":{"@id":"https:\/\/www.fcgueugnon.fr\/site\/cdf-6e-tour-is-selongey-fc-gueugnon-resultat-resume-video-et-reaction\/52380#primaryimage"},"image":{"@id":"https:\/\/www.fcgueugnon.fr\/site\/cdf-6e-tour-is-selongey-fc-gueugnon-resultat-resume-video-et-reaction\/52380#primaryimage"},"thumbnailUrl":"https:\/\/www.fcgueugnon.fr\/site\/wp-content\/uploads\/2024\/10\/WhatsApp-Image-2024-10-26-at-19.55.06.jpeg","datePublished":"2024-10-28T11:57:28+00:00","dateModified":"2024-10-28T21:39:26+00:00","breadcrumb":{"@id":"https:\/\/www.fcgueugnon.fr\/site\/cdf-6e-tour-is-selongey-fc-gueugnon-resultat-resume-video-et-reaction\/52380#breadcrumb"},"inLanguage":"fr-FR","potentialAction":[{"@type":"ReadAction","target":["https:\/\/www.fcgueugnon.fr\/site\/cdf-6e-tour-is-selongey-fc-gueugnon-resultat-resume-video-et-reaction\/52380"]}]},{"@type":"ImageObject","inLanguage":"fr-FR","@id":"https:\/\/www.fcgueugnon.fr\/site\/cdf-6e-tour-is-selongey-fc-gueugnon-resultat-resume-video-et-reaction\/52380#primaryimage","url":"https:\/\/www.fcgueugnon.fr\/site\/wp-content\/uploads\/2024\/10\/WhatsApp-Image-2024-10-26-at-19.55.06.jpeg","contentUrl":"https:\/\/www.fcgueugnon.fr\/site\/wp-content\/uploads\/2024\/10\/WhatsApp-Image-2024-10-26-at-19.55.06.jpeg","width":719,"height":1600},{"@type":"BreadcrumbList","@id":"https:\/\/www.fcgueugnon.fr\/site\/cdf-6e-tour-is-selongey-fc-gueugnon-resultat-resume-video-et-reaction\/52380#breadcrumb","itemListElement":[{"@type":"ListItem","position":1,"name":"Accueil","item":"https:\/\/www.fcgueugnon.fr\/site\/"},{"@type":"ListItem","position":2,"name":"[CDF 6e Tour : Is Selongey \u2013 FC Gueugnon] R\u00e9sultat, r\u00e9sum\u00e9 vid\u00e9o, et r\u00e9action"}]},{"@type":"WebSite","@id":"https:\/\/www.fcgueugnon.fr\/site\/#website","url":"https:\/\/www.fcgueugnon.fr\/site\/","name":"FOOTBALL CLUB GUEUGNON","description":"Le Site Officiel des Forgerons","publisher":{"@id":"https:\/\/www.fcgueugnon.fr\/site\/#organization"},"potentialAction":[{"@type":"SearchAction","target":{"@type":"EntryPoint","urlTemplate":"https:\/\/www.fcgueugnon.fr\/site\/?s={search_term_string}"},"query-input":{"@type":"PropertyValueSpecification","valueRequired":true,"valueName":"search_term_string"}}],"inLanguage":"fr-FR"},{"@type":"Organization","@id":"https:\/\/www.fcgueugnon.fr\/site\/#organization","name":"FC Gueugnon","url":"https:\/\/www.fcgueugnon.fr\/site\/","logo":{"@type":"ImageObject","inLanguage":"fr-FR","@id":"https:\/\/www.fcgueugnon.fr\/site\/#\/schema\/logo\/image\/","url":"https:\/\/www.fcgueugnon.fr\/site\/wp-content\/uploads\/2022\/07\/cropped-Logo-FCGUEUGNON-low-350x350-1.png","contentUrl":"https:\/\/www.fcgueugnon.fr\/site\/wp-content\/uploads\/2022\/07\/cropped-Logo-FCGUEUGNON-low-350x350-1.png","width":350,"height":350,"caption":"FC Gueugnon"},"image":{"@id":"https:\/\/www.fcgueugnon.fr\/site\/#\/schema\/logo\/image\/"},"sameAs":["http:\/\/facebook.com\/FCGueugnon","https:\/\/x.com\/FCGueugnon_off","https:\/\/www.instagram.com\/fcgueugnon\/","https:\/\/www.linkedin.com\/company\/football-club-de-gueugnon\/","https:\/\/www.youtube.com\/user\/FCGueugnonnais","https:\/\/fr.wikipedia.org\/wiki\/Football_Club_de_Gueugnon"]},{"@type":"Person","@id":"https:\/\/www.fcgueugnon.fr\/site\/#\/schema\/person\/f6444fbdd35fa731ee974c03508738fb","name":"FC Gueugnon","sameAs":["https:\/\/www.fcgueugnon.fr\/site"],"url":"https:\/\/www.fcgueugnon.fr\/site\/author\/admin-antho"}]}},"rttpg_featured_image_url":{"full":["https:\/\/www.fcgueugnon.fr\/site\/wp-content\/uploads\/2024\/10\/WhatsApp-Image-2024-10-26-at-19.55.06.jpeg",719,1600,false],"landscape":["https:\/\/www.fcgueugnon.fr\/site\/wp-content\/uploads\/2024\/10\/WhatsApp-Image-2024-10-26-at-19.55.06.jpeg",719,1600,false],"portraits":["https:\/\/www.fcgueugnon.fr\/site\/wp-content\/uploads\/2024\/10\/WhatsApp-Image-2024-10-26-at-19.55.06.jpeg",719,1600,false],"thumbnail":["https:\/\/www.fcgueugnon.fr\/site\/wp-content\/uploads\/2024\/10\/WhatsApp-Image-2024-10-26-at-19.55.06-150x150.jpeg",150,150,true],"medium":["https:\/\/www.fcgueugnon.fr\/site\/wp-content\/uploads\/2024\/10\/WhatsApp-Image-2024-10-26-at-19.55.06-180x400.jpeg",180,400,true],"large":["https:\/\/www.fcgueugnon.fr\/site\/wp-content\/uploads\/2024\/10\/WhatsApp-Image-2024-10-26-at-19.55.06-460x1024.jpeg",460,1024,true],"1536x1536":["https:\/\/www.fcgueugnon.fr\/site\/wp-content\/uploads\/2024\/10\/WhatsApp-Image-2024-10-26-at-19.55.06-690x1536.jpeg",690,1536,true],"2048x2048":["https:\/\/www.fcgueugnon.fr\/site\/wp-content\/uploads\/2024\/10\/WhatsApp-Image-2024-10-26-at-19.55.06.jpeg",719,1600,false]},"rttpg_author":{"display_name":"FC Gueugnon","author_link":"https:\/\/www.fcgueugnon.fr\/site\/author\/admin-antho"},"rttpg_comment":0,"rttpg_category":"<a href=\"https:\/\/www.fcgueugnon.fr\/site\/category\/news\" rel=\"category tag\">News<\/a> <a href=\"https:\/\/www.fcgueugnon.fr\/site\/category\/news\/news-2024-2025\" rel=\"category tag\">News 2024\/2025<\/a>","rttpg_excerpt":"Qualifications des forgerons aux Courvelles dans une longue histoire de gardiens et de coups de pieds arr\u00eat\u00e9s&#8230;. Ce 6eme tour nous avait offert un retour aux Courvelles pour un \u00ab classico \u00bb de Bourgogne entre Is-Selongey et le FC Gueugnon&#8230; 2 \u00e9quipes qui se sont affront\u00e9s \u00e0 de nombreuses reprises ces derni\u00e8res ann\u00e9es, que ce\u2026","_links":{"self":[{"href":"https:\/\/www.fcgueugnon.fr\/site\/wp-json\/wp\/v2\/posts\/52380","targetHints":{"allow":["GET"]}}],"collection":[{"href":"https:\/\/www.fcgueugnon.fr\/site\/wp-json\/wp\/v2\/posts"}],"about":[{"href":"https:\/\/www.fcgueugnon.fr\/site\/wp-json\/wp\/v2\/types\/post"}],"author":[{"embeddable":true,"href":"https:\/\/www.fcgueugnon.fr\/site\/wp-json\/wp\/v2\/users\/1"}],"replies":[{"embeddable":true,"href":"https:\/\/www.fcgueugnon.fr\/site\/wp-json\/wp\/v2\/comments?post=52380"}],"version-history":[{"count":3,"href":"https:\/\/www.fcgueugnon.fr\/site\/wp-json\/wp\/v2\/posts\/52380\/revisions"}],"predecessor-version":[{"id":52390,"href":"https:\/\/www.fcgueugnon.fr\/site\/wp-json\/wp\/v2\/posts\/52380\/revisions\/52390"}],"wp:featuredmedia":[{"embeddable":true,"href":"https:\/\/www.fcgueugnon.fr\/site\/wp-json\/wp\/v2\/media\/52387"}],"wp:attachment":[{"href":"https:\/\/www.fcgueugnon.fr\/site\/wp-json\/wp\/v2\/media?parent=52380"}],"wp:term":[{"taxonomy":"category","embeddable":true,"href":"https:\/\/www.fcgueugnon.fr\/site\/wp-json\/wp\/v2\/categories?post=52380"},{"taxonomy":"post_tag","embeddable":true,"href":"https:\/\/www.fcgueugnon.fr\/site\/wp-json\/wp\/v2\/tags?post=52380"}],"curies":[{"name":"wp","href":"https:\/\/api.w.org\/{rel}","templated":true}]}}