{"id":52352,"date":"2024-10-25T13:18:41","date_gmt":"2024-10-25T11:18:41","guid":{"rendered":"https:\/\/www.fcgueugnon.fr\/site\/?p=52352"},"modified":"2024-10-25T13:18:43","modified_gmt":"2024-10-25T11:18:43","slug":"cdf-6e-tour-is-selongey-fc-gueugnon-retour-a-selongey-pour-les-neo-gueugnonnais","status":"publish","type":"post","link":"https:\/\/www.fcgueugnon.fr\/site\/cdf-6e-tour-is-selongey-fc-gueugnon-retour-a-selongey-pour-les-neo-gueugnonnais\/52352","title":{"rendered":"[CDF 6e Tour : Is Selongey \u2013 FC Gueugnon] Retour \u00e0 Selongey pour les (n\u00e9o-)gueugnonnais !"},"content":{"rendered":"\n<h2 class=\"wp-block-heading\">Dos au mur en championnat, Gueugnon a rendez-vous en coupe au stade des Courvelles pour un \u00ab classico \u00bb de Bourgogne face \u00e0 Is-Selongey ! <\/h2>\n\n\n\n<div class=\"wp-block-getwid-image-box getwid-animation has-text-center has-mobile-layout-default has-mobile-alignment-center\" data-animation=\"pulse\"><div class=\"wp-block-getwid-image-box__image-container is-position-top\"><div class=\"wp-block-getwid-image-box__image-wrapper\"><img loading=\"lazy\" decoding=\"async\" width=\"1024\" height=\"683\" src=\"https:\/\/www.fcgueugnon.fr\/site\/wp-content\/uploads\/2024\/10\/04I7929-1024x683.jpg\" alt=\"\" class=\"wp-block-getwid-image-box__image wp-image-52354\" srcset=\"https:\/\/www.fcgueugnon.fr\/site\/wp-content\/uploads\/2024\/10\/04I7929-1024x683.jpg 1024w, https:\/\/www.fcgueugnon.fr\/site\/wp-content\/uploads\/2024\/10\/04I7929-400x267.jpg 400w, https:\/\/www.fcgueugnon.fr\/site\/wp-content\/uploads\/2024\/10\/04I7929-768x512.jpg 768w, https:\/\/www.fcgueugnon.fr\/site\/wp-content\/uploads\/2024\/10\/04I7929-1536x1024.jpg 1536w, https:\/\/www.fcgueugnon.fr\/site\/wp-content\/uploads\/2024\/10\/04I7929-2048x1365.jpg 2048w, https:\/\/www.fcgueugnon.fr\/site\/wp-content\/uploads\/2024\/10\/04I7929-1320x880.jpg 1320w\" sizes=\"auto, (max-width: 1024px) 100vw, 1024px\" \/><\/div><\/div><div class=\"wp-block-getwid-image-box__content\"><\/div><\/div>\n\n\n\n<div style=\"height:50px\" aria-hidden=\"true\" class=\"wp-block-spacer\"><\/div>\n\n\n\n<div class=\"wp-block-columns is-layout-flex wp-container-core-columns-is-layout-9d6595d7 wp-block-columns-is-layout-flex\">\n<div class=\"wp-block-column is-layout-flow wp-block-column-is-layout-flow\">\n<h3 class=\"wp-block-heading\">\ud83c\udd9a <em><strong>L&rsquo;adversaire <\/strong>: Is Selongey Foot (R1) <\/em><\/h3>\n\n\n\n<p>Apr\u00e8s sa descente en R1 la saison derni\u00e8re, mettant fin \u00e0 10 saisons en N3, Is-Selongey a rebattu les cartes cette saison avec un premier changement et l&rsquo;arriv\u00e9e de <strong>Ludovic Rossi <\/strong>comme nouvel entra\u00eeneur. L&rsquo;\u00e9quipe mise d\u00e9sormais sur un effectif local form\u00e9 de jeunes talents. <strong>Un retour aux sources <\/strong>pour ce club formateur qui revient \u00e0 ses valeurs pour repartir de l&rsquo;avant.<\/p>\n\n\n\n<p>Et cela porte d\u00e9j\u00e0 ses fruits puisqu&rsquo;Is-Selongey est <strong>invaincu \u00e0 ce jour <\/strong>! Une 3e place au championnat avec 12 points (3V 3N 0D). En Coupe, malgr\u00e9 la performance de Mellecey-Mercurey (D1) qui a accroch\u00e9 le nul au 5e tour (2-2), ce sont bien <strong>les c\u00f4te-d&rsquo;oriens qui se sont qualifi\u00e9s aux TABs <\/strong>(3-5) et re\u00e7oivent dans un stade des Courvelles que les forgerons, actuels et anciens, ne connaissent que trop bien ! <\/p>\n<\/div>\n\n\n\n<div class=\"wp-block-column is-layout-flow wp-block-column-is-layout-flow\">\n<h3 class=\"wp-block-heading\">\ud83d\udfe1\ud83d\udd35 <em><strong>Le FC Gueugnon<\/strong><\/em><\/h3>\n\n\n\n<p><strong>Gueugnon est en difficult\u00e9 <\/strong>dans son championnat de N3. Le dernier match, contre un adversaire direct, fut entach\u00e9 d&rsquo;erreurs co\u00fbteuses et d&rsquo;opportunit\u00e9s non transform\u00e9es. Au final, c&rsquo;est avec une d\u00e9faite 0-2 que les gueugnonnais sont revenus de Torcy (<a href=\"https:\/\/www.fcgueugnon.fr\/site\/n3-j06-us-torcy-fc-gueugnon-resultat-et-reactions\/52323\">relire l&rsquo;apr\u00e8s-match<\/a>). <\/p>\n\n\n\n<p>Dos au mur avant <strong>le prochain match de championnat, \u00e0 domicile le 2 novembre prochain <\/strong>contre Moulins Yzeure, les Forgerons passent en mode coupe pour rebondir et retrouver une dynamique positive. <\/p>\n\n\n\n<p>Mais face aux \u00ab <em>cocottes<\/em> \u00bb de<strong> Selongey, dont sont issus quelques n\u00e9o-forgerons<\/strong> de cette saison, les jaunes et bleus auront fort \u00e0 faire pour atteindre le 7eme tour synonyme d&rsquo;entr\u00e9e en lice des clubs de L2 ! <\/p>\n<\/div>\n<\/div>\n\n\n\n<div style=\"height:50px\" aria-hidden=\"true\" class=\"wp-block-spacer\"><\/div>\n\n\n\n<div class=\"wp-block-media-text alignwide has-media-on-the-right is-stacked-on-mobile is-vertically-aligned-center is-style-default\" style=\"grid-template-columns:auto 49%\"><div class=\"wp-block-media-text__content\">\n<h3 class=\"wp-block-heading\">\ud83d\udce3 <em><strong>La d\u00e9cla&rsquo;<\/strong><\/em><\/h3>\n\n\n\n<blockquote class=\"wp-block-quote is-layout-flow wp-block-quote-is-layout-flow\">\n<p><em><strong>\u00ab<\/strong><em> <\/em>Notre position au niveau comptable est d\u00e9licate et la coupe de France arrive au bon moment. Cela nous met directement dans le bain et nous permet d\u2019avoir une bouff\u00e9e d\u2019oxyg\u00e8ne en ces moments difficiles o\u00f9 les erreurs individue<\/em>lles <em>nous co\u00fbtent tr\u00e8s ch\u00e8re&#8230; Il faudra gommer tout \u00e7a. L\u2019\u00e9quipe en a les moyens et le talent <em>\u00bb<\/em><\/em><\/p>\n<cite><strong>Philippe CORREIA (Coach)<\/strong><\/cite><\/blockquote>\n<\/div><figure class=\"wp-block-media-text__media\"><img loading=\"lazy\" decoding=\"async\" width=\"1024\" height=\"659\" src=\"https:\/\/www.fcgueugnon.fr\/site\/wp-content\/uploads\/2023\/05\/Philippe-Correia-1024x659.jpg\" alt=\"\" class=\"wp-image-4469 size-full\" srcset=\"https:\/\/www.fcgueugnon.fr\/site\/wp-content\/uploads\/2023\/05\/Philippe-Correia-1024x659.jpg 1024w, https:\/\/www.fcgueugnon.fr\/site\/wp-content\/uploads\/2023\/05\/Philippe-Correia-400x257.jpg 400w, https:\/\/www.fcgueugnon.fr\/site\/wp-content\/uploads\/2023\/05\/Philippe-Correia-768x494.jpg 768w, https:\/\/www.fcgueugnon.fr\/site\/wp-content\/uploads\/2023\/05\/Philippe-Correia-1320x849.jpg 1320w, https:\/\/www.fcgueugnon.fr\/site\/wp-content\/uploads\/2023\/05\/Philippe-Correia-600x386.jpg 600w, https:\/\/www.fcgueugnon.fr\/site\/wp-content\/uploads\/2023\/05\/Philippe-Correia.jpg 1407w\" sizes=\"auto, (max-width: 1024px) 100vw, 1024px\" \/><\/figure><\/div>\n\n\n\n<div style=\"height:50px\" aria-hidden=\"true\" class=\"wp-block-spacer\"><\/div>\n\n\n\n<p class=\"has-text-align-center is-style-info\"><span style=\"text-decoration: underline;\">Rendez-vous ce samedi 26 Octobre \u00e0 18h00<\/span> pour ce retour aux courvelles !<br><\/p>\n\n\n\n<div style=\"height:5px\" aria-hidden=\"true\" class=\"wp-block-spacer\"><\/div>\n\n\n\n<hr class=\"wp-block-separator has-text-color has-css-opacity has-background is-style-default\" style=\"background-color:#f7db4a;color:#f7db4a\"\/>\n\n\n\n<div style=\"height:5px\" aria-hidden=\"true\" class=\"wp-block-spacer\"><\/div>\n\n\n\n<h3 class=\"wp-block-heading\">\u26bd <strong><em>La fiche<\/em><\/strong><\/h3>\n\n\n\n<h4 class=\"wp-block-heading\"><strong>COUPE DE FRANCE &#8211; 6\u00e8me TOUR<\/strong><br>Samedi 26 Octobre 2024 &#8211; 18H00<br>IS SELONGEY FOOT \/ FC GUEUGNON<\/h4>\n\n\n\n<p><strong>TERRAIN<\/strong><br>STADE DES COURVELLES 1<br>3 RUE DU STADE<br>21260 &#8211; SELONGEY<\/p>\n\n\n\n<p><strong>SURFACE DE JEU<\/strong><br>Pelouse naturelle<\/p>\n\n\n\n<p><strong>OFFICIELS<\/strong><br>Arbitre centre : AURELIEN PLAT<br>Arbitre assistant 1 : CEDRIC JUNG<br>Arbitre assistant 2 : ELIAN DEMONCAY<br>D\u00e9l\u00e9gu\u00e9 principal : GILLES RONDEAU<br>D\u00e9l\u00e9gu\u00e9 accompagnateur : MICHEL NAGEOTTE<\/p>\n\n\n\n<div style=\"height:50px\" aria-hidden=\"true\" class=\"wp-block-spacer\"><\/div>\n\n\n\n<h3 class=\"wp-block-heading\"><strong>Groupe<\/strong><\/h3>\n\n\n\nA retrouver sur nos r\u00e9seaux sociaux apr\u00e8s le dernier entra\u00eenement du samedi\n\n\n\n<div style=\"height:50px\" aria-hidden=\"true\" class=\"wp-block-spacer\"><\/div>\n\n\n\n<h3 class=\"wp-block-heading\">\ud83d\uddd3 <strong>Le 6e tour en Bourgogne Franche-Comt\u00e9<\/strong><\/h3>\n\n\n\n<p><a href=\"https:\/\/lbfc.fff.fr\/competitions?id=420183&amp;poule=5&amp;phase=1&amp;type=cp&amp;tab=resultat\">\u25ba Retrouvez le tirage sur le site de la Ligue BFC<\/a><\/p>\n\n\n\n<div style=\"height:100px\" aria-hidden=\"true\" class=\"wp-block-spacer\"><\/div>\n","protected":false},"excerpt":{"rendered":"<p>Dos au mur en championnat, Gueugnon a rendez-vous en coupe au stade des Courvelles pour un \u00ab classico \u00bb de Bourgogne face \u00e0 Is-Selongey ! \ud83c\udd9a L&rsquo;adversaire : Is Selongey Foot (R1) Apr\u00e8s sa descente en R1 la saison derni\u00e8re, mettant fin \u00e0 10 saisons en N3, Is-Selongey a rebattu les cartes cette saison avec &#8230; <\/p>\n<p class=\"read-more-container\"><a title=\"[CDF 6e Tour : Is Selongey \u2013 FC Gueugnon] Retour \u00e0 Selongey pour les (n\u00e9o-)gueugnonnais !\" class=\"read-more button\" href=\"https:\/\/www.fcgueugnon.fr\/site\/cdf-6e-tour-is-selongey-fc-gueugnon-retour-a-selongey-pour-les-neo-gueugnonnais\/52352#more-52352\" aria-label=\"Plus sur [CDF 6e Tour : Is Selongey \u2013 FC Gueugnon] Retour \u00e0 Selongey pour les (n\u00e9o-)gueugnonnais !\">Lire la suite<\/a><\/p>\n","protected":false},"author":1,"featured_media":52353,"comment_status":"closed","ping_status":"closed","sticky":false,"template":"","format":"standard","meta":{"footnotes":""},"categories":[4,62],"tags":[28],"class_list":["post-52352","post","type-post","status-publish","format-standard","has-post-thumbnail","hentry","category-news","category-news-2024-2025","tag-avant-match","infinite-scroll-item","generate-columns","tablet-grid-50","mobile-grid-100","grid-parent","grid-25","resize-featured-image"],"yoast_head":"<!-- This site is optimized with the Yoast SEO plugin v26.6 - https:\/\/yoast.com\/wordpress\/plugins\/seo\/ -->\n<title>[CDF 6e Tour : Is Selongey \u2013 FC Gueugnon] Retour \u00e0 Selongey pour les (n\u00e9o-)gueugnonnais ! &#8226; FOOTBALL CLUB GUEUGNON<\/title>\n<meta name=\"robots\" content=\"index, follow, max-snippet:-1, max-image-preview:large, max-video-preview:-1\" \/>\n<link rel=\"canonical\" href=\"https:\/\/www.fcgueugnon.fr\/site\/cdf-6e-tour-is-selongey-fc-gueugnon-retour-a-selongey-pour-les-neo-gueugnonnais\/52352\" \/>\n<meta property=\"og:locale\" content=\"fr_FR\" \/>\n<meta property=\"og:type\" content=\"article\" \/>\n<meta property=\"og:title\" content=\"[CDF 6e Tour : Is Selongey \u2013 FC Gueugnon] Retour \u00e0 Selongey pour les (n\u00e9o-)gueugnonnais ! &#8226; FOOTBALL CLUB GUEUGNON\" \/>\n<meta property=\"og:description\" content=\"Dos au mur en championnat, Gueugnon a rendez-vous en coupe au stade des Courvelles pour un \u00ab classico \u00bb de Bourgogne face \u00e0 Is-Selongey ! \ud83c\udd9a L&rsquo;adversaire : Is Selongey Foot (R1) Apr\u00e8s sa descente en R1 la saison derni\u00e8re, mettant fin \u00e0 10 saisons en N3, Is-Selongey a rebattu les cartes cette saison avec ... Lire la suite\" \/>\n<meta property=\"og:url\" content=\"https:\/\/www.fcgueugnon.fr\/site\/cdf-6e-tour-is-selongey-fc-gueugnon-retour-a-selongey-pour-les-neo-gueugnonnais\/52352\" \/>\n<meta property=\"og:site_name\" content=\"FOOTBALL CLUB GUEUGNON\" \/>\n<meta property=\"article:publisher\" content=\"http:\/\/facebook.com\/FCGueugnon\" \/>\n<meta property=\"article:published_time\" content=\"2024-10-25T11:18:41+00:00\" \/>\n<meta property=\"article:modified_time\" content=\"2024-10-25T11:18:43+00:00\" \/>\n<meta property=\"og:image\" content=\"https:\/\/www.fcgueugnon.fr\/site\/wp-content\/uploads\/2024\/10\/avant-match-.png\" \/>\n\t<meta property=\"og:image:width\" content=\"2048\" \/>\n\t<meta property=\"og:image:height\" content=\"1280\" \/>\n\t<meta property=\"og:image:type\" content=\"image\/png\" \/>\n<meta name=\"author\" content=\"FC Gueugnon\" \/>\n<meta name=\"twitter:card\" content=\"summary_large_image\" \/>\n<meta name=\"twitter:creator\" content=\"@FCGueugnon_off\" \/>\n<meta name=\"twitter:site\" content=\"@FCGueugnon_off\" \/>\n<meta name=\"twitter:label1\" content=\"\u00c9crit par\" \/>\n\t<meta name=\"twitter:data1\" content=\"FC Gueugnon\" \/>\n\t<meta name=\"twitter:label2\" content=\"Dur\u00e9e de lecture estim\u00e9e\" \/>\n\t<meta name=\"twitter:data2\" content=\"3 minutes\" \/>\n<script type=\"application\/ld+json\" class=\"yoast-schema-graph\">{\"@context\":\"https:\/\/schema.org\",\"@graph\":[{\"@type\":\"Article\",\"@id\":\"https:\/\/www.fcgueugnon.fr\/site\/cdf-6e-tour-is-selongey-fc-gueugnon-retour-a-selongey-pour-les-neo-gueugnonnais\/52352#article\",\"isPartOf\":{\"@id\":\"https:\/\/www.fcgueugnon.fr\/site\/cdf-6e-tour-is-selongey-fc-gueugnon-retour-a-selongey-pour-les-neo-gueugnonnais\/52352\"},\"author\":{\"name\":\"FC Gueugnon\",\"@id\":\"https:\/\/www.fcgueugnon.fr\/site\/#\/schema\/person\/f6444fbdd35fa731ee974c03508738fb\"},\"headline\":\"[CDF 6e Tour : Is Selongey \u2013 FC Gueugnon] Retour \u00e0 Selongey pour les (n\u00e9o-)gueugnonnais !\",\"datePublished\":\"2024-10-25T11:18:41+00:00\",\"dateModified\":\"2024-10-25T11:18:43+00:00\",\"mainEntityOfPage\":{\"@id\":\"https:\/\/www.fcgueugnon.fr\/site\/cdf-6e-tour-is-selongey-fc-gueugnon-retour-a-selongey-pour-les-neo-gueugnonnais\/52352\"},\"wordCount\":464,\"publisher\":{\"@id\":\"https:\/\/www.fcgueugnon.fr\/site\/#organization\"},\"image\":{\"@id\":\"https:\/\/www.fcgueugnon.fr\/site\/cdf-6e-tour-is-selongey-fc-gueugnon-retour-a-selongey-pour-les-neo-gueugnonnais\/52352#primaryimage\"},\"thumbnailUrl\":\"https:\/\/www.fcgueugnon.fr\/site\/wp-content\/uploads\/2024\/10\/avant-match-.png\",\"keywords\":[\"Avant-match\"],\"articleSection\":[\"News\",\"News 2024\/2025\"],\"inLanguage\":\"fr-FR\"},{\"@type\":\"WebPage\",\"@id\":\"https:\/\/www.fcgueugnon.fr\/site\/cdf-6e-tour-is-selongey-fc-gueugnon-retour-a-selongey-pour-les-neo-gueugnonnais\/52352\",\"url\":\"https:\/\/www.fcgueugnon.fr\/site\/cdf-6e-tour-is-selongey-fc-gueugnon-retour-a-selongey-pour-les-neo-gueugnonnais\/52352\",\"name\":\"[CDF 6e Tour : Is Selongey \u2013 FC Gueugnon] Retour \u00e0 Selongey pour les (n\u00e9o-)gueugnonnais ! &#8226; FOOTBALL CLUB GUEUGNON\",\"isPartOf\":{\"@id\":\"https:\/\/www.fcgueugnon.fr\/site\/#website\"},\"primaryImageOfPage\":{\"@id\":\"https:\/\/www.fcgueugnon.fr\/site\/cdf-6e-tour-is-selongey-fc-gueugnon-retour-a-selongey-pour-les-neo-gueugnonnais\/52352#primaryimage\"},\"image\":{\"@id\":\"https:\/\/www.fcgueugnon.fr\/site\/cdf-6e-tour-is-selongey-fc-gueugnon-retour-a-selongey-pour-les-neo-gueugnonnais\/52352#primaryimage\"},\"thumbnailUrl\":\"https:\/\/www.fcgueugnon.fr\/site\/wp-content\/uploads\/2024\/10\/avant-match-.png\",\"datePublished\":\"2024-10-25T11:18:41+00:00\",\"dateModified\":\"2024-10-25T11:18:43+00:00\",\"breadcrumb\":{\"@id\":\"https:\/\/www.fcgueugnon.fr\/site\/cdf-6e-tour-is-selongey-fc-gueugnon-retour-a-selongey-pour-les-neo-gueugnonnais\/52352#breadcrumb\"},\"inLanguage\":\"fr-FR\",\"potentialAction\":[{\"@type\":\"ReadAction\",\"target\":[\"https:\/\/www.fcgueugnon.fr\/site\/cdf-6e-tour-is-selongey-fc-gueugnon-retour-a-selongey-pour-les-neo-gueugnonnais\/52352\"]}]},{\"@type\":\"ImageObject\",\"inLanguage\":\"fr-FR\",\"@id\":\"https:\/\/www.fcgueugnon.fr\/site\/cdf-6e-tour-is-selongey-fc-gueugnon-retour-a-selongey-pour-les-neo-gueugnonnais\/52352#primaryimage\",\"url\":\"https:\/\/www.fcgueugnon.fr\/site\/wp-content\/uploads\/2024\/10\/avant-match-.png\",\"contentUrl\":\"https:\/\/www.fcgueugnon.fr\/site\/wp-content\/uploads\/2024\/10\/avant-match-.png\",\"width\":2048,\"height\":1280},{\"@type\":\"BreadcrumbList\",\"@id\":\"https:\/\/www.fcgueugnon.fr\/site\/cdf-6e-tour-is-selongey-fc-gueugnon-retour-a-selongey-pour-les-neo-gueugnonnais\/52352#breadcrumb\",\"itemListElement\":[{\"@type\":\"ListItem\",\"position\":1,\"name\":\"Accueil\",\"item\":\"https:\/\/www.fcgueugnon.fr\/site\/\"},{\"@type\":\"ListItem\",\"position\":2,\"name\":\"[CDF 6e Tour : Is Selongey \u2013 FC Gueugnon] Retour \u00e0 Selongey pour les (n\u00e9o-)gueugnonnais !\"}]},{\"@type\":\"WebSite\",\"@id\":\"https:\/\/www.fcgueugnon.fr\/site\/#website\",\"url\":\"https:\/\/www.fcgueugnon.fr\/site\/\",\"name\":\"FOOTBALL CLUB GUEUGNON\",\"description\":\"Le Site Officiel des Forgerons\",\"publisher\":{\"@id\":\"https:\/\/www.fcgueugnon.fr\/site\/#organization\"},\"potentialAction\":[{\"@type\":\"SearchAction\",\"target\":{\"@type\":\"EntryPoint\",\"urlTemplate\":\"https:\/\/www.fcgueugnon.fr\/site\/?s={search_term_string}\"},\"query-input\":{\"@type\":\"PropertyValueSpecification\",\"valueRequired\":true,\"valueName\":\"search_term_string\"}}],\"inLanguage\":\"fr-FR\"},{\"@type\":\"Organization\",\"@id\":\"https:\/\/www.fcgueugnon.fr\/site\/#organization\",\"name\":\"FC Gueugnon\",\"url\":\"https:\/\/www.fcgueugnon.fr\/site\/\",\"logo\":{\"@type\":\"ImageObject\",\"inLanguage\":\"fr-FR\",\"@id\":\"https:\/\/www.fcgueugnon.fr\/site\/#\/schema\/logo\/image\/\",\"url\":\"https:\/\/www.fcgueugnon.fr\/site\/wp-content\/uploads\/2022\/07\/cropped-Logo-FCGUEUGNON-low-350x350-1.png\",\"contentUrl\":\"https:\/\/www.fcgueugnon.fr\/site\/wp-content\/uploads\/2022\/07\/cropped-Logo-FCGUEUGNON-low-350x350-1.png\",\"width\":350,\"height\":350,\"caption\":\"FC Gueugnon\"},\"image\":{\"@id\":\"https:\/\/www.fcgueugnon.fr\/site\/#\/schema\/logo\/image\/\"},\"sameAs\":[\"http:\/\/facebook.com\/FCGueugnon\",\"https:\/\/x.com\/FCGueugnon_off\",\"https:\/\/www.instagram.com\/fcgueugnon\/\",\"https:\/\/www.linkedin.com\/company\/football-club-de-gueugnon\/\",\"https:\/\/www.youtube.com\/user\/FCGueugnonnais\",\"https:\/\/fr.wikipedia.org\/wiki\/Football_Club_de_Gueugnon\"]},{\"@type\":\"Person\",\"@id\":\"https:\/\/www.fcgueugnon.fr\/site\/#\/schema\/person\/f6444fbdd35fa731ee974c03508738fb\",\"name\":\"FC Gueugnon\",\"sameAs\":[\"https:\/\/www.fcgueugnon.fr\/site\"],\"url\":\"https:\/\/www.fcgueugnon.fr\/site\/author\/admin-antho\"}]}<\/script>\n<!-- \/ Yoast SEO plugin. -->","yoast_head_json":{"title":"[CDF 6e Tour : Is Selongey \u2013 FC Gueugnon] Retour \u00e0 Selongey pour les (n\u00e9o-)gueugnonnais ! &#8226; FOOTBALL CLUB GUEUGNON","robots":{"index":"index","follow":"follow","max-snippet":"max-snippet:-1","max-image-preview":"max-image-preview:large","max-video-preview":"max-video-preview:-1"},"canonical":"https:\/\/www.fcgueugnon.fr\/site\/cdf-6e-tour-is-selongey-fc-gueugnon-retour-a-selongey-pour-les-neo-gueugnonnais\/52352","og_locale":"fr_FR","og_type":"article","og_title":"[CDF 6e Tour : Is Selongey \u2013 FC Gueugnon] Retour \u00e0 Selongey pour les (n\u00e9o-)gueugnonnais ! &#8226; FOOTBALL CLUB GUEUGNON","og_description":"Dos au mur en championnat, Gueugnon a rendez-vous en coupe au stade des Courvelles pour un \u00ab classico \u00bb de Bourgogne face \u00e0 Is-Selongey ! \ud83c\udd9a L&rsquo;adversaire : Is Selongey Foot (R1) Apr\u00e8s sa descente en R1 la saison derni\u00e8re, mettant fin \u00e0 10 saisons en N3, Is-Selongey a rebattu les cartes cette saison avec ... Lire la suite","og_url":"https:\/\/www.fcgueugnon.fr\/site\/cdf-6e-tour-is-selongey-fc-gueugnon-retour-a-selongey-pour-les-neo-gueugnonnais\/52352","og_site_name":"FOOTBALL CLUB GUEUGNON","article_publisher":"http:\/\/facebook.com\/FCGueugnon","article_published_time":"2024-10-25T11:18:41+00:00","article_modified_time":"2024-10-25T11:18:43+00:00","og_image":[{"width":2048,"height":1280,"url":"https:\/\/www.fcgueugnon.fr\/site\/wp-content\/uploads\/2024\/10\/avant-match-.png","type":"image\/png"}],"author":"FC Gueugnon","twitter_card":"summary_large_image","twitter_creator":"@FCGueugnon_off","twitter_site":"@FCGueugnon_off","twitter_misc":{"\u00c9crit par":"FC Gueugnon","Dur\u00e9e de lecture estim\u00e9e":"3 minutes"},"schema":{"@context":"https:\/\/schema.org","@graph":[{"@type":"Article","@id":"https:\/\/www.fcgueugnon.fr\/site\/cdf-6e-tour-is-selongey-fc-gueugnon-retour-a-selongey-pour-les-neo-gueugnonnais\/52352#article","isPartOf":{"@id":"https:\/\/www.fcgueugnon.fr\/site\/cdf-6e-tour-is-selongey-fc-gueugnon-retour-a-selongey-pour-les-neo-gueugnonnais\/52352"},"author":{"name":"FC Gueugnon","@id":"https:\/\/www.fcgueugnon.fr\/site\/#\/schema\/person\/f6444fbdd35fa731ee974c03508738fb"},"headline":"[CDF 6e Tour : Is Selongey \u2013 FC Gueugnon] Retour \u00e0 Selongey pour les (n\u00e9o-)gueugnonnais !","datePublished":"2024-10-25T11:18:41+00:00","dateModified":"2024-10-25T11:18:43+00:00","mainEntityOfPage":{"@id":"https:\/\/www.fcgueugnon.fr\/site\/cdf-6e-tour-is-selongey-fc-gueugnon-retour-a-selongey-pour-les-neo-gueugnonnais\/52352"},"wordCount":464,"publisher":{"@id":"https:\/\/www.fcgueugnon.fr\/site\/#organization"},"image":{"@id":"https:\/\/www.fcgueugnon.fr\/site\/cdf-6e-tour-is-selongey-fc-gueugnon-retour-a-selongey-pour-les-neo-gueugnonnais\/52352#primaryimage"},"thumbnailUrl":"https:\/\/www.fcgueugnon.fr\/site\/wp-content\/uploads\/2024\/10\/avant-match-.png","keywords":["Avant-match"],"articleSection":["News","News 2024\/2025"],"inLanguage":"fr-FR"},{"@type":"WebPage","@id":"https:\/\/www.fcgueugnon.fr\/site\/cdf-6e-tour-is-selongey-fc-gueugnon-retour-a-selongey-pour-les-neo-gueugnonnais\/52352","url":"https:\/\/www.fcgueugnon.fr\/site\/cdf-6e-tour-is-selongey-fc-gueugnon-retour-a-selongey-pour-les-neo-gueugnonnais\/52352","name":"[CDF 6e Tour : Is Selongey \u2013 FC Gueugnon] Retour \u00e0 Selongey pour les (n\u00e9o-)gueugnonnais ! &#8226; FOOTBALL CLUB GUEUGNON","isPartOf":{"@id":"https:\/\/www.fcgueugnon.fr\/site\/#website"},"primaryImageOfPage":{"@id":"https:\/\/www.fcgueugnon.fr\/site\/cdf-6e-tour-is-selongey-fc-gueugnon-retour-a-selongey-pour-les-neo-gueugnonnais\/52352#primaryimage"},"image":{"@id":"https:\/\/www.fcgueugnon.fr\/site\/cdf-6e-tour-is-selongey-fc-gueugnon-retour-a-selongey-pour-les-neo-gueugnonnais\/52352#primaryimage"},"thumbnailUrl":"https:\/\/www.fcgueugnon.fr\/site\/wp-content\/uploads\/2024\/10\/avant-match-.png","datePublished":"2024-10-25T11:18:41+00:00","dateModified":"2024-10-25T11:18:43+00:00","breadcrumb":{"@id":"https:\/\/www.fcgueugnon.fr\/site\/cdf-6e-tour-is-selongey-fc-gueugnon-retour-a-selongey-pour-les-neo-gueugnonnais\/52352#breadcrumb"},"inLanguage":"fr-FR","potentialAction":[{"@type":"ReadAction","target":["https:\/\/www.fcgueugnon.fr\/site\/cdf-6e-tour-is-selongey-fc-gueugnon-retour-a-selongey-pour-les-neo-gueugnonnais\/52352"]}]},{"@type":"ImageObject","inLanguage":"fr-FR","@id":"https:\/\/www.fcgueugnon.fr\/site\/cdf-6e-tour-is-selongey-fc-gueugnon-retour-a-selongey-pour-les-neo-gueugnonnais\/52352#primaryimage","url":"https:\/\/www.fcgueugnon.fr\/site\/wp-content\/uploads\/2024\/10\/avant-match-.png","contentUrl":"https:\/\/www.fcgueugnon.fr\/site\/wp-content\/uploads\/2024\/10\/avant-match-.png","width":2048,"height":1280},{"@type":"BreadcrumbList","@id":"https:\/\/www.fcgueugnon.fr\/site\/cdf-6e-tour-is-selongey-fc-gueugnon-retour-a-selongey-pour-les-neo-gueugnonnais\/52352#breadcrumb","itemListElement":[{"@type":"ListItem","position":1,"name":"Accueil","item":"https:\/\/www.fcgueugnon.fr\/site\/"},{"@type":"ListItem","position":2,"name":"[CDF 6e Tour : Is Selongey \u2013 FC Gueugnon] Retour \u00e0 Selongey pour les (n\u00e9o-)gueugnonnais !"}]},{"@type":"WebSite","@id":"https:\/\/www.fcgueugnon.fr\/site\/#website","url":"https:\/\/www.fcgueugnon.fr\/site\/","name":"FOOTBALL CLUB GUEUGNON","description":"Le Site Officiel des Forgerons","publisher":{"@id":"https:\/\/www.fcgueugnon.fr\/site\/#organization"},"potentialAction":[{"@type":"SearchAction","target":{"@type":"EntryPoint","urlTemplate":"https:\/\/www.fcgueugnon.fr\/site\/?s={search_term_string}"},"query-input":{"@type":"PropertyValueSpecification","valueRequired":true,"valueName":"search_term_string"}}],"inLanguage":"fr-FR"},{"@type":"Organization","@id":"https:\/\/www.fcgueugnon.fr\/site\/#organization","name":"FC Gueugnon","url":"https:\/\/www.fcgueugnon.fr\/site\/","logo":{"@type":"ImageObject","inLanguage":"fr-FR","@id":"https:\/\/www.fcgueugnon.fr\/site\/#\/schema\/logo\/image\/","url":"https:\/\/www.fcgueugnon.fr\/site\/wp-content\/uploads\/2022\/07\/cropped-Logo-FCGUEUGNON-low-350x350-1.png","contentUrl":"https:\/\/www.fcgueugnon.fr\/site\/wp-content\/uploads\/2022\/07\/cropped-Logo-FCGUEUGNON-low-350x350-1.png","width":350,"height":350,"caption":"FC Gueugnon"},"image":{"@id":"https:\/\/www.fcgueugnon.fr\/site\/#\/schema\/logo\/image\/"},"sameAs":["http:\/\/facebook.com\/FCGueugnon","https:\/\/x.com\/FCGueugnon_off","https:\/\/www.instagram.com\/fcgueugnon\/","https:\/\/www.linkedin.com\/company\/football-club-de-gueugnon\/","https:\/\/www.youtube.com\/user\/FCGueugnonnais","https:\/\/fr.wikipedia.org\/wiki\/Football_Club_de_Gueugnon"]},{"@type":"Person","@id":"https:\/\/www.fcgueugnon.fr\/site\/#\/schema\/person\/f6444fbdd35fa731ee974c03508738fb","name":"FC Gueugnon","sameAs":["https:\/\/www.fcgueugnon.fr\/site"],"url":"https:\/\/www.fcgueugnon.fr\/site\/author\/admin-antho"}]}},"rttpg_featured_image_url":{"full":["https:\/\/www.fcgueugnon.fr\/site\/wp-content\/uploads\/2024\/10\/avant-match-.png",2048,1280,false],"landscape":["https:\/\/www.fcgueugnon.fr\/site\/wp-content\/uploads\/2024\/10\/avant-match-.png",2048,1280,false],"portraits":["https:\/\/www.fcgueugnon.fr\/site\/wp-content\/uploads\/2024\/10\/avant-match-.png",2048,1280,false],"thumbnail":["https:\/\/www.fcgueugnon.fr\/site\/wp-content\/uploads\/2024\/10\/avant-match--150x150.png",150,150,true],"medium":["https:\/\/www.fcgueugnon.fr\/site\/wp-content\/uploads\/2024\/10\/avant-match--400x250.png",400,250,true],"large":["https:\/\/www.fcgueugnon.fr\/site\/wp-content\/uploads\/2024\/10\/avant-match--1024x640.png",1024,640,true],"1536x1536":["https:\/\/www.fcgueugnon.fr\/site\/wp-content\/uploads\/2024\/10\/avant-match--1536x960.png",1536,960,true],"2048x2048":["https:\/\/www.fcgueugnon.fr\/site\/wp-content\/uploads\/2024\/10\/avant-match-.png",2048,1280,false]},"rttpg_author":{"display_name":"FC Gueugnon","author_link":"https:\/\/www.fcgueugnon.fr\/site\/author\/admin-antho"},"rttpg_comment":0,"rttpg_category":"<a href=\"https:\/\/www.fcgueugnon.fr\/site\/category\/news\" rel=\"category tag\">News<\/a> <a href=\"https:\/\/www.fcgueugnon.fr\/site\/category\/news\/news-2024-2025\" rel=\"category tag\">News 2024\/2025<\/a>","rttpg_excerpt":"Dos au mur en championnat, Gueugnon a rendez-vous en coupe au stade des Courvelles pour un \u00ab classico \u00bb de Bourgogne face \u00e0 Is-Selongey ! \ud83c\udd9a L&rsquo;adversaire : Is Selongey Foot (R1) Apr\u00e8s sa descente en R1 la saison derni\u00e8re, mettant fin \u00e0 10 saisons en N3, Is-Selongey a rebattu les cartes cette saison avec\u2026","_links":{"self":[{"href":"https:\/\/www.fcgueugnon.fr\/site\/wp-json\/wp\/v2\/posts\/52352","targetHints":{"allow":["GET"]}}],"collection":[{"href":"https:\/\/www.fcgueugnon.fr\/site\/wp-json\/wp\/v2\/posts"}],"about":[{"href":"https:\/\/www.fcgueugnon.fr\/site\/wp-json\/wp\/v2\/types\/post"}],"author":[{"embeddable":true,"href":"https:\/\/www.fcgueugnon.fr\/site\/wp-json\/wp\/v2\/users\/1"}],"replies":[{"embeddable":true,"href":"https:\/\/www.fcgueugnon.fr\/site\/wp-json\/wp\/v2\/comments?post=52352"}],"version-history":[{"count":2,"href":"https:\/\/www.fcgueugnon.fr\/site\/wp-json\/wp\/v2\/posts\/52352\/revisions"}],"predecessor-version":[{"id":52356,"href":"https:\/\/www.fcgueugnon.fr\/site\/wp-json\/wp\/v2\/posts\/52352\/revisions\/52356"}],"wp:featuredmedia":[{"embeddable":true,"href":"https:\/\/www.fcgueugnon.fr\/site\/wp-json\/wp\/v2\/media\/52353"}],"wp:attachment":[{"href":"https:\/\/www.fcgueugnon.fr\/site\/wp-json\/wp\/v2\/media?parent=52352"}],"wp:term":[{"taxonomy":"category","embeddable":true,"href":"https:\/\/www.fcgueugnon.fr\/site\/wp-json\/wp\/v2\/categories?post=52352"},{"taxonomy":"post_tag","embeddable":true,"href":"https:\/\/www.fcgueugnon.fr\/site\/wp-json\/wp\/v2\/tags?post=52352"}],"curies":[{"name":"wp","href":"https:\/\/api.w.org\/{rel}","templated":true}]}}