{"id":52181,"date":"2024-10-16T18:06:04","date_gmt":"2024-10-16T16:06:04","guid":{"rendered":"https:\/\/www.fcgueugnon.fr\/site\/?p=52181"},"modified":"2024-10-18T12:26:34","modified_gmt":"2024-10-18T10:26:34","slug":"stade-jean-laville-le-fc-martigues-evoluera-a-jean-laville","status":"publish","type":"post","link":"https:\/\/www.fcgueugnon.fr\/site\/stade-jean-laville-le-fc-martigues-evoluera-a-jean-laville\/52181","title":{"rendered":"[Stade Jean Laville] Le FC Martigues \u00e9voluera \u00e0 Jean Laville"},"content":{"rendered":"\n<h3 class=\"wp-block-heading\">La <strong>Ville de Gueugnon <\/strong>et <strong>le FC Gueugnon<\/strong> ont le plaisir d&rsquo;accueillir le<strong> FC Martigues<\/strong> en repli au stade Jean Laville pour la p\u00e9riode du 18 octobre au 31 d\u00e9cembre.<\/h3>\n\n\n\n<p>V\u00e9ritable h\u00e9ritage de la grande histoire du FC Gueugnon, <strong>le stade Jean Laville <\/strong>sera \u00e0 nouveau mis en lumi\u00e8re cette saison, en <strong>Ligue 2<\/strong>, avec la venue du club de PACA. Un nouveau gage pour la qualit\u00e9 de nos installations, de nos prestations et de l&rsquo;entretien r\u00e9alis\u00e9 r\u00e9guli\u00e8rement par la ville pour cet \u00e9quipement d&rsquo;exception !<\/p>\n\n\n\n<hr class=\"wp-block-separator has-alpha-channel-opacity\"\/>\n\n\n\n<p class=\"has-text-align-left\">La premi\u00e8re rencontre aura lieu <strong>ce vendredi \u00e0 20h00 <\/strong>avec la r\u00e9ception du <strong>Rodez Aveyron Football. <\/strong><br>Un guichet billetterie sur place et une buvette seront \u00e0 votre disposition pour savourer cette belle affiche !<\/p>\n\n\n\n<p class=\"has-text-align-left\"><strong>Billetterie \u00e0 partir de 18h30 sur place. Tarif unique de 10\u20ac en tribune Nord. Ouverture des portes \u00e0 19h.<\/strong><br><\/p>\n\n\n<div class=\"wp-block-image has-lightbox\">\n<figure class=\"aligncenter size-medium\"><img loading=\"lazy\" decoding=\"async\" width=\"320\" height=\"400\" src=\"https:\/\/www.fcgueugnon.fr\/site\/wp-content\/uploads\/2024\/10\/FCM-RAF-2-320x400.png\" alt=\"\" class=\"wp-image-52233\" srcset=\"https:\/\/www.fcgueugnon.fr\/site\/wp-content\/uploads\/2024\/10\/FCM-RAF-2-320x400.png 320w, https:\/\/www.fcgueugnon.fr\/site\/wp-content\/uploads\/2024\/10\/FCM-RAF-2-819x1024.png 819w, https:\/\/www.fcgueugnon.fr\/site\/wp-content\/uploads\/2024\/10\/FCM-RAF-2-768x960.png 768w, https:\/\/www.fcgueugnon.fr\/site\/wp-content\/uploads\/2024\/10\/FCM-RAF-2-1229x1536.png 1229w, https:\/\/www.fcgueugnon.fr\/site\/wp-content\/uploads\/2024\/10\/FCM-RAF-2-1638x2048.png 1638w, https:\/\/www.fcgueugnon.fr\/site\/wp-content\/uploads\/2024\/10\/FCM-RAF-2-1320x1650.png 1320w, https:\/\/www.fcgueugnon.fr\/site\/wp-content\/uploads\/2024\/10\/FCM-RAF-2.png 2000w\" sizes=\"auto, (max-width: 320px) 100vw, 320px\" \/><\/figure>\n<\/div>\n\n\n<div style=\"height:10px\" aria-hidden=\"true\" class=\"wp-block-spacer\"><\/div>\n\n\n\n<p>Bienvenue FC Martigues !<\/p>\n\n\n\n<center><iframe loading=\"lazy\" src=\"https:\/\/www.facebook.com\/plugins\/post.php?href=https%3A%2F%2Fwww.facebook.com%2Ffcmartiguesofficiel%2Fposts%2Fpfbid02PT7oNyCv6BZUpiHk6L7noXY1pW9Vbt6aoo2oD8qWRZstXexHMbM8u6e3JQf1DY3tl&#038;show_text=true&#038;width=500\" width=\"500\" height=\"462\" style=\"border:none;overflow:hidden\" scrolling=\"no\" frameborder=\"0\" allowfullscreen=\"true\" allow=\"autoplay; clipboard-write; encrypted-media; picture-in-picture; web-share\"><\/iframe><\/center>\n","protected":false},"excerpt":{"rendered":"<p>La Ville de Gueugnon et le FC Gueugnon ont le plaisir d&rsquo;accueillir le FC Martigues en repli au stade Jean Laville pour la p\u00e9riode du 18 octobre au 31 d\u00e9cembre. V\u00e9ritable h\u00e9ritage de la grande histoire du FC Gueugnon, le stade Jean Laville sera \u00e0 nouveau mis en lumi\u00e8re cette saison, en Ligue 2, avec &#8230; <\/p>\n<p class=\"read-more-container\"><a title=\"[Stade Jean Laville] Le FC Martigues \u00e9voluera \u00e0 Jean Laville\" class=\"read-more button\" href=\"https:\/\/www.fcgueugnon.fr\/site\/stade-jean-laville-le-fc-martigues-evoluera-a-jean-laville\/52181#more-52181\" aria-label=\"Plus sur [Stade Jean Laville] Le FC Martigues \u00e9voluera \u00e0 Jean Laville\">Lire la suite<\/a><\/p>\n","protected":false},"author":1,"featured_media":653,"comment_status":"closed","ping_status":"closed","sticky":false,"template":"","format":"standard","meta":{"footnotes":""},"categories":[4,62],"tags":[19],"class_list":["post-52181","post","type-post","status-publish","format-standard","has-post-thumbnail","hentry","category-news","category-news-2024-2025","tag-stade-jean-laville","infinite-scroll-item","generate-columns","tablet-grid-50","mobile-grid-100","grid-parent","grid-25"],"yoast_head":"<!-- This site is optimized with the Yoast SEO plugin v26.6 - https:\/\/yoast.com\/wordpress\/plugins\/seo\/ -->\n<title>[Stade Jean Laville] Le FC Martigues \u00e9voluera \u00e0 Jean Laville &#8226; FOOTBALL CLUB GUEUGNON<\/title>\n<meta name=\"robots\" content=\"index, follow, max-snippet:-1, max-image-preview:large, max-video-preview:-1\" \/>\n<link rel=\"canonical\" href=\"https:\/\/www.fcgueugnon.fr\/site\/stade-jean-laville-le-fc-martigues-evoluera-a-jean-laville\/52181\" \/>\n<meta property=\"og:locale\" content=\"fr_FR\" \/>\n<meta property=\"og:type\" content=\"article\" \/>\n<meta property=\"og:title\" content=\"[Stade Jean Laville] Le FC Martigues \u00e9voluera \u00e0 Jean Laville &#8226; FOOTBALL CLUB GUEUGNON\" \/>\n<meta property=\"og:description\" content=\"La Ville de Gueugnon et le FC Gueugnon ont le plaisir d&rsquo;accueillir le FC Martigues en repli au stade Jean Laville pour la p\u00e9riode du 18 octobre au 31 d\u00e9cembre. V\u00e9ritable h\u00e9ritage de la grande histoire du FC Gueugnon, le stade Jean Laville sera \u00e0 nouveau mis en lumi\u00e8re cette saison, en Ligue 2, avec ... Lire la suite\" \/>\n<meta property=\"og:url\" content=\"https:\/\/www.fcgueugnon.fr\/site\/stade-jean-laville-le-fc-martigues-evoluera-a-jean-laville\/52181\" \/>\n<meta property=\"og:site_name\" content=\"FOOTBALL CLUB GUEUGNON\" \/>\n<meta property=\"article:publisher\" content=\"http:\/\/facebook.com\/FCGueugnon\" \/>\n<meta property=\"article:published_time\" content=\"2024-10-16T16:06:04+00:00\" \/>\n<meta property=\"article:modified_time\" content=\"2024-10-18T10:26:34+00:00\" \/>\n<meta property=\"og:image\" content=\"https:\/\/www.fcgueugnon.fr\/site\/wp-content\/uploads\/2022\/08\/stade-Jean-Laville-Gueugnon-tribune-Nord.jpg\" \/>\n\t<meta property=\"og:image:width\" content=\"2048\" \/>\n\t<meta property=\"og:image:height\" content=\"1365\" \/>\n\t<meta property=\"og:image:type\" content=\"image\/jpeg\" \/>\n<meta name=\"author\" content=\"FC Gueugnon\" \/>\n<meta name=\"twitter:card\" content=\"summary_large_image\" \/>\n<meta name=\"twitter:creator\" content=\"@FCGueugnon_off\" \/>\n<meta name=\"twitter:site\" content=\"@FCGueugnon_off\" \/>\n<meta name=\"twitter:label1\" content=\"\u00c9crit par\" \/>\n\t<meta name=\"twitter:data1\" content=\"FC Gueugnon\" \/>\n\t<meta name=\"twitter:label2\" content=\"Dur\u00e9e de lecture estim\u00e9e\" \/>\n\t<meta name=\"twitter:data2\" content=\"2 minutes\" \/>\n<script type=\"application\/ld+json\" class=\"yoast-schema-graph\">{\"@context\":\"https:\/\/schema.org\",\"@graph\":[{\"@type\":\"Article\",\"@id\":\"https:\/\/www.fcgueugnon.fr\/site\/stade-jean-laville-le-fc-martigues-evoluera-a-jean-laville\/52181#article\",\"isPartOf\":{\"@id\":\"https:\/\/www.fcgueugnon.fr\/site\/stade-jean-laville-le-fc-martigues-evoluera-a-jean-laville\/52181\"},\"author\":{\"name\":\"FC Gueugnon\",\"@id\":\"https:\/\/www.fcgueugnon.fr\/site\/#\/schema\/person\/f6444fbdd35fa731ee974c03508738fb\"},\"headline\":\"[Stade Jean Laville] Le FC Martigues \u00e9voluera \u00e0 Jean Laville\",\"datePublished\":\"2024-10-16T16:06:04+00:00\",\"dateModified\":\"2024-10-18T10:26:34+00:00\",\"mainEntityOfPage\":{\"@id\":\"https:\/\/www.fcgueugnon.fr\/site\/stade-jean-laville-le-fc-martigues-evoluera-a-jean-laville\/52181\"},\"wordCount\":153,\"publisher\":{\"@id\":\"https:\/\/www.fcgueugnon.fr\/site\/#organization\"},\"image\":{\"@id\":\"https:\/\/www.fcgueugnon.fr\/site\/stade-jean-laville-le-fc-martigues-evoluera-a-jean-laville\/52181#primaryimage\"},\"thumbnailUrl\":\"https:\/\/www.fcgueugnon.fr\/site\/wp-content\/uploads\/2022\/08\/stade-Jean-Laville-Gueugnon-tribune-Nord.jpg\",\"keywords\":[\"stade Jean Laville\"],\"articleSection\":[\"News\",\"News 2024\/2025\"],\"inLanguage\":\"fr-FR\"},{\"@type\":\"WebPage\",\"@id\":\"https:\/\/www.fcgueugnon.fr\/site\/stade-jean-laville-le-fc-martigues-evoluera-a-jean-laville\/52181\",\"url\":\"https:\/\/www.fcgueugnon.fr\/site\/stade-jean-laville-le-fc-martigues-evoluera-a-jean-laville\/52181\",\"name\":\"[Stade Jean Laville] Le FC Martigues \u00e9voluera \u00e0 Jean Laville &#8226; FOOTBALL CLUB GUEUGNON\",\"isPartOf\":{\"@id\":\"https:\/\/www.fcgueugnon.fr\/site\/#website\"},\"primaryImageOfPage\":{\"@id\":\"https:\/\/www.fcgueugnon.fr\/site\/stade-jean-laville-le-fc-martigues-evoluera-a-jean-laville\/52181#primaryimage\"},\"image\":{\"@id\":\"https:\/\/www.fcgueugnon.fr\/site\/stade-jean-laville-le-fc-martigues-evoluera-a-jean-laville\/52181#primaryimage\"},\"thumbnailUrl\":\"https:\/\/www.fcgueugnon.fr\/site\/wp-content\/uploads\/2022\/08\/stade-Jean-Laville-Gueugnon-tribune-Nord.jpg\",\"datePublished\":\"2024-10-16T16:06:04+00:00\",\"dateModified\":\"2024-10-18T10:26:34+00:00\",\"breadcrumb\":{\"@id\":\"https:\/\/www.fcgueugnon.fr\/site\/stade-jean-laville-le-fc-martigues-evoluera-a-jean-laville\/52181#breadcrumb\"},\"inLanguage\":\"fr-FR\",\"potentialAction\":[{\"@type\":\"ReadAction\",\"target\":[\"https:\/\/www.fcgueugnon.fr\/site\/stade-jean-laville-le-fc-martigues-evoluera-a-jean-laville\/52181\"]}]},{\"@type\":\"ImageObject\",\"inLanguage\":\"fr-FR\",\"@id\":\"https:\/\/www.fcgueugnon.fr\/site\/stade-jean-laville-le-fc-martigues-evoluera-a-jean-laville\/52181#primaryimage\",\"url\":\"https:\/\/www.fcgueugnon.fr\/site\/wp-content\/uploads\/2022\/08\/stade-Jean-Laville-Gueugnon-tribune-Nord.jpg\",\"contentUrl\":\"https:\/\/www.fcgueugnon.fr\/site\/wp-content\/uploads\/2022\/08\/stade-Jean-Laville-Gueugnon-tribune-Nord.jpg\",\"width\":2048,\"height\":1365,\"caption\":\"www.FCGueugnon.fr\"},{\"@type\":\"BreadcrumbList\",\"@id\":\"https:\/\/www.fcgueugnon.fr\/site\/stade-jean-laville-le-fc-martigues-evoluera-a-jean-laville\/52181#breadcrumb\",\"itemListElement\":[{\"@type\":\"ListItem\",\"position\":1,\"name\":\"Accueil\",\"item\":\"https:\/\/www.fcgueugnon.fr\/site\/\"},{\"@type\":\"ListItem\",\"position\":2,\"name\":\"[Stade Jean Laville] Le FC Martigues \u00e9voluera \u00e0 Jean Laville\"}]},{\"@type\":\"WebSite\",\"@id\":\"https:\/\/www.fcgueugnon.fr\/site\/#website\",\"url\":\"https:\/\/www.fcgueugnon.fr\/site\/\",\"name\":\"FOOTBALL CLUB GUEUGNON\",\"description\":\"Le Site Officiel des Forgerons\",\"publisher\":{\"@id\":\"https:\/\/www.fcgueugnon.fr\/site\/#organization\"},\"potentialAction\":[{\"@type\":\"SearchAction\",\"target\":{\"@type\":\"EntryPoint\",\"urlTemplate\":\"https:\/\/www.fcgueugnon.fr\/site\/?s={search_term_string}\"},\"query-input\":{\"@type\":\"PropertyValueSpecification\",\"valueRequired\":true,\"valueName\":\"search_term_string\"}}],\"inLanguage\":\"fr-FR\"},{\"@type\":\"Organization\",\"@id\":\"https:\/\/www.fcgueugnon.fr\/site\/#organization\",\"name\":\"FC Gueugnon\",\"url\":\"https:\/\/www.fcgueugnon.fr\/site\/\",\"logo\":{\"@type\":\"ImageObject\",\"inLanguage\":\"fr-FR\",\"@id\":\"https:\/\/www.fcgueugnon.fr\/site\/#\/schema\/logo\/image\/\",\"url\":\"https:\/\/www.fcgueugnon.fr\/site\/wp-content\/uploads\/2022\/07\/cropped-Logo-FCGUEUGNON-low-350x350-1.png\",\"contentUrl\":\"https:\/\/www.fcgueugnon.fr\/site\/wp-content\/uploads\/2022\/07\/cropped-Logo-FCGUEUGNON-low-350x350-1.png\",\"width\":350,\"height\":350,\"caption\":\"FC Gueugnon\"},\"image\":{\"@id\":\"https:\/\/www.fcgueugnon.fr\/site\/#\/schema\/logo\/image\/\"},\"sameAs\":[\"http:\/\/facebook.com\/FCGueugnon\",\"https:\/\/x.com\/FCGueugnon_off\",\"https:\/\/www.instagram.com\/fcgueugnon\/\",\"https:\/\/www.linkedin.com\/company\/football-club-de-gueugnon\/\",\"https:\/\/www.youtube.com\/user\/FCGueugnonnais\",\"https:\/\/fr.wikipedia.org\/wiki\/Football_Club_de_Gueugnon\"]},{\"@type\":\"Person\",\"@id\":\"https:\/\/www.fcgueugnon.fr\/site\/#\/schema\/person\/f6444fbdd35fa731ee974c03508738fb\",\"name\":\"FC Gueugnon\",\"sameAs\":[\"https:\/\/www.fcgueugnon.fr\/site\"],\"url\":\"https:\/\/www.fcgueugnon.fr\/site\/author\/admin-antho\"}]}<\/script>\n<!-- \/ Yoast SEO plugin. -->","yoast_head_json":{"title":"[Stade Jean Laville] Le FC Martigues \u00e9voluera \u00e0 Jean Laville &#8226; FOOTBALL CLUB GUEUGNON","robots":{"index":"index","follow":"follow","max-snippet":"max-snippet:-1","max-image-preview":"max-image-preview:large","max-video-preview":"max-video-preview:-1"},"canonical":"https:\/\/www.fcgueugnon.fr\/site\/stade-jean-laville-le-fc-martigues-evoluera-a-jean-laville\/52181","og_locale":"fr_FR","og_type":"article","og_title":"[Stade Jean Laville] Le FC Martigues \u00e9voluera \u00e0 Jean Laville &#8226; FOOTBALL CLUB GUEUGNON","og_description":"La Ville de Gueugnon et le FC Gueugnon ont le plaisir d&rsquo;accueillir le FC Martigues en repli au stade Jean Laville pour la p\u00e9riode du 18 octobre au 31 d\u00e9cembre. V\u00e9ritable h\u00e9ritage de la grande histoire du FC Gueugnon, le stade Jean Laville sera \u00e0 nouveau mis en lumi\u00e8re cette saison, en Ligue 2, avec ... Lire la suite","og_url":"https:\/\/www.fcgueugnon.fr\/site\/stade-jean-laville-le-fc-martigues-evoluera-a-jean-laville\/52181","og_site_name":"FOOTBALL CLUB GUEUGNON","article_publisher":"http:\/\/facebook.com\/FCGueugnon","article_published_time":"2024-10-16T16:06:04+00:00","article_modified_time":"2024-10-18T10:26:34+00:00","og_image":[{"width":2048,"height":1365,"url":"https:\/\/www.fcgueugnon.fr\/site\/wp-content\/uploads\/2022\/08\/stade-Jean-Laville-Gueugnon-tribune-Nord.jpg","type":"image\/jpeg"}],"author":"FC Gueugnon","twitter_card":"summary_large_image","twitter_creator":"@FCGueugnon_off","twitter_site":"@FCGueugnon_off","twitter_misc":{"\u00c9crit par":"FC Gueugnon","Dur\u00e9e de lecture estim\u00e9e":"2 minutes"},"schema":{"@context":"https:\/\/schema.org","@graph":[{"@type":"Article","@id":"https:\/\/www.fcgueugnon.fr\/site\/stade-jean-laville-le-fc-martigues-evoluera-a-jean-laville\/52181#article","isPartOf":{"@id":"https:\/\/www.fcgueugnon.fr\/site\/stade-jean-laville-le-fc-martigues-evoluera-a-jean-laville\/52181"},"author":{"name":"FC Gueugnon","@id":"https:\/\/www.fcgueugnon.fr\/site\/#\/schema\/person\/f6444fbdd35fa731ee974c03508738fb"},"headline":"[Stade Jean Laville] Le FC Martigues \u00e9voluera \u00e0 Jean Laville","datePublished":"2024-10-16T16:06:04+00:00","dateModified":"2024-10-18T10:26:34+00:00","mainEntityOfPage":{"@id":"https:\/\/www.fcgueugnon.fr\/site\/stade-jean-laville-le-fc-martigues-evoluera-a-jean-laville\/52181"},"wordCount":153,"publisher":{"@id":"https:\/\/www.fcgueugnon.fr\/site\/#organization"},"image":{"@id":"https:\/\/www.fcgueugnon.fr\/site\/stade-jean-laville-le-fc-martigues-evoluera-a-jean-laville\/52181#primaryimage"},"thumbnailUrl":"https:\/\/www.fcgueugnon.fr\/site\/wp-content\/uploads\/2022\/08\/stade-Jean-Laville-Gueugnon-tribune-Nord.jpg","keywords":["stade Jean Laville"],"articleSection":["News","News 2024\/2025"],"inLanguage":"fr-FR"},{"@type":"WebPage","@id":"https:\/\/www.fcgueugnon.fr\/site\/stade-jean-laville-le-fc-martigues-evoluera-a-jean-laville\/52181","url":"https:\/\/www.fcgueugnon.fr\/site\/stade-jean-laville-le-fc-martigues-evoluera-a-jean-laville\/52181","name":"[Stade Jean Laville] Le FC Martigues \u00e9voluera \u00e0 Jean Laville &#8226; FOOTBALL CLUB GUEUGNON","isPartOf":{"@id":"https:\/\/www.fcgueugnon.fr\/site\/#website"},"primaryImageOfPage":{"@id":"https:\/\/www.fcgueugnon.fr\/site\/stade-jean-laville-le-fc-martigues-evoluera-a-jean-laville\/52181#primaryimage"},"image":{"@id":"https:\/\/www.fcgueugnon.fr\/site\/stade-jean-laville-le-fc-martigues-evoluera-a-jean-laville\/52181#primaryimage"},"thumbnailUrl":"https:\/\/www.fcgueugnon.fr\/site\/wp-content\/uploads\/2022\/08\/stade-Jean-Laville-Gueugnon-tribune-Nord.jpg","datePublished":"2024-10-16T16:06:04+00:00","dateModified":"2024-10-18T10:26:34+00:00","breadcrumb":{"@id":"https:\/\/www.fcgueugnon.fr\/site\/stade-jean-laville-le-fc-martigues-evoluera-a-jean-laville\/52181#breadcrumb"},"inLanguage":"fr-FR","potentialAction":[{"@type":"ReadAction","target":["https:\/\/www.fcgueugnon.fr\/site\/stade-jean-laville-le-fc-martigues-evoluera-a-jean-laville\/52181"]}]},{"@type":"ImageObject","inLanguage":"fr-FR","@id":"https:\/\/www.fcgueugnon.fr\/site\/stade-jean-laville-le-fc-martigues-evoluera-a-jean-laville\/52181#primaryimage","url":"https:\/\/www.fcgueugnon.fr\/site\/wp-content\/uploads\/2022\/08\/stade-Jean-Laville-Gueugnon-tribune-Nord.jpg","contentUrl":"https:\/\/www.fcgueugnon.fr\/site\/wp-content\/uploads\/2022\/08\/stade-Jean-Laville-Gueugnon-tribune-Nord.jpg","width":2048,"height":1365,"caption":"www.FCGueugnon.fr"},{"@type":"BreadcrumbList","@id":"https:\/\/www.fcgueugnon.fr\/site\/stade-jean-laville-le-fc-martigues-evoluera-a-jean-laville\/52181#breadcrumb","itemListElement":[{"@type":"ListItem","position":1,"name":"Accueil","item":"https:\/\/www.fcgueugnon.fr\/site\/"},{"@type":"ListItem","position":2,"name":"[Stade Jean Laville] Le FC Martigues \u00e9voluera \u00e0 Jean Laville"}]},{"@type":"WebSite","@id":"https:\/\/www.fcgueugnon.fr\/site\/#website","url":"https:\/\/www.fcgueugnon.fr\/site\/","name":"FOOTBALL CLUB GUEUGNON","description":"Le Site Officiel des Forgerons","publisher":{"@id":"https:\/\/www.fcgueugnon.fr\/site\/#organization"},"potentialAction":[{"@type":"SearchAction","target":{"@type":"EntryPoint","urlTemplate":"https:\/\/www.fcgueugnon.fr\/site\/?s={search_term_string}"},"query-input":{"@type":"PropertyValueSpecification","valueRequired":true,"valueName":"search_term_string"}}],"inLanguage":"fr-FR"},{"@type":"Organization","@id":"https:\/\/www.fcgueugnon.fr\/site\/#organization","name":"FC Gueugnon","url":"https:\/\/www.fcgueugnon.fr\/site\/","logo":{"@type":"ImageObject","inLanguage":"fr-FR","@id":"https:\/\/www.fcgueugnon.fr\/site\/#\/schema\/logo\/image\/","url":"https:\/\/www.fcgueugnon.fr\/site\/wp-content\/uploads\/2022\/07\/cropped-Logo-FCGUEUGNON-low-350x350-1.png","contentUrl":"https:\/\/www.fcgueugnon.fr\/site\/wp-content\/uploads\/2022\/07\/cropped-Logo-FCGUEUGNON-low-350x350-1.png","width":350,"height":350,"caption":"FC Gueugnon"},"image":{"@id":"https:\/\/www.fcgueugnon.fr\/site\/#\/schema\/logo\/image\/"},"sameAs":["http:\/\/facebook.com\/FCGueugnon","https:\/\/x.com\/FCGueugnon_off","https:\/\/www.instagram.com\/fcgueugnon\/","https:\/\/www.linkedin.com\/company\/football-club-de-gueugnon\/","https:\/\/www.youtube.com\/user\/FCGueugnonnais","https:\/\/fr.wikipedia.org\/wiki\/Football_Club_de_Gueugnon"]},{"@type":"Person","@id":"https:\/\/www.fcgueugnon.fr\/site\/#\/schema\/person\/f6444fbdd35fa731ee974c03508738fb","name":"FC Gueugnon","sameAs":["https:\/\/www.fcgueugnon.fr\/site"],"url":"https:\/\/www.fcgueugnon.fr\/site\/author\/admin-antho"}]}},"rttpg_featured_image_url":{"full":["https:\/\/www.fcgueugnon.fr\/site\/wp-content\/uploads\/2022\/08\/stade-Jean-Laville-Gueugnon-tribune-Nord.jpg",2048,1365,false],"landscape":["https:\/\/www.fcgueugnon.fr\/site\/wp-content\/uploads\/2022\/08\/stade-Jean-Laville-Gueugnon-tribune-Nord.jpg",2048,1365,false],"portraits":["https:\/\/www.fcgueugnon.fr\/site\/wp-content\/uploads\/2022\/08\/stade-Jean-Laville-Gueugnon-tribune-Nord.jpg",2048,1365,false],"thumbnail":["https:\/\/www.fcgueugnon.fr\/site\/wp-content\/uploads\/2022\/08\/stade-Jean-Laville-Gueugnon-tribune-Nord-150x150.jpg",150,150,true],"medium":["https:\/\/www.fcgueugnon.fr\/site\/wp-content\/uploads\/2022\/08\/stade-Jean-Laville-Gueugnon-tribune-Nord-400x267.jpg",400,267,true],"large":["https:\/\/www.fcgueugnon.fr\/site\/wp-content\/uploads\/2022\/08\/stade-Jean-Laville-Gueugnon-tribune-Nord-1024x683.jpg",1024,683,true],"1536x1536":["https:\/\/www.fcgueugnon.fr\/site\/wp-content\/uploads\/2022\/08\/stade-Jean-Laville-Gueugnon-tribune-Nord-1536x1024.jpg",1536,1024,true],"2048x2048":["https:\/\/www.fcgueugnon.fr\/site\/wp-content\/uploads\/2022\/08\/stade-Jean-Laville-Gueugnon-tribune-Nord.jpg",2048,1365,false]},"rttpg_author":{"display_name":"FC Gueugnon","author_link":"https:\/\/www.fcgueugnon.fr\/site\/author\/admin-antho"},"rttpg_comment":0,"rttpg_category":"<a href=\"https:\/\/www.fcgueugnon.fr\/site\/category\/news\" rel=\"category tag\">News<\/a> <a href=\"https:\/\/www.fcgueugnon.fr\/site\/category\/news\/news-2024-2025\" rel=\"category tag\">News 2024\/2025<\/a>","rttpg_excerpt":"La Ville de Gueugnon et le FC Gueugnon ont le plaisir d&rsquo;accueillir le FC Martigues en repli au stade Jean Laville pour la p\u00e9riode du 18 octobre au 31 d\u00e9cembre. V\u00e9ritable h\u00e9ritage de la grande histoire du FC Gueugnon, le stade Jean Laville sera \u00e0 nouveau mis en lumi\u00e8re cette saison, en Ligue 2, avec\u2026","_links":{"self":[{"href":"https:\/\/www.fcgueugnon.fr\/site\/wp-json\/wp\/v2\/posts\/52181","targetHints":{"allow":["GET"]}}],"collection":[{"href":"https:\/\/www.fcgueugnon.fr\/site\/wp-json\/wp\/v2\/posts"}],"about":[{"href":"https:\/\/www.fcgueugnon.fr\/site\/wp-json\/wp\/v2\/types\/post"}],"author":[{"embeddable":true,"href":"https:\/\/www.fcgueugnon.fr\/site\/wp-json\/wp\/v2\/users\/1"}],"replies":[{"embeddable":true,"href":"https:\/\/www.fcgueugnon.fr\/site\/wp-json\/wp\/v2\/comments?post=52181"}],"version-history":[{"count":7,"href":"https:\/\/www.fcgueugnon.fr\/site\/wp-json\/wp\/v2\/posts\/52181\/revisions"}],"predecessor-version":[{"id":52268,"href":"https:\/\/www.fcgueugnon.fr\/site\/wp-json\/wp\/v2\/posts\/52181\/revisions\/52268"}],"wp:featuredmedia":[{"embeddable":true,"href":"https:\/\/www.fcgueugnon.fr\/site\/wp-json\/wp\/v2\/media\/653"}],"wp:attachment":[{"href":"https:\/\/www.fcgueugnon.fr\/site\/wp-json\/wp\/v2\/media?parent=52181"}],"wp:term":[{"taxonomy":"category","embeddable":true,"href":"https:\/\/www.fcgueugnon.fr\/site\/wp-json\/wp\/v2\/categories?post=52181"},{"taxonomy":"post_tag","embeddable":true,"href":"https:\/\/www.fcgueugnon.fr\/site\/wp-json\/wp\/v2\/tags?post=52181"}],"curies":[{"name":"wp","href":"https:\/\/api.w.org\/{rel}","templated":true}]}}