{"id":52145,"date":"2024-10-09T11:55:00","date_gmt":"2024-10-09T09:55:00","guid":{"rendered":"https:\/\/www.fcgueugnon.fr\/site\/?p=52145"},"modified":"2024-10-10T11:52:32","modified_gmt":"2024-10-10T09:52:32","slug":"le-fc-gueugnon-sengage-pour-octobre-rose","status":"publish","type":"post","link":"https:\/\/www.fcgueugnon.fr\/site\/le-fc-gueugnon-sengage-pour-octobre-rose\/52145","title":{"rendered":"Le FC Gueugnon s\u2019engage pour Octobre Rose"},"content":{"rendered":"\n<h2 class=\"wp-block-heading\"><strong><strong>Cette ann\u00e9e encore, Octobre Rose \u00e9tait \u00e0 l&rsquo;honneur au stade Jean Laville !  <\/strong><\/strong><\/h2>\n\n\n\n<p>Un logo rose sur nos r\u00e9seaux sociaux et un soutien affich\u00e9 \u00e0 la <strong>T\u00e9m\u00e9raire de Charolles <\/strong>ainsi qu&rsquo;\u00e0 la <strong>Gueugnonnaise de Gueugnon.<\/strong>.. A nouveau, le FCG a souhait\u00e9 accompagner ce mois de sensibilisation et de solidarit\u00e9 d\u00e9di\u00e9 \u00e0 la lutte contre le cancer du sein, en arborant ce samedi des maillots rose lors de l&rsquo;entr\u00e9e des joueurs sur la pelouse de Jean Laville. <\/p>\n\n\n\n<p class=\"has-text-align-center\"><strong>Ensemble, mobilisons-nous pour la lutte contre le cancer du sein<\/strong><\/p>\n\n\n\n<div style=\"height:20px\" aria-hidden=\"true\" class=\"wp-block-spacer\"><\/div>\n\n\n\n<figure class=\"wp-block-gallery has-nested-images columns-2 has-lightbox wp-block-gallery-1 is-layout-flex wp-block-gallery-is-layout-flex\">\n<figure class=\"wp-block-image size-large\"><img loading=\"lazy\" decoding=\"async\" width=\"1024\" height=\"461\" data-id=\"52136\" src=\"https:\/\/www.fcgueugnon.fr\/site\/wp-content\/uploads\/2024\/10\/octobre-rose-la-gueugnonaise-la-temeraire-Gueugnon-2-1024x461.jpg\" alt=\"\" class=\"wp-image-52136\" srcset=\"https:\/\/www.fcgueugnon.fr\/site\/wp-content\/uploads\/2024\/10\/octobre-rose-la-gueugnonaise-la-temeraire-Gueugnon-2-1024x461.jpg 1024w, https:\/\/www.fcgueugnon.fr\/site\/wp-content\/uploads\/2024\/10\/octobre-rose-la-gueugnonaise-la-temeraire-Gueugnon-2-400x180.jpg 400w, https:\/\/www.fcgueugnon.fr\/site\/wp-content\/uploads\/2024\/10\/octobre-rose-la-gueugnonaise-la-temeraire-Gueugnon-2-768x346.jpg 768w, https:\/\/www.fcgueugnon.fr\/site\/wp-content\/uploads\/2024\/10\/octobre-rose-la-gueugnonaise-la-temeraire-Gueugnon-2-1536x691.jpg 1536w, https:\/\/www.fcgueugnon.fr\/site\/wp-content\/uploads\/2024\/10\/octobre-rose-la-gueugnonaise-la-temeraire-Gueugnon-2-2048x922.jpg 2048w, https:\/\/www.fcgueugnon.fr\/site\/wp-content\/uploads\/2024\/10\/octobre-rose-la-gueugnonaise-la-temeraire-Gueugnon-2-1320x594.jpg 1320w\" sizes=\"auto, (max-width: 1024px) 100vw, 1024px\" \/><\/figure>\n\n\n\n<figure class=\"wp-block-image size-large\"><img loading=\"lazy\" decoding=\"async\" width=\"1024\" height=\"461\" data-id=\"52133\" src=\"https:\/\/www.fcgueugnon.fr\/site\/wp-content\/uploads\/2024\/10\/octobre-rose-la-gueugnonaise-la-temeraire-Gueugnon-1-1024x461.jpg\" alt=\"\" class=\"wp-image-52133\" srcset=\"https:\/\/www.fcgueugnon.fr\/site\/wp-content\/uploads\/2024\/10\/octobre-rose-la-gueugnonaise-la-temeraire-Gueugnon-1-1024x461.jpg 1024w, https:\/\/www.fcgueugnon.fr\/site\/wp-content\/uploads\/2024\/10\/octobre-rose-la-gueugnonaise-la-temeraire-Gueugnon-1-400x180.jpg 400w, https:\/\/www.fcgueugnon.fr\/site\/wp-content\/uploads\/2024\/10\/octobre-rose-la-gueugnonaise-la-temeraire-Gueugnon-1-768x346.jpg 768w, https:\/\/www.fcgueugnon.fr\/site\/wp-content\/uploads\/2024\/10\/octobre-rose-la-gueugnonaise-la-temeraire-Gueugnon-1-1536x691.jpg 1536w, https:\/\/www.fcgueugnon.fr\/site\/wp-content\/uploads\/2024\/10\/octobre-rose-la-gueugnonaise-la-temeraire-Gueugnon-1-2048x922.jpg 2048w, https:\/\/www.fcgueugnon.fr\/site\/wp-content\/uploads\/2024\/10\/octobre-rose-la-gueugnonaise-la-temeraire-Gueugnon-1-1320x594.jpg 1320w\" sizes=\"auto, (max-width: 1024px) 100vw, 1024px\" \/><\/figure>\n<\/figure>\n\n\n\n<div style=\"height:100px\" aria-hidden=\"true\" class=\"wp-block-spacer\"><\/div>\n\n\n<div class=\"wp-block-image\">\n<figure class=\"aligncenter size-medium\"><img loading=\"lazy\" decoding=\"async\" width=\"400\" height=\"400\" src=\"https:\/\/www.fcgueugnon.fr\/site\/wp-content\/uploads\/2024\/10\/logo-fc-gueugnon-rose-400x400.jpg\" alt=\"\" class=\"wp-image-52146\" srcset=\"https:\/\/www.fcgueugnon.fr\/site\/wp-content\/uploads\/2024\/10\/logo-fc-gueugnon-rose-400x400.jpg 400w, https:\/\/www.fcgueugnon.fr\/site\/wp-content\/uploads\/2024\/10\/logo-fc-gueugnon-rose-1024x1024.jpg 1024w, https:\/\/www.fcgueugnon.fr\/site\/wp-content\/uploads\/2024\/10\/logo-fc-gueugnon-rose-150x150.jpg 150w, https:\/\/www.fcgueugnon.fr\/site\/wp-content\/uploads\/2024\/10\/logo-fc-gueugnon-rose-768x768.jpg 768w, https:\/\/www.fcgueugnon.fr\/site\/wp-content\/uploads\/2024\/10\/logo-fc-gueugnon-rose-1536x1536.jpg 1536w, https:\/\/www.fcgueugnon.fr\/site\/wp-content\/uploads\/2024\/10\/logo-fc-gueugnon-rose-1320x1320.jpg 1320w, https:\/\/www.fcgueugnon.fr\/site\/wp-content\/uploads\/2024\/10\/logo-fc-gueugnon-rose.jpg 2048w\" sizes=\"auto, (max-width: 400px) 100vw, 400px\" \/><\/figure>\n<\/div>","protected":false},"excerpt":{"rendered":"<p>Cette ann\u00e9e encore, Octobre Rose \u00e9tait \u00e0 l&rsquo;honneur au stade Jean Laville ! Un logo rose sur nos r\u00e9seaux sociaux et un soutien affich\u00e9 \u00e0 la T\u00e9m\u00e9raire de Charolles ainsi qu&rsquo;\u00e0 la Gueugnonnaise de Gueugnon&#8230; A nouveau, le FCG a souhait\u00e9 accompagner ce mois de sensibilisation et de solidarit\u00e9 d\u00e9di\u00e9 \u00e0 la lutte contre le &#8230; <\/p>\n<p class=\"read-more-container\"><a title=\"Le FC Gueugnon s\u2019engage pour Octobre Rose\" class=\"read-more button\" href=\"https:\/\/www.fcgueugnon.fr\/site\/le-fc-gueugnon-sengage-pour-octobre-rose\/52145#more-52145\" aria-label=\"Plus sur Le FC Gueugnon s\u2019engage pour Octobre Rose\">Lire la suite<\/a><\/p>\n","protected":false},"author":1,"featured_media":52133,"comment_status":"closed","ping_status":"closed","sticky":true,"template":"","format":"standard","meta":{"footnotes":""},"categories":[4,62],"tags":[34],"class_list":["post-52145","post","type-post","status-publish","format-standard","has-post-thumbnail","hentry","category-news","category-news-2024-2025","tag-extra-sportif","infinite-scroll-item","generate-columns","tablet-grid-50","mobile-grid-100","grid-parent","grid-25","resize-featured-image"],"yoast_head":"<!-- This site is optimized with the Yoast SEO plugin v26.6 - https:\/\/yoast.com\/wordpress\/plugins\/seo\/ -->\n<title>Le FC Gueugnon s\u2019engage pour Octobre Rose &#8226; FOOTBALL CLUB GUEUGNON<\/title>\n<meta name=\"robots\" content=\"index, follow, max-snippet:-1, max-image-preview:large, max-video-preview:-1\" \/>\n<link rel=\"canonical\" href=\"https:\/\/www.fcgueugnon.fr\/site\/le-fc-gueugnon-sengage-pour-octobre-rose\/52145\" \/>\n<meta property=\"og:locale\" content=\"fr_FR\" \/>\n<meta property=\"og:type\" content=\"article\" \/>\n<meta property=\"og:title\" content=\"Le FC Gueugnon s\u2019engage pour Octobre Rose &#8226; FOOTBALL CLUB GUEUGNON\" \/>\n<meta property=\"og:description\" content=\"Cette ann\u00e9e encore, Octobre Rose \u00e9tait \u00e0 l&rsquo;honneur au stade Jean Laville ! Un logo rose sur nos r\u00e9seaux sociaux et un soutien affich\u00e9 \u00e0 la T\u00e9m\u00e9raire de Charolles ainsi qu&rsquo;\u00e0 la Gueugnonnaise de Gueugnon... A nouveau, le FCG a souhait\u00e9 accompagner ce mois de sensibilisation et de solidarit\u00e9 d\u00e9di\u00e9 \u00e0 la lutte contre le ... Lire la suite\" \/>\n<meta property=\"og:url\" content=\"https:\/\/www.fcgueugnon.fr\/site\/le-fc-gueugnon-sengage-pour-octobre-rose\/52145\" \/>\n<meta property=\"og:site_name\" content=\"FOOTBALL CLUB GUEUGNON\" \/>\n<meta property=\"article:publisher\" content=\"http:\/\/facebook.com\/FCGueugnon\" \/>\n<meta property=\"article:published_time\" content=\"2024-10-09T09:55:00+00:00\" \/>\n<meta property=\"article:modified_time\" content=\"2024-10-10T09:52:32+00:00\" \/>\n<meta property=\"og:image\" content=\"https:\/\/www.fcgueugnon.fr\/site\/wp-content\/uploads\/2024\/10\/octobre-rose-la-gueugnonaise-la-temeraire-Gueugnon-1-scaled.jpg\" \/>\n\t<meta property=\"og:image:width\" content=\"2560\" \/>\n\t<meta property=\"og:image:height\" content=\"1152\" \/>\n\t<meta property=\"og:image:type\" content=\"image\/jpeg\" \/>\n<meta name=\"author\" content=\"FC Gueugnon\" \/>\n<meta name=\"twitter:card\" content=\"summary_large_image\" \/>\n<meta name=\"twitter:creator\" content=\"@FCGueugnon_off\" \/>\n<meta name=\"twitter:site\" content=\"@FCGueugnon_off\" \/>\n<meta name=\"twitter:label1\" content=\"\u00c9crit par\" \/>\n\t<meta name=\"twitter:data1\" content=\"FC Gueugnon\" \/>\n\t<meta name=\"twitter:label2\" content=\"Dur\u00e9e de lecture estim\u00e9e\" \/>\n\t<meta name=\"twitter:data2\" content=\"2 minutes\" \/>\n<script type=\"application\/ld+json\" class=\"yoast-schema-graph\">{\"@context\":\"https:\/\/schema.org\",\"@graph\":[{\"@type\":\"Article\",\"@id\":\"https:\/\/www.fcgueugnon.fr\/site\/le-fc-gueugnon-sengage-pour-octobre-rose\/52145#article\",\"isPartOf\":{\"@id\":\"https:\/\/www.fcgueugnon.fr\/site\/le-fc-gueugnon-sengage-pour-octobre-rose\/52145\"},\"author\":{\"name\":\"FC Gueugnon\",\"@id\":\"https:\/\/www.fcgueugnon.fr\/site\/#\/schema\/person\/f6444fbdd35fa731ee974c03508738fb\"},\"headline\":\"Le FC Gueugnon s\u2019engage pour Octobre Rose\",\"datePublished\":\"2024-10-09T09:55:00+00:00\",\"dateModified\":\"2024-10-10T09:52:32+00:00\",\"mainEntityOfPage\":{\"@id\":\"https:\/\/www.fcgueugnon.fr\/site\/le-fc-gueugnon-sengage-pour-octobre-rose\/52145\"},\"wordCount\":98,\"publisher\":{\"@id\":\"https:\/\/www.fcgueugnon.fr\/site\/#organization\"},\"image\":{\"@id\":\"https:\/\/www.fcgueugnon.fr\/site\/le-fc-gueugnon-sengage-pour-octobre-rose\/52145#primaryimage\"},\"thumbnailUrl\":\"https:\/\/www.fcgueugnon.fr\/site\/wp-content\/uploads\/2024\/10\/octobre-rose-la-gueugnonaise-la-temeraire-Gueugnon-1-scaled.jpg\",\"keywords\":[\"extra-sportif\"],\"articleSection\":[\"News\",\"News 2024\/2025\"],\"inLanguage\":\"fr-FR\"},{\"@type\":\"WebPage\",\"@id\":\"https:\/\/www.fcgueugnon.fr\/site\/le-fc-gueugnon-sengage-pour-octobre-rose\/52145\",\"url\":\"https:\/\/www.fcgueugnon.fr\/site\/le-fc-gueugnon-sengage-pour-octobre-rose\/52145\",\"name\":\"Le FC Gueugnon s\u2019engage pour Octobre Rose &#8226; FOOTBALL CLUB GUEUGNON\",\"isPartOf\":{\"@id\":\"https:\/\/www.fcgueugnon.fr\/site\/#website\"},\"primaryImageOfPage\":{\"@id\":\"https:\/\/www.fcgueugnon.fr\/site\/le-fc-gueugnon-sengage-pour-octobre-rose\/52145#primaryimage\"},\"image\":{\"@id\":\"https:\/\/www.fcgueugnon.fr\/site\/le-fc-gueugnon-sengage-pour-octobre-rose\/52145#primaryimage\"},\"thumbnailUrl\":\"https:\/\/www.fcgueugnon.fr\/site\/wp-content\/uploads\/2024\/10\/octobre-rose-la-gueugnonaise-la-temeraire-Gueugnon-1-scaled.jpg\",\"datePublished\":\"2024-10-09T09:55:00+00:00\",\"dateModified\":\"2024-10-10T09:52:32+00:00\",\"breadcrumb\":{\"@id\":\"https:\/\/www.fcgueugnon.fr\/site\/le-fc-gueugnon-sengage-pour-octobre-rose\/52145#breadcrumb\"},\"inLanguage\":\"fr-FR\",\"potentialAction\":[{\"@type\":\"ReadAction\",\"target\":[\"https:\/\/www.fcgueugnon.fr\/site\/le-fc-gueugnon-sengage-pour-octobre-rose\/52145\"]}]},{\"@type\":\"ImageObject\",\"inLanguage\":\"fr-FR\",\"@id\":\"https:\/\/www.fcgueugnon.fr\/site\/le-fc-gueugnon-sengage-pour-octobre-rose\/52145#primaryimage\",\"url\":\"https:\/\/www.fcgueugnon.fr\/site\/wp-content\/uploads\/2024\/10\/octobre-rose-la-gueugnonaise-la-temeraire-Gueugnon-1-scaled.jpg\",\"contentUrl\":\"https:\/\/www.fcgueugnon.fr\/site\/wp-content\/uploads\/2024\/10\/octobre-rose-la-gueugnonaise-la-temeraire-Gueugnon-1-scaled.jpg\",\"width\":2560,\"height\":1152},{\"@type\":\"BreadcrumbList\",\"@id\":\"https:\/\/www.fcgueugnon.fr\/site\/le-fc-gueugnon-sengage-pour-octobre-rose\/52145#breadcrumb\",\"itemListElement\":[{\"@type\":\"ListItem\",\"position\":1,\"name\":\"Accueil\",\"item\":\"https:\/\/www.fcgueugnon.fr\/site\/\"},{\"@type\":\"ListItem\",\"position\":2,\"name\":\"Le FC Gueugnon s\u2019engage pour Octobre Rose\"}]},{\"@type\":\"WebSite\",\"@id\":\"https:\/\/www.fcgueugnon.fr\/site\/#website\",\"url\":\"https:\/\/www.fcgueugnon.fr\/site\/\",\"name\":\"FOOTBALL CLUB GUEUGNON\",\"description\":\"Le Site Officiel des Forgerons\",\"publisher\":{\"@id\":\"https:\/\/www.fcgueugnon.fr\/site\/#organization\"},\"potentialAction\":[{\"@type\":\"SearchAction\",\"target\":{\"@type\":\"EntryPoint\",\"urlTemplate\":\"https:\/\/www.fcgueugnon.fr\/site\/?s={search_term_string}\"},\"query-input\":{\"@type\":\"PropertyValueSpecification\",\"valueRequired\":true,\"valueName\":\"search_term_string\"}}],\"inLanguage\":\"fr-FR\"},{\"@type\":\"Organization\",\"@id\":\"https:\/\/www.fcgueugnon.fr\/site\/#organization\",\"name\":\"FC Gueugnon\",\"url\":\"https:\/\/www.fcgueugnon.fr\/site\/\",\"logo\":{\"@type\":\"ImageObject\",\"inLanguage\":\"fr-FR\",\"@id\":\"https:\/\/www.fcgueugnon.fr\/site\/#\/schema\/logo\/image\/\",\"url\":\"https:\/\/www.fcgueugnon.fr\/site\/wp-content\/uploads\/2022\/07\/cropped-Logo-FCGUEUGNON-low-350x350-1.png\",\"contentUrl\":\"https:\/\/www.fcgueugnon.fr\/site\/wp-content\/uploads\/2022\/07\/cropped-Logo-FCGUEUGNON-low-350x350-1.png\",\"width\":350,\"height\":350,\"caption\":\"FC Gueugnon\"},\"image\":{\"@id\":\"https:\/\/www.fcgueugnon.fr\/site\/#\/schema\/logo\/image\/\"},\"sameAs\":[\"http:\/\/facebook.com\/FCGueugnon\",\"https:\/\/x.com\/FCGueugnon_off\",\"https:\/\/www.instagram.com\/fcgueugnon\/\",\"https:\/\/www.linkedin.com\/company\/football-club-de-gueugnon\/\",\"https:\/\/www.youtube.com\/user\/FCGueugnonnais\",\"https:\/\/fr.wikipedia.org\/wiki\/Football_Club_de_Gueugnon\"]},{\"@type\":\"Person\",\"@id\":\"https:\/\/www.fcgueugnon.fr\/site\/#\/schema\/person\/f6444fbdd35fa731ee974c03508738fb\",\"name\":\"FC Gueugnon\",\"sameAs\":[\"https:\/\/www.fcgueugnon.fr\/site\"],\"url\":\"https:\/\/www.fcgueugnon.fr\/site\/author\/admin-antho\"}]}<\/script>\n<!-- \/ Yoast SEO plugin. -->","yoast_head_json":{"title":"Le FC Gueugnon s\u2019engage pour Octobre Rose &#8226; FOOTBALL CLUB GUEUGNON","robots":{"index":"index","follow":"follow","max-snippet":"max-snippet:-1","max-image-preview":"max-image-preview:large","max-video-preview":"max-video-preview:-1"},"canonical":"https:\/\/www.fcgueugnon.fr\/site\/le-fc-gueugnon-sengage-pour-octobre-rose\/52145","og_locale":"fr_FR","og_type":"article","og_title":"Le FC Gueugnon s\u2019engage pour Octobre Rose &#8226; FOOTBALL CLUB GUEUGNON","og_description":"Cette ann\u00e9e encore, Octobre Rose \u00e9tait \u00e0 l&rsquo;honneur au stade Jean Laville ! Un logo rose sur nos r\u00e9seaux sociaux et un soutien affich\u00e9 \u00e0 la T\u00e9m\u00e9raire de Charolles ainsi qu&rsquo;\u00e0 la Gueugnonnaise de Gueugnon... A nouveau, le FCG a souhait\u00e9 accompagner ce mois de sensibilisation et de solidarit\u00e9 d\u00e9di\u00e9 \u00e0 la lutte contre le ... Lire la suite","og_url":"https:\/\/www.fcgueugnon.fr\/site\/le-fc-gueugnon-sengage-pour-octobre-rose\/52145","og_site_name":"FOOTBALL CLUB GUEUGNON","article_publisher":"http:\/\/facebook.com\/FCGueugnon","article_published_time":"2024-10-09T09:55:00+00:00","article_modified_time":"2024-10-10T09:52:32+00:00","og_image":[{"width":2560,"height":1152,"url":"https:\/\/www.fcgueugnon.fr\/site\/wp-content\/uploads\/2024\/10\/octobre-rose-la-gueugnonaise-la-temeraire-Gueugnon-1-scaled.jpg","type":"image\/jpeg"}],"author":"FC Gueugnon","twitter_card":"summary_large_image","twitter_creator":"@FCGueugnon_off","twitter_site":"@FCGueugnon_off","twitter_misc":{"\u00c9crit par":"FC Gueugnon","Dur\u00e9e de lecture estim\u00e9e":"2 minutes"},"schema":{"@context":"https:\/\/schema.org","@graph":[{"@type":"Article","@id":"https:\/\/www.fcgueugnon.fr\/site\/le-fc-gueugnon-sengage-pour-octobre-rose\/52145#article","isPartOf":{"@id":"https:\/\/www.fcgueugnon.fr\/site\/le-fc-gueugnon-sengage-pour-octobre-rose\/52145"},"author":{"name":"FC Gueugnon","@id":"https:\/\/www.fcgueugnon.fr\/site\/#\/schema\/person\/f6444fbdd35fa731ee974c03508738fb"},"headline":"Le FC Gueugnon s\u2019engage pour Octobre Rose","datePublished":"2024-10-09T09:55:00+00:00","dateModified":"2024-10-10T09:52:32+00:00","mainEntityOfPage":{"@id":"https:\/\/www.fcgueugnon.fr\/site\/le-fc-gueugnon-sengage-pour-octobre-rose\/52145"},"wordCount":98,"publisher":{"@id":"https:\/\/www.fcgueugnon.fr\/site\/#organization"},"image":{"@id":"https:\/\/www.fcgueugnon.fr\/site\/le-fc-gueugnon-sengage-pour-octobre-rose\/52145#primaryimage"},"thumbnailUrl":"https:\/\/www.fcgueugnon.fr\/site\/wp-content\/uploads\/2024\/10\/octobre-rose-la-gueugnonaise-la-temeraire-Gueugnon-1-scaled.jpg","keywords":["extra-sportif"],"articleSection":["News","News 2024\/2025"],"inLanguage":"fr-FR"},{"@type":"WebPage","@id":"https:\/\/www.fcgueugnon.fr\/site\/le-fc-gueugnon-sengage-pour-octobre-rose\/52145","url":"https:\/\/www.fcgueugnon.fr\/site\/le-fc-gueugnon-sengage-pour-octobre-rose\/52145","name":"Le FC Gueugnon s\u2019engage pour Octobre Rose &#8226; FOOTBALL CLUB GUEUGNON","isPartOf":{"@id":"https:\/\/www.fcgueugnon.fr\/site\/#website"},"primaryImageOfPage":{"@id":"https:\/\/www.fcgueugnon.fr\/site\/le-fc-gueugnon-sengage-pour-octobre-rose\/52145#primaryimage"},"image":{"@id":"https:\/\/www.fcgueugnon.fr\/site\/le-fc-gueugnon-sengage-pour-octobre-rose\/52145#primaryimage"},"thumbnailUrl":"https:\/\/www.fcgueugnon.fr\/site\/wp-content\/uploads\/2024\/10\/octobre-rose-la-gueugnonaise-la-temeraire-Gueugnon-1-scaled.jpg","datePublished":"2024-10-09T09:55:00+00:00","dateModified":"2024-10-10T09:52:32+00:00","breadcrumb":{"@id":"https:\/\/www.fcgueugnon.fr\/site\/le-fc-gueugnon-sengage-pour-octobre-rose\/52145#breadcrumb"},"inLanguage":"fr-FR","potentialAction":[{"@type":"ReadAction","target":["https:\/\/www.fcgueugnon.fr\/site\/le-fc-gueugnon-sengage-pour-octobre-rose\/52145"]}]},{"@type":"ImageObject","inLanguage":"fr-FR","@id":"https:\/\/www.fcgueugnon.fr\/site\/le-fc-gueugnon-sengage-pour-octobre-rose\/52145#primaryimage","url":"https:\/\/www.fcgueugnon.fr\/site\/wp-content\/uploads\/2024\/10\/octobre-rose-la-gueugnonaise-la-temeraire-Gueugnon-1-scaled.jpg","contentUrl":"https:\/\/www.fcgueugnon.fr\/site\/wp-content\/uploads\/2024\/10\/octobre-rose-la-gueugnonaise-la-temeraire-Gueugnon-1-scaled.jpg","width":2560,"height":1152},{"@type":"BreadcrumbList","@id":"https:\/\/www.fcgueugnon.fr\/site\/le-fc-gueugnon-sengage-pour-octobre-rose\/52145#breadcrumb","itemListElement":[{"@type":"ListItem","position":1,"name":"Accueil","item":"https:\/\/www.fcgueugnon.fr\/site\/"},{"@type":"ListItem","position":2,"name":"Le FC Gueugnon s\u2019engage pour Octobre Rose"}]},{"@type":"WebSite","@id":"https:\/\/www.fcgueugnon.fr\/site\/#website","url":"https:\/\/www.fcgueugnon.fr\/site\/","name":"FOOTBALL CLUB GUEUGNON","description":"Le Site Officiel des Forgerons","publisher":{"@id":"https:\/\/www.fcgueugnon.fr\/site\/#organization"},"potentialAction":[{"@type":"SearchAction","target":{"@type":"EntryPoint","urlTemplate":"https:\/\/www.fcgueugnon.fr\/site\/?s={search_term_string}"},"query-input":{"@type":"PropertyValueSpecification","valueRequired":true,"valueName":"search_term_string"}}],"inLanguage":"fr-FR"},{"@type":"Organization","@id":"https:\/\/www.fcgueugnon.fr\/site\/#organization","name":"FC Gueugnon","url":"https:\/\/www.fcgueugnon.fr\/site\/","logo":{"@type":"ImageObject","inLanguage":"fr-FR","@id":"https:\/\/www.fcgueugnon.fr\/site\/#\/schema\/logo\/image\/","url":"https:\/\/www.fcgueugnon.fr\/site\/wp-content\/uploads\/2022\/07\/cropped-Logo-FCGUEUGNON-low-350x350-1.png","contentUrl":"https:\/\/www.fcgueugnon.fr\/site\/wp-content\/uploads\/2022\/07\/cropped-Logo-FCGUEUGNON-low-350x350-1.png","width":350,"height":350,"caption":"FC Gueugnon"},"image":{"@id":"https:\/\/www.fcgueugnon.fr\/site\/#\/schema\/logo\/image\/"},"sameAs":["http:\/\/facebook.com\/FCGueugnon","https:\/\/x.com\/FCGueugnon_off","https:\/\/www.instagram.com\/fcgueugnon\/","https:\/\/www.linkedin.com\/company\/football-club-de-gueugnon\/","https:\/\/www.youtube.com\/user\/FCGueugnonnais","https:\/\/fr.wikipedia.org\/wiki\/Football_Club_de_Gueugnon"]},{"@type":"Person","@id":"https:\/\/www.fcgueugnon.fr\/site\/#\/schema\/person\/f6444fbdd35fa731ee974c03508738fb","name":"FC Gueugnon","sameAs":["https:\/\/www.fcgueugnon.fr\/site"],"url":"https:\/\/www.fcgueugnon.fr\/site\/author\/admin-antho"}]}},"rttpg_featured_image_url":{"full":["https:\/\/www.fcgueugnon.fr\/site\/wp-content\/uploads\/2024\/10\/octobre-rose-la-gueugnonaise-la-temeraire-Gueugnon-1-scaled.jpg",2560,1152,false],"landscape":["https:\/\/www.fcgueugnon.fr\/site\/wp-content\/uploads\/2024\/10\/octobre-rose-la-gueugnonaise-la-temeraire-Gueugnon-1-scaled.jpg",2560,1152,false],"portraits":["https:\/\/www.fcgueugnon.fr\/site\/wp-content\/uploads\/2024\/10\/octobre-rose-la-gueugnonaise-la-temeraire-Gueugnon-1-scaled.jpg",2560,1152,false],"thumbnail":["https:\/\/www.fcgueugnon.fr\/site\/wp-content\/uploads\/2024\/10\/octobre-rose-la-gueugnonaise-la-temeraire-Gueugnon-1-150x150.jpg",150,150,true],"medium":["https:\/\/www.fcgueugnon.fr\/site\/wp-content\/uploads\/2024\/10\/octobre-rose-la-gueugnonaise-la-temeraire-Gueugnon-1-400x180.jpg",400,180,true],"large":["https:\/\/www.fcgueugnon.fr\/site\/wp-content\/uploads\/2024\/10\/octobre-rose-la-gueugnonaise-la-temeraire-Gueugnon-1-1024x461.jpg",1024,461,true],"1536x1536":["https:\/\/www.fcgueugnon.fr\/site\/wp-content\/uploads\/2024\/10\/octobre-rose-la-gueugnonaise-la-temeraire-Gueugnon-1-1536x691.jpg",1536,691,true],"2048x2048":["https:\/\/www.fcgueugnon.fr\/site\/wp-content\/uploads\/2024\/10\/octobre-rose-la-gueugnonaise-la-temeraire-Gueugnon-1-2048x922.jpg",2048,922,true]},"rttpg_author":{"display_name":"FC Gueugnon","author_link":"https:\/\/www.fcgueugnon.fr\/site\/author\/admin-antho"},"rttpg_comment":0,"rttpg_category":"<a href=\"https:\/\/www.fcgueugnon.fr\/site\/category\/news\" rel=\"category tag\">News<\/a> <a href=\"https:\/\/www.fcgueugnon.fr\/site\/category\/news\/news-2024-2025\" rel=\"category tag\">News 2024\/2025<\/a>","rttpg_excerpt":"Cette ann\u00e9e encore, Octobre Rose \u00e9tait \u00e0 l&rsquo;honneur au stade Jean Laville ! Un logo rose sur nos r\u00e9seaux sociaux et un soutien affich\u00e9 \u00e0 la T\u00e9m\u00e9raire de Charolles ainsi qu&rsquo;\u00e0 la Gueugnonnaise de Gueugnon... A nouveau, le FCG a souhait\u00e9 accompagner ce mois de sensibilisation et de solidarit\u00e9 d\u00e9di\u00e9 \u00e0 la lutte contre le\u2026","_links":{"self":[{"href":"https:\/\/www.fcgueugnon.fr\/site\/wp-json\/wp\/v2\/posts\/52145","targetHints":{"allow":["GET"]}}],"collection":[{"href":"https:\/\/www.fcgueugnon.fr\/site\/wp-json\/wp\/v2\/posts"}],"about":[{"href":"https:\/\/www.fcgueugnon.fr\/site\/wp-json\/wp\/v2\/types\/post"}],"author":[{"embeddable":true,"href":"https:\/\/www.fcgueugnon.fr\/site\/wp-json\/wp\/v2\/users\/1"}],"replies":[{"embeddable":true,"href":"https:\/\/www.fcgueugnon.fr\/site\/wp-json\/wp\/v2\/comments?post=52145"}],"version-history":[{"count":3,"href":"https:\/\/www.fcgueugnon.fr\/site\/wp-json\/wp\/v2\/posts\/52145\/revisions"}],"predecessor-version":[{"id":52149,"href":"https:\/\/www.fcgueugnon.fr\/site\/wp-json\/wp\/v2\/posts\/52145\/revisions\/52149"}],"wp:featuredmedia":[{"embeddable":true,"href":"https:\/\/www.fcgueugnon.fr\/site\/wp-json\/wp\/v2\/media\/52133"}],"wp:attachment":[{"href":"https:\/\/www.fcgueugnon.fr\/site\/wp-json\/wp\/v2\/media?parent=52145"}],"wp:term":[{"taxonomy":"category","embeddable":true,"href":"https:\/\/www.fcgueugnon.fr\/site\/wp-json\/wp\/v2\/categories?post=52145"},{"taxonomy":"post_tag","embeddable":true,"href":"https:\/\/www.fcgueugnon.fr\/site\/wp-json\/wp\/v2\/tags?post=52145"}],"curies":[{"name":"wp","href":"https:\/\/api.w.org\/{rel}","templated":true}]}}