{"id":52071,"date":"2024-10-05T16:59:00","date_gmt":"2024-10-05T14:59:00","guid":{"rendered":"https:\/\/www.fcgueugnon.fr\/site\/?p=52071"},"modified":"2024-10-04T17:14:30","modified_gmt":"2024-10-04T15:14:30","slug":"interview-forgeron-mag-2-avec-thimothe-thevenet","status":"publish","type":"post","link":"https:\/\/www.fcgueugnon.fr\/site\/interview-forgeron-mag-2-avec-thimothe-thevenet\/52071","title":{"rendered":"[Interview] Forgeron Mag #2 avec Thimoth\u00e9 THEVENET"},"content":{"rendered":"\n<h3 class=\"wp-block-heading\">D\u00e9couvrez en int\u00e9gralit\u00e9 l&rsquo;interview de Thimoth\u00e9 THEVENET diffus\u00e9e dans le forgeron mag de cette trois\u00e8me journ\u00e9e face \u00e0 Sainte Genevi\u00e8ve.<\/h3>\n\n\n\n<div style=\"height:75px\" aria-hidden=\"true\" class=\"wp-block-spacer\"><\/div>\n\n\n\n<figure class=\"wp-block-gallery aligncenter has-nested-images columns-default is-cropped wp-block-gallery-1 is-layout-flex wp-block-gallery-is-layout-flex\">\n<figure class=\"wp-block-image size-full\"><img loading=\"lazy\" decoding=\"async\" width=\"1638\" height=\"2048\" data-id=\"52080\" src=\"https:\/\/www.fcgueugnon.fr\/site\/wp-content\/uploads\/2024\/10\/Thimothe-Thevenet-fc-gueugnon.jpg\" alt=\"\" class=\"wp-image-52080\" srcset=\"https:\/\/www.fcgueugnon.fr\/site\/wp-content\/uploads\/2024\/10\/Thimothe-Thevenet-fc-gueugnon.jpg 1638w, https:\/\/www.fcgueugnon.fr\/site\/wp-content\/uploads\/2024\/10\/Thimothe-Thevenet-fc-gueugnon-320x400.jpg 320w, https:\/\/www.fcgueugnon.fr\/site\/wp-content\/uploads\/2024\/10\/Thimothe-Thevenet-fc-gueugnon-819x1024.jpg 819w, https:\/\/www.fcgueugnon.fr\/site\/wp-content\/uploads\/2024\/10\/Thimothe-Thevenet-fc-gueugnon-768x960.jpg 768w, https:\/\/www.fcgueugnon.fr\/site\/wp-content\/uploads\/2024\/10\/Thimothe-Thevenet-fc-gueugnon-1229x1536.jpg 1229w, https:\/\/www.fcgueugnon.fr\/site\/wp-content\/uploads\/2024\/10\/Thimothe-Thevenet-fc-gueugnon-1320x1650.jpg 1320w\" sizes=\"auto, (max-width: 1638px) 100vw, 1638px\" \/><\/figure>\n\n\n\n<figure class=\"wp-block-image size-full\"><img loading=\"lazy\" decoding=\"async\" width=\"1080\" height=\"1350\" data-id=\"52081\" src=\"https:\/\/www.fcgueugnon.fr\/site\/wp-content\/uploads\/2024\/10\/Thimothe-Thevenet-fc-gueugnon-2.jpg\" alt=\"\" class=\"wp-image-52081\" srcset=\"https:\/\/www.fcgueugnon.fr\/site\/wp-content\/uploads\/2024\/10\/Thimothe-Thevenet-fc-gueugnon-2.jpg 1080w, https:\/\/www.fcgueugnon.fr\/site\/wp-content\/uploads\/2024\/10\/Thimothe-Thevenet-fc-gueugnon-2-320x400.jpg 320w, https:\/\/www.fcgueugnon.fr\/site\/wp-content\/uploads\/2024\/10\/Thimothe-Thevenet-fc-gueugnon-2-819x1024.jpg 819w, https:\/\/www.fcgueugnon.fr\/site\/wp-content\/uploads\/2024\/10\/Thimothe-Thevenet-fc-gueugnon-2-768x960.jpg 768w\" sizes=\"auto, (max-width: 1080px) 100vw, 1080px\" \/><\/figure>\n<\/figure>\n\n\n\n<div style=\"height:75px\" aria-hidden=\"true\" class=\"wp-block-spacer\"><\/div>\n\n\n\n<p><strong>Forgeron Mag&rsquo; : Peux-tu te pr\u00e9senter \u00e0 nous ?<\/strong><br>Thimoth\u00e9 THEVENET : <strong>\u00ab <\/strong>Je m\u2019appelle Timoth\u00e9 Th\u00e9venet, j\u2019ai 16 ans et je suis actuellement en terminale au Lyc\u00e9e de Digoin. J\u2019ai commenc\u00e9 le foot un peu par hasard \u00e0 l\u2019\u00e2ge de 5 ans au DFCA car ma grand-m\u00e8re alors assistante maternelle emmenait \u00e0 l\u2019entra\u00eenement Enzo qu\u2019elle gardait&#8230; L\u2019\u00e9ducateur m\u2019a propos\u00e9 de faire un essai et j\u2019ai tout de suite accroch\u00e9 ! <br>Par la suite, j\u2019ai jou\u00e9 \u00e0 l\u2019USC Paray jusqu\u2019en U13, puis j\u2019ai voulu jouer au plus haut niveau r\u00e9gional. J\u2019ai donc rejoint le FCMB.<br>Enfin, avec mon entr\u00e9e au Lyc\u00e9e, j\u2019ai fait le choix d\u2019int\u00e9grer la section sportive du FCG.\u202f \u00bb<\/p>\n\n\n\n<p><strong>Peux-tu d\u00e9finir ton profil de joueur ?<\/strong><br>\u00ab Pas \u00e9vident comme question ! Mais je dirais que je suis technique, d\u00e9termin\u00e9, pers\u00e9v\u00e9rant et agressif dans le bon sens du terme bien \u00e9videmment. J\u2019ai jou\u00e9 \u00e0 plusieurs postes mais mon poste pr\u00e9f\u00e9r\u00e9 est num\u00e9ro 6 c\u2019est \u00e0 dire milieu d\u00e9fensif.\u202f \u00bb<\/p>\n\n\n\n<p><strong>Quels sont tes meilleurs souvenirs de ta jeune carri\u00e8re ?<\/strong><br>\u00ab Les tournois en particulier ! Je pense par exemple au tournoi U09 \u00e0 Lyon o\u00f9 nous avions jou\u00e9 contre l\u2019OM&#8230;<br>Les d\u00e9placements dans les clubs pros aussi ! Que ce soit \u00e0 l\u2019AJ Auxerre, au DFCO ou \u00e0 Sochaux-Montb\u00e9liard&#8230; Leur structure, leur stade, leur environnement d\u2019entra\u00eenement, leur terrain&#8230; tout cela faisait r\u00eaver !\u202f\u00bb<\/p>\n\n\n\n<figure class=\"wp-block-pullquote\"><blockquote><p>\u00ab Je dirais que je suis technique, d\u00e9termin\u00e9, pers\u00e9v\u00e9rant et agressif dans le bon sens du terme  \u00bb<\/p><\/blockquote><\/figure>\n\n\n\n<p><strong>Et quels sont tes joueurs mod\u00e8les et ton \u00e9quipe favorite dans le foot ?<\/strong><br>\u00ab Mon joueur mod\u00e8le, je dirais Valverde et comme joueur pr\u00e9f\u00e9r\u00e9, ce serait Lamine Yamal.<br>Mes 2 \u00e9quipes favorites sont l\u2019OL et le Real de Madrid. \u00bb<\/p>\n\n\n\n<p><strong>Que penses-tu de ce nouveau championnat ?<\/strong><br>\u00ab L\u2019\u00e9largissement des groupes est une tr\u00e8s bonne chose car le niveau de ce championnat est plus relev\u00e9 et \u202fnous avons l\u2019occasion de jouer contre des \u00e9quipes dont nous n\u2019avons pas l\u2019habitude.\u202f \u00bb<\/p>\n\n\n\n<p><strong>En dehors du football quelles sont tes autres occupations ?<\/strong><br>\u00ab \u00c9tant en terminale, je n\u2019ai pas trop le temps d\u2019avoir des hobbies autres que le foot&#8230; Je donne, entre autre, un coup de main en tant qu\u2019\u00e9ducateur aupr\u00e8s de Geoffray Richelet.\u202f\u00bb<\/p>\n\n\n\n<figure class=\"wp-block-pullquote\"><blockquote><p>\u00ab L&rsquo;ambiance entre les joueurs et les \u00e9ducateurs justement, c\u2018est ce qui fait que je m\u2019y sens tr\u00e8s bien [au FCG] \u00bb<\/p><\/blockquote><\/figure>\n\n\n\n<p><strong><strong>Qu\u2019est ce que tu appr\u00e9cies le plus au FC Gueugnon ?<\/strong><\/strong><br>\u00ab Je dirais l&rsquo;ambiance entre les joueurs et les \u00e9ducateurs justement, c\u2018est ce qui fait que je m\u2019y sens tr\u00e8s bien \u00bb<\/p>\n\n\n\n<p><strong><strong>Enfin, as-tu un dernier mot pour ceux qui suivent le FCG ?<\/strong><\/strong><br>\u00ab Sachez que nous donnerons toujours notre maximum sur le terrain. Votre soutien est pr\u00e9cieux aussi bien dans les bons comme dans les mauvais r\u00e9sultats. On compte sur vous !\u202f \u00bb<\/p>\n\n\n\n<div style=\"height:100px\" aria-hidden=\"true\" class=\"wp-block-spacer\"><\/div>\n\n\n\n<hr class=\"wp-block-separator has-alpha-channel-opacity\"\/>\n\n\n\n<h3 class=\"wp-block-heading\">Retrouvez le Forgeron Mag #3 en int\u00e9gralit\u00e9<\/h3>\n\n\n\n<div class=\"wp-block-pdf-viewer-block-standard\" style=\"text-align:left\"><div class=\"uploaded-pdf\"><a href=\"https:\/\/www.fcgueugnon.fr\/site\/wp-content\/uploads\/2024\/10\/Forgeron-Mag-J05.pdf\" data-width=\"\" data-height=\"\"><\/a><\/div><\/div>\n\n\n\n<div class=\"wp-block-buttons is-content-justification-center is-layout-flex wp-container-core-buttons-is-layout-16018d1d wp-block-buttons-is-layout-flex\">\n<div class=\"wp-block-button alignright is-style-circular\"><a class=\"wp-block-button__link has-text-align-center wp-element-button\" href=\"https:\/\/www.fcgueugnon.fr\/site\/wp-content\/uploads\/2024\/10\/Forgeron-Mag-J05.pdf\" target=\"_blank\" rel=\"noreferrer noopener\">T\u00e9l\u00e9charger<\/a><\/div>\n<\/div>\n","protected":false},"excerpt":{"rendered":"<p>D\u00e9couvrez en int\u00e9gralit\u00e9 l&rsquo;interview de Thimoth\u00e9 THEVENET diffus\u00e9e dans le forgeron mag de cette trois\u00e8me journ\u00e9e face \u00e0 Sainte Genevi\u00e8ve. Forgeron Mag&rsquo; : Peux-tu te pr\u00e9senter \u00e0 nous ?Thimoth\u00e9 THEVENET : \u00ab Je m\u2019appelle Timoth\u00e9 Th\u00e9venet, j\u2019ai 16 ans et je suis actuellement en terminale au Lyc\u00e9e de Digoin. J\u2019ai commenc\u00e9 le foot un peu &#8230; <\/p>\n<p class=\"read-more-container\"><a title=\"[Interview] Forgeron Mag #2 avec Thimoth\u00e9 THEVENET\" class=\"read-more button\" href=\"https:\/\/www.fcgueugnon.fr\/site\/interview-forgeron-mag-2-avec-thimothe-thevenet\/52071#more-52071\" aria-label=\"Plus sur [Interview] Forgeron Mag #2 avec Thimoth\u00e9 THEVENET\">Lire la suite<\/a><\/p>\n","protected":false},"author":1,"featured_media":52080,"comment_status":"closed","ping_status":"closed","sticky":false,"template":"","format":"standard","meta":{"footnotes":""},"categories":[4,62],"tags":[24,11],"class_list":["post-52071","post","type-post","status-publish","format-standard","has-post-thumbnail","hentry","category-news","category-news-2024-2025","tag-forgeron-mag","tag-interview","infinite-scroll-item","generate-columns","tablet-grid-50","mobile-grid-100","grid-parent","grid-25","resize-featured-image"],"yoast_head":"<!-- This site is optimized with the Yoast SEO plugin v26.6 - https:\/\/yoast.com\/wordpress\/plugins\/seo\/ -->\n<title>[Interview] Forgeron Mag #2 avec Thimoth\u00e9 THEVENET &#8226; FOOTBALL CLUB GUEUGNON<\/title>\n<meta name=\"robots\" content=\"index, follow, max-snippet:-1, max-image-preview:large, max-video-preview:-1\" \/>\n<link rel=\"canonical\" href=\"https:\/\/www.fcgueugnon.fr\/site\/interview-forgeron-mag-2-avec-thimothe-thevenet\/52071\" \/>\n<meta property=\"og:locale\" content=\"fr_FR\" \/>\n<meta property=\"og:type\" content=\"article\" \/>\n<meta property=\"og:title\" content=\"[Interview] Forgeron Mag #2 avec Thimoth\u00e9 THEVENET &#8226; FOOTBALL CLUB GUEUGNON\" \/>\n<meta property=\"og:description\" content=\"D\u00e9couvrez en int\u00e9gralit\u00e9 l&rsquo;interview de Thimoth\u00e9 THEVENET diffus\u00e9e dans le forgeron mag de cette trois\u00e8me journ\u00e9e face \u00e0 Sainte Genevi\u00e8ve. Forgeron Mag&rsquo; : Peux-tu te pr\u00e9senter \u00e0 nous ?Thimoth\u00e9 THEVENET : \u00ab Je m\u2019appelle Timoth\u00e9 Th\u00e9venet, j\u2019ai 16 ans et je suis actuellement en terminale au Lyc\u00e9e de Digoin. J\u2019ai commenc\u00e9 le foot un peu ... Lire la suite\" \/>\n<meta property=\"og:url\" content=\"https:\/\/www.fcgueugnon.fr\/site\/interview-forgeron-mag-2-avec-thimothe-thevenet\/52071\" \/>\n<meta property=\"og:site_name\" content=\"FOOTBALL CLUB GUEUGNON\" \/>\n<meta property=\"article:publisher\" content=\"http:\/\/facebook.com\/FCGueugnon\" \/>\n<meta property=\"article:published_time\" content=\"2024-10-05T14:59:00+00:00\" \/>\n<meta property=\"og:image\" content=\"https:\/\/www.fcgueugnon.fr\/site\/wp-content\/uploads\/2024\/10\/Thimothe-Thevenet-fc-gueugnon.jpg\" \/>\n\t<meta property=\"og:image:width\" content=\"1638\" \/>\n\t<meta property=\"og:image:height\" content=\"2048\" \/>\n\t<meta property=\"og:image:type\" content=\"image\/jpeg\" \/>\n<meta name=\"author\" content=\"FC Gueugnon\" \/>\n<meta name=\"twitter:card\" content=\"summary_large_image\" \/>\n<meta name=\"twitter:creator\" content=\"@FCGueugnon_off\" \/>\n<meta name=\"twitter:site\" content=\"@FCGueugnon_off\" \/>\n<meta name=\"twitter:label1\" content=\"\u00c9crit par\" \/>\n\t<meta name=\"twitter:data1\" content=\"FC Gueugnon\" \/>\n\t<meta name=\"twitter:label2\" content=\"Dur\u00e9e de lecture estim\u00e9e\" \/>\n\t<meta name=\"twitter:data2\" content=\"3 minutes\" \/>\n<script type=\"application\/ld+json\" class=\"yoast-schema-graph\">{\"@context\":\"https:\/\/schema.org\",\"@graph\":[{\"@type\":\"Article\",\"@id\":\"https:\/\/www.fcgueugnon.fr\/site\/interview-forgeron-mag-2-avec-thimothe-thevenet\/52071#article\",\"isPartOf\":{\"@id\":\"https:\/\/www.fcgueugnon.fr\/site\/interview-forgeron-mag-2-avec-thimothe-thevenet\/52071\"},\"author\":{\"name\":\"FC Gueugnon\",\"@id\":\"https:\/\/www.fcgueugnon.fr\/site\/#\/schema\/person\/f6444fbdd35fa731ee974c03508738fb\"},\"headline\":\"[Interview] Forgeron Mag #2 avec Thimoth\u00e9 THEVENET\",\"datePublished\":\"2024-10-05T14:59:00+00:00\",\"mainEntityOfPage\":{\"@id\":\"https:\/\/www.fcgueugnon.fr\/site\/interview-forgeron-mag-2-avec-thimothe-thevenet\/52071\"},\"wordCount\":532,\"publisher\":{\"@id\":\"https:\/\/www.fcgueugnon.fr\/site\/#organization\"},\"image\":{\"@id\":\"https:\/\/www.fcgueugnon.fr\/site\/interview-forgeron-mag-2-avec-thimothe-thevenet\/52071#primaryimage\"},\"thumbnailUrl\":\"https:\/\/www.fcgueugnon.fr\/site\/wp-content\/uploads\/2024\/10\/Thimothe-Thevenet-fc-gueugnon.jpg\",\"keywords\":[\"Forgeron Mag\",\"Interview\"],\"articleSection\":[\"News\",\"News 2024\/2025\"],\"inLanguage\":\"fr-FR\"},{\"@type\":\"WebPage\",\"@id\":\"https:\/\/www.fcgueugnon.fr\/site\/interview-forgeron-mag-2-avec-thimothe-thevenet\/52071\",\"url\":\"https:\/\/www.fcgueugnon.fr\/site\/interview-forgeron-mag-2-avec-thimothe-thevenet\/52071\",\"name\":\"[Interview] Forgeron Mag #2 avec Thimoth\u00e9 THEVENET &#8226; FOOTBALL CLUB GUEUGNON\",\"isPartOf\":{\"@id\":\"https:\/\/www.fcgueugnon.fr\/site\/#website\"},\"primaryImageOfPage\":{\"@id\":\"https:\/\/www.fcgueugnon.fr\/site\/interview-forgeron-mag-2-avec-thimothe-thevenet\/52071#primaryimage\"},\"image\":{\"@id\":\"https:\/\/www.fcgueugnon.fr\/site\/interview-forgeron-mag-2-avec-thimothe-thevenet\/52071#primaryimage\"},\"thumbnailUrl\":\"https:\/\/www.fcgueugnon.fr\/site\/wp-content\/uploads\/2024\/10\/Thimothe-Thevenet-fc-gueugnon.jpg\",\"datePublished\":\"2024-10-05T14:59:00+00:00\",\"breadcrumb\":{\"@id\":\"https:\/\/www.fcgueugnon.fr\/site\/interview-forgeron-mag-2-avec-thimothe-thevenet\/52071#breadcrumb\"},\"inLanguage\":\"fr-FR\",\"potentialAction\":[{\"@type\":\"ReadAction\",\"target\":[\"https:\/\/www.fcgueugnon.fr\/site\/interview-forgeron-mag-2-avec-thimothe-thevenet\/52071\"]}]},{\"@type\":\"ImageObject\",\"inLanguage\":\"fr-FR\",\"@id\":\"https:\/\/www.fcgueugnon.fr\/site\/interview-forgeron-mag-2-avec-thimothe-thevenet\/52071#primaryimage\",\"url\":\"https:\/\/www.fcgueugnon.fr\/site\/wp-content\/uploads\/2024\/10\/Thimothe-Thevenet-fc-gueugnon.jpg\",\"contentUrl\":\"https:\/\/www.fcgueugnon.fr\/site\/wp-content\/uploads\/2024\/10\/Thimothe-Thevenet-fc-gueugnon.jpg\",\"width\":1638,\"height\":2048},{\"@type\":\"BreadcrumbList\",\"@id\":\"https:\/\/www.fcgueugnon.fr\/site\/interview-forgeron-mag-2-avec-thimothe-thevenet\/52071#breadcrumb\",\"itemListElement\":[{\"@type\":\"ListItem\",\"position\":1,\"name\":\"Accueil\",\"item\":\"https:\/\/www.fcgueugnon.fr\/site\/\"},{\"@type\":\"ListItem\",\"position\":2,\"name\":\"[Interview] Forgeron Mag #2 avec Thimoth\u00e9 THEVENET\"}]},{\"@type\":\"WebSite\",\"@id\":\"https:\/\/www.fcgueugnon.fr\/site\/#website\",\"url\":\"https:\/\/www.fcgueugnon.fr\/site\/\",\"name\":\"FOOTBALL CLUB GUEUGNON\",\"description\":\"Le Site Officiel des Forgerons\",\"publisher\":{\"@id\":\"https:\/\/www.fcgueugnon.fr\/site\/#organization\"},\"potentialAction\":[{\"@type\":\"SearchAction\",\"target\":{\"@type\":\"EntryPoint\",\"urlTemplate\":\"https:\/\/www.fcgueugnon.fr\/site\/?s={search_term_string}\"},\"query-input\":{\"@type\":\"PropertyValueSpecification\",\"valueRequired\":true,\"valueName\":\"search_term_string\"}}],\"inLanguage\":\"fr-FR\"},{\"@type\":\"Organization\",\"@id\":\"https:\/\/www.fcgueugnon.fr\/site\/#organization\",\"name\":\"FC Gueugnon\",\"url\":\"https:\/\/www.fcgueugnon.fr\/site\/\",\"logo\":{\"@type\":\"ImageObject\",\"inLanguage\":\"fr-FR\",\"@id\":\"https:\/\/www.fcgueugnon.fr\/site\/#\/schema\/logo\/image\/\",\"url\":\"https:\/\/www.fcgueugnon.fr\/site\/wp-content\/uploads\/2022\/07\/cropped-Logo-FCGUEUGNON-low-350x350-1.png\",\"contentUrl\":\"https:\/\/www.fcgueugnon.fr\/site\/wp-content\/uploads\/2022\/07\/cropped-Logo-FCGUEUGNON-low-350x350-1.png\",\"width\":350,\"height\":350,\"caption\":\"FC Gueugnon\"},\"image\":{\"@id\":\"https:\/\/www.fcgueugnon.fr\/site\/#\/schema\/logo\/image\/\"},\"sameAs\":[\"http:\/\/facebook.com\/FCGueugnon\",\"https:\/\/x.com\/FCGueugnon_off\",\"https:\/\/www.instagram.com\/fcgueugnon\/\",\"https:\/\/www.linkedin.com\/company\/football-club-de-gueugnon\/\",\"https:\/\/www.youtube.com\/user\/FCGueugnonnais\",\"https:\/\/fr.wikipedia.org\/wiki\/Football_Club_de_Gueugnon\"]},{\"@type\":\"Person\",\"@id\":\"https:\/\/www.fcgueugnon.fr\/site\/#\/schema\/person\/f6444fbdd35fa731ee974c03508738fb\",\"name\":\"FC Gueugnon\",\"sameAs\":[\"https:\/\/www.fcgueugnon.fr\/site\"],\"url\":\"https:\/\/www.fcgueugnon.fr\/site\/author\/admin-antho\"}]}<\/script>\n<!-- \/ Yoast SEO plugin. -->","yoast_head_json":{"title":"[Interview] Forgeron Mag #2 avec Thimoth\u00e9 THEVENET &#8226; FOOTBALL CLUB GUEUGNON","robots":{"index":"index","follow":"follow","max-snippet":"max-snippet:-1","max-image-preview":"max-image-preview:large","max-video-preview":"max-video-preview:-1"},"canonical":"https:\/\/www.fcgueugnon.fr\/site\/interview-forgeron-mag-2-avec-thimothe-thevenet\/52071","og_locale":"fr_FR","og_type":"article","og_title":"[Interview] Forgeron Mag #2 avec Thimoth\u00e9 THEVENET &#8226; FOOTBALL CLUB GUEUGNON","og_description":"D\u00e9couvrez en int\u00e9gralit\u00e9 l&rsquo;interview de Thimoth\u00e9 THEVENET diffus\u00e9e dans le forgeron mag de cette trois\u00e8me journ\u00e9e face \u00e0 Sainte Genevi\u00e8ve. Forgeron Mag&rsquo; : Peux-tu te pr\u00e9senter \u00e0 nous ?Thimoth\u00e9 THEVENET : \u00ab Je m\u2019appelle Timoth\u00e9 Th\u00e9venet, j\u2019ai 16 ans et je suis actuellement en terminale au Lyc\u00e9e de Digoin. J\u2019ai commenc\u00e9 le foot un peu ... Lire la suite","og_url":"https:\/\/www.fcgueugnon.fr\/site\/interview-forgeron-mag-2-avec-thimothe-thevenet\/52071","og_site_name":"FOOTBALL CLUB GUEUGNON","article_publisher":"http:\/\/facebook.com\/FCGueugnon","article_published_time":"2024-10-05T14:59:00+00:00","og_image":[{"width":1638,"height":2048,"url":"https:\/\/www.fcgueugnon.fr\/site\/wp-content\/uploads\/2024\/10\/Thimothe-Thevenet-fc-gueugnon.jpg","type":"image\/jpeg"}],"author":"FC Gueugnon","twitter_card":"summary_large_image","twitter_creator":"@FCGueugnon_off","twitter_site":"@FCGueugnon_off","twitter_misc":{"\u00c9crit par":"FC Gueugnon","Dur\u00e9e de lecture estim\u00e9e":"3 minutes"},"schema":{"@context":"https:\/\/schema.org","@graph":[{"@type":"Article","@id":"https:\/\/www.fcgueugnon.fr\/site\/interview-forgeron-mag-2-avec-thimothe-thevenet\/52071#article","isPartOf":{"@id":"https:\/\/www.fcgueugnon.fr\/site\/interview-forgeron-mag-2-avec-thimothe-thevenet\/52071"},"author":{"name":"FC Gueugnon","@id":"https:\/\/www.fcgueugnon.fr\/site\/#\/schema\/person\/f6444fbdd35fa731ee974c03508738fb"},"headline":"[Interview] Forgeron Mag #2 avec Thimoth\u00e9 THEVENET","datePublished":"2024-10-05T14:59:00+00:00","mainEntityOfPage":{"@id":"https:\/\/www.fcgueugnon.fr\/site\/interview-forgeron-mag-2-avec-thimothe-thevenet\/52071"},"wordCount":532,"publisher":{"@id":"https:\/\/www.fcgueugnon.fr\/site\/#organization"},"image":{"@id":"https:\/\/www.fcgueugnon.fr\/site\/interview-forgeron-mag-2-avec-thimothe-thevenet\/52071#primaryimage"},"thumbnailUrl":"https:\/\/www.fcgueugnon.fr\/site\/wp-content\/uploads\/2024\/10\/Thimothe-Thevenet-fc-gueugnon.jpg","keywords":["Forgeron Mag","Interview"],"articleSection":["News","News 2024\/2025"],"inLanguage":"fr-FR"},{"@type":"WebPage","@id":"https:\/\/www.fcgueugnon.fr\/site\/interview-forgeron-mag-2-avec-thimothe-thevenet\/52071","url":"https:\/\/www.fcgueugnon.fr\/site\/interview-forgeron-mag-2-avec-thimothe-thevenet\/52071","name":"[Interview] Forgeron Mag #2 avec Thimoth\u00e9 THEVENET &#8226; FOOTBALL CLUB GUEUGNON","isPartOf":{"@id":"https:\/\/www.fcgueugnon.fr\/site\/#website"},"primaryImageOfPage":{"@id":"https:\/\/www.fcgueugnon.fr\/site\/interview-forgeron-mag-2-avec-thimothe-thevenet\/52071#primaryimage"},"image":{"@id":"https:\/\/www.fcgueugnon.fr\/site\/interview-forgeron-mag-2-avec-thimothe-thevenet\/52071#primaryimage"},"thumbnailUrl":"https:\/\/www.fcgueugnon.fr\/site\/wp-content\/uploads\/2024\/10\/Thimothe-Thevenet-fc-gueugnon.jpg","datePublished":"2024-10-05T14:59:00+00:00","breadcrumb":{"@id":"https:\/\/www.fcgueugnon.fr\/site\/interview-forgeron-mag-2-avec-thimothe-thevenet\/52071#breadcrumb"},"inLanguage":"fr-FR","potentialAction":[{"@type":"ReadAction","target":["https:\/\/www.fcgueugnon.fr\/site\/interview-forgeron-mag-2-avec-thimothe-thevenet\/52071"]}]},{"@type":"ImageObject","inLanguage":"fr-FR","@id":"https:\/\/www.fcgueugnon.fr\/site\/interview-forgeron-mag-2-avec-thimothe-thevenet\/52071#primaryimage","url":"https:\/\/www.fcgueugnon.fr\/site\/wp-content\/uploads\/2024\/10\/Thimothe-Thevenet-fc-gueugnon.jpg","contentUrl":"https:\/\/www.fcgueugnon.fr\/site\/wp-content\/uploads\/2024\/10\/Thimothe-Thevenet-fc-gueugnon.jpg","width":1638,"height":2048},{"@type":"BreadcrumbList","@id":"https:\/\/www.fcgueugnon.fr\/site\/interview-forgeron-mag-2-avec-thimothe-thevenet\/52071#breadcrumb","itemListElement":[{"@type":"ListItem","position":1,"name":"Accueil","item":"https:\/\/www.fcgueugnon.fr\/site\/"},{"@type":"ListItem","position":2,"name":"[Interview] Forgeron Mag #2 avec Thimoth\u00e9 THEVENET"}]},{"@type":"WebSite","@id":"https:\/\/www.fcgueugnon.fr\/site\/#website","url":"https:\/\/www.fcgueugnon.fr\/site\/","name":"FOOTBALL CLUB GUEUGNON","description":"Le Site Officiel des Forgerons","publisher":{"@id":"https:\/\/www.fcgueugnon.fr\/site\/#organization"},"potentialAction":[{"@type":"SearchAction","target":{"@type":"EntryPoint","urlTemplate":"https:\/\/www.fcgueugnon.fr\/site\/?s={search_term_string}"},"query-input":{"@type":"PropertyValueSpecification","valueRequired":true,"valueName":"search_term_string"}}],"inLanguage":"fr-FR"},{"@type":"Organization","@id":"https:\/\/www.fcgueugnon.fr\/site\/#organization","name":"FC Gueugnon","url":"https:\/\/www.fcgueugnon.fr\/site\/","logo":{"@type":"ImageObject","inLanguage":"fr-FR","@id":"https:\/\/www.fcgueugnon.fr\/site\/#\/schema\/logo\/image\/","url":"https:\/\/www.fcgueugnon.fr\/site\/wp-content\/uploads\/2022\/07\/cropped-Logo-FCGUEUGNON-low-350x350-1.png","contentUrl":"https:\/\/www.fcgueugnon.fr\/site\/wp-content\/uploads\/2022\/07\/cropped-Logo-FCGUEUGNON-low-350x350-1.png","width":350,"height":350,"caption":"FC Gueugnon"},"image":{"@id":"https:\/\/www.fcgueugnon.fr\/site\/#\/schema\/logo\/image\/"},"sameAs":["http:\/\/facebook.com\/FCGueugnon","https:\/\/x.com\/FCGueugnon_off","https:\/\/www.instagram.com\/fcgueugnon\/","https:\/\/www.linkedin.com\/company\/football-club-de-gueugnon\/","https:\/\/www.youtube.com\/user\/FCGueugnonnais","https:\/\/fr.wikipedia.org\/wiki\/Football_Club_de_Gueugnon"]},{"@type":"Person","@id":"https:\/\/www.fcgueugnon.fr\/site\/#\/schema\/person\/f6444fbdd35fa731ee974c03508738fb","name":"FC Gueugnon","sameAs":["https:\/\/www.fcgueugnon.fr\/site"],"url":"https:\/\/www.fcgueugnon.fr\/site\/author\/admin-antho"}]}},"rttpg_featured_image_url":{"full":["https:\/\/www.fcgueugnon.fr\/site\/wp-content\/uploads\/2024\/10\/Thimothe-Thevenet-fc-gueugnon.jpg",1638,2048,false],"landscape":["https:\/\/www.fcgueugnon.fr\/site\/wp-content\/uploads\/2024\/10\/Thimothe-Thevenet-fc-gueugnon.jpg",1638,2048,false],"portraits":["https:\/\/www.fcgueugnon.fr\/site\/wp-content\/uploads\/2024\/10\/Thimothe-Thevenet-fc-gueugnon.jpg",1638,2048,false],"thumbnail":["https:\/\/www.fcgueugnon.fr\/site\/wp-content\/uploads\/2024\/10\/Thimothe-Thevenet-fc-gueugnon-150x150.jpg",150,150,true],"medium":["https:\/\/www.fcgueugnon.fr\/site\/wp-content\/uploads\/2024\/10\/Thimothe-Thevenet-fc-gueugnon-320x400.jpg",320,400,true],"large":["https:\/\/www.fcgueugnon.fr\/site\/wp-content\/uploads\/2024\/10\/Thimothe-Thevenet-fc-gueugnon-819x1024.jpg",819,1024,true],"1536x1536":["https:\/\/www.fcgueugnon.fr\/site\/wp-content\/uploads\/2024\/10\/Thimothe-Thevenet-fc-gueugnon-1229x1536.jpg",1229,1536,true],"2048x2048":["https:\/\/www.fcgueugnon.fr\/site\/wp-content\/uploads\/2024\/10\/Thimothe-Thevenet-fc-gueugnon.jpg",1638,2048,false]},"rttpg_author":{"display_name":"FC Gueugnon","author_link":"https:\/\/www.fcgueugnon.fr\/site\/author\/admin-antho"},"rttpg_comment":0,"rttpg_category":"<a href=\"https:\/\/www.fcgueugnon.fr\/site\/category\/news\" rel=\"category tag\">News<\/a> <a href=\"https:\/\/www.fcgueugnon.fr\/site\/category\/news\/news-2024-2025\" rel=\"category tag\">News 2024\/2025<\/a>","rttpg_excerpt":"D\u00e9couvrez en int\u00e9gralit\u00e9 l&rsquo;interview de Thimoth\u00e9 THEVENET diffus\u00e9e dans le forgeron mag de cette trois\u00e8me journ\u00e9e face \u00e0 Sainte Genevi\u00e8ve. Forgeron Mag&rsquo; : Peux-tu te pr\u00e9senter \u00e0 nous ?Thimoth\u00e9 THEVENET : \u00ab Je m\u2019appelle Timoth\u00e9 Th\u00e9venet, j\u2019ai 16 ans et je suis actuellement en terminale au Lyc\u00e9e de Digoin. J\u2019ai commenc\u00e9 le foot un peu\u2026","_links":{"self":[{"href":"https:\/\/www.fcgueugnon.fr\/site\/wp-json\/wp\/v2\/posts\/52071","targetHints":{"allow":["GET"]}}],"collection":[{"href":"https:\/\/www.fcgueugnon.fr\/site\/wp-json\/wp\/v2\/posts"}],"about":[{"href":"https:\/\/www.fcgueugnon.fr\/site\/wp-json\/wp\/v2\/types\/post"}],"author":[{"embeddable":true,"href":"https:\/\/www.fcgueugnon.fr\/site\/wp-json\/wp\/v2\/users\/1"}],"replies":[{"embeddable":true,"href":"https:\/\/www.fcgueugnon.fr\/site\/wp-json\/wp\/v2\/comments?post=52071"}],"version-history":[{"count":4,"href":"https:\/\/www.fcgueugnon.fr\/site\/wp-json\/wp\/v2\/posts\/52071\/revisions"}],"predecessor-version":[{"id":52083,"href":"https:\/\/www.fcgueugnon.fr\/site\/wp-json\/wp\/v2\/posts\/52071\/revisions\/52083"}],"wp:featuredmedia":[{"embeddable":true,"href":"https:\/\/www.fcgueugnon.fr\/site\/wp-json\/wp\/v2\/media\/52080"}],"wp:attachment":[{"href":"https:\/\/www.fcgueugnon.fr\/site\/wp-json\/wp\/v2\/media?parent=52071"}],"wp:term":[{"taxonomy":"category","embeddable":true,"href":"https:\/\/www.fcgueugnon.fr\/site\/wp-json\/wp\/v2\/categories?post=52071"},{"taxonomy":"post_tag","embeddable":true,"href":"https:\/\/www.fcgueugnon.fr\/site\/wp-json\/wp\/v2\/tags?post=52071"}],"curies":[{"name":"wp","href":"https:\/\/api.w.org\/{rel}","templated":true}]}}