{"id":51807,"date":"2024-09-10T10:51:58","date_gmt":"2024-09-10T08:51:58","guid":{"rendered":"https:\/\/www.fcgueugnon.fr\/site\/?p=51807"},"modified":"2024-10-07T11:46:42","modified_gmt":"2024-10-07T09:46:42","slug":"n3-j03-fc-gueugnon-sainte-genevieve-resultat-et-reactions","status":"publish","type":"post","link":"https:\/\/www.fcgueugnon.fr\/site\/n3-j03-fc-gueugnon-sainte-genevieve-resultat-et-reactions\/51807","title":{"rendered":"[N3 J03 : FC Gueugnon \u2013 Sainte-Genevi\u00e8ve] R\u00e9sultat et r\u00e9actions"},"content":{"rendered":"\n<h2 class=\"wp-block-heading\">Pi\u00e9g\u00e9s juste avant la mi-temps, les forgerons n&rsquo;auront pas r\u00e9ussi \u00e0 refaire son retard et s&rsquo;inclinent pour la seconde fois \u00e0 domicile&#8230;<\/h2>\n\n\n\n<div style=\"height:30px\" aria-hidden=\"true\" class=\"wp-block-spacer\"><\/div>\n\n\n\n<figure class=\"wp-block-gallery has-nested-images columns-2 is-cropped has-lightbox wp-block-gallery-1 is-layout-flex wp-block-gallery-is-layout-flex\">\n<figure class=\"wp-block-image size-large\"><img loading=\"lazy\" decoding=\"async\" width=\"1024\" height=\"751\" data-id=\"51810\" src=\"https:\/\/www.fcgueugnon.fr\/site\/wp-content\/uploads\/2024\/09\/photo-philippe-monperrus-1725729179-1024x751.jpg\" alt=\"\" class=\"wp-image-51810\" srcset=\"https:\/\/www.fcgueugnon.fr\/site\/wp-content\/uploads\/2024\/09\/photo-philippe-monperrus-1725729179-1024x751.jpg 1024w, https:\/\/www.fcgueugnon.fr\/site\/wp-content\/uploads\/2024\/09\/photo-philippe-monperrus-1725729179-400x293.jpg 400w, https:\/\/www.fcgueugnon.fr\/site\/wp-content\/uploads\/2024\/09\/photo-philippe-monperrus-1725729179-768x563.jpg 768w, https:\/\/www.fcgueugnon.fr\/site\/wp-content\/uploads\/2024\/09\/photo-philippe-monperrus-1725729179-1536x1126.jpg 1536w, https:\/\/www.fcgueugnon.fr\/site\/wp-content\/uploads\/2024\/09\/photo-philippe-monperrus-1725729179-1320x968.jpg 1320w, https:\/\/www.fcgueugnon.fr\/site\/wp-content\/uploads\/2024\/09\/photo-philippe-monperrus-1725729179.jpg 1600w\" sizes=\"auto, (max-width: 1024px) 100vw, 1024px\" \/><\/figure>\n<\/figure>\n\n\n\n<p class=\"has-text-align-center\"><em><sub>Cr\u00e9dits photo : Photo Philippe Monperrus pour le JSL<\/sub><\/em><\/p>\n\n\n\n<div style=\"height:60px\" aria-hidden=\"true\" class=\"wp-block-spacer\"><\/div>\n\n\n\n<p>Disput\u00e9e dans des conditions humides, cette 3e journ\u00e9e de championnat a vu une \u00e9quipe de Sainte-Genevi\u00e8ve qui n&rsquo;a pas faillit \u00e0 sa r\u00e9putation ! Dans un match ouvert de part et autre, ce sont bien l<strong>es g\u00e9nov\u00e9fains qui ont ouvert le score<\/strong> juste avant la mi-temps par Tour\u00e9 tandis que le capitaine gueugnonnais Jason Luanda restait \u00e0 terre&#8230; Malgr\u00e9 des efforts r\u00e9p\u00e9t\u00e9s par les jaunes et bleus et les changements tactique op\u00e9r\u00e9s par le staff, Gueugnon n\u2019a pas su trouver le chemin des filets et s&rsquo;inclinent l\u00e0 pour la seconde fois en 3 matchs.<\/p>\n\n\n\n<p>A l&rsquo;instar des supporters forgerons, c&rsquo;est un sentiment de frustration et de d\u00e9ception qui l&#8217;emporte au sein du staff et des joueurs apr\u00e8s ce d\u00e9but de saison. Et m\u00eame si un plan de marche \u00e9voqu\u00e9 projetait des r\u00e9sultats \u00e0 minima, le foot n&rsquo;est pas une science exact et <strong>le FCG reste un club ambitieux qui aborde chaque rencontre avec la volont\u00e9 de l&#8217;emporter<\/strong>.<\/p>\n\n\n\n<p>Avec une marge de progression importante et n\u00e9cessaire, l<strong>es jaunes et bleus partent d\u00e9sormais en qu\u00eate de cette premi\u00e8re victoire afin de lancer la saison<\/strong>&#8230; Peut-\u00eatre ce dimanche \u00e0 15h00 du c\u00f4t\u00e9 de St Florentin (R3) pour le 3eme tour de la Coupe de France ?<\/p>\n\n\n\n<blockquote class=\"wp-block-quote is-layout-flow wp-block-quote-is-layout-flow\">\n<p class=\"has-text-align-left\"><a href=\"https:\/\/www.fcgueugnon.fr\/site\/n3-j03-fc-gueugnon-sainte-genevieve-suivez-le-match-en-live\/51786\"><span style=\"line-height: 1.5;\">\u25ba Revivre le film du match <\/span><\/a><\/p>\n<\/blockquote>\n\n\n\n<div style=\"height:100px\" aria-hidden=\"true\" class=\"wp-block-spacer\"><\/div>\n\n\n\n<h2 class=\"wp-block-heading\"><strong>R\u00e9sum\u00e9 Vid\u00e9o<\/strong><\/h2>\n\n\n\n<center><iframe loading=\"lazy\" width=\"1080\" height=\"608\" src=\"https:\/\/www.youtube.com\/embed\/aurNSYHYBh4?si=HYMQKCAR8awxe1vc\" title=\"YouTube video player\" frameborder=\"0\" allow=\"accelerometer; autoplay; clipboard-write; encrypted-media; gyroscope; picture-in-picture; web-share\" referrerpolicy=\"strict-origin-when-cross-origin\" allowfullscreen><\/iframe><\/center>\n\n\n\n<div style=\"height:100px\" aria-hidden=\"true\" class=\"wp-block-spacer\"><\/div>\n\n\n\n<h2 class=\"wp-block-heading\"><strong>R\u00e9actions<\/strong><\/h2>\n\n\n\n<div style=\"height:30px\" aria-hidden=\"true\" class=\"wp-block-spacer\"><\/div>\n\n\n\n<div class=\"wp-block-media-text has-media-on-the-right is-stacked-on-mobile is-vertically-aligned-center is-image-fill\" style=\"grid-template-columns:auto 39%\"><div class=\"wp-block-media-text__content\">\n<p class=\"has-text-align-left\"><strong>Bernard Canard, pr\u00e9sident :<\/strong><\/p>\n\n\n\n<p class=\"has-text-align-left\"><em>\u00ab <\/em>Ce soir, oui je suis d\u00e9\u00e7u parce que 3 matchs 1 point. C&rsquo;est un mauvais d\u00e9but de saison&#8230; <br>Sur ce match, on manque d&rsquo;occasion. M\u00eame si on conc\u00e8de tr\u00e8s peu d&rsquo;occasion, on ne sait pas mettre les n\u00f4tres. Et au final on perd 1-0, c&rsquo;est une d\u00e9faite je dirais, m\u00e9rit\u00e9e. Le but, je n&rsquo;en dirais pas plus m\u00eame si je regrette que ce but soit celui l\u00e0.<br>Comptablement, 1 point en 3 matchs c&rsquo;est totalement insuffisant \u00bb<\/p>\n\n\n\n<p><em><sub>R\u00e9actions compl\u00e8tes \u00e0 retrouver ce jeudi sur notre site officiel !<\/sub><\/em><\/p>\n<\/div><figure class=\"wp-block-media-text__media\" style=\"background-image:url(https:\/\/www.fcgueugnon.fr\/site\/wp-content\/uploads\/2024\/06\/Bernard-CANARD-FC-Gueugnon-1-1024x683.jpg);background-position:50% 50%\"><img loading=\"lazy\" decoding=\"async\" width=\"1024\" height=\"683\" src=\"https:\/\/www.fcgueugnon.fr\/site\/wp-content\/uploads\/2024\/06\/Bernard-CANARD-FC-Gueugnon-1-1024x683.jpg\" alt=\"\" class=\"wp-image-10976 size-full\" srcset=\"https:\/\/www.fcgueugnon.fr\/site\/wp-content\/uploads\/2024\/06\/Bernard-CANARD-FC-Gueugnon-1-1024x683.jpg 1024w, https:\/\/www.fcgueugnon.fr\/site\/wp-content\/uploads\/2024\/06\/Bernard-CANARD-FC-Gueugnon-1-400x267.jpg 400w, https:\/\/www.fcgueugnon.fr\/site\/wp-content\/uploads\/2024\/06\/Bernard-CANARD-FC-Gueugnon-1-768x512.jpg 768w, https:\/\/www.fcgueugnon.fr\/site\/wp-content\/uploads\/2024\/06\/Bernard-CANARD-FC-Gueugnon-1-1536x1024.jpg 1536w, https:\/\/www.fcgueugnon.fr\/site\/wp-content\/uploads\/2024\/06\/Bernard-CANARD-FC-Gueugnon-1-2048x1365.jpg 2048w, https:\/\/www.fcgueugnon.fr\/site\/wp-content\/uploads\/2024\/06\/Bernard-CANARD-FC-Gueugnon-1-1320x880.jpg 1320w, https:\/\/www.fcgueugnon.fr\/site\/wp-content\/uploads\/2024\/06\/Bernard-CANARD-FC-Gueugnon-1-600x400.jpg 600w\" sizes=\"auto, (max-width: 1024px) 100vw, 1024px\" \/><\/figure><\/div>\n\n\n\n<div style=\"height:20px\" aria-hidden=\"true\" class=\"wp-block-spacer\"><\/div>\n\n\n\n<div class=\"wp-block-media-text is-stacked-on-mobile is-vertically-aligned-center is-image-fill\" style=\"grid-template-columns:39% auto\"><figure class=\"wp-block-media-text__media\" style=\"background-image:url(https:\/\/www.fcgueugnon.fr\/site\/wp-content\/uploads\/2023\/05\/Philippe-Correia-1024x659.jpg);background-position:50% 50%\"><img loading=\"lazy\" decoding=\"async\" width=\"1024\" height=\"659\" src=\"https:\/\/www.fcgueugnon.fr\/site\/wp-content\/uploads\/2023\/05\/Philippe-Correia-1024x659.jpg\" alt=\"\" class=\"wp-image-4469 size-full\" srcset=\"https:\/\/www.fcgueugnon.fr\/site\/wp-content\/uploads\/2023\/05\/Philippe-Correia-1024x659.jpg 1024w, https:\/\/www.fcgueugnon.fr\/site\/wp-content\/uploads\/2023\/05\/Philippe-Correia-400x257.jpg 400w, https:\/\/www.fcgueugnon.fr\/site\/wp-content\/uploads\/2023\/05\/Philippe-Correia-768x494.jpg 768w, https:\/\/www.fcgueugnon.fr\/site\/wp-content\/uploads\/2023\/05\/Philippe-Correia-1320x849.jpg 1320w, https:\/\/www.fcgueugnon.fr\/site\/wp-content\/uploads\/2023\/05\/Philippe-Correia-600x386.jpg 600w, https:\/\/www.fcgueugnon.fr\/site\/wp-content\/uploads\/2023\/05\/Philippe-Correia.jpg 1407w\" sizes=\"auto, (max-width: 1024px) 100vw, 1024px\" \/><\/figure><div class=\"wp-block-media-text__content\">\n<p class=\"has-text-align-left\"><strong>Philippe Correia, entra\u00eeneur<\/strong><\/p>\n\n\n\n<p class=\"has-text-align-left\"><em>\u00ab <\/em>Je voulais revenir \u00e0 mon intervention apr\u00e8s le match reprise dans la presse o\u00f9 j&rsquo;ai dit que j&rsquo;avais \u00e9tabli 0 point sur 3 matchs : je me suis peut-\u00eatre mal exprim\u00e9 car \u00e9videmment ce n\u2019\u00e9tait pas l\u2019objectif vis\u00e9. Aucun entraineur ne rentre sur le terrain pour perdre et j\u2019aurai pr\u00e9f\u00e9r\u00e9 avoir 9 points sur 9 d\u2019autant plus que les sc\u00e9narios des 3 matchs nous laissent des regrets et de la frustration.\u00a0 <\/p>\n\n\n\n<p class=\"has-text-align-left\">Mais je savais en connaissant la composition du groupe, le calendrier du championnat et le renouvellement de notre effectif, que la t\u00e2che allait \u00eatre tr\u00e8s ardue pour le d\u00e9but de saison et que faire un sans faute serait un exploit. <\/p>\n\n\n\n<p class=\"has-text-align-left\">Je ne cherche pas d&rsquo;excuse et je ne tiens pas un discours n\u00e9gatif vis-\u00e0-vis de mes joueurs, bien s\u00fbr que je veux faire un bon championnat mais aujourd&rsquo;hui, on a du retard&#8230; Par contre, dans 15 jours contre l&rsquo;ESTAC on se devra d\u2019\u00eatre performant. \u00bb<\/p>\n\n\n\n<p><em><sub>R\u00e9actions compl\u00e8tes \u00e0 retrouver ce jeudi sur notre site officiel !<\/sub><\/em><\/p>\n<\/div><\/div>\n\n\n\n<div style=\"height:15px\" aria-hidden=\"true\" class=\"wp-block-spacer\"><\/div>\n\n\n\n<hr class=\"wp-block-separator has-text-color has-css-opacity has-background\" style=\"background-color:#f7db4a;color:#f7db4a\"\/>\n\n\n\n<div style=\"height:15px\" aria-hidden=\"true\" class=\"wp-block-spacer\"><\/div>\n\n\n\n<h3 class=\"wp-block-heading has-text-align-left\">\u26bd <strong>Score final<\/strong><\/h3>\n\n\n\n<p>\u00c0 Gueugnon, stade Jean Laville<br>FC Gueugnon 0-1 Sainte Genevi\u00e8ve<br>Buts : Tour\u00e9 (45e)<\/p>\n\n\n\n<p class=\"has-text-align-left\"><strong>Les officiels :<\/strong><br>Arbitre centre : LAKHDAR EL BEDOUI<br>Arbitre assistant 1 : CEDRIC JUNG<br>Arbitre assistant 2 : ANTHONY GONCALVES<br>D\u00e9l\u00e9gu\u00e9 principal : YASSINE SAAD<br>Observateur principal : ANTONY PACHECO<\/p>\n\n\n\n<p class=\"has-text-align-left\"><strong>Composition d\u2019\u00e9quipe<\/strong><br>Njock \u2013 Mohamed (79e Barker), Schacherer, Delclaux, Galland \u2013 Zampa (79e Th\u00e9venet), Grich (46e Figueira), Gnahor\u00e9 \u2013 Luanda (66e Valente), Fournel (79e Buckman), Miezi Kembolo.<br>Entra\u00eeneur : Philippe Correia \/ Adjoint : Bakeba Bayo<\/p>\n\n\n\n<div style=\"height:30px\" aria-hidden=\"true\" class=\"wp-block-spacer\"><\/div>\n\n\n\n<h3 class=\"wp-block-heading has-text-align-left\">\ud83d\udd0d <strong>Partenaires<\/strong><\/h3>\n\n\n\n<blockquote class=\"wp-block-quote is-layout-flow wp-block-quote-is-layout-flow\">\n<figure class=\"wp-block-embed is-type-wp-embed is-provider-football-club-gueugnon wp-block-embed-football-club-gueugnon\"><div class=\"wp-block-embed__wrapper\">\n<blockquote class=\"wp-embedded-content\" data-secret=\"whjb75iSCI\"><a href=\"https:\/\/www.fcgueugnon.fr\/site\/n3-j3-fc-gueugnon-sainte-genevieve-le-qg-by-kevin-et-marion-partenaire-de-la-rencontre\/51775\">[N3 J03 : FC Gueugnon \u2013 Sainte-Genevi\u00e8ve] Le QG by K\u00e9vin et Marion : partenaire de la rencontre !<\/a><\/blockquote><iframe loading=\"lazy\" class=\"wp-embedded-content\" sandbox=\"allow-scripts\" security=\"restricted\" style=\"position: absolute; visibility: hidden;\" title=\"\u00ab\u00a0[N3 J03 : FC Gueugnon \u2013 Sainte-Genevi\u00e8ve] Le QG by K\u00e9vin et Marion : partenaire de la rencontre !\u00a0\u00bb &#8212; FOOTBALL CLUB GUEUGNON\" src=\"https:\/\/www.fcgueugnon.fr\/site\/n3-j3-fc-gueugnon-sainte-genevieve-le-qg-by-kevin-et-marion-partenaire-de-la-rencontre\/51775\/embed#?secret=cpZAH50Qma#?secret=whjb75iSCI\" data-secret=\"whjb75iSCI\" width=\"600\" height=\"338\" frameborder=\"0\" marginwidth=\"0\" marginheight=\"0\" scrolling=\"no\"><\/iframe>\n<\/div><\/figure>\n<\/blockquote>\n\n\n\n<div style=\"height:10px\" aria-hidden=\"true\" class=\"wp-block-spacer\"><\/div>\n\n\n\n<h3 class=\"wp-block-heading has-text-align-left\"><strong>\ud83d\uddd3&nbsp;&nbsp;La 3e journ\u00e9e de National 3 : &nbsp;<\/strong><\/h3>\n\n\n\n<p>Samedi 07 Septembre 2024<br>18h00 : ESTAC B \/ Neuilly\/Marne : 1-2<br>18h00 : US Torcy \/ FC Montceau : 2-1<br>18h00 : AJ Auxerre B \/ Racing Club de France : 0-1<br>18h00 : Dijon FCO B \/ Dijon ASPTT : 2-1<br>18h00 : St Maur Lusitanos \/ Moulins-Yzeure : 4-0<br>18h00 : Louhans-Cuiseaux \/ US Ivry : 2-5<br><strong>18h00 : FC Gueugnon \/ SGFC : 0-1<\/strong><\/p>\n\n\n\n<div style=\"height:20px\" aria-hidden=\"true\" class=\"wp-block-spacer\"><\/div>\n\n\n\n<div class=\"wp-block-columns is-not-stacked-on-mobile is-layout-flex wp-container-core-columns-is-layout-9d6595d7 wp-block-columns-is-layout-flex\">\n<div class=\"wp-block-column is-layout-flow wp-block-column-is-layout-flow\">\n<div class=\"wp-block-buttons is-content-justification-right is-layout-flex wp-container-core-buttons-is-layout-765c4724 wp-block-buttons-is-layout-flex\">\n<div class=\"wp-block-button\"><a class=\"wp-block-button__link has-text-align-center wp-element-button\" href=\"https:\/\/www.fcgueugnon.fr\/site\/calendrier-seniors-a-national-3-bourgogne-franche-comte\">Calendrier<\/a><\/div>\n<\/div>\n<\/div>\n\n\n\n<div class=\"wp-block-column is-layout-flow wp-block-column-is-layout-flow\">\n<div class=\"wp-block-buttons is-content-justification-left is-layout-flex wp-container-core-buttons-is-layout-fdcfc74e wp-block-buttons-is-layout-flex\">\n<div class=\"wp-block-button\"><a class=\"wp-block-button__link has-text-align-center wp-element-button\" href=\"https:\/\/www.fcgueugnon.fr\/site\/classement-national-3-bourgogne-franche-comte\">Classement<\/a><\/div>\n<\/div>\n<\/div>\n<\/div>\n","protected":false},"excerpt":{"rendered":"<p>Pi\u00e9g\u00e9s juste avant la mi-temps, les forgerons n&rsquo;auront pas r\u00e9ussi \u00e0 refaire son retard et s&rsquo;inclinent pour la seconde fois \u00e0 domicile&#8230; Cr\u00e9dits photo : Photo Philippe Monperrus pour le JSL Disput\u00e9e dans des conditions humides, cette 3e journ\u00e9e de championnat a vu une \u00e9quipe de Sainte-Genevi\u00e8ve qui n&rsquo;a pas faillit \u00e0 sa r\u00e9putation ! &#8230; <\/p>\n<p class=\"read-more-container\"><a title=\"[N3 J03 : FC Gueugnon \u2013 Sainte-Genevi\u00e8ve] R\u00e9sultat et r\u00e9actions\" class=\"read-more button\" href=\"https:\/\/www.fcgueugnon.fr\/site\/n3-j03-fc-gueugnon-sainte-genevieve-resultat-et-reactions\/51807#more-51807\" aria-label=\"Plus sur [N3 J03 : FC Gueugnon \u2013 Sainte-Genevi\u00e8ve] R\u00e9sultat et r\u00e9actions\">Lire la suite<\/a><\/p>\n","protected":false},"author":1,"featured_media":51790,"comment_status":"closed","ping_status":"closed","sticky":true,"template":"","format":"standard","meta":{"footnotes":""},"categories":[4,62],"tags":[27,31],"class_list":["post-51807","post","type-post","status-publish","format-standard","has-post-thumbnail","hentry","category-news","category-news-2024-2025","tag-resultat","tag-video","infinite-scroll-item","generate-columns","tablet-grid-50","mobile-grid-100","grid-parent","grid-25","resize-featured-image"],"yoast_head":"<!-- This site is optimized with the Yoast SEO plugin v26.6 - https:\/\/yoast.com\/wordpress\/plugins\/seo\/ -->\n<title>[N3 J03 : FC Gueugnon \u2013 Sainte-Genevi\u00e8ve] R\u00e9sultat et r\u00e9actions &#8226; FOOTBALL CLUB GUEUGNON<\/title>\n<meta name=\"robots\" content=\"index, follow, max-snippet:-1, max-image-preview:large, max-video-preview:-1\" \/>\n<link rel=\"canonical\" href=\"https:\/\/www.fcgueugnon.fr\/site\/n3-j03-fc-gueugnon-sainte-genevieve-resultat-et-reactions\/51807\" \/>\n<meta property=\"og:locale\" content=\"fr_FR\" \/>\n<meta property=\"og:type\" content=\"article\" \/>\n<meta property=\"og:title\" content=\"[N3 J03 : FC Gueugnon \u2013 Sainte-Genevi\u00e8ve] R\u00e9sultat et r\u00e9actions &#8226; FOOTBALL CLUB GUEUGNON\" \/>\n<meta property=\"og:description\" content=\"Pi\u00e9g\u00e9s juste avant la mi-temps, les forgerons n&rsquo;auront pas r\u00e9ussi \u00e0 refaire son retard et s&rsquo;inclinent pour la seconde fois \u00e0 domicile&#8230; Cr\u00e9dits photo : Photo Philippe Monperrus pour le JSL Disput\u00e9e dans des conditions humides, cette 3e journ\u00e9e de championnat a vu une \u00e9quipe de Sainte-Genevi\u00e8ve qui n&rsquo;a pas faillit \u00e0 sa r\u00e9putation ! ... Lire la suite\" \/>\n<meta property=\"og:url\" content=\"https:\/\/www.fcgueugnon.fr\/site\/n3-j03-fc-gueugnon-sainte-genevieve-resultat-et-reactions\/51807\" \/>\n<meta property=\"og:site_name\" content=\"FOOTBALL CLUB GUEUGNON\" \/>\n<meta property=\"article:publisher\" content=\"http:\/\/facebook.com\/FCGueugnon\" \/>\n<meta property=\"article:published_time\" content=\"2024-09-10T08:51:58+00:00\" \/>\n<meta property=\"article:modified_time\" content=\"2024-10-07T09:46:42+00:00\" \/>\n<meta property=\"og:image\" content=\"https:\/\/www.fcgueugnon.fr\/site\/wp-content\/uploads\/2024\/09\/resultat-fc-gueugon-ste-genevieve.jpg\" \/>\n\t<meta property=\"og:image:width\" content=\"1152\" \/>\n\t<meta property=\"og:image:height\" content=\"1440\" \/>\n\t<meta property=\"og:image:type\" content=\"image\/jpeg\" \/>\n<meta name=\"author\" content=\"FC Gueugnon\" \/>\n<meta name=\"twitter:card\" content=\"summary_large_image\" \/>\n<meta name=\"twitter:creator\" content=\"@FCGueugnon_off\" \/>\n<meta name=\"twitter:site\" content=\"@FCGueugnon_off\" \/>\n<meta name=\"twitter:label1\" content=\"\u00c9crit par\" \/>\n\t<meta name=\"twitter:data1\" content=\"FC Gueugnon\" \/>\n\t<meta name=\"twitter:label2\" content=\"Dur\u00e9e de lecture estim\u00e9e\" \/>\n\t<meta name=\"twitter:data2\" content=\"5 minutes\" \/>\n<script type=\"application\/ld+json\" class=\"yoast-schema-graph\">{\"@context\":\"https:\/\/schema.org\",\"@graph\":[{\"@type\":\"Article\",\"@id\":\"https:\/\/www.fcgueugnon.fr\/site\/n3-j03-fc-gueugnon-sainte-genevieve-resultat-et-reactions\/51807#article\",\"isPartOf\":{\"@id\":\"https:\/\/www.fcgueugnon.fr\/site\/n3-j03-fc-gueugnon-sainte-genevieve-resultat-et-reactions\/51807\"},\"author\":{\"name\":\"FC Gueugnon\",\"@id\":\"https:\/\/www.fcgueugnon.fr\/site\/#\/schema\/person\/f6444fbdd35fa731ee974c03508738fb\"},\"headline\":\"[N3 J03 : FC Gueugnon \u2013 Sainte-Genevi\u00e8ve] R\u00e9sultat et r\u00e9actions\",\"datePublished\":\"2024-09-10T08:51:58+00:00\",\"dateModified\":\"2024-10-07T09:46:42+00:00\",\"mainEntityOfPage\":{\"@id\":\"https:\/\/www.fcgueugnon.fr\/site\/n3-j03-fc-gueugnon-sainte-genevieve-resultat-et-reactions\/51807\"},\"wordCount\":701,\"publisher\":{\"@id\":\"https:\/\/www.fcgueugnon.fr\/site\/#organization\"},\"image\":{\"@id\":\"https:\/\/www.fcgueugnon.fr\/site\/n3-j03-fc-gueugnon-sainte-genevieve-resultat-et-reactions\/51807#primaryimage\"},\"thumbnailUrl\":\"https:\/\/www.fcgueugnon.fr\/site\/wp-content\/uploads\/2024\/09\/resultat-fc-gueugon-ste-genevieve.jpg\",\"keywords\":[\"R\u00e9sultat\",\"Vid\u00e9o\"],\"articleSection\":[\"News\",\"News 2024\/2025\"],\"inLanguage\":\"fr-FR\"},{\"@type\":\"WebPage\",\"@id\":\"https:\/\/www.fcgueugnon.fr\/site\/n3-j03-fc-gueugnon-sainte-genevieve-resultat-et-reactions\/51807\",\"url\":\"https:\/\/www.fcgueugnon.fr\/site\/n3-j03-fc-gueugnon-sainte-genevieve-resultat-et-reactions\/51807\",\"name\":\"[N3 J03 : FC Gueugnon \u2013 Sainte-Genevi\u00e8ve] R\u00e9sultat et r\u00e9actions &#8226; FOOTBALL CLUB GUEUGNON\",\"isPartOf\":{\"@id\":\"https:\/\/www.fcgueugnon.fr\/site\/#website\"},\"primaryImageOfPage\":{\"@id\":\"https:\/\/www.fcgueugnon.fr\/site\/n3-j03-fc-gueugnon-sainte-genevieve-resultat-et-reactions\/51807#primaryimage\"},\"image\":{\"@id\":\"https:\/\/www.fcgueugnon.fr\/site\/n3-j03-fc-gueugnon-sainte-genevieve-resultat-et-reactions\/51807#primaryimage\"},\"thumbnailUrl\":\"https:\/\/www.fcgueugnon.fr\/site\/wp-content\/uploads\/2024\/09\/resultat-fc-gueugon-ste-genevieve.jpg\",\"datePublished\":\"2024-09-10T08:51:58+00:00\",\"dateModified\":\"2024-10-07T09:46:42+00:00\",\"breadcrumb\":{\"@id\":\"https:\/\/www.fcgueugnon.fr\/site\/n3-j03-fc-gueugnon-sainte-genevieve-resultat-et-reactions\/51807#breadcrumb\"},\"inLanguage\":\"fr-FR\",\"potentialAction\":[{\"@type\":\"ReadAction\",\"target\":[\"https:\/\/www.fcgueugnon.fr\/site\/n3-j03-fc-gueugnon-sainte-genevieve-resultat-et-reactions\/51807\"]}]},{\"@type\":\"ImageObject\",\"inLanguage\":\"fr-FR\",\"@id\":\"https:\/\/www.fcgueugnon.fr\/site\/n3-j03-fc-gueugnon-sainte-genevieve-resultat-et-reactions\/51807#primaryimage\",\"url\":\"https:\/\/www.fcgueugnon.fr\/site\/wp-content\/uploads\/2024\/09\/resultat-fc-gueugon-ste-genevieve.jpg\",\"contentUrl\":\"https:\/\/www.fcgueugnon.fr\/site\/wp-content\/uploads\/2024\/09\/resultat-fc-gueugon-ste-genevieve.jpg\",\"width\":1152,\"height\":1440},{\"@type\":\"BreadcrumbList\",\"@id\":\"https:\/\/www.fcgueugnon.fr\/site\/n3-j03-fc-gueugnon-sainte-genevieve-resultat-et-reactions\/51807#breadcrumb\",\"itemListElement\":[{\"@type\":\"ListItem\",\"position\":1,\"name\":\"Accueil\",\"item\":\"https:\/\/www.fcgueugnon.fr\/site\/\"},{\"@type\":\"ListItem\",\"position\":2,\"name\":\"[N3 J03 : FC Gueugnon \u2013 Sainte-Genevi\u00e8ve] R\u00e9sultat et r\u00e9actions\"}]},{\"@type\":\"WebSite\",\"@id\":\"https:\/\/www.fcgueugnon.fr\/site\/#website\",\"url\":\"https:\/\/www.fcgueugnon.fr\/site\/\",\"name\":\"FOOTBALL CLUB GUEUGNON\",\"description\":\"Le Site Officiel des Forgerons\",\"publisher\":{\"@id\":\"https:\/\/www.fcgueugnon.fr\/site\/#organization\"},\"potentialAction\":[{\"@type\":\"SearchAction\",\"target\":{\"@type\":\"EntryPoint\",\"urlTemplate\":\"https:\/\/www.fcgueugnon.fr\/site\/?s={search_term_string}\"},\"query-input\":{\"@type\":\"PropertyValueSpecification\",\"valueRequired\":true,\"valueName\":\"search_term_string\"}}],\"inLanguage\":\"fr-FR\"},{\"@type\":\"Organization\",\"@id\":\"https:\/\/www.fcgueugnon.fr\/site\/#organization\",\"name\":\"FC Gueugnon\",\"url\":\"https:\/\/www.fcgueugnon.fr\/site\/\",\"logo\":{\"@type\":\"ImageObject\",\"inLanguage\":\"fr-FR\",\"@id\":\"https:\/\/www.fcgueugnon.fr\/site\/#\/schema\/logo\/image\/\",\"url\":\"https:\/\/www.fcgueugnon.fr\/site\/wp-content\/uploads\/2022\/07\/cropped-Logo-FCGUEUGNON-low-350x350-1.png\",\"contentUrl\":\"https:\/\/www.fcgueugnon.fr\/site\/wp-content\/uploads\/2022\/07\/cropped-Logo-FCGUEUGNON-low-350x350-1.png\",\"width\":350,\"height\":350,\"caption\":\"FC Gueugnon\"},\"image\":{\"@id\":\"https:\/\/www.fcgueugnon.fr\/site\/#\/schema\/logo\/image\/\"},\"sameAs\":[\"http:\/\/facebook.com\/FCGueugnon\",\"https:\/\/x.com\/FCGueugnon_off\",\"https:\/\/www.instagram.com\/fcgueugnon\/\",\"https:\/\/www.linkedin.com\/company\/football-club-de-gueugnon\/\",\"https:\/\/www.youtube.com\/user\/FCGueugnonnais\",\"https:\/\/fr.wikipedia.org\/wiki\/Football_Club_de_Gueugnon\"]},{\"@type\":\"Person\",\"@id\":\"https:\/\/www.fcgueugnon.fr\/site\/#\/schema\/person\/f6444fbdd35fa731ee974c03508738fb\",\"name\":\"FC Gueugnon\",\"sameAs\":[\"https:\/\/www.fcgueugnon.fr\/site\"],\"url\":\"https:\/\/www.fcgueugnon.fr\/site\/author\/admin-antho\"}]}<\/script>\n<!-- \/ Yoast SEO plugin. -->","yoast_head_json":{"title":"[N3 J03 : FC Gueugnon \u2013 Sainte-Genevi\u00e8ve] R\u00e9sultat et r\u00e9actions &#8226; FOOTBALL CLUB GUEUGNON","robots":{"index":"index","follow":"follow","max-snippet":"max-snippet:-1","max-image-preview":"max-image-preview:large","max-video-preview":"max-video-preview:-1"},"canonical":"https:\/\/www.fcgueugnon.fr\/site\/n3-j03-fc-gueugnon-sainte-genevieve-resultat-et-reactions\/51807","og_locale":"fr_FR","og_type":"article","og_title":"[N3 J03 : FC Gueugnon \u2013 Sainte-Genevi\u00e8ve] R\u00e9sultat et r\u00e9actions &#8226; FOOTBALL CLUB GUEUGNON","og_description":"Pi\u00e9g\u00e9s juste avant la mi-temps, les forgerons n&rsquo;auront pas r\u00e9ussi \u00e0 refaire son retard et s&rsquo;inclinent pour la seconde fois \u00e0 domicile&#8230; Cr\u00e9dits photo : Photo Philippe Monperrus pour le JSL Disput\u00e9e dans des conditions humides, cette 3e journ\u00e9e de championnat a vu une \u00e9quipe de Sainte-Genevi\u00e8ve qui n&rsquo;a pas faillit \u00e0 sa r\u00e9putation ! ... Lire la suite","og_url":"https:\/\/www.fcgueugnon.fr\/site\/n3-j03-fc-gueugnon-sainte-genevieve-resultat-et-reactions\/51807","og_site_name":"FOOTBALL CLUB GUEUGNON","article_publisher":"http:\/\/facebook.com\/FCGueugnon","article_published_time":"2024-09-10T08:51:58+00:00","article_modified_time":"2024-10-07T09:46:42+00:00","og_image":[{"width":1152,"height":1440,"url":"https:\/\/www.fcgueugnon.fr\/site\/wp-content\/uploads\/2024\/09\/resultat-fc-gueugon-ste-genevieve.jpg","type":"image\/jpeg"}],"author":"FC Gueugnon","twitter_card":"summary_large_image","twitter_creator":"@FCGueugnon_off","twitter_site":"@FCGueugnon_off","twitter_misc":{"\u00c9crit par":"FC Gueugnon","Dur\u00e9e de lecture estim\u00e9e":"5 minutes"},"schema":{"@context":"https:\/\/schema.org","@graph":[{"@type":"Article","@id":"https:\/\/www.fcgueugnon.fr\/site\/n3-j03-fc-gueugnon-sainte-genevieve-resultat-et-reactions\/51807#article","isPartOf":{"@id":"https:\/\/www.fcgueugnon.fr\/site\/n3-j03-fc-gueugnon-sainte-genevieve-resultat-et-reactions\/51807"},"author":{"name":"FC Gueugnon","@id":"https:\/\/www.fcgueugnon.fr\/site\/#\/schema\/person\/f6444fbdd35fa731ee974c03508738fb"},"headline":"[N3 J03 : FC Gueugnon \u2013 Sainte-Genevi\u00e8ve] R\u00e9sultat et r\u00e9actions","datePublished":"2024-09-10T08:51:58+00:00","dateModified":"2024-10-07T09:46:42+00:00","mainEntityOfPage":{"@id":"https:\/\/www.fcgueugnon.fr\/site\/n3-j03-fc-gueugnon-sainte-genevieve-resultat-et-reactions\/51807"},"wordCount":701,"publisher":{"@id":"https:\/\/www.fcgueugnon.fr\/site\/#organization"},"image":{"@id":"https:\/\/www.fcgueugnon.fr\/site\/n3-j03-fc-gueugnon-sainte-genevieve-resultat-et-reactions\/51807#primaryimage"},"thumbnailUrl":"https:\/\/www.fcgueugnon.fr\/site\/wp-content\/uploads\/2024\/09\/resultat-fc-gueugon-ste-genevieve.jpg","keywords":["R\u00e9sultat","Vid\u00e9o"],"articleSection":["News","News 2024\/2025"],"inLanguage":"fr-FR"},{"@type":"WebPage","@id":"https:\/\/www.fcgueugnon.fr\/site\/n3-j03-fc-gueugnon-sainte-genevieve-resultat-et-reactions\/51807","url":"https:\/\/www.fcgueugnon.fr\/site\/n3-j03-fc-gueugnon-sainte-genevieve-resultat-et-reactions\/51807","name":"[N3 J03 : FC Gueugnon \u2013 Sainte-Genevi\u00e8ve] R\u00e9sultat et r\u00e9actions &#8226; FOOTBALL CLUB GUEUGNON","isPartOf":{"@id":"https:\/\/www.fcgueugnon.fr\/site\/#website"},"primaryImageOfPage":{"@id":"https:\/\/www.fcgueugnon.fr\/site\/n3-j03-fc-gueugnon-sainte-genevieve-resultat-et-reactions\/51807#primaryimage"},"image":{"@id":"https:\/\/www.fcgueugnon.fr\/site\/n3-j03-fc-gueugnon-sainte-genevieve-resultat-et-reactions\/51807#primaryimage"},"thumbnailUrl":"https:\/\/www.fcgueugnon.fr\/site\/wp-content\/uploads\/2024\/09\/resultat-fc-gueugon-ste-genevieve.jpg","datePublished":"2024-09-10T08:51:58+00:00","dateModified":"2024-10-07T09:46:42+00:00","breadcrumb":{"@id":"https:\/\/www.fcgueugnon.fr\/site\/n3-j03-fc-gueugnon-sainte-genevieve-resultat-et-reactions\/51807#breadcrumb"},"inLanguage":"fr-FR","potentialAction":[{"@type":"ReadAction","target":["https:\/\/www.fcgueugnon.fr\/site\/n3-j03-fc-gueugnon-sainte-genevieve-resultat-et-reactions\/51807"]}]},{"@type":"ImageObject","inLanguage":"fr-FR","@id":"https:\/\/www.fcgueugnon.fr\/site\/n3-j03-fc-gueugnon-sainte-genevieve-resultat-et-reactions\/51807#primaryimage","url":"https:\/\/www.fcgueugnon.fr\/site\/wp-content\/uploads\/2024\/09\/resultat-fc-gueugon-ste-genevieve.jpg","contentUrl":"https:\/\/www.fcgueugnon.fr\/site\/wp-content\/uploads\/2024\/09\/resultat-fc-gueugon-ste-genevieve.jpg","width":1152,"height":1440},{"@type":"BreadcrumbList","@id":"https:\/\/www.fcgueugnon.fr\/site\/n3-j03-fc-gueugnon-sainte-genevieve-resultat-et-reactions\/51807#breadcrumb","itemListElement":[{"@type":"ListItem","position":1,"name":"Accueil","item":"https:\/\/www.fcgueugnon.fr\/site\/"},{"@type":"ListItem","position":2,"name":"[N3 J03 : FC Gueugnon \u2013 Sainte-Genevi\u00e8ve] R\u00e9sultat et r\u00e9actions"}]},{"@type":"WebSite","@id":"https:\/\/www.fcgueugnon.fr\/site\/#website","url":"https:\/\/www.fcgueugnon.fr\/site\/","name":"FOOTBALL CLUB GUEUGNON","description":"Le Site Officiel des Forgerons","publisher":{"@id":"https:\/\/www.fcgueugnon.fr\/site\/#organization"},"potentialAction":[{"@type":"SearchAction","target":{"@type":"EntryPoint","urlTemplate":"https:\/\/www.fcgueugnon.fr\/site\/?s={search_term_string}"},"query-input":{"@type":"PropertyValueSpecification","valueRequired":true,"valueName":"search_term_string"}}],"inLanguage":"fr-FR"},{"@type":"Organization","@id":"https:\/\/www.fcgueugnon.fr\/site\/#organization","name":"FC Gueugnon","url":"https:\/\/www.fcgueugnon.fr\/site\/","logo":{"@type":"ImageObject","inLanguage":"fr-FR","@id":"https:\/\/www.fcgueugnon.fr\/site\/#\/schema\/logo\/image\/","url":"https:\/\/www.fcgueugnon.fr\/site\/wp-content\/uploads\/2022\/07\/cropped-Logo-FCGUEUGNON-low-350x350-1.png","contentUrl":"https:\/\/www.fcgueugnon.fr\/site\/wp-content\/uploads\/2022\/07\/cropped-Logo-FCGUEUGNON-low-350x350-1.png","width":350,"height":350,"caption":"FC Gueugnon"},"image":{"@id":"https:\/\/www.fcgueugnon.fr\/site\/#\/schema\/logo\/image\/"},"sameAs":["http:\/\/facebook.com\/FCGueugnon","https:\/\/x.com\/FCGueugnon_off","https:\/\/www.instagram.com\/fcgueugnon\/","https:\/\/www.linkedin.com\/company\/football-club-de-gueugnon\/","https:\/\/www.youtube.com\/user\/FCGueugnonnais","https:\/\/fr.wikipedia.org\/wiki\/Football_Club_de_Gueugnon"]},{"@type":"Person","@id":"https:\/\/www.fcgueugnon.fr\/site\/#\/schema\/person\/f6444fbdd35fa731ee974c03508738fb","name":"FC Gueugnon","sameAs":["https:\/\/www.fcgueugnon.fr\/site"],"url":"https:\/\/www.fcgueugnon.fr\/site\/author\/admin-antho"}]}},"rttpg_featured_image_url":{"full":["https:\/\/www.fcgueugnon.fr\/site\/wp-content\/uploads\/2024\/09\/resultat-fc-gueugon-ste-genevieve.jpg",1152,1440,false],"landscape":["https:\/\/www.fcgueugnon.fr\/site\/wp-content\/uploads\/2024\/09\/resultat-fc-gueugon-ste-genevieve.jpg",1152,1440,false],"portraits":["https:\/\/www.fcgueugnon.fr\/site\/wp-content\/uploads\/2024\/09\/resultat-fc-gueugon-ste-genevieve.jpg",1152,1440,false],"thumbnail":["https:\/\/www.fcgueugnon.fr\/site\/wp-content\/uploads\/2024\/09\/resultat-fc-gueugon-ste-genevieve-150x150.jpg",150,150,true],"medium":["https:\/\/www.fcgueugnon.fr\/site\/wp-content\/uploads\/2024\/09\/resultat-fc-gueugon-ste-genevieve-320x400.jpg",320,400,true],"large":["https:\/\/www.fcgueugnon.fr\/site\/wp-content\/uploads\/2024\/09\/resultat-fc-gueugon-ste-genevieve-819x1024.jpg",819,1024,true],"1536x1536":["https:\/\/www.fcgueugnon.fr\/site\/wp-content\/uploads\/2024\/09\/resultat-fc-gueugon-ste-genevieve.jpg",1152,1440,false],"2048x2048":["https:\/\/www.fcgueugnon.fr\/site\/wp-content\/uploads\/2024\/09\/resultat-fc-gueugon-ste-genevieve.jpg",1152,1440,false]},"rttpg_author":{"display_name":"FC Gueugnon","author_link":"https:\/\/www.fcgueugnon.fr\/site\/author\/admin-antho"},"rttpg_comment":0,"rttpg_category":"<a href=\"https:\/\/www.fcgueugnon.fr\/site\/category\/news\" rel=\"category tag\">News<\/a> <a href=\"https:\/\/www.fcgueugnon.fr\/site\/category\/news\/news-2024-2025\" rel=\"category tag\">News 2024\/2025<\/a>","rttpg_excerpt":"Pi\u00e9g\u00e9s juste avant la mi-temps, les forgerons n&rsquo;auront pas r\u00e9ussi \u00e0 refaire son retard et s&rsquo;inclinent pour la seconde fois \u00e0 domicile&#8230; Cr\u00e9dits photo : Photo Philippe Monperrus pour le JSL Disput\u00e9e dans des conditions humides, cette 3e journ\u00e9e de championnat a vu une \u00e9quipe de Sainte-Genevi\u00e8ve qui n&rsquo;a pas faillit \u00e0 sa r\u00e9putation !\u2026","_links":{"self":[{"href":"https:\/\/www.fcgueugnon.fr\/site\/wp-json\/wp\/v2\/posts\/51807","targetHints":{"allow":["GET"]}}],"collection":[{"href":"https:\/\/www.fcgueugnon.fr\/site\/wp-json\/wp\/v2\/posts"}],"about":[{"href":"https:\/\/www.fcgueugnon.fr\/site\/wp-json\/wp\/v2\/types\/post"}],"author":[{"embeddable":true,"href":"https:\/\/www.fcgueugnon.fr\/site\/wp-json\/wp\/v2\/users\/1"}],"replies":[{"embeddable":true,"href":"https:\/\/www.fcgueugnon.fr\/site\/wp-json\/wp\/v2\/comments?post=51807"}],"version-history":[{"count":6,"href":"https:\/\/www.fcgueugnon.fr\/site\/wp-json\/wp\/v2\/posts\/51807\/revisions"}],"predecessor-version":[{"id":51827,"href":"https:\/\/www.fcgueugnon.fr\/site\/wp-json\/wp\/v2\/posts\/51807\/revisions\/51827"}],"wp:featuredmedia":[{"embeddable":true,"href":"https:\/\/www.fcgueugnon.fr\/site\/wp-json\/wp\/v2\/media\/51790"}],"wp:attachment":[{"href":"https:\/\/www.fcgueugnon.fr\/site\/wp-json\/wp\/v2\/media?parent=51807"}],"wp:term":[{"taxonomy":"category","embeddable":true,"href":"https:\/\/www.fcgueugnon.fr\/site\/wp-json\/wp\/v2\/categories?post=51807"},{"taxonomy":"post_tag","embeddable":true,"href":"https:\/\/www.fcgueugnon.fr\/site\/wp-json\/wp\/v2\/tags?post=51807"}],"curies":[{"name":"wp","href":"https:\/\/api.w.org\/{rel}","templated":true}]}}