{"id":51800,"date":"2024-09-07T16:55:00","date_gmt":"2024-09-07T14:55:00","guid":{"rendered":"https:\/\/www.fcgueugnon.fr\/site\/?p=51800"},"modified":"2024-09-08T22:19:32","modified_gmt":"2024-09-08T20:19:32","slug":"interview-forgeron-mag-2-avec-junior-abbew-buckman","status":"publish","type":"post","link":"https:\/\/www.fcgueugnon.fr\/site\/interview-forgeron-mag-2-avec-junior-abbew-buckman\/51800","title":{"rendered":"[Interview] Forgeron Mag #2 avec Junior ABBEW BUCKMAN"},"content":{"rendered":"\n<h3 class=\"wp-block-heading\">D\u00e9couvrez en int\u00e9gralit\u00e9 l&rsquo;interview de Junior ABBEW BUCKMAN diffus\u00e9e dans le forgeron mag de cette trois\u00e8me journ\u00e9e face \u00e0 Sainte Genevi\u00e8ve.<\/h3>\n\n\n\n<div style=\"height:75px\" aria-hidden=\"true\" class=\"wp-block-spacer\"><\/div>\n\n\n<div class=\"wp-block-image\">\n<figure class=\"aligncenter size-full is-resized\"><img loading=\"lazy\" decoding=\"async\" width=\"1502\" height=\"1007\" src=\"https:\/\/www.fcgueugnon.fr\/site\/wp-content\/uploads\/2024\/09\/Junior-Buckman-fc-gueugnon.jpeg\" alt=\"\" class=\"wp-image-51805\" style=\"width:768px;height:512px\" srcset=\"https:\/\/www.fcgueugnon.fr\/site\/wp-content\/uploads\/2024\/09\/Junior-Buckman-fc-gueugnon.jpeg 1502w, https:\/\/www.fcgueugnon.fr\/site\/wp-content\/uploads\/2024\/09\/Junior-Buckman-fc-gueugnon-400x268.jpeg 400w, https:\/\/www.fcgueugnon.fr\/site\/wp-content\/uploads\/2024\/09\/Junior-Buckman-fc-gueugnon-1024x687.jpeg 1024w, https:\/\/www.fcgueugnon.fr\/site\/wp-content\/uploads\/2024\/09\/Junior-Buckman-fc-gueugnon-768x515.jpeg 768w, https:\/\/www.fcgueugnon.fr\/site\/wp-content\/uploads\/2024\/09\/Junior-Buckman-fc-gueugnon-1320x885.jpeg 1320w\" sizes=\"auto, (max-width: 1502px) 100vw, 1502px\" \/><\/figure>\n<\/div>\n\n\n<div style=\"height:75px\" aria-hidden=\"true\" class=\"wp-block-spacer\"><\/div>\n\n\n\n<p><strong>Forgeron Mag&rsquo; : Peux-tu te pr\u00e9senter \u00e0 nous ?<\/strong><br>\u00ab Je m&rsquo;appelle Junior ABBEW BUCKMAN, j&rsquo;ai 25 ans et je suis n\u00e9 \u00e0 Chen\u00f4ve. J&rsquo;ai commenc\u00e9 le football \u00e0 8 ans au CSL Chen\u00f4ve o\u00f9 j&rsquo;ai jou\u00e9 jusqu&rsquo;\u00e0 mes 13 ans. J&rsquo;ai ensuite rejoint l&rsquo;USC Dijon pendant trois ans avant d&rsquo;int\u00e9grer le centre de formation du DFCO, o\u00f9 j&rsquo;ai pass\u00e9 quatre ann\u00e9es. Puis, en s\u00e9nior, j&rsquo;ai \u00e9volu\u00e9 \u00e0 Saint-Apollinaire (N3), Is-Selongey (N3), Besan\u00e7on Foot (N3), Grandvillars (N3), et enfin \u00e0 Avoine OCC (N2). \u00bb<\/p>\n\n\n\n<p><strong>Qu&rsquo;est ce qui t&rsquo;a amen\u00e9 \u00e0 rejoindre le FCG ?<\/strong><br>\u00ab Je suis en relation depuis plusieurs saisons avec le staff. Apr\u00e8s une saison difficile \u00e0 cause d&rsquo;une grave blessure, j&rsquo;ai d\u00e9cid\u00e9 que le FCG \u00e9tait l&rsquo;endroit id\u00e9al pour me relancer ! Je connais bien l&rsquo;histoire du club ainsi que certains dirigeants et joueurs. De plus, le stade et les supporters m&rsquo;ont vraiment motiv\u00e9 \u00e0 venir ! \u00bb<\/p>\n\n\n\n<p><strong>Quel est ton meilleur souvenir footballistique ?<\/strong><br>\u00ab Je dirais lors de la saison 2015-2016 o\u00f9 j\u2019ai effectu\u00e9 mes premiers pas en CFA2 avec le DFCO \u00e0 l\u2019age de 16 ans ! Ce sont des tr\u00e8s bons souvenirs&#8230; \u00bb<\/p>\n\n\n\n<p><strong>L\u2019int\u00e9gration au club et dans la vie locale se passe bien ?<\/strong><br>\u00ab Oui oui, cela se passe \u00e0 merveille et comme on dit : \u00ab\u00a0le groupe vit bien\u00a0\u00bb \u00bb<\/p>\n\n\n\n<figure class=\"wp-block-pullquote\"><blockquote><p>\u00ab \u00c0 l&rsquo;origine, je suis form\u00e9 comme num\u00e9ro 9&#8230; Mais d\u00e9sormais je joue comme milieu excentr\u00e9 \u00e0 droite ou \u00e0 gauche. \u00bb<\/p><\/blockquote><\/figure>\n\n\n\n<p><strong>Quel est ton profil de joueur ?<\/strong><br>\u00ab \u00c0 l&rsquo;origine, je suis form\u00e9 comme num\u00e9ro 9&#8230; Mais d\u00e9sormais je joue comme milieu excentr\u00e9 \u00e0 droite ou \u00e0 gauche&#8230; Tout en pouvant \u00e9galement \u00e9voluer en tant que num\u00e9ro 9 ! \u00bb<\/p>\n\n\n\n<p><strong>Et quels sont tes joueurs mod\u00e8les et ton \u00e9quipe favorite dans le foot ?<\/strong><br>\u00ab Je suis un grand fan du FC Barcelone et du Borussia Dortmund.<br>Mon joueur pr\u00e9f\u00e9r\u00e9 : Messi m\u00eame si je m&rsquo;inspire beaucoup de joueurs comme Rib\u00e9ry et Robben. \u00bb<\/p>\n\n\n\n<p><strong>En dehors du football quels sont tes hobbies ou autres occupations ?<\/strong><br>\u00ab J&rsquo;aime beaucoup regarder d&rsquo;autres sports comme le tennis ou la MMA&#8230; J\u2019aime bien \u00e9galement regarder des films, des s\u00e9ries et jouer aux jeux vid\u00e9o. \u00bb<\/p>\n\n\n\n<p><strong>Enfin, que penses-tu de ce nouveau championnat ?<\/strong><br>\u00ab Honn\u00eatement, le championnat National 3 est plus relev\u00e9 et plus exigeant cette saison que les ann\u00e9es pass\u00e9es ! L&rsquo;arriv\u00e9e des \u00e9quipes de la r\u00e9gion parisienne et de belles \u00e9quipes r\u00e9serves de clubs professionnels tels que l\u2019AJA et l\u2019ESTAC Troyes renforcent la comp\u00e9titivit\u00e9. \u00bb<\/p>\n\n\n\n<div style=\"height:100px\" aria-hidden=\"true\" class=\"wp-block-spacer\"><\/div>\n\n\n\n<hr class=\"wp-block-separator has-alpha-channel-opacity\"\/>\n\n\n\n<h3 class=\"wp-block-heading\">Retrouvez le Forgeron Mag #1 en int\u00e9gralit\u00e9<\/h3>\n\n\n\n<div class=\"wp-block-pdf-viewer-block-standard\" style=\"text-align:left\"><div class=\"uploaded-pdf\"><a href=\"https:\/\/www.fcgueugnon.fr\/site\/wp-content\/uploads\/2024\/09\/Forgeron-Mag-J03.pdf\" data-width=\"\" data-height=\"\"><\/a><\/div><\/div>\n\n\n\n<div class=\"wp-block-buttons is-content-justification-center is-layout-flex wp-container-core-buttons-is-layout-16018d1d wp-block-buttons-is-layout-flex\">\n<div class=\"wp-block-button alignright is-style-circular\"><a class=\"wp-block-button__link has-text-align-center wp-element-button\" href=\"https:\/\/www.fcgueugnon.fr\/site\/wp-content\/uploads\/2024\/08\/Forgeron-Mag-J01.pdf\">T\u00e9l\u00e9charger<\/a><\/div>\n<\/div>\n","protected":false},"excerpt":{"rendered":"<p>D\u00e9couvrez en int\u00e9gralit\u00e9 l&rsquo;interview de Paul SCHACHERER diffus\u00e9e dans le forgeron mag de cette premi\u00e8re journ\u00e9e face \u00e0 Louhans-Cuiseaux.<\/p>\n","protected":false},"author":1,"featured_media":51805,"comment_status":"closed","ping_status":"closed","sticky":false,"template":"","format":"standard","meta":{"footnotes":""},"categories":[4,62],"tags":[24,11],"class_list":["post-51800","post","type-post","status-publish","format-standard","has-post-thumbnail","hentry","category-news","category-news-2024-2025","tag-forgeron-mag","tag-interview","infinite-scroll-item","generate-columns","tablet-grid-50","mobile-grid-100","grid-parent","grid-25"],"yoast_head":"<!-- This site is optimized with the Yoast SEO plugin v26.6 - https:\/\/yoast.com\/wordpress\/plugins\/seo\/ -->\n<title>[Interview] Forgeron Mag #2 avec Junior ABBEW BUCKMAN &#8226; FOOTBALL CLUB GUEUGNON<\/title>\n<meta name=\"robots\" content=\"index, follow, max-snippet:-1, max-image-preview:large, max-video-preview:-1\" \/>\n<link rel=\"canonical\" href=\"https:\/\/www.fcgueugnon.fr\/site\/interview-forgeron-mag-2-avec-junior-abbew-buckman\/51800\" \/>\n<meta property=\"og:locale\" content=\"fr_FR\" \/>\n<meta property=\"og:type\" content=\"article\" \/>\n<meta property=\"og:title\" content=\"[Interview] Forgeron Mag #2 avec Junior ABBEW BUCKMAN &#8226; FOOTBALL CLUB GUEUGNON\" \/>\n<meta property=\"og:description\" content=\"D\u00e9couvrez en int\u00e9gralit\u00e9 l&#039;interview de Paul SCHACHERER diffus\u00e9e dans le forgeron mag de cette premi\u00e8re journ\u00e9e face \u00e0 Louhans-Cuiseaux.\" \/>\n<meta property=\"og:url\" content=\"https:\/\/www.fcgueugnon.fr\/site\/interview-forgeron-mag-2-avec-junior-abbew-buckman\/51800\" \/>\n<meta property=\"og:site_name\" content=\"FOOTBALL CLUB GUEUGNON\" \/>\n<meta property=\"article:publisher\" content=\"http:\/\/facebook.com\/FCGueugnon\" \/>\n<meta property=\"article:published_time\" content=\"2024-09-07T14:55:00+00:00\" \/>\n<meta property=\"article:modified_time\" content=\"2024-09-08T20:19:32+00:00\" \/>\n<meta property=\"og:image\" content=\"https:\/\/www.fcgueugnon.fr\/site\/wp-content\/uploads\/2024\/09\/Junior-Buckman-fc-gueugnon.jpeg\" \/>\n\t<meta property=\"og:image:width\" content=\"1502\" \/>\n\t<meta property=\"og:image:height\" content=\"1007\" \/>\n\t<meta property=\"og:image:type\" content=\"image\/jpeg\" \/>\n<meta name=\"author\" content=\"FC Gueugnon\" \/>\n<meta name=\"twitter:card\" content=\"summary_large_image\" \/>\n<meta name=\"twitter:creator\" content=\"@FCGueugnon_off\" \/>\n<meta name=\"twitter:site\" content=\"@FCGueugnon_off\" \/>\n<meta name=\"twitter:label1\" content=\"\u00c9crit par\" \/>\n\t<meta name=\"twitter:data1\" content=\"FC Gueugnon\" \/>\n\t<meta name=\"twitter:label2\" content=\"Dur\u00e9e de lecture estim\u00e9e\" \/>\n\t<meta name=\"twitter:data2\" content=\"3 minutes\" \/>\n<script type=\"application\/ld+json\" class=\"yoast-schema-graph\">{\"@context\":\"https:\/\/schema.org\",\"@graph\":[{\"@type\":\"Article\",\"@id\":\"https:\/\/www.fcgueugnon.fr\/site\/interview-forgeron-mag-2-avec-junior-abbew-buckman\/51800#article\",\"isPartOf\":{\"@id\":\"https:\/\/www.fcgueugnon.fr\/site\/interview-forgeron-mag-2-avec-junior-abbew-buckman\/51800\"},\"author\":{\"name\":\"FC Gueugnon\",\"@id\":\"https:\/\/www.fcgueugnon.fr\/site\/#\/schema\/person\/f6444fbdd35fa731ee974c03508738fb\"},\"headline\":\"[Interview] Forgeron Mag #2 avec Junior ABBEW BUCKMAN\",\"datePublished\":\"2024-09-07T14:55:00+00:00\",\"dateModified\":\"2024-09-08T20:19:32+00:00\",\"mainEntityOfPage\":{\"@id\":\"https:\/\/www.fcgueugnon.fr\/site\/interview-forgeron-mag-2-avec-junior-abbew-buckman\/51800\"},\"wordCount\":462,\"publisher\":{\"@id\":\"https:\/\/www.fcgueugnon.fr\/site\/#organization\"},\"image\":{\"@id\":\"https:\/\/www.fcgueugnon.fr\/site\/interview-forgeron-mag-2-avec-junior-abbew-buckman\/51800#primaryimage\"},\"thumbnailUrl\":\"https:\/\/www.fcgueugnon.fr\/site\/wp-content\/uploads\/2024\/09\/Junior-Buckman-fc-gueugnon.jpeg\",\"keywords\":[\"Forgeron Mag\",\"Interview\"],\"articleSection\":[\"News\",\"News 2024\/2025\"],\"inLanguage\":\"fr-FR\"},{\"@type\":\"WebPage\",\"@id\":\"https:\/\/www.fcgueugnon.fr\/site\/interview-forgeron-mag-2-avec-junior-abbew-buckman\/51800\",\"url\":\"https:\/\/www.fcgueugnon.fr\/site\/interview-forgeron-mag-2-avec-junior-abbew-buckman\/51800\",\"name\":\"[Interview] Forgeron Mag #2 avec Junior ABBEW BUCKMAN &#8226; FOOTBALL CLUB GUEUGNON\",\"isPartOf\":{\"@id\":\"https:\/\/www.fcgueugnon.fr\/site\/#website\"},\"primaryImageOfPage\":{\"@id\":\"https:\/\/www.fcgueugnon.fr\/site\/interview-forgeron-mag-2-avec-junior-abbew-buckman\/51800#primaryimage\"},\"image\":{\"@id\":\"https:\/\/www.fcgueugnon.fr\/site\/interview-forgeron-mag-2-avec-junior-abbew-buckman\/51800#primaryimage\"},\"thumbnailUrl\":\"https:\/\/www.fcgueugnon.fr\/site\/wp-content\/uploads\/2024\/09\/Junior-Buckman-fc-gueugnon.jpeg\",\"datePublished\":\"2024-09-07T14:55:00+00:00\",\"dateModified\":\"2024-09-08T20:19:32+00:00\",\"breadcrumb\":{\"@id\":\"https:\/\/www.fcgueugnon.fr\/site\/interview-forgeron-mag-2-avec-junior-abbew-buckman\/51800#breadcrumb\"},\"inLanguage\":\"fr-FR\",\"potentialAction\":[{\"@type\":\"ReadAction\",\"target\":[\"https:\/\/www.fcgueugnon.fr\/site\/interview-forgeron-mag-2-avec-junior-abbew-buckman\/51800\"]}]},{\"@type\":\"ImageObject\",\"inLanguage\":\"fr-FR\",\"@id\":\"https:\/\/www.fcgueugnon.fr\/site\/interview-forgeron-mag-2-avec-junior-abbew-buckman\/51800#primaryimage\",\"url\":\"https:\/\/www.fcgueugnon.fr\/site\/wp-content\/uploads\/2024\/09\/Junior-Buckman-fc-gueugnon.jpeg\",\"contentUrl\":\"https:\/\/www.fcgueugnon.fr\/site\/wp-content\/uploads\/2024\/09\/Junior-Buckman-fc-gueugnon.jpeg\",\"width\":1502,\"height\":1007},{\"@type\":\"BreadcrumbList\",\"@id\":\"https:\/\/www.fcgueugnon.fr\/site\/interview-forgeron-mag-2-avec-junior-abbew-buckman\/51800#breadcrumb\",\"itemListElement\":[{\"@type\":\"ListItem\",\"position\":1,\"name\":\"Accueil\",\"item\":\"https:\/\/www.fcgueugnon.fr\/site\/\"},{\"@type\":\"ListItem\",\"position\":2,\"name\":\"[Interview] Forgeron Mag #2 avec Junior ABBEW BUCKMAN\"}]},{\"@type\":\"WebSite\",\"@id\":\"https:\/\/www.fcgueugnon.fr\/site\/#website\",\"url\":\"https:\/\/www.fcgueugnon.fr\/site\/\",\"name\":\"FOOTBALL CLUB GUEUGNON\",\"description\":\"Le Site Officiel des Forgerons\",\"publisher\":{\"@id\":\"https:\/\/www.fcgueugnon.fr\/site\/#organization\"},\"potentialAction\":[{\"@type\":\"SearchAction\",\"target\":{\"@type\":\"EntryPoint\",\"urlTemplate\":\"https:\/\/www.fcgueugnon.fr\/site\/?s={search_term_string}\"},\"query-input\":{\"@type\":\"PropertyValueSpecification\",\"valueRequired\":true,\"valueName\":\"search_term_string\"}}],\"inLanguage\":\"fr-FR\"},{\"@type\":\"Organization\",\"@id\":\"https:\/\/www.fcgueugnon.fr\/site\/#organization\",\"name\":\"FC Gueugnon\",\"url\":\"https:\/\/www.fcgueugnon.fr\/site\/\",\"logo\":{\"@type\":\"ImageObject\",\"inLanguage\":\"fr-FR\",\"@id\":\"https:\/\/www.fcgueugnon.fr\/site\/#\/schema\/logo\/image\/\",\"url\":\"https:\/\/www.fcgueugnon.fr\/site\/wp-content\/uploads\/2022\/07\/cropped-Logo-FCGUEUGNON-low-350x350-1.png\",\"contentUrl\":\"https:\/\/www.fcgueugnon.fr\/site\/wp-content\/uploads\/2022\/07\/cropped-Logo-FCGUEUGNON-low-350x350-1.png\",\"width\":350,\"height\":350,\"caption\":\"FC Gueugnon\"},\"image\":{\"@id\":\"https:\/\/www.fcgueugnon.fr\/site\/#\/schema\/logo\/image\/\"},\"sameAs\":[\"http:\/\/facebook.com\/FCGueugnon\",\"https:\/\/x.com\/FCGueugnon_off\",\"https:\/\/www.instagram.com\/fcgueugnon\/\",\"https:\/\/www.linkedin.com\/company\/football-club-de-gueugnon\/\",\"https:\/\/www.youtube.com\/user\/FCGueugnonnais\",\"https:\/\/fr.wikipedia.org\/wiki\/Football_Club_de_Gueugnon\"]},{\"@type\":\"Person\",\"@id\":\"https:\/\/www.fcgueugnon.fr\/site\/#\/schema\/person\/f6444fbdd35fa731ee974c03508738fb\",\"name\":\"FC Gueugnon\",\"sameAs\":[\"https:\/\/www.fcgueugnon.fr\/site\"],\"url\":\"https:\/\/www.fcgueugnon.fr\/site\/author\/admin-antho\"}]}<\/script>\n<!-- \/ Yoast SEO plugin. -->","yoast_head_json":{"title":"[Interview] Forgeron Mag #2 avec Junior ABBEW BUCKMAN &#8226; FOOTBALL CLUB GUEUGNON","robots":{"index":"index","follow":"follow","max-snippet":"max-snippet:-1","max-image-preview":"max-image-preview:large","max-video-preview":"max-video-preview:-1"},"canonical":"https:\/\/www.fcgueugnon.fr\/site\/interview-forgeron-mag-2-avec-junior-abbew-buckman\/51800","og_locale":"fr_FR","og_type":"article","og_title":"[Interview] Forgeron Mag #2 avec Junior ABBEW BUCKMAN &#8226; FOOTBALL CLUB GUEUGNON","og_description":"D\u00e9couvrez en int\u00e9gralit\u00e9 l'interview de Paul SCHACHERER diffus\u00e9e dans le forgeron mag de cette premi\u00e8re journ\u00e9e face \u00e0 Louhans-Cuiseaux.","og_url":"https:\/\/www.fcgueugnon.fr\/site\/interview-forgeron-mag-2-avec-junior-abbew-buckman\/51800","og_site_name":"FOOTBALL CLUB GUEUGNON","article_publisher":"http:\/\/facebook.com\/FCGueugnon","article_published_time":"2024-09-07T14:55:00+00:00","article_modified_time":"2024-09-08T20:19:32+00:00","og_image":[{"width":1502,"height":1007,"url":"https:\/\/www.fcgueugnon.fr\/site\/wp-content\/uploads\/2024\/09\/Junior-Buckman-fc-gueugnon.jpeg","type":"image\/jpeg"}],"author":"FC Gueugnon","twitter_card":"summary_large_image","twitter_creator":"@FCGueugnon_off","twitter_site":"@FCGueugnon_off","twitter_misc":{"\u00c9crit par":"FC Gueugnon","Dur\u00e9e de lecture estim\u00e9e":"3 minutes"},"schema":{"@context":"https:\/\/schema.org","@graph":[{"@type":"Article","@id":"https:\/\/www.fcgueugnon.fr\/site\/interview-forgeron-mag-2-avec-junior-abbew-buckman\/51800#article","isPartOf":{"@id":"https:\/\/www.fcgueugnon.fr\/site\/interview-forgeron-mag-2-avec-junior-abbew-buckman\/51800"},"author":{"name":"FC Gueugnon","@id":"https:\/\/www.fcgueugnon.fr\/site\/#\/schema\/person\/f6444fbdd35fa731ee974c03508738fb"},"headline":"[Interview] Forgeron Mag #2 avec Junior ABBEW BUCKMAN","datePublished":"2024-09-07T14:55:00+00:00","dateModified":"2024-09-08T20:19:32+00:00","mainEntityOfPage":{"@id":"https:\/\/www.fcgueugnon.fr\/site\/interview-forgeron-mag-2-avec-junior-abbew-buckman\/51800"},"wordCount":462,"publisher":{"@id":"https:\/\/www.fcgueugnon.fr\/site\/#organization"},"image":{"@id":"https:\/\/www.fcgueugnon.fr\/site\/interview-forgeron-mag-2-avec-junior-abbew-buckman\/51800#primaryimage"},"thumbnailUrl":"https:\/\/www.fcgueugnon.fr\/site\/wp-content\/uploads\/2024\/09\/Junior-Buckman-fc-gueugnon.jpeg","keywords":["Forgeron Mag","Interview"],"articleSection":["News","News 2024\/2025"],"inLanguage":"fr-FR"},{"@type":"WebPage","@id":"https:\/\/www.fcgueugnon.fr\/site\/interview-forgeron-mag-2-avec-junior-abbew-buckman\/51800","url":"https:\/\/www.fcgueugnon.fr\/site\/interview-forgeron-mag-2-avec-junior-abbew-buckman\/51800","name":"[Interview] Forgeron Mag #2 avec Junior ABBEW BUCKMAN &#8226; FOOTBALL CLUB GUEUGNON","isPartOf":{"@id":"https:\/\/www.fcgueugnon.fr\/site\/#website"},"primaryImageOfPage":{"@id":"https:\/\/www.fcgueugnon.fr\/site\/interview-forgeron-mag-2-avec-junior-abbew-buckman\/51800#primaryimage"},"image":{"@id":"https:\/\/www.fcgueugnon.fr\/site\/interview-forgeron-mag-2-avec-junior-abbew-buckman\/51800#primaryimage"},"thumbnailUrl":"https:\/\/www.fcgueugnon.fr\/site\/wp-content\/uploads\/2024\/09\/Junior-Buckman-fc-gueugnon.jpeg","datePublished":"2024-09-07T14:55:00+00:00","dateModified":"2024-09-08T20:19:32+00:00","breadcrumb":{"@id":"https:\/\/www.fcgueugnon.fr\/site\/interview-forgeron-mag-2-avec-junior-abbew-buckman\/51800#breadcrumb"},"inLanguage":"fr-FR","potentialAction":[{"@type":"ReadAction","target":["https:\/\/www.fcgueugnon.fr\/site\/interview-forgeron-mag-2-avec-junior-abbew-buckman\/51800"]}]},{"@type":"ImageObject","inLanguage":"fr-FR","@id":"https:\/\/www.fcgueugnon.fr\/site\/interview-forgeron-mag-2-avec-junior-abbew-buckman\/51800#primaryimage","url":"https:\/\/www.fcgueugnon.fr\/site\/wp-content\/uploads\/2024\/09\/Junior-Buckman-fc-gueugnon.jpeg","contentUrl":"https:\/\/www.fcgueugnon.fr\/site\/wp-content\/uploads\/2024\/09\/Junior-Buckman-fc-gueugnon.jpeg","width":1502,"height":1007},{"@type":"BreadcrumbList","@id":"https:\/\/www.fcgueugnon.fr\/site\/interview-forgeron-mag-2-avec-junior-abbew-buckman\/51800#breadcrumb","itemListElement":[{"@type":"ListItem","position":1,"name":"Accueil","item":"https:\/\/www.fcgueugnon.fr\/site\/"},{"@type":"ListItem","position":2,"name":"[Interview] Forgeron Mag #2 avec Junior ABBEW BUCKMAN"}]},{"@type":"WebSite","@id":"https:\/\/www.fcgueugnon.fr\/site\/#website","url":"https:\/\/www.fcgueugnon.fr\/site\/","name":"FOOTBALL CLUB GUEUGNON","description":"Le Site Officiel des Forgerons","publisher":{"@id":"https:\/\/www.fcgueugnon.fr\/site\/#organization"},"potentialAction":[{"@type":"SearchAction","target":{"@type":"EntryPoint","urlTemplate":"https:\/\/www.fcgueugnon.fr\/site\/?s={search_term_string}"},"query-input":{"@type":"PropertyValueSpecification","valueRequired":true,"valueName":"search_term_string"}}],"inLanguage":"fr-FR"},{"@type":"Organization","@id":"https:\/\/www.fcgueugnon.fr\/site\/#organization","name":"FC Gueugnon","url":"https:\/\/www.fcgueugnon.fr\/site\/","logo":{"@type":"ImageObject","inLanguage":"fr-FR","@id":"https:\/\/www.fcgueugnon.fr\/site\/#\/schema\/logo\/image\/","url":"https:\/\/www.fcgueugnon.fr\/site\/wp-content\/uploads\/2022\/07\/cropped-Logo-FCGUEUGNON-low-350x350-1.png","contentUrl":"https:\/\/www.fcgueugnon.fr\/site\/wp-content\/uploads\/2022\/07\/cropped-Logo-FCGUEUGNON-low-350x350-1.png","width":350,"height":350,"caption":"FC Gueugnon"},"image":{"@id":"https:\/\/www.fcgueugnon.fr\/site\/#\/schema\/logo\/image\/"},"sameAs":["http:\/\/facebook.com\/FCGueugnon","https:\/\/x.com\/FCGueugnon_off","https:\/\/www.instagram.com\/fcgueugnon\/","https:\/\/www.linkedin.com\/company\/football-club-de-gueugnon\/","https:\/\/www.youtube.com\/user\/FCGueugnonnais","https:\/\/fr.wikipedia.org\/wiki\/Football_Club_de_Gueugnon"]},{"@type":"Person","@id":"https:\/\/www.fcgueugnon.fr\/site\/#\/schema\/person\/f6444fbdd35fa731ee974c03508738fb","name":"FC Gueugnon","sameAs":["https:\/\/www.fcgueugnon.fr\/site"],"url":"https:\/\/www.fcgueugnon.fr\/site\/author\/admin-antho"}]}},"rttpg_featured_image_url":{"full":["https:\/\/www.fcgueugnon.fr\/site\/wp-content\/uploads\/2024\/09\/Junior-Buckman-fc-gueugnon.jpeg",1502,1007,false],"landscape":["https:\/\/www.fcgueugnon.fr\/site\/wp-content\/uploads\/2024\/09\/Junior-Buckman-fc-gueugnon.jpeg",1502,1007,false],"portraits":["https:\/\/www.fcgueugnon.fr\/site\/wp-content\/uploads\/2024\/09\/Junior-Buckman-fc-gueugnon.jpeg",1502,1007,false],"thumbnail":["https:\/\/www.fcgueugnon.fr\/site\/wp-content\/uploads\/2024\/09\/Junior-Buckman-fc-gueugnon-150x150.jpeg",150,150,true],"medium":["https:\/\/www.fcgueugnon.fr\/site\/wp-content\/uploads\/2024\/09\/Junior-Buckman-fc-gueugnon-400x268.jpeg",400,268,true],"large":["https:\/\/www.fcgueugnon.fr\/site\/wp-content\/uploads\/2024\/09\/Junior-Buckman-fc-gueugnon-1024x687.jpeg",1024,687,true],"1536x1536":["https:\/\/www.fcgueugnon.fr\/site\/wp-content\/uploads\/2024\/09\/Junior-Buckman-fc-gueugnon.jpeg",1502,1007,false],"2048x2048":["https:\/\/www.fcgueugnon.fr\/site\/wp-content\/uploads\/2024\/09\/Junior-Buckman-fc-gueugnon.jpeg",1502,1007,false]},"rttpg_author":{"display_name":"FC Gueugnon","author_link":"https:\/\/www.fcgueugnon.fr\/site\/author\/admin-antho"},"rttpg_comment":0,"rttpg_category":"<a href=\"https:\/\/www.fcgueugnon.fr\/site\/category\/news\" rel=\"category tag\">News<\/a> <a href=\"https:\/\/www.fcgueugnon.fr\/site\/category\/news\/news-2024-2025\" rel=\"category tag\">News 2024\/2025<\/a>","rttpg_excerpt":"D\u00e9couvrez en int\u00e9gralit\u00e9 l'interview de Paul SCHACHERER diffus\u00e9e dans le forgeron mag de cette premi\u00e8re journ\u00e9e face \u00e0 Louhans-Cuiseaux.","_links":{"self":[{"href":"https:\/\/www.fcgueugnon.fr\/site\/wp-json\/wp\/v2\/posts\/51800","targetHints":{"allow":["GET"]}}],"collection":[{"href":"https:\/\/www.fcgueugnon.fr\/site\/wp-json\/wp\/v2\/posts"}],"about":[{"href":"https:\/\/www.fcgueugnon.fr\/site\/wp-json\/wp\/v2\/types\/post"}],"author":[{"embeddable":true,"href":"https:\/\/www.fcgueugnon.fr\/site\/wp-json\/wp\/v2\/users\/1"}],"replies":[{"embeddable":true,"href":"https:\/\/www.fcgueugnon.fr\/site\/wp-json\/wp\/v2\/comments?post=51800"}],"version-history":[{"count":1,"href":"https:\/\/www.fcgueugnon.fr\/site\/wp-json\/wp\/v2\/posts\/51800\/revisions"}],"predecessor-version":[{"id":51806,"href":"https:\/\/www.fcgueugnon.fr\/site\/wp-json\/wp\/v2\/posts\/51800\/revisions\/51806"}],"wp:featuredmedia":[{"embeddable":true,"href":"https:\/\/www.fcgueugnon.fr\/site\/wp-json\/wp\/v2\/media\/51805"}],"wp:attachment":[{"href":"https:\/\/www.fcgueugnon.fr\/site\/wp-json\/wp\/v2\/media?parent=51800"}],"wp:term":[{"taxonomy":"category","embeddable":true,"href":"https:\/\/www.fcgueugnon.fr\/site\/wp-json\/wp\/v2\/categories?post=51800"},{"taxonomy":"post_tag","embeddable":true,"href":"https:\/\/www.fcgueugnon.fr\/site\/wp-json\/wp\/v2\/tags?post=51800"}],"curies":[{"name":"wp","href":"https:\/\/api.w.org\/{rel}","templated":true}]}}