{"id":51780,"date":"2024-09-06T10:12:22","date_gmt":"2024-09-06T08:12:22","guid":{"rendered":"https:\/\/www.fcgueugnon.fr\/site\/?p=51780"},"modified":"2024-10-07T11:20:01","modified_gmt":"2024-10-07T09:20:01","slug":"n3-j03-fc-gueugnon-sainte-genevieve-cest-le-retour-des-forgerons-a-jean-laville","status":"publish","type":"post","link":"https:\/\/www.fcgueugnon.fr\/site\/n3-j03-fc-gueugnon-sainte-genevieve-cest-le-retour-des-forgerons-a-jean-laville\/51780","title":{"rendered":"[N3 J03 : FC Gueugnon \u2013 Sainte-Genevi\u00e8ve] C&rsquo;est le retour des forgerons \u00e0 Jean Laville !"},"content":{"rendered":"\n<h2 class=\"wp-block-heading\">Apr\u00e8s un r\u00e9sultat d\u00e9cevant lors du derby initial (1-2), les jaunes et bleus ont su r\u00e9agir en d\u00e9placement \u00e0 Neuilly-sur-Marne (1-1) avant un gros morceau ce samedi soir !<\/h2>\n\n\n\n<div class=\"wp-block-getwid-image-box getwid-animation has-text-center has-mobile-layout-default has-mobile-alignment-center\" data-animation=\"pulse\"><div class=\"wp-block-getwid-image-box__image-container is-position-top\"><div class=\"wp-block-getwid-image-box__image-wrapper\"><img loading=\"lazy\" decoding=\"async\" width=\"730\" height=\"1024\" src=\"https:\/\/www.fcgueugnon.fr\/site\/wp-content\/uploads\/2024\/09\/AFFICHE-J3-SAINTE-GENEVIEVE-730x1024.jpg\" alt=\"\" class=\"wp-block-getwid-image-box__image wp-image-51783\" srcset=\"https:\/\/www.fcgueugnon.fr\/site\/wp-content\/uploads\/2024\/09\/AFFICHE-J3-SAINTE-GENEVIEVE-730x1024.jpg 730w, https:\/\/www.fcgueugnon.fr\/site\/wp-content\/uploads\/2024\/09\/AFFICHE-J3-SAINTE-GENEVIEVE-285x400.jpg 285w, https:\/\/www.fcgueugnon.fr\/site\/wp-content\/uploads\/2024\/09\/AFFICHE-J3-SAINTE-GENEVIEVE-768x1077.jpg 768w, https:\/\/www.fcgueugnon.fr\/site\/wp-content\/uploads\/2024\/09\/AFFICHE-J3-SAINTE-GENEVIEVE-1095x1536.jpg 1095w, https:\/\/www.fcgueugnon.fr\/site\/wp-content\/uploads\/2024\/09\/AFFICHE-J3-SAINTE-GENEVIEVE-1460x2048.jpg 1460w, https:\/\/www.fcgueugnon.fr\/site\/wp-content\/uploads\/2024\/09\/AFFICHE-J3-SAINTE-GENEVIEVE-1320x1852.jpg 1320w, https:\/\/www.fcgueugnon.fr\/site\/wp-content\/uploads\/2024\/09\/AFFICHE-J3-SAINTE-GENEVIEVE-scaled.jpg 1825w\" sizes=\"auto, (max-width: 730px) 100vw, 730px\" \/><\/div><\/div><div class=\"wp-block-getwid-image-box__content\">\n<h3 class=\"wp-block-heading\"><\/h3>\n\n\n\n<p><\/p>\n<\/div><\/div>\n\n\n\n<div style=\"height:50px\" aria-hidden=\"true\" class=\"wp-block-spacer\"><\/div>\n\n\n\n<div class=\"wp-block-columns is-layout-flex wp-container-core-columns-is-layout-9d6595d7 wp-block-columns-is-layout-flex\">\n<div class=\"wp-block-column is-layout-flow wp-block-column-is-layout-flow\">\n<h3 class=\"wp-block-heading\">\ud83c\udd9a <em><strong>L&rsquo;adversaire <\/strong><\/em>: Sainte-Genevi\u00e8ve FC<\/h3>\n\n\n\n<p>L&rsquo;adversaire du soir, <strong>Ste Genevi\u00e8ve FC, est une \u00e9quipe redoutable<\/strong> : deuxi\u00e8me la saison pass\u00e9e en N3 (15V\/9N\/2D) et ayant manqu\u00e9 de peu la remont\u00e9e directe en N2 : 2 pts derri\u00e8re le FC Balagne).<\/p>\n\n\n\n<p>Emmen\u00e9e par son <strong>coach Emmanuel Dorado, figure embl\u00e9matique du club qui entame l\u00e0 sa 16e saison<\/strong> \u00e0 la t\u00eate du club, les genov\u00e9fains se pr\u00e9sentent avec un effectif stable et l\u00e9g\u00e8rement renforc\u00e9 par quelques nouveaux joueurs. <strong>Quatre points au compteur<\/strong> et une victoire le week-end dernier contre Louhans-Cuiseaux pour cette \u00e9quipe qui reste une s\u00e9rieuse pr\u00e9tendante \u00e0 la mont\u00e9e.<\/p>\n<\/div>\n\n\n\n<div class=\"wp-block-column is-layout-flow wp-block-column-is-layout-flow\">\n<h3 class=\"wp-block-heading\">\ud83d\udfe1\ud83d\udd35 <em><strong>Le FC Gueugnon<\/strong><\/em><\/h3>\n\n\n\n<p>Lors du dernier week-end, le FC Gueugnon a montr\u00e9 des signes de progr\u00e8s sous la direction de <strong>Philippe Correia de retour<\/strong> apr\u00e8s son absence pour maladie. Menant au score gr\u00e2ce \u00e0 un <strong>penalty obtenu par Maxence Fournel et transform\u00e9 par Jason Luanda<\/strong>, les jaunes et bleus n\u2019auront conc\u00e9d\u00e9 l&rsquo;\u00e9galisation qu\u2019\u00e0 la 97e minute (<a href=\"https:\/\/www.fcgueugnon.fr\/site\/n3-j02-neuilly-marne-fc-gueugnon-resultat-et-reactions\/51737\">lire apr\u00e8s-match<\/a>) ! <strong>Une fin de match tr\u00e8s frustrante mais un bon point pris \u00e0 l\u2019ext\u00e9rieur<\/strong> pour ouvrir le compteur.<\/p>\n\n\n\n<p>De la volont\u00e9, de l\u2019enthousiasme,<strong> une premi\u00e8re mi-temps salu\u00e9e par Guy Clopi<\/strong>n&#8230; C\u2019est cet \u00e9tat d\u2019esprit qui est attendu ce jour !<\/p>\n<\/div>\n<\/div>\n\n\n\n<div style=\"height:50px\" aria-hidden=\"true\" class=\"wp-block-spacer\"><\/div>\n\n\n\n<div class=\"wp-block-media-text alignwide has-media-on-the-right is-stacked-on-mobile is-vertically-aligned-center is-style-default\" style=\"grid-template-columns:auto 49%\"><div class=\"wp-block-media-text__content\">\n<h3 class=\"wp-block-heading\">\ud83d\udce3 <em><strong>La d\u00e9cla&rsquo;<\/strong><\/em><\/h3>\n\n\n\n<blockquote class=\"wp-block-quote is-layout-flow wp-block-quote-is-layout-flow\">\n<p><em><strong>\u00ab<\/strong><em> <\/em><\/em>Aujourd\u2019hui, avec seulement 1 point sur 6, nous nous sommes compliqu\u00e9s la t\u00e2che apr\u00e8s notre \u00e9chec contre Louhans-Cuiseaux, mais nous avons bien r\u00e9agi face \u00e0 Neuilly-sur-Marne.<\/p>\n\n\n\n<p>Il nous faudra \u00eatre tr\u00e8s attentif contre cette \u00e9quipe qui aurait aussi sa place en N2 ! C\u2019est excitant de jouer ce genre d\u2019\u00e9quipe car cela nous permet de se situer dans ce championnat.<\/p>\n\n\n\n<p>Il faut surtout que l\u2019on devienne plus difficile \u00e0 jouer \u00e0 la maison, je n\u2019accepte pas ce que l\u2019on a propos\u00e9 contre Louhans.<em><em> \u00bb.<\/em><\/em><\/p>\n<cite><strong>Philippe CORREIA (Coach)<\/strong><\/cite><\/blockquote>\n<\/div><figure class=\"wp-block-media-text__media\"><img loading=\"lazy\" decoding=\"async\" width=\"1024\" height=\"659\" src=\"https:\/\/www.fcgueugnon.fr\/site\/wp-content\/uploads\/2023\/05\/Philippe-Correia-1024x659.jpg\" alt=\"\" class=\"wp-image-4469 size-full\" srcset=\"https:\/\/www.fcgueugnon.fr\/site\/wp-content\/uploads\/2023\/05\/Philippe-Correia-1024x659.jpg 1024w, https:\/\/www.fcgueugnon.fr\/site\/wp-content\/uploads\/2023\/05\/Philippe-Correia-400x257.jpg 400w, https:\/\/www.fcgueugnon.fr\/site\/wp-content\/uploads\/2023\/05\/Philippe-Correia-768x494.jpg 768w, https:\/\/www.fcgueugnon.fr\/site\/wp-content\/uploads\/2023\/05\/Philippe-Correia-1320x849.jpg 1320w, https:\/\/www.fcgueugnon.fr\/site\/wp-content\/uploads\/2023\/05\/Philippe-Correia-600x386.jpg 600w, https:\/\/www.fcgueugnon.fr\/site\/wp-content\/uploads\/2023\/05\/Philippe-Correia.jpg 1407w\" sizes=\"auto, (max-width: 1024px) 100vw, 1024px\" \/><\/figure><\/div>\n\n\n\n<div style=\"height:50px\" aria-hidden=\"true\" class=\"wp-block-spacer\"><\/div>\n\n\n\n<p class=\"has-text-align-center is-style-info\"><span style=\"text-decoration: underline;\">Rendez-vous ce samedi 07 Septembre \u00e0 18h00<\/span> pour cette troisi\u00e8me journ\u00e9e du championnat !<\/p>\n\n\n\n<div style=\"height:10px\" aria-hidden=\"true\" class=\"wp-block-spacer\"><\/div>\n\n\n\n<hr class=\"wp-block-separator has-text-color has-css-opacity has-background is-style-default\" style=\"background-color:#f7db4a;color:#f7db4a\"\/>\n\n\n\n<div style=\"height:5px\" aria-hidden=\"true\" class=\"wp-block-spacer\"><\/div>\n\n\n\n<h3 class=\"wp-block-heading\">\ud83d\udccd <strong><em>Les infos pratiques<\/em><\/strong><\/h3>\n\n\n\n<h3 class=\"wp-block-heading\">Billetterie<\/h3>\n\n\n\n<div class=\"wp-block-media-text alignwide is-stacked-on-mobile is-vertically-aligned-center is-style-default\" style=\"grid-template-columns:49% auto\"><figure class=\"wp-block-media-text__media\"><img loading=\"lazy\" decoding=\"async\" width=\"1024\" height=\"768\" src=\"https:\/\/www.fcgueugnon.fr\/site\/wp-content\/uploads\/2022\/08\/entree-billetterie-stade-jean-laville-sous-la-tribune-ouest-1024x768.jpg\" alt=\"\" class=\"wp-image-951 size-full\" srcset=\"https:\/\/www.fcgueugnon.fr\/site\/wp-content\/uploads\/2022\/08\/entree-billetterie-stade-jean-laville-sous-la-tribune-ouest-1024x768.jpg 1024w, https:\/\/www.fcgueugnon.fr\/site\/wp-content\/uploads\/2022\/08\/entree-billetterie-stade-jean-laville-sous-la-tribune-ouest-400x300.jpg 400w, https:\/\/www.fcgueugnon.fr\/site\/wp-content\/uploads\/2022\/08\/entree-billetterie-stade-jean-laville-sous-la-tribune-ouest-768x576.jpg 768w, https:\/\/www.fcgueugnon.fr\/site\/wp-content\/uploads\/2022\/08\/entree-billetterie-stade-jean-laville-sous-la-tribune-ouest-1536x1152.jpg 1536w, https:\/\/www.fcgueugnon.fr\/site\/wp-content\/uploads\/2022\/08\/entree-billetterie-stade-jean-laville-sous-la-tribune-ouest-2048x1536.jpg 2048w, https:\/\/www.fcgueugnon.fr\/site\/wp-content\/uploads\/2022\/08\/entree-billetterie-stade-jean-laville-sous-la-tribune-ouest-1320x990.jpg 1320w\" sizes=\"auto, (max-width: 1024px) 100vw, 1024px\" \/><\/figure><div class=\"wp-block-media-text__content\">\n<p><br><em>Rendez-vous sous la<strong> tribune Ouest <\/strong>pour acc\u00e9der au guichet Billetterie puis dans l&rsquo;angle des tribunes Nord et Ouest (c\u00f4t\u00e9 piscine) pour acc\u00e9der au stade.<\/em><\/p>\n<\/div><\/div>\n\n\n\n<div class=\"wp-block-media-text alignwide has-media-on-the-right is-stacked-on-mobile is-vertically-aligned-center is-style-default\" style=\"grid-template-columns:auto 49%\"><div class=\"wp-block-media-text__content\">\n<h3 class=\"wp-block-heading\">Tarifs<\/h3>\n\n\n\n<ul class=\"wp-block-list\">\n<li><strong><span style=\"text-decoration: underline;\">GRATUIT<\/span><\/strong> : licenci\u00e9s FC Gueugnon, &#8211; 16ans (sur pr\u00e9sentation d\u2019un justificatif ou carte), femmes<\/li>\n\n\n\n<li><strong><span style=\"text-decoration: underline;\">TARIF R\u00c9DUIT<\/span> : 4\u20ac<\/strong> \u2013 \u00c9tudiants, Demandeurs d\u2019emploi (sur pr\u00e9sentation d\u2019un justificatif ou carte)<\/li>\n\n\n\n<li><strong><span style=\"text-decoration: underline;\">PLEIN TARIF<\/span> : 7\u20ac<\/strong><\/li>\n<\/ul>\n\n\n\n<div style=\"height:10px\" aria-hidden=\"true\" class=\"wp-block-spacer\"><\/div>\n\n\n\n<p><em>Infos abonn\u00e9s > Vos cartes sont \u00e0 retirer au guichet<\/em><\/p>\n<\/div><figure class=\"wp-block-media-text__media\"><img loading=\"lazy\" decoding=\"async\" width=\"1024\" height=\"768\" src=\"https:\/\/www.fcgueugnon.fr\/site\/wp-content\/uploads\/2022\/07\/billetterie-sous-la-tribune-ouest-d-FCGueugnon-a-Jean-Laville-1024x768.jpg\" alt=\"\" class=\"wp-image-63 size-full\" srcset=\"https:\/\/www.fcgueugnon.fr\/site\/wp-content\/uploads\/2022\/07\/billetterie-sous-la-tribune-ouest-d-FCGueugnon-a-Jean-Laville-1024x768.jpg 1024w, https:\/\/www.fcgueugnon.fr\/site\/wp-content\/uploads\/2022\/07\/billetterie-sous-la-tribune-ouest-d-FCGueugnon-a-Jean-Laville-400x300.jpg 400w, https:\/\/www.fcgueugnon.fr\/site\/wp-content\/uploads\/2022\/07\/billetterie-sous-la-tribune-ouest-d-FCGueugnon-a-Jean-Laville-768x576.jpg 768w, https:\/\/www.fcgueugnon.fr\/site\/wp-content\/uploads\/2022\/07\/billetterie-sous-la-tribune-ouest-d-FCGueugnon-a-Jean-Laville-1536x1152.jpg 1536w, https:\/\/www.fcgueugnon.fr\/site\/wp-content\/uploads\/2022\/07\/billetterie-sous-la-tribune-ouest-d-FCGueugnon-a-Jean-Laville-2048x1536.jpg 2048w\" sizes=\"auto, (max-width: 1024px) 100vw, 1024px\" \/><\/figure><\/div>\n\n\n\n<div style=\"height:30px\" aria-hidden=\"true\" class=\"wp-block-spacer\"><\/div>\n\n\n\n<div class=\"wp-block-buttons is-content-justification-center is-layout-flex wp-container-core-buttons-is-layout-16018d1d wp-block-buttons-is-layout-flex\">\n<div class=\"wp-block-button\"><a class=\"wp-block-button__link wp-element-button\" href=\"https:\/\/www.fcgueugnon.fr\/site\/infos-pratiques\">Acc\u00e8s au stade, buvette, PMR&#8230;. Toutes les infos pratiques en un clic !<\/a><\/div>\n<\/div>\n\n\n\n<div style=\"height:10px\" aria-hidden=\"true\" class=\"wp-block-spacer\"><\/div>\n\n\n\n<hr class=\"wp-block-separator has-text-color has-css-opacity has-background is-style-default\" style=\"background-color:#f7db4a;color:#f7db4a\"\/>\n\n\n\n<div style=\"height:5px\" aria-hidden=\"true\" class=\"wp-block-spacer\"><\/div>\n\n\n\n<h3 class=\"wp-block-heading\"><em>\ud83e\udd1d <strong>Partenaire du match<\/strong> <\/em><\/h3>\n\n\n\n<div class=\"wp-block-getwid-image-box getwid-animation has-text-center has-mobile-layout-default has-mobile-alignment-default\" data-animation=\"pulse\"><div class=\"wp-block-getwid-image-box__image-container is-position-top\"><a href=\"https:\/\/www.fcgueugnon.fr\/site\/n3-j01-fc-gueugnon-dijon-fco-b-merevis-consulting-partenaire-de-la-rencontre\/5899\" class=\"wp-block-getwid-image-box__image-wrapper\"><img loading=\"lazy\" decoding=\"async\" width=\"1024\" height=\"640\" src=\"https:\/\/www.fcgueugnon.fr\/site\/wp-content\/uploads\/2024\/09\/le-QG-Gueugnon-by-Kevin-et-Marion-partenaire-FCG-1024x640.jpg\" alt=\"\" class=\"wp-block-getwid-image-box__image wp-image-51778\" srcset=\"https:\/\/www.fcgueugnon.fr\/site\/wp-content\/uploads\/2024\/09\/le-QG-Gueugnon-by-Kevin-et-Marion-partenaire-FCG-1024x640.jpg 1024w, https:\/\/www.fcgueugnon.fr\/site\/wp-content\/uploads\/2024\/09\/le-QG-Gueugnon-by-Kevin-et-Marion-partenaire-FCG-400x250.jpg 400w, https:\/\/www.fcgueugnon.fr\/site\/wp-content\/uploads\/2024\/09\/le-QG-Gueugnon-by-Kevin-et-Marion-partenaire-FCG-768x480.jpg 768w, https:\/\/www.fcgueugnon.fr\/site\/wp-content\/uploads\/2024\/09\/le-QG-Gueugnon-by-Kevin-et-Marion-partenaire-FCG-1536x960.jpg 1536w, https:\/\/www.fcgueugnon.fr\/site\/wp-content\/uploads\/2024\/09\/le-QG-Gueugnon-by-Kevin-et-Marion-partenaire-FCG-2048x1280.jpg 2048w, https:\/\/www.fcgueugnon.fr\/site\/wp-content\/uploads\/2024\/09\/le-QG-Gueugnon-by-Kevin-et-Marion-partenaire-FCG-1320x825.jpg 1320w\" sizes=\"auto, (max-width: 1024px) 100vw, 1024px\" \/><\/a><\/div><div class=\"wp-block-getwid-image-box__content\">\n<h3 class=\"wp-block-heading\"><a href=\"https:\/\/www.fcgueugnon.fr\/site\/n3-j3-fc-gueugnon-sainte-genevieve-le-qg-by-kevin-et-marion-partenaire-de-la-rencontre\/51775\">[N3 J03 : FC Gueugnon \u2013 Sainte-Genevi\u00e8ve] Le QG by K\u00e9vin et Marion : partenaire de la rencontre !<\/a><\/h3>\n\n\n\n<p><\/p>\n<\/div><\/div>\n\n\n\n<div style=\"height:50px\" aria-hidden=\"true\" class=\"wp-block-spacer\"><\/div>\n\n\n\n<hr class=\"wp-block-separator has-text-color has-css-opacity has-background is-style-default\" style=\"background-color:#f7db4a;color:#f7db4a\"\/>\n\n\n\n<div style=\"height:5px\" aria-hidden=\"true\" class=\"wp-block-spacer\"><\/div>\n\n\n\n<h3 class=\"wp-block-heading\">\u26bd <strong><em>La fiche<\/em><\/strong><\/h3>\n\n\n\n<h4 class=\"wp-block-heading\"><strong>NATIONAL 3 &#8211; J03<\/strong><br>Samedi 7 septembre 2024 &#8211; 18H00<br>FC GUEUGNON \/ SAINTE GENEVIEVE FOOTBALL CLUB<\/h4>\n\n\n\n<p><strong>TERRAIN<\/strong><br>STADE JEAN LAVILLE<br>RUE ROGER COUDERC<br>71130 &#8211; GUEUGNON<\/p>\n\n\n\n<p><strong>SURFACE DE JEU<\/strong><br>Pelouse naturelle<\/p>\n\n\n\n<p><strong>OFFICIELS<\/strong><br>Arbitre centre : LAKHDAR EL BEDOUI<br>Arbitre assistant 1 : CEDRIC JUNG<br>Arbitre assistant 2 : ANTHONY GONCALVES<br>D\u00e9l\u00e9gu\u00e9 principal : YASSINE SAAD<br>Observateur principal : ANTONY PACHECO<\/p>\n\n\n\n<div style=\"height:50px\" aria-hidden=\"true\" class=\"wp-block-spacer\"><\/div>\n\n\n\n<h3 class=\"wp-block-heading\"><strong>Groupe<\/strong><\/h3>\n\n\n\nA suivre sur nos r\u00e9seaux sociaux apr\u00e8s le dernier entrainement\n\n\n\n<div style=\"height:50px\" aria-hidden=\"true\" class=\"wp-block-spacer\"><\/div>\n\n\n\n<h3 class=\"wp-block-heading\">\ud83d\uddd3 <strong>La 3e journ\u00e9e de N3<\/strong><\/h3>\n\n\n\n<p>Samedi 07 Septembre 2024<br>18h00 : ESTAC B \/ Neuilly\/Marne<br>18h00 : US Torcy \/ FC Montceau<br>18h00 : AJ Auxerre B \/ Racing Club de France<br>18h00 : Dijon FCO B \/ Dijon ASPTT<br>18h00 : St Maur Lusitanos \/ Moulins-Yzeure <br>18h00 : Louhans-Cuiseaux \/ US Ivry<br><strong>18h00 : FC Gueugnon \/ SGFC<\/strong><\/p>\n\n\n\n<div style=\"height:20px\" aria-hidden=\"true\" class=\"wp-block-spacer\"><\/div>\n\n\n\n<div class=\"wp-block-columns is-not-stacked-on-mobile is-layout-flex wp-container-core-columns-is-layout-9d6595d7 wp-block-columns-is-layout-flex\">\n<div class=\"wp-block-column is-layout-flow wp-block-column-is-layout-flow\">\n<div class=\"wp-block-buttons is-content-justification-right is-layout-flex wp-container-core-buttons-is-layout-765c4724 wp-block-buttons-is-layout-flex\">\n<div class=\"wp-block-button\"><a class=\"wp-block-button__link has-text-align-center wp-element-button\" href=\"https:\/\/www.fcgueugnon.fr\/site\/calendrier-seniors-a-national-3-bourgogne-franche-comte\">Calendrier<\/a><\/div>\n<\/div>\n<\/div>\n\n\n\n<div class=\"wp-block-column is-layout-flow wp-block-column-is-layout-flow\">\n<div class=\"wp-block-buttons is-content-justification-left is-layout-flex wp-container-core-buttons-is-layout-fdcfc74e wp-block-buttons-is-layout-flex\">\n<div class=\"wp-block-button\"><a class=\"wp-block-button__link has-text-align-center wp-element-button\" href=\"https:\/\/www.fcgueugnon.fr\/site\/classement-national-3-bourgogne-franche-comte\">Classement<\/a><\/div>\n<\/div>\n<\/div>\n<\/div>\n\n\n\n<div style=\"height:100px\" aria-hidden=\"true\" class=\"wp-block-spacer\"><\/div>\n","protected":false},"excerpt":{"rendered":"<p>Apr\u00e8s un r\u00e9sultat d\u00e9cevant lors du derby initial (1-2), les jaunes et bleus ont su r\u00e9agir en d\u00e9placement \u00e0 Neuilly-sur-Marne (1-1) avant un gros morceau ce samedi soir ! \ud83c\udd9a L&rsquo;adversaire : Sainte-Genevi\u00e8ve FC L&rsquo;adversaire du soir, Ste Genevi\u00e8ve FC, est une \u00e9quipe redoutable : deuxi\u00e8me la saison pass\u00e9e en N3 (15V\/9N\/2D) et ayant manqu\u00e9 &#8230; <\/p>\n<p class=\"read-more-container\"><a title=\"[N3 J03 : FC Gueugnon \u2013 Sainte-Genevi\u00e8ve] C&rsquo;est le retour des forgerons \u00e0 Jean Laville !\" class=\"read-more button\" href=\"https:\/\/www.fcgueugnon.fr\/site\/n3-j03-fc-gueugnon-sainte-genevieve-cest-le-retour-des-forgerons-a-jean-laville\/51780#more-51780\" aria-label=\"Plus sur [N3 J03 : FC Gueugnon \u2013 Sainte-Genevi\u00e8ve] C&rsquo;est le retour des forgerons \u00e0 Jean Laville !\">Lire la suite<\/a><\/p>\n","protected":false},"author":1,"featured_media":51784,"comment_status":"closed","ping_status":"closed","sticky":false,"template":"","format":"standard","meta":{"footnotes":""},"categories":[4,62],"tags":[28],"class_list":["post-51780","post","type-post","status-publish","format-standard","has-post-thumbnail","hentry","category-news","category-news-2024-2025","tag-avant-match","infinite-scroll-item","generate-columns","tablet-grid-50","mobile-grid-100","grid-parent","grid-25","resize-featured-image"],"yoast_head":"<!-- This site is optimized with the Yoast SEO plugin v26.6 - https:\/\/yoast.com\/wordpress\/plugins\/seo\/ -->\n<title>[N3 J03 : FC Gueugnon \u2013 Sainte-Genevi\u00e8ve] C&#039;est le retour des forgerons \u00e0 Jean Laville ! &#8226; FOOTBALL CLUB GUEUGNON<\/title>\n<meta name=\"robots\" content=\"index, follow, max-snippet:-1, max-image-preview:large, max-video-preview:-1\" \/>\n<link rel=\"canonical\" href=\"https:\/\/www.fcgueugnon.fr\/site\/n3-j03-fc-gueugnon-sainte-genevieve-cest-le-retour-des-forgerons-a-jean-laville\/51780\" \/>\n<meta property=\"og:locale\" content=\"fr_FR\" \/>\n<meta property=\"og:type\" content=\"article\" \/>\n<meta property=\"og:title\" content=\"[N3 J03 : FC Gueugnon \u2013 Sainte-Genevi\u00e8ve] C&#039;est le retour des forgerons \u00e0 Jean Laville ! &#8226; FOOTBALL CLUB GUEUGNON\" \/>\n<meta property=\"og:description\" content=\"Apr\u00e8s un r\u00e9sultat d\u00e9cevant lors du derby initial (1-2), les jaunes et bleus ont su r\u00e9agir en d\u00e9placement \u00e0 Neuilly-sur-Marne (1-1) avant un gros morceau ce samedi soir ! \ud83c\udd9a L&rsquo;adversaire : Sainte-Genevi\u00e8ve FC L&rsquo;adversaire du soir, Ste Genevi\u00e8ve FC, est une \u00e9quipe redoutable : deuxi\u00e8me la saison pass\u00e9e en N3 (15V\/9N\/2D) et ayant manqu\u00e9 ... Lire la suite\" \/>\n<meta property=\"og:url\" content=\"https:\/\/www.fcgueugnon.fr\/site\/n3-j03-fc-gueugnon-sainte-genevieve-cest-le-retour-des-forgerons-a-jean-laville\/51780\" \/>\n<meta property=\"og:site_name\" content=\"FOOTBALL CLUB GUEUGNON\" \/>\n<meta property=\"article:publisher\" content=\"http:\/\/facebook.com\/FCGueugnon\" \/>\n<meta property=\"article:published_time\" content=\"2024-09-06T08:12:22+00:00\" \/>\n<meta property=\"article:modified_time\" content=\"2024-10-07T09:20:01+00:00\" \/>\n<meta property=\"og:image\" content=\"https:\/\/www.fcgueugnon.fr\/site\/wp-content\/uploads\/2024\/09\/avant-match-fc-gueugnon-sainte-genevieve.jpg\" \/>\n\t<meta property=\"og:image:width\" content=\"2160\" \/>\n\t<meta property=\"og:image:height\" content=\"1350\" \/>\n\t<meta property=\"og:image:type\" content=\"image\/jpeg\" \/>\n<meta name=\"author\" content=\"FC Gueugnon\" \/>\n<meta name=\"twitter:card\" content=\"summary_large_image\" \/>\n<meta name=\"twitter:creator\" content=\"@FCGueugnon_off\" \/>\n<meta name=\"twitter:site\" content=\"@FCGueugnon_off\" \/>\n<meta name=\"twitter:label1\" content=\"\u00c9crit par\" \/>\n\t<meta name=\"twitter:data1\" content=\"FC Gueugnon\" \/>\n\t<meta name=\"twitter:label2\" content=\"Dur\u00e9e de lecture estim\u00e9e\" \/>\n\t<meta name=\"twitter:data2\" content=\"4 minutes\" \/>\n<script type=\"application\/ld+json\" class=\"yoast-schema-graph\">{\"@context\":\"https:\/\/schema.org\",\"@graph\":[{\"@type\":\"Article\",\"@id\":\"https:\/\/www.fcgueugnon.fr\/site\/n3-j03-fc-gueugnon-sainte-genevieve-cest-le-retour-des-forgerons-a-jean-laville\/51780#article\",\"isPartOf\":{\"@id\":\"https:\/\/www.fcgueugnon.fr\/site\/n3-j03-fc-gueugnon-sainte-genevieve-cest-le-retour-des-forgerons-a-jean-laville\/51780\"},\"author\":{\"name\":\"FC Gueugnon\",\"@id\":\"https:\/\/www.fcgueugnon.fr\/site\/#\/schema\/person\/f6444fbdd35fa731ee974c03508738fb\"},\"headline\":\"[N3 J03 : FC Gueugnon \u2013 Sainte-Genevi\u00e8ve] C&rsquo;est le retour des forgerons \u00e0 Jean Laville !\",\"datePublished\":\"2024-09-06T08:12:22+00:00\",\"dateModified\":\"2024-10-07T09:20:01+00:00\",\"mainEntityOfPage\":{\"@id\":\"https:\/\/www.fcgueugnon.fr\/site\/n3-j03-fc-gueugnon-sainte-genevieve-cest-le-retour-des-forgerons-a-jean-laville\/51780\"},\"wordCount\":590,\"publisher\":{\"@id\":\"https:\/\/www.fcgueugnon.fr\/site\/#organization\"},\"image\":{\"@id\":\"https:\/\/www.fcgueugnon.fr\/site\/n3-j03-fc-gueugnon-sainte-genevieve-cest-le-retour-des-forgerons-a-jean-laville\/51780#primaryimage\"},\"thumbnailUrl\":\"https:\/\/www.fcgueugnon.fr\/site\/wp-content\/uploads\/2024\/09\/avant-match-fc-gueugnon-sainte-genevieve.jpg\",\"keywords\":[\"Avant-match\"],\"articleSection\":[\"News\",\"News 2024\/2025\"],\"inLanguage\":\"fr-FR\"},{\"@type\":\"WebPage\",\"@id\":\"https:\/\/www.fcgueugnon.fr\/site\/n3-j03-fc-gueugnon-sainte-genevieve-cest-le-retour-des-forgerons-a-jean-laville\/51780\",\"url\":\"https:\/\/www.fcgueugnon.fr\/site\/n3-j03-fc-gueugnon-sainte-genevieve-cest-le-retour-des-forgerons-a-jean-laville\/51780\",\"name\":\"[N3 J03 : FC Gueugnon \u2013 Sainte-Genevi\u00e8ve] C'est le retour des forgerons \u00e0 Jean Laville ! &#8226; FOOTBALL CLUB GUEUGNON\",\"isPartOf\":{\"@id\":\"https:\/\/www.fcgueugnon.fr\/site\/#website\"},\"primaryImageOfPage\":{\"@id\":\"https:\/\/www.fcgueugnon.fr\/site\/n3-j03-fc-gueugnon-sainte-genevieve-cest-le-retour-des-forgerons-a-jean-laville\/51780#primaryimage\"},\"image\":{\"@id\":\"https:\/\/www.fcgueugnon.fr\/site\/n3-j03-fc-gueugnon-sainte-genevieve-cest-le-retour-des-forgerons-a-jean-laville\/51780#primaryimage\"},\"thumbnailUrl\":\"https:\/\/www.fcgueugnon.fr\/site\/wp-content\/uploads\/2024\/09\/avant-match-fc-gueugnon-sainte-genevieve.jpg\",\"datePublished\":\"2024-09-06T08:12:22+00:00\",\"dateModified\":\"2024-10-07T09:20:01+00:00\",\"breadcrumb\":{\"@id\":\"https:\/\/www.fcgueugnon.fr\/site\/n3-j03-fc-gueugnon-sainte-genevieve-cest-le-retour-des-forgerons-a-jean-laville\/51780#breadcrumb\"},\"inLanguage\":\"fr-FR\",\"potentialAction\":[{\"@type\":\"ReadAction\",\"target\":[\"https:\/\/www.fcgueugnon.fr\/site\/n3-j03-fc-gueugnon-sainte-genevieve-cest-le-retour-des-forgerons-a-jean-laville\/51780\"]}]},{\"@type\":\"ImageObject\",\"inLanguage\":\"fr-FR\",\"@id\":\"https:\/\/www.fcgueugnon.fr\/site\/n3-j03-fc-gueugnon-sainte-genevieve-cest-le-retour-des-forgerons-a-jean-laville\/51780#primaryimage\",\"url\":\"https:\/\/www.fcgueugnon.fr\/site\/wp-content\/uploads\/2024\/09\/avant-match-fc-gueugnon-sainte-genevieve.jpg\",\"contentUrl\":\"https:\/\/www.fcgueugnon.fr\/site\/wp-content\/uploads\/2024\/09\/avant-match-fc-gueugnon-sainte-genevieve.jpg\",\"width\":2160,\"height\":1350},{\"@type\":\"BreadcrumbList\",\"@id\":\"https:\/\/www.fcgueugnon.fr\/site\/n3-j03-fc-gueugnon-sainte-genevieve-cest-le-retour-des-forgerons-a-jean-laville\/51780#breadcrumb\",\"itemListElement\":[{\"@type\":\"ListItem\",\"position\":1,\"name\":\"Accueil\",\"item\":\"https:\/\/www.fcgueugnon.fr\/site\/\"},{\"@type\":\"ListItem\",\"position\":2,\"name\":\"[N3 J03 : FC Gueugnon \u2013 Sainte-Genevi\u00e8ve] C&rsquo;est le retour des forgerons \u00e0 Jean Laville !\"}]},{\"@type\":\"WebSite\",\"@id\":\"https:\/\/www.fcgueugnon.fr\/site\/#website\",\"url\":\"https:\/\/www.fcgueugnon.fr\/site\/\",\"name\":\"FOOTBALL CLUB GUEUGNON\",\"description\":\"Le Site Officiel des Forgerons\",\"publisher\":{\"@id\":\"https:\/\/www.fcgueugnon.fr\/site\/#organization\"},\"potentialAction\":[{\"@type\":\"SearchAction\",\"target\":{\"@type\":\"EntryPoint\",\"urlTemplate\":\"https:\/\/www.fcgueugnon.fr\/site\/?s={search_term_string}\"},\"query-input\":{\"@type\":\"PropertyValueSpecification\",\"valueRequired\":true,\"valueName\":\"search_term_string\"}}],\"inLanguage\":\"fr-FR\"},{\"@type\":\"Organization\",\"@id\":\"https:\/\/www.fcgueugnon.fr\/site\/#organization\",\"name\":\"FC Gueugnon\",\"url\":\"https:\/\/www.fcgueugnon.fr\/site\/\",\"logo\":{\"@type\":\"ImageObject\",\"inLanguage\":\"fr-FR\",\"@id\":\"https:\/\/www.fcgueugnon.fr\/site\/#\/schema\/logo\/image\/\",\"url\":\"https:\/\/www.fcgueugnon.fr\/site\/wp-content\/uploads\/2022\/07\/cropped-Logo-FCGUEUGNON-low-350x350-1.png\",\"contentUrl\":\"https:\/\/www.fcgueugnon.fr\/site\/wp-content\/uploads\/2022\/07\/cropped-Logo-FCGUEUGNON-low-350x350-1.png\",\"width\":350,\"height\":350,\"caption\":\"FC Gueugnon\"},\"image\":{\"@id\":\"https:\/\/www.fcgueugnon.fr\/site\/#\/schema\/logo\/image\/\"},\"sameAs\":[\"http:\/\/facebook.com\/FCGueugnon\",\"https:\/\/x.com\/FCGueugnon_off\",\"https:\/\/www.instagram.com\/fcgueugnon\/\",\"https:\/\/www.linkedin.com\/company\/football-club-de-gueugnon\/\",\"https:\/\/www.youtube.com\/user\/FCGueugnonnais\",\"https:\/\/fr.wikipedia.org\/wiki\/Football_Club_de_Gueugnon\"]},{\"@type\":\"Person\",\"@id\":\"https:\/\/www.fcgueugnon.fr\/site\/#\/schema\/person\/f6444fbdd35fa731ee974c03508738fb\",\"name\":\"FC Gueugnon\",\"sameAs\":[\"https:\/\/www.fcgueugnon.fr\/site\"],\"url\":\"https:\/\/www.fcgueugnon.fr\/site\/author\/admin-antho\"}]}<\/script>\n<!-- \/ Yoast SEO plugin. -->","yoast_head_json":{"title":"[N3 J03 : FC Gueugnon \u2013 Sainte-Genevi\u00e8ve] C'est le retour des forgerons \u00e0 Jean Laville ! &#8226; FOOTBALL CLUB GUEUGNON","robots":{"index":"index","follow":"follow","max-snippet":"max-snippet:-1","max-image-preview":"max-image-preview:large","max-video-preview":"max-video-preview:-1"},"canonical":"https:\/\/www.fcgueugnon.fr\/site\/n3-j03-fc-gueugnon-sainte-genevieve-cest-le-retour-des-forgerons-a-jean-laville\/51780","og_locale":"fr_FR","og_type":"article","og_title":"[N3 J03 : FC Gueugnon \u2013 Sainte-Genevi\u00e8ve] C'est le retour des forgerons \u00e0 Jean Laville ! &#8226; FOOTBALL CLUB GUEUGNON","og_description":"Apr\u00e8s un r\u00e9sultat d\u00e9cevant lors du derby initial (1-2), les jaunes et bleus ont su r\u00e9agir en d\u00e9placement \u00e0 Neuilly-sur-Marne (1-1) avant un gros morceau ce samedi soir ! \ud83c\udd9a L&rsquo;adversaire : Sainte-Genevi\u00e8ve FC L&rsquo;adversaire du soir, Ste Genevi\u00e8ve FC, est une \u00e9quipe redoutable : deuxi\u00e8me la saison pass\u00e9e en N3 (15V\/9N\/2D) et ayant manqu\u00e9 ... Lire la suite","og_url":"https:\/\/www.fcgueugnon.fr\/site\/n3-j03-fc-gueugnon-sainte-genevieve-cest-le-retour-des-forgerons-a-jean-laville\/51780","og_site_name":"FOOTBALL CLUB GUEUGNON","article_publisher":"http:\/\/facebook.com\/FCGueugnon","article_published_time":"2024-09-06T08:12:22+00:00","article_modified_time":"2024-10-07T09:20:01+00:00","og_image":[{"width":2160,"height":1350,"url":"https:\/\/www.fcgueugnon.fr\/site\/wp-content\/uploads\/2024\/09\/avant-match-fc-gueugnon-sainte-genevieve.jpg","type":"image\/jpeg"}],"author":"FC Gueugnon","twitter_card":"summary_large_image","twitter_creator":"@FCGueugnon_off","twitter_site":"@FCGueugnon_off","twitter_misc":{"\u00c9crit par":"FC Gueugnon","Dur\u00e9e de lecture estim\u00e9e":"4 minutes"},"schema":{"@context":"https:\/\/schema.org","@graph":[{"@type":"Article","@id":"https:\/\/www.fcgueugnon.fr\/site\/n3-j03-fc-gueugnon-sainte-genevieve-cest-le-retour-des-forgerons-a-jean-laville\/51780#article","isPartOf":{"@id":"https:\/\/www.fcgueugnon.fr\/site\/n3-j03-fc-gueugnon-sainte-genevieve-cest-le-retour-des-forgerons-a-jean-laville\/51780"},"author":{"name":"FC Gueugnon","@id":"https:\/\/www.fcgueugnon.fr\/site\/#\/schema\/person\/f6444fbdd35fa731ee974c03508738fb"},"headline":"[N3 J03 : FC Gueugnon \u2013 Sainte-Genevi\u00e8ve] C&rsquo;est le retour des forgerons \u00e0 Jean Laville !","datePublished":"2024-09-06T08:12:22+00:00","dateModified":"2024-10-07T09:20:01+00:00","mainEntityOfPage":{"@id":"https:\/\/www.fcgueugnon.fr\/site\/n3-j03-fc-gueugnon-sainte-genevieve-cest-le-retour-des-forgerons-a-jean-laville\/51780"},"wordCount":590,"publisher":{"@id":"https:\/\/www.fcgueugnon.fr\/site\/#organization"},"image":{"@id":"https:\/\/www.fcgueugnon.fr\/site\/n3-j03-fc-gueugnon-sainte-genevieve-cest-le-retour-des-forgerons-a-jean-laville\/51780#primaryimage"},"thumbnailUrl":"https:\/\/www.fcgueugnon.fr\/site\/wp-content\/uploads\/2024\/09\/avant-match-fc-gueugnon-sainte-genevieve.jpg","keywords":["Avant-match"],"articleSection":["News","News 2024\/2025"],"inLanguage":"fr-FR"},{"@type":"WebPage","@id":"https:\/\/www.fcgueugnon.fr\/site\/n3-j03-fc-gueugnon-sainte-genevieve-cest-le-retour-des-forgerons-a-jean-laville\/51780","url":"https:\/\/www.fcgueugnon.fr\/site\/n3-j03-fc-gueugnon-sainte-genevieve-cest-le-retour-des-forgerons-a-jean-laville\/51780","name":"[N3 J03 : FC Gueugnon \u2013 Sainte-Genevi\u00e8ve] C'est le retour des forgerons \u00e0 Jean Laville ! &#8226; FOOTBALL CLUB GUEUGNON","isPartOf":{"@id":"https:\/\/www.fcgueugnon.fr\/site\/#website"},"primaryImageOfPage":{"@id":"https:\/\/www.fcgueugnon.fr\/site\/n3-j03-fc-gueugnon-sainte-genevieve-cest-le-retour-des-forgerons-a-jean-laville\/51780#primaryimage"},"image":{"@id":"https:\/\/www.fcgueugnon.fr\/site\/n3-j03-fc-gueugnon-sainte-genevieve-cest-le-retour-des-forgerons-a-jean-laville\/51780#primaryimage"},"thumbnailUrl":"https:\/\/www.fcgueugnon.fr\/site\/wp-content\/uploads\/2024\/09\/avant-match-fc-gueugnon-sainte-genevieve.jpg","datePublished":"2024-09-06T08:12:22+00:00","dateModified":"2024-10-07T09:20:01+00:00","breadcrumb":{"@id":"https:\/\/www.fcgueugnon.fr\/site\/n3-j03-fc-gueugnon-sainte-genevieve-cest-le-retour-des-forgerons-a-jean-laville\/51780#breadcrumb"},"inLanguage":"fr-FR","potentialAction":[{"@type":"ReadAction","target":["https:\/\/www.fcgueugnon.fr\/site\/n3-j03-fc-gueugnon-sainte-genevieve-cest-le-retour-des-forgerons-a-jean-laville\/51780"]}]},{"@type":"ImageObject","inLanguage":"fr-FR","@id":"https:\/\/www.fcgueugnon.fr\/site\/n3-j03-fc-gueugnon-sainte-genevieve-cest-le-retour-des-forgerons-a-jean-laville\/51780#primaryimage","url":"https:\/\/www.fcgueugnon.fr\/site\/wp-content\/uploads\/2024\/09\/avant-match-fc-gueugnon-sainte-genevieve.jpg","contentUrl":"https:\/\/www.fcgueugnon.fr\/site\/wp-content\/uploads\/2024\/09\/avant-match-fc-gueugnon-sainte-genevieve.jpg","width":2160,"height":1350},{"@type":"BreadcrumbList","@id":"https:\/\/www.fcgueugnon.fr\/site\/n3-j03-fc-gueugnon-sainte-genevieve-cest-le-retour-des-forgerons-a-jean-laville\/51780#breadcrumb","itemListElement":[{"@type":"ListItem","position":1,"name":"Accueil","item":"https:\/\/www.fcgueugnon.fr\/site\/"},{"@type":"ListItem","position":2,"name":"[N3 J03 : FC Gueugnon \u2013 Sainte-Genevi\u00e8ve] C&rsquo;est le retour des forgerons \u00e0 Jean Laville !"}]},{"@type":"WebSite","@id":"https:\/\/www.fcgueugnon.fr\/site\/#website","url":"https:\/\/www.fcgueugnon.fr\/site\/","name":"FOOTBALL CLUB GUEUGNON","description":"Le Site Officiel des Forgerons","publisher":{"@id":"https:\/\/www.fcgueugnon.fr\/site\/#organization"},"potentialAction":[{"@type":"SearchAction","target":{"@type":"EntryPoint","urlTemplate":"https:\/\/www.fcgueugnon.fr\/site\/?s={search_term_string}"},"query-input":{"@type":"PropertyValueSpecification","valueRequired":true,"valueName":"search_term_string"}}],"inLanguage":"fr-FR"},{"@type":"Organization","@id":"https:\/\/www.fcgueugnon.fr\/site\/#organization","name":"FC Gueugnon","url":"https:\/\/www.fcgueugnon.fr\/site\/","logo":{"@type":"ImageObject","inLanguage":"fr-FR","@id":"https:\/\/www.fcgueugnon.fr\/site\/#\/schema\/logo\/image\/","url":"https:\/\/www.fcgueugnon.fr\/site\/wp-content\/uploads\/2022\/07\/cropped-Logo-FCGUEUGNON-low-350x350-1.png","contentUrl":"https:\/\/www.fcgueugnon.fr\/site\/wp-content\/uploads\/2022\/07\/cropped-Logo-FCGUEUGNON-low-350x350-1.png","width":350,"height":350,"caption":"FC Gueugnon"},"image":{"@id":"https:\/\/www.fcgueugnon.fr\/site\/#\/schema\/logo\/image\/"},"sameAs":["http:\/\/facebook.com\/FCGueugnon","https:\/\/x.com\/FCGueugnon_off","https:\/\/www.instagram.com\/fcgueugnon\/","https:\/\/www.linkedin.com\/company\/football-club-de-gueugnon\/","https:\/\/www.youtube.com\/user\/FCGueugnonnais","https:\/\/fr.wikipedia.org\/wiki\/Football_Club_de_Gueugnon"]},{"@type":"Person","@id":"https:\/\/www.fcgueugnon.fr\/site\/#\/schema\/person\/f6444fbdd35fa731ee974c03508738fb","name":"FC Gueugnon","sameAs":["https:\/\/www.fcgueugnon.fr\/site"],"url":"https:\/\/www.fcgueugnon.fr\/site\/author\/admin-antho"}]}},"rttpg_featured_image_url":{"full":["https:\/\/www.fcgueugnon.fr\/site\/wp-content\/uploads\/2024\/09\/avant-match-fc-gueugnon-sainte-genevieve.jpg",2160,1350,false],"landscape":["https:\/\/www.fcgueugnon.fr\/site\/wp-content\/uploads\/2024\/09\/avant-match-fc-gueugnon-sainte-genevieve.jpg",2160,1350,false],"portraits":["https:\/\/www.fcgueugnon.fr\/site\/wp-content\/uploads\/2024\/09\/avant-match-fc-gueugnon-sainte-genevieve.jpg",2160,1350,false],"thumbnail":["https:\/\/www.fcgueugnon.fr\/site\/wp-content\/uploads\/2024\/09\/avant-match-fc-gueugnon-sainte-genevieve-150x150.jpg",150,150,true],"medium":["https:\/\/www.fcgueugnon.fr\/site\/wp-content\/uploads\/2024\/09\/avant-match-fc-gueugnon-sainte-genevieve-400x250.jpg",400,250,true],"large":["https:\/\/www.fcgueugnon.fr\/site\/wp-content\/uploads\/2024\/09\/avant-match-fc-gueugnon-sainte-genevieve-1024x640.jpg",1024,640,true],"1536x1536":["https:\/\/www.fcgueugnon.fr\/site\/wp-content\/uploads\/2024\/09\/avant-match-fc-gueugnon-sainte-genevieve-1536x960.jpg",1536,960,true],"2048x2048":["https:\/\/www.fcgueugnon.fr\/site\/wp-content\/uploads\/2024\/09\/avant-match-fc-gueugnon-sainte-genevieve-2048x1280.jpg",2048,1280,true]},"rttpg_author":{"display_name":"FC Gueugnon","author_link":"https:\/\/www.fcgueugnon.fr\/site\/author\/admin-antho"},"rttpg_comment":0,"rttpg_category":"<a href=\"https:\/\/www.fcgueugnon.fr\/site\/category\/news\" rel=\"category tag\">News<\/a> <a href=\"https:\/\/www.fcgueugnon.fr\/site\/category\/news\/news-2024-2025\" rel=\"category tag\">News 2024\/2025<\/a>","rttpg_excerpt":"Apr\u00e8s un r\u00e9sultat d\u00e9cevant lors du derby initial (1-2), les jaunes et bleus ont su r\u00e9agir en d\u00e9placement \u00e0 Neuilly-sur-Marne (1-1) avant un gros morceau ce samedi soir ! \ud83c\udd9a L&rsquo;adversaire : Sainte-Genevi\u00e8ve FC L&rsquo;adversaire du soir, Ste Genevi\u00e8ve FC, est une \u00e9quipe redoutable : deuxi\u00e8me la saison pass\u00e9e en N3 (15V\/9N\/2D) et ayant manqu\u00e9\u2026","_links":{"self":[{"href":"https:\/\/www.fcgueugnon.fr\/site\/wp-json\/wp\/v2\/posts\/51780","targetHints":{"allow":["GET"]}}],"collection":[{"href":"https:\/\/www.fcgueugnon.fr\/site\/wp-json\/wp\/v2\/posts"}],"about":[{"href":"https:\/\/www.fcgueugnon.fr\/site\/wp-json\/wp\/v2\/types\/post"}],"author":[{"embeddable":true,"href":"https:\/\/www.fcgueugnon.fr\/site\/wp-json\/wp\/v2\/users\/1"}],"replies":[{"embeddable":true,"href":"https:\/\/www.fcgueugnon.fr\/site\/wp-json\/wp\/v2\/comments?post=51780"}],"version-history":[{"count":2,"href":"https:\/\/www.fcgueugnon.fr\/site\/wp-json\/wp\/v2\/posts\/51780\/revisions"}],"predecessor-version":[{"id":51785,"href":"https:\/\/www.fcgueugnon.fr\/site\/wp-json\/wp\/v2\/posts\/51780\/revisions\/51785"}],"wp:featuredmedia":[{"embeddable":true,"href":"https:\/\/www.fcgueugnon.fr\/site\/wp-json\/wp\/v2\/media\/51784"}],"wp:attachment":[{"href":"https:\/\/www.fcgueugnon.fr\/site\/wp-json\/wp\/v2\/media?parent=51780"}],"wp:term":[{"taxonomy":"category","embeddable":true,"href":"https:\/\/www.fcgueugnon.fr\/site\/wp-json\/wp\/v2\/categories?post=51780"},{"taxonomy":"post_tag","embeddable":true,"href":"https:\/\/www.fcgueugnon.fr\/site\/wp-json\/wp\/v2\/tags?post=51780"}],"curies":[{"name":"wp","href":"https:\/\/api.w.org\/{rel}","templated":true}]}}