{"id":517,"date":"2022-07-16T18:00:00","date_gmt":"2022-07-16T16:00:00","guid":{"rendered":"https:\/\/www.fcgueugnon.fr\/site\/?p=517"},"modified":"2022-08-12T22:34:09","modified_gmt":"2022-08-12T20:34:09","slug":"national-3-le-programme-de-reprise-et-les-matchs-de-preparation","status":"publish","type":"post","link":"https:\/\/www.fcgueugnon.fr\/site\/national-3-le-programme-de-reprise-et-les-matchs-de-preparation\/517","title":{"rendered":"[National 3] Le programme de reprise et les matchs de pr\u00e9paration"},"content":{"rendered":"\n<h3 class=\"wp-block-heading\"><strong>D\u00e9couvrez le programme de reprise et les matchs de pr\u00e9paration pr\u00e9vus pour le Groupe National 3.<\/strong><\/h3>\n\n\n\n<div style=\"height:20px\" aria-hidden=\"true\" class=\"wp-block-spacer\"><\/div>\n\n\n\n<p>Lundi 18 Juillet \u00e0 18h00 \u25b6 Reprise de l&rsquo;entra\u00eenement<\/p>\n\n\n\n<p>Weekend du 23-24 Juillet \u25b6 Stage de pr\u00e9paration et de coh\u00e9sion<\/p>\n\n\n\n<p>Mercredi 27 Juillet \u00e0 18h00 \u25b6 Match de pr\u00e9paration \ud83c\udd9a Moulins Yzeure Foot (\u2708)<\/p>\n\n\n\n<p>Samedi 30 Juillet \u00e0 18h00 \u25b6 Match de pr\u00e9paration \ud83c\udd9a Bourges Foot 18 (\u2708)<\/p>\n\n\n\n<p>Mercredi 03 Ao\u00fbt \u00e0 18h00 \u25b6 Match de pr\u00e9paration \ud83c\udd9a GFA Rumilly Valli\u00e8res (\u2708)<\/p>\n\n\n\n<p>Samedi 06 Ao\u00fbt \u00e0 18h00 \u25b6 Match de pr\u00e9paration \ud83c\udd9a Acad\u00e9mie Moulins (\u2708)<\/p>\n\n\n\n<p>Mardi 09 Ao\u00fbt \u00e0 18h00 \u25b6 Match de pr\u00e9paration \ud83c\udd9a Vierzon Foot 18 <em>\u00e0 Issoudun<\/em> (\u2708)<\/p>\n\n\n\n<p>Samedi 13 Ao\u00fbt \u00e0 18h00 \u25b6 Match de pr\u00e9paration \ud83c\udd9a Andr\u00e9zieux-Bouth\u00e9on FC <em>\u00e0 VF1<\/em><\/p>\n\n\n\n<p>Samedi 20 Ao\u00fbt \u00e0 18h00 \u25b6 Match de pr\u00e9paration \ud83c\udd9a FC Limonest Dardilly St-Didier (\u2708)<\/p>\n\n\n\n<p>Samedi 27 Ao\u00fbt \u25b6 Reprise du championnat National 3<\/p>\n\n\n\n<div style=\"height:20px\" aria-hidden=\"true\" class=\"wp-block-spacer\"><\/div>\n\n\n\n<p><em>*Ce programme est susceptible d&rsquo;\u00eatre modifi\u00e9.<\/em><\/p>\n","protected":false},"excerpt":{"rendered":"<p>D\u00e9couvrez le programme de reprise et les matchs de pr\u00e9paration pr\u00e9vus pour le Groupe National 3. Lundi 18 Juillet \u00e0 18h00 \u25b6 Reprise de l&rsquo;entra\u00eenement Weekend du 23-24 Juillet \u25b6 Stage de pr\u00e9paration et de coh\u00e9sion Mercredi 27 Juillet \u00e0 18h00 \u25b6 Match de pr\u00e9paration \ud83c\udd9a Moulins Yzeure Foot (\u2708) Samedi 30 Juillet \u00e0 18h00 &#8230; <\/p>\n<p class=\"read-more-container\"><a title=\"[National 3] Le programme de reprise et les matchs de pr\u00e9paration\" class=\"read-more button\" href=\"https:\/\/www.fcgueugnon.fr\/site\/national-3-le-programme-de-reprise-et-les-matchs-de-preparation\/517#more-517\" aria-label=\"Plus sur [National 3] Le programme de reprise et les matchs de pr\u00e9paration\">Lire la suite<\/a><\/p>\n","protected":false},"author":1,"featured_media":518,"comment_status":"closed","ping_status":"closed","sticky":false,"template":"","format":"standard","meta":{"footnotes":""},"categories":[5,4],"tags":[10],"class_list":["post-517","post","type-post","status-publish","format-standard","has-post-thumbnail","hentry","category-news-2022-2023","category-news","tag-preparation-entrainement","infinite-scroll-item","generate-columns","tablet-grid-50","mobile-grid-100","grid-parent","grid-25","resize-featured-image"],"yoast_head":"<!-- This site is optimized with the Yoast SEO plugin v26.6 - https:\/\/yoast.com\/wordpress\/plugins\/seo\/ -->\n<title>[National 3] Le programme de reprise et les matchs de pr\u00e9paration &#8226; FOOTBALL CLUB GUEUGNON<\/title>\n<meta name=\"robots\" content=\"index, follow, max-snippet:-1, max-image-preview:large, max-video-preview:-1\" \/>\n<link rel=\"canonical\" href=\"https:\/\/www.fcgueugnon.fr\/site\/national-3-le-programme-de-reprise-et-les-matchs-de-preparation\/517\" \/>\n<meta property=\"og:locale\" content=\"fr_FR\" \/>\n<meta property=\"og:type\" content=\"article\" \/>\n<meta property=\"og:title\" content=\"[National 3] Le programme de reprise et les matchs de pr\u00e9paration &#8226; FOOTBALL CLUB GUEUGNON\" \/>\n<meta property=\"og:description\" content=\"D\u00e9couvrez le programme de reprise et les matchs de pr\u00e9paration pr\u00e9vus pour le Groupe National 3. Lundi 18 Juillet \u00e0 18h00 \u25b6 Reprise de l&rsquo;entra\u00eenement Weekend du 23-24 Juillet \u25b6 Stage de pr\u00e9paration et de coh\u00e9sion Mercredi 27 Juillet \u00e0 18h00 \u25b6 Match de pr\u00e9paration \ud83c\udd9a Moulins Yzeure Foot (\u2708) Samedi 30 Juillet \u00e0 18h00 ... Lire la suite\" \/>\n<meta property=\"og:url\" content=\"https:\/\/www.fcgueugnon.fr\/site\/national-3-le-programme-de-reprise-et-les-matchs-de-preparation\/517\" \/>\n<meta property=\"og:site_name\" content=\"FOOTBALL CLUB GUEUGNON\" \/>\n<meta property=\"article:publisher\" content=\"http:\/\/facebook.com\/FCGueugnon\" \/>\n<meta property=\"article:published_time\" content=\"2022-07-16T16:00:00+00:00\" \/>\n<meta property=\"article:modified_time\" content=\"2022-08-12T20:34:09+00:00\" \/>\n<meta property=\"og:image\" content=\"https:\/\/www.fcgueugnon.fr\/site\/wp-content\/uploads\/2022\/08\/Programme-de-reprise-N3-1.png\" \/>\n\t<meta property=\"og:image:width\" content=\"1200\" \/>\n\t<meta property=\"og:image:height\" content=\"630\" \/>\n\t<meta property=\"og:image:type\" content=\"image\/png\" \/>\n<meta name=\"author\" content=\"FC Gueugnon\" \/>\n<meta name=\"twitter:card\" content=\"summary_large_image\" \/>\n<meta name=\"twitter:creator\" content=\"@FCGueugnon_off\" \/>\n<meta name=\"twitter:site\" content=\"@FCGueugnon_off\" \/>\n<meta name=\"twitter:label1\" content=\"\u00c9crit par\" \/>\n\t<meta name=\"twitter:data1\" content=\"FC Gueugnon\" \/>\n\t<meta name=\"twitter:label2\" content=\"Dur\u00e9e de lecture estim\u00e9e\" \/>\n\t<meta name=\"twitter:data2\" content=\"1 minute\" \/>\n<script type=\"application\/ld+json\" class=\"yoast-schema-graph\">{\"@context\":\"https:\/\/schema.org\",\"@graph\":[{\"@type\":\"Article\",\"@id\":\"https:\/\/www.fcgueugnon.fr\/site\/national-3-le-programme-de-reprise-et-les-matchs-de-preparation\/517#article\",\"isPartOf\":{\"@id\":\"https:\/\/www.fcgueugnon.fr\/site\/national-3-le-programme-de-reprise-et-les-matchs-de-preparation\/517\"},\"author\":{\"name\":\"FC Gueugnon\",\"@id\":\"https:\/\/www.fcgueugnon.fr\/site\/#\/schema\/person\/f6444fbdd35fa731ee974c03508738fb\"},\"headline\":\"[National 3] Le programme de reprise et les matchs de pr\u00e9paration\",\"datePublished\":\"2022-07-16T16:00:00+00:00\",\"dateModified\":\"2022-08-12T20:34:09+00:00\",\"mainEntityOfPage\":{\"@id\":\"https:\/\/www.fcgueugnon.fr\/site\/national-3-le-programme-de-reprise-et-les-matchs-de-preparation\/517\"},\"wordCount\":141,\"publisher\":{\"@id\":\"https:\/\/www.fcgueugnon.fr\/site\/#organization\"},\"image\":{\"@id\":\"https:\/\/www.fcgueugnon.fr\/site\/national-3-le-programme-de-reprise-et-les-matchs-de-preparation\/517#primaryimage\"},\"thumbnailUrl\":\"https:\/\/www.fcgueugnon.fr\/site\/wp-content\/uploads\/2022\/08\/Programme-de-reprise-N3-1.png\",\"keywords\":[\"Pr\u00e9paration - Entrainement\"],\"articleSection\":[\"Archives 2022\/2023\",\"News\"],\"inLanguage\":\"fr-FR\"},{\"@type\":\"WebPage\",\"@id\":\"https:\/\/www.fcgueugnon.fr\/site\/national-3-le-programme-de-reprise-et-les-matchs-de-preparation\/517\",\"url\":\"https:\/\/www.fcgueugnon.fr\/site\/national-3-le-programme-de-reprise-et-les-matchs-de-preparation\/517\",\"name\":\"[National 3] Le programme de reprise et les matchs de pr\u00e9paration &#8226; FOOTBALL CLUB GUEUGNON\",\"isPartOf\":{\"@id\":\"https:\/\/www.fcgueugnon.fr\/site\/#website\"},\"primaryImageOfPage\":{\"@id\":\"https:\/\/www.fcgueugnon.fr\/site\/national-3-le-programme-de-reprise-et-les-matchs-de-preparation\/517#primaryimage\"},\"image\":{\"@id\":\"https:\/\/www.fcgueugnon.fr\/site\/national-3-le-programme-de-reprise-et-les-matchs-de-preparation\/517#primaryimage\"},\"thumbnailUrl\":\"https:\/\/www.fcgueugnon.fr\/site\/wp-content\/uploads\/2022\/08\/Programme-de-reprise-N3-1.png\",\"datePublished\":\"2022-07-16T16:00:00+00:00\",\"dateModified\":\"2022-08-12T20:34:09+00:00\",\"breadcrumb\":{\"@id\":\"https:\/\/www.fcgueugnon.fr\/site\/national-3-le-programme-de-reprise-et-les-matchs-de-preparation\/517#breadcrumb\"},\"inLanguage\":\"fr-FR\",\"potentialAction\":[{\"@type\":\"ReadAction\",\"target\":[\"https:\/\/www.fcgueugnon.fr\/site\/national-3-le-programme-de-reprise-et-les-matchs-de-preparation\/517\"]}]},{\"@type\":\"ImageObject\",\"inLanguage\":\"fr-FR\",\"@id\":\"https:\/\/www.fcgueugnon.fr\/site\/national-3-le-programme-de-reprise-et-les-matchs-de-preparation\/517#primaryimage\",\"url\":\"https:\/\/www.fcgueugnon.fr\/site\/wp-content\/uploads\/2022\/08\/Programme-de-reprise-N3-1.png\",\"contentUrl\":\"https:\/\/www.fcgueugnon.fr\/site\/wp-content\/uploads\/2022\/08\/Programme-de-reprise-N3-1.png\",\"width\":1200,\"height\":630},{\"@type\":\"BreadcrumbList\",\"@id\":\"https:\/\/www.fcgueugnon.fr\/site\/national-3-le-programme-de-reprise-et-les-matchs-de-preparation\/517#breadcrumb\",\"itemListElement\":[{\"@type\":\"ListItem\",\"position\":1,\"name\":\"Accueil\",\"item\":\"https:\/\/www.fcgueugnon.fr\/site\/\"},{\"@type\":\"ListItem\",\"position\":2,\"name\":\"[National 3] Le programme de reprise et les matchs de pr\u00e9paration\"}]},{\"@type\":\"WebSite\",\"@id\":\"https:\/\/www.fcgueugnon.fr\/site\/#website\",\"url\":\"https:\/\/www.fcgueugnon.fr\/site\/\",\"name\":\"FOOTBALL CLUB GUEUGNON\",\"description\":\"Le Site Officiel des Forgerons\",\"publisher\":{\"@id\":\"https:\/\/www.fcgueugnon.fr\/site\/#organization\"},\"potentialAction\":[{\"@type\":\"SearchAction\",\"target\":{\"@type\":\"EntryPoint\",\"urlTemplate\":\"https:\/\/www.fcgueugnon.fr\/site\/?s={search_term_string}\"},\"query-input\":{\"@type\":\"PropertyValueSpecification\",\"valueRequired\":true,\"valueName\":\"search_term_string\"}}],\"inLanguage\":\"fr-FR\"},{\"@type\":\"Organization\",\"@id\":\"https:\/\/www.fcgueugnon.fr\/site\/#organization\",\"name\":\"FC Gueugnon\",\"url\":\"https:\/\/www.fcgueugnon.fr\/site\/\",\"logo\":{\"@type\":\"ImageObject\",\"inLanguage\":\"fr-FR\",\"@id\":\"https:\/\/www.fcgueugnon.fr\/site\/#\/schema\/logo\/image\/\",\"url\":\"https:\/\/www.fcgueugnon.fr\/site\/wp-content\/uploads\/2022\/07\/cropped-Logo-FCGUEUGNON-low-350x350-1.png\",\"contentUrl\":\"https:\/\/www.fcgueugnon.fr\/site\/wp-content\/uploads\/2022\/07\/cropped-Logo-FCGUEUGNON-low-350x350-1.png\",\"width\":350,\"height\":350,\"caption\":\"FC Gueugnon\"},\"image\":{\"@id\":\"https:\/\/www.fcgueugnon.fr\/site\/#\/schema\/logo\/image\/\"},\"sameAs\":[\"http:\/\/facebook.com\/FCGueugnon\",\"https:\/\/x.com\/FCGueugnon_off\",\"https:\/\/www.instagram.com\/fcgueugnon\/\",\"https:\/\/www.linkedin.com\/company\/football-club-de-gueugnon\/\",\"https:\/\/www.youtube.com\/user\/FCGueugnonnais\",\"https:\/\/fr.wikipedia.org\/wiki\/Football_Club_de_Gueugnon\"]},{\"@type\":\"Person\",\"@id\":\"https:\/\/www.fcgueugnon.fr\/site\/#\/schema\/person\/f6444fbdd35fa731ee974c03508738fb\",\"name\":\"FC Gueugnon\",\"sameAs\":[\"https:\/\/www.fcgueugnon.fr\/site\"],\"url\":\"https:\/\/www.fcgueugnon.fr\/site\/author\/admin-antho\"}]}<\/script>\n<!-- \/ Yoast SEO plugin. -->","yoast_head_json":{"title":"[National 3] Le programme de reprise et les matchs de pr\u00e9paration &#8226; FOOTBALL CLUB GUEUGNON","robots":{"index":"index","follow":"follow","max-snippet":"max-snippet:-1","max-image-preview":"max-image-preview:large","max-video-preview":"max-video-preview:-1"},"canonical":"https:\/\/www.fcgueugnon.fr\/site\/national-3-le-programme-de-reprise-et-les-matchs-de-preparation\/517","og_locale":"fr_FR","og_type":"article","og_title":"[National 3] Le programme de reprise et les matchs de pr\u00e9paration &#8226; FOOTBALL CLUB GUEUGNON","og_description":"D\u00e9couvrez le programme de reprise et les matchs de pr\u00e9paration pr\u00e9vus pour le Groupe National 3. Lundi 18 Juillet \u00e0 18h00 \u25b6 Reprise de l&rsquo;entra\u00eenement Weekend du 23-24 Juillet \u25b6 Stage de pr\u00e9paration et de coh\u00e9sion Mercredi 27 Juillet \u00e0 18h00 \u25b6 Match de pr\u00e9paration \ud83c\udd9a Moulins Yzeure Foot (\u2708) Samedi 30 Juillet \u00e0 18h00 ... Lire la suite","og_url":"https:\/\/www.fcgueugnon.fr\/site\/national-3-le-programme-de-reprise-et-les-matchs-de-preparation\/517","og_site_name":"FOOTBALL CLUB GUEUGNON","article_publisher":"http:\/\/facebook.com\/FCGueugnon","article_published_time":"2022-07-16T16:00:00+00:00","article_modified_time":"2022-08-12T20:34:09+00:00","og_image":[{"width":1200,"height":630,"url":"https:\/\/www.fcgueugnon.fr\/site\/wp-content\/uploads\/2022\/08\/Programme-de-reprise-N3-1.png","type":"image\/png"}],"author":"FC Gueugnon","twitter_card":"summary_large_image","twitter_creator":"@FCGueugnon_off","twitter_site":"@FCGueugnon_off","twitter_misc":{"\u00c9crit par":"FC Gueugnon","Dur\u00e9e de lecture estim\u00e9e":"1 minute"},"schema":{"@context":"https:\/\/schema.org","@graph":[{"@type":"Article","@id":"https:\/\/www.fcgueugnon.fr\/site\/national-3-le-programme-de-reprise-et-les-matchs-de-preparation\/517#article","isPartOf":{"@id":"https:\/\/www.fcgueugnon.fr\/site\/national-3-le-programme-de-reprise-et-les-matchs-de-preparation\/517"},"author":{"name":"FC Gueugnon","@id":"https:\/\/www.fcgueugnon.fr\/site\/#\/schema\/person\/f6444fbdd35fa731ee974c03508738fb"},"headline":"[National 3] Le programme de reprise et les matchs de pr\u00e9paration","datePublished":"2022-07-16T16:00:00+00:00","dateModified":"2022-08-12T20:34:09+00:00","mainEntityOfPage":{"@id":"https:\/\/www.fcgueugnon.fr\/site\/national-3-le-programme-de-reprise-et-les-matchs-de-preparation\/517"},"wordCount":141,"publisher":{"@id":"https:\/\/www.fcgueugnon.fr\/site\/#organization"},"image":{"@id":"https:\/\/www.fcgueugnon.fr\/site\/national-3-le-programme-de-reprise-et-les-matchs-de-preparation\/517#primaryimage"},"thumbnailUrl":"https:\/\/www.fcgueugnon.fr\/site\/wp-content\/uploads\/2022\/08\/Programme-de-reprise-N3-1.png","keywords":["Pr\u00e9paration - Entrainement"],"articleSection":["Archives 2022\/2023","News"],"inLanguage":"fr-FR"},{"@type":"WebPage","@id":"https:\/\/www.fcgueugnon.fr\/site\/national-3-le-programme-de-reprise-et-les-matchs-de-preparation\/517","url":"https:\/\/www.fcgueugnon.fr\/site\/national-3-le-programme-de-reprise-et-les-matchs-de-preparation\/517","name":"[National 3] Le programme de reprise et les matchs de pr\u00e9paration &#8226; FOOTBALL CLUB GUEUGNON","isPartOf":{"@id":"https:\/\/www.fcgueugnon.fr\/site\/#website"},"primaryImageOfPage":{"@id":"https:\/\/www.fcgueugnon.fr\/site\/national-3-le-programme-de-reprise-et-les-matchs-de-preparation\/517#primaryimage"},"image":{"@id":"https:\/\/www.fcgueugnon.fr\/site\/national-3-le-programme-de-reprise-et-les-matchs-de-preparation\/517#primaryimage"},"thumbnailUrl":"https:\/\/www.fcgueugnon.fr\/site\/wp-content\/uploads\/2022\/08\/Programme-de-reprise-N3-1.png","datePublished":"2022-07-16T16:00:00+00:00","dateModified":"2022-08-12T20:34:09+00:00","breadcrumb":{"@id":"https:\/\/www.fcgueugnon.fr\/site\/national-3-le-programme-de-reprise-et-les-matchs-de-preparation\/517#breadcrumb"},"inLanguage":"fr-FR","potentialAction":[{"@type":"ReadAction","target":["https:\/\/www.fcgueugnon.fr\/site\/national-3-le-programme-de-reprise-et-les-matchs-de-preparation\/517"]}]},{"@type":"ImageObject","inLanguage":"fr-FR","@id":"https:\/\/www.fcgueugnon.fr\/site\/national-3-le-programme-de-reprise-et-les-matchs-de-preparation\/517#primaryimage","url":"https:\/\/www.fcgueugnon.fr\/site\/wp-content\/uploads\/2022\/08\/Programme-de-reprise-N3-1.png","contentUrl":"https:\/\/www.fcgueugnon.fr\/site\/wp-content\/uploads\/2022\/08\/Programme-de-reprise-N3-1.png","width":1200,"height":630},{"@type":"BreadcrumbList","@id":"https:\/\/www.fcgueugnon.fr\/site\/national-3-le-programme-de-reprise-et-les-matchs-de-preparation\/517#breadcrumb","itemListElement":[{"@type":"ListItem","position":1,"name":"Accueil","item":"https:\/\/www.fcgueugnon.fr\/site\/"},{"@type":"ListItem","position":2,"name":"[National 3] Le programme de reprise et les matchs de pr\u00e9paration"}]},{"@type":"WebSite","@id":"https:\/\/www.fcgueugnon.fr\/site\/#website","url":"https:\/\/www.fcgueugnon.fr\/site\/","name":"FOOTBALL CLUB GUEUGNON","description":"Le Site Officiel des Forgerons","publisher":{"@id":"https:\/\/www.fcgueugnon.fr\/site\/#organization"},"potentialAction":[{"@type":"SearchAction","target":{"@type":"EntryPoint","urlTemplate":"https:\/\/www.fcgueugnon.fr\/site\/?s={search_term_string}"},"query-input":{"@type":"PropertyValueSpecification","valueRequired":true,"valueName":"search_term_string"}}],"inLanguage":"fr-FR"},{"@type":"Organization","@id":"https:\/\/www.fcgueugnon.fr\/site\/#organization","name":"FC Gueugnon","url":"https:\/\/www.fcgueugnon.fr\/site\/","logo":{"@type":"ImageObject","inLanguage":"fr-FR","@id":"https:\/\/www.fcgueugnon.fr\/site\/#\/schema\/logo\/image\/","url":"https:\/\/www.fcgueugnon.fr\/site\/wp-content\/uploads\/2022\/07\/cropped-Logo-FCGUEUGNON-low-350x350-1.png","contentUrl":"https:\/\/www.fcgueugnon.fr\/site\/wp-content\/uploads\/2022\/07\/cropped-Logo-FCGUEUGNON-low-350x350-1.png","width":350,"height":350,"caption":"FC Gueugnon"},"image":{"@id":"https:\/\/www.fcgueugnon.fr\/site\/#\/schema\/logo\/image\/"},"sameAs":["http:\/\/facebook.com\/FCGueugnon","https:\/\/x.com\/FCGueugnon_off","https:\/\/www.instagram.com\/fcgueugnon\/","https:\/\/www.linkedin.com\/company\/football-club-de-gueugnon\/","https:\/\/www.youtube.com\/user\/FCGueugnonnais","https:\/\/fr.wikipedia.org\/wiki\/Football_Club_de_Gueugnon"]},{"@type":"Person","@id":"https:\/\/www.fcgueugnon.fr\/site\/#\/schema\/person\/f6444fbdd35fa731ee974c03508738fb","name":"FC Gueugnon","sameAs":["https:\/\/www.fcgueugnon.fr\/site"],"url":"https:\/\/www.fcgueugnon.fr\/site\/author\/admin-antho"}]}},"rttpg_featured_image_url":{"full":["https:\/\/www.fcgueugnon.fr\/site\/wp-content\/uploads\/2022\/08\/Programme-de-reprise-N3-1.png",1200,630,false],"landscape":["https:\/\/www.fcgueugnon.fr\/site\/wp-content\/uploads\/2022\/08\/Programme-de-reprise-N3-1.png",1200,630,false],"portraits":["https:\/\/www.fcgueugnon.fr\/site\/wp-content\/uploads\/2022\/08\/Programme-de-reprise-N3-1.png",1200,630,false],"thumbnail":["https:\/\/www.fcgueugnon.fr\/site\/wp-content\/uploads\/2022\/08\/Programme-de-reprise-N3-1-150x150.png",150,150,true],"medium":["https:\/\/www.fcgueugnon.fr\/site\/wp-content\/uploads\/2022\/08\/Programme-de-reprise-N3-1-400x210.png",400,210,true],"large":["https:\/\/www.fcgueugnon.fr\/site\/wp-content\/uploads\/2022\/08\/Programme-de-reprise-N3-1-1024x538.png",1024,538,true],"1536x1536":["https:\/\/www.fcgueugnon.fr\/site\/wp-content\/uploads\/2022\/08\/Programme-de-reprise-N3-1.png",1200,630,false],"2048x2048":["https:\/\/www.fcgueugnon.fr\/site\/wp-content\/uploads\/2022\/08\/Programme-de-reprise-N3-1.png",1200,630,false]},"rttpg_author":{"display_name":"FC Gueugnon","author_link":"https:\/\/www.fcgueugnon.fr\/site\/author\/admin-antho"},"rttpg_comment":0,"rttpg_category":"<a href=\"https:\/\/www.fcgueugnon.fr\/site\/category\/news\/news-2022-2023\" rel=\"category tag\">Archives 2022\/2023<\/a> <a href=\"https:\/\/www.fcgueugnon.fr\/site\/category\/news\" rel=\"category tag\">News<\/a>","rttpg_excerpt":"D\u00e9couvrez le programme de reprise et les matchs de pr\u00e9paration pr\u00e9vus pour le Groupe National 3. Lundi 18 Juillet \u00e0 18h00 \u25b6 Reprise de l&rsquo;entra\u00eenement Weekend du 23-24 Juillet \u25b6 Stage de pr\u00e9paration et de coh\u00e9sion Mercredi 27 Juillet \u00e0 18h00 \u25b6 Match de pr\u00e9paration \ud83c\udd9a Moulins Yzeure Foot (\u2708) Samedi 30 Juillet \u00e0 18h00\u2026","_links":{"self":[{"href":"https:\/\/www.fcgueugnon.fr\/site\/wp-json\/wp\/v2\/posts\/517","targetHints":{"allow":["GET"]}}],"collection":[{"href":"https:\/\/www.fcgueugnon.fr\/site\/wp-json\/wp\/v2\/posts"}],"about":[{"href":"https:\/\/www.fcgueugnon.fr\/site\/wp-json\/wp\/v2\/types\/post"}],"author":[{"embeddable":true,"href":"https:\/\/www.fcgueugnon.fr\/site\/wp-json\/wp\/v2\/users\/1"}],"replies":[{"embeddable":true,"href":"https:\/\/www.fcgueugnon.fr\/site\/wp-json\/wp\/v2\/comments?post=517"}],"version-history":[{"count":1,"href":"https:\/\/www.fcgueugnon.fr\/site\/wp-json\/wp\/v2\/posts\/517\/revisions"}],"predecessor-version":[{"id":519,"href":"https:\/\/www.fcgueugnon.fr\/site\/wp-json\/wp\/v2\/posts\/517\/revisions\/519"}],"wp:featuredmedia":[{"embeddable":true,"href":"https:\/\/www.fcgueugnon.fr\/site\/wp-json\/wp\/v2\/media\/518"}],"wp:attachment":[{"href":"https:\/\/www.fcgueugnon.fr\/site\/wp-json\/wp\/v2\/media?parent=517"}],"wp:term":[{"taxonomy":"category","embeddable":true,"href":"https:\/\/www.fcgueugnon.fr\/site\/wp-json\/wp\/v2\/categories?post=517"},{"taxonomy":"post_tag","embeddable":true,"href":"https:\/\/www.fcgueugnon.fr\/site\/wp-json\/wp\/v2\/tags?post=517"}],"curies":[{"name":"wp","href":"https:\/\/api.w.org\/{rel}","templated":true}]}}