{"id":494,"date":"2022-07-06T17:50:00","date_gmt":"2022-07-06T15:50:00","guid":{"rendered":"https:\/\/www.fcgueugnon.fr\/site\/?p=494"},"modified":"2022-08-21T21:35:38","modified_gmt":"2022-08-21T19:35:38","slug":"mercato-un-renfort-dexperience-au-milieu-de-terrain","status":"publish","type":"post","link":"https:\/\/www.fcgueugnon.fr\/site\/mercato-un-renfort-dexperience-au-milieu-de-terrain\/494","title":{"rendered":"[Mercato] Un renfort d&rsquo;exp\u00e9rience au milieu de terrain"},"content":{"rendered":"\n<h3 class=\"has-text-align-left wp-block-heading\"><strong>Taylor Salibur, milieu de terrain offensif en provenance de Vannes (N2), a \u00e9t\u00e9 conquis par le projet ambitieux du FC Gueugnon.<\/strong><\/h3>\n\n\n\n<div style=\"height:30px\" aria-hidden=\"true\" class=\"wp-block-spacer\"><\/div>\n\n\n\n<div class=\"wp-block-columns is-layout-flex wp-container-core-columns-is-layout-9d6595d7 wp-block-columns-is-layout-flex\">\n<div class=\"wp-block-column is-layout-flow wp-block-column-is-layout-flow\" style=\"flex-basis:100%\"><div class=\"wp-block-image\">\n<figure class=\"aligncenter size-large is-resized\"><img loading=\"lazy\" decoding=\"async\" src=\"https:\/\/www.fcgueugnon.fr\/site\/wp-content\/uploads\/2022\/08\/Taylor-Salibur-2-1024x1024.png\" alt=\"\" class=\"wp-image-495\" width=\"768\" height=\"768\" srcset=\"https:\/\/www.fcgueugnon.fr\/site\/wp-content\/uploads\/2022\/08\/Taylor-Salibur-2-1024x1024.png 1024w, https:\/\/www.fcgueugnon.fr\/site\/wp-content\/uploads\/2022\/08\/Taylor-Salibur-2-400x400.png 400w, https:\/\/www.fcgueugnon.fr\/site\/wp-content\/uploads\/2022\/08\/Taylor-Salibur-2-150x150.png 150w, https:\/\/www.fcgueugnon.fr\/site\/wp-content\/uploads\/2022\/08\/Taylor-Salibur-2-768x768.png 768w, https:\/\/www.fcgueugnon.fr\/site\/wp-content\/uploads\/2022\/08\/Taylor-Salibur-2.png 1500w\" sizes=\"auto, (max-width: 768px) 100vw, 768px\" \/><\/figure>\n<\/div><\/div>\n<\/div>\n\n\n\n<div style=\"height:30px\" aria-hidden=\"true\" class=\"wp-block-spacer\"><\/div>\n\n\n\n<h3 class=\"western wp-block-heading\"><strong>Taylor Salibur, Milieu offensif &#8211; 30 ans<\/strong><\/h3>\n\n\n\n<p>C&rsquo;est un renfort d&rsquo;exp\u00e9rience pour le FC Gueugnon. Du haut de ses 30 ans, Taylor Salibur a connu \u00e0 plusieurs reprises le championnat National 2, notamment au FC Lorient et \u00e0 Vannes. Son parcours footballistique l&rsquo;a \u00e9galement amen\u00e9 \u00e0 \u00e9voluer \u00e0 l&rsquo;\u00e9tranger sous les couleurs de l&rsquo;Olympique Club de Charleroi (D3 Belge) ou encore \u00e0 Oborishte (D2 Bulgare).<\/p>\n\n\n\n<p>La saison derni\u00e8re, le milieu technique et virevoltant a disput\u00e9 23 matchs et 1267 minutes avec le club breton. Son aisance technique et sa vitesse seront des atouts suppl\u00e9mentaires pour l&rsquo;\u00e9quipe de Philippe Correia.<\/p>\n\n\n\n<p>Bienvenue \u00e0 Gueugnon Taylor !<\/p>\n\n\n\n<div style=\"height:30px\" aria-hidden=\"true\" class=\"wp-block-spacer\"><\/div>\n\n\n\n<h3 class=\"wp-block-heading\"><strong>La r\u00e9action de Richard TRIVINO, Directeur Sportif<\/strong><\/h3>\n\n\n<div class=\"wp-block-image\">\n<figure class=\"aligncenter size-large is-resized\"><img loading=\"lazy\" decoding=\"async\" src=\"https:\/\/www.fcgueugnon.fr\/site\/wp-content\/uploads\/2022\/08\/Richard-Trivino-709x1024.png\" alt=\"\" class=\"wp-image-442\" width=\"355\" height=\"512\" srcset=\"https:\/\/www.fcgueugnon.fr\/site\/wp-content\/uploads\/2022\/08\/Richard-Trivino-709x1024.png 709w, https:\/\/www.fcgueugnon.fr\/site\/wp-content\/uploads\/2022\/08\/Richard-Trivino-277x400.png 277w, https:\/\/www.fcgueugnon.fr\/site\/wp-content\/uploads\/2022\/08\/Richard-Trivino-768x1109.png 768w, https:\/\/www.fcgueugnon.fr\/site\/wp-content\/uploads\/2022\/08\/Richard-Trivino.png 1063w\" sizes=\"auto, (max-width: 355px) 100vw, 355px\" \/><\/figure>\n<\/div>\n\n\n<p><em>\u00ab Apr\u00e8s avoir identifi\u00e9 nos lacunes de la saison derni\u00e8re avec le coach, notre priorit\u00e9 \u00e9tait de trouver un joueur d&rsquo;exp\u00e9rience pouvant acc\u00e9l\u00e9rer le jeu soit par la passe soit par la course. Taylor coche toutes les cases pour animer notre jeu offensif lors de cette nouvelle saison. Fort de 3 ann\u00e9es \u00ab\u00a0pro\u00a0\u00bb \u00e0 Lorient ainsi que plus de 100 matches en N2, il nous apportera toute l&rsquo;exp\u00e9rience requise pour emmener l&rsquo;\u00e9quipe le plus haut possible. \u00bb<\/em><\/p>\n\n\n\n<div style=\"height:30px\" aria-hidden=\"true\" class=\"wp-block-spacer\"><\/div>\n\n\n\n<p class=\"has-text-align-center\">&#8212;<\/p>\n\n\n\n<h3 class=\"wp-block-heading\"><strong><em>R\u00e9capitulatif des transferts (saison 2022-2023) :<\/em><\/strong><\/h3>\n\n\n\n<p>Arriv\u00e9es :&nbsp;Arnaud Rollin (FCMB),&nbsp;Ibrahim Mohamed (Besan\u00e7on Football),&nbsp;Hugo Ketterle (ASPTT Dijon),&nbsp;J\u00e9r\u00e9my Fahrasmane (US Granville), Basile Delclaux (Rodez AF), Anthony Chauvet (Saint-Louis Neuweg), Taylor Salibur (Vannes OC)<\/p>\n\n\n\n<p>D\u00e9parts :&nbsp;Dylan Mamessier (Paray Foot), Mansour Demba (ESM Gonfreville), Florent RIZZOLO (Stade Bordelais), Marly Rampont (Racing Besan\u00e7on), Sa\u00efdou Sam (Lyon la Duch\u00e8re)<\/p>\n\n\n\n<h3 class=\"wp-block-heading\">\u25ba <strong><em><a href=\"https:\/\/www.fcgueugnon.fr\/site\/tag\/mercato-2022\">Retrouvez toute l&rsquo;actu mercato du FCG sur ce lien<\/a><\/em><\/strong><\/h3>\n\n\n\n<p><\/p>\n","protected":false},"excerpt":{"rendered":"<p>Taylor Salibur, milieu de terrain offensif en provenance de Vannes (N2), a \u00e9t\u00e9 conquis par le projet ambitieux du FC Gueugnon. Taylor Salibur, Milieu offensif &#8211; 30 ans C&rsquo;est un renfort d&rsquo;exp\u00e9rience pour le FC Gueugnon. Du haut de ses 30 ans, Taylor Salibur a connu \u00e0 plusieurs reprises le championnat National 2, notamment au &#8230; <\/p>\n<p class=\"read-more-container\"><a title=\"[Mercato] Un renfort d&rsquo;exp\u00e9rience au milieu de terrain\" class=\"read-more button\" href=\"https:\/\/www.fcgueugnon.fr\/site\/mercato-un-renfort-dexperience-au-milieu-de-terrain\/494#more-494\" aria-label=\"Plus sur [Mercato] Un renfort d&rsquo;exp\u00e9rience au milieu de terrain\">Lire la suite<\/a><\/p>\n","protected":false},"author":1,"featured_media":496,"comment_status":"closed","ping_status":"closed","sticky":false,"template":"","format":"standard","meta":{"footnotes":""},"categories":[5,4],"tags":[8,9,10],"class_list":["post-494","post","type-post","status-publish","format-standard","has-post-thumbnail","hentry","category-news-2022-2023","category-news","tag-effectif","tag-mercato-2022","tag-preparation-entrainement","infinite-scroll-item","generate-columns","tablet-grid-50","mobile-grid-100","grid-parent","grid-25","resize-featured-image"],"yoast_head":"<!-- This site is optimized with the Yoast SEO plugin v26.6 - https:\/\/yoast.com\/wordpress\/plugins\/seo\/ -->\n<title>[Mercato] Un renfort d&#039;exp\u00e9rience au milieu de terrain &#8226; FOOTBALL CLUB GUEUGNON<\/title>\n<meta name=\"robots\" content=\"index, follow, max-snippet:-1, max-image-preview:large, max-video-preview:-1\" \/>\n<link rel=\"canonical\" href=\"https:\/\/www.fcgueugnon.fr\/site\/mercato-un-renfort-dexperience-au-milieu-de-terrain\/494\" \/>\n<meta property=\"og:locale\" content=\"fr_FR\" \/>\n<meta property=\"og:type\" content=\"article\" \/>\n<meta property=\"og:title\" content=\"[Mercato] Un renfort d&#039;exp\u00e9rience au milieu de terrain &#8226; FOOTBALL CLUB GUEUGNON\" \/>\n<meta property=\"og:description\" content=\"Taylor Salibur, milieu de terrain offensif en provenance de Vannes (N2), a \u00e9t\u00e9 conquis par le projet ambitieux du FC Gueugnon. Taylor Salibur, Milieu offensif &#8211; 30 ans C&rsquo;est un renfort d&rsquo;exp\u00e9rience pour le FC Gueugnon. Du haut de ses 30 ans, Taylor Salibur a connu \u00e0 plusieurs reprises le championnat National 2, notamment au ... Lire la suite\" \/>\n<meta property=\"og:url\" content=\"https:\/\/www.fcgueugnon.fr\/site\/mercato-un-renfort-dexperience-au-milieu-de-terrain\/494\" \/>\n<meta property=\"og:site_name\" content=\"FOOTBALL CLUB GUEUGNON\" \/>\n<meta property=\"article:publisher\" content=\"http:\/\/facebook.com\/FCGueugnon\" \/>\n<meta property=\"article:published_time\" content=\"2022-07-06T15:50:00+00:00\" \/>\n<meta property=\"article:modified_time\" content=\"2022-08-21T19:35:38+00:00\" \/>\n<meta property=\"og:image\" content=\"https:\/\/www.fcgueugnon.fr\/site\/wp-content\/uploads\/2022\/08\/Taylor-Salibur-1-1024x576.png\" \/>\n\t<meta property=\"og:image:width\" content=\"1024\" \/>\n\t<meta property=\"og:image:height\" content=\"576\" \/>\n\t<meta property=\"og:image:type\" content=\"image\/png\" \/>\n<meta name=\"author\" content=\"FC Gueugnon\" \/>\n<meta name=\"twitter:card\" content=\"summary_large_image\" \/>\n<meta name=\"twitter:creator\" content=\"@FCGueugnon_off\" \/>\n<meta name=\"twitter:site\" content=\"@FCGueugnon_off\" \/>\n<meta name=\"twitter:label1\" content=\"\u00c9crit par\" \/>\n\t<meta name=\"twitter:data1\" content=\"FC Gueugnon\" \/>\n<script type=\"application\/ld+json\" class=\"yoast-schema-graph\">{\"@context\":\"https:\/\/schema.org\",\"@graph\":[{\"@type\":\"Article\",\"@id\":\"https:\/\/www.fcgueugnon.fr\/site\/mercato-un-renfort-dexperience-au-milieu-de-terrain\/494#article\",\"isPartOf\":{\"@id\":\"https:\/\/www.fcgueugnon.fr\/site\/mercato-un-renfort-dexperience-au-milieu-de-terrain\/494\"},\"author\":{\"name\":\"FC Gueugnon\",\"@id\":\"https:\/\/www.fcgueugnon.fr\/site\/#\/schema\/person\/f6444fbdd35fa731ee974c03508738fb\"},\"headline\":\"[Mercato] Un renfort d&rsquo;exp\u00e9rience au milieu de terrain\",\"datePublished\":\"2022-07-06T15:50:00+00:00\",\"dateModified\":\"2022-08-21T19:35:38+00:00\",\"mainEntityOfPage\":{\"@id\":\"https:\/\/www.fcgueugnon.fr\/site\/mercato-un-renfort-dexperience-au-milieu-de-terrain\/494\"},\"wordCount\":302,\"publisher\":{\"@id\":\"https:\/\/www.fcgueugnon.fr\/site\/#organization\"},\"image\":{\"@id\":\"https:\/\/www.fcgueugnon.fr\/site\/mercato-un-renfort-dexperience-au-milieu-de-terrain\/494#primaryimage\"},\"thumbnailUrl\":\"https:\/\/www.fcgueugnon.fr\/site\/wp-content\/uploads\/2022\/08\/Taylor-Salibur-1.png\",\"keywords\":[\"effectif\",\"Mercato 2022\",\"Pr\u00e9paration - Entrainement\"],\"articleSection\":[\"Archives 2022\/2023\",\"News\"],\"inLanguage\":\"fr-FR\"},{\"@type\":\"WebPage\",\"@id\":\"https:\/\/www.fcgueugnon.fr\/site\/mercato-un-renfort-dexperience-au-milieu-de-terrain\/494\",\"url\":\"https:\/\/www.fcgueugnon.fr\/site\/mercato-un-renfort-dexperience-au-milieu-de-terrain\/494\",\"name\":\"[Mercato] Un renfort d'exp\u00e9rience au milieu de terrain &#8226; FOOTBALL CLUB GUEUGNON\",\"isPartOf\":{\"@id\":\"https:\/\/www.fcgueugnon.fr\/site\/#website\"},\"primaryImageOfPage\":{\"@id\":\"https:\/\/www.fcgueugnon.fr\/site\/mercato-un-renfort-dexperience-au-milieu-de-terrain\/494#primaryimage\"},\"image\":{\"@id\":\"https:\/\/www.fcgueugnon.fr\/site\/mercato-un-renfort-dexperience-au-milieu-de-terrain\/494#primaryimage\"},\"thumbnailUrl\":\"https:\/\/www.fcgueugnon.fr\/site\/wp-content\/uploads\/2022\/08\/Taylor-Salibur-1.png\",\"datePublished\":\"2022-07-06T15:50:00+00:00\",\"dateModified\":\"2022-08-21T19:35:38+00:00\",\"breadcrumb\":{\"@id\":\"https:\/\/www.fcgueugnon.fr\/site\/mercato-un-renfort-dexperience-au-milieu-de-terrain\/494#breadcrumb\"},\"inLanguage\":\"fr-FR\",\"potentialAction\":[{\"@type\":\"ReadAction\",\"target\":[\"https:\/\/www.fcgueugnon.fr\/site\/mercato-un-renfort-dexperience-au-milieu-de-terrain\/494\"]}]},{\"@type\":\"ImageObject\",\"inLanguage\":\"fr-FR\",\"@id\":\"https:\/\/www.fcgueugnon.fr\/site\/mercato-un-renfort-dexperience-au-milieu-de-terrain\/494#primaryimage\",\"url\":\"https:\/\/www.fcgueugnon.fr\/site\/wp-content\/uploads\/2022\/08\/Taylor-Salibur-1.png\",\"contentUrl\":\"https:\/\/www.fcgueugnon.fr\/site\/wp-content\/uploads\/2022\/08\/Taylor-Salibur-1.png\",\"width\":1366,\"height\":768},{\"@type\":\"BreadcrumbList\",\"@id\":\"https:\/\/www.fcgueugnon.fr\/site\/mercato-un-renfort-dexperience-au-milieu-de-terrain\/494#breadcrumb\",\"itemListElement\":[{\"@type\":\"ListItem\",\"position\":1,\"name\":\"Accueil\",\"item\":\"https:\/\/www.fcgueugnon.fr\/site\/\"},{\"@type\":\"ListItem\",\"position\":2,\"name\":\"[Mercato] Un renfort d&rsquo;exp\u00e9rience au milieu de terrain\"}]},{\"@type\":\"WebSite\",\"@id\":\"https:\/\/www.fcgueugnon.fr\/site\/#website\",\"url\":\"https:\/\/www.fcgueugnon.fr\/site\/\",\"name\":\"FOOTBALL CLUB GUEUGNON\",\"description\":\"Le Site Officiel des Forgerons\",\"publisher\":{\"@id\":\"https:\/\/www.fcgueugnon.fr\/site\/#organization\"},\"potentialAction\":[{\"@type\":\"SearchAction\",\"target\":{\"@type\":\"EntryPoint\",\"urlTemplate\":\"https:\/\/www.fcgueugnon.fr\/site\/?s={search_term_string}\"},\"query-input\":{\"@type\":\"PropertyValueSpecification\",\"valueRequired\":true,\"valueName\":\"search_term_string\"}}],\"inLanguage\":\"fr-FR\"},{\"@type\":\"Organization\",\"@id\":\"https:\/\/www.fcgueugnon.fr\/site\/#organization\",\"name\":\"FC Gueugnon\",\"url\":\"https:\/\/www.fcgueugnon.fr\/site\/\",\"logo\":{\"@type\":\"ImageObject\",\"inLanguage\":\"fr-FR\",\"@id\":\"https:\/\/www.fcgueugnon.fr\/site\/#\/schema\/logo\/image\/\",\"url\":\"https:\/\/www.fcgueugnon.fr\/site\/wp-content\/uploads\/2022\/07\/cropped-Logo-FCGUEUGNON-low-350x350-1.png\",\"contentUrl\":\"https:\/\/www.fcgueugnon.fr\/site\/wp-content\/uploads\/2022\/07\/cropped-Logo-FCGUEUGNON-low-350x350-1.png\",\"width\":350,\"height\":350,\"caption\":\"FC Gueugnon\"},\"image\":{\"@id\":\"https:\/\/www.fcgueugnon.fr\/site\/#\/schema\/logo\/image\/\"},\"sameAs\":[\"http:\/\/facebook.com\/FCGueugnon\",\"https:\/\/x.com\/FCGueugnon_off\",\"https:\/\/www.instagram.com\/fcgueugnon\/\",\"https:\/\/www.linkedin.com\/company\/football-club-de-gueugnon\/\",\"https:\/\/www.youtube.com\/user\/FCGueugnonnais\",\"https:\/\/fr.wikipedia.org\/wiki\/Football_Club_de_Gueugnon\"]},{\"@type\":\"Person\",\"@id\":\"https:\/\/www.fcgueugnon.fr\/site\/#\/schema\/person\/f6444fbdd35fa731ee974c03508738fb\",\"name\":\"FC Gueugnon\",\"sameAs\":[\"https:\/\/www.fcgueugnon.fr\/site\"],\"url\":\"https:\/\/www.fcgueugnon.fr\/site\/author\/admin-antho\"}]}<\/script>\n<!-- \/ Yoast SEO plugin. -->","yoast_head_json":{"title":"[Mercato] Un renfort d'exp\u00e9rience au milieu de terrain &#8226; FOOTBALL CLUB GUEUGNON","robots":{"index":"index","follow":"follow","max-snippet":"max-snippet:-1","max-image-preview":"max-image-preview:large","max-video-preview":"max-video-preview:-1"},"canonical":"https:\/\/www.fcgueugnon.fr\/site\/mercato-un-renfort-dexperience-au-milieu-de-terrain\/494","og_locale":"fr_FR","og_type":"article","og_title":"[Mercato] Un renfort d'exp\u00e9rience au milieu de terrain &#8226; FOOTBALL CLUB GUEUGNON","og_description":"Taylor Salibur, milieu de terrain offensif en provenance de Vannes (N2), a \u00e9t\u00e9 conquis par le projet ambitieux du FC Gueugnon. Taylor Salibur, Milieu offensif &#8211; 30 ans C&rsquo;est un renfort d&rsquo;exp\u00e9rience pour le FC Gueugnon. Du haut de ses 30 ans, Taylor Salibur a connu \u00e0 plusieurs reprises le championnat National 2, notamment au ... Lire la suite","og_url":"https:\/\/www.fcgueugnon.fr\/site\/mercato-un-renfort-dexperience-au-milieu-de-terrain\/494","og_site_name":"FOOTBALL CLUB GUEUGNON","article_publisher":"http:\/\/facebook.com\/FCGueugnon","article_published_time":"2022-07-06T15:50:00+00:00","article_modified_time":"2022-08-21T19:35:38+00:00","og_image":[{"width":1024,"height":576,"url":"https:\/\/www.fcgueugnon.fr\/site\/wp-content\/uploads\/2022\/08\/Taylor-Salibur-1-1024x576.png","type":"image\/png"}],"author":"FC Gueugnon","twitter_card":"summary_large_image","twitter_creator":"@FCGueugnon_off","twitter_site":"@FCGueugnon_off","twitter_misc":{"\u00c9crit par":"FC Gueugnon"},"schema":{"@context":"https:\/\/schema.org","@graph":[{"@type":"Article","@id":"https:\/\/www.fcgueugnon.fr\/site\/mercato-un-renfort-dexperience-au-milieu-de-terrain\/494#article","isPartOf":{"@id":"https:\/\/www.fcgueugnon.fr\/site\/mercato-un-renfort-dexperience-au-milieu-de-terrain\/494"},"author":{"name":"FC Gueugnon","@id":"https:\/\/www.fcgueugnon.fr\/site\/#\/schema\/person\/f6444fbdd35fa731ee974c03508738fb"},"headline":"[Mercato] Un renfort d&rsquo;exp\u00e9rience au milieu de terrain","datePublished":"2022-07-06T15:50:00+00:00","dateModified":"2022-08-21T19:35:38+00:00","mainEntityOfPage":{"@id":"https:\/\/www.fcgueugnon.fr\/site\/mercato-un-renfort-dexperience-au-milieu-de-terrain\/494"},"wordCount":302,"publisher":{"@id":"https:\/\/www.fcgueugnon.fr\/site\/#organization"},"image":{"@id":"https:\/\/www.fcgueugnon.fr\/site\/mercato-un-renfort-dexperience-au-milieu-de-terrain\/494#primaryimage"},"thumbnailUrl":"https:\/\/www.fcgueugnon.fr\/site\/wp-content\/uploads\/2022\/08\/Taylor-Salibur-1.png","keywords":["effectif","Mercato 2022","Pr\u00e9paration - Entrainement"],"articleSection":["Archives 2022\/2023","News"],"inLanguage":"fr-FR"},{"@type":"WebPage","@id":"https:\/\/www.fcgueugnon.fr\/site\/mercato-un-renfort-dexperience-au-milieu-de-terrain\/494","url":"https:\/\/www.fcgueugnon.fr\/site\/mercato-un-renfort-dexperience-au-milieu-de-terrain\/494","name":"[Mercato] Un renfort d'exp\u00e9rience au milieu de terrain &#8226; FOOTBALL CLUB GUEUGNON","isPartOf":{"@id":"https:\/\/www.fcgueugnon.fr\/site\/#website"},"primaryImageOfPage":{"@id":"https:\/\/www.fcgueugnon.fr\/site\/mercato-un-renfort-dexperience-au-milieu-de-terrain\/494#primaryimage"},"image":{"@id":"https:\/\/www.fcgueugnon.fr\/site\/mercato-un-renfort-dexperience-au-milieu-de-terrain\/494#primaryimage"},"thumbnailUrl":"https:\/\/www.fcgueugnon.fr\/site\/wp-content\/uploads\/2022\/08\/Taylor-Salibur-1.png","datePublished":"2022-07-06T15:50:00+00:00","dateModified":"2022-08-21T19:35:38+00:00","breadcrumb":{"@id":"https:\/\/www.fcgueugnon.fr\/site\/mercato-un-renfort-dexperience-au-milieu-de-terrain\/494#breadcrumb"},"inLanguage":"fr-FR","potentialAction":[{"@type":"ReadAction","target":["https:\/\/www.fcgueugnon.fr\/site\/mercato-un-renfort-dexperience-au-milieu-de-terrain\/494"]}]},{"@type":"ImageObject","inLanguage":"fr-FR","@id":"https:\/\/www.fcgueugnon.fr\/site\/mercato-un-renfort-dexperience-au-milieu-de-terrain\/494#primaryimage","url":"https:\/\/www.fcgueugnon.fr\/site\/wp-content\/uploads\/2022\/08\/Taylor-Salibur-1.png","contentUrl":"https:\/\/www.fcgueugnon.fr\/site\/wp-content\/uploads\/2022\/08\/Taylor-Salibur-1.png","width":1366,"height":768},{"@type":"BreadcrumbList","@id":"https:\/\/www.fcgueugnon.fr\/site\/mercato-un-renfort-dexperience-au-milieu-de-terrain\/494#breadcrumb","itemListElement":[{"@type":"ListItem","position":1,"name":"Accueil","item":"https:\/\/www.fcgueugnon.fr\/site\/"},{"@type":"ListItem","position":2,"name":"[Mercato] Un renfort d&rsquo;exp\u00e9rience au milieu de terrain"}]},{"@type":"WebSite","@id":"https:\/\/www.fcgueugnon.fr\/site\/#website","url":"https:\/\/www.fcgueugnon.fr\/site\/","name":"FOOTBALL CLUB GUEUGNON","description":"Le Site Officiel des Forgerons","publisher":{"@id":"https:\/\/www.fcgueugnon.fr\/site\/#organization"},"potentialAction":[{"@type":"SearchAction","target":{"@type":"EntryPoint","urlTemplate":"https:\/\/www.fcgueugnon.fr\/site\/?s={search_term_string}"},"query-input":{"@type":"PropertyValueSpecification","valueRequired":true,"valueName":"search_term_string"}}],"inLanguage":"fr-FR"},{"@type":"Organization","@id":"https:\/\/www.fcgueugnon.fr\/site\/#organization","name":"FC Gueugnon","url":"https:\/\/www.fcgueugnon.fr\/site\/","logo":{"@type":"ImageObject","inLanguage":"fr-FR","@id":"https:\/\/www.fcgueugnon.fr\/site\/#\/schema\/logo\/image\/","url":"https:\/\/www.fcgueugnon.fr\/site\/wp-content\/uploads\/2022\/07\/cropped-Logo-FCGUEUGNON-low-350x350-1.png","contentUrl":"https:\/\/www.fcgueugnon.fr\/site\/wp-content\/uploads\/2022\/07\/cropped-Logo-FCGUEUGNON-low-350x350-1.png","width":350,"height":350,"caption":"FC Gueugnon"},"image":{"@id":"https:\/\/www.fcgueugnon.fr\/site\/#\/schema\/logo\/image\/"},"sameAs":["http:\/\/facebook.com\/FCGueugnon","https:\/\/x.com\/FCGueugnon_off","https:\/\/www.instagram.com\/fcgueugnon\/","https:\/\/www.linkedin.com\/company\/football-club-de-gueugnon\/","https:\/\/www.youtube.com\/user\/FCGueugnonnais","https:\/\/fr.wikipedia.org\/wiki\/Football_Club_de_Gueugnon"]},{"@type":"Person","@id":"https:\/\/www.fcgueugnon.fr\/site\/#\/schema\/person\/f6444fbdd35fa731ee974c03508738fb","name":"FC Gueugnon","sameAs":["https:\/\/www.fcgueugnon.fr\/site"],"url":"https:\/\/www.fcgueugnon.fr\/site\/author\/admin-antho"}]}},"rttpg_featured_image_url":{"full":["https:\/\/www.fcgueugnon.fr\/site\/wp-content\/uploads\/2022\/08\/Taylor-Salibur-1.png",1366,768,false],"landscape":["https:\/\/www.fcgueugnon.fr\/site\/wp-content\/uploads\/2022\/08\/Taylor-Salibur-1.png",1366,768,false],"portraits":["https:\/\/www.fcgueugnon.fr\/site\/wp-content\/uploads\/2022\/08\/Taylor-Salibur-1.png",1366,768,false],"thumbnail":["https:\/\/www.fcgueugnon.fr\/site\/wp-content\/uploads\/2022\/08\/Taylor-Salibur-1-150x150.png",150,150,true],"medium":["https:\/\/www.fcgueugnon.fr\/site\/wp-content\/uploads\/2022\/08\/Taylor-Salibur-1-400x225.png",400,225,true],"large":["https:\/\/www.fcgueugnon.fr\/site\/wp-content\/uploads\/2022\/08\/Taylor-Salibur-1-1024x576.png",1024,576,true],"1536x1536":["https:\/\/www.fcgueugnon.fr\/site\/wp-content\/uploads\/2022\/08\/Taylor-Salibur-1.png",1366,768,false],"2048x2048":["https:\/\/www.fcgueugnon.fr\/site\/wp-content\/uploads\/2022\/08\/Taylor-Salibur-1.png",1366,768,false]},"rttpg_author":{"display_name":"FC Gueugnon","author_link":"https:\/\/www.fcgueugnon.fr\/site\/author\/admin-antho"},"rttpg_comment":0,"rttpg_category":"<a href=\"https:\/\/www.fcgueugnon.fr\/site\/category\/news\/news-2022-2023\" rel=\"category tag\">Archives 2022\/2023<\/a> <a href=\"https:\/\/www.fcgueugnon.fr\/site\/category\/news\" rel=\"category tag\">News<\/a>","rttpg_excerpt":"Taylor Salibur, milieu de terrain offensif en provenance de Vannes (N2), a \u00e9t\u00e9 conquis par le projet ambitieux du FC Gueugnon. Taylor Salibur, Milieu offensif &#8211; 30 ans C&rsquo;est un renfort d&rsquo;exp\u00e9rience pour le FC Gueugnon. Du haut de ses 30 ans, Taylor Salibur a connu \u00e0 plusieurs reprises le championnat National 2, notamment au\u2026","_links":{"self":[{"href":"https:\/\/www.fcgueugnon.fr\/site\/wp-json\/wp\/v2\/posts\/494","targetHints":{"allow":["GET"]}}],"collection":[{"href":"https:\/\/www.fcgueugnon.fr\/site\/wp-json\/wp\/v2\/posts"}],"about":[{"href":"https:\/\/www.fcgueugnon.fr\/site\/wp-json\/wp\/v2\/types\/post"}],"author":[{"embeddable":true,"href":"https:\/\/www.fcgueugnon.fr\/site\/wp-json\/wp\/v2\/users\/1"}],"replies":[{"embeddable":true,"href":"https:\/\/www.fcgueugnon.fr\/site\/wp-json\/wp\/v2\/comments?post=494"}],"version-history":[{"count":2,"href":"https:\/\/www.fcgueugnon.fr\/site\/wp-json\/wp\/v2\/posts\/494\/revisions"}],"predecessor-version":[{"id":739,"href":"https:\/\/www.fcgueugnon.fr\/site\/wp-json\/wp\/v2\/posts\/494\/revisions\/739"}],"wp:featuredmedia":[{"embeddable":true,"href":"https:\/\/www.fcgueugnon.fr\/site\/wp-json\/wp\/v2\/media\/496"}],"wp:attachment":[{"href":"https:\/\/www.fcgueugnon.fr\/site\/wp-json\/wp\/v2\/media?parent=494"}],"wp:term":[{"taxonomy":"category","embeddable":true,"href":"https:\/\/www.fcgueugnon.fr\/site\/wp-json\/wp\/v2\/categories?post=494"},{"taxonomy":"post_tag","embeddable":true,"href":"https:\/\/www.fcgueugnon.fr\/site\/wp-json\/wp\/v2\/tags?post=494"}],"curies":[{"name":"wp","href":"https:\/\/api.w.org\/{rel}","templated":true}]}}